{"id":256212,"date":"2025-06-27T21:05:35","date_gmt":"2025-06-27T19:05:35","guid":{"rendered":"https:\/\/www.24gliwice.pl\/wiadomosci\/?p=256212"},"modified":"2025-06-27T21:05:52","modified_gmt":"2025-06-27T19:05:52","slug":"wakacje-zadbaj-o-niezapomniane-lato-dla-swojego-dziecka-polkolonie-w-gliwickiej-cechowni-czekaja","status":"publish","type":"post","link":"https:\/\/www.24gliwice.pl\/wiadomosci\/wakacje-zadbaj-o-niezapomniane-lato-dla-swojego-dziecka-polkolonie-w-gliwickiej-cechowni-czekaja\/","title":{"rendered":"Wakacje! Zadbaj o niezapomniane lato dla swojego dziecka \u2013 p\u00f3\u0142kolonie w gliwickiej Cechowni czekaj\u0105!"},"content":{"rendered":"<h2>Rozpoczynaj\u0105 si\u0119 wakacje \u2013 d\u0142ugo wyczekiwany czas odpoczynku, rado\u015bci i letnich przyg\u00f3d. To idealny moment, by zaplanowa\u0107 ciekawe i warto\u015bciowe zaj\u0119cia dla dzieci, kt\u00f3re nie tylko zapewni\u0105 im \u015bwietn\u0105 zabaw\u0119, ale tak\u017ce pozwol\u0105 rozwija\u0107 pasje i sp\u0119dza\u0107 czas w gronie r\u00f3wie\u015bnik\u00f3w.<\/h2>\n<p><!--more--><\/p>\n<p>Je\u015bli szukasz bezpiecznej, kreatywnej i pe\u0142nej atrakcji formy opieki nad dzieckiem w czasie wakacji, postaw na p\u00f3\u0142kolonie w <b>Cechowni<\/b>!<\/p>\n<h3>Ultra P\u00f3lkolonie na kortach Ultra Padel \u2013 sportowe emocje na najwy\u017cszym poziomie<\/h3>\n<p>Dla m\u0142odych mi\u0142o\u015bnik\u00f3w aktywno\u015bci fizycznej idealnym wyborem b\u0119d\u0105 <b>Ultra p\u00f3\u0142kolonie z Espanol\u0105<\/b> na kortach Ultra Padel. To intensywny tydzie\u0144 pe\u0142en sportowych wyzwa\u0144, trening\u00f3w padla \u2013 jednej z najszybciej rozwijaj\u0105cych si\u0119 dyscyplin w Polsce \u2013 a tak\u017ce gier zespo\u0142owych, zabaw ruchowych i zaj\u0119\u0107 na \u015bwie\u017cym powietrzu. Profesjonalni trenerzy zadbaj\u0105 o bezpiecze\u0144stwo, motywacj\u0119 i dobr\u0105 atmosfer\u0119, a dzieci wr\u00f3c\u0105 do domu z u\u015bmiechem, nowymi umiej\u0119tno\u015bciami i mn\u00f3stwem pozytywnej energii.<\/p>\n<p><img loading=\"lazy\" decoding=\"async\" src=\"https:\/\/www.24gliwice.pl\/wiadomosci\/wp-content\/uploads\/2025\/06\/polkolonie-ultrapadel.jpg\" alt=\"\" width=\"554\" height=\"786\" class=\"aligncenter size-full wp-image-256219\" srcset=\"https:\/\/www.24gliwice.pl\/wiadomosci\/wp-content\/uploads\/2025\/06\/polkolonie-ultrapadel.jpg 554w, https:\/\/www.24gliwice.pl\/wiadomosci\/wp-content\/uploads\/2025\/06\/polkolonie-ultrapadel-164x232.jpg 164w, https:\/\/www.24gliwice.pl\/wiadomosci\/wp-content\/uploads\/2025\/06\/polkolonie-ultrapadel-321x455.jpg 321w\" sizes=\"auto, (max-width: 554px) 100vw, 554px\" \/><\/p>\n<h3>Akademia EMT-Kids \u2013 rozw\u00f3j przez zabaw\u0119 i przygod\u0119<\/h3>\n<p>Je\u015bli Twoje dziecko lubi tw\u00f3rcze wyzwania, eksperymenty i zabawy rozwijaj\u0105ce wyobra\u017ani\u0119 \u2013 postaw na warsztaty organizowane przez <b>Akademi\u0119 EMT-Kids<\/b>. To p\u00f3\u0142kolonie pe\u0142ne przyg\u00f3d, kreatywnych zaj\u0119\u0107 i fascynuj\u0105cych eksperyment\u00f3w naukowych, kt\u00f3re ucz\u0105 poprzez zabaw\u0119. Dzieci b\u0119d\u0105 odkrywa\u0107 \u015bwiat, budowa\u0107, konstruowa\u0107, rozwi\u0105zywa\u0107 zagadki i wsp\u00f3\u0142pracowa\u0107 w grupie \u2013 a wszystko to pod okiem do\u015bwiadczonych pedagog\u00f3w i animator\u00f3w.<\/p>\n<p><img loading=\"lazy\" decoding=\"async\" src=\"https:\/\/www.24gliwice.pl\/wiadomosci\/wp-content\/uploads\/2025\/06\/EMT-Kids.webp\" alt=\"\" width=\"810\" height=\"502\" class=\"aligncenter size-full wp-image-256220\" srcset=\"https:\/\/www.24gliwice.pl\/wiadomosci\/wp-content\/uploads\/2025\/06\/EMT-Kids.webp 810w, https:\/\/www.24gliwice.pl\/wiadomosci\/wp-content\/uploads\/2025\/06\/EMT-Kids-374x232.webp 374w, https:\/\/www.24gliwice.pl\/wiadomosci\/wp-content\/uploads\/2025\/06\/EMT-Kids-734x455.webp 734w, https:\/\/www.24gliwice.pl\/wiadomosci\/wp-content\/uploads\/2025\/06\/EMT-Kids-768x476.webp 768w\" sizes=\"auto, (max-width: 810px) 100vw, 810px\" \/><\/p>\n<h3>Zdrowo, smacznie i z energi\u0105 na ca\u0142y dzie\u0144<\/h3>\n<p>Ka\u017cdego dnia uczestnicy p\u00f3\u0142kolonii w Cechowni otrzymuj\u0105 <b>dwa pe\u0142nowarto\u015bciowe posi\u0142ki<\/b> \u2013 \u015bniadanie i obiad, przygotowywane z my\u015bl\u0105 o potrzebach najm\u0142odszych. Zbilansowana dieta to podstawa udanego dnia pe\u0142nego aktywno\u015bci i dobrej zabawy.<\/p>\n<p>Nie pozw\u00f3l, by Twoje dziecko sp\u0119dzi\u0142o wakacje przed ekranem. Zadbaj o jego rozw\u00f3j, zdrowie i dobr\u0105 zabaw\u0119 \u2013 <b>zapisy na p\u00f3\u0142kolonie w Cechowni ju\u017c trwaj\u0105!<\/b> Liczba miejsc jest ograniczona, dlatego warto dzia\u0142a\u0107 szybko.<\/p>\n<p><b>Wakacje to przygoda \u2013 niech zaczn\u0105 si\u0119 ju\u017c jutro!<\/b> <\/p>\n<p>Po wi\u0119cej informacji zapraszamy na strony internetowe: <\/p>\n<p>P\u00f3\u0142kolonie na kortach Ultra Padel: <a href=\"https:\/\/www.fundacjaespanola.pl\/ultrapolkoloniezespanola\" target=\"_blank\">https:\/\/www.fundacjaespanola.pl\/ultrapolkoloniezespanola<\/a><\/p>\n<p>Akademia EMT-Kids: <a href=\"https:\/\/kids.emt-systems.pl\/\" target=\"_blank\">https:\/\/kids.emt-systems.pl\/ <\/a><\/p>\n<p><small>materia\u0142 partnera<\/small><\/p>\n","protected":false},"excerpt":{"rendered":"<p>Rozpoczynaj\u0105 si\u0119 wakacje \u2013 d\u0142ugo wyczekiwany czas odpoczynku, rado\u015bci i letnich przyg\u00f3d. To idealny moment, by zaplanowa\u0107 ciekawe i warto\u015bciowe zaj\u0119cia dla dzieci, kt\u00f3re nie tylko zapewni\u0105 im \u015bwietn\u0105 zabaw\u0119, ale tak\u017ce pozwol\u0105 rozwija\u0107 pasje i sp\u0119dza\u0107 czas w gronie r\u00f3wie\u015bnik\u00f3w.<\/p>\n","protected":false},"author":4,"featured_media":256218,"comment_status":"closed","ping_status":"closed","sticky":false,"template":"","format":"standard","meta":{"_monsterinsights_skip_tracking":false,"_monsterinsights_sitenote_active":false,"_monsterinsights_sitenote_note":"","_monsterinsights_sitenote_category":0,"footnotes":"","_links_to":"","_links_to_target":""},"categories":[3,6,1,1129],"tags":[20779,11187,7857],"class_list":["post-256212","post","type-post","status-publish","format-standard","has-post-thumbnail","hentry","category-gliwice","category-kultura","category-wszystko","category-polecamy","tag-cechownia","tag-polkolonie","tag-wakacje"],"yoast_head":"<!-- This site is optimized with the Yoast SEO plugin v27.5 - https:\/\/yoast.com\/product\/yoast-seo-wordpress\/ -->\n<title>Wakacje! Zadbaj o niezapomniane lato dla swojego dziecka \u2013 p\u00f3\u0142kolonie w gliwickiej Cechowni czekaj\u0105! - 24GLIWICE - Portal Gliwice | codziennie nowe informacje<\/title>\n<meta name=\"robots\" content=\"index, follow, max-snippet:-1, max-image-preview:large, max-video-preview:-1\" \/>\n<link rel=\"canonical\" href=\"https:\/\/www.24gliwice.pl\/wiadomosci\/wakacje-zadbaj-o-niezapomniane-lato-dla-swojego-dziecka-polkolonie-w-gliwickiej-cechowni-czekaja\/\" \/>\n<meta property=\"og:locale\" content=\"pl_PL\" \/>\n<meta property=\"og:type\" content=\"article\" \/>\n<meta property=\"og:title\" content=\"Wakacje! Zadbaj o niezapomniane lato dla swojego dziecka \u2013 p\u00f3\u0142kolonie w gliwickiej Cechowni czekaj\u0105! - 24GLIWICE - Portal Gliwice | codziennie nowe informacje\" \/>\n<meta property=\"og:description\" content=\"Rozpoczynaj\u0105 si\u0119 wakacje \u2013 d\u0142ugo wyczekiwany czas odpoczynku, rado\u015bci i letnich przyg\u00f3d. To idealny moment, by zaplanowa\u0107 ciekawe i warto\u015bciowe zaj\u0119cia dla dzieci, kt\u00f3re nie tylko zapewni\u0105 im \u015bwietn\u0105 zabaw\u0119, ale tak\u017ce pozwol\u0105 rozwija\u0107 pasje i sp\u0119dza\u0107 czas w gronie r\u00f3wie\u015bnik\u00f3w.\" \/>\n<meta property=\"og:url\" content=\"https:\/\/www.24gliwice.pl\/wiadomosci\/wakacje-zadbaj-o-niezapomniane-lato-dla-swojego-dziecka-polkolonie-w-gliwickiej-cechowni-czekaja\/\" \/>\n<meta property=\"og:site_name\" content=\"24GLIWICE - Portal Gliwice | codziennie nowe informacje\" \/>\n<meta property=\"article:publisher\" content=\"https:\/\/www.facebook.com\/24gliwice\" \/>\n<meta property=\"article:author\" content=\"https:\/\/www.facebook.com\/marcin.fabrykowski\" \/>\n<meta property=\"article:published_time\" content=\"2025-06-27T19:05:35+00:00\" \/>\n<meta property=\"article:modified_time\" content=\"2025-06-27T19:05:52+00:00\" \/>\n<meta property=\"og:image\" content=\"https:\/\/www.24gliwice.pl\/wiadomosci\/wp-content\/uploads\/2025\/06\/wakacje-cechownia.jpg\" \/>\n\t<meta property=\"og:image:width\" content=\"1600\" \/>\n\t<meta property=\"og:image:height\" content=\"700\" \/>\n\t<meta property=\"og:image:type\" content=\"image\/jpeg\" \/>\n<meta name=\"author\" content=\"Marcin Fabrykowski\" \/>\n<meta name=\"twitter:card\" content=\"summary_large_image\" \/>\n<meta name=\"twitter:creator\" content=\"@24gliwice\" \/>\n<meta name=\"twitter:site\" content=\"@24gliwice\" \/>\n<meta name=\"twitter:label1\" content=\"Napisane przez\" \/>\n\t<meta name=\"twitter:data1\" content=\"Marcin Fabrykowski\" \/>\n\t<meta name=\"twitter:label2\" content=\"Szacowany czas czytania\" \/>\n\t<meta name=\"twitter:data2\" content=\"2 minuty\" \/>\n<script type=\"application\/ld+json\" class=\"yoast-schema-graph\">{\"@context\":\"https:\\\/\\\/schema.org\",\"@graph\":[{\"@type\":\"Article\",\"@id\":\"https:\\\/\\\/www.24gliwice.pl\\\/wiadomosci\\\/wakacje-zadbaj-o-niezapomniane-lato-dla-swojego-dziecka-polkolonie-w-gliwickiej-cechowni-czekaja\\\/#article\",\"isPartOf\":{\"@id\":\"https:\\\/\\\/www.24gliwice.pl\\\/wiadomosci\\\/wakacje-zadbaj-o-niezapomniane-lato-dla-swojego-dziecka-polkolonie-w-gliwickiej-cechowni-czekaja\\\/\"},\"author\":{\"name\":\"Marcin Fabrykowski\",\"@id\":\"https:\\\/\\\/www.24gliwice.pl\\\/wiadomosci\\\/#\\\/schema\\\/person\\\/cb5857e4a4d048c15984c1edcc8ef0c0\"},\"headline\":\"Wakacje! Zadbaj o niezapomniane lato dla swojego dziecka \u2013 p\u00f3\u0142kolonie w gliwickiej Cechowni czekaj\u0105!\",\"datePublished\":\"2025-06-27T19:05:35+00:00\",\"dateModified\":\"2025-06-27T19:05:52+00:00\",\"mainEntityOfPage\":{\"@id\":\"https:\\\/\\\/www.24gliwice.pl\\\/wiadomosci\\\/wakacje-zadbaj-o-niezapomniane-lato-dla-swojego-dziecka-polkolonie-w-gliwickiej-cechowni-czekaja\\\/\"},\"wordCount\":382,\"publisher\":{\"@id\":\"https:\\\/\\\/www.24gliwice.pl\\\/wiadomosci\\\/#organization\"},\"image\":{\"@id\":\"https:\\\/\\\/www.24gliwice.pl\\\/wiadomosci\\\/wakacje-zadbaj-o-niezapomniane-lato-dla-swojego-dziecka-polkolonie-w-gliwickiej-cechowni-czekaja\\\/#primaryimage\"},\"thumbnailUrl\":\"https:\\\/\\\/www.24gliwice.pl\\\/wiadomosci\\\/wp-content\\\/uploads\\\/2025\\\/06\\\/wakacje-cechownia.jpg\",\"keywords\":[\"cechownia\",\"p\u00f3\u0142kolonie\",\"WAKACJE\"],\"articleSection\":[\"Gliwice\",\"Kultura, wydarzenia, imprezy\",\"Najnowsze wiadomo\u015bci\",\"Polecamy\"],\"inLanguage\":\"pl-PL\"},{\"@type\":\"WebPage\",\"@id\":\"https:\\\/\\\/www.24gliwice.pl\\\/wiadomosci\\\/wakacje-zadbaj-o-niezapomniane-lato-dla-swojego-dziecka-polkolonie-w-gliwickiej-cechowni-czekaja\\\/\",\"url\":\"https:\\\/\\\/www.24gliwice.pl\\\/wiadomosci\\\/wakacje-zadbaj-o-niezapomniane-lato-dla-swojego-dziecka-polkolonie-w-gliwickiej-cechowni-czekaja\\\/\",\"name\":\"Wakacje! Zadbaj o niezapomniane lato dla swojego dziecka \u2013 p\u00f3\u0142kolonie w gliwickiej Cechowni czekaj\u0105! - 24GLIWICE - Portal Gliwice | codziennie nowe informacje\",\"isPartOf\":{\"@id\":\"https:\\\/\\\/www.24gliwice.pl\\\/wiadomosci\\\/#website\"},\"primaryImageOfPage\":{\"@id\":\"https:\\\/\\\/www.24gliwice.pl\\\/wiadomosci\\\/wakacje-zadbaj-o-niezapomniane-lato-dla-swojego-dziecka-polkolonie-w-gliwickiej-cechowni-czekaja\\\/#primaryimage\"},\"image\":{\"@id\":\"https:\\\/\\\/www.24gliwice.pl\\\/wiadomosci\\\/wakacje-zadbaj-o-niezapomniane-lato-dla-swojego-dziecka-polkolonie-w-gliwickiej-cechowni-czekaja\\\/#primaryimage\"},\"thumbnailUrl\":\"https:\\\/\\\/www.24gliwice.pl\\\/wiadomosci\\\/wp-content\\\/uploads\\\/2025\\\/06\\\/wakacje-cechownia.jpg\",\"datePublished\":\"2025-06-27T19:05:35+00:00\",\"dateModified\":\"2025-06-27T19:05:52+00:00\",\"breadcrumb\":{\"@id\":\"https:\\\/\\\/www.24gliwice.pl\\\/wiadomosci\\\/wakacje-zadbaj-o-niezapomniane-lato-dla-swojego-dziecka-polkolonie-w-gliwickiej-cechowni-czekaja\\\/#breadcrumb\"},\"inLanguage\":\"pl-PL\",\"potentialAction\":[{\"@type\":\"ReadAction\",\"target\":[\"https:\\\/\\\/www.24gliwice.pl\\\/wiadomosci\\\/wakacje-zadbaj-o-niezapomniane-lato-dla-swojego-dziecka-polkolonie-w-gliwickiej-cechowni-czekaja\\\/\"]}]},{\"@type\":\"ImageObject\",\"inLanguage\":\"pl-PL\",\"@id\":\"https:\\\/\\\/www.24gliwice.pl\\\/wiadomosci\\\/wakacje-zadbaj-o-niezapomniane-lato-dla-swojego-dziecka-polkolonie-w-gliwickiej-cechowni-czekaja\\\/#primaryimage\",\"url\":\"https:\\\/\\\/www.24gliwice.pl\\\/wiadomosci\\\/wp-content\\\/uploads\\\/2025\\\/06\\\/wakacje-cechownia.jpg\",\"contentUrl\":\"https:\\\/\\\/www.24gliwice.pl\\\/wiadomosci\\\/wp-content\\\/uploads\\\/2025\\\/06\\\/wakacje-cechownia.jpg\",\"width\":1600,\"height\":700},{\"@type\":\"BreadcrumbList\",\"@id\":\"https:\\\/\\\/www.24gliwice.pl\\\/wiadomosci\\\/wakacje-zadbaj-o-niezapomniane-lato-dla-swojego-dziecka-polkolonie-w-gliwickiej-cechowni-czekaja\\\/#breadcrumb\",\"itemListElement\":[{\"@type\":\"ListItem\",\"position\":1,\"name\":\"Strona g\u0142\u00f3wna\",\"item\":\"https:\\\/\\\/www.24gliwice.pl\\\/wiadomosci\\\/\"},{\"@type\":\"ListItem\",\"position\":2,\"name\":\"Wakacje! Zadbaj o niezapomniane lato dla swojego dziecka \u2013 p\u00f3\u0142kolonie w gliwickiej Cechowni czekaj\u0105!\"}]},{\"@type\":\"WebSite\",\"@id\":\"https:\\\/\\\/www.24gliwice.pl\\\/wiadomosci\\\/#website\",\"url\":\"https:\\\/\\\/www.24gliwice.pl\\\/wiadomosci\\\/\",\"name\":\"24GLIWICE - Portal Gliwice | codziennie nowe wiadomo\u015bci\",\"description\":\"Portal Miejski Gliwice\",\"publisher\":{\"@id\":\"https:\\\/\\\/www.24gliwice.pl\\\/wiadomosci\\\/#organization\"},\"potentialAction\":[{\"@type\":\"SearchAction\",\"target\":{\"@type\":\"EntryPoint\",\"urlTemplate\":\"https:\\\/\\\/www.24gliwice.pl\\\/wiadomosci\\\/?s={search_term_string}\"},\"query-input\":{\"@type\":\"PropertyValueSpecification\",\"valueRequired\":true,\"valueName\":\"search_term_string\"}}],\"inLanguage\":\"pl-PL\"},{\"@type\":\"Organization\",\"@id\":\"https:\\\/\\\/www.24gliwice.pl\\\/wiadomosci\\\/#organization\",\"name\":\"24gliwice\",\"url\":\"https:\\\/\\\/www.24gliwice.pl\\\/wiadomosci\\\/\",\"logo\":{\"@type\":\"ImageObject\",\"inLanguage\":\"pl-PL\",\"@id\":\"https:\\\/\\\/www.24gliwice.pl\\\/wiadomosci\\\/#\\\/schema\\\/logo\\\/image\\\/\",\"url\":\"https:\\\/\\\/www.24gliwice.pl\\\/wiadomosci\\\/wp-content\\\/uploads\\\/2024\\\/10\\\/24gliwice-logo-696.jpg\",\"contentUrl\":\"https:\\\/\\\/www.24gliwice.pl\\\/wiadomosci\\\/wp-content\\\/uploads\\\/2024\\\/10\\\/24gliwice-logo-696.jpg\",\"width\":696,\"height\":696,\"caption\":\"24gliwice\"},\"image\":{\"@id\":\"https:\\\/\\\/www.24gliwice.pl\\\/wiadomosci\\\/#\\\/schema\\\/logo\\\/image\\\/\"},\"sameAs\":[\"https:\\\/\\\/www.facebook.com\\\/24gliwice\",\"https:\\\/\\\/x.com\\\/24gliwice\",\"https:\\\/\\\/www.youtube.com\\\/@24gliwice\"]},{\"@type\":\"Person\",\"@id\":\"https:\\\/\\\/www.24gliwice.pl\\\/wiadomosci\\\/#\\\/schema\\\/person\\\/cb5857e4a4d048c15984c1edcc8ef0c0\",\"name\":\"Marcin Fabrykowski\",\"image\":{\"@type\":\"ImageObject\",\"inLanguage\":\"pl-PL\",\"@id\":\"https:\\\/\\\/www.24gliwice.pl\\\/wiadomosci\\\/wp-content\\\/uploads\\\/2025\\\/11\\\/zdjecie-moje-marcin-300-96x96.jpg\",\"url\":\"https:\\\/\\\/www.24gliwice.pl\\\/wiadomosci\\\/wp-content\\\/uploads\\\/2025\\\/11\\\/zdjecie-moje-marcin-300-96x96.jpg\",\"contentUrl\":\"https:\\\/\\\/www.24gliwice.pl\\\/wiadomosci\\\/wp-content\\\/uploads\\\/2025\\\/11\\\/zdjecie-moje-marcin-300-96x96.jpg\",\"caption\":\"Marcin Fabrykowski\"},\"sameAs\":[\"http:\\\/\\\/24gliwice.pl\",\"https:\\\/\\\/www.facebook.com\\\/marcin.fabrykowski\"],\"url\":\"https:\\\/\\\/www.24gliwice.pl\\\/wiadomosci\\\/author\\\/marcin-fabrykowski\\\/\"}]}<\/script>\n<!-- \/ Yoast SEO plugin. -->","yoast_head_json":{"title":"Wakacje! Zadbaj o niezapomniane lato dla swojego dziecka \u2013 p\u00f3\u0142kolonie w gliwickiej Cechowni czekaj\u0105! - 24GLIWICE - Portal Gliwice | codziennie nowe informacje","robots":{"index":"index","follow":"follow","max-snippet":"max-snippet:-1","max-image-preview":"max-image-preview:large","max-video-preview":"max-video-preview:-1"},"canonical":"https:\/\/www.24gliwice.pl\/wiadomosci\/wakacje-zadbaj-o-niezapomniane-lato-dla-swojego-dziecka-polkolonie-w-gliwickiej-cechowni-czekaja\/","og_locale":"pl_PL","og_type":"article","og_title":"Wakacje! Zadbaj o niezapomniane lato dla swojego dziecka \u2013 p\u00f3\u0142kolonie w gliwickiej Cechowni czekaj\u0105! - 24GLIWICE - Portal Gliwice | codziennie nowe informacje","og_description":"Rozpoczynaj\u0105 si\u0119 wakacje \u2013 d\u0142ugo wyczekiwany czas odpoczynku, rado\u015bci i letnich przyg\u00f3d. To idealny moment, by zaplanowa\u0107 ciekawe i warto\u015bciowe zaj\u0119cia dla dzieci, kt\u00f3re nie tylko zapewni\u0105 im \u015bwietn\u0105 zabaw\u0119, ale tak\u017ce pozwol\u0105 rozwija\u0107 pasje i sp\u0119dza\u0107 czas w gronie r\u00f3wie\u015bnik\u00f3w.","og_url":"https:\/\/www.24gliwice.pl\/wiadomosci\/wakacje-zadbaj-o-niezapomniane-lato-dla-swojego-dziecka-polkolonie-w-gliwickiej-cechowni-czekaja\/","og_site_name":"24GLIWICE - Portal Gliwice | codziennie nowe informacje","article_publisher":"https:\/\/www.facebook.com\/24gliwice","article_author":"https:\/\/www.facebook.com\/marcin.fabrykowski","article_published_time":"2025-06-27T19:05:35+00:00","article_modified_time":"2025-06-27T19:05:52+00:00","og_image":[{"width":1600,"height":700,"url":"https:\/\/www.24gliwice.pl\/wiadomosci\/wp-content\/uploads\/2025\/06\/wakacje-cechownia.jpg","type":"image\/jpeg"}],"author":"Marcin Fabrykowski","twitter_card":"summary_large_image","twitter_creator":"@24gliwice","twitter_site":"@24gliwice","twitter_misc":{"Napisane przez":"Marcin Fabrykowski","Szacowany czas czytania":"2 minuty"},"schema":{"@context":"https:\/\/schema.org","@graph":[{"@type":"Article","@id":"https:\/\/www.24gliwice.pl\/wiadomosci\/wakacje-zadbaj-o-niezapomniane-lato-dla-swojego-dziecka-polkolonie-w-gliwickiej-cechowni-czekaja\/#article","isPartOf":{"@id":"https:\/\/www.24gliwice.pl\/wiadomosci\/wakacje-zadbaj-o-niezapomniane-lato-dla-swojego-dziecka-polkolonie-w-gliwickiej-cechowni-czekaja\/"},"author":{"name":"Marcin Fabrykowski","@id":"https:\/\/www.24gliwice.pl\/wiadomosci\/#\/schema\/person\/cb5857e4a4d048c15984c1edcc8ef0c0"},"headline":"Wakacje! Zadbaj o niezapomniane lato dla swojego dziecka \u2013 p\u00f3\u0142kolonie w gliwickiej Cechowni czekaj\u0105!","datePublished":"2025-06-27T19:05:35+00:00","dateModified":"2025-06-27T19:05:52+00:00","mainEntityOfPage":{"@id":"https:\/\/www.24gliwice.pl\/wiadomosci\/wakacje-zadbaj-o-niezapomniane-lato-dla-swojego-dziecka-polkolonie-w-gliwickiej-cechowni-czekaja\/"},"wordCount":382,"publisher":{"@id":"https:\/\/www.24gliwice.pl\/wiadomosci\/#organization"},"image":{"@id":"https:\/\/www.24gliwice.pl\/wiadomosci\/wakacje-zadbaj-o-niezapomniane-lato-dla-swojego-dziecka-polkolonie-w-gliwickiej-cechowni-czekaja\/#primaryimage"},"thumbnailUrl":"https:\/\/www.24gliwice.pl\/wiadomosci\/wp-content\/uploads\/2025\/06\/wakacje-cechownia.jpg","keywords":["cechownia","p\u00f3\u0142kolonie","WAKACJE"],"articleSection":["Gliwice","Kultura, wydarzenia, imprezy","Najnowsze wiadomo\u015bci","Polecamy"],"inLanguage":"pl-PL"},{"@type":"WebPage","@id":"https:\/\/www.24gliwice.pl\/wiadomosci\/wakacje-zadbaj-o-niezapomniane-lato-dla-swojego-dziecka-polkolonie-w-gliwickiej-cechowni-czekaja\/","url":"https:\/\/www.24gliwice.pl\/wiadomosci\/wakacje-zadbaj-o-niezapomniane-lato-dla-swojego-dziecka-polkolonie-w-gliwickiej-cechowni-czekaja\/","name":"Wakacje! Zadbaj o niezapomniane lato dla swojego dziecka \u2013 p\u00f3\u0142kolonie w gliwickiej Cechowni czekaj\u0105! - 24GLIWICE - Portal Gliwice | codziennie nowe informacje","isPartOf":{"@id":"https:\/\/www.24gliwice.pl\/wiadomosci\/#website"},"primaryImageOfPage":{"@id":"https:\/\/www.24gliwice.pl\/wiadomosci\/wakacje-zadbaj-o-niezapomniane-lato-dla-swojego-dziecka-polkolonie-w-gliwickiej-cechowni-czekaja\/#primaryimage"},"image":{"@id":"https:\/\/www.24gliwice.pl\/wiadomosci\/wakacje-zadbaj-o-niezapomniane-lato-dla-swojego-dziecka-polkolonie-w-gliwickiej-cechowni-czekaja\/#primaryimage"},"thumbnailUrl":"https:\/\/www.24gliwice.pl\/wiadomosci\/wp-content\/uploads\/2025\/06\/wakacje-cechownia.jpg","datePublished":"2025-06-27T19:05:35+00:00","dateModified":"2025-06-27T19:05:52+00:00","breadcrumb":{"@id":"https:\/\/www.24gliwice.pl\/wiadomosci\/wakacje-zadbaj-o-niezapomniane-lato-dla-swojego-dziecka-polkolonie-w-gliwickiej-cechowni-czekaja\/#breadcrumb"},"inLanguage":"pl-PL","potentialAction":[{"@type":"ReadAction","target":["https:\/\/www.24gliwice.pl\/wiadomosci\/wakacje-zadbaj-o-niezapomniane-lato-dla-swojego-dziecka-polkolonie-w-gliwickiej-cechowni-czekaja\/"]}]},{"@type":"ImageObject","inLanguage":"pl-PL","@id":"https:\/\/www.24gliwice.pl\/wiadomosci\/wakacje-zadbaj-o-niezapomniane-lato-dla-swojego-dziecka-polkolonie-w-gliwickiej-cechowni-czekaja\/#primaryimage","url":"https:\/\/www.24gliwice.pl\/wiadomosci\/wp-content\/uploads\/2025\/06\/wakacje-cechownia.jpg","contentUrl":"https:\/\/www.24gliwice.pl\/wiadomosci\/wp-content\/uploads\/2025\/06\/wakacje-cechownia.jpg","width":1600,"height":700},{"@type":"BreadcrumbList","@id":"https:\/\/www.24gliwice.pl\/wiadomosci\/wakacje-zadbaj-o-niezapomniane-lato-dla-swojego-dziecka-polkolonie-w-gliwickiej-cechowni-czekaja\/#breadcrumb","itemListElement":[{"@type":"ListItem","position":1,"name":"Strona g\u0142\u00f3wna","item":"https:\/\/www.24gliwice.pl\/wiadomosci\/"},{"@type":"ListItem","position":2,"name":"Wakacje! Zadbaj o niezapomniane lato dla swojego dziecka \u2013 p\u00f3\u0142kolonie w gliwickiej Cechowni czekaj\u0105!"}]},{"@type":"WebSite","@id":"https:\/\/www.24gliwice.pl\/wiadomosci\/#website","url":"https:\/\/www.24gliwice.pl\/wiadomosci\/","name":"24GLIWICE - Portal Gliwice | codziennie nowe wiadomo\u015bci","description":"Portal Miejski Gliwice","publisher":{"@id":"https:\/\/www.24gliwice.pl\/wiadomosci\/#organization"},"potentialAction":[{"@type":"SearchAction","target":{"@type":"EntryPoint","urlTemplate":"https:\/\/www.24gliwice.pl\/wiadomosci\/?s={search_term_string}"},"query-input":{"@type":"PropertyValueSpecification","valueRequired":true,"valueName":"search_term_string"}}],"inLanguage":"pl-PL"},{"@type":"Organization","@id":"https:\/\/www.24gliwice.pl\/wiadomosci\/#organization","name":"24gliwice","url":"https:\/\/www.24gliwice.pl\/wiadomosci\/","logo":{"@type":"ImageObject","inLanguage":"pl-PL","@id":"https:\/\/www.24gliwice.pl\/wiadomosci\/#\/schema\/logo\/image\/","url":"https:\/\/www.24gliwice.pl\/wiadomosci\/wp-content\/uploads\/2024\/10\/24gliwice-logo-696.jpg","contentUrl":"https:\/\/www.24gliwice.pl\/wiadomosci\/wp-content\/uploads\/2024\/10\/24gliwice-logo-696.jpg","width":696,"height":696,"caption":"24gliwice"},"image":{"@id":"https:\/\/www.24gliwice.pl\/wiadomosci\/#\/schema\/logo\/image\/"},"sameAs":["https:\/\/www.facebook.com\/24gliwice","https:\/\/x.com\/24gliwice","https:\/\/www.youtube.com\/@24gliwice"]},{"@type":"Person","@id":"https:\/\/www.24gliwice.pl\/wiadomosci\/#\/schema\/person\/cb5857e4a4d048c15984c1edcc8ef0c0","name":"Marcin Fabrykowski","image":{"@type":"ImageObject","inLanguage":"pl-PL","@id":"https:\/\/www.24gliwice.pl\/wiadomosci\/wp-content\/uploads\/2025\/11\/zdjecie-moje-marcin-300-96x96.jpg","url":"https:\/\/www.24gliwice.pl\/wiadomosci\/wp-content\/uploads\/2025\/11\/zdjecie-moje-marcin-300-96x96.jpg","contentUrl":"https:\/\/www.24gliwice.pl\/wiadomosci\/wp-content\/uploads\/2025\/11\/zdjecie-moje-marcin-300-96x96.jpg","caption":"Marcin Fabrykowski"},"sameAs":["http:\/\/24gliwice.pl","https:\/\/www.facebook.com\/marcin.fabrykowski"],"url":"https:\/\/www.24gliwice.pl\/wiadomosci\/author\/marcin-fabrykowski\/"}]}},"_links":{"self":[{"href":"https:\/\/www.24gliwice.pl\/wiadomosci\/wp-json\/wp\/v2\/posts\/256212","targetHints":{"allow":["GET"]}}],"collection":[{"href":"https:\/\/www.24gliwice.pl\/wiadomosci\/wp-json\/wp\/v2\/posts"}],"about":[{"href":"https:\/\/www.24gliwice.pl\/wiadomosci\/wp-json\/wp\/v2\/types\/post"}],"author":[{"embeddable":true,"href":"https:\/\/www.24gliwice.pl\/wiadomosci\/wp-json\/wp\/v2\/users\/4"}],"replies":[{"embeddable":true,"href":"https:\/\/www.24gliwice.pl\/wiadomosci\/wp-json\/wp\/v2\/comments?post=256212"}],"version-history":[{"count":0,"href":"https:\/\/www.24gliwice.pl\/wiadomosci\/wp-json\/wp\/v2\/posts\/256212\/revisions"}],"wp:featuredmedia":[{"embeddable":true,"href":"https:\/\/www.24gliwice.pl\/wiadomosci\/wp-json\/wp\/v2\/media\/256218"}],"wp:attachment":[{"href":"https:\/\/www.24gliwice.pl\/wiadomosci\/wp-json\/wp\/v2\/media?parent=256212"}],"wp:term":[{"taxonomy":"category","embeddable":true,"href":"https:\/\/www.24gliwice.pl\/wiadomosci\/wp-json\/wp\/v2\/categories?post=256212"},{"taxonomy":"post_tag","embeddable":true,"href":"https:\/\/www.24gliwice.pl\/wiadomosci\/wp-json\/wp\/v2\/tags?post=256212"}],"curies":[{"name":"wp","href":"https:\/\/api.w.org\/{rel}","templated":true}]}}