{"id":256222,"date":"2025-06-28T10:15:02","date_gmt":"2025-06-28T08:15:02","guid":{"rendered":"https:\/\/www.24gliwice.pl\/wiadomosci\/?p=256222"},"modified":"2025-06-28T15:08:00","modified_gmt":"2025-06-28T13:08:00","slug":"w-jeden-dzien-dookola-swiata-family-day-2025-w-kirchhoff-polska","status":"publish","type":"post","link":"https:\/\/www.24gliwice.pl\/wiadomosci\/w-jeden-dzien-dookola-swiata-family-day-2025-w-kirchhoff-polska\/","title":{"rendered":"W jeden dzie\u0144 dooko\u0142a \u015bwiata \u2013 Family Day 2025 w KIRCHHOFF Polska"},"content":{"rendered":"<h2>14 czerwca, zak\u0142ad KIRCHHOFF Polska Sp. z o.o. przy ul. Nobla 3 w Gliwicach po raz kolejny go\u015bci\u0142 pracownik\u00f3w i ich rodziny na corocznym pikniku rodzinnym \u2013 Family Day. Tegoroczna edycja, zorganizowana na terenie restauracji Chata Polaka, odby\u0142a si\u0119 pod has\u0142em \u201eW jeden dzie\u0144 dooko\u0142a \u015bwiata\u201d i by\u0142a prawdziw\u0105 podr\u00f3\u017c\u0105 przez smaki, kultury i wsp\u00f3ln\u0105 zabaw\u0119.<\/h2>\n<p><!--more--><\/p>\n<p>Opr\u00f3cz pysznego pocz\u0119stunku, w kt\u00f3rym nie zabrak\u0142o klasyki \u2013 grillowanych da\u0144 i przek\u0105sek \u2013 uczestnicy mogli spr\u00f3bowa\u0107 specjalnie przygotowanych potraw inspirowanych kuchniami r\u00f3\u017cnych kraj\u00f3w. Degustacja smak\u00f3w z ca\u0142ego \u015bwiata cieszy\u0142a si\u0119 ogromnym zainteresowaniem i by\u0142a kulinarnym hitem dnia.<\/p>\n<p>Dla najm\u0142odszych go\u015bci przygotowano szereg atrakcji \u2013 konkursy z nagrodami, gry i zabawy, malowanie twarzy, a tak\u017ce przeja\u017cd\u017cki na hobby horse. Rado\u015b\u0107, \u015bmiech i kolorowe buzie dzieci dope\u0142nia\u0142y rodzinnej atmosfery, kt\u00f3ra od lat jest znakiem rozpoznawczym Family Day w KIRCHHOFF Polska.<\/p>\n<div id=\"attachment_256229\" style=\"width: 820px\" class=\"wp-caption aligncenter\"><img loading=\"lazy\" decoding=\"async\" aria-describedby=\"caption-attachment-256229\" src=\"https:\/\/www.24gliwice.pl\/wiadomosci\/wp-content\/uploads\/2025\/06\/kirchhoff-6.jpg\" alt=\"\" width=\"810\" height=\"540\" class=\"size-full wp-image-256229\" srcset=\"https:\/\/www.24gliwice.pl\/wiadomosci\/wp-content\/uploads\/2025\/06\/kirchhoff-6.jpg 810w, https:\/\/www.24gliwice.pl\/wiadomosci\/wp-content\/uploads\/2025\/06\/kirchhoff-6-348x232.jpg 348w, https:\/\/www.24gliwice.pl\/wiadomosci\/wp-content\/uploads\/2025\/06\/kirchhoff-6-683x455.jpg 683w, https:\/\/www.24gliwice.pl\/wiadomosci\/wp-content\/uploads\/2025\/06\/kirchhoff-6-768x512.jpg 768w\" sizes=\"auto, (max-width: 810px) 100vw, 810px\" \/><p id=\"caption-attachment-256229\" class=\"wp-caption-text\">fot. KIRCHHOFF Polska<\/p><\/div>\n<p>Nie zabrak\u0142o r\u00f3wnie\u017c emocji dla doros\u0142ych uczestnik\u00f3w. Turnieje krykieta, hokeja, siatk\u00f3wki na trawie oraz przeci\u0105ganie liny przyci\u0105ga\u0142y zar\u00f3wno zawodnik\u00f3w, jak i kibic\u00f3w. Sportowe zmagania i integracja w duchu fair play to sta\u0142y element naszych imprez, kt\u00f3ry ka\u017cdego roku cieszy si\u0119 nies\u0142abn\u0105c\u0105 popularno\u015bci\u0105.<\/p>\n<div id=\"attachment_256226\" style=\"width: 820px\" class=\"wp-caption aligncenter\"><img loading=\"lazy\" decoding=\"async\" aria-describedby=\"caption-attachment-256226\" src=\"https:\/\/www.24gliwice.pl\/wiadomosci\/wp-content\/uploads\/2025\/06\/kirchhoff-3.jpg\" alt=\"\" width=\"810\" height=\"540\" class=\"size-full wp-image-256226\" srcset=\"https:\/\/www.24gliwice.pl\/wiadomosci\/wp-content\/uploads\/2025\/06\/kirchhoff-3.jpg 810w, https:\/\/www.24gliwice.pl\/wiadomosci\/wp-content\/uploads\/2025\/06\/kirchhoff-3-348x232.jpg 348w, https:\/\/www.24gliwice.pl\/wiadomosci\/wp-content\/uploads\/2025\/06\/kirchhoff-3-683x455.jpg 683w, https:\/\/www.24gliwice.pl\/wiadomosci\/wp-content\/uploads\/2025\/06\/kirchhoff-3-768x512.jpg 768w\" sizes=\"auto, (max-width: 810px) 100vw, 810px\" \/><p id=\"caption-attachment-256226\" class=\"wp-caption-text\">fot. KIRCHHOFF Polska<\/p><\/div>\n<p>S\u0142oneczna, wakacyjna pogoda tylko podkre\u015bli\u0142a wyj\u0105tkowy charakter wydarzenia, sprawiaj\u0105c, \u017ce ten dzie\u0144 by\u0142 nie tylko okazj\u0105 do integracji, ale i do z\u0142apania letniego oddechu w gronie wsp\u00f3\u0142pracownik\u00f3w i ich rodzin.<\/p>\n<div id='gallery-1' class='vce-gallery gallery galleryid-256222 gallery-columns-4 gallery-size-vce-lay-b'><div class=\"vce-gallery-big\"><div class=\"big-gallery-item item-0\" >\n\t\t\t<div class='gallery-icon'>\n\t\t\t\t<a href='https:\/\/www.24gliwice.pl\/wiadomosci\/wp-content\/uploads\/2025\/06\/kirchhoff-5.jpg'><img loading=\"lazy\" decoding=\"async\" width=\"810\" height=\"540\" src=\"https:\/\/www.24gliwice.pl\/wiadomosci\/wp-content\/uploads\/2025\/06\/kirchhoff-5.jpg\" class=\"attachment-vce-lay-a size-vce-lay-a\" alt=\"\" srcset=\"https:\/\/www.24gliwice.pl\/wiadomosci\/wp-content\/uploads\/2025\/06\/kirchhoff-5.jpg 810w, https:\/\/www.24gliwice.pl\/wiadomosci\/wp-content\/uploads\/2025\/06\/kirchhoff-5-348x232.jpg 348w, https:\/\/www.24gliwice.pl\/wiadomosci\/wp-content\/uploads\/2025\/06\/kirchhoff-5-683x455.jpg 683w, https:\/\/www.24gliwice.pl\/wiadomosci\/wp-content\/uploads\/2025\/06\/kirchhoff-5-768x512.jpg 768w\" sizes=\"auto, (max-width: 810px) 100vw, 810px\" \/><\/a>\n\t\t\t<\/div>\n\t\t\t\t<figcaption class='wp-caption-text gallery-caption'>\n\t\t\t\tfot. KIRCHHOFF Polska\n\t\t\t\t<\/figcaption><\/div><div class=\"big-gallery-item item-1\" style=\"display:none;\">\n\t\t\t<div class='gallery-icon'>\n\t\t\t\t<a href='https:\/\/www.24gliwice.pl\/wiadomosci\/wp-content\/uploads\/2025\/06\/kirchhoff-7.jpg'><img loading=\"lazy\" decoding=\"async\" width=\"810\" height=\"540\" src=\"https:\/\/www.24gliwice.pl\/wiadomosci\/wp-content\/uploads\/2025\/06\/kirchhoff-7.jpg\" class=\"attachment-vce-lay-a size-vce-lay-a\" alt=\"\" srcset=\"https:\/\/www.24gliwice.pl\/wiadomosci\/wp-content\/uploads\/2025\/06\/kirchhoff-7.jpg 810w, https:\/\/www.24gliwice.pl\/wiadomosci\/wp-content\/uploads\/2025\/06\/kirchhoff-7-348x232.jpg 348w, https:\/\/www.24gliwice.pl\/wiadomosci\/wp-content\/uploads\/2025\/06\/kirchhoff-7-683x455.jpg 683w, https:\/\/www.24gliwice.pl\/wiadomosci\/wp-content\/uploads\/2025\/06\/kirchhoff-7-768x512.jpg 768w\" sizes=\"auto, (max-width: 810px) 100vw, 810px\" \/><\/a>\n\t\t\t<\/div>\n\t\t\t\t<figcaption class='wp-caption-text gallery-caption'>\n\t\t\t\tfot. KIRCHHOFF Polska\n\t\t\t\t<\/figcaption><\/div><div class=\"big-gallery-item item-2\" style=\"display:none;\">\n\t\t\t<div class='gallery-icon'>\n\t\t\t\t<a href='https:\/\/www.24gliwice.pl\/wiadomosci\/wp-content\/uploads\/2025\/06\/kirchhoff-8.jpg'><img loading=\"lazy\" decoding=\"async\" width=\"810\" height=\"540\" src=\"https:\/\/www.24gliwice.pl\/wiadomosci\/wp-content\/uploads\/2025\/06\/kirchhoff-8.jpg\" class=\"attachment-vce-lay-a size-vce-lay-a\" alt=\"\" srcset=\"https:\/\/www.24gliwice.pl\/wiadomosci\/wp-content\/uploads\/2025\/06\/kirchhoff-8.jpg 810w, https:\/\/www.24gliwice.pl\/wiadomosci\/wp-content\/uploads\/2025\/06\/kirchhoff-8-348x232.jpg 348w, https:\/\/www.24gliwice.pl\/wiadomosci\/wp-content\/uploads\/2025\/06\/kirchhoff-8-683x455.jpg 683w, https:\/\/www.24gliwice.pl\/wiadomosci\/wp-content\/uploads\/2025\/06\/kirchhoff-8-768x512.jpg 768w\" sizes=\"auto, (max-width: 810px) 100vw, 810px\" \/><\/a>\n\t\t\t<\/div>\n\t\t\t\t<figcaption class='wp-caption-text gallery-caption'>\n\t\t\t\tfot. KIRCHHOFF Polska\n\t\t\t\t<\/figcaption><\/div><div class=\"big-gallery-item item-3\" style=\"display:none;\">\n\t\t\t<div class='gallery-icon'>\n\t\t\t\t<a href='https:\/\/www.24gliwice.pl\/wiadomosci\/wp-content\/uploads\/2025\/06\/kirchhoff-4.jpg'><img loading=\"lazy\" decoding=\"async\" width=\"810\" height=\"540\" src=\"https:\/\/www.24gliwice.pl\/wiadomosci\/wp-content\/uploads\/2025\/06\/kirchhoff-4.jpg\" class=\"attachment-vce-lay-a size-vce-lay-a\" alt=\"\" srcset=\"https:\/\/www.24gliwice.pl\/wiadomosci\/wp-content\/uploads\/2025\/06\/kirchhoff-4.jpg 810w, https:\/\/www.24gliwice.pl\/wiadomosci\/wp-content\/uploads\/2025\/06\/kirchhoff-4-348x232.jpg 348w, https:\/\/www.24gliwice.pl\/wiadomosci\/wp-content\/uploads\/2025\/06\/kirchhoff-4-683x455.jpg 683w, https:\/\/www.24gliwice.pl\/wiadomosci\/wp-content\/uploads\/2025\/06\/kirchhoff-4-768x512.jpg 768w\" sizes=\"auto, (max-width: 810px) 100vw, 810px\" \/><\/a>\n\t\t\t<\/div>\n\t\t\t\t<figcaption class='wp-caption-text gallery-caption'>\n\t\t\t\tfot. KIRCHHOFF Polska\n\t\t\t\t<\/figcaption><\/div><div class=\"big-gallery-item item-4\" style=\"display:none;\">\n\t\t\t<div class='gallery-icon'>\n\t\t\t\t<a href='https:\/\/www.24gliwice.pl\/wiadomosci\/wp-content\/uploads\/2025\/06\/kirchhoff-2.jpg'><img loading=\"lazy\" decoding=\"async\" width=\"810\" height=\"540\" src=\"https:\/\/www.24gliwice.pl\/wiadomosci\/wp-content\/uploads\/2025\/06\/kirchhoff-2.jpg\" class=\"attachment-vce-lay-a size-vce-lay-a\" alt=\"\" srcset=\"https:\/\/www.24gliwice.pl\/wiadomosci\/wp-content\/uploads\/2025\/06\/kirchhoff-2.jpg 810w, https:\/\/www.24gliwice.pl\/wiadomosci\/wp-content\/uploads\/2025\/06\/kirchhoff-2-348x232.jpg 348w, https:\/\/www.24gliwice.pl\/wiadomosci\/wp-content\/uploads\/2025\/06\/kirchhoff-2-683x455.jpg 683w, https:\/\/www.24gliwice.pl\/wiadomosci\/wp-content\/uploads\/2025\/06\/kirchhoff-2-768x512.jpg 768w\" sizes=\"auto, (max-width: 810px) 100vw, 810px\" \/><\/a>\n\t\t\t<\/div>\n\t\t\t\t<figcaption class='wp-caption-text gallery-caption'>\n\t\t\t\tfot. KIRCHHOFF Polska\n\t\t\t\t<\/figcaption><\/div><\/div><div class=\"vce-gallery-slider\" data-columns=\"4\"><figure class='gallery-item' data-item='0'>\n\t\t\t<div class='gallery-icon landscape'>\n\t\t\t\t<a href='https:\/\/www.24gliwice.pl\/wiadomosci\/wp-content\/uploads\/2025\/06\/kirchhoff-5.jpg'><img loading=\"lazy\" decoding=\"async\" width=\"375\" height=\"195\" src=\"https:\/\/www.24gliwice.pl\/wiadomosci\/wp-content\/uploads\/2025\/06\/kirchhoff-5-375x195.jpg\" class=\"attachment-vce-lay-b size-vce-lay-b\" alt=\"\" \/><\/a>\n\t\t\t<\/div><\/figure><figure class='gallery-item' data-item='1'>\n\t\t\t<div class='gallery-icon landscape'>\n\t\t\t\t<a href='https:\/\/www.24gliwice.pl\/wiadomosci\/wp-content\/uploads\/2025\/06\/kirchhoff-7.jpg'><img loading=\"lazy\" decoding=\"async\" width=\"375\" height=\"195\" src=\"https:\/\/www.24gliwice.pl\/wiadomosci\/wp-content\/uploads\/2025\/06\/kirchhoff-7-375x195.jpg\" class=\"attachment-vce-lay-b size-vce-lay-b\" alt=\"\" \/><\/a>\n\t\t\t<\/div><\/figure><figure class='gallery-item' data-item='2'>\n\t\t\t<div class='gallery-icon landscape'>\n\t\t\t\t<a href='https:\/\/www.24gliwice.pl\/wiadomosci\/wp-content\/uploads\/2025\/06\/kirchhoff-8.jpg'><img loading=\"lazy\" decoding=\"async\" width=\"375\" height=\"195\" src=\"https:\/\/www.24gliwice.pl\/wiadomosci\/wp-content\/uploads\/2025\/06\/kirchhoff-8-375x195.jpg\" class=\"attachment-vce-lay-b size-vce-lay-b\" alt=\"\" \/><\/a>\n\t\t\t<\/div><\/figure><figure class='gallery-item' data-item='3'>\n\t\t\t<div class='gallery-icon landscape'>\n\t\t\t\t<a href='https:\/\/www.24gliwice.pl\/wiadomosci\/wp-content\/uploads\/2025\/06\/kirchhoff-4.jpg'><img loading=\"lazy\" decoding=\"async\" width=\"375\" height=\"195\" src=\"https:\/\/www.24gliwice.pl\/wiadomosci\/wp-content\/uploads\/2025\/06\/kirchhoff-4-375x195.jpg\" class=\"attachment-vce-lay-b size-vce-lay-b\" alt=\"\" \/><\/a>\n\t\t\t<\/div><\/figure><figure class='gallery-item' data-item='4'>\n\t\t\t<div class='gallery-icon landscape'>\n\t\t\t\t<a href='https:\/\/www.24gliwice.pl\/wiadomosci\/wp-content\/uploads\/2025\/06\/kirchhoff-2.jpg'><img loading=\"lazy\" decoding=\"async\" width=\"375\" height=\"195\" src=\"https:\/\/www.24gliwice.pl\/wiadomosci\/wp-content\/uploads\/2025\/06\/kirchhoff-2-375x195.jpg\" class=\"attachment-vce-lay-b size-vce-lay-b\" alt=\"\" \/><\/a>\n\t\t\t<\/div><\/figure><\/div><\/div>\n\n<p>KIRCHHOFF Polska to nie tylko praca \u2013 to tak\u017ce rodzinne warto\u015bci, wsp\u00f3lne chwile i dobra zabawa! Chcesz si\u0119 przekona\u0107? Do\u0142\u0105cz do naszego zespo\u0142u i we\u017a udzia\u0142 w kolejnych wydarzeniach, kt\u00f3re organizujemy z my\u015bl\u0105 o naszych pracownikach. <strong>Obecnie poszukujemy operator\u00f3w w\u00f3zk\u00f3w wid\u0142owych, \u015blusarzy oraz os\u00f3b ch\u0119tnych do pracy wakacyjnej. Wi\u0119cej informacji pod numerem telefonu: +48 785 557\u00a0820.<\/strong><\/p>\n<p><small>materia\u0142 partnera<\/small><\/p>\n","protected":false},"excerpt":{"rendered":"<p>14 czerwca, zak\u0142ad KIRCHHOFF Polska Sp. z o.o. przy ul. Nobla 3 w Gliwicach po raz kolejny go\u015bci\u0142 pracownik\u00f3w i ich rodziny na corocznym pikniku rodzinnym \u2013 Family Day. Tegoroczna edycja, zorganizowana na terenie restauracji Chata Polaka, odby\u0142a si\u0119 pod has\u0142em \u201eW jeden dzie\u0144 dooko\u0142a \u015bwiata\u201d i by\u0142a prawdziw\u0105 podr\u00f3\u017c\u0105 przez smaki, kultury i wsp\u00f3ln\u0105 [&hellip;]<\/p>\n","protected":false},"author":4,"featured_media":256232,"comment_status":"closed","ping_status":"closed","sticky":false,"template":"","format":"standard","meta":{"_monsterinsights_skip_tracking":false,"_monsterinsights_sitenote_active":false,"_monsterinsights_sitenote_note":"","_monsterinsights_sitenote_category":0,"footnotes":"","_links_to":"","_links_to_target":""},"categories":[3,1,1129],"tags":[7393],"class_list":["post-256222","post","type-post","status-publish","format-standard","has-post-thumbnail","hentry","category-gliwice","category-wszystko","category-polecamy","tag-kirchhoff"],"yoast_head":"<!-- This site is optimized with the Yoast SEO plugin v27.5 - https:\/\/yoast.com\/product\/yoast-seo-wordpress\/ -->\n<title>W jeden dzie\u0144 dooko\u0142a \u015bwiata \u2013 Family Day 2025 w KIRCHHOFF Polska - 24GLIWICE - Portal Gliwice | codziennie nowe informacje<\/title>\n<meta name=\"robots\" content=\"index, follow, max-snippet:-1, max-image-preview:large, max-video-preview:-1\" \/>\n<link rel=\"canonical\" href=\"https:\/\/www.24gliwice.pl\/wiadomosci\/w-jeden-dzien-dookola-swiata-family-day-2025-w-kirchhoff-polska\/\" \/>\n<meta property=\"og:locale\" content=\"pl_PL\" \/>\n<meta property=\"og:type\" content=\"article\" \/>\n<meta property=\"og:title\" content=\"W jeden dzie\u0144 dooko\u0142a \u015bwiata \u2013 Family Day 2025 w KIRCHHOFF Polska - 24GLIWICE - Portal Gliwice | codziennie nowe informacje\" \/>\n<meta property=\"og:description\" content=\"14 czerwca, zak\u0142ad KIRCHHOFF Polska Sp. z o.o. przy ul. Nobla 3 w Gliwicach po raz kolejny go\u015bci\u0142 pracownik\u00f3w i ich rodziny na corocznym pikniku rodzinnym \u2013 Family Day. Tegoroczna edycja, zorganizowana na terenie restauracji Chata Polaka, odby\u0142a si\u0119 pod has\u0142em \u201eW jeden dzie\u0144 dooko\u0142a \u015bwiata\u201d i by\u0142a prawdziw\u0105 podr\u00f3\u017c\u0105 przez smaki, kultury i wsp\u00f3ln\u0105 [&hellip;]\" \/>\n<meta property=\"og:url\" content=\"https:\/\/www.24gliwice.pl\/wiadomosci\/w-jeden-dzien-dookola-swiata-family-day-2025-w-kirchhoff-polska\/\" \/>\n<meta property=\"og:site_name\" content=\"24GLIWICE - Portal Gliwice | codziennie nowe informacje\" \/>\n<meta property=\"article:publisher\" content=\"https:\/\/www.facebook.com\/24gliwice\" \/>\n<meta property=\"article:author\" content=\"https:\/\/www.facebook.com\/marcin.fabrykowski\" \/>\n<meta property=\"article:published_time\" content=\"2025-06-28T08:15:02+00:00\" \/>\n<meta property=\"article:modified_time\" content=\"2025-06-28T13:08:00+00:00\" \/>\n<meta property=\"og:image\" content=\"https:\/\/www.24gliwice.pl\/wiadomosci\/wp-content\/uploads\/2025\/06\/kirchhoff-1-001.jpg\" \/>\n\t<meta property=\"og:image:width\" content=\"1140\" \/>\n\t<meta property=\"og:image:height\" content=\"760\" \/>\n\t<meta property=\"og:image:type\" content=\"image\/jpeg\" \/>\n<meta name=\"author\" content=\"Marcin Fabrykowski\" \/>\n<meta name=\"twitter:card\" content=\"summary_large_image\" \/>\n<meta name=\"twitter:creator\" content=\"@24gliwice\" \/>\n<meta name=\"twitter:site\" content=\"@24gliwice\" \/>\n<meta name=\"twitter:label1\" content=\"Napisane przez\" \/>\n\t<meta name=\"twitter:data1\" content=\"Marcin Fabrykowski\" \/>\n\t<meta name=\"twitter:label2\" content=\"Szacowany czas czytania\" \/>\n\t<meta name=\"twitter:data2\" content=\"3 minuty\" \/>\n<script type=\"application\/ld+json\" class=\"yoast-schema-graph\">{\"@context\":\"https:\\\/\\\/schema.org\",\"@graph\":[{\"@type\":\"Article\",\"@id\":\"https:\\\/\\\/www.24gliwice.pl\\\/wiadomosci\\\/w-jeden-dzien-dookola-swiata-family-day-2025-w-kirchhoff-polska\\\/#article\",\"isPartOf\":{\"@id\":\"https:\\\/\\\/www.24gliwice.pl\\\/wiadomosci\\\/w-jeden-dzien-dookola-swiata-family-day-2025-w-kirchhoff-polska\\\/\"},\"author\":{\"name\":\"Marcin Fabrykowski\",\"@id\":\"https:\\\/\\\/www.24gliwice.pl\\\/wiadomosci\\\/#\\\/schema\\\/person\\\/cb5857e4a4d048c15984c1edcc8ef0c0\"},\"headline\":\"W jeden dzie\u0144 dooko\u0142a \u015bwiata \u2013 Family Day 2025 w KIRCHHOFF Polska\",\"datePublished\":\"2025-06-28T08:15:02+00:00\",\"dateModified\":\"2025-06-28T13:08:00+00:00\",\"mainEntityOfPage\":{\"@id\":\"https:\\\/\\\/www.24gliwice.pl\\\/wiadomosci\\\/w-jeden-dzien-dookola-swiata-family-day-2025-w-kirchhoff-polska\\\/\"},\"wordCount\":357,\"publisher\":{\"@id\":\"https:\\\/\\\/www.24gliwice.pl\\\/wiadomosci\\\/#organization\"},\"image\":{\"@id\":\"https:\\\/\\\/www.24gliwice.pl\\\/wiadomosci\\\/w-jeden-dzien-dookola-swiata-family-day-2025-w-kirchhoff-polska\\\/#primaryimage\"},\"thumbnailUrl\":\"https:\\\/\\\/www.24gliwice.pl\\\/wiadomosci\\\/wp-content\\\/uploads\\\/2025\\\/06\\\/kirchhoff-1-001.jpg\",\"keywords\":[\"kirchhoff\"],\"articleSection\":[\"Gliwice\",\"Najnowsze wiadomo\u015bci\",\"Polecamy\"],\"inLanguage\":\"pl-PL\"},{\"@type\":\"WebPage\",\"@id\":\"https:\\\/\\\/www.24gliwice.pl\\\/wiadomosci\\\/w-jeden-dzien-dookola-swiata-family-day-2025-w-kirchhoff-polska\\\/\",\"url\":\"https:\\\/\\\/www.24gliwice.pl\\\/wiadomosci\\\/w-jeden-dzien-dookola-swiata-family-day-2025-w-kirchhoff-polska\\\/\",\"name\":\"W jeden dzie\u0144 dooko\u0142a \u015bwiata \u2013 Family Day 2025 w KIRCHHOFF Polska - 24GLIWICE - Portal Gliwice | codziennie nowe informacje\",\"isPartOf\":{\"@id\":\"https:\\\/\\\/www.24gliwice.pl\\\/wiadomosci\\\/#website\"},\"primaryImageOfPage\":{\"@id\":\"https:\\\/\\\/www.24gliwice.pl\\\/wiadomosci\\\/w-jeden-dzien-dookola-swiata-family-day-2025-w-kirchhoff-polska\\\/#primaryimage\"},\"image\":{\"@id\":\"https:\\\/\\\/www.24gliwice.pl\\\/wiadomosci\\\/w-jeden-dzien-dookola-swiata-family-day-2025-w-kirchhoff-polska\\\/#primaryimage\"},\"thumbnailUrl\":\"https:\\\/\\\/www.24gliwice.pl\\\/wiadomosci\\\/wp-content\\\/uploads\\\/2025\\\/06\\\/kirchhoff-1-001.jpg\",\"datePublished\":\"2025-06-28T08:15:02+00:00\",\"dateModified\":\"2025-06-28T13:08:00+00:00\",\"breadcrumb\":{\"@id\":\"https:\\\/\\\/www.24gliwice.pl\\\/wiadomosci\\\/w-jeden-dzien-dookola-swiata-family-day-2025-w-kirchhoff-polska\\\/#breadcrumb\"},\"inLanguage\":\"pl-PL\",\"potentialAction\":[{\"@type\":\"ReadAction\",\"target\":[\"https:\\\/\\\/www.24gliwice.pl\\\/wiadomosci\\\/w-jeden-dzien-dookola-swiata-family-day-2025-w-kirchhoff-polska\\\/\"]}]},{\"@type\":\"ImageObject\",\"inLanguage\":\"pl-PL\",\"@id\":\"https:\\\/\\\/www.24gliwice.pl\\\/wiadomosci\\\/w-jeden-dzien-dookola-swiata-family-day-2025-w-kirchhoff-polska\\\/#primaryimage\",\"url\":\"https:\\\/\\\/www.24gliwice.pl\\\/wiadomosci\\\/wp-content\\\/uploads\\\/2025\\\/06\\\/kirchhoff-1-001.jpg\",\"contentUrl\":\"https:\\\/\\\/www.24gliwice.pl\\\/wiadomosci\\\/wp-content\\\/uploads\\\/2025\\\/06\\\/kirchhoff-1-001.jpg\",\"width\":1140,\"height\":760,\"caption\":\"fot. KIRCHHOFF Polska\"},{\"@type\":\"BreadcrumbList\",\"@id\":\"https:\\\/\\\/www.24gliwice.pl\\\/wiadomosci\\\/w-jeden-dzien-dookola-swiata-family-day-2025-w-kirchhoff-polska\\\/#breadcrumb\",\"itemListElement\":[{\"@type\":\"ListItem\",\"position\":1,\"name\":\"Strona g\u0142\u00f3wna\",\"item\":\"https:\\\/\\\/www.24gliwice.pl\\\/wiadomosci\\\/\"},{\"@type\":\"ListItem\",\"position\":2,\"name\":\"W jeden dzie\u0144 dooko\u0142a \u015bwiata \u2013 Family Day 2025 w KIRCHHOFF Polska\"}]},{\"@type\":\"WebSite\",\"@id\":\"https:\\\/\\\/www.24gliwice.pl\\\/wiadomosci\\\/#website\",\"url\":\"https:\\\/\\\/www.24gliwice.pl\\\/wiadomosci\\\/\",\"name\":\"24GLIWICE - Portal Gliwice | codziennie nowe wiadomo\u015bci\",\"description\":\"Portal Miejski Gliwice\",\"publisher\":{\"@id\":\"https:\\\/\\\/www.24gliwice.pl\\\/wiadomosci\\\/#organization\"},\"potentialAction\":[{\"@type\":\"SearchAction\",\"target\":{\"@type\":\"EntryPoint\",\"urlTemplate\":\"https:\\\/\\\/www.24gliwice.pl\\\/wiadomosci\\\/?s={search_term_string}\"},\"query-input\":{\"@type\":\"PropertyValueSpecification\",\"valueRequired\":true,\"valueName\":\"search_term_string\"}}],\"inLanguage\":\"pl-PL\"},{\"@type\":\"Organization\",\"@id\":\"https:\\\/\\\/www.24gliwice.pl\\\/wiadomosci\\\/#organization\",\"name\":\"24gliwice\",\"url\":\"https:\\\/\\\/www.24gliwice.pl\\\/wiadomosci\\\/\",\"logo\":{\"@type\":\"ImageObject\",\"inLanguage\":\"pl-PL\",\"@id\":\"https:\\\/\\\/www.24gliwice.pl\\\/wiadomosci\\\/#\\\/schema\\\/logo\\\/image\\\/\",\"url\":\"https:\\\/\\\/www.24gliwice.pl\\\/wiadomosci\\\/wp-content\\\/uploads\\\/2024\\\/10\\\/24gliwice-logo-696.jpg\",\"contentUrl\":\"https:\\\/\\\/www.24gliwice.pl\\\/wiadomosci\\\/wp-content\\\/uploads\\\/2024\\\/10\\\/24gliwice-logo-696.jpg\",\"width\":696,\"height\":696,\"caption\":\"24gliwice\"},\"image\":{\"@id\":\"https:\\\/\\\/www.24gliwice.pl\\\/wiadomosci\\\/#\\\/schema\\\/logo\\\/image\\\/\"},\"sameAs\":[\"https:\\\/\\\/www.facebook.com\\\/24gliwice\",\"https:\\\/\\\/x.com\\\/24gliwice\",\"https:\\\/\\\/www.youtube.com\\\/@24gliwice\"]},{\"@type\":\"Person\",\"@id\":\"https:\\\/\\\/www.24gliwice.pl\\\/wiadomosci\\\/#\\\/schema\\\/person\\\/cb5857e4a4d048c15984c1edcc8ef0c0\",\"name\":\"Marcin Fabrykowski\",\"image\":{\"@type\":\"ImageObject\",\"inLanguage\":\"pl-PL\",\"@id\":\"https:\\\/\\\/www.24gliwice.pl\\\/wiadomosci\\\/wp-content\\\/uploads\\\/2025\\\/11\\\/zdjecie-moje-marcin-300-96x96.jpg\",\"url\":\"https:\\\/\\\/www.24gliwice.pl\\\/wiadomosci\\\/wp-content\\\/uploads\\\/2025\\\/11\\\/zdjecie-moje-marcin-300-96x96.jpg\",\"contentUrl\":\"https:\\\/\\\/www.24gliwice.pl\\\/wiadomosci\\\/wp-content\\\/uploads\\\/2025\\\/11\\\/zdjecie-moje-marcin-300-96x96.jpg\",\"caption\":\"Marcin Fabrykowski\"},\"sameAs\":[\"http:\\\/\\\/24gliwice.pl\",\"https:\\\/\\\/www.facebook.com\\\/marcin.fabrykowski\"],\"url\":\"https:\\\/\\\/www.24gliwice.pl\\\/wiadomosci\\\/author\\\/marcin-fabrykowski\\\/\"}]}<\/script>\n<!-- \/ Yoast SEO plugin. -->","yoast_head_json":{"title":"W jeden dzie\u0144 dooko\u0142a \u015bwiata \u2013 Family Day 2025 w KIRCHHOFF Polska - 24GLIWICE - Portal Gliwice | codziennie nowe informacje","robots":{"index":"index","follow":"follow","max-snippet":"max-snippet:-1","max-image-preview":"max-image-preview:large","max-video-preview":"max-video-preview:-1"},"canonical":"https:\/\/www.24gliwice.pl\/wiadomosci\/w-jeden-dzien-dookola-swiata-family-day-2025-w-kirchhoff-polska\/","og_locale":"pl_PL","og_type":"article","og_title":"W jeden dzie\u0144 dooko\u0142a \u015bwiata \u2013 Family Day 2025 w KIRCHHOFF Polska - 24GLIWICE - Portal Gliwice | codziennie nowe informacje","og_description":"14 czerwca, zak\u0142ad KIRCHHOFF Polska Sp. z o.o. przy ul. Nobla 3 w Gliwicach po raz kolejny go\u015bci\u0142 pracownik\u00f3w i ich rodziny na corocznym pikniku rodzinnym \u2013 Family Day. Tegoroczna edycja, zorganizowana na terenie restauracji Chata Polaka, odby\u0142a si\u0119 pod has\u0142em \u201eW jeden dzie\u0144 dooko\u0142a \u015bwiata\u201d i by\u0142a prawdziw\u0105 podr\u00f3\u017c\u0105 przez smaki, kultury i wsp\u00f3ln\u0105 [&hellip;]","og_url":"https:\/\/www.24gliwice.pl\/wiadomosci\/w-jeden-dzien-dookola-swiata-family-day-2025-w-kirchhoff-polska\/","og_site_name":"24GLIWICE - Portal Gliwice | codziennie nowe informacje","article_publisher":"https:\/\/www.facebook.com\/24gliwice","article_author":"https:\/\/www.facebook.com\/marcin.fabrykowski","article_published_time":"2025-06-28T08:15:02+00:00","article_modified_time":"2025-06-28T13:08:00+00:00","og_image":[{"width":1140,"height":760,"url":"https:\/\/www.24gliwice.pl\/wiadomosci\/wp-content\/uploads\/2025\/06\/kirchhoff-1-001.jpg","type":"image\/jpeg"}],"author":"Marcin Fabrykowski","twitter_card":"summary_large_image","twitter_creator":"@24gliwice","twitter_site":"@24gliwice","twitter_misc":{"Napisane przez":"Marcin Fabrykowski","Szacowany czas czytania":"3 minuty"},"schema":{"@context":"https:\/\/schema.org","@graph":[{"@type":"Article","@id":"https:\/\/www.24gliwice.pl\/wiadomosci\/w-jeden-dzien-dookola-swiata-family-day-2025-w-kirchhoff-polska\/#article","isPartOf":{"@id":"https:\/\/www.24gliwice.pl\/wiadomosci\/w-jeden-dzien-dookola-swiata-family-day-2025-w-kirchhoff-polska\/"},"author":{"name":"Marcin Fabrykowski","@id":"https:\/\/www.24gliwice.pl\/wiadomosci\/#\/schema\/person\/cb5857e4a4d048c15984c1edcc8ef0c0"},"headline":"W jeden dzie\u0144 dooko\u0142a \u015bwiata \u2013 Family Day 2025 w KIRCHHOFF Polska","datePublished":"2025-06-28T08:15:02+00:00","dateModified":"2025-06-28T13:08:00+00:00","mainEntityOfPage":{"@id":"https:\/\/www.24gliwice.pl\/wiadomosci\/w-jeden-dzien-dookola-swiata-family-day-2025-w-kirchhoff-polska\/"},"wordCount":357,"publisher":{"@id":"https:\/\/www.24gliwice.pl\/wiadomosci\/#organization"},"image":{"@id":"https:\/\/www.24gliwice.pl\/wiadomosci\/w-jeden-dzien-dookola-swiata-family-day-2025-w-kirchhoff-polska\/#primaryimage"},"thumbnailUrl":"https:\/\/www.24gliwice.pl\/wiadomosci\/wp-content\/uploads\/2025\/06\/kirchhoff-1-001.jpg","keywords":["kirchhoff"],"articleSection":["Gliwice","Najnowsze wiadomo\u015bci","Polecamy"],"inLanguage":"pl-PL"},{"@type":"WebPage","@id":"https:\/\/www.24gliwice.pl\/wiadomosci\/w-jeden-dzien-dookola-swiata-family-day-2025-w-kirchhoff-polska\/","url":"https:\/\/www.24gliwice.pl\/wiadomosci\/w-jeden-dzien-dookola-swiata-family-day-2025-w-kirchhoff-polska\/","name":"W jeden dzie\u0144 dooko\u0142a \u015bwiata \u2013 Family Day 2025 w KIRCHHOFF Polska - 24GLIWICE - Portal Gliwice | codziennie nowe informacje","isPartOf":{"@id":"https:\/\/www.24gliwice.pl\/wiadomosci\/#website"},"primaryImageOfPage":{"@id":"https:\/\/www.24gliwice.pl\/wiadomosci\/w-jeden-dzien-dookola-swiata-family-day-2025-w-kirchhoff-polska\/#primaryimage"},"image":{"@id":"https:\/\/www.24gliwice.pl\/wiadomosci\/w-jeden-dzien-dookola-swiata-family-day-2025-w-kirchhoff-polska\/#primaryimage"},"thumbnailUrl":"https:\/\/www.24gliwice.pl\/wiadomosci\/wp-content\/uploads\/2025\/06\/kirchhoff-1-001.jpg","datePublished":"2025-06-28T08:15:02+00:00","dateModified":"2025-06-28T13:08:00+00:00","breadcrumb":{"@id":"https:\/\/www.24gliwice.pl\/wiadomosci\/w-jeden-dzien-dookola-swiata-family-day-2025-w-kirchhoff-polska\/#breadcrumb"},"inLanguage":"pl-PL","potentialAction":[{"@type":"ReadAction","target":["https:\/\/www.24gliwice.pl\/wiadomosci\/w-jeden-dzien-dookola-swiata-family-day-2025-w-kirchhoff-polska\/"]}]},{"@type":"ImageObject","inLanguage":"pl-PL","@id":"https:\/\/www.24gliwice.pl\/wiadomosci\/w-jeden-dzien-dookola-swiata-family-day-2025-w-kirchhoff-polska\/#primaryimage","url":"https:\/\/www.24gliwice.pl\/wiadomosci\/wp-content\/uploads\/2025\/06\/kirchhoff-1-001.jpg","contentUrl":"https:\/\/www.24gliwice.pl\/wiadomosci\/wp-content\/uploads\/2025\/06\/kirchhoff-1-001.jpg","width":1140,"height":760,"caption":"fot. KIRCHHOFF Polska"},{"@type":"BreadcrumbList","@id":"https:\/\/www.24gliwice.pl\/wiadomosci\/w-jeden-dzien-dookola-swiata-family-day-2025-w-kirchhoff-polska\/#breadcrumb","itemListElement":[{"@type":"ListItem","position":1,"name":"Strona g\u0142\u00f3wna","item":"https:\/\/www.24gliwice.pl\/wiadomosci\/"},{"@type":"ListItem","position":2,"name":"W jeden dzie\u0144 dooko\u0142a \u015bwiata \u2013 Family Day 2025 w KIRCHHOFF Polska"}]},{"@type":"WebSite","@id":"https:\/\/www.24gliwice.pl\/wiadomosci\/#website","url":"https:\/\/www.24gliwice.pl\/wiadomosci\/","name":"24GLIWICE - Portal Gliwice | codziennie nowe wiadomo\u015bci","description":"Portal Miejski Gliwice","publisher":{"@id":"https:\/\/www.24gliwice.pl\/wiadomosci\/#organization"},"potentialAction":[{"@type":"SearchAction","target":{"@type":"EntryPoint","urlTemplate":"https:\/\/www.24gliwice.pl\/wiadomosci\/?s={search_term_string}"},"query-input":{"@type":"PropertyValueSpecification","valueRequired":true,"valueName":"search_term_string"}}],"inLanguage":"pl-PL"},{"@type":"Organization","@id":"https:\/\/www.24gliwice.pl\/wiadomosci\/#organization","name":"24gliwice","url":"https:\/\/www.24gliwice.pl\/wiadomosci\/","logo":{"@type":"ImageObject","inLanguage":"pl-PL","@id":"https:\/\/www.24gliwice.pl\/wiadomosci\/#\/schema\/logo\/image\/","url":"https:\/\/www.24gliwice.pl\/wiadomosci\/wp-content\/uploads\/2024\/10\/24gliwice-logo-696.jpg","contentUrl":"https:\/\/www.24gliwice.pl\/wiadomosci\/wp-content\/uploads\/2024\/10\/24gliwice-logo-696.jpg","width":696,"height":696,"caption":"24gliwice"},"image":{"@id":"https:\/\/www.24gliwice.pl\/wiadomosci\/#\/schema\/logo\/image\/"},"sameAs":["https:\/\/www.facebook.com\/24gliwice","https:\/\/x.com\/24gliwice","https:\/\/www.youtube.com\/@24gliwice"]},{"@type":"Person","@id":"https:\/\/www.24gliwice.pl\/wiadomosci\/#\/schema\/person\/cb5857e4a4d048c15984c1edcc8ef0c0","name":"Marcin Fabrykowski","image":{"@type":"ImageObject","inLanguage":"pl-PL","@id":"https:\/\/www.24gliwice.pl\/wiadomosci\/wp-content\/uploads\/2025\/11\/zdjecie-moje-marcin-300-96x96.jpg","url":"https:\/\/www.24gliwice.pl\/wiadomosci\/wp-content\/uploads\/2025\/11\/zdjecie-moje-marcin-300-96x96.jpg","contentUrl":"https:\/\/www.24gliwice.pl\/wiadomosci\/wp-content\/uploads\/2025\/11\/zdjecie-moje-marcin-300-96x96.jpg","caption":"Marcin Fabrykowski"},"sameAs":["http:\/\/24gliwice.pl","https:\/\/www.facebook.com\/marcin.fabrykowski"],"url":"https:\/\/www.24gliwice.pl\/wiadomosci\/author\/marcin-fabrykowski\/"}]}},"_links":{"self":[{"href":"https:\/\/www.24gliwice.pl\/wiadomosci\/wp-json\/wp\/v2\/posts\/256222","targetHints":{"allow":["GET"]}}],"collection":[{"href":"https:\/\/www.24gliwice.pl\/wiadomosci\/wp-json\/wp\/v2\/posts"}],"about":[{"href":"https:\/\/www.24gliwice.pl\/wiadomosci\/wp-json\/wp\/v2\/types\/post"}],"author":[{"embeddable":true,"href":"https:\/\/www.24gliwice.pl\/wiadomosci\/wp-json\/wp\/v2\/users\/4"}],"replies":[{"embeddable":true,"href":"https:\/\/www.24gliwice.pl\/wiadomosci\/wp-json\/wp\/v2\/comments?post=256222"}],"version-history":[{"count":0,"href":"https:\/\/www.24gliwice.pl\/wiadomosci\/wp-json\/wp\/v2\/posts\/256222\/revisions"}],"wp:featuredmedia":[{"embeddable":true,"href":"https:\/\/www.24gliwice.pl\/wiadomosci\/wp-json\/wp\/v2\/media\/256232"}],"wp:attachment":[{"href":"https:\/\/www.24gliwice.pl\/wiadomosci\/wp-json\/wp\/v2\/media?parent=256222"}],"wp:term":[{"taxonomy":"category","embeddable":true,"href":"https:\/\/www.24gliwice.pl\/wiadomosci\/wp-json\/wp\/v2\/categories?post=256222"},{"taxonomy":"post_tag","embeddable":true,"href":"https:\/\/www.24gliwice.pl\/wiadomosci\/wp-json\/wp\/v2\/tags?post=256222"}],"curies":[{"name":"wp","href":"https:\/\/api.w.org\/{rel}","templated":true}]}}