{"id":256302,"date":"2025-07-01T03:40:17","date_gmt":"2025-07-01T01:40:17","guid":{"rendered":"https:\/\/www.24gliwice.pl\/wiadomosci\/?p=256302"},"modified":"2025-07-01T03:40:17","modified_gmt":"2025-07-01T01:40:17","slug":"duza-siec-handlowa-likwiduje-swoja-hale-w-poblizu-gliwic-zakupy-mozliwe-tylko-do-konca-wrzesnia","status":"publish","type":"post","link":"https:\/\/www.24gliwice.pl\/wiadomosci\/duza-siec-handlowa-likwiduje-swoja-hale-w-poblizu-gliwic-zakupy-mozliwe-tylko-do-konca-wrzesnia\/","title":{"rendered":"Du\u017ca sie\u0107 handlowa likwiduje swoj\u0105 hal\u0119 w pobli\u017cu Gliwic. Zakupy mo\u017cliwe tylko do ko\u0144ca wrze\u015bnia"},"content":{"rendered":"<div class=\"gliwi-a6-nad-leadem-artykulow gliwi-entity-placement\" id=\"gliwi-2554193681\"><div class=\"gliwi-adlabel\"><span style=\"font-size: 9px\">REKLAMA<\/span><\/div><div id=\"gliwi-234109135\" style=\"margin-bottom: 30px;margin-left: auto;margin-right: auto;text-align: center;\"><a data-no-instant=\"1\" href=\"https:\/\/przedszkole.halogen.org.pl\/\" rel=\"noopener\" class=\"a2t-link\" target=\"_blank\" aria-label=\"20260402-ANIMATOR-przedszkole_grafika_750x200\"><img loading=\"lazy\" decoding=\"async\" src=\"https:\/\/www.24gliwice.pl\/wiadomosci\/wp-content\/uploads\/2026\/04\/20260402-ANIMATOR-przedszkole_grafika_750x200.webp\" alt=\"\"  srcset=\"https:\/\/www.24gliwice.pl\/wiadomosci\/wp-content\/uploads\/2026\/04\/20260402-ANIMATOR-przedszkole_grafika_750x200.webp 750w, https:\/\/www.24gliwice.pl\/wiadomosci\/wp-content\/uploads\/2026\/04\/20260402-ANIMATOR-przedszkole_grafika_750x200-410x109.webp 410w\" sizes=\"(max-width: 750px) 100vw, 750px\" class=\"no-lazyload\" width=\"750\" height=\"200\"  style=\"display: inline-block; max-width: 100%; height: auto;\" \/><\/a><\/div><\/div><h2>Zabrza\u0144ska hala Makro przy alei Korfantego, dzia\u0142aj\u0105ca od 1997 roku, zostanie zamkni\u0119ta pod koniec wrze\u015bnia br. To cz\u0119\u015b\u0107 szerszej strategii &#8220;optymalizacji proces\u00f3w&#8221; przez MAKRO Cash and Carry Polska S.A., kt\u00f3ra obejmie r\u00f3wnie\u017c plac\u00f3wki w Rybniku, S\u0142upsku i Toruniu. Zamkni\u0119cia wszystkich czterech hal nast\u0105pi\u0105 do 30 wrze\u015bnia 2025 roku.<\/h2>\n<p><!--more--><\/p>\n<p>Hala dzia\u0142a\u0142a od 28 lat i <strong>zw\u0142aszcza na pocz\u0105tku by\u0142a cz\u0119stym celem zakup\u00f3w m.in. klient\u00f3w z Gliwic<\/strong>, najcz\u0119\u015bciej drobnych przedsi\u0119biorc\u00f3w. Hale Makro popularne ju\u017c w latach 90. stanowi\u0142y pocz\u0105tek handlowej ekspansji wielkich sieci na nasz rynek.<\/p>\n<h4>Wsparcie dla pracownik\u00f3w<\/h4>\n<p>Decyzja o likwidacji jest bezpo\u015bredni\u0105 odpowiedzi\u0105 sieci na &#8220;strukturaln\u0105 presj\u0119 kosztow\u0105 oraz wysoki poziom inflacji koszt\u00f3w operacyjnych&#8221;, jak czytamy w oficjalnym komunikacie. W efekcie, do 400 miejsc pracy zostanie zlikwidowanych, co wp\u0142ynie r\u00f3wnie\u017c na inne obszary dzia\u0142alno\u015bci firmy.<\/p><div class=\"gliwi-a3-w-tresci-artykulow gliwi-entity-placement\" id=\"gliwi-2291313348\"><div class=\"gliwi-adlabel\"><span style=\"font-size: 9px\">REKLAMA<\/span><\/div><div id=\"gliwi-196757768\" style=\"margin-bottom: 30px;margin-left: auto;margin-right: auto;text-align: center;\"><a data-no-instant=\"1\" href=\"https:\/\/ogrodyandersa.pl\/\" rel=\"noopener\" class=\"a2t-link\" target=\"_blank\" aria-label=\"20260415 Ogrody Andersa KUP TERAZ D\"><img loading=\"lazy\" decoding=\"async\" src=\"https:\/\/www.24gliwice.pl\/wiadomosci\/wp-content\/uploads\/2026\/04\/20260415-Ogrody-Andersa-KUP-TERAZ-D.jpg\" alt=\"\"  srcset=\"https:\/\/www.24gliwice.pl\/wiadomosci\/wp-content\/uploads\/2026\/04\/20260415-Ogrody-Andersa-KUP-TERAZ-D.jpg 750w, https:\/\/www.24gliwice.pl\/wiadomosci\/wp-content\/uploads\/2026\/04\/20260415-Ogrody-Andersa-KUP-TERAZ-D-410x109.jpg 410w\" sizes=\"(max-width: 750px) 100vw, 750px\" class=\"no-lazyload\" width=\"750\" height=\"200\"  style=\"display: inline-block; max-width: 100%; height: auto;\" \/><\/a><\/div><\/div>\n<p><img loading=\"lazy\" decoding=\"async\" src=\"https:\/\/www.24gliwice.pl\/wiadomosci\/wp-content\/uploads\/2025\/07\/macro-zabrze-mf-8.jpg\" alt=\"\" width=\"810\" height=\"456\" class=\"aligncenter size-full wp-image-256305\" srcset=\"https:\/\/www.24gliwice.pl\/wiadomosci\/wp-content\/uploads\/2025\/07\/macro-zabrze-mf-8.jpg 810w, https:\/\/www.24gliwice.pl\/wiadomosci\/wp-content\/uploads\/2025\/07\/macro-zabrze-mf-8-410x232.jpg 410w, https:\/\/www.24gliwice.pl\/wiadomosci\/wp-content\/uploads\/2025\/07\/macro-zabrze-mf-8-808x455.jpg 808w, https:\/\/www.24gliwice.pl\/wiadomosci\/wp-content\/uploads\/2025\/07\/macro-zabrze-mf-8-768x432.jpg 768w\" sizes=\"auto, (max-width: 810px) 100vw, 810px\" \/><\/p>\n<p>MAKRO Cash and Carry Polska S.A. deklaruje, \u017ce z pe\u0142n\u0105 odpowiedzialno\u015bci\u0105 podchodzi do wp\u0142ywu tej decyzji na pracownik\u00f3w i ich rodziny. Sp\u00f3\u0142ka zobowi\u0105zuje si\u0119 do przeprowadzenia procesu w spos\u00f3b &#8220;przejrzysty i sprawiedliwy&#8221;, zapewniaj\u0105c niezb\u0119dne wsparcie w poszukiwaniu nowych mo\u017cliwo\u015bci zatrudnienia dla dotkni\u0119tych zmianami os\u00f3b.<\/p>\n<p>Klienci zamykanych hal zostan\u0105 odpowiednio wcze\u015bnie poinformowani o zmianach. MAKRO zapewni im ci\u0105g\u0142o\u015b\u0107 dostaw poprzez system dostaw MAKRO lub obs\u0142ug\u0119 w innych pobliskich halach. Sie\u0107 planuje skoncentrowa\u0107 si\u0119 na sektorze HoReCa (Hotele, Restauracje i Catering), jednocze\u015bnie podtrzymuj\u0105c strategi\u0119 wobec rynku handlu tradycyjnego.<\/p>\n<p><img loading=\"lazy\" decoding=\"async\" src=\"https:\/\/www.24gliwice.pl\/wiadomosci\/wp-content\/uploads\/2025\/07\/macro-zabrze-mf-2.jpg\" alt=\"\" width=\"810\" height=\"456\" class=\"aligncenter size-full wp-image-256303\" srcset=\"https:\/\/www.24gliwice.pl\/wiadomosci\/wp-content\/uploads\/2025\/07\/macro-zabrze-mf-2.jpg 810w, https:\/\/www.24gliwice.pl\/wiadomosci\/wp-content\/uploads\/2025\/07\/macro-zabrze-mf-2-410x232.jpg 410w, https:\/\/www.24gliwice.pl\/wiadomosci\/wp-content\/uploads\/2025\/07\/macro-zabrze-mf-2-808x455.jpg 808w, https:\/\/www.24gliwice.pl\/wiadomosci\/wp-content\/uploads\/2025\/07\/macro-zabrze-mf-2-768x432.jpg 768w\" sizes=\"auto, (max-width: 810px) 100vw, 810px\" \/><\/p>\n<p>(\u017cms\/emef)\/mat. pras. makro<\/p>\n<div class=\"gliwi-a5-na-koncu-artykulow gliwi-entity-placement\" id=\"gliwi-3109456283\"><div class=\"gliwi-adlabel\"><span style=\"font-size: 9px\">REKLAMA<\/span><\/div><div id=\"gliwi-2163148627\" style=\"margin-left: auto;margin-right: auto;text-align: center;\"><a data-no-instant=\"1\" href=\"https:\/\/prezeroarenagliwice.pl\/\" rel=\"noopener\" class=\"a2t-link\" target=\"_blank\" aria-label=\"20260309-PREZERO-WIOSNA-D\"><img loading=\"lazy\" decoding=\"async\" src=\"https:\/\/www.24gliwice.pl\/wiadomosci\/wp-content\/uploads\/2026\/03\/20260309-PREZERO-WIOSNA-D.webp\" alt=\"\"  srcset=\"https:\/\/www.24gliwice.pl\/wiadomosci\/wp-content\/uploads\/2026\/03\/20260309-PREZERO-WIOSNA-D.webp 750w, https:\/\/www.24gliwice.pl\/wiadomosci\/wp-content\/uploads\/2026\/03\/20260309-PREZERO-WIOSNA-D-410x109.webp 410w\" sizes=\"(max-width: 750px) 100vw, 750px\" class=\"no-lazyload\" width=\"750\" height=\"200\"  style=\"display: inline-block; max-width: 100%; height: auto;\" \/><\/a><\/div><\/div>","protected":false},"excerpt":{"rendered":"<p>Zabrza\u0144ska hala Makro przy alei Korfantego, dzia\u0142aj\u0105ca od 1997 roku, zostanie zamkni\u0119ta pod koniec wrze\u015bnia br. To cz\u0119\u015b\u0107 szerszej strategii &#8220;optymalizacji proces\u00f3w&#8221; przez MAKRO Cash and Carry Polska S.A., kt\u00f3ra obejmie r\u00f3wnie\u017c plac\u00f3wki w Rybniku, S\u0142upsku i Toruniu. Zamkni\u0119cia wszystkich czterech hal nast\u0105pi\u0105 do 30 wrze\u015bnia 2025 roku.<\/p>\n","protected":false},"author":4,"featured_media":256304,"comment_status":"open","ping_status":"closed","sticky":false,"template":"","format":"standard","meta":{"_monsterinsights_skip_tracking":false,"_monsterinsights_sitenote_active":false,"_monsterinsights_sitenote_note":"","_monsterinsights_sitenote_category":0,"footnotes":"","_links_to":"","_links_to_target":""},"categories":[1,9],"tags":[2797,24442],"class_list":["post-256302","post","type-post","status-publish","format-standard","has-post-thumbnail","hentry","category-wszystko","category-aktualnosci_lokalne","tag-makro","tag-makro-cash-and-carry"],"yoast_head":"<!-- This site is optimized with the Yoast SEO plugin v27.5 - https:\/\/yoast.com\/product\/yoast-seo-wordpress\/ -->\n<title>Du\u017ca sie\u0107 handlowa likwiduje swoj\u0105 hal\u0119 w pobli\u017cu Gliwic. Zakupy mo\u017cliwe tylko do ko\u0144ca wrze\u015bnia - 24GLIWICE - Portal Gliwice | codziennie nowe informacje<\/title>\n<meta name=\"robots\" content=\"index, follow, max-snippet:-1, max-image-preview:large, max-video-preview:-1\" \/>\n<link rel=\"canonical\" href=\"https:\/\/www.24gliwice.pl\/wiadomosci\/duza-siec-handlowa-likwiduje-swoja-hale-w-poblizu-gliwic-zakupy-mozliwe-tylko-do-konca-wrzesnia\/\" \/>\n<meta property=\"og:locale\" content=\"pl_PL\" \/>\n<meta property=\"og:type\" content=\"article\" \/>\n<meta property=\"og:title\" content=\"Du\u017ca sie\u0107 handlowa likwiduje swoj\u0105 hal\u0119 w pobli\u017cu Gliwic. Zakupy mo\u017cliwe tylko do ko\u0144ca wrze\u015bnia - 24GLIWICE - Portal Gliwice | codziennie nowe informacje\" \/>\n<meta property=\"og:description\" content=\"Zabrza\u0144ska hala Makro przy alei Korfantego, dzia\u0142aj\u0105ca od 1997 roku, zostanie zamkni\u0119ta pod koniec wrze\u015bnia br. To cz\u0119\u015b\u0107 szerszej strategii &#8220;optymalizacji proces\u00f3w&#8221; przez MAKRO Cash and Carry Polska S.A., kt\u00f3ra obejmie r\u00f3wnie\u017c plac\u00f3wki w Rybniku, S\u0142upsku i Toruniu. Zamkni\u0119cia wszystkich czterech hal nast\u0105pi\u0105 do 30 wrze\u015bnia 2025 roku.\" \/>\n<meta property=\"og:url\" content=\"https:\/\/www.24gliwice.pl\/wiadomosci\/duza-siec-handlowa-likwiduje-swoja-hale-w-poblizu-gliwic-zakupy-mozliwe-tylko-do-konca-wrzesnia\/\" \/>\n<meta property=\"og:site_name\" content=\"24GLIWICE - Portal Gliwice | codziennie nowe informacje\" \/>\n<meta property=\"article:publisher\" content=\"https:\/\/www.facebook.com\/24gliwice\" \/>\n<meta property=\"article:author\" content=\"https:\/\/www.facebook.com\/marcin.fabrykowski\" \/>\n<meta property=\"article:published_time\" content=\"2025-07-01T01:40:17+00:00\" \/>\n<meta property=\"og:image\" content=\"https:\/\/www.24gliwice.pl\/wiadomosci\/wp-content\/uploads\/2025\/07\/macro-zabrze-mf-5.jpg\" \/>\n\t<meta property=\"og:image:width\" content=\"810\" \/>\n\t<meta property=\"og:image:height\" content=\"456\" \/>\n\t<meta property=\"og:image:type\" content=\"image\/jpeg\" \/>\n<meta name=\"author\" content=\"Marcin Fabrykowski\" \/>\n<meta name=\"twitter:card\" content=\"summary_large_image\" \/>\n<meta name=\"twitter:creator\" content=\"@24gliwice\" \/>\n<meta name=\"twitter:site\" content=\"@24gliwice\" \/>\n<meta name=\"twitter:label1\" content=\"Napisane przez\" \/>\n\t<meta name=\"twitter:data1\" content=\"Marcin Fabrykowski\" \/>\n\t<meta name=\"twitter:label2\" content=\"Szacowany czas czytania\" \/>\n\t<meta name=\"twitter:data2\" content=\"1 minuta\" \/>\n<script type=\"application\/ld+json\" class=\"yoast-schema-graph\">{\"@context\":\"https:\\\/\\\/schema.org\",\"@graph\":[{\"@type\":\"Article\",\"@id\":\"https:\\\/\\\/www.24gliwice.pl\\\/wiadomosci\\\/duza-siec-handlowa-likwiduje-swoja-hale-w-poblizu-gliwic-zakupy-mozliwe-tylko-do-konca-wrzesnia\\\/#article\",\"isPartOf\":{\"@id\":\"https:\\\/\\\/www.24gliwice.pl\\\/wiadomosci\\\/duza-siec-handlowa-likwiduje-swoja-hale-w-poblizu-gliwic-zakupy-mozliwe-tylko-do-konca-wrzesnia\\\/\"},\"author\":{\"name\":\"Marcin Fabrykowski\",\"@id\":\"https:\\\/\\\/www.24gliwice.pl\\\/wiadomosci\\\/#\\\/schema\\\/person\\\/cb5857e4a4d048c15984c1edcc8ef0c0\"},\"headline\":\"Du\u017ca sie\u0107 handlowa likwiduje swoj\u0105 hal\u0119 w pobli\u017cu Gliwic. Zakupy mo\u017cliwe tylko do ko\u0144ca wrze\u015bnia\",\"datePublished\":\"2025-07-01T01:40:17+00:00\",\"mainEntityOfPage\":{\"@id\":\"https:\\\/\\\/www.24gliwice.pl\\\/wiadomosci\\\/duza-siec-handlowa-likwiduje-swoja-hale-w-poblizu-gliwic-zakupy-mozliwe-tylko-do-konca-wrzesnia\\\/\"},\"wordCount\":285,\"commentCount\":29,\"publisher\":{\"@id\":\"https:\\\/\\\/www.24gliwice.pl\\\/wiadomosci\\\/#organization\"},\"image\":{\"@id\":\"https:\\\/\\\/www.24gliwice.pl\\\/wiadomosci\\\/duza-siec-handlowa-likwiduje-swoja-hale-w-poblizu-gliwic-zakupy-mozliwe-tylko-do-konca-wrzesnia\\\/#primaryimage\"},\"thumbnailUrl\":\"https:\\\/\\\/www.24gliwice.pl\\\/wiadomosci\\\/wp-content\\\/uploads\\\/2025\\\/07\\\/macro-zabrze-mf-5.jpg\",\"keywords\":[\"MAKRO\",\"MAKRO CASH AND CARRY\"],\"articleSection\":[\"Najnowsze wiadomo\u015bci\",\"Portal Gliwice - Wiadomo\u015bci lokalne\"],\"inLanguage\":\"pl-PL\",\"potentialAction\":[{\"@type\":\"CommentAction\",\"name\":\"Comment\",\"target\":[\"https:\\\/\\\/www.24gliwice.pl\\\/wiadomosci\\\/duza-siec-handlowa-likwiduje-swoja-hale-w-poblizu-gliwic-zakupy-mozliwe-tylko-do-konca-wrzesnia\\\/#respond\"]}]},{\"@type\":\"WebPage\",\"@id\":\"https:\\\/\\\/www.24gliwice.pl\\\/wiadomosci\\\/duza-siec-handlowa-likwiduje-swoja-hale-w-poblizu-gliwic-zakupy-mozliwe-tylko-do-konca-wrzesnia\\\/\",\"url\":\"https:\\\/\\\/www.24gliwice.pl\\\/wiadomosci\\\/duza-siec-handlowa-likwiduje-swoja-hale-w-poblizu-gliwic-zakupy-mozliwe-tylko-do-konca-wrzesnia\\\/\",\"name\":\"Du\u017ca sie\u0107 handlowa likwiduje swoj\u0105 hal\u0119 w pobli\u017cu Gliwic. Zakupy mo\u017cliwe tylko do ko\u0144ca wrze\u015bnia - 24GLIWICE - Portal Gliwice | codziennie nowe informacje\",\"isPartOf\":{\"@id\":\"https:\\\/\\\/www.24gliwice.pl\\\/wiadomosci\\\/#website\"},\"primaryImageOfPage\":{\"@id\":\"https:\\\/\\\/www.24gliwice.pl\\\/wiadomosci\\\/duza-siec-handlowa-likwiduje-swoja-hale-w-poblizu-gliwic-zakupy-mozliwe-tylko-do-konca-wrzesnia\\\/#primaryimage\"},\"image\":{\"@id\":\"https:\\\/\\\/www.24gliwice.pl\\\/wiadomosci\\\/duza-siec-handlowa-likwiduje-swoja-hale-w-poblizu-gliwic-zakupy-mozliwe-tylko-do-konca-wrzesnia\\\/#primaryimage\"},\"thumbnailUrl\":\"https:\\\/\\\/www.24gliwice.pl\\\/wiadomosci\\\/wp-content\\\/uploads\\\/2025\\\/07\\\/macro-zabrze-mf-5.jpg\",\"datePublished\":\"2025-07-01T01:40:17+00:00\",\"breadcrumb\":{\"@id\":\"https:\\\/\\\/www.24gliwice.pl\\\/wiadomosci\\\/duza-siec-handlowa-likwiduje-swoja-hale-w-poblizu-gliwic-zakupy-mozliwe-tylko-do-konca-wrzesnia\\\/#breadcrumb\"},\"inLanguage\":\"pl-PL\",\"potentialAction\":[{\"@type\":\"ReadAction\",\"target\":[\"https:\\\/\\\/www.24gliwice.pl\\\/wiadomosci\\\/duza-siec-handlowa-likwiduje-swoja-hale-w-poblizu-gliwic-zakupy-mozliwe-tylko-do-konca-wrzesnia\\\/\"]}]},{\"@type\":\"ImageObject\",\"inLanguage\":\"pl-PL\",\"@id\":\"https:\\\/\\\/www.24gliwice.pl\\\/wiadomosci\\\/duza-siec-handlowa-likwiduje-swoja-hale-w-poblizu-gliwic-zakupy-mozliwe-tylko-do-konca-wrzesnia\\\/#primaryimage\",\"url\":\"https:\\\/\\\/www.24gliwice.pl\\\/wiadomosci\\\/wp-content\\\/uploads\\\/2025\\\/07\\\/macro-zabrze-mf-5.jpg\",\"contentUrl\":\"https:\\\/\\\/www.24gliwice.pl\\\/wiadomosci\\\/wp-content\\\/uploads\\\/2025\\\/07\\\/macro-zabrze-mf-5.jpg\",\"width\":810,\"height\":456},{\"@type\":\"BreadcrumbList\",\"@id\":\"https:\\\/\\\/www.24gliwice.pl\\\/wiadomosci\\\/duza-siec-handlowa-likwiduje-swoja-hale-w-poblizu-gliwic-zakupy-mozliwe-tylko-do-konca-wrzesnia\\\/#breadcrumb\",\"itemListElement\":[{\"@type\":\"ListItem\",\"position\":1,\"name\":\"Strona g\u0142\u00f3wna\",\"item\":\"https:\\\/\\\/www.24gliwice.pl\\\/wiadomosci\\\/\"},{\"@type\":\"ListItem\",\"position\":2,\"name\":\"Du\u017ca sie\u0107 handlowa likwiduje swoj\u0105 hal\u0119 w pobli\u017cu Gliwic. Zakupy mo\u017cliwe tylko do ko\u0144ca wrze\u015bnia\"}]},{\"@type\":\"WebSite\",\"@id\":\"https:\\\/\\\/www.24gliwice.pl\\\/wiadomosci\\\/#website\",\"url\":\"https:\\\/\\\/www.24gliwice.pl\\\/wiadomosci\\\/\",\"name\":\"24GLIWICE - Portal Gliwice | codziennie nowe wiadomo\u015bci\",\"description\":\"Portal Miejski Gliwice\",\"publisher\":{\"@id\":\"https:\\\/\\\/www.24gliwice.pl\\\/wiadomosci\\\/#organization\"},\"potentialAction\":[{\"@type\":\"SearchAction\",\"target\":{\"@type\":\"EntryPoint\",\"urlTemplate\":\"https:\\\/\\\/www.24gliwice.pl\\\/wiadomosci\\\/?s={search_term_string}\"},\"query-input\":{\"@type\":\"PropertyValueSpecification\",\"valueRequired\":true,\"valueName\":\"search_term_string\"}}],\"inLanguage\":\"pl-PL\"},{\"@type\":\"Organization\",\"@id\":\"https:\\\/\\\/www.24gliwice.pl\\\/wiadomosci\\\/#organization\",\"name\":\"24gliwice\",\"url\":\"https:\\\/\\\/www.24gliwice.pl\\\/wiadomosci\\\/\",\"logo\":{\"@type\":\"ImageObject\",\"inLanguage\":\"pl-PL\",\"@id\":\"https:\\\/\\\/www.24gliwice.pl\\\/wiadomosci\\\/#\\\/schema\\\/logo\\\/image\\\/\",\"url\":\"https:\\\/\\\/www.24gliwice.pl\\\/wiadomosci\\\/wp-content\\\/uploads\\\/2024\\\/10\\\/24gliwice-logo-696.jpg\",\"contentUrl\":\"https:\\\/\\\/www.24gliwice.pl\\\/wiadomosci\\\/wp-content\\\/uploads\\\/2024\\\/10\\\/24gliwice-logo-696.jpg\",\"width\":696,\"height\":696,\"caption\":\"24gliwice\"},\"image\":{\"@id\":\"https:\\\/\\\/www.24gliwice.pl\\\/wiadomosci\\\/#\\\/schema\\\/logo\\\/image\\\/\"},\"sameAs\":[\"https:\\\/\\\/www.facebook.com\\\/24gliwice\",\"https:\\\/\\\/x.com\\\/24gliwice\",\"https:\\\/\\\/www.youtube.com\\\/@24gliwice\"]},{\"@type\":\"Person\",\"@id\":\"https:\\\/\\\/www.24gliwice.pl\\\/wiadomosci\\\/#\\\/schema\\\/person\\\/cb5857e4a4d048c15984c1edcc8ef0c0\",\"name\":\"Marcin Fabrykowski\",\"image\":{\"@type\":\"ImageObject\",\"inLanguage\":\"pl-PL\",\"@id\":\"https:\\\/\\\/www.24gliwice.pl\\\/wiadomosci\\\/wp-content\\\/uploads\\\/2025\\\/11\\\/zdjecie-moje-marcin-300-96x96.jpg\",\"url\":\"https:\\\/\\\/www.24gliwice.pl\\\/wiadomosci\\\/wp-content\\\/uploads\\\/2025\\\/11\\\/zdjecie-moje-marcin-300-96x96.jpg\",\"contentUrl\":\"https:\\\/\\\/www.24gliwice.pl\\\/wiadomosci\\\/wp-content\\\/uploads\\\/2025\\\/11\\\/zdjecie-moje-marcin-300-96x96.jpg\",\"caption\":\"Marcin Fabrykowski\"},\"sameAs\":[\"http:\\\/\\\/24gliwice.pl\",\"https:\\\/\\\/www.facebook.com\\\/marcin.fabrykowski\"],\"url\":\"https:\\\/\\\/www.24gliwice.pl\\\/wiadomosci\\\/author\\\/marcin-fabrykowski\\\/\"}]}<\/script>\n<!-- \/ Yoast SEO plugin. -->","yoast_head_json":{"title":"Du\u017ca sie\u0107 handlowa likwiduje swoj\u0105 hal\u0119 w pobli\u017cu Gliwic. Zakupy mo\u017cliwe tylko do ko\u0144ca wrze\u015bnia - 24GLIWICE - Portal Gliwice | codziennie nowe informacje","robots":{"index":"index","follow":"follow","max-snippet":"max-snippet:-1","max-image-preview":"max-image-preview:large","max-video-preview":"max-video-preview:-1"},"canonical":"https:\/\/www.24gliwice.pl\/wiadomosci\/duza-siec-handlowa-likwiduje-swoja-hale-w-poblizu-gliwic-zakupy-mozliwe-tylko-do-konca-wrzesnia\/","og_locale":"pl_PL","og_type":"article","og_title":"Du\u017ca sie\u0107 handlowa likwiduje swoj\u0105 hal\u0119 w pobli\u017cu Gliwic. Zakupy mo\u017cliwe tylko do ko\u0144ca wrze\u015bnia - 24GLIWICE - Portal Gliwice | codziennie nowe informacje","og_description":"Zabrza\u0144ska hala Makro przy alei Korfantego, dzia\u0142aj\u0105ca od 1997 roku, zostanie zamkni\u0119ta pod koniec wrze\u015bnia br. To cz\u0119\u015b\u0107 szerszej strategii &#8220;optymalizacji proces\u00f3w&#8221; przez MAKRO Cash and Carry Polska S.A., kt\u00f3ra obejmie r\u00f3wnie\u017c plac\u00f3wki w Rybniku, S\u0142upsku i Toruniu. Zamkni\u0119cia wszystkich czterech hal nast\u0105pi\u0105 do 30 wrze\u015bnia 2025 roku.","og_url":"https:\/\/www.24gliwice.pl\/wiadomosci\/duza-siec-handlowa-likwiduje-swoja-hale-w-poblizu-gliwic-zakupy-mozliwe-tylko-do-konca-wrzesnia\/","og_site_name":"24GLIWICE - Portal Gliwice | codziennie nowe informacje","article_publisher":"https:\/\/www.facebook.com\/24gliwice","article_author":"https:\/\/www.facebook.com\/marcin.fabrykowski","article_published_time":"2025-07-01T01:40:17+00:00","og_image":[{"width":810,"height":456,"url":"https:\/\/www.24gliwice.pl\/wiadomosci\/wp-content\/uploads\/2025\/07\/macro-zabrze-mf-5.jpg","type":"image\/jpeg"}],"author":"Marcin Fabrykowski","twitter_card":"summary_large_image","twitter_creator":"@24gliwice","twitter_site":"@24gliwice","twitter_misc":{"Napisane przez":"Marcin Fabrykowski","Szacowany czas czytania":"1 minuta"},"schema":{"@context":"https:\/\/schema.org","@graph":[{"@type":"Article","@id":"https:\/\/www.24gliwice.pl\/wiadomosci\/duza-siec-handlowa-likwiduje-swoja-hale-w-poblizu-gliwic-zakupy-mozliwe-tylko-do-konca-wrzesnia\/#article","isPartOf":{"@id":"https:\/\/www.24gliwice.pl\/wiadomosci\/duza-siec-handlowa-likwiduje-swoja-hale-w-poblizu-gliwic-zakupy-mozliwe-tylko-do-konca-wrzesnia\/"},"author":{"name":"Marcin Fabrykowski","@id":"https:\/\/www.24gliwice.pl\/wiadomosci\/#\/schema\/person\/cb5857e4a4d048c15984c1edcc8ef0c0"},"headline":"Du\u017ca sie\u0107 handlowa likwiduje swoj\u0105 hal\u0119 w pobli\u017cu Gliwic. Zakupy mo\u017cliwe tylko do ko\u0144ca wrze\u015bnia","datePublished":"2025-07-01T01:40:17+00:00","mainEntityOfPage":{"@id":"https:\/\/www.24gliwice.pl\/wiadomosci\/duza-siec-handlowa-likwiduje-swoja-hale-w-poblizu-gliwic-zakupy-mozliwe-tylko-do-konca-wrzesnia\/"},"wordCount":285,"commentCount":29,"publisher":{"@id":"https:\/\/www.24gliwice.pl\/wiadomosci\/#organization"},"image":{"@id":"https:\/\/www.24gliwice.pl\/wiadomosci\/duza-siec-handlowa-likwiduje-swoja-hale-w-poblizu-gliwic-zakupy-mozliwe-tylko-do-konca-wrzesnia\/#primaryimage"},"thumbnailUrl":"https:\/\/www.24gliwice.pl\/wiadomosci\/wp-content\/uploads\/2025\/07\/macro-zabrze-mf-5.jpg","keywords":["MAKRO","MAKRO CASH AND CARRY"],"articleSection":["Najnowsze wiadomo\u015bci","Portal Gliwice - Wiadomo\u015bci lokalne"],"inLanguage":"pl-PL","potentialAction":[{"@type":"CommentAction","name":"Comment","target":["https:\/\/www.24gliwice.pl\/wiadomosci\/duza-siec-handlowa-likwiduje-swoja-hale-w-poblizu-gliwic-zakupy-mozliwe-tylko-do-konca-wrzesnia\/#respond"]}]},{"@type":"WebPage","@id":"https:\/\/www.24gliwice.pl\/wiadomosci\/duza-siec-handlowa-likwiduje-swoja-hale-w-poblizu-gliwic-zakupy-mozliwe-tylko-do-konca-wrzesnia\/","url":"https:\/\/www.24gliwice.pl\/wiadomosci\/duza-siec-handlowa-likwiduje-swoja-hale-w-poblizu-gliwic-zakupy-mozliwe-tylko-do-konca-wrzesnia\/","name":"Du\u017ca sie\u0107 handlowa likwiduje swoj\u0105 hal\u0119 w pobli\u017cu Gliwic. Zakupy mo\u017cliwe tylko do ko\u0144ca wrze\u015bnia - 24GLIWICE - Portal Gliwice | codziennie nowe informacje","isPartOf":{"@id":"https:\/\/www.24gliwice.pl\/wiadomosci\/#website"},"primaryImageOfPage":{"@id":"https:\/\/www.24gliwice.pl\/wiadomosci\/duza-siec-handlowa-likwiduje-swoja-hale-w-poblizu-gliwic-zakupy-mozliwe-tylko-do-konca-wrzesnia\/#primaryimage"},"image":{"@id":"https:\/\/www.24gliwice.pl\/wiadomosci\/duza-siec-handlowa-likwiduje-swoja-hale-w-poblizu-gliwic-zakupy-mozliwe-tylko-do-konca-wrzesnia\/#primaryimage"},"thumbnailUrl":"https:\/\/www.24gliwice.pl\/wiadomosci\/wp-content\/uploads\/2025\/07\/macro-zabrze-mf-5.jpg","datePublished":"2025-07-01T01:40:17+00:00","breadcrumb":{"@id":"https:\/\/www.24gliwice.pl\/wiadomosci\/duza-siec-handlowa-likwiduje-swoja-hale-w-poblizu-gliwic-zakupy-mozliwe-tylko-do-konca-wrzesnia\/#breadcrumb"},"inLanguage":"pl-PL","potentialAction":[{"@type":"ReadAction","target":["https:\/\/www.24gliwice.pl\/wiadomosci\/duza-siec-handlowa-likwiduje-swoja-hale-w-poblizu-gliwic-zakupy-mozliwe-tylko-do-konca-wrzesnia\/"]}]},{"@type":"ImageObject","inLanguage":"pl-PL","@id":"https:\/\/www.24gliwice.pl\/wiadomosci\/duza-siec-handlowa-likwiduje-swoja-hale-w-poblizu-gliwic-zakupy-mozliwe-tylko-do-konca-wrzesnia\/#primaryimage","url":"https:\/\/www.24gliwice.pl\/wiadomosci\/wp-content\/uploads\/2025\/07\/macro-zabrze-mf-5.jpg","contentUrl":"https:\/\/www.24gliwice.pl\/wiadomosci\/wp-content\/uploads\/2025\/07\/macro-zabrze-mf-5.jpg","width":810,"height":456},{"@type":"BreadcrumbList","@id":"https:\/\/www.24gliwice.pl\/wiadomosci\/duza-siec-handlowa-likwiduje-swoja-hale-w-poblizu-gliwic-zakupy-mozliwe-tylko-do-konca-wrzesnia\/#breadcrumb","itemListElement":[{"@type":"ListItem","position":1,"name":"Strona g\u0142\u00f3wna","item":"https:\/\/www.24gliwice.pl\/wiadomosci\/"},{"@type":"ListItem","position":2,"name":"Du\u017ca sie\u0107 handlowa likwiduje swoj\u0105 hal\u0119 w pobli\u017cu Gliwic. Zakupy mo\u017cliwe tylko do ko\u0144ca wrze\u015bnia"}]},{"@type":"WebSite","@id":"https:\/\/www.24gliwice.pl\/wiadomosci\/#website","url":"https:\/\/www.24gliwice.pl\/wiadomosci\/","name":"24GLIWICE - Portal Gliwice | codziennie nowe wiadomo\u015bci","description":"Portal Miejski Gliwice","publisher":{"@id":"https:\/\/www.24gliwice.pl\/wiadomosci\/#organization"},"potentialAction":[{"@type":"SearchAction","target":{"@type":"EntryPoint","urlTemplate":"https:\/\/www.24gliwice.pl\/wiadomosci\/?s={search_term_string}"},"query-input":{"@type":"PropertyValueSpecification","valueRequired":true,"valueName":"search_term_string"}}],"inLanguage":"pl-PL"},{"@type":"Organization","@id":"https:\/\/www.24gliwice.pl\/wiadomosci\/#organization","name":"24gliwice","url":"https:\/\/www.24gliwice.pl\/wiadomosci\/","logo":{"@type":"ImageObject","inLanguage":"pl-PL","@id":"https:\/\/www.24gliwice.pl\/wiadomosci\/#\/schema\/logo\/image\/","url":"https:\/\/www.24gliwice.pl\/wiadomosci\/wp-content\/uploads\/2024\/10\/24gliwice-logo-696.jpg","contentUrl":"https:\/\/www.24gliwice.pl\/wiadomosci\/wp-content\/uploads\/2024\/10\/24gliwice-logo-696.jpg","width":696,"height":696,"caption":"24gliwice"},"image":{"@id":"https:\/\/www.24gliwice.pl\/wiadomosci\/#\/schema\/logo\/image\/"},"sameAs":["https:\/\/www.facebook.com\/24gliwice","https:\/\/x.com\/24gliwice","https:\/\/www.youtube.com\/@24gliwice"]},{"@type":"Person","@id":"https:\/\/www.24gliwice.pl\/wiadomosci\/#\/schema\/person\/cb5857e4a4d048c15984c1edcc8ef0c0","name":"Marcin Fabrykowski","image":{"@type":"ImageObject","inLanguage":"pl-PL","@id":"https:\/\/www.24gliwice.pl\/wiadomosci\/wp-content\/uploads\/2025\/11\/zdjecie-moje-marcin-300-96x96.jpg","url":"https:\/\/www.24gliwice.pl\/wiadomosci\/wp-content\/uploads\/2025\/11\/zdjecie-moje-marcin-300-96x96.jpg","contentUrl":"https:\/\/www.24gliwice.pl\/wiadomosci\/wp-content\/uploads\/2025\/11\/zdjecie-moje-marcin-300-96x96.jpg","caption":"Marcin Fabrykowski"},"sameAs":["http:\/\/24gliwice.pl","https:\/\/www.facebook.com\/marcin.fabrykowski"],"url":"https:\/\/www.24gliwice.pl\/wiadomosci\/author\/marcin-fabrykowski\/"}]}},"_links":{"self":[{"href":"https:\/\/www.24gliwice.pl\/wiadomosci\/wp-json\/wp\/v2\/posts\/256302","targetHints":{"allow":["GET"]}}],"collection":[{"href":"https:\/\/www.24gliwice.pl\/wiadomosci\/wp-json\/wp\/v2\/posts"}],"about":[{"href":"https:\/\/www.24gliwice.pl\/wiadomosci\/wp-json\/wp\/v2\/types\/post"}],"author":[{"embeddable":true,"href":"https:\/\/www.24gliwice.pl\/wiadomosci\/wp-json\/wp\/v2\/users\/4"}],"replies":[{"embeddable":true,"href":"https:\/\/www.24gliwice.pl\/wiadomosci\/wp-json\/wp\/v2\/comments?post=256302"}],"version-history":[{"count":0,"href":"https:\/\/www.24gliwice.pl\/wiadomosci\/wp-json\/wp\/v2\/posts\/256302\/revisions"}],"wp:featuredmedia":[{"embeddable":true,"href":"https:\/\/www.24gliwice.pl\/wiadomosci\/wp-json\/wp\/v2\/media\/256304"}],"wp:attachment":[{"href":"https:\/\/www.24gliwice.pl\/wiadomosci\/wp-json\/wp\/v2\/media?parent=256302"}],"wp:term":[{"taxonomy":"category","embeddable":true,"href":"https:\/\/www.24gliwice.pl\/wiadomosci\/wp-json\/wp\/v2\/categories?post=256302"},{"taxonomy":"post_tag","embeddable":true,"href":"https:\/\/www.24gliwice.pl\/wiadomosci\/wp-json\/wp\/v2\/tags?post=256302"}],"curies":[{"name":"wp","href":"https:\/\/api.w.org\/{rel}","templated":true}]}}