{"id":256329,"date":"2025-07-02T02:49:57","date_gmt":"2025-07-02T00:49:57","guid":{"rendered":"https:\/\/www.24gliwice.pl\/wiadomosci\/?p=256329"},"modified":"2025-07-02T02:49:57","modified_gmt":"2025-07-02T00:49:57","slug":"do-odswiezenia-blisko-100-tys-metrow-kw-oznakowania-na-drogach-prace-w-gliwicach-na-polmetku","status":"publish","type":"post","link":"https:\/\/www.24gliwice.pl\/wiadomosci\/do-odswiezenia-blisko-100-tys-metrow-kw-oznakowania-na-drogach-prace-w-gliwicach-na-polmetku\/","title":{"rendered":"Do od\u015bwie\u017cenia blisko 100 tys. metr\u00f3w kw. oznakowania na drogach. Prace w Gliwicach na p\u00f3\u0142metku"},"content":{"rendered":"<div class=\"gliwi-a6-nad-leadem-artykulow gliwi-entity-placement\" id=\"gliwi-4055276789\"><div class=\"gliwi-adlabel\"><span style=\"font-size: 9px\">REKLAMA<\/span><\/div><div id=\"gliwi-1845704348\" style=\"margin-bottom: 30px;margin-left: auto;margin-right: auto;text-align: center;\"><a data-no-instant=\"1\" href=\"https:\/\/przedszkole.halogen.org.pl\/\" rel=\"noopener\" class=\"a2t-link\" target=\"_blank\" aria-label=\"20260402-ANIMATOR-przedszkole_grafika_750x200\"><img loading=\"lazy\" decoding=\"async\" src=\"https:\/\/www.24gliwice.pl\/wiadomosci\/wp-content\/uploads\/2026\/04\/20260402-ANIMATOR-przedszkole_grafika_750x200.webp\" alt=\"\"  srcset=\"https:\/\/www.24gliwice.pl\/wiadomosci\/wp-content\/uploads\/2026\/04\/20260402-ANIMATOR-przedszkole_grafika_750x200.webp 750w, https:\/\/www.24gliwice.pl\/wiadomosci\/wp-content\/uploads\/2026\/04\/20260402-ANIMATOR-przedszkole_grafika_750x200-410x109.webp 410w\" sizes=\"(max-width: 750px) 100vw, 750px\" class=\"no-lazyload\" width=\"750\" height=\"200\"  style=\"display: inline-block; max-width: 100%; height: auto;\" \/><\/a><\/div><\/div><h3>W Gliwicach trwaj\u0105 intensywne prace nad odnowieniem oznakowania poziomego. Sprzyjaj\u0105ca pogoda pozwala na dzia\u0142anie pe\u0142n\u0105 par\u0105. \u0141\u0105cznie do od\u015bwie\u017cenia jest blisko 100 tysi\u0119cy metr\u00f3w kwadratowych oznakowania na drogach administrowanych przez Zarz\u0105d Dr\u00f3g Miejskich.<\/h3>\n<p><!--more--><\/p>\n<p>Prace obejmuj\u0105 wszystkie niezb\u0119dne elementy: od linii segregacyjnych i kraw\u0119dziowych, po oznakowanie poprzeczne, takie jak przej\u015bcia dla pieszych czy przejazdy rowerowe. <\/p>\n<p>Aby zminimalizowa\u0107 utrudnienia dla mieszka\u0144c\u00f3w i utrzyma\u0107 p\u0142ynno\u015b\u0107 ruchu, prace prowadzone s\u0105 g\u0142\u00f3wnie poza godzinami szczytu komunikacyjnego, a tak\u017ce wieczorami i w nocy. <\/p><div class=\"gliwi-a3-w-tresci-artykulow gliwi-entity-placement\" id=\"gliwi-1195026690\"><div class=\"gliwi-adlabel\"><span style=\"font-size: 9px\">REKLAMA<\/span><\/div><div id=\"gliwi-4136060957\" style=\"margin-bottom: 30px;margin-left: auto;margin-right: auto;text-align: center;\"><a data-no-instant=\"1\" href=\"https:\/\/zlobek.halogen.org.pl\/\" rel=\"noopener\" class=\"a2t-link\" target=\"_blank\" aria-label=\"animator-zlobek_750x200\"><img loading=\"lazy\" decoding=\"async\" src=\"https:\/\/www.24gliwice.pl\/wiadomosci\/wp-content\/uploads\/2026\/02\/animator-zlobek_750x200.webp\" alt=\"\"  srcset=\"https:\/\/www.24gliwice.pl\/wiadomosci\/wp-content\/uploads\/2026\/02\/animator-zlobek_750x200.webp 750w, https:\/\/www.24gliwice.pl\/wiadomosci\/wp-content\/uploads\/2026\/02\/animator-zlobek_750x200-410x109.webp 410w\" sizes=\"(max-width: 750px) 100vw, 750px\" class=\"no-lazyload\" width=\"750\" height=\"200\"  style=\"display: inline-block; max-width: 100%; height: auto;\" \/><\/a><\/div><\/div>\n<div id=\"attachment_256333\" style=\"width: 820px\" class=\"wp-caption aligncenter\"><img loading=\"lazy\" decoding=\"async\" aria-describedby=\"caption-attachment-256333\" src=\"https:\/\/www.24gliwice.pl\/wiadomosci\/wp-content\/uploads\/2025\/07\/IMG_20250627_104907.jpg\" alt=\"\" width=\"810\" height=\"455\" class=\"size-full wp-image-256333\" srcset=\"https:\/\/www.24gliwice.pl\/wiadomosci\/wp-content\/uploads\/2025\/07\/IMG_20250627_104907.jpg 810w, https:\/\/www.24gliwice.pl\/wiadomosci\/wp-content\/uploads\/2025\/07\/IMG_20250627_104907-410x230.jpg 410w, https:\/\/www.24gliwice.pl\/wiadomosci\/wp-content\/uploads\/2025\/07\/IMG_20250627_104907-768x431.jpg 768w\" sizes=\"auto, (max-width: 810px) 100vw, 810px\" \/><p id=\"caption-attachment-256333\" class=\"wp-caption-text\">fot. J. Jagie\u0142\u0142o-Stiborska\/ZDM Gliwice<\/p><\/div>\n<p>emef<\/p>\n<div class=\"gliwi-a5-na-koncu-artykulow gliwi-entity-placement\" id=\"gliwi-3196155721\"><div class=\"gliwi-adlabel\"><span style=\"font-size: 9px\">REKLAMA<\/span><\/div><div id=\"gliwi-3198269877\" style=\"margin-left: auto;margin-right: auto;text-align: center;\"><a data-no-instant=\"1\" href=\"https:\/\/prezeroarenagliwice.pl\/\" rel=\"noopener\" class=\"a2t-link\" target=\"_blank\" aria-label=\"20260309-PREZERO-WIOSNA-D\"><img loading=\"lazy\" decoding=\"async\" src=\"https:\/\/www.24gliwice.pl\/wiadomosci\/wp-content\/uploads\/2026\/03\/20260309-PREZERO-WIOSNA-D.webp\" alt=\"\"  srcset=\"https:\/\/www.24gliwice.pl\/wiadomosci\/wp-content\/uploads\/2026\/03\/20260309-PREZERO-WIOSNA-D.webp 750w, https:\/\/www.24gliwice.pl\/wiadomosci\/wp-content\/uploads\/2026\/03\/20260309-PREZERO-WIOSNA-D-410x109.webp 410w\" sizes=\"(max-width: 750px) 100vw, 750px\" class=\"no-lazyload\" width=\"750\" height=\"200\"  style=\"display: inline-block; max-width: 100%; height: auto;\" \/><\/a><\/div><\/div>","protected":false},"excerpt":{"rendered":"<p>W Gliwicach trwaj\u0105 intensywne prace nad odnowieniem oznakowania poziomego. Sprzyjaj\u0105ca pogoda pozwala na dzia\u0142anie pe\u0142n\u0105 par\u0105. \u0141\u0105cznie do od\u015bwie\u017cenia jest blisko 100 tysi\u0119cy metr\u00f3w kwadratowych oznakowania na drogach administrowanych przez Zarz\u0105d Dr\u00f3g Miejskich.<\/p>\n","protected":false},"author":4,"featured_media":256332,"comment_status":"open","ping_status":"closed","sticky":false,"template":"","format":"standard","meta":{"_monsterinsights_skip_tracking":false,"_monsterinsights_sitenote_active":false,"_monsterinsights_sitenote_note":"","_monsterinsights_sitenote_category":0,"footnotes":"","_links_to":"","_links_to_target":""},"categories":[3,1],"tags":[],"class_list":["post-256329","post","type-post","status-publish","format-standard","has-post-thumbnail","hentry","category-gliwice","category-wszystko"],"yoast_head":"<!-- This site is optimized with the Yoast SEO plugin v27.5 - https:\/\/yoast.com\/product\/yoast-seo-wordpress\/ -->\n<title>Do od\u015bwie\u017cenia blisko 100 tys. metr\u00f3w kw. oznakowania na drogach. Prace w Gliwicach na p\u00f3\u0142metku - 24GLIWICE - Portal Gliwice | codziennie nowe informacje<\/title>\n<meta name=\"robots\" content=\"index, follow, max-snippet:-1, max-image-preview:large, max-video-preview:-1\" \/>\n<link rel=\"canonical\" href=\"https:\/\/www.24gliwice.pl\/wiadomosci\/do-odswiezenia-blisko-100-tys-metrow-kw-oznakowania-na-drogach-prace-w-gliwicach-na-polmetku\/\" \/>\n<meta property=\"og:locale\" content=\"pl_PL\" \/>\n<meta property=\"og:type\" content=\"article\" \/>\n<meta property=\"og:title\" content=\"Do od\u015bwie\u017cenia blisko 100 tys. metr\u00f3w kw. oznakowania na drogach. Prace w Gliwicach na p\u00f3\u0142metku - 24GLIWICE - Portal Gliwice | codziennie nowe informacje\" \/>\n<meta property=\"og:description\" content=\"W Gliwicach trwaj\u0105 intensywne prace nad odnowieniem oznakowania poziomego. Sprzyjaj\u0105ca pogoda pozwala na dzia\u0142anie pe\u0142n\u0105 par\u0105. \u0141\u0105cznie do od\u015bwie\u017cenia jest blisko 100 tysi\u0119cy metr\u00f3w kwadratowych oznakowania na drogach administrowanych przez Zarz\u0105d Dr\u00f3g Miejskich.\" \/>\n<meta property=\"og:url\" content=\"https:\/\/www.24gliwice.pl\/wiadomosci\/do-odswiezenia-blisko-100-tys-metrow-kw-oznakowania-na-drogach-prace-w-gliwicach-na-polmetku\/\" \/>\n<meta property=\"og:site_name\" content=\"24GLIWICE - Portal Gliwice | codziennie nowe informacje\" \/>\n<meta property=\"article:publisher\" content=\"https:\/\/www.facebook.com\/24gliwice\" \/>\n<meta property=\"article:author\" content=\"https:\/\/www.facebook.com\/marcin.fabrykowski\" \/>\n<meta property=\"article:published_time\" content=\"2025-07-02T00:49:57+00:00\" \/>\n<meta property=\"og:image\" content=\"https:\/\/www.24gliwice.pl\/wiadomosci\/wp-content\/uploads\/2025\/07\/IMG_20250627_104355.jpg\" \/>\n\t<meta property=\"og:image:width\" content=\"810\" \/>\n\t<meta property=\"og:image:height\" content=\"455\" \/>\n\t<meta property=\"og:image:type\" content=\"image\/jpeg\" \/>\n<meta name=\"author\" content=\"Marcin Fabrykowski\" \/>\n<meta name=\"twitter:card\" content=\"summary_large_image\" \/>\n<meta name=\"twitter:creator\" content=\"@24gliwice\" \/>\n<meta name=\"twitter:site\" content=\"@24gliwice\" \/>\n<meta name=\"twitter:label1\" content=\"Napisane przez\" \/>\n\t<meta name=\"twitter:data1\" content=\"Marcin Fabrykowski\" \/>\n\t<meta name=\"twitter:label2\" content=\"Szacowany czas czytania\" \/>\n\t<meta name=\"twitter:data2\" content=\"1 minuta\" \/>\n<script type=\"application\/ld+json\" class=\"yoast-schema-graph\">{\"@context\":\"https:\\\/\\\/schema.org\",\"@graph\":[{\"@type\":\"Article\",\"@id\":\"https:\\\/\\\/www.24gliwice.pl\\\/wiadomosci\\\/do-odswiezenia-blisko-100-tys-metrow-kw-oznakowania-na-drogach-prace-w-gliwicach-na-polmetku\\\/#article\",\"isPartOf\":{\"@id\":\"https:\\\/\\\/www.24gliwice.pl\\\/wiadomosci\\\/do-odswiezenia-blisko-100-tys-metrow-kw-oznakowania-na-drogach-prace-w-gliwicach-na-polmetku\\\/\"},\"author\":{\"name\":\"Marcin Fabrykowski\",\"@id\":\"https:\\\/\\\/www.24gliwice.pl\\\/wiadomosci\\\/#\\\/schema\\\/person\\\/cb5857e4a4d048c15984c1edcc8ef0c0\"},\"headline\":\"Do od\u015bwie\u017cenia blisko 100 tys. metr\u00f3w kw. oznakowania na drogach. Prace w Gliwicach na p\u00f3\u0142metku\",\"datePublished\":\"2025-07-02T00:49:57+00:00\",\"mainEntityOfPage\":{\"@id\":\"https:\\\/\\\/www.24gliwice.pl\\\/wiadomosci\\\/do-odswiezenia-blisko-100-tys-metrow-kw-oznakowania-na-drogach-prace-w-gliwicach-na-polmetku\\\/\"},\"wordCount\":125,\"commentCount\":18,\"publisher\":{\"@id\":\"https:\\\/\\\/www.24gliwice.pl\\\/wiadomosci\\\/#organization\"},\"image\":{\"@id\":\"https:\\\/\\\/www.24gliwice.pl\\\/wiadomosci\\\/do-odswiezenia-blisko-100-tys-metrow-kw-oznakowania-na-drogach-prace-w-gliwicach-na-polmetku\\\/#primaryimage\"},\"thumbnailUrl\":\"https:\\\/\\\/www.24gliwice.pl\\\/wiadomosci\\\/wp-content\\\/uploads\\\/2025\\\/07\\\/IMG_20250627_104355.jpg\",\"articleSection\":[\"Gliwice\",\"Najnowsze wiadomo\u015bci\"],\"inLanguage\":\"pl-PL\",\"potentialAction\":[{\"@type\":\"CommentAction\",\"name\":\"Comment\",\"target\":[\"https:\\\/\\\/www.24gliwice.pl\\\/wiadomosci\\\/do-odswiezenia-blisko-100-tys-metrow-kw-oznakowania-na-drogach-prace-w-gliwicach-na-polmetku\\\/#respond\"]}]},{\"@type\":\"WebPage\",\"@id\":\"https:\\\/\\\/www.24gliwice.pl\\\/wiadomosci\\\/do-odswiezenia-blisko-100-tys-metrow-kw-oznakowania-na-drogach-prace-w-gliwicach-na-polmetku\\\/\",\"url\":\"https:\\\/\\\/www.24gliwice.pl\\\/wiadomosci\\\/do-odswiezenia-blisko-100-tys-metrow-kw-oznakowania-na-drogach-prace-w-gliwicach-na-polmetku\\\/\",\"name\":\"Do od\u015bwie\u017cenia blisko 100 tys. metr\u00f3w kw. oznakowania na drogach. Prace w Gliwicach na p\u00f3\u0142metku - 24GLIWICE - Portal Gliwice | codziennie nowe informacje\",\"isPartOf\":{\"@id\":\"https:\\\/\\\/www.24gliwice.pl\\\/wiadomosci\\\/#website\"},\"primaryImageOfPage\":{\"@id\":\"https:\\\/\\\/www.24gliwice.pl\\\/wiadomosci\\\/do-odswiezenia-blisko-100-tys-metrow-kw-oznakowania-na-drogach-prace-w-gliwicach-na-polmetku\\\/#primaryimage\"},\"image\":{\"@id\":\"https:\\\/\\\/www.24gliwice.pl\\\/wiadomosci\\\/do-odswiezenia-blisko-100-tys-metrow-kw-oznakowania-na-drogach-prace-w-gliwicach-na-polmetku\\\/#primaryimage\"},\"thumbnailUrl\":\"https:\\\/\\\/www.24gliwice.pl\\\/wiadomosci\\\/wp-content\\\/uploads\\\/2025\\\/07\\\/IMG_20250627_104355.jpg\",\"datePublished\":\"2025-07-02T00:49:57+00:00\",\"breadcrumb\":{\"@id\":\"https:\\\/\\\/www.24gliwice.pl\\\/wiadomosci\\\/do-odswiezenia-blisko-100-tys-metrow-kw-oznakowania-na-drogach-prace-w-gliwicach-na-polmetku\\\/#breadcrumb\"},\"inLanguage\":\"pl-PL\",\"potentialAction\":[{\"@type\":\"ReadAction\",\"target\":[\"https:\\\/\\\/www.24gliwice.pl\\\/wiadomosci\\\/do-odswiezenia-blisko-100-tys-metrow-kw-oznakowania-na-drogach-prace-w-gliwicach-na-polmetku\\\/\"]}]},{\"@type\":\"ImageObject\",\"inLanguage\":\"pl-PL\",\"@id\":\"https:\\\/\\\/www.24gliwice.pl\\\/wiadomosci\\\/do-odswiezenia-blisko-100-tys-metrow-kw-oznakowania-na-drogach-prace-w-gliwicach-na-polmetku\\\/#primaryimage\",\"url\":\"https:\\\/\\\/www.24gliwice.pl\\\/wiadomosci\\\/wp-content\\\/uploads\\\/2025\\\/07\\\/IMG_20250627_104355.jpg\",\"contentUrl\":\"https:\\\/\\\/www.24gliwice.pl\\\/wiadomosci\\\/wp-content\\\/uploads\\\/2025\\\/07\\\/IMG_20250627_104355.jpg\",\"width\":810,\"height\":455,\"caption\":\"fot. J. Jagie\u0142\u0142o-Stiborska\\\/ZDM Gliwice\"},{\"@type\":\"BreadcrumbList\",\"@id\":\"https:\\\/\\\/www.24gliwice.pl\\\/wiadomosci\\\/do-odswiezenia-blisko-100-tys-metrow-kw-oznakowania-na-drogach-prace-w-gliwicach-na-polmetku\\\/#breadcrumb\",\"itemListElement\":[{\"@type\":\"ListItem\",\"position\":1,\"name\":\"Strona g\u0142\u00f3wna\",\"item\":\"https:\\\/\\\/www.24gliwice.pl\\\/wiadomosci\\\/\"},{\"@type\":\"ListItem\",\"position\":2,\"name\":\"Do od\u015bwie\u017cenia blisko 100 tys. metr\u00f3w kw. oznakowania na drogach. Prace w Gliwicach na p\u00f3\u0142metku\"}]},{\"@type\":\"WebSite\",\"@id\":\"https:\\\/\\\/www.24gliwice.pl\\\/wiadomosci\\\/#website\",\"url\":\"https:\\\/\\\/www.24gliwice.pl\\\/wiadomosci\\\/\",\"name\":\"24GLIWICE - Portal Gliwice | codziennie nowe wiadomo\u015bci\",\"description\":\"Portal Miejski Gliwice\",\"publisher\":{\"@id\":\"https:\\\/\\\/www.24gliwice.pl\\\/wiadomosci\\\/#organization\"},\"potentialAction\":[{\"@type\":\"SearchAction\",\"target\":{\"@type\":\"EntryPoint\",\"urlTemplate\":\"https:\\\/\\\/www.24gliwice.pl\\\/wiadomosci\\\/?s={search_term_string}\"},\"query-input\":{\"@type\":\"PropertyValueSpecification\",\"valueRequired\":true,\"valueName\":\"search_term_string\"}}],\"inLanguage\":\"pl-PL\"},{\"@type\":\"Organization\",\"@id\":\"https:\\\/\\\/www.24gliwice.pl\\\/wiadomosci\\\/#organization\",\"name\":\"24gliwice\",\"url\":\"https:\\\/\\\/www.24gliwice.pl\\\/wiadomosci\\\/\",\"logo\":{\"@type\":\"ImageObject\",\"inLanguage\":\"pl-PL\",\"@id\":\"https:\\\/\\\/www.24gliwice.pl\\\/wiadomosci\\\/#\\\/schema\\\/logo\\\/image\\\/\",\"url\":\"https:\\\/\\\/www.24gliwice.pl\\\/wiadomosci\\\/wp-content\\\/uploads\\\/2024\\\/10\\\/24gliwice-logo-696.jpg\",\"contentUrl\":\"https:\\\/\\\/www.24gliwice.pl\\\/wiadomosci\\\/wp-content\\\/uploads\\\/2024\\\/10\\\/24gliwice-logo-696.jpg\",\"width\":696,\"height\":696,\"caption\":\"24gliwice\"},\"image\":{\"@id\":\"https:\\\/\\\/www.24gliwice.pl\\\/wiadomosci\\\/#\\\/schema\\\/logo\\\/image\\\/\"},\"sameAs\":[\"https:\\\/\\\/www.facebook.com\\\/24gliwice\",\"https:\\\/\\\/x.com\\\/24gliwice\",\"https:\\\/\\\/www.youtube.com\\\/@24gliwice\"]},{\"@type\":\"Person\",\"@id\":\"https:\\\/\\\/www.24gliwice.pl\\\/wiadomosci\\\/#\\\/schema\\\/person\\\/cb5857e4a4d048c15984c1edcc8ef0c0\",\"name\":\"Marcin Fabrykowski\",\"image\":{\"@type\":\"ImageObject\",\"inLanguage\":\"pl-PL\",\"@id\":\"https:\\\/\\\/www.24gliwice.pl\\\/wiadomosci\\\/wp-content\\\/uploads\\\/2025\\\/11\\\/zdjecie-moje-marcin-300-96x96.jpg\",\"url\":\"https:\\\/\\\/www.24gliwice.pl\\\/wiadomosci\\\/wp-content\\\/uploads\\\/2025\\\/11\\\/zdjecie-moje-marcin-300-96x96.jpg\",\"contentUrl\":\"https:\\\/\\\/www.24gliwice.pl\\\/wiadomosci\\\/wp-content\\\/uploads\\\/2025\\\/11\\\/zdjecie-moje-marcin-300-96x96.jpg\",\"caption\":\"Marcin Fabrykowski\"},\"sameAs\":[\"http:\\\/\\\/24gliwice.pl\",\"https:\\\/\\\/www.facebook.com\\\/marcin.fabrykowski\"],\"url\":\"https:\\\/\\\/www.24gliwice.pl\\\/wiadomosci\\\/author\\\/marcin-fabrykowski\\\/\"}]}<\/script>\n<!-- \/ Yoast SEO plugin. -->","yoast_head_json":{"title":"Do od\u015bwie\u017cenia blisko 100 tys. metr\u00f3w kw. oznakowania na drogach. Prace w Gliwicach na p\u00f3\u0142metku - 24GLIWICE - Portal Gliwice | codziennie nowe informacje","robots":{"index":"index","follow":"follow","max-snippet":"max-snippet:-1","max-image-preview":"max-image-preview:large","max-video-preview":"max-video-preview:-1"},"canonical":"https:\/\/www.24gliwice.pl\/wiadomosci\/do-odswiezenia-blisko-100-tys-metrow-kw-oznakowania-na-drogach-prace-w-gliwicach-na-polmetku\/","og_locale":"pl_PL","og_type":"article","og_title":"Do od\u015bwie\u017cenia blisko 100 tys. metr\u00f3w kw. oznakowania na drogach. Prace w Gliwicach na p\u00f3\u0142metku - 24GLIWICE - Portal Gliwice | codziennie nowe informacje","og_description":"W Gliwicach trwaj\u0105 intensywne prace nad odnowieniem oznakowania poziomego. Sprzyjaj\u0105ca pogoda pozwala na dzia\u0142anie pe\u0142n\u0105 par\u0105. \u0141\u0105cznie do od\u015bwie\u017cenia jest blisko 100 tysi\u0119cy metr\u00f3w kwadratowych oznakowania na drogach administrowanych przez Zarz\u0105d Dr\u00f3g Miejskich.","og_url":"https:\/\/www.24gliwice.pl\/wiadomosci\/do-odswiezenia-blisko-100-tys-metrow-kw-oznakowania-na-drogach-prace-w-gliwicach-na-polmetku\/","og_site_name":"24GLIWICE - Portal Gliwice | codziennie nowe informacje","article_publisher":"https:\/\/www.facebook.com\/24gliwice","article_author":"https:\/\/www.facebook.com\/marcin.fabrykowski","article_published_time":"2025-07-02T00:49:57+00:00","og_image":[{"width":810,"height":455,"url":"https:\/\/www.24gliwice.pl\/wiadomosci\/wp-content\/uploads\/2025\/07\/IMG_20250627_104355.jpg","type":"image\/jpeg"}],"author":"Marcin Fabrykowski","twitter_card":"summary_large_image","twitter_creator":"@24gliwice","twitter_site":"@24gliwice","twitter_misc":{"Napisane przez":"Marcin Fabrykowski","Szacowany czas czytania":"1 minuta"},"schema":{"@context":"https:\/\/schema.org","@graph":[{"@type":"Article","@id":"https:\/\/www.24gliwice.pl\/wiadomosci\/do-odswiezenia-blisko-100-tys-metrow-kw-oznakowania-na-drogach-prace-w-gliwicach-na-polmetku\/#article","isPartOf":{"@id":"https:\/\/www.24gliwice.pl\/wiadomosci\/do-odswiezenia-blisko-100-tys-metrow-kw-oznakowania-na-drogach-prace-w-gliwicach-na-polmetku\/"},"author":{"name":"Marcin Fabrykowski","@id":"https:\/\/www.24gliwice.pl\/wiadomosci\/#\/schema\/person\/cb5857e4a4d048c15984c1edcc8ef0c0"},"headline":"Do od\u015bwie\u017cenia blisko 100 tys. metr\u00f3w kw. oznakowania na drogach. Prace w Gliwicach na p\u00f3\u0142metku","datePublished":"2025-07-02T00:49:57+00:00","mainEntityOfPage":{"@id":"https:\/\/www.24gliwice.pl\/wiadomosci\/do-odswiezenia-blisko-100-tys-metrow-kw-oznakowania-na-drogach-prace-w-gliwicach-na-polmetku\/"},"wordCount":125,"commentCount":18,"publisher":{"@id":"https:\/\/www.24gliwice.pl\/wiadomosci\/#organization"},"image":{"@id":"https:\/\/www.24gliwice.pl\/wiadomosci\/do-odswiezenia-blisko-100-tys-metrow-kw-oznakowania-na-drogach-prace-w-gliwicach-na-polmetku\/#primaryimage"},"thumbnailUrl":"https:\/\/www.24gliwice.pl\/wiadomosci\/wp-content\/uploads\/2025\/07\/IMG_20250627_104355.jpg","articleSection":["Gliwice","Najnowsze wiadomo\u015bci"],"inLanguage":"pl-PL","potentialAction":[{"@type":"CommentAction","name":"Comment","target":["https:\/\/www.24gliwice.pl\/wiadomosci\/do-odswiezenia-blisko-100-tys-metrow-kw-oznakowania-na-drogach-prace-w-gliwicach-na-polmetku\/#respond"]}]},{"@type":"WebPage","@id":"https:\/\/www.24gliwice.pl\/wiadomosci\/do-odswiezenia-blisko-100-tys-metrow-kw-oznakowania-na-drogach-prace-w-gliwicach-na-polmetku\/","url":"https:\/\/www.24gliwice.pl\/wiadomosci\/do-odswiezenia-blisko-100-tys-metrow-kw-oznakowania-na-drogach-prace-w-gliwicach-na-polmetku\/","name":"Do od\u015bwie\u017cenia blisko 100 tys. metr\u00f3w kw. oznakowania na drogach. Prace w Gliwicach na p\u00f3\u0142metku - 24GLIWICE - Portal Gliwice | codziennie nowe informacje","isPartOf":{"@id":"https:\/\/www.24gliwice.pl\/wiadomosci\/#website"},"primaryImageOfPage":{"@id":"https:\/\/www.24gliwice.pl\/wiadomosci\/do-odswiezenia-blisko-100-tys-metrow-kw-oznakowania-na-drogach-prace-w-gliwicach-na-polmetku\/#primaryimage"},"image":{"@id":"https:\/\/www.24gliwice.pl\/wiadomosci\/do-odswiezenia-blisko-100-tys-metrow-kw-oznakowania-na-drogach-prace-w-gliwicach-na-polmetku\/#primaryimage"},"thumbnailUrl":"https:\/\/www.24gliwice.pl\/wiadomosci\/wp-content\/uploads\/2025\/07\/IMG_20250627_104355.jpg","datePublished":"2025-07-02T00:49:57+00:00","breadcrumb":{"@id":"https:\/\/www.24gliwice.pl\/wiadomosci\/do-odswiezenia-blisko-100-tys-metrow-kw-oznakowania-na-drogach-prace-w-gliwicach-na-polmetku\/#breadcrumb"},"inLanguage":"pl-PL","potentialAction":[{"@type":"ReadAction","target":["https:\/\/www.24gliwice.pl\/wiadomosci\/do-odswiezenia-blisko-100-tys-metrow-kw-oznakowania-na-drogach-prace-w-gliwicach-na-polmetku\/"]}]},{"@type":"ImageObject","inLanguage":"pl-PL","@id":"https:\/\/www.24gliwice.pl\/wiadomosci\/do-odswiezenia-blisko-100-tys-metrow-kw-oznakowania-na-drogach-prace-w-gliwicach-na-polmetku\/#primaryimage","url":"https:\/\/www.24gliwice.pl\/wiadomosci\/wp-content\/uploads\/2025\/07\/IMG_20250627_104355.jpg","contentUrl":"https:\/\/www.24gliwice.pl\/wiadomosci\/wp-content\/uploads\/2025\/07\/IMG_20250627_104355.jpg","width":810,"height":455,"caption":"fot. J. Jagie\u0142\u0142o-Stiborska\/ZDM Gliwice"},{"@type":"BreadcrumbList","@id":"https:\/\/www.24gliwice.pl\/wiadomosci\/do-odswiezenia-blisko-100-tys-metrow-kw-oznakowania-na-drogach-prace-w-gliwicach-na-polmetku\/#breadcrumb","itemListElement":[{"@type":"ListItem","position":1,"name":"Strona g\u0142\u00f3wna","item":"https:\/\/www.24gliwice.pl\/wiadomosci\/"},{"@type":"ListItem","position":2,"name":"Do od\u015bwie\u017cenia blisko 100 tys. metr\u00f3w kw. oznakowania na drogach. Prace w Gliwicach na p\u00f3\u0142metku"}]},{"@type":"WebSite","@id":"https:\/\/www.24gliwice.pl\/wiadomosci\/#website","url":"https:\/\/www.24gliwice.pl\/wiadomosci\/","name":"24GLIWICE - Portal Gliwice | codziennie nowe wiadomo\u015bci","description":"Portal Miejski Gliwice","publisher":{"@id":"https:\/\/www.24gliwice.pl\/wiadomosci\/#organization"},"potentialAction":[{"@type":"SearchAction","target":{"@type":"EntryPoint","urlTemplate":"https:\/\/www.24gliwice.pl\/wiadomosci\/?s={search_term_string}"},"query-input":{"@type":"PropertyValueSpecification","valueRequired":true,"valueName":"search_term_string"}}],"inLanguage":"pl-PL"},{"@type":"Organization","@id":"https:\/\/www.24gliwice.pl\/wiadomosci\/#organization","name":"24gliwice","url":"https:\/\/www.24gliwice.pl\/wiadomosci\/","logo":{"@type":"ImageObject","inLanguage":"pl-PL","@id":"https:\/\/www.24gliwice.pl\/wiadomosci\/#\/schema\/logo\/image\/","url":"https:\/\/www.24gliwice.pl\/wiadomosci\/wp-content\/uploads\/2024\/10\/24gliwice-logo-696.jpg","contentUrl":"https:\/\/www.24gliwice.pl\/wiadomosci\/wp-content\/uploads\/2024\/10\/24gliwice-logo-696.jpg","width":696,"height":696,"caption":"24gliwice"},"image":{"@id":"https:\/\/www.24gliwice.pl\/wiadomosci\/#\/schema\/logo\/image\/"},"sameAs":["https:\/\/www.facebook.com\/24gliwice","https:\/\/x.com\/24gliwice","https:\/\/www.youtube.com\/@24gliwice"]},{"@type":"Person","@id":"https:\/\/www.24gliwice.pl\/wiadomosci\/#\/schema\/person\/cb5857e4a4d048c15984c1edcc8ef0c0","name":"Marcin Fabrykowski","image":{"@type":"ImageObject","inLanguage":"pl-PL","@id":"https:\/\/www.24gliwice.pl\/wiadomosci\/wp-content\/uploads\/2025\/11\/zdjecie-moje-marcin-300-96x96.jpg","url":"https:\/\/www.24gliwice.pl\/wiadomosci\/wp-content\/uploads\/2025\/11\/zdjecie-moje-marcin-300-96x96.jpg","contentUrl":"https:\/\/www.24gliwice.pl\/wiadomosci\/wp-content\/uploads\/2025\/11\/zdjecie-moje-marcin-300-96x96.jpg","caption":"Marcin Fabrykowski"},"sameAs":["http:\/\/24gliwice.pl","https:\/\/www.facebook.com\/marcin.fabrykowski"],"url":"https:\/\/www.24gliwice.pl\/wiadomosci\/author\/marcin-fabrykowski\/"}]}},"_links":{"self":[{"href":"https:\/\/www.24gliwice.pl\/wiadomosci\/wp-json\/wp\/v2\/posts\/256329","targetHints":{"allow":["GET"]}}],"collection":[{"href":"https:\/\/www.24gliwice.pl\/wiadomosci\/wp-json\/wp\/v2\/posts"}],"about":[{"href":"https:\/\/www.24gliwice.pl\/wiadomosci\/wp-json\/wp\/v2\/types\/post"}],"author":[{"embeddable":true,"href":"https:\/\/www.24gliwice.pl\/wiadomosci\/wp-json\/wp\/v2\/users\/4"}],"replies":[{"embeddable":true,"href":"https:\/\/www.24gliwice.pl\/wiadomosci\/wp-json\/wp\/v2\/comments?post=256329"}],"version-history":[{"count":0,"href":"https:\/\/www.24gliwice.pl\/wiadomosci\/wp-json\/wp\/v2\/posts\/256329\/revisions"}],"wp:featuredmedia":[{"embeddable":true,"href":"https:\/\/www.24gliwice.pl\/wiadomosci\/wp-json\/wp\/v2\/media\/256332"}],"wp:attachment":[{"href":"https:\/\/www.24gliwice.pl\/wiadomosci\/wp-json\/wp\/v2\/media?parent=256329"}],"wp:term":[{"taxonomy":"category","embeddable":true,"href":"https:\/\/www.24gliwice.pl\/wiadomosci\/wp-json\/wp\/v2\/categories?post=256329"},{"taxonomy":"post_tag","embeddable":true,"href":"https:\/\/www.24gliwice.pl\/wiadomosci\/wp-json\/wp\/v2\/tags?post=256329"}],"curies":[{"name":"wp","href":"https:\/\/api.w.org\/{rel}","templated":true}]}}