{"id":256537,"date":"2025-07-09T00:15:32","date_gmt":"2025-07-08T22:15:32","guid":{"rendered":"https:\/\/www.24gliwice.pl\/wiadomosci\/?p=256537"},"modified":"2025-07-09T00:17:48","modified_gmt":"2025-07-08T22:17:48","slug":"akrobacje-z-andersenem-w-tle-czyli-ulicznicy-zapraszaja","status":"publish","type":"post","link":"https:\/\/www.24gliwice.pl\/wiadomosci\/akrobacje-z-andersenem-w-tle-czyli-ulicznicy-zapraszaja\/","title":{"rendered":"Akrobacje z Andersenem w tle, czyli Ulicznicy zapraszaj\u0105"},"content":{"rendered":"<h2>Ju\u017c po pierwszym tygodniu festiwalowym, z teatrami dzieci\u0119cymi i mniej dzieci\u0119cymi. W drugim czekaj\u0105 publiczno\u015b\u0107 wra\u017cenia. Troch\u0119 bajkowe, troch\u0119 wariackie.<\/h2>\n<p><!--more--><\/p>\n<p>12 lipca dwa sety festiwalowe: o 16.00 w parku Chopina Cie des Six Faux Nez (Belgia) Fiammiferi &#8211; spektakl dla dzieci (polska premiera), o 18.00 &#8211; Barada Street (Wielka Brytania) z widowiskiem Barada Street.<\/p>\n<p><strong>O tym co by\u0142o i o tym co b\u0119dzie rozmawiaj\u0105 Ma\u0142gorzata Lichecka\/Redaktora i Piotr Chlipalski\/ Dyrekcja<\/strong><\/p>\n<hr>\n<h4>Nieustannie dzieci s\u0105 w centrum festiwalowego wiru. Ka\u017cda edycja to kilka przedstawie\u0144. I powiem Ci, \u017ce zawsze przyjmowanych z entuzjazmem. Lubi\u0119 obserwowa\u0107 reakcje. Te ochy i zmarszczone czo\u0142a, \u015bmiech, ale te\u017c zaczepki.<\/h4>\n<p>Je\u015bli wci\u0105\u017c mo\u017cna my\u015ble\u0107 o jakiej\u015b misyjno\u015bci sztuki, to zdecydowanie spektakle dla dzieci nios\u0105 dla mnie jaki\u015b taki Spory Sens. M\u00f3c poprzestawia\u0107, czasem kluczowe, mebelki w g\u0142owach Ma\u0142ych Ludzi na tym etapie, kiedy jeszcze jest szansa, \u017ce (mo\u017ce w\u0142a\u015bnie dzi\u0119ki takim zderzeniom) nie zgubi\u0105 szale\u0144stwa, z kt\u00f3rym si\u0119 rodz\u0105 \u2013bezcenne. Nawet je\u015bli, patrz\u0105c na prognozy, ogl\u0105da\u0107 to b\u0119d\u0105 z pontonu\u2026<\/p>\n<div id=\"attachment_256543\" style=\"width: 820px\" class=\"wp-caption aligncenter\"><img loading=\"lazy\" decoding=\"async\" aria-describedby=\"caption-attachment-256543\" src=\"https:\/\/www.24gliwice.pl\/wiadomosci\/wp-content\/uploads\/2025\/07\/ConTakt-Foley-05-07-2025-fot-MBuksa-Z9D_3229.jpg\" alt=\"\" width=\"810\" height=\"540\" class=\"size-full wp-image-256543\" srcset=\"https:\/\/www.24gliwice.pl\/wiadomosci\/wp-content\/uploads\/2025\/07\/ConTakt-Foley-05-07-2025-fot-MBuksa-Z9D_3229.jpg 810w, https:\/\/www.24gliwice.pl\/wiadomosci\/wp-content\/uploads\/2025\/07\/ConTakt-Foley-05-07-2025-fot-MBuksa-Z9D_3229-348x232.jpg 348w, https:\/\/www.24gliwice.pl\/wiadomosci\/wp-content\/uploads\/2025\/07\/ConTakt-Foley-05-07-2025-fot-MBuksa-Z9D_3229-683x455.jpg 683w, https:\/\/www.24gliwice.pl\/wiadomosci\/wp-content\/uploads\/2025\/07\/ConTakt-Foley-05-07-2025-fot-MBuksa-Z9D_3229-768x512.jpg 768w\" sizes=\"auto, (max-width: 810px) 100vw, 810px\" \/><p id=\"caption-attachment-256543\" class=\"wp-caption-text\">ConTakt, Fot_Michal Buksa<\/p><\/div>\n<h4>ConTakt z\u0142apa\u0142 niez\u0142y kontakt z lud\u017ami. Arty\u015bci i artystki (\u015bwietne akrobatki) byli jedno\u015bci\u0105, tak\u017ce z muzyk\u0105, kt\u00f3ra wyznaczy\u0142a, prowadzi\u0142a, ko\u0144czy\u0142a i zaczyna\u0142a.<\/h4>\n<p>Bo ja mam jako\u015b tak, \u017ce sam fakt, \u017ce kto\u015b lubi robi\u0107 fiko\u0142ki, to troch\u0119 za ma\u0142o, \u017ceby go pokazywa\u0107. Ale jak do tych fiko\u0142k\u00f3w do\u0142o\u017cy\u0107 troch\u0119 dzieci\u0119cej psotliwo\u015bci \u2013 i to psotliwo\u015bci ca\u0142kiem doros\u0142ych ludzi, a do tego przeple\u015b\u0107 to d\u017awi\u0119kami na \u017cywo, to moje przemo\u017cne pragnienie pokazania tego \u015bwiatu zdecydowanie ro\u015bnie. O, tak bym chyba zafiszkowa\u0142 ten powidok: \u201epsotliwo\u015b\u0107\u201d.<\/p>\n<div id=\"attachment_256545\" style=\"width: 820px\" class=\"wp-caption aligncenter\"><img loading=\"lazy\" decoding=\"async\" aria-describedby=\"caption-attachment-256545\" src=\"https:\/\/www.24gliwice.pl\/wiadomosci\/wp-content\/uploads\/2025\/07\/Teatr-Barnaby-05-07-2025-fot-MBuksa-Z9D_3135.jpg\" alt=\"\" width=\"810\" height=\"540\" class=\"size-full wp-image-256545\" srcset=\"https:\/\/www.24gliwice.pl\/wiadomosci\/wp-content\/uploads\/2025\/07\/Teatr-Barnaby-05-07-2025-fot-MBuksa-Z9D_3135.jpg 810w, https:\/\/www.24gliwice.pl\/wiadomosci\/wp-content\/uploads\/2025\/07\/Teatr-Barnaby-05-07-2025-fot-MBuksa-Z9D_3135-348x232.jpg 348w, https:\/\/www.24gliwice.pl\/wiadomosci\/wp-content\/uploads\/2025\/07\/Teatr-Barnaby-05-07-2025-fot-MBuksa-Z9D_3135-683x455.jpg 683w, https:\/\/www.24gliwice.pl\/wiadomosci\/wp-content\/uploads\/2025\/07\/Teatr-Barnaby-05-07-2025-fot-MBuksa-Z9D_3135-768x512.jpg 768w\" sizes=\"auto, (max-width: 810px) 100vw, 810px\" \/><p id=\"caption-attachment-256545\" class=\"wp-caption-text\">Teatr Barnaby, Fot_Michal Buksa<\/p><\/div>\n<h4>Nieoczywista ba\u015b\u0144 Andersenowska. Lalki w okrutnej opowie\u015bci z jak najbardziej wsp\u00f3\u0142czesnym przes\u0142aniem. Grupa Cie des Six Faux Nez od ponad 30 lat w r\u00f3\u017cnych cz\u0119\u015bciach \u015bwiata opowiada sw\u00f3j teatr. B\u0119dzie to robi\u0107 tak\u017ce 12 lipca w Gliwicach.<\/h4>\n<p>I jest to cudnie przesuni\u0119ta w fazie opowie\u015b\u0107, r\u00f3wnie przesuni\u0119ta, jak machina, w kt\u00f3rej to wszystko si\u0119 odbywa. Taki troch\u0119 Pomys\u0142owy Dobromir w wersji live. I zn\u00f3w \u2013do tego muzyka na \u017cywo, kt\u00f3r\u0105 oddycha ten spektakl, cudnie rotacyjna, przeplatana subteln\u0105 prac\u0105 z lalk\u0105\u2026 I cudnie dowiezione, kompletnie surrealistyczne pomys\u0142y. My\u015bl\u0119, \u017ce ten spektakl nie tylko Ma\u0142ym Ludziom mo\u017ce poprzestawia\u0107 par\u0119 mebelk\u00f3w w g\u0142owie. Planowany powidok dla ma\u0142ych i du\u017cych: \u201eojej, to tak mo\u017cna?!\u201d.<\/p>\n<div id=\"attachment_256546\" style=\"width: 820px\" class=\"wp-caption aligncenter\"><img loading=\"lazy\" decoding=\"async\" aria-describedby=\"caption-attachment-256546\" src=\"https:\/\/www.24gliwice.pl\/wiadomosci\/wp-content\/uploads\/2025\/07\/Teatr-Migro-Tajniki-05-07-2025-fot-MBuksa-Z9D_3710.jpg\" alt=\"\" width=\"810\" height=\"540\" class=\"size-full wp-image-256546\" srcset=\"https:\/\/www.24gliwice.pl\/wiadomosci\/wp-content\/uploads\/2025\/07\/Teatr-Migro-Tajniki-05-07-2025-fot-MBuksa-Z9D_3710.jpg 810w, https:\/\/www.24gliwice.pl\/wiadomosci\/wp-content\/uploads\/2025\/07\/Teatr-Migro-Tajniki-05-07-2025-fot-MBuksa-Z9D_3710-348x232.jpg 348w, https:\/\/www.24gliwice.pl\/wiadomosci\/wp-content\/uploads\/2025\/07\/Teatr-Migro-Tajniki-05-07-2025-fot-MBuksa-Z9D_3710-683x455.jpg 683w, https:\/\/www.24gliwice.pl\/wiadomosci\/wp-content\/uploads\/2025\/07\/Teatr-Migro-Tajniki-05-07-2025-fot-MBuksa-Z9D_3710-768x512.jpg 768w\" sizes=\"auto, (max-width: 810px) 100vw, 810px\" \/><p id=\"caption-attachment-256546\" class=\"wp-caption-text\">Teatr Migro Tajniki, Fot_Michal Buksa<\/p><\/div>\n<h4>A potem znowu wr\u00f3cimy do cyrku. Dw\u00f3ch wariat\u00f3w da szalony spektakl.<\/h4>\n<p>Ale tym razem jakby od drugiej strony \u2013taka czysta, zn\u00f3w mocno kopni\u0119ta, ulica \u2013bo cho\u0107 ch\u0142opaki z Barada Street wci\u0105\u017c potrafi\u0105 na siebie wej\u015b\u0107 i zrobi\u0107 fiko\u0142ka (nie przerywaj\u0105c gry na instrumentach!), to akrobacje tylko podbijaj\u0105 stawk\u0119 tego, co wcze\u015bniej narozrabiaj\u0105. A do tego \u2013dla koneser\u00f3w muzyki niezobowi\u0105zuj\u0105co zabawnej \u2013jest to, mimo wszystko, duet bardzo sprawnych ukulelist\u00f3w! Planowany powidok: \u201eC-dur w przewrocie\u201d.<\/p>\n<h4>No i \u017cycz\u0119 Ci, \u017ceby nie pada\u0142o. A\u017c tak bardzo. Cho\u0107 widzia\u0142am Ci\u0119 z imbrykiem w ulewnym deszczu. I by\u0142o wybornie.<\/h4>\n<p>Nie wiem, czy moja moc \u015bci\u0105gania deszczu na siebie wystarczy w kontek\u015bcie tego, co w tym tygodniu na niebie, ale\u2026Jako, \u017ce zn\u00f3w wystawiam si\u0119 do, nomen omen, lania \u2013 mam nadziej\u0119, \u017ce trafi ono na prawdopodobnie zupe\u0142nie deszczo-odpornego \u201eImaginariusa\u201d (18 lipca, zapraszam szczeg\u00f3lnie, bo ro\u015bnie nam z kolegami ten pomys\u0142 przecudnie!) i \u201eZjadacza Grzech\u00f3w\u201d w tym samym miejscu (park) i kontek\u015bcie (fina\u0142), co, lat temu kilka, wspomniany czajniczek\u2026d\u00e9j\u00e0 vu?<\/p>\n<p>Ca\u0142y program na <a href=\"https:\/\/ulicznicy.pl\" target=\"_blank\">ulicznicy.pl<\/a><\/p>\n","protected":false},"excerpt":{"rendered":"<p>Ju\u017c po pierwszym tygodniu festiwalowym, z teatrami dzieci\u0119cymi i mniej dzieci\u0119cymi. W drugim czekaj\u0105 publiczno\u015b\u0107 wra\u017cenia. Troch\u0119 bajkowe, troch\u0119 wariackie.<\/p>\n","protected":false},"author":4,"featured_media":256542,"comment_status":"closed","ping_status":"closed","sticky":false,"template":"","format":"standard","meta":{"_monsterinsights_skip_tracking":false,"_monsterinsights_sitenote_active":false,"_monsterinsights_sitenote_note":"","_monsterinsights_sitenote_category":0,"footnotes":"","_links_to":"","_links_to_target":""},"categories":[3,6,1,1129],"tags":[7058,618,2913],"class_list":["post-256537","post","type-post","status-publish","format-standard","has-post-thumbnail","hentry","category-gliwice","category-kultura","category-wszystko","category-polecamy","tag-malgorzata-lichecka","tag-piotr-chlipalski","tag-ulicznicy"],"yoast_head":"<!-- This site is optimized with the Yoast SEO plugin v27.5 - https:\/\/yoast.com\/product\/yoast-seo-wordpress\/ -->\n<title>Akrobacje z Andersenem w tle, czyli Ulicznicy zapraszaj\u0105 - 24GLIWICE - Portal Gliwice | codziennie nowe informacje<\/title>\n<meta name=\"robots\" content=\"index, follow, max-snippet:-1, max-image-preview:large, max-video-preview:-1\" \/>\n<link rel=\"canonical\" href=\"https:\/\/www.24gliwice.pl\/wiadomosci\/akrobacje-z-andersenem-w-tle-czyli-ulicznicy-zapraszaja\/\" \/>\n<meta property=\"og:locale\" content=\"pl_PL\" \/>\n<meta property=\"og:type\" content=\"article\" \/>\n<meta property=\"og:title\" content=\"Akrobacje z Andersenem w tle, czyli Ulicznicy zapraszaj\u0105 - 24GLIWICE - Portal Gliwice | codziennie nowe informacje\" \/>\n<meta property=\"og:description\" content=\"Ju\u017c po pierwszym tygodniu festiwalowym, z teatrami dzieci\u0119cymi i mniej dzieci\u0119cymi. W drugim czekaj\u0105 publiczno\u015b\u0107 wra\u017cenia. Troch\u0119 bajkowe, troch\u0119 wariackie.\" \/>\n<meta property=\"og:url\" content=\"https:\/\/www.24gliwice.pl\/wiadomosci\/akrobacje-z-andersenem-w-tle-czyli-ulicznicy-zapraszaja\/\" \/>\n<meta property=\"og:site_name\" content=\"24GLIWICE - Portal Gliwice | codziennie nowe informacje\" \/>\n<meta property=\"article:publisher\" content=\"https:\/\/www.facebook.com\/24gliwice\" \/>\n<meta property=\"article:author\" content=\"https:\/\/www.facebook.com\/marcin.fabrykowski\" \/>\n<meta property=\"article:published_time\" content=\"2025-07-08T22:15:32+00:00\" \/>\n<meta property=\"article:modified_time\" content=\"2025-07-08T22:17:48+00:00\" \/>\n<meta property=\"og:image\" content=\"https:\/\/www.24gliwice.pl\/wiadomosci\/wp-content\/uploads\/2025\/07\/ConTakt-Foley-05-07-2025-fot-MBuksa-Z9D_3480-001.jpg\" \/>\n\t<meta property=\"og:image:width\" content=\"1140\" \/>\n\t<meta property=\"og:image:height\" content=\"760\" \/>\n\t<meta property=\"og:image:type\" content=\"image\/jpeg\" \/>\n<meta name=\"author\" content=\"Marcin Fabrykowski\" \/>\n<meta name=\"twitter:card\" content=\"summary_large_image\" \/>\n<meta name=\"twitter:creator\" content=\"@24gliwice\" \/>\n<meta name=\"twitter:site\" content=\"@24gliwice\" \/>\n<meta name=\"twitter:label1\" content=\"Napisane przez\" \/>\n\t<meta name=\"twitter:data1\" content=\"Marcin Fabrykowski\" \/>\n\t<meta name=\"twitter:label2\" content=\"Szacowany czas czytania\" \/>\n\t<meta name=\"twitter:data2\" content=\"5 minut\" \/>\n<script type=\"application\/ld+json\" class=\"yoast-schema-graph\">{\"@context\":\"https:\\\/\\\/schema.org\",\"@graph\":[{\"@type\":\"Article\",\"@id\":\"https:\\\/\\\/www.24gliwice.pl\\\/wiadomosci\\\/akrobacje-z-andersenem-w-tle-czyli-ulicznicy-zapraszaja\\\/#article\",\"isPartOf\":{\"@id\":\"https:\\\/\\\/www.24gliwice.pl\\\/wiadomosci\\\/akrobacje-z-andersenem-w-tle-czyli-ulicznicy-zapraszaja\\\/\"},\"author\":{\"name\":\"Marcin Fabrykowski\",\"@id\":\"https:\\\/\\\/www.24gliwice.pl\\\/wiadomosci\\\/#\\\/schema\\\/person\\\/cb5857e4a4d048c15984c1edcc8ef0c0\"},\"headline\":\"Akrobacje z Andersenem w tle, czyli Ulicznicy zapraszaj\u0105\",\"datePublished\":\"2025-07-08T22:15:32+00:00\",\"dateModified\":\"2025-07-08T22:17:48+00:00\",\"mainEntityOfPage\":{\"@id\":\"https:\\\/\\\/www.24gliwice.pl\\\/wiadomosci\\\/akrobacje-z-andersenem-w-tle-czyli-ulicznicy-zapraszaja\\\/\"},\"wordCount\":664,\"publisher\":{\"@id\":\"https:\\\/\\\/www.24gliwice.pl\\\/wiadomosci\\\/#organization\"},\"image\":{\"@id\":\"https:\\\/\\\/www.24gliwice.pl\\\/wiadomosci\\\/akrobacje-z-andersenem-w-tle-czyli-ulicznicy-zapraszaja\\\/#primaryimage\"},\"thumbnailUrl\":\"https:\\\/\\\/www.24gliwice.pl\\\/wiadomosci\\\/wp-content\\\/uploads\\\/2025\\\/07\\\/ConTakt-Foley-05-07-2025-fot-MBuksa-Z9D_3480-001.jpg\",\"keywords\":[\"Ma\u0142gorzata Lichecka\",\"piotr chlipalski\",\"ULICZNICY\"],\"articleSection\":[\"Gliwice\",\"Kultura, wydarzenia, imprezy\",\"Najnowsze wiadomo\u015bci\",\"Polecamy\"],\"inLanguage\":\"pl-PL\"},{\"@type\":\"WebPage\",\"@id\":\"https:\\\/\\\/www.24gliwice.pl\\\/wiadomosci\\\/akrobacje-z-andersenem-w-tle-czyli-ulicznicy-zapraszaja\\\/\",\"url\":\"https:\\\/\\\/www.24gliwice.pl\\\/wiadomosci\\\/akrobacje-z-andersenem-w-tle-czyli-ulicznicy-zapraszaja\\\/\",\"name\":\"Akrobacje z Andersenem w tle, czyli Ulicznicy zapraszaj\u0105 - 24GLIWICE - Portal Gliwice | codziennie nowe informacje\",\"isPartOf\":{\"@id\":\"https:\\\/\\\/www.24gliwice.pl\\\/wiadomosci\\\/#website\"},\"primaryImageOfPage\":{\"@id\":\"https:\\\/\\\/www.24gliwice.pl\\\/wiadomosci\\\/akrobacje-z-andersenem-w-tle-czyli-ulicznicy-zapraszaja\\\/#primaryimage\"},\"image\":{\"@id\":\"https:\\\/\\\/www.24gliwice.pl\\\/wiadomosci\\\/akrobacje-z-andersenem-w-tle-czyli-ulicznicy-zapraszaja\\\/#primaryimage\"},\"thumbnailUrl\":\"https:\\\/\\\/www.24gliwice.pl\\\/wiadomosci\\\/wp-content\\\/uploads\\\/2025\\\/07\\\/ConTakt-Foley-05-07-2025-fot-MBuksa-Z9D_3480-001.jpg\",\"datePublished\":\"2025-07-08T22:15:32+00:00\",\"dateModified\":\"2025-07-08T22:17:48+00:00\",\"breadcrumb\":{\"@id\":\"https:\\\/\\\/www.24gliwice.pl\\\/wiadomosci\\\/akrobacje-z-andersenem-w-tle-czyli-ulicznicy-zapraszaja\\\/#breadcrumb\"},\"inLanguage\":\"pl-PL\",\"potentialAction\":[{\"@type\":\"ReadAction\",\"target\":[\"https:\\\/\\\/www.24gliwice.pl\\\/wiadomosci\\\/akrobacje-z-andersenem-w-tle-czyli-ulicznicy-zapraszaja\\\/\"]}]},{\"@type\":\"ImageObject\",\"inLanguage\":\"pl-PL\",\"@id\":\"https:\\\/\\\/www.24gliwice.pl\\\/wiadomosci\\\/akrobacje-z-andersenem-w-tle-czyli-ulicznicy-zapraszaja\\\/#primaryimage\",\"url\":\"https:\\\/\\\/www.24gliwice.pl\\\/wiadomosci\\\/wp-content\\\/uploads\\\/2025\\\/07\\\/ConTakt-Foley-05-07-2025-fot-MBuksa-Z9D_3480-001.jpg\",\"contentUrl\":\"https:\\\/\\\/www.24gliwice.pl\\\/wiadomosci\\\/wp-content\\\/uploads\\\/2025\\\/07\\\/ConTakt-Foley-05-07-2025-fot-MBuksa-Z9D_3480-001.jpg\",\"width\":1140,\"height\":760,\"caption\":\"Fot_Michal Buksa\"},{\"@type\":\"BreadcrumbList\",\"@id\":\"https:\\\/\\\/www.24gliwice.pl\\\/wiadomosci\\\/akrobacje-z-andersenem-w-tle-czyli-ulicznicy-zapraszaja\\\/#breadcrumb\",\"itemListElement\":[{\"@type\":\"ListItem\",\"position\":1,\"name\":\"Strona g\u0142\u00f3wna\",\"item\":\"https:\\\/\\\/www.24gliwice.pl\\\/wiadomosci\\\/\"},{\"@type\":\"ListItem\",\"position\":2,\"name\":\"Akrobacje z Andersenem w tle, czyli Ulicznicy zapraszaj\u0105\"}]},{\"@type\":\"WebSite\",\"@id\":\"https:\\\/\\\/www.24gliwice.pl\\\/wiadomosci\\\/#website\",\"url\":\"https:\\\/\\\/www.24gliwice.pl\\\/wiadomosci\\\/\",\"name\":\"24GLIWICE - Portal Gliwice | codziennie nowe wiadomo\u015bci\",\"description\":\"Portal Miejski Gliwice\",\"publisher\":{\"@id\":\"https:\\\/\\\/www.24gliwice.pl\\\/wiadomosci\\\/#organization\"},\"potentialAction\":[{\"@type\":\"SearchAction\",\"target\":{\"@type\":\"EntryPoint\",\"urlTemplate\":\"https:\\\/\\\/www.24gliwice.pl\\\/wiadomosci\\\/?s={search_term_string}\"},\"query-input\":{\"@type\":\"PropertyValueSpecification\",\"valueRequired\":true,\"valueName\":\"search_term_string\"}}],\"inLanguage\":\"pl-PL\"},{\"@type\":\"Organization\",\"@id\":\"https:\\\/\\\/www.24gliwice.pl\\\/wiadomosci\\\/#organization\",\"name\":\"24gliwice\",\"url\":\"https:\\\/\\\/www.24gliwice.pl\\\/wiadomosci\\\/\",\"logo\":{\"@type\":\"ImageObject\",\"inLanguage\":\"pl-PL\",\"@id\":\"https:\\\/\\\/www.24gliwice.pl\\\/wiadomosci\\\/#\\\/schema\\\/logo\\\/image\\\/\",\"url\":\"https:\\\/\\\/www.24gliwice.pl\\\/wiadomosci\\\/wp-content\\\/uploads\\\/2024\\\/10\\\/24gliwice-logo-696.jpg\",\"contentUrl\":\"https:\\\/\\\/www.24gliwice.pl\\\/wiadomosci\\\/wp-content\\\/uploads\\\/2024\\\/10\\\/24gliwice-logo-696.jpg\",\"width\":696,\"height\":696,\"caption\":\"24gliwice\"},\"image\":{\"@id\":\"https:\\\/\\\/www.24gliwice.pl\\\/wiadomosci\\\/#\\\/schema\\\/logo\\\/image\\\/\"},\"sameAs\":[\"https:\\\/\\\/www.facebook.com\\\/24gliwice\",\"https:\\\/\\\/x.com\\\/24gliwice\",\"https:\\\/\\\/www.youtube.com\\\/@24gliwice\"]},{\"@type\":\"Person\",\"@id\":\"https:\\\/\\\/www.24gliwice.pl\\\/wiadomosci\\\/#\\\/schema\\\/person\\\/cb5857e4a4d048c15984c1edcc8ef0c0\",\"name\":\"Marcin Fabrykowski\",\"image\":{\"@type\":\"ImageObject\",\"inLanguage\":\"pl-PL\",\"@id\":\"https:\\\/\\\/www.24gliwice.pl\\\/wiadomosci\\\/wp-content\\\/uploads\\\/2025\\\/11\\\/zdjecie-moje-marcin-300-96x96.jpg\",\"url\":\"https:\\\/\\\/www.24gliwice.pl\\\/wiadomosci\\\/wp-content\\\/uploads\\\/2025\\\/11\\\/zdjecie-moje-marcin-300-96x96.jpg\",\"contentUrl\":\"https:\\\/\\\/www.24gliwice.pl\\\/wiadomosci\\\/wp-content\\\/uploads\\\/2025\\\/11\\\/zdjecie-moje-marcin-300-96x96.jpg\",\"caption\":\"Marcin Fabrykowski\"},\"sameAs\":[\"http:\\\/\\\/24gliwice.pl\",\"https:\\\/\\\/www.facebook.com\\\/marcin.fabrykowski\"],\"url\":\"https:\\\/\\\/www.24gliwice.pl\\\/wiadomosci\\\/author\\\/marcin-fabrykowski\\\/\"}]}<\/script>\n<!-- \/ Yoast SEO plugin. -->","yoast_head_json":{"title":"Akrobacje z Andersenem w tle, czyli Ulicznicy zapraszaj\u0105 - 24GLIWICE - Portal Gliwice | codziennie nowe informacje","robots":{"index":"index","follow":"follow","max-snippet":"max-snippet:-1","max-image-preview":"max-image-preview:large","max-video-preview":"max-video-preview:-1"},"canonical":"https:\/\/www.24gliwice.pl\/wiadomosci\/akrobacje-z-andersenem-w-tle-czyli-ulicznicy-zapraszaja\/","og_locale":"pl_PL","og_type":"article","og_title":"Akrobacje z Andersenem w tle, czyli Ulicznicy zapraszaj\u0105 - 24GLIWICE - Portal Gliwice | codziennie nowe informacje","og_description":"Ju\u017c po pierwszym tygodniu festiwalowym, z teatrami dzieci\u0119cymi i mniej dzieci\u0119cymi. W drugim czekaj\u0105 publiczno\u015b\u0107 wra\u017cenia. Troch\u0119 bajkowe, troch\u0119 wariackie.","og_url":"https:\/\/www.24gliwice.pl\/wiadomosci\/akrobacje-z-andersenem-w-tle-czyli-ulicznicy-zapraszaja\/","og_site_name":"24GLIWICE - Portal Gliwice | codziennie nowe informacje","article_publisher":"https:\/\/www.facebook.com\/24gliwice","article_author":"https:\/\/www.facebook.com\/marcin.fabrykowski","article_published_time":"2025-07-08T22:15:32+00:00","article_modified_time":"2025-07-08T22:17:48+00:00","og_image":[{"width":1140,"height":760,"url":"https:\/\/www.24gliwice.pl\/wiadomosci\/wp-content\/uploads\/2025\/07\/ConTakt-Foley-05-07-2025-fot-MBuksa-Z9D_3480-001.jpg","type":"image\/jpeg"}],"author":"Marcin Fabrykowski","twitter_card":"summary_large_image","twitter_creator":"@24gliwice","twitter_site":"@24gliwice","twitter_misc":{"Napisane przez":"Marcin Fabrykowski","Szacowany czas czytania":"5 minut"},"schema":{"@context":"https:\/\/schema.org","@graph":[{"@type":"Article","@id":"https:\/\/www.24gliwice.pl\/wiadomosci\/akrobacje-z-andersenem-w-tle-czyli-ulicznicy-zapraszaja\/#article","isPartOf":{"@id":"https:\/\/www.24gliwice.pl\/wiadomosci\/akrobacje-z-andersenem-w-tle-czyli-ulicznicy-zapraszaja\/"},"author":{"name":"Marcin Fabrykowski","@id":"https:\/\/www.24gliwice.pl\/wiadomosci\/#\/schema\/person\/cb5857e4a4d048c15984c1edcc8ef0c0"},"headline":"Akrobacje z Andersenem w tle, czyli Ulicznicy zapraszaj\u0105","datePublished":"2025-07-08T22:15:32+00:00","dateModified":"2025-07-08T22:17:48+00:00","mainEntityOfPage":{"@id":"https:\/\/www.24gliwice.pl\/wiadomosci\/akrobacje-z-andersenem-w-tle-czyli-ulicznicy-zapraszaja\/"},"wordCount":664,"publisher":{"@id":"https:\/\/www.24gliwice.pl\/wiadomosci\/#organization"},"image":{"@id":"https:\/\/www.24gliwice.pl\/wiadomosci\/akrobacje-z-andersenem-w-tle-czyli-ulicznicy-zapraszaja\/#primaryimage"},"thumbnailUrl":"https:\/\/www.24gliwice.pl\/wiadomosci\/wp-content\/uploads\/2025\/07\/ConTakt-Foley-05-07-2025-fot-MBuksa-Z9D_3480-001.jpg","keywords":["Ma\u0142gorzata Lichecka","piotr chlipalski","ULICZNICY"],"articleSection":["Gliwice","Kultura, wydarzenia, imprezy","Najnowsze wiadomo\u015bci","Polecamy"],"inLanguage":"pl-PL"},{"@type":"WebPage","@id":"https:\/\/www.24gliwice.pl\/wiadomosci\/akrobacje-z-andersenem-w-tle-czyli-ulicznicy-zapraszaja\/","url":"https:\/\/www.24gliwice.pl\/wiadomosci\/akrobacje-z-andersenem-w-tle-czyli-ulicznicy-zapraszaja\/","name":"Akrobacje z Andersenem w tle, czyli Ulicznicy zapraszaj\u0105 - 24GLIWICE - Portal Gliwice | codziennie nowe informacje","isPartOf":{"@id":"https:\/\/www.24gliwice.pl\/wiadomosci\/#website"},"primaryImageOfPage":{"@id":"https:\/\/www.24gliwice.pl\/wiadomosci\/akrobacje-z-andersenem-w-tle-czyli-ulicznicy-zapraszaja\/#primaryimage"},"image":{"@id":"https:\/\/www.24gliwice.pl\/wiadomosci\/akrobacje-z-andersenem-w-tle-czyli-ulicznicy-zapraszaja\/#primaryimage"},"thumbnailUrl":"https:\/\/www.24gliwice.pl\/wiadomosci\/wp-content\/uploads\/2025\/07\/ConTakt-Foley-05-07-2025-fot-MBuksa-Z9D_3480-001.jpg","datePublished":"2025-07-08T22:15:32+00:00","dateModified":"2025-07-08T22:17:48+00:00","breadcrumb":{"@id":"https:\/\/www.24gliwice.pl\/wiadomosci\/akrobacje-z-andersenem-w-tle-czyli-ulicznicy-zapraszaja\/#breadcrumb"},"inLanguage":"pl-PL","potentialAction":[{"@type":"ReadAction","target":["https:\/\/www.24gliwice.pl\/wiadomosci\/akrobacje-z-andersenem-w-tle-czyli-ulicznicy-zapraszaja\/"]}]},{"@type":"ImageObject","inLanguage":"pl-PL","@id":"https:\/\/www.24gliwice.pl\/wiadomosci\/akrobacje-z-andersenem-w-tle-czyli-ulicznicy-zapraszaja\/#primaryimage","url":"https:\/\/www.24gliwice.pl\/wiadomosci\/wp-content\/uploads\/2025\/07\/ConTakt-Foley-05-07-2025-fot-MBuksa-Z9D_3480-001.jpg","contentUrl":"https:\/\/www.24gliwice.pl\/wiadomosci\/wp-content\/uploads\/2025\/07\/ConTakt-Foley-05-07-2025-fot-MBuksa-Z9D_3480-001.jpg","width":1140,"height":760,"caption":"Fot_Michal Buksa"},{"@type":"BreadcrumbList","@id":"https:\/\/www.24gliwice.pl\/wiadomosci\/akrobacje-z-andersenem-w-tle-czyli-ulicznicy-zapraszaja\/#breadcrumb","itemListElement":[{"@type":"ListItem","position":1,"name":"Strona g\u0142\u00f3wna","item":"https:\/\/www.24gliwice.pl\/wiadomosci\/"},{"@type":"ListItem","position":2,"name":"Akrobacje z Andersenem w tle, czyli Ulicznicy zapraszaj\u0105"}]},{"@type":"WebSite","@id":"https:\/\/www.24gliwice.pl\/wiadomosci\/#website","url":"https:\/\/www.24gliwice.pl\/wiadomosci\/","name":"24GLIWICE - Portal Gliwice | codziennie nowe wiadomo\u015bci","description":"Portal Miejski Gliwice","publisher":{"@id":"https:\/\/www.24gliwice.pl\/wiadomosci\/#organization"},"potentialAction":[{"@type":"SearchAction","target":{"@type":"EntryPoint","urlTemplate":"https:\/\/www.24gliwice.pl\/wiadomosci\/?s={search_term_string}"},"query-input":{"@type":"PropertyValueSpecification","valueRequired":true,"valueName":"search_term_string"}}],"inLanguage":"pl-PL"},{"@type":"Organization","@id":"https:\/\/www.24gliwice.pl\/wiadomosci\/#organization","name":"24gliwice","url":"https:\/\/www.24gliwice.pl\/wiadomosci\/","logo":{"@type":"ImageObject","inLanguage":"pl-PL","@id":"https:\/\/www.24gliwice.pl\/wiadomosci\/#\/schema\/logo\/image\/","url":"https:\/\/www.24gliwice.pl\/wiadomosci\/wp-content\/uploads\/2024\/10\/24gliwice-logo-696.jpg","contentUrl":"https:\/\/www.24gliwice.pl\/wiadomosci\/wp-content\/uploads\/2024\/10\/24gliwice-logo-696.jpg","width":696,"height":696,"caption":"24gliwice"},"image":{"@id":"https:\/\/www.24gliwice.pl\/wiadomosci\/#\/schema\/logo\/image\/"},"sameAs":["https:\/\/www.facebook.com\/24gliwice","https:\/\/x.com\/24gliwice","https:\/\/www.youtube.com\/@24gliwice"]},{"@type":"Person","@id":"https:\/\/www.24gliwice.pl\/wiadomosci\/#\/schema\/person\/cb5857e4a4d048c15984c1edcc8ef0c0","name":"Marcin Fabrykowski","image":{"@type":"ImageObject","inLanguage":"pl-PL","@id":"https:\/\/www.24gliwice.pl\/wiadomosci\/wp-content\/uploads\/2025\/11\/zdjecie-moje-marcin-300-96x96.jpg","url":"https:\/\/www.24gliwice.pl\/wiadomosci\/wp-content\/uploads\/2025\/11\/zdjecie-moje-marcin-300-96x96.jpg","contentUrl":"https:\/\/www.24gliwice.pl\/wiadomosci\/wp-content\/uploads\/2025\/11\/zdjecie-moje-marcin-300-96x96.jpg","caption":"Marcin Fabrykowski"},"sameAs":["http:\/\/24gliwice.pl","https:\/\/www.facebook.com\/marcin.fabrykowski"],"url":"https:\/\/www.24gliwice.pl\/wiadomosci\/author\/marcin-fabrykowski\/"}]}},"_links":{"self":[{"href":"https:\/\/www.24gliwice.pl\/wiadomosci\/wp-json\/wp\/v2\/posts\/256537","targetHints":{"allow":["GET"]}}],"collection":[{"href":"https:\/\/www.24gliwice.pl\/wiadomosci\/wp-json\/wp\/v2\/posts"}],"about":[{"href":"https:\/\/www.24gliwice.pl\/wiadomosci\/wp-json\/wp\/v2\/types\/post"}],"author":[{"embeddable":true,"href":"https:\/\/www.24gliwice.pl\/wiadomosci\/wp-json\/wp\/v2\/users\/4"}],"replies":[{"embeddable":true,"href":"https:\/\/www.24gliwice.pl\/wiadomosci\/wp-json\/wp\/v2\/comments?post=256537"}],"version-history":[{"count":0,"href":"https:\/\/www.24gliwice.pl\/wiadomosci\/wp-json\/wp\/v2\/posts\/256537\/revisions"}],"wp:featuredmedia":[{"embeddable":true,"href":"https:\/\/www.24gliwice.pl\/wiadomosci\/wp-json\/wp\/v2\/media\/256542"}],"wp:attachment":[{"href":"https:\/\/www.24gliwice.pl\/wiadomosci\/wp-json\/wp\/v2\/media?parent=256537"}],"wp:term":[{"taxonomy":"category","embeddable":true,"href":"https:\/\/www.24gliwice.pl\/wiadomosci\/wp-json\/wp\/v2\/categories?post=256537"},{"taxonomy":"post_tag","embeddable":true,"href":"https:\/\/www.24gliwice.pl\/wiadomosci\/wp-json\/wp\/v2\/tags?post=256537"}],"curies":[{"name":"wp","href":"https:\/\/api.w.org\/{rel}","templated":true}]}}