{"id":256550,"date":"2025-07-09T12:36:18","date_gmt":"2025-07-09T10:36:18","guid":{"rendered":"https:\/\/www.24gliwice.pl\/wiadomosci\/?p=256550"},"modified":"2025-07-09T12:36:18","modified_gmt":"2025-07-09T10:36:18","slug":"nowy-park-handlowy-obok-budowanego-osiedla-otwarcie-w-i-polowie-2026-roku","status":"publish","type":"post","link":"https:\/\/www.24gliwice.pl\/wiadomosci\/nowy-park-handlowy-obok-budowanego-osiedla-otwarcie-w-i-polowie-2026-roku\/","title":{"rendered":"Nowy park handlowy obok budowanego osiedla. Otwarcie w I po\u0142owie 2026 roku"},"content":{"rendered":"<div class=\"gliwi-a6-nad-leadem-artykulow gliwi-entity-placement\" id=\"gliwi-1778744123\"><div class=\"gliwi-adlabel\"><span style=\"font-size: 9px\">REKLAMA<\/span><\/div><div id=\"gliwi-2698324946\" style=\"margin-bottom: 25px;margin-left: auto;margin-right: auto;text-align: center;\"><a data-no-instant=\"1\" href=\"https:\/\/dom100.eu\/\" rel=\"noopener\" class=\"a2t-link\" target=\"_blank\" aria-label=\"20260415 DOM100 D\"><img loading=\"lazy\" decoding=\"async\" src=\"https:\/\/www.24gliwice.pl\/wiadomosci\/wp-content\/uploads\/2026\/04\/20260415-DOM100-D.jpg\" alt=\"\"  srcset=\"https:\/\/www.24gliwice.pl\/wiadomosci\/wp-content\/uploads\/2026\/04\/20260415-DOM100-D.jpg 750w, https:\/\/www.24gliwice.pl\/wiadomosci\/wp-content\/uploads\/2026\/04\/20260415-DOM100-D-410x109.jpg 410w\" sizes=\"(max-width: 750px) 100vw, 750px\" class=\"no-lazyload\" width=\"750\" height=\"200\"  style=\"display: inline-block; max-width: 100%; height: auto;\" \/><\/a><\/div><\/div><h2>W Gliwicach przy ul. Andersa i Okulickiego, tu\u017c obok budowanego osiedla, powstaje dwukondygnacyjny obiekt handlowo-us\u0142ugowy. Opr\u00f3cz sklep\u00f3w, otworzy si\u0119 tu tak\u017ce klub fitness og\u00f3lnopolskiego operatora. Zako\u0144czenie prac planowane jest na I po\u0142. 2026 r.<\/h2>\n<p><!--more--><\/p>\n<p>Na terenie obj\u0119tym inwestycj\u0105 powstanie tak\u017ce wielkopowierzchniowy obiekt us\u0142ugowo-handlowy (pow. ca\u0142kowita ok. 4 900 mkw.) z marketem znanego na rynku operatora spo\u017cywczego (z naszych nieoficjalnych informacji wynika, \u017ce w tym miejscu dzia\u0142a\u0142 b\u0119dzie Kaufland). Dodatkowo, do dyspozycji klient\u00f3w zostanie oddany wsp\u00f3lny parking, licz\u0105cy 278 miejsc postojowych. Roboty na placu budowy rozpocz\u0119to dobrych kilka miesi\u0119cy temu. <\/p>\n<blockquote><p><em>Aktualnie prowadzimy prace przygotowawcze do budowy, w tym prace, kt\u00f3rych celem jest przebudowa istniej\u0105cej infrastruktury, b\u0119d\u0105cej w kolizji z planowanymi budynkami handlowymi<\/em><\/p><\/blockquote>\n<p>&#8211; m\u00f3wi <strong>Dawid Kli\u015b<\/strong>, Prezes Zarz\u0105du firmy SPEC BAU POLSKA, kt\u00f3ra odpowiada za realizacj\u0119 tej inwestycji. <\/p><div class=\"gliwi-a3-w-tresci-artykulow gliwi-entity-placement\" id=\"gliwi-2048500974\"><div class=\"gliwi-adlabel\"><span style=\"font-size: 9px\">REKLAMA<\/span><\/div><div id=\"gliwi-2539391324\" style=\"margin-bottom: 30px;margin-left: auto;margin-right: auto;text-align: center;\"><a data-no-instant=\"1\" href=\"https:\/\/zlobek.halogen.org.pl\/\" rel=\"noopener\" class=\"a2t-link\" target=\"_blank\" aria-label=\"animator-zlobek_750x200\"><img loading=\"lazy\" decoding=\"async\" src=\"https:\/\/www.24gliwice.pl\/wiadomosci\/wp-content\/uploads\/2026\/02\/animator-zlobek_750x200.webp\" alt=\"\"  srcset=\"https:\/\/www.24gliwice.pl\/wiadomosci\/wp-content\/uploads\/2026\/02\/animator-zlobek_750x200.webp 750w, https:\/\/www.24gliwice.pl\/wiadomosci\/wp-content\/uploads\/2026\/02\/animator-zlobek_750x200-410x109.webp 410w\" sizes=\"(max-width: 750px) 100vw, 750px\" class=\"no-lazyload\" width=\"750\" height=\"200\"  style=\"display: inline-block; max-width: 100%; height: auto;\" \/><\/a><\/div><\/div>\n<p><img loading=\"lazy\" decoding=\"async\" src=\"https:\/\/www.24gliwice.pl\/wiadomosci\/wp-content\/uploads\/2025\/07\/park-handlowy-andersa-emfab3.jpg\" alt=\"\" width=\"1200\" height=\"675\" class=\"aligncenter size-full wp-image-256565\" srcset=\"https:\/\/www.24gliwice.pl\/wiadomosci\/wp-content\/uploads\/2025\/07\/park-handlowy-andersa-emfab3.jpg 1200w, https:\/\/www.24gliwice.pl\/wiadomosci\/wp-content\/uploads\/2025\/07\/park-handlowy-andersa-emfab3-410x232.jpg 410w, https:\/\/www.24gliwice.pl\/wiadomosci\/wp-content\/uploads\/2025\/07\/park-handlowy-andersa-emfab3-810x456.jpg 810w, https:\/\/www.24gliwice.pl\/wiadomosci\/wp-content\/uploads\/2025\/07\/park-handlowy-andersa-emfab3-768x432.jpg 768w, https:\/\/www.24gliwice.pl\/wiadomosci\/wp-content\/uploads\/2025\/07\/park-handlowy-andersa-emfab3-1140x641.jpg 1140w\" sizes=\"auto, (max-width: 1200px) 100vw, 1200px\" \/><\/p>\n<p>Lokalizacja obiektu jest o tyle dogodna, \u017ce znajdzie si\u0119 on w s\u0105siedztwie obwodnicy zachodniej, po kt\u00f3rej przebiega obecnie trasa drogi krajowej nr 78. R\u00f3wnocze\u015bnie nowy park handlowy powstaje w s\u0105siedztwie potencjalnej konkurencji &#8211; naprzeciwko dw\u00f3ch innych market\u00f3w &#8211; mi\u0119dzy ulicami Andersa i Kozielsk\u0105, w rejonie Cmentarza Centralnego dzia\u0142aj\u0105 ju\u017c sklepy sieci Biedronka oraz LIDL. <\/p>\n<p><a href=\"https:\/\/www.24gliwice.pl\/wiadomosci\/wp-content\/uploads\/2025\/07\/park-handlowy-andersa.jpg\"><img loading=\"lazy\" decoding=\"async\" src=\"https:\/\/www.24gliwice.pl\/wiadomosci\/wp-content\/uploads\/2025\/07\/park-handlowy-andersa.jpg\" alt=\"\" width=\"1200\" height=\"678\" class=\"alignnone size-full wp-image-256554\" srcset=\"https:\/\/www.24gliwice.pl\/wiadomosci\/wp-content\/uploads\/2025\/07\/park-handlowy-andersa.jpg 1200w, https:\/\/www.24gliwice.pl\/wiadomosci\/wp-content\/uploads\/2025\/07\/park-handlowy-andersa-410x232.jpg 410w, https:\/\/www.24gliwice.pl\/wiadomosci\/wp-content\/uploads\/2025\/07\/park-handlowy-andersa-805x455.jpg 805w, https:\/\/www.24gliwice.pl\/wiadomosci\/wp-content\/uploads\/2025\/07\/park-handlowy-andersa-768x434.jpg 768w, https:\/\/www.24gliwice.pl\/wiadomosci\/wp-content\/uploads\/2025\/07\/park-handlowy-andersa-810x458.jpg 810w, https:\/\/www.24gliwice.pl\/wiadomosci\/wp-content\/uploads\/2025\/07\/park-handlowy-andersa-1140x644.jpg 1140w\" sizes=\"auto, (max-width: 1200px) 100vw, 1200px\" \/><\/a><\/p>\n<p>Jak zapewnia inwestor, realizowana inwestycja uzupe\u0142ni lokaln\u0105 ofert\u0119 handlowo-us\u0142ugow\u0105 i wzbogaci j\u0105 o obiekt nie b\u0119d\u0105cy typowym dyskontem. &#8211; Tak zagospodarowana luka rynkowa wpisze si\u0119 w oczekiwania i codzienne potrzeby mieszka\u0144c\u00f3w okolicznych osiedli, kt\u00f3rych przybywa m.in. w zwi\u0105zku z powstaj\u0105c\u0105 w s\u0105siedztwie inwestycj\u0105 mieszkaniow\u0105 Ogrody Andersa. Jej deweloperem jest og\u00f3lnopolska sp\u00f3\u0142ka gie\u0142dowa ATAL S.A. &#8211; podkre\u015blono w materia\u0142ach prasowych. <\/p>\n<h4>Obiekt ma zosta\u0107 otwarty w pierwszej po\u0142owie 2026 roku. Wy\u0142\u0105cznym agentem komercjalizacji inwestycji jest firma Walter Herz.<\/h4>\n<p>\u2013 W nowym parku b\u0119d\u0105 funkcjonowa\u0142y m.in. takie sklepy jak Sinsay, \u017babka oraz drogeria Rossmann, czy sieciowy klub fitness Fabryka Formy. Z kolei znany operator spo\u017cywczy zadysponuje powierzchni\u0105 marketu. Podpisane dot\u0105d umowy najmu obejmuj\u0105 zdecydowan\u0105 wi\u0119kszo\u015b\u0107 powierzchni handlowej, kt\u00f3r\u0105 Gliwice zyskaj\u0105 dzi\u0119ki temu projektowi \u2013 informuje <strong>Piotr Szymo\u0144ski<\/strong>, director w Walter Herz.<\/p>\n<p><a href=\"https:\/\/www.24gliwice.pl\/wiadomosci\/wp-content\/uploads\/2025\/07\/park-handlowy-andersa2.jpg\"><img loading=\"lazy\" decoding=\"async\" src=\"https:\/\/www.24gliwice.pl\/wiadomosci\/wp-content\/uploads\/2025\/07\/park-handlowy-andersa2.jpg\" alt=\"\" width=\"1200\" height=\"676\" class=\"alignnone size-full wp-image-256555\" srcset=\"https:\/\/www.24gliwice.pl\/wiadomosci\/wp-content\/uploads\/2025\/07\/park-handlowy-andersa2.jpg 1200w, https:\/\/www.24gliwice.pl\/wiadomosci\/wp-content\/uploads\/2025\/07\/park-handlowy-andersa2-410x232.jpg 410w, https:\/\/www.24gliwice.pl\/wiadomosci\/wp-content\/uploads\/2025\/07\/park-handlowy-andersa2-808x455.jpg 808w, https:\/\/www.24gliwice.pl\/wiadomosci\/wp-content\/uploads\/2025\/07\/park-handlowy-andersa2-768x433.jpg 768w, https:\/\/www.24gliwice.pl\/wiadomosci\/wp-content\/uploads\/2025\/07\/park-handlowy-andersa2-810x456.jpg 810w, https:\/\/www.24gliwice.pl\/wiadomosci\/wp-content\/uploads\/2025\/07\/park-handlowy-andersa2-1140x642.jpg 1140w\" sizes=\"auto, (max-width: 1200px) 100vw, 1200px\" \/><\/a><\/p>\n<p>&#8211; Gliwicki rynek jest szczeg\u00f3lnie wymagaj\u0105cy. Funkcjonuje na nim du\u017ca liczba galerii oraz park\u00f3w handlowych. Spore nasycenie powierzchniami handlowymi oraz silna konkurencja wewn\u0119trzna powoduj\u0105, \u017ce nowa oferta musi by\u0107 szczeg\u00f3lnie atrakcyjna dla mieszka\u0144c\u00f3w i uzupe\u0142nia\u0107 istniej\u0105ce propozycje handlowe. Szybkie tempo procesu komercjalizacji dowodzi jednak, \u017ce zapotrzebowanie na powierzchni\u0119 handlow\u0105 w\u015br\u00f3d najemc\u00f3w w Gliwicach jest nadal du\u017ce \u2013 dodaje Piotr Szymo\u0144ski.<\/p>\n<h4>Za zakres deweloperski i projektowy inwestycji odpowiada firma SPEC BAU POLSKA, kt\u00f3ra pe\u0142ni r\u00f3wnie\u017c funkcj\u0119 generalnego wykonawcy przy tym projekcie.<\/h4>\n<p>Jej zadanie obejmuje przygotowanie i zaprojektowanie inwestycji oraz budow\u0119 parku handlowego o powierzchni ca\u0142kowitej ok. 3 600 mkw., ze sklepami popularnych marek i stref\u0105 fitness, a tak\u017ce przebudow\u0119 uk\u0142adu drogowego dla potrzeb komunikacji obiekt\u00f3w oraz osiedla mieszkaniowego Ogrody Andersa.<\/p>\n<p><a href=\"https:\/\/www.24gliwice.pl\/wiadomosci\/wp-content\/uploads\/2025\/07\/park-handlowy-andersa-emfab2.jpg\"><img loading=\"lazy\" decoding=\"async\" src=\"https:\/\/www.24gliwice.pl\/wiadomosci\/wp-content\/uploads\/2025\/07\/park-handlowy-andersa-emfab2.jpg\" alt=\"\" width=\"1200\" height=\"675\" class=\"alignnone size-full wp-image-256564\" srcset=\"https:\/\/www.24gliwice.pl\/wiadomosci\/wp-content\/uploads\/2025\/07\/park-handlowy-andersa-emfab2.jpg 1200w, https:\/\/www.24gliwice.pl\/wiadomosci\/wp-content\/uploads\/2025\/07\/park-handlowy-andersa-emfab2-410x232.jpg 410w, https:\/\/www.24gliwice.pl\/wiadomosci\/wp-content\/uploads\/2025\/07\/park-handlowy-andersa-emfab2-810x456.jpg 810w, https:\/\/www.24gliwice.pl\/wiadomosci\/wp-content\/uploads\/2025\/07\/park-handlowy-andersa-emfab2-768x432.jpg 768w, https:\/\/www.24gliwice.pl\/wiadomosci\/wp-content\/uploads\/2025\/07\/park-handlowy-andersa-emfab2-1140x641.jpg 1140w\" sizes=\"auto, (max-width: 1200px) 100vw, 1200px\" \/><\/a><\/p>\n<p>(\u017cms\/mat. pras. SPEC BAU POLSKA)<\/p>\n<div class=\"gliwi-a5-na-koncu-artykulow gliwi-entity-placement\" id=\"gliwi-939725991\"><div class=\"gliwi-adlabel\"><span style=\"font-size: 9px\">REKLAMA<\/span><\/div><div id=\"gliwi-1659534643\" style=\"margin-left: auto;margin-right: auto;text-align: center;\"><a data-no-instant=\"1\" href=\"https:\/\/prezeroarenagliwice.pl\/\" rel=\"noopener\" class=\"a2t-link\" target=\"_blank\" aria-label=\"20260309-PREZERO-WIOSNA-D\"><img loading=\"lazy\" decoding=\"async\" src=\"https:\/\/www.24gliwice.pl\/wiadomosci\/wp-content\/uploads\/2026\/03\/20260309-PREZERO-WIOSNA-D.webp\" alt=\"\"  srcset=\"https:\/\/www.24gliwice.pl\/wiadomosci\/wp-content\/uploads\/2026\/03\/20260309-PREZERO-WIOSNA-D.webp 750w, https:\/\/www.24gliwice.pl\/wiadomosci\/wp-content\/uploads\/2026\/03\/20260309-PREZERO-WIOSNA-D-410x109.webp 410w\" sizes=\"(max-width: 750px) 100vw, 750px\" class=\"no-lazyload\" width=\"750\" height=\"200\"  style=\"display: inline-block; max-width: 100%; height: auto;\" \/><\/a><\/div><\/div>","protected":false},"excerpt":{"rendered":"<p>W Gliwicach przy ul. Andersa i Okulickiego, tu\u017c obok budowanego osiedla, powstaje dwukondygnacyjny obiekt handlowo-us\u0142ugowy. Opr\u00f3cz sklep\u00f3w, otworzy si\u0119 tu tak\u017ce klub fitness og\u00f3lnopolskiego operatora. Zako\u0144czenie prac planowane jest na I po\u0142. 2026 r.<\/p>\n","protected":false},"author":15,"featured_media":256563,"comment_status":"open","ping_status":"closed","sticky":false,"template":"","format":"standard","meta":{"_monsterinsights_skip_tracking":false,"_monsterinsights_sitenote_active":false,"_monsterinsights_sitenote_note":"","_monsterinsights_sitenote_category":0,"footnotes":"","_links_to":"","_links_to_target":""},"categories":[3,1,9],"tags":[22951,24447],"class_list":["post-256550","post","type-post","status-publish","format-standard","has-post-thumbnail","hentry","category-gliwice","category-wszystko","category-aktualnosci_lokalne","tag-park-handlowy","tag-spec-bau"],"yoast_head":"<!-- This site is optimized with the Yoast SEO plugin v27.4 - https:\/\/yoast.com\/product\/yoast-seo-wordpress\/ -->\n<title>Nowy park handlowy obok budowanego osiedla. Otwarcie w I po\u0142owie 2026 roku - 24GLIWICE - Portal Gliwice | codziennie nowe informacje<\/title>\n<meta name=\"description\" content=\"Obok osiedla &quot;Ogrody Anders&quot; powstaje nowy park handlowy, w kt\u00f3rym przewidziano si\u0142owni\u0119, market wielkopowierzchniowy i mniejsze sklepy\" \/>\n<meta name=\"robots\" content=\"index, follow, max-snippet:-1, max-image-preview:large, max-video-preview:-1\" \/>\n<link rel=\"canonical\" href=\"https:\/\/www.24gliwice.pl\/wiadomosci\/nowy-park-handlowy-obok-budowanego-osiedla-otwarcie-w-i-polowie-2026-roku\/\" \/>\n<meta property=\"og:locale\" content=\"pl_PL\" \/>\n<meta property=\"og:type\" content=\"article\" \/>\n<meta property=\"og:title\" content=\"Nowy park handlowy obok budowanego osiedla. Otwarcie w I po\u0142owie 2026 roku - 24GLIWICE - Portal Gliwice | codziennie nowe informacje\" \/>\n<meta property=\"og:description\" content=\"Obok osiedla &quot;Ogrody Anders&quot; powstaje nowy park handlowy, w kt\u00f3rym przewidziano si\u0142owni\u0119, market wielkopowierzchniowy i mniejsze sklepy\" \/>\n<meta property=\"og:url\" content=\"https:\/\/www.24gliwice.pl\/wiadomosci\/nowy-park-handlowy-obok-budowanego-osiedla-otwarcie-w-i-polowie-2026-roku\/\" \/>\n<meta property=\"og:site_name\" content=\"24GLIWICE - Portal Gliwice | codziennie nowe informacje\" \/>\n<meta property=\"article:publisher\" content=\"https:\/\/www.facebook.com\/24gliwice\" \/>\n<meta property=\"article:published_time\" content=\"2025-07-09T10:36:18+00:00\" \/>\n<meta property=\"og:image\" content=\"https:\/\/www.24gliwice.pl\/wiadomosci\/wp-content\/uploads\/2025\/07\/park-handlowy-andersa-emfab.jpg\" \/>\n\t<meta property=\"og:image:width\" content=\"1200\" \/>\n\t<meta property=\"og:image:height\" content=\"675\" \/>\n\t<meta property=\"og:image:type\" content=\"image\/jpeg\" \/>\n<meta name=\"author\" content=\"\u017baneta Mrozek-Siewierska\" \/>\n<meta name=\"twitter:card\" content=\"summary_large_image\" \/>\n<meta name=\"twitter:creator\" content=\"@24gliwice\" \/>\n<meta name=\"twitter:site\" content=\"@24gliwice\" \/>\n<meta name=\"twitter:label1\" content=\"Napisane przez\" \/>\n\t<meta name=\"twitter:data1\" content=\"\u017baneta Mrozek-Siewierska\" \/>\n\t<meta name=\"twitter:label2\" content=\"Szacowany czas czytania\" \/>\n\t<meta name=\"twitter:data2\" content=\"4 minuty\" \/>\n<script type=\"application\/ld+json\" class=\"yoast-schema-graph\">{\"@context\":\"https:\\\/\\\/schema.org\",\"@graph\":[{\"@type\":\"Article\",\"@id\":\"https:\\\/\\\/www.24gliwice.pl\\\/wiadomosci\\\/nowy-park-handlowy-obok-budowanego-osiedla-otwarcie-w-i-polowie-2026-roku\\\/#article\",\"isPartOf\":{\"@id\":\"https:\\\/\\\/www.24gliwice.pl\\\/wiadomosci\\\/nowy-park-handlowy-obok-budowanego-osiedla-otwarcie-w-i-polowie-2026-roku\\\/\"},\"author\":{\"name\":\"\u017baneta Mrozek-Siewierska\",\"@id\":\"https:\\\/\\\/www.24gliwice.pl\\\/wiadomosci\\\/#\\\/schema\\\/person\\\/e42c650edd7f2fa332be3811fb166b6e\"},\"headline\":\"Nowy park handlowy obok budowanego osiedla. Otwarcie w I po\u0142owie 2026 roku\",\"datePublished\":\"2025-07-09T10:36:18+00:00\",\"mainEntityOfPage\":{\"@id\":\"https:\\\/\\\/www.24gliwice.pl\\\/wiadomosci\\\/nowy-park-handlowy-obok-budowanego-osiedla-otwarcie-w-i-polowie-2026-roku\\\/\"},\"wordCount\":519,\"commentCount\":63,\"publisher\":{\"@id\":\"https:\\\/\\\/www.24gliwice.pl\\\/wiadomosci\\\/#organization\"},\"image\":{\"@id\":\"https:\\\/\\\/www.24gliwice.pl\\\/wiadomosci\\\/nowy-park-handlowy-obok-budowanego-osiedla-otwarcie-w-i-polowie-2026-roku\\\/#primaryimage\"},\"thumbnailUrl\":\"https:\\\/\\\/www.24gliwice.pl\\\/wiadomosci\\\/wp-content\\\/uploads\\\/2025\\\/07\\\/park-handlowy-andersa-emfab.jpg\",\"keywords\":[\"park handlowy\",\"SPEC BAU\"],\"articleSection\":[\"Gliwice\",\"Najnowsze wiadomo\u015bci\",\"Portal Gliwice - Wiadomo\u015bci lokalne\"],\"inLanguage\":\"pl-PL\",\"potentialAction\":[{\"@type\":\"CommentAction\",\"name\":\"Comment\",\"target\":[\"https:\\\/\\\/www.24gliwice.pl\\\/wiadomosci\\\/nowy-park-handlowy-obok-budowanego-osiedla-otwarcie-w-i-polowie-2026-roku\\\/#respond\"]}]},{\"@type\":\"WebPage\",\"@id\":\"https:\\\/\\\/www.24gliwice.pl\\\/wiadomosci\\\/nowy-park-handlowy-obok-budowanego-osiedla-otwarcie-w-i-polowie-2026-roku\\\/\",\"url\":\"https:\\\/\\\/www.24gliwice.pl\\\/wiadomosci\\\/nowy-park-handlowy-obok-budowanego-osiedla-otwarcie-w-i-polowie-2026-roku\\\/\",\"name\":\"Nowy park handlowy obok budowanego osiedla. Otwarcie w I po\u0142owie 2026 roku - 24GLIWICE - Portal Gliwice | codziennie nowe informacje\",\"isPartOf\":{\"@id\":\"https:\\\/\\\/www.24gliwice.pl\\\/wiadomosci\\\/#website\"},\"primaryImageOfPage\":{\"@id\":\"https:\\\/\\\/www.24gliwice.pl\\\/wiadomosci\\\/nowy-park-handlowy-obok-budowanego-osiedla-otwarcie-w-i-polowie-2026-roku\\\/#primaryimage\"},\"image\":{\"@id\":\"https:\\\/\\\/www.24gliwice.pl\\\/wiadomosci\\\/nowy-park-handlowy-obok-budowanego-osiedla-otwarcie-w-i-polowie-2026-roku\\\/#primaryimage\"},\"thumbnailUrl\":\"https:\\\/\\\/www.24gliwice.pl\\\/wiadomosci\\\/wp-content\\\/uploads\\\/2025\\\/07\\\/park-handlowy-andersa-emfab.jpg\",\"datePublished\":\"2025-07-09T10:36:18+00:00\",\"description\":\"Obok osiedla \\\"Ogrody Anders\\\" powstaje nowy park handlowy, w kt\u00f3rym przewidziano si\u0142owni\u0119, market wielkopowierzchniowy i mniejsze sklepy\",\"breadcrumb\":{\"@id\":\"https:\\\/\\\/www.24gliwice.pl\\\/wiadomosci\\\/nowy-park-handlowy-obok-budowanego-osiedla-otwarcie-w-i-polowie-2026-roku\\\/#breadcrumb\"},\"inLanguage\":\"pl-PL\",\"potentialAction\":[{\"@type\":\"ReadAction\",\"target\":[\"https:\\\/\\\/www.24gliwice.pl\\\/wiadomosci\\\/nowy-park-handlowy-obok-budowanego-osiedla-otwarcie-w-i-polowie-2026-roku\\\/\"]}]},{\"@type\":\"ImageObject\",\"inLanguage\":\"pl-PL\",\"@id\":\"https:\\\/\\\/www.24gliwice.pl\\\/wiadomosci\\\/nowy-park-handlowy-obok-budowanego-osiedla-otwarcie-w-i-polowie-2026-roku\\\/#primaryimage\",\"url\":\"https:\\\/\\\/www.24gliwice.pl\\\/wiadomosci\\\/wp-content\\\/uploads\\\/2025\\\/07\\\/park-handlowy-andersa-emfab.jpg\",\"contentUrl\":\"https:\\\/\\\/www.24gliwice.pl\\\/wiadomosci\\\/wp-content\\\/uploads\\\/2025\\\/07\\\/park-handlowy-andersa-emfab.jpg\",\"width\":1200,\"height\":675},{\"@type\":\"BreadcrumbList\",\"@id\":\"https:\\\/\\\/www.24gliwice.pl\\\/wiadomosci\\\/nowy-park-handlowy-obok-budowanego-osiedla-otwarcie-w-i-polowie-2026-roku\\\/#breadcrumb\",\"itemListElement\":[{\"@type\":\"ListItem\",\"position\":1,\"name\":\"Strona g\u0142\u00f3wna\",\"item\":\"https:\\\/\\\/www.24gliwice.pl\\\/wiadomosci\\\/\"},{\"@type\":\"ListItem\",\"position\":2,\"name\":\"Nowy park handlowy obok budowanego osiedla. Otwarcie w I po\u0142owie 2026 roku\"}]},{\"@type\":\"WebSite\",\"@id\":\"https:\\\/\\\/www.24gliwice.pl\\\/wiadomosci\\\/#website\",\"url\":\"https:\\\/\\\/www.24gliwice.pl\\\/wiadomosci\\\/\",\"name\":\"24GLIWICE - Portal Gliwice | codziennie nowe wiadomo\u015bci\",\"description\":\"Portal Miejski Gliwice\",\"publisher\":{\"@id\":\"https:\\\/\\\/www.24gliwice.pl\\\/wiadomosci\\\/#organization\"},\"potentialAction\":[{\"@type\":\"SearchAction\",\"target\":{\"@type\":\"EntryPoint\",\"urlTemplate\":\"https:\\\/\\\/www.24gliwice.pl\\\/wiadomosci\\\/?s={search_term_string}\"},\"query-input\":{\"@type\":\"PropertyValueSpecification\",\"valueRequired\":true,\"valueName\":\"search_term_string\"}}],\"inLanguage\":\"pl-PL\"},{\"@type\":\"Organization\",\"@id\":\"https:\\\/\\\/www.24gliwice.pl\\\/wiadomosci\\\/#organization\",\"name\":\"24gliwice\",\"url\":\"https:\\\/\\\/www.24gliwice.pl\\\/wiadomosci\\\/\",\"logo\":{\"@type\":\"ImageObject\",\"inLanguage\":\"pl-PL\",\"@id\":\"https:\\\/\\\/www.24gliwice.pl\\\/wiadomosci\\\/#\\\/schema\\\/logo\\\/image\\\/\",\"url\":\"https:\\\/\\\/www.24gliwice.pl\\\/wiadomosci\\\/wp-content\\\/uploads\\\/2024\\\/10\\\/24gliwice-logo-696.jpg\",\"contentUrl\":\"https:\\\/\\\/www.24gliwice.pl\\\/wiadomosci\\\/wp-content\\\/uploads\\\/2024\\\/10\\\/24gliwice-logo-696.jpg\",\"width\":696,\"height\":696,\"caption\":\"24gliwice\"},\"image\":{\"@id\":\"https:\\\/\\\/www.24gliwice.pl\\\/wiadomosci\\\/#\\\/schema\\\/logo\\\/image\\\/\"},\"sameAs\":[\"https:\\\/\\\/www.facebook.com\\\/24gliwice\",\"https:\\\/\\\/x.com\\\/24gliwice\",\"https:\\\/\\\/www.youtube.com\\\/@24gliwice\"]},{\"@type\":\"Person\",\"@id\":\"https:\\\/\\\/www.24gliwice.pl\\\/wiadomosci\\\/#\\\/schema\\\/person\\\/e42c650edd7f2fa332be3811fb166b6e\",\"name\":\"\u017baneta Mrozek-Siewierska\",\"image\":{\"@type\":\"ImageObject\",\"inLanguage\":\"pl-PL\",\"@id\":\"https:\\\/\\\/www.24gliwice.pl\\\/wiadomosci\\\/wp-content\\\/uploads\\\/2021\\\/11\\\/Zaneta-M_S-zdjecie-czb-96x96.jpg\",\"url\":\"https:\\\/\\\/www.24gliwice.pl\\\/wiadomosci\\\/wp-content\\\/uploads\\\/2021\\\/11\\\/Zaneta-M_S-zdjecie-czb-96x96.jpg\",\"contentUrl\":\"https:\\\/\\\/www.24gliwice.pl\\\/wiadomosci\\\/wp-content\\\/uploads\\\/2021\\\/11\\\/Zaneta-M_S-zdjecie-czb-96x96.jpg\",\"caption\":\"\u017baneta Mrozek-Siewierska\"},\"url\":\"https:\\\/\\\/www.24gliwice.pl\\\/wiadomosci\\\/author\\\/zms\\\/\"}]}<\/script>\n<!-- \/ Yoast SEO plugin. -->","yoast_head_json":{"title":"Nowy park handlowy obok budowanego osiedla. Otwarcie w I po\u0142owie 2026 roku - 24GLIWICE - Portal Gliwice | codziennie nowe informacje","description":"Obok osiedla \"Ogrody Anders\" powstaje nowy park handlowy, w kt\u00f3rym przewidziano si\u0142owni\u0119, market wielkopowierzchniowy i mniejsze sklepy","robots":{"index":"index","follow":"follow","max-snippet":"max-snippet:-1","max-image-preview":"max-image-preview:large","max-video-preview":"max-video-preview:-1"},"canonical":"https:\/\/www.24gliwice.pl\/wiadomosci\/nowy-park-handlowy-obok-budowanego-osiedla-otwarcie-w-i-polowie-2026-roku\/","og_locale":"pl_PL","og_type":"article","og_title":"Nowy park handlowy obok budowanego osiedla. Otwarcie w I po\u0142owie 2026 roku - 24GLIWICE - Portal Gliwice | codziennie nowe informacje","og_description":"Obok osiedla \"Ogrody Anders\" powstaje nowy park handlowy, w kt\u00f3rym przewidziano si\u0142owni\u0119, market wielkopowierzchniowy i mniejsze sklepy","og_url":"https:\/\/www.24gliwice.pl\/wiadomosci\/nowy-park-handlowy-obok-budowanego-osiedla-otwarcie-w-i-polowie-2026-roku\/","og_site_name":"24GLIWICE - Portal Gliwice | codziennie nowe informacje","article_publisher":"https:\/\/www.facebook.com\/24gliwice","article_published_time":"2025-07-09T10:36:18+00:00","og_image":[{"width":1200,"height":675,"url":"https:\/\/www.24gliwice.pl\/wiadomosci\/wp-content\/uploads\/2025\/07\/park-handlowy-andersa-emfab.jpg","type":"image\/jpeg"}],"author":"\u017baneta Mrozek-Siewierska","twitter_card":"summary_large_image","twitter_creator":"@24gliwice","twitter_site":"@24gliwice","twitter_misc":{"Napisane przez":"\u017baneta Mrozek-Siewierska","Szacowany czas czytania":"4 minuty"},"schema":{"@context":"https:\/\/schema.org","@graph":[{"@type":"Article","@id":"https:\/\/www.24gliwice.pl\/wiadomosci\/nowy-park-handlowy-obok-budowanego-osiedla-otwarcie-w-i-polowie-2026-roku\/#article","isPartOf":{"@id":"https:\/\/www.24gliwice.pl\/wiadomosci\/nowy-park-handlowy-obok-budowanego-osiedla-otwarcie-w-i-polowie-2026-roku\/"},"author":{"name":"\u017baneta Mrozek-Siewierska","@id":"https:\/\/www.24gliwice.pl\/wiadomosci\/#\/schema\/person\/e42c650edd7f2fa332be3811fb166b6e"},"headline":"Nowy park handlowy obok budowanego osiedla. Otwarcie w I po\u0142owie 2026 roku","datePublished":"2025-07-09T10:36:18+00:00","mainEntityOfPage":{"@id":"https:\/\/www.24gliwice.pl\/wiadomosci\/nowy-park-handlowy-obok-budowanego-osiedla-otwarcie-w-i-polowie-2026-roku\/"},"wordCount":519,"commentCount":63,"publisher":{"@id":"https:\/\/www.24gliwice.pl\/wiadomosci\/#organization"},"image":{"@id":"https:\/\/www.24gliwice.pl\/wiadomosci\/nowy-park-handlowy-obok-budowanego-osiedla-otwarcie-w-i-polowie-2026-roku\/#primaryimage"},"thumbnailUrl":"https:\/\/www.24gliwice.pl\/wiadomosci\/wp-content\/uploads\/2025\/07\/park-handlowy-andersa-emfab.jpg","keywords":["park handlowy","SPEC BAU"],"articleSection":["Gliwice","Najnowsze wiadomo\u015bci","Portal Gliwice - Wiadomo\u015bci lokalne"],"inLanguage":"pl-PL","potentialAction":[{"@type":"CommentAction","name":"Comment","target":["https:\/\/www.24gliwice.pl\/wiadomosci\/nowy-park-handlowy-obok-budowanego-osiedla-otwarcie-w-i-polowie-2026-roku\/#respond"]}]},{"@type":"WebPage","@id":"https:\/\/www.24gliwice.pl\/wiadomosci\/nowy-park-handlowy-obok-budowanego-osiedla-otwarcie-w-i-polowie-2026-roku\/","url":"https:\/\/www.24gliwice.pl\/wiadomosci\/nowy-park-handlowy-obok-budowanego-osiedla-otwarcie-w-i-polowie-2026-roku\/","name":"Nowy park handlowy obok budowanego osiedla. Otwarcie w I po\u0142owie 2026 roku - 24GLIWICE - Portal Gliwice | codziennie nowe informacje","isPartOf":{"@id":"https:\/\/www.24gliwice.pl\/wiadomosci\/#website"},"primaryImageOfPage":{"@id":"https:\/\/www.24gliwice.pl\/wiadomosci\/nowy-park-handlowy-obok-budowanego-osiedla-otwarcie-w-i-polowie-2026-roku\/#primaryimage"},"image":{"@id":"https:\/\/www.24gliwice.pl\/wiadomosci\/nowy-park-handlowy-obok-budowanego-osiedla-otwarcie-w-i-polowie-2026-roku\/#primaryimage"},"thumbnailUrl":"https:\/\/www.24gliwice.pl\/wiadomosci\/wp-content\/uploads\/2025\/07\/park-handlowy-andersa-emfab.jpg","datePublished":"2025-07-09T10:36:18+00:00","description":"Obok osiedla \"Ogrody Anders\" powstaje nowy park handlowy, w kt\u00f3rym przewidziano si\u0142owni\u0119, market wielkopowierzchniowy i mniejsze sklepy","breadcrumb":{"@id":"https:\/\/www.24gliwice.pl\/wiadomosci\/nowy-park-handlowy-obok-budowanego-osiedla-otwarcie-w-i-polowie-2026-roku\/#breadcrumb"},"inLanguage":"pl-PL","potentialAction":[{"@type":"ReadAction","target":["https:\/\/www.24gliwice.pl\/wiadomosci\/nowy-park-handlowy-obok-budowanego-osiedla-otwarcie-w-i-polowie-2026-roku\/"]}]},{"@type":"ImageObject","inLanguage":"pl-PL","@id":"https:\/\/www.24gliwice.pl\/wiadomosci\/nowy-park-handlowy-obok-budowanego-osiedla-otwarcie-w-i-polowie-2026-roku\/#primaryimage","url":"https:\/\/www.24gliwice.pl\/wiadomosci\/wp-content\/uploads\/2025\/07\/park-handlowy-andersa-emfab.jpg","contentUrl":"https:\/\/www.24gliwice.pl\/wiadomosci\/wp-content\/uploads\/2025\/07\/park-handlowy-andersa-emfab.jpg","width":1200,"height":675},{"@type":"BreadcrumbList","@id":"https:\/\/www.24gliwice.pl\/wiadomosci\/nowy-park-handlowy-obok-budowanego-osiedla-otwarcie-w-i-polowie-2026-roku\/#breadcrumb","itemListElement":[{"@type":"ListItem","position":1,"name":"Strona g\u0142\u00f3wna","item":"https:\/\/www.24gliwice.pl\/wiadomosci\/"},{"@type":"ListItem","position":2,"name":"Nowy park handlowy obok budowanego osiedla. Otwarcie w I po\u0142owie 2026 roku"}]},{"@type":"WebSite","@id":"https:\/\/www.24gliwice.pl\/wiadomosci\/#website","url":"https:\/\/www.24gliwice.pl\/wiadomosci\/","name":"24GLIWICE - Portal Gliwice | codziennie nowe wiadomo\u015bci","description":"Portal Miejski Gliwice","publisher":{"@id":"https:\/\/www.24gliwice.pl\/wiadomosci\/#organization"},"potentialAction":[{"@type":"SearchAction","target":{"@type":"EntryPoint","urlTemplate":"https:\/\/www.24gliwice.pl\/wiadomosci\/?s={search_term_string}"},"query-input":{"@type":"PropertyValueSpecification","valueRequired":true,"valueName":"search_term_string"}}],"inLanguage":"pl-PL"},{"@type":"Organization","@id":"https:\/\/www.24gliwice.pl\/wiadomosci\/#organization","name":"24gliwice","url":"https:\/\/www.24gliwice.pl\/wiadomosci\/","logo":{"@type":"ImageObject","inLanguage":"pl-PL","@id":"https:\/\/www.24gliwice.pl\/wiadomosci\/#\/schema\/logo\/image\/","url":"https:\/\/www.24gliwice.pl\/wiadomosci\/wp-content\/uploads\/2024\/10\/24gliwice-logo-696.jpg","contentUrl":"https:\/\/www.24gliwice.pl\/wiadomosci\/wp-content\/uploads\/2024\/10\/24gliwice-logo-696.jpg","width":696,"height":696,"caption":"24gliwice"},"image":{"@id":"https:\/\/www.24gliwice.pl\/wiadomosci\/#\/schema\/logo\/image\/"},"sameAs":["https:\/\/www.facebook.com\/24gliwice","https:\/\/x.com\/24gliwice","https:\/\/www.youtube.com\/@24gliwice"]},{"@type":"Person","@id":"https:\/\/www.24gliwice.pl\/wiadomosci\/#\/schema\/person\/e42c650edd7f2fa332be3811fb166b6e","name":"\u017baneta Mrozek-Siewierska","image":{"@type":"ImageObject","inLanguage":"pl-PL","@id":"https:\/\/www.24gliwice.pl\/wiadomosci\/wp-content\/uploads\/2021\/11\/Zaneta-M_S-zdjecie-czb-96x96.jpg","url":"https:\/\/www.24gliwice.pl\/wiadomosci\/wp-content\/uploads\/2021\/11\/Zaneta-M_S-zdjecie-czb-96x96.jpg","contentUrl":"https:\/\/www.24gliwice.pl\/wiadomosci\/wp-content\/uploads\/2021\/11\/Zaneta-M_S-zdjecie-czb-96x96.jpg","caption":"\u017baneta Mrozek-Siewierska"},"url":"https:\/\/www.24gliwice.pl\/wiadomosci\/author\/zms\/"}]}},"_links":{"self":[{"href":"https:\/\/www.24gliwice.pl\/wiadomosci\/wp-json\/wp\/v2\/posts\/256550","targetHints":{"allow":["GET"]}}],"collection":[{"href":"https:\/\/www.24gliwice.pl\/wiadomosci\/wp-json\/wp\/v2\/posts"}],"about":[{"href":"https:\/\/www.24gliwice.pl\/wiadomosci\/wp-json\/wp\/v2\/types\/post"}],"author":[{"embeddable":true,"href":"https:\/\/www.24gliwice.pl\/wiadomosci\/wp-json\/wp\/v2\/users\/15"}],"replies":[{"embeddable":true,"href":"https:\/\/www.24gliwice.pl\/wiadomosci\/wp-json\/wp\/v2\/comments?post=256550"}],"version-history":[{"count":10,"href":"https:\/\/www.24gliwice.pl\/wiadomosci\/wp-json\/wp\/v2\/posts\/256550\/revisions"}],"predecessor-version":[{"id":256574,"href":"https:\/\/www.24gliwice.pl\/wiadomosci\/wp-json\/wp\/v2\/posts\/256550\/revisions\/256574"}],"wp:featuredmedia":[{"embeddable":true,"href":"https:\/\/www.24gliwice.pl\/wiadomosci\/wp-json\/wp\/v2\/media\/256563"}],"wp:attachment":[{"href":"https:\/\/www.24gliwice.pl\/wiadomosci\/wp-json\/wp\/v2\/media?parent=256550"}],"wp:term":[{"taxonomy":"category","embeddable":true,"href":"https:\/\/www.24gliwice.pl\/wiadomosci\/wp-json\/wp\/v2\/categories?post=256550"},{"taxonomy":"post_tag","embeddable":true,"href":"https:\/\/www.24gliwice.pl\/wiadomosci\/wp-json\/wp\/v2\/tags?post=256550"}],"curies":[{"name":"wp","href":"https:\/\/api.w.org\/{rel}","templated":true}]}}