{"id":256851,"date":"2025-07-14T13:04:08","date_gmt":"2025-07-14T11:04:08","guid":{"rendered":"https:\/\/www.24gliwice.pl\/wiadomosci\/?p=256851"},"modified":"2025-07-14T16:28:16","modified_gmt":"2025-07-14T14:28:16","slug":"to-juz-oficjalna-informacja-w-gliwicach-powstanie-drugi-duzy-market-znanej-sieci-handlowej","status":"publish","type":"post","link":"https:\/\/www.24gliwice.pl\/wiadomosci\/to-juz-oficjalna-informacja-w-gliwicach-powstanie-drugi-duzy-market-znanej-sieci-handlowej\/","title":{"rendered":"To ju\u017c oficjalna informacja &#8211; w Gliwicach powstanie drugi, du\u017cy market znanej sieci handlowej"},"content":{"rendered":"<div class=\"gliwi-a6-nad-leadem-artykulow gliwi-entity-placement\" id=\"gliwi-201715969\"><div class=\"gliwi-adlabel\"><span style=\"font-size: 9px\">REKLAMA<\/span><\/div><div id=\"gliwi-2639827498\" style=\"margin-bottom: 30px;margin-left: auto;margin-right: auto;text-align: center;\"><a data-no-instant=\"1\" href=\"https:\/\/przedszkole.halogen.org.pl\/\" rel=\"noopener\" class=\"a2t-link\" target=\"_blank\" aria-label=\"20260402-ANIMATOR-przedszkole_grafika_750x200\"><img loading=\"lazy\" decoding=\"async\" src=\"https:\/\/www.24gliwice.pl\/wiadomosci\/wp-content\/uploads\/2026\/04\/20260402-ANIMATOR-przedszkole_grafika_750x200.webp\" alt=\"\"  srcset=\"https:\/\/www.24gliwice.pl\/wiadomosci\/wp-content\/uploads\/2026\/04\/20260402-ANIMATOR-przedszkole_grafika_750x200.webp 750w, https:\/\/www.24gliwice.pl\/wiadomosci\/wp-content\/uploads\/2026\/04\/20260402-ANIMATOR-przedszkole_grafika_750x200-410x109.webp 410w\" sizes=\"(max-width: 750px) 100vw, 750px\" class=\"no-lazyload\" width=\"750\" height=\"200\"  style=\"display: inline-block; max-width: 100%; height: auto;\" \/><\/a><\/div><\/div><h2>W nowym parku handlowym, kt\u00f3ry powstaje na zbiegu ulic Andersa i Okulickiego, znajdzie si\u0119 drugi market sieci Kaufland. Zako\u0144czenie budowy i otwarcie obiektu planowane jest w pierwszej po\u0142owie 2026 roku.<\/h2>\n<p><!--more--><\/p>\n<p>Park handlowy, kt\u00f3ry powstaje w Gliwicach przy ulicy Andersa i Okulickiego jest ju\u017c w wi\u0119kszo\u015bci skomercjalizowany. Do najemc\u00f3w do\u0142\u0105czy\u0142y marki z r\u00f3\u017cnych segment\u00f3w, m.in. Sinsay, \u017babka, Rossmann, czy Fabryka Formy. Podpisane dot\u0105d umowy najmu obejmuj\u0105 zdecydowan\u0105 wi\u0119kszo\u015b\u0107 powierzchni handlowej, kt\u00f3r\u0105 dwukondygnacyjny obiekt dostarczy na gliwicki rynek.<\/p>\n<h4>Operatorem spo\u017cywczym parku Andersa zosta\u0142 Kaufland. Do dyspozycji klient\u00f3w centrum zostanie oddany wsp\u00f3lny parking, licz\u0105cy 278 miejsc postojowych.<\/h4>\n<p>Lokaln\u0105 ofert\u0119 handlow\u0105 wzbogacaj\u0105, po\u0142o\u017cone w bliskim s\u0105siedztwie obiektu sklepy Lidl i Biedronka. Poza sklepami otworzy si\u0119 w nim tak\u017ce klub fitness og\u00f3lnopolskiego operatora.<\/p><div class=\"gliwi-a3-w-tresci-artykulow gliwi-entity-placement\" id=\"gliwi-2293826678\"><div class=\"gliwi-adlabel\"><span style=\"font-size: 9px\">REKLAMA<\/span><\/div><div id=\"gliwi-977613816\" style=\"margin-bottom: 30px;margin-left: auto;margin-right: auto;text-align: center;\"><a data-no-instant=\"1\" href=\"https:\/\/ogrodyandersa.pl\/\" rel=\"noopener\" class=\"a2t-link\" target=\"_blank\" aria-label=\"20260415 Ogrody Andersa KUP TERAZ D\"><img loading=\"lazy\" decoding=\"async\" src=\"https:\/\/www.24gliwice.pl\/wiadomosci\/wp-content\/uploads\/2026\/04\/20260415-Ogrody-Andersa-KUP-TERAZ-D.jpg\" alt=\"\"  srcset=\"https:\/\/www.24gliwice.pl\/wiadomosci\/wp-content\/uploads\/2026\/04\/20260415-Ogrody-Andersa-KUP-TERAZ-D.jpg 750w, https:\/\/www.24gliwice.pl\/wiadomosci\/wp-content\/uploads\/2026\/04\/20260415-Ogrody-Andersa-KUP-TERAZ-D-410x109.jpg 410w\" sizes=\"(max-width: 750px) 100vw, 750px\" class=\"no-lazyload\" width=\"750\" height=\"200\"  style=\"display: inline-block; max-width: 100%; height: auto;\" \/><\/a><\/div><\/div>\n<div id=\"attachment_256565\" style=\"width: 1210px\" class=\"wp-caption aligncenter\"><img loading=\"lazy\" decoding=\"async\" aria-describedby=\"caption-attachment-256565\" src=\"https:\/\/www.24gliwice.pl\/wiadomosci\/wp-content\/uploads\/2025\/07\/park-handlowy-andersa-emfab3.jpg\" alt=\"\" width=\"1200\" height=\"675\" class=\"size-full wp-image-256565\" srcset=\"https:\/\/www.24gliwice.pl\/wiadomosci\/wp-content\/uploads\/2025\/07\/park-handlowy-andersa-emfab3.jpg 1200w, https:\/\/www.24gliwice.pl\/wiadomosci\/wp-content\/uploads\/2025\/07\/park-handlowy-andersa-emfab3-410x232.jpg 410w, https:\/\/www.24gliwice.pl\/wiadomosci\/wp-content\/uploads\/2025\/07\/park-handlowy-andersa-emfab3-810x456.jpg 810w, https:\/\/www.24gliwice.pl\/wiadomosci\/wp-content\/uploads\/2025\/07\/park-handlowy-andersa-emfab3-768x432.jpg 768w, https:\/\/www.24gliwice.pl\/wiadomosci\/wp-content\/uploads\/2025\/07\/park-handlowy-andersa-emfab3-1140x641.jpg 1140w\" sizes=\"auto, (max-width: 1200px) 100vw, 1200px\" \/><p id=\"caption-attachment-256565\" class=\"wp-caption-text\">Prace przy budowie kompleksu trwaj\u0105 ju\u017c od kilku miesi\u0119cy. Stan z pocz\u0105tku czerwca.<\/p><\/div>\n<p>&#8211; <em>Nowy park handlowy o powierzchni ponad 4900 mkw. wyr\u00f3\u017cnia \u015br\u00f3dmiejska lokalizacja. Centrum zakupowe usytuowane jest bezpo\u015brednio przy g\u0142\u00f3wnych, gliwickich ulicach Andersa i Okulickiego w otoczeniu osiedli mieszkaniowych, m.in. rozbudowywanego przez firm\u0119 Atal osiedla Ogrody Andersa<\/em> &#8211; czytamy w materia\u0142ach prasowych inwestora.<\/p>\n<p>Za zakres deweloperski i projektowy inwestycji odpowiada firma SPEC BAU POLSKA, kt\u00f3ra pe\u0142ni r\u00f3wnie\u017c funkcj\u0119 generalnego wykonawcy przy tym projekcie. Prace budowlane realizowane s\u0105 zgodnie z za\u0142o\u017conym harmonogramem. Otwarcie parku planowane jest na pierwsz\u0105 po\u0142ow\u0119 2026 roku. Na tym obszarze w promieniu 15 minut jazdy samochodem zamieszkuje niemal 200 tys. potencjalnych klient\u00f3w obiektu. Za komercjalizacj\u0119 nieruchomo\u015bci odpowiada firma Walter Herz.<\/p>\n<p>&#8211; Ka\u017cdy proces komercjalizacji ma swoj\u0105 specyfik\u0119. Gliwicki rynek jest szczeg\u00f3lnie wymagaj\u0105cy, funkcjonuje na nim du\u017ca ilo\u015b\u0107 galerii i park\u00f3w handlowych i nieustannie powstaj\u0105 nowe centra. Obecnie trwa m.in. przebudowa Tesco. \u015arednie nasycenie powierzchniami handlowymi w mie\u015bcie jest wi\u0119ksze ni\u017c dla wojew\u00f3dztwa \u015bl\u0105skiego i ca\u0142ej Polski. To sprawia, \u017ce wewn\u0119trzna konkurencja w Gliwicach, kt\u00f3re licz\u0105 przesz\u0142o 170 tys. mieszka\u0144c\u00f3w jest silna. Oferta wchodz\u0105ca na rynek musi by\u0107 atrakcyjna dla okolicznych mieszka\u0144c\u00f3w, wpisywa\u0107 si\u0119 w codzienne potrzeby i komplementarnie uzupe\u0142nia\u0107 lokaln\u0105 propozycj\u0119 handlow\u0105. Niemniej, jak pokazuje proces komercjalizacji, zapotrzebowanie na powierzchni\u0119 w\u015br\u00f3d najemc\u00f3w jest nadal du\u017ce \u2013 m\u00f3wi<strong> Piotr Szymo\u0144ski<\/strong>, Director w firmie Walter Herz, kt\u00f3ra jest wy\u0142\u0105cznym agentem komercjalizacji gliwickiego parku handlowego.<\/p>\n<p>(\u017cms)\/mat. pras.<br \/>\nfot. mat. prasowe, 24gliwice<\/p>\n<div class=\"gliwi-a5-na-koncu-artykulow gliwi-entity-placement\" id=\"gliwi-4056639292\"><div class=\"gliwi-adlabel\"><span style=\"font-size: 9px\">REKLAMA<\/span><\/div><div id=\"gliwi-290363208\" style=\"margin-left: auto;margin-right: auto;text-align: center;\"><a data-no-instant=\"1\" href=\"https:\/\/www.jasek.pl\/\" rel=\"noopener\" class=\"a2t-link\" target=\"_blank\" aria-label=\"20200401-jasek 600\"><img loading=\"lazy\" decoding=\"async\" src=\"https:\/\/www.24gliwice.pl\/wiadomosci\/wp-content\/uploads\/2020\/04\/20200401-jasek-600.jpg\" alt=\"\"  srcset=\"https:\/\/www.24gliwice.pl\/wiadomosci\/wp-content\/uploads\/2020\/04\/20200401-jasek-600.jpg 600w, https:\/\/www.24gliwice.pl\/wiadomosci\/wp-content\/uploads\/2020\/04\/20200401-jasek-600-410x109.jpg 410w\" sizes=\"(max-width: 600px) 100vw, 600px\" class=\"no-lazyload\" width=\"600\" height=\"160\"  style=\"display: inline-block; max-width: 100%; height: auto;\" \/><\/a><\/div><\/div>","protected":false},"excerpt":{"rendered":"<p>W nowym parku handlowym, kt\u00f3ry powstaje na zbiegu ulic Andersa i Okulickiego, znajdzie si\u0119 drugi market sieci Kaufland. Zako\u0144czenie budowy i otwarcie obiektu planowane jest w pierwszej po\u0142owie 2026 roku.<\/p>\n","protected":false},"author":15,"featured_media":256852,"comment_status":"open","ping_status":"closed","sticky":false,"template":"","format":"standard","meta":{"_monsterinsights_skip_tracking":false,"_monsterinsights_sitenote_active":false,"_monsterinsights_sitenote_note":"","_monsterinsights_sitenote_category":0,"footnotes":"","_links_to":"","_links_to_target":""},"categories":[3,1,9],"tags":[11893,22951],"class_list":["post-256851","post","type-post","status-publish","format-standard","has-post-thumbnail","hentry","category-gliwice","category-wszystko","category-aktualnosci_lokalne","tag-kaufland","tag-park-handlowy"],"yoast_head":"<!-- This site is optimized with the Yoast SEO plugin v27.4 - https:\/\/yoast.com\/product\/yoast-seo-wordpress\/ -->\n<title>To ju\u017c oficjalna informacja - w Gliwicach powstanie drugi, du\u017cy market znanej sieci handlowej - 24GLIWICE - Portal Gliwice | codziennie nowe informacje<\/title>\n<meta name=\"description\" content=\"W parku handlowym Andersa powstanie drugi w Gliwicach market sieci handlowej Kaufland. To ju\u017c oficjalna informacja\" \/>\n<meta name=\"robots\" content=\"index, follow, max-snippet:-1, max-image-preview:large, max-video-preview:-1\" \/>\n<link rel=\"canonical\" href=\"https:\/\/www.24gliwice.pl\/wiadomosci\/to-juz-oficjalna-informacja-w-gliwicach-powstanie-drugi-duzy-market-znanej-sieci-handlowej\/\" \/>\n<meta property=\"og:locale\" content=\"pl_PL\" \/>\n<meta property=\"og:type\" content=\"article\" \/>\n<meta property=\"og:title\" content=\"To ju\u017c oficjalna informacja - w Gliwicach powstanie drugi, du\u017cy market znanej sieci handlowej - 24GLIWICE - Portal Gliwice | codziennie nowe informacje\" \/>\n<meta property=\"og:description\" content=\"W parku handlowym Andersa powstanie drugi w Gliwicach market sieci handlowej Kaufland. To ju\u017c oficjalna informacja\" \/>\n<meta property=\"og:url\" content=\"https:\/\/www.24gliwice.pl\/wiadomosci\/to-juz-oficjalna-informacja-w-gliwicach-powstanie-drugi-duzy-market-znanej-sieci-handlowej\/\" \/>\n<meta property=\"og:site_name\" content=\"24GLIWICE - Portal Gliwice | codziennie nowe informacje\" \/>\n<meta property=\"article:publisher\" content=\"https:\/\/www.facebook.com\/24gliwice\" \/>\n<meta property=\"article:published_time\" content=\"2025-07-14T11:04:08+00:00\" \/>\n<meta property=\"article:modified_time\" content=\"2025-07-14T14:28:16+00:00\" \/>\n<meta property=\"og:image\" content=\"https:\/\/www.24gliwice.pl\/wiadomosci\/wp-content\/uploads\/2025\/07\/kafland-andersa.jpg\" \/>\n\t<meta property=\"og:image:width\" content=\"810\" \/>\n\t<meta property=\"og:image:height\" content=\"455\" \/>\n\t<meta property=\"og:image:type\" content=\"image\/jpeg\" \/>\n<meta name=\"author\" content=\"\u017baneta Mrozek-Siewierska\" \/>\n<meta name=\"twitter:card\" content=\"summary_large_image\" \/>\n<meta name=\"twitter:creator\" content=\"@24gliwice\" \/>\n<meta name=\"twitter:site\" content=\"@24gliwice\" \/>\n<meta name=\"twitter:label1\" content=\"Napisane przez\" \/>\n\t<meta name=\"twitter:data1\" content=\"\u017baneta Mrozek-Siewierska\" \/>\n\t<meta name=\"twitter:label2\" content=\"Szacowany czas czytania\" \/>\n\t<meta name=\"twitter:data2\" content=\"3 minuty\" \/>\n<script type=\"application\/ld+json\" class=\"yoast-schema-graph\">{\"@context\":\"https:\\\/\\\/schema.org\",\"@graph\":[{\"@type\":\"Article\",\"@id\":\"https:\\\/\\\/www.24gliwice.pl\\\/wiadomosci\\\/to-juz-oficjalna-informacja-w-gliwicach-powstanie-drugi-duzy-market-znanej-sieci-handlowej\\\/#article\",\"isPartOf\":{\"@id\":\"https:\\\/\\\/www.24gliwice.pl\\\/wiadomosci\\\/to-juz-oficjalna-informacja-w-gliwicach-powstanie-drugi-duzy-market-znanej-sieci-handlowej\\\/\"},\"author\":{\"name\":\"\u017baneta Mrozek-Siewierska\",\"@id\":\"https:\\\/\\\/www.24gliwice.pl\\\/wiadomosci\\\/#\\\/schema\\\/person\\\/e42c650edd7f2fa332be3811fb166b6e\"},\"headline\":\"To ju\u017c oficjalna informacja &#8211; w Gliwicach powstanie drugi, du\u017cy market znanej sieci handlowej\",\"datePublished\":\"2025-07-14T11:04:08+00:00\",\"dateModified\":\"2025-07-14T14:28:16+00:00\",\"mainEntityOfPage\":{\"@id\":\"https:\\\/\\\/www.24gliwice.pl\\\/wiadomosci\\\/to-juz-oficjalna-informacja-w-gliwicach-powstanie-drugi-duzy-market-znanej-sieci-handlowej\\\/\"},\"wordCount\":434,\"commentCount\":65,\"publisher\":{\"@id\":\"https:\\\/\\\/www.24gliwice.pl\\\/wiadomosci\\\/#organization\"},\"image\":{\"@id\":\"https:\\\/\\\/www.24gliwice.pl\\\/wiadomosci\\\/to-juz-oficjalna-informacja-w-gliwicach-powstanie-drugi-duzy-market-znanej-sieci-handlowej\\\/#primaryimage\"},\"thumbnailUrl\":\"https:\\\/\\\/www.24gliwice.pl\\\/wiadomosci\\\/wp-content\\\/uploads\\\/2025\\\/07\\\/kafland-andersa.jpg\",\"keywords\":[\"kaufland\",\"park handlowy\"],\"articleSection\":[\"Gliwice\",\"Najnowsze wiadomo\u015bci\",\"Portal Gliwice - Wiadomo\u015bci lokalne\"],\"inLanguage\":\"pl-PL\",\"potentialAction\":[{\"@type\":\"CommentAction\",\"name\":\"Comment\",\"target\":[\"https:\\\/\\\/www.24gliwice.pl\\\/wiadomosci\\\/to-juz-oficjalna-informacja-w-gliwicach-powstanie-drugi-duzy-market-znanej-sieci-handlowej\\\/#respond\"]}]},{\"@type\":\"WebPage\",\"@id\":\"https:\\\/\\\/www.24gliwice.pl\\\/wiadomosci\\\/to-juz-oficjalna-informacja-w-gliwicach-powstanie-drugi-duzy-market-znanej-sieci-handlowej\\\/\",\"url\":\"https:\\\/\\\/www.24gliwice.pl\\\/wiadomosci\\\/to-juz-oficjalna-informacja-w-gliwicach-powstanie-drugi-duzy-market-znanej-sieci-handlowej\\\/\",\"name\":\"To ju\u017c oficjalna informacja - w Gliwicach powstanie drugi, du\u017cy market znanej sieci handlowej - 24GLIWICE - Portal Gliwice | codziennie nowe informacje\",\"isPartOf\":{\"@id\":\"https:\\\/\\\/www.24gliwice.pl\\\/wiadomosci\\\/#website\"},\"primaryImageOfPage\":{\"@id\":\"https:\\\/\\\/www.24gliwice.pl\\\/wiadomosci\\\/to-juz-oficjalna-informacja-w-gliwicach-powstanie-drugi-duzy-market-znanej-sieci-handlowej\\\/#primaryimage\"},\"image\":{\"@id\":\"https:\\\/\\\/www.24gliwice.pl\\\/wiadomosci\\\/to-juz-oficjalna-informacja-w-gliwicach-powstanie-drugi-duzy-market-znanej-sieci-handlowej\\\/#primaryimage\"},\"thumbnailUrl\":\"https:\\\/\\\/www.24gliwice.pl\\\/wiadomosci\\\/wp-content\\\/uploads\\\/2025\\\/07\\\/kafland-andersa.jpg\",\"datePublished\":\"2025-07-14T11:04:08+00:00\",\"dateModified\":\"2025-07-14T14:28:16+00:00\",\"description\":\"W parku handlowym Andersa powstanie drugi w Gliwicach market sieci handlowej Kaufland. To ju\u017c oficjalna informacja\",\"breadcrumb\":{\"@id\":\"https:\\\/\\\/www.24gliwice.pl\\\/wiadomosci\\\/to-juz-oficjalna-informacja-w-gliwicach-powstanie-drugi-duzy-market-znanej-sieci-handlowej\\\/#breadcrumb\"},\"inLanguage\":\"pl-PL\",\"potentialAction\":[{\"@type\":\"ReadAction\",\"target\":[\"https:\\\/\\\/www.24gliwice.pl\\\/wiadomosci\\\/to-juz-oficjalna-informacja-w-gliwicach-powstanie-drugi-duzy-market-znanej-sieci-handlowej\\\/\"]}]},{\"@type\":\"ImageObject\",\"inLanguage\":\"pl-PL\",\"@id\":\"https:\\\/\\\/www.24gliwice.pl\\\/wiadomosci\\\/to-juz-oficjalna-informacja-w-gliwicach-powstanie-drugi-duzy-market-znanej-sieci-handlowej\\\/#primaryimage\",\"url\":\"https:\\\/\\\/www.24gliwice.pl\\\/wiadomosci\\\/wp-content\\\/uploads\\\/2025\\\/07\\\/kafland-andersa.jpg\",\"contentUrl\":\"https:\\\/\\\/www.24gliwice.pl\\\/wiadomosci\\\/wp-content\\\/uploads\\\/2025\\\/07\\\/kafland-andersa.jpg\",\"width\":810,\"height\":455},{\"@type\":\"BreadcrumbList\",\"@id\":\"https:\\\/\\\/www.24gliwice.pl\\\/wiadomosci\\\/to-juz-oficjalna-informacja-w-gliwicach-powstanie-drugi-duzy-market-znanej-sieci-handlowej\\\/#breadcrumb\",\"itemListElement\":[{\"@type\":\"ListItem\",\"position\":1,\"name\":\"Strona g\u0142\u00f3wna\",\"item\":\"https:\\\/\\\/www.24gliwice.pl\\\/wiadomosci\\\/\"},{\"@type\":\"ListItem\",\"position\":2,\"name\":\"To ju\u017c oficjalna informacja &#8211; w Gliwicach powstanie drugi, du\u017cy market znanej sieci handlowej\"}]},{\"@type\":\"WebSite\",\"@id\":\"https:\\\/\\\/www.24gliwice.pl\\\/wiadomosci\\\/#website\",\"url\":\"https:\\\/\\\/www.24gliwice.pl\\\/wiadomosci\\\/\",\"name\":\"24GLIWICE - Portal Gliwice | codziennie nowe wiadomo\u015bci\",\"description\":\"Portal Miejski Gliwice\",\"publisher\":{\"@id\":\"https:\\\/\\\/www.24gliwice.pl\\\/wiadomosci\\\/#organization\"},\"potentialAction\":[{\"@type\":\"SearchAction\",\"target\":{\"@type\":\"EntryPoint\",\"urlTemplate\":\"https:\\\/\\\/www.24gliwice.pl\\\/wiadomosci\\\/?s={search_term_string}\"},\"query-input\":{\"@type\":\"PropertyValueSpecification\",\"valueRequired\":true,\"valueName\":\"search_term_string\"}}],\"inLanguage\":\"pl-PL\"},{\"@type\":\"Organization\",\"@id\":\"https:\\\/\\\/www.24gliwice.pl\\\/wiadomosci\\\/#organization\",\"name\":\"24gliwice\",\"url\":\"https:\\\/\\\/www.24gliwice.pl\\\/wiadomosci\\\/\",\"logo\":{\"@type\":\"ImageObject\",\"inLanguage\":\"pl-PL\",\"@id\":\"https:\\\/\\\/www.24gliwice.pl\\\/wiadomosci\\\/#\\\/schema\\\/logo\\\/image\\\/\",\"url\":\"https:\\\/\\\/www.24gliwice.pl\\\/wiadomosci\\\/wp-content\\\/uploads\\\/2024\\\/10\\\/24gliwice-logo-696.jpg\",\"contentUrl\":\"https:\\\/\\\/www.24gliwice.pl\\\/wiadomosci\\\/wp-content\\\/uploads\\\/2024\\\/10\\\/24gliwice-logo-696.jpg\",\"width\":696,\"height\":696,\"caption\":\"24gliwice\"},\"image\":{\"@id\":\"https:\\\/\\\/www.24gliwice.pl\\\/wiadomosci\\\/#\\\/schema\\\/logo\\\/image\\\/\"},\"sameAs\":[\"https:\\\/\\\/www.facebook.com\\\/24gliwice\",\"https:\\\/\\\/x.com\\\/24gliwice\",\"https:\\\/\\\/www.youtube.com\\\/@24gliwice\"]},{\"@type\":\"Person\",\"@id\":\"https:\\\/\\\/www.24gliwice.pl\\\/wiadomosci\\\/#\\\/schema\\\/person\\\/e42c650edd7f2fa332be3811fb166b6e\",\"name\":\"\u017baneta Mrozek-Siewierska\",\"image\":{\"@type\":\"ImageObject\",\"inLanguage\":\"pl-PL\",\"@id\":\"https:\\\/\\\/www.24gliwice.pl\\\/wiadomosci\\\/wp-content\\\/uploads\\\/2021\\\/11\\\/Zaneta-M_S-zdjecie-czb-96x96.jpg\",\"url\":\"https:\\\/\\\/www.24gliwice.pl\\\/wiadomosci\\\/wp-content\\\/uploads\\\/2021\\\/11\\\/Zaneta-M_S-zdjecie-czb-96x96.jpg\",\"contentUrl\":\"https:\\\/\\\/www.24gliwice.pl\\\/wiadomosci\\\/wp-content\\\/uploads\\\/2021\\\/11\\\/Zaneta-M_S-zdjecie-czb-96x96.jpg\",\"caption\":\"\u017baneta Mrozek-Siewierska\"},\"url\":\"https:\\\/\\\/www.24gliwice.pl\\\/wiadomosci\\\/author\\\/zms\\\/\"}]}<\/script>\n<!-- \/ Yoast SEO plugin. -->","yoast_head_json":{"title":"To ju\u017c oficjalna informacja - w Gliwicach powstanie drugi, du\u017cy market znanej sieci handlowej - 24GLIWICE - Portal Gliwice | codziennie nowe informacje","description":"W parku handlowym Andersa powstanie drugi w Gliwicach market sieci handlowej Kaufland. To ju\u017c oficjalna informacja","robots":{"index":"index","follow":"follow","max-snippet":"max-snippet:-1","max-image-preview":"max-image-preview:large","max-video-preview":"max-video-preview:-1"},"canonical":"https:\/\/www.24gliwice.pl\/wiadomosci\/to-juz-oficjalna-informacja-w-gliwicach-powstanie-drugi-duzy-market-znanej-sieci-handlowej\/","og_locale":"pl_PL","og_type":"article","og_title":"To ju\u017c oficjalna informacja - w Gliwicach powstanie drugi, du\u017cy market znanej sieci handlowej - 24GLIWICE - Portal Gliwice | codziennie nowe informacje","og_description":"W parku handlowym Andersa powstanie drugi w Gliwicach market sieci handlowej Kaufland. To ju\u017c oficjalna informacja","og_url":"https:\/\/www.24gliwice.pl\/wiadomosci\/to-juz-oficjalna-informacja-w-gliwicach-powstanie-drugi-duzy-market-znanej-sieci-handlowej\/","og_site_name":"24GLIWICE - Portal Gliwice | codziennie nowe informacje","article_publisher":"https:\/\/www.facebook.com\/24gliwice","article_published_time":"2025-07-14T11:04:08+00:00","article_modified_time":"2025-07-14T14:28:16+00:00","og_image":[{"width":810,"height":455,"url":"https:\/\/www.24gliwice.pl\/wiadomosci\/wp-content\/uploads\/2025\/07\/kafland-andersa.jpg","type":"image\/jpeg"}],"author":"\u017baneta Mrozek-Siewierska","twitter_card":"summary_large_image","twitter_creator":"@24gliwice","twitter_site":"@24gliwice","twitter_misc":{"Napisane przez":"\u017baneta Mrozek-Siewierska","Szacowany czas czytania":"3 minuty"},"schema":{"@context":"https:\/\/schema.org","@graph":[{"@type":"Article","@id":"https:\/\/www.24gliwice.pl\/wiadomosci\/to-juz-oficjalna-informacja-w-gliwicach-powstanie-drugi-duzy-market-znanej-sieci-handlowej\/#article","isPartOf":{"@id":"https:\/\/www.24gliwice.pl\/wiadomosci\/to-juz-oficjalna-informacja-w-gliwicach-powstanie-drugi-duzy-market-znanej-sieci-handlowej\/"},"author":{"name":"\u017baneta Mrozek-Siewierska","@id":"https:\/\/www.24gliwice.pl\/wiadomosci\/#\/schema\/person\/e42c650edd7f2fa332be3811fb166b6e"},"headline":"To ju\u017c oficjalna informacja &#8211; w Gliwicach powstanie drugi, du\u017cy market znanej sieci handlowej","datePublished":"2025-07-14T11:04:08+00:00","dateModified":"2025-07-14T14:28:16+00:00","mainEntityOfPage":{"@id":"https:\/\/www.24gliwice.pl\/wiadomosci\/to-juz-oficjalna-informacja-w-gliwicach-powstanie-drugi-duzy-market-znanej-sieci-handlowej\/"},"wordCount":434,"commentCount":65,"publisher":{"@id":"https:\/\/www.24gliwice.pl\/wiadomosci\/#organization"},"image":{"@id":"https:\/\/www.24gliwice.pl\/wiadomosci\/to-juz-oficjalna-informacja-w-gliwicach-powstanie-drugi-duzy-market-znanej-sieci-handlowej\/#primaryimage"},"thumbnailUrl":"https:\/\/www.24gliwice.pl\/wiadomosci\/wp-content\/uploads\/2025\/07\/kafland-andersa.jpg","keywords":["kaufland","park handlowy"],"articleSection":["Gliwice","Najnowsze wiadomo\u015bci","Portal Gliwice - Wiadomo\u015bci lokalne"],"inLanguage":"pl-PL","potentialAction":[{"@type":"CommentAction","name":"Comment","target":["https:\/\/www.24gliwice.pl\/wiadomosci\/to-juz-oficjalna-informacja-w-gliwicach-powstanie-drugi-duzy-market-znanej-sieci-handlowej\/#respond"]}]},{"@type":"WebPage","@id":"https:\/\/www.24gliwice.pl\/wiadomosci\/to-juz-oficjalna-informacja-w-gliwicach-powstanie-drugi-duzy-market-znanej-sieci-handlowej\/","url":"https:\/\/www.24gliwice.pl\/wiadomosci\/to-juz-oficjalna-informacja-w-gliwicach-powstanie-drugi-duzy-market-znanej-sieci-handlowej\/","name":"To ju\u017c oficjalna informacja - w Gliwicach powstanie drugi, du\u017cy market znanej sieci handlowej - 24GLIWICE - Portal Gliwice | codziennie nowe informacje","isPartOf":{"@id":"https:\/\/www.24gliwice.pl\/wiadomosci\/#website"},"primaryImageOfPage":{"@id":"https:\/\/www.24gliwice.pl\/wiadomosci\/to-juz-oficjalna-informacja-w-gliwicach-powstanie-drugi-duzy-market-znanej-sieci-handlowej\/#primaryimage"},"image":{"@id":"https:\/\/www.24gliwice.pl\/wiadomosci\/to-juz-oficjalna-informacja-w-gliwicach-powstanie-drugi-duzy-market-znanej-sieci-handlowej\/#primaryimage"},"thumbnailUrl":"https:\/\/www.24gliwice.pl\/wiadomosci\/wp-content\/uploads\/2025\/07\/kafland-andersa.jpg","datePublished":"2025-07-14T11:04:08+00:00","dateModified":"2025-07-14T14:28:16+00:00","description":"W parku handlowym Andersa powstanie drugi w Gliwicach market sieci handlowej Kaufland. To ju\u017c oficjalna informacja","breadcrumb":{"@id":"https:\/\/www.24gliwice.pl\/wiadomosci\/to-juz-oficjalna-informacja-w-gliwicach-powstanie-drugi-duzy-market-znanej-sieci-handlowej\/#breadcrumb"},"inLanguage":"pl-PL","potentialAction":[{"@type":"ReadAction","target":["https:\/\/www.24gliwice.pl\/wiadomosci\/to-juz-oficjalna-informacja-w-gliwicach-powstanie-drugi-duzy-market-znanej-sieci-handlowej\/"]}]},{"@type":"ImageObject","inLanguage":"pl-PL","@id":"https:\/\/www.24gliwice.pl\/wiadomosci\/to-juz-oficjalna-informacja-w-gliwicach-powstanie-drugi-duzy-market-znanej-sieci-handlowej\/#primaryimage","url":"https:\/\/www.24gliwice.pl\/wiadomosci\/wp-content\/uploads\/2025\/07\/kafland-andersa.jpg","contentUrl":"https:\/\/www.24gliwice.pl\/wiadomosci\/wp-content\/uploads\/2025\/07\/kafland-andersa.jpg","width":810,"height":455},{"@type":"BreadcrumbList","@id":"https:\/\/www.24gliwice.pl\/wiadomosci\/to-juz-oficjalna-informacja-w-gliwicach-powstanie-drugi-duzy-market-znanej-sieci-handlowej\/#breadcrumb","itemListElement":[{"@type":"ListItem","position":1,"name":"Strona g\u0142\u00f3wna","item":"https:\/\/www.24gliwice.pl\/wiadomosci\/"},{"@type":"ListItem","position":2,"name":"To ju\u017c oficjalna informacja &#8211; w Gliwicach powstanie drugi, du\u017cy market znanej sieci handlowej"}]},{"@type":"WebSite","@id":"https:\/\/www.24gliwice.pl\/wiadomosci\/#website","url":"https:\/\/www.24gliwice.pl\/wiadomosci\/","name":"24GLIWICE - Portal Gliwice | codziennie nowe wiadomo\u015bci","description":"Portal Miejski Gliwice","publisher":{"@id":"https:\/\/www.24gliwice.pl\/wiadomosci\/#organization"},"potentialAction":[{"@type":"SearchAction","target":{"@type":"EntryPoint","urlTemplate":"https:\/\/www.24gliwice.pl\/wiadomosci\/?s={search_term_string}"},"query-input":{"@type":"PropertyValueSpecification","valueRequired":true,"valueName":"search_term_string"}}],"inLanguage":"pl-PL"},{"@type":"Organization","@id":"https:\/\/www.24gliwice.pl\/wiadomosci\/#organization","name":"24gliwice","url":"https:\/\/www.24gliwice.pl\/wiadomosci\/","logo":{"@type":"ImageObject","inLanguage":"pl-PL","@id":"https:\/\/www.24gliwice.pl\/wiadomosci\/#\/schema\/logo\/image\/","url":"https:\/\/www.24gliwice.pl\/wiadomosci\/wp-content\/uploads\/2024\/10\/24gliwice-logo-696.jpg","contentUrl":"https:\/\/www.24gliwice.pl\/wiadomosci\/wp-content\/uploads\/2024\/10\/24gliwice-logo-696.jpg","width":696,"height":696,"caption":"24gliwice"},"image":{"@id":"https:\/\/www.24gliwice.pl\/wiadomosci\/#\/schema\/logo\/image\/"},"sameAs":["https:\/\/www.facebook.com\/24gliwice","https:\/\/x.com\/24gliwice","https:\/\/www.youtube.com\/@24gliwice"]},{"@type":"Person","@id":"https:\/\/www.24gliwice.pl\/wiadomosci\/#\/schema\/person\/e42c650edd7f2fa332be3811fb166b6e","name":"\u017baneta Mrozek-Siewierska","image":{"@type":"ImageObject","inLanguage":"pl-PL","@id":"https:\/\/www.24gliwice.pl\/wiadomosci\/wp-content\/uploads\/2021\/11\/Zaneta-M_S-zdjecie-czb-96x96.jpg","url":"https:\/\/www.24gliwice.pl\/wiadomosci\/wp-content\/uploads\/2021\/11\/Zaneta-M_S-zdjecie-czb-96x96.jpg","contentUrl":"https:\/\/www.24gliwice.pl\/wiadomosci\/wp-content\/uploads\/2021\/11\/Zaneta-M_S-zdjecie-czb-96x96.jpg","caption":"\u017baneta Mrozek-Siewierska"},"url":"https:\/\/www.24gliwice.pl\/wiadomosci\/author\/zms\/"}]}},"_links":{"self":[{"href":"https:\/\/www.24gliwice.pl\/wiadomosci\/wp-json\/wp\/v2\/posts\/256851","targetHints":{"allow":["GET"]}}],"collection":[{"href":"https:\/\/www.24gliwice.pl\/wiadomosci\/wp-json\/wp\/v2\/posts"}],"about":[{"href":"https:\/\/www.24gliwice.pl\/wiadomosci\/wp-json\/wp\/v2\/types\/post"}],"author":[{"embeddable":true,"href":"https:\/\/www.24gliwice.pl\/wiadomosci\/wp-json\/wp\/v2\/users\/15"}],"replies":[{"embeddable":true,"href":"https:\/\/www.24gliwice.pl\/wiadomosci\/wp-json\/wp\/v2\/comments?post=256851"}],"version-history":[{"count":5,"href":"https:\/\/www.24gliwice.pl\/wiadomosci\/wp-json\/wp\/v2\/posts\/256851\/revisions"}],"predecessor-version":[{"id":256883,"href":"https:\/\/www.24gliwice.pl\/wiadomosci\/wp-json\/wp\/v2\/posts\/256851\/revisions\/256883"}],"wp:featuredmedia":[{"embeddable":true,"href":"https:\/\/www.24gliwice.pl\/wiadomosci\/wp-json\/wp\/v2\/media\/256852"}],"wp:attachment":[{"href":"https:\/\/www.24gliwice.pl\/wiadomosci\/wp-json\/wp\/v2\/media?parent=256851"}],"wp:term":[{"taxonomy":"category","embeddable":true,"href":"https:\/\/www.24gliwice.pl\/wiadomosci\/wp-json\/wp\/v2\/categories?post=256851"},{"taxonomy":"post_tag","embeddable":true,"href":"https:\/\/www.24gliwice.pl\/wiadomosci\/wp-json\/wp\/v2\/tags?post=256851"}],"curies":[{"name":"wp","href":"https:\/\/api.w.org\/{rel}","templated":true}]}}