{"id":256905,"date":"2025-07-16T03:17:41","date_gmt":"2025-07-16T01:17:41","guid":{"rendered":"https:\/\/www.24gliwice.pl\/wiadomosci\/?p=256905"},"modified":"2025-07-16T03:17:41","modified_gmt":"2025-07-16T01:17:41","slug":"dwa-lata-od-rozpoczecia-remontu-i-znowu-zastoj-modernizacja-alei-mickiewicza-ciagle-w-powijakach","status":"publish","type":"post","link":"https:\/\/www.24gliwice.pl\/wiadomosci\/dwa-lata-od-rozpoczecia-remontu-i-znowu-zastoj-modernizacja-alei-mickiewicza-ciagle-w-powijakach\/","title":{"rendered":"Dwa lata od rozpocz\u0119cia remontu i&#8230; znowu zast\u00f3j. Modernizacja alei Mickiewicza ci\u0105gle w powijakach"},"content":{"rendered":"<div class=\"gliwi-a6-nad-leadem-artykulow gliwi-entity-placement\" id=\"gliwi-1414238883\"><div class=\"gliwi-adlabel\"><span style=\"font-size: 9px\">REKLAMA<\/span><\/div><div id=\"gliwi-3733928615\" style=\"margin-bottom: 30px;margin-left: auto;margin-right: auto;text-align: center;\"><a data-no-instant=\"1\" href=\"https:\/\/przedszkole.halogen.org.pl\/\" rel=\"noopener\" class=\"a2t-link\" target=\"_blank\" aria-label=\"20260402-ANIMATOR-przedszkole_grafika_750x200\"><img loading=\"lazy\" decoding=\"async\" src=\"https:\/\/www.24gliwice.pl\/wiadomosci\/wp-content\/uploads\/2026\/04\/20260402-ANIMATOR-przedszkole_grafika_750x200.webp\" alt=\"\"  srcset=\"https:\/\/www.24gliwice.pl\/wiadomosci\/wp-content\/uploads\/2026\/04\/20260402-ANIMATOR-przedszkole_grafika_750x200.webp 750w, https:\/\/www.24gliwice.pl\/wiadomosci\/wp-content\/uploads\/2026\/04\/20260402-ANIMATOR-przedszkole_grafika_750x200-410x109.webp 410w\" sizes=\"(max-width: 750px) 100vw, 750px\" class=\"no-lazyload\" width=\"750\" height=\"200\"  style=\"display: inline-block; max-width: 100%; height: auto;\" \/><\/a><\/div><\/div><h2>To chyba najd\u0142u\u017cej trwaj\u0105ca modernizacja ci\u0105gu spacerowego w regionie. Po hucznym wznowieniu prac w kwietniu tego roku, od dobrych kilku tygodni remont znowu stoi w miejscu, a niemal sko\u0144czony fragment alei nadal nie zosta\u0142 oddany do u\u017cytku.<\/h2>\n<p><!--more--><\/p>\n<p>Fragment mi\u0119dzy ul. Zawiszy Czarnego a ul. Sobieskiego jest wykonany niemal w ca\u0142o\u015bci. Wykonawcy pozosta\u0142 do doko\u0144czenia obszar schodk\u00f3w terenowych przy zej\u015bciu do przej\u015bcia dla pieszych (w pobli\u017cu skrzy\u017cowania ul. Mickiewicza z ul. Zawiszy Czarnego). To tu wiosn\u0105 rada dzielnicy i spo\u0142eczny zwr\u00f3cili uwag\u0119 na podcinane w trakcie prac korzenie.<\/p>\n<p>&#8211; W tej sprawie konieczne sta\u0142o si\u0119 zorganizowanie dodatkowego spotkania z udzia\u0142em przedstawicieli Rady Dzielnicy W\u00f3jtowa Wie\u015b. Konsultacja odby\u0142a si\u0119 1 lipca &#8211; informuje <strong>Jadwiga Stiborska<\/strong>, rzecznik prasowy Zarz\u0105du Dr\u00f3g Miejskich w Gliwicach.<\/p><div class=\"gliwi-a3-w-tresci-artykulow gliwi-entity-placement\" id=\"gliwi-2901456247\"><div class=\"gliwi-adlabel\"><span style=\"font-size: 9px\">REKLAMA<\/span><\/div><div id=\"gliwi-182996886\" style=\"margin-bottom: 30px;margin-left: auto;margin-right: auto;text-align: center;\"><a data-no-instant=\"1\" href=\"https:\/\/ogrodyandersa.pl\/\" rel=\"noopener\" class=\"a2t-link\" target=\"_blank\" aria-label=\"20260415 Ogrody Andersa KUP TERAZ D\"><img loading=\"lazy\" decoding=\"async\" src=\"https:\/\/www.24gliwice.pl\/wiadomosci\/wp-content\/uploads\/2026\/04\/20260415-Ogrody-Andersa-KUP-TERAZ-D.jpg\" alt=\"\"  srcset=\"https:\/\/www.24gliwice.pl\/wiadomosci\/wp-content\/uploads\/2026\/04\/20260415-Ogrody-Andersa-KUP-TERAZ-D.jpg 750w, https:\/\/www.24gliwice.pl\/wiadomosci\/wp-content\/uploads\/2026\/04\/20260415-Ogrody-Andersa-KUP-TERAZ-D-410x109.jpg 410w\" sizes=\"(max-width: 750px) 100vw, 750px\" class=\"no-lazyload\" width=\"750\" height=\"200\"  style=\"display: inline-block; max-width: 100%; height: auto;\" \/><\/a><\/div><\/div>\n<p><img loading=\"lazy\" decoding=\"async\" src=\"https:\/\/www.24gliwice.pl\/wiadomosci\/wp-content\/uploads\/2025\/07\/aleja-mickiewicza-msz-4.jpg\" alt=\"\" width=\"810\" height=\"608\" class=\"aligncenter size-full wp-image-256956\" srcset=\"https:\/\/www.24gliwice.pl\/wiadomosci\/wp-content\/uploads\/2025\/07\/aleja-mickiewicza-msz-4.jpg 810w, https:\/\/www.24gliwice.pl\/wiadomosci\/wp-content\/uploads\/2025\/07\/aleja-mickiewicza-msz-4-309x232.jpg 309w, https:\/\/www.24gliwice.pl\/wiadomosci\/wp-content\/uploads\/2025\/07\/aleja-mickiewicza-msz-4-606x455.jpg 606w, https:\/\/www.24gliwice.pl\/wiadomosci\/wp-content\/uploads\/2025\/07\/aleja-mickiewicza-msz-4-768x576.jpg 768w\" sizes=\"auto, (max-width: 810px) 100vw, 810px\" \/><\/p>\n<p>Dopiero po wykonaniu schod\u00f3w, fragment alei zostanie oddany dla ruchu pieszego i rowerowego. W efekcie wyremontowany odcinek nadal przypomina plac budowy. ZDM wst\u0119pnie planowa\u0142 zako\u0144czeniu rob\u00f3t na po\u0142ow\u0119 lipca, ale ju\u017c wiadomo, \u017ce tego terminu nie uda si\u0119 dochowa\u0107. <\/p>\n<h4>PWIK DOPIERO WYBIERA WYKONAWC\u0118<\/H4><\/p>\n<p>Pomimo zastoju w tej cz\u0119\u015bci alei, prace nie ruszaj\u0105 na jej pozosta\u0142ych fragmentach (od Sobieskiego do rondo im. Fryzego). Tutaj ZDM czeka na ruch gliwickiego PWIK, kt\u00f3ry ma przeprowadzi\u0107 remont sieci wodoci\u0105gowej. Problem w tym, \u017ce&#8230; &#8220;Wodoci\u0105gi&#8221; dopiero podpisuj\u0105 umow\u0119 z wykonawc\u0105 na wykonanie prac.<\/p>\n<p>&#8211; Aktualnie podpisywana jest umowa z wykonawc\u0105 rob\u00f3t. Po jej podpisaniu wykonawca niezw\u0142ocznie przyst\u0105pi do prac na kt\u00f3rych realizacj\u0119 b\u0119dzie mia\u0142 trzy miesi\u0105ce &#8211; informuje <strong>Joanna Sosna<\/strong>, Wiceprezes Zarz\u0105du PWiK Sp. z o.o w Gliwicach.<\/p>\n<p><img loading=\"lazy\" decoding=\"async\" src=\"https:\/\/www.24gliwice.pl\/wiadomosci\/wp-content\/uploads\/2025\/07\/aleja-mickiewicza-msz-5.jpg\" alt=\"\" width=\"810\" height=\"608\" class=\"aligncenter size-full wp-image-256957\" srcset=\"https:\/\/www.24gliwice.pl\/wiadomosci\/wp-content\/uploads\/2025\/07\/aleja-mickiewicza-msz-5.jpg 810w, https:\/\/www.24gliwice.pl\/wiadomosci\/wp-content\/uploads\/2025\/07\/aleja-mickiewicza-msz-5-309x232.jpg 309w, https:\/\/www.24gliwice.pl\/wiadomosci\/wp-content\/uploads\/2025\/07\/aleja-mickiewicza-msz-5-606x455.jpg 606w, https:\/\/www.24gliwice.pl\/wiadomosci\/wp-content\/uploads\/2025\/07\/aleja-mickiewicza-msz-5-768x576.jpg 768w\" sizes=\"auto, (max-width: 810px) 100vw, 810px\" \/><\/p>\n<p>Dopiero po rozpocz\u0119ciu tych prac, z przesuni\u0119ciem 2-4 tygodni, do remontu b\u0119d\u0105 mogli przyst\u0105pi\u0107 ponownie drogowcy. Pod warunkiem, \u017ce podczas prac sieciowych nie wyst\u0105pi\u0105 nieprzewidziane okoliczno\u015bci. <\/p>\n<p>Wed\u0142ug plan\u00f3w z wiosny, aleja w ca\u0142o\u015bci powinna by\u0107 gotowa na pocz\u0105tku przysz\u0142ego roku. Na ten moment jednak trudno spodziewa\u0107 si\u0119 dochowania tego terminu.<\/p>\n<h4>GRUNWALDZKI Z ROZGRZEBAN\u0104 ALEJ\u0104 I ZAMKNI\u0118TYM OD DW\u00d3CH MIESI\u0118CY PLACEM ZABAW<\/H4><\/p>\n<p>W tym roku mieszka\u0144cy korzystaj\u0105cy na co dzie\u0144 z urok\u00f3w placu Grunwaldzkiego musz\u0105 uzbroi\u0107 si\u0119 w dodatkow\u0105 cierpliwo\u015b\u0107. Poza zastojem na alei, od maja modernizowany i zarazem wy\u0142\u0105czony z u\u017cytku jest tak\u017ce plac zabaw. Tu r\u00f3wnie\u017c remont stosunkowo niewielkiej przestrzeni przeci\u0105ga si\u0119 i przy okazji odbiera mo\u017cliwo\u015b\u0107 korzystania z atrakcji w najwa\u017cniejszych, p\u00f3\u017ano wiosennych i letnich miesi\u0105cach. <\/p>\n<h4>NA ALEI OP\u00d3\u0179NIENIE W ZWI\u0104ZKU Z OCHRON\u0104 DRZEW<\/H4><\/p>\n<p>Przypomnijmy, \u017ce op\u00f3\u017anienie z modernizacj\u0105 ul. Mickiewicza wynika w du\u017cej mierze ze z\u0142amania wytycznych konserwatorskich w 2023 roku (m.in. zabraniaj\u0105cych u\u017cycia ci\u0119\u017ckiego sprz\u0119tu na terenie alei). Konsorcjum z\u0142o\u017cone z miejskiej sp\u00f3\u0142ki PRUIM S.A. oraz firmy Eurovia Polska po przeprowadzeniu pierwszych prac na odcinku Zawiszy Czarnego \u2013 Sobieskiego, uzna\u0142o, \u017ce u\u017cycie niewielkich rozmiar\u00f3w koparek b\u0119dzie bardziej efektywne i nie uszkodzi systemu korzeniowego drzew. Zwr\u00f3ci\u0142o si\u0119 w tej sprawie do konserwatora, a z tym stanowiskiem nie zgodzi\u0142a si\u0119 Rada Dzielnicy W\u00f3jtowa Wie\u015b i aktywi\u015bci zaanga\u017cowani w ochron\u0119 zieleni m.in. ze Stowarzyszenia Miasto Ogr\u00f3d Gliwice. <\/p>\n<p>Sprawa ostatecznie trafi\u0142a do Ministra Kultury i Dziedzictwa Narodowego. Na wniosek MOG przeprowadzono konsultacje z ekspertami zajmuj\u0105cymi si\u0119 mi\u0119dzy innymi ochron\u0105 krakowskich Plant\u00f3w. Wskazali oni na gro\u017ane dla drzew rozwi\u0105zania. Podczas spotka\u0144 inwestora, ekspert\u00f3w i spo\u0142ecznik\u00f3w dopracowano szczeg\u00f3\u0142y i sprecyzowano, jakiego sprz\u0119tu mo\u017cna u\u017cywa\u0107 podczas remontu.<\/p>\n<p>(msz)<\/p>\n<div class=\"gliwi-a5-na-koncu-artykulow gliwi-entity-placement\" id=\"gliwi-3144860383\"><div class=\"gliwi-adlabel\"><span style=\"font-size: 9px\">REKLAMA<\/span><\/div><div id=\"gliwi-11876628\" style=\"margin-left: auto;margin-right: auto;text-align: center;\"><a data-no-instant=\"1\" href=\"https:\/\/prezeroarenagliwice.pl\/\" rel=\"noopener\" class=\"a2t-link\" target=\"_blank\" aria-label=\"20260309-PREZERO-WIOSNA-D\"><img loading=\"lazy\" decoding=\"async\" src=\"https:\/\/www.24gliwice.pl\/wiadomosci\/wp-content\/uploads\/2026\/03\/20260309-PREZERO-WIOSNA-D.webp\" alt=\"\"  srcset=\"https:\/\/www.24gliwice.pl\/wiadomosci\/wp-content\/uploads\/2026\/03\/20260309-PREZERO-WIOSNA-D.webp 750w, https:\/\/www.24gliwice.pl\/wiadomosci\/wp-content\/uploads\/2026\/03\/20260309-PREZERO-WIOSNA-D-410x109.webp 410w\" sizes=\"(max-width: 750px) 100vw, 750px\" class=\"no-lazyload\" width=\"750\" height=\"200\"  style=\"display: inline-block; max-width: 100%; height: auto;\" \/><\/a><\/div><\/div>","protected":false},"excerpt":{"rendered":"<p>To chyba najd\u0142u\u017cej trwaj\u0105ca modernizacja ci\u0105gu spacerowego w regionie. Po hucznym wznowieniu prac w kwietniu tego roku, od dobrych kilku tygodni remont znowu stoi w miejscu, a niemal sko\u0144czony fragment alei nadal nie zosta\u0142 oddany do u\u017cytku.<\/p>\n","protected":false},"author":12,"featured_media":256954,"comment_status":"open","ping_status":"closed","sticky":false,"template":"","format":"standard","meta":{"_monsterinsights_skip_tracking":false,"_monsterinsights_sitenote_active":false,"_monsterinsights_sitenote_note":"","_monsterinsights_sitenote_category":0,"footnotes":"","_links_to":"","_links_to_target":""},"categories":[3,1,9],"tags":[],"class_list":["post-256905","post","type-post","status-publish","format-standard","has-post-thumbnail","hentry","category-gliwice","category-wszystko","category-aktualnosci_lokalne"],"yoast_head":"<!-- This site is optimized with the Yoast SEO plugin v27.5 - https:\/\/yoast.com\/product\/yoast-seo-wordpress\/ -->\n<title>Dwa lata od rozpocz\u0119cia remontu i... znowu zast\u00f3j. Modernizacja alei Mickiewicza ci\u0105gle w powijakach - 24GLIWICE - Portal Gliwice | codziennie nowe informacje<\/title>\n<meta name=\"robots\" content=\"index, follow, max-snippet:-1, max-image-preview:large, max-video-preview:-1\" \/>\n<link rel=\"canonical\" href=\"https:\/\/www.24gliwice.pl\/wiadomosci\/dwa-lata-od-rozpoczecia-remontu-i-znowu-zastoj-modernizacja-alei-mickiewicza-ciagle-w-powijakach\/\" \/>\n<meta property=\"og:locale\" content=\"pl_PL\" \/>\n<meta property=\"og:type\" content=\"article\" \/>\n<meta property=\"og:title\" content=\"Dwa lata od rozpocz\u0119cia remontu i... znowu zast\u00f3j. Modernizacja alei Mickiewicza ci\u0105gle w powijakach - 24GLIWICE - Portal Gliwice | codziennie nowe informacje\" \/>\n<meta property=\"og:description\" content=\"To chyba najd\u0142u\u017cej trwaj\u0105ca modernizacja ci\u0105gu spacerowego w regionie. Po hucznym wznowieniu prac w kwietniu tego roku, od dobrych kilku tygodni remont znowu stoi w miejscu, a niemal sko\u0144czony fragment alei nadal nie zosta\u0142 oddany do u\u017cytku.\" \/>\n<meta property=\"og:url\" content=\"https:\/\/www.24gliwice.pl\/wiadomosci\/dwa-lata-od-rozpoczecia-remontu-i-znowu-zastoj-modernizacja-alei-mickiewicza-ciagle-w-powijakach\/\" \/>\n<meta property=\"og:site_name\" content=\"24GLIWICE - Portal Gliwice | codziennie nowe informacje\" \/>\n<meta property=\"article:publisher\" content=\"https:\/\/www.facebook.com\/24gliwice\" \/>\n<meta property=\"article:published_time\" content=\"2025-07-16T01:17:41+00:00\" \/>\n<meta property=\"og:image\" content=\"https:\/\/www.24gliwice.pl\/wiadomosci\/wp-content\/uploads\/2025\/07\/aleja-mickiewicza-msz-3.jpg\" \/>\n\t<meta property=\"og:image:width\" content=\"810\" \/>\n\t<meta property=\"og:image:height\" content=\"456\" \/>\n\t<meta property=\"og:image:type\" content=\"image\/jpeg\" \/>\n<meta name=\"author\" content=\"Micha\u0142 Szewczyk\" \/>\n<meta name=\"twitter:card\" content=\"summary_large_image\" \/>\n<meta name=\"twitter:creator\" content=\"@24gliwice\" \/>\n<meta name=\"twitter:site\" content=\"@24gliwice\" \/>\n<meta name=\"twitter:label1\" content=\"Napisane przez\" \/>\n\t<meta name=\"twitter:data1\" content=\"Micha\u0142 Szewczyk\" \/>\n\t<meta name=\"twitter:label2\" content=\"Szacowany czas czytania\" \/>\n\t<meta name=\"twitter:data2\" content=\"4 minuty\" \/>\n<script type=\"application\/ld+json\" class=\"yoast-schema-graph\">{\"@context\":\"https:\\\/\\\/schema.org\",\"@graph\":[{\"@type\":\"Article\",\"@id\":\"https:\\\/\\\/www.24gliwice.pl\\\/wiadomosci\\\/dwa-lata-od-rozpoczecia-remontu-i-znowu-zastoj-modernizacja-alei-mickiewicza-ciagle-w-powijakach\\\/#article\",\"isPartOf\":{\"@id\":\"https:\\\/\\\/www.24gliwice.pl\\\/wiadomosci\\\/dwa-lata-od-rozpoczecia-remontu-i-znowu-zastoj-modernizacja-alei-mickiewicza-ciagle-w-powijakach\\\/\"},\"author\":{\"name\":\"Micha\u0142 Szewczyk\",\"@id\":\"https:\\\/\\\/www.24gliwice.pl\\\/wiadomosci\\\/#\\\/schema\\\/person\\\/940e8f8a097e322de4f463f061ef8d45\"},\"headline\":\"Dwa lata od rozpocz\u0119cia remontu i&#8230; znowu zast\u00f3j. Modernizacja alei Mickiewicza ci\u0105gle w powijakach\",\"datePublished\":\"2025-07-16T01:17:41+00:00\",\"mainEntityOfPage\":{\"@id\":\"https:\\\/\\\/www.24gliwice.pl\\\/wiadomosci\\\/dwa-lata-od-rozpoczecia-remontu-i-znowu-zastoj-modernizacja-alei-mickiewicza-ciagle-w-powijakach\\\/\"},\"wordCount\":629,\"commentCount\":26,\"publisher\":{\"@id\":\"https:\\\/\\\/www.24gliwice.pl\\\/wiadomosci\\\/#organization\"},\"image\":{\"@id\":\"https:\\\/\\\/www.24gliwice.pl\\\/wiadomosci\\\/dwa-lata-od-rozpoczecia-remontu-i-znowu-zastoj-modernizacja-alei-mickiewicza-ciagle-w-powijakach\\\/#primaryimage\"},\"thumbnailUrl\":\"https:\\\/\\\/www.24gliwice.pl\\\/wiadomosci\\\/wp-content\\\/uploads\\\/2025\\\/07\\\/aleja-mickiewicza-msz-3.jpg\",\"articleSection\":[\"Gliwice\",\"Najnowsze wiadomo\u015bci\",\"Portal Gliwice - Wiadomo\u015bci lokalne\"],\"inLanguage\":\"pl-PL\",\"potentialAction\":[{\"@type\":\"CommentAction\",\"name\":\"Comment\",\"target\":[\"https:\\\/\\\/www.24gliwice.pl\\\/wiadomosci\\\/dwa-lata-od-rozpoczecia-remontu-i-znowu-zastoj-modernizacja-alei-mickiewicza-ciagle-w-powijakach\\\/#respond\"]}]},{\"@type\":\"WebPage\",\"@id\":\"https:\\\/\\\/www.24gliwice.pl\\\/wiadomosci\\\/dwa-lata-od-rozpoczecia-remontu-i-znowu-zastoj-modernizacja-alei-mickiewicza-ciagle-w-powijakach\\\/\",\"url\":\"https:\\\/\\\/www.24gliwice.pl\\\/wiadomosci\\\/dwa-lata-od-rozpoczecia-remontu-i-znowu-zastoj-modernizacja-alei-mickiewicza-ciagle-w-powijakach\\\/\",\"name\":\"Dwa lata od rozpocz\u0119cia remontu i... znowu zast\u00f3j. Modernizacja alei Mickiewicza ci\u0105gle w powijakach - 24GLIWICE - Portal Gliwice | codziennie nowe informacje\",\"isPartOf\":{\"@id\":\"https:\\\/\\\/www.24gliwice.pl\\\/wiadomosci\\\/#website\"},\"primaryImageOfPage\":{\"@id\":\"https:\\\/\\\/www.24gliwice.pl\\\/wiadomosci\\\/dwa-lata-od-rozpoczecia-remontu-i-znowu-zastoj-modernizacja-alei-mickiewicza-ciagle-w-powijakach\\\/#primaryimage\"},\"image\":{\"@id\":\"https:\\\/\\\/www.24gliwice.pl\\\/wiadomosci\\\/dwa-lata-od-rozpoczecia-remontu-i-znowu-zastoj-modernizacja-alei-mickiewicza-ciagle-w-powijakach\\\/#primaryimage\"},\"thumbnailUrl\":\"https:\\\/\\\/www.24gliwice.pl\\\/wiadomosci\\\/wp-content\\\/uploads\\\/2025\\\/07\\\/aleja-mickiewicza-msz-3.jpg\",\"datePublished\":\"2025-07-16T01:17:41+00:00\",\"breadcrumb\":{\"@id\":\"https:\\\/\\\/www.24gliwice.pl\\\/wiadomosci\\\/dwa-lata-od-rozpoczecia-remontu-i-znowu-zastoj-modernizacja-alei-mickiewicza-ciagle-w-powijakach\\\/#breadcrumb\"},\"inLanguage\":\"pl-PL\",\"potentialAction\":[{\"@type\":\"ReadAction\",\"target\":[\"https:\\\/\\\/www.24gliwice.pl\\\/wiadomosci\\\/dwa-lata-od-rozpoczecia-remontu-i-znowu-zastoj-modernizacja-alei-mickiewicza-ciagle-w-powijakach\\\/\"]}]},{\"@type\":\"ImageObject\",\"inLanguage\":\"pl-PL\",\"@id\":\"https:\\\/\\\/www.24gliwice.pl\\\/wiadomosci\\\/dwa-lata-od-rozpoczecia-remontu-i-znowu-zastoj-modernizacja-alei-mickiewicza-ciagle-w-powijakach\\\/#primaryimage\",\"url\":\"https:\\\/\\\/www.24gliwice.pl\\\/wiadomosci\\\/wp-content\\\/uploads\\\/2025\\\/07\\\/aleja-mickiewicza-msz-3.jpg\",\"contentUrl\":\"https:\\\/\\\/www.24gliwice.pl\\\/wiadomosci\\\/wp-content\\\/uploads\\\/2025\\\/07\\\/aleja-mickiewicza-msz-3.jpg\",\"width\":810,\"height\":456,\"caption\":\"Modernizacja alei wzd\u0142u\u017c ul. Mickiewicza to jeden z najd\u0142u\u017cej trwaj\u0105cych remont\u00f3w w Gliwicach.\"},{\"@type\":\"BreadcrumbList\",\"@id\":\"https:\\\/\\\/www.24gliwice.pl\\\/wiadomosci\\\/dwa-lata-od-rozpoczecia-remontu-i-znowu-zastoj-modernizacja-alei-mickiewicza-ciagle-w-powijakach\\\/#breadcrumb\",\"itemListElement\":[{\"@type\":\"ListItem\",\"position\":1,\"name\":\"Strona g\u0142\u00f3wna\",\"item\":\"https:\\\/\\\/www.24gliwice.pl\\\/wiadomosci\\\/\"},{\"@type\":\"ListItem\",\"position\":2,\"name\":\"Dwa lata od rozpocz\u0119cia remontu i&#8230; znowu zast\u00f3j. Modernizacja alei Mickiewicza ci\u0105gle w powijakach\"}]},{\"@type\":\"WebSite\",\"@id\":\"https:\\\/\\\/www.24gliwice.pl\\\/wiadomosci\\\/#website\",\"url\":\"https:\\\/\\\/www.24gliwice.pl\\\/wiadomosci\\\/\",\"name\":\"24GLIWICE - Portal Gliwice | codziennie nowe wiadomo\u015bci\",\"description\":\"Portal Miejski Gliwice\",\"publisher\":{\"@id\":\"https:\\\/\\\/www.24gliwice.pl\\\/wiadomosci\\\/#organization\"},\"potentialAction\":[{\"@type\":\"SearchAction\",\"target\":{\"@type\":\"EntryPoint\",\"urlTemplate\":\"https:\\\/\\\/www.24gliwice.pl\\\/wiadomosci\\\/?s={search_term_string}\"},\"query-input\":{\"@type\":\"PropertyValueSpecification\",\"valueRequired\":true,\"valueName\":\"search_term_string\"}}],\"inLanguage\":\"pl-PL\"},{\"@type\":\"Organization\",\"@id\":\"https:\\\/\\\/www.24gliwice.pl\\\/wiadomosci\\\/#organization\",\"name\":\"24gliwice\",\"url\":\"https:\\\/\\\/www.24gliwice.pl\\\/wiadomosci\\\/\",\"logo\":{\"@type\":\"ImageObject\",\"inLanguage\":\"pl-PL\",\"@id\":\"https:\\\/\\\/www.24gliwice.pl\\\/wiadomosci\\\/#\\\/schema\\\/logo\\\/image\\\/\",\"url\":\"https:\\\/\\\/www.24gliwice.pl\\\/wiadomosci\\\/wp-content\\\/uploads\\\/2024\\\/10\\\/24gliwice-logo-696.jpg\",\"contentUrl\":\"https:\\\/\\\/www.24gliwice.pl\\\/wiadomosci\\\/wp-content\\\/uploads\\\/2024\\\/10\\\/24gliwice-logo-696.jpg\",\"width\":696,\"height\":696,\"caption\":\"24gliwice\"},\"image\":{\"@id\":\"https:\\\/\\\/www.24gliwice.pl\\\/wiadomosci\\\/#\\\/schema\\\/logo\\\/image\\\/\"},\"sameAs\":[\"https:\\\/\\\/www.facebook.com\\\/24gliwice\",\"https:\\\/\\\/x.com\\\/24gliwice\",\"https:\\\/\\\/www.youtube.com\\\/@24gliwice\"]},{\"@type\":\"Person\",\"@id\":\"https:\\\/\\\/www.24gliwice.pl\\\/wiadomosci\\\/#\\\/schema\\\/person\\\/940e8f8a097e322de4f463f061ef8d45\",\"name\":\"Micha\u0142 Szewczyk\",\"image\":{\"@type\":\"ImageObject\",\"inLanguage\":\"pl-PL\",\"@id\":\"https:\\\/\\\/secure.gravatar.com\\\/avatar\\\/771b8b6c74cd8d255e46392d605e01a86133900ef09b6ef3c8d451c9d92288cf?s=96&d=mm&r=g\",\"url\":\"https:\\\/\\\/secure.gravatar.com\\\/avatar\\\/771b8b6c74cd8d255e46392d605e01a86133900ef09b6ef3c8d451c9d92288cf?s=96&d=mm&r=g\",\"contentUrl\":\"https:\\\/\\\/secure.gravatar.com\\\/avatar\\\/771b8b6c74cd8d255e46392d605e01a86133900ef09b6ef3c8d451c9d92288cf?s=96&d=mm&r=g\",\"caption\":\"Micha\u0142 Szewczyk\"},\"sameAs\":[\"http:\\\/\\\/www.gazeta-miejska.pl\"],\"url\":\"https:\\\/\\\/www.24gliwice.pl\\\/wiadomosci\\\/author\\\/michal-szewczyk\\\/\"}]}<\/script>\n<!-- \/ Yoast SEO plugin. -->","yoast_head_json":{"title":"Dwa lata od rozpocz\u0119cia remontu i... znowu zast\u00f3j. Modernizacja alei Mickiewicza ci\u0105gle w powijakach - 24GLIWICE - Portal Gliwice | codziennie nowe informacje","robots":{"index":"index","follow":"follow","max-snippet":"max-snippet:-1","max-image-preview":"max-image-preview:large","max-video-preview":"max-video-preview:-1"},"canonical":"https:\/\/www.24gliwice.pl\/wiadomosci\/dwa-lata-od-rozpoczecia-remontu-i-znowu-zastoj-modernizacja-alei-mickiewicza-ciagle-w-powijakach\/","og_locale":"pl_PL","og_type":"article","og_title":"Dwa lata od rozpocz\u0119cia remontu i... znowu zast\u00f3j. Modernizacja alei Mickiewicza ci\u0105gle w powijakach - 24GLIWICE - Portal Gliwice | codziennie nowe informacje","og_description":"To chyba najd\u0142u\u017cej trwaj\u0105ca modernizacja ci\u0105gu spacerowego w regionie. Po hucznym wznowieniu prac w kwietniu tego roku, od dobrych kilku tygodni remont znowu stoi w miejscu, a niemal sko\u0144czony fragment alei nadal nie zosta\u0142 oddany do u\u017cytku.","og_url":"https:\/\/www.24gliwice.pl\/wiadomosci\/dwa-lata-od-rozpoczecia-remontu-i-znowu-zastoj-modernizacja-alei-mickiewicza-ciagle-w-powijakach\/","og_site_name":"24GLIWICE - Portal Gliwice | codziennie nowe informacje","article_publisher":"https:\/\/www.facebook.com\/24gliwice","article_published_time":"2025-07-16T01:17:41+00:00","og_image":[{"width":810,"height":456,"url":"https:\/\/www.24gliwice.pl\/wiadomosci\/wp-content\/uploads\/2025\/07\/aleja-mickiewicza-msz-3.jpg","type":"image\/jpeg"}],"author":"Micha\u0142 Szewczyk","twitter_card":"summary_large_image","twitter_creator":"@24gliwice","twitter_site":"@24gliwice","twitter_misc":{"Napisane przez":"Micha\u0142 Szewczyk","Szacowany czas czytania":"4 minuty"},"schema":{"@context":"https:\/\/schema.org","@graph":[{"@type":"Article","@id":"https:\/\/www.24gliwice.pl\/wiadomosci\/dwa-lata-od-rozpoczecia-remontu-i-znowu-zastoj-modernizacja-alei-mickiewicza-ciagle-w-powijakach\/#article","isPartOf":{"@id":"https:\/\/www.24gliwice.pl\/wiadomosci\/dwa-lata-od-rozpoczecia-remontu-i-znowu-zastoj-modernizacja-alei-mickiewicza-ciagle-w-powijakach\/"},"author":{"name":"Micha\u0142 Szewczyk","@id":"https:\/\/www.24gliwice.pl\/wiadomosci\/#\/schema\/person\/940e8f8a097e322de4f463f061ef8d45"},"headline":"Dwa lata od rozpocz\u0119cia remontu i&#8230; znowu zast\u00f3j. Modernizacja alei Mickiewicza ci\u0105gle w powijakach","datePublished":"2025-07-16T01:17:41+00:00","mainEntityOfPage":{"@id":"https:\/\/www.24gliwice.pl\/wiadomosci\/dwa-lata-od-rozpoczecia-remontu-i-znowu-zastoj-modernizacja-alei-mickiewicza-ciagle-w-powijakach\/"},"wordCount":629,"commentCount":26,"publisher":{"@id":"https:\/\/www.24gliwice.pl\/wiadomosci\/#organization"},"image":{"@id":"https:\/\/www.24gliwice.pl\/wiadomosci\/dwa-lata-od-rozpoczecia-remontu-i-znowu-zastoj-modernizacja-alei-mickiewicza-ciagle-w-powijakach\/#primaryimage"},"thumbnailUrl":"https:\/\/www.24gliwice.pl\/wiadomosci\/wp-content\/uploads\/2025\/07\/aleja-mickiewicza-msz-3.jpg","articleSection":["Gliwice","Najnowsze wiadomo\u015bci","Portal Gliwice - Wiadomo\u015bci lokalne"],"inLanguage":"pl-PL","potentialAction":[{"@type":"CommentAction","name":"Comment","target":["https:\/\/www.24gliwice.pl\/wiadomosci\/dwa-lata-od-rozpoczecia-remontu-i-znowu-zastoj-modernizacja-alei-mickiewicza-ciagle-w-powijakach\/#respond"]}]},{"@type":"WebPage","@id":"https:\/\/www.24gliwice.pl\/wiadomosci\/dwa-lata-od-rozpoczecia-remontu-i-znowu-zastoj-modernizacja-alei-mickiewicza-ciagle-w-powijakach\/","url":"https:\/\/www.24gliwice.pl\/wiadomosci\/dwa-lata-od-rozpoczecia-remontu-i-znowu-zastoj-modernizacja-alei-mickiewicza-ciagle-w-powijakach\/","name":"Dwa lata od rozpocz\u0119cia remontu i... znowu zast\u00f3j. Modernizacja alei Mickiewicza ci\u0105gle w powijakach - 24GLIWICE - Portal Gliwice | codziennie nowe informacje","isPartOf":{"@id":"https:\/\/www.24gliwice.pl\/wiadomosci\/#website"},"primaryImageOfPage":{"@id":"https:\/\/www.24gliwice.pl\/wiadomosci\/dwa-lata-od-rozpoczecia-remontu-i-znowu-zastoj-modernizacja-alei-mickiewicza-ciagle-w-powijakach\/#primaryimage"},"image":{"@id":"https:\/\/www.24gliwice.pl\/wiadomosci\/dwa-lata-od-rozpoczecia-remontu-i-znowu-zastoj-modernizacja-alei-mickiewicza-ciagle-w-powijakach\/#primaryimage"},"thumbnailUrl":"https:\/\/www.24gliwice.pl\/wiadomosci\/wp-content\/uploads\/2025\/07\/aleja-mickiewicza-msz-3.jpg","datePublished":"2025-07-16T01:17:41+00:00","breadcrumb":{"@id":"https:\/\/www.24gliwice.pl\/wiadomosci\/dwa-lata-od-rozpoczecia-remontu-i-znowu-zastoj-modernizacja-alei-mickiewicza-ciagle-w-powijakach\/#breadcrumb"},"inLanguage":"pl-PL","potentialAction":[{"@type":"ReadAction","target":["https:\/\/www.24gliwice.pl\/wiadomosci\/dwa-lata-od-rozpoczecia-remontu-i-znowu-zastoj-modernizacja-alei-mickiewicza-ciagle-w-powijakach\/"]}]},{"@type":"ImageObject","inLanguage":"pl-PL","@id":"https:\/\/www.24gliwice.pl\/wiadomosci\/dwa-lata-od-rozpoczecia-remontu-i-znowu-zastoj-modernizacja-alei-mickiewicza-ciagle-w-powijakach\/#primaryimage","url":"https:\/\/www.24gliwice.pl\/wiadomosci\/wp-content\/uploads\/2025\/07\/aleja-mickiewicza-msz-3.jpg","contentUrl":"https:\/\/www.24gliwice.pl\/wiadomosci\/wp-content\/uploads\/2025\/07\/aleja-mickiewicza-msz-3.jpg","width":810,"height":456,"caption":"Modernizacja alei wzd\u0142u\u017c ul. Mickiewicza to jeden z najd\u0142u\u017cej trwaj\u0105cych remont\u00f3w w Gliwicach."},{"@type":"BreadcrumbList","@id":"https:\/\/www.24gliwice.pl\/wiadomosci\/dwa-lata-od-rozpoczecia-remontu-i-znowu-zastoj-modernizacja-alei-mickiewicza-ciagle-w-powijakach\/#breadcrumb","itemListElement":[{"@type":"ListItem","position":1,"name":"Strona g\u0142\u00f3wna","item":"https:\/\/www.24gliwice.pl\/wiadomosci\/"},{"@type":"ListItem","position":2,"name":"Dwa lata od rozpocz\u0119cia remontu i&#8230; znowu zast\u00f3j. Modernizacja alei Mickiewicza ci\u0105gle w powijakach"}]},{"@type":"WebSite","@id":"https:\/\/www.24gliwice.pl\/wiadomosci\/#website","url":"https:\/\/www.24gliwice.pl\/wiadomosci\/","name":"24GLIWICE - Portal Gliwice | codziennie nowe wiadomo\u015bci","description":"Portal Miejski Gliwice","publisher":{"@id":"https:\/\/www.24gliwice.pl\/wiadomosci\/#organization"},"potentialAction":[{"@type":"SearchAction","target":{"@type":"EntryPoint","urlTemplate":"https:\/\/www.24gliwice.pl\/wiadomosci\/?s={search_term_string}"},"query-input":{"@type":"PropertyValueSpecification","valueRequired":true,"valueName":"search_term_string"}}],"inLanguage":"pl-PL"},{"@type":"Organization","@id":"https:\/\/www.24gliwice.pl\/wiadomosci\/#organization","name":"24gliwice","url":"https:\/\/www.24gliwice.pl\/wiadomosci\/","logo":{"@type":"ImageObject","inLanguage":"pl-PL","@id":"https:\/\/www.24gliwice.pl\/wiadomosci\/#\/schema\/logo\/image\/","url":"https:\/\/www.24gliwice.pl\/wiadomosci\/wp-content\/uploads\/2024\/10\/24gliwice-logo-696.jpg","contentUrl":"https:\/\/www.24gliwice.pl\/wiadomosci\/wp-content\/uploads\/2024\/10\/24gliwice-logo-696.jpg","width":696,"height":696,"caption":"24gliwice"},"image":{"@id":"https:\/\/www.24gliwice.pl\/wiadomosci\/#\/schema\/logo\/image\/"},"sameAs":["https:\/\/www.facebook.com\/24gliwice","https:\/\/x.com\/24gliwice","https:\/\/www.youtube.com\/@24gliwice"]},{"@type":"Person","@id":"https:\/\/www.24gliwice.pl\/wiadomosci\/#\/schema\/person\/940e8f8a097e322de4f463f061ef8d45","name":"Micha\u0142 Szewczyk","image":{"@type":"ImageObject","inLanguage":"pl-PL","@id":"https:\/\/secure.gravatar.com\/avatar\/771b8b6c74cd8d255e46392d605e01a86133900ef09b6ef3c8d451c9d92288cf?s=96&d=mm&r=g","url":"https:\/\/secure.gravatar.com\/avatar\/771b8b6c74cd8d255e46392d605e01a86133900ef09b6ef3c8d451c9d92288cf?s=96&d=mm&r=g","contentUrl":"https:\/\/secure.gravatar.com\/avatar\/771b8b6c74cd8d255e46392d605e01a86133900ef09b6ef3c8d451c9d92288cf?s=96&d=mm&r=g","caption":"Micha\u0142 Szewczyk"},"sameAs":["http:\/\/www.gazeta-miejska.pl"],"url":"https:\/\/www.24gliwice.pl\/wiadomosci\/author\/michal-szewczyk\/"}]}},"_links":{"self":[{"href":"https:\/\/www.24gliwice.pl\/wiadomosci\/wp-json\/wp\/v2\/posts\/256905","targetHints":{"allow":["GET"]}}],"collection":[{"href":"https:\/\/www.24gliwice.pl\/wiadomosci\/wp-json\/wp\/v2\/posts"}],"about":[{"href":"https:\/\/www.24gliwice.pl\/wiadomosci\/wp-json\/wp\/v2\/types\/post"}],"author":[{"embeddable":true,"href":"https:\/\/www.24gliwice.pl\/wiadomosci\/wp-json\/wp\/v2\/users\/12"}],"replies":[{"embeddable":true,"href":"https:\/\/www.24gliwice.pl\/wiadomosci\/wp-json\/wp\/v2\/comments?post=256905"}],"version-history":[{"count":0,"href":"https:\/\/www.24gliwice.pl\/wiadomosci\/wp-json\/wp\/v2\/posts\/256905\/revisions"}],"wp:featuredmedia":[{"embeddable":true,"href":"https:\/\/www.24gliwice.pl\/wiadomosci\/wp-json\/wp\/v2\/media\/256954"}],"wp:attachment":[{"href":"https:\/\/www.24gliwice.pl\/wiadomosci\/wp-json\/wp\/v2\/media?parent=256905"}],"wp:term":[{"taxonomy":"category","embeddable":true,"href":"https:\/\/www.24gliwice.pl\/wiadomosci\/wp-json\/wp\/v2\/categories?post=256905"},{"taxonomy":"post_tag","embeddable":true,"href":"https:\/\/www.24gliwice.pl\/wiadomosci\/wp-json\/wp\/v2\/tags?post=256905"}],"curies":[{"name":"wp","href":"https:\/\/api.w.org\/{rel}","templated":true}]}}