{"id":257338,"date":"2025-07-23T03:19:41","date_gmt":"2025-07-23T01:19:41","guid":{"rendered":"https:\/\/www.24gliwice.pl\/wiadomosci\/?p=257338"},"modified":"2025-07-23T03:19:41","modified_gmt":"2025-07-23T01:19:41","slug":"john-baildon-na-elewacji-w-dzielnicy-baildona-nowy-mural-ozdobil-sciane-szkoly-podstawowej","status":"publish","type":"post","link":"https:\/\/www.24gliwice.pl\/wiadomosci\/john-baildon-na-elewacji-w-dzielnicy-baildona-nowy-mural-ozdobil-sciane-szkoly-podstawowej\/","title":{"rendered":"John Baildon na elewacji w dzielnicy Baildona. Nowy mural ozdobi\u0142 \u015bcian\u0119 szko\u0142y podstawowej"},"content":{"rendered":"<div class=\"gliwi-a6-nad-leadem-artykulow gliwi-entity-placement\" id=\"gliwi-315790920\"><div class=\"gliwi-adlabel\"><span style=\"font-size: 9px\">REKLAMA<\/span><\/div><div id=\"gliwi-1273548129\" style=\"margin-bottom: 25px;margin-left: auto;margin-right: auto;text-align: center;\"><a data-no-instant=\"1\" href=\"https:\/\/dom100.eu\/\" rel=\"noopener\" class=\"a2t-link\" target=\"_blank\" aria-label=\"20260415 DOM100 D\"><img loading=\"lazy\" decoding=\"async\" src=\"https:\/\/www.24gliwice.pl\/wiadomosci\/wp-content\/uploads\/2026\/04\/20260415-DOM100-D.jpg\" alt=\"\"  srcset=\"https:\/\/www.24gliwice.pl\/wiadomosci\/wp-content\/uploads\/2026\/04\/20260415-DOM100-D.jpg 750w, https:\/\/www.24gliwice.pl\/wiadomosci\/wp-content\/uploads\/2026\/04\/20260415-DOM100-D-410x109.jpg 410w\" sizes=\"(max-width: 750px) 100vw, 750px\" class=\"no-lazyload\" width=\"750\" height=\"200\"  style=\"display: inline-block; max-width: 100%; height: auto;\" \/><\/a><\/div><\/div><h2>Elewacj\u0119 budynku Zespo\u0142u Szk\u00f3\u0142 Podstawowych nr 6 w dzielnicy Baildona ozdobi\u0142 kolorowy mural z wizerunkiem patrona plac\u00f3wki, Johna Baildona. Malowid\u0142o zajmuje oko\u0142o 87 m2 powierzchni. Zosta\u0142o wykonane przez firm\u0119 Kolorart Dominik Rutkowski w ramach Gliwickiego Bud\u017cetu Obywatelskiego. Jego koszt wyni\u00f3s\u0142 ponad 30 tys. z\u0142.<\/h2>\n<p><!--more--><\/p>\n<p>John Baildon by\u0142 znanym przemys\u0142owcem, in\u017cynierem i hutnikiem. Uwa\u017cany jest za ojca wsp\u00f3\u0142czesnego hutnictwa \u017celaza. Urodzony w Szkocji, \u017cycie zawodowe zwi\u0105za\u0142 z G\u00f3rnym \u015al\u0105skiem. <\/p>\n<p><a href=\"https:\/\/www.24gliwice.pl\/wiadomosci\/wp-content\/uploads\/2025\/07\/baildon-mural3.jpg\"><img loading=\"lazy\" decoding=\"async\" src=\"https:\/\/www.24gliwice.pl\/wiadomosci\/wp-content\/uploads\/2025\/07\/baildon-mural3.jpg\" alt=\"\" width=\"810\" height=\"456\" class=\"alignnone size-full wp-image-257350\" srcset=\"https:\/\/www.24gliwice.pl\/wiadomosci\/wp-content\/uploads\/2025\/07\/baildon-mural3.jpg 810w, https:\/\/www.24gliwice.pl\/wiadomosci\/wp-content\/uploads\/2025\/07\/baildon-mural3-410x232.jpg 410w, https:\/\/www.24gliwice.pl\/wiadomosci\/wp-content\/uploads\/2025\/07\/baildon-mural3-808x455.jpg 808w, https:\/\/www.24gliwice.pl\/wiadomosci\/wp-content\/uploads\/2025\/07\/baildon-mural3-768x432.jpg 768w\" sizes=\"auto, (max-width: 810px) 100vw, 810px\" \/><\/a><\/p>\n<p>Na \u015al\u0105sk przyjecha\u0142 w 1793 r., na zaproszenie Friedricha Wilhelma von Redena. Szybko powierzono mu stanowisko doradcy technicznego przy budowie Kr\u00f3lewskiej Odlewni \u017belaza w Gliwicach. Baildon zaprojektowa\u0142 i nadzorowa\u0142 budow\u0119 wielkiego pieca hutniczego opalanego koksem, pierwszego takiego na kontynencie europejskim. Projektowa\u0142 i budowa\u0142 huty i kopalnie na terenie \u015al\u0105ska. <\/p><div class=\"gliwi-a3-w-tresci-artykulow gliwi-entity-placement\" id=\"gliwi-3063977927\"><div class=\"gliwi-adlabel\"><span style=\"font-size: 9px\">REKLAMA<\/span><\/div><div id=\"gliwi-2533947346\" style=\"margin-bottom: 30px;margin-left: auto;margin-right: auto;text-align: center;\"><a data-no-instant=\"1\" href=\"https:\/\/zlobek.halogen.org.pl\/\" rel=\"noopener\" class=\"a2t-link\" target=\"_blank\" aria-label=\"animator-zlobek_750x200\"><img loading=\"lazy\" decoding=\"async\" src=\"https:\/\/www.24gliwice.pl\/wiadomosci\/wp-content\/uploads\/2026\/02\/animator-zlobek_750x200.webp\" alt=\"\"  srcset=\"https:\/\/www.24gliwice.pl\/wiadomosci\/wp-content\/uploads\/2026\/02\/animator-zlobek_750x200.webp 750w, https:\/\/www.24gliwice.pl\/wiadomosci\/wp-content\/uploads\/2026\/02\/animator-zlobek_750x200-410x109.webp 410w\" sizes=\"(max-width: 750px) 100vw, 750px\" class=\"no-lazyload\" width=\"750\" height=\"200\"  style=\"display: inline-block; max-width: 100%; height: auto;\" \/><\/a><\/div><\/div>\n<p><a href=\"https:\/\/www.24gliwice.pl\/wiadomosci\/wp-content\/uploads\/2025\/07\/baildon-mural2.jpg\"><img loading=\"lazy\" decoding=\"async\" src=\"https:\/\/www.24gliwice.pl\/wiadomosci\/wp-content\/uploads\/2025\/07\/baildon-mural2.jpg\" alt=\"\" width=\"810\" height=\"456\" class=\"alignnone size-full wp-image-257349\" srcset=\"https:\/\/www.24gliwice.pl\/wiadomosci\/wp-content\/uploads\/2025\/07\/baildon-mural2.jpg 810w, https:\/\/www.24gliwice.pl\/wiadomosci\/wp-content\/uploads\/2025\/07\/baildon-mural2-410x232.jpg 410w, https:\/\/www.24gliwice.pl\/wiadomosci\/wp-content\/uploads\/2025\/07\/baildon-mural2-808x455.jpg 808w, https:\/\/www.24gliwice.pl\/wiadomosci\/wp-content\/uploads\/2025\/07\/baildon-mural2-768x432.jpg 768w\" sizes=\"auto, (max-width: 810px) 100vw, 810px\" \/><\/a><\/p>\n<p>W Gliwicach osiad\u0142, \u017ceni\u0105c si\u0119 w 1804 r. z Helen\u0105 Galli, m\u0142odsz\u0105 o 12 lat c\u00f3rk\u0105 bogatego w\u0142oskiego kupca. Zamieszkali w kamienicy na Rynku. Mieli siedmioro dzieci. Baildon zmar\u0142 w 1846 r., w wieku 74 lat. Zosta\u0142 pochowany na cmentarzu Hutniczym w Gliwicach. <\/p>\n<p>(\u017cms)\/UM Gliwice(mf)<br \/>\nfot. 24GLIWICE\/\u0141G<\/p>\n<div class=\"gliwi-a5-na-koncu-artykulow gliwi-entity-placement\" id=\"gliwi-1806836187\"><div class=\"gliwi-adlabel\"><span style=\"font-size: 9px\">REKLAMA<\/span><\/div><div id=\"gliwi-25142228\" style=\"margin-left: auto;margin-right: auto;text-align: center;\"><a data-no-instant=\"1\" href=\"https:\/\/prezeroarenagliwice.pl\/\" rel=\"noopener\" class=\"a2t-link\" target=\"_blank\" aria-label=\"20260309-PREZERO-WIOSNA-D\"><img loading=\"lazy\" decoding=\"async\" src=\"https:\/\/www.24gliwice.pl\/wiadomosci\/wp-content\/uploads\/2026\/03\/20260309-PREZERO-WIOSNA-D.webp\" alt=\"\"  srcset=\"https:\/\/www.24gliwice.pl\/wiadomosci\/wp-content\/uploads\/2026\/03\/20260309-PREZERO-WIOSNA-D.webp 750w, https:\/\/www.24gliwice.pl\/wiadomosci\/wp-content\/uploads\/2026\/03\/20260309-PREZERO-WIOSNA-D-410x109.webp 410w\" sizes=\"(max-width: 750px) 100vw, 750px\" class=\"no-lazyload\" width=\"750\" height=\"200\"  style=\"display: inline-block; max-width: 100%; height: auto;\" \/><\/a><\/div><\/div>","protected":false},"excerpt":{"rendered":"<p>Elewacj\u0119 budynku Zespo\u0142u Szk\u00f3\u0142 Podstawowych nr 6 w dzielnicy Baildona ozdobi\u0142 kolorowy mural z wizerunkiem patrona plac\u00f3wki, Johna Baildona. Malowid\u0142o zajmuje oko\u0142o 87 m2 powierzchni. Zosta\u0142o wykonane przez firm\u0119 Kolorart Dominik Rutkowski w ramach Gliwickiego Bud\u017cetu Obywatelskiego. Jego koszt wyni\u00f3s\u0142 ponad 30 tys. z\u0142.<\/p>\n","protected":false},"author":15,"featured_media":257348,"comment_status":"open","ping_status":"closed","sticky":false,"template":"","format":"standard","meta":{"_monsterinsights_skip_tracking":false,"_monsterinsights_sitenote_active":false,"_monsterinsights_sitenote_note":"","_monsterinsights_sitenote_category":0,"footnotes":"","_links_to":"","_links_to_target":""},"categories":[3,1],"tags":[24471,18748],"class_list":["post-257338","post","type-post","status-publish","format-standard","has-post-thumbnail","hentry","category-gliwice","category-wszystko","tag-baildon","tag-mural"],"yoast_head":"<!-- This site is optimized with the Yoast SEO plugin v27.5 - https:\/\/yoast.com\/product\/yoast-seo-wordpress\/ -->\n<title>John Baildon na elewacji w dzielnicy Baildona. Nowy mural ozdobi\u0142 \u015bcian\u0119 szko\u0142y podstawowej - 24GLIWICE - Portal Gliwice | codziennie nowe informacje<\/title>\n<meta name=\"description\" content=\"W dzielnicy Baildona na \u015bcianie szko\u0142y podstawowej powsta\u0142 mural z wizerunkiem Johna Baildona. Kosztowa\u0142 30 tys. z\u0142otych\" \/>\n<meta name=\"robots\" content=\"index, follow, max-snippet:-1, max-image-preview:large, max-video-preview:-1\" \/>\n<link rel=\"canonical\" href=\"https:\/\/www.24gliwice.pl\/wiadomosci\/john-baildon-na-elewacji-w-dzielnicy-baildona-nowy-mural-ozdobil-sciane-szkoly-podstawowej\/\" \/>\n<meta property=\"og:locale\" content=\"pl_PL\" \/>\n<meta property=\"og:type\" content=\"article\" \/>\n<meta property=\"og:title\" content=\"John Baildon na elewacji w dzielnicy Baildona. Nowy mural ozdobi\u0142 \u015bcian\u0119 szko\u0142y podstawowej - 24GLIWICE - Portal Gliwice | codziennie nowe informacje\" \/>\n<meta property=\"og:description\" content=\"W dzielnicy Baildona na \u015bcianie szko\u0142y podstawowej powsta\u0142 mural z wizerunkiem Johna Baildona. Kosztowa\u0142 30 tys. z\u0142otych\" \/>\n<meta property=\"og:url\" content=\"https:\/\/www.24gliwice.pl\/wiadomosci\/john-baildon-na-elewacji-w-dzielnicy-baildona-nowy-mural-ozdobil-sciane-szkoly-podstawowej\/\" \/>\n<meta property=\"og:site_name\" content=\"24GLIWICE - Portal Gliwice | codziennie nowe informacje\" \/>\n<meta property=\"article:publisher\" content=\"https:\/\/www.facebook.com\/24gliwice\" \/>\n<meta property=\"article:published_time\" content=\"2025-07-23T01:19:41+00:00\" \/>\n<meta property=\"og:image\" content=\"https:\/\/www.24gliwice.pl\/wiadomosci\/wp-content\/uploads\/2025\/07\/baildon-mural.jpg\" \/>\n\t<meta property=\"og:image:width\" content=\"810\" \/>\n\t<meta property=\"og:image:height\" content=\"457\" \/>\n\t<meta property=\"og:image:type\" content=\"image\/jpeg\" \/>\n<meta name=\"author\" content=\"\u017baneta Mrozek-Siewierska\" \/>\n<meta name=\"twitter:card\" content=\"summary_large_image\" \/>\n<meta name=\"twitter:creator\" content=\"@24gliwice\" \/>\n<meta name=\"twitter:site\" content=\"@24gliwice\" \/>\n<meta name=\"twitter:label1\" content=\"Napisane przez\" \/>\n\t<meta name=\"twitter:data1\" content=\"\u017baneta Mrozek-Siewierska\" \/>\n\t<meta name=\"twitter:label2\" content=\"Szacowany czas czytania\" \/>\n\t<meta name=\"twitter:data2\" content=\"2 minuty\" \/>\n<script type=\"application\/ld+json\" class=\"yoast-schema-graph\">{\"@context\":\"https:\\\/\\\/schema.org\",\"@graph\":[{\"@type\":\"Article\",\"@id\":\"https:\\\/\\\/www.24gliwice.pl\\\/wiadomosci\\\/john-baildon-na-elewacji-w-dzielnicy-baildona-nowy-mural-ozdobil-sciane-szkoly-podstawowej\\\/#article\",\"isPartOf\":{\"@id\":\"https:\\\/\\\/www.24gliwice.pl\\\/wiadomosci\\\/john-baildon-na-elewacji-w-dzielnicy-baildona-nowy-mural-ozdobil-sciane-szkoly-podstawowej\\\/\"},\"author\":{\"name\":\"\u017baneta Mrozek-Siewierska\",\"@id\":\"https:\\\/\\\/www.24gliwice.pl\\\/wiadomosci\\\/#\\\/schema\\\/person\\\/e42c650edd7f2fa332be3811fb166b6e\"},\"headline\":\"John Baildon na elewacji w dzielnicy Baildona. Nowy mural ozdobi\u0142 \u015bcian\u0119 szko\u0142y podstawowej\",\"datePublished\":\"2025-07-23T01:19:41+00:00\",\"mainEntityOfPage\":{\"@id\":\"https:\\\/\\\/www.24gliwice.pl\\\/wiadomosci\\\/john-baildon-na-elewacji-w-dzielnicy-baildona-nowy-mural-ozdobil-sciane-szkoly-podstawowej\\\/\"},\"wordCount\":194,\"commentCount\":6,\"publisher\":{\"@id\":\"https:\\\/\\\/www.24gliwice.pl\\\/wiadomosci\\\/#organization\"},\"image\":{\"@id\":\"https:\\\/\\\/www.24gliwice.pl\\\/wiadomosci\\\/john-baildon-na-elewacji-w-dzielnicy-baildona-nowy-mural-ozdobil-sciane-szkoly-podstawowej\\\/#primaryimage\"},\"thumbnailUrl\":\"https:\\\/\\\/www.24gliwice.pl\\\/wiadomosci\\\/wp-content\\\/uploads\\\/2025\\\/07\\\/baildon-mural.jpg\",\"keywords\":[\"BAILDON\",\"mural\"],\"articleSection\":[\"Gliwice\",\"Najnowsze wiadomo\u015bci\"],\"inLanguage\":\"pl-PL\",\"potentialAction\":[{\"@type\":\"CommentAction\",\"name\":\"Comment\",\"target\":[\"https:\\\/\\\/www.24gliwice.pl\\\/wiadomosci\\\/john-baildon-na-elewacji-w-dzielnicy-baildona-nowy-mural-ozdobil-sciane-szkoly-podstawowej\\\/#respond\"]}]},{\"@type\":\"WebPage\",\"@id\":\"https:\\\/\\\/www.24gliwice.pl\\\/wiadomosci\\\/john-baildon-na-elewacji-w-dzielnicy-baildona-nowy-mural-ozdobil-sciane-szkoly-podstawowej\\\/\",\"url\":\"https:\\\/\\\/www.24gliwice.pl\\\/wiadomosci\\\/john-baildon-na-elewacji-w-dzielnicy-baildona-nowy-mural-ozdobil-sciane-szkoly-podstawowej\\\/\",\"name\":\"John Baildon na elewacji w dzielnicy Baildona. Nowy mural ozdobi\u0142 \u015bcian\u0119 szko\u0142y podstawowej - 24GLIWICE - Portal Gliwice | codziennie nowe informacje\",\"isPartOf\":{\"@id\":\"https:\\\/\\\/www.24gliwice.pl\\\/wiadomosci\\\/#website\"},\"primaryImageOfPage\":{\"@id\":\"https:\\\/\\\/www.24gliwice.pl\\\/wiadomosci\\\/john-baildon-na-elewacji-w-dzielnicy-baildona-nowy-mural-ozdobil-sciane-szkoly-podstawowej\\\/#primaryimage\"},\"image\":{\"@id\":\"https:\\\/\\\/www.24gliwice.pl\\\/wiadomosci\\\/john-baildon-na-elewacji-w-dzielnicy-baildona-nowy-mural-ozdobil-sciane-szkoly-podstawowej\\\/#primaryimage\"},\"thumbnailUrl\":\"https:\\\/\\\/www.24gliwice.pl\\\/wiadomosci\\\/wp-content\\\/uploads\\\/2025\\\/07\\\/baildon-mural.jpg\",\"datePublished\":\"2025-07-23T01:19:41+00:00\",\"description\":\"W dzielnicy Baildona na \u015bcianie szko\u0142y podstawowej powsta\u0142 mural z wizerunkiem Johna Baildona. Kosztowa\u0142 30 tys. z\u0142otych\",\"breadcrumb\":{\"@id\":\"https:\\\/\\\/www.24gliwice.pl\\\/wiadomosci\\\/john-baildon-na-elewacji-w-dzielnicy-baildona-nowy-mural-ozdobil-sciane-szkoly-podstawowej\\\/#breadcrumb\"},\"inLanguage\":\"pl-PL\",\"potentialAction\":[{\"@type\":\"ReadAction\",\"target\":[\"https:\\\/\\\/www.24gliwice.pl\\\/wiadomosci\\\/john-baildon-na-elewacji-w-dzielnicy-baildona-nowy-mural-ozdobil-sciane-szkoly-podstawowej\\\/\"]}]},{\"@type\":\"ImageObject\",\"inLanguage\":\"pl-PL\",\"@id\":\"https:\\\/\\\/www.24gliwice.pl\\\/wiadomosci\\\/john-baildon-na-elewacji-w-dzielnicy-baildona-nowy-mural-ozdobil-sciane-szkoly-podstawowej\\\/#primaryimage\",\"url\":\"https:\\\/\\\/www.24gliwice.pl\\\/wiadomosci\\\/wp-content\\\/uploads\\\/2025\\\/07\\\/baildon-mural.jpg\",\"contentUrl\":\"https:\\\/\\\/www.24gliwice.pl\\\/wiadomosci\\\/wp-content\\\/uploads\\\/2025\\\/07\\\/baildon-mural.jpg\",\"width\":810,\"height\":457},{\"@type\":\"BreadcrumbList\",\"@id\":\"https:\\\/\\\/www.24gliwice.pl\\\/wiadomosci\\\/john-baildon-na-elewacji-w-dzielnicy-baildona-nowy-mural-ozdobil-sciane-szkoly-podstawowej\\\/#breadcrumb\",\"itemListElement\":[{\"@type\":\"ListItem\",\"position\":1,\"name\":\"Strona g\u0142\u00f3wna\",\"item\":\"https:\\\/\\\/www.24gliwice.pl\\\/wiadomosci\\\/\"},{\"@type\":\"ListItem\",\"position\":2,\"name\":\"John Baildon na elewacji w dzielnicy Baildona. Nowy mural ozdobi\u0142 \u015bcian\u0119 szko\u0142y podstawowej\"}]},{\"@type\":\"WebSite\",\"@id\":\"https:\\\/\\\/www.24gliwice.pl\\\/wiadomosci\\\/#website\",\"url\":\"https:\\\/\\\/www.24gliwice.pl\\\/wiadomosci\\\/\",\"name\":\"24GLIWICE - Portal Gliwice | codziennie nowe wiadomo\u015bci\",\"description\":\"Portal Miejski Gliwice\",\"publisher\":{\"@id\":\"https:\\\/\\\/www.24gliwice.pl\\\/wiadomosci\\\/#organization\"},\"potentialAction\":[{\"@type\":\"SearchAction\",\"target\":{\"@type\":\"EntryPoint\",\"urlTemplate\":\"https:\\\/\\\/www.24gliwice.pl\\\/wiadomosci\\\/?s={search_term_string}\"},\"query-input\":{\"@type\":\"PropertyValueSpecification\",\"valueRequired\":true,\"valueName\":\"search_term_string\"}}],\"inLanguage\":\"pl-PL\"},{\"@type\":\"Organization\",\"@id\":\"https:\\\/\\\/www.24gliwice.pl\\\/wiadomosci\\\/#organization\",\"name\":\"24gliwice\",\"url\":\"https:\\\/\\\/www.24gliwice.pl\\\/wiadomosci\\\/\",\"logo\":{\"@type\":\"ImageObject\",\"inLanguage\":\"pl-PL\",\"@id\":\"https:\\\/\\\/www.24gliwice.pl\\\/wiadomosci\\\/#\\\/schema\\\/logo\\\/image\\\/\",\"url\":\"https:\\\/\\\/www.24gliwice.pl\\\/wiadomosci\\\/wp-content\\\/uploads\\\/2024\\\/10\\\/24gliwice-logo-696.jpg\",\"contentUrl\":\"https:\\\/\\\/www.24gliwice.pl\\\/wiadomosci\\\/wp-content\\\/uploads\\\/2024\\\/10\\\/24gliwice-logo-696.jpg\",\"width\":696,\"height\":696,\"caption\":\"24gliwice\"},\"image\":{\"@id\":\"https:\\\/\\\/www.24gliwice.pl\\\/wiadomosci\\\/#\\\/schema\\\/logo\\\/image\\\/\"},\"sameAs\":[\"https:\\\/\\\/www.facebook.com\\\/24gliwice\",\"https:\\\/\\\/x.com\\\/24gliwice\",\"https:\\\/\\\/www.youtube.com\\\/@24gliwice\"]},{\"@type\":\"Person\",\"@id\":\"https:\\\/\\\/www.24gliwice.pl\\\/wiadomosci\\\/#\\\/schema\\\/person\\\/e42c650edd7f2fa332be3811fb166b6e\",\"name\":\"\u017baneta Mrozek-Siewierska\",\"image\":{\"@type\":\"ImageObject\",\"inLanguage\":\"pl-PL\",\"@id\":\"https:\\\/\\\/secure.gravatar.com\\\/avatar\\\/1881429e9c64597c77ad7aef2d0a19be69a3253e57534d16aa15bf3a4d34a0a3?s=96&d=mm&r=g\",\"url\":\"https:\\\/\\\/secure.gravatar.com\\\/avatar\\\/1881429e9c64597c77ad7aef2d0a19be69a3253e57534d16aa15bf3a4d34a0a3?s=96&d=mm&r=g\",\"contentUrl\":\"https:\\\/\\\/secure.gravatar.com\\\/avatar\\\/1881429e9c64597c77ad7aef2d0a19be69a3253e57534d16aa15bf3a4d34a0a3?s=96&d=mm&r=g\",\"caption\":\"\u017baneta Mrozek-Siewierska\"},\"url\":\"https:\\\/\\\/www.24gliwice.pl\\\/wiadomosci\\\/author\\\/zms\\\/\"}]}<\/script>\n<!-- \/ Yoast SEO plugin. -->","yoast_head_json":{"title":"John Baildon na elewacji w dzielnicy Baildona. Nowy mural ozdobi\u0142 \u015bcian\u0119 szko\u0142y podstawowej - 24GLIWICE - Portal Gliwice | codziennie nowe informacje","description":"W dzielnicy Baildona na \u015bcianie szko\u0142y podstawowej powsta\u0142 mural z wizerunkiem Johna Baildona. Kosztowa\u0142 30 tys. z\u0142otych","robots":{"index":"index","follow":"follow","max-snippet":"max-snippet:-1","max-image-preview":"max-image-preview:large","max-video-preview":"max-video-preview:-1"},"canonical":"https:\/\/www.24gliwice.pl\/wiadomosci\/john-baildon-na-elewacji-w-dzielnicy-baildona-nowy-mural-ozdobil-sciane-szkoly-podstawowej\/","og_locale":"pl_PL","og_type":"article","og_title":"John Baildon na elewacji w dzielnicy Baildona. Nowy mural ozdobi\u0142 \u015bcian\u0119 szko\u0142y podstawowej - 24GLIWICE - Portal Gliwice | codziennie nowe informacje","og_description":"W dzielnicy Baildona na \u015bcianie szko\u0142y podstawowej powsta\u0142 mural z wizerunkiem Johna Baildona. Kosztowa\u0142 30 tys. z\u0142otych","og_url":"https:\/\/www.24gliwice.pl\/wiadomosci\/john-baildon-na-elewacji-w-dzielnicy-baildona-nowy-mural-ozdobil-sciane-szkoly-podstawowej\/","og_site_name":"24GLIWICE - Portal Gliwice | codziennie nowe informacje","article_publisher":"https:\/\/www.facebook.com\/24gliwice","article_published_time":"2025-07-23T01:19:41+00:00","og_image":[{"width":810,"height":457,"url":"https:\/\/www.24gliwice.pl\/wiadomosci\/wp-content\/uploads\/2025\/07\/baildon-mural.jpg","type":"image\/jpeg"}],"author":"\u017baneta Mrozek-Siewierska","twitter_card":"summary_large_image","twitter_creator":"@24gliwice","twitter_site":"@24gliwice","twitter_misc":{"Napisane przez":"\u017baneta Mrozek-Siewierska","Szacowany czas czytania":"2 minuty"},"schema":{"@context":"https:\/\/schema.org","@graph":[{"@type":"Article","@id":"https:\/\/www.24gliwice.pl\/wiadomosci\/john-baildon-na-elewacji-w-dzielnicy-baildona-nowy-mural-ozdobil-sciane-szkoly-podstawowej\/#article","isPartOf":{"@id":"https:\/\/www.24gliwice.pl\/wiadomosci\/john-baildon-na-elewacji-w-dzielnicy-baildona-nowy-mural-ozdobil-sciane-szkoly-podstawowej\/"},"author":{"name":"\u017baneta Mrozek-Siewierska","@id":"https:\/\/www.24gliwice.pl\/wiadomosci\/#\/schema\/person\/e42c650edd7f2fa332be3811fb166b6e"},"headline":"John Baildon na elewacji w dzielnicy Baildona. Nowy mural ozdobi\u0142 \u015bcian\u0119 szko\u0142y podstawowej","datePublished":"2025-07-23T01:19:41+00:00","mainEntityOfPage":{"@id":"https:\/\/www.24gliwice.pl\/wiadomosci\/john-baildon-na-elewacji-w-dzielnicy-baildona-nowy-mural-ozdobil-sciane-szkoly-podstawowej\/"},"wordCount":194,"commentCount":6,"publisher":{"@id":"https:\/\/www.24gliwice.pl\/wiadomosci\/#organization"},"image":{"@id":"https:\/\/www.24gliwice.pl\/wiadomosci\/john-baildon-na-elewacji-w-dzielnicy-baildona-nowy-mural-ozdobil-sciane-szkoly-podstawowej\/#primaryimage"},"thumbnailUrl":"https:\/\/www.24gliwice.pl\/wiadomosci\/wp-content\/uploads\/2025\/07\/baildon-mural.jpg","keywords":["BAILDON","mural"],"articleSection":["Gliwice","Najnowsze wiadomo\u015bci"],"inLanguage":"pl-PL","potentialAction":[{"@type":"CommentAction","name":"Comment","target":["https:\/\/www.24gliwice.pl\/wiadomosci\/john-baildon-na-elewacji-w-dzielnicy-baildona-nowy-mural-ozdobil-sciane-szkoly-podstawowej\/#respond"]}]},{"@type":"WebPage","@id":"https:\/\/www.24gliwice.pl\/wiadomosci\/john-baildon-na-elewacji-w-dzielnicy-baildona-nowy-mural-ozdobil-sciane-szkoly-podstawowej\/","url":"https:\/\/www.24gliwice.pl\/wiadomosci\/john-baildon-na-elewacji-w-dzielnicy-baildona-nowy-mural-ozdobil-sciane-szkoly-podstawowej\/","name":"John Baildon na elewacji w dzielnicy Baildona. Nowy mural ozdobi\u0142 \u015bcian\u0119 szko\u0142y podstawowej - 24GLIWICE - Portal Gliwice | codziennie nowe informacje","isPartOf":{"@id":"https:\/\/www.24gliwice.pl\/wiadomosci\/#website"},"primaryImageOfPage":{"@id":"https:\/\/www.24gliwice.pl\/wiadomosci\/john-baildon-na-elewacji-w-dzielnicy-baildona-nowy-mural-ozdobil-sciane-szkoly-podstawowej\/#primaryimage"},"image":{"@id":"https:\/\/www.24gliwice.pl\/wiadomosci\/john-baildon-na-elewacji-w-dzielnicy-baildona-nowy-mural-ozdobil-sciane-szkoly-podstawowej\/#primaryimage"},"thumbnailUrl":"https:\/\/www.24gliwice.pl\/wiadomosci\/wp-content\/uploads\/2025\/07\/baildon-mural.jpg","datePublished":"2025-07-23T01:19:41+00:00","description":"W dzielnicy Baildona na \u015bcianie szko\u0142y podstawowej powsta\u0142 mural z wizerunkiem Johna Baildona. Kosztowa\u0142 30 tys. z\u0142otych","breadcrumb":{"@id":"https:\/\/www.24gliwice.pl\/wiadomosci\/john-baildon-na-elewacji-w-dzielnicy-baildona-nowy-mural-ozdobil-sciane-szkoly-podstawowej\/#breadcrumb"},"inLanguage":"pl-PL","potentialAction":[{"@type":"ReadAction","target":["https:\/\/www.24gliwice.pl\/wiadomosci\/john-baildon-na-elewacji-w-dzielnicy-baildona-nowy-mural-ozdobil-sciane-szkoly-podstawowej\/"]}]},{"@type":"ImageObject","inLanguage":"pl-PL","@id":"https:\/\/www.24gliwice.pl\/wiadomosci\/john-baildon-na-elewacji-w-dzielnicy-baildona-nowy-mural-ozdobil-sciane-szkoly-podstawowej\/#primaryimage","url":"https:\/\/www.24gliwice.pl\/wiadomosci\/wp-content\/uploads\/2025\/07\/baildon-mural.jpg","contentUrl":"https:\/\/www.24gliwice.pl\/wiadomosci\/wp-content\/uploads\/2025\/07\/baildon-mural.jpg","width":810,"height":457},{"@type":"BreadcrumbList","@id":"https:\/\/www.24gliwice.pl\/wiadomosci\/john-baildon-na-elewacji-w-dzielnicy-baildona-nowy-mural-ozdobil-sciane-szkoly-podstawowej\/#breadcrumb","itemListElement":[{"@type":"ListItem","position":1,"name":"Strona g\u0142\u00f3wna","item":"https:\/\/www.24gliwice.pl\/wiadomosci\/"},{"@type":"ListItem","position":2,"name":"John Baildon na elewacji w dzielnicy Baildona. Nowy mural ozdobi\u0142 \u015bcian\u0119 szko\u0142y podstawowej"}]},{"@type":"WebSite","@id":"https:\/\/www.24gliwice.pl\/wiadomosci\/#website","url":"https:\/\/www.24gliwice.pl\/wiadomosci\/","name":"24GLIWICE - Portal Gliwice | codziennie nowe wiadomo\u015bci","description":"Portal Miejski Gliwice","publisher":{"@id":"https:\/\/www.24gliwice.pl\/wiadomosci\/#organization"},"potentialAction":[{"@type":"SearchAction","target":{"@type":"EntryPoint","urlTemplate":"https:\/\/www.24gliwice.pl\/wiadomosci\/?s={search_term_string}"},"query-input":{"@type":"PropertyValueSpecification","valueRequired":true,"valueName":"search_term_string"}}],"inLanguage":"pl-PL"},{"@type":"Organization","@id":"https:\/\/www.24gliwice.pl\/wiadomosci\/#organization","name":"24gliwice","url":"https:\/\/www.24gliwice.pl\/wiadomosci\/","logo":{"@type":"ImageObject","inLanguage":"pl-PL","@id":"https:\/\/www.24gliwice.pl\/wiadomosci\/#\/schema\/logo\/image\/","url":"https:\/\/www.24gliwice.pl\/wiadomosci\/wp-content\/uploads\/2024\/10\/24gliwice-logo-696.jpg","contentUrl":"https:\/\/www.24gliwice.pl\/wiadomosci\/wp-content\/uploads\/2024\/10\/24gliwice-logo-696.jpg","width":696,"height":696,"caption":"24gliwice"},"image":{"@id":"https:\/\/www.24gliwice.pl\/wiadomosci\/#\/schema\/logo\/image\/"},"sameAs":["https:\/\/www.facebook.com\/24gliwice","https:\/\/x.com\/24gliwice","https:\/\/www.youtube.com\/@24gliwice"]},{"@type":"Person","@id":"https:\/\/www.24gliwice.pl\/wiadomosci\/#\/schema\/person\/e42c650edd7f2fa332be3811fb166b6e","name":"\u017baneta Mrozek-Siewierska","image":{"@type":"ImageObject","inLanguage":"pl-PL","@id":"https:\/\/secure.gravatar.com\/avatar\/1881429e9c64597c77ad7aef2d0a19be69a3253e57534d16aa15bf3a4d34a0a3?s=96&d=mm&r=g","url":"https:\/\/secure.gravatar.com\/avatar\/1881429e9c64597c77ad7aef2d0a19be69a3253e57534d16aa15bf3a4d34a0a3?s=96&d=mm&r=g","contentUrl":"https:\/\/secure.gravatar.com\/avatar\/1881429e9c64597c77ad7aef2d0a19be69a3253e57534d16aa15bf3a4d34a0a3?s=96&d=mm&r=g","caption":"\u017baneta Mrozek-Siewierska"},"url":"https:\/\/www.24gliwice.pl\/wiadomosci\/author\/zms\/"}]}},"_links":{"self":[{"href":"https:\/\/www.24gliwice.pl\/wiadomosci\/wp-json\/wp\/v2\/posts\/257338","targetHints":{"allow":["GET"]}}],"collection":[{"href":"https:\/\/www.24gliwice.pl\/wiadomosci\/wp-json\/wp\/v2\/posts"}],"about":[{"href":"https:\/\/www.24gliwice.pl\/wiadomosci\/wp-json\/wp\/v2\/types\/post"}],"author":[{"embeddable":true,"href":"https:\/\/www.24gliwice.pl\/wiadomosci\/wp-json\/wp\/v2\/users\/15"}],"replies":[{"embeddable":true,"href":"https:\/\/www.24gliwice.pl\/wiadomosci\/wp-json\/wp\/v2\/comments?post=257338"}],"version-history":[{"count":0,"href":"https:\/\/www.24gliwice.pl\/wiadomosci\/wp-json\/wp\/v2\/posts\/257338\/revisions"}],"wp:featuredmedia":[{"embeddable":true,"href":"https:\/\/www.24gliwice.pl\/wiadomosci\/wp-json\/wp\/v2\/media\/257348"}],"wp:attachment":[{"href":"https:\/\/www.24gliwice.pl\/wiadomosci\/wp-json\/wp\/v2\/media?parent=257338"}],"wp:term":[{"taxonomy":"category","embeddable":true,"href":"https:\/\/www.24gliwice.pl\/wiadomosci\/wp-json\/wp\/v2\/categories?post=257338"},{"taxonomy":"post_tag","embeddable":true,"href":"https:\/\/www.24gliwice.pl\/wiadomosci\/wp-json\/wp\/v2\/tags?post=257338"}],"curies":[{"name":"wp","href":"https:\/\/api.w.org\/{rel}","templated":true}]}}