{"id":257502,"date":"2025-08-06T04:19:40","date_gmt":"2025-08-06T02:19:40","guid":{"rendered":"https:\/\/www.24gliwice.pl\/wiadomosci\/?p=257502"},"modified":"2025-08-06T04:19:40","modified_gmt":"2025-08-06T02:19:40","slug":"ustalilismy-dwoch-pewnych-trucicieli-wraca-sprawa-sniecia-ryb-w-kanale-gliwickim","status":"publish","type":"post","link":"https:\/\/www.24gliwice.pl\/wiadomosci\/ustalilismy-dwoch-pewnych-trucicieli-wraca-sprawa-sniecia-ryb-w-kanale-gliwickim\/","title":{"rendered":"&#8220;Ustalili\u015bmy dw\u00f3ch pewnych trucicieli&#8221;. Wraca sprawa \u015bni\u0119cia ryb w Kanale Gliwickim"},"content":{"rendered":"<div class=\"gliwi-a6-nad-leadem-artykulow gliwi-entity-placement\" id=\"gliwi-700257794\"><div class=\"gliwi-adlabel\"><span style=\"font-size: 9px\">REKLAMA<\/span><\/div><div id=\"gliwi-736776173\" style=\"margin-bottom: 25px;margin-left: auto;margin-right: auto;text-align: center;\"><a data-no-instant=\"1\" href=\"https:\/\/dom100.eu\/\" rel=\"noopener\" class=\"a2t-link\" target=\"_blank\" aria-label=\"20260415 DOM100 D\"><img loading=\"lazy\" decoding=\"async\" src=\"https:\/\/www.24gliwice.pl\/wiadomosci\/wp-content\/uploads\/2026\/04\/20260415-DOM100-D.jpg\" alt=\"\"  srcset=\"https:\/\/www.24gliwice.pl\/wiadomosci\/wp-content\/uploads\/2026\/04\/20260415-DOM100-D.jpg 750w, https:\/\/www.24gliwice.pl\/wiadomosci\/wp-content\/uploads\/2026\/04\/20260415-DOM100-D-410x109.jpg 410w\" sizes=\"(max-width: 750px) 100vw, 750px\" class=\"no-lazyload\" width=\"750\" height=\"200\"  style=\"display: inline-block; max-width: 100%; height: auto;\" \/><\/a><\/div><\/div><h2>&#8211; Ustalili\u015bmy dw\u00f3ch pewnych trucicieli. Obaj zwi\u0105zani s\u0105 z dzia\u0142aniem i z polityk\u0105 miasta Gliwice &#8211; m\u00f3wi\u0105 osoby zaanga\u017cowane w spo\u0142eczne \u015bledztwo w sprawie \u015bni\u0119cia ryb w Kanale Gliwickim. Jako winnych zanieczyszczenia w\u00f3d wskazuj\u0105 K\u0105pielisko Le\u015bne (MZUK) oraz PZO, zaznaczaj\u0105 jednak, \u017ce prawdopodobnie trucicieli Kana\u0142u Gliwickiego jest znacznie wi\u0119cej. Obie sp\u00f3\u0142ki kategorycznie zaprzeczaj\u0105 oskar\u017ceniom.<\/h2>\n<p><!--more--><\/p>\n<p>Pocz\u0105wszy od 2022 roku, co roku, w wodach Kana\u0142u Gliwickiego dochodzi do masowego \u015bni\u0119cia ryb. Wed\u0142ug oficjalnie podawanej przyczyny, jest to spowodowane zakwitem z\u0142otej algi. Dzia\u0142acze spo\u0142eczni: <strong>Ewa Sternal<\/strong> (w\u0142a\u015bcicielka Mariny Gliwice) oraz <strong>Sebastian Sarr\u00e9 <\/strong>(asystent spo\u0142eczny pos\u0142a Grzegorza P\u0142aczka Konfederacja\/Nowa Nadzieja), przy wsp\u00f3\u0142pracy z Fundacja Twoje VETO oraz wsparciu biura pos\u0142a <strong>Grzegorza P\u0142aczka<\/strong>, przeprowadzili w\u0142asne \u015bledztwo. <\/p>\n<audio class=\"wp-audio-shortcode\" id=\"audio-257502-1\" preload=\"none\" style=\"width: 100%;\" controls=\"controls\"><source type=\"audio\/mpeg\" src=\"https:\/\/www.24gliwice.pl\/wiadomosci\/wp-content\/uploads\/2025\/07\/3-EWA-STERNAL-HISTORIA-KANAL.mp3?_=1\" \/><a href=\"https:\/\/www.24gliwice.pl\/wiadomosci\/wp-content\/uploads\/2025\/07\/3-EWA-STERNAL-HISTORIA-KANAL.mp3\">https:\/\/www.24gliwice.pl\/wiadomosci\/wp-content\/uploads\/2025\/07\/3-EWA-STERNAL-HISTORIA-KANAL.mp3<\/a><\/audio>\n<p>Jego wyniki przedstawili podczas konferencji prasowej zorganizowanej w Gliwicach pod koniec lipca. <strong>Formu\u0142owane tam zarzuty b\u0105d\u017a w\u0105tpliwo\u015bci s\u0105 na tyle powa\u017cne, \u017ce zwr\u00f3cili\u015bmy si\u0119 jako redakcja o komentarz do obu wskazywanych podczas konferencji sp\u00f3\u0142ek, czyli PZO oraz MZUK. Na odpowied\u017a musieli\u015bmy poczeka\u0107, dlatego ca\u0142y materia\u0142, przedstawiaj\u0105cy stanowisko wszystkich stron publikujemy dopiero teraz<\/strong>. <\/p><div class=\"gliwi-a3-w-tresci-artykulow gliwi-entity-placement\" id=\"gliwi-2226629630\"><div class=\"gliwi-adlabel\"><span style=\"font-size: 9px\">REKLAMA<\/span><\/div><div id=\"gliwi-3414886259\" style=\"margin-bottom: 30px;margin-left: auto;margin-right: auto;text-align: center;\"><a data-no-instant=\"1\" href=\"https:\/\/ogrodyandersa.pl\/\" rel=\"noopener\" class=\"a2t-link\" target=\"_blank\" aria-label=\"20260415 Ogrody Andersa KUP TERAZ D\"><img loading=\"lazy\" decoding=\"async\" src=\"https:\/\/www.24gliwice.pl\/wiadomosci\/wp-content\/uploads\/2026\/04\/20260415-Ogrody-Andersa-KUP-TERAZ-D.jpg\" alt=\"\"  srcset=\"https:\/\/www.24gliwice.pl\/wiadomosci\/wp-content\/uploads\/2026\/04\/20260415-Ogrody-Andersa-KUP-TERAZ-D.jpg 750w, https:\/\/www.24gliwice.pl\/wiadomosci\/wp-content\/uploads\/2026\/04\/20260415-Ogrody-Andersa-KUP-TERAZ-D-410x109.jpg 410w\" sizes=\"(max-width: 750px) 100vw, 750px\" class=\"no-lazyload\" width=\"750\" height=\"200\"  style=\"display: inline-block; max-width: 100%; height: auto;\" \/><\/a><\/div><\/div>\n<h4>&#8220;Przeanalizowali\u015bmy tysi\u0105ce stron dokument\u00f3w&#8221;<\/h4>\n<p>Zacznijmy jednak od tego, co zdaniem strony spo\u0142ecznej mo\u017ce sta\u0107 za katastrof\u0105 ekologiczn\u0105, kt\u00f3ra powtarza si\u0119 od kilku lat. Spo\u0142ecznicy zaznaczaj\u0105, \u017ce przeprowadzili analiz\u0119 tysi\u0119cy stron zgromadzonych dokument\u00f3w dotycz\u0105cych problemu, kt\u00f3ry obejmuje nie tylko rozpoczynaj\u0105c\u0105 si\u0119 w Gliwicach drog\u0119 wodn\u0105, ale r\u00f3wnie\u017c rzek\u0119 Odr\u0119, a\u017c po jej uj\u015bcie. <\/p>\n<audio class=\"wp-audio-shortcode\" id=\"audio-257502-2\" preload=\"none\" style=\"width: 100%;\" controls=\"controls\"><source type=\"audio\/mpeg\" src=\"https:\/\/www.24gliwice.pl\/wiadomosci\/wp-content\/uploads\/2025\/07\/1-ZATRUCIE-ODRY.mp3?_=2\" \/><a href=\"https:\/\/www.24gliwice.pl\/wiadomosci\/wp-content\/uploads\/2025\/07\/1-ZATRUCIE-ODRY.mp3\">https:\/\/www.24gliwice.pl\/wiadomosci\/wp-content\/uploads\/2025\/07\/1-ZATRUCIE-ODRY.mp3<\/a><\/audio>\n<p>Jak przekazuj\u0105, uda\u0142o im si\u0119 odkry\u0107 pomijane dot\u0105d fakty, kt\u00f3re rzucaj\u0105 nowe \u015bwiat\u0142o na przyczyny powtarzaj\u0105cej si\u0119 co roku katastrofy ekologicznej. W pierwszej cz\u0119\u015bci spotkania po\u015bwi\u0119conemu temu zagadnieniu wyja\u015bnili, dlaczego uwa\u017caj\u0105, \u017ce za katastrof\u0105 ekologiczn\u0105 nie stoi zakwit z\u0142otej algi, za\u015b tegoroczne, wiosenne \u015bni\u0119cie ryb nie by\u0142o spowodowane wirusem. Mo\u017cna o tym pos\u0142ucha\u0107 poni\u017cej:<\/p>\n<audio class=\"wp-audio-shortcode\" id=\"audio-257502-3\" preload=\"none\" style=\"width: 100%;\" controls=\"controls\"><source type=\"audio\/mpeg\" src=\"https:\/\/www.24gliwice.pl\/wiadomosci\/wp-content\/uploads\/2025\/07\/2-ZLOTA-ALGA-WIRUS-ZRACA-SUBSTANCJA.mp3?_=3\" \/><a href=\"https:\/\/www.24gliwice.pl\/wiadomosci\/wp-content\/uploads\/2025\/07\/2-ZLOTA-ALGA-WIRUS-ZRACA-SUBSTANCJA.mp3\">https:\/\/www.24gliwice.pl\/wiadomosci\/wp-content\/uploads\/2025\/07\/2-ZLOTA-ALGA-WIRUS-ZRACA-SUBSTANCJA.mp3<\/a><\/audio>\n<p>Podczas spotkania wskazywali te\u017c, \u017ce pocz\u0105tkowo, nim przyj\u0119to jako pow\u00f3d katastrofy ekologicznej z\u0142ot\u0105 alg\u0119, mowa by\u0142a o zatruciu Kana\u0142u Gliwickiego substancjami chemicznymi. Gdy jednak na teren portu wkroczy\u0142a prokuratura, woda sta\u0142a si\u0119 krystalicznie czysta. <\/p>\n<audio class=\"wp-audio-shortcode\" id=\"audio-257502-4\" preload=\"none\" style=\"width: 100%;\" controls=\"controls\"><source type=\"audio\/mpeg\" src=\"https:\/\/www.24gliwice.pl\/wiadomosci\/wp-content\/uploads\/2025\/07\/4-SLEDZTWO-CZYTA-WODA.mp3?_=4\" \/><a href=\"https:\/\/www.24gliwice.pl\/wiadomosci\/wp-content\/uploads\/2025\/07\/4-SLEDZTWO-CZYTA-WODA.mp3\">https:\/\/www.24gliwice.pl\/wiadomosci\/wp-content\/uploads\/2025\/07\/4-SLEDZTWO-CZYTA-WODA.mp3<\/a><\/audio>\n<h4>&#8220;Ustalili\u015bmy trucicieli&#8221;<\/h4>\n<p>&#8211; <em>Ustalili\u015bmy dw\u00f3ch pewnych trucicieli. Obaj zwi\u0105zani s\u0105 z dzia\u0142aniem i z polityk\u0105 miasta Gliwice. Od razu zaznaczam, \u017ce lista trucicieli najprawdopodobniej nie jest list\u0105 kompletn\u0105. Prawdopodobnie trucicieli Kana\u0142u Gliwickiego jest znacznie wi\u0119cej. Zar\u00f3wno takich, kt\u00f3rzy robi\u0105 to regularnie, jak i takich, kt\u00f3rzy robi\u0105 to incydentalnie. Ale to jest sprawa rozwojowa<\/em> &#8211; poinformowa\u0142 Sebastian Sarr\u00e9.<\/p>\n<blockquote><p><em>Ustalili\u015bmy niezbity zwi\u0105zek czasowy pomi\u0119dzy oddaniem nowej stacji uzdatniania wody, kt\u00f3ra zosta\u0142a wybudowana za ponad 5 milion\u00f3w z\u0142 na K\u0105pielisku Le\u015bnym, a momentem, kiedy rozpocz\u0105\u0142 si\u0119 pom\u00f3r ryb. Czyli od momentu, kiedy ta nowa stacja uzdatniania zacz\u0119\u0142a dzia\u0142a\u0107, wtedy zacz\u0119\u0142y si\u0119 problemy z rybami<\/em><\/p><\/blockquote>\n<p>&#8211; doda\u0142. Dowodem na to ma by\u0107 protok\u00f3\u0142 z odbior\u00f3w stacji datowany na 17 marca 2022 roku. Data ta pokrywa si\u0119 z naszymi ustaleniami sprzed kilku lat &#8211; pierwsze martwe okazy fauny ujawnione zosta\u0142y w\u0142a\u015bnie 17 marca. Pisali\u015bmy o tym tu:<\/p>\n<blockquote class=\"wp-embedded-content\" data-secret=\"NJQ2aPefb4\"><p><a href=\"https:\/\/www.24gliwice.pl\/wiadomosci\/co-wytrulo-ryby-w-kanale-gliwickim-czas-mija-badane-sa-kolejne-probki-wody-winnych-na-razie-brak\/\">Co wytru\u0142o ryby w Kanale Gliwickim? Czas mija, badane s\u0105 kolejne pr\u00f3bki wody, winnych na razie brak<\/a><\/p><\/blockquote>\n<p><iframe loading=\"lazy\" class=\"wp-embedded-content\" sandbox=\"allow-scripts\" security=\"restricted\" style=\"position: absolute; visibility: hidden;\" title=\"&#8222;Co wytru\u0142o ryby w Kanale Gliwickim? Czas mija, badane s\u0105 kolejne pr\u00f3bki wody, winnych na razie brak&#8221; &#8212; 24GLIWICE - Portal Gliwice | codziennie nowe informacje\" src=\"https:\/\/www.24gliwice.pl\/wiadomosci\/co-wytrulo-ryby-w-kanale-gliwickim-czas-mija-badane-sa-kolejne-probki-wody-winnych-na-razie-brak\/embed\/#?secret=XyM3gUIccI#?secret=NJQ2aPefb4\" data-secret=\"NJQ2aPefb4\" width=\"600\" height=\"338\" frameborder=\"0\" marginwidth=\"0\" marginheight=\"0\" scrolling=\"no\"><\/iframe><\/p>\n<p>Jak zaznacza\u0142 Sarr\u00e9, odbiory instalacji by\u0142y momentem, kiedy przeprowadzano jej pr\u00f3by. &#8211; <em>Dok\u0142adnie 17 marca by\u0142y pierwsze epizody, kiedy ryby zacz\u0119\u0142y pada\u0107 w sekcji sz\u00f3stej kana\u0142u. A po sekcji sz\u00f3stej oczywi\u015bcie w kolejnych sekcjach, w zwi\u0105zku z tym przep\u0142ywem wody przez \u015bluzy<\/em> &#8211; podkre\u015bla\u0142. <\/p>\n<p><a href=\"https:\/\/www.24gliwice.pl\/wiadomosci\/wp-content\/uploads\/2025\/07\/kanal-gliwicki-piana-ewa-sternal2.jpg\"><img loading=\"lazy\" decoding=\"async\" src=\"https:\/\/www.24gliwice.pl\/wiadomosci\/wp-content\/uploads\/2025\/07\/kanal-gliwicki-piana-ewa-sternal2.jpg\" alt=\"\" width=\"810\" height=\"456\" class=\"alignnone size-full wp-image-257534\" srcset=\"https:\/\/www.24gliwice.pl\/wiadomosci\/wp-content\/uploads\/2025\/07\/kanal-gliwicki-piana-ewa-sternal2.jpg 810w, https:\/\/www.24gliwice.pl\/wiadomosci\/wp-content\/uploads\/2025\/07\/kanal-gliwicki-piana-ewa-sternal2-410x232.jpg 410w, https:\/\/www.24gliwice.pl\/wiadomosci\/wp-content\/uploads\/2025\/07\/kanal-gliwicki-piana-ewa-sternal2-808x455.jpg 808w, https:\/\/www.24gliwice.pl\/wiadomosci\/wp-content\/uploads\/2025\/07\/kanal-gliwicki-piana-ewa-sternal2-768x432.jpg 768w\" sizes=\"auto, (max-width: 810px) 100vw, 810px\" \/><\/a><\/p>\n<p>Spo\u0142ecznicy zauwa\u017cyli, \u017ce do corocznego pomoru ryb, uzasadnianego oficjalnie zakwitem z\u0142otej algi, dochodzi nawet wtedy, gdy temperatura wody nie przekracza kilku stopni &#8211; jest zbyt niska, by zasz\u0142y te procesy (w 2025 roku, w kwietniu, gdy w Kanale Gliwickim i w Odrze zn\u00f3w pojawi\u0142y si\u0119 martwe okazy, uzasadniano to obecno\u015bci\u0105 wirusa atakuj\u0105cego karasie). Osoby zaanga\u017cowane w \u015bledztwo maj\u0105 na to inne wyja\u015bnienie.<\/p>\n<p>&#8211; <em>Ustalili\u015bmy niezbity zwi\u0105zek czasowy pomi\u0119dzy pracami czyszczenia niecek basenowych na k\u0105pielisku, a wyst\u0119powaniem epizod\u00f3w \u015bni\u0119cia ryb w kolejnych latach. Mianowicie, jaki jest mechanizm? Woda basenowa jest przez ca\u0142y sezon poddawana uzdatnianiu. To uzdatnianie wygl\u0105da w ten spos\u00f3b, \u017ce stacja uzdatniania ca\u0142y czas na bie\u017c\u0105co przepuszcza t\u0119 wod\u0119 przez siebie. Tam s\u0105 filtry z ziemi\u0105 okrzemkow\u0105. Jest automatyka, kt\u00f3ra dozuje podchloryn sodu, bo jest to \u015brodek, kt\u00f3ry jest u\u017cywany na ka\u017cdym basenie (&#8230;). Raz na jaki\u015b czas trzeba te filtry wstecznym strumieniem przep\u0142uka\u0107, dozuj\u0105c zwi\u0119kszon\u0105 ilo\u015b\u0107 podchlorynu po to, \u017ceby te filtry wydezynfekowa\u0107. I ta woda przep\u0142ukiwana wstecznie to jest woda techniczna, to jest odciek z takiej stacji uzdatniania<\/em> &#8211; kontynuowa\u0142 Sarr\u00e9. <\/p>\n<p>I doda\u0142, \u017ce substancja ta powinna zosta\u0107 zutylizowana &#8211; albo poprzez zrzucenie jej do instalacji sanitarnej, albo przekazana do oczyszczalni \u015bciek\u00f3w. Do ostatniego z tych miejsc jednak nie trafia, bo podchloryn sodu, jako substancja bakteriob\u00f3jcza zaburzy\u0142aby procesy biologiczne wykorzystywane przy oczyszczaniu \u015bciek\u00f3w.<\/p>\n<blockquote><p><em>St\u0105d, co r\u00f3wnie\u017c ustalili\u015bmy, te wody techniczne by\u0142y &#8211; a\u017c do kwietnia 2024 roku na pewno, a p\u00f3\u017aniej prawdopodobnie tak\u017ce &#8211; zrzucane wprost do Potoku Le\u015bnego<\/em> <\/p><\/blockquote>\n<p>&#8211; m\u00f3wi asystent pos\u0142a P\u0142aczka. Potok Le\u015bny ma wylot w\u0142a\u015bnie w Kanale Gliwickim. Z ustale\u0144 spo\u0142ecznego \u015bledztwa wynika, \u017ce w zwi\u0105zku z tym w 2023 roku  cofni\u0119to pozwolenie wodnoprawne na zrzut w\u00f3d opadowych i roztopowych do tego cieku. Ca\u0142ej wypowiedzi na ten temat mo\u017cna pos\u0142ucha\u0107 tu:<\/p>\n<audio class=\"wp-audio-shortcode\" id=\"audio-257502-5\" preload=\"none\" style=\"width: 100%;\" controls=\"controls\"><source type=\"audio\/mpeg\" src=\"https:\/\/www.24gliwice.pl\/wiadomosci\/wp-content\/uploads\/2025\/07\/6-KAPIELISKO.mp3?_=5\" \/><a href=\"https:\/\/www.24gliwice.pl\/wiadomosci\/wp-content\/uploads\/2025\/07\/6-KAPIELISKO.mp3\">https:\/\/www.24gliwice.pl\/wiadomosci\/wp-content\/uploads\/2025\/07\/6-KAPIELISKO.mp3<\/a><\/audio>\n<p>Podchloryn sodu, zawarty w \u015bciekach, jest substancj\u0105 w wysokim stopniu toksyczn\u0105 dla organizm\u00f3w wodnych. &#8211; <em>Woda, do kt\u00f3rej dostanie si\u0119 podchloryn sodu, nie jest na chwil\u0119 tylko, w spos\u00f3b ostry, ska\u017cona, tylko jest ska\u017cona w spos\u00f3b przewlek\u0142y. To nie jest sytuacja taka, \u017ce to si\u0119 gdzie\u015b, nie wiem, odparuje, wywietrzy, zneutralizuje si\u0119. To jest sytuacja, kt\u00f3ra w spos\u00f3b przewlek\u0142y, a wi\u0119c r\u00f3wnie\u017c ta woda, przemieszczaj\u0105c si\u0119 z tego kana\u0142u przez kolejne sekcje w kierunku Odry, ca\u0142y czas jest wod\u0105, kt\u00f3ra zabija ryby<\/em> &#8211; podkre\u015bla\u0142 Sarr\u00e9. O podchlorynie sodu wi\u0119cej m\u00f3wiono tak\u017ce tu:<\/p>\n<audio class=\"wp-audio-shortcode\" id=\"audio-257502-6\" preload=\"none\" style=\"width: 100%;\" controls=\"controls\"><source type=\"audio\/mpeg\" src=\"https:\/\/www.24gliwice.pl\/wiadomosci\/wp-content\/uploads\/2025\/07\/5-WODA-ZASADOWA-PODCHLORAN-SODU.mp3?_=6\" \/><a href=\"https:\/\/www.24gliwice.pl\/wiadomosci\/wp-content\/uploads\/2025\/07\/5-WODA-ZASADOWA-PODCHLORAN-SODU.mp3\">https:\/\/www.24gliwice.pl\/wiadomosci\/wp-content\/uploads\/2025\/07\/5-WODA-ZASADOWA-PODCHLORAN-SODU.mp3<\/a><\/audio>\n<h4>MZUK kategorycznie zaprzecza<\/h4>\n<p>Zapytali\u015bmy Miejskiego Zarz\u0105du Us\u0142ug Komunalnych o formu\u0142owane przez stron\u0119 spo\u0142eczn\u0105 zarzuty m.in. dotycz\u0105ce zrzucania substancji s\u0142u\u017c\u0105cych uzdatnianiu wody na K\u0105pielisku Le\u015bnym do w\u00f3d powierzchniowych i sprawy cofni\u0119cia pozwole\u0144 wodnoprawnych. W odpowiedzi rzeczniczka MZUK <strong>Julia Wieczorek<\/strong> podkre\u015bla, \u017ce informacje nie maj\u0105 \u017cadnego zwi\u0105zku ze stanem faktycznym, a na terenie K\u0105pieliska Le\u015bnego nie odnotowano \u017cadnych zdarze\u0144, kt\u00f3re mog\u0142yby negatywnie wp\u0142ywa\u0107 na jako\u015b\u0107 w\u00f3d Potoku Le\u015bnego, a w konsekwencji \u2013 na stan Kana\u0142u Gliwickiego. <\/p>\n<blockquote><p>Zawory spustowe niecek basenowych s\u0105 zabezpieczone plombami za\u0142o\u017conymi przez Przedsi\u0119biorstwo Wodoci\u0105g\u00f3w i Kanalizacji Sp. z o.o. w Gliwicach. Plomby pozostaj\u0105 nienaruszone, co jednoznacznie potwierdza, \u017ce z basen\u00f3w nie przedostaj\u0105 si\u0119 do \u015brodowiska \u017cadne substancje mog\u0105ce zanieczy\u015bci\u0107 wody powierzchniowe<\/p><\/blockquote>\n<p>&#8211; informuje Wieczorek. <\/p>\n<p>Jak dodaje, \u015bcieki z terenu k\u0105pieliska s\u0105 odprowadzane bezpo\u015brednio do miejskiej sieci kanalizacji sanitarnej, zarz\u0105dzanej przez PWiK Sp. z o.o., za\u015b stacje uzdatniania wody na k\u0105pielisku funkcjonuj\u0105 wy\u0142\u0105cznie w sezonie letnim i pozostaj\u0105 nieczynne poza jego ramami czasowymi. <\/p>\n<p>&#8211; Kompleks basenowy wyposa\u017cony jest w zamkni\u0119ty obieg wody, obejmuj\u0105cy doprowadzanie wody uzdatnionej do niecek, jej cyrkulacj\u0119 oraz filtrowanie. Woda pop\u0142uczna z filtr\u00f3w odprowadzana jest wy\u0142\u0105cznie do kanalizacji sanitarnej. Po zako\u0144czeniu sezonu k\u0105pielowego woda pozosta\u0142a w nieckach basenowych zostaje wypompowana i r\u00f3wnie\u017c trafia do kanalizacji sanitarnej &#8211; dodaje rzeczniczka. <\/p>\n<h4>Co si\u0119 dzieje z odciekami ze sk\u0142adowiska odpad\u00f3w?<\/h4>\n<p>Jako drugiego potencjalnego &#8220;truciciela&#8221; uczestnicy lipcowej konferencji wskazali Przedsi\u0119biorstwo Zagospodarowania Odpad\u00f3w. Z ich ustale\u0144 wynika, \u017ce na wysypisku \u015bmieci w Gliwicach dochodzi do ra\u017c\u0105cej niezgodno\u015bci bilansu wodno-\u015bciekowego, co rodzi pytania o przedostawanie si\u0119 &#8220;znikaj\u0105cych&#8221; ilo\u015bci toksycznych odciek\u00f3w do gruntu i w\u00f3d powierzchniowych. Wyliczyli, \u017ce ilo\u015b\u0107 tych substancji odprowadzana do Oczyszczalni \u015aciek\u00f3w jest o wiele ni\u017csza, ni\u017c deklarowana. Z przedstawionych informacji wynika, \u017ce powinno ich by\u0107 \u015brednio oko\u0142o 36,5 tys. m3 rocznie. <\/p>\n<blockquote><p><em>Zadali\u015bmy pytanie do PWIK z pro\u015bb\u0105 o podanie opomiarowanych rzeczywi\u015bcie ilo\u015bci przesy\u0142anych do oczyszczalni \u015bciek\u00f3w i to jest nieca\u0142e 14 tysi\u0119cy m3. W zwi\u0105zku z tym mamy taki problem, \u017ce mamy ponad 20 tysi\u0119cy m3, czyli \u017ceby Pa\u0144stwu zobrazowa\u0107 jaka to jest obj\u0119to\u015b\u0107, to jest 8 pe\u0142nych basen\u00f3w Olimpijczyk w Gliwicach \u015bwi\u0144stwa, kt\u00f3re znikn\u0119\u0142o<\/em><\/p><\/blockquote>\n<p>&#8211; kontynuowa\u0142 Sebastian Sarr\u00e9.<\/p>\n<p>Jak wyja\u015bni\u0142, odcieki to jest mieszanina substancji, b\u0119d\u0105cych wynikiem fermentacji odpad\u00f3w organicznych, zmieszanych z wodami opadowymi, kt\u00f3re wch\u0142aniaj\u0105 si\u0119 w sk\u0142adowane warstwy \u015bmieci, przeciekaj\u0105 przez nie i wyciekaj\u0105 do\u0142em. &#8211; <em>Odcieki nie s\u0105 oboj\u0119tne dla \u015brodowiska. To s\u0105 rzeczy silnie toksyczne<\/em> &#8211; dodaje. <\/p>\n<audio class=\"wp-audio-shortcode\" id=\"audio-257502-7\" preload=\"none\" style=\"width: 100%;\" controls=\"controls\"><source type=\"audio\/mpeg\" src=\"https:\/\/www.24gliwice.pl\/wiadomosci\/wp-content\/uploads\/2025\/07\/7-WYSYPISKO.mp3?_=7\" \/><a href=\"https:\/\/www.24gliwice.pl\/wiadomosci\/wp-content\/uploads\/2025\/07\/7-WYSYPISKO.mp3\">https:\/\/www.24gliwice.pl\/wiadomosci\/wp-content\/uploads\/2025\/07\/7-WYSYPISKO.mp3<\/a><\/audio>\n<p>&#8211; <em>M\u00f3wimy o 8 pe\u0142nych basenach olimpijskich, szkodliwych substancji, kt\u00f3re gdzie\u015b znikn\u0119\u0142y. I stawiamy publiczne pytanie, i to jest pytanie g\u0142\u00f3wnie do w\u0142adz miasta i do w\u0142adz sp\u00f3\u0142ki PZO, gdzie znikn\u0119\u0142o ponad 20 tysi\u0119cy m3 odcieku z wysypiska w przeliczeniu za ka\u017cdy rok funkcjonowania tego wysypiska?<\/em> &#8211; podsumowa\u0142 asystent pos\u0142a. <\/p>\n<h4>PZO: odcieki s\u0105 odprowadzane do PWiK albo gromadzone i wykorzystywane<\/h4>\n<p>Zapytane o t\u0119 spraw\u0119 Przedsi\u0119biorstwo Zagospodarowania Odpad\u00f3w informuje, \u017ce ze wzgl\u0119du na budow\u0119 sk\u0142adowiska nie ma mo\u017cliwo\u015bci aby odcieki ze wysypiska dostawa\u0142y si\u0119 do w\u00f3d powierzchniowych. <\/p>\n<blockquote><p>Odcieki s\u0105 odprowadzane, w miar\u0119 potrzeb, wy\u0142\u0105cznie do przy\u0142\u0105cza kanalizacyjnego nale\u017c\u0105cego do PWiK, sk\u0105d trafiaj\u0105 bezpo\u015brednio do oczyszczalni \u015bciek\u00f3w <\/p><\/blockquote>\n<p>&#8211; informuje prezes PZO, <strong>S\u0142awomir Pelec. <\/strong><\/p>\n<p>Jak dodaje, odcieki s\u0105 gromadzone w przeznaczonych do tego celu zbiornikach retencyjnych, a w okresach bezdeszczowych, wykorzystywane w ramach potrzeb w\u0142asnych PZO. <\/p>\n<p>&#8211; Sp\u00f3\u0142ka racjonalnie zarz\u0105dza gospodark\u0105 odciekow\u0105, nie dopuszczaj\u0105c ani do przelania z\u0142o\u017ca, ani do jego przesuszenia, poniewa\u017c obie sytuacje mia\u0142yby negatywny wp\u0142yw na prawid\u0142owe funkcjonowanie sk\u0142adowiska &#8211; podsumowuje Pelec. Ca\u0142o\u015b\u0107 wyja\u015bnienia przes\u0142anego z PZO znajduje si\u0119 poni\u017cej. <\/p>\n<p><a href=\"https:\/\/www.24gliwice.pl\/wiadomosci\/wp-content\/uploads\/2025\/08\/Zrzut-ekranu-2025-08-02-183552.jpg\"><img loading=\"lazy\" decoding=\"async\" src=\"https:\/\/www.24gliwice.pl\/wiadomosci\/wp-content\/uploads\/2025\/08\/Zrzut-ekranu-2025-08-02-183552.jpg\" alt=\"\" width=\"810\" height=\"713\" class=\"alignnone size-full wp-image-257906\" srcset=\"https:\/\/www.24gliwice.pl\/wiadomosci\/wp-content\/uploads\/2025\/08\/Zrzut-ekranu-2025-08-02-183552.jpg 810w, https:\/\/www.24gliwice.pl\/wiadomosci\/wp-content\/uploads\/2025\/08\/Zrzut-ekranu-2025-08-02-183552-264x232.jpg 264w, https:\/\/www.24gliwice.pl\/wiadomosci\/wp-content\/uploads\/2025\/08\/Zrzut-ekranu-2025-08-02-183552-517x455.jpg 517w, https:\/\/www.24gliwice.pl\/wiadomosci\/wp-content\/uploads\/2025\/08\/Zrzut-ekranu-2025-08-02-183552-768x676.jpg 768w\" sizes=\"auto, (max-width: 810px) 100vw, 810px\" \/><\/a><\/p>\n<p>Zapis konferencji znajduje si\u0119 na stronie <a href=\"https:\/\/www.facebook.com\/TwojeVeto\" target=\"_blank\">Fundacji Twoje Veto w mediach spo\u0142eczno\u015bciowych.<\/a><\/p>\n<p><iframe loading=\"lazy\" src=\"https:\/\/www.facebook.com\/plugins\/video.php?height=314&#038;href=https%3A%2F%2Fwww.facebook.com%2FTwojeVeto%2Fvideos%2F1891836461667053%2F&#038;show_text=false&#038;width=560&#038;t=0\" width=\"560\" height=\"314\" style=\"border:none;overflow:hidden\" scrolling=\"no\" frameborder=\"0\" allowfullscreen=\"true\" allow=\"autoplay; clipboard-write; encrypted-media; picture-in-picture; web-share\" allowFullScreen=\"true\"><\/iframe><\/p>\n<p>(\u017cms)<br \/>\nfot. archiwum prywatne Ewy Sternal<\/p>\n<div class=\"gliwi-a5-na-koncu-artykulow gliwi-entity-placement\" id=\"gliwi-3148239884\"><div class=\"gliwi-adlabel\"><span style=\"font-size: 9px\">REKLAMA<\/span><\/div><div id=\"gliwi-2426157815\" style=\"margin-left: auto;margin-right: auto;text-align: center;\"><a data-no-instant=\"1\" href=\"https:\/\/www.jasek.pl\/\" rel=\"noopener\" class=\"a2t-link\" target=\"_blank\" aria-label=\"20200401-jasek 600\"><img loading=\"lazy\" decoding=\"async\" src=\"https:\/\/www.24gliwice.pl\/wiadomosci\/wp-content\/uploads\/2020\/04\/20200401-jasek-600.jpg\" alt=\"\"  srcset=\"https:\/\/www.24gliwice.pl\/wiadomosci\/wp-content\/uploads\/2020\/04\/20200401-jasek-600.jpg 600w, https:\/\/www.24gliwice.pl\/wiadomosci\/wp-content\/uploads\/2020\/04\/20200401-jasek-600-410x109.jpg 410w\" sizes=\"(max-width: 600px) 100vw, 600px\" class=\"no-lazyload\" width=\"600\" height=\"160\"  style=\"display: inline-block; max-width: 100%; height: auto;\" \/><\/a><\/div><\/div>","protected":false},"excerpt":{"rendered":"<p>&#8211; Ustalili\u015bmy dw\u00f3ch pewnych trucicieli. Obaj zwi\u0105zani s\u0105 z dzia\u0142aniem i z polityk\u0105 miasta Gliwice &#8211; m\u00f3wi\u0105 osoby zaanga\u017cowane w spo\u0142eczne \u015bledztwo w sprawie \u015bni\u0119cia ryb w Kanale Gliwickim. Jako winnych zanieczyszczenia w\u00f3d wskazuj\u0105 K\u0105pielisko Le\u015bne (MZUK) oraz PZO, zaznaczaj\u0105 jednak, \u017ce prawdopodobnie trucicieli Kana\u0142u Gliwickiego jest znacznie wi\u0119cej. Obie sp\u00f3\u0142ki kategorycznie zaprzeczaj\u0105 oskar\u017ceniom.<\/p>\n","protected":false},"author":15,"featured_media":258018,"comment_status":"open","ping_status":"closed","sticky":false,"template":"","format":"standard","meta":{"_monsterinsights_skip_tracking":false,"_monsterinsights_sitenote_active":false,"_monsterinsights_sitenote_note":"","_monsterinsights_sitenote_category":0,"footnotes":"","_links_to":"","_links_to_target":""},"categories":[3,1,9,8],"tags":[2437,24476],"class_list":["post-257502","post","type-post","status-publish","format-standard","has-post-thumbnail","hentry","category-gliwice","category-wszystko","category-aktualnosci_lokalne","category-samorzad_polityka","tag-kanal-gliwicki","tag-truciciele"],"yoast_head":"<!-- This site is optimized with the Yoast SEO plugin v27.5 - https:\/\/yoast.com\/product\/yoast-seo-wordpress\/ -->\n<title>&quot;Ustalili\u015bmy dw\u00f3ch pewnych trucicieli&quot;. Wraca sprawa \u015bni\u0119cia ryb w Kanale Gliwickim - 24GLIWICE - Portal Gliwice | codziennie nowe informacje<\/title>\n<meta name=\"description\" content=\"Od 2022 r. rokrocznie w Kanale Gliwickim dochodzi do rzekomego zakwitu z\u0142otej algi, jednak czy jest to rzeczywisty pow\u00f3d \u015bni\u0119cia ryb?\" \/>\n<meta name=\"robots\" content=\"index, follow, max-snippet:-1, max-image-preview:large, max-video-preview:-1\" \/>\n<link rel=\"canonical\" href=\"https:\/\/www.24gliwice.pl\/wiadomosci\/ustalilismy-dwoch-pewnych-trucicieli-wraca-sprawa-sniecia-ryb-w-kanale-gliwickim\/\" \/>\n<meta property=\"og:locale\" content=\"pl_PL\" \/>\n<meta property=\"og:type\" content=\"article\" \/>\n<meta property=\"og:title\" content=\"&quot;Ustalili\u015bmy dw\u00f3ch pewnych trucicieli&quot;. Wraca sprawa \u015bni\u0119cia ryb w Kanale Gliwickim - 24GLIWICE - Portal Gliwice | codziennie nowe informacje\" \/>\n<meta property=\"og:description\" content=\"Od 2022 r. rokrocznie w Kanale Gliwickim dochodzi do rzekomego zakwitu z\u0142otej algi, jednak czy jest to rzeczywisty pow\u00f3d \u015bni\u0119cia ryb?\" \/>\n<meta property=\"og:url\" content=\"https:\/\/www.24gliwice.pl\/wiadomosci\/ustalilismy-dwoch-pewnych-trucicieli-wraca-sprawa-sniecia-ryb-w-kanale-gliwickim\/\" \/>\n<meta property=\"og:site_name\" content=\"24GLIWICE - Portal Gliwice | codziennie nowe informacje\" \/>\n<meta property=\"article:publisher\" content=\"https:\/\/www.facebook.com\/24gliwice\" \/>\n<meta property=\"article:published_time\" content=\"2025-08-06T02:19:40+00:00\" \/>\n<meta property=\"og:image\" content=\"https:\/\/www.24gliwice.pl\/wiadomosci\/wp-content\/uploads\/2025\/08\/klodnica-truciciele-sarre-sternal-2.jpg\" \/>\n\t<meta property=\"og:image:width\" content=\"810\" \/>\n\t<meta property=\"og:image:height\" content=\"457\" \/>\n\t<meta property=\"og:image:type\" content=\"image\/jpeg\" \/>\n<meta name=\"author\" content=\"\u017baneta Mrozek-Siewierska\" \/>\n<meta name=\"twitter:card\" content=\"summary_large_image\" \/>\n<meta name=\"twitter:creator\" content=\"@24gliwice\" \/>\n<meta name=\"twitter:site\" content=\"@24gliwice\" \/>\n<meta name=\"twitter:label1\" content=\"Napisane przez\" \/>\n\t<meta name=\"twitter:data1\" content=\"\u017baneta Mrozek-Siewierska\" \/>\n\t<meta name=\"twitter:label2\" content=\"Szacowany czas czytania\" \/>\n\t<meta name=\"twitter:data2\" content=\"8 minut\" \/>\n<script type=\"application\/ld+json\" class=\"yoast-schema-graph\">{\"@context\":\"https:\\\/\\\/schema.org\",\"@graph\":[{\"@type\":\"Article\",\"@id\":\"https:\\\/\\\/www.24gliwice.pl\\\/wiadomosci\\\/ustalilismy-dwoch-pewnych-trucicieli-wraca-sprawa-sniecia-ryb-w-kanale-gliwickim\\\/#article\",\"isPartOf\":{\"@id\":\"https:\\\/\\\/www.24gliwice.pl\\\/wiadomosci\\\/ustalilismy-dwoch-pewnych-trucicieli-wraca-sprawa-sniecia-ryb-w-kanale-gliwickim\\\/\"},\"author\":{\"name\":\"\u017baneta Mrozek-Siewierska\",\"@id\":\"https:\\\/\\\/www.24gliwice.pl\\\/wiadomosci\\\/#\\\/schema\\\/person\\\/e42c650edd7f2fa332be3811fb166b6e\"},\"headline\":\"&#8220;Ustalili\u015bmy dw\u00f3ch pewnych trucicieli&#8221;. Wraca sprawa \u015bni\u0119cia ryb w Kanale Gliwickim\",\"datePublished\":\"2025-08-06T02:19:40+00:00\",\"mainEntityOfPage\":{\"@id\":\"https:\\\/\\\/www.24gliwice.pl\\\/wiadomosci\\\/ustalilismy-dwoch-pewnych-trucicieli-wraca-sprawa-sniecia-ryb-w-kanale-gliwickim\\\/\"},\"wordCount\":1851,\"commentCount\":98,\"publisher\":{\"@id\":\"https:\\\/\\\/www.24gliwice.pl\\\/wiadomosci\\\/#organization\"},\"image\":{\"@id\":\"https:\\\/\\\/www.24gliwice.pl\\\/wiadomosci\\\/ustalilismy-dwoch-pewnych-trucicieli-wraca-sprawa-sniecia-ryb-w-kanale-gliwickim\\\/#primaryimage\"},\"thumbnailUrl\":\"https:\\\/\\\/www.24gliwice.pl\\\/wiadomosci\\\/wp-content\\\/uploads\\\/2025\\\/08\\\/klodnica-truciciele-sarre-sternal-2.jpg\",\"keywords\":[\"KANA\u0141 GLIWICKI\",\"TRUCICIELE\"],\"articleSection\":[\"Gliwice\",\"Najnowsze wiadomo\u015bci\",\"Portal Gliwice - Wiadomo\u015bci lokalne\",\"Samorz\u0105d, polityka\"],\"inLanguage\":\"pl-PL\",\"potentialAction\":[{\"@type\":\"CommentAction\",\"name\":\"Comment\",\"target\":[\"https:\\\/\\\/www.24gliwice.pl\\\/wiadomosci\\\/ustalilismy-dwoch-pewnych-trucicieli-wraca-sprawa-sniecia-ryb-w-kanale-gliwickim\\\/#respond\"]}]},{\"@type\":\"WebPage\",\"@id\":\"https:\\\/\\\/www.24gliwice.pl\\\/wiadomosci\\\/ustalilismy-dwoch-pewnych-trucicieli-wraca-sprawa-sniecia-ryb-w-kanale-gliwickim\\\/\",\"url\":\"https:\\\/\\\/www.24gliwice.pl\\\/wiadomosci\\\/ustalilismy-dwoch-pewnych-trucicieli-wraca-sprawa-sniecia-ryb-w-kanale-gliwickim\\\/\",\"name\":\"\\\"Ustalili\u015bmy dw\u00f3ch pewnych trucicieli\\\". Wraca sprawa \u015bni\u0119cia ryb w Kanale Gliwickim - 24GLIWICE - Portal Gliwice | codziennie nowe informacje\",\"isPartOf\":{\"@id\":\"https:\\\/\\\/www.24gliwice.pl\\\/wiadomosci\\\/#website\"},\"primaryImageOfPage\":{\"@id\":\"https:\\\/\\\/www.24gliwice.pl\\\/wiadomosci\\\/ustalilismy-dwoch-pewnych-trucicieli-wraca-sprawa-sniecia-ryb-w-kanale-gliwickim\\\/#primaryimage\"},\"image\":{\"@id\":\"https:\\\/\\\/www.24gliwice.pl\\\/wiadomosci\\\/ustalilismy-dwoch-pewnych-trucicieli-wraca-sprawa-sniecia-ryb-w-kanale-gliwickim\\\/#primaryimage\"},\"thumbnailUrl\":\"https:\\\/\\\/www.24gliwice.pl\\\/wiadomosci\\\/wp-content\\\/uploads\\\/2025\\\/08\\\/klodnica-truciciele-sarre-sternal-2.jpg\",\"datePublished\":\"2025-08-06T02:19:40+00:00\",\"description\":\"Od 2022 r. rokrocznie w Kanale Gliwickim dochodzi do rzekomego zakwitu z\u0142otej algi, jednak czy jest to rzeczywisty pow\u00f3d \u015bni\u0119cia ryb?\",\"breadcrumb\":{\"@id\":\"https:\\\/\\\/www.24gliwice.pl\\\/wiadomosci\\\/ustalilismy-dwoch-pewnych-trucicieli-wraca-sprawa-sniecia-ryb-w-kanale-gliwickim\\\/#breadcrumb\"},\"inLanguage\":\"pl-PL\",\"potentialAction\":[{\"@type\":\"ReadAction\",\"target\":[\"https:\\\/\\\/www.24gliwice.pl\\\/wiadomosci\\\/ustalilismy-dwoch-pewnych-trucicieli-wraca-sprawa-sniecia-ryb-w-kanale-gliwickim\\\/\"]}]},{\"@type\":\"ImageObject\",\"inLanguage\":\"pl-PL\",\"@id\":\"https:\\\/\\\/www.24gliwice.pl\\\/wiadomosci\\\/ustalilismy-dwoch-pewnych-trucicieli-wraca-sprawa-sniecia-ryb-w-kanale-gliwickim\\\/#primaryimage\",\"url\":\"https:\\\/\\\/www.24gliwice.pl\\\/wiadomosci\\\/wp-content\\\/uploads\\\/2025\\\/08\\\/klodnica-truciciele-sarre-sternal-2.jpg\",\"contentUrl\":\"https:\\\/\\\/www.24gliwice.pl\\\/wiadomosci\\\/wp-content\\\/uploads\\\/2025\\\/08\\\/klodnica-truciciele-sarre-sternal-2.jpg\",\"width\":810,\"height\":457,\"caption\":\"fot. 24gliwice \\\/\u017cms\"},{\"@type\":\"BreadcrumbList\",\"@id\":\"https:\\\/\\\/www.24gliwice.pl\\\/wiadomosci\\\/ustalilismy-dwoch-pewnych-trucicieli-wraca-sprawa-sniecia-ryb-w-kanale-gliwickim\\\/#breadcrumb\",\"itemListElement\":[{\"@type\":\"ListItem\",\"position\":1,\"name\":\"Strona g\u0142\u00f3wna\",\"item\":\"https:\\\/\\\/www.24gliwice.pl\\\/wiadomosci\\\/\"},{\"@type\":\"ListItem\",\"position\":2,\"name\":\"&#8220;Ustalili\u015bmy dw\u00f3ch pewnych trucicieli&#8221;. Wraca sprawa \u015bni\u0119cia ryb w Kanale Gliwickim\"}]},{\"@type\":\"WebSite\",\"@id\":\"https:\\\/\\\/www.24gliwice.pl\\\/wiadomosci\\\/#website\",\"url\":\"https:\\\/\\\/www.24gliwice.pl\\\/wiadomosci\\\/\",\"name\":\"24GLIWICE - Portal Gliwice | codziennie nowe wiadomo\u015bci\",\"description\":\"Portal Miejski Gliwice\",\"publisher\":{\"@id\":\"https:\\\/\\\/www.24gliwice.pl\\\/wiadomosci\\\/#organization\"},\"potentialAction\":[{\"@type\":\"SearchAction\",\"target\":{\"@type\":\"EntryPoint\",\"urlTemplate\":\"https:\\\/\\\/www.24gliwice.pl\\\/wiadomosci\\\/?s={search_term_string}\"},\"query-input\":{\"@type\":\"PropertyValueSpecification\",\"valueRequired\":true,\"valueName\":\"search_term_string\"}}],\"inLanguage\":\"pl-PL\"},{\"@type\":\"Organization\",\"@id\":\"https:\\\/\\\/www.24gliwice.pl\\\/wiadomosci\\\/#organization\",\"name\":\"24gliwice\",\"url\":\"https:\\\/\\\/www.24gliwice.pl\\\/wiadomosci\\\/\",\"logo\":{\"@type\":\"ImageObject\",\"inLanguage\":\"pl-PL\",\"@id\":\"https:\\\/\\\/www.24gliwice.pl\\\/wiadomosci\\\/#\\\/schema\\\/logo\\\/image\\\/\",\"url\":\"https:\\\/\\\/www.24gliwice.pl\\\/wiadomosci\\\/wp-content\\\/uploads\\\/2024\\\/10\\\/24gliwice-logo-696.jpg\",\"contentUrl\":\"https:\\\/\\\/www.24gliwice.pl\\\/wiadomosci\\\/wp-content\\\/uploads\\\/2024\\\/10\\\/24gliwice-logo-696.jpg\",\"width\":696,\"height\":696,\"caption\":\"24gliwice\"},\"image\":{\"@id\":\"https:\\\/\\\/www.24gliwice.pl\\\/wiadomosci\\\/#\\\/schema\\\/logo\\\/image\\\/\"},\"sameAs\":[\"https:\\\/\\\/www.facebook.com\\\/24gliwice\",\"https:\\\/\\\/x.com\\\/24gliwice\",\"https:\\\/\\\/www.youtube.com\\\/@24gliwice\"]},{\"@type\":\"Person\",\"@id\":\"https:\\\/\\\/www.24gliwice.pl\\\/wiadomosci\\\/#\\\/schema\\\/person\\\/e42c650edd7f2fa332be3811fb166b6e\",\"name\":\"\u017baneta Mrozek-Siewierska\",\"image\":{\"@type\":\"ImageObject\",\"inLanguage\":\"pl-PL\",\"@id\":\"https:\\\/\\\/secure.gravatar.com\\\/avatar\\\/1881429e9c64597c77ad7aef2d0a19be69a3253e57534d16aa15bf3a4d34a0a3?s=96&d=mm&r=g\",\"url\":\"https:\\\/\\\/secure.gravatar.com\\\/avatar\\\/1881429e9c64597c77ad7aef2d0a19be69a3253e57534d16aa15bf3a4d34a0a3?s=96&d=mm&r=g\",\"contentUrl\":\"https:\\\/\\\/secure.gravatar.com\\\/avatar\\\/1881429e9c64597c77ad7aef2d0a19be69a3253e57534d16aa15bf3a4d34a0a3?s=96&d=mm&r=g\",\"caption\":\"\u017baneta Mrozek-Siewierska\"},\"url\":\"https:\\\/\\\/www.24gliwice.pl\\\/wiadomosci\\\/author\\\/zms\\\/\"}]}<\/script>\n<!-- \/ Yoast SEO plugin. -->","yoast_head_json":{"title":"\"Ustalili\u015bmy dw\u00f3ch pewnych trucicieli\". Wraca sprawa \u015bni\u0119cia ryb w Kanale Gliwickim - 24GLIWICE - Portal Gliwice | codziennie nowe informacje","description":"Od 2022 r. rokrocznie w Kanale Gliwickim dochodzi do rzekomego zakwitu z\u0142otej algi, jednak czy jest to rzeczywisty pow\u00f3d \u015bni\u0119cia ryb?","robots":{"index":"index","follow":"follow","max-snippet":"max-snippet:-1","max-image-preview":"max-image-preview:large","max-video-preview":"max-video-preview:-1"},"canonical":"https:\/\/www.24gliwice.pl\/wiadomosci\/ustalilismy-dwoch-pewnych-trucicieli-wraca-sprawa-sniecia-ryb-w-kanale-gliwickim\/","og_locale":"pl_PL","og_type":"article","og_title":"\"Ustalili\u015bmy dw\u00f3ch pewnych trucicieli\". Wraca sprawa \u015bni\u0119cia ryb w Kanale Gliwickim - 24GLIWICE - Portal Gliwice | codziennie nowe informacje","og_description":"Od 2022 r. rokrocznie w Kanale Gliwickim dochodzi do rzekomego zakwitu z\u0142otej algi, jednak czy jest to rzeczywisty pow\u00f3d \u015bni\u0119cia ryb?","og_url":"https:\/\/www.24gliwice.pl\/wiadomosci\/ustalilismy-dwoch-pewnych-trucicieli-wraca-sprawa-sniecia-ryb-w-kanale-gliwickim\/","og_site_name":"24GLIWICE - Portal Gliwice | codziennie nowe informacje","article_publisher":"https:\/\/www.facebook.com\/24gliwice","article_published_time":"2025-08-06T02:19:40+00:00","og_image":[{"width":810,"height":457,"url":"https:\/\/www.24gliwice.pl\/wiadomosci\/wp-content\/uploads\/2025\/08\/klodnica-truciciele-sarre-sternal-2.jpg","type":"image\/jpeg"}],"author":"\u017baneta Mrozek-Siewierska","twitter_card":"summary_large_image","twitter_creator":"@24gliwice","twitter_site":"@24gliwice","twitter_misc":{"Napisane przez":"\u017baneta Mrozek-Siewierska","Szacowany czas czytania":"8 minut"},"schema":{"@context":"https:\/\/schema.org","@graph":[{"@type":"Article","@id":"https:\/\/www.24gliwice.pl\/wiadomosci\/ustalilismy-dwoch-pewnych-trucicieli-wraca-sprawa-sniecia-ryb-w-kanale-gliwickim\/#article","isPartOf":{"@id":"https:\/\/www.24gliwice.pl\/wiadomosci\/ustalilismy-dwoch-pewnych-trucicieli-wraca-sprawa-sniecia-ryb-w-kanale-gliwickim\/"},"author":{"name":"\u017baneta Mrozek-Siewierska","@id":"https:\/\/www.24gliwice.pl\/wiadomosci\/#\/schema\/person\/e42c650edd7f2fa332be3811fb166b6e"},"headline":"&#8220;Ustalili\u015bmy dw\u00f3ch pewnych trucicieli&#8221;. Wraca sprawa \u015bni\u0119cia ryb w Kanale Gliwickim","datePublished":"2025-08-06T02:19:40+00:00","mainEntityOfPage":{"@id":"https:\/\/www.24gliwice.pl\/wiadomosci\/ustalilismy-dwoch-pewnych-trucicieli-wraca-sprawa-sniecia-ryb-w-kanale-gliwickim\/"},"wordCount":1851,"commentCount":98,"publisher":{"@id":"https:\/\/www.24gliwice.pl\/wiadomosci\/#organization"},"image":{"@id":"https:\/\/www.24gliwice.pl\/wiadomosci\/ustalilismy-dwoch-pewnych-trucicieli-wraca-sprawa-sniecia-ryb-w-kanale-gliwickim\/#primaryimage"},"thumbnailUrl":"https:\/\/www.24gliwice.pl\/wiadomosci\/wp-content\/uploads\/2025\/08\/klodnica-truciciele-sarre-sternal-2.jpg","keywords":["KANA\u0141 GLIWICKI","TRUCICIELE"],"articleSection":["Gliwice","Najnowsze wiadomo\u015bci","Portal Gliwice - Wiadomo\u015bci lokalne","Samorz\u0105d, polityka"],"inLanguage":"pl-PL","potentialAction":[{"@type":"CommentAction","name":"Comment","target":["https:\/\/www.24gliwice.pl\/wiadomosci\/ustalilismy-dwoch-pewnych-trucicieli-wraca-sprawa-sniecia-ryb-w-kanale-gliwickim\/#respond"]}]},{"@type":"WebPage","@id":"https:\/\/www.24gliwice.pl\/wiadomosci\/ustalilismy-dwoch-pewnych-trucicieli-wraca-sprawa-sniecia-ryb-w-kanale-gliwickim\/","url":"https:\/\/www.24gliwice.pl\/wiadomosci\/ustalilismy-dwoch-pewnych-trucicieli-wraca-sprawa-sniecia-ryb-w-kanale-gliwickim\/","name":"\"Ustalili\u015bmy dw\u00f3ch pewnych trucicieli\". Wraca sprawa \u015bni\u0119cia ryb w Kanale Gliwickim - 24GLIWICE - Portal Gliwice | codziennie nowe informacje","isPartOf":{"@id":"https:\/\/www.24gliwice.pl\/wiadomosci\/#website"},"primaryImageOfPage":{"@id":"https:\/\/www.24gliwice.pl\/wiadomosci\/ustalilismy-dwoch-pewnych-trucicieli-wraca-sprawa-sniecia-ryb-w-kanale-gliwickim\/#primaryimage"},"image":{"@id":"https:\/\/www.24gliwice.pl\/wiadomosci\/ustalilismy-dwoch-pewnych-trucicieli-wraca-sprawa-sniecia-ryb-w-kanale-gliwickim\/#primaryimage"},"thumbnailUrl":"https:\/\/www.24gliwice.pl\/wiadomosci\/wp-content\/uploads\/2025\/08\/klodnica-truciciele-sarre-sternal-2.jpg","datePublished":"2025-08-06T02:19:40+00:00","description":"Od 2022 r. rokrocznie w Kanale Gliwickim dochodzi do rzekomego zakwitu z\u0142otej algi, jednak czy jest to rzeczywisty pow\u00f3d \u015bni\u0119cia ryb?","breadcrumb":{"@id":"https:\/\/www.24gliwice.pl\/wiadomosci\/ustalilismy-dwoch-pewnych-trucicieli-wraca-sprawa-sniecia-ryb-w-kanale-gliwickim\/#breadcrumb"},"inLanguage":"pl-PL","potentialAction":[{"@type":"ReadAction","target":["https:\/\/www.24gliwice.pl\/wiadomosci\/ustalilismy-dwoch-pewnych-trucicieli-wraca-sprawa-sniecia-ryb-w-kanale-gliwickim\/"]}]},{"@type":"ImageObject","inLanguage":"pl-PL","@id":"https:\/\/www.24gliwice.pl\/wiadomosci\/ustalilismy-dwoch-pewnych-trucicieli-wraca-sprawa-sniecia-ryb-w-kanale-gliwickim\/#primaryimage","url":"https:\/\/www.24gliwice.pl\/wiadomosci\/wp-content\/uploads\/2025\/08\/klodnica-truciciele-sarre-sternal-2.jpg","contentUrl":"https:\/\/www.24gliwice.pl\/wiadomosci\/wp-content\/uploads\/2025\/08\/klodnica-truciciele-sarre-sternal-2.jpg","width":810,"height":457,"caption":"fot. 24gliwice \/\u017cms"},{"@type":"BreadcrumbList","@id":"https:\/\/www.24gliwice.pl\/wiadomosci\/ustalilismy-dwoch-pewnych-trucicieli-wraca-sprawa-sniecia-ryb-w-kanale-gliwickim\/#breadcrumb","itemListElement":[{"@type":"ListItem","position":1,"name":"Strona g\u0142\u00f3wna","item":"https:\/\/www.24gliwice.pl\/wiadomosci\/"},{"@type":"ListItem","position":2,"name":"&#8220;Ustalili\u015bmy dw\u00f3ch pewnych trucicieli&#8221;. Wraca sprawa \u015bni\u0119cia ryb w Kanale Gliwickim"}]},{"@type":"WebSite","@id":"https:\/\/www.24gliwice.pl\/wiadomosci\/#website","url":"https:\/\/www.24gliwice.pl\/wiadomosci\/","name":"24GLIWICE - Portal Gliwice | codziennie nowe wiadomo\u015bci","description":"Portal Miejski Gliwice","publisher":{"@id":"https:\/\/www.24gliwice.pl\/wiadomosci\/#organization"},"potentialAction":[{"@type":"SearchAction","target":{"@type":"EntryPoint","urlTemplate":"https:\/\/www.24gliwice.pl\/wiadomosci\/?s={search_term_string}"},"query-input":{"@type":"PropertyValueSpecification","valueRequired":true,"valueName":"search_term_string"}}],"inLanguage":"pl-PL"},{"@type":"Organization","@id":"https:\/\/www.24gliwice.pl\/wiadomosci\/#organization","name":"24gliwice","url":"https:\/\/www.24gliwice.pl\/wiadomosci\/","logo":{"@type":"ImageObject","inLanguage":"pl-PL","@id":"https:\/\/www.24gliwice.pl\/wiadomosci\/#\/schema\/logo\/image\/","url":"https:\/\/www.24gliwice.pl\/wiadomosci\/wp-content\/uploads\/2024\/10\/24gliwice-logo-696.jpg","contentUrl":"https:\/\/www.24gliwice.pl\/wiadomosci\/wp-content\/uploads\/2024\/10\/24gliwice-logo-696.jpg","width":696,"height":696,"caption":"24gliwice"},"image":{"@id":"https:\/\/www.24gliwice.pl\/wiadomosci\/#\/schema\/logo\/image\/"},"sameAs":["https:\/\/www.facebook.com\/24gliwice","https:\/\/x.com\/24gliwice","https:\/\/www.youtube.com\/@24gliwice"]},{"@type":"Person","@id":"https:\/\/www.24gliwice.pl\/wiadomosci\/#\/schema\/person\/e42c650edd7f2fa332be3811fb166b6e","name":"\u017baneta Mrozek-Siewierska","image":{"@type":"ImageObject","inLanguage":"pl-PL","@id":"https:\/\/secure.gravatar.com\/avatar\/1881429e9c64597c77ad7aef2d0a19be69a3253e57534d16aa15bf3a4d34a0a3?s=96&d=mm&r=g","url":"https:\/\/secure.gravatar.com\/avatar\/1881429e9c64597c77ad7aef2d0a19be69a3253e57534d16aa15bf3a4d34a0a3?s=96&d=mm&r=g","contentUrl":"https:\/\/secure.gravatar.com\/avatar\/1881429e9c64597c77ad7aef2d0a19be69a3253e57534d16aa15bf3a4d34a0a3?s=96&d=mm&r=g","caption":"\u017baneta Mrozek-Siewierska"},"url":"https:\/\/www.24gliwice.pl\/wiadomosci\/author\/zms\/"}]}},"_links":{"self":[{"href":"https:\/\/www.24gliwice.pl\/wiadomosci\/wp-json\/wp\/v2\/posts\/257502","targetHints":{"allow":["GET"]}}],"collection":[{"href":"https:\/\/www.24gliwice.pl\/wiadomosci\/wp-json\/wp\/v2\/posts"}],"about":[{"href":"https:\/\/www.24gliwice.pl\/wiadomosci\/wp-json\/wp\/v2\/types\/post"}],"author":[{"embeddable":true,"href":"https:\/\/www.24gliwice.pl\/wiadomosci\/wp-json\/wp\/v2\/users\/15"}],"replies":[{"embeddable":true,"href":"https:\/\/www.24gliwice.pl\/wiadomosci\/wp-json\/wp\/v2\/comments?post=257502"}],"version-history":[{"count":0,"href":"https:\/\/www.24gliwice.pl\/wiadomosci\/wp-json\/wp\/v2\/posts\/257502\/revisions"}],"wp:featuredmedia":[{"embeddable":true,"href":"https:\/\/www.24gliwice.pl\/wiadomosci\/wp-json\/wp\/v2\/media\/258018"}],"wp:attachment":[{"href":"https:\/\/www.24gliwice.pl\/wiadomosci\/wp-json\/wp\/v2\/media?parent=257502"}],"wp:term":[{"taxonomy":"category","embeddable":true,"href":"https:\/\/www.24gliwice.pl\/wiadomosci\/wp-json\/wp\/v2\/categories?post=257502"},{"taxonomy":"post_tag","embeddable":true,"href":"https:\/\/www.24gliwice.pl\/wiadomosci\/wp-json\/wp\/v2\/tags?post=257502"}],"curies":[{"name":"wp","href":"https:\/\/api.w.org\/{rel}","templated":true}]}}