{"id":257539,"date":"2025-07-28T03:57:00","date_gmt":"2025-07-28T01:57:00","guid":{"rendered":"https:\/\/www.24gliwice.pl\/wiadomosci\/?p=257539"},"modified":"2025-07-28T03:57:00","modified_gmt":"2025-07-28T01:57:00","slug":"jedna-droga-do-remontu-druga-po-remoncie-drogowcy-informuja-o-dwoch-inwestycjach","status":"publish","type":"post","link":"https:\/\/www.24gliwice.pl\/wiadomosci\/jedna-droga-do-remontu-druga-po-remoncie-drogowcy-informuja-o-dwoch-inwestycjach\/","title":{"rendered":"Jedna droga do remontu, druga po remoncie. Drogowcy informuj\u0105 o dw\u00f3ch inwestycjach"},"content":{"rendered":"<div class=\"gliwi-a6-nad-leadem-artykulow gliwi-entity-placement\" id=\"gliwi-1275207825\"><div class=\"gliwi-adlabel\"><span style=\"font-size: 9px\">REKLAMA<\/span><\/div><div id=\"gliwi-1097373469\" style=\"margin-bottom: 25px;margin-left: auto;margin-right: auto;text-align: center;\"><a href=\"https:\/\/dom100.eu\/\" target=\"_blank\" aria-label=\"20260415 DOM100 D\"><img loading=\"lazy\" decoding=\"async\" src=\"https:\/\/www.24gliwice.pl\/wiadomosci\/wp-content\/uploads\/2026\/04\/20260415-DOM100-D.jpg\" alt=\"\"  srcset=\"https:\/\/www.24gliwice.pl\/wiadomosci\/wp-content\/uploads\/2026\/04\/20260415-DOM100-D.jpg 750w, https:\/\/www.24gliwice.pl\/wiadomosci\/wp-content\/uploads\/2026\/04\/20260415-DOM100-D-410x109.jpg 410w\" sizes=\"(max-width: 750px) 100vw, 750px\" class=\"no-lazyload\" width=\"750\" height=\"200\"  style=\"display: inline-block; max-width: 100%; height: auto;\" \/><\/a><\/div><\/div><h2>Nieco ponad miesi\u0105c potrwaj\u0105 prace, jakie zaplanowano na Trynku, na drodze wewn\u0119trznej przy Zespole Szk\u00f3\u0142 Budowlano-Ceramicznych w Gliwicach, przy ul. Bojkowskiej 16. Podczas rob\u00f3t mog\u0105 pojawi\u0107 si\u0119 chwilowe utrudnienia w ruchu.<\/h2>\n<p><!--more--><\/p>\n<p>Pocz\u0105tek remontu planowany jest na poniedzia\u0142ek, 28 lipca, a jego zako\u0144czenie na 30 sierpnia. <\/p>\n<p>&#8211; <em>Wakacje to najlepszy czas na remont drogi prowadz\u0105cej do jednej z plac\u00f3wek szkolnych w naszym mie\u015bcie. Wraz z pocz\u0105tkiem roku szkolnego jezdnia b\u0119dzie mia\u0142a now\u0105 nawierzchni\u0119 asfaltow\u0105, a chodniki &#8211; kostk\u0105 betonow\u0105. Wszystko po to, by by\u0142o bezpieczniej, wygodniej i estetyczniej \u2013 zar\u00f3wno dla uczni\u00f3w i pracownik\u00f3w szko\u0142y, jak i wszystkich korzystaj\u0105cych z tej drogi<\/em> &#8211; podkre\u015bla Zarz\u0105d Dr\u00f3g Miejskich w Gliwicach. <\/p><div class=\"gliwi-a3-w-tresci-artykulow gliwi-entity-placement\" id=\"gliwi-3070487525\"><div class=\"gliwi-adlabel\"><span style=\"font-size: 9px\">REKLAMA<\/span><\/div><div id=\"gliwi-915754958\" style=\"margin-bottom: 30px;margin-left: auto;margin-right: auto;text-align: center;\"><a href=\"https:\/\/zlobek.halogen.org.pl\/\" target=\"_blank\" aria-label=\"animator-zlobek_750x200\"><img loading=\"lazy\" decoding=\"async\" src=\"https:\/\/www.24gliwice.pl\/wiadomosci\/wp-content\/uploads\/2026\/02\/animator-zlobek_750x200.webp\" alt=\"\"  srcset=\"https:\/\/www.24gliwice.pl\/wiadomosci\/wp-content\/uploads\/2026\/02\/animator-zlobek_750x200.webp 750w, https:\/\/www.24gliwice.pl\/wiadomosci\/wp-content\/uploads\/2026\/02\/animator-zlobek_750x200-410x109.webp 410w\" sizes=\"(max-width: 750px) 100vw, 750px\" class=\"no-lazyload\" width=\"750\" height=\"200\"  style=\"display: inline-block; max-width: 100%; height: auto;\" \/><\/a><\/div><\/div>\n<p>Inwestycja zrealizowana zostanie w ramach bie\u017c\u0105cego utrzymania dr\u00f3g w 2025 roku. <\/p>\n<p><img loading=\"lazy\" decoding=\"async\" src=\"https:\/\/zdm.gliwice.pl\/sites\/default\/files\/styles\/default\/public\/2025-07\/B1.jpg?itok=I0twtDWD\" width=\"1363\" height=\"1020\" class=\"alignnone size-full\" \/><\/p>\n<h4>Prace na \u0142\u0105czniku sko\u0144czono przed czasem<\/h4>\n<p>Zako\u0144czono ju\u017c remont ulicy Cha\u0142ubi\u0144skiego. Prace obj\u0119\u0142y odcinek od numeru 73 do 83, gdzie stara, zniszczona nawierzchnia zosta\u0142a ca\u0142kowicie usuni\u0119ta i zast\u0105piona now\u0105, wykonan\u0105 z kostki betonowej. <\/p>\n<p><img loading=\"lazy\" decoding=\"async\" src=\"https:\/\/zdm.gliwice.pl\/sites\/default\/files\/styles\/default\/public\/2025-07\/Cha%C5%82ubinskiego%20po%202.jpg?itok=7oHhF8pi\" width=\"1385\" height=\"1020\" class=\"alignnone size-full\" \/><\/p>\n<p>&#8211; <em>Dzi\u0119ki przeprowadzonym pracom znacz\u0105co poprawi\u0142 si\u0119 komfort jazdy, a tak\u017ce bezpiecze\u0144stwo wszystkich u\u017cytkownik\u00f3w drogi &#8211; zar\u00f3wno kierowc\u00f3w, jak i pieszych. Nowa nawierzchnia sprzyja p\u0142ynno\u015bci ruchu i u\u0142atwia poruszanie si\u0119 r\u00f3wnie\u017c osobom z ograniczon\u0105 mobilno\u015bci\u0105. Inwestycja zosta\u0142a zrealizowana w ci\u0105gu zaledwie jednego miesi\u0105ca, co pozwoli\u0142o na szybsze przywr\u00f3cenie pe\u0142nej funkcjonalno\u015bci ulicy i ograniczenie niedogodno\u015bci dla mieszka\u0144c\u00f3w<\/em> &#8211; podkre\u015bla ZDM.<\/p>\n<p><img loading=\"lazy\" decoding=\"async\" src=\"https:\/\/zdm.gliwice.pl\/sites\/default\/files\/styles\/default\/public\/2025-07\/Chalubinskiego%20po%203.jpg?itok=pdgL-RL6\" width=\"1809\" height=\"1020\" class=\"alignnone size-full\" \/><\/p>\n<p>(\u017cms)\/ZDM Gliwice<br \/>\nfot. W. Kulik\/ZDM Gliwice<\/p>\n<div class=\"gliwi-a5-na-koncu-artykulow gliwi-entity-placement\" id=\"gliwi-103334248\"><div class=\"gliwi-adlabel\"><span style=\"font-size: 9px\">REKLAMA<\/span><\/div><div id=\"gliwi-1989665270\" style=\"margin-left: auto;margin-right: auto;text-align: center;\"><a href=\"https:\/\/www.jasek.pl\/\" target=\"_blank\" aria-label=\"20200401-jasek 600\"><img loading=\"lazy\" decoding=\"async\" src=\"https:\/\/www.24gliwice.pl\/wiadomosci\/wp-content\/uploads\/2020\/04\/20200401-jasek-600.jpg\" alt=\"\"  srcset=\"https:\/\/www.24gliwice.pl\/wiadomosci\/wp-content\/uploads\/2020\/04\/20200401-jasek-600.jpg 600w, https:\/\/www.24gliwice.pl\/wiadomosci\/wp-content\/uploads\/2020\/04\/20200401-jasek-600-410x109.jpg 410w\" sizes=\"(max-width: 600px) 100vw, 600px\" class=\"no-lazyload\" width=\"600\" height=\"160\"  style=\"display: inline-block; max-width: 100%; height: auto;\" \/><\/a><\/div><\/div>","protected":false},"excerpt":{"rendered":"<p>Nieco ponad miesi\u0105c potrwaj\u0105 prace, jakie zaplanowano na Trynku, na drodze wewn\u0119trznej przy Zespole Szk\u00f3\u0142 Budowlano-Ceramicznych w Gliwicach, przy ul. Bojkowskiej 16. Podczas rob\u00f3t mog\u0105 pojawi\u0107 si\u0119 chwilowe utrudnienia w ruchu.<\/p>\n","protected":false},"author":15,"featured_media":257542,"comment_status":"open","ping_status":"closed","sticky":false,"template":"","format":"standard","meta":{"footnotes":""},"categories":[3,1],"tags":[5611,8577],"class_list":["post-257539","post","type-post","status-publish","format-standard","has-post-thumbnail","hentry","category-gliwice","category-wszystko","tag-bojkowska","tag-roboty-drogowe"],"_links":{"self":[{"href":"https:\/\/www.24gliwice.pl\/wiadomosci\/wp-json\/wp\/v2\/posts\/257539","targetHints":{"allow":["GET"]}}],"collection":[{"href":"https:\/\/www.24gliwice.pl\/wiadomosci\/wp-json\/wp\/v2\/posts"}],"about":[{"href":"https:\/\/www.24gliwice.pl\/wiadomosci\/wp-json\/wp\/v2\/types\/post"}],"author":[{"embeddable":true,"href":"https:\/\/www.24gliwice.pl\/wiadomosci\/wp-json\/wp\/v2\/users\/15"}],"replies":[{"embeddable":true,"href":"https:\/\/www.24gliwice.pl\/wiadomosci\/wp-json\/wp\/v2\/comments?post=257539"}],"version-history":[{"count":0,"href":"https:\/\/www.24gliwice.pl\/wiadomosci\/wp-json\/wp\/v2\/posts\/257539\/revisions"}],"wp:featuredmedia":[{"embeddable":true,"href":"https:\/\/www.24gliwice.pl\/wiadomosci\/wp-json\/wp\/v2\/media\/257542"}],"wp:attachment":[{"href":"https:\/\/www.24gliwice.pl\/wiadomosci\/wp-json\/wp\/v2\/media?parent=257539"}],"wp:term":[{"taxonomy":"category","embeddable":true,"href":"https:\/\/www.24gliwice.pl\/wiadomosci\/wp-json\/wp\/v2\/categories?post=257539"},{"taxonomy":"post_tag","embeddable":true,"href":"https:\/\/www.24gliwice.pl\/wiadomosci\/wp-json\/wp\/v2\/tags?post=257539"}],"curies":[{"name":"wp","href":"https:\/\/api.w.org\/{rel}","templated":true}]}}