{"id":257617,"date":"2025-07-30T05:57:46","date_gmt":"2025-07-30T03:57:46","guid":{"rendered":"https:\/\/www.24gliwice.pl\/wiadomosci\/?p=257617"},"modified":"2025-07-30T05:57:46","modified_gmt":"2025-07-30T03:57:46","slug":"na-kapielisku-lesnym-zajda-duze-zmiany-kompleksowa-przebudowa-moze-rozpoczac-sie-juz-w-2026-roku","status":"publish","type":"post","link":"https:\/\/www.24gliwice.pl\/wiadomosci\/na-kapielisku-lesnym-zajda-duze-zmiany-kompleksowa-przebudowa-moze-rozpoczac-sie-juz-w-2026-roku\/","title":{"rendered":"Na K\u0105pielisku Le\u015bnym zajd\u0105 du\u017ce zmiany. Kompleksowa przebudowa mo\u017ce rozpocz\u0105\u0107 si\u0119 ju\u017c w 2026 roku"},"content":{"rendered":"<div class=\"gliwi-a6-nad-leadem-artykulow gliwi-entity-placement\" id=\"gliwi-1604847249\"><div class=\"gliwi-adlabel\"><span style=\"font-size: 9px\">REKLAMA<\/span><\/div><div id=\"gliwi-354048719\" style=\"margin-bottom: 30px;margin-left: auto;margin-right: auto;text-align: center;\"><a data-no-instant=\"1\" href=\"https:\/\/przedszkole.halogen.org.pl\/\" rel=\"noopener\" class=\"a2t-link\" target=\"_blank\" aria-label=\"20260402-ANIMATOR-przedszkole_grafika_750x200\"><img loading=\"lazy\" decoding=\"async\" src=\"https:\/\/www.24gliwice.pl\/wiadomosci\/wp-content\/uploads\/2026\/04\/20260402-ANIMATOR-przedszkole_grafika_750x200.webp\" alt=\"\"  srcset=\"https:\/\/www.24gliwice.pl\/wiadomosci\/wp-content\/uploads\/2026\/04\/20260402-ANIMATOR-przedszkole_grafika_750x200.webp 750w, https:\/\/www.24gliwice.pl\/wiadomosci\/wp-content\/uploads\/2026\/04\/20260402-ANIMATOR-przedszkole_grafika_750x200-410x109.webp 410w\" sizes=\"(max-width: 750px) 100vw, 750px\" class=\"no-lazyload\" width=\"750\" height=\"200\"  style=\"display: inline-block; max-width: 100%; height: auto;\" \/><\/a><\/div><\/div><h2>K\u0105pielisko Le\u015bne w kolejnych latach ma zosta\u0107 przebudowane. Przewidywany zakres zmian jest bardzo du\u017cy &#8211; zaplanowano tam budow\u0119 nowoczesnych niecek basenowych o \u0142\u0105cznej pojemno\u015bci do 8 tys. metr\u00f3w sze\u015bciennych \u2013 w tym basenu p\u0142ywackiego, rw\u0105cej rzeki oraz basenu ze zje\u017cd\u017calniami.<\/h2>\n<p><!--more--><\/p>\n<p>Licz\u0105cy sobie ponad osiemdziesi\u0105t lat obiekt zostanie poddany gruntownej modernizacji. Niedawno rozstrzygni\u0119to przetarg na wykonanie koncepcji oraz dokumentacji projektowej &#8211; najkorzystniejsz\u0105 ofert\u0119 z\u0142o\u017cy\u0142a w nim gliwicka sp\u00f3\u0142ka MWM Sp. z o.o. Sp. komandytowa, kt\u00f3rej powierzono to zadanie. To firma, kt\u00f3ra wybudowa\u0142a wodny plac zabaw w parku Chopina. <\/p>\n<blockquote class=\"wp-embedded-content\" data-secret=\"zNiIofLDKG\"><p><a href=\"https:\/\/www.24gliwice.pl\/wiadomosci\/wodny-plac-zabaw-w-parku-chopina\/\">Firma z Gliwic wykona wodny plac zabaw w parku Chopina. Obiekt ma by\u0107 gotowy jeszcze przed wakacjami<\/a><\/p><\/blockquote>\n<p><iframe loading=\"lazy\" class=\"wp-embedded-content\" sandbox=\"allow-scripts\" security=\"restricted\" style=\"position: absolute; visibility: hidden;\" title=\"&#8222;Firma z Gliwic wykona wodny plac zabaw w parku Chopina. Obiekt ma by\u0107 gotowy jeszcze przed wakacjami&#8221; &#8212; 24GLIWICE - Portal Gliwice | codziennie nowe informacje\" src=\"https:\/\/www.24gliwice.pl\/wiadomosci\/wodny-plac-zabaw-w-parku-chopina\/embed\/#?secret=uvGJS8nHK3#?secret=zNiIofLDKG\" data-secret=\"zNiIofLDKG\" width=\"600\" height=\"338\" frameborder=\"0\" marginwidth=\"0\" marginheight=\"0\" scrolling=\"no\"><\/iframe><\/p>\n<p>Na realizacj\u0119 zadania wykonawca b\u0119dzie mia\u0142 15 miesi\u0119cy licz\u0105c od dnia podpisania umowy (to nast\u0105pi\u0142o 29 lipca). Po zako\u0144czeniu prac projektowych og\u0142oszony zostanie przetarg na wykonanie rob\u00f3t budowlanych. Ich rozpocz\u0119cie przewidziane jest w 2026 roku. Przypomnijmy, \u017ce modernizacja k\u0105pieliska zosta\u0142a wpisana do Wieloletniej Prognozy Finansowej Miasta Gliwice, kt\u00f3ra przewiduje przeznaczenie na ten cel 17 milion\u00f3w z\u0142otych w latach 2026\u20132028.<\/p><div class=\"gliwi-a3-w-tresci-artykulow gliwi-entity-placement\" id=\"gliwi-243343714\"><div class=\"gliwi-adlabel\"><span style=\"font-size: 9px\">REKLAMA<\/span><\/div><div id=\"gliwi-471197830\" style=\"margin-bottom: 30px;margin-left: auto;margin-right: auto;text-align: center;\"><a data-no-instant=\"1\" href=\"https:\/\/zlobek.halogen.org.pl\/\" rel=\"noopener\" class=\"a2t-link\" target=\"_blank\" aria-label=\"animator-zlobek_750x200\"><img loading=\"lazy\" decoding=\"async\" src=\"https:\/\/www.24gliwice.pl\/wiadomosci\/wp-content\/uploads\/2026\/02\/animator-zlobek_750x200.webp\" alt=\"\"  srcset=\"https:\/\/www.24gliwice.pl\/wiadomosci\/wp-content\/uploads\/2026\/02\/animator-zlobek_750x200.webp 750w, https:\/\/www.24gliwice.pl\/wiadomosci\/wp-content\/uploads\/2026\/02\/animator-zlobek_750x200-410x109.webp 410w\" sizes=\"(max-width: 750px) 100vw, 750px\" class=\"no-lazyload\" width=\"750\" height=\"200\"  style=\"display: inline-block; max-width: 100%; height: auto;\" \/><\/a><\/div><\/div>\n<h4>Szczeg\u00f3\u0142owe rozwi\u0105zania b\u0119d\u0105 znane dopiero po zako\u0144czeniu fazy projektowej, jednak ju\u017c teraz wiadomo, \u017ce zakres planowanych zmian b\u0119dzie szeroki i dotknie niemal ka\u017cdego aspektu funkcjonowania obiektu.<\/h4>\n<p>W planach znajduje si\u0119 budowa nowoczesnych niecek basenowych o \u0142\u0105cznej pojemno\u015bci do 8 tys. metr\u00f3w sze\u015bciennych \u2013 w tym basenu p\u0142ywackiego, rw\u0105cej rzeki oraz basenu ze zje\u017cd\u017calniami. Ka\u017cda z tych stref wodnych b\u0119dzie funkcjonowa\u0107 w oparciu o niezale\u017cny system cyrkulacji wody, co zwi\u0119kszy bezpiecze\u0144stwo i higien\u0119 korzystania.<\/p>\n<p>Otoczenie k\u0105pieliska r\u00f3wnie\u017c zyska nowe funkcje. Przewidziano utworzenie rozbudowanej strefy rekreacyjnej z alejami spacerowymi, \u015bcie\u017ck\u0105 biegow\u0105, klasycznym placem zabaw i wodnym placem zabaw oraz profesjonalnym boiskiem do siatk\u00f3wki pla\u017cowej. Zaplanowano te\u017c stref\u0119 relaksu z miejscami do odpoczynku, przestrzenie dedykowane gastronomii mobilnej, a tak\u017ce nowoczesny pawilon us\u0142ugowy z pe\u0142nym zapleczem sanitarnym i technicznym. Szczeg\u00f3ln\u0105 uwag\u0119 po\u015bwi\u0119cono tak\u017ce zagospodarowaniu przestrzeni dla nastolatk\u00f3w i m\u0142odych doros\u0142ych, poprzez zastosowanie element\u00f3w ma\u0142ej architektury odpowiadaj\u0105cej ich potrzebom.<\/p>\n<h4>Istotnym elementem jest zapewnienie dost\u0119pno\u015bci k\u0105pieliska dla os\u00f3b z niepe\u0142nosprawno\u015bciami oraz os\u00f3b o szczeg\u00f3lnych potrzebach. Rozwi\u0105zania infrastrukturalne maj\u0105 gwarantowa\u0107 im pe\u0142n\u0105 swobod\u0119 i komfort u\u017cytkowania ca\u0142ego zmodernizowanego kompleksu.<\/h4>\n<p>Przebudowa obejmie r\u00f3wnie\u017c wymian\u0119 infrastruktury technicznej znajduj\u0105cej si\u0119 pod ziemi\u0105. Jej stan stanowi\u0142 ju\u017c powa\u017cne ograniczenie. To w\u0142a\u015bnie z tego powodu prywatny zarz\u0105dca \u2013 koncesjonariusz k\u0105pieliska udost\u0119pni\u0142 na nim w tym roku tylko trzy z czterech niecek basenowych. \u2013 <em>Z powodu problem\u00f3w technicznych w sezonie 2025 du\u017cy basen na K\u0105pielisku Le\u015bnym pozostanie nieczynny. Bardzo zale\u017ca\u0142o nam, aby udost\u0119pni\u0107 Pa\u0144stwu wszystkie atrakcje, jednak ze wzgl\u0119d\u00f3w bezpiecze\u0144stwa jeste\u015bmy zmuszeni ograniczy\u0107 dost\u0119pno\u015b\u0107 obiektu. Przepraszamy za wszelkie niedogodno\u015bci i prosimy o wyrozumia\u0142o\u015b\u0107<\/em> \u2013 poinformowa\u0142 z pocz\u0105tkiem lipca na fejsbukowym profilu K\u0105pielisko Le\u015bne w Gliwicach.<\/p>\n<p>(\u017cms)\/UM Gliwice(kik)<\/p>\n<div class=\"gliwi-a5-na-koncu-artykulow gliwi-entity-placement\" id=\"gliwi-4033815508\"><div class=\"gliwi-adlabel\"><span style=\"font-size: 9px\">REKLAMA<\/span><\/div><div id=\"gliwi-1483433786\" style=\"margin-left: auto;margin-right: auto;text-align: center;\"><a data-no-instant=\"1\" href=\"https:\/\/prezeroarenagliwice.pl\/\" rel=\"noopener\" class=\"a2t-link\" target=\"_blank\" aria-label=\"20260309-PREZERO-WIOSNA-D\"><img loading=\"lazy\" decoding=\"async\" src=\"https:\/\/www.24gliwice.pl\/wiadomosci\/wp-content\/uploads\/2026\/03\/20260309-PREZERO-WIOSNA-D.webp\" alt=\"\"  srcset=\"https:\/\/www.24gliwice.pl\/wiadomosci\/wp-content\/uploads\/2026\/03\/20260309-PREZERO-WIOSNA-D.webp 750w, https:\/\/www.24gliwice.pl\/wiadomosci\/wp-content\/uploads\/2026\/03\/20260309-PREZERO-WIOSNA-D-410x109.webp 410w\" sizes=\"(max-width: 750px) 100vw, 750px\" class=\"no-lazyload\" width=\"750\" height=\"200\"  style=\"display: inline-block; max-width: 100%; height: auto;\" \/><\/a><\/div><\/div>","protected":false},"excerpt":{"rendered":"<p>K\u0105pielisko Le\u015bne w kolejnych latach ma zosta\u0107 przebudowane. Przewidywany zakres zmian jest bardzo du\u017cy &#8211; zaplanowano tam budow\u0119 nowoczesnych niecek basenowych o \u0142\u0105cznej pojemno\u015bci do 8 tys. metr\u00f3w sze\u015bciennych \u2013 w tym basenu p\u0142ywackiego, rw\u0105cej rzeki oraz basenu ze zje\u017cd\u017calniami.<\/p>\n","protected":false},"author":15,"featured_media":156429,"comment_status":"open","ping_status":"closed","sticky":false,"template":"","format":"standard","meta":{"_monsterinsights_skip_tracking":false,"_monsterinsights_sitenote_active":false,"_monsterinsights_sitenote_note":"","_monsterinsights_sitenote_category":0,"footnotes":"","_links_to":"","_links_to_target":""},"categories":[3,1,9],"tags":[10595,9429],"class_list":["post-257617","post","type-post","status-publish","format-standard","has-post-thumbnail","hentry","category-gliwice","category-wszystko","category-aktualnosci_lokalne","tag-kapielisko","tag-przebudowa"],"yoast_head":"<!-- This site is optimized with the Yoast SEO plugin v27.5 - https:\/\/yoast.com\/product\/yoast-seo-wordpress\/ -->\n<title>Na K\u0105pielisku Le\u015bnym zajd\u0105 du\u017ce zmiany. Kompleksowa przebudowa mo\u017ce rozpocz\u0105\u0107 si\u0119 ju\u017c w 2026 roku - 24GLIWICE - Portal Gliwice | codziennie nowe informacje<\/title>\n<meta name=\"description\" content=\"Wy\u0142oniono wykonawc\u0119 projektu kompleksowej przebudowy K\u0105pieliska Le\u015bnego w Gliwicach. Dokumentacja ma by\u0107 gotowa za 15 miesi\u0119cy\" \/>\n<meta name=\"robots\" content=\"index, follow, max-snippet:-1, max-image-preview:large, max-video-preview:-1\" \/>\n<link rel=\"canonical\" href=\"https:\/\/www.24gliwice.pl\/wiadomosci\/na-kapielisku-lesnym-zajda-duze-zmiany-kompleksowa-przebudowa-moze-rozpoczac-sie-juz-w-2026-roku\/\" \/>\n<meta property=\"og:locale\" content=\"pl_PL\" \/>\n<meta property=\"og:type\" content=\"article\" \/>\n<meta property=\"og:title\" content=\"Na K\u0105pielisku Le\u015bnym zajd\u0105 du\u017ce zmiany. Kompleksowa przebudowa mo\u017ce rozpocz\u0105\u0107 si\u0119 ju\u017c w 2026 roku - 24GLIWICE - Portal Gliwice | codziennie nowe informacje\" \/>\n<meta property=\"og:description\" content=\"Wy\u0142oniono wykonawc\u0119 projektu kompleksowej przebudowy K\u0105pieliska Le\u015bnego w Gliwicach. Dokumentacja ma by\u0107 gotowa za 15 miesi\u0119cy\" \/>\n<meta property=\"og:url\" content=\"https:\/\/www.24gliwice.pl\/wiadomosci\/na-kapielisku-lesnym-zajda-duze-zmiany-kompleksowa-przebudowa-moze-rozpoczac-sie-juz-w-2026-roku\/\" \/>\n<meta property=\"og:site_name\" content=\"24GLIWICE - Portal Gliwice | codziennie nowe informacje\" \/>\n<meta property=\"article:publisher\" content=\"https:\/\/www.facebook.com\/24gliwice\" \/>\n<meta property=\"article:published_time\" content=\"2025-07-30T03:57:46+00:00\" \/>\n<meta property=\"og:image\" content=\"https:\/\/www.24gliwice.pl\/wiadomosci\/wp-content\/uploads\/2020\/08\/kapielisko-basen-dzieci-2.jpg\" \/>\n\t<meta property=\"og:image:width\" content=\"810\" \/>\n\t<meta property=\"og:image:height\" content=\"456\" \/>\n\t<meta property=\"og:image:type\" content=\"image\/jpeg\" \/>\n<meta name=\"author\" content=\"\u017baneta Mrozek-Siewierska\" \/>\n<meta name=\"twitter:card\" content=\"summary_large_image\" \/>\n<meta name=\"twitter:creator\" content=\"@24gliwice\" \/>\n<meta name=\"twitter:site\" content=\"@24gliwice\" \/>\n<meta name=\"twitter:label1\" content=\"Napisane przez\" \/>\n\t<meta name=\"twitter:data1\" content=\"\u017baneta Mrozek-Siewierska\" \/>\n\t<meta name=\"twitter:label2\" content=\"Szacowany czas czytania\" \/>\n\t<meta name=\"twitter:data2\" content=\"3 minuty\" \/>\n<script type=\"application\/ld+json\" class=\"yoast-schema-graph\">{\"@context\":\"https:\\\/\\\/schema.org\",\"@graph\":[{\"@type\":\"Article\",\"@id\":\"https:\\\/\\\/www.24gliwice.pl\\\/wiadomosci\\\/na-kapielisku-lesnym-zajda-duze-zmiany-kompleksowa-przebudowa-moze-rozpoczac-sie-juz-w-2026-roku\\\/#article\",\"isPartOf\":{\"@id\":\"https:\\\/\\\/www.24gliwice.pl\\\/wiadomosci\\\/na-kapielisku-lesnym-zajda-duze-zmiany-kompleksowa-przebudowa-moze-rozpoczac-sie-juz-w-2026-roku\\\/\"},\"author\":{\"name\":\"\u017baneta Mrozek-Siewierska\",\"@id\":\"https:\\\/\\\/www.24gliwice.pl\\\/wiadomosci\\\/#\\\/schema\\\/person\\\/e42c650edd7f2fa332be3811fb166b6e\"},\"headline\":\"Na K\u0105pielisku Le\u015bnym zajd\u0105 du\u017ce zmiany. Kompleksowa przebudowa mo\u017ce rozpocz\u0105\u0107 si\u0119 ju\u017c w 2026 roku\",\"datePublished\":\"2025-07-30T03:57:46+00:00\",\"mainEntityOfPage\":{\"@id\":\"https:\\\/\\\/www.24gliwice.pl\\\/wiadomosci\\\/na-kapielisku-lesnym-zajda-duze-zmiany-kompleksowa-przebudowa-moze-rozpoczac-sie-juz-w-2026-roku\\\/\"},\"wordCount\":532,\"commentCount\":23,\"publisher\":{\"@id\":\"https:\\\/\\\/www.24gliwice.pl\\\/wiadomosci\\\/#organization\"},\"image\":{\"@id\":\"https:\\\/\\\/www.24gliwice.pl\\\/wiadomosci\\\/na-kapielisku-lesnym-zajda-duze-zmiany-kompleksowa-przebudowa-moze-rozpoczac-sie-juz-w-2026-roku\\\/#primaryimage\"},\"thumbnailUrl\":\"https:\\\/\\\/www.24gliwice.pl\\\/wiadomosci\\\/wp-content\\\/uploads\\\/2020\\\/08\\\/kapielisko-basen-dzieci-2.jpg\",\"keywords\":[\"k\u0105pielisko\",\"PRZEBUDOWA\"],\"articleSection\":[\"Gliwice\",\"Najnowsze wiadomo\u015bci\",\"Portal Gliwice - Wiadomo\u015bci lokalne\"],\"inLanguage\":\"pl-PL\",\"potentialAction\":[{\"@type\":\"CommentAction\",\"name\":\"Comment\",\"target\":[\"https:\\\/\\\/www.24gliwice.pl\\\/wiadomosci\\\/na-kapielisku-lesnym-zajda-duze-zmiany-kompleksowa-przebudowa-moze-rozpoczac-sie-juz-w-2026-roku\\\/#respond\"]}]},{\"@type\":\"WebPage\",\"@id\":\"https:\\\/\\\/www.24gliwice.pl\\\/wiadomosci\\\/na-kapielisku-lesnym-zajda-duze-zmiany-kompleksowa-przebudowa-moze-rozpoczac-sie-juz-w-2026-roku\\\/\",\"url\":\"https:\\\/\\\/www.24gliwice.pl\\\/wiadomosci\\\/na-kapielisku-lesnym-zajda-duze-zmiany-kompleksowa-przebudowa-moze-rozpoczac-sie-juz-w-2026-roku\\\/\",\"name\":\"Na K\u0105pielisku Le\u015bnym zajd\u0105 du\u017ce zmiany. Kompleksowa przebudowa mo\u017ce rozpocz\u0105\u0107 si\u0119 ju\u017c w 2026 roku - 24GLIWICE - Portal Gliwice | codziennie nowe informacje\",\"isPartOf\":{\"@id\":\"https:\\\/\\\/www.24gliwice.pl\\\/wiadomosci\\\/#website\"},\"primaryImageOfPage\":{\"@id\":\"https:\\\/\\\/www.24gliwice.pl\\\/wiadomosci\\\/na-kapielisku-lesnym-zajda-duze-zmiany-kompleksowa-przebudowa-moze-rozpoczac-sie-juz-w-2026-roku\\\/#primaryimage\"},\"image\":{\"@id\":\"https:\\\/\\\/www.24gliwice.pl\\\/wiadomosci\\\/na-kapielisku-lesnym-zajda-duze-zmiany-kompleksowa-przebudowa-moze-rozpoczac-sie-juz-w-2026-roku\\\/#primaryimage\"},\"thumbnailUrl\":\"https:\\\/\\\/www.24gliwice.pl\\\/wiadomosci\\\/wp-content\\\/uploads\\\/2020\\\/08\\\/kapielisko-basen-dzieci-2.jpg\",\"datePublished\":\"2025-07-30T03:57:46+00:00\",\"description\":\"Wy\u0142oniono wykonawc\u0119 projektu kompleksowej przebudowy K\u0105pieliska Le\u015bnego w Gliwicach. Dokumentacja ma by\u0107 gotowa za 15 miesi\u0119cy\",\"breadcrumb\":{\"@id\":\"https:\\\/\\\/www.24gliwice.pl\\\/wiadomosci\\\/na-kapielisku-lesnym-zajda-duze-zmiany-kompleksowa-przebudowa-moze-rozpoczac-sie-juz-w-2026-roku\\\/#breadcrumb\"},\"inLanguage\":\"pl-PL\",\"potentialAction\":[{\"@type\":\"ReadAction\",\"target\":[\"https:\\\/\\\/www.24gliwice.pl\\\/wiadomosci\\\/na-kapielisku-lesnym-zajda-duze-zmiany-kompleksowa-przebudowa-moze-rozpoczac-sie-juz-w-2026-roku\\\/\"]}]},{\"@type\":\"ImageObject\",\"inLanguage\":\"pl-PL\",\"@id\":\"https:\\\/\\\/www.24gliwice.pl\\\/wiadomosci\\\/na-kapielisku-lesnym-zajda-duze-zmiany-kompleksowa-przebudowa-moze-rozpoczac-sie-juz-w-2026-roku\\\/#primaryimage\",\"url\":\"https:\\\/\\\/www.24gliwice.pl\\\/wiadomosci\\\/wp-content\\\/uploads\\\/2020\\\/08\\\/kapielisko-basen-dzieci-2.jpg\",\"contentUrl\":\"https:\\\/\\\/www.24gliwice.pl\\\/wiadomosci\\\/wp-content\\\/uploads\\\/2020\\\/08\\\/kapielisko-basen-dzieci-2.jpg\",\"width\":810,\"height\":456},{\"@type\":\"BreadcrumbList\",\"@id\":\"https:\\\/\\\/www.24gliwice.pl\\\/wiadomosci\\\/na-kapielisku-lesnym-zajda-duze-zmiany-kompleksowa-przebudowa-moze-rozpoczac-sie-juz-w-2026-roku\\\/#breadcrumb\",\"itemListElement\":[{\"@type\":\"ListItem\",\"position\":1,\"name\":\"Strona g\u0142\u00f3wna\",\"item\":\"https:\\\/\\\/www.24gliwice.pl\\\/wiadomosci\\\/\"},{\"@type\":\"ListItem\",\"position\":2,\"name\":\"Na K\u0105pielisku Le\u015bnym zajd\u0105 du\u017ce zmiany. Kompleksowa przebudowa mo\u017ce rozpocz\u0105\u0107 si\u0119 ju\u017c w 2026 roku\"}]},{\"@type\":\"WebSite\",\"@id\":\"https:\\\/\\\/www.24gliwice.pl\\\/wiadomosci\\\/#website\",\"url\":\"https:\\\/\\\/www.24gliwice.pl\\\/wiadomosci\\\/\",\"name\":\"24GLIWICE - Portal Gliwice | codziennie nowe wiadomo\u015bci\",\"description\":\"Portal Miejski Gliwice\",\"publisher\":{\"@id\":\"https:\\\/\\\/www.24gliwice.pl\\\/wiadomosci\\\/#organization\"},\"potentialAction\":[{\"@type\":\"SearchAction\",\"target\":{\"@type\":\"EntryPoint\",\"urlTemplate\":\"https:\\\/\\\/www.24gliwice.pl\\\/wiadomosci\\\/?s={search_term_string}\"},\"query-input\":{\"@type\":\"PropertyValueSpecification\",\"valueRequired\":true,\"valueName\":\"search_term_string\"}}],\"inLanguage\":\"pl-PL\"},{\"@type\":\"Organization\",\"@id\":\"https:\\\/\\\/www.24gliwice.pl\\\/wiadomosci\\\/#organization\",\"name\":\"24gliwice\",\"url\":\"https:\\\/\\\/www.24gliwice.pl\\\/wiadomosci\\\/\",\"logo\":{\"@type\":\"ImageObject\",\"inLanguage\":\"pl-PL\",\"@id\":\"https:\\\/\\\/www.24gliwice.pl\\\/wiadomosci\\\/#\\\/schema\\\/logo\\\/image\\\/\",\"url\":\"https:\\\/\\\/www.24gliwice.pl\\\/wiadomosci\\\/wp-content\\\/uploads\\\/2024\\\/10\\\/24gliwice-logo-696.jpg\",\"contentUrl\":\"https:\\\/\\\/www.24gliwice.pl\\\/wiadomosci\\\/wp-content\\\/uploads\\\/2024\\\/10\\\/24gliwice-logo-696.jpg\",\"width\":696,\"height\":696,\"caption\":\"24gliwice\"},\"image\":{\"@id\":\"https:\\\/\\\/www.24gliwice.pl\\\/wiadomosci\\\/#\\\/schema\\\/logo\\\/image\\\/\"},\"sameAs\":[\"https:\\\/\\\/www.facebook.com\\\/24gliwice\",\"https:\\\/\\\/x.com\\\/24gliwice\",\"https:\\\/\\\/www.youtube.com\\\/@24gliwice\"]},{\"@type\":\"Person\",\"@id\":\"https:\\\/\\\/www.24gliwice.pl\\\/wiadomosci\\\/#\\\/schema\\\/person\\\/e42c650edd7f2fa332be3811fb166b6e\",\"name\":\"\u017baneta Mrozek-Siewierska\",\"image\":{\"@type\":\"ImageObject\",\"inLanguage\":\"pl-PL\",\"@id\":\"https:\\\/\\\/secure.gravatar.com\\\/avatar\\\/1881429e9c64597c77ad7aef2d0a19be69a3253e57534d16aa15bf3a4d34a0a3?s=96&d=mm&r=g\",\"url\":\"https:\\\/\\\/secure.gravatar.com\\\/avatar\\\/1881429e9c64597c77ad7aef2d0a19be69a3253e57534d16aa15bf3a4d34a0a3?s=96&d=mm&r=g\",\"contentUrl\":\"https:\\\/\\\/secure.gravatar.com\\\/avatar\\\/1881429e9c64597c77ad7aef2d0a19be69a3253e57534d16aa15bf3a4d34a0a3?s=96&d=mm&r=g\",\"caption\":\"\u017baneta Mrozek-Siewierska\"},\"url\":\"https:\\\/\\\/www.24gliwice.pl\\\/wiadomosci\\\/author\\\/zms\\\/\"}]}<\/script>\n<!-- \/ Yoast SEO plugin. -->","yoast_head_json":{"title":"Na K\u0105pielisku Le\u015bnym zajd\u0105 du\u017ce zmiany. Kompleksowa przebudowa mo\u017ce rozpocz\u0105\u0107 si\u0119 ju\u017c w 2026 roku - 24GLIWICE - Portal Gliwice | codziennie nowe informacje","description":"Wy\u0142oniono wykonawc\u0119 projektu kompleksowej przebudowy K\u0105pieliska Le\u015bnego w Gliwicach. Dokumentacja ma by\u0107 gotowa za 15 miesi\u0119cy","robots":{"index":"index","follow":"follow","max-snippet":"max-snippet:-1","max-image-preview":"max-image-preview:large","max-video-preview":"max-video-preview:-1"},"canonical":"https:\/\/www.24gliwice.pl\/wiadomosci\/na-kapielisku-lesnym-zajda-duze-zmiany-kompleksowa-przebudowa-moze-rozpoczac-sie-juz-w-2026-roku\/","og_locale":"pl_PL","og_type":"article","og_title":"Na K\u0105pielisku Le\u015bnym zajd\u0105 du\u017ce zmiany. Kompleksowa przebudowa mo\u017ce rozpocz\u0105\u0107 si\u0119 ju\u017c w 2026 roku - 24GLIWICE - Portal Gliwice | codziennie nowe informacje","og_description":"Wy\u0142oniono wykonawc\u0119 projektu kompleksowej przebudowy K\u0105pieliska Le\u015bnego w Gliwicach. Dokumentacja ma by\u0107 gotowa za 15 miesi\u0119cy","og_url":"https:\/\/www.24gliwice.pl\/wiadomosci\/na-kapielisku-lesnym-zajda-duze-zmiany-kompleksowa-przebudowa-moze-rozpoczac-sie-juz-w-2026-roku\/","og_site_name":"24GLIWICE - Portal Gliwice | codziennie nowe informacje","article_publisher":"https:\/\/www.facebook.com\/24gliwice","article_published_time":"2025-07-30T03:57:46+00:00","og_image":[{"width":810,"height":456,"url":"https:\/\/www.24gliwice.pl\/wiadomosci\/wp-content\/uploads\/2020\/08\/kapielisko-basen-dzieci-2.jpg","type":"image\/jpeg"}],"author":"\u017baneta Mrozek-Siewierska","twitter_card":"summary_large_image","twitter_creator":"@24gliwice","twitter_site":"@24gliwice","twitter_misc":{"Napisane przez":"\u017baneta Mrozek-Siewierska","Szacowany czas czytania":"3 minuty"},"schema":{"@context":"https:\/\/schema.org","@graph":[{"@type":"Article","@id":"https:\/\/www.24gliwice.pl\/wiadomosci\/na-kapielisku-lesnym-zajda-duze-zmiany-kompleksowa-przebudowa-moze-rozpoczac-sie-juz-w-2026-roku\/#article","isPartOf":{"@id":"https:\/\/www.24gliwice.pl\/wiadomosci\/na-kapielisku-lesnym-zajda-duze-zmiany-kompleksowa-przebudowa-moze-rozpoczac-sie-juz-w-2026-roku\/"},"author":{"name":"\u017baneta Mrozek-Siewierska","@id":"https:\/\/www.24gliwice.pl\/wiadomosci\/#\/schema\/person\/e42c650edd7f2fa332be3811fb166b6e"},"headline":"Na K\u0105pielisku Le\u015bnym zajd\u0105 du\u017ce zmiany. Kompleksowa przebudowa mo\u017ce rozpocz\u0105\u0107 si\u0119 ju\u017c w 2026 roku","datePublished":"2025-07-30T03:57:46+00:00","mainEntityOfPage":{"@id":"https:\/\/www.24gliwice.pl\/wiadomosci\/na-kapielisku-lesnym-zajda-duze-zmiany-kompleksowa-przebudowa-moze-rozpoczac-sie-juz-w-2026-roku\/"},"wordCount":532,"commentCount":23,"publisher":{"@id":"https:\/\/www.24gliwice.pl\/wiadomosci\/#organization"},"image":{"@id":"https:\/\/www.24gliwice.pl\/wiadomosci\/na-kapielisku-lesnym-zajda-duze-zmiany-kompleksowa-przebudowa-moze-rozpoczac-sie-juz-w-2026-roku\/#primaryimage"},"thumbnailUrl":"https:\/\/www.24gliwice.pl\/wiadomosci\/wp-content\/uploads\/2020\/08\/kapielisko-basen-dzieci-2.jpg","keywords":["k\u0105pielisko","PRZEBUDOWA"],"articleSection":["Gliwice","Najnowsze wiadomo\u015bci","Portal Gliwice - Wiadomo\u015bci lokalne"],"inLanguage":"pl-PL","potentialAction":[{"@type":"CommentAction","name":"Comment","target":["https:\/\/www.24gliwice.pl\/wiadomosci\/na-kapielisku-lesnym-zajda-duze-zmiany-kompleksowa-przebudowa-moze-rozpoczac-sie-juz-w-2026-roku\/#respond"]}]},{"@type":"WebPage","@id":"https:\/\/www.24gliwice.pl\/wiadomosci\/na-kapielisku-lesnym-zajda-duze-zmiany-kompleksowa-przebudowa-moze-rozpoczac-sie-juz-w-2026-roku\/","url":"https:\/\/www.24gliwice.pl\/wiadomosci\/na-kapielisku-lesnym-zajda-duze-zmiany-kompleksowa-przebudowa-moze-rozpoczac-sie-juz-w-2026-roku\/","name":"Na K\u0105pielisku Le\u015bnym zajd\u0105 du\u017ce zmiany. Kompleksowa przebudowa mo\u017ce rozpocz\u0105\u0107 si\u0119 ju\u017c w 2026 roku - 24GLIWICE - Portal Gliwice | codziennie nowe informacje","isPartOf":{"@id":"https:\/\/www.24gliwice.pl\/wiadomosci\/#website"},"primaryImageOfPage":{"@id":"https:\/\/www.24gliwice.pl\/wiadomosci\/na-kapielisku-lesnym-zajda-duze-zmiany-kompleksowa-przebudowa-moze-rozpoczac-sie-juz-w-2026-roku\/#primaryimage"},"image":{"@id":"https:\/\/www.24gliwice.pl\/wiadomosci\/na-kapielisku-lesnym-zajda-duze-zmiany-kompleksowa-przebudowa-moze-rozpoczac-sie-juz-w-2026-roku\/#primaryimage"},"thumbnailUrl":"https:\/\/www.24gliwice.pl\/wiadomosci\/wp-content\/uploads\/2020\/08\/kapielisko-basen-dzieci-2.jpg","datePublished":"2025-07-30T03:57:46+00:00","description":"Wy\u0142oniono wykonawc\u0119 projektu kompleksowej przebudowy K\u0105pieliska Le\u015bnego w Gliwicach. Dokumentacja ma by\u0107 gotowa za 15 miesi\u0119cy","breadcrumb":{"@id":"https:\/\/www.24gliwice.pl\/wiadomosci\/na-kapielisku-lesnym-zajda-duze-zmiany-kompleksowa-przebudowa-moze-rozpoczac-sie-juz-w-2026-roku\/#breadcrumb"},"inLanguage":"pl-PL","potentialAction":[{"@type":"ReadAction","target":["https:\/\/www.24gliwice.pl\/wiadomosci\/na-kapielisku-lesnym-zajda-duze-zmiany-kompleksowa-przebudowa-moze-rozpoczac-sie-juz-w-2026-roku\/"]}]},{"@type":"ImageObject","inLanguage":"pl-PL","@id":"https:\/\/www.24gliwice.pl\/wiadomosci\/na-kapielisku-lesnym-zajda-duze-zmiany-kompleksowa-przebudowa-moze-rozpoczac-sie-juz-w-2026-roku\/#primaryimage","url":"https:\/\/www.24gliwice.pl\/wiadomosci\/wp-content\/uploads\/2020\/08\/kapielisko-basen-dzieci-2.jpg","contentUrl":"https:\/\/www.24gliwice.pl\/wiadomosci\/wp-content\/uploads\/2020\/08\/kapielisko-basen-dzieci-2.jpg","width":810,"height":456},{"@type":"BreadcrumbList","@id":"https:\/\/www.24gliwice.pl\/wiadomosci\/na-kapielisku-lesnym-zajda-duze-zmiany-kompleksowa-przebudowa-moze-rozpoczac-sie-juz-w-2026-roku\/#breadcrumb","itemListElement":[{"@type":"ListItem","position":1,"name":"Strona g\u0142\u00f3wna","item":"https:\/\/www.24gliwice.pl\/wiadomosci\/"},{"@type":"ListItem","position":2,"name":"Na K\u0105pielisku Le\u015bnym zajd\u0105 du\u017ce zmiany. Kompleksowa przebudowa mo\u017ce rozpocz\u0105\u0107 si\u0119 ju\u017c w 2026 roku"}]},{"@type":"WebSite","@id":"https:\/\/www.24gliwice.pl\/wiadomosci\/#website","url":"https:\/\/www.24gliwice.pl\/wiadomosci\/","name":"24GLIWICE - Portal Gliwice | codziennie nowe wiadomo\u015bci","description":"Portal Miejski Gliwice","publisher":{"@id":"https:\/\/www.24gliwice.pl\/wiadomosci\/#organization"},"potentialAction":[{"@type":"SearchAction","target":{"@type":"EntryPoint","urlTemplate":"https:\/\/www.24gliwice.pl\/wiadomosci\/?s={search_term_string}"},"query-input":{"@type":"PropertyValueSpecification","valueRequired":true,"valueName":"search_term_string"}}],"inLanguage":"pl-PL"},{"@type":"Organization","@id":"https:\/\/www.24gliwice.pl\/wiadomosci\/#organization","name":"24gliwice","url":"https:\/\/www.24gliwice.pl\/wiadomosci\/","logo":{"@type":"ImageObject","inLanguage":"pl-PL","@id":"https:\/\/www.24gliwice.pl\/wiadomosci\/#\/schema\/logo\/image\/","url":"https:\/\/www.24gliwice.pl\/wiadomosci\/wp-content\/uploads\/2024\/10\/24gliwice-logo-696.jpg","contentUrl":"https:\/\/www.24gliwice.pl\/wiadomosci\/wp-content\/uploads\/2024\/10\/24gliwice-logo-696.jpg","width":696,"height":696,"caption":"24gliwice"},"image":{"@id":"https:\/\/www.24gliwice.pl\/wiadomosci\/#\/schema\/logo\/image\/"},"sameAs":["https:\/\/www.facebook.com\/24gliwice","https:\/\/x.com\/24gliwice","https:\/\/www.youtube.com\/@24gliwice"]},{"@type":"Person","@id":"https:\/\/www.24gliwice.pl\/wiadomosci\/#\/schema\/person\/e42c650edd7f2fa332be3811fb166b6e","name":"\u017baneta Mrozek-Siewierska","image":{"@type":"ImageObject","inLanguage":"pl-PL","@id":"https:\/\/secure.gravatar.com\/avatar\/1881429e9c64597c77ad7aef2d0a19be69a3253e57534d16aa15bf3a4d34a0a3?s=96&d=mm&r=g","url":"https:\/\/secure.gravatar.com\/avatar\/1881429e9c64597c77ad7aef2d0a19be69a3253e57534d16aa15bf3a4d34a0a3?s=96&d=mm&r=g","contentUrl":"https:\/\/secure.gravatar.com\/avatar\/1881429e9c64597c77ad7aef2d0a19be69a3253e57534d16aa15bf3a4d34a0a3?s=96&d=mm&r=g","caption":"\u017baneta Mrozek-Siewierska"},"url":"https:\/\/www.24gliwice.pl\/wiadomosci\/author\/zms\/"}]}},"_links":{"self":[{"href":"https:\/\/www.24gliwice.pl\/wiadomosci\/wp-json\/wp\/v2\/posts\/257617","targetHints":{"allow":["GET"]}}],"collection":[{"href":"https:\/\/www.24gliwice.pl\/wiadomosci\/wp-json\/wp\/v2\/posts"}],"about":[{"href":"https:\/\/www.24gliwice.pl\/wiadomosci\/wp-json\/wp\/v2\/types\/post"}],"author":[{"embeddable":true,"href":"https:\/\/www.24gliwice.pl\/wiadomosci\/wp-json\/wp\/v2\/users\/15"}],"replies":[{"embeddable":true,"href":"https:\/\/www.24gliwice.pl\/wiadomosci\/wp-json\/wp\/v2\/comments?post=257617"}],"version-history":[{"count":0,"href":"https:\/\/www.24gliwice.pl\/wiadomosci\/wp-json\/wp\/v2\/posts\/257617\/revisions"}],"wp:featuredmedia":[{"embeddable":true,"href":"https:\/\/www.24gliwice.pl\/wiadomosci\/wp-json\/wp\/v2\/media\/156429"}],"wp:attachment":[{"href":"https:\/\/www.24gliwice.pl\/wiadomosci\/wp-json\/wp\/v2\/media?parent=257617"}],"wp:term":[{"taxonomy":"category","embeddable":true,"href":"https:\/\/www.24gliwice.pl\/wiadomosci\/wp-json\/wp\/v2\/categories?post=257617"},{"taxonomy":"post_tag","embeddable":true,"href":"https:\/\/www.24gliwice.pl\/wiadomosci\/wp-json\/wp\/v2\/tags?post=257617"}],"curies":[{"name":"wp","href":"https:\/\/api.w.org\/{rel}","templated":true}]}}