{"id":257626,"date":"2025-07-29T15:03:38","date_gmt":"2025-07-29T13:03:38","guid":{"rendered":"https:\/\/www.24gliwice.pl\/wiadomosci\/?p=257626"},"modified":"2025-07-29T15:03:38","modified_gmt":"2025-07-29T13:03:38","slug":"prawie-3-tys-kilometrow-w-30-dni-gliwiczanin-chce-okrazyc-polske-bijac-rekord-guinessa-cel-jest-szczytny","status":"publish","type":"post","link":"https:\/\/www.24gliwice.pl\/wiadomosci\/prawie-3-tys-kilometrow-w-30-dni-gliwiczanin-chce-okrazyc-polske-bijac-rekord-guinessa-cel-jest-szczytny\/","title":{"rendered":"Prawie 3 tys. kilometr\u00f3w w 30 dni. Gliwiczanin chce okr\u0105\u017cy\u0107 Polsk\u0119 bij\u0105c rekord Guinessa, cel jest szczytny"},"content":{"rendered":"<div class=\"gliwi-a6-nad-leadem-artykulow gliwi-entity-placement\" id=\"gliwi-3416743561\"><div class=\"gliwi-adlabel\"><span style=\"font-size: 9px\">REKLAMA<\/span><\/div><div id=\"gliwi-3080290901\" style=\"margin-bottom: 25px;margin-left: auto;margin-right: auto;text-align: center;\"><a data-no-instant=\"1\" href=\"https:\/\/dom100.eu\/\" rel=\"noopener\" class=\"a2t-link\" target=\"_blank\" aria-label=\"20260415 DOM100 D\"><img loading=\"lazy\" decoding=\"async\" src=\"https:\/\/www.24gliwice.pl\/wiadomosci\/wp-content\/uploads\/2026\/04\/20260415-DOM100-D.jpg\" alt=\"\"  srcset=\"https:\/\/www.24gliwice.pl\/wiadomosci\/wp-content\/uploads\/2026\/04\/20260415-DOM100-D.jpg 750w, https:\/\/www.24gliwice.pl\/wiadomosci\/wp-content\/uploads\/2026\/04\/20260415-DOM100-D-410x109.jpg 410w\" sizes=\"(max-width: 750px) 100vw, 750px\" class=\"no-lazyload\" width=\"750\" height=\"200\"  style=\"display: inline-block; max-width: 100%; height: auto;\" \/><\/a><\/div><\/div><h2>Gliwiczanin zamierza pobi\u0107 \u015bwiatowy rekord Guinessa pokonuj\u0105c tras\u0119 dooko\u0142a Polski korzystaj\u0105c z nartorolek terenowych. Celem wyprawy Karola Simona jest tak\u017ce zebranie \u015brodk\u00f3w na leczenie Wiktora \u2013 podopiecznego Fundacji Dzieciom \u201eZd\u0105\u017cy\u0107 z Pomoc\u0105\u201d. We wtorek, 29 lipca, przypada 10. z 30 dni trasy.<\/h2>\n<p><!--more--><\/p>\n<p>Aktualny rekord Guinessa nale\u017c\u0105cy do Francuza <strong>Gerarda Proteau,<\/strong> kt\u00f3ry w 2014 roku pokona\u0142 na nartorolkach dystans 2783 km. <\/p>\n<h4>Wyprawa w szczytnym celu<\/h4>\n<p>W ramach wyzwania Karol, kt\u00f3ry w niedziel\u0119, 20 lipca, wyruszy\u0142 z gliwickiego Rynku zamierza samotnie \u2013 z niezb\u0119dnym ekwipunkiem \u2013 pokona\u0107 dystans przesz\u0142o 2,8 tys. km, w przerwach nocuj\u0105c g\u0142\u00f3wnie w terenie, np. w lasach. Cel tej wyprawy jest szczytny.<\/p><div class=\"gliwi-a3-w-tresci-artykulow gliwi-entity-placement\" id=\"gliwi-3914663557\"><div class=\"gliwi-adlabel\"><span style=\"font-size: 9px\">REKLAMA<\/span><\/div><div id=\"gliwi-1396257147\" style=\"margin-bottom: 30px;margin-left: auto;margin-right: auto;text-align: center;\"><a data-no-instant=\"1\" href=\"https:\/\/ogrodyandersa.pl\/\" rel=\"noopener\" class=\"a2t-link\" target=\"_blank\" aria-label=\"20260415 Ogrody Andersa KUP TERAZ D\"><img loading=\"lazy\" decoding=\"async\" src=\"https:\/\/www.24gliwice.pl\/wiadomosci\/wp-content\/uploads\/2026\/04\/20260415-Ogrody-Andersa-KUP-TERAZ-D.jpg\" alt=\"\"  srcset=\"https:\/\/www.24gliwice.pl\/wiadomosci\/wp-content\/uploads\/2026\/04\/20260415-Ogrody-Andersa-KUP-TERAZ-D.jpg 750w, https:\/\/www.24gliwice.pl\/wiadomosci\/wp-content\/uploads\/2026\/04\/20260415-Ogrody-Andersa-KUP-TERAZ-D-410x109.jpg 410w\" sizes=\"(max-width: 750px) 100vw, 750px\" class=\"no-lazyload\" width=\"750\" height=\"200\"  style=\"display: inline-block; max-width: 100%; height: auto;\" \/><\/a><\/div><\/div>\n<p><a href=\"https:\/\/www.24gliwice.pl\/wiadomosci\/wp-content\/uploads\/2025\/07\/karol-simon2.jpg\"><img loading=\"lazy\" decoding=\"async\" src=\"https:\/\/www.24gliwice.pl\/wiadomosci\/wp-content\/uploads\/2025\/07\/karol-simon2.jpg\" alt=\"\" width=\"810\" height=\"562\" class=\"alignnone size-full wp-image-257628\" srcset=\"https:\/\/www.24gliwice.pl\/wiadomosci\/wp-content\/uploads\/2025\/07\/karol-simon2.jpg 810w, https:\/\/www.24gliwice.pl\/wiadomosci\/wp-content\/uploads\/2025\/07\/karol-simon2-334x232.jpg 334w, https:\/\/www.24gliwice.pl\/wiadomosci\/wp-content\/uploads\/2025\/07\/karol-simon2-656x455.jpg 656w, https:\/\/www.24gliwice.pl\/wiadomosci\/wp-content\/uploads\/2025\/07\/karol-simon2-768x533.jpg 768w, https:\/\/www.24gliwice.pl\/wiadomosci\/wp-content\/uploads\/2025\/07\/karol-simon2-145x100.jpg 145w\" sizes=\"auto, (max-width: 810px) 100vw, 810px\" \/><\/a><\/p>\n<p>\u2013 <em>Chc\u0119 pom\u00f3c Wiktorowi \u2013 dzielnemu ch\u0142opcu z Gliwic, kt\u00f3ry od urodzenia walczy o zdrowie i sprawno\u015b\u0107. Wiktor zmaga si\u0119 z wad\u0105 wrodzon\u0105 o\u015brodkowego uk\u0142adu nerwowego (OUN), wad\u0105 uk\u0142adu moczowego oraz autyzmem. To z\u0142o\u017cone schorzenia, kt\u00f3re wymagaj\u0105 ci\u0105g\u0142ej, specjalistycznej terapii. Niestety \u2013 rehabilitacja, kt\u00f3r\u0105 trzeba prowadzi\u0107 regularnie i systematycznie, przekracza mo\u017cliwo\u015bci finansowe jego rodziny<\/em> \u2013 t\u0142umaczy <strong>Karol Simon.<\/strong><\/p>\n<h4>Wiktor to podopieczny Fundacji Dzieciom \u201eZd\u0105\u017cy\u0107 z Pomoc\u0105\u201d. Obecnie najwa\u017cniejsza jest dla niego terapia metod\u0105 Vojty, kt\u00f3ra pomog\u0142a mu stan\u0105\u0107 na nogi i postawi\u0107 pierwsze kroki.<\/h4>\n<p>Umo\u017cliwia ona ch\u0142opcu dalszy rozw\u00f3j \u2013 poprawia jego koordynacj\u0119, napi\u0119cie mi\u0119\u015bniowe, a nawet mow\u0119. Ka\u017cda przerwa w terapii oznacza krok w ty\u0142. Rodzina Wiktora robi, co mo\u017ce, aby zapewni\u0107 mu jak najlepsz\u0105 opiek\u0119. Jednak same zaj\u0119cia prywatne (hipoterapia, logopeda, integracja sensoryczna, trening spo\u0142eczny czy przedszkole specjalne) to koszt nawet 20 tys. z\u0142 rocznie, co przekracza jej mo\u017cliwo\u015bci finansowe. W tej sytuacji ka\u017cda z\u0142ot\u00f3wka wsparcia ma ogromne znaczenie. Wi\u0119cej na temat Wiktora przeczytacie na stronie <a href=\"https:\/\/dzieciom.pl\/podopieczni\/32667\" target=\"_blank\">fundacji<\/a> oraz na<a href=\"https:\/\/www.facebook.com\/PTYSIOstory\/\" target=\"_blank\"> Facebooku. <\/a><br \/>\n\u2013 <em>Ja dam z siebie wszystko na trasie \u2013 Ty mo\u017cesz dorzuci\u0107 swoj\u0105 cegie\u0142k\u0119 do jego terapii. Ka\u017cdy kilometr tej wyprawy b\u0119dzie dedykowany Wiktorowi \u2013 a Twoje wsparcie zamieni si\u0119 w realn\u0105 pomoc<\/em> \u2013 zach\u0119ca Karol, kt\u00f3ry w poniedzia\u0142ek dojecha\u0142 do Poznania.<\/p>\n<p>Relacje z poszczeg\u00f3lnych etap\u00f3w jego podr\u00f3\u017cy mo\u017cna \u015bledzi\u0107 na <a href=\"https:\/\/www.instagram.com\/karol__simon?igsh=MXV0aHNnMW53a3R2eg%3D%3D\" target=\"_blank\">Instagramie<\/a> oraz<a href=\"https:\/\/www.facebook.com\/edo283?rdid=rJYRrgMcwpQsbfLA&amp;share_url=https%3A%2F%2Fwww.facebook.com%2Fshare%2F1C4kecaEbd%2F#\" target=\"_blank\"> Facebooku. <\/a>Tam te\u017c znajduj\u0105 si\u0119 informacje dotycz\u0105ce trwaj\u0105cej zbi\u00f3rki. <\/p>\n<p>(\u017cms)\/UM Gliwice(ml)<br \/>\nfot. mat. prywatne<\/p>\n<div class=\"gliwi-a5-na-koncu-artykulow gliwi-entity-placement\" id=\"gliwi-1094581578\"><div class=\"gliwi-adlabel\"><span style=\"font-size: 9px\">REKLAMA<\/span><\/div><div id=\"gliwi-4168836913\" style=\"margin-left: auto;margin-right: auto;text-align: center;\"><a data-no-instant=\"1\" href=\"https:\/\/prezeroarenagliwice.pl\/\" rel=\"noopener\" class=\"a2t-link\" target=\"_blank\" aria-label=\"20260309-PREZERO-WIOSNA-D\"><img loading=\"lazy\" decoding=\"async\" src=\"https:\/\/www.24gliwice.pl\/wiadomosci\/wp-content\/uploads\/2026\/03\/20260309-PREZERO-WIOSNA-D.webp\" alt=\"\"  srcset=\"https:\/\/www.24gliwice.pl\/wiadomosci\/wp-content\/uploads\/2026\/03\/20260309-PREZERO-WIOSNA-D.webp 750w, https:\/\/www.24gliwice.pl\/wiadomosci\/wp-content\/uploads\/2026\/03\/20260309-PREZERO-WIOSNA-D-410x109.webp 410w\" sizes=\"(max-width: 750px) 100vw, 750px\" class=\"no-lazyload\" width=\"750\" height=\"200\"  style=\"display: inline-block; max-width: 100%; height: auto;\" \/><\/a><\/div><\/div>","protected":false},"excerpt":{"rendered":"<p>Gliwiczanin zamierza pobi\u0107 \u015bwiatowy rekord Guinessa pokonuj\u0105c tras\u0119 dooko\u0142a Polski korzystaj\u0105c z nartorolek terenowych. Celem wyprawy Karola Simona jest tak\u017ce zebranie \u015brodk\u00f3w na leczenie Wiktora \u2013 podopiecznego Fundacji Dzieciom \u201eZd\u0105\u017cy\u0107 z Pomoc\u0105\u201d. We wtorek, 29 lipca, przypada 10. z 30 dni trasy.<\/p>\n","protected":false},"author":15,"featured_media":257627,"comment_status":"open","ping_status":"closed","sticky":false,"template":"","format":"standard","meta":{"_monsterinsights_skip_tracking":false,"_monsterinsights_sitenote_active":false,"_monsterinsights_sitenote_note":"","_monsterinsights_sitenote_category":0,"footnotes":"","_links_to":"","_links_to_target":""},"categories":[3,1],"tags":[24480,24481],"class_list":["post-257626","post","type-post","status-publish","format-standard","has-post-thumbnail","hentry","category-gliwice","category-wszystko","tag-karol-simon","tag-rekord"],"yoast_head":"<!-- This site is optimized with the Yoast SEO plugin v27.5 - https:\/\/yoast.com\/product\/yoast-seo-wordpress\/ -->\n<title>Prawie 3 tys. kilometr\u00f3w w 30 dni. Gliwiczanin chce okr\u0105\u017cy\u0107 Polsk\u0119 bij\u0105c rekord Guinessa, cel jest szczytny - 24GLIWICE - Portal Gliwice | codziennie nowe informacje<\/title>\n<meta name=\"description\" content=\"Gliwiczanin chce pobi\u0107 rekord Guinessa pokonuj\u0105c tras\u0119 niemal 3 tys. km na nartorolkach. Wyruszy\u0142 z gliwickiego Rynku 20 lipca\" \/>\n<meta name=\"robots\" content=\"index, follow, max-snippet:-1, max-image-preview:large, max-video-preview:-1\" \/>\n<link rel=\"canonical\" href=\"https:\/\/www.24gliwice.pl\/wiadomosci\/prawie-3-tys-kilometrow-w-30-dni-gliwiczanin-chce-okrazyc-polske-bijac-rekord-guinessa-cel-jest-szczytny\/\" \/>\n<meta property=\"og:locale\" content=\"pl_PL\" \/>\n<meta property=\"og:type\" content=\"article\" \/>\n<meta property=\"og:title\" content=\"Prawie 3 tys. kilometr\u00f3w w 30 dni. Gliwiczanin chce okr\u0105\u017cy\u0107 Polsk\u0119 bij\u0105c rekord Guinessa, cel jest szczytny - 24GLIWICE - Portal Gliwice | codziennie nowe informacje\" \/>\n<meta property=\"og:description\" content=\"Gliwiczanin chce pobi\u0107 rekord Guinessa pokonuj\u0105c tras\u0119 niemal 3 tys. km na nartorolkach. Wyruszy\u0142 z gliwickiego Rynku 20 lipca\" \/>\n<meta property=\"og:url\" content=\"https:\/\/www.24gliwice.pl\/wiadomosci\/prawie-3-tys-kilometrow-w-30-dni-gliwiczanin-chce-okrazyc-polske-bijac-rekord-guinessa-cel-jest-szczytny\/\" \/>\n<meta property=\"og:site_name\" content=\"24GLIWICE - Portal Gliwice | codziennie nowe informacje\" \/>\n<meta property=\"article:publisher\" content=\"https:\/\/www.facebook.com\/24gliwice\" \/>\n<meta property=\"article:published_time\" content=\"2025-07-29T13:03:38+00:00\" \/>\n<meta property=\"og:image\" content=\"https:\/\/www.24gliwice.pl\/wiadomosci\/wp-content\/uploads\/2025\/07\/karol-simon.jpg\" \/>\n\t<meta property=\"og:image:width\" content=\"810\" \/>\n\t<meta property=\"og:image:height\" content=\"454\" \/>\n\t<meta property=\"og:image:type\" content=\"image\/jpeg\" \/>\n<meta name=\"author\" content=\"\u017baneta Mrozek-Siewierska\" \/>\n<meta name=\"twitter:card\" content=\"summary_large_image\" \/>\n<meta name=\"twitter:creator\" content=\"@24gliwice\" \/>\n<meta name=\"twitter:site\" content=\"@24gliwice\" \/>\n<meta name=\"twitter:label1\" content=\"Napisane przez\" \/>\n\t<meta name=\"twitter:data1\" content=\"\u017baneta Mrozek-Siewierska\" \/>\n\t<meta name=\"twitter:label2\" content=\"Szacowany czas czytania\" \/>\n\t<meta name=\"twitter:data2\" content=\"3 minuty\" \/>\n<script type=\"application\/ld+json\" class=\"yoast-schema-graph\">{\"@context\":\"https:\\\/\\\/schema.org\",\"@graph\":[{\"@type\":\"Article\",\"@id\":\"https:\\\/\\\/www.24gliwice.pl\\\/wiadomosci\\\/prawie-3-tys-kilometrow-w-30-dni-gliwiczanin-chce-okrazyc-polske-bijac-rekord-guinessa-cel-jest-szczytny\\\/#article\",\"isPartOf\":{\"@id\":\"https:\\\/\\\/www.24gliwice.pl\\\/wiadomosci\\\/prawie-3-tys-kilometrow-w-30-dni-gliwiczanin-chce-okrazyc-polske-bijac-rekord-guinessa-cel-jest-szczytny\\\/\"},\"author\":{\"name\":\"\u017baneta Mrozek-Siewierska\",\"@id\":\"https:\\\/\\\/www.24gliwice.pl\\\/wiadomosci\\\/#\\\/schema\\\/person\\\/e42c650edd7f2fa332be3811fb166b6e\"},\"headline\":\"Prawie 3 tys. kilometr\u00f3w w 30 dni. Gliwiczanin chce okr\u0105\u017cy\u0107 Polsk\u0119 bij\u0105c rekord Guinessa, cel jest szczytny\",\"datePublished\":\"2025-07-29T13:03:38+00:00\",\"mainEntityOfPage\":{\"@id\":\"https:\\\/\\\/www.24gliwice.pl\\\/wiadomosci\\\/prawie-3-tys-kilometrow-w-30-dni-gliwiczanin-chce-okrazyc-polske-bijac-rekord-guinessa-cel-jest-szczytny\\\/\"},\"wordCount\":394,\"commentCount\":3,\"publisher\":{\"@id\":\"https:\\\/\\\/www.24gliwice.pl\\\/wiadomosci\\\/#organization\"},\"image\":{\"@id\":\"https:\\\/\\\/www.24gliwice.pl\\\/wiadomosci\\\/prawie-3-tys-kilometrow-w-30-dni-gliwiczanin-chce-okrazyc-polske-bijac-rekord-guinessa-cel-jest-szczytny\\\/#primaryimage\"},\"thumbnailUrl\":\"https:\\\/\\\/www.24gliwice.pl\\\/wiadomosci\\\/wp-content\\\/uploads\\\/2025\\\/07\\\/karol-simon.jpg\",\"keywords\":[\"KAROL SIMON\",\"REKORD\"],\"articleSection\":[\"Gliwice\",\"Najnowsze wiadomo\u015bci\"],\"inLanguage\":\"pl-PL\",\"potentialAction\":[{\"@type\":\"CommentAction\",\"name\":\"Comment\",\"target\":[\"https:\\\/\\\/www.24gliwice.pl\\\/wiadomosci\\\/prawie-3-tys-kilometrow-w-30-dni-gliwiczanin-chce-okrazyc-polske-bijac-rekord-guinessa-cel-jest-szczytny\\\/#respond\"]}]},{\"@type\":\"WebPage\",\"@id\":\"https:\\\/\\\/www.24gliwice.pl\\\/wiadomosci\\\/prawie-3-tys-kilometrow-w-30-dni-gliwiczanin-chce-okrazyc-polske-bijac-rekord-guinessa-cel-jest-szczytny\\\/\",\"url\":\"https:\\\/\\\/www.24gliwice.pl\\\/wiadomosci\\\/prawie-3-tys-kilometrow-w-30-dni-gliwiczanin-chce-okrazyc-polske-bijac-rekord-guinessa-cel-jest-szczytny\\\/\",\"name\":\"Prawie 3 tys. kilometr\u00f3w w 30 dni. Gliwiczanin chce okr\u0105\u017cy\u0107 Polsk\u0119 bij\u0105c rekord Guinessa, cel jest szczytny - 24GLIWICE - Portal Gliwice | codziennie nowe informacje\",\"isPartOf\":{\"@id\":\"https:\\\/\\\/www.24gliwice.pl\\\/wiadomosci\\\/#website\"},\"primaryImageOfPage\":{\"@id\":\"https:\\\/\\\/www.24gliwice.pl\\\/wiadomosci\\\/prawie-3-tys-kilometrow-w-30-dni-gliwiczanin-chce-okrazyc-polske-bijac-rekord-guinessa-cel-jest-szczytny\\\/#primaryimage\"},\"image\":{\"@id\":\"https:\\\/\\\/www.24gliwice.pl\\\/wiadomosci\\\/prawie-3-tys-kilometrow-w-30-dni-gliwiczanin-chce-okrazyc-polske-bijac-rekord-guinessa-cel-jest-szczytny\\\/#primaryimage\"},\"thumbnailUrl\":\"https:\\\/\\\/www.24gliwice.pl\\\/wiadomosci\\\/wp-content\\\/uploads\\\/2025\\\/07\\\/karol-simon.jpg\",\"datePublished\":\"2025-07-29T13:03:38+00:00\",\"description\":\"Gliwiczanin chce pobi\u0107 rekord Guinessa pokonuj\u0105c tras\u0119 niemal 3 tys. km na nartorolkach. Wyruszy\u0142 z gliwickiego Rynku 20 lipca\",\"breadcrumb\":{\"@id\":\"https:\\\/\\\/www.24gliwice.pl\\\/wiadomosci\\\/prawie-3-tys-kilometrow-w-30-dni-gliwiczanin-chce-okrazyc-polske-bijac-rekord-guinessa-cel-jest-szczytny\\\/#breadcrumb\"},\"inLanguage\":\"pl-PL\",\"potentialAction\":[{\"@type\":\"ReadAction\",\"target\":[\"https:\\\/\\\/www.24gliwice.pl\\\/wiadomosci\\\/prawie-3-tys-kilometrow-w-30-dni-gliwiczanin-chce-okrazyc-polske-bijac-rekord-guinessa-cel-jest-szczytny\\\/\"]}]},{\"@type\":\"ImageObject\",\"inLanguage\":\"pl-PL\",\"@id\":\"https:\\\/\\\/www.24gliwice.pl\\\/wiadomosci\\\/prawie-3-tys-kilometrow-w-30-dni-gliwiczanin-chce-okrazyc-polske-bijac-rekord-guinessa-cel-jest-szczytny\\\/#primaryimage\",\"url\":\"https:\\\/\\\/www.24gliwice.pl\\\/wiadomosci\\\/wp-content\\\/uploads\\\/2025\\\/07\\\/karol-simon.jpg\",\"contentUrl\":\"https:\\\/\\\/www.24gliwice.pl\\\/wiadomosci\\\/wp-content\\\/uploads\\\/2025\\\/07\\\/karol-simon.jpg\",\"width\":810,\"height\":454},{\"@type\":\"BreadcrumbList\",\"@id\":\"https:\\\/\\\/www.24gliwice.pl\\\/wiadomosci\\\/prawie-3-tys-kilometrow-w-30-dni-gliwiczanin-chce-okrazyc-polske-bijac-rekord-guinessa-cel-jest-szczytny\\\/#breadcrumb\",\"itemListElement\":[{\"@type\":\"ListItem\",\"position\":1,\"name\":\"Strona g\u0142\u00f3wna\",\"item\":\"https:\\\/\\\/www.24gliwice.pl\\\/wiadomosci\\\/\"},{\"@type\":\"ListItem\",\"position\":2,\"name\":\"Prawie 3 tys. kilometr\u00f3w w 30 dni. Gliwiczanin chce okr\u0105\u017cy\u0107 Polsk\u0119 bij\u0105c rekord Guinessa, cel jest szczytny\"}]},{\"@type\":\"WebSite\",\"@id\":\"https:\\\/\\\/www.24gliwice.pl\\\/wiadomosci\\\/#website\",\"url\":\"https:\\\/\\\/www.24gliwice.pl\\\/wiadomosci\\\/\",\"name\":\"24GLIWICE - Portal Gliwice | codziennie nowe wiadomo\u015bci\",\"description\":\"Portal Miejski Gliwice\",\"publisher\":{\"@id\":\"https:\\\/\\\/www.24gliwice.pl\\\/wiadomosci\\\/#organization\"},\"potentialAction\":[{\"@type\":\"SearchAction\",\"target\":{\"@type\":\"EntryPoint\",\"urlTemplate\":\"https:\\\/\\\/www.24gliwice.pl\\\/wiadomosci\\\/?s={search_term_string}\"},\"query-input\":{\"@type\":\"PropertyValueSpecification\",\"valueRequired\":true,\"valueName\":\"search_term_string\"}}],\"inLanguage\":\"pl-PL\"},{\"@type\":\"Organization\",\"@id\":\"https:\\\/\\\/www.24gliwice.pl\\\/wiadomosci\\\/#organization\",\"name\":\"24gliwice\",\"url\":\"https:\\\/\\\/www.24gliwice.pl\\\/wiadomosci\\\/\",\"logo\":{\"@type\":\"ImageObject\",\"inLanguage\":\"pl-PL\",\"@id\":\"https:\\\/\\\/www.24gliwice.pl\\\/wiadomosci\\\/#\\\/schema\\\/logo\\\/image\\\/\",\"url\":\"https:\\\/\\\/www.24gliwice.pl\\\/wiadomosci\\\/wp-content\\\/uploads\\\/2024\\\/10\\\/24gliwice-logo-696.jpg\",\"contentUrl\":\"https:\\\/\\\/www.24gliwice.pl\\\/wiadomosci\\\/wp-content\\\/uploads\\\/2024\\\/10\\\/24gliwice-logo-696.jpg\",\"width\":696,\"height\":696,\"caption\":\"24gliwice\"},\"image\":{\"@id\":\"https:\\\/\\\/www.24gliwice.pl\\\/wiadomosci\\\/#\\\/schema\\\/logo\\\/image\\\/\"},\"sameAs\":[\"https:\\\/\\\/www.facebook.com\\\/24gliwice\",\"https:\\\/\\\/x.com\\\/24gliwice\",\"https:\\\/\\\/www.youtube.com\\\/@24gliwice\"]},{\"@type\":\"Person\",\"@id\":\"https:\\\/\\\/www.24gliwice.pl\\\/wiadomosci\\\/#\\\/schema\\\/person\\\/e42c650edd7f2fa332be3811fb166b6e\",\"name\":\"\u017baneta Mrozek-Siewierska\",\"image\":{\"@type\":\"ImageObject\",\"inLanguage\":\"pl-PL\",\"@id\":\"https:\\\/\\\/secure.gravatar.com\\\/avatar\\\/1881429e9c64597c77ad7aef2d0a19be69a3253e57534d16aa15bf3a4d34a0a3?s=96&d=mm&r=g\",\"url\":\"https:\\\/\\\/secure.gravatar.com\\\/avatar\\\/1881429e9c64597c77ad7aef2d0a19be69a3253e57534d16aa15bf3a4d34a0a3?s=96&d=mm&r=g\",\"contentUrl\":\"https:\\\/\\\/secure.gravatar.com\\\/avatar\\\/1881429e9c64597c77ad7aef2d0a19be69a3253e57534d16aa15bf3a4d34a0a3?s=96&d=mm&r=g\",\"caption\":\"\u017baneta Mrozek-Siewierska\"},\"url\":\"https:\\\/\\\/www.24gliwice.pl\\\/wiadomosci\\\/author\\\/zms\\\/\"}]}<\/script>\n<!-- \/ Yoast SEO plugin. -->","yoast_head_json":{"title":"Prawie 3 tys. kilometr\u00f3w w 30 dni. Gliwiczanin chce okr\u0105\u017cy\u0107 Polsk\u0119 bij\u0105c rekord Guinessa, cel jest szczytny - 24GLIWICE - Portal Gliwice | codziennie nowe informacje","description":"Gliwiczanin chce pobi\u0107 rekord Guinessa pokonuj\u0105c tras\u0119 niemal 3 tys. km na nartorolkach. Wyruszy\u0142 z gliwickiego Rynku 20 lipca","robots":{"index":"index","follow":"follow","max-snippet":"max-snippet:-1","max-image-preview":"max-image-preview:large","max-video-preview":"max-video-preview:-1"},"canonical":"https:\/\/www.24gliwice.pl\/wiadomosci\/prawie-3-tys-kilometrow-w-30-dni-gliwiczanin-chce-okrazyc-polske-bijac-rekord-guinessa-cel-jest-szczytny\/","og_locale":"pl_PL","og_type":"article","og_title":"Prawie 3 tys. kilometr\u00f3w w 30 dni. Gliwiczanin chce okr\u0105\u017cy\u0107 Polsk\u0119 bij\u0105c rekord Guinessa, cel jest szczytny - 24GLIWICE - Portal Gliwice | codziennie nowe informacje","og_description":"Gliwiczanin chce pobi\u0107 rekord Guinessa pokonuj\u0105c tras\u0119 niemal 3 tys. km na nartorolkach. Wyruszy\u0142 z gliwickiego Rynku 20 lipca","og_url":"https:\/\/www.24gliwice.pl\/wiadomosci\/prawie-3-tys-kilometrow-w-30-dni-gliwiczanin-chce-okrazyc-polske-bijac-rekord-guinessa-cel-jest-szczytny\/","og_site_name":"24GLIWICE - Portal Gliwice | codziennie nowe informacje","article_publisher":"https:\/\/www.facebook.com\/24gliwice","article_published_time":"2025-07-29T13:03:38+00:00","og_image":[{"width":810,"height":454,"url":"https:\/\/www.24gliwice.pl\/wiadomosci\/wp-content\/uploads\/2025\/07\/karol-simon.jpg","type":"image\/jpeg"}],"author":"\u017baneta Mrozek-Siewierska","twitter_card":"summary_large_image","twitter_creator":"@24gliwice","twitter_site":"@24gliwice","twitter_misc":{"Napisane przez":"\u017baneta Mrozek-Siewierska","Szacowany czas czytania":"3 minuty"},"schema":{"@context":"https:\/\/schema.org","@graph":[{"@type":"Article","@id":"https:\/\/www.24gliwice.pl\/wiadomosci\/prawie-3-tys-kilometrow-w-30-dni-gliwiczanin-chce-okrazyc-polske-bijac-rekord-guinessa-cel-jest-szczytny\/#article","isPartOf":{"@id":"https:\/\/www.24gliwice.pl\/wiadomosci\/prawie-3-tys-kilometrow-w-30-dni-gliwiczanin-chce-okrazyc-polske-bijac-rekord-guinessa-cel-jest-szczytny\/"},"author":{"name":"\u017baneta Mrozek-Siewierska","@id":"https:\/\/www.24gliwice.pl\/wiadomosci\/#\/schema\/person\/e42c650edd7f2fa332be3811fb166b6e"},"headline":"Prawie 3 tys. kilometr\u00f3w w 30 dni. Gliwiczanin chce okr\u0105\u017cy\u0107 Polsk\u0119 bij\u0105c rekord Guinessa, cel jest szczytny","datePublished":"2025-07-29T13:03:38+00:00","mainEntityOfPage":{"@id":"https:\/\/www.24gliwice.pl\/wiadomosci\/prawie-3-tys-kilometrow-w-30-dni-gliwiczanin-chce-okrazyc-polske-bijac-rekord-guinessa-cel-jest-szczytny\/"},"wordCount":394,"commentCount":3,"publisher":{"@id":"https:\/\/www.24gliwice.pl\/wiadomosci\/#organization"},"image":{"@id":"https:\/\/www.24gliwice.pl\/wiadomosci\/prawie-3-tys-kilometrow-w-30-dni-gliwiczanin-chce-okrazyc-polske-bijac-rekord-guinessa-cel-jest-szczytny\/#primaryimage"},"thumbnailUrl":"https:\/\/www.24gliwice.pl\/wiadomosci\/wp-content\/uploads\/2025\/07\/karol-simon.jpg","keywords":["KAROL SIMON","REKORD"],"articleSection":["Gliwice","Najnowsze wiadomo\u015bci"],"inLanguage":"pl-PL","potentialAction":[{"@type":"CommentAction","name":"Comment","target":["https:\/\/www.24gliwice.pl\/wiadomosci\/prawie-3-tys-kilometrow-w-30-dni-gliwiczanin-chce-okrazyc-polske-bijac-rekord-guinessa-cel-jest-szczytny\/#respond"]}]},{"@type":"WebPage","@id":"https:\/\/www.24gliwice.pl\/wiadomosci\/prawie-3-tys-kilometrow-w-30-dni-gliwiczanin-chce-okrazyc-polske-bijac-rekord-guinessa-cel-jest-szczytny\/","url":"https:\/\/www.24gliwice.pl\/wiadomosci\/prawie-3-tys-kilometrow-w-30-dni-gliwiczanin-chce-okrazyc-polske-bijac-rekord-guinessa-cel-jest-szczytny\/","name":"Prawie 3 tys. kilometr\u00f3w w 30 dni. Gliwiczanin chce okr\u0105\u017cy\u0107 Polsk\u0119 bij\u0105c rekord Guinessa, cel jest szczytny - 24GLIWICE - Portal Gliwice | codziennie nowe informacje","isPartOf":{"@id":"https:\/\/www.24gliwice.pl\/wiadomosci\/#website"},"primaryImageOfPage":{"@id":"https:\/\/www.24gliwice.pl\/wiadomosci\/prawie-3-tys-kilometrow-w-30-dni-gliwiczanin-chce-okrazyc-polske-bijac-rekord-guinessa-cel-jest-szczytny\/#primaryimage"},"image":{"@id":"https:\/\/www.24gliwice.pl\/wiadomosci\/prawie-3-tys-kilometrow-w-30-dni-gliwiczanin-chce-okrazyc-polske-bijac-rekord-guinessa-cel-jest-szczytny\/#primaryimage"},"thumbnailUrl":"https:\/\/www.24gliwice.pl\/wiadomosci\/wp-content\/uploads\/2025\/07\/karol-simon.jpg","datePublished":"2025-07-29T13:03:38+00:00","description":"Gliwiczanin chce pobi\u0107 rekord Guinessa pokonuj\u0105c tras\u0119 niemal 3 tys. km na nartorolkach. Wyruszy\u0142 z gliwickiego Rynku 20 lipca","breadcrumb":{"@id":"https:\/\/www.24gliwice.pl\/wiadomosci\/prawie-3-tys-kilometrow-w-30-dni-gliwiczanin-chce-okrazyc-polske-bijac-rekord-guinessa-cel-jest-szczytny\/#breadcrumb"},"inLanguage":"pl-PL","potentialAction":[{"@type":"ReadAction","target":["https:\/\/www.24gliwice.pl\/wiadomosci\/prawie-3-tys-kilometrow-w-30-dni-gliwiczanin-chce-okrazyc-polske-bijac-rekord-guinessa-cel-jest-szczytny\/"]}]},{"@type":"ImageObject","inLanguage":"pl-PL","@id":"https:\/\/www.24gliwice.pl\/wiadomosci\/prawie-3-tys-kilometrow-w-30-dni-gliwiczanin-chce-okrazyc-polske-bijac-rekord-guinessa-cel-jest-szczytny\/#primaryimage","url":"https:\/\/www.24gliwice.pl\/wiadomosci\/wp-content\/uploads\/2025\/07\/karol-simon.jpg","contentUrl":"https:\/\/www.24gliwice.pl\/wiadomosci\/wp-content\/uploads\/2025\/07\/karol-simon.jpg","width":810,"height":454},{"@type":"BreadcrumbList","@id":"https:\/\/www.24gliwice.pl\/wiadomosci\/prawie-3-tys-kilometrow-w-30-dni-gliwiczanin-chce-okrazyc-polske-bijac-rekord-guinessa-cel-jest-szczytny\/#breadcrumb","itemListElement":[{"@type":"ListItem","position":1,"name":"Strona g\u0142\u00f3wna","item":"https:\/\/www.24gliwice.pl\/wiadomosci\/"},{"@type":"ListItem","position":2,"name":"Prawie 3 tys. kilometr\u00f3w w 30 dni. Gliwiczanin chce okr\u0105\u017cy\u0107 Polsk\u0119 bij\u0105c rekord Guinessa, cel jest szczytny"}]},{"@type":"WebSite","@id":"https:\/\/www.24gliwice.pl\/wiadomosci\/#website","url":"https:\/\/www.24gliwice.pl\/wiadomosci\/","name":"24GLIWICE - Portal Gliwice | codziennie nowe wiadomo\u015bci","description":"Portal Miejski Gliwice","publisher":{"@id":"https:\/\/www.24gliwice.pl\/wiadomosci\/#organization"},"potentialAction":[{"@type":"SearchAction","target":{"@type":"EntryPoint","urlTemplate":"https:\/\/www.24gliwice.pl\/wiadomosci\/?s={search_term_string}"},"query-input":{"@type":"PropertyValueSpecification","valueRequired":true,"valueName":"search_term_string"}}],"inLanguage":"pl-PL"},{"@type":"Organization","@id":"https:\/\/www.24gliwice.pl\/wiadomosci\/#organization","name":"24gliwice","url":"https:\/\/www.24gliwice.pl\/wiadomosci\/","logo":{"@type":"ImageObject","inLanguage":"pl-PL","@id":"https:\/\/www.24gliwice.pl\/wiadomosci\/#\/schema\/logo\/image\/","url":"https:\/\/www.24gliwice.pl\/wiadomosci\/wp-content\/uploads\/2024\/10\/24gliwice-logo-696.jpg","contentUrl":"https:\/\/www.24gliwice.pl\/wiadomosci\/wp-content\/uploads\/2024\/10\/24gliwice-logo-696.jpg","width":696,"height":696,"caption":"24gliwice"},"image":{"@id":"https:\/\/www.24gliwice.pl\/wiadomosci\/#\/schema\/logo\/image\/"},"sameAs":["https:\/\/www.facebook.com\/24gliwice","https:\/\/x.com\/24gliwice","https:\/\/www.youtube.com\/@24gliwice"]},{"@type":"Person","@id":"https:\/\/www.24gliwice.pl\/wiadomosci\/#\/schema\/person\/e42c650edd7f2fa332be3811fb166b6e","name":"\u017baneta Mrozek-Siewierska","image":{"@type":"ImageObject","inLanguage":"pl-PL","@id":"https:\/\/secure.gravatar.com\/avatar\/1881429e9c64597c77ad7aef2d0a19be69a3253e57534d16aa15bf3a4d34a0a3?s=96&d=mm&r=g","url":"https:\/\/secure.gravatar.com\/avatar\/1881429e9c64597c77ad7aef2d0a19be69a3253e57534d16aa15bf3a4d34a0a3?s=96&d=mm&r=g","contentUrl":"https:\/\/secure.gravatar.com\/avatar\/1881429e9c64597c77ad7aef2d0a19be69a3253e57534d16aa15bf3a4d34a0a3?s=96&d=mm&r=g","caption":"\u017baneta Mrozek-Siewierska"},"url":"https:\/\/www.24gliwice.pl\/wiadomosci\/author\/zms\/"}]}},"_links":{"self":[{"href":"https:\/\/www.24gliwice.pl\/wiadomosci\/wp-json\/wp\/v2\/posts\/257626","targetHints":{"allow":["GET"]}}],"collection":[{"href":"https:\/\/www.24gliwice.pl\/wiadomosci\/wp-json\/wp\/v2\/posts"}],"about":[{"href":"https:\/\/www.24gliwice.pl\/wiadomosci\/wp-json\/wp\/v2\/types\/post"}],"author":[{"embeddable":true,"href":"https:\/\/www.24gliwice.pl\/wiadomosci\/wp-json\/wp\/v2\/users\/15"}],"replies":[{"embeddable":true,"href":"https:\/\/www.24gliwice.pl\/wiadomosci\/wp-json\/wp\/v2\/comments?post=257626"}],"version-history":[{"count":0,"href":"https:\/\/www.24gliwice.pl\/wiadomosci\/wp-json\/wp\/v2\/posts\/257626\/revisions"}],"wp:featuredmedia":[{"embeddable":true,"href":"https:\/\/www.24gliwice.pl\/wiadomosci\/wp-json\/wp\/v2\/media\/257627"}],"wp:attachment":[{"href":"https:\/\/www.24gliwice.pl\/wiadomosci\/wp-json\/wp\/v2\/media?parent=257626"}],"wp:term":[{"taxonomy":"category","embeddable":true,"href":"https:\/\/www.24gliwice.pl\/wiadomosci\/wp-json\/wp\/v2\/categories?post=257626"},{"taxonomy":"post_tag","embeddable":true,"href":"https:\/\/www.24gliwice.pl\/wiadomosci\/wp-json\/wp\/v2\/tags?post=257626"}],"curies":[{"name":"wp","href":"https:\/\/api.w.org\/{rel}","templated":true}]}}