{"id":257954,"date":"2025-08-05T10:00:46","date_gmt":"2025-08-05T08:00:46","guid":{"rendered":"https:\/\/www.24gliwice.pl\/wiadomosci\/?p=257954"},"modified":"2025-08-07T20:23:16","modified_gmt":"2025-08-07T18:23:16","slug":"xvi-sesja-rady-miasta-gliwice-2","status":"publish","type":"post","link":"https:\/\/www.24gliwice.pl\/wiadomosci\/xvi-sesja-rady-miasta-gliwice-2\/","title":{"rendered":"XVI sesja Rady Miasta Gliwice"},"content":{"rendered":"<h2>XVI sesja Rady Miasta kadencji 2024-2029 odb\u0119dzie si\u0119 w najbli\u017cszy czwartek, tj. 7 sierpnia 2025 r. Rozpocz\u0119cie zaplanowano na godz. 15:00. Sesja odb\u0119dzie si\u0119 w sali obrad Rady Miasta w Ratuszu Miejskim przy Rynku 1a.<\/h2>\n<p>&nbsp;<\/p>\n<p><strong>Sesje s\u0105 nagrywane i transmitowane na \u017cywo w\u00a0Internecie<\/strong> (obraz i d\u017awi\u0119k), a po zako\u0144czeniu obrad nagranie jest zamieszczane na stronie internetowej i w Biuletynie Informacji Publicznej Urz\u0119du Miejskiego, a tak\u017ce dost\u0119pne jest <a href=\"https:\/\/radni.tv\" target=\"_blank\" rel=\"noopener noreferrer\">na serwerze transmisji obrad jednostek samorz\u0105du terytorialnego<\/a>.<\/p>\n<hr \/>\n<p>Szczeg\u00f3\u0142y dotycz\u0105ce poszczeg\u00f3lnych punkt\u00f3w sesji wraz z projektami uchwa\u0142 znajduj\u0105 si\u0119 w<a href=\"https:\/\/bip.gliwice.eu\/radaMiasta\/sesja\/716\" target=\"_blank\" rel=\"noopener noreferrer\"> Biuletynie Informacji Publicznej.<\/a><\/p>\n<hr \/>\n<p><strong>Porz\u0105dek dzienny sesji:<\/strong><\/p>\n<ol>\n<li>Otwarcie sesji.\n<p style=\"line-height: 70%; \">&nbsp;<\/p>\n<li>Stwierdzenie prawomocno\u015bci obrad.\n<p style=\"line-height: 70%; \">&nbsp;<\/p>\n<\/li>\n<li>Przyj\u0119cie protoko\u0142\u00f3w sesji nr XV z dnia 12 czerwca 2025 r.\n<p style=\"line-height: 70%; \">&nbsp;<\/p>\n<li>Komunikaty.\n<p style=\"line-height: 70%; \">&nbsp;<\/p>\n<li>Informacja o pracy Prezydenta Miasta.\n<p style=\"line-height: 70%; \">&nbsp;<\/p>\n<li>Aktualny stan przygotowa\u0144 do realizacji inwestycji &#8220;Budowa w Gliwicach Szpitala Uniwersyteckiego \u2013 Centrum Chor\u00f3b Cywilizacyjnych&#8221;.\n<p style=\"line-height: 70%; \">&nbsp;<\/p>\n<li>Projekt uchwa\u0142y zmieniaj\u0105cej uchwa\u0142\u0119 w sprawie Wieloletniej Prognozy Finansowej miasta Gliwice (<strong>druk nr 278\/2025<\/strong>).\n<p style=\"line-height: 70%; \">&nbsp;<\/p>\n<li>Projekt uchwa\u0142y zmieniaj\u0105cej uchwa\u0142\u0119 w sprawie bud\u017cetu miasta Gliwice na 2025 rok (<strong>druk nr 279\/2025<\/strong>).\n<p style=\"line-height: 70%; \">&nbsp;<\/p>\n<li>Projekt uchwa\u0142y w sprawie zatwierdzenia wyboru bieg\u0142ego rewidenta maj\u0105cego dokona\u0107 badania sprawozdania finansowego miasta Gliwice za rok 2025 i 2026 (<strong>druk nr\u00a0263\/2025<\/strong>).\n<p style=\"line-height: 70%; \">&nbsp;<\/p>\n<li>Projekt uchwa\u0142y w sprawie oceny stanu bezpiecze\u0144stwa przeciwpo\u017carowego i\u00a0zabezpieczenia przeciwpowodziowego miasta Gliwice (<strong>druk nr 260\/2025<\/strong>).\n<p style=\"line-height: 70%; \">&nbsp;<\/p>\n<li>Projekt uchwa\u0142y w sprawie nadania statutu samorz\u0105dowej instytucji kultury pod nazw\u0105 Miejska Biblioteka Publiczna w Gliwicach (<strong>druk nr 264\/2025<\/strong>).\n<p style=\"line-height: 70%; \">&nbsp;<\/p>\n<li>Projekt uchwa\u0142y w sprawie zmiany uchwa\u0142y w sprawie regulaminu utrzymania czysto\u015bci i porz\u0105dku na terenie miasta Gliwice (<strong>druk nr 281\/2025<\/strong>).\n<p style=\"line-height: 70%; \">&nbsp;<\/p>\n<li>Projekt uchwa\u0142y w sprawie zmiany uchwa\u0142y w sprawie szczeg\u00f3\u0142owego sposobu i\u00a0zakresu \u015bwiadczenia us\u0142ug w zakresie odbierania odpad\u00f3w komunalnych od w\u0142a\u015bcicieli nieruchomo\u015bci i zagospodarowania tych odpad\u00f3w, w zamian za uiszczon\u0105 przez w\u0142a\u015bciciela nieruchomo\u015bci op\u0142at\u0119 za gospodarowanie odpadami komunalnymi, w\u00a0szczeg\u00f3lno\u015bci cz\u0119stotliwo\u015b\u0107 odbierania odpad\u00f3w komunalnych od w\u0142a\u015bcicieli nieruchomo\u015bci i spos\u00f3b \u015bwiadczenia us\u0142ug przez punkt selektywnego zbierania odpad\u00f3w komunalnych (<strong>druk nr 282\/2025<\/strong>).\n<p style=\"line-height: 70%; \">&nbsp;<\/p>\n<li>Projekt uchwa\u0142y w sprawie ustalenia lokalizacji inwestycji mieszkaniowej przy ul.\u00a0Kujawskiej w Gliwicach (<strong>druk nr 280\/2025<\/strong>).\n<p style=\"line-height: 70%; \">&nbsp;<\/p>\n<li>Projekt uchwa\u0142y w sprawie nadania nazwy ulicy zlokalizowanej na terenie miasta Gliwice (<strong>druk nr 265\/2025<\/strong>).\n<p style=\"line-height: 70%; \">&nbsp;<\/p>\n<li>Projekt uchwa\u0142y w sprawie nadania nazwy skwerowi zlokalizowanemu na terenie miasta Gliwice (<strong>druk nr 266\/2025<\/strong>).\n<p style=\"line-height: 70%; \">&nbsp;<\/p>\n<li>Projekt uchwa\u0142y w sprawie udzielenia zgody na przyznanie bonifikaty od ustalonych Gliwickiemu Zak\u0142adowi Aktywno\u015bci Zawodowej w Gliwicach op\u0142at rocznych z tytu\u0142u trwa\u0142ego zarz\u0105du (<strong>druk nr 268\/2025<\/strong>).\n<p style=\"line-height: 70%; \">&nbsp;<\/p>\n<li>Projekt uchwa\u0142y w sprawie wyra\u017cenia zgody na zbycie nieruchomo\u015bci obejmuj\u0105cej niezabudowane dzia\u0142ki nr 98, 156, obr\u0119b Bojkowskie Pola, stanowi\u0105ce w\u0142asno\u015b\u0107 miasta Gliwice (<strong>druk nr 269\/2025<\/strong>).\n<p style=\"line-height: 70%; \">&nbsp;<\/p>\n<li>Projekt uchwa\u0142y w sprawie wyra\u017cenia zgody na zbycie cz\u0119\u015bci nieruchomo\u015bci obejmuj\u0105cej niezabudowane dzia\u0142ki nr 321\/1, 321\/2, 321\/3, 321\/4, obr\u0119b Czechowice Zach\u00f3d, po\u0142o\u017cone przy ul. Jachtowej w Gliwicach, stanowi\u0105ce w\u0142asno\u015b\u0107 miasta Gliwice (<strong>druk nr 270\/2025<\/strong>).\n<p style=\"line-height: 70%; \">&nbsp;<\/p>\n<li>Projekt uchwa\u0142y w sprawie wyra\u017cenia zgody na odst\u0105pienie od obowi\u0105zku przetargowego trybu zawarcia kolejnej umowy dzier\u017cawy z dotychczasowym dzier\u017cawc\u0105 i wydzier\u017cawienie nieruchomo\u015bci stanowi\u0105cych w\u0142asno\u015b\u0107 miasta Gliwice, po\u0142o\u017conych w Gliwicach pomi\u0119dzy ulicami Kr\u00f3lewskiej Tamy i Przewozow\u0105 (<strong>druk nr\u00a0271\/2025<\/strong>).\n<p style=\"line-height: 70%; \">&nbsp;<\/p>\n<li>Projekt uchwa\u0142y w sprawie wyra\u017cenia zgody na odst\u0105pienie od obowi\u0105zku przetargowego trybu zawarcia kolejnej umowy dzier\u017cawy z dotychczasowym dzier\u017cawc\u0105 i wydzier\u017cawienie nieruchomo\u015bci stanowi\u0105cych w\u0142asno\u015b\u0107 miasta Gliwice, po\u0142o\u017conych w Gliwicach przy ul. Zygmunta Starego 19, obejmuj\u0105cych dzia\u0142ki nr 1082 i\u00a01083 w obr\u0119bie Stare Miasto (<strong>druk nr 272\/2025<\/strong>).\n<p style=\"line-height: 70%; \">&nbsp;<\/p>\n<li>Projekt uchwa\u0142y w sprawie wyra\u017cenia zgody na odst\u0105pienie od obowi\u0105zku przetargowego trybu zawarcia kolejnej umowy dzier\u017cawy z dotychczasowym dzier\u017cawc\u0105 i wydzier\u017cawienie nieruchomo\u015bci stanowi\u0105cej w\u0142asno\u015b\u0107 miasta Gliwice, po\u0142o\u017conej w Gliwicach przy ul. Sk\u0142adowej, obejmuj\u0105cej dzia\u0142k\u0119 nr 368\/13 w obr\u0119bie Centrum (<strong>druk nr 273\/2025<\/strong>).\n<p style=\"line-height: 70%; \">&nbsp;<\/p>\n<li>Projekt uchwa\u0142y w sprawie zmiany uchwa\u0142y nr XV\/269\/2003 Rady Miejskiej w\u00a0Gliwicach z dnia 22 grudnia 2003 r. w sprawie utworzenia jednostki bud\u017cetowej \u201eZak\u0142ad Gospodarki Mieszkaniowej\u201d (<strong>druk nr 267\/2025<\/strong>).\n<p style=\"line-height: 70%; \">&nbsp;<\/p>\n<li>Projekt uchwa\u0142y w sprawie przyj\u0119cia stanowiska w sprawie uznania G\u00f3rno\u015bl\u0105sko-Zag\u0142\u0119biowskiej Metropolii za o\u015brodek wiod\u0105cy w krajowej Polityce rozwoju sztucznej inteligencji do 2030\u00a0roku (<strong>druk nr 262\/2025<\/strong>).\n<p style=\"line-height: 70%; \">&nbsp;<\/p>\n<li>Projekt uchwa\u0142y w sprawie powo\u0142ania Komisji Dora\u017anej do dokonania zniszczenia zg\u0142osze\u0144 kandydat\u00f3w na \u0142awnik\u00f3w (<strong>druk nr 261\/2025<\/strong>).\n<p style=\"line-height: 70%; \">&nbsp;<\/p>\n<li>Projekt uchwa\u0142y w sprawie rozpatrzenia skargi na dzia\u0142ania Dyrektora Zarz\u0105du Dr\u00f3g Miejskich w Gliwicach (<strong>druk nr 274\/2025<\/strong>).\n<p style=\"line-height: 70%; \">&nbsp;<\/p>\n<li>Projekt uchwa\u0142y w sprawie rozpatrzenia petycji w sprawie przysz\u0142o\u015bci teren\u00f3w zajmowanych przez rodzinne ogrody dzia\u0142kowe, zlokalizowane na dzia\u0142kach w\u00a0obr\u0119bie K\u0142odnica i obr\u0119bie Politechnika (<strong>druk nr 275\/2025<\/strong>).\n<p style=\"line-height: 70%; \">&nbsp;<\/p>\n<li>Projekt uchwa\u0142y w sprawie rozpatrzenia petycji w sprawie odrzucenia pomys\u0142u przywr\u00f3cenia tramwaj\u00f3w w Gliwicach (<strong>druk nr 276\/2025<\/strong>).\n<p style=\"line-height: 70%; \">&nbsp;<\/p>\n<li>Projekt uchwa\u0142y w sprawie rozpatrzenia petycji w sprawie upami\u0119tnienia prezydenta Nelsona Mandeli (<strong>druk nr 277\/2025<\/strong>).\n<p style=\"line-height: 70%; \">&nbsp;<\/p>\n<li>Projekt uchwa\u0142y w sprawie rozpatrzenia petycji w sprawie funkcjonowania Gliwickiego Klubu Sportowego \u201ePiast\u201d (<strong>druk nr 283\/2025<\/strong>).\n<p style=\"line-height: 70%; \">&nbsp;<\/p>\n<li>Projekt uchwa\u0142y w sprawie stwierdzenia braku w\u0142a\u015bciwo\u015bci do rozpatrzenia petycji w\u00a0sprawie rozwi\u0105zania problemu zwi\u0105zanego z nieprawid\u0142owym formatowaniem korespondencji elektronicznej przesy\u0142anej przez Urz\u0105d Miejski w Gliwicach (<strong>druk nr\u00a0284\/2025<\/strong>).\n<p style=\"line-height: 70%; \">&nbsp;<\/p>\n<li>Projekt uchwa\u0142y w sprawie stwierdzenia braku w\u0142a\u015bciwo\u015bci do rozpatrzenia petycji w\u00a0sprawie poprawy koordynacji dzia\u0142a\u0144 administracyjnych mi\u0119dzy Urz\u0119dem Miejskim a\u00a0Zarz\u0105dem Dr\u00f3g Miejskich w Gliwicach w zakresie realizacji projekt\u00f3w urbanistycznych, w szczeg\u00f3lno\u015bci koncepcji wielowariantowych dla ul.\u00a0Konarskiego (<strong>druk nr 285\/2025<\/strong>).\n<p style=\"line-height: 70%; \">&nbsp;<\/p>\n<li>Projekt uchwa\u0142y w sprawie negatywnego rozpatrzenia wniosku w sprawie organizacji ruchu samochodowego na Osiedlu Nowy Sikornik (<strong>druk nr 286\/2025<\/strong>).\n<p style=\"line-height: 70%; \">&nbsp;<\/p>\n<li>Sprawy r\u00f3\u017cne i wolne wnioski zg\u0142aszane przez radnych.\n<p style=\"line-height: 70%; \">&nbsp;<\/p>\n<li>Zamkni\u0119cie sesji.\n<p style=\"line-height: 70%; \">&nbsp;<\/p>\n<\/ol>\n<p style=\"text-align: right;\"><strong>Przewodnicz\u0105cy<br \/>\nRady Miasta Gliwice<br \/>\nMarek Pszonak<\/strong><\/p>\n<p><span style=\"color: #999999;\"><small><small>publikacja na zlecenie Urz\u0119du Miejskiego w Gliwicach<\/small><\/small><\/span><\/p>\n","protected":false},"excerpt":{"rendered":"<p>XVI sesja Rady Miasta kadencji 2024-2029 odb\u0119dzie si\u0119 w najbli\u017cszy czwartek, tj. 7 sierpnia 2025 r. Rozpocz\u0119cie zaplanowano na godz. 15:00. Sesja odb\u0119dzie si\u0119 w sali obrad Rady Miasta w Ratuszu Miejskim przy Rynku 1a. &nbsp; Sesje s\u0105 nagrywane i transmitowane na \u017cywo w\u00a0Internecie (obraz i d\u017awi\u0119k), a po zako\u0144czeniu obrad nagranie jest zamieszczane na [&hellip;]<\/p>\n","protected":false},"author":4,"featured_media":150626,"comment_status":"closed","ping_status":"closed","sticky":false,"template":"","format":"standard","meta":{"_monsterinsights_skip_tracking":false,"_monsterinsights_sitenote_active":false,"_monsterinsights_sitenote_note":"","_monsterinsights_sitenote_category":0,"footnotes":"","_links_to":"","_links_to_target":""},"categories":[3,1,8],"tags":[38,6957],"class_list":["post-257954","post","type-post","status-publish","format-standard","has-post-thumbnail","hentry","category-gliwice","category-wszystko","category-samorzad_polityka","tag-rada-miasta","tag-sesja-rady-miasta"],"yoast_head":"<!-- This site is optimized with the Yoast SEO plugin v27.5 - https:\/\/yoast.com\/product\/yoast-seo-wordpress\/ -->\n<title>XVI sesja Rady Miasta Gliwice - 24GLIWICE - Portal Gliwice | codziennie nowe informacje<\/title>\n<meta name=\"robots\" content=\"index, follow, max-snippet:-1, max-image-preview:large, max-video-preview:-1\" \/>\n<link rel=\"canonical\" href=\"https:\/\/www.24gliwice.pl\/wiadomosci\/xvi-sesja-rady-miasta-gliwice-2\/\" \/>\n<meta property=\"og:locale\" content=\"pl_PL\" \/>\n<meta property=\"og:type\" content=\"article\" \/>\n<meta property=\"og:title\" content=\"XVI sesja Rady Miasta Gliwice - 24GLIWICE - Portal Gliwice | codziennie nowe informacje\" \/>\n<meta property=\"og:description\" content=\"XVI sesja Rady Miasta kadencji 2024-2029 odb\u0119dzie si\u0119 w najbli\u017cszy czwartek, tj. 7 sierpnia 2025 r. Rozpocz\u0119cie zaplanowano na godz. 15:00. Sesja odb\u0119dzie si\u0119 w sali obrad Rady Miasta w Ratuszu Miejskim przy Rynku 1a. &nbsp; Sesje s\u0105 nagrywane i transmitowane na \u017cywo w\u00a0Internecie (obraz i d\u017awi\u0119k), a po zako\u0144czeniu obrad nagranie jest zamieszczane na [&hellip;]\" \/>\n<meta property=\"og:url\" content=\"https:\/\/www.24gliwice.pl\/wiadomosci\/xvi-sesja-rady-miasta-gliwice-2\/\" \/>\n<meta property=\"og:site_name\" content=\"24GLIWICE - Portal Gliwice | codziennie nowe informacje\" \/>\n<meta property=\"article:publisher\" content=\"https:\/\/www.facebook.com\/24gliwice\" \/>\n<meta property=\"article:author\" content=\"https:\/\/www.facebook.com\/marcin.fabrykowski\" \/>\n<meta property=\"article:published_time\" content=\"2025-08-05T08:00:46+00:00\" \/>\n<meta property=\"article:modified_time\" content=\"2025-08-07T18:23:16+00:00\" \/>\n<meta property=\"og:image\" content=\"https:\/\/www.24gliwice.pl\/wiadomosci\/wp-content\/uploads\/2019\/04\/1-Herb_Gliwic_rada-miasta-001.jpg\" \/>\n\t<meta property=\"og:image:width\" content=\"1118\" \/>\n\t<meta property=\"og:image:height\" content=\"505\" \/>\n\t<meta property=\"og:image:type\" content=\"image\/jpeg\" \/>\n<meta name=\"author\" content=\"Marcin Fabrykowski\" \/>\n<meta name=\"twitter:card\" content=\"summary_large_image\" \/>\n<meta name=\"twitter:creator\" content=\"@24gliwice\" \/>\n<meta name=\"twitter:site\" content=\"@24gliwice\" \/>\n<meta name=\"twitter:label1\" content=\"Napisane przez\" \/>\n\t<meta name=\"twitter:data1\" content=\"Marcin Fabrykowski\" \/>\n\t<meta name=\"twitter:label2\" content=\"Szacowany czas czytania\" \/>\n\t<meta name=\"twitter:data2\" content=\"6 minut\" \/>\n<script type=\"application\/ld+json\" class=\"yoast-schema-graph\">{\"@context\":\"https:\\\/\\\/schema.org\",\"@graph\":[{\"@type\":\"Article\",\"@id\":\"https:\\\/\\\/www.24gliwice.pl\\\/wiadomosci\\\/xvi-sesja-rady-miasta-gliwice-2\\\/#article\",\"isPartOf\":{\"@id\":\"https:\\\/\\\/www.24gliwice.pl\\\/wiadomosci\\\/xvi-sesja-rady-miasta-gliwice-2\\\/\"},\"author\":{\"name\":\"Marcin Fabrykowski\",\"@id\":\"https:\\\/\\\/www.24gliwice.pl\\\/wiadomosci\\\/#\\\/schema\\\/person\\\/cb5857e4a4d048c15984c1edcc8ef0c0\"},\"headline\":\"XVI sesja Rady Miasta Gliwice\",\"datePublished\":\"2025-08-05T08:00:46+00:00\",\"dateModified\":\"2025-08-07T18:23:16+00:00\",\"mainEntityOfPage\":{\"@id\":\"https:\\\/\\\/www.24gliwice.pl\\\/wiadomosci\\\/xvi-sesja-rady-miasta-gliwice-2\\\/\"},\"wordCount\":1022,\"publisher\":{\"@id\":\"https:\\\/\\\/www.24gliwice.pl\\\/wiadomosci\\\/#organization\"},\"image\":{\"@id\":\"https:\\\/\\\/www.24gliwice.pl\\\/wiadomosci\\\/xvi-sesja-rady-miasta-gliwice-2\\\/#primaryimage\"},\"thumbnailUrl\":\"https:\\\/\\\/www.24gliwice.pl\\\/wiadomosci\\\/wp-content\\\/uploads\\\/2019\\\/04\\\/1-Herb_Gliwic_rada-miasta-001.jpg\",\"keywords\":[\"RADA MIASTA\",\"SESJA RADY MIASTA\"],\"articleSection\":[\"Gliwice\",\"Najnowsze wiadomo\u015bci\",\"Samorz\u0105d, polityka\"],\"inLanguage\":\"pl-PL\"},{\"@type\":\"WebPage\",\"@id\":\"https:\\\/\\\/www.24gliwice.pl\\\/wiadomosci\\\/xvi-sesja-rady-miasta-gliwice-2\\\/\",\"url\":\"https:\\\/\\\/www.24gliwice.pl\\\/wiadomosci\\\/xvi-sesja-rady-miasta-gliwice-2\\\/\",\"name\":\"XVI sesja Rady Miasta Gliwice - 24GLIWICE - Portal Gliwice | codziennie nowe informacje\",\"isPartOf\":{\"@id\":\"https:\\\/\\\/www.24gliwice.pl\\\/wiadomosci\\\/#website\"},\"primaryImageOfPage\":{\"@id\":\"https:\\\/\\\/www.24gliwice.pl\\\/wiadomosci\\\/xvi-sesja-rady-miasta-gliwice-2\\\/#primaryimage\"},\"image\":{\"@id\":\"https:\\\/\\\/www.24gliwice.pl\\\/wiadomosci\\\/xvi-sesja-rady-miasta-gliwice-2\\\/#primaryimage\"},\"thumbnailUrl\":\"https:\\\/\\\/www.24gliwice.pl\\\/wiadomosci\\\/wp-content\\\/uploads\\\/2019\\\/04\\\/1-Herb_Gliwic_rada-miasta-001.jpg\",\"datePublished\":\"2025-08-05T08:00:46+00:00\",\"dateModified\":\"2025-08-07T18:23:16+00:00\",\"breadcrumb\":{\"@id\":\"https:\\\/\\\/www.24gliwice.pl\\\/wiadomosci\\\/xvi-sesja-rady-miasta-gliwice-2\\\/#breadcrumb\"},\"inLanguage\":\"pl-PL\",\"potentialAction\":[{\"@type\":\"ReadAction\",\"target\":[\"https:\\\/\\\/www.24gliwice.pl\\\/wiadomosci\\\/xvi-sesja-rady-miasta-gliwice-2\\\/\"]}]},{\"@type\":\"ImageObject\",\"inLanguage\":\"pl-PL\",\"@id\":\"https:\\\/\\\/www.24gliwice.pl\\\/wiadomosci\\\/xvi-sesja-rady-miasta-gliwice-2\\\/#primaryimage\",\"url\":\"https:\\\/\\\/www.24gliwice.pl\\\/wiadomosci\\\/wp-content\\\/uploads\\\/2019\\\/04\\\/1-Herb_Gliwic_rada-miasta-001.jpg\",\"contentUrl\":\"https:\\\/\\\/www.24gliwice.pl\\\/wiadomosci\\\/wp-content\\\/uploads\\\/2019\\\/04\\\/1-Herb_Gliwic_rada-miasta-001.jpg\",\"width\":1118,\"height\":505},{\"@type\":\"BreadcrumbList\",\"@id\":\"https:\\\/\\\/www.24gliwice.pl\\\/wiadomosci\\\/xvi-sesja-rady-miasta-gliwice-2\\\/#breadcrumb\",\"itemListElement\":[{\"@type\":\"ListItem\",\"position\":1,\"name\":\"Strona g\u0142\u00f3wna\",\"item\":\"https:\\\/\\\/www.24gliwice.pl\\\/wiadomosci\\\/\"},{\"@type\":\"ListItem\",\"position\":2,\"name\":\"XVI sesja Rady Miasta Gliwice\"}]},{\"@type\":\"WebSite\",\"@id\":\"https:\\\/\\\/www.24gliwice.pl\\\/wiadomosci\\\/#website\",\"url\":\"https:\\\/\\\/www.24gliwice.pl\\\/wiadomosci\\\/\",\"name\":\"24GLIWICE - Portal Gliwice | codziennie nowe wiadomo\u015bci\",\"description\":\"Portal Miejski Gliwice\",\"publisher\":{\"@id\":\"https:\\\/\\\/www.24gliwice.pl\\\/wiadomosci\\\/#organization\"},\"potentialAction\":[{\"@type\":\"SearchAction\",\"target\":{\"@type\":\"EntryPoint\",\"urlTemplate\":\"https:\\\/\\\/www.24gliwice.pl\\\/wiadomosci\\\/?s={search_term_string}\"},\"query-input\":{\"@type\":\"PropertyValueSpecification\",\"valueRequired\":true,\"valueName\":\"search_term_string\"}}],\"inLanguage\":\"pl-PL\"},{\"@type\":\"Organization\",\"@id\":\"https:\\\/\\\/www.24gliwice.pl\\\/wiadomosci\\\/#organization\",\"name\":\"24gliwice\",\"url\":\"https:\\\/\\\/www.24gliwice.pl\\\/wiadomosci\\\/\",\"logo\":{\"@type\":\"ImageObject\",\"inLanguage\":\"pl-PL\",\"@id\":\"https:\\\/\\\/www.24gliwice.pl\\\/wiadomosci\\\/#\\\/schema\\\/logo\\\/image\\\/\",\"url\":\"https:\\\/\\\/www.24gliwice.pl\\\/wiadomosci\\\/wp-content\\\/uploads\\\/2024\\\/10\\\/24gliwice-logo-696.jpg\",\"contentUrl\":\"https:\\\/\\\/www.24gliwice.pl\\\/wiadomosci\\\/wp-content\\\/uploads\\\/2024\\\/10\\\/24gliwice-logo-696.jpg\",\"width\":696,\"height\":696,\"caption\":\"24gliwice\"},\"image\":{\"@id\":\"https:\\\/\\\/www.24gliwice.pl\\\/wiadomosci\\\/#\\\/schema\\\/logo\\\/image\\\/\"},\"sameAs\":[\"https:\\\/\\\/www.facebook.com\\\/24gliwice\",\"https:\\\/\\\/x.com\\\/24gliwice\",\"https:\\\/\\\/www.youtube.com\\\/@24gliwice\"]},{\"@type\":\"Person\",\"@id\":\"https:\\\/\\\/www.24gliwice.pl\\\/wiadomosci\\\/#\\\/schema\\\/person\\\/cb5857e4a4d048c15984c1edcc8ef0c0\",\"name\":\"Marcin Fabrykowski\",\"image\":{\"@type\":\"ImageObject\",\"inLanguage\":\"pl-PL\",\"@id\":\"https:\\\/\\\/www.24gliwice.pl\\\/wiadomosci\\\/wp-content\\\/uploads\\\/2025\\\/11\\\/zdjecie-moje-marcin-300-96x96.jpg\",\"url\":\"https:\\\/\\\/www.24gliwice.pl\\\/wiadomosci\\\/wp-content\\\/uploads\\\/2025\\\/11\\\/zdjecie-moje-marcin-300-96x96.jpg\",\"contentUrl\":\"https:\\\/\\\/www.24gliwice.pl\\\/wiadomosci\\\/wp-content\\\/uploads\\\/2025\\\/11\\\/zdjecie-moje-marcin-300-96x96.jpg\",\"caption\":\"Marcin Fabrykowski\"},\"sameAs\":[\"http:\\\/\\\/24gliwice.pl\",\"https:\\\/\\\/www.facebook.com\\\/marcin.fabrykowski\"],\"url\":\"https:\\\/\\\/www.24gliwice.pl\\\/wiadomosci\\\/author\\\/marcin-fabrykowski\\\/\"}]}<\/script>\n<!-- \/ Yoast SEO plugin. -->","yoast_head_json":{"title":"XVI sesja Rady Miasta Gliwice - 24GLIWICE - Portal Gliwice | codziennie nowe informacje","robots":{"index":"index","follow":"follow","max-snippet":"max-snippet:-1","max-image-preview":"max-image-preview:large","max-video-preview":"max-video-preview:-1"},"canonical":"https:\/\/www.24gliwice.pl\/wiadomosci\/xvi-sesja-rady-miasta-gliwice-2\/","og_locale":"pl_PL","og_type":"article","og_title":"XVI sesja Rady Miasta Gliwice - 24GLIWICE - Portal Gliwice | codziennie nowe informacje","og_description":"XVI sesja Rady Miasta kadencji 2024-2029 odb\u0119dzie si\u0119 w najbli\u017cszy czwartek, tj. 7 sierpnia 2025 r. Rozpocz\u0119cie zaplanowano na godz. 15:00. Sesja odb\u0119dzie si\u0119 w sali obrad Rady Miasta w Ratuszu Miejskim przy Rynku 1a. &nbsp; Sesje s\u0105 nagrywane i transmitowane na \u017cywo w\u00a0Internecie (obraz i d\u017awi\u0119k), a po zako\u0144czeniu obrad nagranie jest zamieszczane na [&hellip;]","og_url":"https:\/\/www.24gliwice.pl\/wiadomosci\/xvi-sesja-rady-miasta-gliwice-2\/","og_site_name":"24GLIWICE - Portal Gliwice | codziennie nowe informacje","article_publisher":"https:\/\/www.facebook.com\/24gliwice","article_author":"https:\/\/www.facebook.com\/marcin.fabrykowski","article_published_time":"2025-08-05T08:00:46+00:00","article_modified_time":"2025-08-07T18:23:16+00:00","og_image":[{"width":1118,"height":505,"url":"https:\/\/www.24gliwice.pl\/wiadomosci\/wp-content\/uploads\/2019\/04\/1-Herb_Gliwic_rada-miasta-001.jpg","type":"image\/jpeg"}],"author":"Marcin Fabrykowski","twitter_card":"summary_large_image","twitter_creator":"@24gliwice","twitter_site":"@24gliwice","twitter_misc":{"Napisane przez":"Marcin Fabrykowski","Szacowany czas czytania":"6 minut"},"schema":{"@context":"https:\/\/schema.org","@graph":[{"@type":"Article","@id":"https:\/\/www.24gliwice.pl\/wiadomosci\/xvi-sesja-rady-miasta-gliwice-2\/#article","isPartOf":{"@id":"https:\/\/www.24gliwice.pl\/wiadomosci\/xvi-sesja-rady-miasta-gliwice-2\/"},"author":{"name":"Marcin Fabrykowski","@id":"https:\/\/www.24gliwice.pl\/wiadomosci\/#\/schema\/person\/cb5857e4a4d048c15984c1edcc8ef0c0"},"headline":"XVI sesja Rady Miasta Gliwice","datePublished":"2025-08-05T08:00:46+00:00","dateModified":"2025-08-07T18:23:16+00:00","mainEntityOfPage":{"@id":"https:\/\/www.24gliwice.pl\/wiadomosci\/xvi-sesja-rady-miasta-gliwice-2\/"},"wordCount":1022,"publisher":{"@id":"https:\/\/www.24gliwice.pl\/wiadomosci\/#organization"},"image":{"@id":"https:\/\/www.24gliwice.pl\/wiadomosci\/xvi-sesja-rady-miasta-gliwice-2\/#primaryimage"},"thumbnailUrl":"https:\/\/www.24gliwice.pl\/wiadomosci\/wp-content\/uploads\/2019\/04\/1-Herb_Gliwic_rada-miasta-001.jpg","keywords":["RADA MIASTA","SESJA RADY MIASTA"],"articleSection":["Gliwice","Najnowsze wiadomo\u015bci","Samorz\u0105d, polityka"],"inLanguage":"pl-PL"},{"@type":"WebPage","@id":"https:\/\/www.24gliwice.pl\/wiadomosci\/xvi-sesja-rady-miasta-gliwice-2\/","url":"https:\/\/www.24gliwice.pl\/wiadomosci\/xvi-sesja-rady-miasta-gliwice-2\/","name":"XVI sesja Rady Miasta Gliwice - 24GLIWICE - Portal Gliwice | codziennie nowe informacje","isPartOf":{"@id":"https:\/\/www.24gliwice.pl\/wiadomosci\/#website"},"primaryImageOfPage":{"@id":"https:\/\/www.24gliwice.pl\/wiadomosci\/xvi-sesja-rady-miasta-gliwice-2\/#primaryimage"},"image":{"@id":"https:\/\/www.24gliwice.pl\/wiadomosci\/xvi-sesja-rady-miasta-gliwice-2\/#primaryimage"},"thumbnailUrl":"https:\/\/www.24gliwice.pl\/wiadomosci\/wp-content\/uploads\/2019\/04\/1-Herb_Gliwic_rada-miasta-001.jpg","datePublished":"2025-08-05T08:00:46+00:00","dateModified":"2025-08-07T18:23:16+00:00","breadcrumb":{"@id":"https:\/\/www.24gliwice.pl\/wiadomosci\/xvi-sesja-rady-miasta-gliwice-2\/#breadcrumb"},"inLanguage":"pl-PL","potentialAction":[{"@type":"ReadAction","target":["https:\/\/www.24gliwice.pl\/wiadomosci\/xvi-sesja-rady-miasta-gliwice-2\/"]}]},{"@type":"ImageObject","inLanguage":"pl-PL","@id":"https:\/\/www.24gliwice.pl\/wiadomosci\/xvi-sesja-rady-miasta-gliwice-2\/#primaryimage","url":"https:\/\/www.24gliwice.pl\/wiadomosci\/wp-content\/uploads\/2019\/04\/1-Herb_Gliwic_rada-miasta-001.jpg","contentUrl":"https:\/\/www.24gliwice.pl\/wiadomosci\/wp-content\/uploads\/2019\/04\/1-Herb_Gliwic_rada-miasta-001.jpg","width":1118,"height":505},{"@type":"BreadcrumbList","@id":"https:\/\/www.24gliwice.pl\/wiadomosci\/xvi-sesja-rady-miasta-gliwice-2\/#breadcrumb","itemListElement":[{"@type":"ListItem","position":1,"name":"Strona g\u0142\u00f3wna","item":"https:\/\/www.24gliwice.pl\/wiadomosci\/"},{"@type":"ListItem","position":2,"name":"XVI sesja Rady Miasta Gliwice"}]},{"@type":"WebSite","@id":"https:\/\/www.24gliwice.pl\/wiadomosci\/#website","url":"https:\/\/www.24gliwice.pl\/wiadomosci\/","name":"24GLIWICE - Portal Gliwice | codziennie nowe wiadomo\u015bci","description":"Portal Miejski Gliwice","publisher":{"@id":"https:\/\/www.24gliwice.pl\/wiadomosci\/#organization"},"potentialAction":[{"@type":"SearchAction","target":{"@type":"EntryPoint","urlTemplate":"https:\/\/www.24gliwice.pl\/wiadomosci\/?s={search_term_string}"},"query-input":{"@type":"PropertyValueSpecification","valueRequired":true,"valueName":"search_term_string"}}],"inLanguage":"pl-PL"},{"@type":"Organization","@id":"https:\/\/www.24gliwice.pl\/wiadomosci\/#organization","name":"24gliwice","url":"https:\/\/www.24gliwice.pl\/wiadomosci\/","logo":{"@type":"ImageObject","inLanguage":"pl-PL","@id":"https:\/\/www.24gliwice.pl\/wiadomosci\/#\/schema\/logo\/image\/","url":"https:\/\/www.24gliwice.pl\/wiadomosci\/wp-content\/uploads\/2024\/10\/24gliwice-logo-696.jpg","contentUrl":"https:\/\/www.24gliwice.pl\/wiadomosci\/wp-content\/uploads\/2024\/10\/24gliwice-logo-696.jpg","width":696,"height":696,"caption":"24gliwice"},"image":{"@id":"https:\/\/www.24gliwice.pl\/wiadomosci\/#\/schema\/logo\/image\/"},"sameAs":["https:\/\/www.facebook.com\/24gliwice","https:\/\/x.com\/24gliwice","https:\/\/www.youtube.com\/@24gliwice"]},{"@type":"Person","@id":"https:\/\/www.24gliwice.pl\/wiadomosci\/#\/schema\/person\/cb5857e4a4d048c15984c1edcc8ef0c0","name":"Marcin Fabrykowski","image":{"@type":"ImageObject","inLanguage":"pl-PL","@id":"https:\/\/www.24gliwice.pl\/wiadomosci\/wp-content\/uploads\/2025\/11\/zdjecie-moje-marcin-300-96x96.jpg","url":"https:\/\/www.24gliwice.pl\/wiadomosci\/wp-content\/uploads\/2025\/11\/zdjecie-moje-marcin-300-96x96.jpg","contentUrl":"https:\/\/www.24gliwice.pl\/wiadomosci\/wp-content\/uploads\/2025\/11\/zdjecie-moje-marcin-300-96x96.jpg","caption":"Marcin Fabrykowski"},"sameAs":["http:\/\/24gliwice.pl","https:\/\/www.facebook.com\/marcin.fabrykowski"],"url":"https:\/\/www.24gliwice.pl\/wiadomosci\/author\/marcin-fabrykowski\/"}]}},"_links":{"self":[{"href":"https:\/\/www.24gliwice.pl\/wiadomosci\/wp-json\/wp\/v2\/posts\/257954","targetHints":{"allow":["GET"]}}],"collection":[{"href":"https:\/\/www.24gliwice.pl\/wiadomosci\/wp-json\/wp\/v2\/posts"}],"about":[{"href":"https:\/\/www.24gliwice.pl\/wiadomosci\/wp-json\/wp\/v2\/types\/post"}],"author":[{"embeddable":true,"href":"https:\/\/www.24gliwice.pl\/wiadomosci\/wp-json\/wp\/v2\/users\/4"}],"replies":[{"embeddable":true,"href":"https:\/\/www.24gliwice.pl\/wiadomosci\/wp-json\/wp\/v2\/comments?post=257954"}],"version-history":[{"count":0,"href":"https:\/\/www.24gliwice.pl\/wiadomosci\/wp-json\/wp\/v2\/posts\/257954\/revisions"}],"wp:featuredmedia":[{"embeddable":true,"href":"https:\/\/www.24gliwice.pl\/wiadomosci\/wp-json\/wp\/v2\/media\/150626"}],"wp:attachment":[{"href":"https:\/\/www.24gliwice.pl\/wiadomosci\/wp-json\/wp\/v2\/media?parent=257954"}],"wp:term":[{"taxonomy":"category","embeddable":true,"href":"https:\/\/www.24gliwice.pl\/wiadomosci\/wp-json\/wp\/v2\/categories?post=257954"},{"taxonomy":"post_tag","embeddable":true,"href":"https:\/\/www.24gliwice.pl\/wiadomosci\/wp-json\/wp\/v2\/tags?post=257954"}],"curies":[{"name":"wp","href":"https:\/\/api.w.org\/{rel}","templated":true}]}}