{"id":258437,"date":"2025-10-10T05:25:34","date_gmt":"2025-10-10T03:25:34","guid":{"rendered":"https:\/\/www.24gliwice.pl\/wiadomosci\/?p=258437"},"modified":"2025-10-10T05:25:34","modified_gmt":"2025-10-10T03:25:34","slug":"pomnik-powstan-polskich-w-nowym-miejscu-oto-dwie-propozycje-kazda-lepsza-od-placu-krakowskiego","status":"publish","type":"post","link":"https:\/\/www.24gliwice.pl\/wiadomosci\/pomnik-powstan-polskich-w-nowym-miejscu-oto-dwie-propozycje-kazda-lepsza-od-placu-krakowskiego\/","title":{"rendered":"Pomnik Powsta\u0144 Polskich w nowym miejscu? Oto dwie propozycje, ka\u017cda lepsza od placu Krakowskiego"},"content":{"rendered":"<div class=\"gliwi-a6-nad-leadem-artykulow gliwi-entity-placement\" id=\"gliwi-2294097073\"><div class=\"gliwi-adlabel\"><span style=\"font-size: 9px\">REKLAMA<\/span><\/div><div id=\"gliwi-9293094\" style=\"margin-bottom: 30px;margin-left: auto;margin-right: auto;text-align: center;\"><a data-no-instant=\"1\" href=\"https:\/\/przedszkole.halogen.org.pl\/\" rel=\"noopener\" class=\"a2t-link\" target=\"_blank\" aria-label=\"20260402-ANIMATOR-przedszkole_grafika_750x200\"><img loading=\"lazy\" decoding=\"async\" src=\"https:\/\/www.24gliwice.pl\/wiadomosci\/wp-content\/uploads\/2026\/04\/20260402-ANIMATOR-przedszkole_grafika_750x200.webp\" alt=\"\"  srcset=\"https:\/\/www.24gliwice.pl\/wiadomosci\/wp-content\/uploads\/2026\/04\/20260402-ANIMATOR-przedszkole_grafika_750x200.webp 750w, https:\/\/www.24gliwice.pl\/wiadomosci\/wp-content\/uploads\/2026\/04\/20260402-ANIMATOR-przedszkole_grafika_750x200-410x109.webp 410w\" sizes=\"(max-width: 750px) 100vw, 750px\" class=\"no-lazyload\" width=\"750\" height=\"200\"  style=\"display: inline-block; max-width: 100%; height: auto;\" \/><\/a><\/div><\/div><h2>Pomnik Powsta\u0144 Polskich zas\u0142uguje na lepsz\u0105 lokalizacj\u0119 ni\u017c ta w s\u0105siedztwie  skateparku czy pojawiaj\u0105cego si\u0119 w tym miejscu cyrku. Usytuowanie monumentu na placu Krakowskim od pocz\u0105tku budzi\u0142o kontrowersje. I s\u0142usznie, bo decyzja o tej lokalizacji by\u0142a zwyczajnie fatalna.<\/h2>\n<p><!--more--><\/p>\n<p>Warto ju\u017c na samym pocz\u0105tku wyra\u017anie zaznaczy\u0107, \u017ceby unikn\u0105\u0107 nieporozumie\u0144. <strong>Chodzi o wyb\u00f3r lepszej lokalizacji, licuj\u0105cej z powag\u0105 pomnika i szacunkiem dla powsta\u0144, kt\u00f3re upami\u0119tnia<\/strong>, a nie o jego usuni\u0119cie. <\/p>\n<p>Przypomnijmy, z inicjatyw\u0105 budowy kilka lat temu wyst\u0105pi\u0142o Stowarzyszenie Pami\u0119ci Armii Krajowej Oddzia\u0142 Gliwice. SPAK zwr\u00f3ci\u0142 si\u0119 do magistratu z pro\u015bb\u0105 o wskazanie miejsca, gdzie b\u0119d\u0105 mog\u0142y odbywa\u0107 si\u0119 uroczysto\u015bci zwi\u0105zane z histori\u0105 Polski. Pomnik mia\u0142 by\u0107 punktem, wok\u00f3\u0142 kt\u00f3rego takie zgromadzenia b\u0119d\u0105 si\u0119 koncentrowa\u0107. Uchwa\u0142\u0119 o jego lokalizacji podj\u0119li gliwiccy radni w 2017 roku \u2013 w\u00f3wczas mia\u0142 on znajdowa\u0107 si\u0119 bli\u017cej ulicy Wroc\u0142awskiej, w bezpo\u015brednim s\u0105siedztwie \u015brodkowego wej\u015bcia na plac Krakowski. W 2018 roku pod obrady wniesiono propozycj\u0119 postawienia go w miejscu rozebranej sceny i tam w\u0142a\u015bnie stoi.<\/p><div class=\"gliwi-a3-w-tresci-artykulow gliwi-entity-placement\" id=\"gliwi-1384999379\"><div class=\"gliwi-adlabel\"><span style=\"font-size: 9px\">REKLAMA<\/span><\/div><div id=\"gliwi-2306807982\" style=\"margin-bottom: 30px;margin-left: auto;margin-right: auto;text-align: center;\"><a data-no-instant=\"1\" href=\"https:\/\/zlobek.halogen.org.pl\/\" rel=\"noopener\" class=\"a2t-link\" target=\"_blank\" aria-label=\"animator-zlobek_750x200\"><img loading=\"lazy\" decoding=\"async\" src=\"https:\/\/www.24gliwice.pl\/wiadomosci\/wp-content\/uploads\/2026\/02\/animator-zlobek_750x200.webp\" alt=\"\"  srcset=\"https:\/\/www.24gliwice.pl\/wiadomosci\/wp-content\/uploads\/2026\/02\/animator-zlobek_750x200.webp 750w, https:\/\/www.24gliwice.pl\/wiadomosci\/wp-content\/uploads\/2026\/02\/animator-zlobek_750x200-410x109.webp 410w\" sizes=\"(max-width: 750px) 100vw, 750px\" class=\"no-lazyload\" width=\"750\" height=\"200\"  style=\"display: inline-block; max-width: 100%; height: auto;\" \/><\/a><\/div><\/div>\n<p>Plac Krakowski od pocz\u0105tku by\u0142 jednak z\u0142ym wyborem. To miejsce od lat kojarzone jest z rozrywk\u0105, miejskimi imprezami czy handlem. To tutaj pojawia si\u0119 np. miasteczko foodtruck\u00f3w czy cyrk. Taki charakter miejsca, ugruntowany od wielu lat, nie licuje z powag\u0105 pomnika.<\/p>\n<p>Kto ma w\u0105tpliwo\u015bci, niech spojrzy na to zdj\u0119cie. Cyrk, dos\u0142ownie i w przeno\u015bni:<br \/>\n<img loading=\"lazy\" decoding=\"async\" src=\"https:\/\/www.24gliwice.pl\/wiadomosci\/wp-content\/uploads\/2024\/07\/pomnik-powstan-polskich-na-placu-krakowskim.jpg\" alt=\"\" width=\"810\" height=\"456\" class=\"aligncenter size-full wp-image-238431\" srcset=\"https:\/\/www.24gliwice.pl\/wiadomosci\/wp-content\/uploads\/2024\/07\/pomnik-powstan-polskich-na-placu-krakowskim.jpg 810w, https:\/\/www.24gliwice.pl\/wiadomosci\/wp-content\/uploads\/2024\/07\/pomnik-powstan-polskich-na-placu-krakowskim-410x232.jpg 410w, https:\/\/www.24gliwice.pl\/wiadomosci\/wp-content\/uploads\/2024\/07\/pomnik-powstan-polskich-na-placu-krakowskim-808x455.jpg 808w, https:\/\/www.24gliwice.pl\/wiadomosci\/wp-content\/uploads\/2024\/07\/pomnik-powstan-polskich-na-placu-krakowskim-768x432.jpg 768w\" sizes=\"auto, (max-width: 810px) 100vw, 810px\" \/><\/p>\n<h3>Miasto w lipcu 2024: Trwaj\u0105 rozmowy<\/h3>\n<p>Wydawa\u0142o si\u0119, \u017ce idei przeniesienia pomnika przychylne s\u0105 r\u00f3wnie\u017c obecne w\u0142adze miasta.<br \/>\n<em>\u2013 To jest miejsce, kt\u00f3re mo\u017cna by wykorzysta\u0107 dla gliwiczan w lepszy spos\u00f3b, mamy propozycje, trwaj\u0105 rozmowy z tym komitetem<\/em> \u2013 m\u00f3wi\u0142a o placu Krakowskim prezydent Gliwic <strong>Katarzyna Kuczy\u0144ska-Budka<\/strong> podczas spotkania z dziennikarzami w lipcu 2024 roku.<\/p>\n<p>Od tego czasu w temacie zapad\u0142a zupe\u0142na cisza. <\/p>\n<h3>Plac Pi\u0142sudskiego najbardziej oczywisty<\/h3>\n<p>Zastan\u00f3wmy si\u0119 wi\u0119c, gdzie pomnik m\u00f3g\u0142by stan\u0105\u0107, gdyby miasto uzna\u0142o, \u017ce nie da si\u0119 pogodzi\u0107 dotychczasowej i przysz\u0142ej funkcji placu Krakowskiego z charakterem i powag\u0105 pomnika Powsta\u0144 Polskich.<\/p>\n<p>Przede wszystkim plac Marsza\u0142ka J\u00f3zefa Pi\u0142sudskiego. Miejsce wydaje si\u0119 wr\u0119cz czeka\u0107 na monument. Na skraju placu na okr\u0105g\u0142ym podwy\u017cszeniu przed wojn\u0105 sta\u0142 zaginiony w niewyja\u015bnionych do dzisiaj okoliczno\u015bciach <a href=\"https:\/\/www.24gliwice.pl\/wiadomosci\/zaginiony-pomnik-giganta-na-placu-pilsudskiego-do-dzisiaj-nie-wiadomo-co-sie-z-nim-stalo\/\">pomnik giganta, cz\u0119\u015bciej nazywany pomnikiem robotnika<\/a>. Po wojnie pojawi\u0142 si\u0119 tam nies\u0142awny pomnik wdzi\u0119czno\u015bci z czerwon\u0105 gwiazd\u0105. Monument znikn\u0105\u0142 wraz z PRL-em, a miejsce od tego czasu pozostaje puste.<\/p>\n<p>A tak prezentowa\u0142by si\u0119 tu pomnik Powsta\u0144 Polskich: <\/p>\n<p><img loading=\"lazy\" decoding=\"async\" src=\"https:\/\/www.24gliwice.pl\/wiadomosci\/wp-content\/uploads\/2025\/08\/pomnik-powstan-polskich-nowe-lokalizacje-2.jpg\" alt=\"\" width=\"810\" height=\"456\" class=\"aligncenter size-full wp-image-258440\" srcset=\"https:\/\/www.24gliwice.pl\/wiadomosci\/wp-content\/uploads\/2025\/08\/pomnik-powstan-polskich-nowe-lokalizacje-2.jpg 810w, https:\/\/www.24gliwice.pl\/wiadomosci\/wp-content\/uploads\/2025\/08\/pomnik-powstan-polskich-nowe-lokalizacje-2-410x232.jpg 410w, https:\/\/www.24gliwice.pl\/wiadomosci\/wp-content\/uploads\/2025\/08\/pomnik-powstan-polskich-nowe-lokalizacje-2-808x455.jpg 808w, https:\/\/www.24gliwice.pl\/wiadomosci\/wp-content\/uploads\/2025\/08\/pomnik-powstan-polskich-nowe-lokalizacje-2-768x432.jpg 768w\" sizes=\"auto, (max-width: 810px) 100vw, 810px\" \/><\/p>\n<p>I jeszcze widok od strony fontanny:<\/p>\n<p><img loading=\"lazy\" decoding=\"async\" src=\"https:\/\/www.24gliwice.pl\/wiadomosci\/wp-content\/uploads\/2025\/08\/pomnik-powstan-polskich-nowe-lokalizacje-3.jpg\" alt=\"\" width=\"810\" height=\"457\" class=\"aligncenter size-full wp-image-258438\" srcset=\"https:\/\/www.24gliwice.pl\/wiadomosci\/wp-content\/uploads\/2025\/08\/pomnik-powstan-polskich-nowe-lokalizacje-3.jpg 810w, https:\/\/www.24gliwice.pl\/wiadomosci\/wp-content\/uploads\/2025\/08\/pomnik-powstan-polskich-nowe-lokalizacje-3-410x232.jpg 410w, https:\/\/www.24gliwice.pl\/wiadomosci\/wp-content\/uploads\/2025\/08\/pomnik-powstan-polskich-nowe-lokalizacje-3-806x455.jpg 806w, https:\/\/www.24gliwice.pl\/wiadomosci\/wp-content\/uploads\/2025\/08\/pomnik-powstan-polskich-nowe-lokalizacje-3-768x433.jpg 768w\" sizes=\"auto, (max-width: 810px) 100vw, 810px\" \/><\/p>\n<p>To miejsce spe\u0142nia wszystkie kryteria. Znajduje si\u0119 w centrum Gliwic, jest dobrze wyeksponowane, tutaj pod pomnikiem marsza\u0142ka najcz\u0119\u015bciej odbywaj\u0105 si\u0119 oficjalne uroczysto\u015bci patriotyczne.<\/p>\n<h3>A mo\u017ce na placu Piast\u00f3w?<\/h3>\n<p>Mniej oczywisty wyb\u00f3r, ale to nie znaczy, \u017ce z\u0142y.<br \/>\nPlac Piast\u00f3w to spory, p\u0142aski obszar, na kt\u00f3rym brakuje tzw. dominanty. Na pocz\u0105tku XX wieku sta\u0142 tu pomnik Germanii (st\u0105d przedwojenna nazwa placu Germaniaplatz).<\/p>\n<p>Zalety lokalizacji: \u015bcis\u0142e centrum miasta, znakomite wyeksponowanie.<\/p>\n<p><img loading=\"lazy\" decoding=\"async\" src=\"https:\/\/www.24gliwice.pl\/wiadomosci\/wp-content\/uploads\/2025\/08\/pomnik-powstan-polskich-nowe-lokalizacje-1.jpg\" alt=\"\" width=\"810\" height=\"456\" class=\"aligncenter size-full wp-image-258439\" srcset=\"https:\/\/www.24gliwice.pl\/wiadomosci\/wp-content\/uploads\/2025\/08\/pomnik-powstan-polskich-nowe-lokalizacje-1.jpg 810w, https:\/\/www.24gliwice.pl\/wiadomosci\/wp-content\/uploads\/2025\/08\/pomnik-powstan-polskich-nowe-lokalizacje-1-410x232.jpg 410w, https:\/\/www.24gliwice.pl\/wiadomosci\/wp-content\/uploads\/2025\/08\/pomnik-powstan-polskich-nowe-lokalizacje-1-808x455.jpg 808w, https:\/\/www.24gliwice.pl\/wiadomosci\/wp-content\/uploads\/2025\/08\/pomnik-powstan-polskich-nowe-lokalizacje-1-768x432.jpg 768w\" sizes=\"auto, (max-width: 810px) 100vw, 810px\" \/><\/p>\n<p>By\u0107 mo\u017ce rozpocz\u0119cie dyskusji o godnej lokalizacji pomnika Powsta\u0144 Polskich pomo\u017ce podj\u0105\u0107 w\u0142a\u015bciw\u0105 decyzj\u0119. Bez niepotrzebnych emocji, w duchu szacunku dla pami\u0119ci o wa\u017cnych wydarzeniach kt\u00f3re powinny nas \u0142\u0105czy\u0107 i zas\u0142uguj\u0105 na w\u0142a\u015bciwe upami\u0119tnienie.<\/p>\n<p>emef<\/p>\n<div class=\"gliwi-a5-na-koncu-artykulow gliwi-entity-placement\" id=\"gliwi-1514228828\"><div class=\"gliwi-adlabel\"><span style=\"font-size: 9px\">REKLAMA<\/span><\/div><div id=\"gliwi-2595916655\" style=\"margin-left: auto;margin-right: auto;text-align: center;\"><a data-no-instant=\"1\" href=\"https:\/\/prezeroarenagliwice.pl\/\" rel=\"noopener\" class=\"a2t-link\" target=\"_blank\" aria-label=\"20260309-PREZERO-WIOSNA-D\"><img loading=\"lazy\" decoding=\"async\" src=\"https:\/\/www.24gliwice.pl\/wiadomosci\/wp-content\/uploads\/2026\/03\/20260309-PREZERO-WIOSNA-D.webp\" alt=\"\"  srcset=\"https:\/\/www.24gliwice.pl\/wiadomosci\/wp-content\/uploads\/2026\/03\/20260309-PREZERO-WIOSNA-D.webp 750w, https:\/\/www.24gliwice.pl\/wiadomosci\/wp-content\/uploads\/2026\/03\/20260309-PREZERO-WIOSNA-D-410x109.webp 410w\" sizes=\"(max-width: 750px) 100vw, 750px\" class=\"no-lazyload\" width=\"750\" height=\"200\"  style=\"display: inline-block; max-width: 100%; height: auto;\" \/><\/a><\/div><\/div>","protected":false},"excerpt":{"rendered":"<p>Pomnik Powsta\u0144 Polskich zas\u0142uguje na lepsz\u0105 lokalizacj\u0119 ni\u017c ta w s\u0105siedztwie skateparku czy pojawiaj\u0105cego si\u0119 w tym miejscu cyrku. Usytuowanie monumentu na placu Krakowskim od pocz\u0105tku budzi\u0142o kontrowersje. I s\u0142usznie, bo decyzja o tej lokalizacji by\u0142a zwyczajnie fatalna.<\/p>\n","protected":false},"author":4,"featured_media":258441,"comment_status":"open","ping_status":"closed","sticky":false,"template":"","format":"standard","meta":{"_monsterinsights_skip_tracking":false,"_monsterinsights_sitenote_active":false,"_monsterinsights_sitenote_note":"","_monsterinsights_sitenote_category":0,"footnotes":"","_links_to":"","_links_to_target":""},"categories":[3,1,9,8],"tags":[2091,6814,10990],"class_list":["post-258437","post","type-post","status-publish","format-standard","has-post-thumbnail","hentry","category-gliwice","category-wszystko","category-aktualnosci_lokalne","category-samorzad_polityka","tag-plac-krakowski","tag-plac-piastow","tag-pomnik-powstan-polskich"],"yoast_head":"<!-- This site is optimized with the Yoast SEO plugin v27.5 - https:\/\/yoast.com\/product\/yoast-seo-wordpress\/ -->\n<title>Pomnik Powsta\u0144 Polskich w nowym miejscu? Oto dwie propozycje, ka\u017cda lepsza od placu Krakowskiego - 24GLIWICE - Portal Gliwice | codziennie nowe informacje<\/title>\n<meta name=\"robots\" content=\"index, follow, max-snippet:-1, max-image-preview:large, max-video-preview:-1\" \/>\n<link rel=\"canonical\" href=\"https:\/\/www.24gliwice.pl\/wiadomosci\/pomnik-powstan-polskich-w-nowym-miejscu-oto-dwie-propozycje-kazda-lepsza-od-placu-krakowskiego\/\" \/>\n<meta property=\"og:locale\" content=\"pl_PL\" \/>\n<meta property=\"og:type\" content=\"article\" \/>\n<meta property=\"og:title\" content=\"Pomnik Powsta\u0144 Polskich w nowym miejscu? Oto dwie propozycje, ka\u017cda lepsza od placu Krakowskiego - 24GLIWICE - Portal Gliwice | codziennie nowe informacje\" \/>\n<meta property=\"og:description\" content=\"Pomnik Powsta\u0144 Polskich zas\u0142uguje na lepsz\u0105 lokalizacj\u0119 ni\u017c ta w s\u0105siedztwie skateparku czy pojawiaj\u0105cego si\u0119 w tym miejscu cyrku. Usytuowanie monumentu na placu Krakowskim od pocz\u0105tku budzi\u0142o kontrowersje. I s\u0142usznie, bo decyzja o tej lokalizacji by\u0142a zwyczajnie fatalna.\" \/>\n<meta property=\"og:url\" content=\"https:\/\/www.24gliwice.pl\/wiadomosci\/pomnik-powstan-polskich-w-nowym-miejscu-oto-dwie-propozycje-kazda-lepsza-od-placu-krakowskiego\/\" \/>\n<meta property=\"og:site_name\" content=\"24GLIWICE - Portal Gliwice | codziennie nowe informacje\" \/>\n<meta property=\"article:publisher\" content=\"https:\/\/www.facebook.com\/24gliwice\" \/>\n<meta property=\"article:author\" content=\"https:\/\/www.facebook.com\/marcin.fabrykowski\" \/>\n<meta property=\"article:published_time\" content=\"2025-10-10T03:25:34+00:00\" \/>\n<meta property=\"og:image\" content=\"https:\/\/www.24gliwice.pl\/wiadomosci\/wp-content\/uploads\/2025\/08\/pomnik-powstan-gliwice-1.jpg\" \/>\n\t<meta property=\"og:image:width\" content=\"1000\" \/>\n\t<meta property=\"og:image:height\" content=\"562\" \/>\n\t<meta property=\"og:image:type\" content=\"image\/jpeg\" \/>\n<meta name=\"author\" content=\"Marcin Fabrykowski\" \/>\n<meta name=\"twitter:card\" content=\"summary_large_image\" \/>\n<meta name=\"twitter:creator\" content=\"@24gliwice\" \/>\n<meta name=\"twitter:site\" content=\"@24gliwice\" \/>\n<meta name=\"twitter:label1\" content=\"Napisane przez\" \/>\n\t<meta name=\"twitter:data1\" content=\"Marcin Fabrykowski\" \/>\n\t<meta name=\"twitter:label2\" content=\"Szacowany czas czytania\" \/>\n\t<meta name=\"twitter:data2\" content=\"4 minuty\" \/>\n<script type=\"application\/ld+json\" class=\"yoast-schema-graph\">{\"@context\":\"https:\\\/\\\/schema.org\",\"@graph\":[{\"@type\":\"Article\",\"@id\":\"https:\\\/\\\/www.24gliwice.pl\\\/wiadomosci\\\/pomnik-powstan-polskich-w-nowym-miejscu-oto-dwie-propozycje-kazda-lepsza-od-placu-krakowskiego\\\/#article\",\"isPartOf\":{\"@id\":\"https:\\\/\\\/www.24gliwice.pl\\\/wiadomosci\\\/pomnik-powstan-polskich-w-nowym-miejscu-oto-dwie-propozycje-kazda-lepsza-od-placu-krakowskiego\\\/\"},\"author\":{\"name\":\"Marcin Fabrykowski\",\"@id\":\"https:\\\/\\\/www.24gliwice.pl\\\/wiadomosci\\\/#\\\/schema\\\/person\\\/cb5857e4a4d048c15984c1edcc8ef0c0\"},\"headline\":\"Pomnik Powsta\u0144 Polskich w nowym miejscu? Oto dwie propozycje, ka\u017cda lepsza od placu Krakowskiego\",\"datePublished\":\"2025-10-10T03:25:34+00:00\",\"mainEntityOfPage\":{\"@id\":\"https:\\\/\\\/www.24gliwice.pl\\\/wiadomosci\\\/pomnik-powstan-polskich-w-nowym-miejscu-oto-dwie-propozycje-kazda-lepsza-od-placu-krakowskiego\\\/\"},\"wordCount\":588,\"commentCount\":54,\"publisher\":{\"@id\":\"https:\\\/\\\/www.24gliwice.pl\\\/wiadomosci\\\/#organization\"},\"image\":{\"@id\":\"https:\\\/\\\/www.24gliwice.pl\\\/wiadomosci\\\/pomnik-powstan-polskich-w-nowym-miejscu-oto-dwie-propozycje-kazda-lepsza-od-placu-krakowskiego\\\/#primaryimage\"},\"thumbnailUrl\":\"https:\\\/\\\/www.24gliwice.pl\\\/wiadomosci\\\/wp-content\\\/uploads\\\/2025\\\/08\\\/pomnik-powstan-gliwice-1.jpg\",\"keywords\":[\"PLAC KRAKOWSKI\",\"PLAC PIAST\u00d3W\",\"pomnik powsta\u0144 polskich\"],\"articleSection\":[\"Gliwice\",\"Najnowsze wiadomo\u015bci\",\"Portal Gliwice - Wiadomo\u015bci lokalne\",\"Samorz\u0105d, polityka\"],\"inLanguage\":\"pl-PL\",\"potentialAction\":[{\"@type\":\"CommentAction\",\"name\":\"Comment\",\"target\":[\"https:\\\/\\\/www.24gliwice.pl\\\/wiadomosci\\\/pomnik-powstan-polskich-w-nowym-miejscu-oto-dwie-propozycje-kazda-lepsza-od-placu-krakowskiego\\\/#respond\"]}]},{\"@type\":\"WebPage\",\"@id\":\"https:\\\/\\\/www.24gliwice.pl\\\/wiadomosci\\\/pomnik-powstan-polskich-w-nowym-miejscu-oto-dwie-propozycje-kazda-lepsza-od-placu-krakowskiego\\\/\",\"url\":\"https:\\\/\\\/www.24gliwice.pl\\\/wiadomosci\\\/pomnik-powstan-polskich-w-nowym-miejscu-oto-dwie-propozycje-kazda-lepsza-od-placu-krakowskiego\\\/\",\"name\":\"Pomnik Powsta\u0144 Polskich w nowym miejscu? Oto dwie propozycje, ka\u017cda lepsza od placu Krakowskiego - 24GLIWICE - Portal Gliwice | codziennie nowe informacje\",\"isPartOf\":{\"@id\":\"https:\\\/\\\/www.24gliwice.pl\\\/wiadomosci\\\/#website\"},\"primaryImageOfPage\":{\"@id\":\"https:\\\/\\\/www.24gliwice.pl\\\/wiadomosci\\\/pomnik-powstan-polskich-w-nowym-miejscu-oto-dwie-propozycje-kazda-lepsza-od-placu-krakowskiego\\\/#primaryimage\"},\"image\":{\"@id\":\"https:\\\/\\\/www.24gliwice.pl\\\/wiadomosci\\\/pomnik-powstan-polskich-w-nowym-miejscu-oto-dwie-propozycje-kazda-lepsza-od-placu-krakowskiego\\\/#primaryimage\"},\"thumbnailUrl\":\"https:\\\/\\\/www.24gliwice.pl\\\/wiadomosci\\\/wp-content\\\/uploads\\\/2025\\\/08\\\/pomnik-powstan-gliwice-1.jpg\",\"datePublished\":\"2025-10-10T03:25:34+00:00\",\"breadcrumb\":{\"@id\":\"https:\\\/\\\/www.24gliwice.pl\\\/wiadomosci\\\/pomnik-powstan-polskich-w-nowym-miejscu-oto-dwie-propozycje-kazda-lepsza-od-placu-krakowskiego\\\/#breadcrumb\"},\"inLanguage\":\"pl-PL\",\"potentialAction\":[{\"@type\":\"ReadAction\",\"target\":[\"https:\\\/\\\/www.24gliwice.pl\\\/wiadomosci\\\/pomnik-powstan-polskich-w-nowym-miejscu-oto-dwie-propozycje-kazda-lepsza-od-placu-krakowskiego\\\/\"]}]},{\"@type\":\"ImageObject\",\"inLanguage\":\"pl-PL\",\"@id\":\"https:\\\/\\\/www.24gliwice.pl\\\/wiadomosci\\\/pomnik-powstan-polskich-w-nowym-miejscu-oto-dwie-propozycje-kazda-lepsza-od-placu-krakowskiego\\\/#primaryimage\",\"url\":\"https:\\\/\\\/www.24gliwice.pl\\\/wiadomosci\\\/wp-content\\\/uploads\\\/2025\\\/08\\\/pomnik-powstan-gliwice-1.jpg\",\"contentUrl\":\"https:\\\/\\\/www.24gliwice.pl\\\/wiadomosci\\\/wp-content\\\/uploads\\\/2025\\\/08\\\/pomnik-powstan-gliwice-1.jpg\",\"width\":1000,\"height\":562},{\"@type\":\"BreadcrumbList\",\"@id\":\"https:\\\/\\\/www.24gliwice.pl\\\/wiadomosci\\\/pomnik-powstan-polskich-w-nowym-miejscu-oto-dwie-propozycje-kazda-lepsza-od-placu-krakowskiego\\\/#breadcrumb\",\"itemListElement\":[{\"@type\":\"ListItem\",\"position\":1,\"name\":\"Strona g\u0142\u00f3wna\",\"item\":\"https:\\\/\\\/www.24gliwice.pl\\\/wiadomosci\\\/\"},{\"@type\":\"ListItem\",\"position\":2,\"name\":\"Pomnik Powsta\u0144 Polskich w nowym miejscu? Oto dwie propozycje, ka\u017cda lepsza od placu Krakowskiego\"}]},{\"@type\":\"WebSite\",\"@id\":\"https:\\\/\\\/www.24gliwice.pl\\\/wiadomosci\\\/#website\",\"url\":\"https:\\\/\\\/www.24gliwice.pl\\\/wiadomosci\\\/\",\"name\":\"24GLIWICE - Portal Gliwice | codziennie nowe wiadomo\u015bci\",\"description\":\"Portal Miejski Gliwice\",\"publisher\":{\"@id\":\"https:\\\/\\\/www.24gliwice.pl\\\/wiadomosci\\\/#organization\"},\"potentialAction\":[{\"@type\":\"SearchAction\",\"target\":{\"@type\":\"EntryPoint\",\"urlTemplate\":\"https:\\\/\\\/www.24gliwice.pl\\\/wiadomosci\\\/?s={search_term_string}\"},\"query-input\":{\"@type\":\"PropertyValueSpecification\",\"valueRequired\":true,\"valueName\":\"search_term_string\"}}],\"inLanguage\":\"pl-PL\"},{\"@type\":\"Organization\",\"@id\":\"https:\\\/\\\/www.24gliwice.pl\\\/wiadomosci\\\/#organization\",\"name\":\"24gliwice\",\"url\":\"https:\\\/\\\/www.24gliwice.pl\\\/wiadomosci\\\/\",\"logo\":{\"@type\":\"ImageObject\",\"inLanguage\":\"pl-PL\",\"@id\":\"https:\\\/\\\/www.24gliwice.pl\\\/wiadomosci\\\/#\\\/schema\\\/logo\\\/image\\\/\",\"url\":\"https:\\\/\\\/www.24gliwice.pl\\\/wiadomosci\\\/wp-content\\\/uploads\\\/2024\\\/10\\\/24gliwice-logo-696.jpg\",\"contentUrl\":\"https:\\\/\\\/www.24gliwice.pl\\\/wiadomosci\\\/wp-content\\\/uploads\\\/2024\\\/10\\\/24gliwice-logo-696.jpg\",\"width\":696,\"height\":696,\"caption\":\"24gliwice\"},\"image\":{\"@id\":\"https:\\\/\\\/www.24gliwice.pl\\\/wiadomosci\\\/#\\\/schema\\\/logo\\\/image\\\/\"},\"sameAs\":[\"https:\\\/\\\/www.facebook.com\\\/24gliwice\",\"https:\\\/\\\/x.com\\\/24gliwice\",\"https:\\\/\\\/www.youtube.com\\\/@24gliwice\"]},{\"@type\":\"Person\",\"@id\":\"https:\\\/\\\/www.24gliwice.pl\\\/wiadomosci\\\/#\\\/schema\\\/person\\\/cb5857e4a4d048c15984c1edcc8ef0c0\",\"name\":\"Marcin Fabrykowski\",\"image\":{\"@type\":\"ImageObject\",\"inLanguage\":\"pl-PL\",\"@id\":\"https:\\\/\\\/www.24gliwice.pl\\\/wiadomosci\\\/wp-content\\\/uploads\\\/2025\\\/11\\\/zdjecie-moje-marcin-300-96x96.jpg\",\"url\":\"https:\\\/\\\/www.24gliwice.pl\\\/wiadomosci\\\/wp-content\\\/uploads\\\/2025\\\/11\\\/zdjecie-moje-marcin-300-96x96.jpg\",\"contentUrl\":\"https:\\\/\\\/www.24gliwice.pl\\\/wiadomosci\\\/wp-content\\\/uploads\\\/2025\\\/11\\\/zdjecie-moje-marcin-300-96x96.jpg\",\"caption\":\"Marcin Fabrykowski\"},\"sameAs\":[\"http:\\\/\\\/24gliwice.pl\",\"https:\\\/\\\/www.facebook.com\\\/marcin.fabrykowski\"],\"url\":\"https:\\\/\\\/www.24gliwice.pl\\\/wiadomosci\\\/author\\\/marcin-fabrykowski\\\/\"}]}<\/script>\n<!-- \/ Yoast SEO plugin. -->","yoast_head_json":{"title":"Pomnik Powsta\u0144 Polskich w nowym miejscu? Oto dwie propozycje, ka\u017cda lepsza od placu Krakowskiego - 24GLIWICE - Portal Gliwice | codziennie nowe informacje","robots":{"index":"index","follow":"follow","max-snippet":"max-snippet:-1","max-image-preview":"max-image-preview:large","max-video-preview":"max-video-preview:-1"},"canonical":"https:\/\/www.24gliwice.pl\/wiadomosci\/pomnik-powstan-polskich-w-nowym-miejscu-oto-dwie-propozycje-kazda-lepsza-od-placu-krakowskiego\/","og_locale":"pl_PL","og_type":"article","og_title":"Pomnik Powsta\u0144 Polskich w nowym miejscu? Oto dwie propozycje, ka\u017cda lepsza od placu Krakowskiego - 24GLIWICE - Portal Gliwice | codziennie nowe informacje","og_description":"Pomnik Powsta\u0144 Polskich zas\u0142uguje na lepsz\u0105 lokalizacj\u0119 ni\u017c ta w s\u0105siedztwie skateparku czy pojawiaj\u0105cego si\u0119 w tym miejscu cyrku. Usytuowanie monumentu na placu Krakowskim od pocz\u0105tku budzi\u0142o kontrowersje. I s\u0142usznie, bo decyzja o tej lokalizacji by\u0142a zwyczajnie fatalna.","og_url":"https:\/\/www.24gliwice.pl\/wiadomosci\/pomnik-powstan-polskich-w-nowym-miejscu-oto-dwie-propozycje-kazda-lepsza-od-placu-krakowskiego\/","og_site_name":"24GLIWICE - Portal Gliwice | codziennie nowe informacje","article_publisher":"https:\/\/www.facebook.com\/24gliwice","article_author":"https:\/\/www.facebook.com\/marcin.fabrykowski","article_published_time":"2025-10-10T03:25:34+00:00","og_image":[{"width":1000,"height":562,"url":"https:\/\/www.24gliwice.pl\/wiadomosci\/wp-content\/uploads\/2025\/08\/pomnik-powstan-gliwice-1.jpg","type":"image\/jpeg"}],"author":"Marcin Fabrykowski","twitter_card":"summary_large_image","twitter_creator":"@24gliwice","twitter_site":"@24gliwice","twitter_misc":{"Napisane przez":"Marcin Fabrykowski","Szacowany czas czytania":"4 minuty"},"schema":{"@context":"https:\/\/schema.org","@graph":[{"@type":"Article","@id":"https:\/\/www.24gliwice.pl\/wiadomosci\/pomnik-powstan-polskich-w-nowym-miejscu-oto-dwie-propozycje-kazda-lepsza-od-placu-krakowskiego\/#article","isPartOf":{"@id":"https:\/\/www.24gliwice.pl\/wiadomosci\/pomnik-powstan-polskich-w-nowym-miejscu-oto-dwie-propozycje-kazda-lepsza-od-placu-krakowskiego\/"},"author":{"name":"Marcin Fabrykowski","@id":"https:\/\/www.24gliwice.pl\/wiadomosci\/#\/schema\/person\/cb5857e4a4d048c15984c1edcc8ef0c0"},"headline":"Pomnik Powsta\u0144 Polskich w nowym miejscu? Oto dwie propozycje, ka\u017cda lepsza od placu Krakowskiego","datePublished":"2025-10-10T03:25:34+00:00","mainEntityOfPage":{"@id":"https:\/\/www.24gliwice.pl\/wiadomosci\/pomnik-powstan-polskich-w-nowym-miejscu-oto-dwie-propozycje-kazda-lepsza-od-placu-krakowskiego\/"},"wordCount":588,"commentCount":54,"publisher":{"@id":"https:\/\/www.24gliwice.pl\/wiadomosci\/#organization"},"image":{"@id":"https:\/\/www.24gliwice.pl\/wiadomosci\/pomnik-powstan-polskich-w-nowym-miejscu-oto-dwie-propozycje-kazda-lepsza-od-placu-krakowskiego\/#primaryimage"},"thumbnailUrl":"https:\/\/www.24gliwice.pl\/wiadomosci\/wp-content\/uploads\/2025\/08\/pomnik-powstan-gliwice-1.jpg","keywords":["PLAC KRAKOWSKI","PLAC PIAST\u00d3W","pomnik powsta\u0144 polskich"],"articleSection":["Gliwice","Najnowsze wiadomo\u015bci","Portal Gliwice - Wiadomo\u015bci lokalne","Samorz\u0105d, polityka"],"inLanguage":"pl-PL","potentialAction":[{"@type":"CommentAction","name":"Comment","target":["https:\/\/www.24gliwice.pl\/wiadomosci\/pomnik-powstan-polskich-w-nowym-miejscu-oto-dwie-propozycje-kazda-lepsza-od-placu-krakowskiego\/#respond"]}]},{"@type":"WebPage","@id":"https:\/\/www.24gliwice.pl\/wiadomosci\/pomnik-powstan-polskich-w-nowym-miejscu-oto-dwie-propozycje-kazda-lepsza-od-placu-krakowskiego\/","url":"https:\/\/www.24gliwice.pl\/wiadomosci\/pomnik-powstan-polskich-w-nowym-miejscu-oto-dwie-propozycje-kazda-lepsza-od-placu-krakowskiego\/","name":"Pomnik Powsta\u0144 Polskich w nowym miejscu? Oto dwie propozycje, ka\u017cda lepsza od placu Krakowskiego - 24GLIWICE - Portal Gliwice | codziennie nowe informacje","isPartOf":{"@id":"https:\/\/www.24gliwice.pl\/wiadomosci\/#website"},"primaryImageOfPage":{"@id":"https:\/\/www.24gliwice.pl\/wiadomosci\/pomnik-powstan-polskich-w-nowym-miejscu-oto-dwie-propozycje-kazda-lepsza-od-placu-krakowskiego\/#primaryimage"},"image":{"@id":"https:\/\/www.24gliwice.pl\/wiadomosci\/pomnik-powstan-polskich-w-nowym-miejscu-oto-dwie-propozycje-kazda-lepsza-od-placu-krakowskiego\/#primaryimage"},"thumbnailUrl":"https:\/\/www.24gliwice.pl\/wiadomosci\/wp-content\/uploads\/2025\/08\/pomnik-powstan-gliwice-1.jpg","datePublished":"2025-10-10T03:25:34+00:00","breadcrumb":{"@id":"https:\/\/www.24gliwice.pl\/wiadomosci\/pomnik-powstan-polskich-w-nowym-miejscu-oto-dwie-propozycje-kazda-lepsza-od-placu-krakowskiego\/#breadcrumb"},"inLanguage":"pl-PL","potentialAction":[{"@type":"ReadAction","target":["https:\/\/www.24gliwice.pl\/wiadomosci\/pomnik-powstan-polskich-w-nowym-miejscu-oto-dwie-propozycje-kazda-lepsza-od-placu-krakowskiego\/"]}]},{"@type":"ImageObject","inLanguage":"pl-PL","@id":"https:\/\/www.24gliwice.pl\/wiadomosci\/pomnik-powstan-polskich-w-nowym-miejscu-oto-dwie-propozycje-kazda-lepsza-od-placu-krakowskiego\/#primaryimage","url":"https:\/\/www.24gliwice.pl\/wiadomosci\/wp-content\/uploads\/2025\/08\/pomnik-powstan-gliwice-1.jpg","contentUrl":"https:\/\/www.24gliwice.pl\/wiadomosci\/wp-content\/uploads\/2025\/08\/pomnik-powstan-gliwice-1.jpg","width":1000,"height":562},{"@type":"BreadcrumbList","@id":"https:\/\/www.24gliwice.pl\/wiadomosci\/pomnik-powstan-polskich-w-nowym-miejscu-oto-dwie-propozycje-kazda-lepsza-od-placu-krakowskiego\/#breadcrumb","itemListElement":[{"@type":"ListItem","position":1,"name":"Strona g\u0142\u00f3wna","item":"https:\/\/www.24gliwice.pl\/wiadomosci\/"},{"@type":"ListItem","position":2,"name":"Pomnik Powsta\u0144 Polskich w nowym miejscu? Oto dwie propozycje, ka\u017cda lepsza od placu Krakowskiego"}]},{"@type":"WebSite","@id":"https:\/\/www.24gliwice.pl\/wiadomosci\/#website","url":"https:\/\/www.24gliwice.pl\/wiadomosci\/","name":"24GLIWICE - Portal Gliwice | codziennie nowe wiadomo\u015bci","description":"Portal Miejski Gliwice","publisher":{"@id":"https:\/\/www.24gliwice.pl\/wiadomosci\/#organization"},"potentialAction":[{"@type":"SearchAction","target":{"@type":"EntryPoint","urlTemplate":"https:\/\/www.24gliwice.pl\/wiadomosci\/?s={search_term_string}"},"query-input":{"@type":"PropertyValueSpecification","valueRequired":true,"valueName":"search_term_string"}}],"inLanguage":"pl-PL"},{"@type":"Organization","@id":"https:\/\/www.24gliwice.pl\/wiadomosci\/#organization","name":"24gliwice","url":"https:\/\/www.24gliwice.pl\/wiadomosci\/","logo":{"@type":"ImageObject","inLanguage":"pl-PL","@id":"https:\/\/www.24gliwice.pl\/wiadomosci\/#\/schema\/logo\/image\/","url":"https:\/\/www.24gliwice.pl\/wiadomosci\/wp-content\/uploads\/2024\/10\/24gliwice-logo-696.jpg","contentUrl":"https:\/\/www.24gliwice.pl\/wiadomosci\/wp-content\/uploads\/2024\/10\/24gliwice-logo-696.jpg","width":696,"height":696,"caption":"24gliwice"},"image":{"@id":"https:\/\/www.24gliwice.pl\/wiadomosci\/#\/schema\/logo\/image\/"},"sameAs":["https:\/\/www.facebook.com\/24gliwice","https:\/\/x.com\/24gliwice","https:\/\/www.youtube.com\/@24gliwice"]},{"@type":"Person","@id":"https:\/\/www.24gliwice.pl\/wiadomosci\/#\/schema\/person\/cb5857e4a4d048c15984c1edcc8ef0c0","name":"Marcin Fabrykowski","image":{"@type":"ImageObject","inLanguage":"pl-PL","@id":"https:\/\/www.24gliwice.pl\/wiadomosci\/wp-content\/uploads\/2025\/11\/zdjecie-moje-marcin-300-96x96.jpg","url":"https:\/\/www.24gliwice.pl\/wiadomosci\/wp-content\/uploads\/2025\/11\/zdjecie-moje-marcin-300-96x96.jpg","contentUrl":"https:\/\/www.24gliwice.pl\/wiadomosci\/wp-content\/uploads\/2025\/11\/zdjecie-moje-marcin-300-96x96.jpg","caption":"Marcin Fabrykowski"},"sameAs":["http:\/\/24gliwice.pl","https:\/\/www.facebook.com\/marcin.fabrykowski"],"url":"https:\/\/www.24gliwice.pl\/wiadomosci\/author\/marcin-fabrykowski\/"}]}},"_links":{"self":[{"href":"https:\/\/www.24gliwice.pl\/wiadomosci\/wp-json\/wp\/v2\/posts\/258437","targetHints":{"allow":["GET"]}}],"collection":[{"href":"https:\/\/www.24gliwice.pl\/wiadomosci\/wp-json\/wp\/v2\/posts"}],"about":[{"href":"https:\/\/www.24gliwice.pl\/wiadomosci\/wp-json\/wp\/v2\/types\/post"}],"author":[{"embeddable":true,"href":"https:\/\/www.24gliwice.pl\/wiadomosci\/wp-json\/wp\/v2\/users\/4"}],"replies":[{"embeddable":true,"href":"https:\/\/www.24gliwice.pl\/wiadomosci\/wp-json\/wp\/v2\/comments?post=258437"}],"version-history":[{"count":0,"href":"https:\/\/www.24gliwice.pl\/wiadomosci\/wp-json\/wp\/v2\/posts\/258437\/revisions"}],"wp:featuredmedia":[{"embeddable":true,"href":"https:\/\/www.24gliwice.pl\/wiadomosci\/wp-json\/wp\/v2\/media\/258441"}],"wp:attachment":[{"href":"https:\/\/www.24gliwice.pl\/wiadomosci\/wp-json\/wp\/v2\/media?parent=258437"}],"wp:term":[{"taxonomy":"category","embeddable":true,"href":"https:\/\/www.24gliwice.pl\/wiadomosci\/wp-json\/wp\/v2\/categories?post=258437"},{"taxonomy":"post_tag","embeddable":true,"href":"https:\/\/www.24gliwice.pl\/wiadomosci\/wp-json\/wp\/v2\/tags?post=258437"}],"curies":[{"name":"wp","href":"https:\/\/api.w.org\/{rel}","templated":true}]}}