{"id":259273,"date":"2025-09-04T17:49:54","date_gmt":"2025-09-04T15:49:54","guid":{"rendered":"https:\/\/www.24gliwice.pl\/wiadomosci\/?p=259273"},"modified":"2025-09-04T17:50:09","modified_gmt":"2025-09-04T15:50:09","slug":"jak-nosic-apaszki-jedwabne-recznie-malowane","status":"publish","type":"post","link":"https:\/\/www.24gliwice.pl\/wiadomosci\/jak-nosic-apaszki-jedwabne-recznie-malowane\/","title":{"rendered":"Jak nosi\u0107 apaszki jedwabne r\u0119cznie malowane?"},"content":{"rendered":"<h4>Apaszki jedwabne r\u0119cznie malowane od lat s\u0105 synonimem elegancji i indywidualnego stylu. Ten ponadczasowy dodatek sprawia, \u017ce nawet najprostsza stylizacja nabiera charakteru. Wiele os\u00f3b zastanawia si\u0119 jednak, jak je nosi\u0107, aby wygl\u0105da\u0107 modnie i jednocze\u015bnie czu\u0107 si\u0119 swobodnie. Oto praktyczny przewodnik, kt\u00f3ry poka\u017ce r\u00f3\u017cne sposoby wykorzystania apaszek w codziennych i wyj\u0105tkowych zestawach.<\/h4>\n<p>&nbsp;<\/p>\n<h2>Dlaczego warto wybiera\u0107 apaszki jedwabne r\u0119cznie malowane?<\/h2>\n<p>R\u0119cznie malowane dodatki s\u0105 niepowtarzalne &#8211; ka\u017cdy egzemplarz r\u00f3\u017cni si\u0119 detalami, a dzi\u0119ki temu podkre\u015bla indywidualno\u015b\u0107 w\u0142a\u015bcicielki. Jedwab jest te\u017c materia\u0142em szlachetnym, lekkim i przewiewnym, co sprawia, \u017ce mo\u017cna nosi\u0107 go zar\u00f3wno latem, jak i zim\u0105. <strong>Apaszki jedwabne r\u0119cznie malowane<\/strong> pe\u0142ni\u0105 funkcj\u0119 praktyczn\u0105 i dekoracyjn\u0105: chroni\u0105 szyj\u0119 przed ch\u0142odem, a jednocze\u015bnie stanowi\u0105 efektown\u0105 ozdob\u0119.<\/p>\n<h2>Klasyczne sposoby wi\u0105zania apaszki<\/h2>\n<p>Najprostszym rozwi\u0105zaniem jest zawi\u0105zanie jej wok\u00f3\u0142 szyi. Mo\u017cna to zrobi\u0107 na kilka sposob\u00f3w:<\/p>\n<ul>\n<li>\n<p>klasyczny w\u0119ze\u0142 &#8211; apaszka z\u0142o\u017cona w tr\u00f3jk\u0105t i przewi\u0105zana na przodzie daje elegancki efekt,<\/p>\n<\/li>\n<li>\n<p>podw\u00f3jne owini\u0119cie &#8211; idealne do p\u0142aszcza lub marynarki, sprawdza si\u0119 w ch\u0142odniejsze dni,<\/p>\n<\/li>\n<li>\n<p>kokarda &#8211; dodaje lekko\u015bci i kobieco\u015bci, pasuje do koszuli i sukienek.<\/p>\n<\/li>\n<\/ul>\n<p>Ka\u017cda z tych metod pozwala uzyska\u0107 odmienny charakter stylizacji &#8211; od biznesowej po romantyczn\u0105.<\/p>\n<p>Po <strong>apaszki jedwabne r\u0119cznie malowane<\/strong> zapraszamy do sklepu: <strong><a href=\"https:\/\/aquarelia.pl\/apaszki-jedwabne-recznie-malowane\">aquarelia.pl\/apaszki-jedwabne-recznie-malowane<\/a><\/strong><\/p>\n<h2>Jak nosi\u0107 apaszki w nowoczesny spos\u00f3b?<\/h2>\n<p>W ostatnich latach <strong>apaszki jedwabne r\u0119cznie malowane<\/strong> wr\u00f3ci\u0142y do mody w od\u015bwie\u017conej formie. Nie trzeba ogranicza\u0107 si\u0119 wy\u0142\u0105cznie do noszenia ich na szyi. Coraz cz\u0119\u015bciej wykorzystuje si\u0119 je jako:<\/p>\n<ul>\n<li>\n<p>opask\u0119 na w\u0142osy, kt\u00f3ra nadaje fryzurze francuskiego szyku,<\/p>\n<\/li>\n<li>\n<p>pasek do spodni, podkre\u015blaj\u0105cy tali\u0119 i dodaj\u0105cy stylizacji koloru,<\/p>\n<\/li>\n<li>\n<p>ozdob\u0119 torebki &#8211; zawi\u0105zana na r\u0105czce apaszka odmienia wygl\u0105d nawet najprostszej torby.<\/p>\n<\/li>\n<\/ul>\n<p>Takie nietypowe zastosowania sprawiaj\u0105, \u017ce jedna apaszka mo\u017ce pe\u0142ni\u0107 wiele funkcji i pasowa\u0107 do r\u00f3\u017cnych okazji.<\/p>\n<h2>Stylizacje na r\u00f3\u017cne okazje<\/h2>\n<p>Apaszki z jedwabiu \u015bwietnie sprawdzaj\u0105 si\u0119 zar\u00f3wno w eleganckich, jak i codziennych zestawach. Do pracy mo\u017cna po\u0142\u0105czy\u0107 je z bia\u0142\u0105 koszul\u0105 i marynark\u0105, co doda profesjonalizmu. Na spotkanie ze znajomymi wystarczy zarzuci\u0107 apaszk\u0119 na ramiona w lu\u017any spos\u00f3b, tworz\u0105c artystyczn\u0105 stylizacj\u0119. Na wieczorne wyj\u015bcie sprawdzi si\u0119 apaszka wpleciona we w\u0142osy lub zast\u0119puj\u0105ca naszyjnik.<\/p>\n<h2>Jak dba\u0107 o apaszki jedwabne r\u0119cznie malowane?<\/h2>\n<p>Jedwab wymaga odpowiedniej piel\u0119gnacji. Najlepiej pra\u0107 go r\u0119cznie w letniej wodzie z dodatkiem delikatnego p\u0142ynu i suszy\u0107 na p\u0142asko, unikaj\u0105c silnego wykr\u0119cania. Dzi\u0119ki temu apaszka zachowa sw\u00f3j kolor i kszta\u0142t przez lata.\u00a0<\/p>\n<h2>Apaszka jako inwestycja w styl<\/h2>\n<p><strong>R\u0119cznie malowane apaszki jedwabne<\/strong> nie s\u0105 tylko dodatkiem, ale tak\u017ce ma\u0142ym dzie\u0142em sztuki. Ka\u017cdy model jest unikalny, co sprawia, \u017ce zakup takiego akcesorium to nie tylko wyb\u00f3r modowy, ale i inwestycja w co\u015b ponadczasowego. To w\u0142a\u015bnie detal, kt\u00f3ry mo\u017ce ca\u0142kowicie odmieni\u0107 charakter stylizacji.<\/p>\n<h2>Apaszka jedwabna &#8211; detal, kt\u00f3ry dodaje charakteru<\/h2>\n<p><strong>Apaszki jedwabne r\u0119cznie malowane<\/strong> to wszechstronny dodatek, kt\u00f3ry pasuje do wielu okazji i pozwala eksperymentowa\u0107 ze stylem. Mo\u017cesz nosi\u0107 je na szyi, we w\u0142osach, przy torebce czy jako pasek &#8211; zawsze wnios\u0105 do stylizacji nut\u0119 oryginalno\u015bci. Je\u015bli chcesz podkre\u015bli\u0107 sw\u00f3j indywidualny charakter i jednocze\u015bnie zyska\u0107 praktyczny element garderoby, si\u0119gnij po r\u0119cznie malowan\u0105 apaszk\u0119. Sprawd\u017a kolekcj\u0119 i znajd\u017a wz\u00f3r, kt\u00f3ry najlepiej wyrazi Twoj\u0105 osobowo\u015b\u0107.<\/p>\n<h2>Apaszki jedwabne r\u0119cznie malowane &#8211; Sklep Aquarelia<\/h2>\n<p>Adres:<br \/>ul. \u0141\u0105kowa 12B\/2, 05-807 \u017b\u00f3\u0142win<\/p>\n<p>Telefon:\u00a0+48 453 388 799<\/p>\n<p>Strona WWW:<br \/><a href=\"https:\/\/aquarelia.pl\/\">https:\/\/aquarelia.pl\/<\/a><\/p>\n<p>NIP: 1132773509<\/p>\n<div id=\"gliwi-1628187088\"><small>materia\u0142 partnera | <a href=\"https:\/\/www.24gliwice.pl\/wiadomosci\/material-partnera-warunki\/\" target=\"_blank\" rel=\"noopener\">informacja<\/a><\/small><\/div>\n","protected":false},"excerpt":{"rendered":"<p>Apaszki jedwabne r\u0119cznie malowane od lat s\u0105 synonimem elegancji i indywidualnego stylu. Ten ponadczasowy dodatek sprawia, \u017ce nawet najprostsza stylizacja nabiera charakteru. Wiele os\u00f3b zastanawia si\u0119 jednak, jak je nosi\u0107, aby wygl\u0105da\u0107 modnie i jednocze\u015bnie czu\u0107 si\u0119 swobodnie. Oto praktyczny przewodnik, kt\u00f3ry poka\u017ce r\u00f3\u017cne sposoby wykorzystania apaszek w codziennych i wyj\u0105tkowych zestawach. &nbsp; Dlaczego warto [&hellip;]<\/p>\n","protected":false},"author":4,"featured_media":259274,"comment_status":"closed","ping_status":"closed","sticky":false,"template":"","format":"standard","meta":{"_monsterinsights_skip_tracking":false,"_monsterinsights_sitenote_active":false,"_monsterinsights_sitenote_note":"","_monsterinsights_sitenote_category":0,"footnotes":"","_links_to":"","_links_to_target":""},"categories":[22470],"tags":[],"class_list":["post-259273","post","type-post","status-publish","format-standard","has-post-thumbnail","hentry","category-material_p"],"yoast_head":"<!-- This site is optimized with the Yoast SEO plugin v27.4 - https:\/\/yoast.com\/product\/yoast-seo-wordpress\/ -->\n<title>Jak nosi\u0107 apaszki jedwabne r\u0119cznie malowane? - 24GLIWICE - Portal Gliwice | codziennie nowe informacje<\/title>\n<meta name=\"robots\" content=\"index, follow, max-snippet:-1, max-image-preview:large, max-video-preview:-1\" \/>\n<link rel=\"canonical\" href=\"https:\/\/www.24gliwice.pl\/wiadomosci\/jak-nosic-apaszki-jedwabne-recznie-malowane\/\" \/>\n<meta property=\"og:locale\" content=\"pl_PL\" \/>\n<meta property=\"og:type\" content=\"article\" \/>\n<meta property=\"og:title\" content=\"Jak nosi\u0107 apaszki jedwabne r\u0119cznie malowane? - 24GLIWICE - Portal Gliwice | codziennie nowe informacje\" \/>\n<meta property=\"og:description\" content=\"Apaszki jedwabne r\u0119cznie malowane od lat s\u0105 synonimem elegancji i indywidualnego stylu. Ten ponadczasowy dodatek sprawia, \u017ce nawet najprostsza stylizacja nabiera charakteru. Wiele os\u00f3b zastanawia si\u0119 jednak, jak je nosi\u0107, aby wygl\u0105da\u0107 modnie i jednocze\u015bnie czu\u0107 si\u0119 swobodnie. Oto praktyczny przewodnik, kt\u00f3ry poka\u017ce r\u00f3\u017cne sposoby wykorzystania apaszek w codziennych i wyj\u0105tkowych zestawach. &nbsp; Dlaczego warto [&hellip;]\" \/>\n<meta property=\"og:url\" content=\"https:\/\/www.24gliwice.pl\/wiadomosci\/jak-nosic-apaszki-jedwabne-recznie-malowane\/\" \/>\n<meta property=\"og:site_name\" content=\"24GLIWICE - Portal Gliwice | codziennie nowe informacje\" \/>\n<meta property=\"article:publisher\" content=\"https:\/\/www.facebook.com\/24gliwice\" \/>\n<meta property=\"article:author\" content=\"https:\/\/www.facebook.com\/marcin.fabrykowski\" \/>\n<meta property=\"article:published_time\" content=\"2025-09-04T15:49:54+00:00\" \/>\n<meta property=\"article:modified_time\" content=\"2025-09-04T15:50:09+00:00\" \/>\n<meta property=\"og:image\" content=\"https:\/\/www.24gliwice.pl\/wiadomosci\/wp-content\/uploads\/2025\/09\/Apaszki-jedwabne-recznie-malowane-Sklep-Aquarelia.jpg\" \/>\n\t<meta property=\"og:image:width\" content=\"810\" \/>\n\t<meta property=\"og:image:height\" content=\"423\" \/>\n\t<meta property=\"og:image:type\" content=\"image\/jpeg\" \/>\n<meta name=\"author\" content=\"Marcin Fabrykowski\" \/>\n<meta name=\"twitter:card\" content=\"summary_large_image\" \/>\n<meta name=\"twitter:creator\" content=\"@24gliwice\" \/>\n<meta name=\"twitter:site\" content=\"@24gliwice\" \/>\n<meta name=\"twitter:label1\" content=\"Napisane przez\" \/>\n\t<meta name=\"twitter:data1\" content=\"Marcin Fabrykowski\" \/>\n\t<meta name=\"twitter:label2\" content=\"Szacowany czas czytania\" \/>\n\t<meta name=\"twitter:data2\" content=\"1 minuta\" \/>\n<script type=\"application\/ld+json\" class=\"yoast-schema-graph\">{\"@context\":\"https:\\\/\\\/schema.org\",\"@graph\":[{\"@type\":\"Article\",\"@id\":\"https:\\\/\\\/www.24gliwice.pl\\\/wiadomosci\\\/jak-nosic-apaszki-jedwabne-recznie-malowane\\\/#article\",\"isPartOf\":{\"@id\":\"https:\\\/\\\/www.24gliwice.pl\\\/wiadomosci\\\/jak-nosic-apaszki-jedwabne-recznie-malowane\\\/\"},\"author\":{\"name\":\"Marcin Fabrykowski\",\"@id\":\"https:\\\/\\\/www.24gliwice.pl\\\/wiadomosci\\\/#\\\/schema\\\/person\\\/cb5857e4a4d048c15984c1edcc8ef0c0\"},\"headline\":\"Jak nosi\u0107 apaszki jedwabne r\u0119cznie malowane?\",\"datePublished\":\"2025-09-04T15:49:54+00:00\",\"dateModified\":\"2025-09-04T15:50:09+00:00\",\"mainEntityOfPage\":{\"@id\":\"https:\\\/\\\/www.24gliwice.pl\\\/wiadomosci\\\/jak-nosic-apaszki-jedwabne-recznie-malowane\\\/\"},\"wordCount\":626,\"publisher\":{\"@id\":\"https:\\\/\\\/www.24gliwice.pl\\\/wiadomosci\\\/#organization\"},\"image\":{\"@id\":\"https:\\\/\\\/www.24gliwice.pl\\\/wiadomosci\\\/jak-nosic-apaszki-jedwabne-recznie-malowane\\\/#primaryimage\"},\"thumbnailUrl\":\"https:\\\/\\\/www.24gliwice.pl\\\/wiadomosci\\\/wp-content\\\/uploads\\\/2025\\\/09\\\/Apaszki-jedwabne-recznie-malowane-Sklep-Aquarelia.jpg\",\"articleSection\":[\"materia\u0142 partnera\"],\"inLanguage\":\"pl-PL\"},{\"@type\":\"WebPage\",\"@id\":\"https:\\\/\\\/www.24gliwice.pl\\\/wiadomosci\\\/jak-nosic-apaszki-jedwabne-recznie-malowane\\\/\",\"url\":\"https:\\\/\\\/www.24gliwice.pl\\\/wiadomosci\\\/jak-nosic-apaszki-jedwabne-recznie-malowane\\\/\",\"name\":\"Jak nosi\u0107 apaszki jedwabne r\u0119cznie malowane? - 24GLIWICE - Portal Gliwice | codziennie nowe informacje\",\"isPartOf\":{\"@id\":\"https:\\\/\\\/www.24gliwice.pl\\\/wiadomosci\\\/#website\"},\"primaryImageOfPage\":{\"@id\":\"https:\\\/\\\/www.24gliwice.pl\\\/wiadomosci\\\/jak-nosic-apaszki-jedwabne-recznie-malowane\\\/#primaryimage\"},\"image\":{\"@id\":\"https:\\\/\\\/www.24gliwice.pl\\\/wiadomosci\\\/jak-nosic-apaszki-jedwabne-recznie-malowane\\\/#primaryimage\"},\"thumbnailUrl\":\"https:\\\/\\\/www.24gliwice.pl\\\/wiadomosci\\\/wp-content\\\/uploads\\\/2025\\\/09\\\/Apaszki-jedwabne-recznie-malowane-Sklep-Aquarelia.jpg\",\"datePublished\":\"2025-09-04T15:49:54+00:00\",\"dateModified\":\"2025-09-04T15:50:09+00:00\",\"breadcrumb\":{\"@id\":\"https:\\\/\\\/www.24gliwice.pl\\\/wiadomosci\\\/jak-nosic-apaszki-jedwabne-recznie-malowane\\\/#breadcrumb\"},\"inLanguage\":\"pl-PL\",\"potentialAction\":[{\"@type\":\"ReadAction\",\"target\":[\"https:\\\/\\\/www.24gliwice.pl\\\/wiadomosci\\\/jak-nosic-apaszki-jedwabne-recznie-malowane\\\/\"]}]},{\"@type\":\"ImageObject\",\"inLanguage\":\"pl-PL\",\"@id\":\"https:\\\/\\\/www.24gliwice.pl\\\/wiadomosci\\\/jak-nosic-apaszki-jedwabne-recznie-malowane\\\/#primaryimage\",\"url\":\"https:\\\/\\\/www.24gliwice.pl\\\/wiadomosci\\\/wp-content\\\/uploads\\\/2025\\\/09\\\/Apaszki-jedwabne-recznie-malowane-Sklep-Aquarelia.jpg\",\"contentUrl\":\"https:\\\/\\\/www.24gliwice.pl\\\/wiadomosci\\\/wp-content\\\/uploads\\\/2025\\\/09\\\/Apaszki-jedwabne-recznie-malowane-Sklep-Aquarelia.jpg\",\"width\":810,\"height\":423},{\"@type\":\"BreadcrumbList\",\"@id\":\"https:\\\/\\\/www.24gliwice.pl\\\/wiadomosci\\\/jak-nosic-apaszki-jedwabne-recznie-malowane\\\/#breadcrumb\",\"itemListElement\":[{\"@type\":\"ListItem\",\"position\":1,\"name\":\"Strona g\u0142\u00f3wna\",\"item\":\"https:\\\/\\\/www.24gliwice.pl\\\/wiadomosci\\\/\"},{\"@type\":\"ListItem\",\"position\":2,\"name\":\"Jak nosi\u0107 apaszki jedwabne r\u0119cznie malowane?\"}]},{\"@type\":\"WebSite\",\"@id\":\"https:\\\/\\\/www.24gliwice.pl\\\/wiadomosci\\\/#website\",\"url\":\"https:\\\/\\\/www.24gliwice.pl\\\/wiadomosci\\\/\",\"name\":\"24GLIWICE - Portal Gliwice | codziennie nowe wiadomo\u015bci\",\"description\":\"Portal Miejski Gliwice\",\"publisher\":{\"@id\":\"https:\\\/\\\/www.24gliwice.pl\\\/wiadomosci\\\/#organization\"},\"potentialAction\":[{\"@type\":\"SearchAction\",\"target\":{\"@type\":\"EntryPoint\",\"urlTemplate\":\"https:\\\/\\\/www.24gliwice.pl\\\/wiadomosci\\\/?s={search_term_string}\"},\"query-input\":{\"@type\":\"PropertyValueSpecification\",\"valueRequired\":true,\"valueName\":\"search_term_string\"}}],\"inLanguage\":\"pl-PL\"},{\"@type\":\"Organization\",\"@id\":\"https:\\\/\\\/www.24gliwice.pl\\\/wiadomosci\\\/#organization\",\"name\":\"24gliwice\",\"url\":\"https:\\\/\\\/www.24gliwice.pl\\\/wiadomosci\\\/\",\"logo\":{\"@type\":\"ImageObject\",\"inLanguage\":\"pl-PL\",\"@id\":\"https:\\\/\\\/www.24gliwice.pl\\\/wiadomosci\\\/#\\\/schema\\\/logo\\\/image\\\/\",\"url\":\"https:\\\/\\\/www.24gliwice.pl\\\/wiadomosci\\\/wp-content\\\/uploads\\\/2024\\\/10\\\/24gliwice-logo-696.jpg\",\"contentUrl\":\"https:\\\/\\\/www.24gliwice.pl\\\/wiadomosci\\\/wp-content\\\/uploads\\\/2024\\\/10\\\/24gliwice-logo-696.jpg\",\"width\":696,\"height\":696,\"caption\":\"24gliwice\"},\"image\":{\"@id\":\"https:\\\/\\\/www.24gliwice.pl\\\/wiadomosci\\\/#\\\/schema\\\/logo\\\/image\\\/\"},\"sameAs\":[\"https:\\\/\\\/www.facebook.com\\\/24gliwice\",\"https:\\\/\\\/x.com\\\/24gliwice\",\"https:\\\/\\\/www.youtube.com\\\/@24gliwice\"]},{\"@type\":\"Person\",\"@id\":\"https:\\\/\\\/www.24gliwice.pl\\\/wiadomosci\\\/#\\\/schema\\\/person\\\/cb5857e4a4d048c15984c1edcc8ef0c0\",\"name\":\"Marcin Fabrykowski\",\"image\":{\"@type\":\"ImageObject\",\"inLanguage\":\"pl-PL\",\"@id\":\"https:\\\/\\\/www.24gliwice.pl\\\/wiadomosci\\\/wp-content\\\/uploads\\\/2025\\\/11\\\/zdjecie-moje-marcin-300-96x96.jpg\",\"url\":\"https:\\\/\\\/www.24gliwice.pl\\\/wiadomosci\\\/wp-content\\\/uploads\\\/2025\\\/11\\\/zdjecie-moje-marcin-300-96x96.jpg\",\"contentUrl\":\"https:\\\/\\\/www.24gliwice.pl\\\/wiadomosci\\\/wp-content\\\/uploads\\\/2025\\\/11\\\/zdjecie-moje-marcin-300-96x96.jpg\",\"caption\":\"Marcin Fabrykowski\"},\"sameAs\":[\"http:\\\/\\\/24gliwice.pl\",\"https:\\\/\\\/www.facebook.com\\\/marcin.fabrykowski\"],\"url\":\"https:\\\/\\\/www.24gliwice.pl\\\/wiadomosci\\\/author\\\/marcin-fabrykowski\\\/\"}]}<\/script>\n<!-- \/ Yoast SEO plugin. -->","yoast_head_json":{"title":"Jak nosi\u0107 apaszki jedwabne r\u0119cznie malowane? - 24GLIWICE - Portal Gliwice | codziennie nowe informacje","robots":{"index":"index","follow":"follow","max-snippet":"max-snippet:-1","max-image-preview":"max-image-preview:large","max-video-preview":"max-video-preview:-1"},"canonical":"https:\/\/www.24gliwice.pl\/wiadomosci\/jak-nosic-apaszki-jedwabne-recznie-malowane\/","og_locale":"pl_PL","og_type":"article","og_title":"Jak nosi\u0107 apaszki jedwabne r\u0119cznie malowane? - 24GLIWICE - Portal Gliwice | codziennie nowe informacje","og_description":"Apaszki jedwabne r\u0119cznie malowane od lat s\u0105 synonimem elegancji i indywidualnego stylu. Ten ponadczasowy dodatek sprawia, \u017ce nawet najprostsza stylizacja nabiera charakteru. Wiele os\u00f3b zastanawia si\u0119 jednak, jak je nosi\u0107, aby wygl\u0105da\u0107 modnie i jednocze\u015bnie czu\u0107 si\u0119 swobodnie. Oto praktyczny przewodnik, kt\u00f3ry poka\u017ce r\u00f3\u017cne sposoby wykorzystania apaszek w codziennych i wyj\u0105tkowych zestawach. &nbsp; Dlaczego warto [&hellip;]","og_url":"https:\/\/www.24gliwice.pl\/wiadomosci\/jak-nosic-apaszki-jedwabne-recznie-malowane\/","og_site_name":"24GLIWICE - Portal Gliwice | codziennie nowe informacje","article_publisher":"https:\/\/www.facebook.com\/24gliwice","article_author":"https:\/\/www.facebook.com\/marcin.fabrykowski","article_published_time":"2025-09-04T15:49:54+00:00","article_modified_time":"2025-09-04T15:50:09+00:00","og_image":[{"width":810,"height":423,"url":"https:\/\/www.24gliwice.pl\/wiadomosci\/wp-content\/uploads\/2025\/09\/Apaszki-jedwabne-recznie-malowane-Sklep-Aquarelia.jpg","type":"image\/jpeg"}],"author":"Marcin Fabrykowski","twitter_card":"summary_large_image","twitter_creator":"@24gliwice","twitter_site":"@24gliwice","twitter_misc":{"Napisane przez":"Marcin Fabrykowski","Szacowany czas czytania":"1 minuta"},"schema":{"@context":"https:\/\/schema.org","@graph":[{"@type":"Article","@id":"https:\/\/www.24gliwice.pl\/wiadomosci\/jak-nosic-apaszki-jedwabne-recznie-malowane\/#article","isPartOf":{"@id":"https:\/\/www.24gliwice.pl\/wiadomosci\/jak-nosic-apaszki-jedwabne-recznie-malowane\/"},"author":{"name":"Marcin Fabrykowski","@id":"https:\/\/www.24gliwice.pl\/wiadomosci\/#\/schema\/person\/cb5857e4a4d048c15984c1edcc8ef0c0"},"headline":"Jak nosi\u0107 apaszki jedwabne r\u0119cznie malowane?","datePublished":"2025-09-04T15:49:54+00:00","dateModified":"2025-09-04T15:50:09+00:00","mainEntityOfPage":{"@id":"https:\/\/www.24gliwice.pl\/wiadomosci\/jak-nosic-apaszki-jedwabne-recznie-malowane\/"},"wordCount":626,"publisher":{"@id":"https:\/\/www.24gliwice.pl\/wiadomosci\/#organization"},"image":{"@id":"https:\/\/www.24gliwice.pl\/wiadomosci\/jak-nosic-apaszki-jedwabne-recznie-malowane\/#primaryimage"},"thumbnailUrl":"https:\/\/www.24gliwice.pl\/wiadomosci\/wp-content\/uploads\/2025\/09\/Apaszki-jedwabne-recznie-malowane-Sklep-Aquarelia.jpg","articleSection":["materia\u0142 partnera"],"inLanguage":"pl-PL"},{"@type":"WebPage","@id":"https:\/\/www.24gliwice.pl\/wiadomosci\/jak-nosic-apaszki-jedwabne-recznie-malowane\/","url":"https:\/\/www.24gliwice.pl\/wiadomosci\/jak-nosic-apaszki-jedwabne-recznie-malowane\/","name":"Jak nosi\u0107 apaszki jedwabne r\u0119cznie malowane? - 24GLIWICE - Portal Gliwice | codziennie nowe informacje","isPartOf":{"@id":"https:\/\/www.24gliwice.pl\/wiadomosci\/#website"},"primaryImageOfPage":{"@id":"https:\/\/www.24gliwice.pl\/wiadomosci\/jak-nosic-apaszki-jedwabne-recznie-malowane\/#primaryimage"},"image":{"@id":"https:\/\/www.24gliwice.pl\/wiadomosci\/jak-nosic-apaszki-jedwabne-recznie-malowane\/#primaryimage"},"thumbnailUrl":"https:\/\/www.24gliwice.pl\/wiadomosci\/wp-content\/uploads\/2025\/09\/Apaszki-jedwabne-recznie-malowane-Sklep-Aquarelia.jpg","datePublished":"2025-09-04T15:49:54+00:00","dateModified":"2025-09-04T15:50:09+00:00","breadcrumb":{"@id":"https:\/\/www.24gliwice.pl\/wiadomosci\/jak-nosic-apaszki-jedwabne-recznie-malowane\/#breadcrumb"},"inLanguage":"pl-PL","potentialAction":[{"@type":"ReadAction","target":["https:\/\/www.24gliwice.pl\/wiadomosci\/jak-nosic-apaszki-jedwabne-recznie-malowane\/"]}]},{"@type":"ImageObject","inLanguage":"pl-PL","@id":"https:\/\/www.24gliwice.pl\/wiadomosci\/jak-nosic-apaszki-jedwabne-recznie-malowane\/#primaryimage","url":"https:\/\/www.24gliwice.pl\/wiadomosci\/wp-content\/uploads\/2025\/09\/Apaszki-jedwabne-recznie-malowane-Sklep-Aquarelia.jpg","contentUrl":"https:\/\/www.24gliwice.pl\/wiadomosci\/wp-content\/uploads\/2025\/09\/Apaszki-jedwabne-recznie-malowane-Sklep-Aquarelia.jpg","width":810,"height":423},{"@type":"BreadcrumbList","@id":"https:\/\/www.24gliwice.pl\/wiadomosci\/jak-nosic-apaszki-jedwabne-recznie-malowane\/#breadcrumb","itemListElement":[{"@type":"ListItem","position":1,"name":"Strona g\u0142\u00f3wna","item":"https:\/\/www.24gliwice.pl\/wiadomosci\/"},{"@type":"ListItem","position":2,"name":"Jak nosi\u0107 apaszki jedwabne r\u0119cznie malowane?"}]},{"@type":"WebSite","@id":"https:\/\/www.24gliwice.pl\/wiadomosci\/#website","url":"https:\/\/www.24gliwice.pl\/wiadomosci\/","name":"24GLIWICE - Portal Gliwice | codziennie nowe wiadomo\u015bci","description":"Portal Miejski Gliwice","publisher":{"@id":"https:\/\/www.24gliwice.pl\/wiadomosci\/#organization"},"potentialAction":[{"@type":"SearchAction","target":{"@type":"EntryPoint","urlTemplate":"https:\/\/www.24gliwice.pl\/wiadomosci\/?s={search_term_string}"},"query-input":{"@type":"PropertyValueSpecification","valueRequired":true,"valueName":"search_term_string"}}],"inLanguage":"pl-PL"},{"@type":"Organization","@id":"https:\/\/www.24gliwice.pl\/wiadomosci\/#organization","name":"24gliwice","url":"https:\/\/www.24gliwice.pl\/wiadomosci\/","logo":{"@type":"ImageObject","inLanguage":"pl-PL","@id":"https:\/\/www.24gliwice.pl\/wiadomosci\/#\/schema\/logo\/image\/","url":"https:\/\/www.24gliwice.pl\/wiadomosci\/wp-content\/uploads\/2024\/10\/24gliwice-logo-696.jpg","contentUrl":"https:\/\/www.24gliwice.pl\/wiadomosci\/wp-content\/uploads\/2024\/10\/24gliwice-logo-696.jpg","width":696,"height":696,"caption":"24gliwice"},"image":{"@id":"https:\/\/www.24gliwice.pl\/wiadomosci\/#\/schema\/logo\/image\/"},"sameAs":["https:\/\/www.facebook.com\/24gliwice","https:\/\/x.com\/24gliwice","https:\/\/www.youtube.com\/@24gliwice"]},{"@type":"Person","@id":"https:\/\/www.24gliwice.pl\/wiadomosci\/#\/schema\/person\/cb5857e4a4d048c15984c1edcc8ef0c0","name":"Marcin Fabrykowski","image":{"@type":"ImageObject","inLanguage":"pl-PL","@id":"https:\/\/www.24gliwice.pl\/wiadomosci\/wp-content\/uploads\/2025\/11\/zdjecie-moje-marcin-300-96x96.jpg","url":"https:\/\/www.24gliwice.pl\/wiadomosci\/wp-content\/uploads\/2025\/11\/zdjecie-moje-marcin-300-96x96.jpg","contentUrl":"https:\/\/www.24gliwice.pl\/wiadomosci\/wp-content\/uploads\/2025\/11\/zdjecie-moje-marcin-300-96x96.jpg","caption":"Marcin Fabrykowski"},"sameAs":["http:\/\/24gliwice.pl","https:\/\/www.facebook.com\/marcin.fabrykowski"],"url":"https:\/\/www.24gliwice.pl\/wiadomosci\/author\/marcin-fabrykowski\/"}]}},"_links":{"self":[{"href":"https:\/\/www.24gliwice.pl\/wiadomosci\/wp-json\/wp\/v2\/posts\/259273","targetHints":{"allow":["GET"]}}],"collection":[{"href":"https:\/\/www.24gliwice.pl\/wiadomosci\/wp-json\/wp\/v2\/posts"}],"about":[{"href":"https:\/\/www.24gliwice.pl\/wiadomosci\/wp-json\/wp\/v2\/types\/post"}],"author":[{"embeddable":true,"href":"https:\/\/www.24gliwice.pl\/wiadomosci\/wp-json\/wp\/v2\/users\/4"}],"replies":[{"embeddable":true,"href":"https:\/\/www.24gliwice.pl\/wiadomosci\/wp-json\/wp\/v2\/comments?post=259273"}],"version-history":[{"count":1,"href":"https:\/\/www.24gliwice.pl\/wiadomosci\/wp-json\/wp\/v2\/posts\/259273\/revisions"}],"predecessor-version":[{"id":259275,"href":"https:\/\/www.24gliwice.pl\/wiadomosci\/wp-json\/wp\/v2\/posts\/259273\/revisions\/259275"}],"wp:featuredmedia":[{"embeddable":true,"href":"https:\/\/www.24gliwice.pl\/wiadomosci\/wp-json\/wp\/v2\/media\/259274"}],"wp:attachment":[{"href":"https:\/\/www.24gliwice.pl\/wiadomosci\/wp-json\/wp\/v2\/media?parent=259273"}],"wp:term":[{"taxonomy":"category","embeddable":true,"href":"https:\/\/www.24gliwice.pl\/wiadomosci\/wp-json\/wp\/v2\/categories?post=259273"},{"taxonomy":"post_tag","embeddable":true,"href":"https:\/\/www.24gliwice.pl\/wiadomosci\/wp-json\/wp\/v2\/tags?post=259273"}],"curies":[{"name":"wp","href":"https:\/\/api.w.org\/{rel}","templated":true}]}}