{"id":259579,"date":"2025-09-15T03:30:24","date_gmt":"2025-09-15T01:30:24","guid":{"rendered":"https:\/\/www.24gliwice.pl\/wiadomosci\/?p=259579"},"modified":"2025-09-15T03:30:24","modified_gmt":"2025-09-15T01:30:24","slug":"dofinansowanie-z-kpo-trafi-tez-do-regionalnej-spolki-srodki-na-inwestycje-warta-15-mld-zl","status":"publish","type":"post","link":"https:\/\/www.24gliwice.pl\/wiadomosci\/dofinansowanie-z-kpo-trafi-tez-do-regionalnej-spolki-srodki-na-inwestycje-warta-15-mld-zl\/","title":{"rendered":"Dofinansowanie z KPO trafi te\u017c do regionalnej sp\u00f3\u0142ki. \u015arodki na inwestycj\u0119 wart\u0105 1,5 mld z\u0142"},"content":{"rendered":"<div class=\"gliwi-a6-nad-leadem-artykulow gliwi-entity-placement\" id=\"gliwi-2166333881\"><div class=\"gliwi-adlabel\"><span style=\"font-size: 9px\">REKLAMA<\/span><\/div><div id=\"gliwi-1631105209\" style=\"margin-bottom: 25px;margin-left: auto;margin-right: auto;text-align: center;\"><a data-no-instant=\"1\" href=\"https:\/\/dom100.eu\/\" rel=\"noopener\" class=\"a2t-link\" target=\"_blank\" aria-label=\"20260415 DOM100 D\"><img loading=\"lazy\" decoding=\"async\" src=\"https:\/\/www.24gliwice.pl\/wiadomosci\/wp-content\/uploads\/2026\/04\/20260415-DOM100-D.jpg\" alt=\"\"  srcset=\"https:\/\/www.24gliwice.pl\/wiadomosci\/wp-content\/uploads\/2026\/04\/20260415-DOM100-D.jpg 750w, https:\/\/www.24gliwice.pl\/wiadomosci\/wp-content\/uploads\/2026\/04\/20260415-DOM100-D-410x109.jpg 410w\" sizes=\"(max-width: 750px) 100vw, 750px\" class=\"no-lazyload\" width=\"750\" height=\"200\"  style=\"display: inline-block; max-width: 100%; height: auto;\" \/><\/a><\/div><\/div><h2>Koleje \u015al\u0105skie i Wojew\u00f3dztwo \u015al\u0105skie dostan\u0105 po 126 mln z\u0142 z Krajowego Planu Odbudowy (KPO). Pieni\u0105dze przyznane w ramach konkursu \u201cPasa\u017cerski Tabor Kolejowy (Tabor 2.0)\u201d zostan\u0105 przeznaczone na zakup nowych zeroemisyjnych poci\u0105g\u00f3w, kt\u00f3re wzmocni\u0105 flot\u0119 regionalnego przewo\u017anika.<\/h2>\n<p><!--more--><\/p>\n<p>\u0141\u0105cznie to ponad \u0107wier\u0107 miliarda z\u0142otych na nowe poci\u0105gi, kt\u00f3re samorz\u0105d wojew\u00f3dzki i przewo\u017anik zam\u00f3wili w ubieg\u0142ym roku w firmie Newag. Opr\u00f3cz zakupu pojazd\u00f3w, zam\u00f3wienia obejmuj\u0105 te\u017c serwis utrzymaniowy. \u0141\u0105czenie za 31 nowych Impuls\u00f3w 2 z 10-letnim serwisem Wojew\u00f3dztwo \u015al\u0105skie i Koleje \u015al\u0105skie zap\u0142ac\u0105 1,5\u00a0mld z\u0142. W barwach Kolei \u015al\u0105skich je\u017adzi ju\u017c siedem Impuls\u00f3w 2. Cztery kolejne do\u0142\u0105cz\u0105 do floty regionalnego przewo\u017anika jeszcze w tym roku.<\/p>\n<blockquote><p><em>Nie zwalniamy tempa pod wzgl\u0119dem inwestycji w tabor Kolei \u015al\u0105skich. Tym razem pomog\u0105 nam w tym \u015brodki Krajowego Planu Odbudowy. Co tym bardziej cieszy, bowiem mamy naprawd\u0119 niewiele czasu na pe\u0142ne wykorzystanie tych funduszy <\/em><\/p><\/blockquote>\n<p>\u2013 m\u00f3wi <strong>Wojciech Sa\u0142uga<\/strong>, marsza\u0142ek Wojew\u00f3dztwa \u015ala\u0328skiego.<\/p><div class=\"gliwi-a3-w-tresci-artykulow gliwi-entity-placement\" id=\"gliwi-3153485392\"><div class=\"gliwi-adlabel\"><span style=\"font-size: 9px\">REKLAMA<\/span><\/div><div id=\"gliwi-960755567\" style=\"margin-bottom: 30px;margin-left: auto;margin-right: auto;text-align: center;\"><a data-no-instant=\"1\" href=\"https:\/\/ogrodyandersa.pl\/\" rel=\"noopener\" class=\"a2t-link\" target=\"_blank\" aria-label=\"20260415 Ogrody Andersa KUP TERAZ D\"><img loading=\"lazy\" decoding=\"async\" src=\"https:\/\/www.24gliwice.pl\/wiadomosci\/wp-content\/uploads\/2026\/04\/20260415-Ogrody-Andersa-KUP-TERAZ-D.jpg\" alt=\"\"  srcset=\"https:\/\/www.24gliwice.pl\/wiadomosci\/wp-content\/uploads\/2026\/04\/20260415-Ogrody-Andersa-KUP-TERAZ-D.jpg 750w, https:\/\/www.24gliwice.pl\/wiadomosci\/wp-content\/uploads\/2026\/04\/20260415-Ogrody-Andersa-KUP-TERAZ-D-410x109.jpg 410w\" sizes=\"(max-width: 750px) 100vw, 750px\" class=\"no-lazyload\" width=\"750\" height=\"200\"  style=\"display: inline-block; max-width: 100%; height: auto;\" \/><\/a><\/div><\/div>\n<p>Impulsy 2 to czterocz\u0142onowe, elektryczne zespo\u0142y trakcyjne osi\u0105gaj\u0105ce maksymaln\u0105 pr\u0119dko\u015b\u0107 160 km\/h. Ka\u017cdy pojazd 31WEbc z rodziny Impuls 2 oferuje 400 miejsc dla pasa\u017cer\u00f3w, w tym 192 siedz\u0105ce. Na pok\u0142adzie znajduj\u0105 si\u0119 strefy dla rodzin z\u00a0dzie\u0107mi z interaktywn\u0105 gr\u0105 edukacyjn\u0105, strefy rowerowe mieszcz\u0105ce 10\u00a0jedno\u015blad\u00f3w, a tak\u017ce udogodnienia dla os\u00f3b z niepe\u0142nosprawno\u015bciami, w tym p\u0119tle indukcyjne dla os\u00f3b niedos\u0142ysz\u0105cych na ca\u0142ym poje\u017adzie. Impulsy 2 s\u0105 tak\u017ce wyposa\u017cone w nowoczesny system informacji pasa\u017cerskiej prezentuj\u0105cy dane w\u00a0trzech j\u0119zykach i energooszcz\u0119dne o\u015bwietlenie LED.\u00a0<\/p>\n<p>(mat. pras. Kolei \u015al\u0105skich)<\/p>\n<div class=\"gliwi-a5-na-koncu-artykulow gliwi-entity-placement\" id=\"gliwi-892790450\"><div class=\"gliwi-adlabel\"><span style=\"font-size: 9px\">REKLAMA<\/span><\/div><div id=\"gliwi-3191420870\" style=\"margin-left: auto;margin-right: auto;text-align: center;\"><a data-no-instant=\"1\" href=\"https:\/\/prezeroarenagliwice.pl\/\" rel=\"noopener\" class=\"a2t-link\" target=\"_blank\" aria-label=\"20260309-PREZERO-WIOSNA-D\"><img loading=\"lazy\" decoding=\"async\" src=\"https:\/\/www.24gliwice.pl\/wiadomosci\/wp-content\/uploads\/2026\/03\/20260309-PREZERO-WIOSNA-D.webp\" alt=\"\"  srcset=\"https:\/\/www.24gliwice.pl\/wiadomosci\/wp-content\/uploads\/2026\/03\/20260309-PREZERO-WIOSNA-D.webp 750w, https:\/\/www.24gliwice.pl\/wiadomosci\/wp-content\/uploads\/2026\/03\/20260309-PREZERO-WIOSNA-D-410x109.webp 410w\" sizes=\"(max-width: 750px) 100vw, 750px\" class=\"no-lazyload\" width=\"750\" height=\"200\"  style=\"display: inline-block; max-width: 100%; height: auto;\" \/><\/a><\/div><\/div>","protected":false},"excerpt":{"rendered":"<p>Koleje \u015al\u0105skie i Wojew\u00f3dztwo \u015al\u0105skie dostan\u0105 po 126 mln z\u0142 z Krajowego Planu Odbudowy (KPO). Pieni\u0105dze przyznane w ramach konkursu \u201cPasa\u017cerski Tabor Kolejowy (Tabor 2.0)\u201d zostan\u0105 przeznaczone na zakup nowych zeroemisyjnych poci\u0105g\u00f3w, kt\u00f3re wzmocni\u0105 flot\u0119 regionalnego przewo\u017anika.<\/p>\n","protected":false},"author":15,"featured_media":259582,"comment_status":"open","ping_status":"closed","sticky":false,"template":"","format":"standard","meta":{"_monsterinsights_skip_tracking":false,"_monsterinsights_sitenote_active":false,"_monsterinsights_sitenote_note":"","_monsterinsights_sitenote_category":0,"footnotes":"","_links_to":"","_links_to_target":""},"categories":[3,1],"tags":[4687,23801],"class_list":["post-259579","post","type-post","status-publish","format-standard","has-post-thumbnail","hentry","category-gliwice","category-wszystko","tag-koleje-slaskie","tag-kpo"],"yoast_head":"<!-- This site is optimized with the Yoast SEO plugin v27.5 - https:\/\/yoast.com\/product\/yoast-seo-wordpress\/ -->\n<title>Dofinansowanie z KPO trafi te\u017c do regionalnej sp\u00f3\u0142ki. \u015arodki na inwestycj\u0119 wart\u0105 1,5 mld z\u0142 - 24GLIWICE - Portal Gliwice | codziennie nowe informacje<\/title>\n<meta name=\"description\" content=\"Koleje \u015al\u0105skie oraz wojew\u00f3dztwo otrzymaj\u0105 dofinansowanie z KPO, kt\u00f3re zostanie przeznaczone za zakup nowych poci\u0105g\u00f3w dla przewo\u017anika\" \/>\n<meta name=\"robots\" content=\"index, follow, max-snippet:-1, max-image-preview:large, max-video-preview:-1\" \/>\n<link rel=\"canonical\" href=\"https:\/\/www.24gliwice.pl\/wiadomosci\/dofinansowanie-z-kpo-trafi-tez-do-regionalnej-spolki-srodki-na-inwestycje-warta-15-mld-zl\/\" \/>\n<meta property=\"og:locale\" content=\"pl_PL\" \/>\n<meta property=\"og:type\" content=\"article\" \/>\n<meta property=\"og:title\" content=\"Dofinansowanie z KPO trafi te\u017c do regionalnej sp\u00f3\u0142ki. \u015arodki na inwestycj\u0119 wart\u0105 1,5 mld z\u0142 - 24GLIWICE - Portal Gliwice | codziennie nowe informacje\" \/>\n<meta property=\"og:description\" content=\"Koleje \u015al\u0105skie oraz wojew\u00f3dztwo otrzymaj\u0105 dofinansowanie z KPO, kt\u00f3re zostanie przeznaczone za zakup nowych poci\u0105g\u00f3w dla przewo\u017anika\" \/>\n<meta property=\"og:url\" content=\"https:\/\/www.24gliwice.pl\/wiadomosci\/dofinansowanie-z-kpo-trafi-tez-do-regionalnej-spolki-srodki-na-inwestycje-warta-15-mld-zl\/\" \/>\n<meta property=\"og:site_name\" content=\"24GLIWICE - Portal Gliwice | codziennie nowe informacje\" \/>\n<meta property=\"article:publisher\" content=\"https:\/\/www.facebook.com\/24gliwice\" \/>\n<meta property=\"article:published_time\" content=\"2025-09-15T01:30:24+00:00\" \/>\n<meta property=\"og:image\" content=\"https:\/\/www.24gliwice.pl\/wiadomosci\/wp-content\/uploads\/2025\/09\/koleje-slaskie-pociag-tory.jpg\" \/>\n\t<meta property=\"og:image:width\" content=\"810\" \/>\n\t<meta property=\"og:image:height\" content=\"457\" \/>\n\t<meta property=\"og:image:type\" content=\"image\/jpeg\" \/>\n<meta name=\"author\" content=\"\u017baneta Mrozek-Siewierska\" \/>\n<meta name=\"twitter:card\" content=\"summary_large_image\" \/>\n<meta name=\"twitter:creator\" content=\"@24gliwice\" \/>\n<meta name=\"twitter:site\" content=\"@24gliwice\" \/>\n<meta name=\"twitter:label1\" content=\"Napisane przez\" \/>\n\t<meta name=\"twitter:data1\" content=\"\u017baneta Mrozek-Siewierska\" \/>\n\t<meta name=\"twitter:label2\" content=\"Szacowany czas czytania\" \/>\n\t<meta name=\"twitter:data2\" content=\"2 minuty\" \/>\n<script type=\"application\/ld+json\" class=\"yoast-schema-graph\">{\"@context\":\"https:\\\/\\\/schema.org\",\"@graph\":[{\"@type\":\"Article\",\"@id\":\"https:\\\/\\\/www.24gliwice.pl\\\/wiadomosci\\\/dofinansowanie-z-kpo-trafi-tez-do-regionalnej-spolki-srodki-na-inwestycje-warta-15-mld-zl\\\/#article\",\"isPartOf\":{\"@id\":\"https:\\\/\\\/www.24gliwice.pl\\\/wiadomosci\\\/dofinansowanie-z-kpo-trafi-tez-do-regionalnej-spolki-srodki-na-inwestycje-warta-15-mld-zl\\\/\"},\"author\":{\"name\":\"\u017baneta Mrozek-Siewierska\",\"@id\":\"https:\\\/\\\/www.24gliwice.pl\\\/wiadomosci\\\/#\\\/schema\\\/person\\\/e42c650edd7f2fa332be3811fb166b6e\"},\"headline\":\"Dofinansowanie z KPO trafi te\u017c do regionalnej sp\u00f3\u0142ki. \u015arodki na inwestycj\u0119 wart\u0105 1,5 mld z\u0142\",\"datePublished\":\"2025-09-15T01:30:24+00:00\",\"mainEntityOfPage\":{\"@id\":\"https:\\\/\\\/www.24gliwice.pl\\\/wiadomosci\\\/dofinansowanie-z-kpo-trafi-tez-do-regionalnej-spolki-srodki-na-inwestycje-warta-15-mld-zl\\\/\"},\"wordCount\":303,\"commentCount\":3,\"publisher\":{\"@id\":\"https:\\\/\\\/www.24gliwice.pl\\\/wiadomosci\\\/#organization\"},\"image\":{\"@id\":\"https:\\\/\\\/www.24gliwice.pl\\\/wiadomosci\\\/dofinansowanie-z-kpo-trafi-tez-do-regionalnej-spolki-srodki-na-inwestycje-warta-15-mld-zl\\\/#primaryimage\"},\"thumbnailUrl\":\"https:\\\/\\\/www.24gliwice.pl\\\/wiadomosci\\\/wp-content\\\/uploads\\\/2025\\\/09\\\/koleje-slaskie-pociag-tory.jpg\",\"keywords\":[\"KOLEJE \u015aL\u0104SKIE\",\"KPO\"],\"articleSection\":[\"Gliwice\",\"Najnowsze wiadomo\u015bci\"],\"inLanguage\":\"pl-PL\",\"potentialAction\":[{\"@type\":\"CommentAction\",\"name\":\"Comment\",\"target\":[\"https:\\\/\\\/www.24gliwice.pl\\\/wiadomosci\\\/dofinansowanie-z-kpo-trafi-tez-do-regionalnej-spolki-srodki-na-inwestycje-warta-15-mld-zl\\\/#respond\"]}]},{\"@type\":\"WebPage\",\"@id\":\"https:\\\/\\\/www.24gliwice.pl\\\/wiadomosci\\\/dofinansowanie-z-kpo-trafi-tez-do-regionalnej-spolki-srodki-na-inwestycje-warta-15-mld-zl\\\/\",\"url\":\"https:\\\/\\\/www.24gliwice.pl\\\/wiadomosci\\\/dofinansowanie-z-kpo-trafi-tez-do-regionalnej-spolki-srodki-na-inwestycje-warta-15-mld-zl\\\/\",\"name\":\"Dofinansowanie z KPO trafi te\u017c do regionalnej sp\u00f3\u0142ki. \u015arodki na inwestycj\u0119 wart\u0105 1,5 mld z\u0142 - 24GLIWICE - Portal Gliwice | codziennie nowe informacje\",\"isPartOf\":{\"@id\":\"https:\\\/\\\/www.24gliwice.pl\\\/wiadomosci\\\/#website\"},\"primaryImageOfPage\":{\"@id\":\"https:\\\/\\\/www.24gliwice.pl\\\/wiadomosci\\\/dofinansowanie-z-kpo-trafi-tez-do-regionalnej-spolki-srodki-na-inwestycje-warta-15-mld-zl\\\/#primaryimage\"},\"image\":{\"@id\":\"https:\\\/\\\/www.24gliwice.pl\\\/wiadomosci\\\/dofinansowanie-z-kpo-trafi-tez-do-regionalnej-spolki-srodki-na-inwestycje-warta-15-mld-zl\\\/#primaryimage\"},\"thumbnailUrl\":\"https:\\\/\\\/www.24gliwice.pl\\\/wiadomosci\\\/wp-content\\\/uploads\\\/2025\\\/09\\\/koleje-slaskie-pociag-tory.jpg\",\"datePublished\":\"2025-09-15T01:30:24+00:00\",\"description\":\"Koleje \u015al\u0105skie oraz wojew\u00f3dztwo otrzymaj\u0105 dofinansowanie z KPO, kt\u00f3re zostanie przeznaczone za zakup nowych poci\u0105g\u00f3w dla przewo\u017anika\",\"breadcrumb\":{\"@id\":\"https:\\\/\\\/www.24gliwice.pl\\\/wiadomosci\\\/dofinansowanie-z-kpo-trafi-tez-do-regionalnej-spolki-srodki-na-inwestycje-warta-15-mld-zl\\\/#breadcrumb\"},\"inLanguage\":\"pl-PL\",\"potentialAction\":[{\"@type\":\"ReadAction\",\"target\":[\"https:\\\/\\\/www.24gliwice.pl\\\/wiadomosci\\\/dofinansowanie-z-kpo-trafi-tez-do-regionalnej-spolki-srodki-na-inwestycje-warta-15-mld-zl\\\/\"]}]},{\"@type\":\"ImageObject\",\"inLanguage\":\"pl-PL\",\"@id\":\"https:\\\/\\\/www.24gliwice.pl\\\/wiadomosci\\\/dofinansowanie-z-kpo-trafi-tez-do-regionalnej-spolki-srodki-na-inwestycje-warta-15-mld-zl\\\/#primaryimage\",\"url\":\"https:\\\/\\\/www.24gliwice.pl\\\/wiadomosci\\\/wp-content\\\/uploads\\\/2025\\\/09\\\/koleje-slaskie-pociag-tory.jpg\",\"contentUrl\":\"https:\\\/\\\/www.24gliwice.pl\\\/wiadomosci\\\/wp-content\\\/uploads\\\/2025\\\/09\\\/koleje-slaskie-pociag-tory.jpg\",\"width\":810,\"height\":457},{\"@type\":\"BreadcrumbList\",\"@id\":\"https:\\\/\\\/www.24gliwice.pl\\\/wiadomosci\\\/dofinansowanie-z-kpo-trafi-tez-do-regionalnej-spolki-srodki-na-inwestycje-warta-15-mld-zl\\\/#breadcrumb\",\"itemListElement\":[{\"@type\":\"ListItem\",\"position\":1,\"name\":\"Strona g\u0142\u00f3wna\",\"item\":\"https:\\\/\\\/www.24gliwice.pl\\\/wiadomosci\\\/\"},{\"@type\":\"ListItem\",\"position\":2,\"name\":\"Dofinansowanie z KPO trafi te\u017c do regionalnej sp\u00f3\u0142ki. \u015arodki na inwestycj\u0119 wart\u0105 1,5 mld z\u0142\"}]},{\"@type\":\"WebSite\",\"@id\":\"https:\\\/\\\/www.24gliwice.pl\\\/wiadomosci\\\/#website\",\"url\":\"https:\\\/\\\/www.24gliwice.pl\\\/wiadomosci\\\/\",\"name\":\"24GLIWICE - Portal Gliwice | codziennie nowe wiadomo\u015bci\",\"description\":\"Portal Miejski Gliwice\",\"publisher\":{\"@id\":\"https:\\\/\\\/www.24gliwice.pl\\\/wiadomosci\\\/#organization\"},\"potentialAction\":[{\"@type\":\"SearchAction\",\"target\":{\"@type\":\"EntryPoint\",\"urlTemplate\":\"https:\\\/\\\/www.24gliwice.pl\\\/wiadomosci\\\/?s={search_term_string}\"},\"query-input\":{\"@type\":\"PropertyValueSpecification\",\"valueRequired\":true,\"valueName\":\"search_term_string\"}}],\"inLanguage\":\"pl-PL\"},{\"@type\":\"Organization\",\"@id\":\"https:\\\/\\\/www.24gliwice.pl\\\/wiadomosci\\\/#organization\",\"name\":\"24gliwice\",\"url\":\"https:\\\/\\\/www.24gliwice.pl\\\/wiadomosci\\\/\",\"logo\":{\"@type\":\"ImageObject\",\"inLanguage\":\"pl-PL\",\"@id\":\"https:\\\/\\\/www.24gliwice.pl\\\/wiadomosci\\\/#\\\/schema\\\/logo\\\/image\\\/\",\"url\":\"https:\\\/\\\/www.24gliwice.pl\\\/wiadomosci\\\/wp-content\\\/uploads\\\/2024\\\/10\\\/24gliwice-logo-696.jpg\",\"contentUrl\":\"https:\\\/\\\/www.24gliwice.pl\\\/wiadomosci\\\/wp-content\\\/uploads\\\/2024\\\/10\\\/24gliwice-logo-696.jpg\",\"width\":696,\"height\":696,\"caption\":\"24gliwice\"},\"image\":{\"@id\":\"https:\\\/\\\/www.24gliwice.pl\\\/wiadomosci\\\/#\\\/schema\\\/logo\\\/image\\\/\"},\"sameAs\":[\"https:\\\/\\\/www.facebook.com\\\/24gliwice\",\"https:\\\/\\\/x.com\\\/24gliwice\",\"https:\\\/\\\/www.youtube.com\\\/@24gliwice\"]},{\"@type\":\"Person\",\"@id\":\"https:\\\/\\\/www.24gliwice.pl\\\/wiadomosci\\\/#\\\/schema\\\/person\\\/e42c650edd7f2fa332be3811fb166b6e\",\"name\":\"\u017baneta Mrozek-Siewierska\",\"image\":{\"@type\":\"ImageObject\",\"inLanguage\":\"pl-PL\",\"@id\":\"https:\\\/\\\/secure.gravatar.com\\\/avatar\\\/1881429e9c64597c77ad7aef2d0a19be69a3253e57534d16aa15bf3a4d34a0a3?s=96&d=mm&r=g\",\"url\":\"https:\\\/\\\/secure.gravatar.com\\\/avatar\\\/1881429e9c64597c77ad7aef2d0a19be69a3253e57534d16aa15bf3a4d34a0a3?s=96&d=mm&r=g\",\"contentUrl\":\"https:\\\/\\\/secure.gravatar.com\\\/avatar\\\/1881429e9c64597c77ad7aef2d0a19be69a3253e57534d16aa15bf3a4d34a0a3?s=96&d=mm&r=g\",\"caption\":\"\u017baneta Mrozek-Siewierska\"},\"url\":\"https:\\\/\\\/www.24gliwice.pl\\\/wiadomosci\\\/author\\\/zms\\\/\"}]}<\/script>\n<!-- \/ Yoast SEO plugin. -->","yoast_head_json":{"title":"Dofinansowanie z KPO trafi te\u017c do regionalnej sp\u00f3\u0142ki. \u015arodki na inwestycj\u0119 wart\u0105 1,5 mld z\u0142 - 24GLIWICE - Portal Gliwice | codziennie nowe informacje","description":"Koleje \u015al\u0105skie oraz wojew\u00f3dztwo otrzymaj\u0105 dofinansowanie z KPO, kt\u00f3re zostanie przeznaczone za zakup nowych poci\u0105g\u00f3w dla przewo\u017anika","robots":{"index":"index","follow":"follow","max-snippet":"max-snippet:-1","max-image-preview":"max-image-preview:large","max-video-preview":"max-video-preview:-1"},"canonical":"https:\/\/www.24gliwice.pl\/wiadomosci\/dofinansowanie-z-kpo-trafi-tez-do-regionalnej-spolki-srodki-na-inwestycje-warta-15-mld-zl\/","og_locale":"pl_PL","og_type":"article","og_title":"Dofinansowanie z KPO trafi te\u017c do regionalnej sp\u00f3\u0142ki. \u015arodki na inwestycj\u0119 wart\u0105 1,5 mld z\u0142 - 24GLIWICE - Portal Gliwice | codziennie nowe informacje","og_description":"Koleje \u015al\u0105skie oraz wojew\u00f3dztwo otrzymaj\u0105 dofinansowanie z KPO, kt\u00f3re zostanie przeznaczone za zakup nowych poci\u0105g\u00f3w dla przewo\u017anika","og_url":"https:\/\/www.24gliwice.pl\/wiadomosci\/dofinansowanie-z-kpo-trafi-tez-do-regionalnej-spolki-srodki-na-inwestycje-warta-15-mld-zl\/","og_site_name":"24GLIWICE - Portal Gliwice | codziennie nowe informacje","article_publisher":"https:\/\/www.facebook.com\/24gliwice","article_published_time":"2025-09-15T01:30:24+00:00","og_image":[{"width":810,"height":457,"url":"https:\/\/www.24gliwice.pl\/wiadomosci\/wp-content\/uploads\/2025\/09\/koleje-slaskie-pociag-tory.jpg","type":"image\/jpeg"}],"author":"\u017baneta Mrozek-Siewierska","twitter_card":"summary_large_image","twitter_creator":"@24gliwice","twitter_site":"@24gliwice","twitter_misc":{"Napisane przez":"\u017baneta Mrozek-Siewierska","Szacowany czas czytania":"2 minuty"},"schema":{"@context":"https:\/\/schema.org","@graph":[{"@type":"Article","@id":"https:\/\/www.24gliwice.pl\/wiadomosci\/dofinansowanie-z-kpo-trafi-tez-do-regionalnej-spolki-srodki-na-inwestycje-warta-15-mld-zl\/#article","isPartOf":{"@id":"https:\/\/www.24gliwice.pl\/wiadomosci\/dofinansowanie-z-kpo-trafi-tez-do-regionalnej-spolki-srodki-na-inwestycje-warta-15-mld-zl\/"},"author":{"name":"\u017baneta Mrozek-Siewierska","@id":"https:\/\/www.24gliwice.pl\/wiadomosci\/#\/schema\/person\/e42c650edd7f2fa332be3811fb166b6e"},"headline":"Dofinansowanie z KPO trafi te\u017c do regionalnej sp\u00f3\u0142ki. \u015arodki na inwestycj\u0119 wart\u0105 1,5 mld z\u0142","datePublished":"2025-09-15T01:30:24+00:00","mainEntityOfPage":{"@id":"https:\/\/www.24gliwice.pl\/wiadomosci\/dofinansowanie-z-kpo-trafi-tez-do-regionalnej-spolki-srodki-na-inwestycje-warta-15-mld-zl\/"},"wordCount":303,"commentCount":3,"publisher":{"@id":"https:\/\/www.24gliwice.pl\/wiadomosci\/#organization"},"image":{"@id":"https:\/\/www.24gliwice.pl\/wiadomosci\/dofinansowanie-z-kpo-trafi-tez-do-regionalnej-spolki-srodki-na-inwestycje-warta-15-mld-zl\/#primaryimage"},"thumbnailUrl":"https:\/\/www.24gliwice.pl\/wiadomosci\/wp-content\/uploads\/2025\/09\/koleje-slaskie-pociag-tory.jpg","keywords":["KOLEJE \u015aL\u0104SKIE","KPO"],"articleSection":["Gliwice","Najnowsze wiadomo\u015bci"],"inLanguage":"pl-PL","potentialAction":[{"@type":"CommentAction","name":"Comment","target":["https:\/\/www.24gliwice.pl\/wiadomosci\/dofinansowanie-z-kpo-trafi-tez-do-regionalnej-spolki-srodki-na-inwestycje-warta-15-mld-zl\/#respond"]}]},{"@type":"WebPage","@id":"https:\/\/www.24gliwice.pl\/wiadomosci\/dofinansowanie-z-kpo-trafi-tez-do-regionalnej-spolki-srodki-na-inwestycje-warta-15-mld-zl\/","url":"https:\/\/www.24gliwice.pl\/wiadomosci\/dofinansowanie-z-kpo-trafi-tez-do-regionalnej-spolki-srodki-na-inwestycje-warta-15-mld-zl\/","name":"Dofinansowanie z KPO trafi te\u017c do regionalnej sp\u00f3\u0142ki. \u015arodki na inwestycj\u0119 wart\u0105 1,5 mld z\u0142 - 24GLIWICE - Portal Gliwice | codziennie nowe informacje","isPartOf":{"@id":"https:\/\/www.24gliwice.pl\/wiadomosci\/#website"},"primaryImageOfPage":{"@id":"https:\/\/www.24gliwice.pl\/wiadomosci\/dofinansowanie-z-kpo-trafi-tez-do-regionalnej-spolki-srodki-na-inwestycje-warta-15-mld-zl\/#primaryimage"},"image":{"@id":"https:\/\/www.24gliwice.pl\/wiadomosci\/dofinansowanie-z-kpo-trafi-tez-do-regionalnej-spolki-srodki-na-inwestycje-warta-15-mld-zl\/#primaryimage"},"thumbnailUrl":"https:\/\/www.24gliwice.pl\/wiadomosci\/wp-content\/uploads\/2025\/09\/koleje-slaskie-pociag-tory.jpg","datePublished":"2025-09-15T01:30:24+00:00","description":"Koleje \u015al\u0105skie oraz wojew\u00f3dztwo otrzymaj\u0105 dofinansowanie z KPO, kt\u00f3re zostanie przeznaczone za zakup nowych poci\u0105g\u00f3w dla przewo\u017anika","breadcrumb":{"@id":"https:\/\/www.24gliwice.pl\/wiadomosci\/dofinansowanie-z-kpo-trafi-tez-do-regionalnej-spolki-srodki-na-inwestycje-warta-15-mld-zl\/#breadcrumb"},"inLanguage":"pl-PL","potentialAction":[{"@type":"ReadAction","target":["https:\/\/www.24gliwice.pl\/wiadomosci\/dofinansowanie-z-kpo-trafi-tez-do-regionalnej-spolki-srodki-na-inwestycje-warta-15-mld-zl\/"]}]},{"@type":"ImageObject","inLanguage":"pl-PL","@id":"https:\/\/www.24gliwice.pl\/wiadomosci\/dofinansowanie-z-kpo-trafi-tez-do-regionalnej-spolki-srodki-na-inwestycje-warta-15-mld-zl\/#primaryimage","url":"https:\/\/www.24gliwice.pl\/wiadomosci\/wp-content\/uploads\/2025\/09\/koleje-slaskie-pociag-tory.jpg","contentUrl":"https:\/\/www.24gliwice.pl\/wiadomosci\/wp-content\/uploads\/2025\/09\/koleje-slaskie-pociag-tory.jpg","width":810,"height":457},{"@type":"BreadcrumbList","@id":"https:\/\/www.24gliwice.pl\/wiadomosci\/dofinansowanie-z-kpo-trafi-tez-do-regionalnej-spolki-srodki-na-inwestycje-warta-15-mld-zl\/#breadcrumb","itemListElement":[{"@type":"ListItem","position":1,"name":"Strona g\u0142\u00f3wna","item":"https:\/\/www.24gliwice.pl\/wiadomosci\/"},{"@type":"ListItem","position":2,"name":"Dofinansowanie z KPO trafi te\u017c do regionalnej sp\u00f3\u0142ki. \u015arodki na inwestycj\u0119 wart\u0105 1,5 mld z\u0142"}]},{"@type":"WebSite","@id":"https:\/\/www.24gliwice.pl\/wiadomosci\/#website","url":"https:\/\/www.24gliwice.pl\/wiadomosci\/","name":"24GLIWICE - Portal Gliwice | codziennie nowe wiadomo\u015bci","description":"Portal Miejski Gliwice","publisher":{"@id":"https:\/\/www.24gliwice.pl\/wiadomosci\/#organization"},"potentialAction":[{"@type":"SearchAction","target":{"@type":"EntryPoint","urlTemplate":"https:\/\/www.24gliwice.pl\/wiadomosci\/?s={search_term_string}"},"query-input":{"@type":"PropertyValueSpecification","valueRequired":true,"valueName":"search_term_string"}}],"inLanguage":"pl-PL"},{"@type":"Organization","@id":"https:\/\/www.24gliwice.pl\/wiadomosci\/#organization","name":"24gliwice","url":"https:\/\/www.24gliwice.pl\/wiadomosci\/","logo":{"@type":"ImageObject","inLanguage":"pl-PL","@id":"https:\/\/www.24gliwice.pl\/wiadomosci\/#\/schema\/logo\/image\/","url":"https:\/\/www.24gliwice.pl\/wiadomosci\/wp-content\/uploads\/2024\/10\/24gliwice-logo-696.jpg","contentUrl":"https:\/\/www.24gliwice.pl\/wiadomosci\/wp-content\/uploads\/2024\/10\/24gliwice-logo-696.jpg","width":696,"height":696,"caption":"24gliwice"},"image":{"@id":"https:\/\/www.24gliwice.pl\/wiadomosci\/#\/schema\/logo\/image\/"},"sameAs":["https:\/\/www.facebook.com\/24gliwice","https:\/\/x.com\/24gliwice","https:\/\/www.youtube.com\/@24gliwice"]},{"@type":"Person","@id":"https:\/\/www.24gliwice.pl\/wiadomosci\/#\/schema\/person\/e42c650edd7f2fa332be3811fb166b6e","name":"\u017baneta Mrozek-Siewierska","image":{"@type":"ImageObject","inLanguage":"pl-PL","@id":"https:\/\/secure.gravatar.com\/avatar\/1881429e9c64597c77ad7aef2d0a19be69a3253e57534d16aa15bf3a4d34a0a3?s=96&d=mm&r=g","url":"https:\/\/secure.gravatar.com\/avatar\/1881429e9c64597c77ad7aef2d0a19be69a3253e57534d16aa15bf3a4d34a0a3?s=96&d=mm&r=g","contentUrl":"https:\/\/secure.gravatar.com\/avatar\/1881429e9c64597c77ad7aef2d0a19be69a3253e57534d16aa15bf3a4d34a0a3?s=96&d=mm&r=g","caption":"\u017baneta Mrozek-Siewierska"},"url":"https:\/\/www.24gliwice.pl\/wiadomosci\/author\/zms\/"}]}},"_links":{"self":[{"href":"https:\/\/www.24gliwice.pl\/wiadomosci\/wp-json\/wp\/v2\/posts\/259579","targetHints":{"allow":["GET"]}}],"collection":[{"href":"https:\/\/www.24gliwice.pl\/wiadomosci\/wp-json\/wp\/v2\/posts"}],"about":[{"href":"https:\/\/www.24gliwice.pl\/wiadomosci\/wp-json\/wp\/v2\/types\/post"}],"author":[{"embeddable":true,"href":"https:\/\/www.24gliwice.pl\/wiadomosci\/wp-json\/wp\/v2\/users\/15"}],"replies":[{"embeddable":true,"href":"https:\/\/www.24gliwice.pl\/wiadomosci\/wp-json\/wp\/v2\/comments?post=259579"}],"version-history":[{"count":0,"href":"https:\/\/www.24gliwice.pl\/wiadomosci\/wp-json\/wp\/v2\/posts\/259579\/revisions"}],"wp:featuredmedia":[{"embeddable":true,"href":"https:\/\/www.24gliwice.pl\/wiadomosci\/wp-json\/wp\/v2\/media\/259582"}],"wp:attachment":[{"href":"https:\/\/www.24gliwice.pl\/wiadomosci\/wp-json\/wp\/v2\/media?parent=259579"}],"wp:term":[{"taxonomy":"category","embeddable":true,"href":"https:\/\/www.24gliwice.pl\/wiadomosci\/wp-json\/wp\/v2\/categories?post=259579"},{"taxonomy":"post_tag","embeddable":true,"href":"https:\/\/www.24gliwice.pl\/wiadomosci\/wp-json\/wp\/v2\/tags?post=259579"}],"curies":[{"name":"wp","href":"https:\/\/api.w.org\/{rel}","templated":true}]}}