{"id":260018,"date":"2025-09-18T13:30:24","date_gmt":"2025-09-18T11:30:24","guid":{"rendered":"https:\/\/www.24gliwice.pl\/wiadomosci\/?p=260018"},"modified":"2025-09-19T14:16:22","modified_gmt":"2025-09-19T12:16:22","slug":"pokazy-animacje-dmuchance-i-alpaki-gliwicka-impreza-integracyjna-nad-jeziorem-w-czechowicach","status":"publish","type":"post","link":"https:\/\/www.24gliwice.pl\/wiadomosci\/pokazy-animacje-dmuchance-i-alpaki-gliwicka-impreza-integracyjna-nad-jeziorem-w-czechowicach\/","title":{"rendered":"Pokazy, animacje, dmucha\u0144ce i alpaki. Gliwicka Impreza Integracyjna nad jeziorem w Czechowicach"},"content":{"rendered":"<div class=\"gliwi-a6-nad-leadem-artykulow gliwi-entity-placement\" id=\"gliwi-1658243866\"><div class=\"gliwi-adlabel\"><span style=\"font-size: 9px\">REKLAMA<\/span><\/div><div id=\"gliwi-1069558589\" style=\"margin-bottom: 25px;margin-left: auto;margin-right: auto;text-align: center;\"><a data-no-instant=\"1\" href=\"https:\/\/dom100.eu\/\" rel=\"noopener\" class=\"a2t-link\" target=\"_blank\" aria-label=\"20260415 DOM100 D\"><img loading=\"lazy\" decoding=\"async\" src=\"https:\/\/www.24gliwice.pl\/wiadomosci\/wp-content\/uploads\/2026\/04\/20260415-DOM100-D.jpg\" alt=\"\"  srcset=\"https:\/\/www.24gliwice.pl\/wiadomosci\/wp-content\/uploads\/2026\/04\/20260415-DOM100-D.jpg 750w, https:\/\/www.24gliwice.pl\/wiadomosci\/wp-content\/uploads\/2026\/04\/20260415-DOM100-D-410x109.jpg 410w\" sizes=\"(max-width: 750px) 100vw, 750px\" class=\"no-lazyload\" width=\"750\" height=\"200\"  style=\"display: inline-block; max-width: 100%; height: auto;\" \/><\/a><\/div><\/div><h2>Warsztaty, animacje, gry, pokazy, alpaki, dmucha\u0144ce, popcorn i wata cukrowa &#8211; Gliwicka Impreza Integracyjna nad jeziorem w Czechowicach b\u0119dzie pe\u0142na r\u00f3\u017cnych atrakcji, kt\u00f3re zainteresuj\u0105 przede wszystkim najm\u0142odszych mieszka\u0144c\u00f3w Gliwic. Wydarzenie odb\u0119dzie si\u0119 na po\u017cegnanie lata &#8211; w sobot\u0119, 20 wrze\u015bnia.<\/h2>\n<p><!--more--><\/p>\n<p>Na terenie O\u015brodka Wypoczynkowego przewidziano tak\u017ce fotobudk\u0119 oraz punkt wymiany ksi\u0105\u017cek. Uczestnicy b\u0119d\u0105 mogli wzi\u0105\u0107 udzia\u0142 w warsztatach z udzielania pierwszej pomocy i zaj\u0119ciach treningowych z Barre Studio. Podczas imprezy przewidziano wyst\u0119py artystyczne, turniej pi\u0142ki no\u017cnej dla dzieci, siatk\u00f3wk\u0119, pokazy gimnastyki artystycznej oraz zabaw\u0119 z DJ-em. Na miejscu b\u0119dzie te\u017c stra\u017c miejska, kt\u00f3ra z tej okazji przygotuje stanowisko z trena\u017cem czasu reakcji, alko- i narkogoglami, a zainteresowani cykli\u015bci b\u0119d\u0105 mogli oznakowa\u0107 tam swoje rowery. Ze zdrojem wody pitnej pojawi si\u0119 te\u017c PWIK.<\/p>\n<blockquote><p><em>W ekologicznym aspekcie b\u0119dzie wspiera\u0107 nas firma Remondis Gliwice, zorganizuj\u0105 zbi\u00f3rk\u0119 zu\u017cytego sprz\u0119tu AGD w zamian za cebulki kwiatowe<\/em><\/p><\/blockquote>\n<p>&#8211; zapowiadaj\u0105 organizatorzy.<\/p><div class=\"gliwi-a3-w-tresci-artykulow gliwi-entity-placement\" id=\"gliwi-705801161\"><div class=\"gliwi-adlabel\"><span style=\"font-size: 9px\">REKLAMA<\/span><\/div><div id=\"gliwi-208460247\" style=\"margin-bottom: 30px;margin-left: auto;margin-right: auto;text-align: center;\"><a data-no-instant=\"1\" href=\"https:\/\/zlobek.halogen.org.pl\/\" rel=\"noopener\" class=\"a2t-link\" target=\"_blank\" aria-label=\"animator-zlobek_750x200\"><img loading=\"lazy\" decoding=\"async\" src=\"https:\/\/www.24gliwice.pl\/wiadomosci\/wp-content\/uploads\/2026\/02\/animator-zlobek_750x200.webp\" alt=\"\"  srcset=\"https:\/\/www.24gliwice.pl\/wiadomosci\/wp-content\/uploads\/2026\/02\/animator-zlobek_750x200.webp 750w, https:\/\/www.24gliwice.pl\/wiadomosci\/wp-content\/uploads\/2026\/02\/animator-zlobek_750x200-410x109.webp 410w\" sizes=\"(max-width: 750px) 100vw, 750px\" class=\"no-lazyload\" width=\"750\" height=\"200\"  style=\"display: inline-block; max-width: 100%; height: auto;\" \/><\/a><\/div><\/div>\n<p>Wydarzenie przygotowane zosta\u0142o przez 14 gliwickich Rad Dzielnic przy wsparciu organizacyjnym wielu podmiot\u00f3w miejskich i organizacji pozarz\u0105dowych.<\/p>\n<p>Impreza rozpocznie si\u0119 o godzinie 13:00, a potrwa do godziny 18:00. Miejsce: O\u015brodek Wypoczynkowy Czechowice, ul. Ziemi\u0119cicka 62. Wst\u0119p jest wolny, bezp\u0142atne ma by\u0107 tak\u017ce parkowanie. Szczeg\u00f3\u0142owe informacje mo\u017cna znale\u017a\u0107 na plakacie, na stronie <a href=\"https:\/\/www.facebook.com\/profile.php?id=61575748503922\" target=\"_blank\" rel=\"noopener\">FB Rady Dzielnicy Czechowice <\/a>oraz w <a href=\"https:\/\/www.facebook.com\/events\/1963027414490119\" target=\"_blank\" rel=\"noopener\">wydarzeniu w serwisie facebook.com.<\/a><\/p>\n<h4>Mo\u017cna dojecha\u0107 na piknik jedno\u015bladem<\/h4>\n<p>Stowarzyszenie Rowerowe Gliwice zaprasza na wsp\u00f3lny przejazd rowerem na miejsce imprezy. Start Gliwicyklu: skwer Dessau (obok Katedry, r\u00f3g ulic Jana Paw\u0142a II i Nowy \u015awiat), sobota, 20 wrze\u015bnia, godzina 11:00. Meta: piknik na k\u0105pielisku Czechowice. <\/p>\n<p>&#8211; Na miejscu b\u0119dzie mo\u017cna co\u015b zje\u015b\u0107, napi\u0107 si\u0119 i skorzysta\u0107 z toalety. Trasa: Dystans: 30 km. Czas przejazdu: 2,5 godziny. Dla kogo: dla ka\u017cdego. Rekomendowane rowery: wszystkie z opon\u0105 z bie\u017cnikiem &#8211; informuj\u0105 organizatorzy.<\/p>\n<p>Udzia\u0142 w przeje\u017adzie jest r\u00f3wnoznaczny z akceptacj\u0105 regulaminu, kt\u00f3ry dost\u0119pny jest na stronie: <a href=\"http:\/\/rowerowe-gliwice.pl\/gliwicykl\" target=\"_blank\">rowerowe-gliwice.pl\/gliwicykl<\/a>.<\/p>\n<p><a href=\"https:\/\/www.facebook.com\/events\/758622727140106\" target=\"_blank\">Wydarzenie w serwisie facebook.com mo\u017cna znale\u017a\u0107 tu. <\/a><br \/>\n(\u017cms)<\/p>\n<p><a href=\"https:\/\/www.24gliwice.pl\/wiadomosci\/wp-content\/uploads\/2025\/09\/gliwicka-impreza-integracyjna.jpg\"><img loading=\"lazy\" decoding=\"async\" class=\"alignnone size-full wp-image-260020\" src=\"https:\/\/www.24gliwice.pl\/wiadomosci\/wp-content\/uploads\/2025\/09\/gliwicka-impreza-integracyjna.jpg\" alt=\"\" width=\"577\" height=\"810\" srcset=\"https:\/\/www.24gliwice.pl\/wiadomosci\/wp-content\/uploads\/2025\/09\/gliwicka-impreza-integracyjna.jpg 577w, https:\/\/www.24gliwice.pl\/wiadomosci\/wp-content\/uploads\/2025\/09\/gliwicka-impreza-integracyjna-165x232.jpg 165w, https:\/\/www.24gliwice.pl\/wiadomosci\/wp-content\/uploads\/2025\/09\/gliwicka-impreza-integracyjna-324x455.jpg 324w\" sizes=\"auto, (max-width: 577px) 100vw, 577px\" \/><\/a><\/p>\n<div class=\"gliwi-a5-na-koncu-artykulow gliwi-entity-placement\" id=\"gliwi-3444039000\"><div class=\"gliwi-adlabel\"><span style=\"font-size: 9px\">REKLAMA<\/span><\/div><div id=\"gliwi-4197423140\" style=\"margin-left: auto;margin-right: auto;text-align: center;\"><a data-no-instant=\"1\" href=\"https:\/\/prezeroarenagliwice.pl\/\" rel=\"noopener\" class=\"a2t-link\" target=\"_blank\" aria-label=\"20260309-PREZERO-WIOSNA-D\"><img loading=\"lazy\" decoding=\"async\" src=\"https:\/\/www.24gliwice.pl\/wiadomosci\/wp-content\/uploads\/2026\/03\/20260309-PREZERO-WIOSNA-D.webp\" alt=\"\"  srcset=\"https:\/\/www.24gliwice.pl\/wiadomosci\/wp-content\/uploads\/2026\/03\/20260309-PREZERO-WIOSNA-D.webp 750w, https:\/\/www.24gliwice.pl\/wiadomosci\/wp-content\/uploads\/2026\/03\/20260309-PREZERO-WIOSNA-D-410x109.webp 410w\" sizes=\"(max-width: 750px) 100vw, 750px\" class=\"no-lazyload\" width=\"750\" height=\"200\"  style=\"display: inline-block; max-width: 100%; height: auto;\" \/><\/a><\/div><\/div>","protected":false},"excerpt":{"rendered":"<p>Warsztaty, animacje, gry, pokazy, alpaki, dmucha\u0144ce, popcorn i wata cukrowa &#8211; Gliwicka Impreza Integracyjna nad jeziorem w Czechowicach b\u0119dzie pe\u0142na r\u00f3\u017cnych atrakcji, kt\u00f3re zainteresuj\u0105 przede wszystkim najm\u0142odszych mieszka\u0144c\u00f3w Gliwic. Wydarzenie odb\u0119dzie si\u0119 na po\u017cegnanie lata &#8211; w sobot\u0119, 20 wrze\u015bnia.<\/p>\n","protected":false},"author":15,"featured_media":237813,"comment_status":"open","ping_status":"closed","sticky":false,"template":"","format":"standard","meta":{"_monsterinsights_skip_tracking":false,"_monsterinsights_sitenote_active":false,"_monsterinsights_sitenote_note":"","_monsterinsights_sitenote_category":0,"footnotes":"","_links_to":"","_links_to_target":""},"categories":[3,6,1],"tags":[456,24560],"class_list":["post-260018","post","type-post","status-publish","format-standard","has-post-thumbnail","hentry","category-gliwice","category-kultura","category-wszystko","tag-czechowice","tag-impreza-integracyjna"],"yoast_head":"<!-- This site is optimized with the Yoast SEO plugin v27.5 - https:\/\/yoast.com\/product\/yoast-seo-wordpress\/ -->\n<title>Pokazy, animacje, dmucha\u0144ce i alpaki. Gliwicka Impreza Integracyjna nad jeziorem w Czechowicach - 24GLIWICE - Portal Gliwice | codziennie nowe informacje<\/title>\n<meta name=\"description\" content=\"Gliwicka Impreza Integracyjna nad jeziorem w Czechowicach odb\u0119dzie si\u0119 w sobot\u0119, 20 wrze\u015bnia. Przewidziano sporo atrakcji dla najm\u0142odszych\" \/>\n<meta name=\"robots\" content=\"index, follow, max-snippet:-1, max-image-preview:large, max-video-preview:-1\" \/>\n<link rel=\"canonical\" href=\"https:\/\/www.24gliwice.pl\/wiadomosci\/pokazy-animacje-dmuchance-i-alpaki-gliwicka-impreza-integracyjna-nad-jeziorem-w-czechowicach\/\" \/>\n<meta property=\"og:locale\" content=\"pl_PL\" \/>\n<meta property=\"og:type\" content=\"article\" \/>\n<meta property=\"og:title\" content=\"Pokazy, animacje, dmucha\u0144ce i alpaki. Gliwicka Impreza Integracyjna nad jeziorem w Czechowicach - 24GLIWICE - Portal Gliwice | codziennie nowe informacje\" \/>\n<meta property=\"og:description\" content=\"Gliwicka Impreza Integracyjna nad jeziorem w Czechowicach odb\u0119dzie si\u0119 w sobot\u0119, 20 wrze\u015bnia. Przewidziano sporo atrakcji dla najm\u0142odszych\" \/>\n<meta property=\"og:url\" content=\"https:\/\/www.24gliwice.pl\/wiadomosci\/pokazy-animacje-dmuchance-i-alpaki-gliwicka-impreza-integracyjna-nad-jeziorem-w-czechowicach\/\" \/>\n<meta property=\"og:site_name\" content=\"24GLIWICE - Portal Gliwice | codziennie nowe informacje\" \/>\n<meta property=\"article:publisher\" content=\"https:\/\/www.facebook.com\/24gliwice\" \/>\n<meta property=\"article:published_time\" content=\"2025-09-18T11:30:24+00:00\" \/>\n<meta property=\"article:modified_time\" content=\"2025-09-19T12:16:22+00:00\" \/>\n<meta property=\"og:image\" content=\"https:\/\/www.24gliwice.pl\/wiadomosci\/wp-content\/uploads\/2024\/06\/dmuchance.jpg\" \/>\n\t<meta property=\"og:image:width\" content=\"810\" \/>\n\t<meta property=\"og:image:height\" content=\"456\" \/>\n\t<meta property=\"og:image:type\" content=\"image\/jpeg\" \/>\n<meta name=\"author\" content=\"\u017baneta Mrozek-Siewierska\" \/>\n<meta name=\"twitter:card\" content=\"summary_large_image\" \/>\n<meta name=\"twitter:creator\" content=\"@24gliwice\" \/>\n<meta name=\"twitter:site\" content=\"@24gliwice\" \/>\n<meta name=\"twitter:label1\" content=\"Napisane przez\" \/>\n\t<meta name=\"twitter:data1\" content=\"\u017baneta Mrozek-Siewierska\" \/>\n\t<meta name=\"twitter:label2\" content=\"Szacowany czas czytania\" \/>\n\t<meta name=\"twitter:data2\" content=\"3 minuty\" \/>\n<script type=\"application\/ld+json\" class=\"yoast-schema-graph\">{\"@context\":\"https:\\\/\\\/schema.org\",\"@graph\":[{\"@type\":\"Article\",\"@id\":\"https:\\\/\\\/www.24gliwice.pl\\\/wiadomosci\\\/pokazy-animacje-dmuchance-i-alpaki-gliwicka-impreza-integracyjna-nad-jeziorem-w-czechowicach\\\/#article\",\"isPartOf\":{\"@id\":\"https:\\\/\\\/www.24gliwice.pl\\\/wiadomosci\\\/pokazy-animacje-dmuchance-i-alpaki-gliwicka-impreza-integracyjna-nad-jeziorem-w-czechowicach\\\/\"},\"author\":{\"name\":\"\u017baneta Mrozek-Siewierska\",\"@id\":\"https:\\\/\\\/www.24gliwice.pl\\\/wiadomosci\\\/#\\\/schema\\\/person\\\/e42c650edd7f2fa332be3811fb166b6e\"},\"headline\":\"Pokazy, animacje, dmucha\u0144ce i alpaki. Gliwicka Impreza Integracyjna nad jeziorem w Czechowicach\",\"datePublished\":\"2025-09-18T11:30:24+00:00\",\"dateModified\":\"2025-09-19T12:16:22+00:00\",\"mainEntityOfPage\":{\"@id\":\"https:\\\/\\\/www.24gliwice.pl\\\/wiadomosci\\\/pokazy-animacje-dmuchance-i-alpaki-gliwicka-impreza-integracyjna-nad-jeziorem-w-czechowicach\\\/\"},\"wordCount\":365,\"commentCount\":4,\"publisher\":{\"@id\":\"https:\\\/\\\/www.24gliwice.pl\\\/wiadomosci\\\/#organization\"},\"image\":{\"@id\":\"https:\\\/\\\/www.24gliwice.pl\\\/wiadomosci\\\/pokazy-animacje-dmuchance-i-alpaki-gliwicka-impreza-integracyjna-nad-jeziorem-w-czechowicach\\\/#primaryimage\"},\"thumbnailUrl\":\"https:\\\/\\\/www.24gliwice.pl\\\/wiadomosci\\\/wp-content\\\/uploads\\\/2024\\\/06\\\/dmuchance.jpg\",\"keywords\":[\"CZECHOWICE\",\"IMPREZA INTEGRACYJNA\"],\"articleSection\":[\"Gliwice\",\"Kultura, wydarzenia, imprezy\",\"Najnowsze wiadomo\u015bci\"],\"inLanguage\":\"pl-PL\",\"potentialAction\":[{\"@type\":\"CommentAction\",\"name\":\"Comment\",\"target\":[\"https:\\\/\\\/www.24gliwice.pl\\\/wiadomosci\\\/pokazy-animacje-dmuchance-i-alpaki-gliwicka-impreza-integracyjna-nad-jeziorem-w-czechowicach\\\/#respond\"]}]},{\"@type\":\"WebPage\",\"@id\":\"https:\\\/\\\/www.24gliwice.pl\\\/wiadomosci\\\/pokazy-animacje-dmuchance-i-alpaki-gliwicka-impreza-integracyjna-nad-jeziorem-w-czechowicach\\\/\",\"url\":\"https:\\\/\\\/www.24gliwice.pl\\\/wiadomosci\\\/pokazy-animacje-dmuchance-i-alpaki-gliwicka-impreza-integracyjna-nad-jeziorem-w-czechowicach\\\/\",\"name\":\"Pokazy, animacje, dmucha\u0144ce i alpaki. Gliwicka Impreza Integracyjna nad jeziorem w Czechowicach - 24GLIWICE - Portal Gliwice | codziennie nowe informacje\",\"isPartOf\":{\"@id\":\"https:\\\/\\\/www.24gliwice.pl\\\/wiadomosci\\\/#website\"},\"primaryImageOfPage\":{\"@id\":\"https:\\\/\\\/www.24gliwice.pl\\\/wiadomosci\\\/pokazy-animacje-dmuchance-i-alpaki-gliwicka-impreza-integracyjna-nad-jeziorem-w-czechowicach\\\/#primaryimage\"},\"image\":{\"@id\":\"https:\\\/\\\/www.24gliwice.pl\\\/wiadomosci\\\/pokazy-animacje-dmuchance-i-alpaki-gliwicka-impreza-integracyjna-nad-jeziorem-w-czechowicach\\\/#primaryimage\"},\"thumbnailUrl\":\"https:\\\/\\\/www.24gliwice.pl\\\/wiadomosci\\\/wp-content\\\/uploads\\\/2024\\\/06\\\/dmuchance.jpg\",\"datePublished\":\"2025-09-18T11:30:24+00:00\",\"dateModified\":\"2025-09-19T12:16:22+00:00\",\"description\":\"Gliwicka Impreza Integracyjna nad jeziorem w Czechowicach odb\u0119dzie si\u0119 w sobot\u0119, 20 wrze\u015bnia. Przewidziano sporo atrakcji dla najm\u0142odszych\",\"breadcrumb\":{\"@id\":\"https:\\\/\\\/www.24gliwice.pl\\\/wiadomosci\\\/pokazy-animacje-dmuchance-i-alpaki-gliwicka-impreza-integracyjna-nad-jeziorem-w-czechowicach\\\/#breadcrumb\"},\"inLanguage\":\"pl-PL\",\"potentialAction\":[{\"@type\":\"ReadAction\",\"target\":[\"https:\\\/\\\/www.24gliwice.pl\\\/wiadomosci\\\/pokazy-animacje-dmuchance-i-alpaki-gliwicka-impreza-integracyjna-nad-jeziorem-w-czechowicach\\\/\"]}]},{\"@type\":\"ImageObject\",\"inLanguage\":\"pl-PL\",\"@id\":\"https:\\\/\\\/www.24gliwice.pl\\\/wiadomosci\\\/pokazy-animacje-dmuchance-i-alpaki-gliwicka-impreza-integracyjna-nad-jeziorem-w-czechowicach\\\/#primaryimage\",\"url\":\"https:\\\/\\\/www.24gliwice.pl\\\/wiadomosci\\\/wp-content\\\/uploads\\\/2024\\\/06\\\/dmuchance.jpg\",\"contentUrl\":\"https:\\\/\\\/www.24gliwice.pl\\\/wiadomosci\\\/wp-content\\\/uploads\\\/2024\\\/06\\\/dmuchance.jpg\",\"width\":810,\"height\":456},{\"@type\":\"BreadcrumbList\",\"@id\":\"https:\\\/\\\/www.24gliwice.pl\\\/wiadomosci\\\/pokazy-animacje-dmuchance-i-alpaki-gliwicka-impreza-integracyjna-nad-jeziorem-w-czechowicach\\\/#breadcrumb\",\"itemListElement\":[{\"@type\":\"ListItem\",\"position\":1,\"name\":\"Strona g\u0142\u00f3wna\",\"item\":\"https:\\\/\\\/www.24gliwice.pl\\\/wiadomosci\\\/\"},{\"@type\":\"ListItem\",\"position\":2,\"name\":\"Pokazy, animacje, dmucha\u0144ce i alpaki. Gliwicka Impreza Integracyjna nad jeziorem w Czechowicach\"}]},{\"@type\":\"WebSite\",\"@id\":\"https:\\\/\\\/www.24gliwice.pl\\\/wiadomosci\\\/#website\",\"url\":\"https:\\\/\\\/www.24gliwice.pl\\\/wiadomosci\\\/\",\"name\":\"24GLIWICE - Portal Gliwice | codziennie nowe wiadomo\u015bci\",\"description\":\"Portal Miejski Gliwice\",\"publisher\":{\"@id\":\"https:\\\/\\\/www.24gliwice.pl\\\/wiadomosci\\\/#organization\"},\"potentialAction\":[{\"@type\":\"SearchAction\",\"target\":{\"@type\":\"EntryPoint\",\"urlTemplate\":\"https:\\\/\\\/www.24gliwice.pl\\\/wiadomosci\\\/?s={search_term_string}\"},\"query-input\":{\"@type\":\"PropertyValueSpecification\",\"valueRequired\":true,\"valueName\":\"search_term_string\"}}],\"inLanguage\":\"pl-PL\"},{\"@type\":\"Organization\",\"@id\":\"https:\\\/\\\/www.24gliwice.pl\\\/wiadomosci\\\/#organization\",\"name\":\"24gliwice\",\"url\":\"https:\\\/\\\/www.24gliwice.pl\\\/wiadomosci\\\/\",\"logo\":{\"@type\":\"ImageObject\",\"inLanguage\":\"pl-PL\",\"@id\":\"https:\\\/\\\/www.24gliwice.pl\\\/wiadomosci\\\/#\\\/schema\\\/logo\\\/image\\\/\",\"url\":\"https:\\\/\\\/www.24gliwice.pl\\\/wiadomosci\\\/wp-content\\\/uploads\\\/2024\\\/10\\\/24gliwice-logo-696.jpg\",\"contentUrl\":\"https:\\\/\\\/www.24gliwice.pl\\\/wiadomosci\\\/wp-content\\\/uploads\\\/2024\\\/10\\\/24gliwice-logo-696.jpg\",\"width\":696,\"height\":696,\"caption\":\"24gliwice\"},\"image\":{\"@id\":\"https:\\\/\\\/www.24gliwice.pl\\\/wiadomosci\\\/#\\\/schema\\\/logo\\\/image\\\/\"},\"sameAs\":[\"https:\\\/\\\/www.facebook.com\\\/24gliwice\",\"https:\\\/\\\/x.com\\\/24gliwice\",\"https:\\\/\\\/www.youtube.com\\\/@24gliwice\"]},{\"@type\":\"Person\",\"@id\":\"https:\\\/\\\/www.24gliwice.pl\\\/wiadomosci\\\/#\\\/schema\\\/person\\\/e42c650edd7f2fa332be3811fb166b6e\",\"name\":\"\u017baneta Mrozek-Siewierska\",\"image\":{\"@type\":\"ImageObject\",\"inLanguage\":\"pl-PL\",\"@id\":\"https:\\\/\\\/secure.gravatar.com\\\/avatar\\\/1881429e9c64597c77ad7aef2d0a19be69a3253e57534d16aa15bf3a4d34a0a3?s=96&d=mm&r=g\",\"url\":\"https:\\\/\\\/secure.gravatar.com\\\/avatar\\\/1881429e9c64597c77ad7aef2d0a19be69a3253e57534d16aa15bf3a4d34a0a3?s=96&d=mm&r=g\",\"contentUrl\":\"https:\\\/\\\/secure.gravatar.com\\\/avatar\\\/1881429e9c64597c77ad7aef2d0a19be69a3253e57534d16aa15bf3a4d34a0a3?s=96&d=mm&r=g\",\"caption\":\"\u017baneta Mrozek-Siewierska\"},\"url\":\"https:\\\/\\\/www.24gliwice.pl\\\/wiadomosci\\\/author\\\/zms\\\/\"}]}<\/script>\n<!-- \/ Yoast SEO plugin. -->","yoast_head_json":{"title":"Pokazy, animacje, dmucha\u0144ce i alpaki. Gliwicka Impreza Integracyjna nad jeziorem w Czechowicach - 24GLIWICE - Portal Gliwice | codziennie nowe informacje","description":"Gliwicka Impreza Integracyjna nad jeziorem w Czechowicach odb\u0119dzie si\u0119 w sobot\u0119, 20 wrze\u015bnia. Przewidziano sporo atrakcji dla najm\u0142odszych","robots":{"index":"index","follow":"follow","max-snippet":"max-snippet:-1","max-image-preview":"max-image-preview:large","max-video-preview":"max-video-preview:-1"},"canonical":"https:\/\/www.24gliwice.pl\/wiadomosci\/pokazy-animacje-dmuchance-i-alpaki-gliwicka-impreza-integracyjna-nad-jeziorem-w-czechowicach\/","og_locale":"pl_PL","og_type":"article","og_title":"Pokazy, animacje, dmucha\u0144ce i alpaki. Gliwicka Impreza Integracyjna nad jeziorem w Czechowicach - 24GLIWICE - Portal Gliwice | codziennie nowe informacje","og_description":"Gliwicka Impreza Integracyjna nad jeziorem w Czechowicach odb\u0119dzie si\u0119 w sobot\u0119, 20 wrze\u015bnia. Przewidziano sporo atrakcji dla najm\u0142odszych","og_url":"https:\/\/www.24gliwice.pl\/wiadomosci\/pokazy-animacje-dmuchance-i-alpaki-gliwicka-impreza-integracyjna-nad-jeziorem-w-czechowicach\/","og_site_name":"24GLIWICE - Portal Gliwice | codziennie nowe informacje","article_publisher":"https:\/\/www.facebook.com\/24gliwice","article_published_time":"2025-09-18T11:30:24+00:00","article_modified_time":"2025-09-19T12:16:22+00:00","og_image":[{"width":810,"height":456,"url":"https:\/\/www.24gliwice.pl\/wiadomosci\/wp-content\/uploads\/2024\/06\/dmuchance.jpg","type":"image\/jpeg"}],"author":"\u017baneta Mrozek-Siewierska","twitter_card":"summary_large_image","twitter_creator":"@24gliwice","twitter_site":"@24gliwice","twitter_misc":{"Napisane przez":"\u017baneta Mrozek-Siewierska","Szacowany czas czytania":"3 minuty"},"schema":{"@context":"https:\/\/schema.org","@graph":[{"@type":"Article","@id":"https:\/\/www.24gliwice.pl\/wiadomosci\/pokazy-animacje-dmuchance-i-alpaki-gliwicka-impreza-integracyjna-nad-jeziorem-w-czechowicach\/#article","isPartOf":{"@id":"https:\/\/www.24gliwice.pl\/wiadomosci\/pokazy-animacje-dmuchance-i-alpaki-gliwicka-impreza-integracyjna-nad-jeziorem-w-czechowicach\/"},"author":{"name":"\u017baneta Mrozek-Siewierska","@id":"https:\/\/www.24gliwice.pl\/wiadomosci\/#\/schema\/person\/e42c650edd7f2fa332be3811fb166b6e"},"headline":"Pokazy, animacje, dmucha\u0144ce i alpaki. Gliwicka Impreza Integracyjna nad jeziorem w Czechowicach","datePublished":"2025-09-18T11:30:24+00:00","dateModified":"2025-09-19T12:16:22+00:00","mainEntityOfPage":{"@id":"https:\/\/www.24gliwice.pl\/wiadomosci\/pokazy-animacje-dmuchance-i-alpaki-gliwicka-impreza-integracyjna-nad-jeziorem-w-czechowicach\/"},"wordCount":365,"commentCount":4,"publisher":{"@id":"https:\/\/www.24gliwice.pl\/wiadomosci\/#organization"},"image":{"@id":"https:\/\/www.24gliwice.pl\/wiadomosci\/pokazy-animacje-dmuchance-i-alpaki-gliwicka-impreza-integracyjna-nad-jeziorem-w-czechowicach\/#primaryimage"},"thumbnailUrl":"https:\/\/www.24gliwice.pl\/wiadomosci\/wp-content\/uploads\/2024\/06\/dmuchance.jpg","keywords":["CZECHOWICE","IMPREZA INTEGRACYJNA"],"articleSection":["Gliwice","Kultura, wydarzenia, imprezy","Najnowsze wiadomo\u015bci"],"inLanguage":"pl-PL","potentialAction":[{"@type":"CommentAction","name":"Comment","target":["https:\/\/www.24gliwice.pl\/wiadomosci\/pokazy-animacje-dmuchance-i-alpaki-gliwicka-impreza-integracyjna-nad-jeziorem-w-czechowicach\/#respond"]}]},{"@type":"WebPage","@id":"https:\/\/www.24gliwice.pl\/wiadomosci\/pokazy-animacje-dmuchance-i-alpaki-gliwicka-impreza-integracyjna-nad-jeziorem-w-czechowicach\/","url":"https:\/\/www.24gliwice.pl\/wiadomosci\/pokazy-animacje-dmuchance-i-alpaki-gliwicka-impreza-integracyjna-nad-jeziorem-w-czechowicach\/","name":"Pokazy, animacje, dmucha\u0144ce i alpaki. Gliwicka Impreza Integracyjna nad jeziorem w Czechowicach - 24GLIWICE - Portal Gliwice | codziennie nowe informacje","isPartOf":{"@id":"https:\/\/www.24gliwice.pl\/wiadomosci\/#website"},"primaryImageOfPage":{"@id":"https:\/\/www.24gliwice.pl\/wiadomosci\/pokazy-animacje-dmuchance-i-alpaki-gliwicka-impreza-integracyjna-nad-jeziorem-w-czechowicach\/#primaryimage"},"image":{"@id":"https:\/\/www.24gliwice.pl\/wiadomosci\/pokazy-animacje-dmuchance-i-alpaki-gliwicka-impreza-integracyjna-nad-jeziorem-w-czechowicach\/#primaryimage"},"thumbnailUrl":"https:\/\/www.24gliwice.pl\/wiadomosci\/wp-content\/uploads\/2024\/06\/dmuchance.jpg","datePublished":"2025-09-18T11:30:24+00:00","dateModified":"2025-09-19T12:16:22+00:00","description":"Gliwicka Impreza Integracyjna nad jeziorem w Czechowicach odb\u0119dzie si\u0119 w sobot\u0119, 20 wrze\u015bnia. Przewidziano sporo atrakcji dla najm\u0142odszych","breadcrumb":{"@id":"https:\/\/www.24gliwice.pl\/wiadomosci\/pokazy-animacje-dmuchance-i-alpaki-gliwicka-impreza-integracyjna-nad-jeziorem-w-czechowicach\/#breadcrumb"},"inLanguage":"pl-PL","potentialAction":[{"@type":"ReadAction","target":["https:\/\/www.24gliwice.pl\/wiadomosci\/pokazy-animacje-dmuchance-i-alpaki-gliwicka-impreza-integracyjna-nad-jeziorem-w-czechowicach\/"]}]},{"@type":"ImageObject","inLanguage":"pl-PL","@id":"https:\/\/www.24gliwice.pl\/wiadomosci\/pokazy-animacje-dmuchance-i-alpaki-gliwicka-impreza-integracyjna-nad-jeziorem-w-czechowicach\/#primaryimage","url":"https:\/\/www.24gliwice.pl\/wiadomosci\/wp-content\/uploads\/2024\/06\/dmuchance.jpg","contentUrl":"https:\/\/www.24gliwice.pl\/wiadomosci\/wp-content\/uploads\/2024\/06\/dmuchance.jpg","width":810,"height":456},{"@type":"BreadcrumbList","@id":"https:\/\/www.24gliwice.pl\/wiadomosci\/pokazy-animacje-dmuchance-i-alpaki-gliwicka-impreza-integracyjna-nad-jeziorem-w-czechowicach\/#breadcrumb","itemListElement":[{"@type":"ListItem","position":1,"name":"Strona g\u0142\u00f3wna","item":"https:\/\/www.24gliwice.pl\/wiadomosci\/"},{"@type":"ListItem","position":2,"name":"Pokazy, animacje, dmucha\u0144ce i alpaki. Gliwicka Impreza Integracyjna nad jeziorem w Czechowicach"}]},{"@type":"WebSite","@id":"https:\/\/www.24gliwice.pl\/wiadomosci\/#website","url":"https:\/\/www.24gliwice.pl\/wiadomosci\/","name":"24GLIWICE - Portal Gliwice | codziennie nowe wiadomo\u015bci","description":"Portal Miejski Gliwice","publisher":{"@id":"https:\/\/www.24gliwice.pl\/wiadomosci\/#organization"},"potentialAction":[{"@type":"SearchAction","target":{"@type":"EntryPoint","urlTemplate":"https:\/\/www.24gliwice.pl\/wiadomosci\/?s={search_term_string}"},"query-input":{"@type":"PropertyValueSpecification","valueRequired":true,"valueName":"search_term_string"}}],"inLanguage":"pl-PL"},{"@type":"Organization","@id":"https:\/\/www.24gliwice.pl\/wiadomosci\/#organization","name":"24gliwice","url":"https:\/\/www.24gliwice.pl\/wiadomosci\/","logo":{"@type":"ImageObject","inLanguage":"pl-PL","@id":"https:\/\/www.24gliwice.pl\/wiadomosci\/#\/schema\/logo\/image\/","url":"https:\/\/www.24gliwice.pl\/wiadomosci\/wp-content\/uploads\/2024\/10\/24gliwice-logo-696.jpg","contentUrl":"https:\/\/www.24gliwice.pl\/wiadomosci\/wp-content\/uploads\/2024\/10\/24gliwice-logo-696.jpg","width":696,"height":696,"caption":"24gliwice"},"image":{"@id":"https:\/\/www.24gliwice.pl\/wiadomosci\/#\/schema\/logo\/image\/"},"sameAs":["https:\/\/www.facebook.com\/24gliwice","https:\/\/x.com\/24gliwice","https:\/\/www.youtube.com\/@24gliwice"]},{"@type":"Person","@id":"https:\/\/www.24gliwice.pl\/wiadomosci\/#\/schema\/person\/e42c650edd7f2fa332be3811fb166b6e","name":"\u017baneta Mrozek-Siewierska","image":{"@type":"ImageObject","inLanguage":"pl-PL","@id":"https:\/\/secure.gravatar.com\/avatar\/1881429e9c64597c77ad7aef2d0a19be69a3253e57534d16aa15bf3a4d34a0a3?s=96&d=mm&r=g","url":"https:\/\/secure.gravatar.com\/avatar\/1881429e9c64597c77ad7aef2d0a19be69a3253e57534d16aa15bf3a4d34a0a3?s=96&d=mm&r=g","contentUrl":"https:\/\/secure.gravatar.com\/avatar\/1881429e9c64597c77ad7aef2d0a19be69a3253e57534d16aa15bf3a4d34a0a3?s=96&d=mm&r=g","caption":"\u017baneta Mrozek-Siewierska"},"url":"https:\/\/www.24gliwice.pl\/wiadomosci\/author\/zms\/"}]}},"_links":{"self":[{"href":"https:\/\/www.24gliwice.pl\/wiadomosci\/wp-json\/wp\/v2\/posts\/260018","targetHints":{"allow":["GET"]}}],"collection":[{"href":"https:\/\/www.24gliwice.pl\/wiadomosci\/wp-json\/wp\/v2\/posts"}],"about":[{"href":"https:\/\/www.24gliwice.pl\/wiadomosci\/wp-json\/wp\/v2\/types\/post"}],"author":[{"embeddable":true,"href":"https:\/\/www.24gliwice.pl\/wiadomosci\/wp-json\/wp\/v2\/users\/15"}],"replies":[{"embeddable":true,"href":"https:\/\/www.24gliwice.pl\/wiadomosci\/wp-json\/wp\/v2\/comments?post=260018"}],"version-history":[{"count":0,"href":"https:\/\/www.24gliwice.pl\/wiadomosci\/wp-json\/wp\/v2\/posts\/260018\/revisions"}],"wp:featuredmedia":[{"embeddable":true,"href":"https:\/\/www.24gliwice.pl\/wiadomosci\/wp-json\/wp\/v2\/media\/237813"}],"wp:attachment":[{"href":"https:\/\/www.24gliwice.pl\/wiadomosci\/wp-json\/wp\/v2\/media?parent=260018"}],"wp:term":[{"taxonomy":"category","embeddable":true,"href":"https:\/\/www.24gliwice.pl\/wiadomosci\/wp-json\/wp\/v2\/categories?post=260018"},{"taxonomy":"post_tag","embeddable":true,"href":"https:\/\/www.24gliwice.pl\/wiadomosci\/wp-json\/wp\/v2\/tags?post=260018"}],"curies":[{"name":"wp","href":"https:\/\/api.w.org\/{rel}","templated":true}]}}