{"id":260180,"date":"2025-09-22T16:37:50","date_gmt":"2025-09-22T14:37:50","guid":{"rendered":"https:\/\/www.24gliwice.pl\/wiadomosci\/?p=260180"},"modified":"2025-10-06T04:06:37","modified_gmt":"2025-10-06T02:06:37","slug":"nowe-otwarcie-meble-pasternak-w-gliwicach-meble-tapicerowane-na-wymiar","status":"publish","type":"post","link":"https:\/\/www.24gliwice.pl\/wiadomosci\/nowe-otwarcie-meble-pasternak-w-gliwicach-meble-tapicerowane-na-wymiar\/","title":{"rendered":"Nowe otwarcie Meble Pasternak w Gliwicach \u2013 meble tapicerowane na wymiar"},"content":{"rendered":"<h4>Gliwice zyska\u0142y nowe miejsce na wn\u0119trzarskiej mapie. Od 8 wrze\u015bnia dzia\u0142a tu nowy salon Meble Pasternak, specjalizuj\u0105cy si\u0119 w meblach na wymiar. To propozycja dla os\u00f3b, kt\u00f3re chc\u0105 urz\u0105dzi\u0107 swoje mieszkanie lub dom w spos\u00f3b spersonalizowany i trwa\u0142y. Salon znajduje si\u0119 w Galerii Wn\u0119trz ReFORMA, przy ulicy Pszczy\u0144skiej 192.<\/h4>\n<p><!--more--><\/p>\n<h3>Trend, kt\u00f3ry zdobywa popularno\u015b\u0107<\/h3>\n<p>Meble na wymiar coraz cz\u0119\u015bciej zast\u0119puj\u0105 gotowe zestawy z du\u017cych sieci. Klienci szukaj\u0105 dzi\u015b rozwi\u0105za\u0144, kt\u00f3re b\u0119d\u0105 pasowa\u0107 nie tylko do ich przestrzeni, ale i stylu \u017cycia. Jak podkre\u015blaj\u0105 specjali\u015bci, personalizacja to jeden z najsilniejszych trend\u00f3w wn\u0119trzarskich ostatnich lat \u2013 pozwala po\u0142\u0105czy\u0107 wygod\u0119, estetyk\u0119 i funkcjonalno\u015b\u0107.<\/p>\n<p>W Gliwicach takie mo\u017cliwo\u015bci daje nowo otwarty salon\u00a0<b>Meble Pasternak<\/b>, mieszcz\u0105cy si\u0119 w\u00a0<b>Galerii Wn\u0119trz Reforma przy ul. Pszczy\u0144skiej 192<\/b>. To kontynuacja dzia\u0142alno\u015bci dobrze znanej marki, kt\u00f3ra wcze\u015bniej funkcjonowa\u0142a w Europie Centralnej. Zmiana lokalizacji by\u0142a konieczna ze wzgl\u0119du na modernizacj\u0119 centrum handlowego.<\/p>\n<p><img loading=\"lazy\" decoding=\"async\" src=\"https:\/\/www.24gliwice.pl\/wiadomosci\/wp-content\/uploads\/2025\/09\/meble-pasternak-1.jpg\" alt=\"\" width=\"810\" height=\"456\" class=\"aligncenter size-full wp-image-260183\" srcset=\"https:\/\/www.24gliwice.pl\/wiadomosci\/wp-content\/uploads\/2025\/09\/meble-pasternak-1.jpg 810w, https:\/\/www.24gliwice.pl\/wiadomosci\/wp-content\/uploads\/2025\/09\/meble-pasternak-1-410x232.jpg 410w, https:\/\/www.24gliwice.pl\/wiadomosci\/wp-content\/uploads\/2025\/09\/meble-pasternak-1-808x455.jpg 808w, https:\/\/www.24gliwice.pl\/wiadomosci\/wp-content\/uploads\/2025\/09\/meble-pasternak-1-768x432.jpg 768w\" sizes=\"auto, (max-width: 810px) 100vw, 810px\" \/><\/p>\n<h3>Polska produkcja i du\u017cy wyb\u00f3r tkanin<\/h3>\n<p>Oferta salonu obejmuje przede wszystkim\u00a0<b>meble tapicerowane na wymiar<\/b>\u00a0\u2013 naro\u017cniki, sofy, fotele i pufy. Dodatkowo w sprzeda\u017cy dost\u0119pne s\u0105\u00a0<b>sto\u0142y oraz meble twarde<\/b>, co pozwala kompleksowo urz\u0105dzi\u0107 pok\u00f3j, salon czy jadalni\u0119.<\/p>\n<p>Najwi\u0119ksz\u0105 warto\u015bci\u0105 jest fakt, \u017ce wszystkie produkty powstaj\u0105 w Polsce. \u2013\u00a0<i>To gwarancja jako\u015bci i trwa\u0142o\u015bci, kt\u00f3rej coraz cz\u0119\u015bciej oczekuj\u0105 klienci<\/i>\u00a0\u2013 podkre\u015blaj\u0105 doradcy w salonie. Du\u017cym atutem jest r\u00f3wnie\u017c\u00a0<b>mo\u017cliwo\u015b\u0107 pe\u0142nej personalizacji<\/b>\u00a0\u2013 od wymiaru, przez tkanin\u0119, kolor, a\u017c po kszta\u0142t i rodzaj n\u00f3g.<\/p>\n<p>Na miejscu dost\u0119pny jest\u00a0<b>bardzo szeroki wyb\u00f3r materia\u0142\u00f3w obiciowych<\/b>. Opr\u00f3cz klasycznych tkanin, klienci mog\u0105 sprawdzi\u0107 materia\u0142y \u0142atwoczyszcz\u0105ce i odporne na zwierz\u0119ta.<\/p>\n<h3>Nowe modele na ekspozycji<\/h3>\n<p>Nowa przestrze\u0144 to tak\u017ce nowe mo\u017cliwo\u015bci. W Gliwicach mo\u017cna zobaczy\u0107\u00a0<b>nowe modele mebli, kt\u00f3rych nie by\u0142o we wcze\u015bniejszym salonie<\/b>. Dzi\u0119ki temu klienci maj\u0105 okazj\u0119 pozna\u0107 aktualne trendy i wzory w jednym miejscu, bez konieczno\u015bci zamawiania \u201ew ciemno\u201d.<\/p>\n<p>Dla dotychczasowych klient\u00f3w lokalizacja pozostaje wygodna \u2013 nowy salon znajduje si\u0119 r\u00f3wnie\u017c przy ulicy Pszczy\u0144skiej, dzi\u0119ki czemu dojazd nie stanowi problemu.<\/p>\n<p><img loading=\"lazy\" decoding=\"async\" src=\"https:\/\/www.24gliwice.pl\/wiadomosci\/wp-content\/uploads\/2025\/09\/meble-pasternak-2.jpg\" alt=\"\" width=\"810\" height=\"456\" class=\"aligncenter size-full wp-image-260184\" srcset=\"https:\/\/www.24gliwice.pl\/wiadomosci\/wp-content\/uploads\/2025\/09\/meble-pasternak-2.jpg 810w, https:\/\/www.24gliwice.pl\/wiadomosci\/wp-content\/uploads\/2025\/09\/meble-pasternak-2-410x232.jpg 410w, https:\/\/www.24gliwice.pl\/wiadomosci\/wp-content\/uploads\/2025\/09\/meble-pasternak-2-808x455.jpg 808w, https:\/\/www.24gliwice.pl\/wiadomosci\/wp-content\/uploads\/2025\/09\/meble-pasternak-2-768x432.jpg 768w\" sizes=\"auto, (max-width: 810px) 100vw, 810px\" \/><\/p>\n<h3>Bezpo\u015bredni kontakt i fachowe doradztwo<\/h3>\n<p>Wielu klient\u00f3w ceni mo\u017cliwo\u015b\u0107 osobistej rozmowy z doradc\u0105, obejrzenia ekspozycji i por\u00f3wnania tkanin na \u017cywo. W nowym salonie ka\u017cdy mo\u017ce usi\u0105\u015b\u0107 na naro\u017cniku czy sofie, sprawdzi\u0107 wygod\u0119 mebla i dopiero p\u00f3\u017aniej zdecydowa\u0107 o finalnej konfiguracji. To do\u015bwiadczenie, kt\u00f3rego nie zast\u0105pi \u017cadne zdj\u0119cie w katalogu.<\/p>\n<h3>Gliwice z nowym adresem dla mi\u0142o\u015bnik\u00f3w wn\u0119trz<\/h3>\n<p>Otwarcie salonu Meble Pasternak to nie tylko przeprowadzka, ale tak\u017ce poszerzenie oferty i jeszcze lepsze warunki obs\u0142ugi klienta. Dzi\u0119ki polskiej produkcji, du\u017cemu wyborowi tkanin i nowym modelom, Gliwiczanie zyskali nowe miejsce, w kt\u00f3rym mog\u0105 urz\u0105dzi\u0107 wn\u0119trze w pe\u0142ni dopasowane do swoich potrzeb.<\/p>\n<p><img loading=\"lazy\" decoding=\"async\" src=\"https:\/\/www.24gliwice.pl\/wiadomosci\/wp-content\/uploads\/2025\/09\/meble-pasternak-3.jpg\" alt=\"\" width=\"810\" height=\"456\" class=\"aligncenter size-full wp-image-260185\" srcset=\"https:\/\/www.24gliwice.pl\/wiadomosci\/wp-content\/uploads\/2025\/09\/meble-pasternak-3.jpg 810w, https:\/\/www.24gliwice.pl\/wiadomosci\/wp-content\/uploads\/2025\/09\/meble-pasternak-3-410x232.jpg 410w, https:\/\/www.24gliwice.pl\/wiadomosci\/wp-content\/uploads\/2025\/09\/meble-pasternak-3-808x455.jpg 808w, https:\/\/www.24gliwice.pl\/wiadomosci\/wp-content\/uploads\/2025\/09\/meble-pasternak-3-768x432.jpg 768w\" sizes=\"auto, (max-width: 810px) 100vw, 810px\" \/><\/p>\n<h3>Salon Meblowy Meble Pasternak-meble na ka\u017cdy wymiar\u00a0<\/h3>\n<p>Galeria Wn\u0119trz ReFORMA,<br \/>\nGliwice ul. Pszczy\u0144ska 192<br \/>\n<a href=\"http:\/\/meblepasternak.pl\" target=\"_blank\">meblepasternak.pl<\/a><\/p>\n<p><b>Godziny otwarcia:<\/b><br \/>\nPoniedzia\u0142ek-sobota 10-19<br \/>\nNiedziele handlowe 10-17<\/p>\n<div id=\"gliwi-2269890350\"><div class=\"gliwi-adlabel\"><span style=\"font-size: 9px\">REKLAMA<\/span><\/div><small>materia\u0142 partnera | <a href=\"https:\/\/www.24gliwice.pl\/wiadomosci\/material-partnera-warunki\/\" target=\"_blank\" rel=\"noopener\">informacja<\/a><\/small><\/div>\n","protected":false},"excerpt":{"rendered":"<p>Gliwice zyska\u0142y nowe miejsce na wn\u0119trzarskiej mapie. Od 8 wrze\u015bnia dzia\u0142a tu nowy salon Meble Pasternak, specjalizuj\u0105cy si\u0119 w meblach na wymiar. To propozycja dla os\u00f3b, kt\u00f3re chc\u0105 urz\u0105dzi\u0107 swoje mieszkanie lub dom w spos\u00f3b spersonalizowany i trwa\u0142y. Salon znajduje si\u0119 w Galerii Wn\u0119trz ReFORMA, przy ulicy Pszczy\u0144skiej 192.<\/p>\n","protected":false},"author":4,"featured_media":260182,"comment_status":"closed","ping_status":"closed","sticky":false,"template":"","format":"standard","meta":{"_monsterinsights_skip_tracking":false,"_monsterinsights_sitenote_active":false,"_monsterinsights_sitenote_note":"","_monsterinsights_sitenote_category":0,"footnotes":"","_links_to":"","_links_to_target":""},"categories":[3,22470,1,1129],"tags":[11825,24566],"class_list":["post-260180","post","type-post","status-publish","format-standard","has-post-thumbnail","hentry","category-gliwice","category-material_p","category-wszystko","category-polecamy","tag-meble","tag-salon-meblowy"],"yoast_head":"<!-- This site is optimized with the Yoast SEO plugin v27.5 - https:\/\/yoast.com\/product\/yoast-seo-wordpress\/ -->\n<title>Nowe otwarcie Meble Pasternak w Gliwicach \u2013 meble tapicerowane na wymiar - 24GLIWICE - Portal Gliwice | codziennie nowe informacje<\/title>\n<meta name=\"robots\" content=\"index, follow, max-snippet:-1, max-image-preview:large, max-video-preview:-1\" \/>\n<link rel=\"canonical\" href=\"https:\/\/www.24gliwice.pl\/wiadomosci\/nowe-otwarcie-meble-pasternak-w-gliwicach-meble-tapicerowane-na-wymiar\/\" \/>\n<meta property=\"og:locale\" content=\"pl_PL\" \/>\n<meta property=\"og:type\" content=\"article\" \/>\n<meta property=\"og:title\" content=\"Nowe otwarcie Meble Pasternak w Gliwicach \u2013 meble tapicerowane na wymiar - 24GLIWICE - Portal Gliwice | codziennie nowe informacje\" \/>\n<meta property=\"og:description\" content=\"Gliwice zyska\u0142y nowe miejsce na wn\u0119trzarskiej mapie. Od 8 wrze\u015bnia dzia\u0142a tu nowy salon Meble Pasternak, specjalizuj\u0105cy si\u0119 w meblach na wymiar. To propozycja dla os\u00f3b, kt\u00f3re chc\u0105 urz\u0105dzi\u0107 swoje mieszkanie lub dom w spos\u00f3b spersonalizowany i trwa\u0142y. Salon znajduje si\u0119 w Galerii Wn\u0119trz ReFORMA, przy ulicy Pszczy\u0144skiej 192.\" \/>\n<meta property=\"og:url\" content=\"https:\/\/www.24gliwice.pl\/wiadomosci\/nowe-otwarcie-meble-pasternak-w-gliwicach-meble-tapicerowane-na-wymiar\/\" \/>\n<meta property=\"og:site_name\" content=\"24GLIWICE - Portal Gliwice | codziennie nowe informacje\" \/>\n<meta property=\"article:publisher\" content=\"https:\/\/www.facebook.com\/24gliwice\" \/>\n<meta property=\"article:author\" content=\"https:\/\/www.facebook.com\/marcin.fabrykowski\" \/>\n<meta property=\"article:published_time\" content=\"2025-09-22T14:37:50+00:00\" \/>\n<meta property=\"article:modified_time\" content=\"2025-10-06T02:06:37+00:00\" \/>\n<meta property=\"og:image\" content=\"https:\/\/www.24gliwice.pl\/wiadomosci\/wp-content\/uploads\/2025\/09\/meble-pasternak-glowne.jpg\" \/>\n\t<meta property=\"og:image:width\" content=\"1140\" \/>\n\t<meta property=\"og:image:height\" content=\"641\" \/>\n\t<meta property=\"og:image:type\" content=\"image\/jpeg\" \/>\n<meta name=\"author\" content=\"Marcin Fabrykowski\" \/>\n<meta name=\"twitter:card\" content=\"summary_large_image\" \/>\n<meta name=\"twitter:creator\" content=\"@24gliwice\" \/>\n<meta name=\"twitter:site\" content=\"@24gliwice\" \/>\n<meta name=\"twitter:label1\" content=\"Napisane przez\" \/>\n\t<meta name=\"twitter:data1\" content=\"Marcin Fabrykowski\" \/>\n\t<meta name=\"twitter:label2\" content=\"Szacowany czas czytania\" \/>\n\t<meta name=\"twitter:data2\" content=\"4 minuty\" \/>\n<script type=\"application\/ld+json\" class=\"yoast-schema-graph\">{\"@context\":\"https:\\\/\\\/schema.org\",\"@graph\":[{\"@type\":\"Article\",\"@id\":\"https:\\\/\\\/www.24gliwice.pl\\\/wiadomosci\\\/nowe-otwarcie-meble-pasternak-w-gliwicach-meble-tapicerowane-na-wymiar\\\/#article\",\"isPartOf\":{\"@id\":\"https:\\\/\\\/www.24gliwice.pl\\\/wiadomosci\\\/nowe-otwarcie-meble-pasternak-w-gliwicach-meble-tapicerowane-na-wymiar\\\/\"},\"author\":{\"name\":\"Marcin Fabrykowski\",\"@id\":\"https:\\\/\\\/www.24gliwice.pl\\\/wiadomosci\\\/#\\\/schema\\\/person\\\/cb5857e4a4d048c15984c1edcc8ef0c0\"},\"headline\":\"Nowe otwarcie Meble Pasternak w Gliwicach \u2013 meble tapicerowane na wymiar\",\"datePublished\":\"2025-09-22T14:37:50+00:00\",\"dateModified\":\"2025-10-06T02:06:37+00:00\",\"mainEntityOfPage\":{\"@id\":\"https:\\\/\\\/www.24gliwice.pl\\\/wiadomosci\\\/nowe-otwarcie-meble-pasternak-w-gliwicach-meble-tapicerowane-na-wymiar\\\/\"},\"wordCount\":537,\"publisher\":{\"@id\":\"https:\\\/\\\/www.24gliwice.pl\\\/wiadomosci\\\/#organization\"},\"image\":{\"@id\":\"https:\\\/\\\/www.24gliwice.pl\\\/wiadomosci\\\/nowe-otwarcie-meble-pasternak-w-gliwicach-meble-tapicerowane-na-wymiar\\\/#primaryimage\"},\"thumbnailUrl\":\"https:\\\/\\\/www.24gliwice.pl\\\/wiadomosci\\\/wp-content\\\/uploads\\\/2025\\\/09\\\/meble-pasternak-glowne.jpg\",\"keywords\":[\"meble\",\"SALON MEBLOWY\"],\"articleSection\":[\"Gliwice\",\"materia\u0142 partnera\",\"Najnowsze wiadomo\u015bci\",\"Polecamy\"],\"inLanguage\":\"pl-PL\"},{\"@type\":\"WebPage\",\"@id\":\"https:\\\/\\\/www.24gliwice.pl\\\/wiadomosci\\\/nowe-otwarcie-meble-pasternak-w-gliwicach-meble-tapicerowane-na-wymiar\\\/\",\"url\":\"https:\\\/\\\/www.24gliwice.pl\\\/wiadomosci\\\/nowe-otwarcie-meble-pasternak-w-gliwicach-meble-tapicerowane-na-wymiar\\\/\",\"name\":\"Nowe otwarcie Meble Pasternak w Gliwicach \u2013 meble tapicerowane na wymiar - 24GLIWICE - Portal Gliwice | codziennie nowe informacje\",\"isPartOf\":{\"@id\":\"https:\\\/\\\/www.24gliwice.pl\\\/wiadomosci\\\/#website\"},\"primaryImageOfPage\":{\"@id\":\"https:\\\/\\\/www.24gliwice.pl\\\/wiadomosci\\\/nowe-otwarcie-meble-pasternak-w-gliwicach-meble-tapicerowane-na-wymiar\\\/#primaryimage\"},\"image\":{\"@id\":\"https:\\\/\\\/www.24gliwice.pl\\\/wiadomosci\\\/nowe-otwarcie-meble-pasternak-w-gliwicach-meble-tapicerowane-na-wymiar\\\/#primaryimage\"},\"thumbnailUrl\":\"https:\\\/\\\/www.24gliwice.pl\\\/wiadomosci\\\/wp-content\\\/uploads\\\/2025\\\/09\\\/meble-pasternak-glowne.jpg\",\"datePublished\":\"2025-09-22T14:37:50+00:00\",\"dateModified\":\"2025-10-06T02:06:37+00:00\",\"breadcrumb\":{\"@id\":\"https:\\\/\\\/www.24gliwice.pl\\\/wiadomosci\\\/nowe-otwarcie-meble-pasternak-w-gliwicach-meble-tapicerowane-na-wymiar\\\/#breadcrumb\"},\"inLanguage\":\"pl-PL\",\"potentialAction\":[{\"@type\":\"ReadAction\",\"target\":[\"https:\\\/\\\/www.24gliwice.pl\\\/wiadomosci\\\/nowe-otwarcie-meble-pasternak-w-gliwicach-meble-tapicerowane-na-wymiar\\\/\"]}]},{\"@type\":\"ImageObject\",\"inLanguage\":\"pl-PL\",\"@id\":\"https:\\\/\\\/www.24gliwice.pl\\\/wiadomosci\\\/nowe-otwarcie-meble-pasternak-w-gliwicach-meble-tapicerowane-na-wymiar\\\/#primaryimage\",\"url\":\"https:\\\/\\\/www.24gliwice.pl\\\/wiadomosci\\\/wp-content\\\/uploads\\\/2025\\\/09\\\/meble-pasternak-glowne.jpg\",\"contentUrl\":\"https:\\\/\\\/www.24gliwice.pl\\\/wiadomosci\\\/wp-content\\\/uploads\\\/2025\\\/09\\\/meble-pasternak-glowne.jpg\",\"width\":1140,\"height\":641},{\"@type\":\"BreadcrumbList\",\"@id\":\"https:\\\/\\\/www.24gliwice.pl\\\/wiadomosci\\\/nowe-otwarcie-meble-pasternak-w-gliwicach-meble-tapicerowane-na-wymiar\\\/#breadcrumb\",\"itemListElement\":[{\"@type\":\"ListItem\",\"position\":1,\"name\":\"Strona g\u0142\u00f3wna\",\"item\":\"https:\\\/\\\/www.24gliwice.pl\\\/wiadomosci\\\/\"},{\"@type\":\"ListItem\",\"position\":2,\"name\":\"Nowe otwarcie Meble Pasternak w Gliwicach \u2013 meble tapicerowane na wymiar\"}]},{\"@type\":\"WebSite\",\"@id\":\"https:\\\/\\\/www.24gliwice.pl\\\/wiadomosci\\\/#website\",\"url\":\"https:\\\/\\\/www.24gliwice.pl\\\/wiadomosci\\\/\",\"name\":\"24GLIWICE - Portal Gliwice | codziennie nowe wiadomo\u015bci\",\"description\":\"Portal Miejski Gliwice\",\"publisher\":{\"@id\":\"https:\\\/\\\/www.24gliwice.pl\\\/wiadomosci\\\/#organization\"},\"potentialAction\":[{\"@type\":\"SearchAction\",\"target\":{\"@type\":\"EntryPoint\",\"urlTemplate\":\"https:\\\/\\\/www.24gliwice.pl\\\/wiadomosci\\\/?s={search_term_string}\"},\"query-input\":{\"@type\":\"PropertyValueSpecification\",\"valueRequired\":true,\"valueName\":\"search_term_string\"}}],\"inLanguage\":\"pl-PL\"},{\"@type\":\"Organization\",\"@id\":\"https:\\\/\\\/www.24gliwice.pl\\\/wiadomosci\\\/#organization\",\"name\":\"24gliwice\",\"url\":\"https:\\\/\\\/www.24gliwice.pl\\\/wiadomosci\\\/\",\"logo\":{\"@type\":\"ImageObject\",\"inLanguage\":\"pl-PL\",\"@id\":\"https:\\\/\\\/www.24gliwice.pl\\\/wiadomosci\\\/#\\\/schema\\\/logo\\\/image\\\/\",\"url\":\"https:\\\/\\\/www.24gliwice.pl\\\/wiadomosci\\\/wp-content\\\/uploads\\\/2024\\\/10\\\/24gliwice-logo-696.jpg\",\"contentUrl\":\"https:\\\/\\\/www.24gliwice.pl\\\/wiadomosci\\\/wp-content\\\/uploads\\\/2024\\\/10\\\/24gliwice-logo-696.jpg\",\"width\":696,\"height\":696,\"caption\":\"24gliwice\"},\"image\":{\"@id\":\"https:\\\/\\\/www.24gliwice.pl\\\/wiadomosci\\\/#\\\/schema\\\/logo\\\/image\\\/\"},\"sameAs\":[\"https:\\\/\\\/www.facebook.com\\\/24gliwice\",\"https:\\\/\\\/x.com\\\/24gliwice\",\"https:\\\/\\\/www.youtube.com\\\/@24gliwice\"]},{\"@type\":\"Person\",\"@id\":\"https:\\\/\\\/www.24gliwice.pl\\\/wiadomosci\\\/#\\\/schema\\\/person\\\/cb5857e4a4d048c15984c1edcc8ef0c0\",\"name\":\"Marcin Fabrykowski\",\"image\":{\"@type\":\"ImageObject\",\"inLanguage\":\"pl-PL\",\"@id\":\"https:\\\/\\\/www.24gliwice.pl\\\/wiadomosci\\\/wp-content\\\/uploads\\\/2025\\\/11\\\/zdjecie-moje-marcin-300-96x96.jpg\",\"url\":\"https:\\\/\\\/www.24gliwice.pl\\\/wiadomosci\\\/wp-content\\\/uploads\\\/2025\\\/11\\\/zdjecie-moje-marcin-300-96x96.jpg\",\"contentUrl\":\"https:\\\/\\\/www.24gliwice.pl\\\/wiadomosci\\\/wp-content\\\/uploads\\\/2025\\\/11\\\/zdjecie-moje-marcin-300-96x96.jpg\",\"caption\":\"Marcin Fabrykowski\"},\"sameAs\":[\"http:\\\/\\\/24gliwice.pl\",\"https:\\\/\\\/www.facebook.com\\\/marcin.fabrykowski\"],\"url\":\"https:\\\/\\\/www.24gliwice.pl\\\/wiadomosci\\\/author\\\/marcin-fabrykowski\\\/\"}]}<\/script>\n<!-- \/ Yoast SEO plugin. -->","yoast_head_json":{"title":"Nowe otwarcie Meble Pasternak w Gliwicach \u2013 meble tapicerowane na wymiar - 24GLIWICE - Portal Gliwice | codziennie nowe informacje","robots":{"index":"index","follow":"follow","max-snippet":"max-snippet:-1","max-image-preview":"max-image-preview:large","max-video-preview":"max-video-preview:-1"},"canonical":"https:\/\/www.24gliwice.pl\/wiadomosci\/nowe-otwarcie-meble-pasternak-w-gliwicach-meble-tapicerowane-na-wymiar\/","og_locale":"pl_PL","og_type":"article","og_title":"Nowe otwarcie Meble Pasternak w Gliwicach \u2013 meble tapicerowane na wymiar - 24GLIWICE - Portal Gliwice | codziennie nowe informacje","og_description":"Gliwice zyska\u0142y nowe miejsce na wn\u0119trzarskiej mapie. Od 8 wrze\u015bnia dzia\u0142a tu nowy salon Meble Pasternak, specjalizuj\u0105cy si\u0119 w meblach na wymiar. To propozycja dla os\u00f3b, kt\u00f3re chc\u0105 urz\u0105dzi\u0107 swoje mieszkanie lub dom w spos\u00f3b spersonalizowany i trwa\u0142y. Salon znajduje si\u0119 w Galerii Wn\u0119trz ReFORMA, przy ulicy Pszczy\u0144skiej 192.","og_url":"https:\/\/www.24gliwice.pl\/wiadomosci\/nowe-otwarcie-meble-pasternak-w-gliwicach-meble-tapicerowane-na-wymiar\/","og_site_name":"24GLIWICE - Portal Gliwice | codziennie nowe informacje","article_publisher":"https:\/\/www.facebook.com\/24gliwice","article_author":"https:\/\/www.facebook.com\/marcin.fabrykowski","article_published_time":"2025-09-22T14:37:50+00:00","article_modified_time":"2025-10-06T02:06:37+00:00","og_image":[{"width":1140,"height":641,"url":"https:\/\/www.24gliwice.pl\/wiadomosci\/wp-content\/uploads\/2025\/09\/meble-pasternak-glowne.jpg","type":"image\/jpeg"}],"author":"Marcin Fabrykowski","twitter_card":"summary_large_image","twitter_creator":"@24gliwice","twitter_site":"@24gliwice","twitter_misc":{"Napisane przez":"Marcin Fabrykowski","Szacowany czas czytania":"4 minuty"},"schema":{"@context":"https:\/\/schema.org","@graph":[{"@type":"Article","@id":"https:\/\/www.24gliwice.pl\/wiadomosci\/nowe-otwarcie-meble-pasternak-w-gliwicach-meble-tapicerowane-na-wymiar\/#article","isPartOf":{"@id":"https:\/\/www.24gliwice.pl\/wiadomosci\/nowe-otwarcie-meble-pasternak-w-gliwicach-meble-tapicerowane-na-wymiar\/"},"author":{"name":"Marcin Fabrykowski","@id":"https:\/\/www.24gliwice.pl\/wiadomosci\/#\/schema\/person\/cb5857e4a4d048c15984c1edcc8ef0c0"},"headline":"Nowe otwarcie Meble Pasternak w Gliwicach \u2013 meble tapicerowane na wymiar","datePublished":"2025-09-22T14:37:50+00:00","dateModified":"2025-10-06T02:06:37+00:00","mainEntityOfPage":{"@id":"https:\/\/www.24gliwice.pl\/wiadomosci\/nowe-otwarcie-meble-pasternak-w-gliwicach-meble-tapicerowane-na-wymiar\/"},"wordCount":537,"publisher":{"@id":"https:\/\/www.24gliwice.pl\/wiadomosci\/#organization"},"image":{"@id":"https:\/\/www.24gliwice.pl\/wiadomosci\/nowe-otwarcie-meble-pasternak-w-gliwicach-meble-tapicerowane-na-wymiar\/#primaryimage"},"thumbnailUrl":"https:\/\/www.24gliwice.pl\/wiadomosci\/wp-content\/uploads\/2025\/09\/meble-pasternak-glowne.jpg","keywords":["meble","SALON MEBLOWY"],"articleSection":["Gliwice","materia\u0142 partnera","Najnowsze wiadomo\u015bci","Polecamy"],"inLanguage":"pl-PL"},{"@type":"WebPage","@id":"https:\/\/www.24gliwice.pl\/wiadomosci\/nowe-otwarcie-meble-pasternak-w-gliwicach-meble-tapicerowane-na-wymiar\/","url":"https:\/\/www.24gliwice.pl\/wiadomosci\/nowe-otwarcie-meble-pasternak-w-gliwicach-meble-tapicerowane-na-wymiar\/","name":"Nowe otwarcie Meble Pasternak w Gliwicach \u2013 meble tapicerowane na wymiar - 24GLIWICE - Portal Gliwice | codziennie nowe informacje","isPartOf":{"@id":"https:\/\/www.24gliwice.pl\/wiadomosci\/#website"},"primaryImageOfPage":{"@id":"https:\/\/www.24gliwice.pl\/wiadomosci\/nowe-otwarcie-meble-pasternak-w-gliwicach-meble-tapicerowane-na-wymiar\/#primaryimage"},"image":{"@id":"https:\/\/www.24gliwice.pl\/wiadomosci\/nowe-otwarcie-meble-pasternak-w-gliwicach-meble-tapicerowane-na-wymiar\/#primaryimage"},"thumbnailUrl":"https:\/\/www.24gliwice.pl\/wiadomosci\/wp-content\/uploads\/2025\/09\/meble-pasternak-glowne.jpg","datePublished":"2025-09-22T14:37:50+00:00","dateModified":"2025-10-06T02:06:37+00:00","breadcrumb":{"@id":"https:\/\/www.24gliwice.pl\/wiadomosci\/nowe-otwarcie-meble-pasternak-w-gliwicach-meble-tapicerowane-na-wymiar\/#breadcrumb"},"inLanguage":"pl-PL","potentialAction":[{"@type":"ReadAction","target":["https:\/\/www.24gliwice.pl\/wiadomosci\/nowe-otwarcie-meble-pasternak-w-gliwicach-meble-tapicerowane-na-wymiar\/"]}]},{"@type":"ImageObject","inLanguage":"pl-PL","@id":"https:\/\/www.24gliwice.pl\/wiadomosci\/nowe-otwarcie-meble-pasternak-w-gliwicach-meble-tapicerowane-na-wymiar\/#primaryimage","url":"https:\/\/www.24gliwice.pl\/wiadomosci\/wp-content\/uploads\/2025\/09\/meble-pasternak-glowne.jpg","contentUrl":"https:\/\/www.24gliwice.pl\/wiadomosci\/wp-content\/uploads\/2025\/09\/meble-pasternak-glowne.jpg","width":1140,"height":641},{"@type":"BreadcrumbList","@id":"https:\/\/www.24gliwice.pl\/wiadomosci\/nowe-otwarcie-meble-pasternak-w-gliwicach-meble-tapicerowane-na-wymiar\/#breadcrumb","itemListElement":[{"@type":"ListItem","position":1,"name":"Strona g\u0142\u00f3wna","item":"https:\/\/www.24gliwice.pl\/wiadomosci\/"},{"@type":"ListItem","position":2,"name":"Nowe otwarcie Meble Pasternak w Gliwicach \u2013 meble tapicerowane na wymiar"}]},{"@type":"WebSite","@id":"https:\/\/www.24gliwice.pl\/wiadomosci\/#website","url":"https:\/\/www.24gliwice.pl\/wiadomosci\/","name":"24GLIWICE - Portal Gliwice | codziennie nowe wiadomo\u015bci","description":"Portal Miejski Gliwice","publisher":{"@id":"https:\/\/www.24gliwice.pl\/wiadomosci\/#organization"},"potentialAction":[{"@type":"SearchAction","target":{"@type":"EntryPoint","urlTemplate":"https:\/\/www.24gliwice.pl\/wiadomosci\/?s={search_term_string}"},"query-input":{"@type":"PropertyValueSpecification","valueRequired":true,"valueName":"search_term_string"}}],"inLanguage":"pl-PL"},{"@type":"Organization","@id":"https:\/\/www.24gliwice.pl\/wiadomosci\/#organization","name":"24gliwice","url":"https:\/\/www.24gliwice.pl\/wiadomosci\/","logo":{"@type":"ImageObject","inLanguage":"pl-PL","@id":"https:\/\/www.24gliwice.pl\/wiadomosci\/#\/schema\/logo\/image\/","url":"https:\/\/www.24gliwice.pl\/wiadomosci\/wp-content\/uploads\/2024\/10\/24gliwice-logo-696.jpg","contentUrl":"https:\/\/www.24gliwice.pl\/wiadomosci\/wp-content\/uploads\/2024\/10\/24gliwice-logo-696.jpg","width":696,"height":696,"caption":"24gliwice"},"image":{"@id":"https:\/\/www.24gliwice.pl\/wiadomosci\/#\/schema\/logo\/image\/"},"sameAs":["https:\/\/www.facebook.com\/24gliwice","https:\/\/x.com\/24gliwice","https:\/\/www.youtube.com\/@24gliwice"]},{"@type":"Person","@id":"https:\/\/www.24gliwice.pl\/wiadomosci\/#\/schema\/person\/cb5857e4a4d048c15984c1edcc8ef0c0","name":"Marcin Fabrykowski","image":{"@type":"ImageObject","inLanguage":"pl-PL","@id":"https:\/\/www.24gliwice.pl\/wiadomosci\/wp-content\/uploads\/2025\/11\/zdjecie-moje-marcin-300-96x96.jpg","url":"https:\/\/www.24gliwice.pl\/wiadomosci\/wp-content\/uploads\/2025\/11\/zdjecie-moje-marcin-300-96x96.jpg","contentUrl":"https:\/\/www.24gliwice.pl\/wiadomosci\/wp-content\/uploads\/2025\/11\/zdjecie-moje-marcin-300-96x96.jpg","caption":"Marcin Fabrykowski"},"sameAs":["http:\/\/24gliwice.pl","https:\/\/www.facebook.com\/marcin.fabrykowski"],"url":"https:\/\/www.24gliwice.pl\/wiadomosci\/author\/marcin-fabrykowski\/"}]}},"_links":{"self":[{"href":"https:\/\/www.24gliwice.pl\/wiadomosci\/wp-json\/wp\/v2\/posts\/260180","targetHints":{"allow":["GET"]}}],"collection":[{"href":"https:\/\/www.24gliwice.pl\/wiadomosci\/wp-json\/wp\/v2\/posts"}],"about":[{"href":"https:\/\/www.24gliwice.pl\/wiadomosci\/wp-json\/wp\/v2\/types\/post"}],"author":[{"embeddable":true,"href":"https:\/\/www.24gliwice.pl\/wiadomosci\/wp-json\/wp\/v2\/users\/4"}],"replies":[{"embeddable":true,"href":"https:\/\/www.24gliwice.pl\/wiadomosci\/wp-json\/wp\/v2\/comments?post=260180"}],"version-history":[{"count":0,"href":"https:\/\/www.24gliwice.pl\/wiadomosci\/wp-json\/wp\/v2\/posts\/260180\/revisions"}],"wp:featuredmedia":[{"embeddable":true,"href":"https:\/\/www.24gliwice.pl\/wiadomosci\/wp-json\/wp\/v2\/media\/260182"}],"wp:attachment":[{"href":"https:\/\/www.24gliwice.pl\/wiadomosci\/wp-json\/wp\/v2\/media?parent=260180"}],"wp:term":[{"taxonomy":"category","embeddable":true,"href":"https:\/\/www.24gliwice.pl\/wiadomosci\/wp-json\/wp\/v2\/categories?post=260180"},{"taxonomy":"post_tag","embeddable":true,"href":"https:\/\/www.24gliwice.pl\/wiadomosci\/wp-json\/wp\/v2\/tags?post=260180"}],"curies":[{"name":"wp","href":"https:\/\/api.w.org\/{rel}","templated":true}]}}