{"id":260704,"date":"2025-10-03T14:52:28","date_gmt":"2025-10-03T12:52:28","guid":{"rendered":"https:\/\/www.24gliwice.pl\/wiadomosci\/?p=260704"},"modified":"2025-10-03T17:14:03","modified_gmt":"2025-10-03T15:14:03","slug":"elektryzujaca-rajza-po-politechnice-slaskiej-w-planie-sa-dwie-prelekcje-i-spacer-po-budynku-b-wydzialu","status":"publish","type":"post","link":"https:\/\/www.24gliwice.pl\/wiadomosci\/elektryzujaca-rajza-po-politechnice-slaskiej-w-planie-sa-dwie-prelekcje-i-spacer-po-budynku-b-wydzialu\/","title":{"rendered":"Elektryzuj\u0105ca rajza po Politechnice \u015al\u0105skiej. W planie s\u0105 dwie prelekcje i spacer po budynku B Wydzia\u0142u"},"content":{"rendered":"<div class=\"gliwi-a6-nad-leadem-artykulow gliwi-entity-placement\" id=\"gliwi-471010927\"><div class=\"gliwi-adlabel\"><span style=\"font-size: 9px\">REKLAMA<\/span><\/div><div id=\"gliwi-3704549869\" style=\"margin-bottom: 25px;margin-left: auto;margin-right: auto;text-align: center;\"><a data-no-instant=\"1\" href=\"https:\/\/dom100.eu\/\" rel=\"noopener\" class=\"a2t-link\" target=\"_blank\" aria-label=\"20260415 DOM100 D\"><img loading=\"lazy\" decoding=\"async\" src=\"https:\/\/www.24gliwice.pl\/wiadomosci\/wp-content\/uploads\/2026\/04\/20260415-DOM100-D.jpg\" alt=\"\"  srcset=\"https:\/\/www.24gliwice.pl\/wiadomosci\/wp-content\/uploads\/2026\/04\/20260415-DOM100-D.jpg 750w, https:\/\/www.24gliwice.pl\/wiadomosci\/wp-content\/uploads\/2026\/04\/20260415-DOM100-D-410x109.jpg 410w\" sizes=\"(max-width: 750px) 100vw, 750px\" class=\"no-lazyload\" width=\"750\" height=\"200\"  style=\"display: inline-block; max-width: 100%; height: auto;\" \/><\/a><\/div><\/div><h2>Na Wydziale Elektrycznym odb\u0119dzie si\u0119 trzecia Rajza po Politechnice \u015al\u0105skiej, organizowana z okazji 80-lecia tej uczelni przez Stowarzyszenie Wrazidlok. Obowi\u0105zuj\u0105 zapisy i wp\u0142aty wej\u015bci\u00f3wek &#8211; cegie\u0142ek.<\/h2>\n<p><!--more--><\/p>\n<p>Elektryzuj\u0105ca rajza po Politechnice \u015al\u0105skiej odb\u0119dzie si\u0119 w niedziel\u0119, 5 pa\u017adziernika. Rozpocz\u0119cie o godzinie 12:00. Miejsce: Budynek B Wydzia\u0142u Elektrycznego, Aula B102, Gliwice, ul. Akademicka 3. Wydarzenie poprowadz\u0105: <strong>dr \u0141ukasz Zimnoch i mgr in\u017c. Jakub Gro\u0144. <\/strong><\/p>\n<p>&#8211; <em>Kolejna Politechniczna Rajza na wydziale kt\u00f3ry istnieje od samego pocz\u0105tku funkcjonowania Uczelni. Na poprzednich oprowadzaniach wspominali\u015bmy o lwowskim rodowodzie wielu pracownik\u00f3w najstarszej uczelni technicznej na G\u00f3rnym \u015al\u0105sku. Opowiadali\u015bmy po kr\u00f3tce o ich przeprowadzce do Gliwic i zderzeniu z now\u0105 rzeczywisto\u015bci\u0105. Na Politechnicznej Rajzie Elektrycznej po\u015bwi\u0119cimy im wi\u0119cej czasu &#8211; <strong>mgr in\u017c. Jakub Gro\u0144<\/strong> podczas swojego wyk\u0142adu wspomni legend\u0119 lwowskich uczelni, ich podzia\u0142, kadr\u0119 naukow\u0105, funkcjonowanie w czasie II wojny \u015bwiatowej oraz losy tych instytucji i ich dydaktyk\u00f3w po 1944. Pozwoli to uchwyci\u0107 obraz pierwszych lat powojennych Gliwic, a tak\u017ce wielu znanych i wybitnych profesor\u00f3w<\/em> &#8211; zapowiadaj\u0105 organizatorzy.<\/p><div class=\"gliwi-a3-w-tresci-artykulow gliwi-entity-placement\" id=\"gliwi-2204884518\"><div class=\"gliwi-adlabel\"><span style=\"font-size: 9px\">REKLAMA<\/span><\/div><div id=\"gliwi-3728099485\" style=\"margin-bottom: 30px;margin-left: auto;margin-right: auto;text-align: center;\"><a data-no-instant=\"1\" href=\"https:\/\/ogrodyandersa.pl\/\" rel=\"noopener\" class=\"a2t-link\" target=\"_blank\" aria-label=\"20260415 Ogrody Andersa KUP TERAZ D\"><img loading=\"lazy\" decoding=\"async\" src=\"https:\/\/www.24gliwice.pl\/wiadomosci\/wp-content\/uploads\/2026\/04\/20260415-Ogrody-Andersa-KUP-TERAZ-D.jpg\" alt=\"\"  srcset=\"https:\/\/www.24gliwice.pl\/wiadomosci\/wp-content\/uploads\/2026\/04\/20260415-Ogrody-Andersa-KUP-TERAZ-D.jpg 750w, https:\/\/www.24gliwice.pl\/wiadomosci\/wp-content\/uploads\/2026\/04\/20260415-Ogrody-Andersa-KUP-TERAZ-D-410x109.jpg 410w\" sizes=\"(max-width: 750px) 100vw, 750px\" class=\"no-lazyload\" width=\"750\" height=\"200\"  style=\"display: inline-block; max-width: 100%; height: auto;\" \/><\/a><\/div><\/div>\n<h4>Z kolei Dr \u0141ukasz Zimnoch podczas swojej prelekcji opowie o architekturze i pocz\u0105tkach powstawania Wydzia\u0142u Elektrycznego.<\/h4>\n<p>Spacer obejmie miejsca z ograniczon\u0105 pojemno\u015bci\u0105, dlatego organizatorzy prosz\u0105 o wcze\u015bniejsze zapisy: fest@wrazidlok.org oraz wp\u0142at\u0119 wej\u015bci\u00f3wek-cegie\u0142ek o warto\u015bci 25 z\u0142 (doro\u015bli) lub 10 z\u0142 (dzieci i m\u0142odzie\u017c do 16. roku \u017cycia) z dopiskiem &#8220;Wydzia\u0142 Elektryczny\u201d. Numer konta do wp\u0142at: Konto ING Bank \u015al\u0105ski: 42 1050 1298 1000 0090 8037 1918.<\/p>\n<h4>Plan Rajzy:<\/h4>\n<li>12:00 \u2013 aula na Wydziale Elektrycznym,<\/li>\n<li>13:15 \u2013 spacer po budynku B Wydzia\u0142u Elektrycznego Politechniki \u015al\u0105skiej.<\/li>\n<h4>Rajz\u0119 poprowadz\u0105:<\/h4>\n<ul>\n<li>Mgr in\u017c. Jakub Gro\u0144 &#8211; absolwent Wydzia\u0142u Budownictwa Politechniki \u015al\u0105skiej, czynny in\u017cynier budownictwa. Cz\u0142onek gliwickiego Oddzia\u0142u Polskiego Zwi\u0105zku In\u017cynier\u00f3w i Technik\u00f3w Budownictwa \u2013 od 2021 r. pe\u0142ni funkcj\u0119 Przewodnicz\u0105cego Ko\u0142a M\u0142odej Kadry. Zwyci\u0119zca odcinka teleturnieju \u201eGiganci Historii\u201d pt.:\u201eWojciech Korfanty \u2013 Bohater Niepodleg\u0142ej\u201d. Z \u017con\u0105 prowadzi instagramowy profil @rajzowanie. Mi\u0142o\u015bnik \u015al\u0105ska od Zielonej G\u00f3ry po Bielsko. Urodzi\u0142 si\u0119 i mieszka w Rudzie \u015al\u0105skiej. Cz\u0142onek Stowarzyszenia WRAZIDLOK od 2023 r. Oprowadza po Parku w \u015awierkla\u0144cu.<\/li>\n<li>Dr \u0141ukasz Zimnoch &#8211; prezes Stowarzyszenia WRAZIDLOK, pomys\u0142odawca Szlaku Magnat\u00f3w Przemys\u0142owych, realizator widowisk multimedialnych w tym mappingowych, koncert\u00f3w, pokaz\u00f3w mody, wyr\u00f3\u017cniony nagrodami indywidualnymi za osi\u0105gni\u0119cia w obszarze Public Relations (\u201eMi\u00f3d\u201d wyr\u00f3\u017cnienie nadawane przez \u201eDziennik Zachodni\u201d, dziesi\u0105tka najlepszych rzecznik\u00f3w miesi\u0119cznika \u201eHome &amp; Market\u201d w roku 2011). Autor trzech ksi\u0105\u017cek: \u201eMarketing dla naukowca i in\u017cyniera\u201d, \u201ePo przebudzeniu\u201d, \u201e22 opowiadania\u201d. Stypendysta marsza\u0142kowski w 2022r. w dziedzinie kultury. W 2022r. otrzyma\u0142 &#8220;Gracj\u0119&#8221; nagrod\u0119 gminy \u015awierklaniec przyznawan\u0105 za osi\u0105gni\u0119cia w dziedzinie tw\u00f3rczo\u015bci artystycznej. W 2022r. otrzyma\u0142 tak\u017ce dyplom Marsza\u0142ka Wojew\u00f3dztwa \u015al\u0105skiego za zas\u0142ugi w rozwoju turystyki.<\/li>\n<\/ul>\n<p>Patronatu cyklowi czterech rajz udzieli\u0142 Magnificencja Rektor Politechniki \u015al\u0105skiej prof. dr hab. in\u017c. <strong>Marek Pawe\u0142czyk.<\/strong><\/p>\n<p><a href=\"https:\/\/www.facebook.com\/events\/24532343636453740\/\" target=\"_blank\">Wydarzenie w serwisie facebook.com (link).<\/a><\/p>\n<p>(\u017cms)\/mat. organizatora<\/p>\n<div class=\"gliwi-a5-na-koncu-artykulow gliwi-entity-placement\" id=\"gliwi-4267098367\"><div class=\"gliwi-adlabel\"><span style=\"font-size: 9px\">REKLAMA<\/span><\/div><div id=\"gliwi-3355552658\" style=\"margin-left: auto;margin-right: auto;text-align: center;\"><a data-no-instant=\"1\" href=\"https:\/\/prezeroarenagliwice.pl\/\" rel=\"noopener\" class=\"a2t-link\" target=\"_blank\" aria-label=\"20260309-PREZERO-WIOSNA-D\"><img loading=\"lazy\" decoding=\"async\" src=\"https:\/\/www.24gliwice.pl\/wiadomosci\/wp-content\/uploads\/2026\/03\/20260309-PREZERO-WIOSNA-D.webp\" alt=\"\"  srcset=\"https:\/\/www.24gliwice.pl\/wiadomosci\/wp-content\/uploads\/2026\/03\/20260309-PREZERO-WIOSNA-D.webp 750w, https:\/\/www.24gliwice.pl\/wiadomosci\/wp-content\/uploads\/2026\/03\/20260309-PREZERO-WIOSNA-D-410x109.webp 410w\" sizes=\"(max-width: 750px) 100vw, 750px\" class=\"no-lazyload\" width=\"750\" height=\"200\"  style=\"display: inline-block; max-width: 100%; height: auto;\" \/><\/a><\/div><\/div>","protected":false},"excerpt":{"rendered":"<p>Na Wydziale Elektrycznym odb\u0119dzie si\u0119 trzecia Rajza po Politechnice \u015al\u0105skiej, organizowana z okazji 80-lecia tej uczelni przez Stowarzyszenie Wrazidlok. Obowi\u0105zuj\u0105 zapisy i wp\u0142aty wej\u015bci\u00f3wek &#8211; cegie\u0142ek.<\/p>\n","protected":false},"author":15,"featured_media":260742,"comment_status":"open","ping_status":"closed","sticky":false,"template":"","format":"standard","meta":{"_monsterinsights_skip_tracking":false,"_monsterinsights_sitenote_active":false,"_monsterinsights_sitenote_note":"","_monsterinsights_sitenote_category":0,"footnotes":"","_links_to":"","_links_to_target":""},"categories":[3,6,1],"tags":[9359,23876],"class_list":["post-260704","post","type-post","status-publish","format-standard","has-post-thumbnail","hentry","category-gliwice","category-kultura","category-wszystko","tag-politechnika","tag-rajza"],"yoast_head":"<!-- This site is optimized with the Yoast SEO plugin v27.5 - https:\/\/yoast.com\/product\/yoast-seo-wordpress\/ -->\n<title>Elektryzuj\u0105ca rajza po Politechnice \u015al\u0105skiej. W planie s\u0105 dwie prelekcje i spacer po budynku B Wydzia\u0142u - 24GLIWICE - Portal Gliwice | codziennie nowe informacje<\/title>\n<meta name=\"description\" content=\"Elektryzuj\u0105ca rajza po Politechnice \u015al\u0105skiej to tytu\u0142 wydarzenia, kt\u00f3re odb\u0119dzie si\u0119 w niedziel\u0119, 5 pa\u017adziernika. Rozpocz\u0119cie o godzinie 12:00\" \/>\n<meta name=\"robots\" content=\"index, follow, max-snippet:-1, max-image-preview:large, max-video-preview:-1\" \/>\n<link rel=\"canonical\" href=\"https:\/\/www.24gliwice.pl\/wiadomosci\/elektryzujaca-rajza-po-politechnice-slaskiej-w-planie-sa-dwie-prelekcje-i-spacer-po-budynku-b-wydzialu\/\" \/>\n<meta property=\"og:locale\" content=\"pl_PL\" \/>\n<meta property=\"og:type\" content=\"article\" \/>\n<meta property=\"og:title\" content=\"Elektryzuj\u0105ca rajza po Politechnice \u015al\u0105skiej. W planie s\u0105 dwie prelekcje i spacer po budynku B Wydzia\u0142u - 24GLIWICE - Portal Gliwice | codziennie nowe informacje\" \/>\n<meta property=\"og:description\" content=\"Elektryzuj\u0105ca rajza po Politechnice \u015al\u0105skiej to tytu\u0142 wydarzenia, kt\u00f3re odb\u0119dzie si\u0119 w niedziel\u0119, 5 pa\u017adziernika. Rozpocz\u0119cie o godzinie 12:00\" \/>\n<meta property=\"og:url\" content=\"https:\/\/www.24gliwice.pl\/wiadomosci\/elektryzujaca-rajza-po-politechnice-slaskiej-w-planie-sa-dwie-prelekcje-i-spacer-po-budynku-b-wydzialu\/\" \/>\n<meta property=\"og:site_name\" content=\"24GLIWICE - Portal Gliwice | codziennie nowe informacje\" \/>\n<meta property=\"article:publisher\" content=\"https:\/\/www.facebook.com\/24gliwice\" \/>\n<meta property=\"article:published_time\" content=\"2025-10-03T12:52:28+00:00\" \/>\n<meta property=\"article:modified_time\" content=\"2025-10-03T15:14:03+00:00\" \/>\n<meta property=\"og:image\" content=\"https:\/\/www.24gliwice.pl\/wiadomosci\/wp-content\/uploads\/2025\/10\/wydzial-elektryczny2.jpg\" \/>\n\t<meta property=\"og:image:width\" content=\"810\" \/>\n\t<meta property=\"og:image:height\" content=\"455\" \/>\n\t<meta property=\"og:image:type\" content=\"image\/jpeg\" \/>\n<meta name=\"author\" content=\"\u017baneta Mrozek-Siewierska\" \/>\n<meta name=\"twitter:card\" content=\"summary_large_image\" \/>\n<meta name=\"twitter:creator\" content=\"@24gliwice\" \/>\n<meta name=\"twitter:site\" content=\"@24gliwice\" \/>\n<meta name=\"twitter:label1\" content=\"Napisane przez\" \/>\n\t<meta name=\"twitter:data1\" content=\"\u017baneta Mrozek-Siewierska\" \/>\n\t<meta name=\"twitter:label2\" content=\"Szacowany czas czytania\" \/>\n\t<meta name=\"twitter:data2\" content=\"3 minuty\" \/>\n<script type=\"application\/ld+json\" class=\"yoast-schema-graph\">{\"@context\":\"https:\\\/\\\/schema.org\",\"@graph\":[{\"@type\":\"Article\",\"@id\":\"https:\\\/\\\/www.24gliwice.pl\\\/wiadomosci\\\/elektryzujaca-rajza-po-politechnice-slaskiej-w-planie-sa-dwie-prelekcje-i-spacer-po-budynku-b-wydzialu\\\/#article\",\"isPartOf\":{\"@id\":\"https:\\\/\\\/www.24gliwice.pl\\\/wiadomosci\\\/elektryzujaca-rajza-po-politechnice-slaskiej-w-planie-sa-dwie-prelekcje-i-spacer-po-budynku-b-wydzialu\\\/\"},\"author\":{\"name\":\"\u017baneta Mrozek-Siewierska\",\"@id\":\"https:\\\/\\\/www.24gliwice.pl\\\/wiadomosci\\\/#\\\/schema\\\/person\\\/e42c650edd7f2fa332be3811fb166b6e\"},\"headline\":\"Elektryzuj\u0105ca rajza po Politechnice \u015al\u0105skiej. W planie s\u0105 dwie prelekcje i spacer po budynku B Wydzia\u0142u\",\"datePublished\":\"2025-10-03T12:52:28+00:00\",\"dateModified\":\"2025-10-03T15:14:03+00:00\",\"mainEntityOfPage\":{\"@id\":\"https:\\\/\\\/www.24gliwice.pl\\\/wiadomosci\\\/elektryzujaca-rajza-po-politechnice-slaskiej-w-planie-sa-dwie-prelekcje-i-spacer-po-budynku-b-wydzialu\\\/\"},\"wordCount\":525,\"commentCount\":5,\"publisher\":{\"@id\":\"https:\\\/\\\/www.24gliwice.pl\\\/wiadomosci\\\/#organization\"},\"image\":{\"@id\":\"https:\\\/\\\/www.24gliwice.pl\\\/wiadomosci\\\/elektryzujaca-rajza-po-politechnice-slaskiej-w-planie-sa-dwie-prelekcje-i-spacer-po-budynku-b-wydzialu\\\/#primaryimage\"},\"thumbnailUrl\":\"https:\\\/\\\/www.24gliwice.pl\\\/wiadomosci\\\/wp-content\\\/uploads\\\/2025\\\/10\\\/wydzial-elektryczny2.jpg\",\"keywords\":[\"POLITECHNIKA\",\"RAJZA\"],\"articleSection\":[\"Gliwice\",\"Kultura, wydarzenia, imprezy\",\"Najnowsze wiadomo\u015bci\"],\"inLanguage\":\"pl-PL\",\"potentialAction\":[{\"@type\":\"CommentAction\",\"name\":\"Comment\",\"target\":[\"https:\\\/\\\/www.24gliwice.pl\\\/wiadomosci\\\/elektryzujaca-rajza-po-politechnice-slaskiej-w-planie-sa-dwie-prelekcje-i-spacer-po-budynku-b-wydzialu\\\/#respond\"]}]},{\"@type\":\"WebPage\",\"@id\":\"https:\\\/\\\/www.24gliwice.pl\\\/wiadomosci\\\/elektryzujaca-rajza-po-politechnice-slaskiej-w-planie-sa-dwie-prelekcje-i-spacer-po-budynku-b-wydzialu\\\/\",\"url\":\"https:\\\/\\\/www.24gliwice.pl\\\/wiadomosci\\\/elektryzujaca-rajza-po-politechnice-slaskiej-w-planie-sa-dwie-prelekcje-i-spacer-po-budynku-b-wydzialu\\\/\",\"name\":\"Elektryzuj\u0105ca rajza po Politechnice \u015al\u0105skiej. W planie s\u0105 dwie prelekcje i spacer po budynku B Wydzia\u0142u - 24GLIWICE - Portal Gliwice | codziennie nowe informacje\",\"isPartOf\":{\"@id\":\"https:\\\/\\\/www.24gliwice.pl\\\/wiadomosci\\\/#website\"},\"primaryImageOfPage\":{\"@id\":\"https:\\\/\\\/www.24gliwice.pl\\\/wiadomosci\\\/elektryzujaca-rajza-po-politechnice-slaskiej-w-planie-sa-dwie-prelekcje-i-spacer-po-budynku-b-wydzialu\\\/#primaryimage\"},\"image\":{\"@id\":\"https:\\\/\\\/www.24gliwice.pl\\\/wiadomosci\\\/elektryzujaca-rajza-po-politechnice-slaskiej-w-planie-sa-dwie-prelekcje-i-spacer-po-budynku-b-wydzialu\\\/#primaryimage\"},\"thumbnailUrl\":\"https:\\\/\\\/www.24gliwice.pl\\\/wiadomosci\\\/wp-content\\\/uploads\\\/2025\\\/10\\\/wydzial-elektryczny2.jpg\",\"datePublished\":\"2025-10-03T12:52:28+00:00\",\"dateModified\":\"2025-10-03T15:14:03+00:00\",\"description\":\"Elektryzuj\u0105ca rajza po Politechnice \u015al\u0105skiej to tytu\u0142 wydarzenia, kt\u00f3re odb\u0119dzie si\u0119 w niedziel\u0119, 5 pa\u017adziernika. Rozpocz\u0119cie o godzinie 12:00\",\"breadcrumb\":{\"@id\":\"https:\\\/\\\/www.24gliwice.pl\\\/wiadomosci\\\/elektryzujaca-rajza-po-politechnice-slaskiej-w-planie-sa-dwie-prelekcje-i-spacer-po-budynku-b-wydzialu\\\/#breadcrumb\"},\"inLanguage\":\"pl-PL\",\"potentialAction\":[{\"@type\":\"ReadAction\",\"target\":[\"https:\\\/\\\/www.24gliwice.pl\\\/wiadomosci\\\/elektryzujaca-rajza-po-politechnice-slaskiej-w-planie-sa-dwie-prelekcje-i-spacer-po-budynku-b-wydzialu\\\/\"]}]},{\"@type\":\"ImageObject\",\"inLanguage\":\"pl-PL\",\"@id\":\"https:\\\/\\\/www.24gliwice.pl\\\/wiadomosci\\\/elektryzujaca-rajza-po-politechnice-slaskiej-w-planie-sa-dwie-prelekcje-i-spacer-po-budynku-b-wydzialu\\\/#primaryimage\",\"url\":\"https:\\\/\\\/www.24gliwice.pl\\\/wiadomosci\\\/wp-content\\\/uploads\\\/2025\\\/10\\\/wydzial-elektryczny2.jpg\",\"contentUrl\":\"https:\\\/\\\/www.24gliwice.pl\\\/wiadomosci\\\/wp-content\\\/uploads\\\/2025\\\/10\\\/wydzial-elektryczny2.jpg\",\"width\":810,\"height\":455},{\"@type\":\"BreadcrumbList\",\"@id\":\"https:\\\/\\\/www.24gliwice.pl\\\/wiadomosci\\\/elektryzujaca-rajza-po-politechnice-slaskiej-w-planie-sa-dwie-prelekcje-i-spacer-po-budynku-b-wydzialu\\\/#breadcrumb\",\"itemListElement\":[{\"@type\":\"ListItem\",\"position\":1,\"name\":\"Strona g\u0142\u00f3wna\",\"item\":\"https:\\\/\\\/www.24gliwice.pl\\\/wiadomosci\\\/\"},{\"@type\":\"ListItem\",\"position\":2,\"name\":\"Elektryzuj\u0105ca rajza po Politechnice \u015al\u0105skiej. W planie s\u0105 dwie prelekcje i spacer po budynku B Wydzia\u0142u\"}]},{\"@type\":\"WebSite\",\"@id\":\"https:\\\/\\\/www.24gliwice.pl\\\/wiadomosci\\\/#website\",\"url\":\"https:\\\/\\\/www.24gliwice.pl\\\/wiadomosci\\\/\",\"name\":\"24GLIWICE - Portal Gliwice | codziennie nowe wiadomo\u015bci\",\"description\":\"Portal Miejski Gliwice\",\"publisher\":{\"@id\":\"https:\\\/\\\/www.24gliwice.pl\\\/wiadomosci\\\/#organization\"},\"potentialAction\":[{\"@type\":\"SearchAction\",\"target\":{\"@type\":\"EntryPoint\",\"urlTemplate\":\"https:\\\/\\\/www.24gliwice.pl\\\/wiadomosci\\\/?s={search_term_string}\"},\"query-input\":{\"@type\":\"PropertyValueSpecification\",\"valueRequired\":true,\"valueName\":\"search_term_string\"}}],\"inLanguage\":\"pl-PL\"},{\"@type\":\"Organization\",\"@id\":\"https:\\\/\\\/www.24gliwice.pl\\\/wiadomosci\\\/#organization\",\"name\":\"24gliwice\",\"url\":\"https:\\\/\\\/www.24gliwice.pl\\\/wiadomosci\\\/\",\"logo\":{\"@type\":\"ImageObject\",\"inLanguage\":\"pl-PL\",\"@id\":\"https:\\\/\\\/www.24gliwice.pl\\\/wiadomosci\\\/#\\\/schema\\\/logo\\\/image\\\/\",\"url\":\"https:\\\/\\\/www.24gliwice.pl\\\/wiadomosci\\\/wp-content\\\/uploads\\\/2024\\\/10\\\/24gliwice-logo-696.jpg\",\"contentUrl\":\"https:\\\/\\\/www.24gliwice.pl\\\/wiadomosci\\\/wp-content\\\/uploads\\\/2024\\\/10\\\/24gliwice-logo-696.jpg\",\"width\":696,\"height\":696,\"caption\":\"24gliwice\"},\"image\":{\"@id\":\"https:\\\/\\\/www.24gliwice.pl\\\/wiadomosci\\\/#\\\/schema\\\/logo\\\/image\\\/\"},\"sameAs\":[\"https:\\\/\\\/www.facebook.com\\\/24gliwice\",\"https:\\\/\\\/x.com\\\/24gliwice\",\"https:\\\/\\\/www.youtube.com\\\/@24gliwice\"]},{\"@type\":\"Person\",\"@id\":\"https:\\\/\\\/www.24gliwice.pl\\\/wiadomosci\\\/#\\\/schema\\\/person\\\/e42c650edd7f2fa332be3811fb166b6e\",\"name\":\"\u017baneta Mrozek-Siewierska\",\"image\":{\"@type\":\"ImageObject\",\"inLanguage\":\"pl-PL\",\"@id\":\"https:\\\/\\\/secure.gravatar.com\\\/avatar\\\/1881429e9c64597c77ad7aef2d0a19be69a3253e57534d16aa15bf3a4d34a0a3?s=96&d=mm&r=g\",\"url\":\"https:\\\/\\\/secure.gravatar.com\\\/avatar\\\/1881429e9c64597c77ad7aef2d0a19be69a3253e57534d16aa15bf3a4d34a0a3?s=96&d=mm&r=g\",\"contentUrl\":\"https:\\\/\\\/secure.gravatar.com\\\/avatar\\\/1881429e9c64597c77ad7aef2d0a19be69a3253e57534d16aa15bf3a4d34a0a3?s=96&d=mm&r=g\",\"caption\":\"\u017baneta Mrozek-Siewierska\"},\"url\":\"https:\\\/\\\/www.24gliwice.pl\\\/wiadomosci\\\/author\\\/zms\\\/\"}]}<\/script>\n<!-- \/ Yoast SEO plugin. -->","yoast_head_json":{"title":"Elektryzuj\u0105ca rajza po Politechnice \u015al\u0105skiej. W planie s\u0105 dwie prelekcje i spacer po budynku B Wydzia\u0142u - 24GLIWICE - Portal Gliwice | codziennie nowe informacje","description":"Elektryzuj\u0105ca rajza po Politechnice \u015al\u0105skiej to tytu\u0142 wydarzenia, kt\u00f3re odb\u0119dzie si\u0119 w niedziel\u0119, 5 pa\u017adziernika. Rozpocz\u0119cie o godzinie 12:00","robots":{"index":"index","follow":"follow","max-snippet":"max-snippet:-1","max-image-preview":"max-image-preview:large","max-video-preview":"max-video-preview:-1"},"canonical":"https:\/\/www.24gliwice.pl\/wiadomosci\/elektryzujaca-rajza-po-politechnice-slaskiej-w-planie-sa-dwie-prelekcje-i-spacer-po-budynku-b-wydzialu\/","og_locale":"pl_PL","og_type":"article","og_title":"Elektryzuj\u0105ca rajza po Politechnice \u015al\u0105skiej. W planie s\u0105 dwie prelekcje i spacer po budynku B Wydzia\u0142u - 24GLIWICE - Portal Gliwice | codziennie nowe informacje","og_description":"Elektryzuj\u0105ca rajza po Politechnice \u015al\u0105skiej to tytu\u0142 wydarzenia, kt\u00f3re odb\u0119dzie si\u0119 w niedziel\u0119, 5 pa\u017adziernika. Rozpocz\u0119cie o godzinie 12:00","og_url":"https:\/\/www.24gliwice.pl\/wiadomosci\/elektryzujaca-rajza-po-politechnice-slaskiej-w-planie-sa-dwie-prelekcje-i-spacer-po-budynku-b-wydzialu\/","og_site_name":"24GLIWICE - Portal Gliwice | codziennie nowe informacje","article_publisher":"https:\/\/www.facebook.com\/24gliwice","article_published_time":"2025-10-03T12:52:28+00:00","article_modified_time":"2025-10-03T15:14:03+00:00","og_image":[{"width":810,"height":455,"url":"https:\/\/www.24gliwice.pl\/wiadomosci\/wp-content\/uploads\/2025\/10\/wydzial-elektryczny2.jpg","type":"image\/jpeg"}],"author":"\u017baneta Mrozek-Siewierska","twitter_card":"summary_large_image","twitter_creator":"@24gliwice","twitter_site":"@24gliwice","twitter_misc":{"Napisane przez":"\u017baneta Mrozek-Siewierska","Szacowany czas czytania":"3 minuty"},"schema":{"@context":"https:\/\/schema.org","@graph":[{"@type":"Article","@id":"https:\/\/www.24gliwice.pl\/wiadomosci\/elektryzujaca-rajza-po-politechnice-slaskiej-w-planie-sa-dwie-prelekcje-i-spacer-po-budynku-b-wydzialu\/#article","isPartOf":{"@id":"https:\/\/www.24gliwice.pl\/wiadomosci\/elektryzujaca-rajza-po-politechnice-slaskiej-w-planie-sa-dwie-prelekcje-i-spacer-po-budynku-b-wydzialu\/"},"author":{"name":"\u017baneta Mrozek-Siewierska","@id":"https:\/\/www.24gliwice.pl\/wiadomosci\/#\/schema\/person\/e42c650edd7f2fa332be3811fb166b6e"},"headline":"Elektryzuj\u0105ca rajza po Politechnice \u015al\u0105skiej. W planie s\u0105 dwie prelekcje i spacer po budynku B Wydzia\u0142u","datePublished":"2025-10-03T12:52:28+00:00","dateModified":"2025-10-03T15:14:03+00:00","mainEntityOfPage":{"@id":"https:\/\/www.24gliwice.pl\/wiadomosci\/elektryzujaca-rajza-po-politechnice-slaskiej-w-planie-sa-dwie-prelekcje-i-spacer-po-budynku-b-wydzialu\/"},"wordCount":525,"commentCount":5,"publisher":{"@id":"https:\/\/www.24gliwice.pl\/wiadomosci\/#organization"},"image":{"@id":"https:\/\/www.24gliwice.pl\/wiadomosci\/elektryzujaca-rajza-po-politechnice-slaskiej-w-planie-sa-dwie-prelekcje-i-spacer-po-budynku-b-wydzialu\/#primaryimage"},"thumbnailUrl":"https:\/\/www.24gliwice.pl\/wiadomosci\/wp-content\/uploads\/2025\/10\/wydzial-elektryczny2.jpg","keywords":["POLITECHNIKA","RAJZA"],"articleSection":["Gliwice","Kultura, wydarzenia, imprezy","Najnowsze wiadomo\u015bci"],"inLanguage":"pl-PL","potentialAction":[{"@type":"CommentAction","name":"Comment","target":["https:\/\/www.24gliwice.pl\/wiadomosci\/elektryzujaca-rajza-po-politechnice-slaskiej-w-planie-sa-dwie-prelekcje-i-spacer-po-budynku-b-wydzialu\/#respond"]}]},{"@type":"WebPage","@id":"https:\/\/www.24gliwice.pl\/wiadomosci\/elektryzujaca-rajza-po-politechnice-slaskiej-w-planie-sa-dwie-prelekcje-i-spacer-po-budynku-b-wydzialu\/","url":"https:\/\/www.24gliwice.pl\/wiadomosci\/elektryzujaca-rajza-po-politechnice-slaskiej-w-planie-sa-dwie-prelekcje-i-spacer-po-budynku-b-wydzialu\/","name":"Elektryzuj\u0105ca rajza po Politechnice \u015al\u0105skiej. W planie s\u0105 dwie prelekcje i spacer po budynku B Wydzia\u0142u - 24GLIWICE - Portal Gliwice | codziennie nowe informacje","isPartOf":{"@id":"https:\/\/www.24gliwice.pl\/wiadomosci\/#website"},"primaryImageOfPage":{"@id":"https:\/\/www.24gliwice.pl\/wiadomosci\/elektryzujaca-rajza-po-politechnice-slaskiej-w-planie-sa-dwie-prelekcje-i-spacer-po-budynku-b-wydzialu\/#primaryimage"},"image":{"@id":"https:\/\/www.24gliwice.pl\/wiadomosci\/elektryzujaca-rajza-po-politechnice-slaskiej-w-planie-sa-dwie-prelekcje-i-spacer-po-budynku-b-wydzialu\/#primaryimage"},"thumbnailUrl":"https:\/\/www.24gliwice.pl\/wiadomosci\/wp-content\/uploads\/2025\/10\/wydzial-elektryczny2.jpg","datePublished":"2025-10-03T12:52:28+00:00","dateModified":"2025-10-03T15:14:03+00:00","description":"Elektryzuj\u0105ca rajza po Politechnice \u015al\u0105skiej to tytu\u0142 wydarzenia, kt\u00f3re odb\u0119dzie si\u0119 w niedziel\u0119, 5 pa\u017adziernika. Rozpocz\u0119cie o godzinie 12:00","breadcrumb":{"@id":"https:\/\/www.24gliwice.pl\/wiadomosci\/elektryzujaca-rajza-po-politechnice-slaskiej-w-planie-sa-dwie-prelekcje-i-spacer-po-budynku-b-wydzialu\/#breadcrumb"},"inLanguage":"pl-PL","potentialAction":[{"@type":"ReadAction","target":["https:\/\/www.24gliwice.pl\/wiadomosci\/elektryzujaca-rajza-po-politechnice-slaskiej-w-planie-sa-dwie-prelekcje-i-spacer-po-budynku-b-wydzialu\/"]}]},{"@type":"ImageObject","inLanguage":"pl-PL","@id":"https:\/\/www.24gliwice.pl\/wiadomosci\/elektryzujaca-rajza-po-politechnice-slaskiej-w-planie-sa-dwie-prelekcje-i-spacer-po-budynku-b-wydzialu\/#primaryimage","url":"https:\/\/www.24gliwice.pl\/wiadomosci\/wp-content\/uploads\/2025\/10\/wydzial-elektryczny2.jpg","contentUrl":"https:\/\/www.24gliwice.pl\/wiadomosci\/wp-content\/uploads\/2025\/10\/wydzial-elektryczny2.jpg","width":810,"height":455},{"@type":"BreadcrumbList","@id":"https:\/\/www.24gliwice.pl\/wiadomosci\/elektryzujaca-rajza-po-politechnice-slaskiej-w-planie-sa-dwie-prelekcje-i-spacer-po-budynku-b-wydzialu\/#breadcrumb","itemListElement":[{"@type":"ListItem","position":1,"name":"Strona g\u0142\u00f3wna","item":"https:\/\/www.24gliwice.pl\/wiadomosci\/"},{"@type":"ListItem","position":2,"name":"Elektryzuj\u0105ca rajza po Politechnice \u015al\u0105skiej. W planie s\u0105 dwie prelekcje i spacer po budynku B Wydzia\u0142u"}]},{"@type":"WebSite","@id":"https:\/\/www.24gliwice.pl\/wiadomosci\/#website","url":"https:\/\/www.24gliwice.pl\/wiadomosci\/","name":"24GLIWICE - Portal Gliwice | codziennie nowe wiadomo\u015bci","description":"Portal Miejski Gliwice","publisher":{"@id":"https:\/\/www.24gliwice.pl\/wiadomosci\/#organization"},"potentialAction":[{"@type":"SearchAction","target":{"@type":"EntryPoint","urlTemplate":"https:\/\/www.24gliwice.pl\/wiadomosci\/?s={search_term_string}"},"query-input":{"@type":"PropertyValueSpecification","valueRequired":true,"valueName":"search_term_string"}}],"inLanguage":"pl-PL"},{"@type":"Organization","@id":"https:\/\/www.24gliwice.pl\/wiadomosci\/#organization","name":"24gliwice","url":"https:\/\/www.24gliwice.pl\/wiadomosci\/","logo":{"@type":"ImageObject","inLanguage":"pl-PL","@id":"https:\/\/www.24gliwice.pl\/wiadomosci\/#\/schema\/logo\/image\/","url":"https:\/\/www.24gliwice.pl\/wiadomosci\/wp-content\/uploads\/2024\/10\/24gliwice-logo-696.jpg","contentUrl":"https:\/\/www.24gliwice.pl\/wiadomosci\/wp-content\/uploads\/2024\/10\/24gliwice-logo-696.jpg","width":696,"height":696,"caption":"24gliwice"},"image":{"@id":"https:\/\/www.24gliwice.pl\/wiadomosci\/#\/schema\/logo\/image\/"},"sameAs":["https:\/\/www.facebook.com\/24gliwice","https:\/\/x.com\/24gliwice","https:\/\/www.youtube.com\/@24gliwice"]},{"@type":"Person","@id":"https:\/\/www.24gliwice.pl\/wiadomosci\/#\/schema\/person\/e42c650edd7f2fa332be3811fb166b6e","name":"\u017baneta Mrozek-Siewierska","image":{"@type":"ImageObject","inLanguage":"pl-PL","@id":"https:\/\/secure.gravatar.com\/avatar\/1881429e9c64597c77ad7aef2d0a19be69a3253e57534d16aa15bf3a4d34a0a3?s=96&d=mm&r=g","url":"https:\/\/secure.gravatar.com\/avatar\/1881429e9c64597c77ad7aef2d0a19be69a3253e57534d16aa15bf3a4d34a0a3?s=96&d=mm&r=g","contentUrl":"https:\/\/secure.gravatar.com\/avatar\/1881429e9c64597c77ad7aef2d0a19be69a3253e57534d16aa15bf3a4d34a0a3?s=96&d=mm&r=g","caption":"\u017baneta Mrozek-Siewierska"},"url":"https:\/\/www.24gliwice.pl\/wiadomosci\/author\/zms\/"}]}},"_links":{"self":[{"href":"https:\/\/www.24gliwice.pl\/wiadomosci\/wp-json\/wp\/v2\/posts\/260704","targetHints":{"allow":["GET"]}}],"collection":[{"href":"https:\/\/www.24gliwice.pl\/wiadomosci\/wp-json\/wp\/v2\/posts"}],"about":[{"href":"https:\/\/www.24gliwice.pl\/wiadomosci\/wp-json\/wp\/v2\/types\/post"}],"author":[{"embeddable":true,"href":"https:\/\/www.24gliwice.pl\/wiadomosci\/wp-json\/wp\/v2\/users\/15"}],"replies":[{"embeddable":true,"href":"https:\/\/www.24gliwice.pl\/wiadomosci\/wp-json\/wp\/v2\/comments?post=260704"}],"version-history":[{"count":0,"href":"https:\/\/www.24gliwice.pl\/wiadomosci\/wp-json\/wp\/v2\/posts\/260704\/revisions"}],"wp:featuredmedia":[{"embeddable":true,"href":"https:\/\/www.24gliwice.pl\/wiadomosci\/wp-json\/wp\/v2\/media\/260742"}],"wp:attachment":[{"href":"https:\/\/www.24gliwice.pl\/wiadomosci\/wp-json\/wp\/v2\/media?parent=260704"}],"wp:term":[{"taxonomy":"category","embeddable":true,"href":"https:\/\/www.24gliwice.pl\/wiadomosci\/wp-json\/wp\/v2\/categories?post=260704"},{"taxonomy":"post_tag","embeddable":true,"href":"https:\/\/www.24gliwice.pl\/wiadomosci\/wp-json\/wp\/v2\/tags?post=260704"}],"curies":[{"name":"wp","href":"https:\/\/api.w.org\/{rel}","templated":true}]}}