{"id":262299,"date":"2025-11-06T01:53:38","date_gmt":"2025-11-06T00:53:38","guid":{"rendered":"https:\/\/www.24gliwice.pl\/wiadomosci\/?p=262299"},"modified":"2025-11-06T01:53:38","modified_gmt":"2025-11-06T00:53:38","slug":"rusza-inwestycja-warta-44-mln-zl-cieplo-ze-sciekow-komunalnych-posluzy-do-ogrzewania-mieszkan","status":"publish","type":"post","link":"https:\/\/www.24gliwice.pl\/wiadomosci\/rusza-inwestycja-warta-44-mln-zl-cieplo-ze-sciekow-komunalnych-posluzy-do-ogrzewania-mieszkan\/","title":{"rendered":"Rusza inwestycja warta 44 mln z\u0142. Ciep\u0142o ze \u015bciek\u00f3w komunalnych pos\u0142u\u017cy do&#8230; ogrzewania mieszka\u0144"},"content":{"rendered":"<div class=\"gliwi-a6-nad-leadem-artykulow gliwi-entity-placement\" id=\"gliwi-94040964\"><div class=\"gliwi-adlabel\"><span style=\"font-size: 9px\">REKLAMA<\/span><\/div><div id=\"gliwi-3224391575\" style=\"margin-bottom: 30px;margin-left: auto;margin-right: auto;text-align: center;\"><a data-no-instant=\"1\" href=\"https:\/\/przedszkole.halogen.org.pl\/\" rel=\"noopener\" class=\"a2t-link\" target=\"_blank\" aria-label=\"20260402-ANIMATOR-przedszkole_grafika_750x200\"><img loading=\"lazy\" decoding=\"async\" src=\"https:\/\/www.24gliwice.pl\/wiadomosci\/wp-content\/uploads\/2026\/04\/20260402-ANIMATOR-przedszkole_grafika_750x200.webp\" alt=\"\"  srcset=\"https:\/\/www.24gliwice.pl\/wiadomosci\/wp-content\/uploads\/2026\/04\/20260402-ANIMATOR-przedszkole_grafika_750x200.webp 750w, https:\/\/www.24gliwice.pl\/wiadomosci\/wp-content\/uploads\/2026\/04\/20260402-ANIMATOR-przedszkole_grafika_750x200-410x109.webp 410w\" sizes=\"(max-width: 750px) 100vw, 750px\" class=\"no-lazyload\" width=\"750\" height=\"200\"  style=\"display: inline-block; max-width: 100%; height: auto;\" \/><\/a><\/div><\/div><h2>Na terenie Centralnej Oczyszczalni \u015aciek\u00f3w przy ul. Edisona powstanie nowoczesna instalacja, kt\u00f3ra pozwoli odzyskiwa\u0107 ciep\u0142o ze \u015bciek\u00f3w komunalnych i zasila\u0107 nim miejsk\u0105 sie\u0107 ciep\u0142ownicz\u0105. To pierwsze tak du\u017ce przedsi\u0119wzi\u0119cie tego typu w regionie, a jego realizacj\u0105 zajmie si\u0119 Przedsi\u0119biorstwo Energetyki Cieplnej \u2013 Gliwice.<\/h2>\n<p><!--more--><\/p>\n<p>G\u0142\u00f3wnym elementem instalacji b\u0119dzie wielkoskalowa pompa ciep\u0142a, kt\u00f3rej moc \u2013 12 megawat\u00f3w \u2013 wystarczy, by ogrza\u0107 nawet kilka tysi\u0119cy mieszka\u0144. Inwestycja rusza w ramach programu \u201eZeroemisyjny system energetyczny OZE\u201d i jest wsp\u00f3\u0142finansowana przez Narodowy Fundusz Ochrony \u015arodowiska i Gospodarki Wodnej. Jej zako\u0144czenie planowane jest na pa\u017adziernik 2027 roku.<\/p>\n<blockquote><p><em>Projekt stanowi jeden z kluczowych element\u00f3w transformacji energetycznej Gliwic oraz przyk\u0142ad wykorzystania nowoczesnych, niskoemisyjnych technologii w ciep\u0142ownictwie systemowym<\/em><\/p><\/blockquote>\n<p>&#8211; informuje PEC Gliwice. <\/p><div class=\"gliwi-a3-w-tresci-artykulow gliwi-entity-placement\" id=\"gliwi-2379956972\"><div class=\"gliwi-adlabel\"><span style=\"font-size: 9px\">REKLAMA<\/span><\/div><div id=\"gliwi-227765447\" style=\"margin-bottom: 30px;margin-left: auto;margin-right: auto;text-align: center;\"><a data-no-instant=\"1\" href=\"https:\/\/zlobek.halogen.org.pl\/\" rel=\"noopener\" class=\"a2t-link\" target=\"_blank\" aria-label=\"animator-zlobek_750x200\"><img loading=\"lazy\" decoding=\"async\" src=\"https:\/\/www.24gliwice.pl\/wiadomosci\/wp-content\/uploads\/2026\/02\/animator-zlobek_750x200.webp\" alt=\"\"  srcset=\"https:\/\/www.24gliwice.pl\/wiadomosci\/wp-content\/uploads\/2026\/02\/animator-zlobek_750x200.webp 750w, https:\/\/www.24gliwice.pl\/wiadomosci\/wp-content\/uploads\/2026\/02\/animator-zlobek_750x200-410x109.webp 410w\" sizes=\"(max-width: 750px) 100vw, 750px\" class=\"no-lazyload\" width=\"750\" height=\"200\"  style=\"display: inline-block; max-width: 100%; height: auto;\" \/><\/a><\/div><\/div>\n<p>Inwestycja jest wsp\u00f3lnym przedsi\u0119wzi\u0119ciem PEC-Gliwice Sp. z o.o. oraz PWiK Gliwice Sp. z o.o., a jej generalnym wykonawc\u0105 jest \u015bl\u0105ska sp\u00f3\u0142ka Ferox Energy Systems Sp. z o.o. <\/p>\n<p><a href=\"https:\/\/www.24gliwice.pl\/wiadomosci\/wp-content\/uploads\/2025\/11\/PEC-schemat.jpg\"><img loading=\"lazy\" decoding=\"async\" src=\"https:\/\/www.24gliwice.pl\/wiadomosci\/wp-content\/uploads\/2025\/11\/PEC-schemat.jpg\" alt=\"\" width=\"810\" height=\"316\" class=\"alignnone size-full wp-image-262352\" srcset=\"https:\/\/www.24gliwice.pl\/wiadomosci\/wp-content\/uploads\/2025\/11\/PEC-schemat.jpg 810w, https:\/\/www.24gliwice.pl\/wiadomosci\/wp-content\/uploads\/2025\/11\/PEC-schemat-410x160.jpg 410w, https:\/\/www.24gliwice.pl\/wiadomosci\/wp-content\/uploads\/2025\/11\/PEC-schemat-768x300.jpg 768w\" sizes=\"auto, (max-width: 810px) 100vw, 810px\" \/><\/a><\/p>\n<p>Zastosowana technologia wykorzysta energi\u0119 odpadow\u0105 z oczyszczonych \u015bciek\u00f3w, kt\u00f3ra zostanie przekszta\u0142cona w ciep\u0142o systemowe zasilaj\u0105ce gliwick\u0105 sie\u0107 ciep\u0142ownicz\u0105. Pompa ciep\u0142a o uk\u0142adzie dwustopniowego spr\u0119\u017cania \u2013 oparta na dw\u00f3ch spr\u0119\u017carkach od\u015brodkowych wsp\u00f3\u0142pracuj\u0105cych ze wsp\u00f3lnym ekonomizerem \u2013 pozwoli uzyska\u0107 wysok\u0105 efektywno\u015b\u0107 i temperatur\u0119 wody grzewczej si\u0119gaj\u0105c\u0105 nawet 90\u00b0C.<\/p>\n<blockquote><p><em>Dzi\u0119ki zastosowaniu technologii odzysku energii ze \u015bciek\u00f3w zapewnimy stabilne, zeroemisyjne \u017ar\u00f3d\u0142o ciep\u0142a, kt\u00f3re zwi\u0119kszy bezpiecze\u0144stwo dostaw i obni\u017cy \u015blad w\u0119glowy naszego systemu ciep\u0142owniczego o co najmniej 560 wagon\u00f3w w\u0119gla. Gliwice staj\u0105 si\u0119 przyk\u0142adem miasta, kt\u00f3re potrafi zarz\u0105dza\u0107 lokalnymi zasobami w duchu zr\u00f3wnowa\u017conego rozwoju<\/em><\/p><\/blockquote>\n<p>\u2013 podkre\u015bla <strong>Krzysztof Szali\u0144ski<\/strong>, prezes PEC-Gliwice.<\/p>\n<p>\u2013 Jeszcze kilka lat temu energia ze \u015bciek\u00f3w by\u0142a wizj\u0105 przysz\u0142o\u015bci \u2013 dzi\u015b staje si\u0119 faktem. Wsp\u00f3lnie z PEC-Gliwice pokazujemy, \u017ce ambitne cele klimatyczne mo\u017cna realizowa\u0107 w praktyce. Nasza pompa ciep\u0142a to jedno z najwi\u0119kszych tego typu urz\u0105dze\u0144 w Polsce. Gliwicka instalacja b\u0119dzie jednym z najbardziej zaawansowanych technologicznie uk\u0142ad\u00f3w tego typu w kraju. Wykorzystanie dwustopniowego systemu spr\u0119\u017cania pozwala uzyska\u0107 bardzo wysok\u0105 efektywno\u015b\u0107 energetyczn\u0105 i temperatury robocze odpowiadaj\u0105ce miejskim standardom sieci ciep\u0142owniczej. To realny przyk\u0142ad dekarbonizacji w praktyce \u2013 dodaje<strong> Krzysztof Tomaszewski<\/strong>, prezes Ferox Energy Systems.<\/p>\n<h4>Element Parku Zielonej Energii<\/h4>\n<p>Inwestycja o warto\u015bci 44 mln z\u0142 brutto zostanie zrealizowana przez firm\u0119 Ferox Energy Systems Sp. z o.o. jako generalnego wykonawc\u0119. Projekt jest wsp\u00f3\u0142finansowany przez Narodowy Fundusz Ochrony \u015arodowiska i Gospodarki Wodnej, co znacz\u0105co ogranicza koszty ponoszone przez mieszka\u0144c\u00f3w i pozwala miastu przyspieszy\u0107 proces dekarbonizacji ciep\u0142ownictwa. <\/p>\n<h4>Zako\u0144czenie prac planowane jest na IV kwarta\u0142 2027 r., po czym instalacja zostanie w\u0142\u0105czona do systemu miejskiego jako sta\u0142e, efektywne i zeroemisyjne \u017ar\u00f3d\u0142o ciep\u0142a.<\/h4>\n<p>Nowa instalacja pompy ciep\u0142a b\u0119dzie jednym z kluczowych element\u00f3w wi\u0119kszego, strategicznego przedsi\u0119wzi\u0119cia pod nazw\u0105 Park Zielonej Energii w Gliwicach. To kompleksowy projekt transformacji miejskiego systemu ciep\u0142owniczego, obejmuj\u0105cy r\u00f3wnie\u017c najwi\u0119ksz\u0105 w Polsce termiczn\u0105 farm\u0119 solarn\u0105 z magazynem ciep\u0142a, kt\u00f3rej budowa ju\u017c si\u0119 rozpocz\u0119\u0142a, oraz nowoczesny blok energetyczny z kot\u0142em wielopaliwowym, przystosowanym do energetycznego wykorzystania odpad\u00f3w nienadaj\u0105cych si\u0119 do dalszego recyklingu. Wsp\u00f3lnie te trzy \u017ar\u00f3d\u0142a stworz\u0105 zintegrowany, niskoemisyjny ekosystem energetyczny, gwarantuj\u0105cy Gliwicom bezpiecze\u0144stwo energetyczne, stabilno\u015b\u0107 dostaw i realne korzy\u015bci \u015brodowiskowe.<\/p>\n<p>(\u017cms)\/PEC Gliwice<\/p>\n<div class=\"gliwi-a5-na-koncu-artykulow gliwi-entity-placement\" id=\"gliwi-2554748961\"><div class=\"gliwi-adlabel\"><span style=\"font-size: 9px\">REKLAMA<\/span><\/div><div id=\"gliwi-247411022\" style=\"margin-left: auto;margin-right: auto;text-align: center;\"><a data-no-instant=\"1\" href=\"https:\/\/prezeroarenagliwice.pl\/\" rel=\"noopener\" class=\"a2t-link\" target=\"_blank\" aria-label=\"20260309-PREZERO-WIOSNA-D\"><img loading=\"lazy\" decoding=\"async\" src=\"https:\/\/www.24gliwice.pl\/wiadomosci\/wp-content\/uploads\/2026\/03\/20260309-PREZERO-WIOSNA-D.webp\" alt=\"\"  srcset=\"https:\/\/www.24gliwice.pl\/wiadomosci\/wp-content\/uploads\/2026\/03\/20260309-PREZERO-WIOSNA-D.webp 750w, https:\/\/www.24gliwice.pl\/wiadomosci\/wp-content\/uploads\/2026\/03\/20260309-PREZERO-WIOSNA-D-410x109.webp 410w\" sizes=\"(max-width: 750px) 100vw, 750px\" class=\"no-lazyload\" width=\"750\" height=\"200\"  style=\"display: inline-block; max-width: 100%; height: auto;\" \/><\/a><\/div><\/div>","protected":false},"excerpt":{"rendered":"<p>Na terenie Centralnej Oczyszczalni \u015aciek\u00f3w przy ul. Edisona powstanie nowoczesna instalacja, kt\u00f3ra pozwoli odzyskiwa\u0107 ciep\u0142o ze \u015bciek\u00f3w komunalnych i zasila\u0107 nim miejsk\u0105 sie\u0107 ciep\u0142ownicz\u0105. To pierwsze tak du\u017ce przedsi\u0119wzi\u0119cie tego typu w regionie, a jego realizacj\u0105 zajmie si\u0119 Przedsi\u0119biorstwo Energetyki Cieplnej \u2013 Gliwice.<\/p>\n","protected":false},"author":15,"featured_media":262354,"comment_status":"open","ping_status":"closed","sticky":false,"template":"","format":"standard","meta":{"_monsterinsights_skip_tracking":false,"_monsterinsights_sitenote_active":false,"_monsterinsights_sitenote_note":"","_monsterinsights_sitenote_category":0,"footnotes":"","_links_to":"","_links_to_target":""},"categories":[3,1,9],"tags":[24272,13478],"class_list":["post-262299","post","type-post","status-publish","format-standard","has-post-thumbnail","hentry","category-gliwice","category-wszystko","category-aktualnosci_lokalne","tag-oczyszczalnia","tag-pec"],"yoast_head":"<!-- This site is optimized with the Yoast SEO plugin v27.5 - https:\/\/yoast.com\/product\/yoast-seo-wordpress\/ -->\n<title>Rusza inwestycja warta 44 mln z\u0142. Ciep\u0142o ze \u015bciek\u00f3w komunalnych pos\u0142u\u017cy do... ogrzewania mieszka\u0144 - 24GLIWICE - Portal Gliwice | codziennie nowe informacje<\/title>\n<meta name=\"description\" content=\"Ciep\u0142o odzyskane ze \u015bciek\u00f3w komunalnych ma pos\u0142u\u017cy\u0107 do ogrzewania nawet kilku tysi\u0119cy mieszka\u0144 na terenie Gliwic. Rusza nowa inwestycja PEC\" \/>\n<meta name=\"robots\" content=\"index, follow, max-snippet:-1, max-image-preview:large, max-video-preview:-1\" \/>\n<link rel=\"canonical\" href=\"https:\/\/www.24gliwice.pl\/wiadomosci\/rusza-inwestycja-warta-44-mln-zl-cieplo-ze-sciekow-komunalnych-posluzy-do-ogrzewania-mieszkan\/\" \/>\n<meta property=\"og:locale\" content=\"pl_PL\" \/>\n<meta property=\"og:type\" content=\"article\" \/>\n<meta property=\"og:title\" content=\"Rusza inwestycja warta 44 mln z\u0142. Ciep\u0142o ze \u015bciek\u00f3w komunalnych pos\u0142u\u017cy do... ogrzewania mieszka\u0144 - 24GLIWICE - Portal Gliwice | codziennie nowe informacje\" \/>\n<meta property=\"og:description\" content=\"Ciep\u0142o odzyskane ze \u015bciek\u00f3w komunalnych ma pos\u0142u\u017cy\u0107 do ogrzewania nawet kilku tysi\u0119cy mieszka\u0144 na terenie Gliwic. Rusza nowa inwestycja PEC\" \/>\n<meta property=\"og:url\" content=\"https:\/\/www.24gliwice.pl\/wiadomosci\/rusza-inwestycja-warta-44-mln-zl-cieplo-ze-sciekow-komunalnych-posluzy-do-ogrzewania-mieszkan\/\" \/>\n<meta property=\"og:site_name\" content=\"24GLIWICE - Portal Gliwice | codziennie nowe informacje\" \/>\n<meta property=\"article:publisher\" content=\"https:\/\/www.facebook.com\/24gliwice\" \/>\n<meta property=\"article:published_time\" content=\"2025-11-06T00:53:38+00:00\" \/>\n<meta property=\"og:image\" content=\"https:\/\/www.24gliwice.pl\/wiadomosci\/wp-content\/uploads\/2025\/11\/Zrzut-ekranu-2025-11-05-123614.jpg\" \/>\n\t<meta property=\"og:image:width\" content=\"810\" \/>\n\t<meta property=\"og:image:height\" content=\"456\" \/>\n\t<meta property=\"og:image:type\" content=\"image\/jpeg\" \/>\n<meta name=\"author\" content=\"\u017baneta Mrozek-Siewierska\" \/>\n<meta name=\"twitter:card\" content=\"summary_large_image\" \/>\n<meta name=\"twitter:creator\" content=\"@24gliwice\" \/>\n<meta name=\"twitter:site\" content=\"@24gliwice\" \/>\n<meta name=\"twitter:label1\" content=\"Napisane przez\" \/>\n\t<meta name=\"twitter:data1\" content=\"\u017baneta Mrozek-Siewierska\" \/>\n\t<meta name=\"twitter:label2\" content=\"Szacowany czas czytania\" \/>\n\t<meta name=\"twitter:data2\" content=\"3 minuty\" \/>\n<script type=\"application\/ld+json\" class=\"yoast-schema-graph\">{\"@context\":\"https:\\\/\\\/schema.org\",\"@graph\":[{\"@type\":\"Article\",\"@id\":\"https:\\\/\\\/www.24gliwice.pl\\\/wiadomosci\\\/rusza-inwestycja-warta-44-mln-zl-cieplo-ze-sciekow-komunalnych-posluzy-do-ogrzewania-mieszkan\\\/#article\",\"isPartOf\":{\"@id\":\"https:\\\/\\\/www.24gliwice.pl\\\/wiadomosci\\\/rusza-inwestycja-warta-44-mln-zl-cieplo-ze-sciekow-komunalnych-posluzy-do-ogrzewania-mieszkan\\\/\"},\"author\":{\"name\":\"\u017baneta Mrozek-Siewierska\",\"@id\":\"https:\\\/\\\/www.24gliwice.pl\\\/wiadomosci\\\/#\\\/schema\\\/person\\\/e42c650edd7f2fa332be3811fb166b6e\"},\"headline\":\"Rusza inwestycja warta 44 mln z\u0142. Ciep\u0142o ze \u015bciek\u00f3w komunalnych pos\u0142u\u017cy do&#8230; ogrzewania mieszka\u0144\",\"datePublished\":\"2025-11-06T00:53:38+00:00\",\"mainEntityOfPage\":{\"@id\":\"https:\\\/\\\/www.24gliwice.pl\\\/wiadomosci\\\/rusza-inwestycja-warta-44-mln-zl-cieplo-ze-sciekow-komunalnych-posluzy-do-ogrzewania-mieszkan\\\/\"},\"wordCount\":594,\"commentCount\":9,\"publisher\":{\"@id\":\"https:\\\/\\\/www.24gliwice.pl\\\/wiadomosci\\\/#organization\"},\"image\":{\"@id\":\"https:\\\/\\\/www.24gliwice.pl\\\/wiadomosci\\\/rusza-inwestycja-warta-44-mln-zl-cieplo-ze-sciekow-komunalnych-posluzy-do-ogrzewania-mieszkan\\\/#primaryimage\"},\"thumbnailUrl\":\"https:\\\/\\\/www.24gliwice.pl\\\/wiadomosci\\\/wp-content\\\/uploads\\\/2025\\\/11\\\/Zrzut-ekranu-2025-11-05-123614.jpg\",\"keywords\":[\"OCZYSZCZALNIA\",\"pec\"],\"articleSection\":[\"Gliwice\",\"Najnowsze wiadomo\u015bci\",\"Portal Gliwice - Wiadomo\u015bci lokalne\"],\"inLanguage\":\"pl-PL\",\"potentialAction\":[{\"@type\":\"CommentAction\",\"name\":\"Comment\",\"target\":[\"https:\\\/\\\/www.24gliwice.pl\\\/wiadomosci\\\/rusza-inwestycja-warta-44-mln-zl-cieplo-ze-sciekow-komunalnych-posluzy-do-ogrzewania-mieszkan\\\/#respond\"]}]},{\"@type\":\"WebPage\",\"@id\":\"https:\\\/\\\/www.24gliwice.pl\\\/wiadomosci\\\/rusza-inwestycja-warta-44-mln-zl-cieplo-ze-sciekow-komunalnych-posluzy-do-ogrzewania-mieszkan\\\/\",\"url\":\"https:\\\/\\\/www.24gliwice.pl\\\/wiadomosci\\\/rusza-inwestycja-warta-44-mln-zl-cieplo-ze-sciekow-komunalnych-posluzy-do-ogrzewania-mieszkan\\\/\",\"name\":\"Rusza inwestycja warta 44 mln z\u0142. Ciep\u0142o ze \u015bciek\u00f3w komunalnych pos\u0142u\u017cy do... ogrzewania mieszka\u0144 - 24GLIWICE - Portal Gliwice | codziennie nowe informacje\",\"isPartOf\":{\"@id\":\"https:\\\/\\\/www.24gliwice.pl\\\/wiadomosci\\\/#website\"},\"primaryImageOfPage\":{\"@id\":\"https:\\\/\\\/www.24gliwice.pl\\\/wiadomosci\\\/rusza-inwestycja-warta-44-mln-zl-cieplo-ze-sciekow-komunalnych-posluzy-do-ogrzewania-mieszkan\\\/#primaryimage\"},\"image\":{\"@id\":\"https:\\\/\\\/www.24gliwice.pl\\\/wiadomosci\\\/rusza-inwestycja-warta-44-mln-zl-cieplo-ze-sciekow-komunalnych-posluzy-do-ogrzewania-mieszkan\\\/#primaryimage\"},\"thumbnailUrl\":\"https:\\\/\\\/www.24gliwice.pl\\\/wiadomosci\\\/wp-content\\\/uploads\\\/2025\\\/11\\\/Zrzut-ekranu-2025-11-05-123614.jpg\",\"datePublished\":\"2025-11-06T00:53:38+00:00\",\"description\":\"Ciep\u0142o odzyskane ze \u015bciek\u00f3w komunalnych ma pos\u0142u\u017cy\u0107 do ogrzewania nawet kilku tysi\u0119cy mieszka\u0144 na terenie Gliwic. Rusza nowa inwestycja PEC\",\"breadcrumb\":{\"@id\":\"https:\\\/\\\/www.24gliwice.pl\\\/wiadomosci\\\/rusza-inwestycja-warta-44-mln-zl-cieplo-ze-sciekow-komunalnych-posluzy-do-ogrzewania-mieszkan\\\/#breadcrumb\"},\"inLanguage\":\"pl-PL\",\"potentialAction\":[{\"@type\":\"ReadAction\",\"target\":[\"https:\\\/\\\/www.24gliwice.pl\\\/wiadomosci\\\/rusza-inwestycja-warta-44-mln-zl-cieplo-ze-sciekow-komunalnych-posluzy-do-ogrzewania-mieszkan\\\/\"]}]},{\"@type\":\"ImageObject\",\"inLanguage\":\"pl-PL\",\"@id\":\"https:\\\/\\\/www.24gliwice.pl\\\/wiadomosci\\\/rusza-inwestycja-warta-44-mln-zl-cieplo-ze-sciekow-komunalnych-posluzy-do-ogrzewania-mieszkan\\\/#primaryimage\",\"url\":\"https:\\\/\\\/www.24gliwice.pl\\\/wiadomosci\\\/wp-content\\\/uploads\\\/2025\\\/11\\\/Zrzut-ekranu-2025-11-05-123614.jpg\",\"contentUrl\":\"https:\\\/\\\/www.24gliwice.pl\\\/wiadomosci\\\/wp-content\\\/uploads\\\/2025\\\/11\\\/Zrzut-ekranu-2025-11-05-123614.jpg\",\"width\":810,\"height\":456},{\"@type\":\"BreadcrumbList\",\"@id\":\"https:\\\/\\\/www.24gliwice.pl\\\/wiadomosci\\\/rusza-inwestycja-warta-44-mln-zl-cieplo-ze-sciekow-komunalnych-posluzy-do-ogrzewania-mieszkan\\\/#breadcrumb\",\"itemListElement\":[{\"@type\":\"ListItem\",\"position\":1,\"name\":\"Strona g\u0142\u00f3wna\",\"item\":\"https:\\\/\\\/www.24gliwice.pl\\\/wiadomosci\\\/\"},{\"@type\":\"ListItem\",\"position\":2,\"name\":\"Rusza inwestycja warta 44 mln z\u0142. Ciep\u0142o ze \u015bciek\u00f3w komunalnych pos\u0142u\u017cy do&#8230; ogrzewania mieszka\u0144\"}]},{\"@type\":\"WebSite\",\"@id\":\"https:\\\/\\\/www.24gliwice.pl\\\/wiadomosci\\\/#website\",\"url\":\"https:\\\/\\\/www.24gliwice.pl\\\/wiadomosci\\\/\",\"name\":\"24GLIWICE - Portal Gliwice | codziennie nowe wiadomo\u015bci\",\"description\":\"Portal Miejski Gliwice\",\"publisher\":{\"@id\":\"https:\\\/\\\/www.24gliwice.pl\\\/wiadomosci\\\/#organization\"},\"potentialAction\":[{\"@type\":\"SearchAction\",\"target\":{\"@type\":\"EntryPoint\",\"urlTemplate\":\"https:\\\/\\\/www.24gliwice.pl\\\/wiadomosci\\\/?s={search_term_string}\"},\"query-input\":{\"@type\":\"PropertyValueSpecification\",\"valueRequired\":true,\"valueName\":\"search_term_string\"}}],\"inLanguage\":\"pl-PL\"},{\"@type\":\"Organization\",\"@id\":\"https:\\\/\\\/www.24gliwice.pl\\\/wiadomosci\\\/#organization\",\"name\":\"24gliwice\",\"url\":\"https:\\\/\\\/www.24gliwice.pl\\\/wiadomosci\\\/\",\"logo\":{\"@type\":\"ImageObject\",\"inLanguage\":\"pl-PL\",\"@id\":\"https:\\\/\\\/www.24gliwice.pl\\\/wiadomosci\\\/#\\\/schema\\\/logo\\\/image\\\/\",\"url\":\"https:\\\/\\\/www.24gliwice.pl\\\/wiadomosci\\\/wp-content\\\/uploads\\\/2024\\\/10\\\/24gliwice-logo-696.jpg\",\"contentUrl\":\"https:\\\/\\\/www.24gliwice.pl\\\/wiadomosci\\\/wp-content\\\/uploads\\\/2024\\\/10\\\/24gliwice-logo-696.jpg\",\"width\":696,\"height\":696,\"caption\":\"24gliwice\"},\"image\":{\"@id\":\"https:\\\/\\\/www.24gliwice.pl\\\/wiadomosci\\\/#\\\/schema\\\/logo\\\/image\\\/\"},\"sameAs\":[\"https:\\\/\\\/www.facebook.com\\\/24gliwice\",\"https:\\\/\\\/x.com\\\/24gliwice\",\"https:\\\/\\\/www.youtube.com\\\/@24gliwice\"]},{\"@type\":\"Person\",\"@id\":\"https:\\\/\\\/www.24gliwice.pl\\\/wiadomosci\\\/#\\\/schema\\\/person\\\/e42c650edd7f2fa332be3811fb166b6e\",\"name\":\"\u017baneta Mrozek-Siewierska\",\"image\":{\"@type\":\"ImageObject\",\"inLanguage\":\"pl-PL\",\"@id\":\"https:\\\/\\\/secure.gravatar.com\\\/avatar\\\/1881429e9c64597c77ad7aef2d0a19be69a3253e57534d16aa15bf3a4d34a0a3?s=96&d=mm&r=g\",\"url\":\"https:\\\/\\\/secure.gravatar.com\\\/avatar\\\/1881429e9c64597c77ad7aef2d0a19be69a3253e57534d16aa15bf3a4d34a0a3?s=96&d=mm&r=g\",\"contentUrl\":\"https:\\\/\\\/secure.gravatar.com\\\/avatar\\\/1881429e9c64597c77ad7aef2d0a19be69a3253e57534d16aa15bf3a4d34a0a3?s=96&d=mm&r=g\",\"caption\":\"\u017baneta Mrozek-Siewierska\"},\"url\":\"https:\\\/\\\/www.24gliwice.pl\\\/wiadomosci\\\/author\\\/zms\\\/\"}]}<\/script>\n<!-- \/ Yoast SEO plugin. -->","yoast_head_json":{"title":"Rusza inwestycja warta 44 mln z\u0142. Ciep\u0142o ze \u015bciek\u00f3w komunalnych pos\u0142u\u017cy do... ogrzewania mieszka\u0144 - 24GLIWICE - Portal Gliwice | codziennie nowe informacje","description":"Ciep\u0142o odzyskane ze \u015bciek\u00f3w komunalnych ma pos\u0142u\u017cy\u0107 do ogrzewania nawet kilku tysi\u0119cy mieszka\u0144 na terenie Gliwic. Rusza nowa inwestycja PEC","robots":{"index":"index","follow":"follow","max-snippet":"max-snippet:-1","max-image-preview":"max-image-preview:large","max-video-preview":"max-video-preview:-1"},"canonical":"https:\/\/www.24gliwice.pl\/wiadomosci\/rusza-inwestycja-warta-44-mln-zl-cieplo-ze-sciekow-komunalnych-posluzy-do-ogrzewania-mieszkan\/","og_locale":"pl_PL","og_type":"article","og_title":"Rusza inwestycja warta 44 mln z\u0142. Ciep\u0142o ze \u015bciek\u00f3w komunalnych pos\u0142u\u017cy do... ogrzewania mieszka\u0144 - 24GLIWICE - Portal Gliwice | codziennie nowe informacje","og_description":"Ciep\u0142o odzyskane ze \u015bciek\u00f3w komunalnych ma pos\u0142u\u017cy\u0107 do ogrzewania nawet kilku tysi\u0119cy mieszka\u0144 na terenie Gliwic. Rusza nowa inwestycja PEC","og_url":"https:\/\/www.24gliwice.pl\/wiadomosci\/rusza-inwestycja-warta-44-mln-zl-cieplo-ze-sciekow-komunalnych-posluzy-do-ogrzewania-mieszkan\/","og_site_name":"24GLIWICE - Portal Gliwice | codziennie nowe informacje","article_publisher":"https:\/\/www.facebook.com\/24gliwice","article_published_time":"2025-11-06T00:53:38+00:00","og_image":[{"width":810,"height":456,"url":"https:\/\/www.24gliwice.pl\/wiadomosci\/wp-content\/uploads\/2025\/11\/Zrzut-ekranu-2025-11-05-123614.jpg","type":"image\/jpeg"}],"author":"\u017baneta Mrozek-Siewierska","twitter_card":"summary_large_image","twitter_creator":"@24gliwice","twitter_site":"@24gliwice","twitter_misc":{"Napisane przez":"\u017baneta Mrozek-Siewierska","Szacowany czas czytania":"3 minuty"},"schema":{"@context":"https:\/\/schema.org","@graph":[{"@type":"Article","@id":"https:\/\/www.24gliwice.pl\/wiadomosci\/rusza-inwestycja-warta-44-mln-zl-cieplo-ze-sciekow-komunalnych-posluzy-do-ogrzewania-mieszkan\/#article","isPartOf":{"@id":"https:\/\/www.24gliwice.pl\/wiadomosci\/rusza-inwestycja-warta-44-mln-zl-cieplo-ze-sciekow-komunalnych-posluzy-do-ogrzewania-mieszkan\/"},"author":{"name":"\u017baneta Mrozek-Siewierska","@id":"https:\/\/www.24gliwice.pl\/wiadomosci\/#\/schema\/person\/e42c650edd7f2fa332be3811fb166b6e"},"headline":"Rusza inwestycja warta 44 mln z\u0142. Ciep\u0142o ze \u015bciek\u00f3w komunalnych pos\u0142u\u017cy do&#8230; ogrzewania mieszka\u0144","datePublished":"2025-11-06T00:53:38+00:00","mainEntityOfPage":{"@id":"https:\/\/www.24gliwice.pl\/wiadomosci\/rusza-inwestycja-warta-44-mln-zl-cieplo-ze-sciekow-komunalnych-posluzy-do-ogrzewania-mieszkan\/"},"wordCount":594,"commentCount":9,"publisher":{"@id":"https:\/\/www.24gliwice.pl\/wiadomosci\/#organization"},"image":{"@id":"https:\/\/www.24gliwice.pl\/wiadomosci\/rusza-inwestycja-warta-44-mln-zl-cieplo-ze-sciekow-komunalnych-posluzy-do-ogrzewania-mieszkan\/#primaryimage"},"thumbnailUrl":"https:\/\/www.24gliwice.pl\/wiadomosci\/wp-content\/uploads\/2025\/11\/Zrzut-ekranu-2025-11-05-123614.jpg","keywords":["OCZYSZCZALNIA","pec"],"articleSection":["Gliwice","Najnowsze wiadomo\u015bci","Portal Gliwice - Wiadomo\u015bci lokalne"],"inLanguage":"pl-PL","potentialAction":[{"@type":"CommentAction","name":"Comment","target":["https:\/\/www.24gliwice.pl\/wiadomosci\/rusza-inwestycja-warta-44-mln-zl-cieplo-ze-sciekow-komunalnych-posluzy-do-ogrzewania-mieszkan\/#respond"]}]},{"@type":"WebPage","@id":"https:\/\/www.24gliwice.pl\/wiadomosci\/rusza-inwestycja-warta-44-mln-zl-cieplo-ze-sciekow-komunalnych-posluzy-do-ogrzewania-mieszkan\/","url":"https:\/\/www.24gliwice.pl\/wiadomosci\/rusza-inwestycja-warta-44-mln-zl-cieplo-ze-sciekow-komunalnych-posluzy-do-ogrzewania-mieszkan\/","name":"Rusza inwestycja warta 44 mln z\u0142. Ciep\u0142o ze \u015bciek\u00f3w komunalnych pos\u0142u\u017cy do... ogrzewania mieszka\u0144 - 24GLIWICE - Portal Gliwice | codziennie nowe informacje","isPartOf":{"@id":"https:\/\/www.24gliwice.pl\/wiadomosci\/#website"},"primaryImageOfPage":{"@id":"https:\/\/www.24gliwice.pl\/wiadomosci\/rusza-inwestycja-warta-44-mln-zl-cieplo-ze-sciekow-komunalnych-posluzy-do-ogrzewania-mieszkan\/#primaryimage"},"image":{"@id":"https:\/\/www.24gliwice.pl\/wiadomosci\/rusza-inwestycja-warta-44-mln-zl-cieplo-ze-sciekow-komunalnych-posluzy-do-ogrzewania-mieszkan\/#primaryimage"},"thumbnailUrl":"https:\/\/www.24gliwice.pl\/wiadomosci\/wp-content\/uploads\/2025\/11\/Zrzut-ekranu-2025-11-05-123614.jpg","datePublished":"2025-11-06T00:53:38+00:00","description":"Ciep\u0142o odzyskane ze \u015bciek\u00f3w komunalnych ma pos\u0142u\u017cy\u0107 do ogrzewania nawet kilku tysi\u0119cy mieszka\u0144 na terenie Gliwic. Rusza nowa inwestycja PEC","breadcrumb":{"@id":"https:\/\/www.24gliwice.pl\/wiadomosci\/rusza-inwestycja-warta-44-mln-zl-cieplo-ze-sciekow-komunalnych-posluzy-do-ogrzewania-mieszkan\/#breadcrumb"},"inLanguage":"pl-PL","potentialAction":[{"@type":"ReadAction","target":["https:\/\/www.24gliwice.pl\/wiadomosci\/rusza-inwestycja-warta-44-mln-zl-cieplo-ze-sciekow-komunalnych-posluzy-do-ogrzewania-mieszkan\/"]}]},{"@type":"ImageObject","inLanguage":"pl-PL","@id":"https:\/\/www.24gliwice.pl\/wiadomosci\/rusza-inwestycja-warta-44-mln-zl-cieplo-ze-sciekow-komunalnych-posluzy-do-ogrzewania-mieszkan\/#primaryimage","url":"https:\/\/www.24gliwice.pl\/wiadomosci\/wp-content\/uploads\/2025\/11\/Zrzut-ekranu-2025-11-05-123614.jpg","contentUrl":"https:\/\/www.24gliwice.pl\/wiadomosci\/wp-content\/uploads\/2025\/11\/Zrzut-ekranu-2025-11-05-123614.jpg","width":810,"height":456},{"@type":"BreadcrumbList","@id":"https:\/\/www.24gliwice.pl\/wiadomosci\/rusza-inwestycja-warta-44-mln-zl-cieplo-ze-sciekow-komunalnych-posluzy-do-ogrzewania-mieszkan\/#breadcrumb","itemListElement":[{"@type":"ListItem","position":1,"name":"Strona g\u0142\u00f3wna","item":"https:\/\/www.24gliwice.pl\/wiadomosci\/"},{"@type":"ListItem","position":2,"name":"Rusza inwestycja warta 44 mln z\u0142. Ciep\u0142o ze \u015bciek\u00f3w komunalnych pos\u0142u\u017cy do&#8230; ogrzewania mieszka\u0144"}]},{"@type":"WebSite","@id":"https:\/\/www.24gliwice.pl\/wiadomosci\/#website","url":"https:\/\/www.24gliwice.pl\/wiadomosci\/","name":"24GLIWICE - Portal Gliwice | codziennie nowe wiadomo\u015bci","description":"Portal Miejski Gliwice","publisher":{"@id":"https:\/\/www.24gliwice.pl\/wiadomosci\/#organization"},"potentialAction":[{"@type":"SearchAction","target":{"@type":"EntryPoint","urlTemplate":"https:\/\/www.24gliwice.pl\/wiadomosci\/?s={search_term_string}"},"query-input":{"@type":"PropertyValueSpecification","valueRequired":true,"valueName":"search_term_string"}}],"inLanguage":"pl-PL"},{"@type":"Organization","@id":"https:\/\/www.24gliwice.pl\/wiadomosci\/#organization","name":"24gliwice","url":"https:\/\/www.24gliwice.pl\/wiadomosci\/","logo":{"@type":"ImageObject","inLanguage":"pl-PL","@id":"https:\/\/www.24gliwice.pl\/wiadomosci\/#\/schema\/logo\/image\/","url":"https:\/\/www.24gliwice.pl\/wiadomosci\/wp-content\/uploads\/2024\/10\/24gliwice-logo-696.jpg","contentUrl":"https:\/\/www.24gliwice.pl\/wiadomosci\/wp-content\/uploads\/2024\/10\/24gliwice-logo-696.jpg","width":696,"height":696,"caption":"24gliwice"},"image":{"@id":"https:\/\/www.24gliwice.pl\/wiadomosci\/#\/schema\/logo\/image\/"},"sameAs":["https:\/\/www.facebook.com\/24gliwice","https:\/\/x.com\/24gliwice","https:\/\/www.youtube.com\/@24gliwice"]},{"@type":"Person","@id":"https:\/\/www.24gliwice.pl\/wiadomosci\/#\/schema\/person\/e42c650edd7f2fa332be3811fb166b6e","name":"\u017baneta Mrozek-Siewierska","image":{"@type":"ImageObject","inLanguage":"pl-PL","@id":"https:\/\/secure.gravatar.com\/avatar\/1881429e9c64597c77ad7aef2d0a19be69a3253e57534d16aa15bf3a4d34a0a3?s=96&d=mm&r=g","url":"https:\/\/secure.gravatar.com\/avatar\/1881429e9c64597c77ad7aef2d0a19be69a3253e57534d16aa15bf3a4d34a0a3?s=96&d=mm&r=g","contentUrl":"https:\/\/secure.gravatar.com\/avatar\/1881429e9c64597c77ad7aef2d0a19be69a3253e57534d16aa15bf3a4d34a0a3?s=96&d=mm&r=g","caption":"\u017baneta Mrozek-Siewierska"},"url":"https:\/\/www.24gliwice.pl\/wiadomosci\/author\/zms\/"}]}},"_links":{"self":[{"href":"https:\/\/www.24gliwice.pl\/wiadomosci\/wp-json\/wp\/v2\/posts\/262299","targetHints":{"allow":["GET"]}}],"collection":[{"href":"https:\/\/www.24gliwice.pl\/wiadomosci\/wp-json\/wp\/v2\/posts"}],"about":[{"href":"https:\/\/www.24gliwice.pl\/wiadomosci\/wp-json\/wp\/v2\/types\/post"}],"author":[{"embeddable":true,"href":"https:\/\/www.24gliwice.pl\/wiadomosci\/wp-json\/wp\/v2\/users\/15"}],"replies":[{"embeddable":true,"href":"https:\/\/www.24gliwice.pl\/wiadomosci\/wp-json\/wp\/v2\/comments?post=262299"}],"version-history":[{"count":0,"href":"https:\/\/www.24gliwice.pl\/wiadomosci\/wp-json\/wp\/v2\/posts\/262299\/revisions"}],"wp:featuredmedia":[{"embeddable":true,"href":"https:\/\/www.24gliwice.pl\/wiadomosci\/wp-json\/wp\/v2\/media\/262354"}],"wp:attachment":[{"href":"https:\/\/www.24gliwice.pl\/wiadomosci\/wp-json\/wp\/v2\/media?parent=262299"}],"wp:term":[{"taxonomy":"category","embeddable":true,"href":"https:\/\/www.24gliwice.pl\/wiadomosci\/wp-json\/wp\/v2\/categories?post=262299"},{"taxonomy":"post_tag","embeddable":true,"href":"https:\/\/www.24gliwice.pl\/wiadomosci\/wp-json\/wp\/v2\/tags?post=262299"}],"curies":[{"name":"wp","href":"https:\/\/api.w.org\/{rel}","templated":true}]}}