{"id":262309,"date":"2025-11-04T16:45:55","date_gmt":"2025-11-04T15:45:55","guid":{"rendered":"https:\/\/www.24gliwice.pl\/wiadomosci\/?p=262309"},"modified":"2025-11-04T16:45:55","modified_gmt":"2025-11-04T15:45:55","slug":"1000-darmowych-paczkow-w-niespelna-godzine-tlumy-studentow-na-paczkach-z-rektorem","status":"publish","type":"post","link":"https:\/\/www.24gliwice.pl\/wiadomosci\/1000-darmowych-paczkow-w-niespelna-godzine-tlumy-studentow-na-paczkach-z-rektorem\/","title":{"rendered":"1000 darmowych p\u0105czk\u00f3w w niespe\u0142na godzin\u0119. T\u0142umy student\u00f3w na &#8220;P\u0105czkach z Rektorem&#8221;"},"content":{"rendered":"<div class=\"gliwi-a6-nad-leadem-artykulow gliwi-entity-placement\" id=\"gliwi-3465555307\"><div class=\"gliwi-adlabel\"><span style=\"font-size: 9px\">REKLAMA<\/span><\/div><div id=\"gliwi-2996291695\" style=\"margin-bottom: 30px;margin-left: auto;margin-right: auto;text-align: center;\"><a data-no-instant=\"1\" href=\"https:\/\/przedszkole.halogen.org.pl\/\" rel=\"noopener\" class=\"a2t-link\" target=\"_blank\" aria-label=\"20260402-ANIMATOR-przedszkole_grafika_750x200\"><img loading=\"lazy\" decoding=\"async\" src=\"https:\/\/www.24gliwice.pl\/wiadomosci\/wp-content\/uploads\/2026\/04\/20260402-ANIMATOR-przedszkole_grafika_750x200.webp\" alt=\"\"  srcset=\"https:\/\/www.24gliwice.pl\/wiadomosci\/wp-content\/uploads\/2026\/04\/20260402-ANIMATOR-przedszkole_grafika_750x200.webp 750w, https:\/\/www.24gliwice.pl\/wiadomosci\/wp-content\/uploads\/2026\/04\/20260402-ANIMATOR-przedszkole_grafika_750x200-410x109.webp 410w\" sizes=\"(max-width: 750px) 100vw, 750px\" class=\"no-lazyload\" width=\"750\" height=\"200\"  style=\"display: inline-block; max-width: 100%; height: auto;\" \/><\/a><\/div><\/div><h3>W niespe\u0142na godzin\u0119 Rektor Politechniki \u015al\u0105skiej prof. Marek Pawe\u0142czyk oraz Prorektor ds. Studenckich i Kszta\u0142cenia prof. Anna Chrobok rozdali oko\u0142o tysi\u0105ca p\u0105czk\u00f3w na Wydziale G\u00f3rnictwa, In\u017cynierii Bezpiecze\u0144stwa i Automatyki Przemys\u0142owej w Gliwicach. Druga edycja \u201eP\u0105czk\u00f3w z Rektorem\u201d spotka\u0142a si\u0119 z wielkim zainteresowaniem student\u00f3w Uczelni. <\/h3>\n<p><!--more--><\/p>\n<p>Mn\u00f3stwo student\u00f3w Politechniki \u015al\u0105skiej z r\u00f3\u017cnych wydzia\u0142\u00f3w pozytywnie odpowiedzia\u0142o na zaproszenie W\u0142adza Rektorskich na p\u0105czka oraz jesienn\u0105 herbatk\u0119. Organizowana drugi raz akcja to znakomita okazja, by pozna\u0107 w\u0142adze uczelni, swobodnie porozmawia\u0107 i zrobi\u0107 selfie. <\/p>\n<p>Na frekwencj\u0119 nie mo\u017cna by\u0142o narzeka\u0107, co raczej nikogo nie dziwi, gdy\u017c p\u0105czki by\u0142y rozdawane za darmo.<\/p><div class=\"gliwi-a3-w-tresci-artykulow gliwi-entity-placement\" id=\"gliwi-1235084941\"><div class=\"gliwi-adlabel\"><span style=\"font-size: 9px\">REKLAMA<\/span><\/div><div id=\"gliwi-3786536191\" style=\"margin-bottom: 30px;margin-left: auto;margin-right: auto;text-align: center;\"><a data-no-instant=\"1\" href=\"https:\/\/zlobek.halogen.org.pl\/\" rel=\"noopener\" class=\"a2t-link\" target=\"_blank\" aria-label=\"animator-zlobek_750x200\"><img loading=\"lazy\" decoding=\"async\" src=\"https:\/\/www.24gliwice.pl\/wiadomosci\/wp-content\/uploads\/2026\/02\/animator-zlobek_750x200.webp\" alt=\"\"  srcset=\"https:\/\/www.24gliwice.pl\/wiadomosci\/wp-content\/uploads\/2026\/02\/animator-zlobek_750x200.webp 750w, https:\/\/www.24gliwice.pl\/wiadomosci\/wp-content\/uploads\/2026\/02\/animator-zlobek_750x200-410x109.webp 410w\" sizes=\"(max-width: 750px) 100vw, 750px\" class=\"no-lazyload\" width=\"750\" height=\"200\"  style=\"display: inline-block; max-width: 100%; height: auto;\" \/><\/a><\/div><\/div>\n<p><em>\u2013 To dla mnie wielka przyjemno\u015b\u0107, \u017ce mog\u0142em sp\u0119dzi\u0107 ten czas ze studentami. Ciesz\u0119 si\u0119, \u017ce ponownie pojawi\u0142o si\u0119 ich tak wielu. To by\u0142a nie tylko okazja, by podzieli\u0107 si\u0119 p\u0105czkiem, ale r\u00f3wnie\u017c czas na liczne rozmowy. Temu te\u017c mia\u0142a s\u0142u\u017cy\u0107 ta inicjatywa<\/em> \u2013 m\u00f3wi Rektor Marek Pawe\u0142czyk, kt\u00f3ry podkre\u015bli\u0142, \u017ce ju\u017c dawno nie mia\u0142 okazji pozowa\u0107 do tylu zdj\u0119\u0107 i selfie. <\/p>\n<div id=\"attachment_262312\" style=\"width: 820px\" class=\"wp-caption aligncenter\"><img loading=\"lazy\" decoding=\"async\" aria-describedby=\"caption-attachment-262312\" src=\"https:\/\/www.24gliwice.pl\/wiadomosci\/wp-content\/uploads\/2025\/11\/Fot.-Martin-Huc-19.jpg\" alt=\"\" width=\"810\" height=\"540\" class=\"size-full wp-image-262312\" srcset=\"https:\/\/www.24gliwice.pl\/wiadomosci\/wp-content\/uploads\/2025\/11\/Fot.-Martin-Huc-19.jpg 810w, https:\/\/www.24gliwice.pl\/wiadomosci\/wp-content\/uploads\/2025\/11\/Fot.-Martin-Huc-19-348x232.jpg 348w, https:\/\/www.24gliwice.pl\/wiadomosci\/wp-content\/uploads\/2025\/11\/Fot.-Martin-Huc-19-683x455.jpg 683w, https:\/\/www.24gliwice.pl\/wiadomosci\/wp-content\/uploads\/2025\/11\/Fot.-Martin-Huc-19-768x512.jpg 768w\" sizes=\"auto, (max-width: 810px) 100vw, 810px\" \/><p id=\"caption-attachment-262312\" class=\"wp-caption-text\">Fot. Martin Hu\u0107<\/p><\/div>\n<p>inf. pras. Politechnika \u015al\u0105ska<\/p>\n<div class=\"gliwi-a5-na-koncu-artykulow gliwi-entity-placement\" id=\"gliwi-512391842\"><div class=\"gliwi-adlabel\"><span style=\"font-size: 9px\">REKLAMA<\/span><\/div><div id=\"gliwi-3014023026\" style=\"margin-left: auto;margin-right: auto;text-align: center;\"><a data-no-instant=\"1\" href=\"https:\/\/prezeroarenagliwice.pl\/\" rel=\"noopener\" class=\"a2t-link\" target=\"_blank\" aria-label=\"20260309-PREZERO-WIOSNA-D\"><img loading=\"lazy\" decoding=\"async\" src=\"https:\/\/www.24gliwice.pl\/wiadomosci\/wp-content\/uploads\/2026\/03\/20260309-PREZERO-WIOSNA-D.webp\" alt=\"\"  srcset=\"https:\/\/www.24gliwice.pl\/wiadomosci\/wp-content\/uploads\/2026\/03\/20260309-PREZERO-WIOSNA-D.webp 750w, https:\/\/www.24gliwice.pl\/wiadomosci\/wp-content\/uploads\/2026\/03\/20260309-PREZERO-WIOSNA-D-410x109.webp 410w\" sizes=\"(max-width: 750px) 100vw, 750px\" class=\"no-lazyload\" width=\"750\" height=\"200\"  style=\"display: inline-block; max-width: 100%; height: auto;\" \/><\/a><\/div><\/div>","protected":false},"excerpt":{"rendered":"<p>W niespe\u0142na godzin\u0119 Rektor Politechniki \u015al\u0105skiej prof. Marek Pawe\u0142czyk oraz Prorektor ds. Studenckich i Kszta\u0142cenia prof. Anna Chrobok rozdali oko\u0142o tysi\u0105ca p\u0105czk\u00f3w na Wydziale G\u00f3rnictwa, In\u017cynierii Bezpiecze\u0144stwa i Automatyki Przemys\u0142owej w Gliwicach. Druga edycja \u201eP\u0105czk\u00f3w z Rektorem\u201d spotka\u0142a si\u0119 z wielkim zainteresowaniem student\u00f3w Uczelni.<\/p>\n","protected":false},"author":4,"featured_media":262313,"comment_status":"open","ping_status":"closed","sticky":false,"template":"","format":"standard","meta":{"_monsterinsights_skip_tracking":false,"_monsterinsights_sitenote_active":false,"_monsterinsights_sitenote_note":"","_monsterinsights_sitenote_category":0,"footnotes":"","_links_to":"","_links_to_target":""},"categories":[3,1],"tags":[],"class_list":["post-262309","post","type-post","status-publish","format-standard","has-post-thumbnail","hentry","category-gliwice","category-wszystko"],"yoast_head":"<!-- This site is optimized with the Yoast SEO plugin v27.5 - https:\/\/yoast.com\/product\/yoast-seo-wordpress\/ -->\n<title>1000 darmowych p\u0105czk\u00f3w w niespe\u0142na godzin\u0119. T\u0142umy student\u00f3w na &quot;P\u0105czkach z Rektorem&quot; - 24GLIWICE - Portal Gliwice | codziennie nowe informacje<\/title>\n<meta name=\"robots\" content=\"index, follow, max-snippet:-1, max-image-preview:large, max-video-preview:-1\" \/>\n<link rel=\"canonical\" href=\"https:\/\/www.24gliwice.pl\/wiadomosci\/1000-darmowych-paczkow-w-niespelna-godzine-tlumy-studentow-na-paczkach-z-rektorem\/\" \/>\n<meta property=\"og:locale\" content=\"pl_PL\" \/>\n<meta property=\"og:type\" content=\"article\" \/>\n<meta property=\"og:title\" content=\"1000 darmowych p\u0105czk\u00f3w w niespe\u0142na godzin\u0119. T\u0142umy student\u00f3w na &quot;P\u0105czkach z Rektorem&quot; - 24GLIWICE - Portal Gliwice | codziennie nowe informacje\" \/>\n<meta property=\"og:description\" content=\"W niespe\u0142na godzin\u0119 Rektor Politechniki \u015al\u0105skiej prof. Marek Pawe\u0142czyk oraz Prorektor ds. Studenckich i Kszta\u0142cenia prof. Anna Chrobok rozdali oko\u0142o tysi\u0105ca p\u0105czk\u00f3w na Wydziale G\u00f3rnictwa, In\u017cynierii Bezpiecze\u0144stwa i Automatyki Przemys\u0142owej w Gliwicach. Druga edycja \u201eP\u0105czk\u00f3w z Rektorem\u201d spotka\u0142a si\u0119 z wielkim zainteresowaniem student\u00f3w Uczelni.\" \/>\n<meta property=\"og:url\" content=\"https:\/\/www.24gliwice.pl\/wiadomosci\/1000-darmowych-paczkow-w-niespelna-godzine-tlumy-studentow-na-paczkach-z-rektorem\/\" \/>\n<meta property=\"og:site_name\" content=\"24GLIWICE - Portal Gliwice | codziennie nowe informacje\" \/>\n<meta property=\"article:publisher\" content=\"https:\/\/www.facebook.com\/24gliwice\" \/>\n<meta property=\"article:author\" content=\"https:\/\/www.facebook.com\/marcin.fabrykowski\" \/>\n<meta property=\"article:published_time\" content=\"2025-11-04T15:45:55+00:00\" \/>\n<meta property=\"og:image\" content=\"https:\/\/www.24gliwice.pl\/wiadomosci\/wp-content\/uploads\/2025\/11\/Fot.-Martin-Huc-16.jpg\" \/>\n\t<meta property=\"og:image:width\" content=\"810\" \/>\n\t<meta property=\"og:image:height\" content=\"540\" \/>\n\t<meta property=\"og:image:type\" content=\"image\/jpeg\" \/>\n<meta name=\"author\" content=\"Marcin Fabrykowski\" \/>\n<meta name=\"twitter:card\" content=\"summary_large_image\" \/>\n<meta name=\"twitter:creator\" content=\"@24gliwice\" \/>\n<meta name=\"twitter:site\" content=\"@24gliwice\" \/>\n<meta name=\"twitter:label1\" content=\"Napisane przez\" \/>\n\t<meta name=\"twitter:data1\" content=\"Marcin Fabrykowski\" \/>\n\t<meta name=\"twitter:label2\" content=\"Szacowany czas czytania\" \/>\n\t<meta name=\"twitter:data2\" content=\"1 minuta\" \/>\n<script type=\"application\/ld+json\" class=\"yoast-schema-graph\">{\"@context\":\"https:\\\/\\\/schema.org\",\"@graph\":[{\"@type\":\"Article\",\"@id\":\"https:\\\/\\\/www.24gliwice.pl\\\/wiadomosci\\\/1000-darmowych-paczkow-w-niespelna-godzine-tlumy-studentow-na-paczkach-z-rektorem\\\/#article\",\"isPartOf\":{\"@id\":\"https:\\\/\\\/www.24gliwice.pl\\\/wiadomosci\\\/1000-darmowych-paczkow-w-niespelna-godzine-tlumy-studentow-na-paczkach-z-rektorem\\\/\"},\"author\":{\"name\":\"Marcin Fabrykowski\",\"@id\":\"https:\\\/\\\/www.24gliwice.pl\\\/wiadomosci\\\/#\\\/schema\\\/person\\\/cb5857e4a4d048c15984c1edcc8ef0c0\"},\"headline\":\"1000 darmowych p\u0105czk\u00f3w w niespe\u0142na godzin\u0119. T\u0142umy student\u00f3w na &#8220;P\u0105czkach z Rektorem&#8221;\",\"datePublished\":\"2025-11-04T15:45:55+00:00\",\"mainEntityOfPage\":{\"@id\":\"https:\\\/\\\/www.24gliwice.pl\\\/wiadomosci\\\/1000-darmowych-paczkow-w-niespelna-godzine-tlumy-studentow-na-paczkach-z-rektorem\\\/\"},\"wordCount\":229,\"commentCount\":10,\"publisher\":{\"@id\":\"https:\\\/\\\/www.24gliwice.pl\\\/wiadomosci\\\/#organization\"},\"image\":{\"@id\":\"https:\\\/\\\/www.24gliwice.pl\\\/wiadomosci\\\/1000-darmowych-paczkow-w-niespelna-godzine-tlumy-studentow-na-paczkach-z-rektorem\\\/#primaryimage\"},\"thumbnailUrl\":\"https:\\\/\\\/www.24gliwice.pl\\\/wiadomosci\\\/wp-content\\\/uploads\\\/2025\\\/11\\\/Fot.-Martin-Huc-16.jpg\",\"articleSection\":[\"Gliwice\",\"Najnowsze wiadomo\u015bci\"],\"inLanguage\":\"pl-PL\",\"potentialAction\":[{\"@type\":\"CommentAction\",\"name\":\"Comment\",\"target\":[\"https:\\\/\\\/www.24gliwice.pl\\\/wiadomosci\\\/1000-darmowych-paczkow-w-niespelna-godzine-tlumy-studentow-na-paczkach-z-rektorem\\\/#respond\"]}]},{\"@type\":\"WebPage\",\"@id\":\"https:\\\/\\\/www.24gliwice.pl\\\/wiadomosci\\\/1000-darmowych-paczkow-w-niespelna-godzine-tlumy-studentow-na-paczkach-z-rektorem\\\/\",\"url\":\"https:\\\/\\\/www.24gliwice.pl\\\/wiadomosci\\\/1000-darmowych-paczkow-w-niespelna-godzine-tlumy-studentow-na-paczkach-z-rektorem\\\/\",\"name\":\"1000 darmowych p\u0105czk\u00f3w w niespe\u0142na godzin\u0119. T\u0142umy student\u00f3w na \\\"P\u0105czkach z Rektorem\\\" - 24GLIWICE - Portal Gliwice | codziennie nowe informacje\",\"isPartOf\":{\"@id\":\"https:\\\/\\\/www.24gliwice.pl\\\/wiadomosci\\\/#website\"},\"primaryImageOfPage\":{\"@id\":\"https:\\\/\\\/www.24gliwice.pl\\\/wiadomosci\\\/1000-darmowych-paczkow-w-niespelna-godzine-tlumy-studentow-na-paczkach-z-rektorem\\\/#primaryimage\"},\"image\":{\"@id\":\"https:\\\/\\\/www.24gliwice.pl\\\/wiadomosci\\\/1000-darmowych-paczkow-w-niespelna-godzine-tlumy-studentow-na-paczkach-z-rektorem\\\/#primaryimage\"},\"thumbnailUrl\":\"https:\\\/\\\/www.24gliwice.pl\\\/wiadomosci\\\/wp-content\\\/uploads\\\/2025\\\/11\\\/Fot.-Martin-Huc-16.jpg\",\"datePublished\":\"2025-11-04T15:45:55+00:00\",\"breadcrumb\":{\"@id\":\"https:\\\/\\\/www.24gliwice.pl\\\/wiadomosci\\\/1000-darmowych-paczkow-w-niespelna-godzine-tlumy-studentow-na-paczkach-z-rektorem\\\/#breadcrumb\"},\"inLanguage\":\"pl-PL\",\"potentialAction\":[{\"@type\":\"ReadAction\",\"target\":[\"https:\\\/\\\/www.24gliwice.pl\\\/wiadomosci\\\/1000-darmowych-paczkow-w-niespelna-godzine-tlumy-studentow-na-paczkach-z-rektorem\\\/\"]}]},{\"@type\":\"ImageObject\",\"inLanguage\":\"pl-PL\",\"@id\":\"https:\\\/\\\/www.24gliwice.pl\\\/wiadomosci\\\/1000-darmowych-paczkow-w-niespelna-godzine-tlumy-studentow-na-paczkach-z-rektorem\\\/#primaryimage\",\"url\":\"https:\\\/\\\/www.24gliwice.pl\\\/wiadomosci\\\/wp-content\\\/uploads\\\/2025\\\/11\\\/Fot.-Martin-Huc-16.jpg\",\"contentUrl\":\"https:\\\/\\\/www.24gliwice.pl\\\/wiadomosci\\\/wp-content\\\/uploads\\\/2025\\\/11\\\/Fot.-Martin-Huc-16.jpg\",\"width\":810,\"height\":540,\"caption\":\"Fot. Martin Hu\u0107\"},{\"@type\":\"BreadcrumbList\",\"@id\":\"https:\\\/\\\/www.24gliwice.pl\\\/wiadomosci\\\/1000-darmowych-paczkow-w-niespelna-godzine-tlumy-studentow-na-paczkach-z-rektorem\\\/#breadcrumb\",\"itemListElement\":[{\"@type\":\"ListItem\",\"position\":1,\"name\":\"Strona g\u0142\u00f3wna\",\"item\":\"https:\\\/\\\/www.24gliwice.pl\\\/wiadomosci\\\/\"},{\"@type\":\"ListItem\",\"position\":2,\"name\":\"1000 darmowych p\u0105czk\u00f3w w niespe\u0142na godzin\u0119. T\u0142umy student\u00f3w na &#8220;P\u0105czkach z Rektorem&#8221;\"}]},{\"@type\":\"WebSite\",\"@id\":\"https:\\\/\\\/www.24gliwice.pl\\\/wiadomosci\\\/#website\",\"url\":\"https:\\\/\\\/www.24gliwice.pl\\\/wiadomosci\\\/\",\"name\":\"24GLIWICE - Portal Gliwice | codziennie nowe wiadomo\u015bci\",\"description\":\"Portal Miejski Gliwice\",\"publisher\":{\"@id\":\"https:\\\/\\\/www.24gliwice.pl\\\/wiadomosci\\\/#organization\"},\"potentialAction\":[{\"@type\":\"SearchAction\",\"target\":{\"@type\":\"EntryPoint\",\"urlTemplate\":\"https:\\\/\\\/www.24gliwice.pl\\\/wiadomosci\\\/?s={search_term_string}\"},\"query-input\":{\"@type\":\"PropertyValueSpecification\",\"valueRequired\":true,\"valueName\":\"search_term_string\"}}],\"inLanguage\":\"pl-PL\"},{\"@type\":\"Organization\",\"@id\":\"https:\\\/\\\/www.24gliwice.pl\\\/wiadomosci\\\/#organization\",\"name\":\"24gliwice\",\"url\":\"https:\\\/\\\/www.24gliwice.pl\\\/wiadomosci\\\/\",\"logo\":{\"@type\":\"ImageObject\",\"inLanguage\":\"pl-PL\",\"@id\":\"https:\\\/\\\/www.24gliwice.pl\\\/wiadomosci\\\/#\\\/schema\\\/logo\\\/image\\\/\",\"url\":\"https:\\\/\\\/www.24gliwice.pl\\\/wiadomosci\\\/wp-content\\\/uploads\\\/2024\\\/10\\\/24gliwice-logo-696.jpg\",\"contentUrl\":\"https:\\\/\\\/www.24gliwice.pl\\\/wiadomosci\\\/wp-content\\\/uploads\\\/2024\\\/10\\\/24gliwice-logo-696.jpg\",\"width\":696,\"height\":696,\"caption\":\"24gliwice\"},\"image\":{\"@id\":\"https:\\\/\\\/www.24gliwice.pl\\\/wiadomosci\\\/#\\\/schema\\\/logo\\\/image\\\/\"},\"sameAs\":[\"https:\\\/\\\/www.facebook.com\\\/24gliwice\",\"https:\\\/\\\/x.com\\\/24gliwice\",\"https:\\\/\\\/www.youtube.com\\\/@24gliwice\"]},{\"@type\":\"Person\",\"@id\":\"https:\\\/\\\/www.24gliwice.pl\\\/wiadomosci\\\/#\\\/schema\\\/person\\\/cb5857e4a4d048c15984c1edcc8ef0c0\",\"name\":\"Marcin Fabrykowski\",\"image\":{\"@type\":\"ImageObject\",\"inLanguage\":\"pl-PL\",\"@id\":\"https:\\\/\\\/www.24gliwice.pl\\\/wiadomosci\\\/wp-content\\\/uploads\\\/2025\\\/11\\\/zdjecie-moje-marcin-300-96x96.jpg\",\"url\":\"https:\\\/\\\/www.24gliwice.pl\\\/wiadomosci\\\/wp-content\\\/uploads\\\/2025\\\/11\\\/zdjecie-moje-marcin-300-96x96.jpg\",\"contentUrl\":\"https:\\\/\\\/www.24gliwice.pl\\\/wiadomosci\\\/wp-content\\\/uploads\\\/2025\\\/11\\\/zdjecie-moje-marcin-300-96x96.jpg\",\"caption\":\"Marcin Fabrykowski\"},\"sameAs\":[\"http:\\\/\\\/24gliwice.pl\",\"https:\\\/\\\/www.facebook.com\\\/marcin.fabrykowski\"],\"url\":\"https:\\\/\\\/www.24gliwice.pl\\\/wiadomosci\\\/author\\\/marcin-fabrykowski\\\/\"}]}<\/script>\n<!-- \/ Yoast SEO plugin. -->","yoast_head_json":{"title":"1000 darmowych p\u0105czk\u00f3w w niespe\u0142na godzin\u0119. T\u0142umy student\u00f3w na \"P\u0105czkach z Rektorem\" - 24GLIWICE - Portal Gliwice | codziennie nowe informacje","robots":{"index":"index","follow":"follow","max-snippet":"max-snippet:-1","max-image-preview":"max-image-preview:large","max-video-preview":"max-video-preview:-1"},"canonical":"https:\/\/www.24gliwice.pl\/wiadomosci\/1000-darmowych-paczkow-w-niespelna-godzine-tlumy-studentow-na-paczkach-z-rektorem\/","og_locale":"pl_PL","og_type":"article","og_title":"1000 darmowych p\u0105czk\u00f3w w niespe\u0142na godzin\u0119. T\u0142umy student\u00f3w na \"P\u0105czkach z Rektorem\" - 24GLIWICE - Portal Gliwice | codziennie nowe informacje","og_description":"W niespe\u0142na godzin\u0119 Rektor Politechniki \u015al\u0105skiej prof. Marek Pawe\u0142czyk oraz Prorektor ds. Studenckich i Kszta\u0142cenia prof. Anna Chrobok rozdali oko\u0142o tysi\u0105ca p\u0105czk\u00f3w na Wydziale G\u00f3rnictwa, In\u017cynierii Bezpiecze\u0144stwa i Automatyki Przemys\u0142owej w Gliwicach. Druga edycja \u201eP\u0105czk\u00f3w z Rektorem\u201d spotka\u0142a si\u0119 z wielkim zainteresowaniem student\u00f3w Uczelni.","og_url":"https:\/\/www.24gliwice.pl\/wiadomosci\/1000-darmowych-paczkow-w-niespelna-godzine-tlumy-studentow-na-paczkach-z-rektorem\/","og_site_name":"24GLIWICE - Portal Gliwice | codziennie nowe informacje","article_publisher":"https:\/\/www.facebook.com\/24gliwice","article_author":"https:\/\/www.facebook.com\/marcin.fabrykowski","article_published_time":"2025-11-04T15:45:55+00:00","og_image":[{"width":810,"height":540,"url":"https:\/\/www.24gliwice.pl\/wiadomosci\/wp-content\/uploads\/2025\/11\/Fot.-Martin-Huc-16.jpg","type":"image\/jpeg"}],"author":"Marcin Fabrykowski","twitter_card":"summary_large_image","twitter_creator":"@24gliwice","twitter_site":"@24gliwice","twitter_misc":{"Napisane przez":"Marcin Fabrykowski","Szacowany czas czytania":"1 minuta"},"schema":{"@context":"https:\/\/schema.org","@graph":[{"@type":"Article","@id":"https:\/\/www.24gliwice.pl\/wiadomosci\/1000-darmowych-paczkow-w-niespelna-godzine-tlumy-studentow-na-paczkach-z-rektorem\/#article","isPartOf":{"@id":"https:\/\/www.24gliwice.pl\/wiadomosci\/1000-darmowych-paczkow-w-niespelna-godzine-tlumy-studentow-na-paczkach-z-rektorem\/"},"author":{"name":"Marcin Fabrykowski","@id":"https:\/\/www.24gliwice.pl\/wiadomosci\/#\/schema\/person\/cb5857e4a4d048c15984c1edcc8ef0c0"},"headline":"1000 darmowych p\u0105czk\u00f3w w niespe\u0142na godzin\u0119. T\u0142umy student\u00f3w na &#8220;P\u0105czkach z Rektorem&#8221;","datePublished":"2025-11-04T15:45:55+00:00","mainEntityOfPage":{"@id":"https:\/\/www.24gliwice.pl\/wiadomosci\/1000-darmowych-paczkow-w-niespelna-godzine-tlumy-studentow-na-paczkach-z-rektorem\/"},"wordCount":229,"commentCount":10,"publisher":{"@id":"https:\/\/www.24gliwice.pl\/wiadomosci\/#organization"},"image":{"@id":"https:\/\/www.24gliwice.pl\/wiadomosci\/1000-darmowych-paczkow-w-niespelna-godzine-tlumy-studentow-na-paczkach-z-rektorem\/#primaryimage"},"thumbnailUrl":"https:\/\/www.24gliwice.pl\/wiadomosci\/wp-content\/uploads\/2025\/11\/Fot.-Martin-Huc-16.jpg","articleSection":["Gliwice","Najnowsze wiadomo\u015bci"],"inLanguage":"pl-PL","potentialAction":[{"@type":"CommentAction","name":"Comment","target":["https:\/\/www.24gliwice.pl\/wiadomosci\/1000-darmowych-paczkow-w-niespelna-godzine-tlumy-studentow-na-paczkach-z-rektorem\/#respond"]}]},{"@type":"WebPage","@id":"https:\/\/www.24gliwice.pl\/wiadomosci\/1000-darmowych-paczkow-w-niespelna-godzine-tlumy-studentow-na-paczkach-z-rektorem\/","url":"https:\/\/www.24gliwice.pl\/wiadomosci\/1000-darmowych-paczkow-w-niespelna-godzine-tlumy-studentow-na-paczkach-z-rektorem\/","name":"1000 darmowych p\u0105czk\u00f3w w niespe\u0142na godzin\u0119. T\u0142umy student\u00f3w na \"P\u0105czkach z Rektorem\" - 24GLIWICE - Portal Gliwice | codziennie nowe informacje","isPartOf":{"@id":"https:\/\/www.24gliwice.pl\/wiadomosci\/#website"},"primaryImageOfPage":{"@id":"https:\/\/www.24gliwice.pl\/wiadomosci\/1000-darmowych-paczkow-w-niespelna-godzine-tlumy-studentow-na-paczkach-z-rektorem\/#primaryimage"},"image":{"@id":"https:\/\/www.24gliwice.pl\/wiadomosci\/1000-darmowych-paczkow-w-niespelna-godzine-tlumy-studentow-na-paczkach-z-rektorem\/#primaryimage"},"thumbnailUrl":"https:\/\/www.24gliwice.pl\/wiadomosci\/wp-content\/uploads\/2025\/11\/Fot.-Martin-Huc-16.jpg","datePublished":"2025-11-04T15:45:55+00:00","breadcrumb":{"@id":"https:\/\/www.24gliwice.pl\/wiadomosci\/1000-darmowych-paczkow-w-niespelna-godzine-tlumy-studentow-na-paczkach-z-rektorem\/#breadcrumb"},"inLanguage":"pl-PL","potentialAction":[{"@type":"ReadAction","target":["https:\/\/www.24gliwice.pl\/wiadomosci\/1000-darmowych-paczkow-w-niespelna-godzine-tlumy-studentow-na-paczkach-z-rektorem\/"]}]},{"@type":"ImageObject","inLanguage":"pl-PL","@id":"https:\/\/www.24gliwice.pl\/wiadomosci\/1000-darmowych-paczkow-w-niespelna-godzine-tlumy-studentow-na-paczkach-z-rektorem\/#primaryimage","url":"https:\/\/www.24gliwice.pl\/wiadomosci\/wp-content\/uploads\/2025\/11\/Fot.-Martin-Huc-16.jpg","contentUrl":"https:\/\/www.24gliwice.pl\/wiadomosci\/wp-content\/uploads\/2025\/11\/Fot.-Martin-Huc-16.jpg","width":810,"height":540,"caption":"Fot. Martin Hu\u0107"},{"@type":"BreadcrumbList","@id":"https:\/\/www.24gliwice.pl\/wiadomosci\/1000-darmowych-paczkow-w-niespelna-godzine-tlumy-studentow-na-paczkach-z-rektorem\/#breadcrumb","itemListElement":[{"@type":"ListItem","position":1,"name":"Strona g\u0142\u00f3wna","item":"https:\/\/www.24gliwice.pl\/wiadomosci\/"},{"@type":"ListItem","position":2,"name":"1000 darmowych p\u0105czk\u00f3w w niespe\u0142na godzin\u0119. T\u0142umy student\u00f3w na &#8220;P\u0105czkach z Rektorem&#8221;"}]},{"@type":"WebSite","@id":"https:\/\/www.24gliwice.pl\/wiadomosci\/#website","url":"https:\/\/www.24gliwice.pl\/wiadomosci\/","name":"24GLIWICE - Portal Gliwice | codziennie nowe wiadomo\u015bci","description":"Portal Miejski Gliwice","publisher":{"@id":"https:\/\/www.24gliwice.pl\/wiadomosci\/#organization"},"potentialAction":[{"@type":"SearchAction","target":{"@type":"EntryPoint","urlTemplate":"https:\/\/www.24gliwice.pl\/wiadomosci\/?s={search_term_string}"},"query-input":{"@type":"PropertyValueSpecification","valueRequired":true,"valueName":"search_term_string"}}],"inLanguage":"pl-PL"},{"@type":"Organization","@id":"https:\/\/www.24gliwice.pl\/wiadomosci\/#organization","name":"24gliwice","url":"https:\/\/www.24gliwice.pl\/wiadomosci\/","logo":{"@type":"ImageObject","inLanguage":"pl-PL","@id":"https:\/\/www.24gliwice.pl\/wiadomosci\/#\/schema\/logo\/image\/","url":"https:\/\/www.24gliwice.pl\/wiadomosci\/wp-content\/uploads\/2024\/10\/24gliwice-logo-696.jpg","contentUrl":"https:\/\/www.24gliwice.pl\/wiadomosci\/wp-content\/uploads\/2024\/10\/24gliwice-logo-696.jpg","width":696,"height":696,"caption":"24gliwice"},"image":{"@id":"https:\/\/www.24gliwice.pl\/wiadomosci\/#\/schema\/logo\/image\/"},"sameAs":["https:\/\/www.facebook.com\/24gliwice","https:\/\/x.com\/24gliwice","https:\/\/www.youtube.com\/@24gliwice"]},{"@type":"Person","@id":"https:\/\/www.24gliwice.pl\/wiadomosci\/#\/schema\/person\/cb5857e4a4d048c15984c1edcc8ef0c0","name":"Marcin Fabrykowski","image":{"@type":"ImageObject","inLanguage":"pl-PL","@id":"https:\/\/www.24gliwice.pl\/wiadomosci\/wp-content\/uploads\/2025\/11\/zdjecie-moje-marcin-300-96x96.jpg","url":"https:\/\/www.24gliwice.pl\/wiadomosci\/wp-content\/uploads\/2025\/11\/zdjecie-moje-marcin-300-96x96.jpg","contentUrl":"https:\/\/www.24gliwice.pl\/wiadomosci\/wp-content\/uploads\/2025\/11\/zdjecie-moje-marcin-300-96x96.jpg","caption":"Marcin Fabrykowski"},"sameAs":["http:\/\/24gliwice.pl","https:\/\/www.facebook.com\/marcin.fabrykowski"],"url":"https:\/\/www.24gliwice.pl\/wiadomosci\/author\/marcin-fabrykowski\/"}]}},"_links":{"self":[{"href":"https:\/\/www.24gliwice.pl\/wiadomosci\/wp-json\/wp\/v2\/posts\/262309","targetHints":{"allow":["GET"]}}],"collection":[{"href":"https:\/\/www.24gliwice.pl\/wiadomosci\/wp-json\/wp\/v2\/posts"}],"about":[{"href":"https:\/\/www.24gliwice.pl\/wiadomosci\/wp-json\/wp\/v2\/types\/post"}],"author":[{"embeddable":true,"href":"https:\/\/www.24gliwice.pl\/wiadomosci\/wp-json\/wp\/v2\/users\/4"}],"replies":[{"embeddable":true,"href":"https:\/\/www.24gliwice.pl\/wiadomosci\/wp-json\/wp\/v2\/comments?post=262309"}],"version-history":[{"count":0,"href":"https:\/\/www.24gliwice.pl\/wiadomosci\/wp-json\/wp\/v2\/posts\/262309\/revisions"}],"wp:featuredmedia":[{"embeddable":true,"href":"https:\/\/www.24gliwice.pl\/wiadomosci\/wp-json\/wp\/v2\/media\/262313"}],"wp:attachment":[{"href":"https:\/\/www.24gliwice.pl\/wiadomosci\/wp-json\/wp\/v2\/media?parent=262309"}],"wp:term":[{"taxonomy":"category","embeddable":true,"href":"https:\/\/www.24gliwice.pl\/wiadomosci\/wp-json\/wp\/v2\/categories?post=262309"},{"taxonomy":"post_tag","embeddable":true,"href":"https:\/\/www.24gliwice.pl\/wiadomosci\/wp-json\/wp\/v2\/tags?post=262309"}],"curies":[{"name":"wp","href":"https:\/\/api.w.org\/{rel}","templated":true}]}}