{"id":262376,"date":"2025-11-05T23:57:43","date_gmt":"2025-11-05T22:57:43","guid":{"rendered":"https:\/\/www.24gliwice.pl\/wiadomosci\/?p=262376"},"modified":"2025-11-06T15:00:14","modified_gmt":"2025-11-06T14:00:14","slug":"nowy-salon-marc-opolo-w-factory-gliwice-to-modowa-klasyka-premium-w-najlepszych-cenach","status":"publish","type":"post","link":"https:\/\/www.24gliwice.pl\/wiadomosci\/nowy-salon-marc-opolo-w-factory-gliwice-to-modowa-klasyka-premium-w-najlepszych-cenach\/","title":{"rendered":"Nowy salon Marc O\u2019Polo w FACTORY Gliwice to modowa klasyka premium w najlepszych cenach"},"content":{"rendered":"<h4>Marc O\u2019Polo otworzy\u0142 salon outletowy w FACTORY Gliwice. To wyj\u0105tkowy wyb\u00f3r ubra\u0144 dla m\u0119\u017cczyzn i kobiet, \u0142\u0105cz\u0105cych skandynawsk\u0105 prostot\u0119 z nowoczesn\u0105 elegancj\u0105, uzupe\u0142niony propozycj\u0105 but\u00f3w i akcesori\u00f3w. Warto przewietrzy\u0107 szaf\u0119 przed nowym sezonem w rytmie outletowych cen.<\/h4>\n<p><!--more--><\/p>\n<p>Mi\u0142o\u015bnicy klasycznej mody odnajd\u0105 w ubraniach Marc O\u2019Polo ponadczasowy styl i uniwersalny charakter wprost ze Szwecji, gdzie marka powsta\u0142a ponad 50 lat temu. To doskona\u0142y przyk\u0142ad mody kategorii premium, idealnie pasuj\u0105cej do pracy, na oficjalne spotkania, ale i na co dzie\u0144, w stylu sportowej elegancji.<\/p>\n<p>W nowo otwartym salonie w FACTORY Gliwice na klient\u00f3w czeka szeroka kolekcja klasycznych koszul, marynarek, spodni i sukienek, obok dzianin, d\u017cins\u00f3w, czy t-shirt\u00f3w. Marc O\u2019Polo to tak\u017ce wysokiej jako\u015bci p\u0142aszcze i kurtki. Wszystko w stale obni\u017conych, outletowych cenach. Marka projektuje swoje kolekcje z naturalnych materia\u0142\u00f3w, po\u015bwi\u0119caj\u0105c wiele uwagi wysokiej jako\u015bci wykonaniu i ponadczasowemu wzornictwu. Marc O\u2019Polo tworzy swoje kolekcje w stonowanych, pastelowych kolorach.<\/p>\n<p><img loading=\"lazy\" decoding=\"async\" src=\"https:\/\/www.24gliwice.pl\/wiadomosci\/wp-content\/uploads\/2025\/11\/Marc-Opolo_31.10.2025-26.jpg\" alt=\"\" width=\"810\" height=\"539\" class=\"aligncenter size-full wp-image-262385\" srcset=\"https:\/\/www.24gliwice.pl\/wiadomosci\/wp-content\/uploads\/2025\/11\/Marc-Opolo_31.10.2025-26.jpg 810w, https:\/\/www.24gliwice.pl\/wiadomosci\/wp-content\/uploads\/2025\/11\/Marc-Opolo_31.10.2025-26-349x232.jpg 349w, https:\/\/www.24gliwice.pl\/wiadomosci\/wp-content\/uploads\/2025\/11\/Marc-Opolo_31.10.2025-26-684x455.jpg 684w, https:\/\/www.24gliwice.pl\/wiadomosci\/wp-content\/uploads\/2025\/11\/Marc-Opolo_31.10.2025-26-768x511.jpg 768w\" sizes=\"auto, (max-width: 810px) 100vw, 810px\" \/><\/p>\n<p>Klasyczne ubrania w nowym salonie marki na \u015al\u0105sku, uzupe\u0142nia kolekcja but\u00f3w i akcesori\u00f3w, idealnie pasuj\u0105cych ponadczasowym stylem do charakteru kolekcji. W Marc O\u2019Polo w FACTORY Gliwice swobodnie skompletowa\u0107 mo\u017cna str\u00f3j i dodatki na ka\u017cd\u0105 okazj\u0119.<\/p>\n<p>Kolekcja Marc O\u2019Polo w FACTORY Gliwice jest dost\u0119pna w cenach obni\u017conych stale o 30 procent, a w wybranych cz\u0119\u015bciach roku rabaty si\u0119gaj\u0105 tam nawet 70 procent.<\/p>\n<h3>Marc O\u2019Polo wzbogaca segment mody w FACTORY<\/h3>\n<p>Salon outletowy Marc O\u2019Polo \u015bwietnie uzupe\u0142nia ofert\u0119 FACTORY Gliwice w kategorii mody dla m\u0119\u017cczyzn i kobiet, obok \u015bwiatowych gigant\u00f3w i lokalnych lider\u00f3w, uwielbianych przez mi\u0142o\u015bnik\u00f3w outletowych zakup\u00f3w w Polsce, jak Guess, United Colors of Benetton czy Vistula i W\u00f3lczanka, z klasyczn\u0105 propozycj\u0105 marek Pierre Cardin, Bytom, Giacomo Conti, czy Franco Feruzzi.<\/p>\n<p><img loading=\"lazy\" decoding=\"async\" src=\"https:\/\/www.24gliwice.pl\/wiadomosci\/wp-content\/uploads\/2025\/11\/Marc-Opolo_31.10.2025-38.jpg\" alt=\"\" width=\"810\" height=\"539\" class=\"aligncenter size-full wp-image-262383\" srcset=\"https:\/\/www.24gliwice.pl\/wiadomosci\/wp-content\/uploads\/2025\/11\/Marc-Opolo_31.10.2025-38.jpg 810w, https:\/\/www.24gliwice.pl\/wiadomosci\/wp-content\/uploads\/2025\/11\/Marc-Opolo_31.10.2025-38-349x232.jpg 349w, https:\/\/www.24gliwice.pl\/wiadomosci\/wp-content\/uploads\/2025\/11\/Marc-Opolo_31.10.2025-38-684x455.jpg 684w, https:\/\/www.24gliwice.pl\/wiadomosci\/wp-content\/uploads\/2025\/11\/Marc-Opolo_31.10.2025-38-768x511.jpg 768w\" sizes=\"auto, (max-width: 810px) 100vw, 810px\" \/><\/p>\n<p>Factory Gliwice to tak\u017ce centrum outletowe z bogat\u0105 ofert\u0105 ubra\u0144 na co dzie\u0144: Pepe Jeans, Levi\u2019s, Lee, Wrangler, lee Cooper czy JACK&amp;JONES i Diverse. W centrum odnajdziesz r\u00f3wnie\u017c salony z obuwiem, bielizn\u0105, bi\u017cuteri\u0105, a tak\u017ce artyku\u0142ami podr\u00f3\u017cnymi i asortymentem dla domu. Warto pami\u0119ta\u0107, \u017ce FACTORY Gliwice to te\u017c raj dla fan\u00f3w sportu. Pe\u0142n\u0105 list\u0119 salon\u00f3w outletowych poznasz tutaj: <a href=\"https:\/\/gliwice.factory.pl\/pl\/sklepy\" target=\"_blank\" rel=\"noopener\">Zobacz<\/a><\/p>\n<h3>Znana strefa zakupowa na \u015al\u0105sku z \u0142atwym dojazdem<\/h3>\n<p>FACTORY Gliwice to popularne centrum outletowe na \u015al\u0105sku, nale\u017c\u0105ce do najwi\u0119kszej sieci tego formatu w Polsce &#8211; miejsce zakup\u00f3w najpopularniejszych marek na rynku w najlepszych cenach, obni\u017conych stale do nawet 70 procent. FACTORY tworzy znan\u0105 destynacj\u0119 zakupow\u0105 dla mieszka\u0144c\u00f3w i turyst\u00f3w, \u0142\u0105cz\u0105c\u0105 popularny outlet z Auchan Gliwice i marketem budowlanym Leroy Merlin.<\/p>\n<p><img loading=\"lazy\" decoding=\"async\" src=\"https:\/\/www.24gliwice.pl\/wiadomosci\/wp-content\/uploads\/2025\/11\/Marc-Opolo_31.10.2025-16.jpg\" alt=\"\" width=\"869\" height=\"1000\" class=\"aligncenter size-full wp-image-262384\" srcset=\"https:\/\/www.24gliwice.pl\/wiadomosci\/wp-content\/uploads\/2025\/11\/Marc-Opolo_31.10.2025-16.jpg 869w, https:\/\/www.24gliwice.pl\/wiadomosci\/wp-content\/uploads\/2025\/11\/Marc-Opolo_31.10.2025-16-202x232.jpg 202w, https:\/\/www.24gliwice.pl\/wiadomosci\/wp-content\/uploads\/2025\/11\/Marc-Opolo_31.10.2025-16-395x455.jpg 395w, https:\/\/www.24gliwice.pl\/wiadomosci\/wp-content\/uploads\/2025\/11\/Marc-Opolo_31.10.2025-16-768x884.jpg 768w, https:\/\/www.24gliwice.pl\/wiadomosci\/wp-content\/uploads\/2025\/11\/Marc-Opolo_31.10.2025-16-810x932.jpg 810w\" sizes=\"auto, (max-width: 869px) 100vw, 869px\" \/><\/p>\n<p>Do FACTORY Gliwice dojedziesz \u0142atwo z ka\u017cdego miejsca na \u015al\u0105sku, dzi\u0119ki po\u0142o\u017ceniu w bezpo\u015brednim s\u0105siedztwie wjazdu na autostrad\u0119 i sieci dr\u00f3g regionalnych. Na miejscu czeka pojemny parking z \u0142adowarkami elektrycznymi, stacje rowerowe i specjalne miejsca parkingowe dla motocykli.<\/p>\n<p>Operatorem outlet\u00f3w FACTORY w Polsce jest NEINVER.<\/p>\n<div id=\"gliwi-4018033465\"><small>materia\u0142 partnera | <a href=\"https:\/\/www.24gliwice.pl\/wiadomosci\/material-partnera-warunki\/\" target=\"_blank\" rel=\"noopener\">informacja<\/a><\/small><\/div>\n","protected":false},"excerpt":{"rendered":"<p>Marc O\u2019Polo otworzy\u0142 salon outletowy w FACTORY Gliwice. To wyj\u0105tkowy wyb\u00f3r ubra\u0144 dla m\u0119\u017cczyzn i kobiet, \u0142\u0105cz\u0105cych skandynawsk\u0105 prostot\u0119 z nowoczesn\u0105 elegancj\u0105, uzupe\u0142niony propozycj\u0105 but\u00f3w i akcesori\u00f3w. Warto przewietrzy\u0107 szaf\u0119 przed nowym sezonem w rytmie outletowych cen.<\/p>\n","protected":false},"author":4,"featured_media":262386,"comment_status":"closed","ping_status":"closed","sticky":false,"template":"","format":"standard","meta":{"_monsterinsights_skip_tracking":false,"_monsterinsights_sitenote_active":false,"_monsterinsights_sitenote_note":"","_monsterinsights_sitenote_category":0,"footnotes":"","_links_to":"","_links_to_target":""},"categories":[3,1,1129],"tags":[24645,24646],"class_list":["post-262376","post","type-post","status-publish","format-standard","has-post-thumbnail","hentry","category-gliwice","category-wszystko","category-polecamy","tag-factory","tag-outlet"],"yoast_head":"<!-- This site is optimized with the Yoast SEO plugin v27.4 - https:\/\/yoast.com\/product\/yoast-seo-wordpress\/ -->\n<title>Nowy salon Marc O\u2019Polo w FACTORY Gliwice to modowa klasyka premium w najlepszych cenach - 24GLIWICE - Portal Gliwice | codziennie nowe informacje<\/title>\n<meta name=\"robots\" content=\"index, follow, max-snippet:-1, max-image-preview:large, max-video-preview:-1\" \/>\n<link rel=\"canonical\" href=\"https:\/\/www.24gliwice.pl\/wiadomosci\/nowy-salon-marc-opolo-w-factory-gliwice-to-modowa-klasyka-premium-w-najlepszych-cenach\/\" \/>\n<meta property=\"og:locale\" content=\"pl_PL\" \/>\n<meta property=\"og:type\" content=\"article\" \/>\n<meta property=\"og:title\" content=\"Nowy salon Marc O\u2019Polo w FACTORY Gliwice to modowa klasyka premium w najlepszych cenach - 24GLIWICE - Portal Gliwice | codziennie nowe informacje\" \/>\n<meta property=\"og:description\" content=\"Marc O\u2019Polo otworzy\u0142 salon outletowy w FACTORY Gliwice. To wyj\u0105tkowy wyb\u00f3r ubra\u0144 dla m\u0119\u017cczyzn i kobiet, \u0142\u0105cz\u0105cych skandynawsk\u0105 prostot\u0119 z nowoczesn\u0105 elegancj\u0105, uzupe\u0142niony propozycj\u0105 but\u00f3w i akcesori\u00f3w. Warto przewietrzy\u0107 szaf\u0119 przed nowym sezonem w rytmie outletowych cen.\" \/>\n<meta property=\"og:url\" content=\"https:\/\/www.24gliwice.pl\/wiadomosci\/nowy-salon-marc-opolo-w-factory-gliwice-to-modowa-klasyka-premium-w-najlepszych-cenach\/\" \/>\n<meta property=\"og:site_name\" content=\"24GLIWICE - Portal Gliwice | codziennie nowe informacje\" \/>\n<meta property=\"article:publisher\" content=\"https:\/\/www.facebook.com\/24gliwice\" \/>\n<meta property=\"article:author\" content=\"https:\/\/www.facebook.com\/marcin.fabrykowski\" \/>\n<meta property=\"article:published_time\" content=\"2025-11-05T22:57:43+00:00\" \/>\n<meta property=\"article:modified_time\" content=\"2025-11-06T14:00:14+00:00\" \/>\n<meta property=\"og:image\" content=\"https:\/\/www.24gliwice.pl\/wiadomosci\/wp-content\/uploads\/2025\/11\/Marc-Opolo_31.10.2025-35.jpg\" \/>\n\t<meta property=\"og:image:width\" content=\"810\" \/>\n\t<meta property=\"og:image:height\" content=\"539\" \/>\n\t<meta property=\"og:image:type\" content=\"image\/jpeg\" \/>\n<meta name=\"author\" content=\"Marcin Fabrykowski\" \/>\n<meta name=\"twitter:card\" content=\"summary_large_image\" \/>\n<meta name=\"twitter:creator\" content=\"@24gliwice\" \/>\n<meta name=\"twitter:site\" content=\"@24gliwice\" \/>\n<meta name=\"twitter:label1\" content=\"Napisane przez\" \/>\n\t<meta name=\"twitter:data1\" content=\"Marcin Fabrykowski\" \/>\n\t<meta name=\"twitter:label2\" content=\"Szacowany czas czytania\" \/>\n\t<meta name=\"twitter:data2\" content=\"4 minuty\" \/>\n<script type=\"application\/ld+json\" class=\"yoast-schema-graph\">{\"@context\":\"https:\\\/\\\/schema.org\",\"@graph\":[{\"@type\":\"Article\",\"@id\":\"https:\\\/\\\/www.24gliwice.pl\\\/wiadomosci\\\/nowy-salon-marc-opolo-w-factory-gliwice-to-modowa-klasyka-premium-w-najlepszych-cenach\\\/#article\",\"isPartOf\":{\"@id\":\"https:\\\/\\\/www.24gliwice.pl\\\/wiadomosci\\\/nowy-salon-marc-opolo-w-factory-gliwice-to-modowa-klasyka-premium-w-najlepszych-cenach\\\/\"},\"author\":{\"name\":\"Marcin Fabrykowski\",\"@id\":\"https:\\\/\\\/www.24gliwice.pl\\\/wiadomosci\\\/#\\\/schema\\\/person\\\/cb5857e4a4d048c15984c1edcc8ef0c0\"},\"headline\":\"Nowy salon Marc O\u2019Polo w FACTORY Gliwice to modowa klasyka premium w najlepszych cenach\",\"datePublished\":\"2025-11-05T22:57:43+00:00\",\"dateModified\":\"2025-11-06T14:00:14+00:00\",\"mainEntityOfPage\":{\"@id\":\"https:\\\/\\\/www.24gliwice.pl\\\/wiadomosci\\\/nowy-salon-marc-opolo-w-factory-gliwice-to-modowa-klasyka-premium-w-najlepszych-cenach\\\/\"},\"wordCount\":529,\"publisher\":{\"@id\":\"https:\\\/\\\/www.24gliwice.pl\\\/wiadomosci\\\/#organization\"},\"image\":{\"@id\":\"https:\\\/\\\/www.24gliwice.pl\\\/wiadomosci\\\/nowy-salon-marc-opolo-w-factory-gliwice-to-modowa-klasyka-premium-w-najlepszych-cenach\\\/#primaryimage\"},\"thumbnailUrl\":\"https:\\\/\\\/www.24gliwice.pl\\\/wiadomosci\\\/wp-content\\\/uploads\\\/2025\\\/11\\\/Marc-Opolo_31.10.2025-35.jpg\",\"keywords\":[\"FACTORY\",\"OUTLET\"],\"articleSection\":[\"Gliwice\",\"Najnowsze wiadomo\u015bci\",\"Polecamy\"],\"inLanguage\":\"pl-PL\"},{\"@type\":\"WebPage\",\"@id\":\"https:\\\/\\\/www.24gliwice.pl\\\/wiadomosci\\\/nowy-salon-marc-opolo-w-factory-gliwice-to-modowa-klasyka-premium-w-najlepszych-cenach\\\/\",\"url\":\"https:\\\/\\\/www.24gliwice.pl\\\/wiadomosci\\\/nowy-salon-marc-opolo-w-factory-gliwice-to-modowa-klasyka-premium-w-najlepszych-cenach\\\/\",\"name\":\"Nowy salon Marc O\u2019Polo w FACTORY Gliwice to modowa klasyka premium w najlepszych cenach - 24GLIWICE - Portal Gliwice | codziennie nowe informacje\",\"isPartOf\":{\"@id\":\"https:\\\/\\\/www.24gliwice.pl\\\/wiadomosci\\\/#website\"},\"primaryImageOfPage\":{\"@id\":\"https:\\\/\\\/www.24gliwice.pl\\\/wiadomosci\\\/nowy-salon-marc-opolo-w-factory-gliwice-to-modowa-klasyka-premium-w-najlepszych-cenach\\\/#primaryimage\"},\"image\":{\"@id\":\"https:\\\/\\\/www.24gliwice.pl\\\/wiadomosci\\\/nowy-salon-marc-opolo-w-factory-gliwice-to-modowa-klasyka-premium-w-najlepszych-cenach\\\/#primaryimage\"},\"thumbnailUrl\":\"https:\\\/\\\/www.24gliwice.pl\\\/wiadomosci\\\/wp-content\\\/uploads\\\/2025\\\/11\\\/Marc-Opolo_31.10.2025-35.jpg\",\"datePublished\":\"2025-11-05T22:57:43+00:00\",\"dateModified\":\"2025-11-06T14:00:14+00:00\",\"breadcrumb\":{\"@id\":\"https:\\\/\\\/www.24gliwice.pl\\\/wiadomosci\\\/nowy-salon-marc-opolo-w-factory-gliwice-to-modowa-klasyka-premium-w-najlepszych-cenach\\\/#breadcrumb\"},\"inLanguage\":\"pl-PL\",\"potentialAction\":[{\"@type\":\"ReadAction\",\"target\":[\"https:\\\/\\\/www.24gliwice.pl\\\/wiadomosci\\\/nowy-salon-marc-opolo-w-factory-gliwice-to-modowa-klasyka-premium-w-najlepszych-cenach\\\/\"]}]},{\"@type\":\"ImageObject\",\"inLanguage\":\"pl-PL\",\"@id\":\"https:\\\/\\\/www.24gliwice.pl\\\/wiadomosci\\\/nowy-salon-marc-opolo-w-factory-gliwice-to-modowa-klasyka-premium-w-najlepszych-cenach\\\/#primaryimage\",\"url\":\"https:\\\/\\\/www.24gliwice.pl\\\/wiadomosci\\\/wp-content\\\/uploads\\\/2025\\\/11\\\/Marc-Opolo_31.10.2025-35.jpg\",\"contentUrl\":\"https:\\\/\\\/www.24gliwice.pl\\\/wiadomosci\\\/wp-content\\\/uploads\\\/2025\\\/11\\\/Marc-Opolo_31.10.2025-35.jpg\",\"width\":810,\"height\":539},{\"@type\":\"BreadcrumbList\",\"@id\":\"https:\\\/\\\/www.24gliwice.pl\\\/wiadomosci\\\/nowy-salon-marc-opolo-w-factory-gliwice-to-modowa-klasyka-premium-w-najlepszych-cenach\\\/#breadcrumb\",\"itemListElement\":[{\"@type\":\"ListItem\",\"position\":1,\"name\":\"Strona g\u0142\u00f3wna\",\"item\":\"https:\\\/\\\/www.24gliwice.pl\\\/wiadomosci\\\/\"},{\"@type\":\"ListItem\",\"position\":2,\"name\":\"Nowy salon Marc O\u2019Polo w FACTORY Gliwice to modowa klasyka premium w najlepszych cenach\"}]},{\"@type\":\"WebSite\",\"@id\":\"https:\\\/\\\/www.24gliwice.pl\\\/wiadomosci\\\/#website\",\"url\":\"https:\\\/\\\/www.24gliwice.pl\\\/wiadomosci\\\/\",\"name\":\"24GLIWICE - Portal Gliwice | codziennie nowe wiadomo\u015bci\",\"description\":\"Portal Miejski Gliwice\",\"publisher\":{\"@id\":\"https:\\\/\\\/www.24gliwice.pl\\\/wiadomosci\\\/#organization\"},\"potentialAction\":[{\"@type\":\"SearchAction\",\"target\":{\"@type\":\"EntryPoint\",\"urlTemplate\":\"https:\\\/\\\/www.24gliwice.pl\\\/wiadomosci\\\/?s={search_term_string}\"},\"query-input\":{\"@type\":\"PropertyValueSpecification\",\"valueRequired\":true,\"valueName\":\"search_term_string\"}}],\"inLanguage\":\"pl-PL\"},{\"@type\":\"Organization\",\"@id\":\"https:\\\/\\\/www.24gliwice.pl\\\/wiadomosci\\\/#organization\",\"name\":\"24gliwice\",\"url\":\"https:\\\/\\\/www.24gliwice.pl\\\/wiadomosci\\\/\",\"logo\":{\"@type\":\"ImageObject\",\"inLanguage\":\"pl-PL\",\"@id\":\"https:\\\/\\\/www.24gliwice.pl\\\/wiadomosci\\\/#\\\/schema\\\/logo\\\/image\\\/\",\"url\":\"https:\\\/\\\/www.24gliwice.pl\\\/wiadomosci\\\/wp-content\\\/uploads\\\/2024\\\/10\\\/24gliwice-logo-696.jpg\",\"contentUrl\":\"https:\\\/\\\/www.24gliwice.pl\\\/wiadomosci\\\/wp-content\\\/uploads\\\/2024\\\/10\\\/24gliwice-logo-696.jpg\",\"width\":696,\"height\":696,\"caption\":\"24gliwice\"},\"image\":{\"@id\":\"https:\\\/\\\/www.24gliwice.pl\\\/wiadomosci\\\/#\\\/schema\\\/logo\\\/image\\\/\"},\"sameAs\":[\"https:\\\/\\\/www.facebook.com\\\/24gliwice\",\"https:\\\/\\\/x.com\\\/24gliwice\",\"https:\\\/\\\/www.youtube.com\\\/@24gliwice\"]},{\"@type\":\"Person\",\"@id\":\"https:\\\/\\\/www.24gliwice.pl\\\/wiadomosci\\\/#\\\/schema\\\/person\\\/cb5857e4a4d048c15984c1edcc8ef0c0\",\"name\":\"Marcin Fabrykowski\",\"image\":{\"@type\":\"ImageObject\",\"inLanguage\":\"pl-PL\",\"@id\":\"https:\\\/\\\/www.24gliwice.pl\\\/wiadomosci\\\/wp-content\\\/uploads\\\/2025\\\/11\\\/zdjecie-moje-marcin-300-96x96.jpg\",\"url\":\"https:\\\/\\\/www.24gliwice.pl\\\/wiadomosci\\\/wp-content\\\/uploads\\\/2025\\\/11\\\/zdjecie-moje-marcin-300-96x96.jpg\",\"contentUrl\":\"https:\\\/\\\/www.24gliwice.pl\\\/wiadomosci\\\/wp-content\\\/uploads\\\/2025\\\/11\\\/zdjecie-moje-marcin-300-96x96.jpg\",\"caption\":\"Marcin Fabrykowski\"},\"sameAs\":[\"http:\\\/\\\/24gliwice.pl\",\"https:\\\/\\\/www.facebook.com\\\/marcin.fabrykowski\"],\"url\":\"https:\\\/\\\/www.24gliwice.pl\\\/wiadomosci\\\/author\\\/marcin-fabrykowski\\\/\"}]}<\/script>\n<!-- \/ Yoast SEO plugin. -->","yoast_head_json":{"title":"Nowy salon Marc O\u2019Polo w FACTORY Gliwice to modowa klasyka premium w najlepszych cenach - 24GLIWICE - Portal Gliwice | codziennie nowe informacje","robots":{"index":"index","follow":"follow","max-snippet":"max-snippet:-1","max-image-preview":"max-image-preview:large","max-video-preview":"max-video-preview:-1"},"canonical":"https:\/\/www.24gliwice.pl\/wiadomosci\/nowy-salon-marc-opolo-w-factory-gliwice-to-modowa-klasyka-premium-w-najlepszych-cenach\/","og_locale":"pl_PL","og_type":"article","og_title":"Nowy salon Marc O\u2019Polo w FACTORY Gliwice to modowa klasyka premium w najlepszych cenach - 24GLIWICE - Portal Gliwice | codziennie nowe informacje","og_description":"Marc O\u2019Polo otworzy\u0142 salon outletowy w FACTORY Gliwice. To wyj\u0105tkowy wyb\u00f3r ubra\u0144 dla m\u0119\u017cczyzn i kobiet, \u0142\u0105cz\u0105cych skandynawsk\u0105 prostot\u0119 z nowoczesn\u0105 elegancj\u0105, uzupe\u0142niony propozycj\u0105 but\u00f3w i akcesori\u00f3w. Warto przewietrzy\u0107 szaf\u0119 przed nowym sezonem w rytmie outletowych cen.","og_url":"https:\/\/www.24gliwice.pl\/wiadomosci\/nowy-salon-marc-opolo-w-factory-gliwice-to-modowa-klasyka-premium-w-najlepszych-cenach\/","og_site_name":"24GLIWICE - Portal Gliwice | codziennie nowe informacje","article_publisher":"https:\/\/www.facebook.com\/24gliwice","article_author":"https:\/\/www.facebook.com\/marcin.fabrykowski","article_published_time":"2025-11-05T22:57:43+00:00","article_modified_time":"2025-11-06T14:00:14+00:00","og_image":[{"width":810,"height":539,"url":"https:\/\/www.24gliwice.pl\/wiadomosci\/wp-content\/uploads\/2025\/11\/Marc-Opolo_31.10.2025-35.jpg","type":"image\/jpeg"}],"author":"Marcin Fabrykowski","twitter_card":"summary_large_image","twitter_creator":"@24gliwice","twitter_site":"@24gliwice","twitter_misc":{"Napisane przez":"Marcin Fabrykowski","Szacowany czas czytania":"4 minuty"},"schema":{"@context":"https:\/\/schema.org","@graph":[{"@type":"Article","@id":"https:\/\/www.24gliwice.pl\/wiadomosci\/nowy-salon-marc-opolo-w-factory-gliwice-to-modowa-klasyka-premium-w-najlepszych-cenach\/#article","isPartOf":{"@id":"https:\/\/www.24gliwice.pl\/wiadomosci\/nowy-salon-marc-opolo-w-factory-gliwice-to-modowa-klasyka-premium-w-najlepszych-cenach\/"},"author":{"name":"Marcin Fabrykowski","@id":"https:\/\/www.24gliwice.pl\/wiadomosci\/#\/schema\/person\/cb5857e4a4d048c15984c1edcc8ef0c0"},"headline":"Nowy salon Marc O\u2019Polo w FACTORY Gliwice to modowa klasyka premium w najlepszych cenach","datePublished":"2025-11-05T22:57:43+00:00","dateModified":"2025-11-06T14:00:14+00:00","mainEntityOfPage":{"@id":"https:\/\/www.24gliwice.pl\/wiadomosci\/nowy-salon-marc-opolo-w-factory-gliwice-to-modowa-klasyka-premium-w-najlepszych-cenach\/"},"wordCount":529,"publisher":{"@id":"https:\/\/www.24gliwice.pl\/wiadomosci\/#organization"},"image":{"@id":"https:\/\/www.24gliwice.pl\/wiadomosci\/nowy-salon-marc-opolo-w-factory-gliwice-to-modowa-klasyka-premium-w-najlepszych-cenach\/#primaryimage"},"thumbnailUrl":"https:\/\/www.24gliwice.pl\/wiadomosci\/wp-content\/uploads\/2025\/11\/Marc-Opolo_31.10.2025-35.jpg","keywords":["FACTORY","OUTLET"],"articleSection":["Gliwice","Najnowsze wiadomo\u015bci","Polecamy"],"inLanguage":"pl-PL"},{"@type":"WebPage","@id":"https:\/\/www.24gliwice.pl\/wiadomosci\/nowy-salon-marc-opolo-w-factory-gliwice-to-modowa-klasyka-premium-w-najlepszych-cenach\/","url":"https:\/\/www.24gliwice.pl\/wiadomosci\/nowy-salon-marc-opolo-w-factory-gliwice-to-modowa-klasyka-premium-w-najlepszych-cenach\/","name":"Nowy salon Marc O\u2019Polo w FACTORY Gliwice to modowa klasyka premium w najlepszych cenach - 24GLIWICE - Portal Gliwice | codziennie nowe informacje","isPartOf":{"@id":"https:\/\/www.24gliwice.pl\/wiadomosci\/#website"},"primaryImageOfPage":{"@id":"https:\/\/www.24gliwice.pl\/wiadomosci\/nowy-salon-marc-opolo-w-factory-gliwice-to-modowa-klasyka-premium-w-najlepszych-cenach\/#primaryimage"},"image":{"@id":"https:\/\/www.24gliwice.pl\/wiadomosci\/nowy-salon-marc-opolo-w-factory-gliwice-to-modowa-klasyka-premium-w-najlepszych-cenach\/#primaryimage"},"thumbnailUrl":"https:\/\/www.24gliwice.pl\/wiadomosci\/wp-content\/uploads\/2025\/11\/Marc-Opolo_31.10.2025-35.jpg","datePublished":"2025-11-05T22:57:43+00:00","dateModified":"2025-11-06T14:00:14+00:00","breadcrumb":{"@id":"https:\/\/www.24gliwice.pl\/wiadomosci\/nowy-salon-marc-opolo-w-factory-gliwice-to-modowa-klasyka-premium-w-najlepszych-cenach\/#breadcrumb"},"inLanguage":"pl-PL","potentialAction":[{"@type":"ReadAction","target":["https:\/\/www.24gliwice.pl\/wiadomosci\/nowy-salon-marc-opolo-w-factory-gliwice-to-modowa-klasyka-premium-w-najlepszych-cenach\/"]}]},{"@type":"ImageObject","inLanguage":"pl-PL","@id":"https:\/\/www.24gliwice.pl\/wiadomosci\/nowy-salon-marc-opolo-w-factory-gliwice-to-modowa-klasyka-premium-w-najlepszych-cenach\/#primaryimage","url":"https:\/\/www.24gliwice.pl\/wiadomosci\/wp-content\/uploads\/2025\/11\/Marc-Opolo_31.10.2025-35.jpg","contentUrl":"https:\/\/www.24gliwice.pl\/wiadomosci\/wp-content\/uploads\/2025\/11\/Marc-Opolo_31.10.2025-35.jpg","width":810,"height":539},{"@type":"BreadcrumbList","@id":"https:\/\/www.24gliwice.pl\/wiadomosci\/nowy-salon-marc-opolo-w-factory-gliwice-to-modowa-klasyka-premium-w-najlepszych-cenach\/#breadcrumb","itemListElement":[{"@type":"ListItem","position":1,"name":"Strona g\u0142\u00f3wna","item":"https:\/\/www.24gliwice.pl\/wiadomosci\/"},{"@type":"ListItem","position":2,"name":"Nowy salon Marc O\u2019Polo w FACTORY Gliwice to modowa klasyka premium w najlepszych cenach"}]},{"@type":"WebSite","@id":"https:\/\/www.24gliwice.pl\/wiadomosci\/#website","url":"https:\/\/www.24gliwice.pl\/wiadomosci\/","name":"24GLIWICE - Portal Gliwice | codziennie nowe wiadomo\u015bci","description":"Portal Miejski Gliwice","publisher":{"@id":"https:\/\/www.24gliwice.pl\/wiadomosci\/#organization"},"potentialAction":[{"@type":"SearchAction","target":{"@type":"EntryPoint","urlTemplate":"https:\/\/www.24gliwice.pl\/wiadomosci\/?s={search_term_string}"},"query-input":{"@type":"PropertyValueSpecification","valueRequired":true,"valueName":"search_term_string"}}],"inLanguage":"pl-PL"},{"@type":"Organization","@id":"https:\/\/www.24gliwice.pl\/wiadomosci\/#organization","name":"24gliwice","url":"https:\/\/www.24gliwice.pl\/wiadomosci\/","logo":{"@type":"ImageObject","inLanguage":"pl-PL","@id":"https:\/\/www.24gliwice.pl\/wiadomosci\/#\/schema\/logo\/image\/","url":"https:\/\/www.24gliwice.pl\/wiadomosci\/wp-content\/uploads\/2024\/10\/24gliwice-logo-696.jpg","contentUrl":"https:\/\/www.24gliwice.pl\/wiadomosci\/wp-content\/uploads\/2024\/10\/24gliwice-logo-696.jpg","width":696,"height":696,"caption":"24gliwice"},"image":{"@id":"https:\/\/www.24gliwice.pl\/wiadomosci\/#\/schema\/logo\/image\/"},"sameAs":["https:\/\/www.facebook.com\/24gliwice","https:\/\/x.com\/24gliwice","https:\/\/www.youtube.com\/@24gliwice"]},{"@type":"Person","@id":"https:\/\/www.24gliwice.pl\/wiadomosci\/#\/schema\/person\/cb5857e4a4d048c15984c1edcc8ef0c0","name":"Marcin Fabrykowski","image":{"@type":"ImageObject","inLanguage":"pl-PL","@id":"https:\/\/www.24gliwice.pl\/wiadomosci\/wp-content\/uploads\/2025\/11\/zdjecie-moje-marcin-300-96x96.jpg","url":"https:\/\/www.24gliwice.pl\/wiadomosci\/wp-content\/uploads\/2025\/11\/zdjecie-moje-marcin-300-96x96.jpg","contentUrl":"https:\/\/www.24gliwice.pl\/wiadomosci\/wp-content\/uploads\/2025\/11\/zdjecie-moje-marcin-300-96x96.jpg","caption":"Marcin Fabrykowski"},"sameAs":["http:\/\/24gliwice.pl","https:\/\/www.facebook.com\/marcin.fabrykowski"],"url":"https:\/\/www.24gliwice.pl\/wiadomosci\/author\/marcin-fabrykowski\/"}]}},"_links":{"self":[{"href":"https:\/\/www.24gliwice.pl\/wiadomosci\/wp-json\/wp\/v2\/posts\/262376","targetHints":{"allow":["GET"]}}],"collection":[{"href":"https:\/\/www.24gliwice.pl\/wiadomosci\/wp-json\/wp\/v2\/posts"}],"about":[{"href":"https:\/\/www.24gliwice.pl\/wiadomosci\/wp-json\/wp\/v2\/types\/post"}],"author":[{"embeddable":true,"href":"https:\/\/www.24gliwice.pl\/wiadomosci\/wp-json\/wp\/v2\/users\/4"}],"replies":[{"embeddable":true,"href":"https:\/\/www.24gliwice.pl\/wiadomosci\/wp-json\/wp\/v2\/comments?post=262376"}],"version-history":[{"count":6,"href":"https:\/\/www.24gliwice.pl\/wiadomosci\/wp-json\/wp\/v2\/posts\/262376\/revisions"}],"predecessor-version":[{"id":262387,"href":"https:\/\/www.24gliwice.pl\/wiadomosci\/wp-json\/wp\/v2\/posts\/262376\/revisions\/262387"}],"wp:featuredmedia":[{"embeddable":true,"href":"https:\/\/www.24gliwice.pl\/wiadomosci\/wp-json\/wp\/v2\/media\/262386"}],"wp:attachment":[{"href":"https:\/\/www.24gliwice.pl\/wiadomosci\/wp-json\/wp\/v2\/media?parent=262376"}],"wp:term":[{"taxonomy":"category","embeddable":true,"href":"https:\/\/www.24gliwice.pl\/wiadomosci\/wp-json\/wp\/v2\/categories?post=262376"},{"taxonomy":"post_tag","embeddable":true,"href":"https:\/\/www.24gliwice.pl\/wiadomosci\/wp-json\/wp\/v2\/tags?post=262376"}],"curies":[{"name":"wp","href":"https:\/\/api.w.org\/{rel}","templated":true}]}}