{"id":264719,"date":"2025-12-30T19:20:35","date_gmt":"2025-12-30T18:20:35","guid":{"rendered":"https:\/\/www.24gliwice.pl\/wiadomosci\/?p=264719"},"modified":"2025-12-30T19:20:50","modified_gmt":"2025-12-30T18:20:50","slug":"ferie-zimowe-zakopane-jak-rozplanowac-nocleg-pod-terminy-wojewodztw","status":"publish","type":"post","link":"https:\/\/www.24gliwice.pl\/wiadomosci\/ferie-zimowe-zakopane-jak-rozplanowac-nocleg-pod-terminy-wojewodztw\/","title":{"rendered":"Ferie zimowe Zakopane \u2013 jak rozplanowa\u0107 nocleg pod terminy wojew\u00f3dztw?"},"content":{"rendered":"<h2><strong>Kiedy odbywaj\u0105 si\u0119 ferie zimowe w 2026 roku?<\/strong><\/h2>\n<p><a href=\"https:\/\/www.odkryj-zakopane.com\/ferie-pod-tatrami-zakopane-2025-15\/page\"><strong>Ferie zimowe 2026<\/strong><\/a> odbywaj\u0105 si\u0119 w trzech r\u00f3\u017cnych terminach zale\u017cnie od wojew\u00f3dztwa. Pierwszy termin przypada na 19 stycznia &#8211; 1 lutego 2026 dla wojew\u00f3dztw: mazowieckiego, pomorskiego, podlaskiego, \u015bwi\u0119tokrzyskiego i warmi\u0144sko-mazurskiego. Drugi okres ferii trwa od 2 lutego do 15 lutego 2026 i obejmuje wojew\u00f3dztwa: dolno\u015bl\u0105skie, kujawsko-pomorskie, \u0142\u00f3dzkie, zachodniopomorskie, ma\u0142opolskie i opolskie. Trzeci termin to 16 lutego &#8211; 1 marca 2026 dla wojew\u00f3dztw: podkarpackiego, lubelskiego, wielkopolskiego, lubuskiego i \u015bl\u0105skiego.<\/p>\n<p>Taki podzia\u0142 pozwala na r\u00f3wnomierne roz\u0142o\u017cenie ruchu turystycznego i zapewnia lepsz\u0105 dost\u0119pno\u015b\u0107 nocleg\u00f3w w popularnych destynacjach g\u00f3rskich.<\/p>\n<h2><strong>Gdzie najlepiej zarezerwowa\u0107 nocleg w Zakopanem na ferie?<\/strong><\/h2>\n<p>Najlepszymi lokalizacjami na nocleg w Zakopanem s\u0105 dzielnice oferuj\u0105ce \u0142atwy dost\u0119p do atrakcji i stok\u00f3w narciarskich. Centrum miasta przy ulicy Ko\u015bcieliskiej zapewnia blisko\u015b\u0107 do Krup\u00f3wek i g\u0142\u00f3wnych punkt\u00f3w turystycznych. Okolice Bachledzkiego Wierchu oferuj\u0105 spektakularne widoki na Tatry i doskona\u0142y dost\u0119p do tras narciarskich.<\/p>\n<p>Willa Mak przy ulicy Zamoyskiego 19 to luksusowy obiekt w centrum miasta z bogat\u0105 histori\u0105 mi\u0119dzywojenn\u0105. Kompleks Zakopia\u0144skich Taras\u00f3w przy ulicy Ko\u015bcieliskiej 34 znajduje si\u0119 zaledwie 600 metr\u00f3w od Krup\u00f3wek. Ma\u0142e \u017bywcza\u0144skie SPA oferuje <a href=\"https:\/\/www.odkryj-zakopane.com\/apartamenty\"><strong>apartamenty z widokiem na Giewont<\/strong><\/a>, a Monte House przy ulicy Ma\u0142e \u017bywcza\u0144skie 26 zapewnia dost\u0119p do sauny i tarasu wypoczynkowego.<\/p>\n<h2><strong>Jak wcze\u015bnie nale\u017cy rezerwowa\u0107 nocleg na ferie zimowe?<\/strong><\/h2>\n<p>Rezerwacj\u0119 noclegu na ferie zimowe w Zakopanem nale\u017cy dokona\u0107 minimum 3-4 miesi\u0105ce przed planowanym wyjazdem. Najpopularniejsze obiekty wyprzedaj\u0105 si\u0119 ju\u017c w pa\u017adzierniku poprzedniego roku. Dla rodzin z dzie\u0107mi szczeg\u00f3lnie wa\u017cne jest wczesne planowanie, poniewa\u017c apartamenty z oddzielnymi sypialniami i kuchniami znikaj\u0105 najszybciej.<\/p>\n<h2><strong>Jakie atrakcje czekaj\u0105 na dzieci podczas ferii w Zakopanem?<\/strong><\/h2>\n<p>Ferie zimowe w Zakopanem oferuj\u0105 bogaty program dla najm\u0142odszych. Stoki narciarskie Kasprowy Wierch i Guba\u0142\u00f3wka zapewniaj\u0105 nauki jazdy na nartach w szk\u00f3\u0142kach narciarskich. Termy Zakopia\u0144skie to idealne miejsce na relaks w ciep\u0142ych basenach z widokiem na g\u00f3ry.<\/p>\n<p><strong>Krup\u00f3wki oferuj\u0105 liczne atrakcje takie jak:<\/strong><\/p>\n<ul>\n<li>Przeja\u017cd\u017cki saniami zaprz\u0119\u017conymi w konie<\/li>\n<li>Karczmy regionalne z pokazami g\u00f3ralskimi<\/li>\n<li>Sklepy z pami\u0105tkami i oscypkami<\/li>\n<li>Liczne restauracje z regionaln\u0105 kuchni\u0105<\/li>\n<\/ul>\n<p>Kolejka na Guba\u0142\u00f3wk\u0119 to obowi\u0105zkowa atrakcja z panoramicznym widokiem na Tatry. Aqua Park to doskona\u0142a alternatywa w dni o niesprzyjaj\u0105cej pogodzie.<\/p>\n<h2><strong>Kt\u00f3re dzielnice Zakopanego oferuj\u0105 najlepsze warunki dla rodzin?<\/strong><\/h2>\n<p>Dla rodzin z dzie\u0107mi najlepszymi lokalizacjami s\u0105 spokojne dzielnice z \u0142atwym dost\u0119pem do centrum. Obszar przy Bachledzkimi Wierchu oferuje cisz\u0119 i panoramiczne widoki, a jednocze\u015bnie pozostaje w zasi\u0119gu g\u0142\u00f3wnych atrakcji. Aparthotel Bachledzki Wierch &amp; SPA zapewnia stref\u0119 wellness z saun\u0105 i jacuzzi.<\/p>\n<p>Ko\u015bcielisko to opcja dla rodzin szukaj\u0105cych wi\u0119kszej przestrzeni. Osada Widokowa Ko\u015bcielisko oferuje przytulne <a href=\"https:\/\/www.odkryj-zakopane.com\/domki\"><strong>domki z widokiem na Giewont<\/strong><\/a>, z dala od zgie\u0142ku g\u0142\u00f3wnej drogi. Apartamenty Kr\u00f3lewska w Ko\u015bcielisku zapewniaj\u0105 gara\u017c podziemny i taras widokowy z jacuzzi.<\/p>\n<p>Centrum przy ulicy Tatary \u0142\u0105czy blisko\u015b\u0107 atrakcji z komfortem. Elkowy Zak\u0105tek oferuje eleganckie apartamenty zaprojektowane przez nagrodzonych architekt\u00f3w, z zewn\u0119trznym jacuzzi i saun\u0105.<\/p>\n<h2><strong>Podsumowanie<\/strong><\/h2>\n<p>Planowanie ferii zimowych w Zakopanem wymaga uwzgl\u0119dnienia termin\u00f3w wojew\u00f3dzkich i wczesnej rezerwacji noclegu. Najlepsze lokalizacje to centrum miasta, Bachledzki Wierch i Ko\u015bcielisko, oferuj\u0105ce r\u00f3\u017cne standardy i atrakcje dla rodzin. Wczesna rezerwacja 3-4 miesi\u0105ce wcze\u015bniej zapewnia dost\u0119p do najlepszych obiekt\u00f3w i korzystniejsze warunki pobytu.<\/p>\n<p><strong>Zarezerwuj sw\u00f3j wymarzony pobyt na ferie zimowe w Zakopanem ju\u017c dzi\u015b i ciesz si\u0119 niezapomnianym wypoczynkiem w sercu Tatr!<\/strong><\/p>\n<h2><strong>Najcz\u0119\u015bciej zadawane pytania<\/strong><\/h2>\n<p><strong>Czy mo\u017cna anulowa\u0107 rezerwacj\u0119 noclegu na ferie zimowe?<\/strong><\/p>\n<p>Wi\u0119kszo\u015b\u0107 obiekt\u00f3w oferuje mo\u017cliwo\u015b\u0107 bezp\u0142atnej anulacji do 14 dni przed przyjazdem. Szczeg\u00f3\u0142owe warunki anulacji nale\u017cy sprawdzi\u0107 przy dokonywaniu rezerwacji, poniewa\u017c mog\u0105 si\u0119 r\u00f3\u017cni\u0107 w zale\u017cno\u015bci od obiektu i terminu.<\/p>\n<p><strong>Ile kosztuje wy\u017cywienie w Zakopanem podczas ferii?<\/strong><\/p>\n<p>Koszty wy\u017cywienia w Zakopanem s\u0105 wy\u017csze ni\u017c w innych cz\u0119\u015bciach Polski. Rachunek w restauracji dla rodziny wynosi \u015brednio 200-300 z\u0142otych. Apartamenty z kuchni\u0105 pozwalaj\u0105 na przygotowywanie w\u0142asnych posi\u0142k\u00f3w i znaczne oszcz\u0119dno\u015bci.<\/p>\n<p><strong>Czy potrzebny jest samoch\u00f3d do poruszania si\u0119 po Zakopanem?<\/strong><\/p>\n<p>Samoch\u00f3d nie jest konieczny w centrum Zakopanem, gdzie wi\u0119kszo\u015b\u0107 atrakcji znajduje si\u0119 w zasi\u0119gu spaceru. Komunikacja autobusowa \u0142\u0105czy g\u0142\u00f3wne punkty miasta. Parking mo\u017ce by\u0107 problematyczny w sezonie, dlatego obiekty z miejscami postojowymi s\u0105 szczeg\u00f3lnie cenione.<\/p>\n<div id=\"gliwi-1871784648\"><div class=\"gliwi-adlabel\"><span style=\"font-size: 9px\">REKLAMA<\/span><\/div><small>materia\u0142 partnera | <a href=\"https:\/\/www.24gliwice.pl\/wiadomosci\/material-partnera-warunki\/\" target=\"_blank\" rel=\"noopener\">informacja<\/a><\/small><\/div>\n","protected":false},"excerpt":{"rendered":"<p>Kiedy odbywaj\u0105 si\u0119 ferie zimowe w 2026 roku? Ferie zimowe 2026 odbywaj\u0105 si\u0119 w trzech r\u00f3\u017cnych terminach zale\u017cnie od wojew\u00f3dztwa. Pierwszy termin przypada na 19 stycznia &#8211; 1 lutego 2026 dla wojew\u00f3dztw: mazowieckiego, pomorskiego, podlaskiego, \u015bwi\u0119tokrzyskiego i warmi\u0144sko-mazurskiego. Drugi okres ferii trwa od 2 lutego do 15 lutego 2026 i obejmuje wojew\u00f3dztwa: dolno\u015bl\u0105skie, kujawsko-pomorskie, \u0142\u00f3dzkie, [&hellip;]<\/p>\n","protected":false},"author":4,"featured_media":264720,"comment_status":"closed","ping_status":"closed","sticky":false,"template":"","format":"standard","meta":{"_monsterinsights_skip_tracking":false,"_monsterinsights_sitenote_active":false,"_monsterinsights_sitenote_note":"","_monsterinsights_sitenote_category":0,"footnotes":"","_links_to":"","_links_to_target":""},"categories":[22470],"tags":[],"class_list":["post-264719","post","type-post","status-publish","format-standard","has-post-thumbnail","hentry","category-material_p"],"yoast_head":"<!-- This site is optimized with the Yoast SEO plugin v27.5 - https:\/\/yoast.com\/product\/yoast-seo-wordpress\/ -->\n<title>Ferie zimowe Zakopane \u2013 jak rozplanowa\u0107 nocleg pod terminy wojew\u00f3dztw? - 24GLIWICE - Portal Gliwice | codziennie nowe informacje<\/title>\n<meta name=\"robots\" content=\"index, follow, max-snippet:-1, max-image-preview:large, max-video-preview:-1\" \/>\n<link rel=\"canonical\" href=\"https:\/\/www.24gliwice.pl\/wiadomosci\/ferie-zimowe-zakopane-jak-rozplanowac-nocleg-pod-terminy-wojewodztw\/\" \/>\n<meta property=\"og:locale\" content=\"pl_PL\" \/>\n<meta property=\"og:type\" content=\"article\" \/>\n<meta property=\"og:title\" content=\"Ferie zimowe Zakopane \u2013 jak rozplanowa\u0107 nocleg pod terminy wojew\u00f3dztw? - 24GLIWICE - Portal Gliwice | codziennie nowe informacje\" \/>\n<meta property=\"og:description\" content=\"Kiedy odbywaj\u0105 si\u0119 ferie zimowe w 2026 roku? Ferie zimowe 2026 odbywaj\u0105 si\u0119 w trzech r\u00f3\u017cnych terminach zale\u017cnie od wojew\u00f3dztwa. Pierwszy termin przypada na 19 stycznia &#8211; 1 lutego 2026 dla wojew\u00f3dztw: mazowieckiego, pomorskiego, podlaskiego, \u015bwi\u0119tokrzyskiego i warmi\u0144sko-mazurskiego. Drugi okres ferii trwa od 2 lutego do 15 lutego 2026 i obejmuje wojew\u00f3dztwa: dolno\u015bl\u0105skie, kujawsko-pomorskie, \u0142\u00f3dzkie, [&hellip;]\" \/>\n<meta property=\"og:url\" content=\"https:\/\/www.24gliwice.pl\/wiadomosci\/ferie-zimowe-zakopane-jak-rozplanowac-nocleg-pod-terminy-wojewodztw\/\" \/>\n<meta property=\"og:site_name\" content=\"24GLIWICE - Portal Gliwice | codziennie nowe informacje\" \/>\n<meta property=\"article:publisher\" content=\"https:\/\/www.facebook.com\/24gliwice\" \/>\n<meta property=\"article:author\" content=\"https:\/\/www.facebook.com\/marcin.fabrykowski\" \/>\n<meta property=\"article:published_time\" content=\"2025-12-30T18:20:35+00:00\" \/>\n<meta property=\"article:modified_time\" content=\"2025-12-30T18:20:50+00:00\" \/>\n<meta property=\"og:image\" content=\"https:\/\/www.24gliwice.pl\/wiadomosci\/wp-content\/uploads\/2025\/12\/ferie-zimowe-zakopane.jpg\" \/>\n\t<meta property=\"og:image:width\" content=\"810\" \/>\n\t<meta property=\"og:image:height\" content=\"454\" \/>\n\t<meta property=\"og:image:type\" content=\"image\/jpeg\" \/>\n<meta name=\"author\" content=\"Marcin Fabrykowski\" \/>\n<meta name=\"twitter:card\" content=\"summary_large_image\" \/>\n<meta name=\"twitter:creator\" content=\"@24gliwice\" \/>\n<meta name=\"twitter:site\" content=\"@24gliwice\" \/>\n<meta name=\"twitter:label1\" content=\"Napisane przez\" \/>\n\t<meta name=\"twitter:data1\" content=\"Marcin Fabrykowski\" \/>\n\t<meta name=\"twitter:label2\" content=\"Szacowany czas czytania\" \/>\n\t<meta name=\"twitter:data2\" content=\"1 minuta\" \/>\n<script type=\"application\/ld+json\" class=\"yoast-schema-graph\">{\"@context\":\"https:\\\/\\\/schema.org\",\"@graph\":[{\"@type\":\"Article\",\"@id\":\"https:\\\/\\\/www.24gliwice.pl\\\/wiadomosci\\\/ferie-zimowe-zakopane-jak-rozplanowac-nocleg-pod-terminy-wojewodztw\\\/#article\",\"isPartOf\":{\"@id\":\"https:\\\/\\\/www.24gliwice.pl\\\/wiadomosci\\\/ferie-zimowe-zakopane-jak-rozplanowac-nocleg-pod-terminy-wojewodztw\\\/\"},\"author\":{\"name\":\"Marcin Fabrykowski\",\"@id\":\"https:\\\/\\\/www.24gliwice.pl\\\/wiadomosci\\\/#\\\/schema\\\/person\\\/cb5857e4a4d048c15984c1edcc8ef0c0\"},\"headline\":\"Ferie zimowe Zakopane \u2013 jak rozplanowa\u0107 nocleg pod terminy wojew\u00f3dztw?\",\"datePublished\":\"2025-12-30T18:20:35+00:00\",\"dateModified\":\"2025-12-30T18:20:50+00:00\",\"mainEntityOfPage\":{\"@id\":\"https:\\\/\\\/www.24gliwice.pl\\\/wiadomosci\\\/ferie-zimowe-zakopane-jak-rozplanowac-nocleg-pod-terminy-wojewodztw\\\/\"},\"wordCount\":750,\"publisher\":{\"@id\":\"https:\\\/\\\/www.24gliwice.pl\\\/wiadomosci\\\/#organization\"},\"image\":{\"@id\":\"https:\\\/\\\/www.24gliwice.pl\\\/wiadomosci\\\/ferie-zimowe-zakopane-jak-rozplanowac-nocleg-pod-terminy-wojewodztw\\\/#primaryimage\"},\"thumbnailUrl\":\"https:\\\/\\\/www.24gliwice.pl\\\/wiadomosci\\\/wp-content\\\/uploads\\\/2025\\\/12\\\/ferie-zimowe-zakopane.jpg\",\"articleSection\":[\"materia\u0142 partnera\"],\"inLanguage\":\"pl-PL\"},{\"@type\":\"WebPage\",\"@id\":\"https:\\\/\\\/www.24gliwice.pl\\\/wiadomosci\\\/ferie-zimowe-zakopane-jak-rozplanowac-nocleg-pod-terminy-wojewodztw\\\/\",\"url\":\"https:\\\/\\\/www.24gliwice.pl\\\/wiadomosci\\\/ferie-zimowe-zakopane-jak-rozplanowac-nocleg-pod-terminy-wojewodztw\\\/\",\"name\":\"Ferie zimowe Zakopane \u2013 jak rozplanowa\u0107 nocleg pod terminy wojew\u00f3dztw? - 24GLIWICE - Portal Gliwice | codziennie nowe informacje\",\"isPartOf\":{\"@id\":\"https:\\\/\\\/www.24gliwice.pl\\\/wiadomosci\\\/#website\"},\"primaryImageOfPage\":{\"@id\":\"https:\\\/\\\/www.24gliwice.pl\\\/wiadomosci\\\/ferie-zimowe-zakopane-jak-rozplanowac-nocleg-pod-terminy-wojewodztw\\\/#primaryimage\"},\"image\":{\"@id\":\"https:\\\/\\\/www.24gliwice.pl\\\/wiadomosci\\\/ferie-zimowe-zakopane-jak-rozplanowac-nocleg-pod-terminy-wojewodztw\\\/#primaryimage\"},\"thumbnailUrl\":\"https:\\\/\\\/www.24gliwice.pl\\\/wiadomosci\\\/wp-content\\\/uploads\\\/2025\\\/12\\\/ferie-zimowe-zakopane.jpg\",\"datePublished\":\"2025-12-30T18:20:35+00:00\",\"dateModified\":\"2025-12-30T18:20:50+00:00\",\"breadcrumb\":{\"@id\":\"https:\\\/\\\/www.24gliwice.pl\\\/wiadomosci\\\/ferie-zimowe-zakopane-jak-rozplanowac-nocleg-pod-terminy-wojewodztw\\\/#breadcrumb\"},\"inLanguage\":\"pl-PL\",\"potentialAction\":[{\"@type\":\"ReadAction\",\"target\":[\"https:\\\/\\\/www.24gliwice.pl\\\/wiadomosci\\\/ferie-zimowe-zakopane-jak-rozplanowac-nocleg-pod-terminy-wojewodztw\\\/\"]}]},{\"@type\":\"ImageObject\",\"inLanguage\":\"pl-PL\",\"@id\":\"https:\\\/\\\/www.24gliwice.pl\\\/wiadomosci\\\/ferie-zimowe-zakopane-jak-rozplanowac-nocleg-pod-terminy-wojewodztw\\\/#primaryimage\",\"url\":\"https:\\\/\\\/www.24gliwice.pl\\\/wiadomosci\\\/wp-content\\\/uploads\\\/2025\\\/12\\\/ferie-zimowe-zakopane.jpg\",\"contentUrl\":\"https:\\\/\\\/www.24gliwice.pl\\\/wiadomosci\\\/wp-content\\\/uploads\\\/2025\\\/12\\\/ferie-zimowe-zakopane.jpg\",\"width\":810,\"height\":454,\"caption\":\"ferie zimowe zakopane\"},{\"@type\":\"BreadcrumbList\",\"@id\":\"https:\\\/\\\/www.24gliwice.pl\\\/wiadomosci\\\/ferie-zimowe-zakopane-jak-rozplanowac-nocleg-pod-terminy-wojewodztw\\\/#breadcrumb\",\"itemListElement\":[{\"@type\":\"ListItem\",\"position\":1,\"name\":\"Strona g\u0142\u00f3wna\",\"item\":\"https:\\\/\\\/www.24gliwice.pl\\\/wiadomosci\\\/\"},{\"@type\":\"ListItem\",\"position\":2,\"name\":\"Ferie zimowe Zakopane \u2013 jak rozplanowa\u0107 nocleg pod terminy wojew\u00f3dztw?\"}]},{\"@type\":\"WebSite\",\"@id\":\"https:\\\/\\\/www.24gliwice.pl\\\/wiadomosci\\\/#website\",\"url\":\"https:\\\/\\\/www.24gliwice.pl\\\/wiadomosci\\\/\",\"name\":\"24GLIWICE - Portal Gliwice | codziennie nowe wiadomo\u015bci\",\"description\":\"Portal Miejski Gliwice\",\"publisher\":{\"@id\":\"https:\\\/\\\/www.24gliwice.pl\\\/wiadomosci\\\/#organization\"},\"potentialAction\":[{\"@type\":\"SearchAction\",\"target\":{\"@type\":\"EntryPoint\",\"urlTemplate\":\"https:\\\/\\\/www.24gliwice.pl\\\/wiadomosci\\\/?s={search_term_string}\"},\"query-input\":{\"@type\":\"PropertyValueSpecification\",\"valueRequired\":true,\"valueName\":\"search_term_string\"}}],\"inLanguage\":\"pl-PL\"},{\"@type\":\"Organization\",\"@id\":\"https:\\\/\\\/www.24gliwice.pl\\\/wiadomosci\\\/#organization\",\"name\":\"24gliwice\",\"url\":\"https:\\\/\\\/www.24gliwice.pl\\\/wiadomosci\\\/\",\"logo\":{\"@type\":\"ImageObject\",\"inLanguage\":\"pl-PL\",\"@id\":\"https:\\\/\\\/www.24gliwice.pl\\\/wiadomosci\\\/#\\\/schema\\\/logo\\\/image\\\/\",\"url\":\"https:\\\/\\\/www.24gliwice.pl\\\/wiadomosci\\\/wp-content\\\/uploads\\\/2024\\\/10\\\/24gliwice-logo-696.jpg\",\"contentUrl\":\"https:\\\/\\\/www.24gliwice.pl\\\/wiadomosci\\\/wp-content\\\/uploads\\\/2024\\\/10\\\/24gliwice-logo-696.jpg\",\"width\":696,\"height\":696,\"caption\":\"24gliwice\"},\"image\":{\"@id\":\"https:\\\/\\\/www.24gliwice.pl\\\/wiadomosci\\\/#\\\/schema\\\/logo\\\/image\\\/\"},\"sameAs\":[\"https:\\\/\\\/www.facebook.com\\\/24gliwice\",\"https:\\\/\\\/x.com\\\/24gliwice\",\"https:\\\/\\\/www.youtube.com\\\/@24gliwice\"]},{\"@type\":\"Person\",\"@id\":\"https:\\\/\\\/www.24gliwice.pl\\\/wiadomosci\\\/#\\\/schema\\\/person\\\/cb5857e4a4d048c15984c1edcc8ef0c0\",\"name\":\"Marcin Fabrykowski\",\"image\":{\"@type\":\"ImageObject\",\"inLanguage\":\"pl-PL\",\"@id\":\"https:\\\/\\\/www.24gliwice.pl\\\/wiadomosci\\\/wp-content\\\/uploads\\\/2025\\\/11\\\/zdjecie-moje-marcin-300-96x96.jpg\",\"url\":\"https:\\\/\\\/www.24gliwice.pl\\\/wiadomosci\\\/wp-content\\\/uploads\\\/2025\\\/11\\\/zdjecie-moje-marcin-300-96x96.jpg\",\"contentUrl\":\"https:\\\/\\\/www.24gliwice.pl\\\/wiadomosci\\\/wp-content\\\/uploads\\\/2025\\\/11\\\/zdjecie-moje-marcin-300-96x96.jpg\",\"caption\":\"Marcin Fabrykowski\"},\"sameAs\":[\"http:\\\/\\\/24gliwice.pl\",\"https:\\\/\\\/www.facebook.com\\\/marcin.fabrykowski\"],\"url\":\"https:\\\/\\\/www.24gliwice.pl\\\/wiadomosci\\\/author\\\/marcin-fabrykowski\\\/\"}]}<\/script>\n<!-- \/ Yoast SEO plugin. -->","yoast_head_json":{"title":"Ferie zimowe Zakopane \u2013 jak rozplanowa\u0107 nocleg pod terminy wojew\u00f3dztw? - 24GLIWICE - Portal Gliwice | codziennie nowe informacje","robots":{"index":"index","follow":"follow","max-snippet":"max-snippet:-1","max-image-preview":"max-image-preview:large","max-video-preview":"max-video-preview:-1"},"canonical":"https:\/\/www.24gliwice.pl\/wiadomosci\/ferie-zimowe-zakopane-jak-rozplanowac-nocleg-pod-terminy-wojewodztw\/","og_locale":"pl_PL","og_type":"article","og_title":"Ferie zimowe Zakopane \u2013 jak rozplanowa\u0107 nocleg pod terminy wojew\u00f3dztw? - 24GLIWICE - Portal Gliwice | codziennie nowe informacje","og_description":"Kiedy odbywaj\u0105 si\u0119 ferie zimowe w 2026 roku? Ferie zimowe 2026 odbywaj\u0105 si\u0119 w trzech r\u00f3\u017cnych terminach zale\u017cnie od wojew\u00f3dztwa. Pierwszy termin przypada na 19 stycznia &#8211; 1 lutego 2026 dla wojew\u00f3dztw: mazowieckiego, pomorskiego, podlaskiego, \u015bwi\u0119tokrzyskiego i warmi\u0144sko-mazurskiego. Drugi okres ferii trwa od 2 lutego do 15 lutego 2026 i obejmuje wojew\u00f3dztwa: dolno\u015bl\u0105skie, kujawsko-pomorskie, \u0142\u00f3dzkie, [&hellip;]","og_url":"https:\/\/www.24gliwice.pl\/wiadomosci\/ferie-zimowe-zakopane-jak-rozplanowac-nocleg-pod-terminy-wojewodztw\/","og_site_name":"24GLIWICE - Portal Gliwice | codziennie nowe informacje","article_publisher":"https:\/\/www.facebook.com\/24gliwice","article_author":"https:\/\/www.facebook.com\/marcin.fabrykowski","article_published_time":"2025-12-30T18:20:35+00:00","article_modified_time":"2025-12-30T18:20:50+00:00","og_image":[{"width":810,"height":454,"url":"https:\/\/www.24gliwice.pl\/wiadomosci\/wp-content\/uploads\/2025\/12\/ferie-zimowe-zakopane.jpg","type":"image\/jpeg"}],"author":"Marcin Fabrykowski","twitter_card":"summary_large_image","twitter_creator":"@24gliwice","twitter_site":"@24gliwice","twitter_misc":{"Napisane przez":"Marcin Fabrykowski","Szacowany czas czytania":"1 minuta"},"schema":{"@context":"https:\/\/schema.org","@graph":[{"@type":"Article","@id":"https:\/\/www.24gliwice.pl\/wiadomosci\/ferie-zimowe-zakopane-jak-rozplanowac-nocleg-pod-terminy-wojewodztw\/#article","isPartOf":{"@id":"https:\/\/www.24gliwice.pl\/wiadomosci\/ferie-zimowe-zakopane-jak-rozplanowac-nocleg-pod-terminy-wojewodztw\/"},"author":{"name":"Marcin Fabrykowski","@id":"https:\/\/www.24gliwice.pl\/wiadomosci\/#\/schema\/person\/cb5857e4a4d048c15984c1edcc8ef0c0"},"headline":"Ferie zimowe Zakopane \u2013 jak rozplanowa\u0107 nocleg pod terminy wojew\u00f3dztw?","datePublished":"2025-12-30T18:20:35+00:00","dateModified":"2025-12-30T18:20:50+00:00","mainEntityOfPage":{"@id":"https:\/\/www.24gliwice.pl\/wiadomosci\/ferie-zimowe-zakopane-jak-rozplanowac-nocleg-pod-terminy-wojewodztw\/"},"wordCount":750,"publisher":{"@id":"https:\/\/www.24gliwice.pl\/wiadomosci\/#organization"},"image":{"@id":"https:\/\/www.24gliwice.pl\/wiadomosci\/ferie-zimowe-zakopane-jak-rozplanowac-nocleg-pod-terminy-wojewodztw\/#primaryimage"},"thumbnailUrl":"https:\/\/www.24gliwice.pl\/wiadomosci\/wp-content\/uploads\/2025\/12\/ferie-zimowe-zakopane.jpg","articleSection":["materia\u0142 partnera"],"inLanguage":"pl-PL"},{"@type":"WebPage","@id":"https:\/\/www.24gliwice.pl\/wiadomosci\/ferie-zimowe-zakopane-jak-rozplanowac-nocleg-pod-terminy-wojewodztw\/","url":"https:\/\/www.24gliwice.pl\/wiadomosci\/ferie-zimowe-zakopane-jak-rozplanowac-nocleg-pod-terminy-wojewodztw\/","name":"Ferie zimowe Zakopane \u2013 jak rozplanowa\u0107 nocleg pod terminy wojew\u00f3dztw? - 24GLIWICE - Portal Gliwice | codziennie nowe informacje","isPartOf":{"@id":"https:\/\/www.24gliwice.pl\/wiadomosci\/#website"},"primaryImageOfPage":{"@id":"https:\/\/www.24gliwice.pl\/wiadomosci\/ferie-zimowe-zakopane-jak-rozplanowac-nocleg-pod-terminy-wojewodztw\/#primaryimage"},"image":{"@id":"https:\/\/www.24gliwice.pl\/wiadomosci\/ferie-zimowe-zakopane-jak-rozplanowac-nocleg-pod-terminy-wojewodztw\/#primaryimage"},"thumbnailUrl":"https:\/\/www.24gliwice.pl\/wiadomosci\/wp-content\/uploads\/2025\/12\/ferie-zimowe-zakopane.jpg","datePublished":"2025-12-30T18:20:35+00:00","dateModified":"2025-12-30T18:20:50+00:00","breadcrumb":{"@id":"https:\/\/www.24gliwice.pl\/wiadomosci\/ferie-zimowe-zakopane-jak-rozplanowac-nocleg-pod-terminy-wojewodztw\/#breadcrumb"},"inLanguage":"pl-PL","potentialAction":[{"@type":"ReadAction","target":["https:\/\/www.24gliwice.pl\/wiadomosci\/ferie-zimowe-zakopane-jak-rozplanowac-nocleg-pod-terminy-wojewodztw\/"]}]},{"@type":"ImageObject","inLanguage":"pl-PL","@id":"https:\/\/www.24gliwice.pl\/wiadomosci\/ferie-zimowe-zakopane-jak-rozplanowac-nocleg-pod-terminy-wojewodztw\/#primaryimage","url":"https:\/\/www.24gliwice.pl\/wiadomosci\/wp-content\/uploads\/2025\/12\/ferie-zimowe-zakopane.jpg","contentUrl":"https:\/\/www.24gliwice.pl\/wiadomosci\/wp-content\/uploads\/2025\/12\/ferie-zimowe-zakopane.jpg","width":810,"height":454,"caption":"ferie zimowe zakopane"},{"@type":"BreadcrumbList","@id":"https:\/\/www.24gliwice.pl\/wiadomosci\/ferie-zimowe-zakopane-jak-rozplanowac-nocleg-pod-terminy-wojewodztw\/#breadcrumb","itemListElement":[{"@type":"ListItem","position":1,"name":"Strona g\u0142\u00f3wna","item":"https:\/\/www.24gliwice.pl\/wiadomosci\/"},{"@type":"ListItem","position":2,"name":"Ferie zimowe Zakopane \u2013 jak rozplanowa\u0107 nocleg pod terminy wojew\u00f3dztw?"}]},{"@type":"WebSite","@id":"https:\/\/www.24gliwice.pl\/wiadomosci\/#website","url":"https:\/\/www.24gliwice.pl\/wiadomosci\/","name":"24GLIWICE - Portal Gliwice | codziennie nowe wiadomo\u015bci","description":"Portal Miejski Gliwice","publisher":{"@id":"https:\/\/www.24gliwice.pl\/wiadomosci\/#organization"},"potentialAction":[{"@type":"SearchAction","target":{"@type":"EntryPoint","urlTemplate":"https:\/\/www.24gliwice.pl\/wiadomosci\/?s={search_term_string}"},"query-input":{"@type":"PropertyValueSpecification","valueRequired":true,"valueName":"search_term_string"}}],"inLanguage":"pl-PL"},{"@type":"Organization","@id":"https:\/\/www.24gliwice.pl\/wiadomosci\/#organization","name":"24gliwice","url":"https:\/\/www.24gliwice.pl\/wiadomosci\/","logo":{"@type":"ImageObject","inLanguage":"pl-PL","@id":"https:\/\/www.24gliwice.pl\/wiadomosci\/#\/schema\/logo\/image\/","url":"https:\/\/www.24gliwice.pl\/wiadomosci\/wp-content\/uploads\/2024\/10\/24gliwice-logo-696.jpg","contentUrl":"https:\/\/www.24gliwice.pl\/wiadomosci\/wp-content\/uploads\/2024\/10\/24gliwice-logo-696.jpg","width":696,"height":696,"caption":"24gliwice"},"image":{"@id":"https:\/\/www.24gliwice.pl\/wiadomosci\/#\/schema\/logo\/image\/"},"sameAs":["https:\/\/www.facebook.com\/24gliwice","https:\/\/x.com\/24gliwice","https:\/\/www.youtube.com\/@24gliwice"]},{"@type":"Person","@id":"https:\/\/www.24gliwice.pl\/wiadomosci\/#\/schema\/person\/cb5857e4a4d048c15984c1edcc8ef0c0","name":"Marcin Fabrykowski","image":{"@type":"ImageObject","inLanguage":"pl-PL","@id":"https:\/\/www.24gliwice.pl\/wiadomosci\/wp-content\/uploads\/2025\/11\/zdjecie-moje-marcin-300-96x96.jpg","url":"https:\/\/www.24gliwice.pl\/wiadomosci\/wp-content\/uploads\/2025\/11\/zdjecie-moje-marcin-300-96x96.jpg","contentUrl":"https:\/\/www.24gliwice.pl\/wiadomosci\/wp-content\/uploads\/2025\/11\/zdjecie-moje-marcin-300-96x96.jpg","caption":"Marcin Fabrykowski"},"sameAs":["http:\/\/24gliwice.pl","https:\/\/www.facebook.com\/marcin.fabrykowski"],"url":"https:\/\/www.24gliwice.pl\/wiadomosci\/author\/marcin-fabrykowski\/"}]}},"_links":{"self":[{"href":"https:\/\/www.24gliwice.pl\/wiadomosci\/wp-json\/wp\/v2\/posts\/264719","targetHints":{"allow":["GET"]}}],"collection":[{"href":"https:\/\/www.24gliwice.pl\/wiadomosci\/wp-json\/wp\/v2\/posts"}],"about":[{"href":"https:\/\/www.24gliwice.pl\/wiadomosci\/wp-json\/wp\/v2\/types\/post"}],"author":[{"embeddable":true,"href":"https:\/\/www.24gliwice.pl\/wiadomosci\/wp-json\/wp\/v2\/users\/4"}],"replies":[{"embeddable":true,"href":"https:\/\/www.24gliwice.pl\/wiadomosci\/wp-json\/wp\/v2\/comments?post=264719"}],"version-history":[{"count":0,"href":"https:\/\/www.24gliwice.pl\/wiadomosci\/wp-json\/wp\/v2\/posts\/264719\/revisions"}],"wp:featuredmedia":[{"embeddable":true,"href":"https:\/\/www.24gliwice.pl\/wiadomosci\/wp-json\/wp\/v2\/media\/264720"}],"wp:attachment":[{"href":"https:\/\/www.24gliwice.pl\/wiadomosci\/wp-json\/wp\/v2\/media?parent=264719"}],"wp:term":[{"taxonomy":"category","embeddable":true,"href":"https:\/\/www.24gliwice.pl\/wiadomosci\/wp-json\/wp\/v2\/categories?post=264719"},{"taxonomy":"post_tag","embeddable":true,"href":"https:\/\/www.24gliwice.pl\/wiadomosci\/wp-json\/wp\/v2\/tags?post=264719"}],"curies":[{"name":"wp","href":"https:\/\/api.w.org\/{rel}","templated":true}]}}