{"id":265073,"date":"2026-01-09T11:23:57","date_gmt":"2026-01-09T10:23:57","guid":{"rendered":"https:\/\/www.24gliwice.pl\/wiadomosci\/?p=265073"},"modified":"2026-01-09T11:23:57","modified_gmt":"2026-01-09T10:23:57","slug":"poranny-wypadek-z-udzialem-pieszych-w-rejonie-zajezdni-w-gliwicach-dwie-osoby-trafily-do-szpitala","status":"publish","type":"post","link":"https:\/\/www.24gliwice.pl\/wiadomosci\/poranny-wypadek-z-udzialem-pieszych-w-rejonie-zajezdni-w-gliwicach-dwie-osoby-trafily-do-szpitala\/","title":{"rendered":"Poranny wypadek z udzia\u0142em pieszych w rejonie zajezdni w Gliwicach. Dwie osoby trafi\u0142y do szpitala"},"content":{"rendered":"<div class=\"gliwi-a6-nad-leadem-artykulow gliwi-entity-placement\" id=\"gliwi-4199578457\"><div class=\"gliwi-adlabel\"><span style=\"font-size: 9px\">REKLAMA<\/span><\/div><div id=\"gliwi-2045568005\" style=\"margin-bottom: 30px;margin-left: auto;margin-right: auto;text-align: center;\"><a data-no-instant=\"1\" href=\"https:\/\/przedszkole.halogen.org.pl\/\" rel=\"noopener\" class=\"a2t-link\" target=\"_blank\" aria-label=\"20260402-ANIMATOR-przedszkole_grafika_750x200\"><img loading=\"lazy\" decoding=\"async\" src=\"https:\/\/www.24gliwice.pl\/wiadomosci\/wp-content\/uploads\/2026\/04\/20260402-ANIMATOR-przedszkole_grafika_750x200.webp\" alt=\"\"  srcset=\"https:\/\/www.24gliwice.pl\/wiadomosci\/wp-content\/uploads\/2026\/04\/20260402-ANIMATOR-przedszkole_grafika_750x200.webp 750w, https:\/\/www.24gliwice.pl\/wiadomosci\/wp-content\/uploads\/2026\/04\/20260402-ANIMATOR-przedszkole_grafika_750x200-410x109.webp 410w\" sizes=\"(max-width: 750px) 100vw, 750px\" class=\"no-lazyload\" width=\"750\" height=\"200\"  style=\"display: inline-block; max-width: 100%; height: auto;\" \/><\/a><\/div><\/div><h2>Dwie piesze w wieku 41 i 63 lat zosta\u0142y potr\u0105cone na przej\u015bciu dla pieszych przez ulic\u0119 Chorzowsk\u0105, w rejonie zajezdni. Kobiety z obra\u017ceniami trafi\u0142y do szpitala.<\/h2>\n<p><!--more--><\/p>\n<p>Do wypadku dosz\u0142o w pi\u0105tek, 9 stycznia, oko\u0142o godziny 6:00 rano. Zdarzenie mia\u0142o miejsce na pasie ruchu w kierunku Zabrza &#8211; pojazd porusza\u0142 si\u0119 od centrum Gliwic.<\/p>\n<p><a href=\"https:\/\/www.24gliwice.pl\/wiadomosci\/wp-content\/uploads\/2026\/01\/potracenie-chorzowska2.jpg\"><img loading=\"lazy\" decoding=\"async\" src=\"https:\/\/www.24gliwice.pl\/wiadomosci\/wp-content\/uploads\/2026\/01\/potracenie-chorzowska2.jpg\" alt=\"\" width=\"810\" height=\"608\" class=\"alignnone size-full wp-image-265075\" srcset=\"https:\/\/www.24gliwice.pl\/wiadomosci\/wp-content\/uploads\/2026\/01\/potracenie-chorzowska2.jpg 810w, https:\/\/www.24gliwice.pl\/wiadomosci\/wp-content\/uploads\/2026\/01\/potracenie-chorzowska2-309x232.jpg 309w, https:\/\/www.24gliwice.pl\/wiadomosci\/wp-content\/uploads\/2026\/01\/potracenie-chorzowska2-606x455.jpg 606w, https:\/\/www.24gliwice.pl\/wiadomosci\/wp-content\/uploads\/2026\/01\/potracenie-chorzowska2-768x576.jpg 768w\" sizes=\"auto, (max-width: 810px) 100vw, 810px\" \/><\/a><\/p>\n<p>&#8211; <em>Ze wst\u0119pnych ustale\u0144 policjant\u00f3w wynika, \u017ce kieruj\u0105ca pojazdem, 57-letnia kobieta, uczestniczy\u0142a w zdarzeniu drogowym wraz z dwiema pieszymi. Na miejscu pracowali policjanci ruchu drogowego, kt\u00f3rzy wykonali czynno\u015bci procesowe oraz zabezpieczyli \u015blady. Okoliczno\u015bci i przyczyny zdarzenia s\u0105 przedmiotem dalszego post\u0119powania<\/em> &#8211; informuje nadkomisarz <strong>Marzena Szwed<\/strong>, oficer prasowa KMP Gliwice.<\/p><div class=\"gliwi-a3-w-tresci-artykulow gliwi-entity-placement\" id=\"gliwi-1498487151\"><div class=\"gliwi-adlabel\"><span style=\"font-size: 9px\">REKLAMA<\/span><\/div><div id=\"gliwi-1213968333\" style=\"margin-bottom: 30px;margin-left: auto;margin-right: auto;text-align: center;\"><a data-no-instant=\"1\" href=\"https:\/\/zlobek.halogen.org.pl\/\" rel=\"noopener\" class=\"a2t-link\" target=\"_blank\" aria-label=\"animator-zlobek_750x200\"><img loading=\"lazy\" decoding=\"async\" src=\"https:\/\/www.24gliwice.pl\/wiadomosci\/wp-content\/uploads\/2026\/02\/animator-zlobek_750x200.webp\" alt=\"\"  srcset=\"https:\/\/www.24gliwice.pl\/wiadomosci\/wp-content\/uploads\/2026\/02\/animator-zlobek_750x200.webp 750w, https:\/\/www.24gliwice.pl\/wiadomosci\/wp-content\/uploads\/2026\/02\/animator-zlobek_750x200-410x109.webp 410w\" sizes=\"(max-width: 750px) 100vw, 750px\" class=\"no-lazyload\" width=\"750\" height=\"200\"  style=\"display: inline-block; max-width: 100%; height: auto;\" \/><\/a><\/div><\/div>\n<p><a href=\"https:\/\/www.24gliwice.pl\/wiadomosci\/wp-content\/uploads\/2026\/01\/potracenie-chorzowska3.jpg\"><img loading=\"lazy\" decoding=\"async\" src=\"https:\/\/www.24gliwice.pl\/wiadomosci\/wp-content\/uploads\/2026\/01\/potracenie-chorzowska3.jpg\" alt=\"\" width=\"810\" height=\"608\" class=\"alignnone size-full wp-image-265076\" srcset=\"https:\/\/www.24gliwice.pl\/wiadomosci\/wp-content\/uploads\/2026\/01\/potracenie-chorzowska3.jpg 810w, https:\/\/www.24gliwice.pl\/wiadomosci\/wp-content\/uploads\/2026\/01\/potracenie-chorzowska3-309x232.jpg 309w, https:\/\/www.24gliwice.pl\/wiadomosci\/wp-content\/uploads\/2026\/01\/potracenie-chorzowska3-606x455.jpg 606w, https:\/\/www.24gliwice.pl\/wiadomosci\/wp-content\/uploads\/2026\/01\/potracenie-chorzowska3-768x576.jpg 768w\" sizes=\"auto, (max-width: 810px) 100vw, 810px\" \/><\/a><\/p>\n<p>Policja przypomina, \u017ce panuj\u0105ce obecnie warunki atmosferyczne \u2013 niskie temperatury, opady \u015bniegu oraz \u015bliska nawierzchnia \u2013 w znacznym stopniu wp\u0142ywaj\u0105 na bezpiecze\u0144stwo w ruchu drogowym. Droga hamowania pojazdu w takich warunkach jest wyd\u0142u\u017cona, a reakcja kieruj\u0105cego mo\u017ce okaza\u0107 si\u0119 niewystarczaj\u0105ca, nawet przy niewielkiej pr\u0119dko\u015bci.<\/p>\n<p>(\u017cms)\/KMP Gliwice<\/p>\n<div class=\"gliwi-a5-na-koncu-artykulow gliwi-entity-placement\" id=\"gliwi-2277079803\"><div class=\"gliwi-adlabel\"><span style=\"font-size: 9px\">REKLAMA<\/span><\/div><div id=\"gliwi-3613382994\" style=\"margin-left: auto;margin-right: auto;text-align: center;\"><a data-no-instant=\"1\" href=\"https:\/\/www.jasek.pl\/\" rel=\"noopener\" class=\"a2t-link\" target=\"_blank\" aria-label=\"20200401-jasek 600\"><img loading=\"lazy\" decoding=\"async\" src=\"https:\/\/www.24gliwice.pl\/wiadomosci\/wp-content\/uploads\/2020\/04\/20200401-jasek-600.jpg\" alt=\"\"  srcset=\"https:\/\/www.24gliwice.pl\/wiadomosci\/wp-content\/uploads\/2020\/04\/20200401-jasek-600.jpg 600w, https:\/\/www.24gliwice.pl\/wiadomosci\/wp-content\/uploads\/2020\/04\/20200401-jasek-600-410x109.jpg 410w\" sizes=\"(max-width: 600px) 100vw, 600px\" class=\"no-lazyload\" width=\"600\" height=\"160\"  style=\"display: inline-block; max-width: 100%; height: auto;\" \/><\/a><\/div><\/div>","protected":false},"excerpt":{"rendered":"<p>Dwie piesze w wieku 41 i 63 lat zosta\u0142y potr\u0105cone na przej\u015bciu dla pieszych przez ulic\u0119 Chorzowsk\u0105, w rejonie zajezdni. Kobiety z obra\u017ceniami trafi\u0142y do szpitala.<\/p>\n","protected":false},"author":15,"featured_media":265074,"comment_status":"open","ping_status":"closed","sticky":false,"template":"","format":"standard","meta":{"_monsterinsights_skip_tracking":false,"_monsterinsights_sitenote_active":false,"_monsterinsights_sitenote_note":"","_monsterinsights_sitenote_category":0,"footnotes":"","_links_to":"","_links_to_target":""},"categories":[3,1,5],"tags":[22688,7098,54],"class_list":["post-265073","post","type-post","status-publish","format-standard","has-post-thumbnail","hentry","category-gliwice","category-wszystko","category-kryminalki","tag-nojasek","tag-potracenie","tag-wypadek"],"yoast_head":"<!-- This site is optimized with the Yoast SEO plugin v27.5 - https:\/\/yoast.com\/product\/yoast-seo-wordpress\/ -->\n<title>Poranny wypadek z udzia\u0142em pieszych w rejonie zajezdni w Gliwicach. Dwie osoby trafi\u0142y do szpitala - 24GLIWICE - Portal Gliwice | codziennie nowe informacje<\/title>\n<meta name=\"description\" content=\"Na przej\u015bciu dla pieszych przez ulic\u0119 Chorzowsk\u0105 samoch\u00f3d kierowany przez kobiet\u0119 potr\u0105ci\u0142 dwie piesze. Poszkodowane zabrano do szpitala\" \/>\n<meta name=\"robots\" content=\"index, follow, max-snippet:-1, max-image-preview:large, max-video-preview:-1\" \/>\n<link rel=\"canonical\" href=\"https:\/\/www.24gliwice.pl\/wiadomosci\/poranny-wypadek-z-udzialem-pieszych-w-rejonie-zajezdni-w-gliwicach-dwie-osoby-trafily-do-szpitala\/\" \/>\n<meta property=\"og:locale\" content=\"pl_PL\" \/>\n<meta property=\"og:type\" content=\"article\" \/>\n<meta property=\"og:title\" content=\"Poranny wypadek z udzia\u0142em pieszych w rejonie zajezdni w Gliwicach. Dwie osoby trafi\u0142y do szpitala - 24GLIWICE - Portal Gliwice | codziennie nowe informacje\" \/>\n<meta property=\"og:description\" content=\"Na przej\u015bciu dla pieszych przez ulic\u0119 Chorzowsk\u0105 samoch\u00f3d kierowany przez kobiet\u0119 potr\u0105ci\u0142 dwie piesze. Poszkodowane zabrano do szpitala\" \/>\n<meta property=\"og:url\" content=\"https:\/\/www.24gliwice.pl\/wiadomosci\/poranny-wypadek-z-udzialem-pieszych-w-rejonie-zajezdni-w-gliwicach-dwie-osoby-trafily-do-szpitala\/\" \/>\n<meta property=\"og:site_name\" content=\"24GLIWICE - Portal Gliwice | codziennie nowe informacje\" \/>\n<meta property=\"article:publisher\" content=\"https:\/\/www.facebook.com\/24gliwice\" \/>\n<meta property=\"article:published_time\" content=\"2026-01-09T10:23:57+00:00\" \/>\n<meta property=\"og:image\" content=\"https:\/\/www.24gliwice.pl\/wiadomosci\/wp-content\/uploads\/2026\/01\/potracenie-chorzowska.jpg\" \/>\n\t<meta property=\"og:image:width\" content=\"810\" \/>\n\t<meta property=\"og:image:height\" content=\"456\" \/>\n\t<meta property=\"og:image:type\" content=\"image\/jpeg\" \/>\n<meta name=\"author\" content=\"\u017baneta Mrozek-Siewierska\" \/>\n<meta name=\"twitter:card\" content=\"summary_large_image\" \/>\n<meta name=\"twitter:creator\" content=\"@24gliwice\" \/>\n<meta name=\"twitter:site\" content=\"@24gliwice\" \/>\n<meta name=\"twitter:label1\" content=\"Napisane przez\" \/>\n\t<meta name=\"twitter:data1\" content=\"\u017baneta Mrozek-Siewierska\" \/>\n\t<meta name=\"twitter:label2\" content=\"Szacowany czas czytania\" \/>\n\t<meta name=\"twitter:data2\" content=\"1 minuta\" \/>\n<script type=\"application\/ld+json\" class=\"yoast-schema-graph\">{\"@context\":\"https:\\\/\\\/schema.org\",\"@graph\":[{\"@type\":\"Article\",\"@id\":\"https:\\\/\\\/www.24gliwice.pl\\\/wiadomosci\\\/poranny-wypadek-z-udzialem-pieszych-w-rejonie-zajezdni-w-gliwicach-dwie-osoby-trafily-do-szpitala\\\/#article\",\"isPartOf\":{\"@id\":\"https:\\\/\\\/www.24gliwice.pl\\\/wiadomosci\\\/poranny-wypadek-z-udzialem-pieszych-w-rejonie-zajezdni-w-gliwicach-dwie-osoby-trafily-do-szpitala\\\/\"},\"author\":{\"name\":\"\u017baneta Mrozek-Siewierska\",\"@id\":\"https:\\\/\\\/www.24gliwice.pl\\\/wiadomosci\\\/#\\\/schema\\\/person\\\/e42c650edd7f2fa332be3811fb166b6e\"},\"headline\":\"Poranny wypadek z udzia\u0142em pieszych w rejonie zajezdni w Gliwicach. Dwie osoby trafi\u0142y do szpitala\",\"datePublished\":\"2026-01-09T10:23:57+00:00\",\"mainEntityOfPage\":{\"@id\":\"https:\\\/\\\/www.24gliwice.pl\\\/wiadomosci\\\/poranny-wypadek-z-udzialem-pieszych-w-rejonie-zajezdni-w-gliwicach-dwie-osoby-trafily-do-szpitala\\\/\"},\"wordCount\":187,\"commentCount\":34,\"publisher\":{\"@id\":\"https:\\\/\\\/www.24gliwice.pl\\\/wiadomosci\\\/#organization\"},\"image\":{\"@id\":\"https:\\\/\\\/www.24gliwice.pl\\\/wiadomosci\\\/poranny-wypadek-z-udzialem-pieszych-w-rejonie-zajezdni-w-gliwicach-dwie-osoby-trafily-do-szpitala\\\/#primaryimage\"},\"thumbnailUrl\":\"https:\\\/\\\/www.24gliwice.pl\\\/wiadomosci\\\/wp-content\\\/uploads\\\/2026\\\/01\\\/potracenie-chorzowska.jpg\",\"keywords\":[\"NOJASEK\",\"POTR\u0104CONIE\",\"WYPADEK\"],\"articleSection\":[\"Gliwice\",\"Najnowsze wiadomo\u015bci\",\"Prawo\"],\"inLanguage\":\"pl-PL\",\"potentialAction\":[{\"@type\":\"CommentAction\",\"name\":\"Comment\",\"target\":[\"https:\\\/\\\/www.24gliwice.pl\\\/wiadomosci\\\/poranny-wypadek-z-udzialem-pieszych-w-rejonie-zajezdni-w-gliwicach-dwie-osoby-trafily-do-szpitala\\\/#respond\"]}]},{\"@type\":\"WebPage\",\"@id\":\"https:\\\/\\\/www.24gliwice.pl\\\/wiadomosci\\\/poranny-wypadek-z-udzialem-pieszych-w-rejonie-zajezdni-w-gliwicach-dwie-osoby-trafily-do-szpitala\\\/\",\"url\":\"https:\\\/\\\/www.24gliwice.pl\\\/wiadomosci\\\/poranny-wypadek-z-udzialem-pieszych-w-rejonie-zajezdni-w-gliwicach-dwie-osoby-trafily-do-szpitala\\\/\",\"name\":\"Poranny wypadek z udzia\u0142em pieszych w rejonie zajezdni w Gliwicach. Dwie osoby trafi\u0142y do szpitala - 24GLIWICE - Portal Gliwice | codziennie nowe informacje\",\"isPartOf\":{\"@id\":\"https:\\\/\\\/www.24gliwice.pl\\\/wiadomosci\\\/#website\"},\"primaryImageOfPage\":{\"@id\":\"https:\\\/\\\/www.24gliwice.pl\\\/wiadomosci\\\/poranny-wypadek-z-udzialem-pieszych-w-rejonie-zajezdni-w-gliwicach-dwie-osoby-trafily-do-szpitala\\\/#primaryimage\"},\"image\":{\"@id\":\"https:\\\/\\\/www.24gliwice.pl\\\/wiadomosci\\\/poranny-wypadek-z-udzialem-pieszych-w-rejonie-zajezdni-w-gliwicach-dwie-osoby-trafily-do-szpitala\\\/#primaryimage\"},\"thumbnailUrl\":\"https:\\\/\\\/www.24gliwice.pl\\\/wiadomosci\\\/wp-content\\\/uploads\\\/2026\\\/01\\\/potracenie-chorzowska.jpg\",\"datePublished\":\"2026-01-09T10:23:57+00:00\",\"description\":\"Na przej\u015bciu dla pieszych przez ulic\u0119 Chorzowsk\u0105 samoch\u00f3d kierowany przez kobiet\u0119 potr\u0105ci\u0142 dwie piesze. Poszkodowane zabrano do szpitala\",\"breadcrumb\":{\"@id\":\"https:\\\/\\\/www.24gliwice.pl\\\/wiadomosci\\\/poranny-wypadek-z-udzialem-pieszych-w-rejonie-zajezdni-w-gliwicach-dwie-osoby-trafily-do-szpitala\\\/#breadcrumb\"},\"inLanguage\":\"pl-PL\",\"potentialAction\":[{\"@type\":\"ReadAction\",\"target\":[\"https:\\\/\\\/www.24gliwice.pl\\\/wiadomosci\\\/poranny-wypadek-z-udzialem-pieszych-w-rejonie-zajezdni-w-gliwicach-dwie-osoby-trafily-do-szpitala\\\/\"]}]},{\"@type\":\"ImageObject\",\"inLanguage\":\"pl-PL\",\"@id\":\"https:\\\/\\\/www.24gliwice.pl\\\/wiadomosci\\\/poranny-wypadek-z-udzialem-pieszych-w-rejonie-zajezdni-w-gliwicach-dwie-osoby-trafily-do-szpitala\\\/#primaryimage\",\"url\":\"https:\\\/\\\/www.24gliwice.pl\\\/wiadomosci\\\/wp-content\\\/uploads\\\/2026\\\/01\\\/potracenie-chorzowska.jpg\",\"contentUrl\":\"https:\\\/\\\/www.24gliwice.pl\\\/wiadomosci\\\/wp-content\\\/uploads\\\/2026\\\/01\\\/potracenie-chorzowska.jpg\",\"width\":810,\"height\":456},{\"@type\":\"BreadcrumbList\",\"@id\":\"https:\\\/\\\/www.24gliwice.pl\\\/wiadomosci\\\/poranny-wypadek-z-udzialem-pieszych-w-rejonie-zajezdni-w-gliwicach-dwie-osoby-trafily-do-szpitala\\\/#breadcrumb\",\"itemListElement\":[{\"@type\":\"ListItem\",\"position\":1,\"name\":\"Strona g\u0142\u00f3wna\",\"item\":\"https:\\\/\\\/www.24gliwice.pl\\\/wiadomosci\\\/\"},{\"@type\":\"ListItem\",\"position\":2,\"name\":\"Poranny wypadek z udzia\u0142em pieszych w rejonie zajezdni w Gliwicach. Dwie osoby trafi\u0142y do szpitala\"}]},{\"@type\":\"WebSite\",\"@id\":\"https:\\\/\\\/www.24gliwice.pl\\\/wiadomosci\\\/#website\",\"url\":\"https:\\\/\\\/www.24gliwice.pl\\\/wiadomosci\\\/\",\"name\":\"24GLIWICE - Portal Gliwice | codziennie nowe wiadomo\u015bci\",\"description\":\"Portal Miejski Gliwice\",\"publisher\":{\"@id\":\"https:\\\/\\\/www.24gliwice.pl\\\/wiadomosci\\\/#organization\"},\"potentialAction\":[{\"@type\":\"SearchAction\",\"target\":{\"@type\":\"EntryPoint\",\"urlTemplate\":\"https:\\\/\\\/www.24gliwice.pl\\\/wiadomosci\\\/?s={search_term_string}\"},\"query-input\":{\"@type\":\"PropertyValueSpecification\",\"valueRequired\":true,\"valueName\":\"search_term_string\"}}],\"inLanguage\":\"pl-PL\"},{\"@type\":\"Organization\",\"@id\":\"https:\\\/\\\/www.24gliwice.pl\\\/wiadomosci\\\/#organization\",\"name\":\"24gliwice\",\"url\":\"https:\\\/\\\/www.24gliwice.pl\\\/wiadomosci\\\/\",\"logo\":{\"@type\":\"ImageObject\",\"inLanguage\":\"pl-PL\",\"@id\":\"https:\\\/\\\/www.24gliwice.pl\\\/wiadomosci\\\/#\\\/schema\\\/logo\\\/image\\\/\",\"url\":\"https:\\\/\\\/www.24gliwice.pl\\\/wiadomosci\\\/wp-content\\\/uploads\\\/2024\\\/10\\\/24gliwice-logo-696.jpg\",\"contentUrl\":\"https:\\\/\\\/www.24gliwice.pl\\\/wiadomosci\\\/wp-content\\\/uploads\\\/2024\\\/10\\\/24gliwice-logo-696.jpg\",\"width\":696,\"height\":696,\"caption\":\"24gliwice\"},\"image\":{\"@id\":\"https:\\\/\\\/www.24gliwice.pl\\\/wiadomosci\\\/#\\\/schema\\\/logo\\\/image\\\/\"},\"sameAs\":[\"https:\\\/\\\/www.facebook.com\\\/24gliwice\",\"https:\\\/\\\/x.com\\\/24gliwice\",\"https:\\\/\\\/www.youtube.com\\\/@24gliwice\"]},{\"@type\":\"Person\",\"@id\":\"https:\\\/\\\/www.24gliwice.pl\\\/wiadomosci\\\/#\\\/schema\\\/person\\\/e42c650edd7f2fa332be3811fb166b6e\",\"name\":\"\u017baneta Mrozek-Siewierska\",\"image\":{\"@type\":\"ImageObject\",\"inLanguage\":\"pl-PL\",\"@id\":\"https:\\\/\\\/secure.gravatar.com\\\/avatar\\\/1881429e9c64597c77ad7aef2d0a19be69a3253e57534d16aa15bf3a4d34a0a3?s=96&d=mm&r=g\",\"url\":\"https:\\\/\\\/secure.gravatar.com\\\/avatar\\\/1881429e9c64597c77ad7aef2d0a19be69a3253e57534d16aa15bf3a4d34a0a3?s=96&d=mm&r=g\",\"contentUrl\":\"https:\\\/\\\/secure.gravatar.com\\\/avatar\\\/1881429e9c64597c77ad7aef2d0a19be69a3253e57534d16aa15bf3a4d34a0a3?s=96&d=mm&r=g\",\"caption\":\"\u017baneta Mrozek-Siewierska\"},\"url\":\"https:\\\/\\\/www.24gliwice.pl\\\/wiadomosci\\\/author\\\/zms\\\/\"}]}<\/script>\n<!-- \/ Yoast SEO plugin. -->","yoast_head_json":{"title":"Poranny wypadek z udzia\u0142em pieszych w rejonie zajezdni w Gliwicach. Dwie osoby trafi\u0142y do szpitala - 24GLIWICE - Portal Gliwice | codziennie nowe informacje","description":"Na przej\u015bciu dla pieszych przez ulic\u0119 Chorzowsk\u0105 samoch\u00f3d kierowany przez kobiet\u0119 potr\u0105ci\u0142 dwie piesze. Poszkodowane zabrano do szpitala","robots":{"index":"index","follow":"follow","max-snippet":"max-snippet:-1","max-image-preview":"max-image-preview:large","max-video-preview":"max-video-preview:-1"},"canonical":"https:\/\/www.24gliwice.pl\/wiadomosci\/poranny-wypadek-z-udzialem-pieszych-w-rejonie-zajezdni-w-gliwicach-dwie-osoby-trafily-do-szpitala\/","og_locale":"pl_PL","og_type":"article","og_title":"Poranny wypadek z udzia\u0142em pieszych w rejonie zajezdni w Gliwicach. Dwie osoby trafi\u0142y do szpitala - 24GLIWICE - Portal Gliwice | codziennie nowe informacje","og_description":"Na przej\u015bciu dla pieszych przez ulic\u0119 Chorzowsk\u0105 samoch\u00f3d kierowany przez kobiet\u0119 potr\u0105ci\u0142 dwie piesze. Poszkodowane zabrano do szpitala","og_url":"https:\/\/www.24gliwice.pl\/wiadomosci\/poranny-wypadek-z-udzialem-pieszych-w-rejonie-zajezdni-w-gliwicach-dwie-osoby-trafily-do-szpitala\/","og_site_name":"24GLIWICE - Portal Gliwice | codziennie nowe informacje","article_publisher":"https:\/\/www.facebook.com\/24gliwice","article_published_time":"2026-01-09T10:23:57+00:00","og_image":[{"width":810,"height":456,"url":"https:\/\/www.24gliwice.pl\/wiadomosci\/wp-content\/uploads\/2026\/01\/potracenie-chorzowska.jpg","type":"image\/jpeg"}],"author":"\u017baneta Mrozek-Siewierska","twitter_card":"summary_large_image","twitter_creator":"@24gliwice","twitter_site":"@24gliwice","twitter_misc":{"Napisane przez":"\u017baneta Mrozek-Siewierska","Szacowany czas czytania":"1 minuta"},"schema":{"@context":"https:\/\/schema.org","@graph":[{"@type":"Article","@id":"https:\/\/www.24gliwice.pl\/wiadomosci\/poranny-wypadek-z-udzialem-pieszych-w-rejonie-zajezdni-w-gliwicach-dwie-osoby-trafily-do-szpitala\/#article","isPartOf":{"@id":"https:\/\/www.24gliwice.pl\/wiadomosci\/poranny-wypadek-z-udzialem-pieszych-w-rejonie-zajezdni-w-gliwicach-dwie-osoby-trafily-do-szpitala\/"},"author":{"name":"\u017baneta Mrozek-Siewierska","@id":"https:\/\/www.24gliwice.pl\/wiadomosci\/#\/schema\/person\/e42c650edd7f2fa332be3811fb166b6e"},"headline":"Poranny wypadek z udzia\u0142em pieszych w rejonie zajezdni w Gliwicach. Dwie osoby trafi\u0142y do szpitala","datePublished":"2026-01-09T10:23:57+00:00","mainEntityOfPage":{"@id":"https:\/\/www.24gliwice.pl\/wiadomosci\/poranny-wypadek-z-udzialem-pieszych-w-rejonie-zajezdni-w-gliwicach-dwie-osoby-trafily-do-szpitala\/"},"wordCount":187,"commentCount":34,"publisher":{"@id":"https:\/\/www.24gliwice.pl\/wiadomosci\/#organization"},"image":{"@id":"https:\/\/www.24gliwice.pl\/wiadomosci\/poranny-wypadek-z-udzialem-pieszych-w-rejonie-zajezdni-w-gliwicach-dwie-osoby-trafily-do-szpitala\/#primaryimage"},"thumbnailUrl":"https:\/\/www.24gliwice.pl\/wiadomosci\/wp-content\/uploads\/2026\/01\/potracenie-chorzowska.jpg","keywords":["NOJASEK","POTR\u0104CONIE","WYPADEK"],"articleSection":["Gliwice","Najnowsze wiadomo\u015bci","Prawo"],"inLanguage":"pl-PL","potentialAction":[{"@type":"CommentAction","name":"Comment","target":["https:\/\/www.24gliwice.pl\/wiadomosci\/poranny-wypadek-z-udzialem-pieszych-w-rejonie-zajezdni-w-gliwicach-dwie-osoby-trafily-do-szpitala\/#respond"]}]},{"@type":"WebPage","@id":"https:\/\/www.24gliwice.pl\/wiadomosci\/poranny-wypadek-z-udzialem-pieszych-w-rejonie-zajezdni-w-gliwicach-dwie-osoby-trafily-do-szpitala\/","url":"https:\/\/www.24gliwice.pl\/wiadomosci\/poranny-wypadek-z-udzialem-pieszych-w-rejonie-zajezdni-w-gliwicach-dwie-osoby-trafily-do-szpitala\/","name":"Poranny wypadek z udzia\u0142em pieszych w rejonie zajezdni w Gliwicach. Dwie osoby trafi\u0142y do szpitala - 24GLIWICE - Portal Gliwice | codziennie nowe informacje","isPartOf":{"@id":"https:\/\/www.24gliwice.pl\/wiadomosci\/#website"},"primaryImageOfPage":{"@id":"https:\/\/www.24gliwice.pl\/wiadomosci\/poranny-wypadek-z-udzialem-pieszych-w-rejonie-zajezdni-w-gliwicach-dwie-osoby-trafily-do-szpitala\/#primaryimage"},"image":{"@id":"https:\/\/www.24gliwice.pl\/wiadomosci\/poranny-wypadek-z-udzialem-pieszych-w-rejonie-zajezdni-w-gliwicach-dwie-osoby-trafily-do-szpitala\/#primaryimage"},"thumbnailUrl":"https:\/\/www.24gliwice.pl\/wiadomosci\/wp-content\/uploads\/2026\/01\/potracenie-chorzowska.jpg","datePublished":"2026-01-09T10:23:57+00:00","description":"Na przej\u015bciu dla pieszych przez ulic\u0119 Chorzowsk\u0105 samoch\u00f3d kierowany przez kobiet\u0119 potr\u0105ci\u0142 dwie piesze. Poszkodowane zabrano do szpitala","breadcrumb":{"@id":"https:\/\/www.24gliwice.pl\/wiadomosci\/poranny-wypadek-z-udzialem-pieszych-w-rejonie-zajezdni-w-gliwicach-dwie-osoby-trafily-do-szpitala\/#breadcrumb"},"inLanguage":"pl-PL","potentialAction":[{"@type":"ReadAction","target":["https:\/\/www.24gliwice.pl\/wiadomosci\/poranny-wypadek-z-udzialem-pieszych-w-rejonie-zajezdni-w-gliwicach-dwie-osoby-trafily-do-szpitala\/"]}]},{"@type":"ImageObject","inLanguage":"pl-PL","@id":"https:\/\/www.24gliwice.pl\/wiadomosci\/poranny-wypadek-z-udzialem-pieszych-w-rejonie-zajezdni-w-gliwicach-dwie-osoby-trafily-do-szpitala\/#primaryimage","url":"https:\/\/www.24gliwice.pl\/wiadomosci\/wp-content\/uploads\/2026\/01\/potracenie-chorzowska.jpg","contentUrl":"https:\/\/www.24gliwice.pl\/wiadomosci\/wp-content\/uploads\/2026\/01\/potracenie-chorzowska.jpg","width":810,"height":456},{"@type":"BreadcrumbList","@id":"https:\/\/www.24gliwice.pl\/wiadomosci\/poranny-wypadek-z-udzialem-pieszych-w-rejonie-zajezdni-w-gliwicach-dwie-osoby-trafily-do-szpitala\/#breadcrumb","itemListElement":[{"@type":"ListItem","position":1,"name":"Strona g\u0142\u00f3wna","item":"https:\/\/www.24gliwice.pl\/wiadomosci\/"},{"@type":"ListItem","position":2,"name":"Poranny wypadek z udzia\u0142em pieszych w rejonie zajezdni w Gliwicach. Dwie osoby trafi\u0142y do szpitala"}]},{"@type":"WebSite","@id":"https:\/\/www.24gliwice.pl\/wiadomosci\/#website","url":"https:\/\/www.24gliwice.pl\/wiadomosci\/","name":"24GLIWICE - Portal Gliwice | codziennie nowe wiadomo\u015bci","description":"Portal Miejski Gliwice","publisher":{"@id":"https:\/\/www.24gliwice.pl\/wiadomosci\/#organization"},"potentialAction":[{"@type":"SearchAction","target":{"@type":"EntryPoint","urlTemplate":"https:\/\/www.24gliwice.pl\/wiadomosci\/?s={search_term_string}"},"query-input":{"@type":"PropertyValueSpecification","valueRequired":true,"valueName":"search_term_string"}}],"inLanguage":"pl-PL"},{"@type":"Organization","@id":"https:\/\/www.24gliwice.pl\/wiadomosci\/#organization","name":"24gliwice","url":"https:\/\/www.24gliwice.pl\/wiadomosci\/","logo":{"@type":"ImageObject","inLanguage":"pl-PL","@id":"https:\/\/www.24gliwice.pl\/wiadomosci\/#\/schema\/logo\/image\/","url":"https:\/\/www.24gliwice.pl\/wiadomosci\/wp-content\/uploads\/2024\/10\/24gliwice-logo-696.jpg","contentUrl":"https:\/\/www.24gliwice.pl\/wiadomosci\/wp-content\/uploads\/2024\/10\/24gliwice-logo-696.jpg","width":696,"height":696,"caption":"24gliwice"},"image":{"@id":"https:\/\/www.24gliwice.pl\/wiadomosci\/#\/schema\/logo\/image\/"},"sameAs":["https:\/\/www.facebook.com\/24gliwice","https:\/\/x.com\/24gliwice","https:\/\/www.youtube.com\/@24gliwice"]},{"@type":"Person","@id":"https:\/\/www.24gliwice.pl\/wiadomosci\/#\/schema\/person\/e42c650edd7f2fa332be3811fb166b6e","name":"\u017baneta Mrozek-Siewierska","image":{"@type":"ImageObject","inLanguage":"pl-PL","@id":"https:\/\/secure.gravatar.com\/avatar\/1881429e9c64597c77ad7aef2d0a19be69a3253e57534d16aa15bf3a4d34a0a3?s=96&d=mm&r=g","url":"https:\/\/secure.gravatar.com\/avatar\/1881429e9c64597c77ad7aef2d0a19be69a3253e57534d16aa15bf3a4d34a0a3?s=96&d=mm&r=g","contentUrl":"https:\/\/secure.gravatar.com\/avatar\/1881429e9c64597c77ad7aef2d0a19be69a3253e57534d16aa15bf3a4d34a0a3?s=96&d=mm&r=g","caption":"\u017baneta Mrozek-Siewierska"},"url":"https:\/\/www.24gliwice.pl\/wiadomosci\/author\/zms\/"}]}},"_links":{"self":[{"href":"https:\/\/www.24gliwice.pl\/wiadomosci\/wp-json\/wp\/v2\/posts\/265073","targetHints":{"allow":["GET"]}}],"collection":[{"href":"https:\/\/www.24gliwice.pl\/wiadomosci\/wp-json\/wp\/v2\/posts"}],"about":[{"href":"https:\/\/www.24gliwice.pl\/wiadomosci\/wp-json\/wp\/v2\/types\/post"}],"author":[{"embeddable":true,"href":"https:\/\/www.24gliwice.pl\/wiadomosci\/wp-json\/wp\/v2\/users\/15"}],"replies":[{"embeddable":true,"href":"https:\/\/www.24gliwice.pl\/wiadomosci\/wp-json\/wp\/v2\/comments?post=265073"}],"version-history":[{"count":0,"href":"https:\/\/www.24gliwice.pl\/wiadomosci\/wp-json\/wp\/v2\/posts\/265073\/revisions"}],"wp:featuredmedia":[{"embeddable":true,"href":"https:\/\/www.24gliwice.pl\/wiadomosci\/wp-json\/wp\/v2\/media\/265074"}],"wp:attachment":[{"href":"https:\/\/www.24gliwice.pl\/wiadomosci\/wp-json\/wp\/v2\/media?parent=265073"}],"wp:term":[{"taxonomy":"category","embeddable":true,"href":"https:\/\/www.24gliwice.pl\/wiadomosci\/wp-json\/wp\/v2\/categories?post=265073"},{"taxonomy":"post_tag","embeddable":true,"href":"https:\/\/www.24gliwice.pl\/wiadomosci\/wp-json\/wp\/v2\/tags?post=265073"}],"curies":[{"name":"wp","href":"https:\/\/api.w.org\/{rel}","templated":true}]}}