{"id":265586,"date":"2026-01-24T03:37:54","date_gmt":"2026-01-24T02:37:54","guid":{"rendered":"https:\/\/www.24gliwice.pl\/wiadomosci\/?p=265586"},"modified":"2026-01-24T03:44:18","modified_gmt":"2026-01-24T02:44:18","slug":"bedzie-nowe-rondo-w-srodmiesciu-inwestycja-znalazla-sie-na-liscie-drog-do-remontu-w-2026-roku","status":"publish","type":"post","link":"https:\/\/www.24gliwice.pl\/wiadomosci\/bedzie-nowe-rondo-w-srodmiesciu-inwestycja-znalazla-sie-na-liscie-drog-do-remontu-w-2026-roku\/","title":{"rendered":"B\u0119dzie nowe rondo w \u015ar\u00f3dmie\u015bciu. Inwestycja znalaz\u0142a si\u0119 na li\u015bcie dr\u00f3g do remontu w 2026 roku"},"content":{"rendered":"<div class=\"gliwi-a6-nad-leadem-artykulow gliwi-entity-placement\" id=\"gliwi-120620056\"><div class=\"gliwi-adlabel\"><span style=\"font-size: 9px\">REKLAMA<\/span><\/div><div id=\"gliwi-498335586\" style=\"margin-bottom: 30px;margin-left: auto;margin-right: auto;text-align: center;\"><a data-no-instant=\"1\" href=\"https:\/\/przedszkole.halogen.org.pl\/\" rel=\"noopener\" class=\"a2t-link\" target=\"_blank\" aria-label=\"20260402-ANIMATOR-przedszkole_grafika_750x200\"><img loading=\"lazy\" decoding=\"async\" src=\"https:\/\/www.24gliwice.pl\/wiadomosci\/wp-content\/uploads\/2026\/04\/20260402-ANIMATOR-przedszkole_grafika_750x200.webp\" alt=\"\"  srcset=\"https:\/\/www.24gliwice.pl\/wiadomosci\/wp-content\/uploads\/2026\/04\/20260402-ANIMATOR-przedszkole_grafika_750x200.webp 750w, https:\/\/www.24gliwice.pl\/wiadomosci\/wp-content\/uploads\/2026\/04\/20260402-ANIMATOR-przedszkole_grafika_750x200-410x109.webp 410w\" sizes=\"(max-width: 750px) 100vw, 750px\" class=\"no-lazyload\" width=\"750\" height=\"200\"  style=\"display: inline-block; max-width: 100%; height: auto;\" \/><\/a><\/div><\/div><h2>Zarz\u0105d Dr\u00f3g Miejskich zaplanowa\u0142 38 inwestycji w gliwickich dzielnicach &#8211; to przede wszystkim remonty nawierzchni jezdni i chodnik\u00f3w. W planach s\u0105 te\u017c remonty parking\u00f3w, budowa nowych chodnik\u00f3w i zatok \u201ekiss&amp;ride\u201d, przebudowa skrzy\u017cowania w \u015ar\u00f3dmie\u015bciu na rondo i budowa ci\u0105gu pieszo-rowerowego.<\/h2>\n<p><!--more--><\/p>\n<p>Prace prowadzone b\u0119d\u0105 na drogach gminnych, powiatowych i wewn\u0119trznych. Zaplanowano te\u017c remont nawierzchni alei Jana Nowaka Jeziora\u0144skiego (wybrane fragmenty). <\/p>\n<h4>Lista zaplanowanych prac, z podzia\u0142em na dzielnice:<\/h5>\n<h5>Baildona<\/h5>\n<ul>\n<li>budowa chodnika w rejonie cmentarza przy ul. Cha\u0142upniczej.<\/li>\n<\/ul>\n<h5>Bojk\u00f3w<\/h5>\n<ul>\n<li>remont nawierzchni jezdni i chodnika przy ul. Knurowskiej (od ronda do ul. \u015bw. Brata Alberta);<\/li>\n<li>remont nawierzchni jezdni ul. Miodowej (od ul. \u015bw. Brata Alberta do ul. Warzywnej).<\/li>\n<\/ul>\n<h5>Brzezinka<\/h5>\n<ul>\n<li>remont nawierzchni jezdni ul. Lwowskiej (od ul. Stryjskiej do Zamojskiej);<\/li>\n<li>remont nawierzchni jezdni ul. Wa\u0142brzyskiej (od ul. Nowos\u0105deckiej do granicy miasta);<\/li>\n<li>remont nawierzchni jezdni ul. Pu\u0142awskiej (od istniej\u0105cego asfaltu do ul. Sandomierskiej).<\/li>\n<\/ul>\n<h5>Kopernika<\/h5>\n<ul>\n<li>remont nawierzchni jezdni ul. Pionier\u00f3w \u2013 \u0142\u0105cznik (dojazd do ul. Toszeckiej 101).<\/li>\n<\/ul>\n<h5>\u0141ab\u0119dy<\/h5>\n<ul>\n<li>remont nawierzchni jezdni ul. Piaskowej (od T\u0119czowej do Piaskowej nr 16 -18);<\/li>\n<li>remont nawierzchni jezdni i chodnik\u00f3w ul. Ga\u0142czy\u0144skiego (ca\u0142y odcinek);<\/li>\n<li>remont nawierzchni jezdni ul. O\u015bwi\u0119cimskiej (od ul. Czo\u0142gowej do Jagodowej).<\/li>\n<\/ul>\n<h5>Obro\u0144c\u00f3w Pokoju<\/h5>\n<ul>\n<li>remont nawierzchni jezdni i chodnik\u00f3w ul. Paderewskiego (III etap);<\/li>\n<li>remont nawierzchni jezdni, parking\u00f3w i chodnik\u00f3w ul. Obro\u0144c\u00f3w Pokoju (od nr 27 do 51).<\/li>\n<\/ul>\n<h5>Ostropa<\/h5>\n<ul>\n<li>remont nawierzchni jezdni ul. Trzcinowej;<\/li>\n<li>budowa chodnika przy ul. Tokarskiej\/Ciesielskiej;<\/li>\n<li>remont nawierzchni jezdni ul. Rybackiej (od stadionu do ul. Fizyk\u00f3w).<\/li>\n<\/ul>\n<h5>Sikornik<\/h5>\n<ul>\n<li>budowa chodnika przy ul. Czapli (od wjazdu do gara\u017cy do ul. Rybitwy).<\/li>\n<\/ul>\n<h5>So\u015bnica<\/h5>\n<ul>\n<li>remont nawierzchni jezdni, parking\u00f3w i chodnik\u00f3w ul. Wi\u015blanej (od numeru 1a do ul. M\u0142odopolskiej) \u2013 II etap.<\/li>\n<\/ul>\n<h5>Stare Gliwice<\/h5>\n<ul>\n<li>remont nawierzchni jezdni, parking\u00f3w i chodnik\u00f3w ul. Rubinowej (od nr 7 do ul. Szafirowej) II etap;<\/li>\n<li>budowa ci\u0105gu pieszo-rowerowego przy ul. Edisona (II etap w kierunku ul. \u0141ab\u0119dzkiej).<\/li>\n<\/ul>\n<h5>Szobiszowice<\/h5>\n<ul>\n<li>remont nawierzchni jezdni ul. Owocowej (ca\u0142y odcinek);<\/li>\n<li>remont nawierzchni jezdni i chodnik\u00f3w przy ul. Mastalerza (od nr 1 do 15);<\/li>\n<li>remont nawierzchni jezdni i chodnik\u00f3w przy ul. Sztabu Powsta\u0144czego (od ul. Patrolowej do nr 30b).<\/li>\n<\/ul>\n<h5>\u015ar\u00f3dmie\u015bcie<\/h5>\n<ul>\n<li>budowa ronda ul. Orlickiego \u2013 Powsta\u0144c\u00f3w Warszawy;<\/li>\n<li>remont nawierzchni jezdni ul. Dworcowej (od ul. K\u0142odnickiej do Dunikowskiego).<\/li>\n<\/ul>\n<p><a href=\"https:\/\/www.24gliwice.pl\/wiadomosci\/wp-content\/uploads\/2026\/01\/rondo-orlickiego-powstancow-warszawy2.jpg\"><img loading=\"lazy\" decoding=\"async\" src=\"https:\/\/www.24gliwice.pl\/wiadomosci\/wp-content\/uploads\/2026\/01\/rondo-orlickiego-powstancow-warszawy2.jpg\" alt=\"\" width=\"810\" height=\"456\" class=\"alignnone size-full wp-image-265595\" srcset=\"https:\/\/www.24gliwice.pl\/wiadomosci\/wp-content\/uploads\/2026\/01\/rondo-orlickiego-powstancow-warszawy2.jpg 810w, https:\/\/www.24gliwice.pl\/wiadomosci\/wp-content\/uploads\/2026\/01\/rondo-orlickiego-powstancow-warszawy2-410x232.jpg 410w, https:\/\/www.24gliwice.pl\/wiadomosci\/wp-content\/uploads\/2026\/01\/rondo-orlickiego-powstancow-warszawy2-808x455.jpg 808w, https:\/\/www.24gliwice.pl\/wiadomosci\/wp-content\/uploads\/2026\/01\/rondo-orlickiego-powstancow-warszawy2-768x432.jpg 768w\" sizes=\"auto, (max-width: 810px) 100vw, 810px\" \/><\/a><\/p>\n<p><a href=\"https:\/\/www.24gliwice.pl\/wiadomosci\/wp-content\/uploads\/2026\/01\/rondo-orlickiego-powstancow-warszawy3.jpg\"><img loading=\"lazy\" decoding=\"async\" src=\"https:\/\/www.24gliwice.pl\/wiadomosci\/wp-content\/uploads\/2026\/01\/rondo-orlickiego-powstancow-warszawy3.jpg\" alt=\"\" width=\"810\" height=\"454\" class=\"alignnone size-full wp-image-265596\" srcset=\"https:\/\/www.24gliwice.pl\/wiadomosci\/wp-content\/uploads\/2026\/01\/rondo-orlickiego-powstancow-warszawy3.jpg 810w, https:\/\/www.24gliwice.pl\/wiadomosci\/wp-content\/uploads\/2026\/01\/rondo-orlickiego-powstancow-warszawy3-410x230.jpg 410w, https:\/\/www.24gliwice.pl\/wiadomosci\/wp-content\/uploads\/2026\/01\/rondo-orlickiego-powstancow-warszawy3-768x430.jpg 768w\" sizes=\"auto, (max-width: 810px) 100vw, 810px\" \/><\/a><\/p>\n<h5>Trynek<\/h5>\n<ul>\n<li>remont chodnika przy ul. Lotnik\u00f3w (po stronie numer\u00f3w nieparzystych);<\/li>\n<li>budowa zatoki \u201ekiss&amp;ride\u201d w rejonie szko\u0142y przy ul. Kili\u0144skiego.<\/li>\n<\/ul>\n<h5>Wojska Polskiego<\/h5>\n<ul>\n<li>przebudowa skrzy\u017cowania ul. Orlickiego z ul. Wyspia\u0144skiego;<\/li>\n<li>remont nawierzchni jezdni, parking\u00f3w i chodnik\u00f3w na ca\u0142ej d\u0142ugo\u015bci ul. Jasnog\u00f3rskiej;<\/li>\n<li>remont nawierzchni jezdni, parking\u00f3w i chodnik\u00f3w  przy ul. Miel\u0119ckiego (od ul. Plebiscytowej do Wyspia\u0144skiego).<\/li>\n<\/ul>\n<h5>W\u00f3jtowa Wie\u015b<\/h5>\n<ul>\n<li>remont nawierzchni jezdni na ca\u0142ej d\u0142ugo\u015bci \u0142\u0105cznika ulic Ligonia i Damrota.<\/li>\n<\/ul>\n<h5>Zatorze<\/h5>\n<ul>\n<li>remont nawierzchni jezdni, parking\u00f3w i chodnik\u00f3w przy ul. Witkiewicza (od ul. Libelta do \u015bw. Marka);<\/li>\n<li>remont nawierzchni jezdni i chodnik\u00f3w przy ul. Horsta Bienka (od nr 14 do ul. Okrzei) III etap.<\/li>\n<\/ul>\n<h5>\u017berniki<\/h5>\n<ul>\n<li>remont nawierzchni jezdni ul. Strzeleckiego (przy nr 48-68);<\/li>\n<li>remont nawierzchni jezdni ul. Na \u0141uku (wybrane fragmenty);<\/li>\n<li>budowa chodnika ul. \u015bw. Huberta (od ul. Tarnog\u00f3rskiej do \u0141ukasiewicza). <\/li>\n<\/ul>\n<p>(\u017cms)\/UM Gliwice(mf\/ZDM)<\/p><div class=\"gliwi-a3-w-tresci-artykulow gliwi-entity-placement\" id=\"gliwi-3407238793\"><div class=\"gliwi-adlabel\"><span style=\"font-size: 9px\">REKLAMA<\/span><\/div><div id=\"gliwi-535521055\" style=\"margin-bottom: 30px;margin-left: auto;margin-right: auto;text-align: center;\"><a data-no-instant=\"1\" href=\"https:\/\/zlobek.halogen.org.pl\/\" rel=\"noopener\" class=\"a2t-link\" target=\"_blank\" aria-label=\"animator-zlobek_750x200\"><img loading=\"lazy\" decoding=\"async\" src=\"https:\/\/www.24gliwice.pl\/wiadomosci\/wp-content\/uploads\/2026\/02\/animator-zlobek_750x200.webp\" alt=\"\"  srcset=\"https:\/\/www.24gliwice.pl\/wiadomosci\/wp-content\/uploads\/2026\/02\/animator-zlobek_750x200.webp 750w, https:\/\/www.24gliwice.pl\/wiadomosci\/wp-content\/uploads\/2026\/02\/animator-zlobek_750x200-410x109.webp 410w\" sizes=\"(max-width: 750px) 100vw, 750px\" class=\"no-lazyload\" width=\"750\" height=\"200\"  style=\"display: inline-block; max-width: 100%; height: auto;\" \/><\/a><\/div><\/div>\n<div class=\"gliwi-a5-na-koncu-artykulow gliwi-entity-placement\" id=\"gliwi-3319829541\"><div class=\"gliwi-adlabel\"><span style=\"font-size: 9px\">REKLAMA<\/span><\/div><div id=\"gliwi-2952836499\" style=\"margin-left: auto;margin-right: auto;text-align: center;\"><a data-no-instant=\"1\" href=\"https:\/\/prezeroarenagliwice.pl\/\" rel=\"noopener\" class=\"a2t-link\" target=\"_blank\" aria-label=\"20260309-PREZERO-WIOSNA-D\"><img loading=\"lazy\" decoding=\"async\" src=\"https:\/\/www.24gliwice.pl\/wiadomosci\/wp-content\/uploads\/2026\/03\/20260309-PREZERO-WIOSNA-D.webp\" alt=\"\"  srcset=\"https:\/\/www.24gliwice.pl\/wiadomosci\/wp-content\/uploads\/2026\/03\/20260309-PREZERO-WIOSNA-D.webp 750w, https:\/\/www.24gliwice.pl\/wiadomosci\/wp-content\/uploads\/2026\/03\/20260309-PREZERO-WIOSNA-D-410x109.webp 410w\" sizes=\"(max-width: 750px) 100vw, 750px\" class=\"no-lazyload\" width=\"750\" height=\"200\"  style=\"display: inline-block; max-width: 100%; height: auto;\" \/><\/a><\/div><\/div>","protected":false},"excerpt":{"rendered":"<p>Zarz\u0105d Dr\u00f3g Miejskich zaplanowa\u0142 38 inwestycji w gliwickich dzielnicach &#8211; to przede wszystkim remonty nawierzchni jezdni i chodnik\u00f3w. W planach s\u0105 te\u017c remonty parking\u00f3w, budowa nowych chodnik\u00f3w i zatok \u201ekiss&amp;ride\u201d, przebudowa skrzy\u017cowania w \u015ar\u00f3dmie\u015bciu na rondo i budowa ci\u0105gu pieszo-rowerowego.<\/p>\n","protected":false},"author":15,"featured_media":265594,"comment_status":"open","ping_status":"closed","sticky":false,"template":"","format":"standard","meta":{"_monsterinsights_skip_tracking":false,"_monsterinsights_sitenote_active":false,"_monsterinsights_sitenote_note":"","_monsterinsights_sitenote_category":0,"footnotes":"","_links_to":"","_links_to_target":""},"categories":[3,1,9],"tags":[8802,214],"class_list":["post-265586","post","type-post","status-publish","format-standard","has-post-thumbnail","hentry","category-gliwice","category-wszystko","category-aktualnosci_lokalne","tag-remonty-drog","tag-zdm"],"yoast_head":"<!-- This site is optimized with the Yoast SEO plugin v27.5 - https:\/\/yoast.com\/product\/yoast-seo-wordpress\/ -->\n<title>B\u0119dzie nowe rondo w \u015ar\u00f3dmie\u015bciu. Inwestycja znalaz\u0142a si\u0119 na li\u015bcie dr\u00f3g do remontu w 2026 roku - 24GLIWICE - Portal Gliwice | codziennie nowe informacje<\/title>\n<meta name=\"description\" content=\"ZDM opublikowa\u0142 list\u0119 remont\u00f3w dr\u00f3g, kt\u00f3re zaplanowano w 2026 roku. Opr\u00f3cz ulic w dzielnicach przewidziano tam odcinki DK 88\" \/>\n<meta name=\"robots\" content=\"index, follow, max-snippet:-1, max-image-preview:large, max-video-preview:-1\" \/>\n<link rel=\"canonical\" href=\"https:\/\/www.24gliwice.pl\/wiadomosci\/bedzie-nowe-rondo-w-srodmiesciu-inwestycja-znalazla-sie-na-liscie-drog-do-remontu-w-2026-roku\/\" \/>\n<meta property=\"og:locale\" content=\"pl_PL\" \/>\n<meta property=\"og:type\" content=\"article\" \/>\n<meta property=\"og:title\" content=\"B\u0119dzie nowe rondo w \u015ar\u00f3dmie\u015bciu. Inwestycja znalaz\u0142a si\u0119 na li\u015bcie dr\u00f3g do remontu w 2026 roku - 24GLIWICE - Portal Gliwice | codziennie nowe informacje\" \/>\n<meta property=\"og:description\" content=\"ZDM opublikowa\u0142 list\u0119 remont\u00f3w dr\u00f3g, kt\u00f3re zaplanowano w 2026 roku. Opr\u00f3cz ulic w dzielnicach przewidziano tam odcinki DK 88\" \/>\n<meta property=\"og:url\" content=\"https:\/\/www.24gliwice.pl\/wiadomosci\/bedzie-nowe-rondo-w-srodmiesciu-inwestycja-znalazla-sie-na-liscie-drog-do-remontu-w-2026-roku\/\" \/>\n<meta property=\"og:site_name\" content=\"24GLIWICE - Portal Gliwice | codziennie nowe informacje\" \/>\n<meta property=\"article:publisher\" content=\"https:\/\/www.facebook.com\/24gliwice\" \/>\n<meta property=\"article:published_time\" content=\"2026-01-24T02:37:54+00:00\" \/>\n<meta property=\"article:modified_time\" content=\"2026-01-24T02:44:18+00:00\" \/>\n<meta property=\"og:image\" content=\"https:\/\/www.24gliwice.pl\/wiadomosci\/wp-content\/uploads\/2026\/01\/rondo-orlickiego-powstancow-warszawy.jpg\" \/>\n\t<meta property=\"og:image:width\" content=\"810\" \/>\n\t<meta property=\"og:image:height\" content=\"454\" \/>\n\t<meta property=\"og:image:type\" content=\"image\/jpeg\" \/>\n<meta name=\"author\" content=\"\u017baneta Mrozek-Siewierska\" \/>\n<meta name=\"twitter:card\" content=\"summary_large_image\" \/>\n<meta name=\"twitter:creator\" content=\"@24gliwice\" \/>\n<meta name=\"twitter:site\" content=\"@24gliwice\" \/>\n<meta name=\"twitter:label1\" content=\"Napisane przez\" \/>\n\t<meta name=\"twitter:data1\" content=\"\u017baneta Mrozek-Siewierska\" \/>\n\t<meta name=\"twitter:label2\" content=\"Szacowany czas czytania\" \/>\n\t<meta name=\"twitter:data2\" content=\"4 minuty\" \/>\n<script type=\"application\/ld+json\" class=\"yoast-schema-graph\">{\"@context\":\"https:\\\/\\\/schema.org\",\"@graph\":[{\"@type\":\"Article\",\"@id\":\"https:\\\/\\\/www.24gliwice.pl\\\/wiadomosci\\\/bedzie-nowe-rondo-w-srodmiesciu-inwestycja-znalazla-sie-na-liscie-drog-do-remontu-w-2026-roku\\\/#article\",\"isPartOf\":{\"@id\":\"https:\\\/\\\/www.24gliwice.pl\\\/wiadomosci\\\/bedzie-nowe-rondo-w-srodmiesciu-inwestycja-znalazla-sie-na-liscie-drog-do-remontu-w-2026-roku\\\/\"},\"author\":{\"name\":\"\u017baneta Mrozek-Siewierska\",\"@id\":\"https:\\\/\\\/www.24gliwice.pl\\\/wiadomosci\\\/#\\\/schema\\\/person\\\/e42c650edd7f2fa332be3811fb166b6e\"},\"headline\":\"B\u0119dzie nowe rondo w \u015ar\u00f3dmie\u015bciu. Inwestycja znalaz\u0142a si\u0119 na li\u015bcie dr\u00f3g do remontu w 2026 roku\",\"datePublished\":\"2026-01-24T02:37:54+00:00\",\"dateModified\":\"2026-01-24T02:44:18+00:00\",\"mainEntityOfPage\":{\"@id\":\"https:\\\/\\\/www.24gliwice.pl\\\/wiadomosci\\\/bedzie-nowe-rondo-w-srodmiesciu-inwestycja-znalazla-sie-na-liscie-drog-do-remontu-w-2026-roku\\\/\"},\"wordCount\":568,\"commentCount\":46,\"publisher\":{\"@id\":\"https:\\\/\\\/www.24gliwice.pl\\\/wiadomosci\\\/#organization\"},\"image\":{\"@id\":\"https:\\\/\\\/www.24gliwice.pl\\\/wiadomosci\\\/bedzie-nowe-rondo-w-srodmiesciu-inwestycja-znalazla-sie-na-liscie-drog-do-remontu-w-2026-roku\\\/#primaryimage\"},\"thumbnailUrl\":\"https:\\\/\\\/www.24gliwice.pl\\\/wiadomosci\\\/wp-content\\\/uploads\\\/2026\\\/01\\\/rondo-orlickiego-powstancow-warszawy.jpg\",\"keywords\":[\"remonty dr\u00f3g\",\"ZDM\"],\"articleSection\":[\"Gliwice\",\"Najnowsze wiadomo\u015bci\",\"Portal Gliwice - Wiadomo\u015bci lokalne\"],\"inLanguage\":\"pl-PL\",\"potentialAction\":[{\"@type\":\"CommentAction\",\"name\":\"Comment\",\"target\":[\"https:\\\/\\\/www.24gliwice.pl\\\/wiadomosci\\\/bedzie-nowe-rondo-w-srodmiesciu-inwestycja-znalazla-sie-na-liscie-drog-do-remontu-w-2026-roku\\\/#respond\"]}]},{\"@type\":\"WebPage\",\"@id\":\"https:\\\/\\\/www.24gliwice.pl\\\/wiadomosci\\\/bedzie-nowe-rondo-w-srodmiesciu-inwestycja-znalazla-sie-na-liscie-drog-do-remontu-w-2026-roku\\\/\",\"url\":\"https:\\\/\\\/www.24gliwice.pl\\\/wiadomosci\\\/bedzie-nowe-rondo-w-srodmiesciu-inwestycja-znalazla-sie-na-liscie-drog-do-remontu-w-2026-roku\\\/\",\"name\":\"B\u0119dzie nowe rondo w \u015ar\u00f3dmie\u015bciu. Inwestycja znalaz\u0142a si\u0119 na li\u015bcie dr\u00f3g do remontu w 2026 roku - 24GLIWICE - Portal Gliwice | codziennie nowe informacje\",\"isPartOf\":{\"@id\":\"https:\\\/\\\/www.24gliwice.pl\\\/wiadomosci\\\/#website\"},\"primaryImageOfPage\":{\"@id\":\"https:\\\/\\\/www.24gliwice.pl\\\/wiadomosci\\\/bedzie-nowe-rondo-w-srodmiesciu-inwestycja-znalazla-sie-na-liscie-drog-do-remontu-w-2026-roku\\\/#primaryimage\"},\"image\":{\"@id\":\"https:\\\/\\\/www.24gliwice.pl\\\/wiadomosci\\\/bedzie-nowe-rondo-w-srodmiesciu-inwestycja-znalazla-sie-na-liscie-drog-do-remontu-w-2026-roku\\\/#primaryimage\"},\"thumbnailUrl\":\"https:\\\/\\\/www.24gliwice.pl\\\/wiadomosci\\\/wp-content\\\/uploads\\\/2026\\\/01\\\/rondo-orlickiego-powstancow-warszawy.jpg\",\"datePublished\":\"2026-01-24T02:37:54+00:00\",\"dateModified\":\"2026-01-24T02:44:18+00:00\",\"description\":\"ZDM opublikowa\u0142 list\u0119 remont\u00f3w dr\u00f3g, kt\u00f3re zaplanowano w 2026 roku. Opr\u00f3cz ulic w dzielnicach przewidziano tam odcinki DK 88\",\"breadcrumb\":{\"@id\":\"https:\\\/\\\/www.24gliwice.pl\\\/wiadomosci\\\/bedzie-nowe-rondo-w-srodmiesciu-inwestycja-znalazla-sie-na-liscie-drog-do-remontu-w-2026-roku\\\/#breadcrumb\"},\"inLanguage\":\"pl-PL\",\"potentialAction\":[{\"@type\":\"ReadAction\",\"target\":[\"https:\\\/\\\/www.24gliwice.pl\\\/wiadomosci\\\/bedzie-nowe-rondo-w-srodmiesciu-inwestycja-znalazla-sie-na-liscie-drog-do-remontu-w-2026-roku\\\/\"]}]},{\"@type\":\"ImageObject\",\"inLanguage\":\"pl-PL\",\"@id\":\"https:\\\/\\\/www.24gliwice.pl\\\/wiadomosci\\\/bedzie-nowe-rondo-w-srodmiesciu-inwestycja-znalazla-sie-na-liscie-drog-do-remontu-w-2026-roku\\\/#primaryimage\",\"url\":\"https:\\\/\\\/www.24gliwice.pl\\\/wiadomosci\\\/wp-content\\\/uploads\\\/2026\\\/01\\\/rondo-orlickiego-powstancow-warszawy.jpg\",\"contentUrl\":\"https:\\\/\\\/www.24gliwice.pl\\\/wiadomosci\\\/wp-content\\\/uploads\\\/2026\\\/01\\\/rondo-orlickiego-powstancow-warszawy.jpg\",\"width\":810,\"height\":454},{\"@type\":\"BreadcrumbList\",\"@id\":\"https:\\\/\\\/www.24gliwice.pl\\\/wiadomosci\\\/bedzie-nowe-rondo-w-srodmiesciu-inwestycja-znalazla-sie-na-liscie-drog-do-remontu-w-2026-roku\\\/#breadcrumb\",\"itemListElement\":[{\"@type\":\"ListItem\",\"position\":1,\"name\":\"Strona g\u0142\u00f3wna\",\"item\":\"https:\\\/\\\/www.24gliwice.pl\\\/wiadomosci\\\/\"},{\"@type\":\"ListItem\",\"position\":2,\"name\":\"B\u0119dzie nowe rondo w \u015ar\u00f3dmie\u015bciu. Inwestycja znalaz\u0142a si\u0119 na li\u015bcie dr\u00f3g do remontu w 2026 roku\"}]},{\"@type\":\"WebSite\",\"@id\":\"https:\\\/\\\/www.24gliwice.pl\\\/wiadomosci\\\/#website\",\"url\":\"https:\\\/\\\/www.24gliwice.pl\\\/wiadomosci\\\/\",\"name\":\"24GLIWICE - Portal Gliwice | codziennie nowe wiadomo\u015bci\",\"description\":\"Portal Miejski Gliwice\",\"publisher\":{\"@id\":\"https:\\\/\\\/www.24gliwice.pl\\\/wiadomosci\\\/#organization\"},\"potentialAction\":[{\"@type\":\"SearchAction\",\"target\":{\"@type\":\"EntryPoint\",\"urlTemplate\":\"https:\\\/\\\/www.24gliwice.pl\\\/wiadomosci\\\/?s={search_term_string}\"},\"query-input\":{\"@type\":\"PropertyValueSpecification\",\"valueRequired\":true,\"valueName\":\"search_term_string\"}}],\"inLanguage\":\"pl-PL\"},{\"@type\":\"Organization\",\"@id\":\"https:\\\/\\\/www.24gliwice.pl\\\/wiadomosci\\\/#organization\",\"name\":\"24gliwice\",\"url\":\"https:\\\/\\\/www.24gliwice.pl\\\/wiadomosci\\\/\",\"logo\":{\"@type\":\"ImageObject\",\"inLanguage\":\"pl-PL\",\"@id\":\"https:\\\/\\\/www.24gliwice.pl\\\/wiadomosci\\\/#\\\/schema\\\/logo\\\/image\\\/\",\"url\":\"https:\\\/\\\/www.24gliwice.pl\\\/wiadomosci\\\/wp-content\\\/uploads\\\/2024\\\/10\\\/24gliwice-logo-696.jpg\",\"contentUrl\":\"https:\\\/\\\/www.24gliwice.pl\\\/wiadomosci\\\/wp-content\\\/uploads\\\/2024\\\/10\\\/24gliwice-logo-696.jpg\",\"width\":696,\"height\":696,\"caption\":\"24gliwice\"},\"image\":{\"@id\":\"https:\\\/\\\/www.24gliwice.pl\\\/wiadomosci\\\/#\\\/schema\\\/logo\\\/image\\\/\"},\"sameAs\":[\"https:\\\/\\\/www.facebook.com\\\/24gliwice\",\"https:\\\/\\\/x.com\\\/24gliwice\",\"https:\\\/\\\/www.youtube.com\\\/@24gliwice\"]},{\"@type\":\"Person\",\"@id\":\"https:\\\/\\\/www.24gliwice.pl\\\/wiadomosci\\\/#\\\/schema\\\/person\\\/e42c650edd7f2fa332be3811fb166b6e\",\"name\":\"\u017baneta Mrozek-Siewierska\",\"image\":{\"@type\":\"ImageObject\",\"inLanguage\":\"pl-PL\",\"@id\":\"https:\\\/\\\/secure.gravatar.com\\\/avatar\\\/1881429e9c64597c77ad7aef2d0a19be69a3253e57534d16aa15bf3a4d34a0a3?s=96&d=mm&r=g\",\"url\":\"https:\\\/\\\/secure.gravatar.com\\\/avatar\\\/1881429e9c64597c77ad7aef2d0a19be69a3253e57534d16aa15bf3a4d34a0a3?s=96&d=mm&r=g\",\"contentUrl\":\"https:\\\/\\\/secure.gravatar.com\\\/avatar\\\/1881429e9c64597c77ad7aef2d0a19be69a3253e57534d16aa15bf3a4d34a0a3?s=96&d=mm&r=g\",\"caption\":\"\u017baneta Mrozek-Siewierska\"},\"url\":\"https:\\\/\\\/www.24gliwice.pl\\\/wiadomosci\\\/author\\\/zms\\\/\"}]}<\/script>\n<!-- \/ Yoast SEO plugin. -->","yoast_head_json":{"title":"B\u0119dzie nowe rondo w \u015ar\u00f3dmie\u015bciu. Inwestycja znalaz\u0142a si\u0119 na li\u015bcie dr\u00f3g do remontu w 2026 roku - 24GLIWICE - Portal Gliwice | codziennie nowe informacje","description":"ZDM opublikowa\u0142 list\u0119 remont\u00f3w dr\u00f3g, kt\u00f3re zaplanowano w 2026 roku. Opr\u00f3cz ulic w dzielnicach przewidziano tam odcinki DK 88","robots":{"index":"index","follow":"follow","max-snippet":"max-snippet:-1","max-image-preview":"max-image-preview:large","max-video-preview":"max-video-preview:-1"},"canonical":"https:\/\/www.24gliwice.pl\/wiadomosci\/bedzie-nowe-rondo-w-srodmiesciu-inwestycja-znalazla-sie-na-liscie-drog-do-remontu-w-2026-roku\/","og_locale":"pl_PL","og_type":"article","og_title":"B\u0119dzie nowe rondo w \u015ar\u00f3dmie\u015bciu. Inwestycja znalaz\u0142a si\u0119 na li\u015bcie dr\u00f3g do remontu w 2026 roku - 24GLIWICE - Portal Gliwice | codziennie nowe informacje","og_description":"ZDM opublikowa\u0142 list\u0119 remont\u00f3w dr\u00f3g, kt\u00f3re zaplanowano w 2026 roku. Opr\u00f3cz ulic w dzielnicach przewidziano tam odcinki DK 88","og_url":"https:\/\/www.24gliwice.pl\/wiadomosci\/bedzie-nowe-rondo-w-srodmiesciu-inwestycja-znalazla-sie-na-liscie-drog-do-remontu-w-2026-roku\/","og_site_name":"24GLIWICE - Portal Gliwice | codziennie nowe informacje","article_publisher":"https:\/\/www.facebook.com\/24gliwice","article_published_time":"2026-01-24T02:37:54+00:00","article_modified_time":"2026-01-24T02:44:18+00:00","og_image":[{"width":810,"height":454,"url":"https:\/\/www.24gliwice.pl\/wiadomosci\/wp-content\/uploads\/2026\/01\/rondo-orlickiego-powstancow-warszawy.jpg","type":"image\/jpeg"}],"author":"\u017baneta Mrozek-Siewierska","twitter_card":"summary_large_image","twitter_creator":"@24gliwice","twitter_site":"@24gliwice","twitter_misc":{"Napisane przez":"\u017baneta Mrozek-Siewierska","Szacowany czas czytania":"4 minuty"},"schema":{"@context":"https:\/\/schema.org","@graph":[{"@type":"Article","@id":"https:\/\/www.24gliwice.pl\/wiadomosci\/bedzie-nowe-rondo-w-srodmiesciu-inwestycja-znalazla-sie-na-liscie-drog-do-remontu-w-2026-roku\/#article","isPartOf":{"@id":"https:\/\/www.24gliwice.pl\/wiadomosci\/bedzie-nowe-rondo-w-srodmiesciu-inwestycja-znalazla-sie-na-liscie-drog-do-remontu-w-2026-roku\/"},"author":{"name":"\u017baneta Mrozek-Siewierska","@id":"https:\/\/www.24gliwice.pl\/wiadomosci\/#\/schema\/person\/e42c650edd7f2fa332be3811fb166b6e"},"headline":"B\u0119dzie nowe rondo w \u015ar\u00f3dmie\u015bciu. Inwestycja znalaz\u0142a si\u0119 na li\u015bcie dr\u00f3g do remontu w 2026 roku","datePublished":"2026-01-24T02:37:54+00:00","dateModified":"2026-01-24T02:44:18+00:00","mainEntityOfPage":{"@id":"https:\/\/www.24gliwice.pl\/wiadomosci\/bedzie-nowe-rondo-w-srodmiesciu-inwestycja-znalazla-sie-na-liscie-drog-do-remontu-w-2026-roku\/"},"wordCount":568,"commentCount":46,"publisher":{"@id":"https:\/\/www.24gliwice.pl\/wiadomosci\/#organization"},"image":{"@id":"https:\/\/www.24gliwice.pl\/wiadomosci\/bedzie-nowe-rondo-w-srodmiesciu-inwestycja-znalazla-sie-na-liscie-drog-do-remontu-w-2026-roku\/#primaryimage"},"thumbnailUrl":"https:\/\/www.24gliwice.pl\/wiadomosci\/wp-content\/uploads\/2026\/01\/rondo-orlickiego-powstancow-warszawy.jpg","keywords":["remonty dr\u00f3g","ZDM"],"articleSection":["Gliwice","Najnowsze wiadomo\u015bci","Portal Gliwice - Wiadomo\u015bci lokalne"],"inLanguage":"pl-PL","potentialAction":[{"@type":"CommentAction","name":"Comment","target":["https:\/\/www.24gliwice.pl\/wiadomosci\/bedzie-nowe-rondo-w-srodmiesciu-inwestycja-znalazla-sie-na-liscie-drog-do-remontu-w-2026-roku\/#respond"]}]},{"@type":"WebPage","@id":"https:\/\/www.24gliwice.pl\/wiadomosci\/bedzie-nowe-rondo-w-srodmiesciu-inwestycja-znalazla-sie-na-liscie-drog-do-remontu-w-2026-roku\/","url":"https:\/\/www.24gliwice.pl\/wiadomosci\/bedzie-nowe-rondo-w-srodmiesciu-inwestycja-znalazla-sie-na-liscie-drog-do-remontu-w-2026-roku\/","name":"B\u0119dzie nowe rondo w \u015ar\u00f3dmie\u015bciu. Inwestycja znalaz\u0142a si\u0119 na li\u015bcie dr\u00f3g do remontu w 2026 roku - 24GLIWICE - Portal Gliwice | codziennie nowe informacje","isPartOf":{"@id":"https:\/\/www.24gliwice.pl\/wiadomosci\/#website"},"primaryImageOfPage":{"@id":"https:\/\/www.24gliwice.pl\/wiadomosci\/bedzie-nowe-rondo-w-srodmiesciu-inwestycja-znalazla-sie-na-liscie-drog-do-remontu-w-2026-roku\/#primaryimage"},"image":{"@id":"https:\/\/www.24gliwice.pl\/wiadomosci\/bedzie-nowe-rondo-w-srodmiesciu-inwestycja-znalazla-sie-na-liscie-drog-do-remontu-w-2026-roku\/#primaryimage"},"thumbnailUrl":"https:\/\/www.24gliwice.pl\/wiadomosci\/wp-content\/uploads\/2026\/01\/rondo-orlickiego-powstancow-warszawy.jpg","datePublished":"2026-01-24T02:37:54+00:00","dateModified":"2026-01-24T02:44:18+00:00","description":"ZDM opublikowa\u0142 list\u0119 remont\u00f3w dr\u00f3g, kt\u00f3re zaplanowano w 2026 roku. Opr\u00f3cz ulic w dzielnicach przewidziano tam odcinki DK 88","breadcrumb":{"@id":"https:\/\/www.24gliwice.pl\/wiadomosci\/bedzie-nowe-rondo-w-srodmiesciu-inwestycja-znalazla-sie-na-liscie-drog-do-remontu-w-2026-roku\/#breadcrumb"},"inLanguage":"pl-PL","potentialAction":[{"@type":"ReadAction","target":["https:\/\/www.24gliwice.pl\/wiadomosci\/bedzie-nowe-rondo-w-srodmiesciu-inwestycja-znalazla-sie-na-liscie-drog-do-remontu-w-2026-roku\/"]}]},{"@type":"ImageObject","inLanguage":"pl-PL","@id":"https:\/\/www.24gliwice.pl\/wiadomosci\/bedzie-nowe-rondo-w-srodmiesciu-inwestycja-znalazla-sie-na-liscie-drog-do-remontu-w-2026-roku\/#primaryimage","url":"https:\/\/www.24gliwice.pl\/wiadomosci\/wp-content\/uploads\/2026\/01\/rondo-orlickiego-powstancow-warszawy.jpg","contentUrl":"https:\/\/www.24gliwice.pl\/wiadomosci\/wp-content\/uploads\/2026\/01\/rondo-orlickiego-powstancow-warszawy.jpg","width":810,"height":454},{"@type":"BreadcrumbList","@id":"https:\/\/www.24gliwice.pl\/wiadomosci\/bedzie-nowe-rondo-w-srodmiesciu-inwestycja-znalazla-sie-na-liscie-drog-do-remontu-w-2026-roku\/#breadcrumb","itemListElement":[{"@type":"ListItem","position":1,"name":"Strona g\u0142\u00f3wna","item":"https:\/\/www.24gliwice.pl\/wiadomosci\/"},{"@type":"ListItem","position":2,"name":"B\u0119dzie nowe rondo w \u015ar\u00f3dmie\u015bciu. Inwestycja znalaz\u0142a si\u0119 na li\u015bcie dr\u00f3g do remontu w 2026 roku"}]},{"@type":"WebSite","@id":"https:\/\/www.24gliwice.pl\/wiadomosci\/#website","url":"https:\/\/www.24gliwice.pl\/wiadomosci\/","name":"24GLIWICE - Portal Gliwice | codziennie nowe wiadomo\u015bci","description":"Portal Miejski Gliwice","publisher":{"@id":"https:\/\/www.24gliwice.pl\/wiadomosci\/#organization"},"potentialAction":[{"@type":"SearchAction","target":{"@type":"EntryPoint","urlTemplate":"https:\/\/www.24gliwice.pl\/wiadomosci\/?s={search_term_string}"},"query-input":{"@type":"PropertyValueSpecification","valueRequired":true,"valueName":"search_term_string"}}],"inLanguage":"pl-PL"},{"@type":"Organization","@id":"https:\/\/www.24gliwice.pl\/wiadomosci\/#organization","name":"24gliwice","url":"https:\/\/www.24gliwice.pl\/wiadomosci\/","logo":{"@type":"ImageObject","inLanguage":"pl-PL","@id":"https:\/\/www.24gliwice.pl\/wiadomosci\/#\/schema\/logo\/image\/","url":"https:\/\/www.24gliwice.pl\/wiadomosci\/wp-content\/uploads\/2024\/10\/24gliwice-logo-696.jpg","contentUrl":"https:\/\/www.24gliwice.pl\/wiadomosci\/wp-content\/uploads\/2024\/10\/24gliwice-logo-696.jpg","width":696,"height":696,"caption":"24gliwice"},"image":{"@id":"https:\/\/www.24gliwice.pl\/wiadomosci\/#\/schema\/logo\/image\/"},"sameAs":["https:\/\/www.facebook.com\/24gliwice","https:\/\/x.com\/24gliwice","https:\/\/www.youtube.com\/@24gliwice"]},{"@type":"Person","@id":"https:\/\/www.24gliwice.pl\/wiadomosci\/#\/schema\/person\/e42c650edd7f2fa332be3811fb166b6e","name":"\u017baneta Mrozek-Siewierska","image":{"@type":"ImageObject","inLanguage":"pl-PL","@id":"https:\/\/secure.gravatar.com\/avatar\/1881429e9c64597c77ad7aef2d0a19be69a3253e57534d16aa15bf3a4d34a0a3?s=96&d=mm&r=g","url":"https:\/\/secure.gravatar.com\/avatar\/1881429e9c64597c77ad7aef2d0a19be69a3253e57534d16aa15bf3a4d34a0a3?s=96&d=mm&r=g","contentUrl":"https:\/\/secure.gravatar.com\/avatar\/1881429e9c64597c77ad7aef2d0a19be69a3253e57534d16aa15bf3a4d34a0a3?s=96&d=mm&r=g","caption":"\u017baneta Mrozek-Siewierska"},"url":"https:\/\/www.24gliwice.pl\/wiadomosci\/author\/zms\/"}]}},"_links":{"self":[{"href":"https:\/\/www.24gliwice.pl\/wiadomosci\/wp-json\/wp\/v2\/posts\/265586","targetHints":{"allow":["GET"]}}],"collection":[{"href":"https:\/\/www.24gliwice.pl\/wiadomosci\/wp-json\/wp\/v2\/posts"}],"about":[{"href":"https:\/\/www.24gliwice.pl\/wiadomosci\/wp-json\/wp\/v2\/types\/post"}],"author":[{"embeddable":true,"href":"https:\/\/www.24gliwice.pl\/wiadomosci\/wp-json\/wp\/v2\/users\/15"}],"replies":[{"embeddable":true,"href":"https:\/\/www.24gliwice.pl\/wiadomosci\/wp-json\/wp\/v2\/comments?post=265586"}],"version-history":[{"count":0,"href":"https:\/\/www.24gliwice.pl\/wiadomosci\/wp-json\/wp\/v2\/posts\/265586\/revisions"}],"wp:featuredmedia":[{"embeddable":true,"href":"https:\/\/www.24gliwice.pl\/wiadomosci\/wp-json\/wp\/v2\/media\/265594"}],"wp:attachment":[{"href":"https:\/\/www.24gliwice.pl\/wiadomosci\/wp-json\/wp\/v2\/media?parent=265586"}],"wp:term":[{"taxonomy":"category","embeddable":true,"href":"https:\/\/www.24gliwice.pl\/wiadomosci\/wp-json\/wp\/v2\/categories?post=265586"},{"taxonomy":"post_tag","embeddable":true,"href":"https:\/\/www.24gliwice.pl\/wiadomosci\/wp-json\/wp\/v2\/tags?post=265586"}],"curies":[{"name":"wp","href":"https:\/\/api.w.org\/{rel}","templated":true}]}}