{"id":265674,"date":"2026-01-27T03:54:02","date_gmt":"2026-01-27T02:54:02","guid":{"rendered":"https:\/\/www.24gliwice.pl\/wiadomosci\/?p=265674"},"modified":"2026-01-27T05:58:41","modified_gmt":"2026-01-27T04:58:41","slug":"cyrk-z-pomnikiem-inicjatorzy-nie-zgadzaja-sie-na-zmiane-lokalizacji-nie-ma-pola-do-dyskusji","status":"publish","type":"post","link":"https:\/\/www.24gliwice.pl\/wiadomosci\/cyrk-z-pomnikiem-inicjatorzy-nie-zgadzaja-sie-na-zmiane-lokalizacji-nie-ma-pola-do-dyskusji\/","title":{"rendered":"Cyrk z pomnikiem. Inicjatorzy nie zgadzaj\u0105 si\u0119 na zmian\u0119 lokalizacji. &#8220;Nie ma pola do dyskusji&#8221;"},"content":{"rendered":"<div class=\"gliwi-a6-nad-leadem-artykulow gliwi-entity-placement\" id=\"gliwi-2714719112\"><div class=\"gliwi-adlabel\"><span style=\"font-size: 9px\">REKLAMA<\/span><\/div><div id=\"gliwi-2538677006\" style=\"margin-bottom: 25px;margin-left: auto;margin-right: auto;text-align: center;\"><a data-no-instant=\"1\" href=\"https:\/\/dom100.eu\/\" rel=\"noopener\" class=\"a2t-link\" target=\"_blank\" aria-label=\"20260415 DOM100 D\"><img loading=\"lazy\" decoding=\"async\" src=\"https:\/\/www.24gliwice.pl\/wiadomosci\/wp-content\/uploads\/2026\/04\/20260415-DOM100-D.jpg\" alt=\"\"  srcset=\"https:\/\/www.24gliwice.pl\/wiadomosci\/wp-content\/uploads\/2026\/04\/20260415-DOM100-D.jpg 750w, https:\/\/www.24gliwice.pl\/wiadomosci\/wp-content\/uploads\/2026\/04\/20260415-DOM100-D-410x109.jpg 410w\" sizes=\"(max-width: 750px) 100vw, 750px\" class=\"no-lazyload\" width=\"750\" height=\"200\"  style=\"display: inline-block; max-width: 100%; height: auto;\" \/><\/a><\/div><\/div><h2>Wygl\u0105da na to, \u017ce pomnik Powsta\u0144 Polskich pozostanie na Placu Krakowskim. Obiekt stoi tam bezumownie, jednak inicjatorzy jego postawienia nie chc\u0105 zgodzi\u0107 si\u0119 na przeniesienie. Miasto nie zamierza kruszy\u0107 kopii o t\u0119 spraw\u0119.<\/h2>\n<p><!--more--><\/p>\n<p>Ponad rok temu wydawa\u0142o si\u0119, \u017ce wszystko jest na dobrej drodze. W styczniu 2025 radnym Rady Miasta mia\u0142a zosta\u0107 przedstawiona do akceptacji lista miejsc, gdzie pomnik mo\u017cna by by\u0142o przenie\u015b\u0107. W\u015br\u00f3d rozwa\u017canych alternatyw znalaz\u0142o si\u0119 m.in. podwy\u017cszenie na Placu Pi\u0142sudskiego &#8211; ta lokalizacja wydawa\u0142a si\u0119 najbardziej odpowiednia &#8211; co roku przecie\u017c odbywaj\u0105 si\u0119 tam miejskie i wojskowe uroczysto\u015bci 11 listopada i 15 sierpnia.<\/p>\n<p>W mi\u0119dzyczasie pomnik uko\u0144czono (montuj\u0105c na szczycie zwie\u0144czenie), wykonano te\u017c wygrodzenie. Obiekt w dalszym ci\u0105gu stoi na Placu Krakowskim &#8211; ten za\u015b nie ma obecnie jednoznacznego przeznaczenia. Cz\u0119\u015b\u0107 terenu zajmuje skatepark, za\u015b pozosta\u0142a stanowi miejsce spontanicznych plenerowych spotka\u0144, regularnie odbywa si\u0119 tam wyprzeda\u017c gara\u017cowa, niekiedy przysi\u0119ga wojskowa, a czasem rozk\u0142ada si\u0119 tam lunapark albo cyrk, kt\u00f3re z przes\u0142aniem pomnika nie wsp\u00f3\u0142graj\u0105.<\/p><div class=\"gliwi-a3-w-tresci-artykulow gliwi-entity-placement\" id=\"gliwi-3610045659\"><div class=\"gliwi-adlabel\"><span style=\"font-size: 9px\">REKLAMA<\/span><\/div><div id=\"gliwi-945602328\" style=\"margin-bottom: 30px;margin-left: auto;margin-right: auto;text-align: center;\"><a data-no-instant=\"1\" href=\"https:\/\/ogrodyandersa.pl\/\" rel=\"noopener\" class=\"a2t-link\" target=\"_blank\" aria-label=\"20260415 Ogrody Andersa KUP TERAZ D\"><img loading=\"lazy\" decoding=\"async\" src=\"https:\/\/www.24gliwice.pl\/wiadomosci\/wp-content\/uploads\/2026\/04\/20260415-Ogrody-Andersa-KUP-TERAZ-D.jpg\" alt=\"\"  srcset=\"https:\/\/www.24gliwice.pl\/wiadomosci\/wp-content\/uploads\/2026\/04\/20260415-Ogrody-Andersa-KUP-TERAZ-D.jpg 750w, https:\/\/www.24gliwice.pl\/wiadomosci\/wp-content\/uploads\/2026\/04\/20260415-Ogrody-Andersa-KUP-TERAZ-D-410x109.jpg 410w\" sizes=\"(max-width: 750px) 100vw, 750px\" class=\"no-lazyload\" width=\"750\" height=\"200\"  style=\"display: inline-block; max-width: 100%; height: auto;\" \/><\/a><\/div><\/div>\n<p><a href=\"https:\/\/www.24gliwice.pl\/wiadomosci\/wp-content\/uploads\/2024\/07\/pomnik-powstan-polskich-na-placu-krakowskim.jpg\"><img loading=\"lazy\" decoding=\"async\" class=\"alignnone size-full wp-image-238431\" src=\"https:\/\/www.24gliwice.pl\/wiadomosci\/wp-content\/uploads\/2024\/07\/pomnik-powstan-polskich-na-placu-krakowskim.jpg\" alt=\"\" width=\"810\" height=\"456\" srcset=\"https:\/\/www.24gliwice.pl\/wiadomosci\/wp-content\/uploads\/2024\/07\/pomnik-powstan-polskich-na-placu-krakowskim.jpg 810w, https:\/\/www.24gliwice.pl\/wiadomosci\/wp-content\/uploads\/2024\/07\/pomnik-powstan-polskich-na-placu-krakowskim-410x232.jpg 410w, https:\/\/www.24gliwice.pl\/wiadomosci\/wp-content\/uploads\/2024\/07\/pomnik-powstan-polskich-na-placu-krakowskim-808x455.jpg 808w, https:\/\/www.24gliwice.pl\/wiadomosci\/wp-content\/uploads\/2024\/07\/pomnik-powstan-polskich-na-placu-krakowskim-768x432.jpg 768w\" sizes=\"auto, (max-width: 810px) 100vw, 810px\" \/><\/a><\/p>\n<h4>Dla starszych kontrowersyjny, m\u0142odszym nie przeszkadza<\/h4>\n<p>W 2025 roku rozpocz\u0119to prace nad przygotowaniem propozycji przysz\u0142ego zagospodarowania Placu Krakowskiego, kt\u00f3re prowadzi Urban LAB wraz z Politechnik\u0105 \u015al\u0105sk\u0105. Odbywa\u0142y si\u0119 rozmowy z mieszka\u0144cami, spacery, wywiady, warsztaty, ankiety. W rezultacie tych bada\u0144 sformu\u0142owano wnioski, kt\u00f3re sta\u0142y si\u0119 podstaw\u0105 do opracowania zestaw\u00f3w rozwi\u0105za\u0144 dla nowego urz\u0105dzenia tego miejsca &#8211; ostatecznie pomnik znalaz\u0142 si\u0119 w 4 z 5 wariant\u00f3w, kt\u00f3re poddano pod ocen\u0119 mieszka\u0144c\u00f3w. R\u00f3\u017cne by\u0142o tylko jego otoczenie czy te\u017c towarzysz\u0105ca mu kompozycja.<\/p>\n<p><a href=\"https:\/\/www.24gliwice.pl\/wiadomosci\/wp-content\/uploads\/2026\/01\/plac-krakowski-zagospodarowanie-i-pomnik.jpg\"><img loading=\"lazy\" decoding=\"async\" class=\"alignnone size-full wp-image-265687\" src=\"https:\/\/www.24gliwice.pl\/wiadomosci\/wp-content\/uploads\/2026\/01\/plac-krakowski-zagospodarowanie-i-pomnik.jpg\" alt=\"\" width=\"1200\" height=\"677\" srcset=\"https:\/\/www.24gliwice.pl\/wiadomosci\/wp-content\/uploads\/2026\/01\/plac-krakowski-zagospodarowanie-i-pomnik.jpg 1200w, https:\/\/www.24gliwice.pl\/wiadomosci\/wp-content\/uploads\/2026\/01\/plac-krakowski-zagospodarowanie-i-pomnik-410x232.jpg 410w, https:\/\/www.24gliwice.pl\/wiadomosci\/wp-content\/uploads\/2026\/01\/plac-krakowski-zagospodarowanie-i-pomnik-806x455.jpg 806w, https:\/\/www.24gliwice.pl\/wiadomosci\/wp-content\/uploads\/2026\/01\/plac-krakowski-zagospodarowanie-i-pomnik-768x433.jpg 768w, https:\/\/www.24gliwice.pl\/wiadomosci\/wp-content\/uploads\/2026\/01\/plac-krakowski-zagospodarowanie-i-pomnik-810x457.jpg 810w, https:\/\/www.24gliwice.pl\/wiadomosci\/wp-content\/uploads\/2026\/01\/plac-krakowski-zagospodarowanie-i-pomnik-1140x643.jpg 1140w\" sizes=\"auto, (max-width: 1200px) 100vw, 1200px\" \/><\/a> <a href=\"https:\/\/www.24gliwice.pl\/wiadomosci\/wp-content\/uploads\/2026\/01\/plac-krakowski-zagospodarowanie-i-pomnik2.jpg\"><img loading=\"lazy\" decoding=\"async\" class=\"alignnone size-full wp-image-265688\" src=\"https:\/\/www.24gliwice.pl\/wiadomosci\/wp-content\/uploads\/2026\/01\/plac-krakowski-zagospodarowanie-i-pomnik2.jpg\" alt=\"\" width=\"1200\" height=\"675\" srcset=\"https:\/\/www.24gliwice.pl\/wiadomosci\/wp-content\/uploads\/2026\/01\/plac-krakowski-zagospodarowanie-i-pomnik2.jpg 1200w, https:\/\/www.24gliwice.pl\/wiadomosci\/wp-content\/uploads\/2026\/01\/plac-krakowski-zagospodarowanie-i-pomnik2-410x232.jpg 410w, https:\/\/www.24gliwice.pl\/wiadomosci\/wp-content\/uploads\/2026\/01\/plac-krakowski-zagospodarowanie-i-pomnik2-810x456.jpg 810w, https:\/\/www.24gliwice.pl\/wiadomosci\/wp-content\/uploads\/2026\/01\/plac-krakowski-zagospodarowanie-i-pomnik2-768x432.jpg 768w, https:\/\/www.24gliwice.pl\/wiadomosci\/wp-content\/uploads\/2026\/01\/plac-krakowski-zagospodarowanie-i-pomnik2-1140x641.jpg 1140w\" sizes=\"auto, (max-width: 1200px) 100vw, 1200px\" \/><\/a><\/p>\n<p>W <strong>konfiguracji pierwszej<\/strong> mia\u0142aby to by\u0107 Aleja Pami\u0119ci r\u00f3wnoleg\u0142a do budynku Wydzia\u0142u G\u00f3rniczego, czyli wyodr\u0119bniona z placu przestrze\u0144 dla Pomnika Powsta\u0144 Polskich, oddzielona drzewami. W <strong>konfiguracji drugiej<\/strong> obiekt mia\u0142by sta\u0107 si\u0119 cz\u0119\u015bci\u0105 miejskiego lapidarium, miejsca po\u015bwi\u0119conego historii miasta i uczelni, w <strong>opcji trzeciej <\/strong>mia\u0142aby znale\u017a\u0107 si\u0119 tam \u201cstrefa historii i pami\u0119ci\u201d ukszta\u0142towana przez dodanie element\u00f3w rze\u017abiarskich w otoczeniu pomnika, za\u015b w <strong>pi\u0105tej <\/strong> Strefa Pami\u0119ci i Wyciszenia, w kt\u00f3rej zieleniec otaczaj\u0105cy pomnik stanowi\u0142by wyra\u017anie wydzielon\u0105, ale dost\u0119pn\u0105 zielon\u0105 stref\u0119 wyciszenia. <a href=\"https:\/\/slaskiurbanlab.pl\/news\/konfiguracje\" target=\"_blank\" rel=\"noopener\">Tylko czwarta konfiguracja zak\u0142ada\u0142a jego przeniesienie. <\/a>Ostatecznie najwi\u0119kszym zainteresowaniem cieszy\u0142y si\u0119 warianty 1. oraz 5.<\/p>\n<blockquote><p><em>Z bada\u0144 i z rozm\u00f3w wysz\u0142o, \u017ce jest to rzeczywi\u015bcie kontrowersyjny temat. Natomiast najbardziej kontrowersyjny jest w\u015br\u00f3d \u015bredniego i starszego pokolenia. Dla m\u0142odzie\u017cy jest to jaki\u015b element troch\u0119 neutralny<\/em><\/p><\/blockquote>\n<p>&#8211; przekaza\u0142a miejska urbanistka, prof. <strong>Agata Twardoch<\/strong> podczas zorganizowanego w styczniu spotkania prasowego.<\/p>\n<p>&#8211; <em>Rekomendacje Politechniki czy te\u017c Urban Labu s\u0105 takie, \u017ceby wzmacnia\u0107 czy ubogaca\u0107 narracj\u0119 to\u017csamo\u015bciow\u0105 te\u017c o inne w\u0105tki, ale pozostawi\u0107 pomnik w tym miejscu, w kt\u00f3rym on jest. Doda\u0107 mu po prostu te\u017c inne elementy opowie\u015bci o tej skomplikowanej i trudnej historii miasta, \u017ceby w tym miejscu reprezentowane by\u0142y wszystkie grupy mieszka\u0144c\u00f3w<\/em> &#8211; doda\u0142a.<\/p>\n<h4>Prezydent Gliwic &#8220;W og\u00f3le nie ma pola do dyskusji&#8221;<\/h4>\n<p>Jak podkre\u015bla prezydent <strong>Katarzyna Kuczy\u0144ska-Budka<\/strong>, starania o zmian\u0119 lokalizacji obiektu prowadzi od pocz\u0105tku swojej kadencji.<\/p>\n<p>&#8211; Najlepszym rozwi\u0105zaniem, moim zdaniem, by\u0142oby przeniesienie tego pomnika i od tego w og\u00f3le zacz\u0119li\u015bmy. Wielokrotnie, wiele os\u00f3b, maj\u0105cych umiej\u0119tno\u015bci dialogowe negocjowa\u0142o z tymi, kt\u00f3rzy pomnik postawili, mimo, \u017ce prawnie ten pomnik stoi tam bez stosownej umowy, to ci, kt\u00f3rzy go zbudowali (tak troch\u0119 cha\u0142upnicz\u0105 metod\u0105) nie zgadzaj\u0105 si\u0119 na \u017cadn\u0105 inn\u0105 lokalizacj\u0119.<br \/>\nProponowali\u015bmy naprawd\u0119 bardzo dobre lokalizacje &#8211; takie chocia\u017cby jak za pomnikiem marsza\u0142ka Pi\u0142sudskiego, na Placu Pi\u0142sudskiego &#8211; tam jest podest na ten pomnik, tam ten pomnik mia\u0142by na prawd\u0119 godne miejsce. Oni po prostu nie chc\u0105: NIE, BO NIE &#8211; m\u00f3wi\u0142a prezydent na spotkaniu z dziennikarzami.<\/p>\n<blockquote><p>Po to zrobili\u015bmy takie profesjonalne badania, \u017ceby zobaczy\u0107, jak te\u017c inni odnosz\u0105 si\u0119 do tego, no i jest tak p\u00f3\u0142 na p\u00f3\u0142, z lekk\u0105 przewag\u0105 na rzecz tego, \u017ceby ten pomnik zosta\u0142. Wydaje mi si\u0119, \u017ce nie ma co w mie\u015bcie kruszy\u0107 kopii o takie rzeczy, bo mamy wiele innych, wa\u017cniejszych rzeczy do zrobienia<\/p><\/blockquote>\n<p>&#8211; kontynuowa\u0142a.<\/p>\n<p>&#8211; Zagospodarujemy to tak, \u017ceby wszyscy byli zadowoleni. I to jest troch\u0119 tak, jak w konsultacjach czy w negocjacjach &#8211; pewnie \u017cadna strona nie b\u0119dzie w pe\u0142ni zadowolona, bo ka\u017cdy cofnie si\u0119 krok w ty\u0142, ale mo\u017ce to nie b\u0119dzie wzbudza\u0142o niepotrzebnego zainteresowania tam, gdzie nie ma to dla rozwoju naszego miasta jakiego\u015b wi\u0119kszego znaczenia &#8211; m\u00f3wi\u0142a Kuczy\u0144ska-Budka.<\/p>\n<blockquote class=\"wp-embedded-content\" data-secret=\"L2pmRlu7bh\"><p><a href=\"https:\/\/www.24gliwice.pl\/wiadomosci\/pomnik-powstan-polskich-w-nowym-miejscu-oto-dwie-propozycje-kazda-lepsza-od-placu-krakowskiego\/\">Pomnik Powsta\u0144 Polskich w nowym miejscu? Oto dwie propozycje, ka\u017cda lepsza od placu Krakowskiego<\/a><\/p><\/blockquote>\n<p><iframe loading=\"lazy\" class=\"wp-embedded-content\" sandbox=\"allow-scripts\" security=\"restricted\" style=\"position: absolute; visibility: hidden;\" title=\"&#8222;Pomnik Powsta\u0144 Polskich w nowym miejscu? Oto dwie propozycje, ka\u017cda lepsza od placu Krakowskiego&#8221; &#8212; 24GLIWICE - Portal Gliwice | codziennie nowe informacje\" src=\"https:\/\/www.24gliwice.pl\/wiadomosci\/pomnik-powstan-polskich-w-nowym-miejscu-oto-dwie-propozycje-kazda-lepsza-od-placu-krakowskiego\/embed\/#?secret=y0qyBEVljy#?secret=L2pmRlu7bh\" data-secret=\"L2pmRlu7bh\" width=\"600\" height=\"338\" frameborder=\"0\" marginwidth=\"0\" marginheight=\"0\" scrolling=\"no\"><\/iframe><\/p>\n<p>Prezydent Gliwic zaznacza\u0142a, \u017ce kilkukrotnie podejmowa\u0142a pr\u00f3by rozm\u00f3w z fundatorami pomnika. &#8211; W og\u00f3le nie ma pola do dyskusji &#8211; podkre\u015bla\u0142a prezydent.<\/p>\n<p>Warto przypomnie\u0107, \u017ce Pomnik Powsta\u0144 Polskich na Placu Krakowskim wybudowano z inicjatywy Stowarzyszenia Pami\u0119ci Armii Krajowej, a sfinansowany zosta\u0142 ze \u015brodk\u00f3w od darczy\u0144c\u00f3w.<\/p>\n<blockquote class=\"wp-embedded-content\" data-secret=\"SJ72e9KN01\"><p><a href=\"https:\/\/www.24gliwice.pl\/wiadomosci\/pomnik-powstan-polskich-na-pl-krakowskim-ma-juz-fundamenty-prezydent-gliwic-wsrod-sponsorow\/\">Pomnik Powsta\u0144 Polskich na placu Krakowskim ma ju\u017c fundamenty. W\u015br\u00f3d sponsor\u00f3w prezydent Gliwic<\/a><\/p><\/blockquote>\n<p><iframe loading=\"lazy\" class=\"wp-embedded-content\" sandbox=\"allow-scripts\" security=\"restricted\" style=\"position: absolute; visibility: hidden;\" title=\"&#8222;Pomnik Powsta\u0144 Polskich na placu Krakowskim ma ju\u017c fundamenty. W\u015br\u00f3d sponsor\u00f3w prezydent Gliwic&#8221; &#8212; 24GLIWICE - Portal Gliwice | codziennie nowe informacje\" src=\"https:\/\/www.24gliwice.pl\/wiadomosci\/pomnik-powstan-polskich-na-pl-krakowskim-ma-juz-fundamenty-prezydent-gliwic-wsrod-sponsorow\/embed\/#?secret=fC1w6UcbKO#?secret=SJ72e9KN01\" data-secret=\"SJ72e9KN01\" width=\"600\" height=\"338\" frameborder=\"0\" marginwidth=\"0\" marginheight=\"0\" scrolling=\"no\"><\/iframe><\/p>\n<p>Gdy g\u0142osowano nad budow\u0105 pomnika podczas sesji Rady Miasta pod koniec 2017 roku, mia\u0142 on znajdowa\u0107 si\u0119 bli\u017cej ulicy Wroc\u0142awskiej, w bezpo\u015brednim s\u0105siedztwie \u015brodkowego wej\u015bcia na plac Krakowski, jednak rok p\u00f3\u017aniej pod obrady wniesiono propozycj\u0119 postawienia go w miejscu rozebranej sceny. Tam te\u017c stoi i wygl\u0105da na to, \u017ce tak ju\u017c pozostanie, a przynajmniej do czasu planowanej przebudowy b\u0119dzie musia\u0142 wsp\u00f3\u0142istnie\u0107&#8230; np. z cyrkiem.<\/p>\n<blockquote><p>Zgadzam si\u0119, \u017ce postawienie tam jakiego\u015b placu rozrywki obok tego pomnika jest jakim\u015b zaburzeniem wzajemnych relacji jednego i drugiego, ale zrobimy tak, \u017ceby to by\u0142 taki fragment, kt\u00f3ry b\u0119dzie przypomina\u0142 nie tylko o wybi\u00f3rczych elementach prezentowanych na pomniku<\/p><\/blockquote>\n<p>&#8211; m\u00f3wi\u0142a Kuczy\u0144ska-Budka. &#8211; Zrobimy tam takie miejsce, kt\u00f3re b\u0119dzie przypomina\u0142o te\u017c o wa\u017cnych momentach historii naszego miasta, wi\u0119c troch\u0119 wyjdziemy z tego, ale nikt nie b\u0119dzie si\u0119 czu\u0142 ura\u017cony &#8211; podsumowa\u0142a Prezydent Miasta.<\/p>\n<p>(\u017cms)<\/p>\n<div class=\"gliwi-a5-na-koncu-artykulow gliwi-entity-placement\" id=\"gliwi-883882901\"><div class=\"gliwi-adlabel\"><span style=\"font-size: 9px\">REKLAMA<\/span><\/div><div id=\"gliwi-1726050585\" style=\"margin-left: auto;margin-right: auto;text-align: center;\"><a data-no-instant=\"1\" href=\"https:\/\/www.jasek.pl\/\" rel=\"noopener\" class=\"a2t-link\" target=\"_blank\" aria-label=\"20200401-jasek 600\"><img loading=\"lazy\" decoding=\"async\" src=\"https:\/\/www.24gliwice.pl\/wiadomosci\/wp-content\/uploads\/2020\/04\/20200401-jasek-600.jpg\" alt=\"\"  srcset=\"https:\/\/www.24gliwice.pl\/wiadomosci\/wp-content\/uploads\/2020\/04\/20200401-jasek-600.jpg 600w, https:\/\/www.24gliwice.pl\/wiadomosci\/wp-content\/uploads\/2020\/04\/20200401-jasek-600-410x109.jpg 410w\" sizes=\"(max-width: 600px) 100vw, 600px\" class=\"no-lazyload\" width=\"600\" height=\"160\"  style=\"display: inline-block; max-width: 100%; height: auto;\" \/><\/a><\/div><\/div>","protected":false},"excerpt":{"rendered":"<p>Wygl\u0105da na to, \u017ce pomnik Powsta\u0144 Polskich pozostanie na Placu Krakowskim. Obiekt stoi tam bezumownie, jednak inicjatorzy jego postawienia nie chc\u0105 zgodzi\u0107 si\u0119 na przeniesienie. Miasto nie zamierza kruszy\u0107 kopii o t\u0119 spraw\u0119.<\/p>\n","protected":false},"author":15,"featured_media":265686,"comment_status":"open","ping_status":"closed","sticky":false,"template":"","format":"standard","meta":{"_monsterinsights_skip_tracking":false,"_monsterinsights_sitenote_active":false,"_monsterinsights_sitenote_note":"","_monsterinsights_sitenote_category":0,"footnotes":"","_links_to":"","_links_to_target":""},"categories":[3,1,9,8],"tags":[2091,10990],"class_list":["post-265674","post","type-post","status-publish","format-standard","has-post-thumbnail","hentry","category-gliwice","category-wszystko","category-aktualnosci_lokalne","category-samorzad_polityka","tag-plac-krakowski","tag-pomnik-powstan-polskich"],"yoast_head":"<!-- This site is optimized with the Yoast SEO plugin v27.5 - https:\/\/yoast.com\/product\/yoast-seo-wordpress\/ -->\n<title>Cyrk z pomnikiem. Inicjatorzy nie zgadzaj\u0105 si\u0119 na zmian\u0119 lokalizacji. &quot;Nie ma pola do dyskusji&quot; - 24GLIWICE - Portal Gliwice | codziennie nowe informacje<\/title>\n<meta name=\"description\" content=\"Pomnik powsta\u0144 polskich najprawdopodobniej pozostanie na Placu Krakowskim. Miasto nie mo\u017ce doj\u015b\u0107 do porozumienia z inicjatorami jego budowy\" \/>\n<meta name=\"robots\" content=\"index, follow, max-snippet:-1, max-image-preview:large, max-video-preview:-1\" \/>\n<link rel=\"canonical\" href=\"https:\/\/www.24gliwice.pl\/wiadomosci\/cyrk-z-pomnikiem-inicjatorzy-nie-zgadzaja-sie-na-zmiane-lokalizacji-nie-ma-pola-do-dyskusji\/\" \/>\n<meta property=\"og:locale\" content=\"pl_PL\" \/>\n<meta property=\"og:type\" content=\"article\" \/>\n<meta property=\"og:title\" content=\"Cyrk z pomnikiem. Inicjatorzy nie zgadzaj\u0105 si\u0119 na zmian\u0119 lokalizacji. &quot;Nie ma pola do dyskusji&quot; - 24GLIWICE - Portal Gliwice | codziennie nowe informacje\" \/>\n<meta property=\"og:description\" content=\"Pomnik powsta\u0144 polskich najprawdopodobniej pozostanie na Placu Krakowskim. Miasto nie mo\u017ce doj\u015b\u0107 do porozumienia z inicjatorami jego budowy\" \/>\n<meta property=\"og:url\" content=\"https:\/\/www.24gliwice.pl\/wiadomosci\/cyrk-z-pomnikiem-inicjatorzy-nie-zgadzaja-sie-na-zmiane-lokalizacji-nie-ma-pola-do-dyskusji\/\" \/>\n<meta property=\"og:site_name\" content=\"24GLIWICE - Portal Gliwice | codziennie nowe informacje\" \/>\n<meta property=\"article:publisher\" content=\"https:\/\/www.facebook.com\/24gliwice\" \/>\n<meta property=\"article:published_time\" content=\"2026-01-27T02:54:02+00:00\" \/>\n<meta property=\"article:modified_time\" content=\"2026-01-27T04:58:41+00:00\" \/>\n<meta property=\"og:image\" content=\"https:\/\/www.24gliwice.pl\/wiadomosci\/wp-content\/uploads\/2026\/01\/cyrk-z-pomnikiem.webp\" \/>\n\t<meta property=\"og:image:width\" content=\"810\" \/>\n\t<meta property=\"og:image:height\" content=\"455\" \/>\n\t<meta property=\"og:image:type\" content=\"image\/webp\" \/>\n<meta name=\"author\" content=\"\u017baneta Mrozek-Siewierska\" \/>\n<meta name=\"twitter:card\" content=\"summary_large_image\" \/>\n<meta name=\"twitter:creator\" content=\"@24gliwice\" \/>\n<meta name=\"twitter:site\" content=\"@24gliwice\" \/>\n<meta name=\"twitter:label1\" content=\"Napisane przez\" \/>\n\t<meta name=\"twitter:data1\" content=\"\u017baneta Mrozek-Siewierska\" \/>\n\t<meta name=\"twitter:label2\" content=\"Szacowany czas czytania\" \/>\n\t<meta name=\"twitter:data2\" content=\"6 minut\" \/>\n<script type=\"application\/ld+json\" class=\"yoast-schema-graph\">{\"@context\":\"https:\\\/\\\/schema.org\",\"@graph\":[{\"@type\":\"Article\",\"@id\":\"https:\\\/\\\/www.24gliwice.pl\\\/wiadomosci\\\/cyrk-z-pomnikiem-inicjatorzy-nie-zgadzaja-sie-na-zmiane-lokalizacji-nie-ma-pola-do-dyskusji\\\/#article\",\"isPartOf\":{\"@id\":\"https:\\\/\\\/www.24gliwice.pl\\\/wiadomosci\\\/cyrk-z-pomnikiem-inicjatorzy-nie-zgadzaja-sie-na-zmiane-lokalizacji-nie-ma-pola-do-dyskusji\\\/\"},\"author\":{\"name\":\"\u017baneta Mrozek-Siewierska\",\"@id\":\"https:\\\/\\\/www.24gliwice.pl\\\/wiadomosci\\\/#\\\/schema\\\/person\\\/e42c650edd7f2fa332be3811fb166b6e\"},\"headline\":\"Cyrk z pomnikiem. Inicjatorzy nie zgadzaj\u0105 si\u0119 na zmian\u0119 lokalizacji. &#8220;Nie ma pola do dyskusji&#8221;\",\"datePublished\":\"2026-01-27T02:54:02+00:00\",\"dateModified\":\"2026-01-27T04:58:41+00:00\",\"mainEntityOfPage\":{\"@id\":\"https:\\\/\\\/www.24gliwice.pl\\\/wiadomosci\\\/cyrk-z-pomnikiem-inicjatorzy-nie-zgadzaja-sie-na-zmiane-lokalizacji-nie-ma-pola-do-dyskusji\\\/\"},\"wordCount\":1028,\"commentCount\":55,\"publisher\":{\"@id\":\"https:\\\/\\\/www.24gliwice.pl\\\/wiadomosci\\\/#organization\"},\"image\":{\"@id\":\"https:\\\/\\\/www.24gliwice.pl\\\/wiadomosci\\\/cyrk-z-pomnikiem-inicjatorzy-nie-zgadzaja-sie-na-zmiane-lokalizacji-nie-ma-pola-do-dyskusji\\\/#primaryimage\"},\"thumbnailUrl\":\"https:\\\/\\\/www.24gliwice.pl\\\/wiadomosci\\\/wp-content\\\/uploads\\\/2026\\\/01\\\/cyrk-z-pomnikiem.webp\",\"keywords\":[\"PLAC KRAKOWSKI\",\"pomnik powsta\u0144 polskich\"],\"articleSection\":[\"Gliwice\",\"Najnowsze wiadomo\u015bci\",\"Portal Gliwice - Wiadomo\u015bci lokalne\",\"Samorz\u0105d, polityka\"],\"inLanguage\":\"pl-PL\",\"potentialAction\":[{\"@type\":\"CommentAction\",\"name\":\"Comment\",\"target\":[\"https:\\\/\\\/www.24gliwice.pl\\\/wiadomosci\\\/cyrk-z-pomnikiem-inicjatorzy-nie-zgadzaja-sie-na-zmiane-lokalizacji-nie-ma-pola-do-dyskusji\\\/#respond\"]}]},{\"@type\":\"WebPage\",\"@id\":\"https:\\\/\\\/www.24gliwice.pl\\\/wiadomosci\\\/cyrk-z-pomnikiem-inicjatorzy-nie-zgadzaja-sie-na-zmiane-lokalizacji-nie-ma-pola-do-dyskusji\\\/\",\"url\":\"https:\\\/\\\/www.24gliwice.pl\\\/wiadomosci\\\/cyrk-z-pomnikiem-inicjatorzy-nie-zgadzaja-sie-na-zmiane-lokalizacji-nie-ma-pola-do-dyskusji\\\/\",\"name\":\"Cyrk z pomnikiem. Inicjatorzy nie zgadzaj\u0105 si\u0119 na zmian\u0119 lokalizacji. \\\"Nie ma pola do dyskusji\\\" - 24GLIWICE - Portal Gliwice | codziennie nowe informacje\",\"isPartOf\":{\"@id\":\"https:\\\/\\\/www.24gliwice.pl\\\/wiadomosci\\\/#website\"},\"primaryImageOfPage\":{\"@id\":\"https:\\\/\\\/www.24gliwice.pl\\\/wiadomosci\\\/cyrk-z-pomnikiem-inicjatorzy-nie-zgadzaja-sie-na-zmiane-lokalizacji-nie-ma-pola-do-dyskusji\\\/#primaryimage\"},\"image\":{\"@id\":\"https:\\\/\\\/www.24gliwice.pl\\\/wiadomosci\\\/cyrk-z-pomnikiem-inicjatorzy-nie-zgadzaja-sie-na-zmiane-lokalizacji-nie-ma-pola-do-dyskusji\\\/#primaryimage\"},\"thumbnailUrl\":\"https:\\\/\\\/www.24gliwice.pl\\\/wiadomosci\\\/wp-content\\\/uploads\\\/2026\\\/01\\\/cyrk-z-pomnikiem.webp\",\"datePublished\":\"2026-01-27T02:54:02+00:00\",\"dateModified\":\"2026-01-27T04:58:41+00:00\",\"description\":\"Pomnik powsta\u0144 polskich najprawdopodobniej pozostanie na Placu Krakowskim. Miasto nie mo\u017ce doj\u015b\u0107 do porozumienia z inicjatorami jego budowy\",\"breadcrumb\":{\"@id\":\"https:\\\/\\\/www.24gliwice.pl\\\/wiadomosci\\\/cyrk-z-pomnikiem-inicjatorzy-nie-zgadzaja-sie-na-zmiane-lokalizacji-nie-ma-pola-do-dyskusji\\\/#breadcrumb\"},\"inLanguage\":\"pl-PL\",\"potentialAction\":[{\"@type\":\"ReadAction\",\"target\":[\"https:\\\/\\\/www.24gliwice.pl\\\/wiadomosci\\\/cyrk-z-pomnikiem-inicjatorzy-nie-zgadzaja-sie-na-zmiane-lokalizacji-nie-ma-pola-do-dyskusji\\\/\"]}]},{\"@type\":\"ImageObject\",\"inLanguage\":\"pl-PL\",\"@id\":\"https:\\\/\\\/www.24gliwice.pl\\\/wiadomosci\\\/cyrk-z-pomnikiem-inicjatorzy-nie-zgadzaja-sie-na-zmiane-lokalizacji-nie-ma-pola-do-dyskusji\\\/#primaryimage\",\"url\":\"https:\\\/\\\/www.24gliwice.pl\\\/wiadomosci\\\/wp-content\\\/uploads\\\/2026\\\/01\\\/cyrk-z-pomnikiem.webp\",\"contentUrl\":\"https:\\\/\\\/www.24gliwice.pl\\\/wiadomosci\\\/wp-content\\\/uploads\\\/2026\\\/01\\\/cyrk-z-pomnikiem.webp\",\"width\":810,\"height\":455},{\"@type\":\"BreadcrumbList\",\"@id\":\"https:\\\/\\\/www.24gliwice.pl\\\/wiadomosci\\\/cyrk-z-pomnikiem-inicjatorzy-nie-zgadzaja-sie-na-zmiane-lokalizacji-nie-ma-pola-do-dyskusji\\\/#breadcrumb\",\"itemListElement\":[{\"@type\":\"ListItem\",\"position\":1,\"name\":\"Strona g\u0142\u00f3wna\",\"item\":\"https:\\\/\\\/www.24gliwice.pl\\\/wiadomosci\\\/\"},{\"@type\":\"ListItem\",\"position\":2,\"name\":\"Cyrk z pomnikiem. Inicjatorzy nie zgadzaj\u0105 si\u0119 na zmian\u0119 lokalizacji. &#8220;Nie ma pola do dyskusji&#8221;\"}]},{\"@type\":\"WebSite\",\"@id\":\"https:\\\/\\\/www.24gliwice.pl\\\/wiadomosci\\\/#website\",\"url\":\"https:\\\/\\\/www.24gliwice.pl\\\/wiadomosci\\\/\",\"name\":\"24GLIWICE - Portal Gliwice | codziennie nowe wiadomo\u015bci\",\"description\":\"Portal Miejski Gliwice\",\"publisher\":{\"@id\":\"https:\\\/\\\/www.24gliwice.pl\\\/wiadomosci\\\/#organization\"},\"potentialAction\":[{\"@type\":\"SearchAction\",\"target\":{\"@type\":\"EntryPoint\",\"urlTemplate\":\"https:\\\/\\\/www.24gliwice.pl\\\/wiadomosci\\\/?s={search_term_string}\"},\"query-input\":{\"@type\":\"PropertyValueSpecification\",\"valueRequired\":true,\"valueName\":\"search_term_string\"}}],\"inLanguage\":\"pl-PL\"},{\"@type\":\"Organization\",\"@id\":\"https:\\\/\\\/www.24gliwice.pl\\\/wiadomosci\\\/#organization\",\"name\":\"24gliwice\",\"url\":\"https:\\\/\\\/www.24gliwice.pl\\\/wiadomosci\\\/\",\"logo\":{\"@type\":\"ImageObject\",\"inLanguage\":\"pl-PL\",\"@id\":\"https:\\\/\\\/www.24gliwice.pl\\\/wiadomosci\\\/#\\\/schema\\\/logo\\\/image\\\/\",\"url\":\"https:\\\/\\\/www.24gliwice.pl\\\/wiadomosci\\\/wp-content\\\/uploads\\\/2024\\\/10\\\/24gliwice-logo-696.jpg\",\"contentUrl\":\"https:\\\/\\\/www.24gliwice.pl\\\/wiadomosci\\\/wp-content\\\/uploads\\\/2024\\\/10\\\/24gliwice-logo-696.jpg\",\"width\":696,\"height\":696,\"caption\":\"24gliwice\"},\"image\":{\"@id\":\"https:\\\/\\\/www.24gliwice.pl\\\/wiadomosci\\\/#\\\/schema\\\/logo\\\/image\\\/\"},\"sameAs\":[\"https:\\\/\\\/www.facebook.com\\\/24gliwice\",\"https:\\\/\\\/x.com\\\/24gliwice\",\"https:\\\/\\\/www.youtube.com\\\/@24gliwice\"]},{\"@type\":\"Person\",\"@id\":\"https:\\\/\\\/www.24gliwice.pl\\\/wiadomosci\\\/#\\\/schema\\\/person\\\/e42c650edd7f2fa332be3811fb166b6e\",\"name\":\"\u017baneta Mrozek-Siewierska\",\"image\":{\"@type\":\"ImageObject\",\"inLanguage\":\"pl-PL\",\"@id\":\"https:\\\/\\\/secure.gravatar.com\\\/avatar\\\/1881429e9c64597c77ad7aef2d0a19be69a3253e57534d16aa15bf3a4d34a0a3?s=96&d=mm&r=g\",\"url\":\"https:\\\/\\\/secure.gravatar.com\\\/avatar\\\/1881429e9c64597c77ad7aef2d0a19be69a3253e57534d16aa15bf3a4d34a0a3?s=96&d=mm&r=g\",\"contentUrl\":\"https:\\\/\\\/secure.gravatar.com\\\/avatar\\\/1881429e9c64597c77ad7aef2d0a19be69a3253e57534d16aa15bf3a4d34a0a3?s=96&d=mm&r=g\",\"caption\":\"\u017baneta Mrozek-Siewierska\"},\"url\":\"https:\\\/\\\/www.24gliwice.pl\\\/wiadomosci\\\/author\\\/zms\\\/\"}]}<\/script>\n<!-- \/ Yoast SEO plugin. -->","yoast_head_json":{"title":"Cyrk z pomnikiem. Inicjatorzy nie zgadzaj\u0105 si\u0119 na zmian\u0119 lokalizacji. \"Nie ma pola do dyskusji\" - 24GLIWICE - Portal Gliwice | codziennie nowe informacje","description":"Pomnik powsta\u0144 polskich najprawdopodobniej pozostanie na Placu Krakowskim. Miasto nie mo\u017ce doj\u015b\u0107 do porozumienia z inicjatorami jego budowy","robots":{"index":"index","follow":"follow","max-snippet":"max-snippet:-1","max-image-preview":"max-image-preview:large","max-video-preview":"max-video-preview:-1"},"canonical":"https:\/\/www.24gliwice.pl\/wiadomosci\/cyrk-z-pomnikiem-inicjatorzy-nie-zgadzaja-sie-na-zmiane-lokalizacji-nie-ma-pola-do-dyskusji\/","og_locale":"pl_PL","og_type":"article","og_title":"Cyrk z pomnikiem. Inicjatorzy nie zgadzaj\u0105 si\u0119 na zmian\u0119 lokalizacji. \"Nie ma pola do dyskusji\" - 24GLIWICE - Portal Gliwice | codziennie nowe informacje","og_description":"Pomnik powsta\u0144 polskich najprawdopodobniej pozostanie na Placu Krakowskim. Miasto nie mo\u017ce doj\u015b\u0107 do porozumienia z inicjatorami jego budowy","og_url":"https:\/\/www.24gliwice.pl\/wiadomosci\/cyrk-z-pomnikiem-inicjatorzy-nie-zgadzaja-sie-na-zmiane-lokalizacji-nie-ma-pola-do-dyskusji\/","og_site_name":"24GLIWICE - Portal Gliwice | codziennie nowe informacje","article_publisher":"https:\/\/www.facebook.com\/24gliwice","article_published_time":"2026-01-27T02:54:02+00:00","article_modified_time":"2026-01-27T04:58:41+00:00","og_image":[{"width":810,"height":455,"url":"https:\/\/www.24gliwice.pl\/wiadomosci\/wp-content\/uploads\/2026\/01\/cyrk-z-pomnikiem.webp","type":"image\/webp"}],"author":"\u017baneta Mrozek-Siewierska","twitter_card":"summary_large_image","twitter_creator":"@24gliwice","twitter_site":"@24gliwice","twitter_misc":{"Napisane przez":"\u017baneta Mrozek-Siewierska","Szacowany czas czytania":"6 minut"},"schema":{"@context":"https:\/\/schema.org","@graph":[{"@type":"Article","@id":"https:\/\/www.24gliwice.pl\/wiadomosci\/cyrk-z-pomnikiem-inicjatorzy-nie-zgadzaja-sie-na-zmiane-lokalizacji-nie-ma-pola-do-dyskusji\/#article","isPartOf":{"@id":"https:\/\/www.24gliwice.pl\/wiadomosci\/cyrk-z-pomnikiem-inicjatorzy-nie-zgadzaja-sie-na-zmiane-lokalizacji-nie-ma-pola-do-dyskusji\/"},"author":{"name":"\u017baneta Mrozek-Siewierska","@id":"https:\/\/www.24gliwice.pl\/wiadomosci\/#\/schema\/person\/e42c650edd7f2fa332be3811fb166b6e"},"headline":"Cyrk z pomnikiem. Inicjatorzy nie zgadzaj\u0105 si\u0119 na zmian\u0119 lokalizacji. &#8220;Nie ma pola do dyskusji&#8221;","datePublished":"2026-01-27T02:54:02+00:00","dateModified":"2026-01-27T04:58:41+00:00","mainEntityOfPage":{"@id":"https:\/\/www.24gliwice.pl\/wiadomosci\/cyrk-z-pomnikiem-inicjatorzy-nie-zgadzaja-sie-na-zmiane-lokalizacji-nie-ma-pola-do-dyskusji\/"},"wordCount":1028,"commentCount":55,"publisher":{"@id":"https:\/\/www.24gliwice.pl\/wiadomosci\/#organization"},"image":{"@id":"https:\/\/www.24gliwice.pl\/wiadomosci\/cyrk-z-pomnikiem-inicjatorzy-nie-zgadzaja-sie-na-zmiane-lokalizacji-nie-ma-pola-do-dyskusji\/#primaryimage"},"thumbnailUrl":"https:\/\/www.24gliwice.pl\/wiadomosci\/wp-content\/uploads\/2026\/01\/cyrk-z-pomnikiem.webp","keywords":["PLAC KRAKOWSKI","pomnik powsta\u0144 polskich"],"articleSection":["Gliwice","Najnowsze wiadomo\u015bci","Portal Gliwice - Wiadomo\u015bci lokalne","Samorz\u0105d, polityka"],"inLanguage":"pl-PL","potentialAction":[{"@type":"CommentAction","name":"Comment","target":["https:\/\/www.24gliwice.pl\/wiadomosci\/cyrk-z-pomnikiem-inicjatorzy-nie-zgadzaja-sie-na-zmiane-lokalizacji-nie-ma-pola-do-dyskusji\/#respond"]}]},{"@type":"WebPage","@id":"https:\/\/www.24gliwice.pl\/wiadomosci\/cyrk-z-pomnikiem-inicjatorzy-nie-zgadzaja-sie-na-zmiane-lokalizacji-nie-ma-pola-do-dyskusji\/","url":"https:\/\/www.24gliwice.pl\/wiadomosci\/cyrk-z-pomnikiem-inicjatorzy-nie-zgadzaja-sie-na-zmiane-lokalizacji-nie-ma-pola-do-dyskusji\/","name":"Cyrk z pomnikiem. Inicjatorzy nie zgadzaj\u0105 si\u0119 na zmian\u0119 lokalizacji. \"Nie ma pola do dyskusji\" - 24GLIWICE - Portal Gliwice | codziennie nowe informacje","isPartOf":{"@id":"https:\/\/www.24gliwice.pl\/wiadomosci\/#website"},"primaryImageOfPage":{"@id":"https:\/\/www.24gliwice.pl\/wiadomosci\/cyrk-z-pomnikiem-inicjatorzy-nie-zgadzaja-sie-na-zmiane-lokalizacji-nie-ma-pola-do-dyskusji\/#primaryimage"},"image":{"@id":"https:\/\/www.24gliwice.pl\/wiadomosci\/cyrk-z-pomnikiem-inicjatorzy-nie-zgadzaja-sie-na-zmiane-lokalizacji-nie-ma-pola-do-dyskusji\/#primaryimage"},"thumbnailUrl":"https:\/\/www.24gliwice.pl\/wiadomosci\/wp-content\/uploads\/2026\/01\/cyrk-z-pomnikiem.webp","datePublished":"2026-01-27T02:54:02+00:00","dateModified":"2026-01-27T04:58:41+00:00","description":"Pomnik powsta\u0144 polskich najprawdopodobniej pozostanie na Placu Krakowskim. Miasto nie mo\u017ce doj\u015b\u0107 do porozumienia z inicjatorami jego budowy","breadcrumb":{"@id":"https:\/\/www.24gliwice.pl\/wiadomosci\/cyrk-z-pomnikiem-inicjatorzy-nie-zgadzaja-sie-na-zmiane-lokalizacji-nie-ma-pola-do-dyskusji\/#breadcrumb"},"inLanguage":"pl-PL","potentialAction":[{"@type":"ReadAction","target":["https:\/\/www.24gliwice.pl\/wiadomosci\/cyrk-z-pomnikiem-inicjatorzy-nie-zgadzaja-sie-na-zmiane-lokalizacji-nie-ma-pola-do-dyskusji\/"]}]},{"@type":"ImageObject","inLanguage":"pl-PL","@id":"https:\/\/www.24gliwice.pl\/wiadomosci\/cyrk-z-pomnikiem-inicjatorzy-nie-zgadzaja-sie-na-zmiane-lokalizacji-nie-ma-pola-do-dyskusji\/#primaryimage","url":"https:\/\/www.24gliwice.pl\/wiadomosci\/wp-content\/uploads\/2026\/01\/cyrk-z-pomnikiem.webp","contentUrl":"https:\/\/www.24gliwice.pl\/wiadomosci\/wp-content\/uploads\/2026\/01\/cyrk-z-pomnikiem.webp","width":810,"height":455},{"@type":"BreadcrumbList","@id":"https:\/\/www.24gliwice.pl\/wiadomosci\/cyrk-z-pomnikiem-inicjatorzy-nie-zgadzaja-sie-na-zmiane-lokalizacji-nie-ma-pola-do-dyskusji\/#breadcrumb","itemListElement":[{"@type":"ListItem","position":1,"name":"Strona g\u0142\u00f3wna","item":"https:\/\/www.24gliwice.pl\/wiadomosci\/"},{"@type":"ListItem","position":2,"name":"Cyrk z pomnikiem. Inicjatorzy nie zgadzaj\u0105 si\u0119 na zmian\u0119 lokalizacji. &#8220;Nie ma pola do dyskusji&#8221;"}]},{"@type":"WebSite","@id":"https:\/\/www.24gliwice.pl\/wiadomosci\/#website","url":"https:\/\/www.24gliwice.pl\/wiadomosci\/","name":"24GLIWICE - Portal Gliwice | codziennie nowe wiadomo\u015bci","description":"Portal Miejski Gliwice","publisher":{"@id":"https:\/\/www.24gliwice.pl\/wiadomosci\/#organization"},"potentialAction":[{"@type":"SearchAction","target":{"@type":"EntryPoint","urlTemplate":"https:\/\/www.24gliwice.pl\/wiadomosci\/?s={search_term_string}"},"query-input":{"@type":"PropertyValueSpecification","valueRequired":true,"valueName":"search_term_string"}}],"inLanguage":"pl-PL"},{"@type":"Organization","@id":"https:\/\/www.24gliwice.pl\/wiadomosci\/#organization","name":"24gliwice","url":"https:\/\/www.24gliwice.pl\/wiadomosci\/","logo":{"@type":"ImageObject","inLanguage":"pl-PL","@id":"https:\/\/www.24gliwice.pl\/wiadomosci\/#\/schema\/logo\/image\/","url":"https:\/\/www.24gliwice.pl\/wiadomosci\/wp-content\/uploads\/2024\/10\/24gliwice-logo-696.jpg","contentUrl":"https:\/\/www.24gliwice.pl\/wiadomosci\/wp-content\/uploads\/2024\/10\/24gliwice-logo-696.jpg","width":696,"height":696,"caption":"24gliwice"},"image":{"@id":"https:\/\/www.24gliwice.pl\/wiadomosci\/#\/schema\/logo\/image\/"},"sameAs":["https:\/\/www.facebook.com\/24gliwice","https:\/\/x.com\/24gliwice","https:\/\/www.youtube.com\/@24gliwice"]},{"@type":"Person","@id":"https:\/\/www.24gliwice.pl\/wiadomosci\/#\/schema\/person\/e42c650edd7f2fa332be3811fb166b6e","name":"\u017baneta Mrozek-Siewierska","image":{"@type":"ImageObject","inLanguage":"pl-PL","@id":"https:\/\/secure.gravatar.com\/avatar\/1881429e9c64597c77ad7aef2d0a19be69a3253e57534d16aa15bf3a4d34a0a3?s=96&d=mm&r=g","url":"https:\/\/secure.gravatar.com\/avatar\/1881429e9c64597c77ad7aef2d0a19be69a3253e57534d16aa15bf3a4d34a0a3?s=96&d=mm&r=g","contentUrl":"https:\/\/secure.gravatar.com\/avatar\/1881429e9c64597c77ad7aef2d0a19be69a3253e57534d16aa15bf3a4d34a0a3?s=96&d=mm&r=g","caption":"\u017baneta Mrozek-Siewierska"},"url":"https:\/\/www.24gliwice.pl\/wiadomosci\/author\/zms\/"}]}},"_links":{"self":[{"href":"https:\/\/www.24gliwice.pl\/wiadomosci\/wp-json\/wp\/v2\/posts\/265674","targetHints":{"allow":["GET"]}}],"collection":[{"href":"https:\/\/www.24gliwice.pl\/wiadomosci\/wp-json\/wp\/v2\/posts"}],"about":[{"href":"https:\/\/www.24gliwice.pl\/wiadomosci\/wp-json\/wp\/v2\/types\/post"}],"author":[{"embeddable":true,"href":"https:\/\/www.24gliwice.pl\/wiadomosci\/wp-json\/wp\/v2\/users\/15"}],"replies":[{"embeddable":true,"href":"https:\/\/www.24gliwice.pl\/wiadomosci\/wp-json\/wp\/v2\/comments?post=265674"}],"version-history":[{"count":0,"href":"https:\/\/www.24gliwice.pl\/wiadomosci\/wp-json\/wp\/v2\/posts\/265674\/revisions"}],"wp:featuredmedia":[{"embeddable":true,"href":"https:\/\/www.24gliwice.pl\/wiadomosci\/wp-json\/wp\/v2\/media\/265686"}],"wp:attachment":[{"href":"https:\/\/www.24gliwice.pl\/wiadomosci\/wp-json\/wp\/v2\/media?parent=265674"}],"wp:term":[{"taxonomy":"category","embeddable":true,"href":"https:\/\/www.24gliwice.pl\/wiadomosci\/wp-json\/wp\/v2\/categories?post=265674"},{"taxonomy":"post_tag","embeddable":true,"href":"https:\/\/www.24gliwice.pl\/wiadomosci\/wp-json\/wp\/v2\/tags?post=265674"}],"curies":[{"name":"wp","href":"https:\/\/api.w.org\/{rel}","templated":true}]}}