{"id":266695,"date":"2026-03-06T17:18:23","date_gmt":"2026-03-06T16:18:23","guid":{"rendered":"https:\/\/www.24gliwice.pl\/wiadomosci\/?p=266695"},"modified":"2026-03-06T17:18:23","modified_gmt":"2026-03-06T16:18:23","slug":"autor-reportazu-olowiane-dzieci-gosciem-mbp-spotkanie-autorskie-z-michalem-jedryka","status":"publish","type":"post","link":"https:\/\/www.24gliwice.pl\/wiadomosci\/autor-reportazu-olowiane-dzieci-gosciem-mbp-spotkanie-autorskie-z-michalem-jedryka\/","title":{"rendered":"Autor reporta\u017cu &#8220;O\u0142owiane dzieci&#8221; go\u015bciem MBP. Spotkanie autorskie z Micha\u0142em J\u0119dryk\u0105"},"content":{"rendered":"<div class=\"gliwi-a6-nad-leadem-artykulow gliwi-entity-placement\" id=\"gliwi-3315788819\"><div class=\"gliwi-adlabel\"><span style=\"font-size: 9px\">REKLAMA<\/span><\/div><div id=\"gliwi-3258366190\" style=\"margin-bottom: 30px;margin-left: auto;margin-right: auto;text-align: center;\"><a data-no-instant=\"1\" href=\"https:\/\/przedszkole.halogen.org.pl\/\" rel=\"noopener\" class=\"a2t-link\" target=\"_blank\" aria-label=\"20260402-ANIMATOR-przedszkole_grafika_750x200\"><img loading=\"lazy\" decoding=\"async\" src=\"https:\/\/www.24gliwice.pl\/wiadomosci\/wp-content\/uploads\/2026\/04\/20260402-ANIMATOR-przedszkole_grafika_750x200.webp\" alt=\"\"  srcset=\"https:\/\/www.24gliwice.pl\/wiadomosci\/wp-content\/uploads\/2026\/04\/20260402-ANIMATOR-przedszkole_grafika_750x200.webp 750w, https:\/\/www.24gliwice.pl\/wiadomosci\/wp-content\/uploads\/2026\/04\/20260402-ANIMATOR-przedszkole_grafika_750x200-410x109.webp 410w\" sizes=\"(max-width: 750px) 100vw, 750px\" class=\"no-lazyload\" width=\"750\" height=\"200\"  style=\"display: inline-block; max-width: 100%; height: auto;\" \/><\/a><\/div><\/div><h2>Reporta\u017c &#8220;O\u0142owiane dzieci&#8221; Micha\u0142a J\u0119dryki, wydany w 2020 roku, sta\u0142 si\u0119 inspiracj\u0105 do nakr\u0119cenia serialu, kt\u00f3ry od 11 lutego mo\u017cna ogl\u0105da\u0107 w streamingu. Biblioteka Centralna zaprasza na spotkanie z autorem ksi\u0105\u017cki, kt\u00f3re odb\u0119dzie si\u0119 12 marca.<\/h2>\n<p><!--more--><\/p>\n<p>Serial &#8220;O\u0142owiane dzieci&#8221;, do kt\u00f3rego sceny kr\u0119cono m.in. w Gliwicach oraz w Zabrzu, jest dost\u0119pny na platformie Netflix. Jest to produkcja przez wielu wyczekiwana, a obecnie szeroko komentowana w mediach spo\u0142eczno\u015bciowych i r\u00f3\u017cnego rodzaju recenzjach. W marcu b\u0119dzie okazja przyjrze\u0107 si\u0119 bli\u017cej wydarzeniom sprzed kilku dekad. <\/p>\n<p>Podobnie, jak w przypadku serialu HBO Max &#8220;Heweliusz&#8221;, gdy go\u015bcili\u015bmy w Gliwicach <strong>Adama Zadwornego<\/strong>, autora ksi\u0105\u017cki &#8220;Heweliusz. Tajemnica katastrofy na Ba\u0142tyku&#8221;, tym razem Miejska Biblioteka Publiczna organizuje spotkanie zwi\u0105zane z histori\u0105 dr <strong>Jolanty Wadowskiej-Kr\u00f3l<\/strong>. Go\u015bciem b\u0119dzie <strong>Micha\u0142 J\u0119dryka<\/strong>, autor reporta\u017cu \u201eO\u0142owiane dzieci\u201d.<\/p><div class=\"gliwi-a3-w-tresci-artykulow gliwi-entity-placement\" id=\"gliwi-879477412\"><div class=\"gliwi-adlabel\"><span style=\"font-size: 9px\">REKLAMA<\/span><\/div><div id=\"gliwi-2202527085\" style=\"margin-bottom: 30px;margin-left: auto;margin-right: auto;text-align: center;\"><a data-no-instant=\"1\" href=\"https:\/\/zlobek.halogen.org.pl\/\" rel=\"noopener\" class=\"a2t-link\" target=\"_blank\" aria-label=\"animator-zlobek_750x200\"><img loading=\"lazy\" decoding=\"async\" src=\"https:\/\/www.24gliwice.pl\/wiadomosci\/wp-content\/uploads\/2026\/02\/animator-zlobek_750x200.webp\" alt=\"\"  srcset=\"https:\/\/www.24gliwice.pl\/wiadomosci\/wp-content\/uploads\/2026\/02\/animator-zlobek_750x200.webp 750w, https:\/\/www.24gliwice.pl\/wiadomosci\/wp-content\/uploads\/2026\/02\/animator-zlobek_750x200-410x109.webp 410w\" sizes=\"(max-width: 750px) 100vw, 750px\" class=\"no-lazyload\" width=\"750\" height=\"200\"  style=\"display: inline-block; max-width: 100%; height: auto;\" \/><\/a><\/div><\/div>\n<h4>Spotkanie wok\u00f3\u0142 &#8220;O\u0142owianych dzieci&#8221;<\/h4>\n<p>Micha\u0142 J\u0119dryka urodzi\u0142 si\u0119 w 1962 roku w Siemianowicach \u015al\u0105skich. Jest polonist\u0105, pedagogiem, pisarzem i scenarzyst\u0105, a tak\u017ce malarzem i copywritterem. Prywatnie \u015bl\u0105ski s\u0142oik, \u017cyj\u0105cy pomi\u0119dzy Warszaw\u0105 a Katowicami, podr\u00f3\u017cnik, cyklista i filmo\u017cerca.<\/p>\n<p>&#8211; <em>Autor niezliczonej ilo\u015bci tekst\u00f3w reklamowych, akwareli (album \u201e\u015al\u0105sk- Last Minute\u201d(2014)) na temat g\u00f3rno\u015bl\u0105skiego postindustrialu, przewrotnego poradnika \u201ePopkultury dla blondynek\u201d (2001), fabularyzowanego reporta\u017cu \u201eO\u0142owiane dzieci (2020), na temat epidemii o\u0142owicy w\u015br\u00f3d dzieci na G\u00f3rnym \u015al\u0105sku i bohaterskiej lekarki Jolanty Wadowskiej-Kr\u00f3l podejmuj\u0105cej samotn\u0105 walk\u0119 z totalitarnym systemem, (na podstawie ksi\u0105\u017cki powsta\u0142 serial Netflixa), audiobooka \u201ePrzemilczana epidemia\u201d ,(2021), \u201eWielkiej herezji\u201d (2023) wsp\u00f3\u0142czesnego krymina\u0142u, kt\u00f3rego akcja rozgrywa si\u0119 wsp\u00f3\u0142cze\u015bnie w \u015brodowisku handlarzy sztuk\u0105<\/em> &#8211; opisuje MBP Gliwice. <\/p>\n<p>&#8211; <em>W swojej tw\u00f3rczo\u015bci wielokrotnie wraca na G\u00f3rny \u015al\u0105sk, do swoich rodzinnych korzeni, a tak\u017ce w\u0142asnych wspomnie\u0144. Ostatni\u0105, jak na razie podr\u00f3\u017c\u0105 sentymentaln\u0105 jest \u201eSzlagier dla Hitlera\u201d (2025). To oparta na faktach opowie\u015b\u0107 o dw\u00f3ch zapomnianych muzykach z rodzinnego miasta Autora, artystach, kt\u00f3rym przysz\u0142o si\u0119 zmaga\u0107 z bezlitosnymi demonami XX wieku. Utwory jednego z nich zosta\u0142y wykorzystane m.in. w filmach W. Petersena (\u201eOkr\u0119t\u201d) J. J. Annauda (\u201eWr\u00f3g u bram\u201d) i Q. Tarantina (\u201eB\u0119karty wojny), drugi gra\u0142 prekursorsko jazz w zespole \u201eThe Jolly Boy\u2019s Band, oraz -co nie mniej wa\u017cne\u2026 by\u0142 dziadkiem Micha\u0142a J\u0119dryki. W planach niemieckie wydanie ksi\u0105\u017cki<\/em> &#8211; dodaje Biblioteka. <\/p>\n<p>Spotkanie z Micha\u0142em J\u0119dryk\u0105 odb\u0119dzie si\u0119 w czwartek, 12 marca, w godzinach 18:00-20:00 w Bibliotece Centralnej, ul. Ko\u015bciuszki 17. Wst\u0119p wolny. Prowadzenie <strong>Agnieszka Zientarska.<\/strong><\/p>\n<p><a href=\"https:\/\/www.facebook.com\/events\/3220985248075657\/\" target=\"_blank\">Wydarzenie w serwisie facebook.com &#8211; link.<\/a><\/p>\n<p>(\u017cms)\/MBP Gliwice<\/p>\n<div class=\"gliwi-a5-na-koncu-artykulow gliwi-entity-placement\" id=\"gliwi-2598701266\"><div class=\"gliwi-adlabel\"><span style=\"font-size: 9px\">REKLAMA<\/span><\/div><div id=\"gliwi-884405279\" style=\"margin-left: auto;margin-right: auto;text-align: center;\"><a data-no-instant=\"1\" href=\"https:\/\/prezeroarenagliwice.pl\/\" rel=\"noopener\" class=\"a2t-link\" target=\"_blank\" aria-label=\"20260309-PREZERO-WIOSNA-D\"><img loading=\"lazy\" decoding=\"async\" src=\"https:\/\/www.24gliwice.pl\/wiadomosci\/wp-content\/uploads\/2026\/03\/20260309-PREZERO-WIOSNA-D.webp\" alt=\"\"  srcset=\"https:\/\/www.24gliwice.pl\/wiadomosci\/wp-content\/uploads\/2026\/03\/20260309-PREZERO-WIOSNA-D.webp 750w, https:\/\/www.24gliwice.pl\/wiadomosci\/wp-content\/uploads\/2026\/03\/20260309-PREZERO-WIOSNA-D-410x109.webp 410w\" sizes=\"(max-width: 750px) 100vw, 750px\" class=\"no-lazyload\" width=\"750\" height=\"200\"  style=\"display: inline-block; max-width: 100%; height: auto;\" \/><\/a><\/div><\/div>","protected":false},"excerpt":{"rendered":"<p>Reporta\u017c &#8220;O\u0142owiane dzieci&#8221; Micha\u0142a J\u0119dryki, wydany w 2020 roku, sta\u0142 si\u0119 inspiracj\u0105 do nakr\u0119cenia serialu, kt\u00f3ry od 11 lutego mo\u017cna ogl\u0105da\u0107 w streamingu. Biblioteka Centralna zaprasza na spotkanie z autorem ksi\u0105\u017cki, kt\u00f3re odb\u0119dzie si\u0119 12 marca.<\/p>\n","protected":false},"author":15,"featured_media":266697,"comment_status":"open","ping_status":"closed","sticky":false,"template":"","format":"standard","meta":{"_monsterinsights_skip_tracking":false,"_monsterinsights_sitenote_active":false,"_monsterinsights_sitenote_note":"","_monsterinsights_sitenote_category":0,"footnotes":"","_links_to":"","_links_to_target":""},"categories":[3,6,1],"tags":[24744,13893],"class_list":["post-266695","post","type-post","status-publish","format-standard","has-post-thumbnail","hentry","category-gliwice","category-kultura","category-wszystko","tag-olowiane-dzieci","tag-spotkanie-autorskie"],"yoast_head":"<!-- This site is optimized with the Yoast SEO plugin v27.5 - https:\/\/yoast.com\/product\/yoast-seo-wordpress\/ -->\n<title>Autor reporta\u017cu &quot;O\u0142owiane dzieci&quot; go\u015bciem MBP. Spotkanie autorskie z Micha\u0142em J\u0119dryk\u0105 - 24GLIWICE - Portal Gliwice | codziennie nowe informacje<\/title>\n<meta name=\"description\" content=\"Spotkanie autorskie z Micha\u0142em J\u0119dryk\u0105, autorem reporta\u017cu &quot;O\u0142owiane dzieci&quot;, odb\u0119dzie si\u0119 w czwartek, 12 marca, w Bibliotece Centralnej\" \/>\n<meta name=\"robots\" content=\"index, follow, max-snippet:-1, max-image-preview:large, max-video-preview:-1\" \/>\n<link rel=\"canonical\" href=\"https:\/\/www.24gliwice.pl\/wiadomosci\/autor-reportazu-olowiane-dzieci-gosciem-mbp-spotkanie-autorskie-z-michalem-jedryka\/\" \/>\n<meta property=\"og:locale\" content=\"pl_PL\" \/>\n<meta property=\"og:type\" content=\"article\" \/>\n<meta property=\"og:title\" content=\"Autor reporta\u017cu &quot;O\u0142owiane dzieci&quot; go\u015bciem MBP. Spotkanie autorskie z Micha\u0142em J\u0119dryk\u0105 - 24GLIWICE - Portal Gliwice | codziennie nowe informacje\" \/>\n<meta property=\"og:description\" content=\"Spotkanie autorskie z Micha\u0142em J\u0119dryk\u0105, autorem reporta\u017cu &quot;O\u0142owiane dzieci&quot;, odb\u0119dzie si\u0119 w czwartek, 12 marca, w Bibliotece Centralnej\" \/>\n<meta property=\"og:url\" content=\"https:\/\/www.24gliwice.pl\/wiadomosci\/autor-reportazu-olowiane-dzieci-gosciem-mbp-spotkanie-autorskie-z-michalem-jedryka\/\" \/>\n<meta property=\"og:site_name\" content=\"24GLIWICE - Portal Gliwice | codziennie nowe informacje\" \/>\n<meta property=\"article:publisher\" content=\"https:\/\/www.facebook.com\/24gliwice\" \/>\n<meta property=\"article:published_time\" content=\"2026-03-06T16:18:23+00:00\" \/>\n<meta property=\"og:image\" content=\"https:\/\/www.24gliwice.pl\/wiadomosci\/wp-content\/uploads\/2026\/02\/michal-jedryka.jpg\" \/>\n\t<meta property=\"og:image:width\" content=\"810\" \/>\n\t<meta property=\"og:image:height\" content=\"456\" \/>\n\t<meta property=\"og:image:type\" content=\"image\/jpeg\" \/>\n<meta name=\"author\" content=\"\u017baneta Mrozek-Siewierska\" \/>\n<meta name=\"twitter:card\" content=\"summary_large_image\" \/>\n<meta name=\"twitter:creator\" content=\"@24gliwice\" \/>\n<meta name=\"twitter:site\" content=\"@24gliwice\" \/>\n<meta name=\"twitter:label1\" content=\"Napisane przez\" \/>\n\t<meta name=\"twitter:data1\" content=\"\u017baneta Mrozek-Siewierska\" \/>\n\t<meta name=\"twitter:label2\" content=\"Szacowany czas czytania\" \/>\n\t<meta name=\"twitter:data2\" content=\"3 minuty\" \/>\n<script type=\"application\/ld+json\" class=\"yoast-schema-graph\">{\"@context\":\"https:\\\/\\\/schema.org\",\"@graph\":[{\"@type\":\"Article\",\"@id\":\"https:\\\/\\\/www.24gliwice.pl\\\/wiadomosci\\\/autor-reportazu-olowiane-dzieci-gosciem-mbp-spotkanie-autorskie-z-michalem-jedryka\\\/#article\",\"isPartOf\":{\"@id\":\"https:\\\/\\\/www.24gliwice.pl\\\/wiadomosci\\\/autor-reportazu-olowiane-dzieci-gosciem-mbp-spotkanie-autorskie-z-michalem-jedryka\\\/\"},\"author\":{\"name\":\"\u017baneta Mrozek-Siewierska\",\"@id\":\"https:\\\/\\\/www.24gliwice.pl\\\/wiadomosci\\\/#\\\/schema\\\/person\\\/e42c650edd7f2fa332be3811fb166b6e\"},\"headline\":\"Autor reporta\u017cu &#8220;O\u0142owiane dzieci&#8221; go\u015bciem MBP. Spotkanie autorskie z Micha\u0142em J\u0119dryk\u0105\",\"datePublished\":\"2026-03-06T16:18:23+00:00\",\"mainEntityOfPage\":{\"@id\":\"https:\\\/\\\/www.24gliwice.pl\\\/wiadomosci\\\/autor-reportazu-olowiane-dzieci-gosciem-mbp-spotkanie-autorskie-z-michalem-jedryka\\\/\"},\"wordCount\":461,\"commentCount\":0,\"publisher\":{\"@id\":\"https:\\\/\\\/www.24gliwice.pl\\\/wiadomosci\\\/#organization\"},\"image\":{\"@id\":\"https:\\\/\\\/www.24gliwice.pl\\\/wiadomosci\\\/autor-reportazu-olowiane-dzieci-gosciem-mbp-spotkanie-autorskie-z-michalem-jedryka\\\/#primaryimage\"},\"thumbnailUrl\":\"https:\\\/\\\/www.24gliwice.pl\\\/wiadomosci\\\/wp-content\\\/uploads\\\/2026\\\/02\\\/michal-jedryka.jpg\",\"keywords\":[\"O\u0141OWIANE DZIECI\",\"SPOTKANIE AUTORSKIE\"],\"articleSection\":[\"Gliwice\",\"Kultura, wydarzenia, imprezy\",\"Najnowsze wiadomo\u015bci\"],\"inLanguage\":\"pl-PL\",\"potentialAction\":[{\"@type\":\"CommentAction\",\"name\":\"Comment\",\"target\":[\"https:\\\/\\\/www.24gliwice.pl\\\/wiadomosci\\\/autor-reportazu-olowiane-dzieci-gosciem-mbp-spotkanie-autorskie-z-michalem-jedryka\\\/#respond\"]}]},{\"@type\":\"WebPage\",\"@id\":\"https:\\\/\\\/www.24gliwice.pl\\\/wiadomosci\\\/autor-reportazu-olowiane-dzieci-gosciem-mbp-spotkanie-autorskie-z-michalem-jedryka\\\/\",\"url\":\"https:\\\/\\\/www.24gliwice.pl\\\/wiadomosci\\\/autor-reportazu-olowiane-dzieci-gosciem-mbp-spotkanie-autorskie-z-michalem-jedryka\\\/\",\"name\":\"Autor reporta\u017cu \\\"O\u0142owiane dzieci\\\" go\u015bciem MBP. Spotkanie autorskie z Micha\u0142em J\u0119dryk\u0105 - 24GLIWICE - Portal Gliwice | codziennie nowe informacje\",\"isPartOf\":{\"@id\":\"https:\\\/\\\/www.24gliwice.pl\\\/wiadomosci\\\/#website\"},\"primaryImageOfPage\":{\"@id\":\"https:\\\/\\\/www.24gliwice.pl\\\/wiadomosci\\\/autor-reportazu-olowiane-dzieci-gosciem-mbp-spotkanie-autorskie-z-michalem-jedryka\\\/#primaryimage\"},\"image\":{\"@id\":\"https:\\\/\\\/www.24gliwice.pl\\\/wiadomosci\\\/autor-reportazu-olowiane-dzieci-gosciem-mbp-spotkanie-autorskie-z-michalem-jedryka\\\/#primaryimage\"},\"thumbnailUrl\":\"https:\\\/\\\/www.24gliwice.pl\\\/wiadomosci\\\/wp-content\\\/uploads\\\/2026\\\/02\\\/michal-jedryka.jpg\",\"datePublished\":\"2026-03-06T16:18:23+00:00\",\"description\":\"Spotkanie autorskie z Micha\u0142em J\u0119dryk\u0105, autorem reporta\u017cu \\\"O\u0142owiane dzieci\\\", odb\u0119dzie si\u0119 w czwartek, 12 marca, w Bibliotece Centralnej\",\"breadcrumb\":{\"@id\":\"https:\\\/\\\/www.24gliwice.pl\\\/wiadomosci\\\/autor-reportazu-olowiane-dzieci-gosciem-mbp-spotkanie-autorskie-z-michalem-jedryka\\\/#breadcrumb\"},\"inLanguage\":\"pl-PL\",\"potentialAction\":[{\"@type\":\"ReadAction\",\"target\":[\"https:\\\/\\\/www.24gliwice.pl\\\/wiadomosci\\\/autor-reportazu-olowiane-dzieci-gosciem-mbp-spotkanie-autorskie-z-michalem-jedryka\\\/\"]}]},{\"@type\":\"ImageObject\",\"inLanguage\":\"pl-PL\",\"@id\":\"https:\\\/\\\/www.24gliwice.pl\\\/wiadomosci\\\/autor-reportazu-olowiane-dzieci-gosciem-mbp-spotkanie-autorskie-z-michalem-jedryka\\\/#primaryimage\",\"url\":\"https:\\\/\\\/www.24gliwice.pl\\\/wiadomosci\\\/wp-content\\\/uploads\\\/2026\\\/02\\\/michal-jedryka.jpg\",\"contentUrl\":\"https:\\\/\\\/www.24gliwice.pl\\\/wiadomosci\\\/wp-content\\\/uploads\\\/2026\\\/02\\\/michal-jedryka.jpg\",\"width\":810,\"height\":456},{\"@type\":\"BreadcrumbList\",\"@id\":\"https:\\\/\\\/www.24gliwice.pl\\\/wiadomosci\\\/autor-reportazu-olowiane-dzieci-gosciem-mbp-spotkanie-autorskie-z-michalem-jedryka\\\/#breadcrumb\",\"itemListElement\":[{\"@type\":\"ListItem\",\"position\":1,\"name\":\"Strona g\u0142\u00f3wna\",\"item\":\"https:\\\/\\\/www.24gliwice.pl\\\/wiadomosci\\\/\"},{\"@type\":\"ListItem\",\"position\":2,\"name\":\"Autor reporta\u017cu &#8220;O\u0142owiane dzieci&#8221; go\u015bciem MBP. Spotkanie autorskie z Micha\u0142em J\u0119dryk\u0105\"}]},{\"@type\":\"WebSite\",\"@id\":\"https:\\\/\\\/www.24gliwice.pl\\\/wiadomosci\\\/#website\",\"url\":\"https:\\\/\\\/www.24gliwice.pl\\\/wiadomosci\\\/\",\"name\":\"24GLIWICE - Portal Gliwice | codziennie nowe wiadomo\u015bci\",\"description\":\"Portal Miejski Gliwice\",\"publisher\":{\"@id\":\"https:\\\/\\\/www.24gliwice.pl\\\/wiadomosci\\\/#organization\"},\"potentialAction\":[{\"@type\":\"SearchAction\",\"target\":{\"@type\":\"EntryPoint\",\"urlTemplate\":\"https:\\\/\\\/www.24gliwice.pl\\\/wiadomosci\\\/?s={search_term_string}\"},\"query-input\":{\"@type\":\"PropertyValueSpecification\",\"valueRequired\":true,\"valueName\":\"search_term_string\"}}],\"inLanguage\":\"pl-PL\"},{\"@type\":\"Organization\",\"@id\":\"https:\\\/\\\/www.24gliwice.pl\\\/wiadomosci\\\/#organization\",\"name\":\"24gliwice\",\"url\":\"https:\\\/\\\/www.24gliwice.pl\\\/wiadomosci\\\/\",\"logo\":{\"@type\":\"ImageObject\",\"inLanguage\":\"pl-PL\",\"@id\":\"https:\\\/\\\/www.24gliwice.pl\\\/wiadomosci\\\/#\\\/schema\\\/logo\\\/image\\\/\",\"url\":\"https:\\\/\\\/www.24gliwice.pl\\\/wiadomosci\\\/wp-content\\\/uploads\\\/2024\\\/10\\\/24gliwice-logo-696.jpg\",\"contentUrl\":\"https:\\\/\\\/www.24gliwice.pl\\\/wiadomosci\\\/wp-content\\\/uploads\\\/2024\\\/10\\\/24gliwice-logo-696.jpg\",\"width\":696,\"height\":696,\"caption\":\"24gliwice\"},\"image\":{\"@id\":\"https:\\\/\\\/www.24gliwice.pl\\\/wiadomosci\\\/#\\\/schema\\\/logo\\\/image\\\/\"},\"sameAs\":[\"https:\\\/\\\/www.facebook.com\\\/24gliwice\",\"https:\\\/\\\/x.com\\\/24gliwice\",\"https:\\\/\\\/www.youtube.com\\\/@24gliwice\"]},{\"@type\":\"Person\",\"@id\":\"https:\\\/\\\/www.24gliwice.pl\\\/wiadomosci\\\/#\\\/schema\\\/person\\\/e42c650edd7f2fa332be3811fb166b6e\",\"name\":\"\u017baneta Mrozek-Siewierska\",\"image\":{\"@type\":\"ImageObject\",\"inLanguage\":\"pl-PL\",\"@id\":\"https:\\\/\\\/secure.gravatar.com\\\/avatar\\\/1881429e9c64597c77ad7aef2d0a19be69a3253e57534d16aa15bf3a4d34a0a3?s=96&d=mm&r=g\",\"url\":\"https:\\\/\\\/secure.gravatar.com\\\/avatar\\\/1881429e9c64597c77ad7aef2d0a19be69a3253e57534d16aa15bf3a4d34a0a3?s=96&d=mm&r=g\",\"contentUrl\":\"https:\\\/\\\/secure.gravatar.com\\\/avatar\\\/1881429e9c64597c77ad7aef2d0a19be69a3253e57534d16aa15bf3a4d34a0a3?s=96&d=mm&r=g\",\"caption\":\"\u017baneta Mrozek-Siewierska\"},\"url\":\"https:\\\/\\\/www.24gliwice.pl\\\/wiadomosci\\\/author\\\/zms\\\/\"}]}<\/script>\n<!-- \/ Yoast SEO plugin. -->","yoast_head_json":{"title":"Autor reporta\u017cu \"O\u0142owiane dzieci\" go\u015bciem MBP. Spotkanie autorskie z Micha\u0142em J\u0119dryk\u0105 - 24GLIWICE - Portal Gliwice | codziennie nowe informacje","description":"Spotkanie autorskie z Micha\u0142em J\u0119dryk\u0105, autorem reporta\u017cu \"O\u0142owiane dzieci\", odb\u0119dzie si\u0119 w czwartek, 12 marca, w Bibliotece Centralnej","robots":{"index":"index","follow":"follow","max-snippet":"max-snippet:-1","max-image-preview":"max-image-preview:large","max-video-preview":"max-video-preview:-1"},"canonical":"https:\/\/www.24gliwice.pl\/wiadomosci\/autor-reportazu-olowiane-dzieci-gosciem-mbp-spotkanie-autorskie-z-michalem-jedryka\/","og_locale":"pl_PL","og_type":"article","og_title":"Autor reporta\u017cu \"O\u0142owiane dzieci\" go\u015bciem MBP. Spotkanie autorskie z Micha\u0142em J\u0119dryk\u0105 - 24GLIWICE - Portal Gliwice | codziennie nowe informacje","og_description":"Spotkanie autorskie z Micha\u0142em J\u0119dryk\u0105, autorem reporta\u017cu \"O\u0142owiane dzieci\", odb\u0119dzie si\u0119 w czwartek, 12 marca, w Bibliotece Centralnej","og_url":"https:\/\/www.24gliwice.pl\/wiadomosci\/autor-reportazu-olowiane-dzieci-gosciem-mbp-spotkanie-autorskie-z-michalem-jedryka\/","og_site_name":"24GLIWICE - Portal Gliwice | codziennie nowe informacje","article_publisher":"https:\/\/www.facebook.com\/24gliwice","article_published_time":"2026-03-06T16:18:23+00:00","og_image":[{"width":810,"height":456,"url":"https:\/\/www.24gliwice.pl\/wiadomosci\/wp-content\/uploads\/2026\/02\/michal-jedryka.jpg","type":"image\/jpeg"}],"author":"\u017baneta Mrozek-Siewierska","twitter_card":"summary_large_image","twitter_creator":"@24gliwice","twitter_site":"@24gliwice","twitter_misc":{"Napisane przez":"\u017baneta Mrozek-Siewierska","Szacowany czas czytania":"3 minuty"},"schema":{"@context":"https:\/\/schema.org","@graph":[{"@type":"Article","@id":"https:\/\/www.24gliwice.pl\/wiadomosci\/autor-reportazu-olowiane-dzieci-gosciem-mbp-spotkanie-autorskie-z-michalem-jedryka\/#article","isPartOf":{"@id":"https:\/\/www.24gliwice.pl\/wiadomosci\/autor-reportazu-olowiane-dzieci-gosciem-mbp-spotkanie-autorskie-z-michalem-jedryka\/"},"author":{"name":"\u017baneta Mrozek-Siewierska","@id":"https:\/\/www.24gliwice.pl\/wiadomosci\/#\/schema\/person\/e42c650edd7f2fa332be3811fb166b6e"},"headline":"Autor reporta\u017cu &#8220;O\u0142owiane dzieci&#8221; go\u015bciem MBP. Spotkanie autorskie z Micha\u0142em J\u0119dryk\u0105","datePublished":"2026-03-06T16:18:23+00:00","mainEntityOfPage":{"@id":"https:\/\/www.24gliwice.pl\/wiadomosci\/autor-reportazu-olowiane-dzieci-gosciem-mbp-spotkanie-autorskie-z-michalem-jedryka\/"},"wordCount":461,"commentCount":0,"publisher":{"@id":"https:\/\/www.24gliwice.pl\/wiadomosci\/#organization"},"image":{"@id":"https:\/\/www.24gliwice.pl\/wiadomosci\/autor-reportazu-olowiane-dzieci-gosciem-mbp-spotkanie-autorskie-z-michalem-jedryka\/#primaryimage"},"thumbnailUrl":"https:\/\/www.24gliwice.pl\/wiadomosci\/wp-content\/uploads\/2026\/02\/michal-jedryka.jpg","keywords":["O\u0141OWIANE DZIECI","SPOTKANIE AUTORSKIE"],"articleSection":["Gliwice","Kultura, wydarzenia, imprezy","Najnowsze wiadomo\u015bci"],"inLanguage":"pl-PL","potentialAction":[{"@type":"CommentAction","name":"Comment","target":["https:\/\/www.24gliwice.pl\/wiadomosci\/autor-reportazu-olowiane-dzieci-gosciem-mbp-spotkanie-autorskie-z-michalem-jedryka\/#respond"]}]},{"@type":"WebPage","@id":"https:\/\/www.24gliwice.pl\/wiadomosci\/autor-reportazu-olowiane-dzieci-gosciem-mbp-spotkanie-autorskie-z-michalem-jedryka\/","url":"https:\/\/www.24gliwice.pl\/wiadomosci\/autor-reportazu-olowiane-dzieci-gosciem-mbp-spotkanie-autorskie-z-michalem-jedryka\/","name":"Autor reporta\u017cu \"O\u0142owiane dzieci\" go\u015bciem MBP. Spotkanie autorskie z Micha\u0142em J\u0119dryk\u0105 - 24GLIWICE - Portal Gliwice | codziennie nowe informacje","isPartOf":{"@id":"https:\/\/www.24gliwice.pl\/wiadomosci\/#website"},"primaryImageOfPage":{"@id":"https:\/\/www.24gliwice.pl\/wiadomosci\/autor-reportazu-olowiane-dzieci-gosciem-mbp-spotkanie-autorskie-z-michalem-jedryka\/#primaryimage"},"image":{"@id":"https:\/\/www.24gliwice.pl\/wiadomosci\/autor-reportazu-olowiane-dzieci-gosciem-mbp-spotkanie-autorskie-z-michalem-jedryka\/#primaryimage"},"thumbnailUrl":"https:\/\/www.24gliwice.pl\/wiadomosci\/wp-content\/uploads\/2026\/02\/michal-jedryka.jpg","datePublished":"2026-03-06T16:18:23+00:00","description":"Spotkanie autorskie z Micha\u0142em J\u0119dryk\u0105, autorem reporta\u017cu \"O\u0142owiane dzieci\", odb\u0119dzie si\u0119 w czwartek, 12 marca, w Bibliotece Centralnej","breadcrumb":{"@id":"https:\/\/www.24gliwice.pl\/wiadomosci\/autor-reportazu-olowiane-dzieci-gosciem-mbp-spotkanie-autorskie-z-michalem-jedryka\/#breadcrumb"},"inLanguage":"pl-PL","potentialAction":[{"@type":"ReadAction","target":["https:\/\/www.24gliwice.pl\/wiadomosci\/autor-reportazu-olowiane-dzieci-gosciem-mbp-spotkanie-autorskie-z-michalem-jedryka\/"]}]},{"@type":"ImageObject","inLanguage":"pl-PL","@id":"https:\/\/www.24gliwice.pl\/wiadomosci\/autor-reportazu-olowiane-dzieci-gosciem-mbp-spotkanie-autorskie-z-michalem-jedryka\/#primaryimage","url":"https:\/\/www.24gliwice.pl\/wiadomosci\/wp-content\/uploads\/2026\/02\/michal-jedryka.jpg","contentUrl":"https:\/\/www.24gliwice.pl\/wiadomosci\/wp-content\/uploads\/2026\/02\/michal-jedryka.jpg","width":810,"height":456},{"@type":"BreadcrumbList","@id":"https:\/\/www.24gliwice.pl\/wiadomosci\/autor-reportazu-olowiane-dzieci-gosciem-mbp-spotkanie-autorskie-z-michalem-jedryka\/#breadcrumb","itemListElement":[{"@type":"ListItem","position":1,"name":"Strona g\u0142\u00f3wna","item":"https:\/\/www.24gliwice.pl\/wiadomosci\/"},{"@type":"ListItem","position":2,"name":"Autor reporta\u017cu &#8220;O\u0142owiane dzieci&#8221; go\u015bciem MBP. Spotkanie autorskie z Micha\u0142em J\u0119dryk\u0105"}]},{"@type":"WebSite","@id":"https:\/\/www.24gliwice.pl\/wiadomosci\/#website","url":"https:\/\/www.24gliwice.pl\/wiadomosci\/","name":"24GLIWICE - Portal Gliwice | codziennie nowe wiadomo\u015bci","description":"Portal Miejski Gliwice","publisher":{"@id":"https:\/\/www.24gliwice.pl\/wiadomosci\/#organization"},"potentialAction":[{"@type":"SearchAction","target":{"@type":"EntryPoint","urlTemplate":"https:\/\/www.24gliwice.pl\/wiadomosci\/?s={search_term_string}"},"query-input":{"@type":"PropertyValueSpecification","valueRequired":true,"valueName":"search_term_string"}}],"inLanguage":"pl-PL"},{"@type":"Organization","@id":"https:\/\/www.24gliwice.pl\/wiadomosci\/#organization","name":"24gliwice","url":"https:\/\/www.24gliwice.pl\/wiadomosci\/","logo":{"@type":"ImageObject","inLanguage":"pl-PL","@id":"https:\/\/www.24gliwice.pl\/wiadomosci\/#\/schema\/logo\/image\/","url":"https:\/\/www.24gliwice.pl\/wiadomosci\/wp-content\/uploads\/2024\/10\/24gliwice-logo-696.jpg","contentUrl":"https:\/\/www.24gliwice.pl\/wiadomosci\/wp-content\/uploads\/2024\/10\/24gliwice-logo-696.jpg","width":696,"height":696,"caption":"24gliwice"},"image":{"@id":"https:\/\/www.24gliwice.pl\/wiadomosci\/#\/schema\/logo\/image\/"},"sameAs":["https:\/\/www.facebook.com\/24gliwice","https:\/\/x.com\/24gliwice","https:\/\/www.youtube.com\/@24gliwice"]},{"@type":"Person","@id":"https:\/\/www.24gliwice.pl\/wiadomosci\/#\/schema\/person\/e42c650edd7f2fa332be3811fb166b6e","name":"\u017baneta Mrozek-Siewierska","image":{"@type":"ImageObject","inLanguage":"pl-PL","@id":"https:\/\/secure.gravatar.com\/avatar\/1881429e9c64597c77ad7aef2d0a19be69a3253e57534d16aa15bf3a4d34a0a3?s=96&d=mm&r=g","url":"https:\/\/secure.gravatar.com\/avatar\/1881429e9c64597c77ad7aef2d0a19be69a3253e57534d16aa15bf3a4d34a0a3?s=96&d=mm&r=g","contentUrl":"https:\/\/secure.gravatar.com\/avatar\/1881429e9c64597c77ad7aef2d0a19be69a3253e57534d16aa15bf3a4d34a0a3?s=96&d=mm&r=g","caption":"\u017baneta Mrozek-Siewierska"},"url":"https:\/\/www.24gliwice.pl\/wiadomosci\/author\/zms\/"}]}},"_links":{"self":[{"href":"https:\/\/www.24gliwice.pl\/wiadomosci\/wp-json\/wp\/v2\/posts\/266695","targetHints":{"allow":["GET"]}}],"collection":[{"href":"https:\/\/www.24gliwice.pl\/wiadomosci\/wp-json\/wp\/v2\/posts"}],"about":[{"href":"https:\/\/www.24gliwice.pl\/wiadomosci\/wp-json\/wp\/v2\/types\/post"}],"author":[{"embeddable":true,"href":"https:\/\/www.24gliwice.pl\/wiadomosci\/wp-json\/wp\/v2\/users\/15"}],"replies":[{"embeddable":true,"href":"https:\/\/www.24gliwice.pl\/wiadomosci\/wp-json\/wp\/v2\/comments?post=266695"}],"version-history":[{"count":0,"href":"https:\/\/www.24gliwice.pl\/wiadomosci\/wp-json\/wp\/v2\/posts\/266695\/revisions"}],"wp:featuredmedia":[{"embeddable":true,"href":"https:\/\/www.24gliwice.pl\/wiadomosci\/wp-json\/wp\/v2\/media\/266697"}],"wp:attachment":[{"href":"https:\/\/www.24gliwice.pl\/wiadomosci\/wp-json\/wp\/v2\/media?parent=266695"}],"wp:term":[{"taxonomy":"category","embeddable":true,"href":"https:\/\/www.24gliwice.pl\/wiadomosci\/wp-json\/wp\/v2\/categories?post=266695"},{"taxonomy":"post_tag","embeddable":true,"href":"https:\/\/www.24gliwice.pl\/wiadomosci\/wp-json\/wp\/v2\/tags?post=266695"}],"curies":[{"name":"wp","href":"https:\/\/api.w.org\/{rel}","templated":true}]}}