{"id":267010,"date":"2026-03-06T11:30:52","date_gmt":"2026-03-06T10:30:52","guid":{"rendered":"https:\/\/www.24gliwice.pl\/wiadomosci\/?p=267010"},"modified":"2026-03-06T11:30:42","modified_gmt":"2026-03-06T10:30:42","slug":"beyond-fashion-macie-nadmiar-ubran-w-szafie-mozna-przyniesc-je-na-wymiane","status":"publish","type":"post","link":"https:\/\/www.24gliwice.pl\/wiadomosci\/beyond-fashion-macie-nadmiar-ubran-w-szafie-mozna-przyniesc-je-na-wymiane\/","title":{"rendered":"Beyond Fashion. Macie nadmiar ubra\u0144 w szafie? Mo\u017cna przynie\u015b\u0107 je na wymian\u0119"},"content":{"rendered":"<div class=\"gliwi-a6-nad-leadem-artykulow gliwi-entity-placement\" id=\"gliwi-3717244490\"><div class=\"gliwi-adlabel\"><span style=\"font-size: 9px\">REKLAMA<\/span><\/div><div id=\"gliwi-3304417104\" style=\"margin-bottom: 30px;margin-left: auto;margin-right: auto;text-align: center;\"><a data-no-instant=\"1\" href=\"https:\/\/przedszkole.halogen.org.pl\/\" rel=\"noopener\" class=\"a2t-link\" target=\"_blank\" aria-label=\"20260402-ANIMATOR-przedszkole_grafika_750x200\"><img loading=\"lazy\" decoding=\"async\" src=\"https:\/\/www.24gliwice.pl\/wiadomosci\/wp-content\/uploads\/2026\/04\/20260402-ANIMATOR-przedszkole_grafika_750x200.webp\" alt=\"\"  srcset=\"https:\/\/www.24gliwice.pl\/wiadomosci\/wp-content\/uploads\/2026\/04\/20260402-ANIMATOR-przedszkole_grafika_750x200.webp 750w, https:\/\/www.24gliwice.pl\/wiadomosci\/wp-content\/uploads\/2026\/04\/20260402-ANIMATOR-przedszkole_grafika_750x200-410x109.webp 410w\" sizes=\"(max-width: 750px) 100vw, 750px\" class=\"no-lazyload\" width=\"750\" height=\"200\"  style=\"display: inline-block; max-width: 100%; height: auto;\" \/><\/a><\/div><\/div><h2>Szafa przestaje si\u0119 domyka\u0107, ale tak naprawd\u0119 nie wiesz, co w\u0142a\u015bciwie kryje si\u0119 w\u015br\u00f3d \u015bci\u015bni\u0119tych wieszak\u00f3w, wi\u0119c&#8230; nie masz co na siebie w\u0142o\u017cy\u0107 i musisz kupi\u0107 co\u015b sensownego? Nastolatki z V Liceum Og\u00f3lnokszta\u0142c\u0105cego w Gliwicach m\u00f3wi\u0105 STOP! I zapraszaj\u0105 na wymian\u0119 ubra\u0144.<\/h2>\n<p><!--more--><\/p>\n<p>Pi\u0119\u0107 licealistek i dobry pomys\u0142. Zapowiada si\u0119 interesuj\u0105co. Zuza, Martyna, Gosia, Mati i Martynka z V LO im. Andrzeja Struga zapraszaj\u0105 do udzia\u0142u w projekcie spo\u0142ecznym Beyond Fashion, kt\u00f3ry ma poszerza\u0107 wiedz\u0119 na temat problem\u00f3w zwi\u0105zanych z fast fashion i promowa\u0107 \u015bwiadom\u0105, odpowiedzialn\u0105 mod\u0119 w\u015br\u00f3d m\u0142odych ludzi.<\/p>\n<p>\u2013 <em>W ramach projektu organizujemy w naszej szkole r\u00f3\u017cnego rodzaju dzia\u0142ania, m.in. dni tematyczne, kiermasze oraz akcje edukacyjne, kt\u00f3re maj\u0105 zwr\u00f3ci\u0107 uwag\u0119, jaki wp\u0142yw ma przemys\u0142 odzie\u017cowy na \u015brodowisko Chcemy promowa\u0107 ide\u0119 ponownego obiegu odzie\u017cy i ograniczania nadmiernej konsumpcji, a tak\u017ce zach\u0119ci\u0107 do bardziej odpowiedzialnych wybor\u00f3w<\/em> \u2013 m\u00f3wi\u0105 licealistki. Jednym z element\u00f3w kampanii u\u015bwiadamiaj\u0105cej b\u0119dzie wymiana ubra\u0144, w kt\u00f3rej warto wzi\u0105\u0107 udzia\u0142. <\/p><div class=\"gliwi-a3-w-tresci-artykulow gliwi-entity-placement\" id=\"gliwi-1973085113\"><div class=\"gliwi-adlabel\"><span style=\"font-size: 9px\">REKLAMA<\/span><\/div><div id=\"gliwi-4167182245\" style=\"margin-bottom: 30px;margin-left: auto;margin-right: auto;text-align: center;\"><a data-no-instant=\"1\" href=\"https:\/\/ogrodyandersa.pl\/\" rel=\"noopener\" class=\"a2t-link\" target=\"_blank\" aria-label=\"20260415 Ogrody Andersa KUP TERAZ D\"><img loading=\"lazy\" decoding=\"async\" src=\"https:\/\/www.24gliwice.pl\/wiadomosci\/wp-content\/uploads\/2026\/04\/20260415-Ogrody-Andersa-KUP-TERAZ-D.jpg\" alt=\"\"  srcset=\"https:\/\/www.24gliwice.pl\/wiadomosci\/wp-content\/uploads\/2026\/04\/20260415-Ogrody-Andersa-KUP-TERAZ-D.jpg 750w, https:\/\/www.24gliwice.pl\/wiadomosci\/wp-content\/uploads\/2026\/04\/20260415-Ogrody-Andersa-KUP-TERAZ-D-410x109.jpg 410w\" sizes=\"(max-width: 750px) 100vw, 750px\" class=\"no-lazyload\" width=\"750\" height=\"200\"  style=\"display: inline-block; max-width: 100%; height: auto;\" \/><\/a><\/div><\/div>\n<h4>Wydarzenie zaplanowano na poniedzia\u0142ek, 9 marca, w Miejskiej Bibliotece Publicznej przy ul. Ko\u015bciuszki. Ka\u017cdy mo\u017ce wzi\u0105\u0107 w nim udzia\u0142. Wymiana ubra\u0144 potrwa od godz. 16:00 do 19:00.<\/h4>\n<p>Przejrzyjcie swoje szafy, to dobra okazja, by pozby\u0107 si\u0119 rzeczy, w kt\u00f3rych ju\u017c nie chodzicie, o kt\u00f3rych istnieniu by\u0107 mo\u017ce nawet zapomnieli\u015bcie. Komu\u015b mog\u0105 si\u0119 przyda\u0107. To \u015bwietna okazja, aby od\u015bwie\u017cy\u0107 swoj\u0105 garderob\u0119, spotka\u0107 si\u0119 z lokaln\u0105 spo\u0142eczno\u015bci\u0105 i wzi\u0105\u0107 udzia\u0142 w ciekawym, edukacyjnym wydarzeniu.<\/p>\n<p>W planach licealistek s\u0105 te\u017c warsztaty samodzielnego przerabiania starych ubra\u0144 na nowe, u\u017cytkowe rzeczy. Wi\u0119cej informacji na temat dzia\u0142a\u0144 Beyond Fashion znale\u017a\u0107 mo\u017cna na Instagramie_.beyondfashion._<\/p>\n<h5>Projekt Beyond Fashion realizowany jest ramach og\u00f3lnopolskiej olimpiady Zwolnieni z Teorii. To program edukacyjny, w kt\u00f3rym m\u0142odzie\u017c tworzy w\u0142asne projekty spo\u0142eczne, uczy si\u0119 przedsi\u0119biorczo\u015bci, a tak\u017ce rozwija kompetencje organizacyjne i komunikacyjne.<\/h5>\n<p>Warto wiedzie\u0107, \u017ce spo\u0142eczno\u015b\u0107 V LO realizuje r\u00f3\u017cne dzia\u0142ania maj\u0105ce zwi\u0119kszy\u0107 \u015bwiadomo\u015b\u0107 spo\u0142eczn\u0105 lub u\u0142atwi\u0107 codzienne funkcjonowanie r\u00f3\u017cnych grup. Jednym z nich by\u0142a strefa chilloutu dla mieszka\u0144c\u00f3w Domu Pomocy Spo\u0142ecznej \u201eNasz Dom\u201d na Sikorniku z przytuln\u0105 przestrzeni\u0105 wypoczynkow\u0105, kt\u00f3r\u0105 uczniowie zrealizowali w czasie wolnym od zaj\u0119\u0107. <\/p>\n<p>(\u017cms)\/UM Gliwice(mf)<\/p>\n<div class=\"gliwi-a5-na-koncu-artykulow gliwi-entity-placement\" id=\"gliwi-3894227953\"><div class=\"gliwi-adlabel\"><span style=\"font-size: 9px\">REKLAMA<\/span><\/div><div id=\"gliwi-3486752483\" style=\"margin-left: auto;margin-right: auto;text-align: center;\"><a data-no-instant=\"1\" href=\"https:\/\/www.jasek.pl\/\" rel=\"noopener\" class=\"a2t-link\" target=\"_blank\" aria-label=\"20200401-jasek 600\"><img loading=\"lazy\" decoding=\"async\" src=\"https:\/\/www.24gliwice.pl\/wiadomosci\/wp-content\/uploads\/2020\/04\/20200401-jasek-600.jpg\" alt=\"\"  srcset=\"https:\/\/www.24gliwice.pl\/wiadomosci\/wp-content\/uploads\/2020\/04\/20200401-jasek-600.jpg 600w, https:\/\/www.24gliwice.pl\/wiadomosci\/wp-content\/uploads\/2020\/04\/20200401-jasek-600-410x109.jpg 410w\" sizes=\"(max-width: 600px) 100vw, 600px\" class=\"no-lazyload\" width=\"600\" height=\"160\"  style=\"display: inline-block; max-width: 100%; height: auto;\" \/><\/a><\/div><\/div>","protected":false},"excerpt":{"rendered":"<p>Szafa przestaje si\u0119 domyka\u0107, ale tak naprawd\u0119 nie wiesz, co w\u0142a\u015bciwie kryje si\u0119 w\u015br\u00f3d \u015bci\u015bni\u0119tych wieszak\u00f3w, wi\u0119c&#8230; nie masz co na siebie w\u0142o\u017cy\u0107 i musisz kupi\u0107 co\u015b sensownego? Nastolatki z V Liceum Og\u00f3lnokszta\u0142c\u0105cego w Gliwicach m\u00f3wi\u0105 STOP! I zapraszaj\u0105 na wymian\u0119 ubra\u0144.<\/p>\n","protected":false},"author":15,"featured_media":135034,"comment_status":"open","ping_status":"closed","sticky":false,"template":"","format":"standard","meta":{"_monsterinsights_skip_tracking":false,"_monsterinsights_sitenote_active":false,"_monsterinsights_sitenote_note":"","_monsterinsights_sitenote_category":0,"footnotes":"","_links_to":"","_links_to_target":""},"categories":[3,6,1],"tags":[24817,24816],"class_list":["post-267010","post","type-post","status-publish","format-standard","has-post-thumbnail","hentry","category-gliwice","category-kultura","category-wszystko","tag-beyond-fashion","tag-wymiana-ubran"],"yoast_head":"<!-- This site is optimized with the Yoast SEO plugin v27.5 - https:\/\/yoast.com\/product\/yoast-seo-wordpress\/ -->\n<title>Beyond Fashion. Macie nadmiar ubra\u0144 w szafie? Mo\u017cna przynie\u015b\u0107 je na wymian\u0119 - 24GLIWICE - Portal Gliwice | codziennie nowe informacje<\/title>\n<meta name=\"description\" content=\"Z inicjatywy licealistek z V LO w Bibliotece Centralnej w poniedzia\u0142ek, 9 marca, odb\u0119dzie si\u0119 wymiana ubra\u0144.\" \/>\n<meta name=\"robots\" content=\"index, follow, max-snippet:-1, max-image-preview:large, max-video-preview:-1\" \/>\n<link rel=\"canonical\" href=\"https:\/\/www.24gliwice.pl\/wiadomosci\/beyond-fashion-macie-nadmiar-ubran-w-szafie-mozna-przyniesc-je-na-wymiane\/\" \/>\n<meta property=\"og:locale\" content=\"pl_PL\" \/>\n<meta property=\"og:type\" content=\"article\" \/>\n<meta property=\"og:title\" content=\"Beyond Fashion. Macie nadmiar ubra\u0144 w szafie? Mo\u017cna przynie\u015b\u0107 je na wymian\u0119 - 24GLIWICE - Portal Gliwice | codziennie nowe informacje\" \/>\n<meta property=\"og:description\" content=\"Z inicjatywy licealistek z V LO w Bibliotece Centralnej w poniedzia\u0142ek, 9 marca, odb\u0119dzie si\u0119 wymiana ubra\u0144.\" \/>\n<meta property=\"og:url\" content=\"https:\/\/www.24gliwice.pl\/wiadomosci\/beyond-fashion-macie-nadmiar-ubran-w-szafie-mozna-przyniesc-je-na-wymiane\/\" \/>\n<meta property=\"og:site_name\" content=\"24GLIWICE - Portal Gliwice | codziennie nowe informacje\" \/>\n<meta property=\"article:publisher\" content=\"https:\/\/www.facebook.com\/24gliwice\" \/>\n<meta property=\"article:published_time\" content=\"2026-03-06T10:30:52+00:00\" \/>\n<meta property=\"og:image\" content=\"https:\/\/www.24gliwice.pl\/wiadomosci\/wp-content\/uploads\/2019\/05\/ubrania.jpeg\" \/>\n\t<meta property=\"og:image:width\" content=\"1819\" \/>\n\t<meta property=\"og:image:height\" content=\"1023\" \/>\n\t<meta property=\"og:image:type\" content=\"image\/jpeg\" \/>\n<meta name=\"author\" content=\"\u017baneta Mrozek-Siewierska\" \/>\n<meta name=\"twitter:card\" content=\"summary_large_image\" \/>\n<meta name=\"twitter:creator\" content=\"@24gliwice\" \/>\n<meta name=\"twitter:site\" content=\"@24gliwice\" \/>\n<meta name=\"twitter:label1\" content=\"Napisane przez\" \/>\n\t<meta name=\"twitter:data1\" content=\"\u017baneta Mrozek-Siewierska\" \/>\n\t<meta name=\"twitter:label2\" content=\"Szacowany czas czytania\" \/>\n\t<meta name=\"twitter:data2\" content=\"3 minuty\" \/>\n<script type=\"application\/ld+json\" class=\"yoast-schema-graph\">{\"@context\":\"https:\\\/\\\/schema.org\",\"@graph\":[{\"@type\":\"Article\",\"@id\":\"https:\\\/\\\/www.24gliwice.pl\\\/wiadomosci\\\/beyond-fashion-macie-nadmiar-ubran-w-szafie-mozna-przyniesc-je-na-wymiane\\\/#article\",\"isPartOf\":{\"@id\":\"https:\\\/\\\/www.24gliwice.pl\\\/wiadomosci\\\/beyond-fashion-macie-nadmiar-ubran-w-szafie-mozna-przyniesc-je-na-wymiane\\\/\"},\"author\":{\"name\":\"\u017baneta Mrozek-Siewierska\",\"@id\":\"https:\\\/\\\/www.24gliwice.pl\\\/wiadomosci\\\/#\\\/schema\\\/person\\\/e42c650edd7f2fa332be3811fb166b6e\"},\"headline\":\"Beyond Fashion. Macie nadmiar ubra\u0144 w szafie? Mo\u017cna przynie\u015b\u0107 je na wymian\u0119\",\"datePublished\":\"2026-03-06T10:30:52+00:00\",\"mainEntityOfPage\":{\"@id\":\"https:\\\/\\\/www.24gliwice.pl\\\/wiadomosci\\\/beyond-fashion-macie-nadmiar-ubran-w-szafie-mozna-przyniesc-je-na-wymiane\\\/\"},\"wordCount\":415,\"commentCount\":1,\"publisher\":{\"@id\":\"https:\\\/\\\/www.24gliwice.pl\\\/wiadomosci\\\/#organization\"},\"image\":{\"@id\":\"https:\\\/\\\/www.24gliwice.pl\\\/wiadomosci\\\/beyond-fashion-macie-nadmiar-ubran-w-szafie-mozna-przyniesc-je-na-wymiane\\\/#primaryimage\"},\"thumbnailUrl\":\"https:\\\/\\\/www.24gliwice.pl\\\/wiadomosci\\\/wp-content\\\/uploads\\\/2019\\\/05\\\/ubrania.jpeg\",\"keywords\":[\"BEYOND FASHION\",\"WYMIANA UBRA\u0143\"],\"articleSection\":[\"Gliwice\",\"Kultura, wydarzenia, imprezy\",\"Najnowsze wiadomo\u015bci\"],\"inLanguage\":\"pl-PL\",\"potentialAction\":[{\"@type\":\"CommentAction\",\"name\":\"Comment\",\"target\":[\"https:\\\/\\\/www.24gliwice.pl\\\/wiadomosci\\\/beyond-fashion-macie-nadmiar-ubran-w-szafie-mozna-przyniesc-je-na-wymiane\\\/#respond\"]}]},{\"@type\":\"WebPage\",\"@id\":\"https:\\\/\\\/www.24gliwice.pl\\\/wiadomosci\\\/beyond-fashion-macie-nadmiar-ubran-w-szafie-mozna-przyniesc-je-na-wymiane\\\/\",\"url\":\"https:\\\/\\\/www.24gliwice.pl\\\/wiadomosci\\\/beyond-fashion-macie-nadmiar-ubran-w-szafie-mozna-przyniesc-je-na-wymiane\\\/\",\"name\":\"Beyond Fashion. Macie nadmiar ubra\u0144 w szafie? Mo\u017cna przynie\u015b\u0107 je na wymian\u0119 - 24GLIWICE - Portal Gliwice | codziennie nowe informacje\",\"isPartOf\":{\"@id\":\"https:\\\/\\\/www.24gliwice.pl\\\/wiadomosci\\\/#website\"},\"primaryImageOfPage\":{\"@id\":\"https:\\\/\\\/www.24gliwice.pl\\\/wiadomosci\\\/beyond-fashion-macie-nadmiar-ubran-w-szafie-mozna-przyniesc-je-na-wymiane\\\/#primaryimage\"},\"image\":{\"@id\":\"https:\\\/\\\/www.24gliwice.pl\\\/wiadomosci\\\/beyond-fashion-macie-nadmiar-ubran-w-szafie-mozna-przyniesc-je-na-wymiane\\\/#primaryimage\"},\"thumbnailUrl\":\"https:\\\/\\\/www.24gliwice.pl\\\/wiadomosci\\\/wp-content\\\/uploads\\\/2019\\\/05\\\/ubrania.jpeg\",\"datePublished\":\"2026-03-06T10:30:52+00:00\",\"description\":\"Z inicjatywy licealistek z V LO w Bibliotece Centralnej w poniedzia\u0142ek, 9 marca, odb\u0119dzie si\u0119 wymiana ubra\u0144.\",\"breadcrumb\":{\"@id\":\"https:\\\/\\\/www.24gliwice.pl\\\/wiadomosci\\\/beyond-fashion-macie-nadmiar-ubran-w-szafie-mozna-przyniesc-je-na-wymiane\\\/#breadcrumb\"},\"inLanguage\":\"pl-PL\",\"potentialAction\":[{\"@type\":\"ReadAction\",\"target\":[\"https:\\\/\\\/www.24gliwice.pl\\\/wiadomosci\\\/beyond-fashion-macie-nadmiar-ubran-w-szafie-mozna-przyniesc-je-na-wymiane\\\/\"]}]},{\"@type\":\"ImageObject\",\"inLanguage\":\"pl-PL\",\"@id\":\"https:\\\/\\\/www.24gliwice.pl\\\/wiadomosci\\\/beyond-fashion-macie-nadmiar-ubran-w-szafie-mozna-przyniesc-je-na-wymiane\\\/#primaryimage\",\"url\":\"https:\\\/\\\/www.24gliwice.pl\\\/wiadomosci\\\/wp-content\\\/uploads\\\/2019\\\/05\\\/ubrania.jpeg\",\"contentUrl\":\"https:\\\/\\\/www.24gliwice.pl\\\/wiadomosci\\\/wp-content\\\/uploads\\\/2019\\\/05\\\/ubrania.jpeg\",\"width\":1819,\"height\":1023},{\"@type\":\"BreadcrumbList\",\"@id\":\"https:\\\/\\\/www.24gliwice.pl\\\/wiadomosci\\\/beyond-fashion-macie-nadmiar-ubran-w-szafie-mozna-przyniesc-je-na-wymiane\\\/#breadcrumb\",\"itemListElement\":[{\"@type\":\"ListItem\",\"position\":1,\"name\":\"Strona g\u0142\u00f3wna\",\"item\":\"https:\\\/\\\/www.24gliwice.pl\\\/wiadomosci\\\/\"},{\"@type\":\"ListItem\",\"position\":2,\"name\":\"Beyond Fashion. Macie nadmiar ubra\u0144 w szafie? Mo\u017cna przynie\u015b\u0107 je na wymian\u0119\"}]},{\"@type\":\"WebSite\",\"@id\":\"https:\\\/\\\/www.24gliwice.pl\\\/wiadomosci\\\/#website\",\"url\":\"https:\\\/\\\/www.24gliwice.pl\\\/wiadomosci\\\/\",\"name\":\"24GLIWICE - Portal Gliwice | codziennie nowe wiadomo\u015bci\",\"description\":\"Portal Miejski Gliwice\",\"publisher\":{\"@id\":\"https:\\\/\\\/www.24gliwice.pl\\\/wiadomosci\\\/#organization\"},\"potentialAction\":[{\"@type\":\"SearchAction\",\"target\":{\"@type\":\"EntryPoint\",\"urlTemplate\":\"https:\\\/\\\/www.24gliwice.pl\\\/wiadomosci\\\/?s={search_term_string}\"},\"query-input\":{\"@type\":\"PropertyValueSpecification\",\"valueRequired\":true,\"valueName\":\"search_term_string\"}}],\"inLanguage\":\"pl-PL\"},{\"@type\":\"Organization\",\"@id\":\"https:\\\/\\\/www.24gliwice.pl\\\/wiadomosci\\\/#organization\",\"name\":\"24gliwice\",\"url\":\"https:\\\/\\\/www.24gliwice.pl\\\/wiadomosci\\\/\",\"logo\":{\"@type\":\"ImageObject\",\"inLanguage\":\"pl-PL\",\"@id\":\"https:\\\/\\\/www.24gliwice.pl\\\/wiadomosci\\\/#\\\/schema\\\/logo\\\/image\\\/\",\"url\":\"https:\\\/\\\/www.24gliwice.pl\\\/wiadomosci\\\/wp-content\\\/uploads\\\/2024\\\/10\\\/24gliwice-logo-696.jpg\",\"contentUrl\":\"https:\\\/\\\/www.24gliwice.pl\\\/wiadomosci\\\/wp-content\\\/uploads\\\/2024\\\/10\\\/24gliwice-logo-696.jpg\",\"width\":696,\"height\":696,\"caption\":\"24gliwice\"},\"image\":{\"@id\":\"https:\\\/\\\/www.24gliwice.pl\\\/wiadomosci\\\/#\\\/schema\\\/logo\\\/image\\\/\"},\"sameAs\":[\"https:\\\/\\\/www.facebook.com\\\/24gliwice\",\"https:\\\/\\\/x.com\\\/24gliwice\",\"https:\\\/\\\/www.youtube.com\\\/@24gliwice\"]},{\"@type\":\"Person\",\"@id\":\"https:\\\/\\\/www.24gliwice.pl\\\/wiadomosci\\\/#\\\/schema\\\/person\\\/e42c650edd7f2fa332be3811fb166b6e\",\"name\":\"\u017baneta Mrozek-Siewierska\",\"image\":{\"@type\":\"ImageObject\",\"inLanguage\":\"pl-PL\",\"@id\":\"https:\\\/\\\/secure.gravatar.com\\\/avatar\\\/1881429e9c64597c77ad7aef2d0a19be69a3253e57534d16aa15bf3a4d34a0a3?s=96&d=mm&r=g\",\"url\":\"https:\\\/\\\/secure.gravatar.com\\\/avatar\\\/1881429e9c64597c77ad7aef2d0a19be69a3253e57534d16aa15bf3a4d34a0a3?s=96&d=mm&r=g\",\"contentUrl\":\"https:\\\/\\\/secure.gravatar.com\\\/avatar\\\/1881429e9c64597c77ad7aef2d0a19be69a3253e57534d16aa15bf3a4d34a0a3?s=96&d=mm&r=g\",\"caption\":\"\u017baneta Mrozek-Siewierska\"},\"url\":\"https:\\\/\\\/www.24gliwice.pl\\\/wiadomosci\\\/author\\\/zms\\\/\"}]}<\/script>\n<!-- \/ Yoast SEO plugin. -->","yoast_head_json":{"title":"Beyond Fashion. Macie nadmiar ubra\u0144 w szafie? Mo\u017cna przynie\u015b\u0107 je na wymian\u0119 - 24GLIWICE - Portal Gliwice | codziennie nowe informacje","description":"Z inicjatywy licealistek z V LO w Bibliotece Centralnej w poniedzia\u0142ek, 9 marca, odb\u0119dzie si\u0119 wymiana ubra\u0144.","robots":{"index":"index","follow":"follow","max-snippet":"max-snippet:-1","max-image-preview":"max-image-preview:large","max-video-preview":"max-video-preview:-1"},"canonical":"https:\/\/www.24gliwice.pl\/wiadomosci\/beyond-fashion-macie-nadmiar-ubran-w-szafie-mozna-przyniesc-je-na-wymiane\/","og_locale":"pl_PL","og_type":"article","og_title":"Beyond Fashion. Macie nadmiar ubra\u0144 w szafie? Mo\u017cna przynie\u015b\u0107 je na wymian\u0119 - 24GLIWICE - Portal Gliwice | codziennie nowe informacje","og_description":"Z inicjatywy licealistek z V LO w Bibliotece Centralnej w poniedzia\u0142ek, 9 marca, odb\u0119dzie si\u0119 wymiana ubra\u0144.","og_url":"https:\/\/www.24gliwice.pl\/wiadomosci\/beyond-fashion-macie-nadmiar-ubran-w-szafie-mozna-przyniesc-je-na-wymiane\/","og_site_name":"24GLIWICE - Portal Gliwice | codziennie nowe informacje","article_publisher":"https:\/\/www.facebook.com\/24gliwice","article_published_time":"2026-03-06T10:30:52+00:00","og_image":[{"width":1819,"height":1023,"url":"https:\/\/www.24gliwice.pl\/wiadomosci\/wp-content\/uploads\/2019\/05\/ubrania.jpeg","type":"image\/jpeg"}],"author":"\u017baneta Mrozek-Siewierska","twitter_card":"summary_large_image","twitter_creator":"@24gliwice","twitter_site":"@24gliwice","twitter_misc":{"Napisane przez":"\u017baneta Mrozek-Siewierska","Szacowany czas czytania":"3 minuty"},"schema":{"@context":"https:\/\/schema.org","@graph":[{"@type":"Article","@id":"https:\/\/www.24gliwice.pl\/wiadomosci\/beyond-fashion-macie-nadmiar-ubran-w-szafie-mozna-przyniesc-je-na-wymiane\/#article","isPartOf":{"@id":"https:\/\/www.24gliwice.pl\/wiadomosci\/beyond-fashion-macie-nadmiar-ubran-w-szafie-mozna-przyniesc-je-na-wymiane\/"},"author":{"name":"\u017baneta Mrozek-Siewierska","@id":"https:\/\/www.24gliwice.pl\/wiadomosci\/#\/schema\/person\/e42c650edd7f2fa332be3811fb166b6e"},"headline":"Beyond Fashion. Macie nadmiar ubra\u0144 w szafie? Mo\u017cna przynie\u015b\u0107 je na wymian\u0119","datePublished":"2026-03-06T10:30:52+00:00","mainEntityOfPage":{"@id":"https:\/\/www.24gliwice.pl\/wiadomosci\/beyond-fashion-macie-nadmiar-ubran-w-szafie-mozna-przyniesc-je-na-wymiane\/"},"wordCount":415,"commentCount":1,"publisher":{"@id":"https:\/\/www.24gliwice.pl\/wiadomosci\/#organization"},"image":{"@id":"https:\/\/www.24gliwice.pl\/wiadomosci\/beyond-fashion-macie-nadmiar-ubran-w-szafie-mozna-przyniesc-je-na-wymiane\/#primaryimage"},"thumbnailUrl":"https:\/\/www.24gliwice.pl\/wiadomosci\/wp-content\/uploads\/2019\/05\/ubrania.jpeg","keywords":["BEYOND FASHION","WYMIANA UBRA\u0143"],"articleSection":["Gliwice","Kultura, wydarzenia, imprezy","Najnowsze wiadomo\u015bci"],"inLanguage":"pl-PL","potentialAction":[{"@type":"CommentAction","name":"Comment","target":["https:\/\/www.24gliwice.pl\/wiadomosci\/beyond-fashion-macie-nadmiar-ubran-w-szafie-mozna-przyniesc-je-na-wymiane\/#respond"]}]},{"@type":"WebPage","@id":"https:\/\/www.24gliwice.pl\/wiadomosci\/beyond-fashion-macie-nadmiar-ubran-w-szafie-mozna-przyniesc-je-na-wymiane\/","url":"https:\/\/www.24gliwice.pl\/wiadomosci\/beyond-fashion-macie-nadmiar-ubran-w-szafie-mozna-przyniesc-je-na-wymiane\/","name":"Beyond Fashion. Macie nadmiar ubra\u0144 w szafie? Mo\u017cna przynie\u015b\u0107 je na wymian\u0119 - 24GLIWICE - Portal Gliwice | codziennie nowe informacje","isPartOf":{"@id":"https:\/\/www.24gliwice.pl\/wiadomosci\/#website"},"primaryImageOfPage":{"@id":"https:\/\/www.24gliwice.pl\/wiadomosci\/beyond-fashion-macie-nadmiar-ubran-w-szafie-mozna-przyniesc-je-na-wymiane\/#primaryimage"},"image":{"@id":"https:\/\/www.24gliwice.pl\/wiadomosci\/beyond-fashion-macie-nadmiar-ubran-w-szafie-mozna-przyniesc-je-na-wymiane\/#primaryimage"},"thumbnailUrl":"https:\/\/www.24gliwice.pl\/wiadomosci\/wp-content\/uploads\/2019\/05\/ubrania.jpeg","datePublished":"2026-03-06T10:30:52+00:00","description":"Z inicjatywy licealistek z V LO w Bibliotece Centralnej w poniedzia\u0142ek, 9 marca, odb\u0119dzie si\u0119 wymiana ubra\u0144.","breadcrumb":{"@id":"https:\/\/www.24gliwice.pl\/wiadomosci\/beyond-fashion-macie-nadmiar-ubran-w-szafie-mozna-przyniesc-je-na-wymiane\/#breadcrumb"},"inLanguage":"pl-PL","potentialAction":[{"@type":"ReadAction","target":["https:\/\/www.24gliwice.pl\/wiadomosci\/beyond-fashion-macie-nadmiar-ubran-w-szafie-mozna-przyniesc-je-na-wymiane\/"]}]},{"@type":"ImageObject","inLanguage":"pl-PL","@id":"https:\/\/www.24gliwice.pl\/wiadomosci\/beyond-fashion-macie-nadmiar-ubran-w-szafie-mozna-przyniesc-je-na-wymiane\/#primaryimage","url":"https:\/\/www.24gliwice.pl\/wiadomosci\/wp-content\/uploads\/2019\/05\/ubrania.jpeg","contentUrl":"https:\/\/www.24gliwice.pl\/wiadomosci\/wp-content\/uploads\/2019\/05\/ubrania.jpeg","width":1819,"height":1023},{"@type":"BreadcrumbList","@id":"https:\/\/www.24gliwice.pl\/wiadomosci\/beyond-fashion-macie-nadmiar-ubran-w-szafie-mozna-przyniesc-je-na-wymiane\/#breadcrumb","itemListElement":[{"@type":"ListItem","position":1,"name":"Strona g\u0142\u00f3wna","item":"https:\/\/www.24gliwice.pl\/wiadomosci\/"},{"@type":"ListItem","position":2,"name":"Beyond Fashion. Macie nadmiar ubra\u0144 w szafie? Mo\u017cna przynie\u015b\u0107 je na wymian\u0119"}]},{"@type":"WebSite","@id":"https:\/\/www.24gliwice.pl\/wiadomosci\/#website","url":"https:\/\/www.24gliwice.pl\/wiadomosci\/","name":"24GLIWICE - Portal Gliwice | codziennie nowe wiadomo\u015bci","description":"Portal Miejski Gliwice","publisher":{"@id":"https:\/\/www.24gliwice.pl\/wiadomosci\/#organization"},"potentialAction":[{"@type":"SearchAction","target":{"@type":"EntryPoint","urlTemplate":"https:\/\/www.24gliwice.pl\/wiadomosci\/?s={search_term_string}"},"query-input":{"@type":"PropertyValueSpecification","valueRequired":true,"valueName":"search_term_string"}}],"inLanguage":"pl-PL"},{"@type":"Organization","@id":"https:\/\/www.24gliwice.pl\/wiadomosci\/#organization","name":"24gliwice","url":"https:\/\/www.24gliwice.pl\/wiadomosci\/","logo":{"@type":"ImageObject","inLanguage":"pl-PL","@id":"https:\/\/www.24gliwice.pl\/wiadomosci\/#\/schema\/logo\/image\/","url":"https:\/\/www.24gliwice.pl\/wiadomosci\/wp-content\/uploads\/2024\/10\/24gliwice-logo-696.jpg","contentUrl":"https:\/\/www.24gliwice.pl\/wiadomosci\/wp-content\/uploads\/2024\/10\/24gliwice-logo-696.jpg","width":696,"height":696,"caption":"24gliwice"},"image":{"@id":"https:\/\/www.24gliwice.pl\/wiadomosci\/#\/schema\/logo\/image\/"},"sameAs":["https:\/\/www.facebook.com\/24gliwice","https:\/\/x.com\/24gliwice","https:\/\/www.youtube.com\/@24gliwice"]},{"@type":"Person","@id":"https:\/\/www.24gliwice.pl\/wiadomosci\/#\/schema\/person\/e42c650edd7f2fa332be3811fb166b6e","name":"\u017baneta Mrozek-Siewierska","image":{"@type":"ImageObject","inLanguage":"pl-PL","@id":"https:\/\/secure.gravatar.com\/avatar\/1881429e9c64597c77ad7aef2d0a19be69a3253e57534d16aa15bf3a4d34a0a3?s=96&d=mm&r=g","url":"https:\/\/secure.gravatar.com\/avatar\/1881429e9c64597c77ad7aef2d0a19be69a3253e57534d16aa15bf3a4d34a0a3?s=96&d=mm&r=g","contentUrl":"https:\/\/secure.gravatar.com\/avatar\/1881429e9c64597c77ad7aef2d0a19be69a3253e57534d16aa15bf3a4d34a0a3?s=96&d=mm&r=g","caption":"\u017baneta Mrozek-Siewierska"},"url":"https:\/\/www.24gliwice.pl\/wiadomosci\/author\/zms\/"}]}},"_links":{"self":[{"href":"https:\/\/www.24gliwice.pl\/wiadomosci\/wp-json\/wp\/v2\/posts\/267010","targetHints":{"allow":["GET"]}}],"collection":[{"href":"https:\/\/www.24gliwice.pl\/wiadomosci\/wp-json\/wp\/v2\/posts"}],"about":[{"href":"https:\/\/www.24gliwice.pl\/wiadomosci\/wp-json\/wp\/v2\/types\/post"}],"author":[{"embeddable":true,"href":"https:\/\/www.24gliwice.pl\/wiadomosci\/wp-json\/wp\/v2\/users\/15"}],"replies":[{"embeddable":true,"href":"https:\/\/www.24gliwice.pl\/wiadomosci\/wp-json\/wp\/v2\/comments?post=267010"}],"version-history":[{"count":0,"href":"https:\/\/www.24gliwice.pl\/wiadomosci\/wp-json\/wp\/v2\/posts\/267010\/revisions"}],"wp:featuredmedia":[{"embeddable":true,"href":"https:\/\/www.24gliwice.pl\/wiadomosci\/wp-json\/wp\/v2\/media\/135034"}],"wp:attachment":[{"href":"https:\/\/www.24gliwice.pl\/wiadomosci\/wp-json\/wp\/v2\/media?parent=267010"}],"wp:term":[{"taxonomy":"category","embeddable":true,"href":"https:\/\/www.24gliwice.pl\/wiadomosci\/wp-json\/wp\/v2\/categories?post=267010"},{"taxonomy":"post_tag","embeddable":true,"href":"https:\/\/www.24gliwice.pl\/wiadomosci\/wp-json\/wp\/v2\/tags?post=267010"}],"curies":[{"name":"wp","href":"https:\/\/api.w.org\/{rel}","templated":true}]}}