{"id":267033,"date":"2026-03-03T08:27:10","date_gmt":"2026-03-03T07:27:10","guid":{"rendered":"https:\/\/www.24gliwice.pl\/wiadomosci\/?p=267033"},"modified":"2026-03-03T03:29:29","modified_gmt":"2026-03-03T02:29:29","slug":"1400-metrow-nowej-drogi-rowerowej-rozpoczely-sie-roboty-przy-budowie-drugiego-odcinka","status":"publish","type":"post","link":"https:\/\/www.24gliwice.pl\/wiadomosci\/1400-metrow-nowej-drogi-rowerowej-rozpoczely-sie-roboty-przy-budowie-drugiego-odcinka\/","title":{"rendered":"1400 metr\u00f3w nowej drogi rowerowej. Rozpocz\u0119\u0142y si\u0119 roboty przy budowie drugiego odcinka"},"content":{"rendered":"<div class=\"gliwi-a6-nad-leadem-artykulow gliwi-entity-placement\" id=\"gliwi-4269864590\"><div class=\"gliwi-adlabel\"><span style=\"font-size: 9px\">REKLAMA<\/span><\/div><div id=\"gliwi-2521835991\" style=\"margin-bottom: 30px;margin-left: auto;margin-right: auto;text-align: center;\"><a data-no-instant=\"1\" href=\"https:\/\/przedszkole.halogen.org.pl\/\" rel=\"noopener\" class=\"a2t-link\" target=\"_blank\" aria-label=\"20260402-ANIMATOR-przedszkole_grafika_750x200\"><img loading=\"lazy\" decoding=\"async\" src=\"https:\/\/www.24gliwice.pl\/wiadomosci\/wp-content\/uploads\/2026\/04\/20260402-ANIMATOR-przedszkole_grafika_750x200.webp\" alt=\"\"  srcset=\"https:\/\/www.24gliwice.pl\/wiadomosci\/wp-content\/uploads\/2026\/04\/20260402-ANIMATOR-przedszkole_grafika_750x200.webp 750w, https:\/\/www.24gliwice.pl\/wiadomosci\/wp-content\/uploads\/2026\/04\/20260402-ANIMATOR-przedszkole_grafika_750x200-410x109.webp 410w\" sizes=\"(max-width: 750px) 100vw, 750px\" class=\"no-lazyload\" width=\"750\" height=\"200\"  style=\"display: inline-block; max-width: 100%; height: auto;\" \/><\/a><\/div><\/div><h2>Wzd\u0142u\u017c ulicy Edisona powstaje droga rowerowa, kt\u00f3ra umo\u017cliwi dojazd do infrastruktury biegn\u0105cej wzd\u0142u\u017c ul. Portowej od strony Starych Gliwic. Budowa drugiego etapu tej trasy ruszy\u0142a pod koniec lutego. Zako\u0144czenie rob\u00f3t przewidywane jest na prze\u0142omie II i III kwarta\u0142u br.<\/h2>\n<p><!--more--><\/p>\n<p>&#8211; <em>Pierwszy odcinek inwestycji, realizowany od ubieg\u0142ego roku, jest ju\u017c na finiszu. Do wykonania pozosta\u0142y drobne prace wyko\u0144czeniowe, humusowanie terenu oraz u\u0142o\u017cenie ostatniej warstwy asfaltu. R\u00f3wnocze\u015bnie rozpocz\u0119\u0142y si\u0119 roboty przy drugim fragmencie trasy, prowadz\u0105cym w kierunku ul. \u0141ab\u0119dzkiej, kt\u00f3re stopniowo nabieraj\u0105 tempa<\/em> &#8211; informuje rzeczniczka Zarz\u0105du Dr\u00f3g Miejskich,<strong> Jadwiga Jagie\u0142\u0142o-Stiborska. <\/strong><\/p>\n<p><a href=\"https:\/\/www.24gliwice.pl\/wiadomosci\/wp-content\/uploads\/2026\/02\/edisona-5.jpg\"><img loading=\"lazy\" decoding=\"async\" src=\"https:\/\/www.24gliwice.pl\/wiadomosci\/wp-content\/uploads\/2026\/02\/edisona-5.jpg\" alt=\"\" width=\"810\" height=\"456\" class=\"alignnone size-full wp-image-267049\" srcset=\"https:\/\/www.24gliwice.pl\/wiadomosci\/wp-content\/uploads\/2026\/02\/edisona-5.jpg 810w, https:\/\/www.24gliwice.pl\/wiadomosci\/wp-content\/uploads\/2026\/02\/edisona-5-410x232.jpg 410w, https:\/\/www.24gliwice.pl\/wiadomosci\/wp-content\/uploads\/2026\/02\/edisona-5-808x455.jpg 808w, https:\/\/www.24gliwice.pl\/wiadomosci\/wp-content\/uploads\/2026\/02\/edisona-5-768x432.jpg 768w\" sizes=\"auto, (max-width: 810px) 100vw, 810px\" \/><\/a><\/p>\n<blockquote><p><em>Utrudnienia dla kierowc\u00f3w &#8211; podobnie jak przy realizacji pierwszego odcinka &#8211; b\u0119d\u0105 mia\u0142y charakter wy\u0142\u0105cznie czasowy. Ruch pojazd\u00f3w zostanie zachowany w obu kierunkach przez ca\u0142y okres budowy, natomiast piesi b\u0119d\u0105 porusza\u0107 si\u0119 trasami wyznaczonymi przez wykonawc\u0119<\/em><\/p><\/blockquote>\n<p>&#8211; dodaje rzeczniczka. <\/p><div class=\"gliwi-a3-w-tresci-artykulow gliwi-entity-placement\" id=\"gliwi-1736286984\"><div class=\"gliwi-adlabel\"><span style=\"font-size: 9px\">REKLAMA<\/span><\/div><div id=\"gliwi-1180916734\" style=\"margin-bottom: 30px;margin-left: auto;margin-right: auto;text-align: center;\"><a data-no-instant=\"1\" href=\"https:\/\/zlobek.halogen.org.pl\/\" rel=\"noopener\" class=\"a2t-link\" target=\"_blank\" aria-label=\"animator-zlobek_750x200\"><img loading=\"lazy\" decoding=\"async\" src=\"https:\/\/www.24gliwice.pl\/wiadomosci\/wp-content\/uploads\/2026\/02\/animator-zlobek_750x200.webp\" alt=\"\"  srcset=\"https:\/\/www.24gliwice.pl\/wiadomosci\/wp-content\/uploads\/2026\/02\/animator-zlobek_750x200.webp 750w, https:\/\/www.24gliwice.pl\/wiadomosci\/wp-content\/uploads\/2026\/02\/animator-zlobek_750x200-410x109.webp 410w\" sizes=\"(max-width: 750px) 100vw, 750px\" class=\"no-lazyload\" width=\"750\" height=\"200\"  style=\"display: inline-block; max-width: 100%; height: auto;\" \/><\/a><\/div><\/div>\n<p>Zako\u0144czenie realizacji drugiego odcinka planowane jest na prze\u0142omie II i III kwarta\u0142u. \u0141\u0105cznie trasa b\u0119dzie liczy\u0107 1,4 km i pobiegnie od skrzy\u017cowania z ul. \u0141ab\u0119dzk\u0105 do skrzy\u017cowania z ul. Portow\u0105. Nowy ci\u0105g b\u0119dzie wsp\u00f3ln\u0105 przestrzeni\u0105 dla rowerzyst\u00f3w i pieszych. <\/p>\n<p><a href=\"https:\/\/www.24gliwice.pl\/wiadomosci\/wp-content\/uploads\/2026\/02\/edisona-6.jpg\"><img loading=\"lazy\" decoding=\"async\" src=\"https:\/\/www.24gliwice.pl\/wiadomosci\/wp-content\/uploads\/2026\/02\/edisona-6.jpg\" alt=\"\" width=\"810\" height=\"457\" class=\"alignnone size-full wp-image-267047\" srcset=\"https:\/\/www.24gliwice.pl\/wiadomosci\/wp-content\/uploads\/2026\/02\/edisona-6.jpg 810w, https:\/\/www.24gliwice.pl\/wiadomosci\/wp-content\/uploads\/2026\/02\/edisona-6-410x232.jpg 410w, https:\/\/www.24gliwice.pl\/wiadomosci\/wp-content\/uploads\/2026\/02\/edisona-6-806x455.jpg 806w, https:\/\/www.24gliwice.pl\/wiadomosci\/wp-content\/uploads\/2026\/02\/edisona-6-768x433.jpg 768w\" sizes=\"auto, (max-width: 810px) 100vw, 810px\" \/><\/a><\/p>\n<p><a href=\"https:\/\/www.24gliwice.pl\/wiadomosci\/wp-content\/uploads\/2026\/02\/edisona-2.jpg\"><img loading=\"lazy\" decoding=\"async\" src=\"https:\/\/www.24gliwice.pl\/wiadomosci\/wp-content\/uploads\/2026\/02\/edisona-2.jpg\" alt=\"\" width=\"810\" height=\"457\" class=\"alignnone size-full wp-image-267044\" srcset=\"https:\/\/www.24gliwice.pl\/wiadomosci\/wp-content\/uploads\/2026\/02\/edisona-2.jpg 810w, https:\/\/www.24gliwice.pl\/wiadomosci\/wp-content\/uploads\/2026\/02\/edisona-2-410x232.jpg 410w, https:\/\/www.24gliwice.pl\/wiadomosci\/wp-content\/uploads\/2026\/02\/edisona-2-806x455.jpg 806w, https:\/\/www.24gliwice.pl\/wiadomosci\/wp-content\/uploads\/2026\/02\/edisona-2-768x433.jpg 768w\" sizes=\"auto, (max-width: 810px) 100vw, 810px\" \/><\/a><\/p>\n<p><a href=\"https:\/\/www.24gliwice.pl\/wiadomosci\/wp-content\/uploads\/2026\/02\/edisona-3.jpg\"><img loading=\"lazy\" decoding=\"async\" src=\"https:\/\/www.24gliwice.pl\/wiadomosci\/wp-content\/uploads\/2026\/02\/edisona-3.jpg\" alt=\"\" width=\"810\" height=\"457\" class=\"alignnone size-full wp-image-267045\" srcset=\"https:\/\/www.24gliwice.pl\/wiadomosci\/wp-content\/uploads\/2026\/02\/edisona-3.jpg 810w, https:\/\/www.24gliwice.pl\/wiadomosci\/wp-content\/uploads\/2026\/02\/edisona-3-410x232.jpg 410w, https:\/\/www.24gliwice.pl\/wiadomosci\/wp-content\/uploads\/2026\/02\/edisona-3-806x455.jpg 806w, https:\/\/www.24gliwice.pl\/wiadomosci\/wp-content\/uploads\/2026\/02\/edisona-3-768x433.jpg 768w\" sizes=\"auto, (max-width: 810px) 100vw, 810px\" \/><\/a><\/p>\n<blockquote class=\"wp-embedded-content\" data-secret=\"sBSkuQmH4E\"><p><a href=\"https:\/\/www.24gliwice.pl\/wiadomosci\/nowy-ciag-pieszo-rowerowy-docelowo-polaczy-dwie-dzielnice-rusza-i-etap-budowy\/\">Nowy ci\u0105g pieszo-rowerowy docelowo po\u0142\u0105czy dwie dzielnice. Rusza I etap budowy<\/a><\/p><\/blockquote>\n<p><iframe loading=\"lazy\" class=\"wp-embedded-content\" sandbox=\"allow-scripts\" security=\"restricted\" style=\"position: absolute; visibility: hidden;\" title=\"&#8222;Nowy ci\u0105g pieszo-rowerowy docelowo po\u0142\u0105czy dwie dzielnice. Rusza I etap budowy&#8221; &#8212; 24GLIWICE - Portal Gliwice | codziennie nowe informacje\" src=\"https:\/\/www.24gliwice.pl\/wiadomosci\/nowy-ciag-pieszo-rowerowy-docelowo-polaczy-dwie-dzielnice-rusza-i-etap-budowy\/embed\/#?secret=zkkxDJRkhd#?secret=sBSkuQmH4E\" data-secret=\"sBSkuQmH4E\" width=\"600\" height=\"338\" frameborder=\"0\" marginwidth=\"0\" marginheight=\"0\" scrolling=\"no\"><\/iframe><\/p>\n<p>(\u017cms)\/ZDM Gliwice<\/p>\n<div class=\"gliwi-a5-na-koncu-artykulow gliwi-entity-placement\" id=\"gliwi-452990556\"><div class=\"gliwi-adlabel\"><span style=\"font-size: 9px\">REKLAMA<\/span><\/div><div id=\"gliwi-4167554650\" style=\"margin-left: auto;margin-right: auto;text-align: center;\"><a data-no-instant=\"1\" href=\"https:\/\/prezeroarenagliwice.pl\/\" rel=\"noopener\" class=\"a2t-link\" target=\"_blank\" aria-label=\"20260309-PREZERO-WIOSNA-D\"><img loading=\"lazy\" decoding=\"async\" src=\"https:\/\/www.24gliwice.pl\/wiadomosci\/wp-content\/uploads\/2026\/03\/20260309-PREZERO-WIOSNA-D.webp\" alt=\"\"  srcset=\"https:\/\/www.24gliwice.pl\/wiadomosci\/wp-content\/uploads\/2026\/03\/20260309-PREZERO-WIOSNA-D.webp 750w, https:\/\/www.24gliwice.pl\/wiadomosci\/wp-content\/uploads\/2026\/03\/20260309-PREZERO-WIOSNA-D-410x109.webp 410w\" sizes=\"(max-width: 750px) 100vw, 750px\" class=\"no-lazyload\" width=\"750\" height=\"200\"  style=\"display: inline-block; max-width: 100%; height: auto;\" \/><\/a><\/div><\/div>","protected":false},"excerpt":{"rendered":"<p>Wzd\u0142u\u017c ulicy Edisona powstaje droga rowerowa, kt\u00f3ra umo\u017cliwi dojazd do infrastruktury biegn\u0105cej wzd\u0142u\u017c ul. Portowej od strony Starych Gliwic. Budowa drugiego etapu tej trasy ruszy\u0142a pod koniec lutego. Zako\u0144czenie rob\u00f3t przewidywane jest na prze\u0142omie II i III kwarta\u0142u br.<\/p>\n","protected":false},"author":15,"featured_media":267048,"comment_status":"open","ping_status":"closed","sticky":false,"template":"","format":"standard","meta":{"_monsterinsights_skip_tracking":false,"_monsterinsights_sitenote_active":false,"_monsterinsights_sitenote_note":"","_monsterinsights_sitenote_category":0,"footnotes":"","_links_to":"","_links_to_target":""},"categories":[3,1,9],"tags":[9005,9997],"class_list":["post-267033","post","type-post","status-publish","format-standard","has-post-thumbnail","hentry","category-gliwice","category-wszystko","category-aktualnosci_lokalne","tag-droga-rowerowa","tag-edisona"],"yoast_head":"<!-- This site is optimized with the Yoast SEO plugin v27.5 - https:\/\/yoast.com\/product\/yoast-seo-wordpress\/ -->\n<title>1400 metr\u00f3w nowej drogi rowerowej. Rozpocz\u0119\u0142y si\u0119 roboty przy budowie drugiego odcinka - 24GLIWICE - Portal Gliwice | codziennie nowe informacje<\/title>\n<meta name=\"description\" content=\"Wzd\u0142u\u017c ulicy Edisona powstaje droga rowerowa, kt\u00f3ra po\u0142\u0105czy Stare Gliwice z ul. Portow\u0105, gdzie istnieje ju\u017c infrastruktura dla rowerzyst\u00f3w\" \/>\n<meta name=\"robots\" content=\"index, follow, max-snippet:-1, max-image-preview:large, max-video-preview:-1\" \/>\n<link rel=\"canonical\" href=\"https:\/\/www.24gliwice.pl\/wiadomosci\/1400-metrow-nowej-drogi-rowerowej-rozpoczely-sie-roboty-przy-budowie-drugiego-odcinka\/\" \/>\n<meta property=\"og:locale\" content=\"pl_PL\" \/>\n<meta property=\"og:type\" content=\"article\" \/>\n<meta property=\"og:title\" content=\"1400 metr\u00f3w nowej drogi rowerowej. Rozpocz\u0119\u0142y si\u0119 roboty przy budowie drugiego odcinka - 24GLIWICE - Portal Gliwice | codziennie nowe informacje\" \/>\n<meta property=\"og:description\" content=\"Wzd\u0142u\u017c ulicy Edisona powstaje droga rowerowa, kt\u00f3ra po\u0142\u0105czy Stare Gliwice z ul. Portow\u0105, gdzie istnieje ju\u017c infrastruktura dla rowerzyst\u00f3w\" \/>\n<meta property=\"og:url\" content=\"https:\/\/www.24gliwice.pl\/wiadomosci\/1400-metrow-nowej-drogi-rowerowej-rozpoczely-sie-roboty-przy-budowie-drugiego-odcinka\/\" \/>\n<meta property=\"og:site_name\" content=\"24GLIWICE - Portal Gliwice | codziennie nowe informacje\" \/>\n<meta property=\"article:publisher\" content=\"https:\/\/www.facebook.com\/24gliwice\" \/>\n<meta property=\"article:published_time\" content=\"2026-03-03T07:27:10+00:00\" \/>\n<meta property=\"og:image\" content=\"https:\/\/www.24gliwice.pl\/wiadomosci\/wp-content\/uploads\/2026\/02\/edisona1.jpg\" \/>\n\t<meta property=\"og:image:width\" content=\"810\" \/>\n\t<meta property=\"og:image:height\" content=\"457\" \/>\n\t<meta property=\"og:image:type\" content=\"image\/jpeg\" \/>\n<meta name=\"author\" content=\"\u017baneta Mrozek-Siewierska\" \/>\n<meta name=\"twitter:card\" content=\"summary_large_image\" \/>\n<meta name=\"twitter:creator\" content=\"@24gliwice\" \/>\n<meta name=\"twitter:site\" content=\"@24gliwice\" \/>\n<meta name=\"twitter:label1\" content=\"Napisane przez\" \/>\n\t<meta name=\"twitter:data1\" content=\"\u017baneta Mrozek-Siewierska\" \/>\n\t<meta name=\"twitter:label2\" content=\"Szacowany czas czytania\" \/>\n\t<meta name=\"twitter:data2\" content=\"2 minuty\" \/>\n<script type=\"application\/ld+json\" class=\"yoast-schema-graph\">{\"@context\":\"https:\\\/\\\/schema.org\",\"@graph\":[{\"@type\":\"Article\",\"@id\":\"https:\\\/\\\/www.24gliwice.pl\\\/wiadomosci\\\/1400-metrow-nowej-drogi-rowerowej-rozpoczely-sie-roboty-przy-budowie-drugiego-odcinka\\\/#article\",\"isPartOf\":{\"@id\":\"https:\\\/\\\/www.24gliwice.pl\\\/wiadomosci\\\/1400-metrow-nowej-drogi-rowerowej-rozpoczely-sie-roboty-przy-budowie-drugiego-odcinka\\\/\"},\"author\":{\"name\":\"\u017baneta Mrozek-Siewierska\",\"@id\":\"https:\\\/\\\/www.24gliwice.pl\\\/wiadomosci\\\/#\\\/schema\\\/person\\\/e42c650edd7f2fa332be3811fb166b6e\"},\"headline\":\"1400 metr\u00f3w nowej drogi rowerowej. Rozpocz\u0119\u0142y si\u0119 roboty przy budowie drugiego odcinka\",\"datePublished\":\"2026-03-03T07:27:10+00:00\",\"mainEntityOfPage\":{\"@id\":\"https:\\\/\\\/www.24gliwice.pl\\\/wiadomosci\\\/1400-metrow-nowej-drogi-rowerowej-rozpoczely-sie-roboty-przy-budowie-drugiego-odcinka\\\/\"},\"wordCount\":230,\"commentCount\":19,\"publisher\":{\"@id\":\"https:\\\/\\\/www.24gliwice.pl\\\/wiadomosci\\\/#organization\"},\"image\":{\"@id\":\"https:\\\/\\\/www.24gliwice.pl\\\/wiadomosci\\\/1400-metrow-nowej-drogi-rowerowej-rozpoczely-sie-roboty-przy-budowie-drugiego-odcinka\\\/#primaryimage\"},\"thumbnailUrl\":\"https:\\\/\\\/www.24gliwice.pl\\\/wiadomosci\\\/wp-content\\\/uploads\\\/2026\\\/02\\\/edisona1.jpg\",\"keywords\":[\"DROGA ROWEROWA\",\"edisona\"],\"articleSection\":[\"Gliwice\",\"Najnowsze wiadomo\u015bci\",\"Portal Gliwice - Wiadomo\u015bci lokalne\"],\"inLanguage\":\"pl-PL\",\"potentialAction\":[{\"@type\":\"CommentAction\",\"name\":\"Comment\",\"target\":[\"https:\\\/\\\/www.24gliwice.pl\\\/wiadomosci\\\/1400-metrow-nowej-drogi-rowerowej-rozpoczely-sie-roboty-przy-budowie-drugiego-odcinka\\\/#respond\"]}]},{\"@type\":\"WebPage\",\"@id\":\"https:\\\/\\\/www.24gliwice.pl\\\/wiadomosci\\\/1400-metrow-nowej-drogi-rowerowej-rozpoczely-sie-roboty-przy-budowie-drugiego-odcinka\\\/\",\"url\":\"https:\\\/\\\/www.24gliwice.pl\\\/wiadomosci\\\/1400-metrow-nowej-drogi-rowerowej-rozpoczely-sie-roboty-przy-budowie-drugiego-odcinka\\\/\",\"name\":\"1400 metr\u00f3w nowej drogi rowerowej. Rozpocz\u0119\u0142y si\u0119 roboty przy budowie drugiego odcinka - 24GLIWICE - Portal Gliwice | codziennie nowe informacje\",\"isPartOf\":{\"@id\":\"https:\\\/\\\/www.24gliwice.pl\\\/wiadomosci\\\/#website\"},\"primaryImageOfPage\":{\"@id\":\"https:\\\/\\\/www.24gliwice.pl\\\/wiadomosci\\\/1400-metrow-nowej-drogi-rowerowej-rozpoczely-sie-roboty-przy-budowie-drugiego-odcinka\\\/#primaryimage\"},\"image\":{\"@id\":\"https:\\\/\\\/www.24gliwice.pl\\\/wiadomosci\\\/1400-metrow-nowej-drogi-rowerowej-rozpoczely-sie-roboty-przy-budowie-drugiego-odcinka\\\/#primaryimage\"},\"thumbnailUrl\":\"https:\\\/\\\/www.24gliwice.pl\\\/wiadomosci\\\/wp-content\\\/uploads\\\/2026\\\/02\\\/edisona1.jpg\",\"datePublished\":\"2026-03-03T07:27:10+00:00\",\"description\":\"Wzd\u0142u\u017c ulicy Edisona powstaje droga rowerowa, kt\u00f3ra po\u0142\u0105czy Stare Gliwice z ul. Portow\u0105, gdzie istnieje ju\u017c infrastruktura dla rowerzyst\u00f3w\",\"breadcrumb\":{\"@id\":\"https:\\\/\\\/www.24gliwice.pl\\\/wiadomosci\\\/1400-metrow-nowej-drogi-rowerowej-rozpoczely-sie-roboty-przy-budowie-drugiego-odcinka\\\/#breadcrumb\"},\"inLanguage\":\"pl-PL\",\"potentialAction\":[{\"@type\":\"ReadAction\",\"target\":[\"https:\\\/\\\/www.24gliwice.pl\\\/wiadomosci\\\/1400-metrow-nowej-drogi-rowerowej-rozpoczely-sie-roboty-przy-budowie-drugiego-odcinka\\\/\"]}]},{\"@type\":\"ImageObject\",\"inLanguage\":\"pl-PL\",\"@id\":\"https:\\\/\\\/www.24gliwice.pl\\\/wiadomosci\\\/1400-metrow-nowej-drogi-rowerowej-rozpoczely-sie-roboty-przy-budowie-drugiego-odcinka\\\/#primaryimage\",\"url\":\"https:\\\/\\\/www.24gliwice.pl\\\/wiadomosci\\\/wp-content\\\/uploads\\\/2026\\\/02\\\/edisona1.jpg\",\"contentUrl\":\"https:\\\/\\\/www.24gliwice.pl\\\/wiadomosci\\\/wp-content\\\/uploads\\\/2026\\\/02\\\/edisona1.jpg\",\"width\":810,\"height\":457},{\"@type\":\"BreadcrumbList\",\"@id\":\"https:\\\/\\\/www.24gliwice.pl\\\/wiadomosci\\\/1400-metrow-nowej-drogi-rowerowej-rozpoczely-sie-roboty-przy-budowie-drugiego-odcinka\\\/#breadcrumb\",\"itemListElement\":[{\"@type\":\"ListItem\",\"position\":1,\"name\":\"Strona g\u0142\u00f3wna\",\"item\":\"https:\\\/\\\/www.24gliwice.pl\\\/wiadomosci\\\/\"},{\"@type\":\"ListItem\",\"position\":2,\"name\":\"1400 metr\u00f3w nowej drogi rowerowej. Rozpocz\u0119\u0142y si\u0119 roboty przy budowie drugiego odcinka\"}]},{\"@type\":\"WebSite\",\"@id\":\"https:\\\/\\\/www.24gliwice.pl\\\/wiadomosci\\\/#website\",\"url\":\"https:\\\/\\\/www.24gliwice.pl\\\/wiadomosci\\\/\",\"name\":\"24GLIWICE - Portal Gliwice | codziennie nowe wiadomo\u015bci\",\"description\":\"Portal Miejski Gliwice\",\"publisher\":{\"@id\":\"https:\\\/\\\/www.24gliwice.pl\\\/wiadomosci\\\/#organization\"},\"potentialAction\":[{\"@type\":\"SearchAction\",\"target\":{\"@type\":\"EntryPoint\",\"urlTemplate\":\"https:\\\/\\\/www.24gliwice.pl\\\/wiadomosci\\\/?s={search_term_string}\"},\"query-input\":{\"@type\":\"PropertyValueSpecification\",\"valueRequired\":true,\"valueName\":\"search_term_string\"}}],\"inLanguage\":\"pl-PL\"},{\"@type\":\"Organization\",\"@id\":\"https:\\\/\\\/www.24gliwice.pl\\\/wiadomosci\\\/#organization\",\"name\":\"24gliwice\",\"url\":\"https:\\\/\\\/www.24gliwice.pl\\\/wiadomosci\\\/\",\"logo\":{\"@type\":\"ImageObject\",\"inLanguage\":\"pl-PL\",\"@id\":\"https:\\\/\\\/www.24gliwice.pl\\\/wiadomosci\\\/#\\\/schema\\\/logo\\\/image\\\/\",\"url\":\"https:\\\/\\\/www.24gliwice.pl\\\/wiadomosci\\\/wp-content\\\/uploads\\\/2024\\\/10\\\/24gliwice-logo-696.jpg\",\"contentUrl\":\"https:\\\/\\\/www.24gliwice.pl\\\/wiadomosci\\\/wp-content\\\/uploads\\\/2024\\\/10\\\/24gliwice-logo-696.jpg\",\"width\":696,\"height\":696,\"caption\":\"24gliwice\"},\"image\":{\"@id\":\"https:\\\/\\\/www.24gliwice.pl\\\/wiadomosci\\\/#\\\/schema\\\/logo\\\/image\\\/\"},\"sameAs\":[\"https:\\\/\\\/www.facebook.com\\\/24gliwice\",\"https:\\\/\\\/x.com\\\/24gliwice\",\"https:\\\/\\\/www.youtube.com\\\/@24gliwice\"]},{\"@type\":\"Person\",\"@id\":\"https:\\\/\\\/www.24gliwice.pl\\\/wiadomosci\\\/#\\\/schema\\\/person\\\/e42c650edd7f2fa332be3811fb166b6e\",\"name\":\"\u017baneta Mrozek-Siewierska\",\"image\":{\"@type\":\"ImageObject\",\"inLanguage\":\"pl-PL\",\"@id\":\"https:\\\/\\\/secure.gravatar.com\\\/avatar\\\/1881429e9c64597c77ad7aef2d0a19be69a3253e57534d16aa15bf3a4d34a0a3?s=96&d=mm&r=g\",\"url\":\"https:\\\/\\\/secure.gravatar.com\\\/avatar\\\/1881429e9c64597c77ad7aef2d0a19be69a3253e57534d16aa15bf3a4d34a0a3?s=96&d=mm&r=g\",\"contentUrl\":\"https:\\\/\\\/secure.gravatar.com\\\/avatar\\\/1881429e9c64597c77ad7aef2d0a19be69a3253e57534d16aa15bf3a4d34a0a3?s=96&d=mm&r=g\",\"caption\":\"\u017baneta Mrozek-Siewierska\"},\"url\":\"https:\\\/\\\/www.24gliwice.pl\\\/wiadomosci\\\/author\\\/zms\\\/\"}]}<\/script>\n<!-- \/ Yoast SEO plugin. -->","yoast_head_json":{"title":"1400 metr\u00f3w nowej drogi rowerowej. Rozpocz\u0119\u0142y si\u0119 roboty przy budowie drugiego odcinka - 24GLIWICE - Portal Gliwice | codziennie nowe informacje","description":"Wzd\u0142u\u017c ulicy Edisona powstaje droga rowerowa, kt\u00f3ra po\u0142\u0105czy Stare Gliwice z ul. Portow\u0105, gdzie istnieje ju\u017c infrastruktura dla rowerzyst\u00f3w","robots":{"index":"index","follow":"follow","max-snippet":"max-snippet:-1","max-image-preview":"max-image-preview:large","max-video-preview":"max-video-preview:-1"},"canonical":"https:\/\/www.24gliwice.pl\/wiadomosci\/1400-metrow-nowej-drogi-rowerowej-rozpoczely-sie-roboty-przy-budowie-drugiego-odcinka\/","og_locale":"pl_PL","og_type":"article","og_title":"1400 metr\u00f3w nowej drogi rowerowej. Rozpocz\u0119\u0142y si\u0119 roboty przy budowie drugiego odcinka - 24GLIWICE - Portal Gliwice | codziennie nowe informacje","og_description":"Wzd\u0142u\u017c ulicy Edisona powstaje droga rowerowa, kt\u00f3ra po\u0142\u0105czy Stare Gliwice z ul. Portow\u0105, gdzie istnieje ju\u017c infrastruktura dla rowerzyst\u00f3w","og_url":"https:\/\/www.24gliwice.pl\/wiadomosci\/1400-metrow-nowej-drogi-rowerowej-rozpoczely-sie-roboty-przy-budowie-drugiego-odcinka\/","og_site_name":"24GLIWICE - Portal Gliwice | codziennie nowe informacje","article_publisher":"https:\/\/www.facebook.com\/24gliwice","article_published_time":"2026-03-03T07:27:10+00:00","og_image":[{"width":810,"height":457,"url":"https:\/\/www.24gliwice.pl\/wiadomosci\/wp-content\/uploads\/2026\/02\/edisona1.jpg","type":"image\/jpeg"}],"author":"\u017baneta Mrozek-Siewierska","twitter_card":"summary_large_image","twitter_creator":"@24gliwice","twitter_site":"@24gliwice","twitter_misc":{"Napisane przez":"\u017baneta Mrozek-Siewierska","Szacowany czas czytania":"2 minuty"},"schema":{"@context":"https:\/\/schema.org","@graph":[{"@type":"Article","@id":"https:\/\/www.24gliwice.pl\/wiadomosci\/1400-metrow-nowej-drogi-rowerowej-rozpoczely-sie-roboty-przy-budowie-drugiego-odcinka\/#article","isPartOf":{"@id":"https:\/\/www.24gliwice.pl\/wiadomosci\/1400-metrow-nowej-drogi-rowerowej-rozpoczely-sie-roboty-przy-budowie-drugiego-odcinka\/"},"author":{"name":"\u017baneta Mrozek-Siewierska","@id":"https:\/\/www.24gliwice.pl\/wiadomosci\/#\/schema\/person\/e42c650edd7f2fa332be3811fb166b6e"},"headline":"1400 metr\u00f3w nowej drogi rowerowej. Rozpocz\u0119\u0142y si\u0119 roboty przy budowie drugiego odcinka","datePublished":"2026-03-03T07:27:10+00:00","mainEntityOfPage":{"@id":"https:\/\/www.24gliwice.pl\/wiadomosci\/1400-metrow-nowej-drogi-rowerowej-rozpoczely-sie-roboty-przy-budowie-drugiego-odcinka\/"},"wordCount":230,"commentCount":19,"publisher":{"@id":"https:\/\/www.24gliwice.pl\/wiadomosci\/#organization"},"image":{"@id":"https:\/\/www.24gliwice.pl\/wiadomosci\/1400-metrow-nowej-drogi-rowerowej-rozpoczely-sie-roboty-przy-budowie-drugiego-odcinka\/#primaryimage"},"thumbnailUrl":"https:\/\/www.24gliwice.pl\/wiadomosci\/wp-content\/uploads\/2026\/02\/edisona1.jpg","keywords":["DROGA ROWEROWA","edisona"],"articleSection":["Gliwice","Najnowsze wiadomo\u015bci","Portal Gliwice - Wiadomo\u015bci lokalne"],"inLanguage":"pl-PL","potentialAction":[{"@type":"CommentAction","name":"Comment","target":["https:\/\/www.24gliwice.pl\/wiadomosci\/1400-metrow-nowej-drogi-rowerowej-rozpoczely-sie-roboty-przy-budowie-drugiego-odcinka\/#respond"]}]},{"@type":"WebPage","@id":"https:\/\/www.24gliwice.pl\/wiadomosci\/1400-metrow-nowej-drogi-rowerowej-rozpoczely-sie-roboty-przy-budowie-drugiego-odcinka\/","url":"https:\/\/www.24gliwice.pl\/wiadomosci\/1400-metrow-nowej-drogi-rowerowej-rozpoczely-sie-roboty-przy-budowie-drugiego-odcinka\/","name":"1400 metr\u00f3w nowej drogi rowerowej. Rozpocz\u0119\u0142y si\u0119 roboty przy budowie drugiego odcinka - 24GLIWICE - Portal Gliwice | codziennie nowe informacje","isPartOf":{"@id":"https:\/\/www.24gliwice.pl\/wiadomosci\/#website"},"primaryImageOfPage":{"@id":"https:\/\/www.24gliwice.pl\/wiadomosci\/1400-metrow-nowej-drogi-rowerowej-rozpoczely-sie-roboty-przy-budowie-drugiego-odcinka\/#primaryimage"},"image":{"@id":"https:\/\/www.24gliwice.pl\/wiadomosci\/1400-metrow-nowej-drogi-rowerowej-rozpoczely-sie-roboty-przy-budowie-drugiego-odcinka\/#primaryimage"},"thumbnailUrl":"https:\/\/www.24gliwice.pl\/wiadomosci\/wp-content\/uploads\/2026\/02\/edisona1.jpg","datePublished":"2026-03-03T07:27:10+00:00","description":"Wzd\u0142u\u017c ulicy Edisona powstaje droga rowerowa, kt\u00f3ra po\u0142\u0105czy Stare Gliwice z ul. Portow\u0105, gdzie istnieje ju\u017c infrastruktura dla rowerzyst\u00f3w","breadcrumb":{"@id":"https:\/\/www.24gliwice.pl\/wiadomosci\/1400-metrow-nowej-drogi-rowerowej-rozpoczely-sie-roboty-przy-budowie-drugiego-odcinka\/#breadcrumb"},"inLanguage":"pl-PL","potentialAction":[{"@type":"ReadAction","target":["https:\/\/www.24gliwice.pl\/wiadomosci\/1400-metrow-nowej-drogi-rowerowej-rozpoczely-sie-roboty-przy-budowie-drugiego-odcinka\/"]}]},{"@type":"ImageObject","inLanguage":"pl-PL","@id":"https:\/\/www.24gliwice.pl\/wiadomosci\/1400-metrow-nowej-drogi-rowerowej-rozpoczely-sie-roboty-przy-budowie-drugiego-odcinka\/#primaryimage","url":"https:\/\/www.24gliwice.pl\/wiadomosci\/wp-content\/uploads\/2026\/02\/edisona1.jpg","contentUrl":"https:\/\/www.24gliwice.pl\/wiadomosci\/wp-content\/uploads\/2026\/02\/edisona1.jpg","width":810,"height":457},{"@type":"BreadcrumbList","@id":"https:\/\/www.24gliwice.pl\/wiadomosci\/1400-metrow-nowej-drogi-rowerowej-rozpoczely-sie-roboty-przy-budowie-drugiego-odcinka\/#breadcrumb","itemListElement":[{"@type":"ListItem","position":1,"name":"Strona g\u0142\u00f3wna","item":"https:\/\/www.24gliwice.pl\/wiadomosci\/"},{"@type":"ListItem","position":2,"name":"1400 metr\u00f3w nowej drogi rowerowej. Rozpocz\u0119\u0142y si\u0119 roboty przy budowie drugiego odcinka"}]},{"@type":"WebSite","@id":"https:\/\/www.24gliwice.pl\/wiadomosci\/#website","url":"https:\/\/www.24gliwice.pl\/wiadomosci\/","name":"24GLIWICE - Portal Gliwice | codziennie nowe wiadomo\u015bci","description":"Portal Miejski Gliwice","publisher":{"@id":"https:\/\/www.24gliwice.pl\/wiadomosci\/#organization"},"potentialAction":[{"@type":"SearchAction","target":{"@type":"EntryPoint","urlTemplate":"https:\/\/www.24gliwice.pl\/wiadomosci\/?s={search_term_string}"},"query-input":{"@type":"PropertyValueSpecification","valueRequired":true,"valueName":"search_term_string"}}],"inLanguage":"pl-PL"},{"@type":"Organization","@id":"https:\/\/www.24gliwice.pl\/wiadomosci\/#organization","name":"24gliwice","url":"https:\/\/www.24gliwice.pl\/wiadomosci\/","logo":{"@type":"ImageObject","inLanguage":"pl-PL","@id":"https:\/\/www.24gliwice.pl\/wiadomosci\/#\/schema\/logo\/image\/","url":"https:\/\/www.24gliwice.pl\/wiadomosci\/wp-content\/uploads\/2024\/10\/24gliwice-logo-696.jpg","contentUrl":"https:\/\/www.24gliwice.pl\/wiadomosci\/wp-content\/uploads\/2024\/10\/24gliwice-logo-696.jpg","width":696,"height":696,"caption":"24gliwice"},"image":{"@id":"https:\/\/www.24gliwice.pl\/wiadomosci\/#\/schema\/logo\/image\/"},"sameAs":["https:\/\/www.facebook.com\/24gliwice","https:\/\/x.com\/24gliwice","https:\/\/www.youtube.com\/@24gliwice"]},{"@type":"Person","@id":"https:\/\/www.24gliwice.pl\/wiadomosci\/#\/schema\/person\/e42c650edd7f2fa332be3811fb166b6e","name":"\u017baneta Mrozek-Siewierska","image":{"@type":"ImageObject","inLanguage":"pl-PL","@id":"https:\/\/secure.gravatar.com\/avatar\/1881429e9c64597c77ad7aef2d0a19be69a3253e57534d16aa15bf3a4d34a0a3?s=96&d=mm&r=g","url":"https:\/\/secure.gravatar.com\/avatar\/1881429e9c64597c77ad7aef2d0a19be69a3253e57534d16aa15bf3a4d34a0a3?s=96&d=mm&r=g","contentUrl":"https:\/\/secure.gravatar.com\/avatar\/1881429e9c64597c77ad7aef2d0a19be69a3253e57534d16aa15bf3a4d34a0a3?s=96&d=mm&r=g","caption":"\u017baneta Mrozek-Siewierska"},"url":"https:\/\/www.24gliwice.pl\/wiadomosci\/author\/zms\/"}]}},"_links":{"self":[{"href":"https:\/\/www.24gliwice.pl\/wiadomosci\/wp-json\/wp\/v2\/posts\/267033","targetHints":{"allow":["GET"]}}],"collection":[{"href":"https:\/\/www.24gliwice.pl\/wiadomosci\/wp-json\/wp\/v2\/posts"}],"about":[{"href":"https:\/\/www.24gliwice.pl\/wiadomosci\/wp-json\/wp\/v2\/types\/post"}],"author":[{"embeddable":true,"href":"https:\/\/www.24gliwice.pl\/wiadomosci\/wp-json\/wp\/v2\/users\/15"}],"replies":[{"embeddable":true,"href":"https:\/\/www.24gliwice.pl\/wiadomosci\/wp-json\/wp\/v2\/comments?post=267033"}],"version-history":[{"count":0,"href":"https:\/\/www.24gliwice.pl\/wiadomosci\/wp-json\/wp\/v2\/posts\/267033\/revisions"}],"wp:featuredmedia":[{"embeddable":true,"href":"https:\/\/www.24gliwice.pl\/wiadomosci\/wp-json\/wp\/v2\/media\/267048"}],"wp:attachment":[{"href":"https:\/\/www.24gliwice.pl\/wiadomosci\/wp-json\/wp\/v2\/media?parent=267033"}],"wp:term":[{"taxonomy":"category","embeddable":true,"href":"https:\/\/www.24gliwice.pl\/wiadomosci\/wp-json\/wp\/v2\/categories?post=267033"},{"taxonomy":"post_tag","embeddable":true,"href":"https:\/\/www.24gliwice.pl\/wiadomosci\/wp-json\/wp\/v2\/tags?post=267033"}],"curies":[{"name":"wp","href":"https:\/\/api.w.org\/{rel}","templated":true}]}}