{"id":267116,"date":"2026-03-13T03:39:44","date_gmt":"2026-03-13T02:39:44","guid":{"rendered":"https:\/\/www.24gliwice.pl\/wiadomosci\/?p=267116"},"modified":"2026-04-03T02:43:49","modified_gmt":"2026-04-03T00:43:49","slug":"zagadkowe-kurhany-poczatki-slowian-na-gornym-slasku-nowa-wystawa-czasowa-w-zamku-piastowskim","status":"publish","type":"post","link":"https:\/\/www.24gliwice.pl\/wiadomosci\/zagadkowe-kurhany-poczatki-slowian-na-gornym-slasku-nowa-wystawa-czasowa-w-zamku-piastowskim\/","title":{"rendered":"&#8220;Zagadkowe kurhany. Pocz\u0105tki S\u0142owian na G\u00f3rnym \u015al\u0105sku\u201d. Nowa wystawa czasowa w Zamku Piastowskim"},"content":{"rendered":"<div class=\"gliwi-a6-nad-leadem-artykulow gliwi-entity-placement\" id=\"gliwi-2254490976\"><div class=\"gliwi-adlabel\"><span style=\"font-size: 9px\">REKLAMA<\/span><\/div><div id=\"gliwi-2952665611\" style=\"margin-bottom: 25px;margin-left: auto;margin-right: auto;text-align: center;\"><a data-no-instant=\"1\" href=\"https:\/\/dom100.eu\/\" rel=\"noopener\" class=\"a2t-link\" target=\"_blank\" aria-label=\"20260415 DOM100 D\"><img loading=\"lazy\" decoding=\"async\" src=\"https:\/\/www.24gliwice.pl\/wiadomosci\/wp-content\/uploads\/2026\/04\/20260415-DOM100-D.jpg\" alt=\"\"  srcset=\"https:\/\/www.24gliwice.pl\/wiadomosci\/wp-content\/uploads\/2026\/04\/20260415-DOM100-D.jpg 750w, https:\/\/www.24gliwice.pl\/wiadomosci\/wp-content\/uploads\/2026\/04\/20260415-DOM100-D-410x109.jpg 410w\" sizes=\"(max-width: 750px) 100vw, 750px\" class=\"no-lazyload\" width=\"750\" height=\"200\"  style=\"display: inline-block; max-width: 100%; height: auto;\" \/><\/a><\/div><\/div><h2>&#8220;Zagadkowe kurhany. Pocz\u0105tki S\u0142owian na G\u00f3rnym \u015al\u0105sku\u201d to tytu\u0142 nowej wystawy czasowej, kt\u00f3ra od 12 marca prezentowana jest w Zamku Piastowskim w Gliwicach. Ekspozycja stanowi prezentacj\u0119 wynik\u00f3w bada\u0144 wykopaliskowych prowadzonych przez Muzeum na cmentarzysku kurhanowym w \u015awibiu.<\/h2>\n<p><!--more--><\/p>\n<p>Stanowisko to zostanie wpisane w szersz\u0105 narracj\u0119 dotycz\u0105c\u0105 S\u0142owian w okresie od V do X wieku, czyli tzw. doby plemiennej \u2013 czasu poprzedzaj\u0105cego powstanie pa\u0144stwa wczesnopiastowskiego, wci\u0105\u017c s\u0142abo rozpoznanego ze wzgl\u0119du na niedostatek \u017ar\u00f3de\u0142. Sami S\u0142owianie z pocz\u0105tkowego etapu obecno\u015bci na tych ziemiach wci\u0105\u017c pozostaj\u0105 jedn\u0105 z wi\u0119kszych zagadek badawczych.<\/p>\n<h4>Wystawa zaprezentuje najnowsze koncepcje dotycz\u0105ce spo\u0142eczno\u015bci s\u0142owia\u0144skich, kt\u00f3re od V wieku w ci\u0105gu zaledwie oko\u0142o dw\u00f3ch stuleci obj\u0119\u0142y swoim osadnictwem niemal jedn\u0105 czwart\u0105 Europy.<\/h4>\n<p>Na planszach uzupe\u0142nionych materia\u0142ami graficznymi i fotograficznymi przedstawione zostan\u0105 r\u00f3\u017cne aspekty \u017cycia S\u0142owian oraz najciekawsze stanowiska archeologiczne z terenu G\u00f3rnego \u015al\u0105ska, m.in. grodziska w Lubomi i Kamie\u0144cu. Ekspozycj\u0119 uzupe\u0142ni\u0105 wybrane, reprezentatywne zabytki przybli\u017caj\u0105ce kultur\u0119 materialn\u0105 S\u0142owian (ceramika, wyroby \u017celazne i ko\u015bciane), a tak\u017ce prezentacja multimedialna po\u015bwi\u0119cona stanowiskom i odkrytym zabytkom. Eksponowane na wystawie zabytki i materia\u0142y ilustracyjne pochodz\u0105 ze zbior\u00f3w Muzeum G\u00f3rno\u015bl\u0105skiego w Bytomiu, Muzeum \u015al\u0105skiego w Katowicach, Muzeum w Wodzis\u0142awiu \u015al\u0105skim oraz Muzeum w Gliwicach.<\/p><div class=\"gliwi-a3-w-tresci-artykulow gliwi-entity-placement\" id=\"gliwi-1061122982\"><div class=\"gliwi-adlabel\"><span style=\"font-size: 9px\">REKLAMA<\/span><\/div><div id=\"gliwi-3263925278\" style=\"margin-bottom: 30px;margin-left: auto;margin-right: auto;text-align: center;\"><a data-no-instant=\"1\" href=\"https:\/\/ogrodyandersa.pl\/\" rel=\"noopener\" class=\"a2t-link\" target=\"_blank\" aria-label=\"20260415 Ogrody Andersa KUP TERAZ D\"><img loading=\"lazy\" decoding=\"async\" src=\"https:\/\/www.24gliwice.pl\/wiadomosci\/wp-content\/uploads\/2026\/04\/20260415-Ogrody-Andersa-KUP-TERAZ-D.jpg\" alt=\"\"  srcset=\"https:\/\/www.24gliwice.pl\/wiadomosci\/wp-content\/uploads\/2026\/04\/20260415-Ogrody-Andersa-KUP-TERAZ-D.jpg 750w, https:\/\/www.24gliwice.pl\/wiadomosci\/wp-content\/uploads\/2026\/04\/20260415-Ogrody-Andersa-KUP-TERAZ-D-410x109.jpg 410w\" sizes=\"(max-width: 750px) 100vw, 750px\" class=\"no-lazyload\" width=\"750\" height=\"200\"  style=\"display: inline-block; max-width: 100%; height: auto;\" \/><\/a><\/div><\/div>\n<p>Zwiedzanie ekspozycji b\u0119dzie mo\u017cliwe do 21 czerwca br.<\/p>\n<p>(\u017cms)\/MwG<\/p>\n<div class=\"gliwi-a5-na-koncu-artykulow gliwi-entity-placement\" id=\"gliwi-1559555048\"><div class=\"gliwi-adlabel\"><span style=\"font-size: 9px\">REKLAMA<\/span><\/div><div id=\"gliwi-4293321496\" style=\"margin-left: auto;margin-right: auto;text-align: center;\"><a data-no-instant=\"1\" href=\"https:\/\/www.jasek.pl\/\" rel=\"noopener\" class=\"a2t-link\" target=\"_blank\" aria-label=\"20200401-jasek 600\"><img loading=\"lazy\" decoding=\"async\" src=\"https:\/\/www.24gliwice.pl\/wiadomosci\/wp-content\/uploads\/2020\/04\/20200401-jasek-600.jpg\" alt=\"\"  srcset=\"https:\/\/www.24gliwice.pl\/wiadomosci\/wp-content\/uploads\/2020\/04\/20200401-jasek-600.jpg 600w, https:\/\/www.24gliwice.pl\/wiadomosci\/wp-content\/uploads\/2020\/04\/20200401-jasek-600-410x109.jpg 410w\" sizes=\"(max-width: 600px) 100vw, 600px\" class=\"no-lazyload\" width=\"600\" height=\"160\"  style=\"display: inline-block; max-width: 100%; height: auto;\" \/><\/a><\/div><\/div>","protected":false},"excerpt":{"rendered":"<p>&#8220;Zagadkowe kurhany. Pocz\u0105tki S\u0142owian na G\u00f3rnym \u015al\u0105sku\u201d to tytu\u0142 nowej wystawy czasowej, kt\u00f3ra od 12 marca prezentowana jest w Zamku Piastowskim w Gliwicach. Ekspozycja stanowi prezentacj\u0119 wynik\u00f3w bada\u0144 wykopaliskowych prowadzonych przez Muzeum na cmentarzysku kurhanowym w \u015awibiu.<\/p>\n","protected":false},"author":15,"featured_media":267427,"comment_status":"open","ping_status":"closed","sticky":false,"template":"","format":"standard","meta":{"_monsterinsights_skip_tracking":false,"_monsterinsights_sitenote_active":false,"_monsterinsights_sitenote_note":"","_monsterinsights_sitenote_category":0,"footnotes":"","_links_to":"","_links_to_target":""},"categories":[3,6,1],"tags":[5674,2464],"class_list":["post-267116","post","type-post","status-publish","format-standard","has-post-thumbnail","hentry","category-gliwice","category-kultura","category-wszystko","tag-muzeum","tag-wystawa"],"yoast_head":"<!-- This site is optimized with the Yoast SEO plugin v27.5 - https:\/\/yoast.com\/product\/yoast-seo-wordpress\/ -->\n<title>&quot;Zagadkowe kurhany. Pocz\u0105tki S\u0142owian na G\u00f3rnym \u015al\u0105sku\u201d. Nowa wystawa czasowa w Zamku Piastowskim - 24GLIWICE - Portal Gliwice | codziennie nowe informacje<\/title>\n<meta name=\"description\" content=\"&quot;Zagadkowe kurhany. Pocz\u0105tki S\u0142owian na G\u00f3rnym \u015al\u0105sku\u201d to nowa wystawa czasowa, kt\u00f3ra b\u0119dzie prezentowana w Zamku Piastowskim od 12 marca br.\" \/>\n<meta name=\"robots\" content=\"index, follow, max-snippet:-1, max-image-preview:large, max-video-preview:-1\" \/>\n<link rel=\"canonical\" href=\"https:\/\/www.24gliwice.pl\/wiadomosci\/zagadkowe-kurhany-poczatki-slowian-na-gornym-slasku-nowa-wystawa-czasowa-w-zamku-piastowskim\/\" \/>\n<meta property=\"og:locale\" content=\"pl_PL\" \/>\n<meta property=\"og:type\" content=\"article\" \/>\n<meta property=\"og:title\" content=\"&quot;Zagadkowe kurhany. Pocz\u0105tki S\u0142owian na G\u00f3rnym \u015al\u0105sku\u201d. Nowa wystawa czasowa w Zamku Piastowskim - 24GLIWICE - Portal Gliwice | codziennie nowe informacje\" \/>\n<meta property=\"og:description\" content=\"&quot;Zagadkowe kurhany. Pocz\u0105tki S\u0142owian na G\u00f3rnym \u015al\u0105sku\u201d to nowa wystawa czasowa, kt\u00f3ra b\u0119dzie prezentowana w Zamku Piastowskim od 12 marca br.\" \/>\n<meta property=\"og:url\" content=\"https:\/\/www.24gliwice.pl\/wiadomosci\/zagadkowe-kurhany-poczatki-slowian-na-gornym-slasku-nowa-wystawa-czasowa-w-zamku-piastowskim\/\" \/>\n<meta property=\"og:site_name\" content=\"24GLIWICE - Portal Gliwice | codziennie nowe informacje\" \/>\n<meta property=\"article:publisher\" content=\"https:\/\/www.facebook.com\/24gliwice\" \/>\n<meta property=\"article:published_time\" content=\"2026-03-13T02:39:44+00:00\" \/>\n<meta property=\"article:modified_time\" content=\"2026-04-03T00:43:49+00:00\" \/>\n<meta property=\"og:image\" content=\"https:\/\/www.24gliwice.pl\/wiadomosci\/wp-content\/uploads\/2026\/03\/muzeum-zagadkowe-kurhany.jpg\" \/>\n\t<meta property=\"og:image:width\" content=\"810\" \/>\n\t<meta property=\"og:image:height\" content=\"457\" \/>\n\t<meta property=\"og:image:type\" content=\"image\/jpeg\" \/>\n<meta name=\"author\" content=\"\u017baneta Mrozek-Siewierska\" \/>\n<meta name=\"twitter:card\" content=\"summary_large_image\" \/>\n<meta name=\"twitter:creator\" content=\"@24gliwice\" \/>\n<meta name=\"twitter:site\" content=\"@24gliwice\" \/>\n<meta name=\"twitter:label1\" content=\"Napisane przez\" \/>\n\t<meta name=\"twitter:data1\" content=\"\u017baneta Mrozek-Siewierska\" \/>\n\t<meta name=\"twitter:label2\" content=\"Szacowany czas czytania\" \/>\n\t<meta name=\"twitter:data2\" content=\"2 minuty\" \/>\n<script type=\"application\/ld+json\" class=\"yoast-schema-graph\">{\"@context\":\"https:\\\/\\\/schema.org\",\"@graph\":[{\"@type\":\"Article\",\"@id\":\"https:\\\/\\\/www.24gliwice.pl\\\/wiadomosci\\\/zagadkowe-kurhany-poczatki-slowian-na-gornym-slasku-nowa-wystawa-czasowa-w-zamku-piastowskim\\\/#article\",\"isPartOf\":{\"@id\":\"https:\\\/\\\/www.24gliwice.pl\\\/wiadomosci\\\/zagadkowe-kurhany-poczatki-slowian-na-gornym-slasku-nowa-wystawa-czasowa-w-zamku-piastowskim\\\/\"},\"author\":{\"name\":\"\u017baneta Mrozek-Siewierska\",\"@id\":\"https:\\\/\\\/www.24gliwice.pl\\\/wiadomosci\\\/#\\\/schema\\\/person\\\/e42c650edd7f2fa332be3811fb166b6e\"},\"headline\":\"&#8220;Zagadkowe kurhany. Pocz\u0105tki S\u0142owian na G\u00f3rnym \u015al\u0105sku\u201d. Nowa wystawa czasowa w Zamku Piastowskim\",\"datePublished\":\"2026-03-13T02:39:44+00:00\",\"dateModified\":\"2026-04-03T00:43:49+00:00\",\"mainEntityOfPage\":{\"@id\":\"https:\\\/\\\/www.24gliwice.pl\\\/wiadomosci\\\/zagadkowe-kurhany-poczatki-slowian-na-gornym-slasku-nowa-wystawa-czasowa-w-zamku-piastowskim\\\/\"},\"wordCount\":264,\"commentCount\":15,\"publisher\":{\"@id\":\"https:\\\/\\\/www.24gliwice.pl\\\/wiadomosci\\\/#organization\"},\"image\":{\"@id\":\"https:\\\/\\\/www.24gliwice.pl\\\/wiadomosci\\\/zagadkowe-kurhany-poczatki-slowian-na-gornym-slasku-nowa-wystawa-czasowa-w-zamku-piastowskim\\\/#primaryimage\"},\"thumbnailUrl\":\"https:\\\/\\\/www.24gliwice.pl\\\/wiadomosci\\\/wp-content\\\/uploads\\\/2026\\\/03\\\/muzeum-zagadkowe-kurhany.jpg\",\"keywords\":[\"MUZEUM\",\"WYSTAWA\"],\"articleSection\":[\"Gliwice\",\"Kultura, wydarzenia, imprezy\",\"Najnowsze wiadomo\u015bci\"],\"inLanguage\":\"pl-PL\",\"potentialAction\":[{\"@type\":\"CommentAction\",\"name\":\"Comment\",\"target\":[\"https:\\\/\\\/www.24gliwice.pl\\\/wiadomosci\\\/zagadkowe-kurhany-poczatki-slowian-na-gornym-slasku-nowa-wystawa-czasowa-w-zamku-piastowskim\\\/#respond\"]}]},{\"@type\":\"WebPage\",\"@id\":\"https:\\\/\\\/www.24gliwice.pl\\\/wiadomosci\\\/zagadkowe-kurhany-poczatki-slowian-na-gornym-slasku-nowa-wystawa-czasowa-w-zamku-piastowskim\\\/\",\"url\":\"https:\\\/\\\/www.24gliwice.pl\\\/wiadomosci\\\/zagadkowe-kurhany-poczatki-slowian-na-gornym-slasku-nowa-wystawa-czasowa-w-zamku-piastowskim\\\/\",\"name\":\"\\\"Zagadkowe kurhany. Pocz\u0105tki S\u0142owian na G\u00f3rnym \u015al\u0105sku\u201d. Nowa wystawa czasowa w Zamku Piastowskim - 24GLIWICE - Portal Gliwice | codziennie nowe informacje\",\"isPartOf\":{\"@id\":\"https:\\\/\\\/www.24gliwice.pl\\\/wiadomosci\\\/#website\"},\"primaryImageOfPage\":{\"@id\":\"https:\\\/\\\/www.24gliwice.pl\\\/wiadomosci\\\/zagadkowe-kurhany-poczatki-slowian-na-gornym-slasku-nowa-wystawa-czasowa-w-zamku-piastowskim\\\/#primaryimage\"},\"image\":{\"@id\":\"https:\\\/\\\/www.24gliwice.pl\\\/wiadomosci\\\/zagadkowe-kurhany-poczatki-slowian-na-gornym-slasku-nowa-wystawa-czasowa-w-zamku-piastowskim\\\/#primaryimage\"},\"thumbnailUrl\":\"https:\\\/\\\/www.24gliwice.pl\\\/wiadomosci\\\/wp-content\\\/uploads\\\/2026\\\/03\\\/muzeum-zagadkowe-kurhany.jpg\",\"datePublished\":\"2026-03-13T02:39:44+00:00\",\"dateModified\":\"2026-04-03T00:43:49+00:00\",\"description\":\"\\\"Zagadkowe kurhany. Pocz\u0105tki S\u0142owian na G\u00f3rnym \u015al\u0105sku\u201d to nowa wystawa czasowa, kt\u00f3ra b\u0119dzie prezentowana w Zamku Piastowskim od 12 marca br.\",\"breadcrumb\":{\"@id\":\"https:\\\/\\\/www.24gliwice.pl\\\/wiadomosci\\\/zagadkowe-kurhany-poczatki-slowian-na-gornym-slasku-nowa-wystawa-czasowa-w-zamku-piastowskim\\\/#breadcrumb\"},\"inLanguage\":\"pl-PL\",\"potentialAction\":[{\"@type\":\"ReadAction\",\"target\":[\"https:\\\/\\\/www.24gliwice.pl\\\/wiadomosci\\\/zagadkowe-kurhany-poczatki-slowian-na-gornym-slasku-nowa-wystawa-czasowa-w-zamku-piastowskim\\\/\"]}]},{\"@type\":\"ImageObject\",\"inLanguage\":\"pl-PL\",\"@id\":\"https:\\\/\\\/www.24gliwice.pl\\\/wiadomosci\\\/zagadkowe-kurhany-poczatki-slowian-na-gornym-slasku-nowa-wystawa-czasowa-w-zamku-piastowskim\\\/#primaryimage\",\"url\":\"https:\\\/\\\/www.24gliwice.pl\\\/wiadomosci\\\/wp-content\\\/uploads\\\/2026\\\/03\\\/muzeum-zagadkowe-kurhany.jpg\",\"contentUrl\":\"https:\\\/\\\/www.24gliwice.pl\\\/wiadomosci\\\/wp-content\\\/uploads\\\/2026\\\/03\\\/muzeum-zagadkowe-kurhany.jpg\",\"width\":810,\"height\":457},{\"@type\":\"BreadcrumbList\",\"@id\":\"https:\\\/\\\/www.24gliwice.pl\\\/wiadomosci\\\/zagadkowe-kurhany-poczatki-slowian-na-gornym-slasku-nowa-wystawa-czasowa-w-zamku-piastowskim\\\/#breadcrumb\",\"itemListElement\":[{\"@type\":\"ListItem\",\"position\":1,\"name\":\"Strona g\u0142\u00f3wna\",\"item\":\"https:\\\/\\\/www.24gliwice.pl\\\/wiadomosci\\\/\"},{\"@type\":\"ListItem\",\"position\":2,\"name\":\"&#8220;Zagadkowe kurhany. Pocz\u0105tki S\u0142owian na G\u00f3rnym \u015al\u0105sku\u201d. Nowa wystawa czasowa w Zamku Piastowskim\"}]},{\"@type\":\"WebSite\",\"@id\":\"https:\\\/\\\/www.24gliwice.pl\\\/wiadomosci\\\/#website\",\"url\":\"https:\\\/\\\/www.24gliwice.pl\\\/wiadomosci\\\/\",\"name\":\"24GLIWICE - Portal Gliwice | codziennie nowe wiadomo\u015bci\",\"description\":\"Portal Miejski Gliwice\",\"publisher\":{\"@id\":\"https:\\\/\\\/www.24gliwice.pl\\\/wiadomosci\\\/#organization\"},\"potentialAction\":[{\"@type\":\"SearchAction\",\"target\":{\"@type\":\"EntryPoint\",\"urlTemplate\":\"https:\\\/\\\/www.24gliwice.pl\\\/wiadomosci\\\/?s={search_term_string}\"},\"query-input\":{\"@type\":\"PropertyValueSpecification\",\"valueRequired\":true,\"valueName\":\"search_term_string\"}}],\"inLanguage\":\"pl-PL\"},{\"@type\":\"Organization\",\"@id\":\"https:\\\/\\\/www.24gliwice.pl\\\/wiadomosci\\\/#organization\",\"name\":\"24gliwice\",\"url\":\"https:\\\/\\\/www.24gliwice.pl\\\/wiadomosci\\\/\",\"logo\":{\"@type\":\"ImageObject\",\"inLanguage\":\"pl-PL\",\"@id\":\"https:\\\/\\\/www.24gliwice.pl\\\/wiadomosci\\\/#\\\/schema\\\/logo\\\/image\\\/\",\"url\":\"https:\\\/\\\/www.24gliwice.pl\\\/wiadomosci\\\/wp-content\\\/uploads\\\/2024\\\/10\\\/24gliwice-logo-696.jpg\",\"contentUrl\":\"https:\\\/\\\/www.24gliwice.pl\\\/wiadomosci\\\/wp-content\\\/uploads\\\/2024\\\/10\\\/24gliwice-logo-696.jpg\",\"width\":696,\"height\":696,\"caption\":\"24gliwice\"},\"image\":{\"@id\":\"https:\\\/\\\/www.24gliwice.pl\\\/wiadomosci\\\/#\\\/schema\\\/logo\\\/image\\\/\"},\"sameAs\":[\"https:\\\/\\\/www.facebook.com\\\/24gliwice\",\"https:\\\/\\\/x.com\\\/24gliwice\",\"https:\\\/\\\/www.youtube.com\\\/@24gliwice\"]},{\"@type\":\"Person\",\"@id\":\"https:\\\/\\\/www.24gliwice.pl\\\/wiadomosci\\\/#\\\/schema\\\/person\\\/e42c650edd7f2fa332be3811fb166b6e\",\"name\":\"\u017baneta Mrozek-Siewierska\",\"image\":{\"@type\":\"ImageObject\",\"inLanguage\":\"pl-PL\",\"@id\":\"https:\\\/\\\/secure.gravatar.com\\\/avatar\\\/1881429e9c64597c77ad7aef2d0a19be69a3253e57534d16aa15bf3a4d34a0a3?s=96&d=mm&r=g\",\"url\":\"https:\\\/\\\/secure.gravatar.com\\\/avatar\\\/1881429e9c64597c77ad7aef2d0a19be69a3253e57534d16aa15bf3a4d34a0a3?s=96&d=mm&r=g\",\"contentUrl\":\"https:\\\/\\\/secure.gravatar.com\\\/avatar\\\/1881429e9c64597c77ad7aef2d0a19be69a3253e57534d16aa15bf3a4d34a0a3?s=96&d=mm&r=g\",\"caption\":\"\u017baneta Mrozek-Siewierska\"},\"url\":\"https:\\\/\\\/www.24gliwice.pl\\\/wiadomosci\\\/author\\\/zms\\\/\"}]}<\/script>\n<!-- \/ Yoast SEO plugin. -->","yoast_head_json":{"title":"\"Zagadkowe kurhany. Pocz\u0105tki S\u0142owian na G\u00f3rnym \u015al\u0105sku\u201d. Nowa wystawa czasowa w Zamku Piastowskim - 24GLIWICE - Portal Gliwice | codziennie nowe informacje","description":"\"Zagadkowe kurhany. Pocz\u0105tki S\u0142owian na G\u00f3rnym \u015al\u0105sku\u201d to nowa wystawa czasowa, kt\u00f3ra b\u0119dzie prezentowana w Zamku Piastowskim od 12 marca br.","robots":{"index":"index","follow":"follow","max-snippet":"max-snippet:-1","max-image-preview":"max-image-preview:large","max-video-preview":"max-video-preview:-1"},"canonical":"https:\/\/www.24gliwice.pl\/wiadomosci\/zagadkowe-kurhany-poczatki-slowian-na-gornym-slasku-nowa-wystawa-czasowa-w-zamku-piastowskim\/","og_locale":"pl_PL","og_type":"article","og_title":"\"Zagadkowe kurhany. Pocz\u0105tki S\u0142owian na G\u00f3rnym \u015al\u0105sku\u201d. Nowa wystawa czasowa w Zamku Piastowskim - 24GLIWICE - Portal Gliwice | codziennie nowe informacje","og_description":"\"Zagadkowe kurhany. Pocz\u0105tki S\u0142owian na G\u00f3rnym \u015al\u0105sku\u201d to nowa wystawa czasowa, kt\u00f3ra b\u0119dzie prezentowana w Zamku Piastowskim od 12 marca br.","og_url":"https:\/\/www.24gliwice.pl\/wiadomosci\/zagadkowe-kurhany-poczatki-slowian-na-gornym-slasku-nowa-wystawa-czasowa-w-zamku-piastowskim\/","og_site_name":"24GLIWICE - Portal Gliwice | codziennie nowe informacje","article_publisher":"https:\/\/www.facebook.com\/24gliwice","article_published_time":"2026-03-13T02:39:44+00:00","article_modified_time":"2026-04-03T00:43:49+00:00","og_image":[{"width":810,"height":457,"url":"https:\/\/www.24gliwice.pl\/wiadomosci\/wp-content\/uploads\/2026\/03\/muzeum-zagadkowe-kurhany.jpg","type":"image\/jpeg"}],"author":"\u017baneta Mrozek-Siewierska","twitter_card":"summary_large_image","twitter_creator":"@24gliwice","twitter_site":"@24gliwice","twitter_misc":{"Napisane przez":"\u017baneta Mrozek-Siewierska","Szacowany czas czytania":"2 minuty"},"schema":{"@context":"https:\/\/schema.org","@graph":[{"@type":"Article","@id":"https:\/\/www.24gliwice.pl\/wiadomosci\/zagadkowe-kurhany-poczatki-slowian-na-gornym-slasku-nowa-wystawa-czasowa-w-zamku-piastowskim\/#article","isPartOf":{"@id":"https:\/\/www.24gliwice.pl\/wiadomosci\/zagadkowe-kurhany-poczatki-slowian-na-gornym-slasku-nowa-wystawa-czasowa-w-zamku-piastowskim\/"},"author":{"name":"\u017baneta Mrozek-Siewierska","@id":"https:\/\/www.24gliwice.pl\/wiadomosci\/#\/schema\/person\/e42c650edd7f2fa332be3811fb166b6e"},"headline":"&#8220;Zagadkowe kurhany. Pocz\u0105tki S\u0142owian na G\u00f3rnym \u015al\u0105sku\u201d. Nowa wystawa czasowa w Zamku Piastowskim","datePublished":"2026-03-13T02:39:44+00:00","dateModified":"2026-04-03T00:43:49+00:00","mainEntityOfPage":{"@id":"https:\/\/www.24gliwice.pl\/wiadomosci\/zagadkowe-kurhany-poczatki-slowian-na-gornym-slasku-nowa-wystawa-czasowa-w-zamku-piastowskim\/"},"wordCount":264,"commentCount":15,"publisher":{"@id":"https:\/\/www.24gliwice.pl\/wiadomosci\/#organization"},"image":{"@id":"https:\/\/www.24gliwice.pl\/wiadomosci\/zagadkowe-kurhany-poczatki-slowian-na-gornym-slasku-nowa-wystawa-czasowa-w-zamku-piastowskim\/#primaryimage"},"thumbnailUrl":"https:\/\/www.24gliwice.pl\/wiadomosci\/wp-content\/uploads\/2026\/03\/muzeum-zagadkowe-kurhany.jpg","keywords":["MUZEUM","WYSTAWA"],"articleSection":["Gliwice","Kultura, wydarzenia, imprezy","Najnowsze wiadomo\u015bci"],"inLanguage":"pl-PL","potentialAction":[{"@type":"CommentAction","name":"Comment","target":["https:\/\/www.24gliwice.pl\/wiadomosci\/zagadkowe-kurhany-poczatki-slowian-na-gornym-slasku-nowa-wystawa-czasowa-w-zamku-piastowskim\/#respond"]}]},{"@type":"WebPage","@id":"https:\/\/www.24gliwice.pl\/wiadomosci\/zagadkowe-kurhany-poczatki-slowian-na-gornym-slasku-nowa-wystawa-czasowa-w-zamku-piastowskim\/","url":"https:\/\/www.24gliwice.pl\/wiadomosci\/zagadkowe-kurhany-poczatki-slowian-na-gornym-slasku-nowa-wystawa-czasowa-w-zamku-piastowskim\/","name":"\"Zagadkowe kurhany. Pocz\u0105tki S\u0142owian na G\u00f3rnym \u015al\u0105sku\u201d. Nowa wystawa czasowa w Zamku Piastowskim - 24GLIWICE - Portal Gliwice | codziennie nowe informacje","isPartOf":{"@id":"https:\/\/www.24gliwice.pl\/wiadomosci\/#website"},"primaryImageOfPage":{"@id":"https:\/\/www.24gliwice.pl\/wiadomosci\/zagadkowe-kurhany-poczatki-slowian-na-gornym-slasku-nowa-wystawa-czasowa-w-zamku-piastowskim\/#primaryimage"},"image":{"@id":"https:\/\/www.24gliwice.pl\/wiadomosci\/zagadkowe-kurhany-poczatki-slowian-na-gornym-slasku-nowa-wystawa-czasowa-w-zamku-piastowskim\/#primaryimage"},"thumbnailUrl":"https:\/\/www.24gliwice.pl\/wiadomosci\/wp-content\/uploads\/2026\/03\/muzeum-zagadkowe-kurhany.jpg","datePublished":"2026-03-13T02:39:44+00:00","dateModified":"2026-04-03T00:43:49+00:00","description":"\"Zagadkowe kurhany. Pocz\u0105tki S\u0142owian na G\u00f3rnym \u015al\u0105sku\u201d to nowa wystawa czasowa, kt\u00f3ra b\u0119dzie prezentowana w Zamku Piastowskim od 12 marca br.","breadcrumb":{"@id":"https:\/\/www.24gliwice.pl\/wiadomosci\/zagadkowe-kurhany-poczatki-slowian-na-gornym-slasku-nowa-wystawa-czasowa-w-zamku-piastowskim\/#breadcrumb"},"inLanguage":"pl-PL","potentialAction":[{"@type":"ReadAction","target":["https:\/\/www.24gliwice.pl\/wiadomosci\/zagadkowe-kurhany-poczatki-slowian-na-gornym-slasku-nowa-wystawa-czasowa-w-zamku-piastowskim\/"]}]},{"@type":"ImageObject","inLanguage":"pl-PL","@id":"https:\/\/www.24gliwice.pl\/wiadomosci\/zagadkowe-kurhany-poczatki-slowian-na-gornym-slasku-nowa-wystawa-czasowa-w-zamku-piastowskim\/#primaryimage","url":"https:\/\/www.24gliwice.pl\/wiadomosci\/wp-content\/uploads\/2026\/03\/muzeum-zagadkowe-kurhany.jpg","contentUrl":"https:\/\/www.24gliwice.pl\/wiadomosci\/wp-content\/uploads\/2026\/03\/muzeum-zagadkowe-kurhany.jpg","width":810,"height":457},{"@type":"BreadcrumbList","@id":"https:\/\/www.24gliwice.pl\/wiadomosci\/zagadkowe-kurhany-poczatki-slowian-na-gornym-slasku-nowa-wystawa-czasowa-w-zamku-piastowskim\/#breadcrumb","itemListElement":[{"@type":"ListItem","position":1,"name":"Strona g\u0142\u00f3wna","item":"https:\/\/www.24gliwice.pl\/wiadomosci\/"},{"@type":"ListItem","position":2,"name":"&#8220;Zagadkowe kurhany. Pocz\u0105tki S\u0142owian na G\u00f3rnym \u015al\u0105sku\u201d. Nowa wystawa czasowa w Zamku Piastowskim"}]},{"@type":"WebSite","@id":"https:\/\/www.24gliwice.pl\/wiadomosci\/#website","url":"https:\/\/www.24gliwice.pl\/wiadomosci\/","name":"24GLIWICE - Portal Gliwice | codziennie nowe wiadomo\u015bci","description":"Portal Miejski Gliwice","publisher":{"@id":"https:\/\/www.24gliwice.pl\/wiadomosci\/#organization"},"potentialAction":[{"@type":"SearchAction","target":{"@type":"EntryPoint","urlTemplate":"https:\/\/www.24gliwice.pl\/wiadomosci\/?s={search_term_string}"},"query-input":{"@type":"PropertyValueSpecification","valueRequired":true,"valueName":"search_term_string"}}],"inLanguage":"pl-PL"},{"@type":"Organization","@id":"https:\/\/www.24gliwice.pl\/wiadomosci\/#organization","name":"24gliwice","url":"https:\/\/www.24gliwice.pl\/wiadomosci\/","logo":{"@type":"ImageObject","inLanguage":"pl-PL","@id":"https:\/\/www.24gliwice.pl\/wiadomosci\/#\/schema\/logo\/image\/","url":"https:\/\/www.24gliwice.pl\/wiadomosci\/wp-content\/uploads\/2024\/10\/24gliwice-logo-696.jpg","contentUrl":"https:\/\/www.24gliwice.pl\/wiadomosci\/wp-content\/uploads\/2024\/10\/24gliwice-logo-696.jpg","width":696,"height":696,"caption":"24gliwice"},"image":{"@id":"https:\/\/www.24gliwice.pl\/wiadomosci\/#\/schema\/logo\/image\/"},"sameAs":["https:\/\/www.facebook.com\/24gliwice","https:\/\/x.com\/24gliwice","https:\/\/www.youtube.com\/@24gliwice"]},{"@type":"Person","@id":"https:\/\/www.24gliwice.pl\/wiadomosci\/#\/schema\/person\/e42c650edd7f2fa332be3811fb166b6e","name":"\u017baneta Mrozek-Siewierska","image":{"@type":"ImageObject","inLanguage":"pl-PL","@id":"https:\/\/secure.gravatar.com\/avatar\/1881429e9c64597c77ad7aef2d0a19be69a3253e57534d16aa15bf3a4d34a0a3?s=96&d=mm&r=g","url":"https:\/\/secure.gravatar.com\/avatar\/1881429e9c64597c77ad7aef2d0a19be69a3253e57534d16aa15bf3a4d34a0a3?s=96&d=mm&r=g","contentUrl":"https:\/\/secure.gravatar.com\/avatar\/1881429e9c64597c77ad7aef2d0a19be69a3253e57534d16aa15bf3a4d34a0a3?s=96&d=mm&r=g","caption":"\u017baneta Mrozek-Siewierska"},"url":"https:\/\/www.24gliwice.pl\/wiadomosci\/author\/zms\/"}]}},"_links":{"self":[{"href":"https:\/\/www.24gliwice.pl\/wiadomosci\/wp-json\/wp\/v2\/posts\/267116","targetHints":{"allow":["GET"]}}],"collection":[{"href":"https:\/\/www.24gliwice.pl\/wiadomosci\/wp-json\/wp\/v2\/posts"}],"about":[{"href":"https:\/\/www.24gliwice.pl\/wiadomosci\/wp-json\/wp\/v2\/types\/post"}],"author":[{"embeddable":true,"href":"https:\/\/www.24gliwice.pl\/wiadomosci\/wp-json\/wp\/v2\/users\/15"}],"replies":[{"embeddable":true,"href":"https:\/\/www.24gliwice.pl\/wiadomosci\/wp-json\/wp\/v2\/comments?post=267116"}],"version-history":[{"count":0,"href":"https:\/\/www.24gliwice.pl\/wiadomosci\/wp-json\/wp\/v2\/posts\/267116\/revisions"}],"wp:featuredmedia":[{"embeddable":true,"href":"https:\/\/www.24gliwice.pl\/wiadomosci\/wp-json\/wp\/v2\/media\/267427"}],"wp:attachment":[{"href":"https:\/\/www.24gliwice.pl\/wiadomosci\/wp-json\/wp\/v2\/media?parent=267116"}],"wp:term":[{"taxonomy":"category","embeddable":true,"href":"https:\/\/www.24gliwice.pl\/wiadomosci\/wp-json\/wp\/v2\/categories?post=267116"},{"taxonomy":"post_tag","embeddable":true,"href":"https:\/\/www.24gliwice.pl\/wiadomosci\/wp-json\/wp\/v2\/tags?post=267116"}],"curies":[{"name":"wp","href":"https:\/\/api.w.org\/{rel}","templated":true}]}}