{"id":267307,"date":"2026-03-03T17:41:58","date_gmt":"2026-03-03T16:41:58","guid":{"rendered":"https:\/\/www.24gliwice.pl\/wiadomosci\/?p=267307"},"modified":"2026-03-03T17:41:58","modified_gmt":"2026-03-03T16:41:58","slug":"komu-przeszkadzaja-drzewa-w-miescie-kolejna-dewastacja-sprawca-posluzyl-sie-pila","status":"publish","type":"post","link":"https:\/\/www.24gliwice.pl\/wiadomosci\/komu-przeszkadzaja-drzewa-w-miescie-kolejna-dewastacja-sprawca-posluzyl-sie-pila\/","title":{"rendered":"Komu przeszkadzaj\u0105 drzewa w mie\u015bcie? Kolejna dewastacja, sprawca pos\u0142u\u017cy\u0142 si\u0119 pi\u0142\u0105"},"content":{"rendered":"<div class=\"gliwi-a6-nad-leadem-artykulow gliwi-entity-placement\" id=\"gliwi-2611843720\"><div class=\"gliwi-adlabel\"><span style=\"font-size: 9px\">REKLAMA<\/span><\/div><div id=\"gliwi-3970506830\" style=\"margin-bottom: 25px;margin-left: auto;margin-right: auto;text-align: center;\"><a data-no-instant=\"1\" href=\"https:\/\/dom100.eu\/\" rel=\"noopener\" class=\"a2t-link\" target=\"_blank\" aria-label=\"20260415 DOM100 D\"><img loading=\"lazy\" decoding=\"async\" src=\"https:\/\/www.24gliwice.pl\/wiadomosci\/wp-content\/uploads\/2026\/04\/20260415-DOM100-D.jpg\" alt=\"\"  srcset=\"https:\/\/www.24gliwice.pl\/wiadomosci\/wp-content\/uploads\/2026\/04\/20260415-DOM100-D.jpg 750w, https:\/\/www.24gliwice.pl\/wiadomosci\/wp-content\/uploads\/2026\/04\/20260415-DOM100-D-410x109.jpg 410w\" sizes=\"(max-width: 750px) 100vw, 750px\" class=\"no-lazyload\" width=\"750\" height=\"200\"  style=\"display: inline-block; max-width: 100%; height: auto;\" \/><\/a><\/div><\/div><h2>Komu przeszkadza\u0142o drzewo rosn\u0105ce przy dzia\u0142kach? Kto\u015b celowo, prawdopodobnie z u\u017cyciem pi\u0142y, wyci\u0105\u0142 trzyletni jawor rosn\u0105cy przy ogrodzeniu dzia\u0142ek przy ul. Gierymskiego. Dewastacj\u0119 zg\u0142oszono policji.<\/h2>\n<p><!--more--><\/p>\n<p>Zarz\u0105d Dr\u00f3g Miejskich apeluje do mieszka\u0144c\u00f3w o reagowanie na akty wandalizmu oraz zg\u0142aszanie wszelkich niepokoj\u0105cych sytuacji odpowiednim s\u0142u\u017cbom.<\/p>\n<p>&#8211; <em>Dorodne drzewo \u015bwietnie si\u0119 przyj\u0119\u0142o, rozwija\u0142o prawid\u0142owo i mog\u0142o przez lata cieszy\u0107 przechodni\u00f3w oraz kierowc\u00f3w. Niestety, zosta\u0142o \u015bci\u0119te przy u\u017cyciu pi\u0142y. Trudno zrozumie\u0107 motywy takiego dzia\u0142ania. Drzewo nie stanowi\u0142o zagro\u017cenia ani nie kolidowa\u0142o z infrastruktur\u0105. Mimo to zosta\u0142o zniszczone<\/em> <\/p><div class=\"gliwi-a3-w-tresci-artykulow gliwi-entity-placement\" id=\"gliwi-1125820139\"><div class=\"gliwi-adlabel\"><span style=\"font-size: 9px\">REKLAMA<\/span><\/div><div id=\"gliwi-1666826169\" style=\"margin-bottom: 30px;margin-left: auto;margin-right: auto;text-align: center;\"><a data-no-instant=\"1\" href=\"https:\/\/zlobek.halogen.org.pl\/\" rel=\"noopener\" class=\"a2t-link\" target=\"_blank\" aria-label=\"animator-zlobek_750x200\"><img loading=\"lazy\" decoding=\"async\" src=\"https:\/\/www.24gliwice.pl\/wiadomosci\/wp-content\/uploads\/2026\/02\/animator-zlobek_750x200.webp\" alt=\"\"  srcset=\"https:\/\/www.24gliwice.pl\/wiadomosci\/wp-content\/uploads\/2026\/02\/animator-zlobek_750x200.webp 750w, https:\/\/www.24gliwice.pl\/wiadomosci\/wp-content\/uploads\/2026\/02\/animator-zlobek_750x200-410x109.webp 410w\" sizes=\"(max-width: 750px) 100vw, 750px\" class=\"no-lazyload\" width=\"750\" height=\"200\"  style=\"display: inline-block; max-width: 100%; height: auto;\" \/><\/a><\/div><\/div>\n<blockquote><p><em>Nie wyra\u017camy zgody na tego typu zachowania. Ka\u017cde samowolne niszczenie zieleni jest naruszeniem prawa oraz dzia\u0142aniem na szkod\u0119 wsp\u00f3lnej przestrzeni<\/em><\/p><\/blockquote>\n<p>&#8211; podkre\u015bla ZDM. <\/p>\n<p>Takie dzia\u0142anie nieznanego sprawcy dziwi szczeg\u00f3lnie, gdy przy planowaniu wycinek w innych cz\u0119\u015bciach miasta mieszka\u0144cy na og\u00f3\u0142 wyra\u017caj\u0105 niezadowolenie. &#8211; <em>Ziele\u0144 miejska to nasze wsp\u00f3lne dobro. Ka\u017cde nowe drzewo wymaga czasu, pracy i \u015brodk\u00f3w, by mog\u0142o rosn\u0105\u0107 i pe\u0142ni\u0107 swoj\u0105 funkcj\u0119 &#8211; estetyczn\u0105, przyrodnicz\u0105 i klimatyczn\u0105<\/em> &#8211; kontynuuj\u0105 drogowcy.<\/p>\n<blockquote class=\"wp-embedded-content\" data-secret=\"VhO9EbUM6m\"><p><a href=\"https:\/\/www.24gliwice.pl\/wiadomosci\/komu-przeszkadzaja-sadzonki-drzew-w-gliwicach-ktos-celowo-zniszczyl-mlode-klony\/\">Komu przeszkadzaj\u0105 sadzonki drzew w Gliwicach? Kto\u015b celowo zniszczy\u0142 m\u0142ode klony<\/a><\/p><\/blockquote>\n<p><iframe loading=\"lazy\" class=\"wp-embedded-content\" sandbox=\"allow-scripts\" security=\"restricted\" style=\"position: absolute; visibility: hidden;\" title=\"&#8222;Komu przeszkadzaj\u0105 sadzonki drzew w Gliwicach? Kto\u015b celowo zniszczy\u0142 m\u0142ode klony&#8221; &#8212; 24GLIWICE - Portal Gliwice | codziennie nowe informacje\" src=\"https:\/\/www.24gliwice.pl\/wiadomosci\/komu-przeszkadzaja-sadzonki-drzew-w-gliwicach-ktos-celowo-zniszczyl-mlode-klony\/embed\/#?secret=vnU1EppHjE#?secret=VhO9EbUM6m\" data-secret=\"VhO9EbUM6m\" width=\"600\" height=\"338\" frameborder=\"0\" marginwidth=\"0\" marginheight=\"0\" scrolling=\"no\"><\/iframe><\/p>\n<p>W przesz\u0142o\u015bci na terenie Gliwic dochodzi\u0142o ju\u017c do r\u00f3\u017cnego rodzaju dewastacji drzew &#8211; czy to na skutek dzia\u0142ania z premedytacj\u0105, czy te\u017c czyjego\u015b wybryku. By\u0142o ju\u017c podsypywanie ro\u015blin przy ulicy Kr\u00f3lowej Bony sol\u0105, niszczenie nasadze\u0144 przy ulicy Sienkiewicza, za\u015b przy ulicy Lutyckiej kto\u015b celowo wywierci\u0142 otwory w kilkudziesi\u0119cioletnim drzewie by zaaplikowa\u0107 do \u015brodka truj\u0105c\u0105 substancj\u0119. Pr\u00f3b\u0119 nielegalnej wycinki stwierdzono te\u017c na terenie wok\u00f3\u0142 Szachty.<\/p>\n<blockquote class=\"wp-embedded-content\" data-secret=\"C0BLf9KF8w\"><p><a href=\"https:\/\/www.24gliwice.pl\/wiadomosci\/ktos-probuje-pozbyc-sie-drzew-rosnacych-w-srodmiesciu-taka-sama-sytuacja-byla-juz-pol-roku-temu\/\">Kto\u015b pr\u00f3buje pozby\u0107 si\u0119 drzew rosn\u0105cych w \u015ar\u00f3dmie\u015bciu. &#8220;Taka sama sytuacja by\u0142a ju\u017c p\u00f3\u0142 roku temu&#8221;<\/a><\/p><\/blockquote>\n<p><iframe loading=\"lazy\" class=\"wp-embedded-content\" sandbox=\"allow-scripts\" security=\"restricted\" style=\"position: absolute; visibility: hidden;\" title=\"&#8222;Kto\u015b pr\u00f3buje pozby\u0107 si\u0119 drzew rosn\u0105cych w \u015ar\u00f3dmie\u015bciu. &#8220;Taka sama sytuacja by\u0142a ju\u017c p\u00f3\u0142 roku temu&#8221;&#8221; &#8212; 24GLIWICE - Portal Gliwice | codziennie nowe informacje\" src=\"https:\/\/www.24gliwice.pl\/wiadomosci\/ktos-probuje-pozbyc-sie-drzew-rosnacych-w-srodmiesciu-taka-sama-sytuacja-byla-juz-pol-roku-temu\/embed\/#?secret=JtD0pb8MoE#?secret=C0BLf9KF8w\" data-secret=\"C0BLf9KF8w\" width=\"600\" height=\"338\" frameborder=\"0\" marginwidth=\"0\" marginheight=\"0\" scrolling=\"no\"><\/iframe><\/p>\n<p><a href=\"https:\/\/www.24gliwice.pl\/wiadomosci\/wp-content\/uploads\/2024\/09\/niszczenie-drzewa-lutycka.jpg\"><img loading=\"lazy\" decoding=\"async\" src=\"https:\/\/www.24gliwice.pl\/wiadomosci\/wp-content\/uploads\/2024\/09\/niszczenie-drzewa-lutycka.jpg\" alt=\"\" width=\"810\" height=\"608\" class=\"alignnone size-full wp-image-242544\" srcset=\"https:\/\/www.24gliwice.pl\/wiadomosci\/wp-content\/uploads\/2024\/09\/niszczenie-drzewa-lutycka.jpg 810w, https:\/\/www.24gliwice.pl\/wiadomosci\/wp-content\/uploads\/2024\/09\/niszczenie-drzewa-lutycka-309x232.jpg 309w, https:\/\/www.24gliwice.pl\/wiadomosci\/wp-content\/uploads\/2024\/09\/niszczenie-drzewa-lutycka-606x455.jpg 606w, https:\/\/www.24gliwice.pl\/wiadomosci\/wp-content\/uploads\/2024\/09\/niszczenie-drzewa-lutycka-768x576.jpg 768w\" sizes=\"auto, (max-width: 810px) 100vw, 810px\" \/><\/a><\/p>\n<p>(\u017cms)\/ZDM Gliwice<br \/>\nZdj\u0119cie g\u0142\u00f3wne: P. Huskiewicz <\/p>\n<div class=\"gliwi-a5-na-koncu-artykulow gliwi-entity-placement\" id=\"gliwi-3673714336\"><div class=\"gliwi-adlabel\"><span style=\"font-size: 9px\">REKLAMA<\/span><\/div><div id=\"gliwi-2126486266\" style=\"margin-left: auto;margin-right: auto;text-align: center;\"><a data-no-instant=\"1\" href=\"https:\/\/prezeroarenagliwice.pl\/\" rel=\"noopener\" class=\"a2t-link\" target=\"_blank\" aria-label=\"20260309-PREZERO-WIOSNA-D\"><img loading=\"lazy\" decoding=\"async\" src=\"https:\/\/www.24gliwice.pl\/wiadomosci\/wp-content\/uploads\/2026\/03\/20260309-PREZERO-WIOSNA-D.webp\" alt=\"\"  srcset=\"https:\/\/www.24gliwice.pl\/wiadomosci\/wp-content\/uploads\/2026\/03\/20260309-PREZERO-WIOSNA-D.webp 750w, https:\/\/www.24gliwice.pl\/wiadomosci\/wp-content\/uploads\/2026\/03\/20260309-PREZERO-WIOSNA-D-410x109.webp 410w\" sizes=\"(max-width: 750px) 100vw, 750px\" class=\"no-lazyload\" width=\"750\" height=\"200\"  style=\"display: inline-block; max-width: 100%; height: auto;\" \/><\/a><\/div><\/div>","protected":false},"excerpt":{"rendered":"<p>Komu przeszkadza\u0142o drzewo rosn\u0105ce przy dzia\u0142kach? Kto\u015b celowo, prawdopodobnie z u\u017cyciem pi\u0142y, wyci\u0105\u0142 trzyletni jawor rosn\u0105cy przy ogrodzeniu dzia\u0142ek przy ul. Gierymskiego. Dewastacj\u0119 zg\u0142oszono policji.<\/p>\n","protected":false},"author":15,"featured_media":267309,"comment_status":"open","ping_status":"closed","sticky":false,"template":"","format":"standard","meta":{"_monsterinsights_skip_tracking":false,"_monsterinsights_sitenote_active":false,"_monsterinsights_sitenote_note":"","_monsterinsights_sitenote_category":0,"footnotes":"","_links_to":"","_links_to_target":""},"categories":[3,1],"tags":[9684,23941],"class_list":["post-267307","post","type-post","status-publish","format-standard","has-post-thumbnail","hentry","category-gliwice","category-wszystko","tag-gierymskiego","tag-niszczenie-drzew"],"yoast_head":"<!-- This site is optimized with the Yoast SEO plugin v27.5 - https:\/\/yoast.com\/product\/yoast-seo-wordpress\/ -->\n<title>Komu przeszkadzaj\u0105 drzewa w mie\u015bcie? Kolejna dewastacja, sprawca pos\u0142u\u017cy\u0142 si\u0119 pi\u0142\u0105 - 24GLIWICE - Portal Gliwice | codziennie nowe informacje<\/title>\n<meta name=\"description\" content=\"Niszczenie drzew to nie nowo\u015b\u0107 na terenie Gliwic - w ostatnim czasie kto\u015b celowo wyci\u0105\u0142 trzyletni\u0105 sadzonk\u0119 jaworu przy ul. Gierymskiego\" \/>\n<meta name=\"robots\" content=\"index, follow, max-snippet:-1, max-image-preview:large, max-video-preview:-1\" \/>\n<link rel=\"canonical\" href=\"https:\/\/www.24gliwice.pl\/wiadomosci\/komu-przeszkadzaja-drzewa-w-miescie-kolejna-dewastacja-sprawca-posluzyl-sie-pila\/\" \/>\n<meta property=\"og:locale\" content=\"pl_PL\" \/>\n<meta property=\"og:type\" content=\"article\" \/>\n<meta property=\"og:title\" content=\"Komu przeszkadzaj\u0105 drzewa w mie\u015bcie? Kolejna dewastacja, sprawca pos\u0142u\u017cy\u0142 si\u0119 pi\u0142\u0105 - 24GLIWICE - Portal Gliwice | codziennie nowe informacje\" \/>\n<meta property=\"og:description\" content=\"Niszczenie drzew to nie nowo\u015b\u0107 na terenie Gliwic - w ostatnim czasie kto\u015b celowo wyci\u0105\u0142 trzyletni\u0105 sadzonk\u0119 jaworu przy ul. Gierymskiego\" \/>\n<meta property=\"og:url\" content=\"https:\/\/www.24gliwice.pl\/wiadomosci\/komu-przeszkadzaja-drzewa-w-miescie-kolejna-dewastacja-sprawca-posluzyl-sie-pila\/\" \/>\n<meta property=\"og:site_name\" content=\"24GLIWICE - Portal Gliwice | codziennie nowe informacje\" \/>\n<meta property=\"article:publisher\" content=\"https:\/\/www.facebook.com\/24gliwice\" \/>\n<meta property=\"article:published_time\" content=\"2026-03-03T16:41:58+00:00\" \/>\n<meta property=\"og:image\" content=\"https:\/\/www.24gliwice.pl\/wiadomosci\/wp-content\/uploads\/2026\/03\/niszczenie-drzew.jpg\" \/>\n\t<meta property=\"og:image:width\" content=\"995\" \/>\n\t<meta property=\"og:image:height\" content=\"566\" \/>\n\t<meta property=\"og:image:type\" content=\"image\/jpeg\" \/>\n<meta name=\"author\" content=\"\u017baneta Mrozek-Siewierska\" \/>\n<meta name=\"twitter:card\" content=\"summary_large_image\" \/>\n<meta name=\"twitter:creator\" content=\"@24gliwice\" \/>\n<meta name=\"twitter:site\" content=\"@24gliwice\" \/>\n<meta name=\"twitter:label1\" content=\"Napisane przez\" \/>\n\t<meta name=\"twitter:data1\" content=\"\u017baneta Mrozek-Siewierska\" \/>\n\t<meta name=\"twitter:label2\" content=\"Szacowany czas czytania\" \/>\n\t<meta name=\"twitter:data2\" content=\"2 minuty\" \/>\n<script type=\"application\/ld+json\" class=\"yoast-schema-graph\">{\"@context\":\"https:\\\/\\\/schema.org\",\"@graph\":[{\"@type\":\"Article\",\"@id\":\"https:\\\/\\\/www.24gliwice.pl\\\/wiadomosci\\\/komu-przeszkadzaja-drzewa-w-miescie-kolejna-dewastacja-sprawca-posluzyl-sie-pila\\\/#article\",\"isPartOf\":{\"@id\":\"https:\\\/\\\/www.24gliwice.pl\\\/wiadomosci\\\/komu-przeszkadzaja-drzewa-w-miescie-kolejna-dewastacja-sprawca-posluzyl-sie-pila\\\/\"},\"author\":{\"name\":\"\u017baneta Mrozek-Siewierska\",\"@id\":\"https:\\\/\\\/www.24gliwice.pl\\\/wiadomosci\\\/#\\\/schema\\\/person\\\/e42c650edd7f2fa332be3811fb166b6e\"},\"headline\":\"Komu przeszkadzaj\u0105 drzewa w mie\u015bcie? Kolejna dewastacja, sprawca pos\u0142u\u017cy\u0142 si\u0119 pi\u0142\u0105\",\"datePublished\":\"2026-03-03T16:41:58+00:00\",\"mainEntityOfPage\":{\"@id\":\"https:\\\/\\\/www.24gliwice.pl\\\/wiadomosci\\\/komu-przeszkadzaja-drzewa-w-miescie-kolejna-dewastacja-sprawca-posluzyl-sie-pila\\\/\"},\"wordCount\":311,\"commentCount\":15,\"publisher\":{\"@id\":\"https:\\\/\\\/www.24gliwice.pl\\\/wiadomosci\\\/#organization\"},\"image\":{\"@id\":\"https:\\\/\\\/www.24gliwice.pl\\\/wiadomosci\\\/komu-przeszkadzaja-drzewa-w-miescie-kolejna-dewastacja-sprawca-posluzyl-sie-pila\\\/#primaryimage\"},\"thumbnailUrl\":\"https:\\\/\\\/www.24gliwice.pl\\\/wiadomosci\\\/wp-content\\\/uploads\\\/2026\\\/03\\\/niszczenie-drzew.jpg\",\"keywords\":[\"gierymskiego\",\"NISZCZENIE DRZEW\"],\"articleSection\":[\"Gliwice\",\"Najnowsze wiadomo\u015bci\"],\"inLanguage\":\"pl-PL\",\"potentialAction\":[{\"@type\":\"CommentAction\",\"name\":\"Comment\",\"target\":[\"https:\\\/\\\/www.24gliwice.pl\\\/wiadomosci\\\/komu-przeszkadzaja-drzewa-w-miescie-kolejna-dewastacja-sprawca-posluzyl-sie-pila\\\/#respond\"]}]},{\"@type\":\"WebPage\",\"@id\":\"https:\\\/\\\/www.24gliwice.pl\\\/wiadomosci\\\/komu-przeszkadzaja-drzewa-w-miescie-kolejna-dewastacja-sprawca-posluzyl-sie-pila\\\/\",\"url\":\"https:\\\/\\\/www.24gliwice.pl\\\/wiadomosci\\\/komu-przeszkadzaja-drzewa-w-miescie-kolejna-dewastacja-sprawca-posluzyl-sie-pila\\\/\",\"name\":\"Komu przeszkadzaj\u0105 drzewa w mie\u015bcie? Kolejna dewastacja, sprawca pos\u0142u\u017cy\u0142 si\u0119 pi\u0142\u0105 - 24GLIWICE - Portal Gliwice | codziennie nowe informacje\",\"isPartOf\":{\"@id\":\"https:\\\/\\\/www.24gliwice.pl\\\/wiadomosci\\\/#website\"},\"primaryImageOfPage\":{\"@id\":\"https:\\\/\\\/www.24gliwice.pl\\\/wiadomosci\\\/komu-przeszkadzaja-drzewa-w-miescie-kolejna-dewastacja-sprawca-posluzyl-sie-pila\\\/#primaryimage\"},\"image\":{\"@id\":\"https:\\\/\\\/www.24gliwice.pl\\\/wiadomosci\\\/komu-przeszkadzaja-drzewa-w-miescie-kolejna-dewastacja-sprawca-posluzyl-sie-pila\\\/#primaryimage\"},\"thumbnailUrl\":\"https:\\\/\\\/www.24gliwice.pl\\\/wiadomosci\\\/wp-content\\\/uploads\\\/2026\\\/03\\\/niszczenie-drzew.jpg\",\"datePublished\":\"2026-03-03T16:41:58+00:00\",\"description\":\"Niszczenie drzew to nie nowo\u015b\u0107 na terenie Gliwic - w ostatnim czasie kto\u015b celowo wyci\u0105\u0142 trzyletni\u0105 sadzonk\u0119 jaworu przy ul. Gierymskiego\",\"breadcrumb\":{\"@id\":\"https:\\\/\\\/www.24gliwice.pl\\\/wiadomosci\\\/komu-przeszkadzaja-drzewa-w-miescie-kolejna-dewastacja-sprawca-posluzyl-sie-pila\\\/#breadcrumb\"},\"inLanguage\":\"pl-PL\",\"potentialAction\":[{\"@type\":\"ReadAction\",\"target\":[\"https:\\\/\\\/www.24gliwice.pl\\\/wiadomosci\\\/komu-przeszkadzaja-drzewa-w-miescie-kolejna-dewastacja-sprawca-posluzyl-sie-pila\\\/\"]}]},{\"@type\":\"ImageObject\",\"inLanguage\":\"pl-PL\",\"@id\":\"https:\\\/\\\/www.24gliwice.pl\\\/wiadomosci\\\/komu-przeszkadzaja-drzewa-w-miescie-kolejna-dewastacja-sprawca-posluzyl-sie-pila\\\/#primaryimage\",\"url\":\"https:\\\/\\\/www.24gliwice.pl\\\/wiadomosci\\\/wp-content\\\/uploads\\\/2026\\\/03\\\/niszczenie-drzew.jpg\",\"contentUrl\":\"https:\\\/\\\/www.24gliwice.pl\\\/wiadomosci\\\/wp-content\\\/uploads\\\/2026\\\/03\\\/niszczenie-drzew.jpg\",\"width\":995,\"height\":566},{\"@type\":\"BreadcrumbList\",\"@id\":\"https:\\\/\\\/www.24gliwice.pl\\\/wiadomosci\\\/komu-przeszkadzaja-drzewa-w-miescie-kolejna-dewastacja-sprawca-posluzyl-sie-pila\\\/#breadcrumb\",\"itemListElement\":[{\"@type\":\"ListItem\",\"position\":1,\"name\":\"Strona g\u0142\u00f3wna\",\"item\":\"https:\\\/\\\/www.24gliwice.pl\\\/wiadomosci\\\/\"},{\"@type\":\"ListItem\",\"position\":2,\"name\":\"Komu przeszkadzaj\u0105 drzewa w mie\u015bcie? Kolejna dewastacja, sprawca pos\u0142u\u017cy\u0142 si\u0119 pi\u0142\u0105\"}]},{\"@type\":\"WebSite\",\"@id\":\"https:\\\/\\\/www.24gliwice.pl\\\/wiadomosci\\\/#website\",\"url\":\"https:\\\/\\\/www.24gliwice.pl\\\/wiadomosci\\\/\",\"name\":\"24GLIWICE - Portal Gliwice | codziennie nowe wiadomo\u015bci\",\"description\":\"Portal Miejski Gliwice\",\"publisher\":{\"@id\":\"https:\\\/\\\/www.24gliwice.pl\\\/wiadomosci\\\/#organization\"},\"potentialAction\":[{\"@type\":\"SearchAction\",\"target\":{\"@type\":\"EntryPoint\",\"urlTemplate\":\"https:\\\/\\\/www.24gliwice.pl\\\/wiadomosci\\\/?s={search_term_string}\"},\"query-input\":{\"@type\":\"PropertyValueSpecification\",\"valueRequired\":true,\"valueName\":\"search_term_string\"}}],\"inLanguage\":\"pl-PL\"},{\"@type\":\"Organization\",\"@id\":\"https:\\\/\\\/www.24gliwice.pl\\\/wiadomosci\\\/#organization\",\"name\":\"24gliwice\",\"url\":\"https:\\\/\\\/www.24gliwice.pl\\\/wiadomosci\\\/\",\"logo\":{\"@type\":\"ImageObject\",\"inLanguage\":\"pl-PL\",\"@id\":\"https:\\\/\\\/www.24gliwice.pl\\\/wiadomosci\\\/#\\\/schema\\\/logo\\\/image\\\/\",\"url\":\"https:\\\/\\\/www.24gliwice.pl\\\/wiadomosci\\\/wp-content\\\/uploads\\\/2024\\\/10\\\/24gliwice-logo-696.jpg\",\"contentUrl\":\"https:\\\/\\\/www.24gliwice.pl\\\/wiadomosci\\\/wp-content\\\/uploads\\\/2024\\\/10\\\/24gliwice-logo-696.jpg\",\"width\":696,\"height\":696,\"caption\":\"24gliwice\"},\"image\":{\"@id\":\"https:\\\/\\\/www.24gliwice.pl\\\/wiadomosci\\\/#\\\/schema\\\/logo\\\/image\\\/\"},\"sameAs\":[\"https:\\\/\\\/www.facebook.com\\\/24gliwice\",\"https:\\\/\\\/x.com\\\/24gliwice\",\"https:\\\/\\\/www.youtube.com\\\/@24gliwice\"]},{\"@type\":\"Person\",\"@id\":\"https:\\\/\\\/www.24gliwice.pl\\\/wiadomosci\\\/#\\\/schema\\\/person\\\/e42c650edd7f2fa332be3811fb166b6e\",\"name\":\"\u017baneta Mrozek-Siewierska\",\"image\":{\"@type\":\"ImageObject\",\"inLanguage\":\"pl-PL\",\"@id\":\"https:\\\/\\\/secure.gravatar.com\\\/avatar\\\/1881429e9c64597c77ad7aef2d0a19be69a3253e57534d16aa15bf3a4d34a0a3?s=96&d=mm&r=g\",\"url\":\"https:\\\/\\\/secure.gravatar.com\\\/avatar\\\/1881429e9c64597c77ad7aef2d0a19be69a3253e57534d16aa15bf3a4d34a0a3?s=96&d=mm&r=g\",\"contentUrl\":\"https:\\\/\\\/secure.gravatar.com\\\/avatar\\\/1881429e9c64597c77ad7aef2d0a19be69a3253e57534d16aa15bf3a4d34a0a3?s=96&d=mm&r=g\",\"caption\":\"\u017baneta Mrozek-Siewierska\"},\"url\":\"https:\\\/\\\/www.24gliwice.pl\\\/wiadomosci\\\/author\\\/zms\\\/\"}]}<\/script>\n<!-- \/ Yoast SEO plugin. -->","yoast_head_json":{"title":"Komu przeszkadzaj\u0105 drzewa w mie\u015bcie? Kolejna dewastacja, sprawca pos\u0142u\u017cy\u0142 si\u0119 pi\u0142\u0105 - 24GLIWICE - Portal Gliwice | codziennie nowe informacje","description":"Niszczenie drzew to nie nowo\u015b\u0107 na terenie Gliwic - w ostatnim czasie kto\u015b celowo wyci\u0105\u0142 trzyletni\u0105 sadzonk\u0119 jaworu przy ul. Gierymskiego","robots":{"index":"index","follow":"follow","max-snippet":"max-snippet:-1","max-image-preview":"max-image-preview:large","max-video-preview":"max-video-preview:-1"},"canonical":"https:\/\/www.24gliwice.pl\/wiadomosci\/komu-przeszkadzaja-drzewa-w-miescie-kolejna-dewastacja-sprawca-posluzyl-sie-pila\/","og_locale":"pl_PL","og_type":"article","og_title":"Komu przeszkadzaj\u0105 drzewa w mie\u015bcie? Kolejna dewastacja, sprawca pos\u0142u\u017cy\u0142 si\u0119 pi\u0142\u0105 - 24GLIWICE - Portal Gliwice | codziennie nowe informacje","og_description":"Niszczenie drzew to nie nowo\u015b\u0107 na terenie Gliwic - w ostatnim czasie kto\u015b celowo wyci\u0105\u0142 trzyletni\u0105 sadzonk\u0119 jaworu przy ul. Gierymskiego","og_url":"https:\/\/www.24gliwice.pl\/wiadomosci\/komu-przeszkadzaja-drzewa-w-miescie-kolejna-dewastacja-sprawca-posluzyl-sie-pila\/","og_site_name":"24GLIWICE - Portal Gliwice | codziennie nowe informacje","article_publisher":"https:\/\/www.facebook.com\/24gliwice","article_published_time":"2026-03-03T16:41:58+00:00","og_image":[{"width":995,"height":566,"url":"https:\/\/www.24gliwice.pl\/wiadomosci\/wp-content\/uploads\/2026\/03\/niszczenie-drzew.jpg","type":"image\/jpeg"}],"author":"\u017baneta Mrozek-Siewierska","twitter_card":"summary_large_image","twitter_creator":"@24gliwice","twitter_site":"@24gliwice","twitter_misc":{"Napisane przez":"\u017baneta Mrozek-Siewierska","Szacowany czas czytania":"2 minuty"},"schema":{"@context":"https:\/\/schema.org","@graph":[{"@type":"Article","@id":"https:\/\/www.24gliwice.pl\/wiadomosci\/komu-przeszkadzaja-drzewa-w-miescie-kolejna-dewastacja-sprawca-posluzyl-sie-pila\/#article","isPartOf":{"@id":"https:\/\/www.24gliwice.pl\/wiadomosci\/komu-przeszkadzaja-drzewa-w-miescie-kolejna-dewastacja-sprawca-posluzyl-sie-pila\/"},"author":{"name":"\u017baneta Mrozek-Siewierska","@id":"https:\/\/www.24gliwice.pl\/wiadomosci\/#\/schema\/person\/e42c650edd7f2fa332be3811fb166b6e"},"headline":"Komu przeszkadzaj\u0105 drzewa w mie\u015bcie? Kolejna dewastacja, sprawca pos\u0142u\u017cy\u0142 si\u0119 pi\u0142\u0105","datePublished":"2026-03-03T16:41:58+00:00","mainEntityOfPage":{"@id":"https:\/\/www.24gliwice.pl\/wiadomosci\/komu-przeszkadzaja-drzewa-w-miescie-kolejna-dewastacja-sprawca-posluzyl-sie-pila\/"},"wordCount":311,"commentCount":15,"publisher":{"@id":"https:\/\/www.24gliwice.pl\/wiadomosci\/#organization"},"image":{"@id":"https:\/\/www.24gliwice.pl\/wiadomosci\/komu-przeszkadzaja-drzewa-w-miescie-kolejna-dewastacja-sprawca-posluzyl-sie-pila\/#primaryimage"},"thumbnailUrl":"https:\/\/www.24gliwice.pl\/wiadomosci\/wp-content\/uploads\/2026\/03\/niszczenie-drzew.jpg","keywords":["gierymskiego","NISZCZENIE DRZEW"],"articleSection":["Gliwice","Najnowsze wiadomo\u015bci"],"inLanguage":"pl-PL","potentialAction":[{"@type":"CommentAction","name":"Comment","target":["https:\/\/www.24gliwice.pl\/wiadomosci\/komu-przeszkadzaja-drzewa-w-miescie-kolejna-dewastacja-sprawca-posluzyl-sie-pila\/#respond"]}]},{"@type":"WebPage","@id":"https:\/\/www.24gliwice.pl\/wiadomosci\/komu-przeszkadzaja-drzewa-w-miescie-kolejna-dewastacja-sprawca-posluzyl-sie-pila\/","url":"https:\/\/www.24gliwice.pl\/wiadomosci\/komu-przeszkadzaja-drzewa-w-miescie-kolejna-dewastacja-sprawca-posluzyl-sie-pila\/","name":"Komu przeszkadzaj\u0105 drzewa w mie\u015bcie? Kolejna dewastacja, sprawca pos\u0142u\u017cy\u0142 si\u0119 pi\u0142\u0105 - 24GLIWICE - Portal Gliwice | codziennie nowe informacje","isPartOf":{"@id":"https:\/\/www.24gliwice.pl\/wiadomosci\/#website"},"primaryImageOfPage":{"@id":"https:\/\/www.24gliwice.pl\/wiadomosci\/komu-przeszkadzaja-drzewa-w-miescie-kolejna-dewastacja-sprawca-posluzyl-sie-pila\/#primaryimage"},"image":{"@id":"https:\/\/www.24gliwice.pl\/wiadomosci\/komu-przeszkadzaja-drzewa-w-miescie-kolejna-dewastacja-sprawca-posluzyl-sie-pila\/#primaryimage"},"thumbnailUrl":"https:\/\/www.24gliwice.pl\/wiadomosci\/wp-content\/uploads\/2026\/03\/niszczenie-drzew.jpg","datePublished":"2026-03-03T16:41:58+00:00","description":"Niszczenie drzew to nie nowo\u015b\u0107 na terenie Gliwic - w ostatnim czasie kto\u015b celowo wyci\u0105\u0142 trzyletni\u0105 sadzonk\u0119 jaworu przy ul. Gierymskiego","breadcrumb":{"@id":"https:\/\/www.24gliwice.pl\/wiadomosci\/komu-przeszkadzaja-drzewa-w-miescie-kolejna-dewastacja-sprawca-posluzyl-sie-pila\/#breadcrumb"},"inLanguage":"pl-PL","potentialAction":[{"@type":"ReadAction","target":["https:\/\/www.24gliwice.pl\/wiadomosci\/komu-przeszkadzaja-drzewa-w-miescie-kolejna-dewastacja-sprawca-posluzyl-sie-pila\/"]}]},{"@type":"ImageObject","inLanguage":"pl-PL","@id":"https:\/\/www.24gliwice.pl\/wiadomosci\/komu-przeszkadzaja-drzewa-w-miescie-kolejna-dewastacja-sprawca-posluzyl-sie-pila\/#primaryimage","url":"https:\/\/www.24gliwice.pl\/wiadomosci\/wp-content\/uploads\/2026\/03\/niszczenie-drzew.jpg","contentUrl":"https:\/\/www.24gliwice.pl\/wiadomosci\/wp-content\/uploads\/2026\/03\/niszczenie-drzew.jpg","width":995,"height":566},{"@type":"BreadcrumbList","@id":"https:\/\/www.24gliwice.pl\/wiadomosci\/komu-przeszkadzaja-drzewa-w-miescie-kolejna-dewastacja-sprawca-posluzyl-sie-pila\/#breadcrumb","itemListElement":[{"@type":"ListItem","position":1,"name":"Strona g\u0142\u00f3wna","item":"https:\/\/www.24gliwice.pl\/wiadomosci\/"},{"@type":"ListItem","position":2,"name":"Komu przeszkadzaj\u0105 drzewa w mie\u015bcie? Kolejna dewastacja, sprawca pos\u0142u\u017cy\u0142 si\u0119 pi\u0142\u0105"}]},{"@type":"WebSite","@id":"https:\/\/www.24gliwice.pl\/wiadomosci\/#website","url":"https:\/\/www.24gliwice.pl\/wiadomosci\/","name":"24GLIWICE - Portal Gliwice | codziennie nowe wiadomo\u015bci","description":"Portal Miejski Gliwice","publisher":{"@id":"https:\/\/www.24gliwice.pl\/wiadomosci\/#organization"},"potentialAction":[{"@type":"SearchAction","target":{"@type":"EntryPoint","urlTemplate":"https:\/\/www.24gliwice.pl\/wiadomosci\/?s={search_term_string}"},"query-input":{"@type":"PropertyValueSpecification","valueRequired":true,"valueName":"search_term_string"}}],"inLanguage":"pl-PL"},{"@type":"Organization","@id":"https:\/\/www.24gliwice.pl\/wiadomosci\/#organization","name":"24gliwice","url":"https:\/\/www.24gliwice.pl\/wiadomosci\/","logo":{"@type":"ImageObject","inLanguage":"pl-PL","@id":"https:\/\/www.24gliwice.pl\/wiadomosci\/#\/schema\/logo\/image\/","url":"https:\/\/www.24gliwice.pl\/wiadomosci\/wp-content\/uploads\/2024\/10\/24gliwice-logo-696.jpg","contentUrl":"https:\/\/www.24gliwice.pl\/wiadomosci\/wp-content\/uploads\/2024\/10\/24gliwice-logo-696.jpg","width":696,"height":696,"caption":"24gliwice"},"image":{"@id":"https:\/\/www.24gliwice.pl\/wiadomosci\/#\/schema\/logo\/image\/"},"sameAs":["https:\/\/www.facebook.com\/24gliwice","https:\/\/x.com\/24gliwice","https:\/\/www.youtube.com\/@24gliwice"]},{"@type":"Person","@id":"https:\/\/www.24gliwice.pl\/wiadomosci\/#\/schema\/person\/e42c650edd7f2fa332be3811fb166b6e","name":"\u017baneta Mrozek-Siewierska","image":{"@type":"ImageObject","inLanguage":"pl-PL","@id":"https:\/\/secure.gravatar.com\/avatar\/1881429e9c64597c77ad7aef2d0a19be69a3253e57534d16aa15bf3a4d34a0a3?s=96&d=mm&r=g","url":"https:\/\/secure.gravatar.com\/avatar\/1881429e9c64597c77ad7aef2d0a19be69a3253e57534d16aa15bf3a4d34a0a3?s=96&d=mm&r=g","contentUrl":"https:\/\/secure.gravatar.com\/avatar\/1881429e9c64597c77ad7aef2d0a19be69a3253e57534d16aa15bf3a4d34a0a3?s=96&d=mm&r=g","caption":"\u017baneta Mrozek-Siewierska"},"url":"https:\/\/www.24gliwice.pl\/wiadomosci\/author\/zms\/"}]}},"_links":{"self":[{"href":"https:\/\/www.24gliwice.pl\/wiadomosci\/wp-json\/wp\/v2\/posts\/267307","targetHints":{"allow":["GET"]}}],"collection":[{"href":"https:\/\/www.24gliwice.pl\/wiadomosci\/wp-json\/wp\/v2\/posts"}],"about":[{"href":"https:\/\/www.24gliwice.pl\/wiadomosci\/wp-json\/wp\/v2\/types\/post"}],"author":[{"embeddable":true,"href":"https:\/\/www.24gliwice.pl\/wiadomosci\/wp-json\/wp\/v2\/users\/15"}],"replies":[{"embeddable":true,"href":"https:\/\/www.24gliwice.pl\/wiadomosci\/wp-json\/wp\/v2\/comments?post=267307"}],"version-history":[{"count":0,"href":"https:\/\/www.24gliwice.pl\/wiadomosci\/wp-json\/wp\/v2\/posts\/267307\/revisions"}],"wp:featuredmedia":[{"embeddable":true,"href":"https:\/\/www.24gliwice.pl\/wiadomosci\/wp-json\/wp\/v2\/media\/267309"}],"wp:attachment":[{"href":"https:\/\/www.24gliwice.pl\/wiadomosci\/wp-json\/wp\/v2\/media?parent=267307"}],"wp:term":[{"taxonomy":"category","embeddable":true,"href":"https:\/\/www.24gliwice.pl\/wiadomosci\/wp-json\/wp\/v2\/categories?post=267307"},{"taxonomy":"post_tag","embeddable":true,"href":"https:\/\/www.24gliwice.pl\/wiadomosci\/wp-json\/wp\/v2\/tags?post=267307"}],"curies":[{"name":"wp","href":"https:\/\/api.w.org\/{rel}","templated":true}]}}