{"id":267312,"date":"2026-03-05T15:59:14","date_gmt":"2026-03-05T14:59:14","guid":{"rendered":"https:\/\/www.24gliwice.pl\/wiadomosci\/?p=267312"},"modified":"2026-03-05T15:59:14","modified_gmt":"2026-03-05T14:59:14","slug":"czy-w-xix-wieku-unikano-kapieli-higiena-i-uroda-w-xix-wieku-spotkanie-z-cyklu-muzealny-salon-dla-pan","status":"publish","type":"post","link":"https:\/\/www.24gliwice.pl\/wiadomosci\/czy-w-xix-wieku-unikano-kapieli-higiena-i-uroda-w-xix-wieku-spotkanie-z-cyklu-muzealny-salon-dla-pan\/","title":{"rendered":"Czy w XIX wieku unikano k\u0105pieli? Higiena i uroda w XIX wieku. Spotkanie z cyklu &#8220;Muzealny salon dla Pa\u0144&#8221;"},"content":{"rendered":"<div class=\"gliwi-a6-nad-leadem-artykulow gliwi-entity-placement\" id=\"gliwi-4213162976\"><div class=\"gliwi-adlabel\"><span style=\"font-size: 9px\">REKLAMA<\/span><\/div><div id=\"gliwi-1612194552\" style=\"margin-bottom: 25px;margin-left: auto;margin-right: auto;text-align: center;\"><a data-no-instant=\"1\" href=\"https:\/\/dom100.eu\/\" rel=\"noopener\" class=\"a2t-link\" target=\"_blank\" aria-label=\"20260415 DOM100 D\"><img loading=\"lazy\" decoding=\"async\" src=\"https:\/\/www.24gliwice.pl\/wiadomosci\/wp-content\/uploads\/2026\/04\/20260415-DOM100-D.jpg\" alt=\"\"  srcset=\"https:\/\/www.24gliwice.pl\/wiadomosci\/wp-content\/uploads\/2026\/04\/20260415-DOM100-D.jpg 750w, https:\/\/www.24gliwice.pl\/wiadomosci\/wp-content\/uploads\/2026\/04\/20260415-DOM100-D-410x109.jpg 410w\" sizes=\"(max-width: 750px) 100vw, 750px\" class=\"no-lazyload\" width=\"750\" height=\"200\"  style=\"display: inline-block; max-width: 100%; height: auto;\" \/><\/a><\/div><\/div><h2>W przeddzie\u0144 Dnia Kobiet Muzeum zaprasza na kolejne spotkanie z cyklu &#8220;Muzealny salon dla Pa\u0144&#8221;. Tym razem osoby uczestnicz\u0105ce w wydarzeniu b\u0119d\u0105 mia\u0142y okazj\u0119 wys\u0142ucha\u0107 wyk\u0142adu pt. Pi\u0119kno pod gorsetem: higiena i uroda w XIX wieku.<\/h2>\n<p><!--more--><\/p>\n<p>Spotkanie odb\u0119dzie si\u0119 w sobot\u0119, 7 marca, rozpocz\u0119cie o godzinie 11:00. Miejsce: Willa Caro, ul. Dolnych Wa\u0142\u00f3w 8a. <\/p>\n<h4>Czy w XIX wieku naprawd\u0119 unikano k\u0105pieli? Dlaczego blada cera by\u0142a cenniejsza ni\u017c z\u0142oto?<\/h4>\n<p>I co wsp\u00f3lnego z codzienn\u0105 higien\u0105 mia\u0142y wafle arszenikowe, o\u0142\u00f3w oraz\u2026 tajemnicze saszetki ukryte w sukniach? A wreszcie \u2014 jak wygl\u0105da\u0142a m\u0119sko\u015b\u0107 w czasach, gdy d\u017centelmen cz\u0119\u015bciej pachnia\u0142 pi\u017cmem i tytoniem ni\u017c myd\u0142em, a idea\u0142 si\u0142y nie zawsze szed\u0142 w parze z czysto\u015bci\u0105?<\/p><div class=\"gliwi-a3-w-tresci-artykulow gliwi-entity-placement\" id=\"gliwi-2991576354\"><div class=\"gliwi-adlabel\"><span style=\"font-size: 9px\">REKLAMA<\/span><\/div><div id=\"gliwi-2309695908\" style=\"margin-bottom: 30px;margin-left: auto;margin-right: auto;text-align: center;\"><a data-no-instant=\"1\" href=\"https:\/\/ogrodyandersa.pl\/\" rel=\"noopener\" class=\"a2t-link\" target=\"_blank\" aria-label=\"20260415 Ogrody Andersa KUP TERAZ D\"><img loading=\"lazy\" decoding=\"async\" src=\"https:\/\/www.24gliwice.pl\/wiadomosci\/wp-content\/uploads\/2026\/04\/20260415-Ogrody-Andersa-KUP-TERAZ-D.jpg\" alt=\"\"  srcset=\"https:\/\/www.24gliwice.pl\/wiadomosci\/wp-content\/uploads\/2026\/04\/20260415-Ogrody-Andersa-KUP-TERAZ-D.jpg 750w, https:\/\/www.24gliwice.pl\/wiadomosci\/wp-content\/uploads\/2026\/04\/20260415-Ogrody-Andersa-KUP-TERAZ-D-410x109.jpg 410w\" sizes=\"(max-width: 750px) 100vw, 750px\" class=\"no-lazyload\" width=\"750\" height=\"200\"  style=\"display: inline-block; max-width: 100%; height: auto;\" \/><\/a><\/div><\/div>\n<p>&#8211; <em>Z okazji Dnia Kobiet zapraszamy w fascynuj\u0105c\u0105 podr\u00f3\u017c do \u015bwiata ukrytego pod warstw\u0105 koronek, halek i gorset\u00f3w. To opowie\u015b\u0107 o epoce, w kt\u00f3rej pi\u0119kno by\u0142o obowi\u0105zkiem, a higiena \u2013 sztuk\u0105 balansowania mi\u0119dzy rozs\u0105dkiem, mod\u0105 i medycyn\u0105<\/em> &#8211; zapowiada Muzeum w Gliwicach. <\/p>\n<p>W XIX wieku wierzono, \u017ce \u201ewoda os\u0142abia organizm\u201d, a zbyt cz\u0119ste k\u0105piele mog\u0105 prowadzi\u0107 do chor\u00f3b. Francuski poradnik z 1834 roku ostrzega\u0142:<br \/>\n\u201eZanurzanie ca\u0142ego cia\u0142a w wodzie winno by\u0107 praktykowane z najwi\u0119ksz\u0105 roztropno\u015bci\u0105, albowiem pory sk\u00f3ry otwarte bywaj\u0105 na wszelkie miazmaty.\u201d<\/p>\n<h5>Zamiast k\u0105pieli stosowano nacieranie octem, perfumowane pudry i zmian\u0119 bielizny \u2013 to ona mia\u0142a \u201eczy\u015bci\u0107 cia\u0142o\u201d. Jak pisa\u0142a jedna z autorek poradnik\u00f3w dla dam: \u201eCzysta koszula jest dla cia\u0142a tym, czym \u015bwie\u017ce powietrze dla p\u0142uc.\u201d<\/h5>\n<p>&#8211; <em>Dowiemy si\u0119, dlaczego damy ryzykowa\u0142y zdrowiem, pij\u0105c arszenik dla \u201eszlachetnej blado\u015bci\u201d, jak pachnia\u0142y pierwsze dezodoranty i dlaczego XIX-wieczni m\u0119\u017cczy\u017ani nosili brody jak trofea \u2014 przekonani, \u017ce im bujniejszy zarost, tym wi\u0119ksza odwaga, si\u0142a charakteru i\u2026 m\u0119sko\u015b\u0107, nawet je\u015bli k\u0105piel odk\u0142adali na \u201elepsz\u0105 okazj\u0119\u201d<\/em> &#8211; kontynuuje Muzeum. <\/p>\n<p>&#8211; <em>Wsp\u00f3lnie odkryjemy, dlaczego higiena w XIX wieku mia\u0142a wi\u0119cej wsp\u00f3lnego z reputacj\u0105 ni\u017c ze zdrowiem oraz w jaki spos\u00f3b, zar\u00f3wno kobiety, jak i m\u0119\u017cczy\u017ani stawali si\u0119 ofiarami \u2014 a czasem \u015bwiadomymi tw\u00f3rcami \u2014 niezwykle wymagaj\u0105cych norm spo\u0142ecznych<\/em> &#8211; dodaje.<\/p>\n<h4>To b\u0119dzie na wyj\u0105tkowe spotkanie z histori\u0105, kt\u00f3ra pachnie fio\u0142kow\u0105 wod\u0105 i ods\u0142ania zaskakuj\u0105ce, momentami prowokuj\u0105ce oblicze XIX-wiecznej elegancji.<\/h4>\n<p>Spotkanie poprowadzi<strong> Justyna Dom\u017calska-Ma\u0144ka<\/strong>, kt\u00f3ra od 20 lat uczestniczy w inscenizacjach historycznych, zg\u0142\u0119biaj\u0105c wiedz\u0119 o obyczajowo\u015bci i kulturze materialnej minionych wiek\u00f3w. O podr\u00f3\u017cach w czasie pisze na stronie <a href=\"https:\/\/www.instagram.com\/karenina.garden\/\" target=\"_blank\">https:\/\/www.instagram.com\/karenina.garden\/<\/a><\/p>\n<p>Wst\u0119p jest wolny, ale liczba miejsc ograniczona. <\/p>\n<h4>HARMONOGRAM KOLEJNYCH SPOTKA\u0143<\/h4>\n<ul>\n<li>18 kwietnia 2026, sobota, godz. 11.00, Willa Caro, Jak ocali\u0107 reputacj\u0119? Savoir-vivre w XIX wieku;<\/li>\n<li>9 maja 2026, sobota, godz. 11.00, Willa Caro, Krynolina i turniura. W garderobie szlachcianki;<\/li>\n<li>13 czerwca 2026, sobota, godz. 11.00, Willa Caro, Ma\u0142e \u015bwiaty wielkiej epoki: wiktoria\u0144skie domy dla lalek;<\/li>\n<li>5 wrze\u015bnia 2026, sobota, godz. 11.00, Willa Caro, Z kapeluszem i lornetk\u0105. Jak podr\u00f3\u017cowa\u0142y kobiety w XIX stuleciu?;<\/li>\n<li>3 pa\u017adziernika 2026, sobota, godz. 11.00, Willa Caro, Damy epoki napoleo\u0144skiej \u2013 moda i \u017cycie kobiet w czasach Ksi\u0119stwa Warszawskiego;<\/li>\n<li>7 listopada 2026, sobota, godz. 11.00, Willa Caro, Niciak i szkandela. Zapomniane przedmioty u\u017cytkowe XIX wieku;<\/li>\n<li>5 grudnia 2026, sobota, godz. 11.00, Willa Caro, Z rozs\u0105dku czy z mi\u0142o\u015bci? \u015alub i ma\u0142\u017ce\u0144stwo w XIX wieku bez lukru.<\/li>\n<\/ul>\n<p>(\u017cms)\/MwG<br \/>\nfot. MwG<\/p>\n<div class=\"gliwi-a5-na-koncu-artykulow gliwi-entity-placement\" id=\"gliwi-1193643496\"><div class=\"gliwi-adlabel\"><span style=\"font-size: 9px\">REKLAMA<\/span><\/div><div id=\"gliwi-3047175804\" style=\"margin-left: auto;margin-right: auto;text-align: center;\"><a data-no-instant=\"1\" href=\"https:\/\/prezeroarenagliwice.pl\/\" rel=\"noopener\" class=\"a2t-link\" target=\"_blank\" aria-label=\"20260309-PREZERO-WIOSNA-D\"><img loading=\"lazy\" decoding=\"async\" src=\"https:\/\/www.24gliwice.pl\/wiadomosci\/wp-content\/uploads\/2026\/03\/20260309-PREZERO-WIOSNA-D.webp\" alt=\"\"  srcset=\"https:\/\/www.24gliwice.pl\/wiadomosci\/wp-content\/uploads\/2026\/03\/20260309-PREZERO-WIOSNA-D.webp 750w, https:\/\/www.24gliwice.pl\/wiadomosci\/wp-content\/uploads\/2026\/03\/20260309-PREZERO-WIOSNA-D-410x109.webp 410w\" sizes=\"(max-width: 750px) 100vw, 750px\" class=\"no-lazyload\" width=\"750\" height=\"200\"  style=\"display: inline-block; max-width: 100%; height: auto;\" \/><\/a><\/div><\/div>","protected":false},"excerpt":{"rendered":"<p>W przeddzie\u0144 Dnia Kobiet Muzeum zaprasza na kolejne spotkanie z cyklu &#8220;Muzealny salon dla Pa\u0144&#8221;. Tym razem osoby uczestnicz\u0105ce w wydarzeniu b\u0119d\u0105 mia\u0142y okazj\u0119 wys\u0142ucha\u0107 wyk\u0142adu pt. Pi\u0119kno pod gorsetem: higiena i uroda w XIX wieku.<\/p>\n","protected":false},"author":15,"featured_media":267426,"comment_status":"open","ping_status":"closed","sticky":false,"template":"","format":"standard","meta":{"_monsterinsights_skip_tracking":false,"_monsterinsights_sitenote_active":false,"_monsterinsights_sitenote_note":"","_monsterinsights_sitenote_category":0,"footnotes":"","_links_to":"","_links_to_target":""},"categories":[3,6,1],"tags":[6000,24289],"class_list":["post-267312","post","type-post","status-publish","format-standard","has-post-thumbnail","hentry","category-gliwice","category-kultura","category-wszystko","tag-dzien-kobiet","tag-muzealny-salon"],"yoast_head":"<!-- This site is optimized with the Yoast SEO plugin v27.5 - https:\/\/yoast.com\/product\/yoast-seo-wordpress\/ -->\n<title>Czy w XIX wieku unikano k\u0105pieli? Higiena i uroda w XIX wieku. Spotkanie z cyklu &quot;Muzealny salon dla Pa\u0144&quot; - 24GLIWICE - Portal Gliwice | codziennie nowe informacje<\/title>\n<meta name=\"description\" content=\"Jak kobiety i m\u0119\u017cczy\u017ani dbali o urod\u0119 i czysto\u015b\u0107 w XIX wieku? Tego dowiedz\u0105 si\u0119 uczestnicy wyk\u0142adu &quot;Pi\u0119kno pod gorsetem: higiena i uroda&quot;\" \/>\n<meta name=\"robots\" content=\"index, follow, max-snippet:-1, max-image-preview:large, max-video-preview:-1\" \/>\n<link rel=\"canonical\" href=\"https:\/\/www.24gliwice.pl\/wiadomosci\/czy-w-xix-wieku-unikano-kapieli-higiena-i-uroda-w-xix-wieku-spotkanie-z-cyklu-muzealny-salon-dla-pan\/\" \/>\n<meta property=\"og:locale\" content=\"pl_PL\" \/>\n<meta property=\"og:type\" content=\"article\" \/>\n<meta property=\"og:title\" content=\"Czy w XIX wieku unikano k\u0105pieli? Higiena i uroda w XIX wieku. Spotkanie z cyklu &quot;Muzealny salon dla Pa\u0144&quot; - 24GLIWICE - Portal Gliwice | codziennie nowe informacje\" \/>\n<meta property=\"og:description\" content=\"Jak kobiety i m\u0119\u017cczy\u017ani dbali o urod\u0119 i czysto\u015b\u0107 w XIX wieku? Tego dowiedz\u0105 si\u0119 uczestnicy wyk\u0142adu &quot;Pi\u0119kno pod gorsetem: higiena i uroda&quot;\" \/>\n<meta property=\"og:url\" content=\"https:\/\/www.24gliwice.pl\/wiadomosci\/czy-w-xix-wieku-unikano-kapieli-higiena-i-uroda-w-xix-wieku-spotkanie-z-cyklu-muzealny-salon-dla-pan\/\" \/>\n<meta property=\"og:site_name\" content=\"24GLIWICE - Portal Gliwice | codziennie nowe informacje\" \/>\n<meta property=\"article:publisher\" content=\"https:\/\/www.facebook.com\/24gliwice\" \/>\n<meta property=\"article:published_time\" content=\"2026-03-05T14:59:14+00:00\" \/>\n<meta property=\"og:image\" content=\"https:\/\/www.24gliwice.pl\/wiadomosci\/wp-content\/uploads\/2026\/03\/muzeum-muzealny-salon.jpg\" \/>\n\t<meta property=\"og:image:width\" content=\"810\" \/>\n\t<meta property=\"og:image:height\" content=\"457\" \/>\n\t<meta property=\"og:image:type\" content=\"image\/jpeg\" \/>\n<meta name=\"author\" content=\"\u017baneta Mrozek-Siewierska\" \/>\n<meta name=\"twitter:card\" content=\"summary_large_image\" \/>\n<meta name=\"twitter:creator\" content=\"@24gliwice\" \/>\n<meta name=\"twitter:site\" content=\"@24gliwice\" \/>\n<meta name=\"twitter:label1\" content=\"Napisane przez\" \/>\n\t<meta name=\"twitter:data1\" content=\"\u017baneta Mrozek-Siewierska\" \/>\n\t<meta name=\"twitter:label2\" content=\"Szacowany czas czytania\" \/>\n\t<meta name=\"twitter:data2\" content=\"4 minuty\" \/>\n<script type=\"application\/ld+json\" class=\"yoast-schema-graph\">{\"@context\":\"https:\\\/\\\/schema.org\",\"@graph\":[{\"@type\":\"Article\",\"@id\":\"https:\\\/\\\/www.24gliwice.pl\\\/wiadomosci\\\/czy-w-xix-wieku-unikano-kapieli-higiena-i-uroda-w-xix-wieku-spotkanie-z-cyklu-muzealny-salon-dla-pan\\\/#article\",\"isPartOf\":{\"@id\":\"https:\\\/\\\/www.24gliwice.pl\\\/wiadomosci\\\/czy-w-xix-wieku-unikano-kapieli-higiena-i-uroda-w-xix-wieku-spotkanie-z-cyklu-muzealny-salon-dla-pan\\\/\"},\"author\":{\"name\":\"\u017baneta Mrozek-Siewierska\",\"@id\":\"https:\\\/\\\/www.24gliwice.pl\\\/wiadomosci\\\/#\\\/schema\\\/person\\\/e42c650edd7f2fa332be3811fb166b6e\"},\"headline\":\"Czy w XIX wieku unikano k\u0105pieli? Higiena i uroda w XIX wieku. Spotkanie z cyklu &#8220;Muzealny salon dla Pa\u0144&#8221;\",\"datePublished\":\"2026-03-05T14:59:14+00:00\",\"mainEntityOfPage\":{\"@id\":\"https:\\\/\\\/www.24gliwice.pl\\\/wiadomosci\\\/czy-w-xix-wieku-unikano-kapieli-higiena-i-uroda-w-xix-wieku-spotkanie-z-cyklu-muzealny-salon-dla-pan\\\/\"},\"wordCount\":594,\"commentCount\":0,\"publisher\":{\"@id\":\"https:\\\/\\\/www.24gliwice.pl\\\/wiadomosci\\\/#organization\"},\"image\":{\"@id\":\"https:\\\/\\\/www.24gliwice.pl\\\/wiadomosci\\\/czy-w-xix-wieku-unikano-kapieli-higiena-i-uroda-w-xix-wieku-spotkanie-z-cyklu-muzealny-salon-dla-pan\\\/#primaryimage\"},\"thumbnailUrl\":\"https:\\\/\\\/www.24gliwice.pl\\\/wiadomosci\\\/wp-content\\\/uploads\\\/2026\\\/03\\\/muzeum-muzealny-salon.jpg\",\"keywords\":[\"dzie\u0144 kobiet\",\"MUZEALNY SALON\"],\"articleSection\":[\"Gliwice\",\"Kultura, wydarzenia, imprezy\",\"Najnowsze wiadomo\u015bci\"],\"inLanguage\":\"pl-PL\",\"potentialAction\":[{\"@type\":\"CommentAction\",\"name\":\"Comment\",\"target\":[\"https:\\\/\\\/www.24gliwice.pl\\\/wiadomosci\\\/czy-w-xix-wieku-unikano-kapieli-higiena-i-uroda-w-xix-wieku-spotkanie-z-cyklu-muzealny-salon-dla-pan\\\/#respond\"]}]},{\"@type\":\"WebPage\",\"@id\":\"https:\\\/\\\/www.24gliwice.pl\\\/wiadomosci\\\/czy-w-xix-wieku-unikano-kapieli-higiena-i-uroda-w-xix-wieku-spotkanie-z-cyklu-muzealny-salon-dla-pan\\\/\",\"url\":\"https:\\\/\\\/www.24gliwice.pl\\\/wiadomosci\\\/czy-w-xix-wieku-unikano-kapieli-higiena-i-uroda-w-xix-wieku-spotkanie-z-cyklu-muzealny-salon-dla-pan\\\/\",\"name\":\"Czy w XIX wieku unikano k\u0105pieli? Higiena i uroda w XIX wieku. Spotkanie z cyklu \\\"Muzealny salon dla Pa\u0144\\\" - 24GLIWICE - Portal Gliwice | codziennie nowe informacje\",\"isPartOf\":{\"@id\":\"https:\\\/\\\/www.24gliwice.pl\\\/wiadomosci\\\/#website\"},\"primaryImageOfPage\":{\"@id\":\"https:\\\/\\\/www.24gliwice.pl\\\/wiadomosci\\\/czy-w-xix-wieku-unikano-kapieli-higiena-i-uroda-w-xix-wieku-spotkanie-z-cyklu-muzealny-salon-dla-pan\\\/#primaryimage\"},\"image\":{\"@id\":\"https:\\\/\\\/www.24gliwice.pl\\\/wiadomosci\\\/czy-w-xix-wieku-unikano-kapieli-higiena-i-uroda-w-xix-wieku-spotkanie-z-cyklu-muzealny-salon-dla-pan\\\/#primaryimage\"},\"thumbnailUrl\":\"https:\\\/\\\/www.24gliwice.pl\\\/wiadomosci\\\/wp-content\\\/uploads\\\/2026\\\/03\\\/muzeum-muzealny-salon.jpg\",\"datePublished\":\"2026-03-05T14:59:14+00:00\",\"description\":\"Jak kobiety i m\u0119\u017cczy\u017ani dbali o urod\u0119 i czysto\u015b\u0107 w XIX wieku? Tego dowiedz\u0105 si\u0119 uczestnicy wyk\u0142adu \\\"Pi\u0119kno pod gorsetem: higiena i uroda\\\"\",\"breadcrumb\":{\"@id\":\"https:\\\/\\\/www.24gliwice.pl\\\/wiadomosci\\\/czy-w-xix-wieku-unikano-kapieli-higiena-i-uroda-w-xix-wieku-spotkanie-z-cyklu-muzealny-salon-dla-pan\\\/#breadcrumb\"},\"inLanguage\":\"pl-PL\",\"potentialAction\":[{\"@type\":\"ReadAction\",\"target\":[\"https:\\\/\\\/www.24gliwice.pl\\\/wiadomosci\\\/czy-w-xix-wieku-unikano-kapieli-higiena-i-uroda-w-xix-wieku-spotkanie-z-cyklu-muzealny-salon-dla-pan\\\/\"]}]},{\"@type\":\"ImageObject\",\"inLanguage\":\"pl-PL\",\"@id\":\"https:\\\/\\\/www.24gliwice.pl\\\/wiadomosci\\\/czy-w-xix-wieku-unikano-kapieli-higiena-i-uroda-w-xix-wieku-spotkanie-z-cyklu-muzealny-salon-dla-pan\\\/#primaryimage\",\"url\":\"https:\\\/\\\/www.24gliwice.pl\\\/wiadomosci\\\/wp-content\\\/uploads\\\/2026\\\/03\\\/muzeum-muzealny-salon.jpg\",\"contentUrl\":\"https:\\\/\\\/www.24gliwice.pl\\\/wiadomosci\\\/wp-content\\\/uploads\\\/2026\\\/03\\\/muzeum-muzealny-salon.jpg\",\"width\":810,\"height\":457},{\"@type\":\"BreadcrumbList\",\"@id\":\"https:\\\/\\\/www.24gliwice.pl\\\/wiadomosci\\\/czy-w-xix-wieku-unikano-kapieli-higiena-i-uroda-w-xix-wieku-spotkanie-z-cyklu-muzealny-salon-dla-pan\\\/#breadcrumb\",\"itemListElement\":[{\"@type\":\"ListItem\",\"position\":1,\"name\":\"Strona g\u0142\u00f3wna\",\"item\":\"https:\\\/\\\/www.24gliwice.pl\\\/wiadomosci\\\/\"},{\"@type\":\"ListItem\",\"position\":2,\"name\":\"Czy w XIX wieku unikano k\u0105pieli? Higiena i uroda w XIX wieku. Spotkanie z cyklu &#8220;Muzealny salon dla Pa\u0144&#8221;\"}]},{\"@type\":\"WebSite\",\"@id\":\"https:\\\/\\\/www.24gliwice.pl\\\/wiadomosci\\\/#website\",\"url\":\"https:\\\/\\\/www.24gliwice.pl\\\/wiadomosci\\\/\",\"name\":\"24GLIWICE - Portal Gliwice | codziennie nowe wiadomo\u015bci\",\"description\":\"Portal Miejski Gliwice\",\"publisher\":{\"@id\":\"https:\\\/\\\/www.24gliwice.pl\\\/wiadomosci\\\/#organization\"},\"potentialAction\":[{\"@type\":\"SearchAction\",\"target\":{\"@type\":\"EntryPoint\",\"urlTemplate\":\"https:\\\/\\\/www.24gliwice.pl\\\/wiadomosci\\\/?s={search_term_string}\"},\"query-input\":{\"@type\":\"PropertyValueSpecification\",\"valueRequired\":true,\"valueName\":\"search_term_string\"}}],\"inLanguage\":\"pl-PL\"},{\"@type\":\"Organization\",\"@id\":\"https:\\\/\\\/www.24gliwice.pl\\\/wiadomosci\\\/#organization\",\"name\":\"24gliwice\",\"url\":\"https:\\\/\\\/www.24gliwice.pl\\\/wiadomosci\\\/\",\"logo\":{\"@type\":\"ImageObject\",\"inLanguage\":\"pl-PL\",\"@id\":\"https:\\\/\\\/www.24gliwice.pl\\\/wiadomosci\\\/#\\\/schema\\\/logo\\\/image\\\/\",\"url\":\"https:\\\/\\\/www.24gliwice.pl\\\/wiadomosci\\\/wp-content\\\/uploads\\\/2024\\\/10\\\/24gliwice-logo-696.jpg\",\"contentUrl\":\"https:\\\/\\\/www.24gliwice.pl\\\/wiadomosci\\\/wp-content\\\/uploads\\\/2024\\\/10\\\/24gliwice-logo-696.jpg\",\"width\":696,\"height\":696,\"caption\":\"24gliwice\"},\"image\":{\"@id\":\"https:\\\/\\\/www.24gliwice.pl\\\/wiadomosci\\\/#\\\/schema\\\/logo\\\/image\\\/\"},\"sameAs\":[\"https:\\\/\\\/www.facebook.com\\\/24gliwice\",\"https:\\\/\\\/x.com\\\/24gliwice\",\"https:\\\/\\\/www.youtube.com\\\/@24gliwice\"]},{\"@type\":\"Person\",\"@id\":\"https:\\\/\\\/www.24gliwice.pl\\\/wiadomosci\\\/#\\\/schema\\\/person\\\/e42c650edd7f2fa332be3811fb166b6e\",\"name\":\"\u017baneta Mrozek-Siewierska\",\"image\":{\"@type\":\"ImageObject\",\"inLanguage\":\"pl-PL\",\"@id\":\"https:\\\/\\\/secure.gravatar.com\\\/avatar\\\/1881429e9c64597c77ad7aef2d0a19be69a3253e57534d16aa15bf3a4d34a0a3?s=96&d=mm&r=g\",\"url\":\"https:\\\/\\\/secure.gravatar.com\\\/avatar\\\/1881429e9c64597c77ad7aef2d0a19be69a3253e57534d16aa15bf3a4d34a0a3?s=96&d=mm&r=g\",\"contentUrl\":\"https:\\\/\\\/secure.gravatar.com\\\/avatar\\\/1881429e9c64597c77ad7aef2d0a19be69a3253e57534d16aa15bf3a4d34a0a3?s=96&d=mm&r=g\",\"caption\":\"\u017baneta Mrozek-Siewierska\"},\"url\":\"https:\\\/\\\/www.24gliwice.pl\\\/wiadomosci\\\/author\\\/zms\\\/\"}]}<\/script>\n<!-- \/ Yoast SEO plugin. -->","yoast_head_json":{"title":"Czy w XIX wieku unikano k\u0105pieli? Higiena i uroda w XIX wieku. Spotkanie z cyklu \"Muzealny salon dla Pa\u0144\" - 24GLIWICE - Portal Gliwice | codziennie nowe informacje","description":"Jak kobiety i m\u0119\u017cczy\u017ani dbali o urod\u0119 i czysto\u015b\u0107 w XIX wieku? Tego dowiedz\u0105 si\u0119 uczestnicy wyk\u0142adu \"Pi\u0119kno pod gorsetem: higiena i uroda\"","robots":{"index":"index","follow":"follow","max-snippet":"max-snippet:-1","max-image-preview":"max-image-preview:large","max-video-preview":"max-video-preview:-1"},"canonical":"https:\/\/www.24gliwice.pl\/wiadomosci\/czy-w-xix-wieku-unikano-kapieli-higiena-i-uroda-w-xix-wieku-spotkanie-z-cyklu-muzealny-salon-dla-pan\/","og_locale":"pl_PL","og_type":"article","og_title":"Czy w XIX wieku unikano k\u0105pieli? Higiena i uroda w XIX wieku. Spotkanie z cyklu \"Muzealny salon dla Pa\u0144\" - 24GLIWICE - Portal Gliwice | codziennie nowe informacje","og_description":"Jak kobiety i m\u0119\u017cczy\u017ani dbali o urod\u0119 i czysto\u015b\u0107 w XIX wieku? Tego dowiedz\u0105 si\u0119 uczestnicy wyk\u0142adu \"Pi\u0119kno pod gorsetem: higiena i uroda\"","og_url":"https:\/\/www.24gliwice.pl\/wiadomosci\/czy-w-xix-wieku-unikano-kapieli-higiena-i-uroda-w-xix-wieku-spotkanie-z-cyklu-muzealny-salon-dla-pan\/","og_site_name":"24GLIWICE - Portal Gliwice | codziennie nowe informacje","article_publisher":"https:\/\/www.facebook.com\/24gliwice","article_published_time":"2026-03-05T14:59:14+00:00","og_image":[{"width":810,"height":457,"url":"https:\/\/www.24gliwice.pl\/wiadomosci\/wp-content\/uploads\/2026\/03\/muzeum-muzealny-salon.jpg","type":"image\/jpeg"}],"author":"\u017baneta Mrozek-Siewierska","twitter_card":"summary_large_image","twitter_creator":"@24gliwice","twitter_site":"@24gliwice","twitter_misc":{"Napisane przez":"\u017baneta Mrozek-Siewierska","Szacowany czas czytania":"4 minuty"},"schema":{"@context":"https:\/\/schema.org","@graph":[{"@type":"Article","@id":"https:\/\/www.24gliwice.pl\/wiadomosci\/czy-w-xix-wieku-unikano-kapieli-higiena-i-uroda-w-xix-wieku-spotkanie-z-cyklu-muzealny-salon-dla-pan\/#article","isPartOf":{"@id":"https:\/\/www.24gliwice.pl\/wiadomosci\/czy-w-xix-wieku-unikano-kapieli-higiena-i-uroda-w-xix-wieku-spotkanie-z-cyklu-muzealny-salon-dla-pan\/"},"author":{"name":"\u017baneta Mrozek-Siewierska","@id":"https:\/\/www.24gliwice.pl\/wiadomosci\/#\/schema\/person\/e42c650edd7f2fa332be3811fb166b6e"},"headline":"Czy w XIX wieku unikano k\u0105pieli? Higiena i uroda w XIX wieku. Spotkanie z cyklu &#8220;Muzealny salon dla Pa\u0144&#8221;","datePublished":"2026-03-05T14:59:14+00:00","mainEntityOfPage":{"@id":"https:\/\/www.24gliwice.pl\/wiadomosci\/czy-w-xix-wieku-unikano-kapieli-higiena-i-uroda-w-xix-wieku-spotkanie-z-cyklu-muzealny-salon-dla-pan\/"},"wordCount":594,"commentCount":0,"publisher":{"@id":"https:\/\/www.24gliwice.pl\/wiadomosci\/#organization"},"image":{"@id":"https:\/\/www.24gliwice.pl\/wiadomosci\/czy-w-xix-wieku-unikano-kapieli-higiena-i-uroda-w-xix-wieku-spotkanie-z-cyklu-muzealny-salon-dla-pan\/#primaryimage"},"thumbnailUrl":"https:\/\/www.24gliwice.pl\/wiadomosci\/wp-content\/uploads\/2026\/03\/muzeum-muzealny-salon.jpg","keywords":["dzie\u0144 kobiet","MUZEALNY SALON"],"articleSection":["Gliwice","Kultura, wydarzenia, imprezy","Najnowsze wiadomo\u015bci"],"inLanguage":"pl-PL","potentialAction":[{"@type":"CommentAction","name":"Comment","target":["https:\/\/www.24gliwice.pl\/wiadomosci\/czy-w-xix-wieku-unikano-kapieli-higiena-i-uroda-w-xix-wieku-spotkanie-z-cyklu-muzealny-salon-dla-pan\/#respond"]}]},{"@type":"WebPage","@id":"https:\/\/www.24gliwice.pl\/wiadomosci\/czy-w-xix-wieku-unikano-kapieli-higiena-i-uroda-w-xix-wieku-spotkanie-z-cyklu-muzealny-salon-dla-pan\/","url":"https:\/\/www.24gliwice.pl\/wiadomosci\/czy-w-xix-wieku-unikano-kapieli-higiena-i-uroda-w-xix-wieku-spotkanie-z-cyklu-muzealny-salon-dla-pan\/","name":"Czy w XIX wieku unikano k\u0105pieli? Higiena i uroda w XIX wieku. Spotkanie z cyklu \"Muzealny salon dla Pa\u0144\" - 24GLIWICE - Portal Gliwice | codziennie nowe informacje","isPartOf":{"@id":"https:\/\/www.24gliwice.pl\/wiadomosci\/#website"},"primaryImageOfPage":{"@id":"https:\/\/www.24gliwice.pl\/wiadomosci\/czy-w-xix-wieku-unikano-kapieli-higiena-i-uroda-w-xix-wieku-spotkanie-z-cyklu-muzealny-salon-dla-pan\/#primaryimage"},"image":{"@id":"https:\/\/www.24gliwice.pl\/wiadomosci\/czy-w-xix-wieku-unikano-kapieli-higiena-i-uroda-w-xix-wieku-spotkanie-z-cyklu-muzealny-salon-dla-pan\/#primaryimage"},"thumbnailUrl":"https:\/\/www.24gliwice.pl\/wiadomosci\/wp-content\/uploads\/2026\/03\/muzeum-muzealny-salon.jpg","datePublished":"2026-03-05T14:59:14+00:00","description":"Jak kobiety i m\u0119\u017cczy\u017ani dbali o urod\u0119 i czysto\u015b\u0107 w XIX wieku? Tego dowiedz\u0105 si\u0119 uczestnicy wyk\u0142adu \"Pi\u0119kno pod gorsetem: higiena i uroda\"","breadcrumb":{"@id":"https:\/\/www.24gliwice.pl\/wiadomosci\/czy-w-xix-wieku-unikano-kapieli-higiena-i-uroda-w-xix-wieku-spotkanie-z-cyklu-muzealny-salon-dla-pan\/#breadcrumb"},"inLanguage":"pl-PL","potentialAction":[{"@type":"ReadAction","target":["https:\/\/www.24gliwice.pl\/wiadomosci\/czy-w-xix-wieku-unikano-kapieli-higiena-i-uroda-w-xix-wieku-spotkanie-z-cyklu-muzealny-salon-dla-pan\/"]}]},{"@type":"ImageObject","inLanguage":"pl-PL","@id":"https:\/\/www.24gliwice.pl\/wiadomosci\/czy-w-xix-wieku-unikano-kapieli-higiena-i-uroda-w-xix-wieku-spotkanie-z-cyklu-muzealny-salon-dla-pan\/#primaryimage","url":"https:\/\/www.24gliwice.pl\/wiadomosci\/wp-content\/uploads\/2026\/03\/muzeum-muzealny-salon.jpg","contentUrl":"https:\/\/www.24gliwice.pl\/wiadomosci\/wp-content\/uploads\/2026\/03\/muzeum-muzealny-salon.jpg","width":810,"height":457},{"@type":"BreadcrumbList","@id":"https:\/\/www.24gliwice.pl\/wiadomosci\/czy-w-xix-wieku-unikano-kapieli-higiena-i-uroda-w-xix-wieku-spotkanie-z-cyklu-muzealny-salon-dla-pan\/#breadcrumb","itemListElement":[{"@type":"ListItem","position":1,"name":"Strona g\u0142\u00f3wna","item":"https:\/\/www.24gliwice.pl\/wiadomosci\/"},{"@type":"ListItem","position":2,"name":"Czy w XIX wieku unikano k\u0105pieli? Higiena i uroda w XIX wieku. Spotkanie z cyklu &#8220;Muzealny salon dla Pa\u0144&#8221;"}]},{"@type":"WebSite","@id":"https:\/\/www.24gliwice.pl\/wiadomosci\/#website","url":"https:\/\/www.24gliwice.pl\/wiadomosci\/","name":"24GLIWICE - Portal Gliwice | codziennie nowe wiadomo\u015bci","description":"Portal Miejski Gliwice","publisher":{"@id":"https:\/\/www.24gliwice.pl\/wiadomosci\/#organization"},"potentialAction":[{"@type":"SearchAction","target":{"@type":"EntryPoint","urlTemplate":"https:\/\/www.24gliwice.pl\/wiadomosci\/?s={search_term_string}"},"query-input":{"@type":"PropertyValueSpecification","valueRequired":true,"valueName":"search_term_string"}}],"inLanguage":"pl-PL"},{"@type":"Organization","@id":"https:\/\/www.24gliwice.pl\/wiadomosci\/#organization","name":"24gliwice","url":"https:\/\/www.24gliwice.pl\/wiadomosci\/","logo":{"@type":"ImageObject","inLanguage":"pl-PL","@id":"https:\/\/www.24gliwice.pl\/wiadomosci\/#\/schema\/logo\/image\/","url":"https:\/\/www.24gliwice.pl\/wiadomosci\/wp-content\/uploads\/2024\/10\/24gliwice-logo-696.jpg","contentUrl":"https:\/\/www.24gliwice.pl\/wiadomosci\/wp-content\/uploads\/2024\/10\/24gliwice-logo-696.jpg","width":696,"height":696,"caption":"24gliwice"},"image":{"@id":"https:\/\/www.24gliwice.pl\/wiadomosci\/#\/schema\/logo\/image\/"},"sameAs":["https:\/\/www.facebook.com\/24gliwice","https:\/\/x.com\/24gliwice","https:\/\/www.youtube.com\/@24gliwice"]},{"@type":"Person","@id":"https:\/\/www.24gliwice.pl\/wiadomosci\/#\/schema\/person\/e42c650edd7f2fa332be3811fb166b6e","name":"\u017baneta Mrozek-Siewierska","image":{"@type":"ImageObject","inLanguage":"pl-PL","@id":"https:\/\/secure.gravatar.com\/avatar\/1881429e9c64597c77ad7aef2d0a19be69a3253e57534d16aa15bf3a4d34a0a3?s=96&d=mm&r=g","url":"https:\/\/secure.gravatar.com\/avatar\/1881429e9c64597c77ad7aef2d0a19be69a3253e57534d16aa15bf3a4d34a0a3?s=96&d=mm&r=g","contentUrl":"https:\/\/secure.gravatar.com\/avatar\/1881429e9c64597c77ad7aef2d0a19be69a3253e57534d16aa15bf3a4d34a0a3?s=96&d=mm&r=g","caption":"\u017baneta Mrozek-Siewierska"},"url":"https:\/\/www.24gliwice.pl\/wiadomosci\/author\/zms\/"}]}},"_links":{"self":[{"href":"https:\/\/www.24gliwice.pl\/wiadomosci\/wp-json\/wp\/v2\/posts\/267312","targetHints":{"allow":["GET"]}}],"collection":[{"href":"https:\/\/www.24gliwice.pl\/wiadomosci\/wp-json\/wp\/v2\/posts"}],"about":[{"href":"https:\/\/www.24gliwice.pl\/wiadomosci\/wp-json\/wp\/v2\/types\/post"}],"author":[{"embeddable":true,"href":"https:\/\/www.24gliwice.pl\/wiadomosci\/wp-json\/wp\/v2\/users\/15"}],"replies":[{"embeddable":true,"href":"https:\/\/www.24gliwice.pl\/wiadomosci\/wp-json\/wp\/v2\/comments?post=267312"}],"version-history":[{"count":0,"href":"https:\/\/www.24gliwice.pl\/wiadomosci\/wp-json\/wp\/v2\/posts\/267312\/revisions"}],"wp:featuredmedia":[{"embeddable":true,"href":"https:\/\/www.24gliwice.pl\/wiadomosci\/wp-json\/wp\/v2\/media\/267426"}],"wp:attachment":[{"href":"https:\/\/www.24gliwice.pl\/wiadomosci\/wp-json\/wp\/v2\/media?parent=267312"}],"wp:term":[{"taxonomy":"category","embeddable":true,"href":"https:\/\/www.24gliwice.pl\/wiadomosci\/wp-json\/wp\/v2\/categories?post=267312"},{"taxonomy":"post_tag","embeddable":true,"href":"https:\/\/www.24gliwice.pl\/wiadomosci\/wp-json\/wp\/v2\/tags?post=267312"}],"curies":[{"name":"wp","href":"https:\/\/api.w.org\/{rel}","templated":true}]}}