{"id":267331,"date":"2026-03-04T19:49:11","date_gmt":"2026-03-04T18:49:11","guid":{"rendered":"https:\/\/www.24gliwice.pl\/wiadomosci\/?p=267331"},"modified":"2026-03-04T19:49:11","modified_gmt":"2026-03-04T18:49:11","slug":"parasol-ochronny-dla-mafii-smieciowych-dwie-osoby-w-tym-pracownik-wios-trafily-do-aresztu","status":"publish","type":"post","link":"https:\/\/www.24gliwice.pl\/wiadomosci\/parasol-ochronny-dla-mafii-smieciowych-dwie-osoby-w-tym-pracownik-wios-trafily-do-aresztu\/","title":{"rendered":"Parasol ochronny dla mafii \u015bmieciowych. Dwie osoby, w tym pracownik WIO\u015a, trafi\u0142y do aresztu"},"content":{"rendered":"<div class=\"gliwi-a6-nad-leadem-artykulow gliwi-entity-placement\" id=\"gliwi-3822754034\"><div class=\"gliwi-adlabel\"><span style=\"font-size: 9px\">REKLAMA<\/span><\/div><div id=\"gliwi-596309819\" style=\"margin-bottom: 25px;margin-left: auto;margin-right: auto;text-align: center;\"><a data-no-instant=\"1\" href=\"https:\/\/dom100.eu\/\" rel=\"noopener\" class=\"a2t-link\" target=\"_blank\" aria-label=\"20260415 DOM100 D\"><img loading=\"lazy\" decoding=\"async\" src=\"https:\/\/www.24gliwice.pl\/wiadomosci\/wp-content\/uploads\/2026\/04\/20260415-DOM100-D.jpg\" alt=\"\"  srcset=\"https:\/\/www.24gliwice.pl\/wiadomosci\/wp-content\/uploads\/2026\/04\/20260415-DOM100-D.jpg 750w, https:\/\/www.24gliwice.pl\/wiadomosci\/wp-content\/uploads\/2026\/04\/20260415-DOM100-D-410x109.jpg 410w\" sizes=\"(max-width: 750px) 100vw, 750px\" class=\"no-lazyload\" width=\"750\" height=\"200\"  style=\"display: inline-block; max-width: 100%; height: auto;\" \/><\/a><\/div><\/div><h2>Pracownik katowickiego WIO\u015a do spraw zwalczania przest\u0119pczo\u015bci \u015brodowiskowej umo\u017cliwia\u0142 mafiom \u015bmieciowym realizowanie procederu &#8211; wynika z ustale\u0144 CBA. W \u015bledztwie w sprawie powo\u0142ywania si\u0119 na wp\u0142ywy w instytucjach pa\u0144stwowych m.in. w Katowicach i Gliwicach, zatrzymano 2 osoby.<\/h2>\n<p><!--more--><\/p>\n<p>Wspomniane dochodzenie Centralnego Biura Antykorupcyjnego dotyczy tak\u017ce podejmowania po\u015brednictwa w za\u0142atwianiu korzystnych decyzji \u015brodowiskowych w zwi\u0105zku z gospodarowaniem i przetwarzaniem oraz zbieraniem i utylizacj\u0105 niebezpiecznych odpad\u00f3w. Wojew\u00f3dzki Inspektorat Ochrony \u015arodowiska podkre\u015bla w wydanym komunikacie, \u017ce post\u0119powanie toczy si\u0119 wobec konkretnej osoby, a nie dzia\u0142ania instytucji jako ca\u0142o\u015bci.<\/p>\n<blockquote><p><em>W ramach przest\u0119pczego procederu mia\u0142o dochodzi\u0107 do przekazywania informacji o planowanych kontrolach, zaniechania czynno\u015bci s\u0142u\u017cbowych oraz niew\u0142a\u015bciwego reagowania na ujawnione naruszenia w zakresie ochrony \u015brodowiska<\/em><\/p><\/blockquote>\n<p>&#8211; informuje Centralne Biuro Antykorupcyjne. <\/p><div class=\"gliwi-a3-w-tresci-artykulow gliwi-entity-placement\" id=\"gliwi-2767358312\"><div class=\"gliwi-adlabel\"><span style=\"font-size: 9px\">REKLAMA<\/span><\/div><div id=\"gliwi-202121710\" style=\"margin-bottom: 30px;margin-left: auto;margin-right: auto;text-align: center;\"><a data-no-instant=\"1\" href=\"https:\/\/ogrodyandersa.pl\/\" rel=\"noopener\" class=\"a2t-link\" target=\"_blank\" aria-label=\"20260415 Ogrody Andersa KUP TERAZ D\"><img loading=\"lazy\" decoding=\"async\" src=\"https:\/\/www.24gliwice.pl\/wiadomosci\/wp-content\/uploads\/2026\/04\/20260415-Ogrody-Andersa-KUP-TERAZ-D.jpg\" alt=\"\"  srcset=\"https:\/\/www.24gliwice.pl\/wiadomosci\/wp-content\/uploads\/2026\/04\/20260415-Ogrody-Andersa-KUP-TERAZ-D.jpg 750w, https:\/\/www.24gliwice.pl\/wiadomosci\/wp-content\/uploads\/2026\/04\/20260415-Ogrody-Andersa-KUP-TERAZ-D-410x109.jpg 410w\" sizes=\"(max-width: 750px) 100vw, 750px\" class=\"no-lazyload\" width=\"750\" height=\"200\"  style=\"display: inline-block; max-width: 100%; height: auto;\" \/><\/a><\/div><\/div>\n<p>&#8211; <em>Dzia\u0142ania te mia\u0142y s\u0142u\u017cy\u0107 stworzeniu tzw. \u201eparasola ochronnego\u201d dla podmiot\u00f3w zwi\u0105zanych z nielegalnym post\u0119powaniem z odpadami, w tym odpadami niebezpiecznymi. Proceder mia\u0142 umo\u017cliwia\u0107 funkcjonowanie nielegalnych miejsc sk\u0142adowania odpad\u00f3w na terenie ca\u0142ego kraju, a w rezultacie skutkowa\u0107 faktyczn\u0105 bezkarno\u015bci\u0105 podmiot\u00f3w prowadz\u0105cych nielegalne sk\u0142adowiska odpad\u00f3w niebezpiecznych. Takie sk\u0142adowiska powoduj\u0105 degradacj\u0119 \u015brodowiska na wielk\u0105 skal\u0119 i zagra\u017caj\u0105 \u017cyciu i zdrowiu ludzi<\/em> &#8211; dodaje CBA. <\/p>\n<p>Pod koniec lutego br. funkcjonariusze katowickiej delegatury Centralnego Biura Antykorupcyjnego zatrzymali dwie osoby na terenie wojew\u00f3dztwa \u015bl\u0105skiego w zwi\u0105zku ze \u015bledztwem dotycz\u0105cym dzia\u0142alno\u015bci tzw. mafii \u015bmieciowej. W\u015br\u00f3d nich jest czynny funkcjonariusz publiczny Wojew\u00f3dzkiego Inspektoratu Ochrony \u015arodowiska w Katowicach &#8211; Tomasz K. W toku czynno\u015bci funkcjonariusze dokonali przeszukania w miejscach zamieszkania i pracy zatrzymanych.<\/p>\n<p>Czynno\u015bci prowadzono r\u00f3wnie\u017c w siedzibie Urz\u0119du Miejskiego w Rudzie \u015al\u0105skiej oraz Wojew\u00f3dzkim Inspektoracie Ochrony \u015arodowiska w Katowicach. Zabezpieczono dokumentacj\u0119, telefony kom\u00f3rkowe oraz inne no\u015bniki danych.<\/p>\n<blockquote><p><em>Podejrzani w zamian za korzy\u015bci maj\u0105tkowe w postaci pieni\u0119dzy uczestniczyli w fa\u0142szowaniu wynik\u00f3w kontroli \u015brodowiskowych. Jeden z podejrzanych przyjmowa\u0142 tak\u017ce \u015brodki finansowe pochodz\u0105ce z przest\u0119pstw na rachunek bankowy prowadzony dla swojej dzia\u0142alno\u015bci gospodarczej. Wystawia\u0142 przy tym po\u015bwiadczaj\u0105ce nieprawd\u0119 faktury<\/em> <\/p><\/blockquote>\n<p>&#8211; informuje Prokuratura Regionalna w Katowicach. <\/p>\n<p>Z ustale\u0144 \u015bledztwa wynika, \u017ce Tomasz K. wykorzystuj\u0105c status funkcjonariusza publicznego w kom\u00f3rce zajmuj\u0105cej si\u0119 zwalczaniem przest\u0119pczo\u015bci \u015brodowiskowej WIO\u015a, mia\u0142 nie dope\u0142nia\u0107 obowi\u0105zk\u00f3w s\u0142u\u017cbowych poprzez nieadekwatne karanie za naruszenia. W zamian przyjmowa\u0142 korzy\u015bci maj\u0105tkowe. Warto\u015b\u0107 przyj\u0119tych korzy\u015bci ustalono na 285 tys. z\u0142.<\/p>\n<p>Kolejny zatrzymany, Waldemar N. prowadz\u0105cy Kancelari\u0119 Prawn\u0105, mia\u0142 powo\u0142ywa\u0107 si\u0119 na wp\u0142ywy m.in. w Policji, Prokuraturze oraz Wojew\u00f3dzkich Inspektoratach Ochrony \u015arodowiska oraz po\u015bredniczy\u0107 w przekazywaniu \u015brodk\u00f3w finansowych funkcjonariuszom publicznym w celu zapewnienia \u201eparasola ochronnego\u201d. Dodatkowo mia\u0142 wystawia\u0107 faktury po\u015bwiadczaj\u0105ce nieprawd\u0119 na rzecz innych podmiot\u00f3w dzia\u0142aj\u0105cych w bran\u017cy tzw. mafii \u015bmieciowej. Pe\u0142ni\u0142 r\u00f3wnie\u017c rol\u0119 po\u015brednika w za\u0142atwianiu pozytywnych wynik\u00f3w kontroli prowadzonych przez inspektor\u00f3w \u015brodowiskowych.<\/p>\n<p>Obaj m\u0119\u017cczy\u017ani us\u0142yszeli m. in. zarzuty dzia\u0142ania w zorganizowanej grupie przest\u0119pczej, nadu\u017cycia uprawnie\u0144 przez funkcjonariusza publicznego, p\u0142atnej protekcji, wr\u0119czania korzy\u015bci, oraz prania brudnych pieni\u0119dzy i przest\u0119pstwa przeciwko wiarygodno\u015bci dokument\u00f3w. Na wniosek prokuratora, s\u0105d zastosowa\u0142 wobec nich tymczasowe aresztowanie na okres 3 miesi\u0119cy. <\/p>\n<p>Zarzuty obejmuj\u0105 okres od pa\u017adziernika 2020 roku do listopada 2024 roku.<\/p>\n<h4>Prokuratura zapowiada, \u017ce planowane s\u0105 dalsze zatrzymania i przeszukania.<\/h4>\n<p>Przypomina tak\u017ce, \u017ce zgodnie z art. 229 \u00a7 6 kodeksu karnego: nie podlega karze ten, kto udziela albo obiecuje udzieli\u0107 korzy\u015bci maj\u0105tkowej lub osobistej osobie pe\u0142ni\u0105cej funkcj\u0119 publiczn\u0105 w zwi\u0105zku z pe\u0142nieniem tej funkcji, a sprawca zawiadomi\u0142 o tym fakcie organ powo\u0142any do \u015bcigania przest\u0119pstw i ujawni\u0142 wszystkie istotne okoliczno\u015bci przest\u0119pstwa, zanim organ ten o nim si\u0119 dowiedzia\u0142.<\/p>\n<p>(\u017cms), PR Katowice, CBA<\/p>\n<div class=\"gliwi-a5-na-koncu-artykulow gliwi-entity-placement\" id=\"gliwi-3327465607\"><div class=\"gliwi-adlabel\"><span style=\"font-size: 9px\">REKLAMA<\/span><\/div><div id=\"gliwi-2947972189\" style=\"margin-left: auto;margin-right: auto;text-align: center;\"><a data-no-instant=\"1\" href=\"https:\/\/prezeroarenagliwice.pl\/\" rel=\"noopener\" class=\"a2t-link\" target=\"_blank\" aria-label=\"20260309-PREZERO-WIOSNA-D\"><img loading=\"lazy\" decoding=\"async\" src=\"https:\/\/www.24gliwice.pl\/wiadomosci\/wp-content\/uploads\/2026\/03\/20260309-PREZERO-WIOSNA-D.webp\" alt=\"\"  srcset=\"https:\/\/www.24gliwice.pl\/wiadomosci\/wp-content\/uploads\/2026\/03\/20260309-PREZERO-WIOSNA-D.webp 750w, https:\/\/www.24gliwice.pl\/wiadomosci\/wp-content\/uploads\/2026\/03\/20260309-PREZERO-WIOSNA-D-410x109.webp 410w\" sizes=\"(max-width: 750px) 100vw, 750px\" class=\"no-lazyload\" width=\"750\" height=\"200\"  style=\"display: inline-block; max-width: 100%; height: auto;\" \/><\/a><\/div><\/div>","protected":false},"excerpt":{"rendered":"<p>Pracownik katowickiego WIO\u015a do spraw zwalczania przest\u0119pczo\u015bci \u015brodowiskowej umo\u017cliwia\u0142 mafiom \u015bmieciowym realizowanie procederu &#8211; wynika z ustale\u0144 CBA. W \u015bledztwie w sprawie powo\u0142ywania si\u0119 na wp\u0142ywy w instytucjach pa\u0144stwowych m.in. w Katowicach i Gliwicach, zatrzymano 2 osoby.<\/p>\n","protected":false},"author":15,"featured_media":267345,"comment_status":"open","ping_status":"closed","sticky":false,"template":"","format":"standard","meta":{"_monsterinsights_skip_tracking":false,"_monsterinsights_sitenote_active":false,"_monsterinsights_sitenote_note":"","_monsterinsights_sitenote_category":0,"footnotes":"","_links_to":"","_links_to_target":""},"categories":[3,1,5],"tags":[24315,8497],"class_list":["post-267331","post","type-post","status-publish","format-standard","has-post-thumbnail","hentry","category-gliwice","category-wszystko","category-kryminalki","tag-mafia-smieciowa","tag-wios"],"yoast_head":"<!-- This site is optimized with the Yoast SEO plugin v27.5 - https:\/\/yoast.com\/product\/yoast-seo-wordpress\/ -->\n<title>Parasol ochronny dla mafii \u015bmieciowych. Dwie osoby, w tym pracownik WIO\u015a, trafi\u0142y do aresztu - 24GLIWICE - Portal Gliwice | codziennie nowe informacje<\/title>\n<meta name=\"description\" content=\"Pracownik organu, kt\u00f3ry mia\u0142 zapobiega\u0107 nielegalnemu obrotowi odpadami, bra\u0142 w nim udzia\u0142 - wynika z ustale\u0144 CBA.\" \/>\n<meta name=\"robots\" content=\"index, follow, max-snippet:-1, max-image-preview:large, max-video-preview:-1\" \/>\n<link rel=\"canonical\" href=\"https:\/\/www.24gliwice.pl\/wiadomosci\/parasol-ochronny-dla-mafii-smieciowych-dwie-osoby-w-tym-pracownik-wios-trafily-do-aresztu\/\" \/>\n<meta property=\"og:locale\" content=\"pl_PL\" \/>\n<meta property=\"og:type\" content=\"article\" \/>\n<meta property=\"og:title\" content=\"Parasol ochronny dla mafii \u015bmieciowych. Dwie osoby, w tym pracownik WIO\u015a, trafi\u0142y do aresztu - 24GLIWICE - Portal Gliwice | codziennie nowe informacje\" \/>\n<meta property=\"og:description\" content=\"Pracownik organu, kt\u00f3ry mia\u0142 zapobiega\u0107 nielegalnemu obrotowi odpadami, bra\u0142 w nim udzia\u0142 - wynika z ustale\u0144 CBA.\" \/>\n<meta property=\"og:url\" content=\"https:\/\/www.24gliwice.pl\/wiadomosci\/parasol-ochronny-dla-mafii-smieciowych-dwie-osoby-w-tym-pracownik-wios-trafily-do-aresztu\/\" \/>\n<meta property=\"og:site_name\" content=\"24GLIWICE - Portal Gliwice | codziennie nowe informacje\" \/>\n<meta property=\"article:publisher\" content=\"https:\/\/www.facebook.com\/24gliwice\" \/>\n<meta property=\"article:published_time\" content=\"2026-03-04T18:49:11+00:00\" \/>\n<meta property=\"og:image\" content=\"https:\/\/www.24gliwice.pl\/wiadomosci\/wp-content\/uploads\/2026\/03\/nielegalne-odpady-mafia-smieciowa.jpg\" \/>\n\t<meta property=\"og:image:width\" content=\"810\" \/>\n\t<meta property=\"og:image:height\" content=\"456\" \/>\n\t<meta property=\"og:image:type\" content=\"image\/jpeg\" \/>\n<meta name=\"author\" content=\"\u017baneta Mrozek-Siewierska\" \/>\n<meta name=\"twitter:card\" content=\"summary_large_image\" \/>\n<meta name=\"twitter:creator\" content=\"@24gliwice\" \/>\n<meta name=\"twitter:site\" content=\"@24gliwice\" \/>\n<meta name=\"twitter:label1\" content=\"Napisane przez\" \/>\n\t<meta name=\"twitter:data1\" content=\"\u017baneta Mrozek-Siewierska\" \/>\n\t<meta name=\"twitter:label2\" content=\"Szacowany czas czytania\" \/>\n\t<meta name=\"twitter:data2\" content=\"3 minuty\" \/>\n<script type=\"application\/ld+json\" class=\"yoast-schema-graph\">{\"@context\":\"https:\\\/\\\/schema.org\",\"@graph\":[{\"@type\":\"Article\",\"@id\":\"https:\\\/\\\/www.24gliwice.pl\\\/wiadomosci\\\/parasol-ochronny-dla-mafii-smieciowych-dwie-osoby-w-tym-pracownik-wios-trafily-do-aresztu\\\/#article\",\"isPartOf\":{\"@id\":\"https:\\\/\\\/www.24gliwice.pl\\\/wiadomosci\\\/parasol-ochronny-dla-mafii-smieciowych-dwie-osoby-w-tym-pracownik-wios-trafily-do-aresztu\\\/\"},\"author\":{\"name\":\"\u017baneta Mrozek-Siewierska\",\"@id\":\"https:\\\/\\\/www.24gliwice.pl\\\/wiadomosci\\\/#\\\/schema\\\/person\\\/e42c650edd7f2fa332be3811fb166b6e\"},\"headline\":\"Parasol ochronny dla mafii \u015bmieciowych. Dwie osoby, w tym pracownik WIO\u015a, trafi\u0142y do aresztu\",\"datePublished\":\"2026-03-04T18:49:11+00:00\",\"mainEntityOfPage\":{\"@id\":\"https:\\\/\\\/www.24gliwice.pl\\\/wiadomosci\\\/parasol-ochronny-dla-mafii-smieciowych-dwie-osoby-w-tym-pracownik-wios-trafily-do-aresztu\\\/\"},\"wordCount\":667,\"commentCount\":4,\"publisher\":{\"@id\":\"https:\\\/\\\/www.24gliwice.pl\\\/wiadomosci\\\/#organization\"},\"image\":{\"@id\":\"https:\\\/\\\/www.24gliwice.pl\\\/wiadomosci\\\/parasol-ochronny-dla-mafii-smieciowych-dwie-osoby-w-tym-pracownik-wios-trafily-do-aresztu\\\/#primaryimage\"},\"thumbnailUrl\":\"https:\\\/\\\/www.24gliwice.pl\\\/wiadomosci\\\/wp-content\\\/uploads\\\/2026\\\/03\\\/nielegalne-odpady-mafia-smieciowa.jpg\",\"keywords\":[\"MAFIA \u015aMIECIOWA\",\"wio\u015b\"],\"articleSection\":[\"Gliwice\",\"Najnowsze wiadomo\u015bci\",\"Prawo\"],\"inLanguage\":\"pl-PL\",\"potentialAction\":[{\"@type\":\"CommentAction\",\"name\":\"Comment\",\"target\":[\"https:\\\/\\\/www.24gliwice.pl\\\/wiadomosci\\\/parasol-ochronny-dla-mafii-smieciowych-dwie-osoby-w-tym-pracownik-wios-trafily-do-aresztu\\\/#respond\"]}]},{\"@type\":\"WebPage\",\"@id\":\"https:\\\/\\\/www.24gliwice.pl\\\/wiadomosci\\\/parasol-ochronny-dla-mafii-smieciowych-dwie-osoby-w-tym-pracownik-wios-trafily-do-aresztu\\\/\",\"url\":\"https:\\\/\\\/www.24gliwice.pl\\\/wiadomosci\\\/parasol-ochronny-dla-mafii-smieciowych-dwie-osoby-w-tym-pracownik-wios-trafily-do-aresztu\\\/\",\"name\":\"Parasol ochronny dla mafii \u015bmieciowych. Dwie osoby, w tym pracownik WIO\u015a, trafi\u0142y do aresztu - 24GLIWICE - Portal Gliwice | codziennie nowe informacje\",\"isPartOf\":{\"@id\":\"https:\\\/\\\/www.24gliwice.pl\\\/wiadomosci\\\/#website\"},\"primaryImageOfPage\":{\"@id\":\"https:\\\/\\\/www.24gliwice.pl\\\/wiadomosci\\\/parasol-ochronny-dla-mafii-smieciowych-dwie-osoby-w-tym-pracownik-wios-trafily-do-aresztu\\\/#primaryimage\"},\"image\":{\"@id\":\"https:\\\/\\\/www.24gliwice.pl\\\/wiadomosci\\\/parasol-ochronny-dla-mafii-smieciowych-dwie-osoby-w-tym-pracownik-wios-trafily-do-aresztu\\\/#primaryimage\"},\"thumbnailUrl\":\"https:\\\/\\\/www.24gliwice.pl\\\/wiadomosci\\\/wp-content\\\/uploads\\\/2026\\\/03\\\/nielegalne-odpady-mafia-smieciowa.jpg\",\"datePublished\":\"2026-03-04T18:49:11+00:00\",\"description\":\"Pracownik organu, kt\u00f3ry mia\u0142 zapobiega\u0107 nielegalnemu obrotowi odpadami, bra\u0142 w nim udzia\u0142 - wynika z ustale\u0144 CBA.\",\"breadcrumb\":{\"@id\":\"https:\\\/\\\/www.24gliwice.pl\\\/wiadomosci\\\/parasol-ochronny-dla-mafii-smieciowych-dwie-osoby-w-tym-pracownik-wios-trafily-do-aresztu\\\/#breadcrumb\"},\"inLanguage\":\"pl-PL\",\"potentialAction\":[{\"@type\":\"ReadAction\",\"target\":[\"https:\\\/\\\/www.24gliwice.pl\\\/wiadomosci\\\/parasol-ochronny-dla-mafii-smieciowych-dwie-osoby-w-tym-pracownik-wios-trafily-do-aresztu\\\/\"]}]},{\"@type\":\"ImageObject\",\"inLanguage\":\"pl-PL\",\"@id\":\"https:\\\/\\\/www.24gliwice.pl\\\/wiadomosci\\\/parasol-ochronny-dla-mafii-smieciowych-dwie-osoby-w-tym-pracownik-wios-trafily-do-aresztu\\\/#primaryimage\",\"url\":\"https:\\\/\\\/www.24gliwice.pl\\\/wiadomosci\\\/wp-content\\\/uploads\\\/2026\\\/03\\\/nielegalne-odpady-mafia-smieciowa.jpg\",\"contentUrl\":\"https:\\\/\\\/www.24gliwice.pl\\\/wiadomosci\\\/wp-content\\\/uploads\\\/2026\\\/03\\\/nielegalne-odpady-mafia-smieciowa.jpg\",\"width\":810,\"height\":456},{\"@type\":\"BreadcrumbList\",\"@id\":\"https:\\\/\\\/www.24gliwice.pl\\\/wiadomosci\\\/parasol-ochronny-dla-mafii-smieciowych-dwie-osoby-w-tym-pracownik-wios-trafily-do-aresztu\\\/#breadcrumb\",\"itemListElement\":[{\"@type\":\"ListItem\",\"position\":1,\"name\":\"Strona g\u0142\u00f3wna\",\"item\":\"https:\\\/\\\/www.24gliwice.pl\\\/wiadomosci\\\/\"},{\"@type\":\"ListItem\",\"position\":2,\"name\":\"Parasol ochronny dla mafii \u015bmieciowych. Dwie osoby, w tym pracownik WIO\u015a, trafi\u0142y do aresztu\"}]},{\"@type\":\"WebSite\",\"@id\":\"https:\\\/\\\/www.24gliwice.pl\\\/wiadomosci\\\/#website\",\"url\":\"https:\\\/\\\/www.24gliwice.pl\\\/wiadomosci\\\/\",\"name\":\"24GLIWICE - Portal Gliwice | codziennie nowe wiadomo\u015bci\",\"description\":\"Portal Miejski Gliwice\",\"publisher\":{\"@id\":\"https:\\\/\\\/www.24gliwice.pl\\\/wiadomosci\\\/#organization\"},\"potentialAction\":[{\"@type\":\"SearchAction\",\"target\":{\"@type\":\"EntryPoint\",\"urlTemplate\":\"https:\\\/\\\/www.24gliwice.pl\\\/wiadomosci\\\/?s={search_term_string}\"},\"query-input\":{\"@type\":\"PropertyValueSpecification\",\"valueRequired\":true,\"valueName\":\"search_term_string\"}}],\"inLanguage\":\"pl-PL\"},{\"@type\":\"Organization\",\"@id\":\"https:\\\/\\\/www.24gliwice.pl\\\/wiadomosci\\\/#organization\",\"name\":\"24gliwice\",\"url\":\"https:\\\/\\\/www.24gliwice.pl\\\/wiadomosci\\\/\",\"logo\":{\"@type\":\"ImageObject\",\"inLanguage\":\"pl-PL\",\"@id\":\"https:\\\/\\\/www.24gliwice.pl\\\/wiadomosci\\\/#\\\/schema\\\/logo\\\/image\\\/\",\"url\":\"https:\\\/\\\/www.24gliwice.pl\\\/wiadomosci\\\/wp-content\\\/uploads\\\/2024\\\/10\\\/24gliwice-logo-696.jpg\",\"contentUrl\":\"https:\\\/\\\/www.24gliwice.pl\\\/wiadomosci\\\/wp-content\\\/uploads\\\/2024\\\/10\\\/24gliwice-logo-696.jpg\",\"width\":696,\"height\":696,\"caption\":\"24gliwice\"},\"image\":{\"@id\":\"https:\\\/\\\/www.24gliwice.pl\\\/wiadomosci\\\/#\\\/schema\\\/logo\\\/image\\\/\"},\"sameAs\":[\"https:\\\/\\\/www.facebook.com\\\/24gliwice\",\"https:\\\/\\\/x.com\\\/24gliwice\",\"https:\\\/\\\/www.youtube.com\\\/@24gliwice\"]},{\"@type\":\"Person\",\"@id\":\"https:\\\/\\\/www.24gliwice.pl\\\/wiadomosci\\\/#\\\/schema\\\/person\\\/e42c650edd7f2fa332be3811fb166b6e\",\"name\":\"\u017baneta Mrozek-Siewierska\",\"image\":{\"@type\":\"ImageObject\",\"inLanguage\":\"pl-PL\",\"@id\":\"https:\\\/\\\/secure.gravatar.com\\\/avatar\\\/1881429e9c64597c77ad7aef2d0a19be69a3253e57534d16aa15bf3a4d34a0a3?s=96&d=mm&r=g\",\"url\":\"https:\\\/\\\/secure.gravatar.com\\\/avatar\\\/1881429e9c64597c77ad7aef2d0a19be69a3253e57534d16aa15bf3a4d34a0a3?s=96&d=mm&r=g\",\"contentUrl\":\"https:\\\/\\\/secure.gravatar.com\\\/avatar\\\/1881429e9c64597c77ad7aef2d0a19be69a3253e57534d16aa15bf3a4d34a0a3?s=96&d=mm&r=g\",\"caption\":\"\u017baneta Mrozek-Siewierska\"},\"url\":\"https:\\\/\\\/www.24gliwice.pl\\\/wiadomosci\\\/author\\\/zms\\\/\"}]}<\/script>\n<!-- \/ Yoast SEO plugin. -->","yoast_head_json":{"title":"Parasol ochronny dla mafii \u015bmieciowych. Dwie osoby, w tym pracownik WIO\u015a, trafi\u0142y do aresztu - 24GLIWICE - Portal Gliwice | codziennie nowe informacje","description":"Pracownik organu, kt\u00f3ry mia\u0142 zapobiega\u0107 nielegalnemu obrotowi odpadami, bra\u0142 w nim udzia\u0142 - wynika z ustale\u0144 CBA.","robots":{"index":"index","follow":"follow","max-snippet":"max-snippet:-1","max-image-preview":"max-image-preview:large","max-video-preview":"max-video-preview:-1"},"canonical":"https:\/\/www.24gliwice.pl\/wiadomosci\/parasol-ochronny-dla-mafii-smieciowych-dwie-osoby-w-tym-pracownik-wios-trafily-do-aresztu\/","og_locale":"pl_PL","og_type":"article","og_title":"Parasol ochronny dla mafii \u015bmieciowych. Dwie osoby, w tym pracownik WIO\u015a, trafi\u0142y do aresztu - 24GLIWICE - Portal Gliwice | codziennie nowe informacje","og_description":"Pracownik organu, kt\u00f3ry mia\u0142 zapobiega\u0107 nielegalnemu obrotowi odpadami, bra\u0142 w nim udzia\u0142 - wynika z ustale\u0144 CBA.","og_url":"https:\/\/www.24gliwice.pl\/wiadomosci\/parasol-ochronny-dla-mafii-smieciowych-dwie-osoby-w-tym-pracownik-wios-trafily-do-aresztu\/","og_site_name":"24GLIWICE - Portal Gliwice | codziennie nowe informacje","article_publisher":"https:\/\/www.facebook.com\/24gliwice","article_published_time":"2026-03-04T18:49:11+00:00","og_image":[{"width":810,"height":456,"url":"https:\/\/www.24gliwice.pl\/wiadomosci\/wp-content\/uploads\/2026\/03\/nielegalne-odpady-mafia-smieciowa.jpg","type":"image\/jpeg"}],"author":"\u017baneta Mrozek-Siewierska","twitter_card":"summary_large_image","twitter_creator":"@24gliwice","twitter_site":"@24gliwice","twitter_misc":{"Napisane przez":"\u017baneta Mrozek-Siewierska","Szacowany czas czytania":"3 minuty"},"schema":{"@context":"https:\/\/schema.org","@graph":[{"@type":"Article","@id":"https:\/\/www.24gliwice.pl\/wiadomosci\/parasol-ochronny-dla-mafii-smieciowych-dwie-osoby-w-tym-pracownik-wios-trafily-do-aresztu\/#article","isPartOf":{"@id":"https:\/\/www.24gliwice.pl\/wiadomosci\/parasol-ochronny-dla-mafii-smieciowych-dwie-osoby-w-tym-pracownik-wios-trafily-do-aresztu\/"},"author":{"name":"\u017baneta Mrozek-Siewierska","@id":"https:\/\/www.24gliwice.pl\/wiadomosci\/#\/schema\/person\/e42c650edd7f2fa332be3811fb166b6e"},"headline":"Parasol ochronny dla mafii \u015bmieciowych. Dwie osoby, w tym pracownik WIO\u015a, trafi\u0142y do aresztu","datePublished":"2026-03-04T18:49:11+00:00","mainEntityOfPage":{"@id":"https:\/\/www.24gliwice.pl\/wiadomosci\/parasol-ochronny-dla-mafii-smieciowych-dwie-osoby-w-tym-pracownik-wios-trafily-do-aresztu\/"},"wordCount":667,"commentCount":4,"publisher":{"@id":"https:\/\/www.24gliwice.pl\/wiadomosci\/#organization"},"image":{"@id":"https:\/\/www.24gliwice.pl\/wiadomosci\/parasol-ochronny-dla-mafii-smieciowych-dwie-osoby-w-tym-pracownik-wios-trafily-do-aresztu\/#primaryimage"},"thumbnailUrl":"https:\/\/www.24gliwice.pl\/wiadomosci\/wp-content\/uploads\/2026\/03\/nielegalne-odpady-mafia-smieciowa.jpg","keywords":["MAFIA \u015aMIECIOWA","wio\u015b"],"articleSection":["Gliwice","Najnowsze wiadomo\u015bci","Prawo"],"inLanguage":"pl-PL","potentialAction":[{"@type":"CommentAction","name":"Comment","target":["https:\/\/www.24gliwice.pl\/wiadomosci\/parasol-ochronny-dla-mafii-smieciowych-dwie-osoby-w-tym-pracownik-wios-trafily-do-aresztu\/#respond"]}]},{"@type":"WebPage","@id":"https:\/\/www.24gliwice.pl\/wiadomosci\/parasol-ochronny-dla-mafii-smieciowych-dwie-osoby-w-tym-pracownik-wios-trafily-do-aresztu\/","url":"https:\/\/www.24gliwice.pl\/wiadomosci\/parasol-ochronny-dla-mafii-smieciowych-dwie-osoby-w-tym-pracownik-wios-trafily-do-aresztu\/","name":"Parasol ochronny dla mafii \u015bmieciowych. Dwie osoby, w tym pracownik WIO\u015a, trafi\u0142y do aresztu - 24GLIWICE - Portal Gliwice | codziennie nowe informacje","isPartOf":{"@id":"https:\/\/www.24gliwice.pl\/wiadomosci\/#website"},"primaryImageOfPage":{"@id":"https:\/\/www.24gliwice.pl\/wiadomosci\/parasol-ochronny-dla-mafii-smieciowych-dwie-osoby-w-tym-pracownik-wios-trafily-do-aresztu\/#primaryimage"},"image":{"@id":"https:\/\/www.24gliwice.pl\/wiadomosci\/parasol-ochronny-dla-mafii-smieciowych-dwie-osoby-w-tym-pracownik-wios-trafily-do-aresztu\/#primaryimage"},"thumbnailUrl":"https:\/\/www.24gliwice.pl\/wiadomosci\/wp-content\/uploads\/2026\/03\/nielegalne-odpady-mafia-smieciowa.jpg","datePublished":"2026-03-04T18:49:11+00:00","description":"Pracownik organu, kt\u00f3ry mia\u0142 zapobiega\u0107 nielegalnemu obrotowi odpadami, bra\u0142 w nim udzia\u0142 - wynika z ustale\u0144 CBA.","breadcrumb":{"@id":"https:\/\/www.24gliwice.pl\/wiadomosci\/parasol-ochronny-dla-mafii-smieciowych-dwie-osoby-w-tym-pracownik-wios-trafily-do-aresztu\/#breadcrumb"},"inLanguage":"pl-PL","potentialAction":[{"@type":"ReadAction","target":["https:\/\/www.24gliwice.pl\/wiadomosci\/parasol-ochronny-dla-mafii-smieciowych-dwie-osoby-w-tym-pracownik-wios-trafily-do-aresztu\/"]}]},{"@type":"ImageObject","inLanguage":"pl-PL","@id":"https:\/\/www.24gliwice.pl\/wiadomosci\/parasol-ochronny-dla-mafii-smieciowych-dwie-osoby-w-tym-pracownik-wios-trafily-do-aresztu\/#primaryimage","url":"https:\/\/www.24gliwice.pl\/wiadomosci\/wp-content\/uploads\/2026\/03\/nielegalne-odpady-mafia-smieciowa.jpg","contentUrl":"https:\/\/www.24gliwice.pl\/wiadomosci\/wp-content\/uploads\/2026\/03\/nielegalne-odpady-mafia-smieciowa.jpg","width":810,"height":456},{"@type":"BreadcrumbList","@id":"https:\/\/www.24gliwice.pl\/wiadomosci\/parasol-ochronny-dla-mafii-smieciowych-dwie-osoby-w-tym-pracownik-wios-trafily-do-aresztu\/#breadcrumb","itemListElement":[{"@type":"ListItem","position":1,"name":"Strona g\u0142\u00f3wna","item":"https:\/\/www.24gliwice.pl\/wiadomosci\/"},{"@type":"ListItem","position":2,"name":"Parasol ochronny dla mafii \u015bmieciowych. Dwie osoby, w tym pracownik WIO\u015a, trafi\u0142y do aresztu"}]},{"@type":"WebSite","@id":"https:\/\/www.24gliwice.pl\/wiadomosci\/#website","url":"https:\/\/www.24gliwice.pl\/wiadomosci\/","name":"24GLIWICE - Portal Gliwice | codziennie nowe wiadomo\u015bci","description":"Portal Miejski Gliwice","publisher":{"@id":"https:\/\/www.24gliwice.pl\/wiadomosci\/#organization"},"potentialAction":[{"@type":"SearchAction","target":{"@type":"EntryPoint","urlTemplate":"https:\/\/www.24gliwice.pl\/wiadomosci\/?s={search_term_string}"},"query-input":{"@type":"PropertyValueSpecification","valueRequired":true,"valueName":"search_term_string"}}],"inLanguage":"pl-PL"},{"@type":"Organization","@id":"https:\/\/www.24gliwice.pl\/wiadomosci\/#organization","name":"24gliwice","url":"https:\/\/www.24gliwice.pl\/wiadomosci\/","logo":{"@type":"ImageObject","inLanguage":"pl-PL","@id":"https:\/\/www.24gliwice.pl\/wiadomosci\/#\/schema\/logo\/image\/","url":"https:\/\/www.24gliwice.pl\/wiadomosci\/wp-content\/uploads\/2024\/10\/24gliwice-logo-696.jpg","contentUrl":"https:\/\/www.24gliwice.pl\/wiadomosci\/wp-content\/uploads\/2024\/10\/24gliwice-logo-696.jpg","width":696,"height":696,"caption":"24gliwice"},"image":{"@id":"https:\/\/www.24gliwice.pl\/wiadomosci\/#\/schema\/logo\/image\/"},"sameAs":["https:\/\/www.facebook.com\/24gliwice","https:\/\/x.com\/24gliwice","https:\/\/www.youtube.com\/@24gliwice"]},{"@type":"Person","@id":"https:\/\/www.24gliwice.pl\/wiadomosci\/#\/schema\/person\/e42c650edd7f2fa332be3811fb166b6e","name":"\u017baneta Mrozek-Siewierska","image":{"@type":"ImageObject","inLanguage":"pl-PL","@id":"https:\/\/secure.gravatar.com\/avatar\/1881429e9c64597c77ad7aef2d0a19be69a3253e57534d16aa15bf3a4d34a0a3?s=96&d=mm&r=g","url":"https:\/\/secure.gravatar.com\/avatar\/1881429e9c64597c77ad7aef2d0a19be69a3253e57534d16aa15bf3a4d34a0a3?s=96&d=mm&r=g","contentUrl":"https:\/\/secure.gravatar.com\/avatar\/1881429e9c64597c77ad7aef2d0a19be69a3253e57534d16aa15bf3a4d34a0a3?s=96&d=mm&r=g","caption":"\u017baneta Mrozek-Siewierska"},"url":"https:\/\/www.24gliwice.pl\/wiadomosci\/author\/zms\/"}]}},"_links":{"self":[{"href":"https:\/\/www.24gliwice.pl\/wiadomosci\/wp-json\/wp\/v2\/posts\/267331","targetHints":{"allow":["GET"]}}],"collection":[{"href":"https:\/\/www.24gliwice.pl\/wiadomosci\/wp-json\/wp\/v2\/posts"}],"about":[{"href":"https:\/\/www.24gliwice.pl\/wiadomosci\/wp-json\/wp\/v2\/types\/post"}],"author":[{"embeddable":true,"href":"https:\/\/www.24gliwice.pl\/wiadomosci\/wp-json\/wp\/v2\/users\/15"}],"replies":[{"embeddable":true,"href":"https:\/\/www.24gliwice.pl\/wiadomosci\/wp-json\/wp\/v2\/comments?post=267331"}],"version-history":[{"count":0,"href":"https:\/\/www.24gliwice.pl\/wiadomosci\/wp-json\/wp\/v2\/posts\/267331\/revisions"}],"wp:featuredmedia":[{"embeddable":true,"href":"https:\/\/www.24gliwice.pl\/wiadomosci\/wp-json\/wp\/v2\/media\/267345"}],"wp:attachment":[{"href":"https:\/\/www.24gliwice.pl\/wiadomosci\/wp-json\/wp\/v2\/media?parent=267331"}],"wp:term":[{"taxonomy":"category","embeddable":true,"href":"https:\/\/www.24gliwice.pl\/wiadomosci\/wp-json\/wp\/v2\/categories?post=267331"},{"taxonomy":"post_tag","embeddable":true,"href":"https:\/\/www.24gliwice.pl\/wiadomosci\/wp-json\/wp\/v2\/tags?post=267331"}],"curies":[{"name":"wp","href":"https:\/\/api.w.org\/{rel}","templated":true}]}}