{"id":267367,"date":"2026-03-05T10:18:09","date_gmt":"2026-03-05T09:18:09","guid":{"rendered":"https:\/\/www.24gliwice.pl\/wiadomosci\/?p=267367"},"modified":"2026-03-05T10:44:43","modified_gmt":"2026-03-05T09:44:43","slug":"gliwickie-spotkania-teatralne-na-scenie-plejada-najjasniejszych-gwiazd-polskiej-sceny-opublikowano-program","status":"publish","type":"post","link":"https:\/\/www.24gliwice.pl\/wiadomosci\/gliwickie-spotkania-teatralne-na-scenie-plejada-najjasniejszych-gwiazd-polskiej-sceny-opublikowano-program\/","title":{"rendered":"Gliwickie Spotkania Teatralne &#8211; na scenie plejada najja\u015bniejszych gwiazd polskiej sceny. Opublikowano program"},"content":{"rendered":"<div class=\"gliwi-a6-nad-leadem-artykulow gliwi-entity-placement\" id=\"gliwi-169979099\"><div class=\"gliwi-adlabel\"><span style=\"font-size: 9px\">REKLAMA<\/span><\/div><div id=\"gliwi-3787006211\" style=\"margin-bottom: 30px;margin-left: auto;margin-right: auto;text-align: center;\"><a data-no-instant=\"1\" href=\"https:\/\/przedszkole.halogen.org.pl\/\" rel=\"noopener\" class=\"a2t-link\" target=\"_blank\" aria-label=\"20260402-ANIMATOR-przedszkole_grafika_750x200\"><img loading=\"lazy\" decoding=\"async\" src=\"https:\/\/www.24gliwice.pl\/wiadomosci\/wp-content\/uploads\/2026\/04\/20260402-ANIMATOR-przedszkole_grafika_750x200.webp\" alt=\"\"  srcset=\"https:\/\/www.24gliwice.pl\/wiadomosci\/wp-content\/uploads\/2026\/04\/20260402-ANIMATOR-przedszkole_grafika_750x200.webp 750w, https:\/\/www.24gliwice.pl\/wiadomosci\/wp-content\/uploads\/2026\/04\/20260402-ANIMATOR-przedszkole_grafika_750x200-410x109.webp 410w\" sizes=\"(max-width: 750px) 100vw, 750px\" class=\"no-lazyload\" width=\"750\" height=\"200\"  style=\"display: inline-block; max-width: 100%; height: auto;\" \/><\/a><\/div><\/div><h2>Gliwickie Spotkania Teatralne ponownie zelektryzuj\u0105 kulturalne \u017cycie miasta. Seniuk, Olbrychski, Hycnar, Woronowicz, Bonaszewski, Hajewska-Krzysztofik, Wieniawa, Jakubik i inni, w dniach od 4 do 17 maja b\u0119d\u0105 go\u015bci\u0107 na gliwickich scenach w znakomitych spektaklach.<\/h2>\n<p><!--more--><\/p>\n<p>Inspiruj\u0105ce historie, oryginalne realizacje, \u015bwietni re\u017cyserzy \u2013 program stworzony dla mi\u0142o\u015bnik\u00f3w i znawc\u00f3w teatru, a tak\u017ce dla tych, kt\u00f3rym do tej pory teatr by\u0142 oboj\u0119tny, bo to jest w\u0142a\u015bnie szansa, by to zmieni\u0107. Spotkania Teatralne osadzone w tradycji miasta od lat dziewi\u0119\u0107dziesi\u0105tych i reaktywowane z inicjatywy Katarzyny Kuczy\u0144skiej &#8211; Budki to okazja do spotkania z gwiazdami i poznania intryguj\u0105cych zjawisk polskiej sceny.<\/p>\n<p>&#8211; <em>\u201e\u015awiat jest teatrem, aktorami ludzie\u201d &#8211; s\u0142owami William Szekspira zapraszamy na tegoroczn\u0105 edycj\u0119 Gliwickich Spotka\u0144 Teatralnych. Tym razem, w dobie w sieci cyfrowych technologii i multimedi\u00f3w, kt\u00f3re mimo technologicznego cudu komunikacji fizycznie nas od siebie oddalaj\u0105, wzmacniaj\u0105c poczucie \u201esamotno\u015bci w sieci\u201d, chcemy celebrowa\u0107 unikaln\u0105, bezpo\u015bredni\u0105 wi\u0119\u017a aktora i widzem, stanowi\u0105c\u0105 o istocie prze\u017cycia teatralnego. B\u0119dzie to zatem festiwal niejako dedykowany aktorskiej sztuce i aktorskiemu rzemios\u0142u, kt\u00f3re od antyku pozostaj\u0105 jednym z najdoskonalszych sposob\u00f3w wyrazu prawdy o \u015bwiecie i cz\u0142owieku<\/em> \u2013 m\u00f3wi <strong>Grzegorz Krawczyk<\/strong>, dyrektor Teatru Miejskiego w Gliwicach.<\/p><div class=\"gliwi-a3-w-tresci-artykulow gliwi-entity-placement\" id=\"gliwi-1618107292\"><div class=\"gliwi-adlabel\"><span style=\"font-size: 9px\">REKLAMA<\/span><\/div><div id=\"gliwi-3735947192\" style=\"margin-bottom: 30px;margin-left: auto;margin-right: auto;text-align: center;\"><a data-no-instant=\"1\" href=\"https:\/\/ogrodyandersa.pl\/\" rel=\"noopener\" class=\"a2t-link\" target=\"_blank\" aria-label=\"20260415 Ogrody Andersa KUP TERAZ D\"><img loading=\"lazy\" decoding=\"async\" src=\"https:\/\/www.24gliwice.pl\/wiadomosci\/wp-content\/uploads\/2026\/04\/20260415-Ogrody-Andersa-KUP-TERAZ-D.jpg\" alt=\"\"  srcset=\"https:\/\/www.24gliwice.pl\/wiadomosci\/wp-content\/uploads\/2026\/04\/20260415-Ogrody-Andersa-KUP-TERAZ-D.jpg 750w, https:\/\/www.24gliwice.pl\/wiadomosci\/wp-content\/uploads\/2026\/04\/20260415-Ogrody-Andersa-KUP-TERAZ-D-410x109.jpg 410w\" sizes=\"(max-width: 750px) 100vw, 750px\" class=\"no-lazyload\" width=\"750\" height=\"200\"  style=\"display: inline-block; max-width: 100%; height: auto;\" \/><\/a><\/div><\/div>\n<blockquote><p><em>Gliwice na czas Festiwalu b\u0119d\u0105 domem spotka\u0144 z aktorskim mistrzostwem, do niego zapraszamy na wieczory pe\u0142ne wzrusze\u0144, intelektualnych prowokacji, a przede wszystkim znakomitych aktorskich interpretacji<\/em><\/p><\/blockquote>\n<p>&#8211; dodaje.<\/p>\n<p>Znakomici polscy aktorzy pojawi\u0105 si\u0119 na deskach Teatru Miejskiego w Gliwicach i w Ruinach Teatru Victoria. Zobaczymy m.in. <strong>Ann\u0119 Seniuk <\/strong>w autorskim monodramie \u201eKsi\u0119ga zi\u00f3\u0142 i nie tylko\u201d wed\u0142ug prozy <strong>Sandora Maraia, Daniela Olbrychskiego<\/strong> w roli s\u0142ynnego malarza impresjonisty <strong>Claude\u2019a Moneta<\/strong> oraz <strong>Mart\u0119 Chodorowsk\u0105 i Jerzego Schejbala<\/strong> w sztuce \u201eOgrodnik\u201d.<strong> Ma\u0142gorzata Hajewska-Krzysztofik, Mariusz Bonaszewski i Wojciech Kalarus <\/strong>wyst\u0105pi\u0105 w sztuce \u201eGo\u015bcie Wieczerzy Pa\u0144skiej\u201d <strong>Ingmara Bergmana. <\/strong><\/p>\n<p><strong>Adam Woronowicz<\/strong> pojawi si\u0119 w spektaklu \u201eGra\u201d w emocjonuj\u0105cym starciu z <strong>Juli\u0105 Wieniaw\u0105<\/strong>, co mo\u017ce zmieni\u0107 nasze wyobra\u017cenie o celebrytach. Legendy polskiej pi\u0142ki no\u017cnej, <strong>Kazimierz G\u00f3rski, Deyna, Boniek, Lewandowski, Olisadebe,<\/strong> zn\u00f3w \u201ezagraj\u0105\u201d tym razem w brawurowym tek\u015bcie <strong>Piotra Rowickiego<\/strong> \u201eNic si\u0119 nie sta\u0142o\u201d w re\u017cyserii <strong>Piotra Ratajczaka<\/strong> i wspania\u0142ej obsadzie aktorskiej.<\/p>\n<h4>Piotr Tomaszuk \u2013 tw\u00f3rca kultowego Teatru Wierszalin zaprezentuje kolejne mistyczne widowisko \u201eDziady. Noc drug\u0105\u201d odkrywaj\u0105c muzyczn\u0105 moc narodowego dramatu Adama Mickiewicza.<\/h4>\n<p>Zobaczymy tak\u017ce intryguj\u0105cy, nagradzany, spektakl <strong>Kingi D\u0119bskiej<\/strong> zrealizowany na podstawie wybitnej ksi\u0105\u017cki reporterskiej \u201ePogo\u201d <strong>Jakuba Sieczko<\/strong>, z udzia\u0142em <strong>Marcina Hycnara i Rados\u0142awa Luki. <\/strong><\/p>\n<p>Nowa edycja Spotka\u0144 to tak\u017ce muzyczne oraz interdyscyplinarne wydarzenia towarzysz\u0105ce: magnetyczno-hipnotyzuj\u0105ca muza <strong>Dominika Strycharskiego <\/strong>w jego wykonaniu na koncercie w Ruinach Teatru Victoria oraz par\u0119 dni p\u00f3\u017aniej w tym samym miejscu hitowy performans filmowo- teatralny w wykonaniu <strong>Arkadiusza Jakubika<\/strong> \u201eRomeo i Julia nie \u017cyj\u0105\u201d.<\/p>\n<p><a href=\"https:\/\/www.24gliwice.pl\/wiadomosci\/wp-content\/uploads\/2026\/03\/Zrzut-ekranu-2026-03-04-131757.jpg\"><img loading=\"lazy\" decoding=\"async\" class=\"alignnone  wp-image-267368\" src=\"https:\/\/www.24gliwice.pl\/wiadomosci\/wp-content\/uploads\/2026\/03\/Zrzut-ekranu-2026-03-04-131757.jpg\" alt=\"\" width=\"1184\" height=\"1169\" srcset=\"https:\/\/www.24gliwice.pl\/wiadomosci\/wp-content\/uploads\/2026\/03\/Zrzut-ekranu-2026-03-04-131757.jpg 650w, https:\/\/www.24gliwice.pl\/wiadomosci\/wp-content\/uploads\/2026\/03\/Zrzut-ekranu-2026-03-04-131757-235x232.jpg 235w, https:\/\/www.24gliwice.pl\/wiadomosci\/wp-content\/uploads\/2026\/03\/Zrzut-ekranu-2026-03-04-131757-461x455.jpg 461w, https:\/\/www.24gliwice.pl\/wiadomosci\/wp-content\/uploads\/2026\/03\/Zrzut-ekranu-2026-03-04-131757-90x90.jpg 90w\" sizes=\"auto, (max-width: 1184px) 100vw, 1184px\" \/><\/a><\/p>\n<p>Bilety w cenie od 60 do 150 z\u0142 (w zale\u017cno\u015bci od wydarzenia) mo\u017cna zakupi\u0107 online, w kasach teatru lub zarezerwowa\u0107 telefonicznie. Teatr oferuje te\u017c mo\u017cliwo\u015b\u0107 zakupienia karnet\u00f3w na 6 wydarze\u0144, kt\u00f3re zapewniaj\u0105 najlepsze miejsca na widowni (liczba ograniczona do 40 sztuk). Szczeg\u00f3\u0142owe informacje na temat wej\u015bci\u00f3wek s\u0105 dost\u0119pne na stronie <a href=\"https:\/\/teatr.gliwice.pl\/gliwickie-spotkania-teatralne-2026\/\" target=\"_blank\">Teatru Miejskiego w Gliwicach &#8211; link. <\/a><\/p>\n<p>(\u017cms)\/mat. TMG<br \/>\nfot. mat organizatora<\/p>\n<div class=\"gliwi-a5-na-koncu-artykulow gliwi-entity-placement\" id=\"gliwi-93126292\"><div class=\"gliwi-adlabel\"><span style=\"font-size: 9px\">REKLAMA<\/span><\/div><div id=\"gliwi-516809235\" style=\"margin-left: auto;margin-right: auto;text-align: center;\"><a data-no-instant=\"1\" href=\"https:\/\/www.jasek.pl\/\" rel=\"noopener\" class=\"a2t-link\" target=\"_blank\" aria-label=\"20200401-jasek 600\"><img loading=\"lazy\" decoding=\"async\" src=\"https:\/\/www.24gliwice.pl\/wiadomosci\/wp-content\/uploads\/2020\/04\/20200401-jasek-600.jpg\" alt=\"\"  srcset=\"https:\/\/www.24gliwice.pl\/wiadomosci\/wp-content\/uploads\/2020\/04\/20200401-jasek-600.jpg 600w, https:\/\/www.24gliwice.pl\/wiadomosci\/wp-content\/uploads\/2020\/04\/20200401-jasek-600-410x109.jpg 410w\" sizes=\"(max-width: 600px) 100vw, 600px\" class=\"no-lazyload\" width=\"600\" height=\"160\"  style=\"display: inline-block; max-width: 100%; height: auto;\" \/><\/a><\/div><\/div>","protected":false},"excerpt":{"rendered":"<p>Gliwickie Spotkania Teatralne ponownie zelektryzuj\u0105 kulturalne \u017cycie miasta. Seniuk, Olbrychski, Hycnar, Woronowicz, Bonaszewski, Hajewska-Krzysztofik, Wieniawa, Jakubik i inni, w dniach od 4 do 17 maja b\u0119d\u0105 go\u015bci\u0107 na gliwickich scenach w znakomitych spektaklach.<\/p>\n","protected":false},"author":15,"featured_media":267381,"comment_status":"open","ping_status":"closed","sticky":false,"template":"","format":"standard","meta":{"_monsterinsights_skip_tracking":false,"_monsterinsights_sitenote_active":false,"_monsterinsights_sitenote_note":"","_monsterinsights_sitenote_category":0,"footnotes":"","_links_to":"","_links_to_target":""},"categories":[3,6,1],"tags":[351,3394],"class_list":["post-267367","post","type-post","status-publish","format-standard","has-post-thumbnail","hentry","category-gliwice","category-kultura","category-wszystko","tag-gliwickie-spotkania-teatralne","tag-teatr"],"yoast_head":"<!-- This site is optimized with the Yoast SEO plugin v27.5 - https:\/\/yoast.com\/product\/yoast-seo-wordpress\/ -->\n<title>Gliwickie Spotkania Teatralne - na scenie plejada najja\u015bniejszych gwiazd polskiej sceny. Opublikowano program - 24GLIWICE - Portal Gliwice | codziennie nowe informacje<\/title>\n<meta name=\"description\" content=\"Gliwickie spotkania teatralne rozpoczn\u0105 si\u0119 4 maja i potrwaj\u0105 do 17 maja. Teatr Miejski rozpocz\u0105\u0142 ju\u017c sprzeda\u017c bilet\u00f3w i karnet\u00f3w na spektakle\" \/>\n<meta name=\"robots\" content=\"index, follow, max-snippet:-1, max-image-preview:large, max-video-preview:-1\" \/>\n<link rel=\"canonical\" href=\"https:\/\/www.24gliwice.pl\/wiadomosci\/gliwickie-spotkania-teatralne-na-scenie-plejada-najjasniejszych-gwiazd-polskiej-sceny-opublikowano-program\/\" \/>\n<meta property=\"og:locale\" content=\"pl_PL\" \/>\n<meta property=\"og:type\" content=\"article\" \/>\n<meta property=\"og:title\" content=\"Gliwickie Spotkania Teatralne - na scenie plejada najja\u015bniejszych gwiazd polskiej sceny. Opublikowano program - 24GLIWICE - Portal Gliwice | codziennie nowe informacje\" \/>\n<meta property=\"og:description\" content=\"Gliwickie spotkania teatralne rozpoczn\u0105 si\u0119 4 maja i potrwaj\u0105 do 17 maja. Teatr Miejski rozpocz\u0105\u0142 ju\u017c sprzeda\u017c bilet\u00f3w i karnet\u00f3w na spektakle\" \/>\n<meta property=\"og:url\" content=\"https:\/\/www.24gliwice.pl\/wiadomosci\/gliwickie-spotkania-teatralne-na-scenie-plejada-najjasniejszych-gwiazd-polskiej-sceny-opublikowano-program\/\" \/>\n<meta property=\"og:site_name\" content=\"24GLIWICE - Portal Gliwice | codziennie nowe informacje\" \/>\n<meta property=\"article:publisher\" content=\"https:\/\/www.facebook.com\/24gliwice\" \/>\n<meta property=\"article:published_time\" content=\"2026-03-05T09:18:09+00:00\" \/>\n<meta property=\"article:modified_time\" content=\"2026-03-05T09:44:43+00:00\" \/>\n<meta property=\"og:image\" content=\"https:\/\/www.24gliwice.pl\/wiadomosci\/wp-content\/uploads\/2026\/03\/gliwickie-spotkania-teatralne.jpg\" \/>\n\t<meta property=\"og:image:width\" content=\"1080\" \/>\n\t<meta property=\"og:image:height\" content=\"606\" \/>\n\t<meta property=\"og:image:type\" content=\"image\/jpeg\" \/>\n<meta name=\"author\" content=\"\u017baneta Mrozek-Siewierska\" \/>\n<meta name=\"twitter:card\" content=\"summary_large_image\" \/>\n<meta name=\"twitter:creator\" content=\"@24gliwice\" \/>\n<meta name=\"twitter:site\" content=\"@24gliwice\" \/>\n<meta name=\"twitter:label1\" content=\"Napisane przez\" \/>\n\t<meta name=\"twitter:data1\" content=\"\u017baneta Mrozek-Siewierska\" \/>\n\t<meta name=\"twitter:label2\" content=\"Szacowany czas czytania\" \/>\n\t<meta name=\"twitter:data2\" content=\"4 minuty\" \/>\n<script type=\"application\/ld+json\" class=\"yoast-schema-graph\">{\"@context\":\"https:\\\/\\\/schema.org\",\"@graph\":[{\"@type\":\"Article\",\"@id\":\"https:\\\/\\\/www.24gliwice.pl\\\/wiadomosci\\\/gliwickie-spotkania-teatralne-na-scenie-plejada-najjasniejszych-gwiazd-polskiej-sceny-opublikowano-program\\\/#article\",\"isPartOf\":{\"@id\":\"https:\\\/\\\/www.24gliwice.pl\\\/wiadomosci\\\/gliwickie-spotkania-teatralne-na-scenie-plejada-najjasniejszych-gwiazd-polskiej-sceny-opublikowano-program\\\/\"},\"author\":{\"name\":\"\u017baneta Mrozek-Siewierska\",\"@id\":\"https:\\\/\\\/www.24gliwice.pl\\\/wiadomosci\\\/#\\\/schema\\\/person\\\/e42c650edd7f2fa332be3811fb166b6e\"},\"headline\":\"Gliwickie Spotkania Teatralne &#8211; na scenie plejada najja\u015bniejszych gwiazd polskiej sceny. Opublikowano program\",\"datePublished\":\"2026-03-05T09:18:09+00:00\",\"dateModified\":\"2026-03-05T09:44:43+00:00\",\"mainEntityOfPage\":{\"@id\":\"https:\\\/\\\/www.24gliwice.pl\\\/wiadomosci\\\/gliwickie-spotkania-teatralne-na-scenie-plejada-najjasniejszych-gwiazd-polskiej-sceny-opublikowano-program\\\/\"},\"wordCount\":557,\"commentCount\":2,\"publisher\":{\"@id\":\"https:\\\/\\\/www.24gliwice.pl\\\/wiadomosci\\\/#organization\"},\"image\":{\"@id\":\"https:\\\/\\\/www.24gliwice.pl\\\/wiadomosci\\\/gliwickie-spotkania-teatralne-na-scenie-plejada-najjasniejszych-gwiazd-polskiej-sceny-opublikowano-program\\\/#primaryimage\"},\"thumbnailUrl\":\"https:\\\/\\\/www.24gliwice.pl\\\/wiadomosci\\\/wp-content\\\/uploads\\\/2026\\\/03\\\/gliwickie-spotkania-teatralne.jpg\",\"keywords\":[\"gliwickie spotkania teatralne\",\"TEATR\"],\"articleSection\":[\"Gliwice\",\"Kultura, wydarzenia, imprezy\",\"Najnowsze wiadomo\u015bci\"],\"inLanguage\":\"pl-PL\",\"potentialAction\":[{\"@type\":\"CommentAction\",\"name\":\"Comment\",\"target\":[\"https:\\\/\\\/www.24gliwice.pl\\\/wiadomosci\\\/gliwickie-spotkania-teatralne-na-scenie-plejada-najjasniejszych-gwiazd-polskiej-sceny-opublikowano-program\\\/#respond\"]}]},{\"@type\":\"WebPage\",\"@id\":\"https:\\\/\\\/www.24gliwice.pl\\\/wiadomosci\\\/gliwickie-spotkania-teatralne-na-scenie-plejada-najjasniejszych-gwiazd-polskiej-sceny-opublikowano-program\\\/\",\"url\":\"https:\\\/\\\/www.24gliwice.pl\\\/wiadomosci\\\/gliwickie-spotkania-teatralne-na-scenie-plejada-najjasniejszych-gwiazd-polskiej-sceny-opublikowano-program\\\/\",\"name\":\"Gliwickie Spotkania Teatralne - na scenie plejada najja\u015bniejszych gwiazd polskiej sceny. Opublikowano program - 24GLIWICE - Portal Gliwice | codziennie nowe informacje\",\"isPartOf\":{\"@id\":\"https:\\\/\\\/www.24gliwice.pl\\\/wiadomosci\\\/#website\"},\"primaryImageOfPage\":{\"@id\":\"https:\\\/\\\/www.24gliwice.pl\\\/wiadomosci\\\/gliwickie-spotkania-teatralne-na-scenie-plejada-najjasniejszych-gwiazd-polskiej-sceny-opublikowano-program\\\/#primaryimage\"},\"image\":{\"@id\":\"https:\\\/\\\/www.24gliwice.pl\\\/wiadomosci\\\/gliwickie-spotkania-teatralne-na-scenie-plejada-najjasniejszych-gwiazd-polskiej-sceny-opublikowano-program\\\/#primaryimage\"},\"thumbnailUrl\":\"https:\\\/\\\/www.24gliwice.pl\\\/wiadomosci\\\/wp-content\\\/uploads\\\/2026\\\/03\\\/gliwickie-spotkania-teatralne.jpg\",\"datePublished\":\"2026-03-05T09:18:09+00:00\",\"dateModified\":\"2026-03-05T09:44:43+00:00\",\"description\":\"Gliwickie spotkania teatralne rozpoczn\u0105 si\u0119 4 maja i potrwaj\u0105 do 17 maja. Teatr Miejski rozpocz\u0105\u0142 ju\u017c sprzeda\u017c bilet\u00f3w i karnet\u00f3w na spektakle\",\"breadcrumb\":{\"@id\":\"https:\\\/\\\/www.24gliwice.pl\\\/wiadomosci\\\/gliwickie-spotkania-teatralne-na-scenie-plejada-najjasniejszych-gwiazd-polskiej-sceny-opublikowano-program\\\/#breadcrumb\"},\"inLanguage\":\"pl-PL\",\"potentialAction\":[{\"@type\":\"ReadAction\",\"target\":[\"https:\\\/\\\/www.24gliwice.pl\\\/wiadomosci\\\/gliwickie-spotkania-teatralne-na-scenie-plejada-najjasniejszych-gwiazd-polskiej-sceny-opublikowano-program\\\/\"]}]},{\"@type\":\"ImageObject\",\"inLanguage\":\"pl-PL\",\"@id\":\"https:\\\/\\\/www.24gliwice.pl\\\/wiadomosci\\\/gliwickie-spotkania-teatralne-na-scenie-plejada-najjasniejszych-gwiazd-polskiej-sceny-opublikowano-program\\\/#primaryimage\",\"url\":\"https:\\\/\\\/www.24gliwice.pl\\\/wiadomosci\\\/wp-content\\\/uploads\\\/2026\\\/03\\\/gliwickie-spotkania-teatralne.jpg\",\"contentUrl\":\"https:\\\/\\\/www.24gliwice.pl\\\/wiadomosci\\\/wp-content\\\/uploads\\\/2026\\\/03\\\/gliwickie-spotkania-teatralne.jpg\",\"width\":1080,\"height\":606},{\"@type\":\"BreadcrumbList\",\"@id\":\"https:\\\/\\\/www.24gliwice.pl\\\/wiadomosci\\\/gliwickie-spotkania-teatralne-na-scenie-plejada-najjasniejszych-gwiazd-polskiej-sceny-opublikowano-program\\\/#breadcrumb\",\"itemListElement\":[{\"@type\":\"ListItem\",\"position\":1,\"name\":\"Strona g\u0142\u00f3wna\",\"item\":\"https:\\\/\\\/www.24gliwice.pl\\\/wiadomosci\\\/\"},{\"@type\":\"ListItem\",\"position\":2,\"name\":\"Gliwickie Spotkania Teatralne &#8211; na scenie plejada najja\u015bniejszych gwiazd polskiej sceny. Opublikowano program\"}]},{\"@type\":\"WebSite\",\"@id\":\"https:\\\/\\\/www.24gliwice.pl\\\/wiadomosci\\\/#website\",\"url\":\"https:\\\/\\\/www.24gliwice.pl\\\/wiadomosci\\\/\",\"name\":\"24GLIWICE - Portal Gliwice | codziennie nowe wiadomo\u015bci\",\"description\":\"Portal Miejski Gliwice\",\"publisher\":{\"@id\":\"https:\\\/\\\/www.24gliwice.pl\\\/wiadomosci\\\/#organization\"},\"potentialAction\":[{\"@type\":\"SearchAction\",\"target\":{\"@type\":\"EntryPoint\",\"urlTemplate\":\"https:\\\/\\\/www.24gliwice.pl\\\/wiadomosci\\\/?s={search_term_string}\"},\"query-input\":{\"@type\":\"PropertyValueSpecification\",\"valueRequired\":true,\"valueName\":\"search_term_string\"}}],\"inLanguage\":\"pl-PL\"},{\"@type\":\"Organization\",\"@id\":\"https:\\\/\\\/www.24gliwice.pl\\\/wiadomosci\\\/#organization\",\"name\":\"24gliwice\",\"url\":\"https:\\\/\\\/www.24gliwice.pl\\\/wiadomosci\\\/\",\"logo\":{\"@type\":\"ImageObject\",\"inLanguage\":\"pl-PL\",\"@id\":\"https:\\\/\\\/www.24gliwice.pl\\\/wiadomosci\\\/#\\\/schema\\\/logo\\\/image\\\/\",\"url\":\"https:\\\/\\\/www.24gliwice.pl\\\/wiadomosci\\\/wp-content\\\/uploads\\\/2024\\\/10\\\/24gliwice-logo-696.jpg\",\"contentUrl\":\"https:\\\/\\\/www.24gliwice.pl\\\/wiadomosci\\\/wp-content\\\/uploads\\\/2024\\\/10\\\/24gliwice-logo-696.jpg\",\"width\":696,\"height\":696,\"caption\":\"24gliwice\"},\"image\":{\"@id\":\"https:\\\/\\\/www.24gliwice.pl\\\/wiadomosci\\\/#\\\/schema\\\/logo\\\/image\\\/\"},\"sameAs\":[\"https:\\\/\\\/www.facebook.com\\\/24gliwice\",\"https:\\\/\\\/x.com\\\/24gliwice\",\"https:\\\/\\\/www.youtube.com\\\/@24gliwice\"]},{\"@type\":\"Person\",\"@id\":\"https:\\\/\\\/www.24gliwice.pl\\\/wiadomosci\\\/#\\\/schema\\\/person\\\/e42c650edd7f2fa332be3811fb166b6e\",\"name\":\"\u017baneta Mrozek-Siewierska\",\"image\":{\"@type\":\"ImageObject\",\"inLanguage\":\"pl-PL\",\"@id\":\"https:\\\/\\\/secure.gravatar.com\\\/avatar\\\/1881429e9c64597c77ad7aef2d0a19be69a3253e57534d16aa15bf3a4d34a0a3?s=96&d=mm&r=g\",\"url\":\"https:\\\/\\\/secure.gravatar.com\\\/avatar\\\/1881429e9c64597c77ad7aef2d0a19be69a3253e57534d16aa15bf3a4d34a0a3?s=96&d=mm&r=g\",\"contentUrl\":\"https:\\\/\\\/secure.gravatar.com\\\/avatar\\\/1881429e9c64597c77ad7aef2d0a19be69a3253e57534d16aa15bf3a4d34a0a3?s=96&d=mm&r=g\",\"caption\":\"\u017baneta Mrozek-Siewierska\"},\"url\":\"https:\\\/\\\/www.24gliwice.pl\\\/wiadomosci\\\/author\\\/zms\\\/\"}]}<\/script>\n<!-- \/ Yoast SEO plugin. -->","yoast_head_json":{"title":"Gliwickie Spotkania Teatralne - na scenie plejada najja\u015bniejszych gwiazd polskiej sceny. Opublikowano program - 24GLIWICE - Portal Gliwice | codziennie nowe informacje","description":"Gliwickie spotkania teatralne rozpoczn\u0105 si\u0119 4 maja i potrwaj\u0105 do 17 maja. Teatr Miejski rozpocz\u0105\u0142 ju\u017c sprzeda\u017c bilet\u00f3w i karnet\u00f3w na spektakle","robots":{"index":"index","follow":"follow","max-snippet":"max-snippet:-1","max-image-preview":"max-image-preview:large","max-video-preview":"max-video-preview:-1"},"canonical":"https:\/\/www.24gliwice.pl\/wiadomosci\/gliwickie-spotkania-teatralne-na-scenie-plejada-najjasniejszych-gwiazd-polskiej-sceny-opublikowano-program\/","og_locale":"pl_PL","og_type":"article","og_title":"Gliwickie Spotkania Teatralne - na scenie plejada najja\u015bniejszych gwiazd polskiej sceny. Opublikowano program - 24GLIWICE - Portal Gliwice | codziennie nowe informacje","og_description":"Gliwickie spotkania teatralne rozpoczn\u0105 si\u0119 4 maja i potrwaj\u0105 do 17 maja. Teatr Miejski rozpocz\u0105\u0142 ju\u017c sprzeda\u017c bilet\u00f3w i karnet\u00f3w na spektakle","og_url":"https:\/\/www.24gliwice.pl\/wiadomosci\/gliwickie-spotkania-teatralne-na-scenie-plejada-najjasniejszych-gwiazd-polskiej-sceny-opublikowano-program\/","og_site_name":"24GLIWICE - Portal Gliwice | codziennie nowe informacje","article_publisher":"https:\/\/www.facebook.com\/24gliwice","article_published_time":"2026-03-05T09:18:09+00:00","article_modified_time":"2026-03-05T09:44:43+00:00","og_image":[{"width":1080,"height":606,"url":"https:\/\/www.24gliwice.pl\/wiadomosci\/wp-content\/uploads\/2026\/03\/gliwickie-spotkania-teatralne.jpg","type":"image\/jpeg"}],"author":"\u017baneta Mrozek-Siewierska","twitter_card":"summary_large_image","twitter_creator":"@24gliwice","twitter_site":"@24gliwice","twitter_misc":{"Napisane przez":"\u017baneta Mrozek-Siewierska","Szacowany czas czytania":"4 minuty"},"schema":{"@context":"https:\/\/schema.org","@graph":[{"@type":"Article","@id":"https:\/\/www.24gliwice.pl\/wiadomosci\/gliwickie-spotkania-teatralne-na-scenie-plejada-najjasniejszych-gwiazd-polskiej-sceny-opublikowano-program\/#article","isPartOf":{"@id":"https:\/\/www.24gliwice.pl\/wiadomosci\/gliwickie-spotkania-teatralne-na-scenie-plejada-najjasniejszych-gwiazd-polskiej-sceny-opublikowano-program\/"},"author":{"name":"\u017baneta Mrozek-Siewierska","@id":"https:\/\/www.24gliwice.pl\/wiadomosci\/#\/schema\/person\/e42c650edd7f2fa332be3811fb166b6e"},"headline":"Gliwickie Spotkania Teatralne &#8211; na scenie plejada najja\u015bniejszych gwiazd polskiej sceny. Opublikowano program","datePublished":"2026-03-05T09:18:09+00:00","dateModified":"2026-03-05T09:44:43+00:00","mainEntityOfPage":{"@id":"https:\/\/www.24gliwice.pl\/wiadomosci\/gliwickie-spotkania-teatralne-na-scenie-plejada-najjasniejszych-gwiazd-polskiej-sceny-opublikowano-program\/"},"wordCount":557,"commentCount":2,"publisher":{"@id":"https:\/\/www.24gliwice.pl\/wiadomosci\/#organization"},"image":{"@id":"https:\/\/www.24gliwice.pl\/wiadomosci\/gliwickie-spotkania-teatralne-na-scenie-plejada-najjasniejszych-gwiazd-polskiej-sceny-opublikowano-program\/#primaryimage"},"thumbnailUrl":"https:\/\/www.24gliwice.pl\/wiadomosci\/wp-content\/uploads\/2026\/03\/gliwickie-spotkania-teatralne.jpg","keywords":["gliwickie spotkania teatralne","TEATR"],"articleSection":["Gliwice","Kultura, wydarzenia, imprezy","Najnowsze wiadomo\u015bci"],"inLanguage":"pl-PL","potentialAction":[{"@type":"CommentAction","name":"Comment","target":["https:\/\/www.24gliwice.pl\/wiadomosci\/gliwickie-spotkania-teatralne-na-scenie-plejada-najjasniejszych-gwiazd-polskiej-sceny-opublikowano-program\/#respond"]}]},{"@type":"WebPage","@id":"https:\/\/www.24gliwice.pl\/wiadomosci\/gliwickie-spotkania-teatralne-na-scenie-plejada-najjasniejszych-gwiazd-polskiej-sceny-opublikowano-program\/","url":"https:\/\/www.24gliwice.pl\/wiadomosci\/gliwickie-spotkania-teatralne-na-scenie-plejada-najjasniejszych-gwiazd-polskiej-sceny-opublikowano-program\/","name":"Gliwickie Spotkania Teatralne - na scenie plejada najja\u015bniejszych gwiazd polskiej sceny. Opublikowano program - 24GLIWICE - Portal Gliwice | codziennie nowe informacje","isPartOf":{"@id":"https:\/\/www.24gliwice.pl\/wiadomosci\/#website"},"primaryImageOfPage":{"@id":"https:\/\/www.24gliwice.pl\/wiadomosci\/gliwickie-spotkania-teatralne-na-scenie-plejada-najjasniejszych-gwiazd-polskiej-sceny-opublikowano-program\/#primaryimage"},"image":{"@id":"https:\/\/www.24gliwice.pl\/wiadomosci\/gliwickie-spotkania-teatralne-na-scenie-plejada-najjasniejszych-gwiazd-polskiej-sceny-opublikowano-program\/#primaryimage"},"thumbnailUrl":"https:\/\/www.24gliwice.pl\/wiadomosci\/wp-content\/uploads\/2026\/03\/gliwickie-spotkania-teatralne.jpg","datePublished":"2026-03-05T09:18:09+00:00","dateModified":"2026-03-05T09:44:43+00:00","description":"Gliwickie spotkania teatralne rozpoczn\u0105 si\u0119 4 maja i potrwaj\u0105 do 17 maja. Teatr Miejski rozpocz\u0105\u0142 ju\u017c sprzeda\u017c bilet\u00f3w i karnet\u00f3w na spektakle","breadcrumb":{"@id":"https:\/\/www.24gliwice.pl\/wiadomosci\/gliwickie-spotkania-teatralne-na-scenie-plejada-najjasniejszych-gwiazd-polskiej-sceny-opublikowano-program\/#breadcrumb"},"inLanguage":"pl-PL","potentialAction":[{"@type":"ReadAction","target":["https:\/\/www.24gliwice.pl\/wiadomosci\/gliwickie-spotkania-teatralne-na-scenie-plejada-najjasniejszych-gwiazd-polskiej-sceny-opublikowano-program\/"]}]},{"@type":"ImageObject","inLanguage":"pl-PL","@id":"https:\/\/www.24gliwice.pl\/wiadomosci\/gliwickie-spotkania-teatralne-na-scenie-plejada-najjasniejszych-gwiazd-polskiej-sceny-opublikowano-program\/#primaryimage","url":"https:\/\/www.24gliwice.pl\/wiadomosci\/wp-content\/uploads\/2026\/03\/gliwickie-spotkania-teatralne.jpg","contentUrl":"https:\/\/www.24gliwice.pl\/wiadomosci\/wp-content\/uploads\/2026\/03\/gliwickie-spotkania-teatralne.jpg","width":1080,"height":606},{"@type":"BreadcrumbList","@id":"https:\/\/www.24gliwice.pl\/wiadomosci\/gliwickie-spotkania-teatralne-na-scenie-plejada-najjasniejszych-gwiazd-polskiej-sceny-opublikowano-program\/#breadcrumb","itemListElement":[{"@type":"ListItem","position":1,"name":"Strona g\u0142\u00f3wna","item":"https:\/\/www.24gliwice.pl\/wiadomosci\/"},{"@type":"ListItem","position":2,"name":"Gliwickie Spotkania Teatralne &#8211; na scenie plejada najja\u015bniejszych gwiazd polskiej sceny. Opublikowano program"}]},{"@type":"WebSite","@id":"https:\/\/www.24gliwice.pl\/wiadomosci\/#website","url":"https:\/\/www.24gliwice.pl\/wiadomosci\/","name":"24GLIWICE - Portal Gliwice | codziennie nowe wiadomo\u015bci","description":"Portal Miejski Gliwice","publisher":{"@id":"https:\/\/www.24gliwice.pl\/wiadomosci\/#organization"},"potentialAction":[{"@type":"SearchAction","target":{"@type":"EntryPoint","urlTemplate":"https:\/\/www.24gliwice.pl\/wiadomosci\/?s={search_term_string}"},"query-input":{"@type":"PropertyValueSpecification","valueRequired":true,"valueName":"search_term_string"}}],"inLanguage":"pl-PL"},{"@type":"Organization","@id":"https:\/\/www.24gliwice.pl\/wiadomosci\/#organization","name":"24gliwice","url":"https:\/\/www.24gliwice.pl\/wiadomosci\/","logo":{"@type":"ImageObject","inLanguage":"pl-PL","@id":"https:\/\/www.24gliwice.pl\/wiadomosci\/#\/schema\/logo\/image\/","url":"https:\/\/www.24gliwice.pl\/wiadomosci\/wp-content\/uploads\/2024\/10\/24gliwice-logo-696.jpg","contentUrl":"https:\/\/www.24gliwice.pl\/wiadomosci\/wp-content\/uploads\/2024\/10\/24gliwice-logo-696.jpg","width":696,"height":696,"caption":"24gliwice"},"image":{"@id":"https:\/\/www.24gliwice.pl\/wiadomosci\/#\/schema\/logo\/image\/"},"sameAs":["https:\/\/www.facebook.com\/24gliwice","https:\/\/x.com\/24gliwice","https:\/\/www.youtube.com\/@24gliwice"]},{"@type":"Person","@id":"https:\/\/www.24gliwice.pl\/wiadomosci\/#\/schema\/person\/e42c650edd7f2fa332be3811fb166b6e","name":"\u017baneta Mrozek-Siewierska","image":{"@type":"ImageObject","inLanguage":"pl-PL","@id":"https:\/\/secure.gravatar.com\/avatar\/1881429e9c64597c77ad7aef2d0a19be69a3253e57534d16aa15bf3a4d34a0a3?s=96&d=mm&r=g","url":"https:\/\/secure.gravatar.com\/avatar\/1881429e9c64597c77ad7aef2d0a19be69a3253e57534d16aa15bf3a4d34a0a3?s=96&d=mm&r=g","contentUrl":"https:\/\/secure.gravatar.com\/avatar\/1881429e9c64597c77ad7aef2d0a19be69a3253e57534d16aa15bf3a4d34a0a3?s=96&d=mm&r=g","caption":"\u017baneta Mrozek-Siewierska"},"url":"https:\/\/www.24gliwice.pl\/wiadomosci\/author\/zms\/"}]}},"_links":{"self":[{"href":"https:\/\/www.24gliwice.pl\/wiadomosci\/wp-json\/wp\/v2\/posts\/267367","targetHints":{"allow":["GET"]}}],"collection":[{"href":"https:\/\/www.24gliwice.pl\/wiadomosci\/wp-json\/wp\/v2\/posts"}],"about":[{"href":"https:\/\/www.24gliwice.pl\/wiadomosci\/wp-json\/wp\/v2\/types\/post"}],"author":[{"embeddable":true,"href":"https:\/\/www.24gliwice.pl\/wiadomosci\/wp-json\/wp\/v2\/users\/15"}],"replies":[{"embeddable":true,"href":"https:\/\/www.24gliwice.pl\/wiadomosci\/wp-json\/wp\/v2\/comments?post=267367"}],"version-history":[{"count":0,"href":"https:\/\/www.24gliwice.pl\/wiadomosci\/wp-json\/wp\/v2\/posts\/267367\/revisions"}],"wp:featuredmedia":[{"embeddable":true,"href":"https:\/\/www.24gliwice.pl\/wiadomosci\/wp-json\/wp\/v2\/media\/267381"}],"wp:attachment":[{"href":"https:\/\/www.24gliwice.pl\/wiadomosci\/wp-json\/wp\/v2\/media?parent=267367"}],"wp:term":[{"taxonomy":"category","embeddable":true,"href":"https:\/\/www.24gliwice.pl\/wiadomosci\/wp-json\/wp\/v2\/categories?post=267367"},{"taxonomy":"post_tag","embeddable":true,"href":"https:\/\/www.24gliwice.pl\/wiadomosci\/wp-json\/wp\/v2\/tags?post=267367"}],"curies":[{"name":"wp","href":"https:\/\/api.w.org\/{rel}","templated":true}]}}