{"id":267412,"date":"2026-03-05T23:48:48","date_gmt":"2026-03-05T22:48:48","guid":{"rendered":"https:\/\/www.24gliwice.pl\/wiadomosci\/?p=267412"},"modified":"2026-03-05T23:48:48","modified_gmt":"2026-03-05T22:48:48","slug":"kobiecosc-w-szkle-i-w-jedwabiu-zakleta-wernisaz-wystawy-prac-anny-kasprow-szabli-na-dzien-kobiet","status":"publish","type":"post","link":"https:\/\/www.24gliwice.pl\/wiadomosci\/kobiecosc-w-szkle-i-w-jedwabiu-zakleta-wernisaz-wystawy-prac-anny-kasprow-szabli-na-dzien-kobiet\/","title":{"rendered":"\u201eKobieco\u015b\u0107 w szkle i w jedwabiu zakl\u0119ta&#8221;. Wernisa\u017c wystawy prac  Anny Kaspr\u00f3w-Szabli na Dzie\u0144 Kobiet"},"content":{"rendered":"<div class=\"gliwi-a6-nad-leadem-artykulow gliwi-entity-placement\" id=\"gliwi-470381980\"><div class=\"gliwi-adlabel\"><span style=\"font-size: 9px\">REKLAMA<\/span><\/div><div id=\"gliwi-3329686958\" style=\"margin-bottom: 25px;margin-left: auto;margin-right: auto;text-align: center;\"><a data-no-instant=\"1\" href=\"https:\/\/dom100.eu\/\" rel=\"noopener\" class=\"a2t-link\" target=\"_blank\" aria-label=\"20260415 DOM100 D\"><img loading=\"lazy\" decoding=\"async\" src=\"https:\/\/www.24gliwice.pl\/wiadomosci\/wp-content\/uploads\/2026\/04\/20260415-DOM100-D.jpg\" alt=\"\"  srcset=\"https:\/\/www.24gliwice.pl\/wiadomosci\/wp-content\/uploads\/2026\/04\/20260415-DOM100-D.jpg 750w, https:\/\/www.24gliwice.pl\/wiadomosci\/wp-content\/uploads\/2026\/04\/20260415-DOM100-D-410x109.jpg 410w\" sizes=\"(max-width: 750px) 100vw, 750px\" class=\"no-lazyload\" width=\"750\" height=\"200\"  style=\"display: inline-block; max-width: 100%; height: auto;\" \/><\/a><\/div><\/div><h2>Wernisa\u017c wystawy prac Anny Kaspr\u00f3w-Szabli \u201eKobieco\u015b\u0107 w szkle i w jedwabiu zakl\u0119ta&#8221; to wydarzenie, na kt\u00f3re Stacja Artystyczna Rynek zaprasza w Dzie\u0144 Kobiet &#8211; w niedziel\u0119, 8 marca. Wst\u0119p jest wolny.<\/h2>\n<p><!--more--><\/p>\n<p>Wystawa \u201eKobieco\u015b\u0107 w szkle i w jedwabiu zakl\u0119ta&#8221; to wynik uzewn\u0119trznienia wewn\u0119trznej transformacji artystki, st\u0105d prezentacja tw\u00f3rczo\u015bci na jedwabiu, kojarz\u0105cej si\u0119 z kobieco\u015bci\u0105 i delikatno\u015bci\u0105 (motywy ro\u015blinno-kwiatowe, kobiety, miasto), jak r\u00f3wnie\u017c tw\u00f3rczo\u015bci zatopionej w szkle \u2013 witra\u017ce wykonane w o\u0142owiu, mozaika i szklane patery, kafle.<\/p>\n<h4>Anna Kaspr\u00f3w-Szabla o sobie:<\/h4>\n<p><em>Gliwiczanka. Architekt i witra\u017cysta z wykszta\u0142cenia, plastyk z pasji. Fascynacja histori\u0105 architektury i histori\u0105 rodzinnego miasta sk\u0142ania\u0142a mnie do zg\u0142\u0119biania tej wiedzy podczas studi\u00f3w, a tak\u017ce poprzez wyb\u00f3r dodatkowego kierunku &#8211; konserwacji zabytk\u00f3w architektury i urbanistyki. Ukoronowaniem moich pasji okaza\u0142y si\u0119 studia podyplomowe na Akademii Sztuk Pi\u0119knych we Wroc\u0142awiu, daj\u0105ce mi mo\u017cliwo\u015b\u0107 poznania pe\u0142nego spektrum technik plastycznych.<\/em><\/p><div class=\"gliwi-a3-w-tresci-artykulow gliwi-entity-placement\" id=\"gliwi-528884069\"><div class=\"gliwi-adlabel\"><span style=\"font-size: 9px\">REKLAMA<\/span><\/div><div id=\"gliwi-3754859641\" style=\"margin-bottom: 30px;margin-left: auto;margin-right: auto;text-align: center;\"><a data-no-instant=\"1\" href=\"https:\/\/zlobek.halogen.org.pl\/\" rel=\"noopener\" class=\"a2t-link\" target=\"_blank\" aria-label=\"animator-zlobek_750x200\"><img loading=\"lazy\" decoding=\"async\" src=\"https:\/\/www.24gliwice.pl\/wiadomosci\/wp-content\/uploads\/2026\/02\/animator-zlobek_750x200.webp\" alt=\"\"  srcset=\"https:\/\/www.24gliwice.pl\/wiadomosci\/wp-content\/uploads\/2026\/02\/animator-zlobek_750x200.webp 750w, https:\/\/www.24gliwice.pl\/wiadomosci\/wp-content\/uploads\/2026\/02\/animator-zlobek_750x200-410x109.webp 410w\" sizes=\"(max-width: 750px) 100vw, 750px\" class=\"no-lazyload\" width=\"750\" height=\"200\"  style=\"display: inline-block; max-width: 100%; height: auto;\" \/><\/a><\/div><\/div>\n<p><em>Potrzeba poszukiwania materia\u0142u tw\u00f3rczego odzwierciedlaj\u0105cego m\u00f3j charakter i wra\u017cliwo\u015b\u0107 doprowadzi\u0142a mnie do odkrycia jedwabiu \u2013 delikatnego, nieprzyjmuj\u0105cego poprawek. Dzi\u0119ki subtelno\u015bci faktury jedwab stwarza mo\u017cliwo\u015b\u0107 tworzenia obraz\u00f3w lub element\u00f3w garderoby. Tematyk\u0105 moich prac malowanych na jedwabiu jest to, co sprawia rado\u015b\u0107, nadaje \u017cyciu delikatno\u015bci i kolorytu, szczeg\u00f3lnie kwiaty, kobieco\u015b\u0107. Jedwab jednak nie ogranicza mnie tematycznie, st\u0105d pojawia\u0142y si\u0119 r\u00f3wnie\u017c elementy architektury i przyroda. Wraz z up\u0142ywem czasu moje potrzeby wyra\u017cania siebie zyska\u0142y na mocy, co znalaz\u0142o odzwierciedlenie w potrzebie zmiany materia\u0142u tw\u00f3rczego. Specjalizacja z witra\u017cu, zapewni\u0142a mi mo\u017cliwo\u015b\u0107 obcowania ze szk\u0142em, kt\u00f3rego barwy za po\u015brednictwem \u015bwiat\u0142a maj\u0105 doskona\u0142y wp\u0142yw na wyobra\u017ani\u0119. Wykonywanie witra\u017cy w technice tradycyjnej, rozpowszechnionej od wczesnego \u015bredniowiecza, tworzenie piaskowanych portret\u00f3w, a tak\u017ce obraz\u00f3w i naczy\u0144 formowanych w procesie wielokrotnego wypa\u0142u, to dla mnie znamienny etap tw\u00f3rczy.<\/em><\/p>\n<p><em>Moja przygoda z rozwijaniem pasji i r\u0119kodzie\u0142em w ka\u017cdej formie, trwa nadal. Broni\u0105c si\u0119 przed bezczynno\u015bci\u0105, w wolnych chwilach si\u0119gam po pi\u00f3ro pisz\u0105c wiersze, a spod mojego szyde\u0142ka wychodz\u0105 koronkowe chusty, torby i drobiazgi ciesz\u0105ce oczy moich bliskich. W poszukiwaniu swojej kobieco\u015bci i delikatno\u015bci natrafi\u0142am na takie tworzywo tw\u00f3rcze jak jedwab &#8211; bardzo si\u0119 polubili\u015bmy i ta przyja\u017a\u0144 trwa nadal. Z czasem jednak zhardzia\u0142am i zmieni\u0142am materia\u0142 tw\u00f3rczy na szk\u0142o.<\/em><\/p>\n<h4>Wystawa to nie wszystko<\/h4>\n<p>Wernisa\u017c u\u015bwietni poezja <strong>Jaros\u0142awa Englera, <\/strong>z nastrojow\u0105 opraw\u0105 gitarow\u0105. Jaros\u0142aw Engler to siemianowicki poeta, romantyk o radiowym g\u0142osie. Tworzy m.in. erotyki i poezj\u0119 \u015bl\u0105sk\u0105 w gwarze. Arty\u015bcie towarzyszy\u0107 b\u0119dzie Trio bluesowe w sk\u0142adzie: <strong>Eugeniusz Szwarcer, Marek \u015awita\u0142a, Staszek Walczewski.<\/strong><\/p>\n<p>Wydarzenie z dost\u0119pem dla os\u00f3b z niepe\u0142nosprawno\u015bci\u0105 ruchow\u0105 po wcze\u015bniejszym zg\u0142oszeniu organizatorowi potrzeby udost\u0119pnienia schodo\u0142azu g\u0105sienicowego. Schodo\u0142az obs\u0142uguje w\u00f3zki tradycyjne, nie elektryczne. Zg\u0142o\u015b potrzeb\u0119: 504 676 972 lub <a href=\"mailto:sar.gtwgliwice@gmail.com\" target=\"_blank\">sar.gtwgliwice@gmail.com<\/a>.<\/p>\n<p><strong>Niedziela, 8 marca, godz. 17:30, Stacja Artystyczna Rynek w Gliwicach (Rynek 4-5), wst\u0119p wolny. Wystawa b\u0119dzie dost\u0119pna do 29 marca w godzinach otwarcia Stacji.<\/strong><\/p>\n<p>(\u017cms)\/mat. organizatora<\/p>\n<div class=\"gliwi-a5-na-koncu-artykulow gliwi-entity-placement\" id=\"gliwi-1122733134\"><div class=\"gliwi-adlabel\"><span style=\"font-size: 9px\">REKLAMA<\/span><\/div><div id=\"gliwi-1434623032\" style=\"margin-left: auto;margin-right: auto;text-align: center;\"><a data-no-instant=\"1\" href=\"https:\/\/prezeroarenagliwice.pl\/\" rel=\"noopener\" class=\"a2t-link\" target=\"_blank\" aria-label=\"20260309-PREZERO-WIOSNA-D\"><img loading=\"lazy\" decoding=\"async\" src=\"https:\/\/www.24gliwice.pl\/wiadomosci\/wp-content\/uploads\/2026\/03\/20260309-PREZERO-WIOSNA-D.webp\" alt=\"\"  srcset=\"https:\/\/www.24gliwice.pl\/wiadomosci\/wp-content\/uploads\/2026\/03\/20260309-PREZERO-WIOSNA-D.webp 750w, https:\/\/www.24gliwice.pl\/wiadomosci\/wp-content\/uploads\/2026\/03\/20260309-PREZERO-WIOSNA-D-410x109.webp 410w\" sizes=\"(max-width: 750px) 100vw, 750px\" class=\"no-lazyload\" width=\"750\" height=\"200\"  style=\"display: inline-block; max-width: 100%; height: auto;\" \/><\/a><\/div><\/div>","protected":false},"excerpt":{"rendered":"<p>Wernisa\u017c wystawy prac Anny Kaspr\u00f3w-Szabli \u201eKobieco\u015b\u0107 w szkle i w jedwabiu zakl\u0119ta&#8221; to wydarzenie, na kt\u00f3re Stacja Artystyczna Rynek zaprasza w Dzie\u0144 Kobiet &#8211; w niedziel\u0119, 8 marca. Wst\u0119p jest wolny.<\/p>\n","protected":false},"author":15,"featured_media":267413,"comment_status":"open","ping_status":"closed","sticky":false,"template":"","format":"standard","meta":{"_monsterinsights_skip_tracking":false,"_monsterinsights_sitenote_active":false,"_monsterinsights_sitenote_note":"","_monsterinsights_sitenote_category":0,"footnotes":"","_links_to":"","_links_to_target":""},"categories":[3,6,1],"tags":[6000,2464],"class_list":["post-267412","post","type-post","status-publish","format-standard","has-post-thumbnail","hentry","category-gliwice","category-kultura","category-wszystko","tag-dzien-kobiet","tag-wystawa"],"yoast_head":"<!-- This site is optimized with the Yoast SEO plugin v27.5 - https:\/\/yoast.com\/product\/yoast-seo-wordpress\/ -->\n<title>\u201eKobieco\u015b\u0107 w szkle i w jedwabiu zakl\u0119ta&quot;. Wernisa\u017c wystawy prac Anny Kaspr\u00f3w-Szabli na Dzie\u0144 Kobiet - 24GLIWICE - Portal Gliwice | codziennie nowe informacje<\/title>\n<meta name=\"description\" content=\"Od 8 marca w Stacji Artystycznej Rynek dost\u0119pna b\u0119dzie wystawa prac Anny Kaspr\u00f3w-Szabli \u201eKobieco\u015b\u0107 w szkle i w jedwabiu zakl\u0119ta&quot;\" \/>\n<meta name=\"robots\" content=\"index, follow, max-snippet:-1, max-image-preview:large, max-video-preview:-1\" \/>\n<link rel=\"canonical\" href=\"https:\/\/www.24gliwice.pl\/wiadomosci\/kobiecosc-w-szkle-i-w-jedwabiu-zakleta-wernisaz-wystawy-prac-anny-kasprow-szabli-na-dzien-kobiet\/\" \/>\n<meta property=\"og:locale\" content=\"pl_PL\" \/>\n<meta property=\"og:type\" content=\"article\" \/>\n<meta property=\"og:title\" content=\"\u201eKobieco\u015b\u0107 w szkle i w jedwabiu zakl\u0119ta&quot;. Wernisa\u017c wystawy prac Anny Kaspr\u00f3w-Szabli na Dzie\u0144 Kobiet - 24GLIWICE - Portal Gliwice | codziennie nowe informacje\" \/>\n<meta property=\"og:description\" content=\"Od 8 marca w Stacji Artystycznej Rynek dost\u0119pna b\u0119dzie wystawa prac Anny Kaspr\u00f3w-Szabli \u201eKobieco\u015b\u0107 w szkle i w jedwabiu zakl\u0119ta&quot;\" \/>\n<meta property=\"og:url\" content=\"https:\/\/www.24gliwice.pl\/wiadomosci\/kobiecosc-w-szkle-i-w-jedwabiu-zakleta-wernisaz-wystawy-prac-anny-kasprow-szabli-na-dzien-kobiet\/\" \/>\n<meta property=\"og:site_name\" content=\"24GLIWICE - Portal Gliwice | codziennie nowe informacje\" \/>\n<meta property=\"article:publisher\" content=\"https:\/\/www.facebook.com\/24gliwice\" \/>\n<meta property=\"article:published_time\" content=\"2026-03-05T22:48:48+00:00\" \/>\n<meta property=\"og:image\" content=\"https:\/\/www.24gliwice.pl\/wiadomosci\/wp-content\/uploads\/2026\/03\/sar-kobiecosc-w-szkle.jpg\" \/>\n\t<meta property=\"og:image:width\" content=\"810\" \/>\n\t<meta property=\"og:image:height\" content=\"456\" \/>\n\t<meta property=\"og:image:type\" content=\"image\/jpeg\" \/>\n<meta name=\"author\" content=\"\u017baneta Mrozek-Siewierska\" \/>\n<meta name=\"twitter:card\" content=\"summary_large_image\" \/>\n<meta name=\"twitter:creator\" content=\"@24gliwice\" \/>\n<meta name=\"twitter:site\" content=\"@24gliwice\" \/>\n<meta name=\"twitter:label1\" content=\"Napisane przez\" \/>\n\t<meta name=\"twitter:data1\" content=\"\u017baneta Mrozek-Siewierska\" \/>\n\t<meta name=\"twitter:label2\" content=\"Szacowany czas czytania\" \/>\n\t<meta name=\"twitter:data2\" content=\"3 minuty\" \/>\n<script type=\"application\/ld+json\" class=\"yoast-schema-graph\">{\"@context\":\"https:\\\/\\\/schema.org\",\"@graph\":[{\"@type\":\"Article\",\"@id\":\"https:\\\/\\\/www.24gliwice.pl\\\/wiadomosci\\\/kobiecosc-w-szkle-i-w-jedwabiu-zakleta-wernisaz-wystawy-prac-anny-kasprow-szabli-na-dzien-kobiet\\\/#article\",\"isPartOf\":{\"@id\":\"https:\\\/\\\/www.24gliwice.pl\\\/wiadomosci\\\/kobiecosc-w-szkle-i-w-jedwabiu-zakleta-wernisaz-wystawy-prac-anny-kasprow-szabli-na-dzien-kobiet\\\/\"},\"author\":{\"name\":\"\u017baneta Mrozek-Siewierska\",\"@id\":\"https:\\\/\\\/www.24gliwice.pl\\\/wiadomosci\\\/#\\\/schema\\\/person\\\/e42c650edd7f2fa332be3811fb166b6e\"},\"headline\":\"\u201eKobieco\u015b\u0107 w szkle i w jedwabiu zakl\u0119ta&#8221;. Wernisa\u017c wystawy prac Anny Kaspr\u00f3w-Szabli na Dzie\u0144 Kobiet\",\"datePublished\":\"2026-03-05T22:48:48+00:00\",\"mainEntityOfPage\":{\"@id\":\"https:\\\/\\\/www.24gliwice.pl\\\/wiadomosci\\\/kobiecosc-w-szkle-i-w-jedwabiu-zakleta-wernisaz-wystawy-prac-anny-kasprow-szabli-na-dzien-kobiet\\\/\"},\"wordCount\":564,\"commentCount\":0,\"publisher\":{\"@id\":\"https:\\\/\\\/www.24gliwice.pl\\\/wiadomosci\\\/#organization\"},\"image\":{\"@id\":\"https:\\\/\\\/www.24gliwice.pl\\\/wiadomosci\\\/kobiecosc-w-szkle-i-w-jedwabiu-zakleta-wernisaz-wystawy-prac-anny-kasprow-szabli-na-dzien-kobiet\\\/#primaryimage\"},\"thumbnailUrl\":\"https:\\\/\\\/www.24gliwice.pl\\\/wiadomosci\\\/wp-content\\\/uploads\\\/2026\\\/03\\\/sar-kobiecosc-w-szkle.jpg\",\"keywords\":[\"dzie\u0144 kobiet\",\"WYSTAWA\"],\"articleSection\":[\"Gliwice\",\"Kultura, wydarzenia, imprezy\",\"Najnowsze wiadomo\u015bci\"],\"inLanguage\":\"pl-PL\",\"potentialAction\":[{\"@type\":\"CommentAction\",\"name\":\"Comment\",\"target\":[\"https:\\\/\\\/www.24gliwice.pl\\\/wiadomosci\\\/kobiecosc-w-szkle-i-w-jedwabiu-zakleta-wernisaz-wystawy-prac-anny-kasprow-szabli-na-dzien-kobiet\\\/#respond\"]}]},{\"@type\":\"WebPage\",\"@id\":\"https:\\\/\\\/www.24gliwice.pl\\\/wiadomosci\\\/kobiecosc-w-szkle-i-w-jedwabiu-zakleta-wernisaz-wystawy-prac-anny-kasprow-szabli-na-dzien-kobiet\\\/\",\"url\":\"https:\\\/\\\/www.24gliwice.pl\\\/wiadomosci\\\/kobiecosc-w-szkle-i-w-jedwabiu-zakleta-wernisaz-wystawy-prac-anny-kasprow-szabli-na-dzien-kobiet\\\/\",\"name\":\"\u201eKobieco\u015b\u0107 w szkle i w jedwabiu zakl\u0119ta\\\". Wernisa\u017c wystawy prac Anny Kaspr\u00f3w-Szabli na Dzie\u0144 Kobiet - 24GLIWICE - Portal Gliwice | codziennie nowe informacje\",\"isPartOf\":{\"@id\":\"https:\\\/\\\/www.24gliwice.pl\\\/wiadomosci\\\/#website\"},\"primaryImageOfPage\":{\"@id\":\"https:\\\/\\\/www.24gliwice.pl\\\/wiadomosci\\\/kobiecosc-w-szkle-i-w-jedwabiu-zakleta-wernisaz-wystawy-prac-anny-kasprow-szabli-na-dzien-kobiet\\\/#primaryimage\"},\"image\":{\"@id\":\"https:\\\/\\\/www.24gliwice.pl\\\/wiadomosci\\\/kobiecosc-w-szkle-i-w-jedwabiu-zakleta-wernisaz-wystawy-prac-anny-kasprow-szabli-na-dzien-kobiet\\\/#primaryimage\"},\"thumbnailUrl\":\"https:\\\/\\\/www.24gliwice.pl\\\/wiadomosci\\\/wp-content\\\/uploads\\\/2026\\\/03\\\/sar-kobiecosc-w-szkle.jpg\",\"datePublished\":\"2026-03-05T22:48:48+00:00\",\"description\":\"Od 8 marca w Stacji Artystycznej Rynek dost\u0119pna b\u0119dzie wystawa prac Anny Kaspr\u00f3w-Szabli \u201eKobieco\u015b\u0107 w szkle i w jedwabiu zakl\u0119ta\\\"\",\"breadcrumb\":{\"@id\":\"https:\\\/\\\/www.24gliwice.pl\\\/wiadomosci\\\/kobiecosc-w-szkle-i-w-jedwabiu-zakleta-wernisaz-wystawy-prac-anny-kasprow-szabli-na-dzien-kobiet\\\/#breadcrumb\"},\"inLanguage\":\"pl-PL\",\"potentialAction\":[{\"@type\":\"ReadAction\",\"target\":[\"https:\\\/\\\/www.24gliwice.pl\\\/wiadomosci\\\/kobiecosc-w-szkle-i-w-jedwabiu-zakleta-wernisaz-wystawy-prac-anny-kasprow-szabli-na-dzien-kobiet\\\/\"]}]},{\"@type\":\"ImageObject\",\"inLanguage\":\"pl-PL\",\"@id\":\"https:\\\/\\\/www.24gliwice.pl\\\/wiadomosci\\\/kobiecosc-w-szkle-i-w-jedwabiu-zakleta-wernisaz-wystawy-prac-anny-kasprow-szabli-na-dzien-kobiet\\\/#primaryimage\",\"url\":\"https:\\\/\\\/www.24gliwice.pl\\\/wiadomosci\\\/wp-content\\\/uploads\\\/2026\\\/03\\\/sar-kobiecosc-w-szkle.jpg\",\"contentUrl\":\"https:\\\/\\\/www.24gliwice.pl\\\/wiadomosci\\\/wp-content\\\/uploads\\\/2026\\\/03\\\/sar-kobiecosc-w-szkle.jpg\",\"width\":810,\"height\":456},{\"@type\":\"BreadcrumbList\",\"@id\":\"https:\\\/\\\/www.24gliwice.pl\\\/wiadomosci\\\/kobiecosc-w-szkle-i-w-jedwabiu-zakleta-wernisaz-wystawy-prac-anny-kasprow-szabli-na-dzien-kobiet\\\/#breadcrumb\",\"itemListElement\":[{\"@type\":\"ListItem\",\"position\":1,\"name\":\"Strona g\u0142\u00f3wna\",\"item\":\"https:\\\/\\\/www.24gliwice.pl\\\/wiadomosci\\\/\"},{\"@type\":\"ListItem\",\"position\":2,\"name\":\"\u201eKobieco\u015b\u0107 w szkle i w jedwabiu zakl\u0119ta&#8221;. Wernisa\u017c wystawy prac Anny Kaspr\u00f3w-Szabli na Dzie\u0144 Kobiet\"}]},{\"@type\":\"WebSite\",\"@id\":\"https:\\\/\\\/www.24gliwice.pl\\\/wiadomosci\\\/#website\",\"url\":\"https:\\\/\\\/www.24gliwice.pl\\\/wiadomosci\\\/\",\"name\":\"24GLIWICE - Portal Gliwice | codziennie nowe wiadomo\u015bci\",\"description\":\"Portal Miejski Gliwice\",\"publisher\":{\"@id\":\"https:\\\/\\\/www.24gliwice.pl\\\/wiadomosci\\\/#organization\"},\"potentialAction\":[{\"@type\":\"SearchAction\",\"target\":{\"@type\":\"EntryPoint\",\"urlTemplate\":\"https:\\\/\\\/www.24gliwice.pl\\\/wiadomosci\\\/?s={search_term_string}\"},\"query-input\":{\"@type\":\"PropertyValueSpecification\",\"valueRequired\":true,\"valueName\":\"search_term_string\"}}],\"inLanguage\":\"pl-PL\"},{\"@type\":\"Organization\",\"@id\":\"https:\\\/\\\/www.24gliwice.pl\\\/wiadomosci\\\/#organization\",\"name\":\"24gliwice\",\"url\":\"https:\\\/\\\/www.24gliwice.pl\\\/wiadomosci\\\/\",\"logo\":{\"@type\":\"ImageObject\",\"inLanguage\":\"pl-PL\",\"@id\":\"https:\\\/\\\/www.24gliwice.pl\\\/wiadomosci\\\/#\\\/schema\\\/logo\\\/image\\\/\",\"url\":\"https:\\\/\\\/www.24gliwice.pl\\\/wiadomosci\\\/wp-content\\\/uploads\\\/2024\\\/10\\\/24gliwice-logo-696.jpg\",\"contentUrl\":\"https:\\\/\\\/www.24gliwice.pl\\\/wiadomosci\\\/wp-content\\\/uploads\\\/2024\\\/10\\\/24gliwice-logo-696.jpg\",\"width\":696,\"height\":696,\"caption\":\"24gliwice\"},\"image\":{\"@id\":\"https:\\\/\\\/www.24gliwice.pl\\\/wiadomosci\\\/#\\\/schema\\\/logo\\\/image\\\/\"},\"sameAs\":[\"https:\\\/\\\/www.facebook.com\\\/24gliwice\",\"https:\\\/\\\/x.com\\\/24gliwice\",\"https:\\\/\\\/www.youtube.com\\\/@24gliwice\"]},{\"@type\":\"Person\",\"@id\":\"https:\\\/\\\/www.24gliwice.pl\\\/wiadomosci\\\/#\\\/schema\\\/person\\\/e42c650edd7f2fa332be3811fb166b6e\",\"name\":\"\u017baneta Mrozek-Siewierska\",\"image\":{\"@type\":\"ImageObject\",\"inLanguage\":\"pl-PL\",\"@id\":\"https:\\\/\\\/secure.gravatar.com\\\/avatar\\\/1881429e9c64597c77ad7aef2d0a19be69a3253e57534d16aa15bf3a4d34a0a3?s=96&d=mm&r=g\",\"url\":\"https:\\\/\\\/secure.gravatar.com\\\/avatar\\\/1881429e9c64597c77ad7aef2d0a19be69a3253e57534d16aa15bf3a4d34a0a3?s=96&d=mm&r=g\",\"contentUrl\":\"https:\\\/\\\/secure.gravatar.com\\\/avatar\\\/1881429e9c64597c77ad7aef2d0a19be69a3253e57534d16aa15bf3a4d34a0a3?s=96&d=mm&r=g\",\"caption\":\"\u017baneta Mrozek-Siewierska\"},\"url\":\"https:\\\/\\\/www.24gliwice.pl\\\/wiadomosci\\\/author\\\/zms\\\/\"}]}<\/script>\n<!-- \/ Yoast SEO plugin. -->","yoast_head_json":{"title":"\u201eKobieco\u015b\u0107 w szkle i w jedwabiu zakl\u0119ta\". Wernisa\u017c wystawy prac Anny Kaspr\u00f3w-Szabli na Dzie\u0144 Kobiet - 24GLIWICE - Portal Gliwice | codziennie nowe informacje","description":"Od 8 marca w Stacji Artystycznej Rynek dost\u0119pna b\u0119dzie wystawa prac Anny Kaspr\u00f3w-Szabli \u201eKobieco\u015b\u0107 w szkle i w jedwabiu zakl\u0119ta\"","robots":{"index":"index","follow":"follow","max-snippet":"max-snippet:-1","max-image-preview":"max-image-preview:large","max-video-preview":"max-video-preview:-1"},"canonical":"https:\/\/www.24gliwice.pl\/wiadomosci\/kobiecosc-w-szkle-i-w-jedwabiu-zakleta-wernisaz-wystawy-prac-anny-kasprow-szabli-na-dzien-kobiet\/","og_locale":"pl_PL","og_type":"article","og_title":"\u201eKobieco\u015b\u0107 w szkle i w jedwabiu zakl\u0119ta\". Wernisa\u017c wystawy prac Anny Kaspr\u00f3w-Szabli na Dzie\u0144 Kobiet - 24GLIWICE - Portal Gliwice | codziennie nowe informacje","og_description":"Od 8 marca w Stacji Artystycznej Rynek dost\u0119pna b\u0119dzie wystawa prac Anny Kaspr\u00f3w-Szabli \u201eKobieco\u015b\u0107 w szkle i w jedwabiu zakl\u0119ta\"","og_url":"https:\/\/www.24gliwice.pl\/wiadomosci\/kobiecosc-w-szkle-i-w-jedwabiu-zakleta-wernisaz-wystawy-prac-anny-kasprow-szabli-na-dzien-kobiet\/","og_site_name":"24GLIWICE - Portal Gliwice | codziennie nowe informacje","article_publisher":"https:\/\/www.facebook.com\/24gliwice","article_published_time":"2026-03-05T22:48:48+00:00","og_image":[{"width":810,"height":456,"url":"https:\/\/www.24gliwice.pl\/wiadomosci\/wp-content\/uploads\/2026\/03\/sar-kobiecosc-w-szkle.jpg","type":"image\/jpeg"}],"author":"\u017baneta Mrozek-Siewierska","twitter_card":"summary_large_image","twitter_creator":"@24gliwice","twitter_site":"@24gliwice","twitter_misc":{"Napisane przez":"\u017baneta Mrozek-Siewierska","Szacowany czas czytania":"3 minuty"},"schema":{"@context":"https:\/\/schema.org","@graph":[{"@type":"Article","@id":"https:\/\/www.24gliwice.pl\/wiadomosci\/kobiecosc-w-szkle-i-w-jedwabiu-zakleta-wernisaz-wystawy-prac-anny-kasprow-szabli-na-dzien-kobiet\/#article","isPartOf":{"@id":"https:\/\/www.24gliwice.pl\/wiadomosci\/kobiecosc-w-szkle-i-w-jedwabiu-zakleta-wernisaz-wystawy-prac-anny-kasprow-szabli-na-dzien-kobiet\/"},"author":{"name":"\u017baneta Mrozek-Siewierska","@id":"https:\/\/www.24gliwice.pl\/wiadomosci\/#\/schema\/person\/e42c650edd7f2fa332be3811fb166b6e"},"headline":"\u201eKobieco\u015b\u0107 w szkle i w jedwabiu zakl\u0119ta&#8221;. Wernisa\u017c wystawy prac Anny Kaspr\u00f3w-Szabli na Dzie\u0144 Kobiet","datePublished":"2026-03-05T22:48:48+00:00","mainEntityOfPage":{"@id":"https:\/\/www.24gliwice.pl\/wiadomosci\/kobiecosc-w-szkle-i-w-jedwabiu-zakleta-wernisaz-wystawy-prac-anny-kasprow-szabli-na-dzien-kobiet\/"},"wordCount":564,"commentCount":0,"publisher":{"@id":"https:\/\/www.24gliwice.pl\/wiadomosci\/#organization"},"image":{"@id":"https:\/\/www.24gliwice.pl\/wiadomosci\/kobiecosc-w-szkle-i-w-jedwabiu-zakleta-wernisaz-wystawy-prac-anny-kasprow-szabli-na-dzien-kobiet\/#primaryimage"},"thumbnailUrl":"https:\/\/www.24gliwice.pl\/wiadomosci\/wp-content\/uploads\/2026\/03\/sar-kobiecosc-w-szkle.jpg","keywords":["dzie\u0144 kobiet","WYSTAWA"],"articleSection":["Gliwice","Kultura, wydarzenia, imprezy","Najnowsze wiadomo\u015bci"],"inLanguage":"pl-PL","potentialAction":[{"@type":"CommentAction","name":"Comment","target":["https:\/\/www.24gliwice.pl\/wiadomosci\/kobiecosc-w-szkle-i-w-jedwabiu-zakleta-wernisaz-wystawy-prac-anny-kasprow-szabli-na-dzien-kobiet\/#respond"]}]},{"@type":"WebPage","@id":"https:\/\/www.24gliwice.pl\/wiadomosci\/kobiecosc-w-szkle-i-w-jedwabiu-zakleta-wernisaz-wystawy-prac-anny-kasprow-szabli-na-dzien-kobiet\/","url":"https:\/\/www.24gliwice.pl\/wiadomosci\/kobiecosc-w-szkle-i-w-jedwabiu-zakleta-wernisaz-wystawy-prac-anny-kasprow-szabli-na-dzien-kobiet\/","name":"\u201eKobieco\u015b\u0107 w szkle i w jedwabiu zakl\u0119ta\". Wernisa\u017c wystawy prac Anny Kaspr\u00f3w-Szabli na Dzie\u0144 Kobiet - 24GLIWICE - Portal Gliwice | codziennie nowe informacje","isPartOf":{"@id":"https:\/\/www.24gliwice.pl\/wiadomosci\/#website"},"primaryImageOfPage":{"@id":"https:\/\/www.24gliwice.pl\/wiadomosci\/kobiecosc-w-szkle-i-w-jedwabiu-zakleta-wernisaz-wystawy-prac-anny-kasprow-szabli-na-dzien-kobiet\/#primaryimage"},"image":{"@id":"https:\/\/www.24gliwice.pl\/wiadomosci\/kobiecosc-w-szkle-i-w-jedwabiu-zakleta-wernisaz-wystawy-prac-anny-kasprow-szabli-na-dzien-kobiet\/#primaryimage"},"thumbnailUrl":"https:\/\/www.24gliwice.pl\/wiadomosci\/wp-content\/uploads\/2026\/03\/sar-kobiecosc-w-szkle.jpg","datePublished":"2026-03-05T22:48:48+00:00","description":"Od 8 marca w Stacji Artystycznej Rynek dost\u0119pna b\u0119dzie wystawa prac Anny Kaspr\u00f3w-Szabli \u201eKobieco\u015b\u0107 w szkle i w jedwabiu zakl\u0119ta\"","breadcrumb":{"@id":"https:\/\/www.24gliwice.pl\/wiadomosci\/kobiecosc-w-szkle-i-w-jedwabiu-zakleta-wernisaz-wystawy-prac-anny-kasprow-szabli-na-dzien-kobiet\/#breadcrumb"},"inLanguage":"pl-PL","potentialAction":[{"@type":"ReadAction","target":["https:\/\/www.24gliwice.pl\/wiadomosci\/kobiecosc-w-szkle-i-w-jedwabiu-zakleta-wernisaz-wystawy-prac-anny-kasprow-szabli-na-dzien-kobiet\/"]}]},{"@type":"ImageObject","inLanguage":"pl-PL","@id":"https:\/\/www.24gliwice.pl\/wiadomosci\/kobiecosc-w-szkle-i-w-jedwabiu-zakleta-wernisaz-wystawy-prac-anny-kasprow-szabli-na-dzien-kobiet\/#primaryimage","url":"https:\/\/www.24gliwice.pl\/wiadomosci\/wp-content\/uploads\/2026\/03\/sar-kobiecosc-w-szkle.jpg","contentUrl":"https:\/\/www.24gliwice.pl\/wiadomosci\/wp-content\/uploads\/2026\/03\/sar-kobiecosc-w-szkle.jpg","width":810,"height":456},{"@type":"BreadcrumbList","@id":"https:\/\/www.24gliwice.pl\/wiadomosci\/kobiecosc-w-szkle-i-w-jedwabiu-zakleta-wernisaz-wystawy-prac-anny-kasprow-szabli-na-dzien-kobiet\/#breadcrumb","itemListElement":[{"@type":"ListItem","position":1,"name":"Strona g\u0142\u00f3wna","item":"https:\/\/www.24gliwice.pl\/wiadomosci\/"},{"@type":"ListItem","position":2,"name":"\u201eKobieco\u015b\u0107 w szkle i w jedwabiu zakl\u0119ta&#8221;. Wernisa\u017c wystawy prac Anny Kaspr\u00f3w-Szabli na Dzie\u0144 Kobiet"}]},{"@type":"WebSite","@id":"https:\/\/www.24gliwice.pl\/wiadomosci\/#website","url":"https:\/\/www.24gliwice.pl\/wiadomosci\/","name":"24GLIWICE - Portal Gliwice | codziennie nowe wiadomo\u015bci","description":"Portal Miejski Gliwice","publisher":{"@id":"https:\/\/www.24gliwice.pl\/wiadomosci\/#organization"},"potentialAction":[{"@type":"SearchAction","target":{"@type":"EntryPoint","urlTemplate":"https:\/\/www.24gliwice.pl\/wiadomosci\/?s={search_term_string}"},"query-input":{"@type":"PropertyValueSpecification","valueRequired":true,"valueName":"search_term_string"}}],"inLanguage":"pl-PL"},{"@type":"Organization","@id":"https:\/\/www.24gliwice.pl\/wiadomosci\/#organization","name":"24gliwice","url":"https:\/\/www.24gliwice.pl\/wiadomosci\/","logo":{"@type":"ImageObject","inLanguage":"pl-PL","@id":"https:\/\/www.24gliwice.pl\/wiadomosci\/#\/schema\/logo\/image\/","url":"https:\/\/www.24gliwice.pl\/wiadomosci\/wp-content\/uploads\/2024\/10\/24gliwice-logo-696.jpg","contentUrl":"https:\/\/www.24gliwice.pl\/wiadomosci\/wp-content\/uploads\/2024\/10\/24gliwice-logo-696.jpg","width":696,"height":696,"caption":"24gliwice"},"image":{"@id":"https:\/\/www.24gliwice.pl\/wiadomosci\/#\/schema\/logo\/image\/"},"sameAs":["https:\/\/www.facebook.com\/24gliwice","https:\/\/x.com\/24gliwice","https:\/\/www.youtube.com\/@24gliwice"]},{"@type":"Person","@id":"https:\/\/www.24gliwice.pl\/wiadomosci\/#\/schema\/person\/e42c650edd7f2fa332be3811fb166b6e","name":"\u017baneta Mrozek-Siewierska","image":{"@type":"ImageObject","inLanguage":"pl-PL","@id":"https:\/\/secure.gravatar.com\/avatar\/1881429e9c64597c77ad7aef2d0a19be69a3253e57534d16aa15bf3a4d34a0a3?s=96&d=mm&r=g","url":"https:\/\/secure.gravatar.com\/avatar\/1881429e9c64597c77ad7aef2d0a19be69a3253e57534d16aa15bf3a4d34a0a3?s=96&d=mm&r=g","contentUrl":"https:\/\/secure.gravatar.com\/avatar\/1881429e9c64597c77ad7aef2d0a19be69a3253e57534d16aa15bf3a4d34a0a3?s=96&d=mm&r=g","caption":"\u017baneta Mrozek-Siewierska"},"url":"https:\/\/www.24gliwice.pl\/wiadomosci\/author\/zms\/"}]}},"_links":{"self":[{"href":"https:\/\/www.24gliwice.pl\/wiadomosci\/wp-json\/wp\/v2\/posts\/267412","targetHints":{"allow":["GET"]}}],"collection":[{"href":"https:\/\/www.24gliwice.pl\/wiadomosci\/wp-json\/wp\/v2\/posts"}],"about":[{"href":"https:\/\/www.24gliwice.pl\/wiadomosci\/wp-json\/wp\/v2\/types\/post"}],"author":[{"embeddable":true,"href":"https:\/\/www.24gliwice.pl\/wiadomosci\/wp-json\/wp\/v2\/users\/15"}],"replies":[{"embeddable":true,"href":"https:\/\/www.24gliwice.pl\/wiadomosci\/wp-json\/wp\/v2\/comments?post=267412"}],"version-history":[{"count":0,"href":"https:\/\/www.24gliwice.pl\/wiadomosci\/wp-json\/wp\/v2\/posts\/267412\/revisions"}],"wp:featuredmedia":[{"embeddable":true,"href":"https:\/\/www.24gliwice.pl\/wiadomosci\/wp-json\/wp\/v2\/media\/267413"}],"wp:attachment":[{"href":"https:\/\/www.24gliwice.pl\/wiadomosci\/wp-json\/wp\/v2\/media?parent=267412"}],"wp:term":[{"taxonomy":"category","embeddable":true,"href":"https:\/\/www.24gliwice.pl\/wiadomosci\/wp-json\/wp\/v2\/categories?post=267412"},{"taxonomy":"post_tag","embeddable":true,"href":"https:\/\/www.24gliwice.pl\/wiadomosci\/wp-json\/wp\/v2\/tags?post=267412"}],"curies":[{"name":"wp","href":"https:\/\/api.w.org\/{rel}","templated":true}]}}