{"id":267415,"date":"2026-03-08T03:22:28","date_gmt":"2026-03-08T02:22:28","guid":{"rendered":"https:\/\/www.24gliwice.pl\/wiadomosci\/?p=267415"},"modified":"2026-03-08T03:22:28","modified_gmt":"2026-03-08T02:22:28","slug":"zlota-raczka-dla-seniora-powraca-w-rozszerzonej-formie-jakie-sa-warunki-i-zakres-oferowanych-uslug","status":"publish","type":"post","link":"https:\/\/www.24gliwice.pl\/wiadomosci\/zlota-raczka-dla-seniora-powraca-w-rozszerzonej-formie-jakie-sa-warunki-i-zakres-oferowanych-uslug\/","title":{"rendered":"&#8220;Z\u0142ota r\u0105czka dla seniora&#8221; powraca w rozszerzonej formie. Jakie s\u0105 warunki i zakres oferowanych us\u0142ug?"},"content":{"rendered":"<div class=\"gliwi-a6-nad-leadem-artykulow gliwi-entity-placement\" id=\"gliwi-4184503846\"><div class=\"gliwi-adlabel\"><span style=\"font-size: 9px\">REKLAMA<\/span><\/div><div id=\"gliwi-3113823379\" style=\"margin-bottom: 25px;margin-left: auto;margin-right: auto;text-align: center;\"><a data-no-instant=\"1\" href=\"https:\/\/dom100.eu\/\" rel=\"noopener\" class=\"a2t-link\" target=\"_blank\" aria-label=\"20260415 DOM100 D\"><img loading=\"lazy\" decoding=\"async\" src=\"https:\/\/www.24gliwice.pl\/wiadomosci\/wp-content\/uploads\/2026\/04\/20260415-DOM100-D.jpg\" alt=\"\"  srcset=\"https:\/\/www.24gliwice.pl\/wiadomosci\/wp-content\/uploads\/2026\/04\/20260415-DOM100-D.jpg 750w, https:\/\/www.24gliwice.pl\/wiadomosci\/wp-content\/uploads\/2026\/04\/20260415-DOM100-D-410x109.jpg 410w\" sizes=\"(max-width: 750px) 100vw, 750px\" class=\"no-lazyload\" width=\"750\" height=\"200\"  style=\"display: inline-block; max-width: 100%; height: auto;\" \/><\/a><\/div><\/div><h2>Us\u0142uga &#8220;Z\u0142ota r\u0105czka dla seniora&#8221;, wprowadzona ju\u017c w poprzedniej kadencji w\u0142adz samorz\u0105dowych, powraca w tym roku w rozszerzonym zakresie. Opr\u00f3cz drobnych napraw uprawnieni b\u0119d\u0105 mogli liczy\u0107 na wsparcie przy obs\u0142udze komputera i telefonu.<\/h2>\n<p><!--more--><\/p>\n<p>Program ruszy\u0142 od 5 marca. Pomoc mo\u017cna wezwa\u0107 dwa razy w roku na ka\u017cd\u0105 z us\u0142ug. By skorzysta\u0107, wystarczy skontaktowa\u0107 si\u0119 z firm\u0105 POG-TECH pod numerem 32\/270-55-00, od poniedzia\u0142ku do pi\u0105tku w godzinach od 8.00 do 15.00.<\/p>\n<p>&#8211; <em>Z\u0142ota r\u0105czka to pomys\u0142 miasta na wsparcie senior\u00f3w i os\u00f3b potrzebuj\u0105cych w naprawie drobnych usterek domowych. Z bezp\u0142atnej us\u0142ugi mog\u0105 korzysta\u0107 starsi gliwiczanie, kt\u00f3rzy uko\u0144czyli 60 lat, w pierwszej kolejno\u015bci osoby samotne, chore, kt\u00f3re nie potrafi\u0105 poradzi\u0107 sobie z domowymi naprawami i nie mog\u0105 liczy\u0107 na wsparcie bliskich os\u00f3b. Pomoc skierowana jest te\u017c do os\u00f3b poni\u017cej 60. roku \u017cycia z niepe\u0142nosprawno\u015bciami w stopniu znacznym, umiarkowanym lub r\u00f3wnowa\u017cnym, kt\u00f3re \u017cyj\u0105 samodzielnie lub w dwuosobowym gospodarstwie domowym i nie s\u0105 w stanie samodzielnie przeprowadzi\u0107 napraw ani usun\u0105\u0107 usterek<\/em> &#8211; przypomina Urz\u0105d Miejski w Gliwicach.<\/p><div class=\"gliwi-a3-w-tresci-artykulow gliwi-entity-placement\" id=\"gliwi-4266352892\"><div class=\"gliwi-adlabel\"><span style=\"font-size: 9px\">REKLAMA<\/span><\/div><div id=\"gliwi-2006002873\" style=\"margin-bottom: 30px;margin-left: auto;margin-right: auto;text-align: center;\"><a data-no-instant=\"1\" href=\"https:\/\/ogrodyandersa.pl\/\" rel=\"noopener\" class=\"a2t-link\" target=\"_blank\" aria-label=\"20260415 Ogrody Andersa KUP TERAZ D\"><img loading=\"lazy\" decoding=\"async\" src=\"https:\/\/www.24gliwice.pl\/wiadomosci\/wp-content\/uploads\/2026\/04\/20260415-Ogrody-Andersa-KUP-TERAZ-D.jpg\" alt=\"\"  srcset=\"https:\/\/www.24gliwice.pl\/wiadomosci\/wp-content\/uploads\/2026\/04\/20260415-Ogrody-Andersa-KUP-TERAZ-D.jpg 750w, https:\/\/www.24gliwice.pl\/wiadomosci\/wp-content\/uploads\/2026\/04\/20260415-Ogrody-Andersa-KUP-TERAZ-D-410x109.jpg 410w\" sizes=\"(max-width: 750px) 100vw, 750px\" class=\"no-lazyload\" width=\"750\" height=\"200\"  style=\"display: inline-block; max-width: 100%; height: auto;\" \/><\/a><\/div><\/div>\n<p>Z\u0142ota r\u0105czka wykona drobne naprawy niewymagaj\u0105ce natychmiastowej, specjalistycznej interwencji \u2013 pomo\u017ce przy ciekn\u0105cym kranie, zatkanym odp\u0142ywie, nieszczelnej rurze, poradzi sobie z p\u0119kni\u0119t\u0105 uszczelk\u0105 czy przepalon\u0105 \u017car\u00f3wk\u0105. Nowo\u015bci\u0105 jest wsparcie przy obs\u0142udze komputera i telefonu.<\/p>\n<p>Us\u0142uga jest wykonywana nieodp\u0142atnie, a koszt zakupu materia\u0142\u00f3w u\u017cytych do usuni\u0119cia usterki, do kwoty 60 z\u0142, pokrywa miasto. Je\u015bli koszt materia\u0142\u00f3w przekracza t\u0119 kwot\u0119, r\u00f3\u017cnic\u0119 pokrywa osoba, u kt\u00f3rej dokonywana jest naprawa. Pracownik wykonuj\u0105cy us\u0142ug\u0119 posiada identyfikator z logo firmy POG-Tech.<\/p>\n<h5>W ramach us\u0142ug naprawczych wykonywane s\u0105 drobne naprawy, m.in.:<\/h5>\n<ul>\n<li>naprawa lub wymiana kran\u00f3w, sp\u0142uczek i drobnych element\u00f3w hydraulicznych,<\/li>\n<li>udra\u017cnianie odp\u0142yw\u00f3w,<\/li>\n<li>regulacja drzwi i okien,<\/li>\n<li>monta\u017c lub naprawa deski sedesowej, klamek, zamk\u00f3w i zawias\u00f3w,<\/li>\n<li>monta\u017c i naprawa o\u015bwietlenia oraz wymiana \u017car\u00f3wek,<\/li>\n<li>naprawa lub monta\u017c gniazdek i w\u0142\u0105cznik\u00f3w \u015bwiat\u0142a,<\/li>\n<li>wieszanie luster, obraz\u00f3w, p\u00f3\u0142ek, karniszy i uchwyt\u00f3w,<\/li>\n<li>pod\u0142\u0105czenie pralki lub zmywarki,<\/li>\n<li>inne drobne naprawy domowe.<\/li>\n<\/ul>\n<h5>Us\u0142uga NIE obejmuje m.in.:<\/h5>\n<ul>\n<li>prac trwaj\u0105cych d\u0142u\u017cej ni\u017c 2 godziny,<\/li>\n<li>awarii wymagaj\u0105cych pilnej interwencji,<\/li>\n<li>prac nale\u017c\u0105cych do obowi\u0105zk\u00f3w sp\u00f3\u0142dzielni, wsp\u00f3lnoty lub gwaranta,<\/li>\n<li>sk\u0142adania mebli,<\/li>\n<li>prac budowlanych, remontowych i wyko\u0144czeniowych,<\/li>\n<li>malowania, tapetowania, uk\u0142adania p\u0142ytek lub paneli,<\/li>\n<li>wymiany instalacji elektrycznych, gazowych i hydraulicznych,<\/li>\n<li>napraw bardzo zu\u017cytego sprz\u0119tu.<\/li>\n<\/ul>\n<h5>W ramach pomocy cyfrowej oferowane jest m.in.:<\/h5>\n<ul>\n<li>wsparcie w obs\u0142udze telefonu, tabletu i komputera,<\/li>\n<li>instalacja i aktualizacja aplikacji,<\/li>\n<li>pomoc w korzystaniu z Wi-Fi, e-maila i komunikator\u00f3w,<\/li>\n<li>nauka korzystania z e-us\u0142ug (np. e-recepta, mObywatel),<\/li>\n<li>nauka wysy\u0142ania SMS-\u00f3w, robienia zdj\u0119\u0107 i wideorozm\u00f3w,<\/li>\n<li>podstawowe zasady bezpiecznego korzystania z internetu.<\/li>\n<\/ul>\n<h5>Pomoc cyfrowa NIE obejmuje:<\/h5>\n<ul>\n<li>konfigurowania konta oraz dost\u0119pu do niego,<\/li>\n<li>napraw sprz\u0119tu,<\/li>\n<li>usuwania powa\u017cnych awarii,<\/li>\n<li>odzyskiwania danych,<\/li>\n<li>obs\u0142ugi bankowo\u015bci i p\u0142atno\u015bci,<\/li>\n<li>specjalistycznych program\u00f3w i czynno\u015bci zawodowych.<\/li>\n<\/ul>\n<p>Szczeg\u00f3\u0142y us\u0142ugi dost\u0119pne s\u0105 w regulaminie (<a href=\"https:\/\/gliwice.eu\/sites\/default\/files\/news\/attachments\/Regulamin_projektu.pdf\">link &#8211; kliknij tu<\/a>), w Biurze Obs\u0142ugi Interesant\u00f3w Urz\u0119du Miejskiego przy ul. Zwyci\u0119stwa 21 oraz w siedzibie Gliwickiego O\u015brodka Dzia\u0142a\u0144 Spo\u0142ecznych przy ul. Studziennej 6. <\/p>\n<p>(\u017cms)\/UM Gliwice(mf) <\/p>\n<div class=\"gliwi-a5-na-koncu-artykulow gliwi-entity-placement\" id=\"gliwi-4256637789\"><div class=\"gliwi-adlabel\"><span style=\"font-size: 9px\">REKLAMA<\/span><\/div><div id=\"gliwi-1946796444\" style=\"margin-left: auto;margin-right: auto;text-align: center;\"><a data-no-instant=\"1\" href=\"https:\/\/www.jasek.pl\/\" rel=\"noopener\" class=\"a2t-link\" target=\"_blank\" aria-label=\"20200401-jasek 600\"><img loading=\"lazy\" decoding=\"async\" src=\"https:\/\/www.24gliwice.pl\/wiadomosci\/wp-content\/uploads\/2020\/04\/20200401-jasek-600.jpg\" alt=\"\"  srcset=\"https:\/\/www.24gliwice.pl\/wiadomosci\/wp-content\/uploads\/2020\/04\/20200401-jasek-600.jpg 600w, https:\/\/www.24gliwice.pl\/wiadomosci\/wp-content\/uploads\/2020\/04\/20200401-jasek-600-410x109.jpg 410w\" sizes=\"(max-width: 600px) 100vw, 600px\" class=\"no-lazyload\" width=\"600\" height=\"160\"  style=\"display: inline-block; max-width: 100%; height: auto;\" \/><\/a><\/div><\/div>","protected":false},"excerpt":{"rendered":"<p>Us\u0142uga &#8220;Z\u0142ota r\u0105czka dla seniora&#8221;, wprowadzona ju\u017c w poprzedniej kadencji w\u0142adz samorz\u0105dowych, powraca w tym roku w rozszerzonym zakresie. Opr\u00f3cz drobnych napraw uprawnieni b\u0119d\u0105 mogli liczy\u0107 na wsparcie przy obs\u0142udze komputera i telefonu.<\/p>\n","protected":false},"author":15,"featured_media":222371,"comment_status":"open","ping_status":"closed","sticky":false,"template":"","format":"standard","meta":{"_monsterinsights_skip_tracking":false,"_monsterinsights_sitenote_active":false,"_monsterinsights_sitenote_note":"","_monsterinsights_sitenote_category":0,"footnotes":"","_links_to":"","_links_to_target":""},"categories":[3,1],"tags":[5777,19699],"class_list":["post-267415","post","type-post","status-publish","format-standard","has-post-thumbnail","hentry","category-gliwice","category-wszystko","tag-pomoc","tag-zlota-raczka"],"yoast_head":"<!-- This site is optimized with the Yoast SEO plugin v27.5 - https:\/\/yoast.com\/product\/yoast-seo-wordpress\/ -->\n<title>&quot;Z\u0142ota r\u0105czka dla seniora&quot; powraca w rozszerzonej formie. Jakie s\u0105 warunki i zakres oferowanych us\u0142ug? - 24GLIWICE - Portal Gliwice | codziennie nowe informacje<\/title>\n<meta name=\"description\" content=\"Od 5 marca mo\u017cna korzysta\u0107 z us\u0142ugi &quot;Z\u0142ota r\u0105czka dla seniora&quot;. Miasto wymienia szereg napraw i form pomocy, jaka oferowana jest w programie\" \/>\n<meta name=\"robots\" content=\"index, follow, max-snippet:-1, max-image-preview:large, max-video-preview:-1\" \/>\n<link rel=\"canonical\" href=\"https:\/\/www.24gliwice.pl\/wiadomosci\/zlota-raczka-dla-seniora-powraca-w-rozszerzonej-formie-jakie-sa-warunki-i-zakres-oferowanych-uslug\/\" \/>\n<meta property=\"og:locale\" content=\"pl_PL\" \/>\n<meta property=\"og:type\" content=\"article\" \/>\n<meta property=\"og:title\" content=\"&quot;Z\u0142ota r\u0105czka dla seniora&quot; powraca w rozszerzonej formie. Jakie s\u0105 warunki i zakres oferowanych us\u0142ug? - 24GLIWICE - Portal Gliwice | codziennie nowe informacje\" \/>\n<meta property=\"og:description\" content=\"Od 5 marca mo\u017cna korzysta\u0107 z us\u0142ugi &quot;Z\u0142ota r\u0105czka dla seniora&quot;. Miasto wymienia szereg napraw i form pomocy, jaka oferowana jest w programie\" \/>\n<meta property=\"og:url\" content=\"https:\/\/www.24gliwice.pl\/wiadomosci\/zlota-raczka-dla-seniora-powraca-w-rozszerzonej-formie-jakie-sa-warunki-i-zakres-oferowanych-uslug\/\" \/>\n<meta property=\"og:site_name\" content=\"24GLIWICE - Portal Gliwice | codziennie nowe informacje\" \/>\n<meta property=\"article:publisher\" content=\"https:\/\/www.facebook.com\/24gliwice\" \/>\n<meta property=\"article:published_time\" content=\"2026-03-08T02:22:28+00:00\" \/>\n<meta property=\"og:image\" content=\"https:\/\/www.24gliwice.pl\/wiadomosci\/wp-content\/uploads\/2023\/09\/elektryk-gniazdko-zlota-raczka.jpg\" \/>\n\t<meta property=\"og:image:width\" content=\"810\" \/>\n\t<meta property=\"og:image:height\" content=\"457\" \/>\n\t<meta property=\"og:image:type\" content=\"image\/jpeg\" \/>\n<meta name=\"author\" content=\"\u017baneta Mrozek-Siewierska\" \/>\n<meta name=\"twitter:card\" content=\"summary_large_image\" \/>\n<meta name=\"twitter:creator\" content=\"@24gliwice\" \/>\n<meta name=\"twitter:site\" content=\"@24gliwice\" \/>\n<meta name=\"twitter:label1\" content=\"Napisane przez\" \/>\n\t<meta name=\"twitter:data1\" content=\"\u017baneta Mrozek-Siewierska\" \/>\n\t<meta name=\"twitter:label2\" content=\"Szacowany czas czytania\" \/>\n\t<meta name=\"twitter:data2\" content=\"3 minuty\" \/>\n<script type=\"application\/ld+json\" class=\"yoast-schema-graph\">{\"@context\":\"https:\\\/\\\/schema.org\",\"@graph\":[{\"@type\":\"Article\",\"@id\":\"https:\\\/\\\/www.24gliwice.pl\\\/wiadomosci\\\/zlota-raczka-dla-seniora-powraca-w-rozszerzonej-formie-jakie-sa-warunki-i-zakres-oferowanych-uslug\\\/#article\",\"isPartOf\":{\"@id\":\"https:\\\/\\\/www.24gliwice.pl\\\/wiadomosci\\\/zlota-raczka-dla-seniora-powraca-w-rozszerzonej-formie-jakie-sa-warunki-i-zakres-oferowanych-uslug\\\/\"},\"author\":{\"name\":\"\u017baneta Mrozek-Siewierska\",\"@id\":\"https:\\\/\\\/www.24gliwice.pl\\\/wiadomosci\\\/#\\\/schema\\\/person\\\/e42c650edd7f2fa332be3811fb166b6e\"},\"headline\":\"&#8220;Z\u0142ota r\u0105czka dla seniora&#8221; powraca w rozszerzonej formie. Jakie s\u0105 warunki i zakres oferowanych us\u0142ug?\",\"datePublished\":\"2026-03-08T02:22:28+00:00\",\"mainEntityOfPage\":{\"@id\":\"https:\\\/\\\/www.24gliwice.pl\\\/wiadomosci\\\/zlota-raczka-dla-seniora-powraca-w-rozszerzonej-formie-jakie-sa-warunki-i-zakres-oferowanych-uslug\\\/\"},\"wordCount\":578,\"commentCount\":14,\"publisher\":{\"@id\":\"https:\\\/\\\/www.24gliwice.pl\\\/wiadomosci\\\/#organization\"},\"image\":{\"@id\":\"https:\\\/\\\/www.24gliwice.pl\\\/wiadomosci\\\/zlota-raczka-dla-seniora-powraca-w-rozszerzonej-formie-jakie-sa-warunki-i-zakres-oferowanych-uslug\\\/#primaryimage\"},\"thumbnailUrl\":\"https:\\\/\\\/www.24gliwice.pl\\\/wiadomosci\\\/wp-content\\\/uploads\\\/2023\\\/09\\\/elektryk-gniazdko-zlota-raczka.jpg\",\"keywords\":[\"pomoc\",\"z\u0142ota r\u0105czka\"],\"articleSection\":[\"Gliwice\",\"Najnowsze wiadomo\u015bci\"],\"inLanguage\":\"pl-PL\",\"potentialAction\":[{\"@type\":\"CommentAction\",\"name\":\"Comment\",\"target\":[\"https:\\\/\\\/www.24gliwice.pl\\\/wiadomosci\\\/zlota-raczka-dla-seniora-powraca-w-rozszerzonej-formie-jakie-sa-warunki-i-zakres-oferowanych-uslug\\\/#respond\"]}]},{\"@type\":\"WebPage\",\"@id\":\"https:\\\/\\\/www.24gliwice.pl\\\/wiadomosci\\\/zlota-raczka-dla-seniora-powraca-w-rozszerzonej-formie-jakie-sa-warunki-i-zakres-oferowanych-uslug\\\/\",\"url\":\"https:\\\/\\\/www.24gliwice.pl\\\/wiadomosci\\\/zlota-raczka-dla-seniora-powraca-w-rozszerzonej-formie-jakie-sa-warunki-i-zakres-oferowanych-uslug\\\/\",\"name\":\"\\\"Z\u0142ota r\u0105czka dla seniora\\\" powraca w rozszerzonej formie. Jakie s\u0105 warunki i zakres oferowanych us\u0142ug? - 24GLIWICE - Portal Gliwice | codziennie nowe informacje\",\"isPartOf\":{\"@id\":\"https:\\\/\\\/www.24gliwice.pl\\\/wiadomosci\\\/#website\"},\"primaryImageOfPage\":{\"@id\":\"https:\\\/\\\/www.24gliwice.pl\\\/wiadomosci\\\/zlota-raczka-dla-seniora-powraca-w-rozszerzonej-formie-jakie-sa-warunki-i-zakres-oferowanych-uslug\\\/#primaryimage\"},\"image\":{\"@id\":\"https:\\\/\\\/www.24gliwice.pl\\\/wiadomosci\\\/zlota-raczka-dla-seniora-powraca-w-rozszerzonej-formie-jakie-sa-warunki-i-zakres-oferowanych-uslug\\\/#primaryimage\"},\"thumbnailUrl\":\"https:\\\/\\\/www.24gliwice.pl\\\/wiadomosci\\\/wp-content\\\/uploads\\\/2023\\\/09\\\/elektryk-gniazdko-zlota-raczka.jpg\",\"datePublished\":\"2026-03-08T02:22:28+00:00\",\"description\":\"Od 5 marca mo\u017cna korzysta\u0107 z us\u0142ugi \\\"Z\u0142ota r\u0105czka dla seniora\\\". Miasto wymienia szereg napraw i form pomocy, jaka oferowana jest w programie\",\"breadcrumb\":{\"@id\":\"https:\\\/\\\/www.24gliwice.pl\\\/wiadomosci\\\/zlota-raczka-dla-seniora-powraca-w-rozszerzonej-formie-jakie-sa-warunki-i-zakres-oferowanych-uslug\\\/#breadcrumb\"},\"inLanguage\":\"pl-PL\",\"potentialAction\":[{\"@type\":\"ReadAction\",\"target\":[\"https:\\\/\\\/www.24gliwice.pl\\\/wiadomosci\\\/zlota-raczka-dla-seniora-powraca-w-rozszerzonej-formie-jakie-sa-warunki-i-zakres-oferowanych-uslug\\\/\"]}]},{\"@type\":\"ImageObject\",\"inLanguage\":\"pl-PL\",\"@id\":\"https:\\\/\\\/www.24gliwice.pl\\\/wiadomosci\\\/zlota-raczka-dla-seniora-powraca-w-rozszerzonej-formie-jakie-sa-warunki-i-zakres-oferowanych-uslug\\\/#primaryimage\",\"url\":\"https:\\\/\\\/www.24gliwice.pl\\\/wiadomosci\\\/wp-content\\\/uploads\\\/2023\\\/09\\\/elektryk-gniazdko-zlota-raczka.jpg\",\"contentUrl\":\"https:\\\/\\\/www.24gliwice.pl\\\/wiadomosci\\\/wp-content\\\/uploads\\\/2023\\\/09\\\/elektryk-gniazdko-zlota-raczka.jpg\",\"width\":810,\"height\":457},{\"@type\":\"BreadcrumbList\",\"@id\":\"https:\\\/\\\/www.24gliwice.pl\\\/wiadomosci\\\/zlota-raczka-dla-seniora-powraca-w-rozszerzonej-formie-jakie-sa-warunki-i-zakres-oferowanych-uslug\\\/#breadcrumb\",\"itemListElement\":[{\"@type\":\"ListItem\",\"position\":1,\"name\":\"Strona g\u0142\u00f3wna\",\"item\":\"https:\\\/\\\/www.24gliwice.pl\\\/wiadomosci\\\/\"},{\"@type\":\"ListItem\",\"position\":2,\"name\":\"&#8220;Z\u0142ota r\u0105czka dla seniora&#8221; powraca w rozszerzonej formie. Jakie s\u0105 warunki i zakres oferowanych us\u0142ug?\"}]},{\"@type\":\"WebSite\",\"@id\":\"https:\\\/\\\/www.24gliwice.pl\\\/wiadomosci\\\/#website\",\"url\":\"https:\\\/\\\/www.24gliwice.pl\\\/wiadomosci\\\/\",\"name\":\"24GLIWICE - Portal Gliwice | codziennie nowe wiadomo\u015bci\",\"description\":\"Portal Miejski Gliwice\",\"publisher\":{\"@id\":\"https:\\\/\\\/www.24gliwice.pl\\\/wiadomosci\\\/#organization\"},\"potentialAction\":[{\"@type\":\"SearchAction\",\"target\":{\"@type\":\"EntryPoint\",\"urlTemplate\":\"https:\\\/\\\/www.24gliwice.pl\\\/wiadomosci\\\/?s={search_term_string}\"},\"query-input\":{\"@type\":\"PropertyValueSpecification\",\"valueRequired\":true,\"valueName\":\"search_term_string\"}}],\"inLanguage\":\"pl-PL\"},{\"@type\":\"Organization\",\"@id\":\"https:\\\/\\\/www.24gliwice.pl\\\/wiadomosci\\\/#organization\",\"name\":\"24gliwice\",\"url\":\"https:\\\/\\\/www.24gliwice.pl\\\/wiadomosci\\\/\",\"logo\":{\"@type\":\"ImageObject\",\"inLanguage\":\"pl-PL\",\"@id\":\"https:\\\/\\\/www.24gliwice.pl\\\/wiadomosci\\\/#\\\/schema\\\/logo\\\/image\\\/\",\"url\":\"https:\\\/\\\/www.24gliwice.pl\\\/wiadomosci\\\/wp-content\\\/uploads\\\/2024\\\/10\\\/24gliwice-logo-696.jpg\",\"contentUrl\":\"https:\\\/\\\/www.24gliwice.pl\\\/wiadomosci\\\/wp-content\\\/uploads\\\/2024\\\/10\\\/24gliwice-logo-696.jpg\",\"width\":696,\"height\":696,\"caption\":\"24gliwice\"},\"image\":{\"@id\":\"https:\\\/\\\/www.24gliwice.pl\\\/wiadomosci\\\/#\\\/schema\\\/logo\\\/image\\\/\"},\"sameAs\":[\"https:\\\/\\\/www.facebook.com\\\/24gliwice\",\"https:\\\/\\\/x.com\\\/24gliwice\",\"https:\\\/\\\/www.youtube.com\\\/@24gliwice\"]},{\"@type\":\"Person\",\"@id\":\"https:\\\/\\\/www.24gliwice.pl\\\/wiadomosci\\\/#\\\/schema\\\/person\\\/e42c650edd7f2fa332be3811fb166b6e\",\"name\":\"\u017baneta Mrozek-Siewierska\",\"image\":{\"@type\":\"ImageObject\",\"inLanguage\":\"pl-PL\",\"@id\":\"https:\\\/\\\/secure.gravatar.com\\\/avatar\\\/1881429e9c64597c77ad7aef2d0a19be69a3253e57534d16aa15bf3a4d34a0a3?s=96&d=mm&r=g\",\"url\":\"https:\\\/\\\/secure.gravatar.com\\\/avatar\\\/1881429e9c64597c77ad7aef2d0a19be69a3253e57534d16aa15bf3a4d34a0a3?s=96&d=mm&r=g\",\"contentUrl\":\"https:\\\/\\\/secure.gravatar.com\\\/avatar\\\/1881429e9c64597c77ad7aef2d0a19be69a3253e57534d16aa15bf3a4d34a0a3?s=96&d=mm&r=g\",\"caption\":\"\u017baneta Mrozek-Siewierska\"},\"url\":\"https:\\\/\\\/www.24gliwice.pl\\\/wiadomosci\\\/author\\\/zms\\\/\"}]}<\/script>\n<!-- \/ Yoast SEO plugin. -->","yoast_head_json":{"title":"\"Z\u0142ota r\u0105czka dla seniora\" powraca w rozszerzonej formie. Jakie s\u0105 warunki i zakres oferowanych us\u0142ug? - 24GLIWICE - Portal Gliwice | codziennie nowe informacje","description":"Od 5 marca mo\u017cna korzysta\u0107 z us\u0142ugi \"Z\u0142ota r\u0105czka dla seniora\". Miasto wymienia szereg napraw i form pomocy, jaka oferowana jest w programie","robots":{"index":"index","follow":"follow","max-snippet":"max-snippet:-1","max-image-preview":"max-image-preview:large","max-video-preview":"max-video-preview:-1"},"canonical":"https:\/\/www.24gliwice.pl\/wiadomosci\/zlota-raczka-dla-seniora-powraca-w-rozszerzonej-formie-jakie-sa-warunki-i-zakres-oferowanych-uslug\/","og_locale":"pl_PL","og_type":"article","og_title":"\"Z\u0142ota r\u0105czka dla seniora\" powraca w rozszerzonej formie. Jakie s\u0105 warunki i zakres oferowanych us\u0142ug? - 24GLIWICE - Portal Gliwice | codziennie nowe informacje","og_description":"Od 5 marca mo\u017cna korzysta\u0107 z us\u0142ugi \"Z\u0142ota r\u0105czka dla seniora\". Miasto wymienia szereg napraw i form pomocy, jaka oferowana jest w programie","og_url":"https:\/\/www.24gliwice.pl\/wiadomosci\/zlota-raczka-dla-seniora-powraca-w-rozszerzonej-formie-jakie-sa-warunki-i-zakres-oferowanych-uslug\/","og_site_name":"24GLIWICE - Portal Gliwice | codziennie nowe informacje","article_publisher":"https:\/\/www.facebook.com\/24gliwice","article_published_time":"2026-03-08T02:22:28+00:00","og_image":[{"width":810,"height":457,"url":"https:\/\/www.24gliwice.pl\/wiadomosci\/wp-content\/uploads\/2023\/09\/elektryk-gniazdko-zlota-raczka.jpg","type":"image\/jpeg"}],"author":"\u017baneta Mrozek-Siewierska","twitter_card":"summary_large_image","twitter_creator":"@24gliwice","twitter_site":"@24gliwice","twitter_misc":{"Napisane przez":"\u017baneta Mrozek-Siewierska","Szacowany czas czytania":"3 minuty"},"schema":{"@context":"https:\/\/schema.org","@graph":[{"@type":"Article","@id":"https:\/\/www.24gliwice.pl\/wiadomosci\/zlota-raczka-dla-seniora-powraca-w-rozszerzonej-formie-jakie-sa-warunki-i-zakres-oferowanych-uslug\/#article","isPartOf":{"@id":"https:\/\/www.24gliwice.pl\/wiadomosci\/zlota-raczka-dla-seniora-powraca-w-rozszerzonej-formie-jakie-sa-warunki-i-zakres-oferowanych-uslug\/"},"author":{"name":"\u017baneta Mrozek-Siewierska","@id":"https:\/\/www.24gliwice.pl\/wiadomosci\/#\/schema\/person\/e42c650edd7f2fa332be3811fb166b6e"},"headline":"&#8220;Z\u0142ota r\u0105czka dla seniora&#8221; powraca w rozszerzonej formie. Jakie s\u0105 warunki i zakres oferowanych us\u0142ug?","datePublished":"2026-03-08T02:22:28+00:00","mainEntityOfPage":{"@id":"https:\/\/www.24gliwice.pl\/wiadomosci\/zlota-raczka-dla-seniora-powraca-w-rozszerzonej-formie-jakie-sa-warunki-i-zakres-oferowanych-uslug\/"},"wordCount":578,"commentCount":14,"publisher":{"@id":"https:\/\/www.24gliwice.pl\/wiadomosci\/#organization"},"image":{"@id":"https:\/\/www.24gliwice.pl\/wiadomosci\/zlota-raczka-dla-seniora-powraca-w-rozszerzonej-formie-jakie-sa-warunki-i-zakres-oferowanych-uslug\/#primaryimage"},"thumbnailUrl":"https:\/\/www.24gliwice.pl\/wiadomosci\/wp-content\/uploads\/2023\/09\/elektryk-gniazdko-zlota-raczka.jpg","keywords":["pomoc","z\u0142ota r\u0105czka"],"articleSection":["Gliwice","Najnowsze wiadomo\u015bci"],"inLanguage":"pl-PL","potentialAction":[{"@type":"CommentAction","name":"Comment","target":["https:\/\/www.24gliwice.pl\/wiadomosci\/zlota-raczka-dla-seniora-powraca-w-rozszerzonej-formie-jakie-sa-warunki-i-zakres-oferowanych-uslug\/#respond"]}]},{"@type":"WebPage","@id":"https:\/\/www.24gliwice.pl\/wiadomosci\/zlota-raczka-dla-seniora-powraca-w-rozszerzonej-formie-jakie-sa-warunki-i-zakres-oferowanych-uslug\/","url":"https:\/\/www.24gliwice.pl\/wiadomosci\/zlota-raczka-dla-seniora-powraca-w-rozszerzonej-formie-jakie-sa-warunki-i-zakres-oferowanych-uslug\/","name":"\"Z\u0142ota r\u0105czka dla seniora\" powraca w rozszerzonej formie. Jakie s\u0105 warunki i zakres oferowanych us\u0142ug? - 24GLIWICE - Portal Gliwice | codziennie nowe informacje","isPartOf":{"@id":"https:\/\/www.24gliwice.pl\/wiadomosci\/#website"},"primaryImageOfPage":{"@id":"https:\/\/www.24gliwice.pl\/wiadomosci\/zlota-raczka-dla-seniora-powraca-w-rozszerzonej-formie-jakie-sa-warunki-i-zakres-oferowanych-uslug\/#primaryimage"},"image":{"@id":"https:\/\/www.24gliwice.pl\/wiadomosci\/zlota-raczka-dla-seniora-powraca-w-rozszerzonej-formie-jakie-sa-warunki-i-zakres-oferowanych-uslug\/#primaryimage"},"thumbnailUrl":"https:\/\/www.24gliwice.pl\/wiadomosci\/wp-content\/uploads\/2023\/09\/elektryk-gniazdko-zlota-raczka.jpg","datePublished":"2026-03-08T02:22:28+00:00","description":"Od 5 marca mo\u017cna korzysta\u0107 z us\u0142ugi \"Z\u0142ota r\u0105czka dla seniora\". Miasto wymienia szereg napraw i form pomocy, jaka oferowana jest w programie","breadcrumb":{"@id":"https:\/\/www.24gliwice.pl\/wiadomosci\/zlota-raczka-dla-seniora-powraca-w-rozszerzonej-formie-jakie-sa-warunki-i-zakres-oferowanych-uslug\/#breadcrumb"},"inLanguage":"pl-PL","potentialAction":[{"@type":"ReadAction","target":["https:\/\/www.24gliwice.pl\/wiadomosci\/zlota-raczka-dla-seniora-powraca-w-rozszerzonej-formie-jakie-sa-warunki-i-zakres-oferowanych-uslug\/"]}]},{"@type":"ImageObject","inLanguage":"pl-PL","@id":"https:\/\/www.24gliwice.pl\/wiadomosci\/zlota-raczka-dla-seniora-powraca-w-rozszerzonej-formie-jakie-sa-warunki-i-zakres-oferowanych-uslug\/#primaryimage","url":"https:\/\/www.24gliwice.pl\/wiadomosci\/wp-content\/uploads\/2023\/09\/elektryk-gniazdko-zlota-raczka.jpg","contentUrl":"https:\/\/www.24gliwice.pl\/wiadomosci\/wp-content\/uploads\/2023\/09\/elektryk-gniazdko-zlota-raczka.jpg","width":810,"height":457},{"@type":"BreadcrumbList","@id":"https:\/\/www.24gliwice.pl\/wiadomosci\/zlota-raczka-dla-seniora-powraca-w-rozszerzonej-formie-jakie-sa-warunki-i-zakres-oferowanych-uslug\/#breadcrumb","itemListElement":[{"@type":"ListItem","position":1,"name":"Strona g\u0142\u00f3wna","item":"https:\/\/www.24gliwice.pl\/wiadomosci\/"},{"@type":"ListItem","position":2,"name":"&#8220;Z\u0142ota r\u0105czka dla seniora&#8221; powraca w rozszerzonej formie. Jakie s\u0105 warunki i zakres oferowanych us\u0142ug?"}]},{"@type":"WebSite","@id":"https:\/\/www.24gliwice.pl\/wiadomosci\/#website","url":"https:\/\/www.24gliwice.pl\/wiadomosci\/","name":"24GLIWICE - Portal Gliwice | codziennie nowe wiadomo\u015bci","description":"Portal Miejski Gliwice","publisher":{"@id":"https:\/\/www.24gliwice.pl\/wiadomosci\/#organization"},"potentialAction":[{"@type":"SearchAction","target":{"@type":"EntryPoint","urlTemplate":"https:\/\/www.24gliwice.pl\/wiadomosci\/?s={search_term_string}"},"query-input":{"@type":"PropertyValueSpecification","valueRequired":true,"valueName":"search_term_string"}}],"inLanguage":"pl-PL"},{"@type":"Organization","@id":"https:\/\/www.24gliwice.pl\/wiadomosci\/#organization","name":"24gliwice","url":"https:\/\/www.24gliwice.pl\/wiadomosci\/","logo":{"@type":"ImageObject","inLanguage":"pl-PL","@id":"https:\/\/www.24gliwice.pl\/wiadomosci\/#\/schema\/logo\/image\/","url":"https:\/\/www.24gliwice.pl\/wiadomosci\/wp-content\/uploads\/2024\/10\/24gliwice-logo-696.jpg","contentUrl":"https:\/\/www.24gliwice.pl\/wiadomosci\/wp-content\/uploads\/2024\/10\/24gliwice-logo-696.jpg","width":696,"height":696,"caption":"24gliwice"},"image":{"@id":"https:\/\/www.24gliwice.pl\/wiadomosci\/#\/schema\/logo\/image\/"},"sameAs":["https:\/\/www.facebook.com\/24gliwice","https:\/\/x.com\/24gliwice","https:\/\/www.youtube.com\/@24gliwice"]},{"@type":"Person","@id":"https:\/\/www.24gliwice.pl\/wiadomosci\/#\/schema\/person\/e42c650edd7f2fa332be3811fb166b6e","name":"\u017baneta Mrozek-Siewierska","image":{"@type":"ImageObject","inLanguage":"pl-PL","@id":"https:\/\/secure.gravatar.com\/avatar\/1881429e9c64597c77ad7aef2d0a19be69a3253e57534d16aa15bf3a4d34a0a3?s=96&d=mm&r=g","url":"https:\/\/secure.gravatar.com\/avatar\/1881429e9c64597c77ad7aef2d0a19be69a3253e57534d16aa15bf3a4d34a0a3?s=96&d=mm&r=g","contentUrl":"https:\/\/secure.gravatar.com\/avatar\/1881429e9c64597c77ad7aef2d0a19be69a3253e57534d16aa15bf3a4d34a0a3?s=96&d=mm&r=g","caption":"\u017baneta Mrozek-Siewierska"},"url":"https:\/\/www.24gliwice.pl\/wiadomosci\/author\/zms\/"}]}},"_links":{"self":[{"href":"https:\/\/www.24gliwice.pl\/wiadomosci\/wp-json\/wp\/v2\/posts\/267415","targetHints":{"allow":["GET"]}}],"collection":[{"href":"https:\/\/www.24gliwice.pl\/wiadomosci\/wp-json\/wp\/v2\/posts"}],"about":[{"href":"https:\/\/www.24gliwice.pl\/wiadomosci\/wp-json\/wp\/v2\/types\/post"}],"author":[{"embeddable":true,"href":"https:\/\/www.24gliwice.pl\/wiadomosci\/wp-json\/wp\/v2\/users\/15"}],"replies":[{"embeddable":true,"href":"https:\/\/www.24gliwice.pl\/wiadomosci\/wp-json\/wp\/v2\/comments?post=267415"}],"version-history":[{"count":0,"href":"https:\/\/www.24gliwice.pl\/wiadomosci\/wp-json\/wp\/v2\/posts\/267415\/revisions"}],"wp:featuredmedia":[{"embeddable":true,"href":"https:\/\/www.24gliwice.pl\/wiadomosci\/wp-json\/wp\/v2\/media\/222371"}],"wp:attachment":[{"href":"https:\/\/www.24gliwice.pl\/wiadomosci\/wp-json\/wp\/v2\/media?parent=267415"}],"wp:term":[{"taxonomy":"category","embeddable":true,"href":"https:\/\/www.24gliwice.pl\/wiadomosci\/wp-json\/wp\/v2\/categories?post=267415"},{"taxonomy":"post_tag","embeddable":true,"href":"https:\/\/www.24gliwice.pl\/wiadomosci\/wp-json\/wp\/v2\/tags?post=267415"}],"curies":[{"name":"wp","href":"https:\/\/api.w.org\/{rel}","templated":true}]}}