{"id":267420,"date":"2026-03-05T23:46:25","date_gmt":"2026-03-05T22:46:25","guid":{"rendered":"https:\/\/www.24gliwice.pl\/wiadomosci\/?p=267420"},"modified":"2026-03-05T23:46:25","modified_gmt":"2026-03-05T22:46:25","slug":"wypadek-na-oznakowanym-przejsciu-dla-pieszych-poszkodowana-trafila-do-szpitala","status":"publish","type":"post","link":"https:\/\/www.24gliwice.pl\/wiadomosci\/wypadek-na-oznakowanym-przejsciu-dla-pieszych-poszkodowana-trafila-do-szpitala\/","title":{"rendered":"Wypadek na oznakowanym przej\u015bciu dla pieszych. Poszkodowana trafi\u0142a do szpitala"},"content":{"rendered":"<div class=\"gliwi-a6-nad-leadem-artykulow gliwi-entity-placement\" id=\"gliwi-1361631502\"><div class=\"gliwi-adlabel\"><span style=\"font-size: 9px\">REKLAMA<\/span><\/div><div id=\"gliwi-1877660152\" style=\"margin-bottom: 30px;margin-left: auto;margin-right: auto;text-align: center;\"><a data-no-instant=\"1\" href=\"https:\/\/przedszkole.halogen.org.pl\/\" rel=\"noopener\" class=\"a2t-link\" target=\"_blank\" aria-label=\"20260402-ANIMATOR-przedszkole_grafika_750x200\"><img loading=\"lazy\" decoding=\"async\" src=\"https:\/\/www.24gliwice.pl\/wiadomosci\/wp-content\/uploads\/2026\/04\/20260402-ANIMATOR-przedszkole_grafika_750x200.webp\" alt=\"\"  srcset=\"https:\/\/www.24gliwice.pl\/wiadomosci\/wp-content\/uploads\/2026\/04\/20260402-ANIMATOR-przedszkole_grafika_750x200.webp 750w, https:\/\/www.24gliwice.pl\/wiadomosci\/wp-content\/uploads\/2026\/04\/20260402-ANIMATOR-przedszkole_grafika_750x200-410x109.webp 410w\" sizes=\"(max-width: 750px) 100vw, 750px\" class=\"no-lazyload\" width=\"750\" height=\"200\"  style=\"display: inline-block; max-width: 100%; height: auto;\" \/><\/a><\/div><\/div><h2>W Giera\u0142towicach dosz\u0142o do wypadku drogowego z udzia\u0142em pieszej. Na oznakowanym przej\u015bciu dla pieszych dosz\u0142o do potracenia 14-letniej dziewczynki. Nastolatka z obra\u017ceniami niezagra\u017caj\u0105cymi \u017cyciu trafi\u0142a do szpitala.<\/h2>\n<p><!--more--><\/p>\n<p>Policjanci wyja\u015bniaj\u0105 dok\u0142adne okoliczno\u015bci zdarzenia oraz ponownie apeluj\u0105 o ostro\u017cno\u015b\u0107 na drodze. Do zdarzenia dosz\u0142o w \u015brod\u0119, o godzinie 14.15 na ulicy ks. Roboty w Giera\u0142towicach. <\/p>\n<p>&#8211; <em>Ze wst\u0119pnych ustale\u0144 wynika, \u017ce kieruj\u0105cy samochodem osobowym marki Toyota 61-letni kierowca potr\u0105ci\u0142 14-letni\u0105 dziewczynk\u0119, kt\u00f3ra przechodzi\u0142a przez oznakowane przej\u015bcie dla pieszych. Poszkodowana z obra\u017ceniami niezagra\u017caj\u0105cymi \u017cyciu zosta\u0142a przewieziona do szpitala. Kierowca posiada\u0142 uprawnienia do kierowania pojazdami i by\u0142 trze\u017awy<\/em> &#8211; informuje nadkomisarz<strong> Marzena Szwed,<\/strong> oficer prasowa KMP Gliwice. <\/p><div class=\"gliwi-a3-w-tresci-artykulow gliwi-entity-placement\" id=\"gliwi-1192057829\"><div class=\"gliwi-adlabel\"><span style=\"font-size: 9px\">REKLAMA<\/span><\/div><div id=\"gliwi-3988280225\" style=\"margin-bottom: 30px;margin-left: auto;margin-right: auto;text-align: center;\"><a data-no-instant=\"1\" href=\"https:\/\/zlobek.halogen.org.pl\/\" rel=\"noopener\" class=\"a2t-link\" target=\"_blank\" aria-label=\"animator-zlobek_750x200\"><img loading=\"lazy\" decoding=\"async\" src=\"https:\/\/www.24gliwice.pl\/wiadomosci\/wp-content\/uploads\/2026\/02\/animator-zlobek_750x200.webp\" alt=\"\"  srcset=\"https:\/\/www.24gliwice.pl\/wiadomosci\/wp-content\/uploads\/2026\/02\/animator-zlobek_750x200.webp 750w, https:\/\/www.24gliwice.pl\/wiadomosci\/wp-content\/uploads\/2026\/02\/animator-zlobek_750x200-410x109.webp 410w\" sizes=\"(max-width: 750px) 100vw, 750px\" class=\"no-lazyload\" width=\"750\" height=\"200\"  style=\"display: inline-block; max-width: 100%; height: auto;\" \/><\/a><\/div><\/div>\n<p><a href=\"https:\/\/www.24gliwice.pl\/wiadomosci\/wp-content\/uploads\/2026\/03\/wypadek-gieraltowice.jpg\"><img loading=\"lazy\" decoding=\"async\" src=\"https:\/\/www.24gliwice.pl\/wiadomosci\/wp-content\/uploads\/2026\/03\/wypadek-gieraltowice.jpg\" alt=\"\" width=\"810\" height=\"608\" class=\"alignnone size-full wp-image-267421\" srcset=\"https:\/\/www.24gliwice.pl\/wiadomosci\/wp-content\/uploads\/2026\/03\/wypadek-gieraltowice.jpg 810w, https:\/\/www.24gliwice.pl\/wiadomosci\/wp-content\/uploads\/2026\/03\/wypadek-gieraltowice-309x232.jpg 309w, https:\/\/www.24gliwice.pl\/wiadomosci\/wp-content\/uploads\/2026\/03\/wypadek-gieraltowice-606x455.jpg 606w, https:\/\/www.24gliwice.pl\/wiadomosci\/wp-content\/uploads\/2026\/03\/wypadek-gieraltowice-768x576.jpg 768w\" sizes=\"auto, (max-width: 810px) 100vw, 810px\" \/><\/a><\/p>\n<p>Policja przypomina, \u017ce przej\u015bcia dla pieszych s\u0105 miejscami wymagaj\u0105cymi szczeg\u00f3lnej uwagi zar\u00f3wno ze strony kierowc\u00f3w, jak i pieszych. Kieruj\u0105cy powinni zmniejszy\u0107 pr\u0119dko\u015b\u0107 i uwa\u017cnie obserwowa\u0107 otoczenie drogi, natomiast piesi przed wej\u015bciem na jezdni\u0119 powinni upewni\u0107 si\u0119, \u017ce mog\u0105 zrobi\u0107 to bezpiecznie.<\/p>\n<p><a href=\"https:\/\/www.24gliwice.pl\/wiadomosci\/wp-content\/uploads\/2026\/03\/wypadek-gieraltowice2.jpg\"><img loading=\"lazy\" decoding=\"async\" src=\"https:\/\/www.24gliwice.pl\/wiadomosci\/wp-content\/uploads\/2026\/03\/wypadek-gieraltowice2.jpg\" alt=\"\" width=\"810\" height=\"608\" class=\"alignnone size-full wp-image-267422\" srcset=\"https:\/\/www.24gliwice.pl\/wiadomosci\/wp-content\/uploads\/2026\/03\/wypadek-gieraltowice2.jpg 810w, https:\/\/www.24gliwice.pl\/wiadomosci\/wp-content\/uploads\/2026\/03\/wypadek-gieraltowice2-309x232.jpg 309w, https:\/\/www.24gliwice.pl\/wiadomosci\/wp-content\/uploads\/2026\/03\/wypadek-gieraltowice2-606x455.jpg 606w, https:\/\/www.24gliwice.pl\/wiadomosci\/wp-content\/uploads\/2026\/03\/wypadek-gieraltowice2-768x576.jpg 768w\" sizes=\"auto, (max-width: 810px) 100vw, 810px\" \/><\/a><\/p>\n<p>&#8211; <em>Warto pami\u0119ta\u0107, \u017ce o tej porze roku s\u0142o\u0144ce znajduj\u0105ce si\u0119 nisko nad horyzontem mo\u017ce o\u015blepia\u0107 kierowc\u00f3w i znacz\u0105co ogranicza\u0107 widoczno\u015b\u0107. Dlatego tak wa\u017cne jest zachowanie szczeg\u00f3lnej ostro\u017cno\u015bci i przewidywanie zagro\u017ce\u0144 na drodze<\/em> &#8211; podkre\u015bla rzeczniczka gliwickiej policji. <\/p>\n<p>(\u017cms)\/KMP Gliwice<br \/>\nfot. KMP Gliwice<\/p>\n<div class=\"gliwi-a5-na-koncu-artykulow gliwi-entity-placement\" id=\"gliwi-3195663929\"><div class=\"gliwi-adlabel\"><span style=\"font-size: 9px\">REKLAMA<\/span><\/div><div id=\"gliwi-417919255\" style=\"margin-left: auto;margin-right: auto;text-align: center;\"><a data-no-instant=\"1\" href=\"https:\/\/prezeroarenagliwice.pl\/\" rel=\"noopener\" class=\"a2t-link\" target=\"_blank\" aria-label=\"20260309-PREZERO-WIOSNA-D\"><img loading=\"lazy\" decoding=\"async\" src=\"https:\/\/www.24gliwice.pl\/wiadomosci\/wp-content\/uploads\/2026\/03\/20260309-PREZERO-WIOSNA-D.webp\" alt=\"\"  srcset=\"https:\/\/www.24gliwice.pl\/wiadomosci\/wp-content\/uploads\/2026\/03\/20260309-PREZERO-WIOSNA-D.webp 750w, https:\/\/www.24gliwice.pl\/wiadomosci\/wp-content\/uploads\/2026\/03\/20260309-PREZERO-WIOSNA-D-410x109.webp 410w\" sizes=\"(max-width: 750px) 100vw, 750px\" class=\"no-lazyload\" width=\"750\" height=\"200\"  style=\"display: inline-block; max-width: 100%; height: auto;\" \/><\/a><\/div><\/div>","protected":false},"excerpt":{"rendered":"<p>W Giera\u0142towicach dosz\u0142o do wypadku drogowego z udzia\u0142em pieszej. Na oznakowanym przej\u015bciu dla pieszych dosz\u0142o do potracenia 14-letniej dziewczynki. Nastolatka z obra\u017ceniami niezagra\u017caj\u0105cymi \u017cyciu trafi\u0142a do szpitala.<\/p>\n","protected":false},"author":15,"featured_media":267423,"comment_status":"open","ping_status":"closed","sticky":false,"template":"","format":"standard","meta":{"_monsterinsights_skip_tracking":false,"_monsterinsights_sitenote_active":false,"_monsterinsights_sitenote_note":"","_monsterinsights_sitenote_category":0,"footnotes":"","_links_to":"","_links_to_target":""},"categories":[3,1,5],"tags":[5508,54],"class_list":["post-267420","post","type-post","status-publish","format-standard","has-post-thumbnail","hentry","category-gliwice","category-wszystko","category-kryminalki","tag-gieraltowice","tag-wypadek"],"yoast_head":"<!-- This site is optimized with the Yoast SEO plugin v27.5 - https:\/\/yoast.com\/product\/yoast-seo-wordpress\/ -->\n<title>Wypadek na oznakowanym przej\u015bciu dla pieszych. Poszkodowana trafi\u0142a do szpitala - 24GLIWICE - Portal Gliwice | codziennie nowe informacje<\/title>\n<meta name=\"description\" content=\"14-latka zosta\u0142a potr\u0105cona podczas przechodzenia przez jezdni\u0119 na oznakowanym przej\u015bciu. Z obra\u017ceniami trafi\u0142a do szpitala\" \/>\n<meta name=\"robots\" content=\"index, follow, max-snippet:-1, max-image-preview:large, max-video-preview:-1\" \/>\n<link rel=\"canonical\" href=\"https:\/\/www.24gliwice.pl\/wiadomosci\/wypadek-na-oznakowanym-przejsciu-dla-pieszych-poszkodowana-trafila-do-szpitala\/\" \/>\n<meta property=\"og:locale\" content=\"pl_PL\" \/>\n<meta property=\"og:type\" content=\"article\" \/>\n<meta property=\"og:title\" content=\"Wypadek na oznakowanym przej\u015bciu dla pieszych. Poszkodowana trafi\u0142a do szpitala - 24GLIWICE - Portal Gliwice | codziennie nowe informacje\" \/>\n<meta property=\"og:description\" content=\"14-latka zosta\u0142a potr\u0105cona podczas przechodzenia przez jezdni\u0119 na oznakowanym przej\u015bciu. Z obra\u017ceniami trafi\u0142a do szpitala\" \/>\n<meta property=\"og:url\" content=\"https:\/\/www.24gliwice.pl\/wiadomosci\/wypadek-na-oznakowanym-przejsciu-dla-pieszych-poszkodowana-trafila-do-szpitala\/\" \/>\n<meta property=\"og:site_name\" content=\"24GLIWICE - Portal Gliwice | codziennie nowe informacje\" \/>\n<meta property=\"article:publisher\" content=\"https:\/\/www.facebook.com\/24gliwice\" \/>\n<meta property=\"article:published_time\" content=\"2026-03-05T22:46:25+00:00\" \/>\n<meta property=\"og:image\" content=\"https:\/\/www.24gliwice.pl\/wiadomosci\/wp-content\/uploads\/2026\/03\/wypadek-gieraltowice3.jpg\" \/>\n\t<meta property=\"og:image:width\" content=\"810\" \/>\n\t<meta property=\"og:image:height\" content=\"456\" \/>\n\t<meta property=\"og:image:type\" content=\"image\/jpeg\" \/>\n<meta name=\"author\" content=\"\u017baneta Mrozek-Siewierska\" \/>\n<meta name=\"twitter:card\" content=\"summary_large_image\" \/>\n<meta name=\"twitter:creator\" content=\"@24gliwice\" \/>\n<meta name=\"twitter:site\" content=\"@24gliwice\" \/>\n<meta name=\"twitter:label1\" content=\"Napisane przez\" \/>\n\t<meta name=\"twitter:data1\" content=\"\u017baneta Mrozek-Siewierska\" \/>\n\t<meta name=\"twitter:label2\" content=\"Szacowany czas czytania\" \/>\n\t<meta name=\"twitter:data2\" content=\"2 minuty\" \/>\n<script type=\"application\/ld+json\" class=\"yoast-schema-graph\">{\"@context\":\"https:\\\/\\\/schema.org\",\"@graph\":[{\"@type\":\"Article\",\"@id\":\"https:\\\/\\\/www.24gliwice.pl\\\/wiadomosci\\\/wypadek-na-oznakowanym-przejsciu-dla-pieszych-poszkodowana-trafila-do-szpitala\\\/#article\",\"isPartOf\":{\"@id\":\"https:\\\/\\\/www.24gliwice.pl\\\/wiadomosci\\\/wypadek-na-oznakowanym-przejsciu-dla-pieszych-poszkodowana-trafila-do-szpitala\\\/\"},\"author\":{\"name\":\"\u017baneta Mrozek-Siewierska\",\"@id\":\"https:\\\/\\\/www.24gliwice.pl\\\/wiadomosci\\\/#\\\/schema\\\/person\\\/e42c650edd7f2fa332be3811fb166b6e\"},\"headline\":\"Wypadek na oznakowanym przej\u015bciu dla pieszych. Poszkodowana trafi\u0142a do szpitala\",\"datePublished\":\"2026-03-05T22:46:25+00:00\",\"mainEntityOfPage\":{\"@id\":\"https:\\\/\\\/www.24gliwice.pl\\\/wiadomosci\\\/wypadek-na-oznakowanym-przejsciu-dla-pieszych-poszkodowana-trafila-do-szpitala\\\/\"},\"wordCount\":248,\"commentCount\":9,\"publisher\":{\"@id\":\"https:\\\/\\\/www.24gliwice.pl\\\/wiadomosci\\\/#organization\"},\"image\":{\"@id\":\"https:\\\/\\\/www.24gliwice.pl\\\/wiadomosci\\\/wypadek-na-oznakowanym-przejsciu-dla-pieszych-poszkodowana-trafila-do-szpitala\\\/#primaryimage\"},\"thumbnailUrl\":\"https:\\\/\\\/www.24gliwice.pl\\\/wiadomosci\\\/wp-content\\\/uploads\\\/2026\\\/03\\\/wypadek-gieraltowice3.jpg\",\"keywords\":[\"giera\u0142towice\",\"WYPADEK\"],\"articleSection\":[\"Gliwice\",\"Najnowsze wiadomo\u015bci\",\"Prawo\"],\"inLanguage\":\"pl-PL\",\"potentialAction\":[{\"@type\":\"CommentAction\",\"name\":\"Comment\",\"target\":[\"https:\\\/\\\/www.24gliwice.pl\\\/wiadomosci\\\/wypadek-na-oznakowanym-przejsciu-dla-pieszych-poszkodowana-trafila-do-szpitala\\\/#respond\"]}]},{\"@type\":\"WebPage\",\"@id\":\"https:\\\/\\\/www.24gliwice.pl\\\/wiadomosci\\\/wypadek-na-oznakowanym-przejsciu-dla-pieszych-poszkodowana-trafila-do-szpitala\\\/\",\"url\":\"https:\\\/\\\/www.24gliwice.pl\\\/wiadomosci\\\/wypadek-na-oznakowanym-przejsciu-dla-pieszych-poszkodowana-trafila-do-szpitala\\\/\",\"name\":\"Wypadek na oznakowanym przej\u015bciu dla pieszych. Poszkodowana trafi\u0142a do szpitala - 24GLIWICE - Portal Gliwice | codziennie nowe informacje\",\"isPartOf\":{\"@id\":\"https:\\\/\\\/www.24gliwice.pl\\\/wiadomosci\\\/#website\"},\"primaryImageOfPage\":{\"@id\":\"https:\\\/\\\/www.24gliwice.pl\\\/wiadomosci\\\/wypadek-na-oznakowanym-przejsciu-dla-pieszych-poszkodowana-trafila-do-szpitala\\\/#primaryimage\"},\"image\":{\"@id\":\"https:\\\/\\\/www.24gliwice.pl\\\/wiadomosci\\\/wypadek-na-oznakowanym-przejsciu-dla-pieszych-poszkodowana-trafila-do-szpitala\\\/#primaryimage\"},\"thumbnailUrl\":\"https:\\\/\\\/www.24gliwice.pl\\\/wiadomosci\\\/wp-content\\\/uploads\\\/2026\\\/03\\\/wypadek-gieraltowice3.jpg\",\"datePublished\":\"2026-03-05T22:46:25+00:00\",\"description\":\"14-latka zosta\u0142a potr\u0105cona podczas przechodzenia przez jezdni\u0119 na oznakowanym przej\u015bciu. Z obra\u017ceniami trafi\u0142a do szpitala\",\"breadcrumb\":{\"@id\":\"https:\\\/\\\/www.24gliwice.pl\\\/wiadomosci\\\/wypadek-na-oznakowanym-przejsciu-dla-pieszych-poszkodowana-trafila-do-szpitala\\\/#breadcrumb\"},\"inLanguage\":\"pl-PL\",\"potentialAction\":[{\"@type\":\"ReadAction\",\"target\":[\"https:\\\/\\\/www.24gliwice.pl\\\/wiadomosci\\\/wypadek-na-oznakowanym-przejsciu-dla-pieszych-poszkodowana-trafila-do-szpitala\\\/\"]}]},{\"@type\":\"ImageObject\",\"inLanguage\":\"pl-PL\",\"@id\":\"https:\\\/\\\/www.24gliwice.pl\\\/wiadomosci\\\/wypadek-na-oznakowanym-przejsciu-dla-pieszych-poszkodowana-trafila-do-szpitala\\\/#primaryimage\",\"url\":\"https:\\\/\\\/www.24gliwice.pl\\\/wiadomosci\\\/wp-content\\\/uploads\\\/2026\\\/03\\\/wypadek-gieraltowice3.jpg\",\"contentUrl\":\"https:\\\/\\\/www.24gliwice.pl\\\/wiadomosci\\\/wp-content\\\/uploads\\\/2026\\\/03\\\/wypadek-gieraltowice3.jpg\",\"width\":810,\"height\":456,\"caption\":\"KMP Gliwice\"},{\"@type\":\"BreadcrumbList\",\"@id\":\"https:\\\/\\\/www.24gliwice.pl\\\/wiadomosci\\\/wypadek-na-oznakowanym-przejsciu-dla-pieszych-poszkodowana-trafila-do-szpitala\\\/#breadcrumb\",\"itemListElement\":[{\"@type\":\"ListItem\",\"position\":1,\"name\":\"Strona g\u0142\u00f3wna\",\"item\":\"https:\\\/\\\/www.24gliwice.pl\\\/wiadomosci\\\/\"},{\"@type\":\"ListItem\",\"position\":2,\"name\":\"Wypadek na oznakowanym przej\u015bciu dla pieszych. Poszkodowana trafi\u0142a do szpitala\"}]},{\"@type\":\"WebSite\",\"@id\":\"https:\\\/\\\/www.24gliwice.pl\\\/wiadomosci\\\/#website\",\"url\":\"https:\\\/\\\/www.24gliwice.pl\\\/wiadomosci\\\/\",\"name\":\"24GLIWICE - Portal Gliwice | codziennie nowe wiadomo\u015bci\",\"description\":\"Portal Miejski Gliwice\",\"publisher\":{\"@id\":\"https:\\\/\\\/www.24gliwice.pl\\\/wiadomosci\\\/#organization\"},\"potentialAction\":[{\"@type\":\"SearchAction\",\"target\":{\"@type\":\"EntryPoint\",\"urlTemplate\":\"https:\\\/\\\/www.24gliwice.pl\\\/wiadomosci\\\/?s={search_term_string}\"},\"query-input\":{\"@type\":\"PropertyValueSpecification\",\"valueRequired\":true,\"valueName\":\"search_term_string\"}}],\"inLanguage\":\"pl-PL\"},{\"@type\":\"Organization\",\"@id\":\"https:\\\/\\\/www.24gliwice.pl\\\/wiadomosci\\\/#organization\",\"name\":\"24gliwice\",\"url\":\"https:\\\/\\\/www.24gliwice.pl\\\/wiadomosci\\\/\",\"logo\":{\"@type\":\"ImageObject\",\"inLanguage\":\"pl-PL\",\"@id\":\"https:\\\/\\\/www.24gliwice.pl\\\/wiadomosci\\\/#\\\/schema\\\/logo\\\/image\\\/\",\"url\":\"https:\\\/\\\/www.24gliwice.pl\\\/wiadomosci\\\/wp-content\\\/uploads\\\/2024\\\/10\\\/24gliwice-logo-696.jpg\",\"contentUrl\":\"https:\\\/\\\/www.24gliwice.pl\\\/wiadomosci\\\/wp-content\\\/uploads\\\/2024\\\/10\\\/24gliwice-logo-696.jpg\",\"width\":696,\"height\":696,\"caption\":\"24gliwice\"},\"image\":{\"@id\":\"https:\\\/\\\/www.24gliwice.pl\\\/wiadomosci\\\/#\\\/schema\\\/logo\\\/image\\\/\"},\"sameAs\":[\"https:\\\/\\\/www.facebook.com\\\/24gliwice\",\"https:\\\/\\\/x.com\\\/24gliwice\",\"https:\\\/\\\/www.youtube.com\\\/@24gliwice\"]},{\"@type\":\"Person\",\"@id\":\"https:\\\/\\\/www.24gliwice.pl\\\/wiadomosci\\\/#\\\/schema\\\/person\\\/e42c650edd7f2fa332be3811fb166b6e\",\"name\":\"\u017baneta Mrozek-Siewierska\",\"image\":{\"@type\":\"ImageObject\",\"inLanguage\":\"pl-PL\",\"@id\":\"https:\\\/\\\/secure.gravatar.com\\\/avatar\\\/1881429e9c64597c77ad7aef2d0a19be69a3253e57534d16aa15bf3a4d34a0a3?s=96&d=mm&r=g\",\"url\":\"https:\\\/\\\/secure.gravatar.com\\\/avatar\\\/1881429e9c64597c77ad7aef2d0a19be69a3253e57534d16aa15bf3a4d34a0a3?s=96&d=mm&r=g\",\"contentUrl\":\"https:\\\/\\\/secure.gravatar.com\\\/avatar\\\/1881429e9c64597c77ad7aef2d0a19be69a3253e57534d16aa15bf3a4d34a0a3?s=96&d=mm&r=g\",\"caption\":\"\u017baneta Mrozek-Siewierska\"},\"url\":\"https:\\\/\\\/www.24gliwice.pl\\\/wiadomosci\\\/author\\\/zms\\\/\"}]}<\/script>\n<!-- \/ Yoast SEO plugin. -->","yoast_head_json":{"title":"Wypadek na oznakowanym przej\u015bciu dla pieszych. Poszkodowana trafi\u0142a do szpitala - 24GLIWICE - Portal Gliwice | codziennie nowe informacje","description":"14-latka zosta\u0142a potr\u0105cona podczas przechodzenia przez jezdni\u0119 na oznakowanym przej\u015bciu. Z obra\u017ceniami trafi\u0142a do szpitala","robots":{"index":"index","follow":"follow","max-snippet":"max-snippet:-1","max-image-preview":"max-image-preview:large","max-video-preview":"max-video-preview:-1"},"canonical":"https:\/\/www.24gliwice.pl\/wiadomosci\/wypadek-na-oznakowanym-przejsciu-dla-pieszych-poszkodowana-trafila-do-szpitala\/","og_locale":"pl_PL","og_type":"article","og_title":"Wypadek na oznakowanym przej\u015bciu dla pieszych. Poszkodowana trafi\u0142a do szpitala - 24GLIWICE - Portal Gliwice | codziennie nowe informacje","og_description":"14-latka zosta\u0142a potr\u0105cona podczas przechodzenia przez jezdni\u0119 na oznakowanym przej\u015bciu. Z obra\u017ceniami trafi\u0142a do szpitala","og_url":"https:\/\/www.24gliwice.pl\/wiadomosci\/wypadek-na-oznakowanym-przejsciu-dla-pieszych-poszkodowana-trafila-do-szpitala\/","og_site_name":"24GLIWICE - Portal Gliwice | codziennie nowe informacje","article_publisher":"https:\/\/www.facebook.com\/24gliwice","article_published_time":"2026-03-05T22:46:25+00:00","og_image":[{"width":810,"height":456,"url":"https:\/\/www.24gliwice.pl\/wiadomosci\/wp-content\/uploads\/2026\/03\/wypadek-gieraltowice3.jpg","type":"image\/jpeg"}],"author":"\u017baneta Mrozek-Siewierska","twitter_card":"summary_large_image","twitter_creator":"@24gliwice","twitter_site":"@24gliwice","twitter_misc":{"Napisane przez":"\u017baneta Mrozek-Siewierska","Szacowany czas czytania":"2 minuty"},"schema":{"@context":"https:\/\/schema.org","@graph":[{"@type":"Article","@id":"https:\/\/www.24gliwice.pl\/wiadomosci\/wypadek-na-oznakowanym-przejsciu-dla-pieszych-poszkodowana-trafila-do-szpitala\/#article","isPartOf":{"@id":"https:\/\/www.24gliwice.pl\/wiadomosci\/wypadek-na-oznakowanym-przejsciu-dla-pieszych-poszkodowana-trafila-do-szpitala\/"},"author":{"name":"\u017baneta Mrozek-Siewierska","@id":"https:\/\/www.24gliwice.pl\/wiadomosci\/#\/schema\/person\/e42c650edd7f2fa332be3811fb166b6e"},"headline":"Wypadek na oznakowanym przej\u015bciu dla pieszych. Poszkodowana trafi\u0142a do szpitala","datePublished":"2026-03-05T22:46:25+00:00","mainEntityOfPage":{"@id":"https:\/\/www.24gliwice.pl\/wiadomosci\/wypadek-na-oznakowanym-przejsciu-dla-pieszych-poszkodowana-trafila-do-szpitala\/"},"wordCount":248,"commentCount":9,"publisher":{"@id":"https:\/\/www.24gliwice.pl\/wiadomosci\/#organization"},"image":{"@id":"https:\/\/www.24gliwice.pl\/wiadomosci\/wypadek-na-oznakowanym-przejsciu-dla-pieszych-poszkodowana-trafila-do-szpitala\/#primaryimage"},"thumbnailUrl":"https:\/\/www.24gliwice.pl\/wiadomosci\/wp-content\/uploads\/2026\/03\/wypadek-gieraltowice3.jpg","keywords":["giera\u0142towice","WYPADEK"],"articleSection":["Gliwice","Najnowsze wiadomo\u015bci","Prawo"],"inLanguage":"pl-PL","potentialAction":[{"@type":"CommentAction","name":"Comment","target":["https:\/\/www.24gliwice.pl\/wiadomosci\/wypadek-na-oznakowanym-przejsciu-dla-pieszych-poszkodowana-trafila-do-szpitala\/#respond"]}]},{"@type":"WebPage","@id":"https:\/\/www.24gliwice.pl\/wiadomosci\/wypadek-na-oznakowanym-przejsciu-dla-pieszych-poszkodowana-trafila-do-szpitala\/","url":"https:\/\/www.24gliwice.pl\/wiadomosci\/wypadek-na-oznakowanym-przejsciu-dla-pieszych-poszkodowana-trafila-do-szpitala\/","name":"Wypadek na oznakowanym przej\u015bciu dla pieszych. Poszkodowana trafi\u0142a do szpitala - 24GLIWICE - Portal Gliwice | codziennie nowe informacje","isPartOf":{"@id":"https:\/\/www.24gliwice.pl\/wiadomosci\/#website"},"primaryImageOfPage":{"@id":"https:\/\/www.24gliwice.pl\/wiadomosci\/wypadek-na-oznakowanym-przejsciu-dla-pieszych-poszkodowana-trafila-do-szpitala\/#primaryimage"},"image":{"@id":"https:\/\/www.24gliwice.pl\/wiadomosci\/wypadek-na-oznakowanym-przejsciu-dla-pieszych-poszkodowana-trafila-do-szpitala\/#primaryimage"},"thumbnailUrl":"https:\/\/www.24gliwice.pl\/wiadomosci\/wp-content\/uploads\/2026\/03\/wypadek-gieraltowice3.jpg","datePublished":"2026-03-05T22:46:25+00:00","description":"14-latka zosta\u0142a potr\u0105cona podczas przechodzenia przez jezdni\u0119 na oznakowanym przej\u015bciu. Z obra\u017ceniami trafi\u0142a do szpitala","breadcrumb":{"@id":"https:\/\/www.24gliwice.pl\/wiadomosci\/wypadek-na-oznakowanym-przejsciu-dla-pieszych-poszkodowana-trafila-do-szpitala\/#breadcrumb"},"inLanguage":"pl-PL","potentialAction":[{"@type":"ReadAction","target":["https:\/\/www.24gliwice.pl\/wiadomosci\/wypadek-na-oznakowanym-przejsciu-dla-pieszych-poszkodowana-trafila-do-szpitala\/"]}]},{"@type":"ImageObject","inLanguage":"pl-PL","@id":"https:\/\/www.24gliwice.pl\/wiadomosci\/wypadek-na-oznakowanym-przejsciu-dla-pieszych-poszkodowana-trafila-do-szpitala\/#primaryimage","url":"https:\/\/www.24gliwice.pl\/wiadomosci\/wp-content\/uploads\/2026\/03\/wypadek-gieraltowice3.jpg","contentUrl":"https:\/\/www.24gliwice.pl\/wiadomosci\/wp-content\/uploads\/2026\/03\/wypadek-gieraltowice3.jpg","width":810,"height":456,"caption":"KMP Gliwice"},{"@type":"BreadcrumbList","@id":"https:\/\/www.24gliwice.pl\/wiadomosci\/wypadek-na-oznakowanym-przejsciu-dla-pieszych-poszkodowana-trafila-do-szpitala\/#breadcrumb","itemListElement":[{"@type":"ListItem","position":1,"name":"Strona g\u0142\u00f3wna","item":"https:\/\/www.24gliwice.pl\/wiadomosci\/"},{"@type":"ListItem","position":2,"name":"Wypadek na oznakowanym przej\u015bciu dla pieszych. Poszkodowana trafi\u0142a do szpitala"}]},{"@type":"WebSite","@id":"https:\/\/www.24gliwice.pl\/wiadomosci\/#website","url":"https:\/\/www.24gliwice.pl\/wiadomosci\/","name":"24GLIWICE - Portal Gliwice | codziennie nowe wiadomo\u015bci","description":"Portal Miejski Gliwice","publisher":{"@id":"https:\/\/www.24gliwice.pl\/wiadomosci\/#organization"},"potentialAction":[{"@type":"SearchAction","target":{"@type":"EntryPoint","urlTemplate":"https:\/\/www.24gliwice.pl\/wiadomosci\/?s={search_term_string}"},"query-input":{"@type":"PropertyValueSpecification","valueRequired":true,"valueName":"search_term_string"}}],"inLanguage":"pl-PL"},{"@type":"Organization","@id":"https:\/\/www.24gliwice.pl\/wiadomosci\/#organization","name":"24gliwice","url":"https:\/\/www.24gliwice.pl\/wiadomosci\/","logo":{"@type":"ImageObject","inLanguage":"pl-PL","@id":"https:\/\/www.24gliwice.pl\/wiadomosci\/#\/schema\/logo\/image\/","url":"https:\/\/www.24gliwice.pl\/wiadomosci\/wp-content\/uploads\/2024\/10\/24gliwice-logo-696.jpg","contentUrl":"https:\/\/www.24gliwice.pl\/wiadomosci\/wp-content\/uploads\/2024\/10\/24gliwice-logo-696.jpg","width":696,"height":696,"caption":"24gliwice"},"image":{"@id":"https:\/\/www.24gliwice.pl\/wiadomosci\/#\/schema\/logo\/image\/"},"sameAs":["https:\/\/www.facebook.com\/24gliwice","https:\/\/x.com\/24gliwice","https:\/\/www.youtube.com\/@24gliwice"]},{"@type":"Person","@id":"https:\/\/www.24gliwice.pl\/wiadomosci\/#\/schema\/person\/e42c650edd7f2fa332be3811fb166b6e","name":"\u017baneta Mrozek-Siewierska","image":{"@type":"ImageObject","inLanguage":"pl-PL","@id":"https:\/\/secure.gravatar.com\/avatar\/1881429e9c64597c77ad7aef2d0a19be69a3253e57534d16aa15bf3a4d34a0a3?s=96&d=mm&r=g","url":"https:\/\/secure.gravatar.com\/avatar\/1881429e9c64597c77ad7aef2d0a19be69a3253e57534d16aa15bf3a4d34a0a3?s=96&d=mm&r=g","contentUrl":"https:\/\/secure.gravatar.com\/avatar\/1881429e9c64597c77ad7aef2d0a19be69a3253e57534d16aa15bf3a4d34a0a3?s=96&d=mm&r=g","caption":"\u017baneta Mrozek-Siewierska"},"url":"https:\/\/www.24gliwice.pl\/wiadomosci\/author\/zms\/"}]}},"_links":{"self":[{"href":"https:\/\/www.24gliwice.pl\/wiadomosci\/wp-json\/wp\/v2\/posts\/267420","targetHints":{"allow":["GET"]}}],"collection":[{"href":"https:\/\/www.24gliwice.pl\/wiadomosci\/wp-json\/wp\/v2\/posts"}],"about":[{"href":"https:\/\/www.24gliwice.pl\/wiadomosci\/wp-json\/wp\/v2\/types\/post"}],"author":[{"embeddable":true,"href":"https:\/\/www.24gliwice.pl\/wiadomosci\/wp-json\/wp\/v2\/users\/15"}],"replies":[{"embeddable":true,"href":"https:\/\/www.24gliwice.pl\/wiadomosci\/wp-json\/wp\/v2\/comments?post=267420"}],"version-history":[{"count":0,"href":"https:\/\/www.24gliwice.pl\/wiadomosci\/wp-json\/wp\/v2\/posts\/267420\/revisions"}],"wp:featuredmedia":[{"embeddable":true,"href":"https:\/\/www.24gliwice.pl\/wiadomosci\/wp-json\/wp\/v2\/media\/267423"}],"wp:attachment":[{"href":"https:\/\/www.24gliwice.pl\/wiadomosci\/wp-json\/wp\/v2\/media?parent=267420"}],"wp:term":[{"taxonomy":"category","embeddable":true,"href":"https:\/\/www.24gliwice.pl\/wiadomosci\/wp-json\/wp\/v2\/categories?post=267420"},{"taxonomy":"post_tag","embeddable":true,"href":"https:\/\/www.24gliwice.pl\/wiadomosci\/wp-json\/wp\/v2\/tags?post=267420"}],"curies":[{"name":"wp","href":"https:\/\/api.w.org\/{rel}","templated":true}]}}