{"id":267430,"date":"2026-03-07T03:06:15","date_gmt":"2026-03-07T02:06:15","guid":{"rendered":"https:\/\/www.24gliwice.pl\/wiadomosci\/?p=267430"},"modified":"2026-03-07T03:06:15","modified_gmt":"2026-03-07T02:06:15","slug":"startuje-17-edycja-wiosny-z-fryderykiem-w-programie-sa-cztery-koncerty-i-pokaz-filmowy","status":"publish","type":"post","link":"https:\/\/www.24gliwice.pl\/wiadomosci\/startuje-17-edycja-wiosny-z-fryderykiem-w-programie-sa-cztery-koncerty-i-pokaz-filmowy\/","title":{"rendered":"Startuje 17. edycja &#8220;Wiosny z Fryderykiem&#8221;. W programie s\u0105 cztery koncerty i pokaz filmowy"},"content":{"rendered":"<div class=\"gliwi-a6-nad-leadem-artykulow gliwi-entity-placement\" id=\"gliwi-3516229593\"><div class=\"gliwi-adlabel\"><span style=\"font-size: 9px\">REKLAMA<\/span><\/div><div id=\"gliwi-1126357892\" style=\"margin-bottom: 30px;margin-left: auto;margin-right: auto;text-align: center;\"><a data-no-instant=\"1\" href=\"https:\/\/przedszkole.halogen.org.pl\/\" rel=\"noopener\" class=\"a2t-link\" target=\"_blank\" aria-label=\"20260402-ANIMATOR-przedszkole_grafika_750x200\"><img loading=\"lazy\" decoding=\"async\" src=\"https:\/\/www.24gliwice.pl\/wiadomosci\/wp-content\/uploads\/2026\/04\/20260402-ANIMATOR-przedszkole_grafika_750x200.webp\" alt=\"\"  srcset=\"https:\/\/www.24gliwice.pl\/wiadomosci\/wp-content\/uploads\/2026\/04\/20260402-ANIMATOR-przedszkole_grafika_750x200.webp 750w, https:\/\/www.24gliwice.pl\/wiadomosci\/wp-content\/uploads\/2026\/04\/20260402-ANIMATOR-przedszkole_grafika_750x200-410x109.webp 410w\" sizes=\"(max-width: 750px) 100vw, 750px\" class=\"no-lazyload\" width=\"750\" height=\"200\"  style=\"display: inline-block; max-width: 100%; height: auto;\" \/><\/a><\/div><\/div><h2>Przed nami 17. edycja \u201eWiosny z Fryderykiem\u201d \u2013 wydarzenia, kt\u00f3re na sta\u0142e wpisa\u0142o si\u0119 w kulturalny kalendarz miasta i od lat przyci\u0105ga meloman\u00f3w z ca\u0142ego regionu. W klimatycznych wn\u0119trzach Palmiarni Miejskiej ponownie zabrzmi\u0105 koncerty w wykonaniu znakomitych pianist\u00f3w m\u0142odego pokolenia. Bilety s\u0105 w sprzeda\u017cy.<\/h2>\n<p><!--more--><\/p>\n<p>Tegoroczna ods\u0142ona cyklu nawi\u0105zuje do ubieg\u0142orocznego XIX Mi\u0119dzynarodowego Konkursu Pianistycznego im. <strong>Fryderyka Chopina <\/strong>\u2013 jednego z najbardziej presti\u017cowych wydarze\u0144 pianistycznych na \u015bwiecie. Program w ca\u0142o\u015bci wype\u0142ni\u0105 arty\u015bci, kt\u00f3rzy mieli zaszczyt wzi\u0105\u0107 udzia\u0142 w konkursowych zmaganiach. Ich obecno\u015b\u0107 w Gliwicach to niepowtarzalna okazja, by us\u0142ysze\u0107 wybitnych muzyk\u00f3w docenionych na najwa\u017cniejszej chopinowskiej scenie.<\/p>\n<h4>Koncerty zabrzmi\u0105 w cztery marcowe niedziele \u2013 ka\u017cdy o godzinie 19:30 w najwi\u0119kszym historycznym pawilonie Palmiarni Miejskiej (Park Chopina, ul. Fredry 6).<\/h4>\n<p>8 marca przed publiczno\u015bci\u0105 wyst\u0105pi <strong>Mateusz Dubiel<\/strong> \u2013 uczestnik XIX Konkursu Chopinowskiego \u2013 wraz z zespo\u0142em Spektra String Quartet. 15 marca zagra p\u00f3\u0142finalista konkursu<strong> Hyo Lee<\/strong> z Korei Po\u0142udniowej, 22 marca us\u0142yszymy r\u00f3wnie\u017c p\u00f3\u0142finalist\u0119 <strong>Piotra Pawlaka<\/strong>, kt\u00f3ry wyst\u0105pi w towarzystwie Mimesis Quartet oraz<strong> Jacka Burzyka,<\/strong> a 29 marca recital wykona <strong>David Khrikuli<\/strong> z Gruzji \u2013 finalista konkursu.<\/p><div class=\"gliwi-a3-w-tresci-artykulow gliwi-entity-placement\" id=\"gliwi-740001094\"><div class=\"gliwi-adlabel\"><span style=\"font-size: 9px\">REKLAMA<\/span><\/div><div id=\"gliwi-2732170059\" style=\"margin-bottom: 30px;margin-left: auto;margin-right: auto;text-align: center;\"><a data-no-instant=\"1\" href=\"https:\/\/ogrodyandersa.pl\/\" rel=\"noopener\" class=\"a2t-link\" target=\"_blank\" aria-label=\"20260415 Ogrody Andersa KUP TERAZ D\"><img loading=\"lazy\" decoding=\"async\" src=\"https:\/\/www.24gliwice.pl\/wiadomosci\/wp-content\/uploads\/2026\/04\/20260415-Ogrody-Andersa-KUP-TERAZ-D.jpg\" alt=\"\"  srcset=\"https:\/\/www.24gliwice.pl\/wiadomosci\/wp-content\/uploads\/2026\/04\/20260415-Ogrody-Andersa-KUP-TERAZ-D.jpg 750w, https:\/\/www.24gliwice.pl\/wiadomosci\/wp-content\/uploads\/2026\/04\/20260415-Ogrody-Andersa-KUP-TERAZ-D-410x109.jpg 410w\" sizes=\"(max-width: 750px) 100vw, 750px\" class=\"no-lazyload\" width=\"750\" height=\"200\"  style=\"display: inline-block; max-width: 100%; height: auto;\" \/><\/a><\/div><\/div>\n<p>Uzupe\u0142nieniem koncertowego cyklu b\u0119dzie seans filmu \u201eChopin, Chopin!\u201d w re\u017cyserii <strong>Micha\u0142a Kwieci\u0144skiego<\/strong>, kt\u00f3ry zaplanowano na 27 marca o godz. 19.00 w Kinie Amok (ul. Dolnych Wa\u0142\u00f3w 3). <\/p>\n<h4>Projekcja stanowi artystyczne dope\u0142nienie wydarzenia i zaproszenie do spojrzenia na posta\u0107 kompozytora z perspektywy wsp\u00f3\u0142czesnej kultury filmowej.<\/h4>\n<p>Niedzielne wieczory, niecodzienne wn\u0119trze Palmiarni i muzyka Mistrza w najlepszym wykonaniu jak co roku stworz\u0105 wyj\u0105tkow\u0105 atmosfer\u0119 \u201eWiosny z Fryderykiem\u201d.<\/p>\n<p>Organizatorem wydarzenia jest Centrum Kultury Victoria w Gliwicach przy wsp\u00f3\u0142pracy Impresariatu Artystyczno-Promocyjnego Pro Arte.<\/p>\n<p>Szczeg\u00f3\u0142y i informacje o biletach dost\u0119pne s\u0105 na <a href=\"http:\/\/ckvictoria.pl\" target=\"_blank\">ckvictoria.pl<\/a>. <\/p>\n<p>(\u017cms)\/UM Gliwice(bb\/CKV)<\/p>\n<p><img loading=\"lazy\" decoding=\"async\" src=\"https:\/\/gliwice.eu\/sites\/default\/files\/news\/gallery\/Fryderyk-1500x750-1.jpg\" width=\"1500\" height=\"750\" class=\"alignnone size-full\" \/><\/p>\n<div class=\"gliwi-a5-na-koncu-artykulow gliwi-entity-placement\" id=\"gliwi-1802669917\"><div class=\"gliwi-adlabel\"><span style=\"font-size: 9px\">REKLAMA<\/span><\/div><div id=\"gliwi-3378444743\" style=\"margin-left: auto;margin-right: auto;text-align: center;\"><a data-no-instant=\"1\" href=\"https:\/\/www.jasek.pl\/\" rel=\"noopener\" class=\"a2t-link\" target=\"_blank\" aria-label=\"20200401-jasek 600\"><img loading=\"lazy\" decoding=\"async\" src=\"https:\/\/www.24gliwice.pl\/wiadomosci\/wp-content\/uploads\/2020\/04\/20200401-jasek-600.jpg\" alt=\"\"  srcset=\"https:\/\/www.24gliwice.pl\/wiadomosci\/wp-content\/uploads\/2020\/04\/20200401-jasek-600.jpg 600w, https:\/\/www.24gliwice.pl\/wiadomosci\/wp-content\/uploads\/2020\/04\/20200401-jasek-600-410x109.jpg 410w\" sizes=\"(max-width: 600px) 100vw, 600px\" class=\"no-lazyload\" width=\"600\" height=\"160\"  style=\"display: inline-block; max-width: 100%; height: auto;\" \/><\/a><\/div><\/div>","protected":false},"excerpt":{"rendered":"<p>Przed nami 17. edycja \u201eWiosny z Fryderykiem\u201d \u2013 wydarzenia, kt\u00f3re na sta\u0142e wpisa\u0142o si\u0119 w kulturalny kalendarz miasta i od lat przyci\u0105ga meloman\u00f3w z ca\u0142ego regionu. W klimatycznych wn\u0119trzach Palmiarni Miejskiej ponownie zabrzmi\u0105 koncerty w wykonaniu znakomitych pianist\u00f3w m\u0142odego pokolenia. Bilety s\u0105 w sprzeda\u017cy.<\/p>\n","protected":false},"author":15,"featured_media":267432,"comment_status":"open","ping_status":"closed","sticky":false,"template":"","format":"standard","meta":{"_monsterinsights_skip_tracking":false,"_monsterinsights_sitenote_active":false,"_monsterinsights_sitenote_note":"","_monsterinsights_sitenote_category":0,"footnotes":"","_links_to":"","_links_to_target":""},"categories":[3,6,1],"tags":[985,11546],"class_list":["post-267430","post","type-post","status-publish","format-standard","has-post-thumbnail","hentry","category-gliwice","category-kultura","category-wszystko","tag-koncert","tag-wiosna-z-fryderykiem"],"yoast_head":"<!-- This site is optimized with the Yoast SEO plugin v27.5 - https:\/\/yoast.com\/product\/yoast-seo-wordpress\/ -->\n<title>Startuje 17. edycja &quot;Wiosny z Fryderykiem&quot;. W programie s\u0105 cztery koncerty i pokaz filmowy - 24GLIWICE - Portal Gliwice | codziennie nowe informacje<\/title>\n<meta name=\"description\" content=\"Tegoroczny festiwal &quot;Wiosna z Fryderykiem&quot; rozpocznie si\u0119 8 marca, a koncerty odbywa\u0107 si\u0119 b\u0119d\u0105 w ka\u017cd\u0105 niedziel\u0119 marca o godzinie 19:30\" \/>\n<meta name=\"robots\" content=\"index, follow, max-snippet:-1, max-image-preview:large, max-video-preview:-1\" \/>\n<link rel=\"canonical\" href=\"https:\/\/www.24gliwice.pl\/wiadomosci\/startuje-17-edycja-wiosny-z-fryderykiem-w-programie-sa-cztery-koncerty-i-pokaz-filmowy\/\" \/>\n<meta property=\"og:locale\" content=\"pl_PL\" \/>\n<meta property=\"og:type\" content=\"article\" \/>\n<meta property=\"og:title\" content=\"Startuje 17. edycja &quot;Wiosny z Fryderykiem&quot;. W programie s\u0105 cztery koncerty i pokaz filmowy - 24GLIWICE - Portal Gliwice | codziennie nowe informacje\" \/>\n<meta property=\"og:description\" content=\"Tegoroczny festiwal &quot;Wiosna z Fryderykiem&quot; rozpocznie si\u0119 8 marca, a koncerty odbywa\u0107 si\u0119 b\u0119d\u0105 w ka\u017cd\u0105 niedziel\u0119 marca o godzinie 19:30\" \/>\n<meta property=\"og:url\" content=\"https:\/\/www.24gliwice.pl\/wiadomosci\/startuje-17-edycja-wiosny-z-fryderykiem-w-programie-sa-cztery-koncerty-i-pokaz-filmowy\/\" \/>\n<meta property=\"og:site_name\" content=\"24GLIWICE - Portal Gliwice | codziennie nowe informacje\" \/>\n<meta property=\"article:publisher\" content=\"https:\/\/www.facebook.com\/24gliwice\" \/>\n<meta property=\"article:published_time\" content=\"2026-03-07T02:06:15+00:00\" \/>\n<meta property=\"og:image\" content=\"https:\/\/www.24gliwice.pl\/wiadomosci\/wp-content\/uploads\/2026\/03\/wiosna-z-fryderykiem.jpg\" \/>\n\t<meta property=\"og:image:width\" content=\"810\" \/>\n\t<meta property=\"og:image:height\" content=\"455\" \/>\n\t<meta property=\"og:image:type\" content=\"image\/jpeg\" \/>\n<meta name=\"author\" content=\"\u017baneta Mrozek-Siewierska\" \/>\n<meta name=\"twitter:card\" content=\"summary_large_image\" \/>\n<meta name=\"twitter:creator\" content=\"@24gliwice\" \/>\n<meta name=\"twitter:site\" content=\"@24gliwice\" \/>\n<meta name=\"twitter:label1\" content=\"Napisane przez\" \/>\n\t<meta name=\"twitter:data1\" content=\"\u017baneta Mrozek-Siewierska\" \/>\n\t<meta name=\"twitter:label2\" content=\"Szacowany czas czytania\" \/>\n\t<meta name=\"twitter:data2\" content=\"2 minuty\" \/>\n<script type=\"application\/ld+json\" class=\"yoast-schema-graph\">{\"@context\":\"https:\\\/\\\/schema.org\",\"@graph\":[{\"@type\":\"Article\",\"@id\":\"https:\\\/\\\/www.24gliwice.pl\\\/wiadomosci\\\/startuje-17-edycja-wiosny-z-fryderykiem-w-programie-sa-cztery-koncerty-i-pokaz-filmowy\\\/#article\",\"isPartOf\":{\"@id\":\"https:\\\/\\\/www.24gliwice.pl\\\/wiadomosci\\\/startuje-17-edycja-wiosny-z-fryderykiem-w-programie-sa-cztery-koncerty-i-pokaz-filmowy\\\/\"},\"author\":{\"name\":\"\u017baneta Mrozek-Siewierska\",\"@id\":\"https:\\\/\\\/www.24gliwice.pl\\\/wiadomosci\\\/#\\\/schema\\\/person\\\/e42c650edd7f2fa332be3811fb166b6e\"},\"headline\":\"Startuje 17. edycja &#8220;Wiosny z Fryderykiem&#8221;. W programie s\u0105 cztery koncerty i pokaz filmowy\",\"datePublished\":\"2026-03-07T02:06:15+00:00\",\"mainEntityOfPage\":{\"@id\":\"https:\\\/\\\/www.24gliwice.pl\\\/wiadomosci\\\/startuje-17-edycja-wiosny-z-fryderykiem-w-programie-sa-cztery-koncerty-i-pokaz-filmowy\\\/\"},\"wordCount\":313,\"commentCount\":0,\"publisher\":{\"@id\":\"https:\\\/\\\/www.24gliwice.pl\\\/wiadomosci\\\/#organization\"},\"image\":{\"@id\":\"https:\\\/\\\/www.24gliwice.pl\\\/wiadomosci\\\/startuje-17-edycja-wiosny-z-fryderykiem-w-programie-sa-cztery-koncerty-i-pokaz-filmowy\\\/#primaryimage\"},\"thumbnailUrl\":\"https:\\\/\\\/www.24gliwice.pl\\\/wiadomosci\\\/wp-content\\\/uploads\\\/2026\\\/03\\\/wiosna-z-fryderykiem.jpg\",\"keywords\":[\"KONCERT\",\"wiosna z Fryderykiem\"],\"articleSection\":[\"Gliwice\",\"Kultura, wydarzenia, imprezy\",\"Najnowsze wiadomo\u015bci\"],\"inLanguage\":\"pl-PL\",\"potentialAction\":[{\"@type\":\"CommentAction\",\"name\":\"Comment\",\"target\":[\"https:\\\/\\\/www.24gliwice.pl\\\/wiadomosci\\\/startuje-17-edycja-wiosny-z-fryderykiem-w-programie-sa-cztery-koncerty-i-pokaz-filmowy\\\/#respond\"]}]},{\"@type\":\"WebPage\",\"@id\":\"https:\\\/\\\/www.24gliwice.pl\\\/wiadomosci\\\/startuje-17-edycja-wiosny-z-fryderykiem-w-programie-sa-cztery-koncerty-i-pokaz-filmowy\\\/\",\"url\":\"https:\\\/\\\/www.24gliwice.pl\\\/wiadomosci\\\/startuje-17-edycja-wiosny-z-fryderykiem-w-programie-sa-cztery-koncerty-i-pokaz-filmowy\\\/\",\"name\":\"Startuje 17. edycja \\\"Wiosny z Fryderykiem\\\". W programie s\u0105 cztery koncerty i pokaz filmowy - 24GLIWICE - Portal Gliwice | codziennie nowe informacje\",\"isPartOf\":{\"@id\":\"https:\\\/\\\/www.24gliwice.pl\\\/wiadomosci\\\/#website\"},\"primaryImageOfPage\":{\"@id\":\"https:\\\/\\\/www.24gliwice.pl\\\/wiadomosci\\\/startuje-17-edycja-wiosny-z-fryderykiem-w-programie-sa-cztery-koncerty-i-pokaz-filmowy\\\/#primaryimage\"},\"image\":{\"@id\":\"https:\\\/\\\/www.24gliwice.pl\\\/wiadomosci\\\/startuje-17-edycja-wiosny-z-fryderykiem-w-programie-sa-cztery-koncerty-i-pokaz-filmowy\\\/#primaryimage\"},\"thumbnailUrl\":\"https:\\\/\\\/www.24gliwice.pl\\\/wiadomosci\\\/wp-content\\\/uploads\\\/2026\\\/03\\\/wiosna-z-fryderykiem.jpg\",\"datePublished\":\"2026-03-07T02:06:15+00:00\",\"description\":\"Tegoroczny festiwal \\\"Wiosna z Fryderykiem\\\" rozpocznie si\u0119 8 marca, a koncerty odbywa\u0107 si\u0119 b\u0119d\u0105 w ka\u017cd\u0105 niedziel\u0119 marca o godzinie 19:30\",\"breadcrumb\":{\"@id\":\"https:\\\/\\\/www.24gliwice.pl\\\/wiadomosci\\\/startuje-17-edycja-wiosny-z-fryderykiem-w-programie-sa-cztery-koncerty-i-pokaz-filmowy\\\/#breadcrumb\"},\"inLanguage\":\"pl-PL\",\"potentialAction\":[{\"@type\":\"ReadAction\",\"target\":[\"https:\\\/\\\/www.24gliwice.pl\\\/wiadomosci\\\/startuje-17-edycja-wiosny-z-fryderykiem-w-programie-sa-cztery-koncerty-i-pokaz-filmowy\\\/\"]}]},{\"@type\":\"ImageObject\",\"inLanguage\":\"pl-PL\",\"@id\":\"https:\\\/\\\/www.24gliwice.pl\\\/wiadomosci\\\/startuje-17-edycja-wiosny-z-fryderykiem-w-programie-sa-cztery-koncerty-i-pokaz-filmowy\\\/#primaryimage\",\"url\":\"https:\\\/\\\/www.24gliwice.pl\\\/wiadomosci\\\/wp-content\\\/uploads\\\/2026\\\/03\\\/wiosna-z-fryderykiem.jpg\",\"contentUrl\":\"https:\\\/\\\/www.24gliwice.pl\\\/wiadomosci\\\/wp-content\\\/uploads\\\/2026\\\/03\\\/wiosna-z-fryderykiem.jpg\",\"width\":810,\"height\":455},{\"@type\":\"BreadcrumbList\",\"@id\":\"https:\\\/\\\/www.24gliwice.pl\\\/wiadomosci\\\/startuje-17-edycja-wiosny-z-fryderykiem-w-programie-sa-cztery-koncerty-i-pokaz-filmowy\\\/#breadcrumb\",\"itemListElement\":[{\"@type\":\"ListItem\",\"position\":1,\"name\":\"Strona g\u0142\u00f3wna\",\"item\":\"https:\\\/\\\/www.24gliwice.pl\\\/wiadomosci\\\/\"},{\"@type\":\"ListItem\",\"position\":2,\"name\":\"Startuje 17. edycja &#8220;Wiosny z Fryderykiem&#8221;. W programie s\u0105 cztery koncerty i pokaz filmowy\"}]},{\"@type\":\"WebSite\",\"@id\":\"https:\\\/\\\/www.24gliwice.pl\\\/wiadomosci\\\/#website\",\"url\":\"https:\\\/\\\/www.24gliwice.pl\\\/wiadomosci\\\/\",\"name\":\"24GLIWICE - Portal Gliwice | codziennie nowe wiadomo\u015bci\",\"description\":\"Portal Miejski Gliwice\",\"publisher\":{\"@id\":\"https:\\\/\\\/www.24gliwice.pl\\\/wiadomosci\\\/#organization\"},\"potentialAction\":[{\"@type\":\"SearchAction\",\"target\":{\"@type\":\"EntryPoint\",\"urlTemplate\":\"https:\\\/\\\/www.24gliwice.pl\\\/wiadomosci\\\/?s={search_term_string}\"},\"query-input\":{\"@type\":\"PropertyValueSpecification\",\"valueRequired\":true,\"valueName\":\"search_term_string\"}}],\"inLanguage\":\"pl-PL\"},{\"@type\":\"Organization\",\"@id\":\"https:\\\/\\\/www.24gliwice.pl\\\/wiadomosci\\\/#organization\",\"name\":\"24gliwice\",\"url\":\"https:\\\/\\\/www.24gliwice.pl\\\/wiadomosci\\\/\",\"logo\":{\"@type\":\"ImageObject\",\"inLanguage\":\"pl-PL\",\"@id\":\"https:\\\/\\\/www.24gliwice.pl\\\/wiadomosci\\\/#\\\/schema\\\/logo\\\/image\\\/\",\"url\":\"https:\\\/\\\/www.24gliwice.pl\\\/wiadomosci\\\/wp-content\\\/uploads\\\/2024\\\/10\\\/24gliwice-logo-696.jpg\",\"contentUrl\":\"https:\\\/\\\/www.24gliwice.pl\\\/wiadomosci\\\/wp-content\\\/uploads\\\/2024\\\/10\\\/24gliwice-logo-696.jpg\",\"width\":696,\"height\":696,\"caption\":\"24gliwice\"},\"image\":{\"@id\":\"https:\\\/\\\/www.24gliwice.pl\\\/wiadomosci\\\/#\\\/schema\\\/logo\\\/image\\\/\"},\"sameAs\":[\"https:\\\/\\\/www.facebook.com\\\/24gliwice\",\"https:\\\/\\\/x.com\\\/24gliwice\",\"https:\\\/\\\/www.youtube.com\\\/@24gliwice\"]},{\"@type\":\"Person\",\"@id\":\"https:\\\/\\\/www.24gliwice.pl\\\/wiadomosci\\\/#\\\/schema\\\/person\\\/e42c650edd7f2fa332be3811fb166b6e\",\"name\":\"\u017baneta Mrozek-Siewierska\",\"image\":{\"@type\":\"ImageObject\",\"inLanguage\":\"pl-PL\",\"@id\":\"https:\\\/\\\/secure.gravatar.com\\\/avatar\\\/1881429e9c64597c77ad7aef2d0a19be69a3253e57534d16aa15bf3a4d34a0a3?s=96&d=mm&r=g\",\"url\":\"https:\\\/\\\/secure.gravatar.com\\\/avatar\\\/1881429e9c64597c77ad7aef2d0a19be69a3253e57534d16aa15bf3a4d34a0a3?s=96&d=mm&r=g\",\"contentUrl\":\"https:\\\/\\\/secure.gravatar.com\\\/avatar\\\/1881429e9c64597c77ad7aef2d0a19be69a3253e57534d16aa15bf3a4d34a0a3?s=96&d=mm&r=g\",\"caption\":\"\u017baneta Mrozek-Siewierska\"},\"url\":\"https:\\\/\\\/www.24gliwice.pl\\\/wiadomosci\\\/author\\\/zms\\\/\"}]}<\/script>\n<!-- \/ Yoast SEO plugin. -->","yoast_head_json":{"title":"Startuje 17. edycja \"Wiosny z Fryderykiem\". W programie s\u0105 cztery koncerty i pokaz filmowy - 24GLIWICE - Portal Gliwice | codziennie nowe informacje","description":"Tegoroczny festiwal \"Wiosna z Fryderykiem\" rozpocznie si\u0119 8 marca, a koncerty odbywa\u0107 si\u0119 b\u0119d\u0105 w ka\u017cd\u0105 niedziel\u0119 marca o godzinie 19:30","robots":{"index":"index","follow":"follow","max-snippet":"max-snippet:-1","max-image-preview":"max-image-preview:large","max-video-preview":"max-video-preview:-1"},"canonical":"https:\/\/www.24gliwice.pl\/wiadomosci\/startuje-17-edycja-wiosny-z-fryderykiem-w-programie-sa-cztery-koncerty-i-pokaz-filmowy\/","og_locale":"pl_PL","og_type":"article","og_title":"Startuje 17. edycja \"Wiosny z Fryderykiem\". W programie s\u0105 cztery koncerty i pokaz filmowy - 24GLIWICE - Portal Gliwice | codziennie nowe informacje","og_description":"Tegoroczny festiwal \"Wiosna z Fryderykiem\" rozpocznie si\u0119 8 marca, a koncerty odbywa\u0107 si\u0119 b\u0119d\u0105 w ka\u017cd\u0105 niedziel\u0119 marca o godzinie 19:30","og_url":"https:\/\/www.24gliwice.pl\/wiadomosci\/startuje-17-edycja-wiosny-z-fryderykiem-w-programie-sa-cztery-koncerty-i-pokaz-filmowy\/","og_site_name":"24GLIWICE - Portal Gliwice | codziennie nowe informacje","article_publisher":"https:\/\/www.facebook.com\/24gliwice","article_published_time":"2026-03-07T02:06:15+00:00","og_image":[{"width":810,"height":455,"url":"https:\/\/www.24gliwice.pl\/wiadomosci\/wp-content\/uploads\/2026\/03\/wiosna-z-fryderykiem.jpg","type":"image\/jpeg"}],"author":"\u017baneta Mrozek-Siewierska","twitter_card":"summary_large_image","twitter_creator":"@24gliwice","twitter_site":"@24gliwice","twitter_misc":{"Napisane przez":"\u017baneta Mrozek-Siewierska","Szacowany czas czytania":"2 minuty"},"schema":{"@context":"https:\/\/schema.org","@graph":[{"@type":"Article","@id":"https:\/\/www.24gliwice.pl\/wiadomosci\/startuje-17-edycja-wiosny-z-fryderykiem-w-programie-sa-cztery-koncerty-i-pokaz-filmowy\/#article","isPartOf":{"@id":"https:\/\/www.24gliwice.pl\/wiadomosci\/startuje-17-edycja-wiosny-z-fryderykiem-w-programie-sa-cztery-koncerty-i-pokaz-filmowy\/"},"author":{"name":"\u017baneta Mrozek-Siewierska","@id":"https:\/\/www.24gliwice.pl\/wiadomosci\/#\/schema\/person\/e42c650edd7f2fa332be3811fb166b6e"},"headline":"Startuje 17. edycja &#8220;Wiosny z Fryderykiem&#8221;. W programie s\u0105 cztery koncerty i pokaz filmowy","datePublished":"2026-03-07T02:06:15+00:00","mainEntityOfPage":{"@id":"https:\/\/www.24gliwice.pl\/wiadomosci\/startuje-17-edycja-wiosny-z-fryderykiem-w-programie-sa-cztery-koncerty-i-pokaz-filmowy\/"},"wordCount":313,"commentCount":0,"publisher":{"@id":"https:\/\/www.24gliwice.pl\/wiadomosci\/#organization"},"image":{"@id":"https:\/\/www.24gliwice.pl\/wiadomosci\/startuje-17-edycja-wiosny-z-fryderykiem-w-programie-sa-cztery-koncerty-i-pokaz-filmowy\/#primaryimage"},"thumbnailUrl":"https:\/\/www.24gliwice.pl\/wiadomosci\/wp-content\/uploads\/2026\/03\/wiosna-z-fryderykiem.jpg","keywords":["KONCERT","wiosna z Fryderykiem"],"articleSection":["Gliwice","Kultura, wydarzenia, imprezy","Najnowsze wiadomo\u015bci"],"inLanguage":"pl-PL","potentialAction":[{"@type":"CommentAction","name":"Comment","target":["https:\/\/www.24gliwice.pl\/wiadomosci\/startuje-17-edycja-wiosny-z-fryderykiem-w-programie-sa-cztery-koncerty-i-pokaz-filmowy\/#respond"]}]},{"@type":"WebPage","@id":"https:\/\/www.24gliwice.pl\/wiadomosci\/startuje-17-edycja-wiosny-z-fryderykiem-w-programie-sa-cztery-koncerty-i-pokaz-filmowy\/","url":"https:\/\/www.24gliwice.pl\/wiadomosci\/startuje-17-edycja-wiosny-z-fryderykiem-w-programie-sa-cztery-koncerty-i-pokaz-filmowy\/","name":"Startuje 17. edycja \"Wiosny z Fryderykiem\". W programie s\u0105 cztery koncerty i pokaz filmowy - 24GLIWICE - Portal Gliwice | codziennie nowe informacje","isPartOf":{"@id":"https:\/\/www.24gliwice.pl\/wiadomosci\/#website"},"primaryImageOfPage":{"@id":"https:\/\/www.24gliwice.pl\/wiadomosci\/startuje-17-edycja-wiosny-z-fryderykiem-w-programie-sa-cztery-koncerty-i-pokaz-filmowy\/#primaryimage"},"image":{"@id":"https:\/\/www.24gliwice.pl\/wiadomosci\/startuje-17-edycja-wiosny-z-fryderykiem-w-programie-sa-cztery-koncerty-i-pokaz-filmowy\/#primaryimage"},"thumbnailUrl":"https:\/\/www.24gliwice.pl\/wiadomosci\/wp-content\/uploads\/2026\/03\/wiosna-z-fryderykiem.jpg","datePublished":"2026-03-07T02:06:15+00:00","description":"Tegoroczny festiwal \"Wiosna z Fryderykiem\" rozpocznie si\u0119 8 marca, a koncerty odbywa\u0107 si\u0119 b\u0119d\u0105 w ka\u017cd\u0105 niedziel\u0119 marca o godzinie 19:30","breadcrumb":{"@id":"https:\/\/www.24gliwice.pl\/wiadomosci\/startuje-17-edycja-wiosny-z-fryderykiem-w-programie-sa-cztery-koncerty-i-pokaz-filmowy\/#breadcrumb"},"inLanguage":"pl-PL","potentialAction":[{"@type":"ReadAction","target":["https:\/\/www.24gliwice.pl\/wiadomosci\/startuje-17-edycja-wiosny-z-fryderykiem-w-programie-sa-cztery-koncerty-i-pokaz-filmowy\/"]}]},{"@type":"ImageObject","inLanguage":"pl-PL","@id":"https:\/\/www.24gliwice.pl\/wiadomosci\/startuje-17-edycja-wiosny-z-fryderykiem-w-programie-sa-cztery-koncerty-i-pokaz-filmowy\/#primaryimage","url":"https:\/\/www.24gliwice.pl\/wiadomosci\/wp-content\/uploads\/2026\/03\/wiosna-z-fryderykiem.jpg","contentUrl":"https:\/\/www.24gliwice.pl\/wiadomosci\/wp-content\/uploads\/2026\/03\/wiosna-z-fryderykiem.jpg","width":810,"height":455},{"@type":"BreadcrumbList","@id":"https:\/\/www.24gliwice.pl\/wiadomosci\/startuje-17-edycja-wiosny-z-fryderykiem-w-programie-sa-cztery-koncerty-i-pokaz-filmowy\/#breadcrumb","itemListElement":[{"@type":"ListItem","position":1,"name":"Strona g\u0142\u00f3wna","item":"https:\/\/www.24gliwice.pl\/wiadomosci\/"},{"@type":"ListItem","position":2,"name":"Startuje 17. edycja &#8220;Wiosny z Fryderykiem&#8221;. W programie s\u0105 cztery koncerty i pokaz filmowy"}]},{"@type":"WebSite","@id":"https:\/\/www.24gliwice.pl\/wiadomosci\/#website","url":"https:\/\/www.24gliwice.pl\/wiadomosci\/","name":"24GLIWICE - Portal Gliwice | codziennie nowe wiadomo\u015bci","description":"Portal Miejski Gliwice","publisher":{"@id":"https:\/\/www.24gliwice.pl\/wiadomosci\/#organization"},"potentialAction":[{"@type":"SearchAction","target":{"@type":"EntryPoint","urlTemplate":"https:\/\/www.24gliwice.pl\/wiadomosci\/?s={search_term_string}"},"query-input":{"@type":"PropertyValueSpecification","valueRequired":true,"valueName":"search_term_string"}}],"inLanguage":"pl-PL"},{"@type":"Organization","@id":"https:\/\/www.24gliwice.pl\/wiadomosci\/#organization","name":"24gliwice","url":"https:\/\/www.24gliwice.pl\/wiadomosci\/","logo":{"@type":"ImageObject","inLanguage":"pl-PL","@id":"https:\/\/www.24gliwice.pl\/wiadomosci\/#\/schema\/logo\/image\/","url":"https:\/\/www.24gliwice.pl\/wiadomosci\/wp-content\/uploads\/2024\/10\/24gliwice-logo-696.jpg","contentUrl":"https:\/\/www.24gliwice.pl\/wiadomosci\/wp-content\/uploads\/2024\/10\/24gliwice-logo-696.jpg","width":696,"height":696,"caption":"24gliwice"},"image":{"@id":"https:\/\/www.24gliwice.pl\/wiadomosci\/#\/schema\/logo\/image\/"},"sameAs":["https:\/\/www.facebook.com\/24gliwice","https:\/\/x.com\/24gliwice","https:\/\/www.youtube.com\/@24gliwice"]},{"@type":"Person","@id":"https:\/\/www.24gliwice.pl\/wiadomosci\/#\/schema\/person\/e42c650edd7f2fa332be3811fb166b6e","name":"\u017baneta Mrozek-Siewierska","image":{"@type":"ImageObject","inLanguage":"pl-PL","@id":"https:\/\/secure.gravatar.com\/avatar\/1881429e9c64597c77ad7aef2d0a19be69a3253e57534d16aa15bf3a4d34a0a3?s=96&d=mm&r=g","url":"https:\/\/secure.gravatar.com\/avatar\/1881429e9c64597c77ad7aef2d0a19be69a3253e57534d16aa15bf3a4d34a0a3?s=96&d=mm&r=g","contentUrl":"https:\/\/secure.gravatar.com\/avatar\/1881429e9c64597c77ad7aef2d0a19be69a3253e57534d16aa15bf3a4d34a0a3?s=96&d=mm&r=g","caption":"\u017baneta Mrozek-Siewierska"},"url":"https:\/\/www.24gliwice.pl\/wiadomosci\/author\/zms\/"}]}},"_links":{"self":[{"href":"https:\/\/www.24gliwice.pl\/wiadomosci\/wp-json\/wp\/v2\/posts\/267430","targetHints":{"allow":["GET"]}}],"collection":[{"href":"https:\/\/www.24gliwice.pl\/wiadomosci\/wp-json\/wp\/v2\/posts"}],"about":[{"href":"https:\/\/www.24gliwice.pl\/wiadomosci\/wp-json\/wp\/v2\/types\/post"}],"author":[{"embeddable":true,"href":"https:\/\/www.24gliwice.pl\/wiadomosci\/wp-json\/wp\/v2\/users\/15"}],"replies":[{"embeddable":true,"href":"https:\/\/www.24gliwice.pl\/wiadomosci\/wp-json\/wp\/v2\/comments?post=267430"}],"version-history":[{"count":0,"href":"https:\/\/www.24gliwice.pl\/wiadomosci\/wp-json\/wp\/v2\/posts\/267430\/revisions"}],"wp:featuredmedia":[{"embeddable":true,"href":"https:\/\/www.24gliwice.pl\/wiadomosci\/wp-json\/wp\/v2\/media\/267432"}],"wp:attachment":[{"href":"https:\/\/www.24gliwice.pl\/wiadomosci\/wp-json\/wp\/v2\/media?parent=267430"}],"wp:term":[{"taxonomy":"category","embeddable":true,"href":"https:\/\/www.24gliwice.pl\/wiadomosci\/wp-json\/wp\/v2\/categories?post=267430"},{"taxonomy":"post_tag","embeddable":true,"href":"https:\/\/www.24gliwice.pl\/wiadomosci\/wp-json\/wp\/v2\/tags?post=267430"}],"curies":[{"name":"wp","href":"https:\/\/api.w.org\/{rel}","templated":true}]}}