{"id":267434,"date":"2026-03-09T10:39:43","date_gmt":"2026-03-09T09:39:43","guid":{"rendered":"https:\/\/www.24gliwice.pl\/wiadomosci\/?p=267434"},"modified":"2026-03-10T18:40:31","modified_gmt":"2026-03-10T17:40:31","slug":"historia-kartki-pocztowej-na-przykladzie-zbiorow-ks-josefa-jaglo-z-gliwic-wyklad-w-zamku-piastowskim","status":"publish","type":"post","link":"https:\/\/www.24gliwice.pl\/wiadomosci\/historia-kartki-pocztowej-na-przykladzie-zbiorow-ks-josefa-jaglo-z-gliwic-wyklad-w-zamku-piastowskim\/","title":{"rendered":"\u201eHistoria kartki pocztowej na przyk\u0142adzie zbior\u00f3w ks. Josefa Jaglo z Gliwic\u201d. Wyk\u0142ad w Zamku Piastowskim"},"content":{"rendered":"<div class=\"gliwi-a6-nad-leadem-artykulow gliwi-entity-placement\" id=\"gliwi-3587930085\"><div class=\"gliwi-adlabel\"><span style=\"font-size: 9px\">REKLAMA<\/span><\/div><div id=\"gliwi-1849734908\" style=\"margin-bottom: 25px;margin-left: auto;margin-right: auto;text-align: center;\"><a data-no-instant=\"1\" href=\"https:\/\/dom100.eu\/\" rel=\"noopener\" class=\"a2t-link\" target=\"_blank\" aria-label=\"20260415 DOM100 D\"><img loading=\"lazy\" decoding=\"async\" src=\"https:\/\/www.24gliwice.pl\/wiadomosci\/wp-content\/uploads\/2026\/04\/20260415-DOM100-D.jpg\" alt=\"\"  srcset=\"https:\/\/www.24gliwice.pl\/wiadomosci\/wp-content\/uploads\/2026\/04\/20260415-DOM100-D.jpg 750w, https:\/\/www.24gliwice.pl\/wiadomosci\/wp-content\/uploads\/2026\/04\/20260415-DOM100-D-410x109.jpg 410w\" sizes=\"(max-width: 750px) 100vw, 750px\" class=\"no-lazyload\" width=\"750\" height=\"200\"  style=\"display: inline-block; max-width: 100%; height: auto;\" \/><\/a><\/div><\/div><h2>\u201eHistoria kartki pocztowej na przyk\u0142adzie zbior\u00f3w ks. Josefa Jaglo z Gliwic\u201d &#8211; to tytu\u0142 wyk\u0142adu, jaki w ramach cyklu \u201eZ przesz\u0142o\u015bci Gliwic i G\u00f3rnego \u015al\u0105ska&#8230;&#8221; wyg\u0142osi Joanna Puchalik. Wydarzenie odb\u0119dzie si\u0119 w \u015brod\u0119, 11 marca, w Zamku Piastowskim (ul. Pod Murami 2). Rozpocz\u0119cie o godzinie 17:00.<\/h2>\n<p><!--more--><\/p>\n<p>Wst\u0119p jest wolny, ale liczba miejsc ograniczona. Organizatorem jest Muzeum w Gliwicach. <\/p>\n<p>&#8211; <em>W dzisiejszych, cyfrowych czasach papierowa kartka pocztowa to ju\u017c nieco zapomniany przedmiot. Epoka, w jakiej \u017cyjemy nie sprzyja troch\u0119 sentymentalnemu zwyczajowi wysy\u0142ania poczt\u00f3wek ze znaczkiem z pozdrowieniami z miejscowo\u015bci, w kt\u00f3rej przebywamy. Podobnie rzecz ma si\u0119 z fotografi\u0105 papierow\u0105. Niewielu wybiera si\u0119 ju\u017c w najlepszym ubraniu do zak\u0142adu fotograficznego celem wykonania zdj\u0119cia na papierowym tle z namalowanym krajobrazem. Niemniej jednak stare zdj\u0119cia czy poczt\u00f3wki wci\u0105\u017c maja sw\u00f3j romantyczny urok, podobnie jak r\u0119cznie wypisane pozdrowienia czy dedykacja- najlepiej oczywi\u015bcie pi\u00f3rem<\/em> &#8211; zapowiadaj\u0105 organizatorzy. <\/p><div class=\"gliwi-a3-w-tresci-artykulow gliwi-entity-placement\" id=\"gliwi-355727855\"><div class=\"gliwi-adlabel\"><span style=\"font-size: 9px\">REKLAMA<\/span><\/div><div id=\"gliwi-834498669\" style=\"margin-bottom: 30px;margin-left: auto;margin-right: auto;text-align: center;\"><a data-no-instant=\"1\" href=\"https:\/\/zlobek.halogen.org.pl\/\" rel=\"noopener\" class=\"a2t-link\" target=\"_blank\" aria-label=\"animator-zlobek_750x200\"><img loading=\"lazy\" decoding=\"async\" src=\"https:\/\/www.24gliwice.pl\/wiadomosci\/wp-content\/uploads\/2026\/02\/animator-zlobek_750x200.webp\" alt=\"\"  srcset=\"https:\/\/www.24gliwice.pl\/wiadomosci\/wp-content\/uploads\/2026\/02\/animator-zlobek_750x200.webp 750w, https:\/\/www.24gliwice.pl\/wiadomosci\/wp-content\/uploads\/2026\/02\/animator-zlobek_750x200-410x109.webp 410w\" sizes=\"(max-width: 750px) 100vw, 750px\" class=\"no-lazyload\" width=\"750\" height=\"200\"  style=\"display: inline-block; max-width: 100%; height: auto;\" \/><\/a><\/div><\/div>\n<p>&#8211; Dwa wyk\u0142ady \u2013 o poczt\u00f3wkach i o fotografiach maja na celu przywo\u0142anie tych dawniej do\u015b\u0107 powszechnych zwyczaj\u00f3w i pokazanie w jaki spos\u00f3b mog\u0105 one by\u0107 pomocne w poszukiwaniu i odkrywaniu starych historii i tajemnic rodzinnych. Po sposobie wykonania, ilustracji, pozie czy ubiorze mo\u017cna odgadn\u0105\u0107 czas w jakim powsta\u0142y a widoki czy adresy przywo\u0142uj\u0105 nieistniej\u0105ce ju\u017c nazwy ulic, wygl\u0105d budynk\u00f3w czy po prostu wspomnienia o rzeczach minionych \u2013 m\u00f3wi <strong>Joanna Puchalik.<\/strong><\/p>\n<blockquote><p><em>Mo\u017ce maj\u0105 Pa\u0144stwo w swoich zbiorach jakie\u015b stare, zakurzone, od dawna nie ogl\u0105dane poczt\u00f3wki? Zach\u0119camy do przyniesienia na wyk\u0142ad \u2013 wsp\u00f3lnie spr\u00f3bujemy ja zadatowa\u0107 i odtworzy\u0107 zapomniane detale z ich przesz\u0142o\u015bci<\/em> <\/p><\/blockquote>\n<p>&#8211; zach\u0119ca MwG.<\/p>\n<p>Cykl \u201eZ przesz\u0142o\u015bci Gliwic i G\u00f3rnego \u015al\u0105ska w \u015bwietle zbior\u00f3w Muzeum w Gliwicach i archiwali\u00f3w\u201d przygotowano z my\u015bl\u0105 o ch\u0119ci szerszej ni\u017c zazwyczaj prezentacji zasob\u00f3w historycznych i kontekstu w jakich one powsta\u0142y. To rzadka okazja do bli\u017cszego poznania nie tylko ciekawych zabytkowych obiekt\u00f3w znajduj\u0105cych si\u0119 w Dziale Historii, ale te\u017c pos\u0142uchania tego, co maj\u0105 o nich do powiedzenia ludzie, kt\u00f3rzy na co dzie\u0144 z nimi obcuj\u0105, dbaj\u0105 o nie i je opracowuj\u0105. <\/p>\n<p>&#8211; <em>Dzi\u0119ki bezpo\u015bredniemu kontaktowi z Pa\u0144stwem, historycy ch\u0119tnie podziel\u0105 si\u0119 wiedz\u0105 zdobyt\u0105 w toku wieloletniej pracy w Muzeum w oparciu o prezentowane na tych wyk\u0142adach zbiory<\/em> &#8211; podsumowuje Muzeum. <\/p>\n<p><a href=\"https:\/\/muzeum.gliwice.pl\/pl\/wydarzenia\/historia-kartki-pocztowej-na-przykladzie-ks-josefa-jaglo\" target=\"_blank\">Wi\u0119cej o cyklu i harmonogram kolejnych spotka\u0144 &#8211; link.<\/a><\/p>\n<p>(\u017cms)\/MwG<br \/>\nfot. mat. organizatora<\/p>\n<div class=\"gliwi-a5-na-koncu-artykulow gliwi-entity-placement\" id=\"gliwi-2108825658\"><div class=\"gliwi-adlabel\"><span style=\"font-size: 9px\">REKLAMA<\/span><\/div><div id=\"gliwi-3648666535\" style=\"margin-left: auto;margin-right: auto;text-align: center;\"><a data-no-instant=\"1\" href=\"https:\/\/prezeroarenagliwice.pl\/\" rel=\"noopener\" class=\"a2t-link\" target=\"_blank\" aria-label=\"20260309-PREZERO-WIOSNA-D\"><img loading=\"lazy\" decoding=\"async\" src=\"https:\/\/www.24gliwice.pl\/wiadomosci\/wp-content\/uploads\/2026\/03\/20260309-PREZERO-WIOSNA-D.webp\" alt=\"\"  srcset=\"https:\/\/www.24gliwice.pl\/wiadomosci\/wp-content\/uploads\/2026\/03\/20260309-PREZERO-WIOSNA-D.webp 750w, https:\/\/www.24gliwice.pl\/wiadomosci\/wp-content\/uploads\/2026\/03\/20260309-PREZERO-WIOSNA-D-410x109.webp 410w\" sizes=\"(max-width: 750px) 100vw, 750px\" class=\"no-lazyload\" width=\"750\" height=\"200\"  style=\"display: inline-block; max-width: 100%; height: auto;\" \/><\/a><\/div><\/div>","protected":false},"excerpt":{"rendered":"<p>\u201eHistoria kartki pocztowej na przyk\u0142adzie zbior\u00f3w ks. Josefa Jaglo z Gliwic\u201d &#8211; to tytu\u0142 wyk\u0142adu, jaki w ramach cyklu \u201eZ przesz\u0142o\u015bci Gliwic i G\u00f3rnego \u015al\u0105ska&#8230;&#8221; wyg\u0142osi Joanna Puchalik. Wydarzenie odb\u0119dzie si\u0119 w \u015brod\u0119, 11 marca, w Zamku Piastowskim (ul. Pod Murami 2). Rozpocz\u0119cie o godzinie 17:00.<\/p>\n","protected":false},"author":15,"featured_media":267435,"comment_status":"open","ping_status":"closed","sticky":false,"template":"","format":"standard","meta":{"_monsterinsights_skip_tracking":false,"_monsterinsights_sitenote_active":false,"_monsterinsights_sitenote_note":"","_monsterinsights_sitenote_category":0,"footnotes":"","_links_to":"","_links_to_target":""},"categories":[3,6,1],"tags":[5674,10962],"class_list":["post-267434","post","type-post","status-publish","format-standard","has-post-thumbnail","hentry","category-gliwice","category-kultura","category-wszystko","tag-muzeum","tag-wyklad"],"yoast_head":"<!-- This site is optimized with the Yoast SEO plugin v27.5 - https:\/\/yoast.com\/product\/yoast-seo-wordpress\/ -->\n<title>\u201eHistoria kartki pocztowej na przyk\u0142adzie zbior\u00f3w ks. Josefa Jaglo z Gliwic\u201d. Wyk\u0142ad w Zamku Piastowskim - 24GLIWICE - Portal Gliwice | codziennie nowe informacje<\/title>\n<meta name=\"description\" content=\"\u201eHistoria kartki pocztowej na przyk\u0142adzie zbior\u00f3w ks. Josefa Jaglo z Gliwic\u201d to tytu\u0142 wyk\u0142adu, kt\u00f3ry odb\u0119dzie si\u0119 w Zamku Piastowskim\" \/>\n<meta name=\"robots\" content=\"index, follow, max-snippet:-1, max-image-preview:large, max-video-preview:-1\" \/>\n<link rel=\"canonical\" href=\"https:\/\/www.24gliwice.pl\/wiadomosci\/historia-kartki-pocztowej-na-przykladzie-zbiorow-ks-josefa-jaglo-z-gliwic-wyklad-w-zamku-piastowskim\/\" \/>\n<meta property=\"og:locale\" content=\"pl_PL\" \/>\n<meta property=\"og:type\" content=\"article\" \/>\n<meta property=\"og:title\" content=\"\u201eHistoria kartki pocztowej na przyk\u0142adzie zbior\u00f3w ks. Josefa Jaglo z Gliwic\u201d. Wyk\u0142ad w Zamku Piastowskim - 24GLIWICE - Portal Gliwice | codziennie nowe informacje\" \/>\n<meta property=\"og:description\" content=\"\u201eHistoria kartki pocztowej na przyk\u0142adzie zbior\u00f3w ks. Josefa Jaglo z Gliwic\u201d to tytu\u0142 wyk\u0142adu, kt\u00f3ry odb\u0119dzie si\u0119 w Zamku Piastowskim\" \/>\n<meta property=\"og:url\" content=\"https:\/\/www.24gliwice.pl\/wiadomosci\/historia-kartki-pocztowej-na-przykladzie-zbiorow-ks-josefa-jaglo-z-gliwic-wyklad-w-zamku-piastowskim\/\" \/>\n<meta property=\"og:site_name\" content=\"24GLIWICE - Portal Gliwice | codziennie nowe informacje\" \/>\n<meta property=\"article:publisher\" content=\"https:\/\/www.facebook.com\/24gliwice\" \/>\n<meta property=\"article:published_time\" content=\"2026-03-09T09:39:43+00:00\" \/>\n<meta property=\"article:modified_time\" content=\"2026-03-10T17:40:31+00:00\" \/>\n<meta property=\"og:image\" content=\"https:\/\/www.24gliwice.pl\/wiadomosci\/wp-content\/uploads\/2026\/03\/muzeum-historia-kartki-pocztowej.jpg\" \/>\n\t<meta property=\"og:image:width\" content=\"810\" \/>\n\t<meta property=\"og:image:height\" content=\"456\" \/>\n\t<meta property=\"og:image:type\" content=\"image\/jpeg\" \/>\n<meta name=\"author\" content=\"\u017baneta Mrozek-Siewierska\" \/>\n<meta name=\"twitter:card\" content=\"summary_large_image\" \/>\n<meta name=\"twitter:creator\" content=\"@24gliwice\" \/>\n<meta name=\"twitter:site\" content=\"@24gliwice\" \/>\n<meta name=\"twitter:label1\" content=\"Napisane przez\" \/>\n\t<meta name=\"twitter:data1\" content=\"\u017baneta Mrozek-Siewierska\" \/>\n\t<meta name=\"twitter:label2\" content=\"Szacowany czas czytania\" \/>\n\t<meta name=\"twitter:data2\" content=\"3 minuty\" \/>\n<script type=\"application\/ld+json\" class=\"yoast-schema-graph\">{\"@context\":\"https:\\\/\\\/schema.org\",\"@graph\":[{\"@type\":\"Article\",\"@id\":\"https:\\\/\\\/www.24gliwice.pl\\\/wiadomosci\\\/historia-kartki-pocztowej-na-przykladzie-zbiorow-ks-josefa-jaglo-z-gliwic-wyklad-w-zamku-piastowskim\\\/#article\",\"isPartOf\":{\"@id\":\"https:\\\/\\\/www.24gliwice.pl\\\/wiadomosci\\\/historia-kartki-pocztowej-na-przykladzie-zbiorow-ks-josefa-jaglo-z-gliwic-wyklad-w-zamku-piastowskim\\\/\"},\"author\":{\"name\":\"\u017baneta Mrozek-Siewierska\",\"@id\":\"https:\\\/\\\/www.24gliwice.pl\\\/wiadomosci\\\/#\\\/schema\\\/person\\\/e42c650edd7f2fa332be3811fb166b6e\"},\"headline\":\"\u201eHistoria kartki pocztowej na przyk\u0142adzie zbior\u00f3w ks. Josefa Jaglo z Gliwic\u201d. Wyk\u0142ad w Zamku Piastowskim\",\"datePublished\":\"2026-03-09T09:39:43+00:00\",\"dateModified\":\"2026-03-10T17:40:31+00:00\",\"mainEntityOfPage\":{\"@id\":\"https:\\\/\\\/www.24gliwice.pl\\\/wiadomosci\\\/historia-kartki-pocztowej-na-przykladzie-zbiorow-ks-josefa-jaglo-z-gliwic-wyklad-w-zamku-piastowskim\\\/\"},\"wordCount\":440,\"commentCount\":0,\"publisher\":{\"@id\":\"https:\\\/\\\/www.24gliwice.pl\\\/wiadomosci\\\/#organization\"},\"image\":{\"@id\":\"https:\\\/\\\/www.24gliwice.pl\\\/wiadomosci\\\/historia-kartki-pocztowej-na-przykladzie-zbiorow-ks-josefa-jaglo-z-gliwic-wyklad-w-zamku-piastowskim\\\/#primaryimage\"},\"thumbnailUrl\":\"https:\\\/\\\/www.24gliwice.pl\\\/wiadomosci\\\/wp-content\\\/uploads\\\/2026\\\/03\\\/muzeum-historia-kartki-pocztowej.jpg\",\"keywords\":[\"MUZEUM\",\"WYK\u0141AD\"],\"articleSection\":[\"Gliwice\",\"Kultura, wydarzenia, imprezy\",\"Najnowsze wiadomo\u015bci\"],\"inLanguage\":\"pl-PL\",\"potentialAction\":[{\"@type\":\"CommentAction\",\"name\":\"Comment\",\"target\":[\"https:\\\/\\\/www.24gliwice.pl\\\/wiadomosci\\\/historia-kartki-pocztowej-na-przykladzie-zbiorow-ks-josefa-jaglo-z-gliwic-wyklad-w-zamku-piastowskim\\\/#respond\"]}]},{\"@type\":\"WebPage\",\"@id\":\"https:\\\/\\\/www.24gliwice.pl\\\/wiadomosci\\\/historia-kartki-pocztowej-na-przykladzie-zbiorow-ks-josefa-jaglo-z-gliwic-wyklad-w-zamku-piastowskim\\\/\",\"url\":\"https:\\\/\\\/www.24gliwice.pl\\\/wiadomosci\\\/historia-kartki-pocztowej-na-przykladzie-zbiorow-ks-josefa-jaglo-z-gliwic-wyklad-w-zamku-piastowskim\\\/\",\"name\":\"\u201eHistoria kartki pocztowej na przyk\u0142adzie zbior\u00f3w ks. Josefa Jaglo z Gliwic\u201d. Wyk\u0142ad w Zamku Piastowskim - 24GLIWICE - Portal Gliwice | codziennie nowe informacje\",\"isPartOf\":{\"@id\":\"https:\\\/\\\/www.24gliwice.pl\\\/wiadomosci\\\/#website\"},\"primaryImageOfPage\":{\"@id\":\"https:\\\/\\\/www.24gliwice.pl\\\/wiadomosci\\\/historia-kartki-pocztowej-na-przykladzie-zbiorow-ks-josefa-jaglo-z-gliwic-wyklad-w-zamku-piastowskim\\\/#primaryimage\"},\"image\":{\"@id\":\"https:\\\/\\\/www.24gliwice.pl\\\/wiadomosci\\\/historia-kartki-pocztowej-na-przykladzie-zbiorow-ks-josefa-jaglo-z-gliwic-wyklad-w-zamku-piastowskim\\\/#primaryimage\"},\"thumbnailUrl\":\"https:\\\/\\\/www.24gliwice.pl\\\/wiadomosci\\\/wp-content\\\/uploads\\\/2026\\\/03\\\/muzeum-historia-kartki-pocztowej.jpg\",\"datePublished\":\"2026-03-09T09:39:43+00:00\",\"dateModified\":\"2026-03-10T17:40:31+00:00\",\"description\":\"\u201eHistoria kartki pocztowej na przyk\u0142adzie zbior\u00f3w ks. Josefa Jaglo z Gliwic\u201d to tytu\u0142 wyk\u0142adu, kt\u00f3ry odb\u0119dzie si\u0119 w Zamku Piastowskim\",\"breadcrumb\":{\"@id\":\"https:\\\/\\\/www.24gliwice.pl\\\/wiadomosci\\\/historia-kartki-pocztowej-na-przykladzie-zbiorow-ks-josefa-jaglo-z-gliwic-wyklad-w-zamku-piastowskim\\\/#breadcrumb\"},\"inLanguage\":\"pl-PL\",\"potentialAction\":[{\"@type\":\"ReadAction\",\"target\":[\"https:\\\/\\\/www.24gliwice.pl\\\/wiadomosci\\\/historia-kartki-pocztowej-na-przykladzie-zbiorow-ks-josefa-jaglo-z-gliwic-wyklad-w-zamku-piastowskim\\\/\"]}]},{\"@type\":\"ImageObject\",\"inLanguage\":\"pl-PL\",\"@id\":\"https:\\\/\\\/www.24gliwice.pl\\\/wiadomosci\\\/historia-kartki-pocztowej-na-przykladzie-zbiorow-ks-josefa-jaglo-z-gliwic-wyklad-w-zamku-piastowskim\\\/#primaryimage\",\"url\":\"https:\\\/\\\/www.24gliwice.pl\\\/wiadomosci\\\/wp-content\\\/uploads\\\/2026\\\/03\\\/muzeum-historia-kartki-pocztowej.jpg\",\"contentUrl\":\"https:\\\/\\\/www.24gliwice.pl\\\/wiadomosci\\\/wp-content\\\/uploads\\\/2026\\\/03\\\/muzeum-historia-kartki-pocztowej.jpg\",\"width\":810,\"height\":456},{\"@type\":\"BreadcrumbList\",\"@id\":\"https:\\\/\\\/www.24gliwice.pl\\\/wiadomosci\\\/historia-kartki-pocztowej-na-przykladzie-zbiorow-ks-josefa-jaglo-z-gliwic-wyklad-w-zamku-piastowskim\\\/#breadcrumb\",\"itemListElement\":[{\"@type\":\"ListItem\",\"position\":1,\"name\":\"Strona g\u0142\u00f3wna\",\"item\":\"https:\\\/\\\/www.24gliwice.pl\\\/wiadomosci\\\/\"},{\"@type\":\"ListItem\",\"position\":2,\"name\":\"\u201eHistoria kartki pocztowej na przyk\u0142adzie zbior\u00f3w ks. Josefa Jaglo z Gliwic\u201d. Wyk\u0142ad w Zamku Piastowskim\"}]},{\"@type\":\"WebSite\",\"@id\":\"https:\\\/\\\/www.24gliwice.pl\\\/wiadomosci\\\/#website\",\"url\":\"https:\\\/\\\/www.24gliwice.pl\\\/wiadomosci\\\/\",\"name\":\"24GLIWICE - Portal Gliwice | codziennie nowe wiadomo\u015bci\",\"description\":\"Portal Miejski Gliwice\",\"publisher\":{\"@id\":\"https:\\\/\\\/www.24gliwice.pl\\\/wiadomosci\\\/#organization\"},\"potentialAction\":[{\"@type\":\"SearchAction\",\"target\":{\"@type\":\"EntryPoint\",\"urlTemplate\":\"https:\\\/\\\/www.24gliwice.pl\\\/wiadomosci\\\/?s={search_term_string}\"},\"query-input\":{\"@type\":\"PropertyValueSpecification\",\"valueRequired\":true,\"valueName\":\"search_term_string\"}}],\"inLanguage\":\"pl-PL\"},{\"@type\":\"Organization\",\"@id\":\"https:\\\/\\\/www.24gliwice.pl\\\/wiadomosci\\\/#organization\",\"name\":\"24gliwice\",\"url\":\"https:\\\/\\\/www.24gliwice.pl\\\/wiadomosci\\\/\",\"logo\":{\"@type\":\"ImageObject\",\"inLanguage\":\"pl-PL\",\"@id\":\"https:\\\/\\\/www.24gliwice.pl\\\/wiadomosci\\\/#\\\/schema\\\/logo\\\/image\\\/\",\"url\":\"https:\\\/\\\/www.24gliwice.pl\\\/wiadomosci\\\/wp-content\\\/uploads\\\/2024\\\/10\\\/24gliwice-logo-696.jpg\",\"contentUrl\":\"https:\\\/\\\/www.24gliwice.pl\\\/wiadomosci\\\/wp-content\\\/uploads\\\/2024\\\/10\\\/24gliwice-logo-696.jpg\",\"width\":696,\"height\":696,\"caption\":\"24gliwice\"},\"image\":{\"@id\":\"https:\\\/\\\/www.24gliwice.pl\\\/wiadomosci\\\/#\\\/schema\\\/logo\\\/image\\\/\"},\"sameAs\":[\"https:\\\/\\\/www.facebook.com\\\/24gliwice\",\"https:\\\/\\\/x.com\\\/24gliwice\",\"https:\\\/\\\/www.youtube.com\\\/@24gliwice\"]},{\"@type\":\"Person\",\"@id\":\"https:\\\/\\\/www.24gliwice.pl\\\/wiadomosci\\\/#\\\/schema\\\/person\\\/e42c650edd7f2fa332be3811fb166b6e\",\"name\":\"\u017baneta Mrozek-Siewierska\",\"image\":{\"@type\":\"ImageObject\",\"inLanguage\":\"pl-PL\",\"@id\":\"https:\\\/\\\/secure.gravatar.com\\\/avatar\\\/1881429e9c64597c77ad7aef2d0a19be69a3253e57534d16aa15bf3a4d34a0a3?s=96&d=mm&r=g\",\"url\":\"https:\\\/\\\/secure.gravatar.com\\\/avatar\\\/1881429e9c64597c77ad7aef2d0a19be69a3253e57534d16aa15bf3a4d34a0a3?s=96&d=mm&r=g\",\"contentUrl\":\"https:\\\/\\\/secure.gravatar.com\\\/avatar\\\/1881429e9c64597c77ad7aef2d0a19be69a3253e57534d16aa15bf3a4d34a0a3?s=96&d=mm&r=g\",\"caption\":\"\u017baneta Mrozek-Siewierska\"},\"url\":\"https:\\\/\\\/www.24gliwice.pl\\\/wiadomosci\\\/author\\\/zms\\\/\"}]}<\/script>\n<!-- \/ Yoast SEO plugin. -->","yoast_head_json":{"title":"\u201eHistoria kartki pocztowej na przyk\u0142adzie zbior\u00f3w ks. Josefa Jaglo z Gliwic\u201d. Wyk\u0142ad w Zamku Piastowskim - 24GLIWICE - Portal Gliwice | codziennie nowe informacje","description":"\u201eHistoria kartki pocztowej na przyk\u0142adzie zbior\u00f3w ks. Josefa Jaglo z Gliwic\u201d to tytu\u0142 wyk\u0142adu, kt\u00f3ry odb\u0119dzie si\u0119 w Zamku Piastowskim","robots":{"index":"index","follow":"follow","max-snippet":"max-snippet:-1","max-image-preview":"max-image-preview:large","max-video-preview":"max-video-preview:-1"},"canonical":"https:\/\/www.24gliwice.pl\/wiadomosci\/historia-kartki-pocztowej-na-przykladzie-zbiorow-ks-josefa-jaglo-z-gliwic-wyklad-w-zamku-piastowskim\/","og_locale":"pl_PL","og_type":"article","og_title":"\u201eHistoria kartki pocztowej na przyk\u0142adzie zbior\u00f3w ks. Josefa Jaglo z Gliwic\u201d. Wyk\u0142ad w Zamku Piastowskim - 24GLIWICE - Portal Gliwice | codziennie nowe informacje","og_description":"\u201eHistoria kartki pocztowej na przyk\u0142adzie zbior\u00f3w ks. Josefa Jaglo z Gliwic\u201d to tytu\u0142 wyk\u0142adu, kt\u00f3ry odb\u0119dzie si\u0119 w Zamku Piastowskim","og_url":"https:\/\/www.24gliwice.pl\/wiadomosci\/historia-kartki-pocztowej-na-przykladzie-zbiorow-ks-josefa-jaglo-z-gliwic-wyklad-w-zamku-piastowskim\/","og_site_name":"24GLIWICE - Portal Gliwice | codziennie nowe informacje","article_publisher":"https:\/\/www.facebook.com\/24gliwice","article_published_time":"2026-03-09T09:39:43+00:00","article_modified_time":"2026-03-10T17:40:31+00:00","og_image":[{"width":810,"height":456,"url":"https:\/\/www.24gliwice.pl\/wiadomosci\/wp-content\/uploads\/2026\/03\/muzeum-historia-kartki-pocztowej.jpg","type":"image\/jpeg"}],"author":"\u017baneta Mrozek-Siewierska","twitter_card":"summary_large_image","twitter_creator":"@24gliwice","twitter_site":"@24gliwice","twitter_misc":{"Napisane przez":"\u017baneta Mrozek-Siewierska","Szacowany czas czytania":"3 minuty"},"schema":{"@context":"https:\/\/schema.org","@graph":[{"@type":"Article","@id":"https:\/\/www.24gliwice.pl\/wiadomosci\/historia-kartki-pocztowej-na-przykladzie-zbiorow-ks-josefa-jaglo-z-gliwic-wyklad-w-zamku-piastowskim\/#article","isPartOf":{"@id":"https:\/\/www.24gliwice.pl\/wiadomosci\/historia-kartki-pocztowej-na-przykladzie-zbiorow-ks-josefa-jaglo-z-gliwic-wyklad-w-zamku-piastowskim\/"},"author":{"name":"\u017baneta Mrozek-Siewierska","@id":"https:\/\/www.24gliwice.pl\/wiadomosci\/#\/schema\/person\/e42c650edd7f2fa332be3811fb166b6e"},"headline":"\u201eHistoria kartki pocztowej na przyk\u0142adzie zbior\u00f3w ks. Josefa Jaglo z Gliwic\u201d. Wyk\u0142ad w Zamku Piastowskim","datePublished":"2026-03-09T09:39:43+00:00","dateModified":"2026-03-10T17:40:31+00:00","mainEntityOfPage":{"@id":"https:\/\/www.24gliwice.pl\/wiadomosci\/historia-kartki-pocztowej-na-przykladzie-zbiorow-ks-josefa-jaglo-z-gliwic-wyklad-w-zamku-piastowskim\/"},"wordCount":440,"commentCount":0,"publisher":{"@id":"https:\/\/www.24gliwice.pl\/wiadomosci\/#organization"},"image":{"@id":"https:\/\/www.24gliwice.pl\/wiadomosci\/historia-kartki-pocztowej-na-przykladzie-zbiorow-ks-josefa-jaglo-z-gliwic-wyklad-w-zamku-piastowskim\/#primaryimage"},"thumbnailUrl":"https:\/\/www.24gliwice.pl\/wiadomosci\/wp-content\/uploads\/2026\/03\/muzeum-historia-kartki-pocztowej.jpg","keywords":["MUZEUM","WYK\u0141AD"],"articleSection":["Gliwice","Kultura, wydarzenia, imprezy","Najnowsze wiadomo\u015bci"],"inLanguage":"pl-PL","potentialAction":[{"@type":"CommentAction","name":"Comment","target":["https:\/\/www.24gliwice.pl\/wiadomosci\/historia-kartki-pocztowej-na-przykladzie-zbiorow-ks-josefa-jaglo-z-gliwic-wyklad-w-zamku-piastowskim\/#respond"]}]},{"@type":"WebPage","@id":"https:\/\/www.24gliwice.pl\/wiadomosci\/historia-kartki-pocztowej-na-przykladzie-zbiorow-ks-josefa-jaglo-z-gliwic-wyklad-w-zamku-piastowskim\/","url":"https:\/\/www.24gliwice.pl\/wiadomosci\/historia-kartki-pocztowej-na-przykladzie-zbiorow-ks-josefa-jaglo-z-gliwic-wyklad-w-zamku-piastowskim\/","name":"\u201eHistoria kartki pocztowej na przyk\u0142adzie zbior\u00f3w ks. Josefa Jaglo z Gliwic\u201d. Wyk\u0142ad w Zamku Piastowskim - 24GLIWICE - Portal Gliwice | codziennie nowe informacje","isPartOf":{"@id":"https:\/\/www.24gliwice.pl\/wiadomosci\/#website"},"primaryImageOfPage":{"@id":"https:\/\/www.24gliwice.pl\/wiadomosci\/historia-kartki-pocztowej-na-przykladzie-zbiorow-ks-josefa-jaglo-z-gliwic-wyklad-w-zamku-piastowskim\/#primaryimage"},"image":{"@id":"https:\/\/www.24gliwice.pl\/wiadomosci\/historia-kartki-pocztowej-na-przykladzie-zbiorow-ks-josefa-jaglo-z-gliwic-wyklad-w-zamku-piastowskim\/#primaryimage"},"thumbnailUrl":"https:\/\/www.24gliwice.pl\/wiadomosci\/wp-content\/uploads\/2026\/03\/muzeum-historia-kartki-pocztowej.jpg","datePublished":"2026-03-09T09:39:43+00:00","dateModified":"2026-03-10T17:40:31+00:00","description":"\u201eHistoria kartki pocztowej na przyk\u0142adzie zbior\u00f3w ks. Josefa Jaglo z Gliwic\u201d to tytu\u0142 wyk\u0142adu, kt\u00f3ry odb\u0119dzie si\u0119 w Zamku Piastowskim","breadcrumb":{"@id":"https:\/\/www.24gliwice.pl\/wiadomosci\/historia-kartki-pocztowej-na-przykladzie-zbiorow-ks-josefa-jaglo-z-gliwic-wyklad-w-zamku-piastowskim\/#breadcrumb"},"inLanguage":"pl-PL","potentialAction":[{"@type":"ReadAction","target":["https:\/\/www.24gliwice.pl\/wiadomosci\/historia-kartki-pocztowej-na-przykladzie-zbiorow-ks-josefa-jaglo-z-gliwic-wyklad-w-zamku-piastowskim\/"]}]},{"@type":"ImageObject","inLanguage":"pl-PL","@id":"https:\/\/www.24gliwice.pl\/wiadomosci\/historia-kartki-pocztowej-na-przykladzie-zbiorow-ks-josefa-jaglo-z-gliwic-wyklad-w-zamku-piastowskim\/#primaryimage","url":"https:\/\/www.24gliwice.pl\/wiadomosci\/wp-content\/uploads\/2026\/03\/muzeum-historia-kartki-pocztowej.jpg","contentUrl":"https:\/\/www.24gliwice.pl\/wiadomosci\/wp-content\/uploads\/2026\/03\/muzeum-historia-kartki-pocztowej.jpg","width":810,"height":456},{"@type":"BreadcrumbList","@id":"https:\/\/www.24gliwice.pl\/wiadomosci\/historia-kartki-pocztowej-na-przykladzie-zbiorow-ks-josefa-jaglo-z-gliwic-wyklad-w-zamku-piastowskim\/#breadcrumb","itemListElement":[{"@type":"ListItem","position":1,"name":"Strona g\u0142\u00f3wna","item":"https:\/\/www.24gliwice.pl\/wiadomosci\/"},{"@type":"ListItem","position":2,"name":"\u201eHistoria kartki pocztowej na przyk\u0142adzie zbior\u00f3w ks. Josefa Jaglo z Gliwic\u201d. Wyk\u0142ad w Zamku Piastowskim"}]},{"@type":"WebSite","@id":"https:\/\/www.24gliwice.pl\/wiadomosci\/#website","url":"https:\/\/www.24gliwice.pl\/wiadomosci\/","name":"24GLIWICE - Portal Gliwice | codziennie nowe wiadomo\u015bci","description":"Portal Miejski Gliwice","publisher":{"@id":"https:\/\/www.24gliwice.pl\/wiadomosci\/#organization"},"potentialAction":[{"@type":"SearchAction","target":{"@type":"EntryPoint","urlTemplate":"https:\/\/www.24gliwice.pl\/wiadomosci\/?s={search_term_string}"},"query-input":{"@type":"PropertyValueSpecification","valueRequired":true,"valueName":"search_term_string"}}],"inLanguage":"pl-PL"},{"@type":"Organization","@id":"https:\/\/www.24gliwice.pl\/wiadomosci\/#organization","name":"24gliwice","url":"https:\/\/www.24gliwice.pl\/wiadomosci\/","logo":{"@type":"ImageObject","inLanguage":"pl-PL","@id":"https:\/\/www.24gliwice.pl\/wiadomosci\/#\/schema\/logo\/image\/","url":"https:\/\/www.24gliwice.pl\/wiadomosci\/wp-content\/uploads\/2024\/10\/24gliwice-logo-696.jpg","contentUrl":"https:\/\/www.24gliwice.pl\/wiadomosci\/wp-content\/uploads\/2024\/10\/24gliwice-logo-696.jpg","width":696,"height":696,"caption":"24gliwice"},"image":{"@id":"https:\/\/www.24gliwice.pl\/wiadomosci\/#\/schema\/logo\/image\/"},"sameAs":["https:\/\/www.facebook.com\/24gliwice","https:\/\/x.com\/24gliwice","https:\/\/www.youtube.com\/@24gliwice"]},{"@type":"Person","@id":"https:\/\/www.24gliwice.pl\/wiadomosci\/#\/schema\/person\/e42c650edd7f2fa332be3811fb166b6e","name":"\u017baneta Mrozek-Siewierska","image":{"@type":"ImageObject","inLanguage":"pl-PL","@id":"https:\/\/secure.gravatar.com\/avatar\/1881429e9c64597c77ad7aef2d0a19be69a3253e57534d16aa15bf3a4d34a0a3?s=96&d=mm&r=g","url":"https:\/\/secure.gravatar.com\/avatar\/1881429e9c64597c77ad7aef2d0a19be69a3253e57534d16aa15bf3a4d34a0a3?s=96&d=mm&r=g","contentUrl":"https:\/\/secure.gravatar.com\/avatar\/1881429e9c64597c77ad7aef2d0a19be69a3253e57534d16aa15bf3a4d34a0a3?s=96&d=mm&r=g","caption":"\u017baneta Mrozek-Siewierska"},"url":"https:\/\/www.24gliwice.pl\/wiadomosci\/author\/zms\/"}]}},"_links":{"self":[{"href":"https:\/\/www.24gliwice.pl\/wiadomosci\/wp-json\/wp\/v2\/posts\/267434","targetHints":{"allow":["GET"]}}],"collection":[{"href":"https:\/\/www.24gliwice.pl\/wiadomosci\/wp-json\/wp\/v2\/posts"}],"about":[{"href":"https:\/\/www.24gliwice.pl\/wiadomosci\/wp-json\/wp\/v2\/types\/post"}],"author":[{"embeddable":true,"href":"https:\/\/www.24gliwice.pl\/wiadomosci\/wp-json\/wp\/v2\/users\/15"}],"replies":[{"embeddable":true,"href":"https:\/\/www.24gliwice.pl\/wiadomosci\/wp-json\/wp\/v2\/comments?post=267434"}],"version-history":[{"count":0,"href":"https:\/\/www.24gliwice.pl\/wiadomosci\/wp-json\/wp\/v2\/posts\/267434\/revisions"}],"wp:featuredmedia":[{"embeddable":true,"href":"https:\/\/www.24gliwice.pl\/wiadomosci\/wp-json\/wp\/v2\/media\/267435"}],"wp:attachment":[{"href":"https:\/\/www.24gliwice.pl\/wiadomosci\/wp-json\/wp\/v2\/media?parent=267434"}],"wp:term":[{"taxonomy":"category","embeddable":true,"href":"https:\/\/www.24gliwice.pl\/wiadomosci\/wp-json\/wp\/v2\/categories?post=267434"},{"taxonomy":"post_tag","embeddable":true,"href":"https:\/\/www.24gliwice.pl\/wiadomosci\/wp-json\/wp\/v2\/tags?post=267434"}],"curies":[{"name":"wp","href":"https:\/\/api.w.org\/{rel}","templated":true}]}}