{"id":267438,"date":"2026-03-05T15:16:04","date_gmt":"2026-03-05T14:16:04","guid":{"rendered":"https:\/\/www.24gliwice.pl\/wiadomosci\/?p=267438"},"modified":"2026-03-05T15:16:23","modified_gmt":"2026-03-05T14:16:23","slug":"czy-czapka-z-welny-merino-jest-dobra","status":"publish","type":"post","link":"https:\/\/www.24gliwice.pl\/wiadomosci\/czy-czapka-z-welny-merino-jest-dobra\/","title":{"rendered":"Czy czapka z we\u0142ny merino jest dobra?"},"content":{"rendered":"<div id=\"gliwi-826439830\"><div class=\"gliwi-adlabel\"><span style=\"font-size: 9px\">REKLAMA<\/span><\/div><small>materia\u0142 partnera | <a href=\"https:\/\/www.24gliwice.pl\/wiadomosci\/material-partnera-warunki\/\" target=\"_blank\" rel=\"noopener\">informacja<\/a><\/small><\/div>\n<h4>Zima potrafi zaskoczy\u0107 nag\u0142ym spadkiem temperatury, a w g\u00f3rach czy podczas aktywno\u015bci outdoorowych komfort termiczny g\u0142owy ma kluczowe znaczenie. Wyb\u00f3r odpowiedniej czapki to nie tylko kwestia stylu, ale przede wszystkim zdrowia i wygody. Coraz wi\u0119cej os\u00f3b decyduje si\u0119 na czapki z we\u0142ny merino \u2013 materia\u0142u naturalnego, ekologicznego, wyj\u0105tkowo funkcjonalnego. Czy rzeczywi\u015bcie warto zainwestowa\u0107 w taki produkt?<\/h4>\n<p><!--more--><\/p>\n<hr>\n<h2>Czym jest we\u0142na merino?<\/h2>\n<p>We\u0142na merino pozyskiwana jest od owiec rasy merynos, hodowanych g\u0142\u00f3wnie w Australii i Nowej Zelandii. Charakteryzuje si\u0119 cienkimi, mi\u0119kkimi w\u0142\u00f3knami o \u015brednicy 15\u201324 \u00b5m, co czyni j\u0105 wyj\u0105tkowo delikatn\u0105 i przyjazn\u0105 dla sk\u00f3ry (w tym tak\u017ce dla os\u00f3b z wra\u017cliw\u0105 cer\u0105). Jest to materia\u0142 naturalny, odnawialny i biodegradowalny, a etyczne hodowle cz\u0119sto gwarantuj\u0105, \u017ce pozyskiwanie we\u0142ny odbywa si\u0119 w spos\u00f3b zr\u00f3wnowa\u017cony, bez praktyk mulesingu.<\/p>\n<p>We\u0142na merino wykazuje w\u0142a\u015bciwo\u015bci hipoalergiczne i antybakteryjne. Dzi\u0119ki obecno\u015bci lanoliny w\u0142\u00f3kna ograniczaj\u0105 rozw\u00f3j bakterii, co redukuje nieprzyjemne zapachy \u2013 nawet w przypadku intensywnego wysi\u0142ku fizycznego. To wszystko sprawia, \u017ce produkty z merino s\u0105 ch\u0119tnie wybierane przez:<\/p>\n<ul>\n<li>\n<p>osoby aktywne,<\/p>\n<\/li>\n<li>\n<p>dzieci,<\/p>\n<\/li>\n<li>\n<p>alergik\u00f3w,<\/p>\n<\/li>\n<li>\n<p>chorych na atopowe zapalenie sk\u00f3ry.<\/p>\n<\/li>\n<\/ul>\n<h2>W\u0142a\u015bciwo\u015bci we\u0142ny merino<\/h2>\n<p>Czapki z we\u0142ny merino wyr\u00f3\u017cniaj\u0105 si\u0119 szeregiem w\u0142a\u015bciwo\u015bci, kt\u00f3re bezpo\u015brednio przek\u0142adaj\u0105 si\u0119 na komfort i funkcjonalno\u015b\u0107 u\u017cytkowania.<\/p>\n<ul>\n<li>\n<p><b>Termoregulacja<\/b> \u2013 we\u0142na merino utrzymuje optymaln\u0105 temperatur\u0119 g\u0142owy niezale\u017cnie od warunk\u00f3w atmosferycznych. Chroni przed zimnem, a podczas aktywno\u015bci fizycznej nie dopuszcza do przegrzania.<\/p>\n<\/li>\n<li>\n<p><b>Przewiewno\u015b\u0107 i odprowadzanie wilgoci<\/b> \u2013 w\u0142\u00f3kna mog\u0105 wch\u0142on\u0105\u0107 wod\u0119 do 30% swojej masy, pozostawiaj\u0105c sk\u00f3r\u0119 such\u0105. Nadmiar wilgoci odparowuje, dzi\u0119ki czemu czapka sprawdza si\u0119 nawet podczas intensywnego wysi\u0142ku.<\/p>\n<\/li>\n<li>\n<p><b>Hydrofobowo\u015b\u0107<\/b> \u2013 powierzchnia w\u0142\u00f3kien odpycha lekkie opady deszczu i \u015bniegu, a wilgo\u0107 transportowana jest na zewn\u0105trz.<\/p>\n<\/li>\n<li>\n<p><b>Delikatno\u015b\u0107 materia\u0142u<\/b> \u2013 dzi\u0119ki cienkim w\u0142\u00f3knom czapki z merino s\u0105 mi\u0119kkie, nie powoduj\u0105 podra\u017cnie\u0144 i mog\u0105 by\u0107 noszone przez osoby o wra\u017cliwej sk\u00f3rze czy dzieci.<\/p>\n<\/li>\n<li>\n<p><b>Izolacja termiczna zale\u017cna od gramatury<\/b> \u2013 l\u017cejsze modele (tj. 150 \u2013 200 g\/m\u00b2) sprawdz\u0105 si\u0119 w temperaturach powy\u017cej 0\u00b0C, \u015brednie (200 \u2013 300 g\/m\u00b2) w zakresie od +5\u00b0C do \u221210\u00b0C, a ci\u0119\u017csze (300 \u2013 350 g\/m\u00b2) zapewni\u0105 komfort nawet w mro\u017ane dni poni\u017cej \u221215\u00b0C.<\/p>\n<\/li>\n<li>\n<p><b>W\u0142a\u015bciwo\u015bci antybakteryjne<\/b> \u2013 czapki merino ograniczaj\u0105 rozw\u00f3j bakterii. Redukuje to nieprzyjemne zapachy i wyd\u0142u\u017ca czas u\u017cytkowania mi\u0119dzy praniami.<\/p>\n<\/li>\n<\/ul>\n<h2>Dlaczego warto zainwestowa\u0107 w czapk\u0119 z merino?<\/h2>\n<p>Czapka z we\u0142ny merino to po\u0142\u0105czenie funkcjonalno\u015bci, komfortu i odpowiedzialno\u015bci ekologicznej. Naturalne w\u0142\u00f3kna, takie jak te wykorzystywane do produkcji <a href=\"https:\/\/www.skalnik.pl\/odziez-akcesoria-akcesoria-czapki-arcteryx\"><u>czapki Arc&#8217;teryx<\/u><\/a>, cechuj\u0105 si\u0119 m.in.:<\/p>\n<ul>\n<li>\n<p>ochron\u0105 przed zimnem,<\/p>\n<\/li>\n<li>\n<p>odprowadzaniem wilgoci oraz utrzymaniem komfortu termicznego,<\/p>\n<\/li>\n<li>\n<p>ograniczeniem rozwoju bakterii i nieprzyjemnych zapach\u00f3w,<\/p>\n<\/li>\n<li>\n<p>mi\u0119kko\u015bci\u0105 i bezpiecze\u0144stwem dla wra\u017cliwej sk\u00f3ry.<\/p>\n<\/li>\n<\/ul>\n<h2>Podsumowanie<\/h2>\n<p>Czapka z we\u0142ny merino to inwestycja w wygod\u0119, zdrowie i ekologi\u0119. Dzi\u0119ki swoim wyj\u0105tkowym w\u0142a\u015bciwo\u015bciom termoregulacyjnym, antybakteryjnym oraz hydrofobowym sprawdza si\u0119 zar\u00f3wno w codziennym u\u017cytkowaniu, jak i w sportach outdoorowych. Naturalny, mi\u0119kki materia\u0142 jest bezpieczny dla sk\u00f3ry wra\u017cliwej i nadaje si\u0119 dla ca\u0142ej rodziny. Wybieraj\u0105c model o odpowiedniej gramaturze, z etycznego \u017ar\u00f3d\u0142a i dbaj\u0105c o piel\u0119gnacj\u0119, zyskujesz trwa\u0142y produkt, kt\u00f3ry pos\u0142u\u017cy przez wiele sezon\u00f3w.<\/p>\n<div id=\"gliwi-3491096233\"><div class=\"gliwi-adlabel\"><span style=\"font-size: 9px\">REKLAMA<\/span><\/div><small>materia\u0142 partnera | <a href=\"https:\/\/www.24gliwice.pl\/wiadomosci\/material-partnera-warunki\/\" target=\"_blank\" rel=\"noopener\">informacja<\/a><\/small><\/div>\n","protected":false},"excerpt":{"rendered":"<p>Zima potrafi zaskoczy\u0107 nag\u0142ym spadkiem temperatury, a w g\u00f3rach czy podczas aktywno\u015bci outdoorowych komfort termiczny g\u0142owy ma kluczowe znaczenie. Wyb\u00f3r odpowiedniej czapki to nie tylko kwestia stylu, ale przede wszystkim zdrowia i wygody. Coraz wi\u0119cej os\u00f3b decyduje si\u0119 na czapki z we\u0142ny merino \u2013 materia\u0142u naturalnego, ekologicznego, wyj\u0105tkowo funkcjonalnego. Czy rzeczywi\u015bcie warto zainwestowa\u0107 w taki [&hellip;]<\/p>\n","protected":false},"author":4,"featured_media":267439,"comment_status":"closed","ping_status":"closed","sticky":false,"template":"","format":"standard","meta":{"_monsterinsights_skip_tracking":false,"_monsterinsights_sitenote_active":false,"_monsterinsights_sitenote_note":"","_monsterinsights_sitenote_category":0,"footnotes":"","_links_to":"","_links_to_target":""},"categories":[22470],"tags":[],"class_list":["post-267438","post","type-post","status-publish","format-standard","has-post-thumbnail","hentry","category-material_p"],"yoast_head":"<!-- This site is optimized with the Yoast SEO plugin v27.5 - https:\/\/yoast.com\/product\/yoast-seo-wordpress\/ -->\n<title>Czy czapka z we\u0142ny merino jest dobra? - 24GLIWICE - Portal Gliwice | codziennie nowe informacje<\/title>\n<meta name=\"robots\" content=\"index, follow, max-snippet:-1, max-image-preview:large, max-video-preview:-1\" \/>\n<link rel=\"canonical\" href=\"https:\/\/www.24gliwice.pl\/wiadomosci\/czy-czapka-z-welny-merino-jest-dobra\/\" \/>\n<meta property=\"og:locale\" content=\"pl_PL\" \/>\n<meta property=\"og:type\" content=\"article\" \/>\n<meta property=\"og:title\" content=\"Czy czapka z we\u0142ny merino jest dobra? - 24GLIWICE - Portal Gliwice | codziennie nowe informacje\" \/>\n<meta property=\"og:description\" content=\"Zima potrafi zaskoczy\u0107 nag\u0142ym spadkiem temperatury, a w g\u00f3rach czy podczas aktywno\u015bci outdoorowych komfort termiczny g\u0142owy ma kluczowe znaczenie. Wyb\u00f3r odpowiedniej czapki to nie tylko kwestia stylu, ale przede wszystkim zdrowia i wygody. Coraz wi\u0119cej os\u00f3b decyduje si\u0119 na czapki z we\u0142ny merino \u2013 materia\u0142u naturalnego, ekologicznego, wyj\u0105tkowo funkcjonalnego. Czy rzeczywi\u015bcie warto zainwestowa\u0107 w taki [&hellip;]\" \/>\n<meta property=\"og:url\" content=\"https:\/\/www.24gliwice.pl\/wiadomosci\/czy-czapka-z-welny-merino-jest-dobra\/\" \/>\n<meta property=\"og:site_name\" content=\"24GLIWICE - Portal Gliwice | codziennie nowe informacje\" \/>\n<meta property=\"article:publisher\" content=\"https:\/\/www.facebook.com\/24gliwice\" \/>\n<meta property=\"article:author\" content=\"https:\/\/www.facebook.com\/marcin.fabrykowski\" \/>\n<meta property=\"article:published_time\" content=\"2026-03-05T14:16:04+00:00\" \/>\n<meta property=\"article:modified_time\" content=\"2026-03-05T14:16:23+00:00\" \/>\n<meta property=\"og:image\" content=\"https:\/\/www.24gliwice.pl\/wiadomosci\/wp-content\/uploads\/2026\/03\/adobestock_1757550140.jpg\" \/>\n\t<meta property=\"og:image:width\" content=\"810\" \/>\n\t<meta property=\"og:image:height\" content=\"428\" \/>\n\t<meta property=\"og:image:type\" content=\"image\/jpeg\" \/>\n<meta name=\"author\" content=\"Marcin Fabrykowski\" \/>\n<meta name=\"twitter:card\" content=\"summary_large_image\" \/>\n<meta name=\"twitter:creator\" content=\"@24gliwice\" \/>\n<meta name=\"twitter:site\" content=\"@24gliwice\" \/>\n<meta name=\"twitter:label1\" content=\"Napisane przez\" \/>\n\t<meta name=\"twitter:data1\" content=\"Marcin Fabrykowski\" \/>\n\t<meta name=\"twitter:label2\" content=\"Szacowany czas czytania\" \/>\n\t<meta name=\"twitter:data2\" content=\"1 minuta\" \/>\n<script type=\"application\/ld+json\" class=\"yoast-schema-graph\">{\"@context\":\"https:\\\/\\\/schema.org\",\"@graph\":[{\"@type\":\"Article\",\"@id\":\"https:\\\/\\\/www.24gliwice.pl\\\/wiadomosci\\\/czy-czapka-z-welny-merino-jest-dobra\\\/#article\",\"isPartOf\":{\"@id\":\"https:\\\/\\\/www.24gliwice.pl\\\/wiadomosci\\\/czy-czapka-z-welny-merino-jest-dobra\\\/\"},\"author\":{\"name\":\"Marcin Fabrykowski\",\"@id\":\"https:\\\/\\\/www.24gliwice.pl\\\/wiadomosci\\\/#\\\/schema\\\/person\\\/cb5857e4a4d048c15984c1edcc8ef0c0\"},\"headline\":\"Czy czapka z we\u0142ny merino jest dobra?\",\"datePublished\":\"2026-03-05T14:16:04+00:00\",\"dateModified\":\"2026-03-05T14:16:23+00:00\",\"mainEntityOfPage\":{\"@id\":\"https:\\\/\\\/www.24gliwice.pl\\\/wiadomosci\\\/czy-czapka-z-welny-merino-jest-dobra\\\/\"},\"wordCount\":578,\"publisher\":{\"@id\":\"https:\\\/\\\/www.24gliwice.pl\\\/wiadomosci\\\/#organization\"},\"image\":{\"@id\":\"https:\\\/\\\/www.24gliwice.pl\\\/wiadomosci\\\/czy-czapka-z-welny-merino-jest-dobra\\\/#primaryimage\"},\"thumbnailUrl\":\"https:\\\/\\\/www.24gliwice.pl\\\/wiadomosci\\\/wp-content\\\/uploads\\\/2026\\\/03\\\/adobestock_1757550140.jpg\",\"articleSection\":[\"materia\u0142 partnera\"],\"inLanguage\":\"pl-PL\"},{\"@type\":\"WebPage\",\"@id\":\"https:\\\/\\\/www.24gliwice.pl\\\/wiadomosci\\\/czy-czapka-z-welny-merino-jest-dobra\\\/\",\"url\":\"https:\\\/\\\/www.24gliwice.pl\\\/wiadomosci\\\/czy-czapka-z-welny-merino-jest-dobra\\\/\",\"name\":\"Czy czapka z we\u0142ny merino jest dobra? - 24GLIWICE - Portal Gliwice | codziennie nowe informacje\",\"isPartOf\":{\"@id\":\"https:\\\/\\\/www.24gliwice.pl\\\/wiadomosci\\\/#website\"},\"primaryImageOfPage\":{\"@id\":\"https:\\\/\\\/www.24gliwice.pl\\\/wiadomosci\\\/czy-czapka-z-welny-merino-jest-dobra\\\/#primaryimage\"},\"image\":{\"@id\":\"https:\\\/\\\/www.24gliwice.pl\\\/wiadomosci\\\/czy-czapka-z-welny-merino-jest-dobra\\\/#primaryimage\"},\"thumbnailUrl\":\"https:\\\/\\\/www.24gliwice.pl\\\/wiadomosci\\\/wp-content\\\/uploads\\\/2026\\\/03\\\/adobestock_1757550140.jpg\",\"datePublished\":\"2026-03-05T14:16:04+00:00\",\"dateModified\":\"2026-03-05T14:16:23+00:00\",\"breadcrumb\":{\"@id\":\"https:\\\/\\\/www.24gliwice.pl\\\/wiadomosci\\\/czy-czapka-z-welny-merino-jest-dobra\\\/#breadcrumb\"},\"inLanguage\":\"pl-PL\",\"potentialAction\":[{\"@type\":\"ReadAction\",\"target\":[\"https:\\\/\\\/www.24gliwice.pl\\\/wiadomosci\\\/czy-czapka-z-welny-merino-jest-dobra\\\/\"]}]},{\"@type\":\"ImageObject\",\"inLanguage\":\"pl-PL\",\"@id\":\"https:\\\/\\\/www.24gliwice.pl\\\/wiadomosci\\\/czy-czapka-z-welny-merino-jest-dobra\\\/#primaryimage\",\"url\":\"https:\\\/\\\/www.24gliwice.pl\\\/wiadomosci\\\/wp-content\\\/uploads\\\/2026\\\/03\\\/adobestock_1757550140.jpg\",\"contentUrl\":\"https:\\\/\\\/www.24gliwice.pl\\\/wiadomosci\\\/wp-content\\\/uploads\\\/2026\\\/03\\\/adobestock_1757550140.jpg\",\"width\":810,\"height\":428},{\"@type\":\"BreadcrumbList\",\"@id\":\"https:\\\/\\\/www.24gliwice.pl\\\/wiadomosci\\\/czy-czapka-z-welny-merino-jest-dobra\\\/#breadcrumb\",\"itemListElement\":[{\"@type\":\"ListItem\",\"position\":1,\"name\":\"Strona g\u0142\u00f3wna\",\"item\":\"https:\\\/\\\/www.24gliwice.pl\\\/wiadomosci\\\/\"},{\"@type\":\"ListItem\",\"position\":2,\"name\":\"Czy czapka z we\u0142ny merino jest dobra?\"}]},{\"@type\":\"WebSite\",\"@id\":\"https:\\\/\\\/www.24gliwice.pl\\\/wiadomosci\\\/#website\",\"url\":\"https:\\\/\\\/www.24gliwice.pl\\\/wiadomosci\\\/\",\"name\":\"24GLIWICE - Portal Gliwice | codziennie nowe wiadomo\u015bci\",\"description\":\"Portal Miejski Gliwice\",\"publisher\":{\"@id\":\"https:\\\/\\\/www.24gliwice.pl\\\/wiadomosci\\\/#organization\"},\"potentialAction\":[{\"@type\":\"SearchAction\",\"target\":{\"@type\":\"EntryPoint\",\"urlTemplate\":\"https:\\\/\\\/www.24gliwice.pl\\\/wiadomosci\\\/?s={search_term_string}\"},\"query-input\":{\"@type\":\"PropertyValueSpecification\",\"valueRequired\":true,\"valueName\":\"search_term_string\"}}],\"inLanguage\":\"pl-PL\"},{\"@type\":\"Organization\",\"@id\":\"https:\\\/\\\/www.24gliwice.pl\\\/wiadomosci\\\/#organization\",\"name\":\"24gliwice\",\"url\":\"https:\\\/\\\/www.24gliwice.pl\\\/wiadomosci\\\/\",\"logo\":{\"@type\":\"ImageObject\",\"inLanguage\":\"pl-PL\",\"@id\":\"https:\\\/\\\/www.24gliwice.pl\\\/wiadomosci\\\/#\\\/schema\\\/logo\\\/image\\\/\",\"url\":\"https:\\\/\\\/www.24gliwice.pl\\\/wiadomosci\\\/wp-content\\\/uploads\\\/2024\\\/10\\\/24gliwice-logo-696.jpg\",\"contentUrl\":\"https:\\\/\\\/www.24gliwice.pl\\\/wiadomosci\\\/wp-content\\\/uploads\\\/2024\\\/10\\\/24gliwice-logo-696.jpg\",\"width\":696,\"height\":696,\"caption\":\"24gliwice\"},\"image\":{\"@id\":\"https:\\\/\\\/www.24gliwice.pl\\\/wiadomosci\\\/#\\\/schema\\\/logo\\\/image\\\/\"},\"sameAs\":[\"https:\\\/\\\/www.facebook.com\\\/24gliwice\",\"https:\\\/\\\/x.com\\\/24gliwice\",\"https:\\\/\\\/www.youtube.com\\\/@24gliwice\"]},{\"@type\":\"Person\",\"@id\":\"https:\\\/\\\/www.24gliwice.pl\\\/wiadomosci\\\/#\\\/schema\\\/person\\\/cb5857e4a4d048c15984c1edcc8ef0c0\",\"name\":\"Marcin Fabrykowski\",\"image\":{\"@type\":\"ImageObject\",\"inLanguage\":\"pl-PL\",\"@id\":\"https:\\\/\\\/www.24gliwice.pl\\\/wiadomosci\\\/wp-content\\\/uploads\\\/2025\\\/11\\\/zdjecie-moje-marcin-300-96x96.jpg\",\"url\":\"https:\\\/\\\/www.24gliwice.pl\\\/wiadomosci\\\/wp-content\\\/uploads\\\/2025\\\/11\\\/zdjecie-moje-marcin-300-96x96.jpg\",\"contentUrl\":\"https:\\\/\\\/www.24gliwice.pl\\\/wiadomosci\\\/wp-content\\\/uploads\\\/2025\\\/11\\\/zdjecie-moje-marcin-300-96x96.jpg\",\"caption\":\"Marcin Fabrykowski\"},\"sameAs\":[\"http:\\\/\\\/24gliwice.pl\",\"https:\\\/\\\/www.facebook.com\\\/marcin.fabrykowski\"],\"url\":\"https:\\\/\\\/www.24gliwice.pl\\\/wiadomosci\\\/author\\\/marcin-fabrykowski\\\/\"}]}<\/script>\n<!-- \/ Yoast SEO plugin. -->","yoast_head_json":{"title":"Czy czapka z we\u0142ny merino jest dobra? - 24GLIWICE - Portal Gliwice | codziennie nowe informacje","robots":{"index":"index","follow":"follow","max-snippet":"max-snippet:-1","max-image-preview":"max-image-preview:large","max-video-preview":"max-video-preview:-1"},"canonical":"https:\/\/www.24gliwice.pl\/wiadomosci\/czy-czapka-z-welny-merino-jest-dobra\/","og_locale":"pl_PL","og_type":"article","og_title":"Czy czapka z we\u0142ny merino jest dobra? - 24GLIWICE - Portal Gliwice | codziennie nowe informacje","og_description":"Zima potrafi zaskoczy\u0107 nag\u0142ym spadkiem temperatury, a w g\u00f3rach czy podczas aktywno\u015bci outdoorowych komfort termiczny g\u0142owy ma kluczowe znaczenie. Wyb\u00f3r odpowiedniej czapki to nie tylko kwestia stylu, ale przede wszystkim zdrowia i wygody. Coraz wi\u0119cej os\u00f3b decyduje si\u0119 na czapki z we\u0142ny merino \u2013 materia\u0142u naturalnego, ekologicznego, wyj\u0105tkowo funkcjonalnego. Czy rzeczywi\u015bcie warto zainwestowa\u0107 w taki [&hellip;]","og_url":"https:\/\/www.24gliwice.pl\/wiadomosci\/czy-czapka-z-welny-merino-jest-dobra\/","og_site_name":"24GLIWICE - Portal Gliwice | codziennie nowe informacje","article_publisher":"https:\/\/www.facebook.com\/24gliwice","article_author":"https:\/\/www.facebook.com\/marcin.fabrykowski","article_published_time":"2026-03-05T14:16:04+00:00","article_modified_time":"2026-03-05T14:16:23+00:00","og_image":[{"width":810,"height":428,"url":"https:\/\/www.24gliwice.pl\/wiadomosci\/wp-content\/uploads\/2026\/03\/adobestock_1757550140.jpg","type":"image\/jpeg"}],"author":"Marcin Fabrykowski","twitter_card":"summary_large_image","twitter_creator":"@24gliwice","twitter_site":"@24gliwice","twitter_misc":{"Napisane przez":"Marcin Fabrykowski","Szacowany czas czytania":"1 minuta"},"schema":{"@context":"https:\/\/schema.org","@graph":[{"@type":"Article","@id":"https:\/\/www.24gliwice.pl\/wiadomosci\/czy-czapka-z-welny-merino-jest-dobra\/#article","isPartOf":{"@id":"https:\/\/www.24gliwice.pl\/wiadomosci\/czy-czapka-z-welny-merino-jest-dobra\/"},"author":{"name":"Marcin Fabrykowski","@id":"https:\/\/www.24gliwice.pl\/wiadomosci\/#\/schema\/person\/cb5857e4a4d048c15984c1edcc8ef0c0"},"headline":"Czy czapka z we\u0142ny merino jest dobra?","datePublished":"2026-03-05T14:16:04+00:00","dateModified":"2026-03-05T14:16:23+00:00","mainEntityOfPage":{"@id":"https:\/\/www.24gliwice.pl\/wiadomosci\/czy-czapka-z-welny-merino-jest-dobra\/"},"wordCount":578,"publisher":{"@id":"https:\/\/www.24gliwice.pl\/wiadomosci\/#organization"},"image":{"@id":"https:\/\/www.24gliwice.pl\/wiadomosci\/czy-czapka-z-welny-merino-jest-dobra\/#primaryimage"},"thumbnailUrl":"https:\/\/www.24gliwice.pl\/wiadomosci\/wp-content\/uploads\/2026\/03\/adobestock_1757550140.jpg","articleSection":["materia\u0142 partnera"],"inLanguage":"pl-PL"},{"@type":"WebPage","@id":"https:\/\/www.24gliwice.pl\/wiadomosci\/czy-czapka-z-welny-merino-jest-dobra\/","url":"https:\/\/www.24gliwice.pl\/wiadomosci\/czy-czapka-z-welny-merino-jest-dobra\/","name":"Czy czapka z we\u0142ny merino jest dobra? - 24GLIWICE - Portal Gliwice | codziennie nowe informacje","isPartOf":{"@id":"https:\/\/www.24gliwice.pl\/wiadomosci\/#website"},"primaryImageOfPage":{"@id":"https:\/\/www.24gliwice.pl\/wiadomosci\/czy-czapka-z-welny-merino-jest-dobra\/#primaryimage"},"image":{"@id":"https:\/\/www.24gliwice.pl\/wiadomosci\/czy-czapka-z-welny-merino-jest-dobra\/#primaryimage"},"thumbnailUrl":"https:\/\/www.24gliwice.pl\/wiadomosci\/wp-content\/uploads\/2026\/03\/adobestock_1757550140.jpg","datePublished":"2026-03-05T14:16:04+00:00","dateModified":"2026-03-05T14:16:23+00:00","breadcrumb":{"@id":"https:\/\/www.24gliwice.pl\/wiadomosci\/czy-czapka-z-welny-merino-jest-dobra\/#breadcrumb"},"inLanguage":"pl-PL","potentialAction":[{"@type":"ReadAction","target":["https:\/\/www.24gliwice.pl\/wiadomosci\/czy-czapka-z-welny-merino-jest-dobra\/"]}]},{"@type":"ImageObject","inLanguage":"pl-PL","@id":"https:\/\/www.24gliwice.pl\/wiadomosci\/czy-czapka-z-welny-merino-jest-dobra\/#primaryimage","url":"https:\/\/www.24gliwice.pl\/wiadomosci\/wp-content\/uploads\/2026\/03\/adobestock_1757550140.jpg","contentUrl":"https:\/\/www.24gliwice.pl\/wiadomosci\/wp-content\/uploads\/2026\/03\/adobestock_1757550140.jpg","width":810,"height":428},{"@type":"BreadcrumbList","@id":"https:\/\/www.24gliwice.pl\/wiadomosci\/czy-czapka-z-welny-merino-jest-dobra\/#breadcrumb","itemListElement":[{"@type":"ListItem","position":1,"name":"Strona g\u0142\u00f3wna","item":"https:\/\/www.24gliwice.pl\/wiadomosci\/"},{"@type":"ListItem","position":2,"name":"Czy czapka z we\u0142ny merino jest dobra?"}]},{"@type":"WebSite","@id":"https:\/\/www.24gliwice.pl\/wiadomosci\/#website","url":"https:\/\/www.24gliwice.pl\/wiadomosci\/","name":"24GLIWICE - Portal Gliwice | codziennie nowe wiadomo\u015bci","description":"Portal Miejski Gliwice","publisher":{"@id":"https:\/\/www.24gliwice.pl\/wiadomosci\/#organization"},"potentialAction":[{"@type":"SearchAction","target":{"@type":"EntryPoint","urlTemplate":"https:\/\/www.24gliwice.pl\/wiadomosci\/?s={search_term_string}"},"query-input":{"@type":"PropertyValueSpecification","valueRequired":true,"valueName":"search_term_string"}}],"inLanguage":"pl-PL"},{"@type":"Organization","@id":"https:\/\/www.24gliwice.pl\/wiadomosci\/#organization","name":"24gliwice","url":"https:\/\/www.24gliwice.pl\/wiadomosci\/","logo":{"@type":"ImageObject","inLanguage":"pl-PL","@id":"https:\/\/www.24gliwice.pl\/wiadomosci\/#\/schema\/logo\/image\/","url":"https:\/\/www.24gliwice.pl\/wiadomosci\/wp-content\/uploads\/2024\/10\/24gliwice-logo-696.jpg","contentUrl":"https:\/\/www.24gliwice.pl\/wiadomosci\/wp-content\/uploads\/2024\/10\/24gliwice-logo-696.jpg","width":696,"height":696,"caption":"24gliwice"},"image":{"@id":"https:\/\/www.24gliwice.pl\/wiadomosci\/#\/schema\/logo\/image\/"},"sameAs":["https:\/\/www.facebook.com\/24gliwice","https:\/\/x.com\/24gliwice","https:\/\/www.youtube.com\/@24gliwice"]},{"@type":"Person","@id":"https:\/\/www.24gliwice.pl\/wiadomosci\/#\/schema\/person\/cb5857e4a4d048c15984c1edcc8ef0c0","name":"Marcin Fabrykowski","image":{"@type":"ImageObject","inLanguage":"pl-PL","@id":"https:\/\/www.24gliwice.pl\/wiadomosci\/wp-content\/uploads\/2025\/11\/zdjecie-moje-marcin-300-96x96.jpg","url":"https:\/\/www.24gliwice.pl\/wiadomosci\/wp-content\/uploads\/2025\/11\/zdjecie-moje-marcin-300-96x96.jpg","contentUrl":"https:\/\/www.24gliwice.pl\/wiadomosci\/wp-content\/uploads\/2025\/11\/zdjecie-moje-marcin-300-96x96.jpg","caption":"Marcin Fabrykowski"},"sameAs":["http:\/\/24gliwice.pl","https:\/\/www.facebook.com\/marcin.fabrykowski"],"url":"https:\/\/www.24gliwice.pl\/wiadomosci\/author\/marcin-fabrykowski\/"}]}},"_links":{"self":[{"href":"https:\/\/www.24gliwice.pl\/wiadomosci\/wp-json\/wp\/v2\/posts\/267438","targetHints":{"allow":["GET"]}}],"collection":[{"href":"https:\/\/www.24gliwice.pl\/wiadomosci\/wp-json\/wp\/v2\/posts"}],"about":[{"href":"https:\/\/www.24gliwice.pl\/wiadomosci\/wp-json\/wp\/v2\/types\/post"}],"author":[{"embeddable":true,"href":"https:\/\/www.24gliwice.pl\/wiadomosci\/wp-json\/wp\/v2\/users\/4"}],"replies":[{"embeddable":true,"href":"https:\/\/www.24gliwice.pl\/wiadomosci\/wp-json\/wp\/v2\/comments?post=267438"}],"version-history":[{"count":0,"href":"https:\/\/www.24gliwice.pl\/wiadomosci\/wp-json\/wp\/v2\/posts\/267438\/revisions"}],"wp:featuredmedia":[{"embeddable":true,"href":"https:\/\/www.24gliwice.pl\/wiadomosci\/wp-json\/wp\/v2\/media\/267439"}],"wp:attachment":[{"href":"https:\/\/www.24gliwice.pl\/wiadomosci\/wp-json\/wp\/v2\/media?parent=267438"}],"wp:term":[{"taxonomy":"category","embeddable":true,"href":"https:\/\/www.24gliwice.pl\/wiadomosci\/wp-json\/wp\/v2\/categories?post=267438"},{"taxonomy":"post_tag","embeddable":true,"href":"https:\/\/www.24gliwice.pl\/wiadomosci\/wp-json\/wp\/v2\/tags?post=267438"}],"curies":[{"name":"wp","href":"https:\/\/api.w.org\/{rel}","templated":true}]}}