{"id":267452,"date":"2026-03-12T00:13:30","date_gmt":"2026-03-11T23:13:30","guid":{"rendered":"https:\/\/www.24gliwice.pl\/wiadomosci\/?p=267452"},"modified":"2026-03-12T00:13:30","modified_gmt":"2026-03-11T23:13:30","slug":"mobilne-zbiorki-elektrosmieci-wracaja-do-gliwickich-dzielnic-co-mozna-oddawac-harmonogram-na-2026-rok","status":"publish","type":"post","link":"https:\/\/www.24gliwice.pl\/wiadomosci\/mobilne-zbiorki-elektrosmieci-wracaja-do-gliwickich-dzielnic-co-mozna-oddawac-harmonogram-na-2026-rok\/","title":{"rendered":"Mobilne zbi\u00f3rki elektro\u015bmieci wracaj\u0105 do gliwickich dzielnic. Co mo\u017cna oddawa\u0107? Harmonogram na 2026 rok"},"content":{"rendered":"<div class=\"gliwi-a6-nad-leadem-artykulow gliwi-entity-placement\" id=\"gliwi-3904898881\"><div class=\"gliwi-adlabel\"><span style=\"font-size: 9px\">REKLAMA<\/span><\/div><div id=\"gliwi-3975293590\" style=\"margin-bottom: 25px;margin-left: auto;margin-right: auto;text-align: center;\"><a data-no-instant=\"1\" href=\"https:\/\/dom100.eu\/\" rel=\"noopener\" class=\"a2t-link\" target=\"_blank\" aria-label=\"20260415 DOM100 D\"><img loading=\"lazy\" decoding=\"async\" src=\"https:\/\/www.24gliwice.pl\/wiadomosci\/wp-content\/uploads\/2026\/04\/20260415-DOM100-D.jpg\" alt=\"\"  srcset=\"https:\/\/www.24gliwice.pl\/wiadomosci\/wp-content\/uploads\/2026\/04\/20260415-DOM100-D.jpg 750w, https:\/\/www.24gliwice.pl\/wiadomosci\/wp-content\/uploads\/2026\/04\/20260415-DOM100-D-410x109.jpg 410w\" sizes=\"(max-width: 750px) 100vw, 750px\" class=\"no-lazyload\" width=\"750\" height=\"200\"  style=\"display: inline-block; max-width: 100%; height: auto;\" \/><\/a><\/div><\/div><h2>Mobilne zbi\u00f3rki elektro\u015bmieci w 2026 roku b\u0119d\u0105 realizowane w 22 terminach. Pierwsz\u0105 okazj\u0119 do pozbycia si\u0119 sprz\u0119t\u00f3w &#8211; w sobot\u0119, 14 marca &#8211; b\u0119d\u0105 mieli mieszka\u0144cy dzielnic \u0141ab\u0119dy i Ostropa, cho\u0107 dostarczy\u0107 tam zu\u017cyte urz\u0105dzenia mog\u0105 Gliwiczanie z r\u00f3\u017cnych cz\u0119\u015bci miasta.<\/h2>\n<p><!--more--><\/p>\n<p>Podobnie jak w ubieg\u0142ym roku, w tym r\u00f3wnie\u017c odbiorem elektroodpad\u00f3w zajmowa\u0107 si\u0119 b\u0119dzie gliwicka sp\u00f3\u0142ka Ekomax. Co mo\u017cna oddawa\u0107 podczas mobilnych zbi\u00f3rek? W skr\u00f3cie &#8211; wszystko, co zasilane jest energi\u0105 elektryczn\u0105: ma\u0142e i du\u017ce sprz\u0119ty AGD, elementy o\u015bwietlenia, komputery, drukarki, a nawet nap\u0119dzane pr\u0105dem zabawki. Przyjmowane s\u0105 te\u017c &#8220;elementy eksploatacyjne&#8221; tych urz\u0105dze\u0144 np. tonery do drukarek.<\/p>\n<blockquote><p><em>W trosce o wygod\u0119 mieszka\u0144c\u00f3w, postanowili\u015bmy nie tworzy\u0107 szczeg\u00f3\u0142owej listy elektroodpad\u00f3w przyjmowanych podczas zbi\u00f3rek. Tak wi\u0119c na zbi\u00f3rk\u0119 mo\u017cna przynie\u015b\u0107 ka\u017cdy nienadaj\u0105cy si\u0119 ju\u017c do u\u017cytku sprz\u0119t elektryczny i elektroniczny \u0142\u0105cznie z bateriami<\/em><\/p><\/blockquote>\n<p>&#8211; informuje <strong>Micha\u0142 Ossoli\u0144ski <\/strong>Kierownik Dzia\u0142u Ochrony \u015arodowiska i Zak\u0142adu Przetwarzania ZSEiE w sp\u00f3\u0142ce Ekomax.<\/p><div class=\"gliwi-a3-w-tresci-artykulow gliwi-entity-placement\" id=\"gliwi-3019788575\"><div class=\"gliwi-adlabel\"><span style=\"font-size: 9px\">REKLAMA<\/span><\/div><div id=\"gliwi-3483706108\" style=\"margin-bottom: 30px;margin-left: auto;margin-right: auto;text-align: center;\"><a data-no-instant=\"1\" href=\"https:\/\/zlobek.halogen.org.pl\/\" rel=\"noopener\" class=\"a2t-link\" target=\"_blank\" aria-label=\"animator-zlobek_750x200\"><img loading=\"lazy\" decoding=\"async\" src=\"https:\/\/www.24gliwice.pl\/wiadomosci\/wp-content\/uploads\/2026\/02\/animator-zlobek_750x200.webp\" alt=\"\"  srcset=\"https:\/\/www.24gliwice.pl\/wiadomosci\/wp-content\/uploads\/2026\/02\/animator-zlobek_750x200.webp 750w, https:\/\/www.24gliwice.pl\/wiadomosci\/wp-content\/uploads\/2026\/02\/animator-zlobek_750x200-410x109.webp 410w\" sizes=\"(max-width: 750px) 100vw, 750px\" class=\"no-lazyload\" width=\"750\" height=\"200\"  style=\"display: inline-block; max-width: 100%; height: auto;\" \/><\/a><\/div><\/div>\n<p>&#8211; <em>Istotne jednak jest, aby elektroodpady by\u0142y w miar\u0119 kompletne, nie przynosimy na zbi\u00f3rk\u0119 pustych tzw. &#8220;skorup&#8221; czyli odpad\u00f3w pozbawionych wewn\u0119trznych element\u00f3w (np. tylko obudowy z tworzyw sztucznych pozbawione ca\u0142ej elektroniki), czy te\u017c ju\u017c zdemontowanych kineskop\u00f3w ze starszych typ\u00f3w telewizor\u00f3w, kt\u00f3re wymagaj\u0105 odr\u0119bnego post\u0119powania pod k\u0105tem bezpiecze\u0144stwa<\/em> &#8211; dodaje.<\/p>\n<p>Zbi\u00f3rki elektro\u015bmieci b\u0119d\u0105 odbywa\u0107 si\u0119 w r\u00f3\u017cnych dzielnicach Gliwic od 14 marca do 28 listopada, z cz\u0119stotliwo\u015bci\u0105 co 1-2 tygodnie (w miesi\u0105cach parzystych przypadaj\u0105 po 3 terminy). Warto pami\u0119ta\u0107, \u017ce odpady mo\u017cna dostarcza\u0107 na miejsce ich odbioru wy\u0142\u0105cznie w godzinach stacjonowania tam specjalnego samochodu. Wcze\u015bniejsze ich przynoszenie jest niedozwolone i mo\u017ce zosta\u0107 potraktowane jako za\u015bmiecanie. Ca\u0142y harmonogram tegorocznych zbi\u00f3rek znajduje si\u0119 na poni\u017cszej grafice oraz w formacie PDF:<br \/>\n<a href=\"https:\/\/www.24gliwice.pl\/wiadomosci\/wp-content\/uploads\/2026\/03\/HARMONOGRAM_ZBIOREK_ELEKTROSMIECI_2026-1.pdf\">HARMONOGRAM_ZBIOREK_ELEKTROSMIECI_2026 (1)<\/a><\/p>\n<p><a href=\"https:\/\/www.24gliwice.pl\/wiadomosci\/wp-content\/uploads\/2026\/03\/HARMONOGRAM_ZBIOREK_ELEKTROSMIECI_2026.jpg\"><img loading=\"lazy\" decoding=\"async\" class=\"alignnone  wp-image-267469\" src=\"https:\/\/www.24gliwice.pl\/wiadomosci\/wp-content\/uploads\/2026\/03\/HARMONOGRAM_ZBIOREK_ELEKTROSMIECI_2026.jpg\" alt=\"\" width=\"1185\" height=\"1675\" srcset=\"https:\/\/www.24gliwice.pl\/wiadomosci\/wp-content\/uploads\/2026\/03\/HARMONOGRAM_ZBIOREK_ELEKTROSMIECI_2026.jpg 849w, https:\/\/www.24gliwice.pl\/wiadomosci\/wp-content\/uploads\/2026\/03\/HARMONOGRAM_ZBIOREK_ELEKTROSMIECI_2026-164x232.jpg 164w, https:\/\/www.24gliwice.pl\/wiadomosci\/wp-content\/uploads\/2026\/03\/HARMONOGRAM_ZBIOREK_ELEKTROSMIECI_2026-322x455.jpg 322w, https:\/\/www.24gliwice.pl\/wiadomosci\/wp-content\/uploads\/2026\/03\/HARMONOGRAM_ZBIOREK_ELEKTROSMIECI_2026-768x1086.jpg 768w, https:\/\/www.24gliwice.pl\/wiadomosci\/wp-content\/uploads\/2026\/03\/HARMONOGRAM_ZBIOREK_ELEKTROSMIECI_2026-810x1145.jpg 810w\" sizes=\"auto, (max-width: 1185px) 100vw, 1185px\" \/><\/a><\/p>\n<h4>Lod\u00f3wka, pralka, 60-calowy telewizor? Mo\u017cna zam\u00f3wi\u0107 odbi\u00f3r<\/h4>\n<p>Kto chce si\u0119 pozby\u0107 gabarytowych elektroodpad\u00f3w, nie musi najmowa\u0107 ci\u0119\u017car\u00f3wki &#8211; w takich sytuacjach mo\u017cna skontaktowa\u0107 si\u0119 z firm\u0105 Ekomax. Sp\u00f3\u0142ka uruchomi\u0142a dwa dodatkowe kana\u0142y kontaktu i mo\u017cliwo\u015bci zg\u0142oszenia ch\u0119ci przekazania elektroodpad\u00f3w: numer telefonu:<strong> 882-102-882<\/strong>, a tak\u017ce adres e-mail: <a href=\"mailto:elektroodpady@ekomax.com.pl\" target=\"_blank\" rel=\"noopener\">elektroodpady@ekomax.com.pl<\/a>.<\/p>\n<p><a href=\"https:\/\/www.24gliwice.pl\/wiadomosci\/wp-content\/uploads\/2026\/03\/ekomax1-001.jpg\"><img loading=\"lazy\" decoding=\"async\" class=\"alignnone size-full wp-image-267466\" src=\"https:\/\/www.24gliwice.pl\/wiadomosci\/wp-content\/uploads\/2026\/03\/ekomax1-001.jpg\" alt=\"\" width=\"810\" height=\"457\" srcset=\"https:\/\/www.24gliwice.pl\/wiadomosci\/wp-content\/uploads\/2026\/03\/ekomax1-001.jpg 810w, https:\/\/www.24gliwice.pl\/wiadomosci\/wp-content\/uploads\/2026\/03\/ekomax1-001-410x232.jpg 410w, https:\/\/www.24gliwice.pl\/wiadomosci\/wp-content\/uploads\/2026\/03\/ekomax1-001-806x455.jpg 806w, https:\/\/www.24gliwice.pl\/wiadomosci\/wp-content\/uploads\/2026\/03\/ekomax1-001-768x433.jpg 768w\" sizes=\"auto, (max-width: 810px) 100vw, 810px\" \/><\/a><\/p>\n<p>&#8211; <em>Pod powy\u017cszymi kontaktami mieszka\u0144cy mog\u0105 zg\u0142asza\u0107 ch\u0119\u0107 oddania elektroodpad\u00f3w wielkogabarytowych, takich jak lod\u00f3wki, pralki, zmywarki, telewizory itp. W ustalonym wcze\u015bniej terminie b\u0119dziemy odbiera\u0107 tego typu odpady bezpo\u015brednio z mieszka\u0144 i dom\u00f3w<\/em> &#8211; informuje Ossoli\u0144ski.<\/p>\n<p>(\u017cms)<br \/>\nfot. EKOMAX Sp. z o.o.<\/p>\n<div class=\"gliwi-a5-na-koncu-artykulow gliwi-entity-placement\" id=\"gliwi-3797804447\"><div class=\"gliwi-adlabel\"><span style=\"font-size: 9px\">REKLAMA<\/span><\/div><div id=\"gliwi-2800292900\" style=\"margin-left: auto;margin-right: auto;text-align: center;\"><a data-no-instant=\"1\" href=\"https:\/\/prezeroarenagliwice.pl\/\" rel=\"noopener\" class=\"a2t-link\" target=\"_blank\" aria-label=\"20260309-PREZERO-WIOSNA-D\"><img loading=\"lazy\" decoding=\"async\" src=\"https:\/\/www.24gliwice.pl\/wiadomosci\/wp-content\/uploads\/2026\/03\/20260309-PREZERO-WIOSNA-D.webp\" alt=\"\"  srcset=\"https:\/\/www.24gliwice.pl\/wiadomosci\/wp-content\/uploads\/2026\/03\/20260309-PREZERO-WIOSNA-D.webp 750w, https:\/\/www.24gliwice.pl\/wiadomosci\/wp-content\/uploads\/2026\/03\/20260309-PREZERO-WIOSNA-D-410x109.webp 410w\" sizes=\"(max-width: 750px) 100vw, 750px\" class=\"no-lazyload\" width=\"750\" height=\"200\"  style=\"display: inline-block; max-width: 100%; height: auto;\" \/><\/a><\/div><\/div>","protected":false},"excerpt":{"rendered":"<p>Mobilne zbi\u00f3rki elektro\u015bmieci w 2026 roku b\u0119d\u0105 realizowane w 22 terminach. Pierwsz\u0105 okazj\u0119 do pozbycia si\u0119 sprz\u0119t\u00f3w &#8211; w sobot\u0119, 14 marca &#8211; b\u0119d\u0105 mieli mieszka\u0144cy dzielnic \u0141ab\u0119dy i Ostropa, cho\u0107 dostarczy\u0107 tam zu\u017cyte urz\u0105dzenia mog\u0105 Gliwiczanie z r\u00f3\u017cnych cz\u0119\u015bci miasta.<\/p>\n","protected":false},"author":15,"featured_media":267467,"comment_status":"open","ping_status":"closed","sticky":false,"template":"","format":"standard","meta":{"_monsterinsights_skip_tracking":false,"_monsterinsights_sitenote_active":false,"_monsterinsights_sitenote_note":"","_monsterinsights_sitenote_category":0,"footnotes":"","_links_to":"","_links_to_target":""},"categories":[3,1],"tags":[2580,24830],"class_list":["post-267452","post","type-post","status-publish","format-standard","has-post-thumbnail","hentry","category-gliwice","category-wszystko","tag-elektrosmieci","tag-harmonogram-2026"],"yoast_head":"<!-- This site is optimized with the Yoast SEO plugin v27.5 - https:\/\/yoast.com\/product\/yoast-seo-wordpress\/ -->\n<title>Mobilne zbi\u00f3rki elektro\u015bmieci wracaj\u0105 do gliwickich dzielnic. Co mo\u017cna oddawa\u0107? Harmonogram na 2026 rok - 24GLIWICE - Portal Gliwice | codziennie nowe informacje<\/title>\n<meta name=\"description\" content=\"Zbi\u00f3rki elektro\u015bmieci w Gliwicach rozpoczn\u0105 si\u0119 14 marca i potrwaj\u0105 do 28 listopada. W ka\u017cdym z 22 termin\u00f3w samoch\u00f3d stanie w 2 dzielnicach\" \/>\n<meta name=\"robots\" content=\"index, follow, max-snippet:-1, max-image-preview:large, max-video-preview:-1\" \/>\n<link rel=\"canonical\" href=\"https:\/\/www.24gliwice.pl\/wiadomosci\/mobilne-zbiorki-elektrosmieci-wracaja-do-gliwickich-dzielnic-co-mozna-oddawac-harmonogram-na-2026-rok\/\" \/>\n<meta property=\"og:locale\" content=\"pl_PL\" \/>\n<meta property=\"og:type\" content=\"article\" \/>\n<meta property=\"og:title\" content=\"Mobilne zbi\u00f3rki elektro\u015bmieci wracaj\u0105 do gliwickich dzielnic. Co mo\u017cna oddawa\u0107? Harmonogram na 2026 rok - 24GLIWICE - Portal Gliwice | codziennie nowe informacje\" \/>\n<meta property=\"og:description\" content=\"Zbi\u00f3rki elektro\u015bmieci w Gliwicach rozpoczn\u0105 si\u0119 14 marca i potrwaj\u0105 do 28 listopada. W ka\u017cdym z 22 termin\u00f3w samoch\u00f3d stanie w 2 dzielnicach\" \/>\n<meta property=\"og:url\" content=\"https:\/\/www.24gliwice.pl\/wiadomosci\/mobilne-zbiorki-elektrosmieci-wracaja-do-gliwickich-dzielnic-co-mozna-oddawac-harmonogram-na-2026-rok\/\" \/>\n<meta property=\"og:site_name\" content=\"24GLIWICE - Portal Gliwice | codziennie nowe informacje\" \/>\n<meta property=\"article:publisher\" content=\"https:\/\/www.facebook.com\/24gliwice\" \/>\n<meta property=\"article:published_time\" content=\"2026-03-11T23:13:30+00:00\" \/>\n<meta property=\"og:image\" content=\"https:\/\/www.24gliwice.pl\/wiadomosci\/wp-content\/uploads\/2026\/03\/EKOMAX.jpg\" \/>\n\t<meta property=\"og:image:width\" content=\"810\" \/>\n\t<meta property=\"og:image:height\" content=\"456\" \/>\n\t<meta property=\"og:image:type\" content=\"image\/jpeg\" \/>\n<meta name=\"author\" content=\"\u017baneta Mrozek-Siewierska\" \/>\n<meta name=\"twitter:card\" content=\"summary_large_image\" \/>\n<meta name=\"twitter:creator\" content=\"@24gliwice\" \/>\n<meta name=\"twitter:site\" content=\"@24gliwice\" \/>\n<meta name=\"twitter:label1\" content=\"Napisane przez\" \/>\n\t<meta name=\"twitter:data1\" content=\"\u017baneta Mrozek-Siewierska\" \/>\n\t<meta name=\"twitter:label2\" content=\"Szacowany czas czytania\" \/>\n\t<meta name=\"twitter:data2\" content=\"3 minuty\" \/>\n<script type=\"application\/ld+json\" class=\"yoast-schema-graph\">{\"@context\":\"https:\\\/\\\/schema.org\",\"@graph\":[{\"@type\":\"Article\",\"@id\":\"https:\\\/\\\/www.24gliwice.pl\\\/wiadomosci\\\/mobilne-zbiorki-elektrosmieci-wracaja-do-gliwickich-dzielnic-co-mozna-oddawac-harmonogram-na-2026-rok\\\/#article\",\"isPartOf\":{\"@id\":\"https:\\\/\\\/www.24gliwice.pl\\\/wiadomosci\\\/mobilne-zbiorki-elektrosmieci-wracaja-do-gliwickich-dzielnic-co-mozna-oddawac-harmonogram-na-2026-rok\\\/\"},\"author\":{\"name\":\"\u017baneta Mrozek-Siewierska\",\"@id\":\"https:\\\/\\\/www.24gliwice.pl\\\/wiadomosci\\\/#\\\/schema\\\/person\\\/e42c650edd7f2fa332be3811fb166b6e\"},\"headline\":\"Mobilne zbi\u00f3rki elektro\u015bmieci wracaj\u0105 do gliwickich dzielnic. Co mo\u017cna oddawa\u0107? Harmonogram na 2026 rok\",\"datePublished\":\"2026-03-11T23:13:30+00:00\",\"mainEntityOfPage\":{\"@id\":\"https:\\\/\\\/www.24gliwice.pl\\\/wiadomosci\\\/mobilne-zbiorki-elektrosmieci-wracaja-do-gliwickich-dzielnic-co-mozna-oddawac-harmonogram-na-2026-rok\\\/\"},\"wordCount\":469,\"commentCount\":1,\"publisher\":{\"@id\":\"https:\\\/\\\/www.24gliwice.pl\\\/wiadomosci\\\/#organization\"},\"image\":{\"@id\":\"https:\\\/\\\/www.24gliwice.pl\\\/wiadomosci\\\/mobilne-zbiorki-elektrosmieci-wracaja-do-gliwickich-dzielnic-co-mozna-oddawac-harmonogram-na-2026-rok\\\/#primaryimage\"},\"thumbnailUrl\":\"https:\\\/\\\/www.24gliwice.pl\\\/wiadomosci\\\/wp-content\\\/uploads\\\/2026\\\/03\\\/EKOMAX.jpg\",\"keywords\":[\"ELEKTRO\u015aMIECI\",\"HARMONOGRAM 2026\"],\"articleSection\":[\"Gliwice\",\"Najnowsze wiadomo\u015bci\"],\"inLanguage\":\"pl-PL\",\"potentialAction\":[{\"@type\":\"CommentAction\",\"name\":\"Comment\",\"target\":[\"https:\\\/\\\/www.24gliwice.pl\\\/wiadomosci\\\/mobilne-zbiorki-elektrosmieci-wracaja-do-gliwickich-dzielnic-co-mozna-oddawac-harmonogram-na-2026-rok\\\/#respond\"]}]},{\"@type\":\"WebPage\",\"@id\":\"https:\\\/\\\/www.24gliwice.pl\\\/wiadomosci\\\/mobilne-zbiorki-elektrosmieci-wracaja-do-gliwickich-dzielnic-co-mozna-oddawac-harmonogram-na-2026-rok\\\/\",\"url\":\"https:\\\/\\\/www.24gliwice.pl\\\/wiadomosci\\\/mobilne-zbiorki-elektrosmieci-wracaja-do-gliwickich-dzielnic-co-mozna-oddawac-harmonogram-na-2026-rok\\\/\",\"name\":\"Mobilne zbi\u00f3rki elektro\u015bmieci wracaj\u0105 do gliwickich dzielnic. Co mo\u017cna oddawa\u0107? Harmonogram na 2026 rok - 24GLIWICE - Portal Gliwice | codziennie nowe informacje\",\"isPartOf\":{\"@id\":\"https:\\\/\\\/www.24gliwice.pl\\\/wiadomosci\\\/#website\"},\"primaryImageOfPage\":{\"@id\":\"https:\\\/\\\/www.24gliwice.pl\\\/wiadomosci\\\/mobilne-zbiorki-elektrosmieci-wracaja-do-gliwickich-dzielnic-co-mozna-oddawac-harmonogram-na-2026-rok\\\/#primaryimage\"},\"image\":{\"@id\":\"https:\\\/\\\/www.24gliwice.pl\\\/wiadomosci\\\/mobilne-zbiorki-elektrosmieci-wracaja-do-gliwickich-dzielnic-co-mozna-oddawac-harmonogram-na-2026-rok\\\/#primaryimage\"},\"thumbnailUrl\":\"https:\\\/\\\/www.24gliwice.pl\\\/wiadomosci\\\/wp-content\\\/uploads\\\/2026\\\/03\\\/EKOMAX.jpg\",\"datePublished\":\"2026-03-11T23:13:30+00:00\",\"description\":\"Zbi\u00f3rki elektro\u015bmieci w Gliwicach rozpoczn\u0105 si\u0119 14 marca i potrwaj\u0105 do 28 listopada. W ka\u017cdym z 22 termin\u00f3w samoch\u00f3d stanie w 2 dzielnicach\",\"breadcrumb\":{\"@id\":\"https:\\\/\\\/www.24gliwice.pl\\\/wiadomosci\\\/mobilne-zbiorki-elektrosmieci-wracaja-do-gliwickich-dzielnic-co-mozna-oddawac-harmonogram-na-2026-rok\\\/#breadcrumb\"},\"inLanguage\":\"pl-PL\",\"potentialAction\":[{\"@type\":\"ReadAction\",\"target\":[\"https:\\\/\\\/www.24gliwice.pl\\\/wiadomosci\\\/mobilne-zbiorki-elektrosmieci-wracaja-do-gliwickich-dzielnic-co-mozna-oddawac-harmonogram-na-2026-rok\\\/\"]}]},{\"@type\":\"ImageObject\",\"inLanguage\":\"pl-PL\",\"@id\":\"https:\\\/\\\/www.24gliwice.pl\\\/wiadomosci\\\/mobilne-zbiorki-elektrosmieci-wracaja-do-gliwickich-dzielnic-co-mozna-oddawac-harmonogram-na-2026-rok\\\/#primaryimage\",\"url\":\"https:\\\/\\\/www.24gliwice.pl\\\/wiadomosci\\\/wp-content\\\/uploads\\\/2026\\\/03\\\/EKOMAX.jpg\",\"contentUrl\":\"https:\\\/\\\/www.24gliwice.pl\\\/wiadomosci\\\/wp-content\\\/uploads\\\/2026\\\/03\\\/EKOMAX.jpg\",\"width\":810,\"height\":456},{\"@type\":\"BreadcrumbList\",\"@id\":\"https:\\\/\\\/www.24gliwice.pl\\\/wiadomosci\\\/mobilne-zbiorki-elektrosmieci-wracaja-do-gliwickich-dzielnic-co-mozna-oddawac-harmonogram-na-2026-rok\\\/#breadcrumb\",\"itemListElement\":[{\"@type\":\"ListItem\",\"position\":1,\"name\":\"Strona g\u0142\u00f3wna\",\"item\":\"https:\\\/\\\/www.24gliwice.pl\\\/wiadomosci\\\/\"},{\"@type\":\"ListItem\",\"position\":2,\"name\":\"Mobilne zbi\u00f3rki elektro\u015bmieci wracaj\u0105 do gliwickich dzielnic. Co mo\u017cna oddawa\u0107? Harmonogram na 2026 rok\"}]},{\"@type\":\"WebSite\",\"@id\":\"https:\\\/\\\/www.24gliwice.pl\\\/wiadomosci\\\/#website\",\"url\":\"https:\\\/\\\/www.24gliwice.pl\\\/wiadomosci\\\/\",\"name\":\"24GLIWICE - Portal Gliwice | codziennie nowe wiadomo\u015bci\",\"description\":\"Portal Miejski Gliwice\",\"publisher\":{\"@id\":\"https:\\\/\\\/www.24gliwice.pl\\\/wiadomosci\\\/#organization\"},\"potentialAction\":[{\"@type\":\"SearchAction\",\"target\":{\"@type\":\"EntryPoint\",\"urlTemplate\":\"https:\\\/\\\/www.24gliwice.pl\\\/wiadomosci\\\/?s={search_term_string}\"},\"query-input\":{\"@type\":\"PropertyValueSpecification\",\"valueRequired\":true,\"valueName\":\"search_term_string\"}}],\"inLanguage\":\"pl-PL\"},{\"@type\":\"Organization\",\"@id\":\"https:\\\/\\\/www.24gliwice.pl\\\/wiadomosci\\\/#organization\",\"name\":\"24gliwice\",\"url\":\"https:\\\/\\\/www.24gliwice.pl\\\/wiadomosci\\\/\",\"logo\":{\"@type\":\"ImageObject\",\"inLanguage\":\"pl-PL\",\"@id\":\"https:\\\/\\\/www.24gliwice.pl\\\/wiadomosci\\\/#\\\/schema\\\/logo\\\/image\\\/\",\"url\":\"https:\\\/\\\/www.24gliwice.pl\\\/wiadomosci\\\/wp-content\\\/uploads\\\/2024\\\/10\\\/24gliwice-logo-696.jpg\",\"contentUrl\":\"https:\\\/\\\/www.24gliwice.pl\\\/wiadomosci\\\/wp-content\\\/uploads\\\/2024\\\/10\\\/24gliwice-logo-696.jpg\",\"width\":696,\"height\":696,\"caption\":\"24gliwice\"},\"image\":{\"@id\":\"https:\\\/\\\/www.24gliwice.pl\\\/wiadomosci\\\/#\\\/schema\\\/logo\\\/image\\\/\"},\"sameAs\":[\"https:\\\/\\\/www.facebook.com\\\/24gliwice\",\"https:\\\/\\\/x.com\\\/24gliwice\",\"https:\\\/\\\/www.youtube.com\\\/@24gliwice\"]},{\"@type\":\"Person\",\"@id\":\"https:\\\/\\\/www.24gliwice.pl\\\/wiadomosci\\\/#\\\/schema\\\/person\\\/e42c650edd7f2fa332be3811fb166b6e\",\"name\":\"\u017baneta Mrozek-Siewierska\",\"image\":{\"@type\":\"ImageObject\",\"inLanguage\":\"pl-PL\",\"@id\":\"https:\\\/\\\/secure.gravatar.com\\\/avatar\\\/1881429e9c64597c77ad7aef2d0a19be69a3253e57534d16aa15bf3a4d34a0a3?s=96&d=mm&r=g\",\"url\":\"https:\\\/\\\/secure.gravatar.com\\\/avatar\\\/1881429e9c64597c77ad7aef2d0a19be69a3253e57534d16aa15bf3a4d34a0a3?s=96&d=mm&r=g\",\"contentUrl\":\"https:\\\/\\\/secure.gravatar.com\\\/avatar\\\/1881429e9c64597c77ad7aef2d0a19be69a3253e57534d16aa15bf3a4d34a0a3?s=96&d=mm&r=g\",\"caption\":\"\u017baneta Mrozek-Siewierska\"},\"url\":\"https:\\\/\\\/www.24gliwice.pl\\\/wiadomosci\\\/author\\\/zms\\\/\"}]}<\/script>\n<!-- \/ Yoast SEO plugin. -->","yoast_head_json":{"title":"Mobilne zbi\u00f3rki elektro\u015bmieci wracaj\u0105 do gliwickich dzielnic. Co mo\u017cna oddawa\u0107? Harmonogram na 2026 rok - 24GLIWICE - Portal Gliwice | codziennie nowe informacje","description":"Zbi\u00f3rki elektro\u015bmieci w Gliwicach rozpoczn\u0105 si\u0119 14 marca i potrwaj\u0105 do 28 listopada. W ka\u017cdym z 22 termin\u00f3w samoch\u00f3d stanie w 2 dzielnicach","robots":{"index":"index","follow":"follow","max-snippet":"max-snippet:-1","max-image-preview":"max-image-preview:large","max-video-preview":"max-video-preview:-1"},"canonical":"https:\/\/www.24gliwice.pl\/wiadomosci\/mobilne-zbiorki-elektrosmieci-wracaja-do-gliwickich-dzielnic-co-mozna-oddawac-harmonogram-na-2026-rok\/","og_locale":"pl_PL","og_type":"article","og_title":"Mobilne zbi\u00f3rki elektro\u015bmieci wracaj\u0105 do gliwickich dzielnic. Co mo\u017cna oddawa\u0107? Harmonogram na 2026 rok - 24GLIWICE - Portal Gliwice | codziennie nowe informacje","og_description":"Zbi\u00f3rki elektro\u015bmieci w Gliwicach rozpoczn\u0105 si\u0119 14 marca i potrwaj\u0105 do 28 listopada. W ka\u017cdym z 22 termin\u00f3w samoch\u00f3d stanie w 2 dzielnicach","og_url":"https:\/\/www.24gliwice.pl\/wiadomosci\/mobilne-zbiorki-elektrosmieci-wracaja-do-gliwickich-dzielnic-co-mozna-oddawac-harmonogram-na-2026-rok\/","og_site_name":"24GLIWICE - Portal Gliwice | codziennie nowe informacje","article_publisher":"https:\/\/www.facebook.com\/24gliwice","article_published_time":"2026-03-11T23:13:30+00:00","og_image":[{"width":810,"height":456,"url":"https:\/\/www.24gliwice.pl\/wiadomosci\/wp-content\/uploads\/2026\/03\/EKOMAX.jpg","type":"image\/jpeg"}],"author":"\u017baneta Mrozek-Siewierska","twitter_card":"summary_large_image","twitter_creator":"@24gliwice","twitter_site":"@24gliwice","twitter_misc":{"Napisane przez":"\u017baneta Mrozek-Siewierska","Szacowany czas czytania":"3 minuty"},"schema":{"@context":"https:\/\/schema.org","@graph":[{"@type":"Article","@id":"https:\/\/www.24gliwice.pl\/wiadomosci\/mobilne-zbiorki-elektrosmieci-wracaja-do-gliwickich-dzielnic-co-mozna-oddawac-harmonogram-na-2026-rok\/#article","isPartOf":{"@id":"https:\/\/www.24gliwice.pl\/wiadomosci\/mobilne-zbiorki-elektrosmieci-wracaja-do-gliwickich-dzielnic-co-mozna-oddawac-harmonogram-na-2026-rok\/"},"author":{"name":"\u017baneta Mrozek-Siewierska","@id":"https:\/\/www.24gliwice.pl\/wiadomosci\/#\/schema\/person\/e42c650edd7f2fa332be3811fb166b6e"},"headline":"Mobilne zbi\u00f3rki elektro\u015bmieci wracaj\u0105 do gliwickich dzielnic. Co mo\u017cna oddawa\u0107? Harmonogram na 2026 rok","datePublished":"2026-03-11T23:13:30+00:00","mainEntityOfPage":{"@id":"https:\/\/www.24gliwice.pl\/wiadomosci\/mobilne-zbiorki-elektrosmieci-wracaja-do-gliwickich-dzielnic-co-mozna-oddawac-harmonogram-na-2026-rok\/"},"wordCount":469,"commentCount":1,"publisher":{"@id":"https:\/\/www.24gliwice.pl\/wiadomosci\/#organization"},"image":{"@id":"https:\/\/www.24gliwice.pl\/wiadomosci\/mobilne-zbiorki-elektrosmieci-wracaja-do-gliwickich-dzielnic-co-mozna-oddawac-harmonogram-na-2026-rok\/#primaryimage"},"thumbnailUrl":"https:\/\/www.24gliwice.pl\/wiadomosci\/wp-content\/uploads\/2026\/03\/EKOMAX.jpg","keywords":["ELEKTRO\u015aMIECI","HARMONOGRAM 2026"],"articleSection":["Gliwice","Najnowsze wiadomo\u015bci"],"inLanguage":"pl-PL","potentialAction":[{"@type":"CommentAction","name":"Comment","target":["https:\/\/www.24gliwice.pl\/wiadomosci\/mobilne-zbiorki-elektrosmieci-wracaja-do-gliwickich-dzielnic-co-mozna-oddawac-harmonogram-na-2026-rok\/#respond"]}]},{"@type":"WebPage","@id":"https:\/\/www.24gliwice.pl\/wiadomosci\/mobilne-zbiorki-elektrosmieci-wracaja-do-gliwickich-dzielnic-co-mozna-oddawac-harmonogram-na-2026-rok\/","url":"https:\/\/www.24gliwice.pl\/wiadomosci\/mobilne-zbiorki-elektrosmieci-wracaja-do-gliwickich-dzielnic-co-mozna-oddawac-harmonogram-na-2026-rok\/","name":"Mobilne zbi\u00f3rki elektro\u015bmieci wracaj\u0105 do gliwickich dzielnic. Co mo\u017cna oddawa\u0107? Harmonogram na 2026 rok - 24GLIWICE - Portal Gliwice | codziennie nowe informacje","isPartOf":{"@id":"https:\/\/www.24gliwice.pl\/wiadomosci\/#website"},"primaryImageOfPage":{"@id":"https:\/\/www.24gliwice.pl\/wiadomosci\/mobilne-zbiorki-elektrosmieci-wracaja-do-gliwickich-dzielnic-co-mozna-oddawac-harmonogram-na-2026-rok\/#primaryimage"},"image":{"@id":"https:\/\/www.24gliwice.pl\/wiadomosci\/mobilne-zbiorki-elektrosmieci-wracaja-do-gliwickich-dzielnic-co-mozna-oddawac-harmonogram-na-2026-rok\/#primaryimage"},"thumbnailUrl":"https:\/\/www.24gliwice.pl\/wiadomosci\/wp-content\/uploads\/2026\/03\/EKOMAX.jpg","datePublished":"2026-03-11T23:13:30+00:00","description":"Zbi\u00f3rki elektro\u015bmieci w Gliwicach rozpoczn\u0105 si\u0119 14 marca i potrwaj\u0105 do 28 listopada. W ka\u017cdym z 22 termin\u00f3w samoch\u00f3d stanie w 2 dzielnicach","breadcrumb":{"@id":"https:\/\/www.24gliwice.pl\/wiadomosci\/mobilne-zbiorki-elektrosmieci-wracaja-do-gliwickich-dzielnic-co-mozna-oddawac-harmonogram-na-2026-rok\/#breadcrumb"},"inLanguage":"pl-PL","potentialAction":[{"@type":"ReadAction","target":["https:\/\/www.24gliwice.pl\/wiadomosci\/mobilne-zbiorki-elektrosmieci-wracaja-do-gliwickich-dzielnic-co-mozna-oddawac-harmonogram-na-2026-rok\/"]}]},{"@type":"ImageObject","inLanguage":"pl-PL","@id":"https:\/\/www.24gliwice.pl\/wiadomosci\/mobilne-zbiorki-elektrosmieci-wracaja-do-gliwickich-dzielnic-co-mozna-oddawac-harmonogram-na-2026-rok\/#primaryimage","url":"https:\/\/www.24gliwice.pl\/wiadomosci\/wp-content\/uploads\/2026\/03\/EKOMAX.jpg","contentUrl":"https:\/\/www.24gliwice.pl\/wiadomosci\/wp-content\/uploads\/2026\/03\/EKOMAX.jpg","width":810,"height":456},{"@type":"BreadcrumbList","@id":"https:\/\/www.24gliwice.pl\/wiadomosci\/mobilne-zbiorki-elektrosmieci-wracaja-do-gliwickich-dzielnic-co-mozna-oddawac-harmonogram-na-2026-rok\/#breadcrumb","itemListElement":[{"@type":"ListItem","position":1,"name":"Strona g\u0142\u00f3wna","item":"https:\/\/www.24gliwice.pl\/wiadomosci\/"},{"@type":"ListItem","position":2,"name":"Mobilne zbi\u00f3rki elektro\u015bmieci wracaj\u0105 do gliwickich dzielnic. Co mo\u017cna oddawa\u0107? Harmonogram na 2026 rok"}]},{"@type":"WebSite","@id":"https:\/\/www.24gliwice.pl\/wiadomosci\/#website","url":"https:\/\/www.24gliwice.pl\/wiadomosci\/","name":"24GLIWICE - Portal Gliwice | codziennie nowe wiadomo\u015bci","description":"Portal Miejski Gliwice","publisher":{"@id":"https:\/\/www.24gliwice.pl\/wiadomosci\/#organization"},"potentialAction":[{"@type":"SearchAction","target":{"@type":"EntryPoint","urlTemplate":"https:\/\/www.24gliwice.pl\/wiadomosci\/?s={search_term_string}"},"query-input":{"@type":"PropertyValueSpecification","valueRequired":true,"valueName":"search_term_string"}}],"inLanguage":"pl-PL"},{"@type":"Organization","@id":"https:\/\/www.24gliwice.pl\/wiadomosci\/#organization","name":"24gliwice","url":"https:\/\/www.24gliwice.pl\/wiadomosci\/","logo":{"@type":"ImageObject","inLanguage":"pl-PL","@id":"https:\/\/www.24gliwice.pl\/wiadomosci\/#\/schema\/logo\/image\/","url":"https:\/\/www.24gliwice.pl\/wiadomosci\/wp-content\/uploads\/2024\/10\/24gliwice-logo-696.jpg","contentUrl":"https:\/\/www.24gliwice.pl\/wiadomosci\/wp-content\/uploads\/2024\/10\/24gliwice-logo-696.jpg","width":696,"height":696,"caption":"24gliwice"},"image":{"@id":"https:\/\/www.24gliwice.pl\/wiadomosci\/#\/schema\/logo\/image\/"},"sameAs":["https:\/\/www.facebook.com\/24gliwice","https:\/\/x.com\/24gliwice","https:\/\/www.youtube.com\/@24gliwice"]},{"@type":"Person","@id":"https:\/\/www.24gliwice.pl\/wiadomosci\/#\/schema\/person\/e42c650edd7f2fa332be3811fb166b6e","name":"\u017baneta Mrozek-Siewierska","image":{"@type":"ImageObject","inLanguage":"pl-PL","@id":"https:\/\/secure.gravatar.com\/avatar\/1881429e9c64597c77ad7aef2d0a19be69a3253e57534d16aa15bf3a4d34a0a3?s=96&d=mm&r=g","url":"https:\/\/secure.gravatar.com\/avatar\/1881429e9c64597c77ad7aef2d0a19be69a3253e57534d16aa15bf3a4d34a0a3?s=96&d=mm&r=g","contentUrl":"https:\/\/secure.gravatar.com\/avatar\/1881429e9c64597c77ad7aef2d0a19be69a3253e57534d16aa15bf3a4d34a0a3?s=96&d=mm&r=g","caption":"\u017baneta Mrozek-Siewierska"},"url":"https:\/\/www.24gliwice.pl\/wiadomosci\/author\/zms\/"}]}},"_links":{"self":[{"href":"https:\/\/www.24gliwice.pl\/wiadomosci\/wp-json\/wp\/v2\/posts\/267452","targetHints":{"allow":["GET"]}}],"collection":[{"href":"https:\/\/www.24gliwice.pl\/wiadomosci\/wp-json\/wp\/v2\/posts"}],"about":[{"href":"https:\/\/www.24gliwice.pl\/wiadomosci\/wp-json\/wp\/v2\/types\/post"}],"author":[{"embeddable":true,"href":"https:\/\/www.24gliwice.pl\/wiadomosci\/wp-json\/wp\/v2\/users\/15"}],"replies":[{"embeddable":true,"href":"https:\/\/www.24gliwice.pl\/wiadomosci\/wp-json\/wp\/v2\/comments?post=267452"}],"version-history":[{"count":0,"href":"https:\/\/www.24gliwice.pl\/wiadomosci\/wp-json\/wp\/v2\/posts\/267452\/revisions"}],"wp:featuredmedia":[{"embeddable":true,"href":"https:\/\/www.24gliwice.pl\/wiadomosci\/wp-json\/wp\/v2\/media\/267467"}],"wp:attachment":[{"href":"https:\/\/www.24gliwice.pl\/wiadomosci\/wp-json\/wp\/v2\/media?parent=267452"}],"wp:term":[{"taxonomy":"category","embeddable":true,"href":"https:\/\/www.24gliwice.pl\/wiadomosci\/wp-json\/wp\/v2\/categories?post=267452"},{"taxonomy":"post_tag","embeddable":true,"href":"https:\/\/www.24gliwice.pl\/wiadomosci\/wp-json\/wp\/v2\/tags?post=267452"}],"curies":[{"name":"wp","href":"https:\/\/api.w.org\/{rel}","templated":true}]}}