{"id":267454,"date":"2026-03-09T00:54:52","date_gmt":"2026-03-08T23:54:52","guid":{"rendered":"https:\/\/www.24gliwice.pl\/wiadomosci\/?p=267454"},"modified":"2026-03-09T00:54:52","modified_gmt":"2026-03-08T23:54:52","slug":"las-smietnikow-na-starowce-zostanie-zakryty-wkrotce-w-tym-miejscu-ma-stanac-nowy-budynek","status":"publish","type":"post","link":"https:\/\/www.24gliwice.pl\/wiadomosci\/las-smietnikow-na-starowce-zostanie-zakryty-wkrotce-w-tym-miejscu-ma-stanac-nowy-budynek\/","title":{"rendered":"Las \u015bmietnik\u00f3w na star\u00f3wce zostanie zakryty. Wkr\u00f3tce w tym miejscu ma stan\u0105\u0107 nowy budynek"},"content":{"rendered":"<div class=\"gliwi-a6-nad-leadem-artykulow gliwi-entity-placement\" id=\"gliwi-49167416\"><div class=\"gliwi-adlabel\"><span style=\"font-size: 9px\">REKLAMA<\/span><\/div><div id=\"gliwi-3911515894\" style=\"margin-bottom: 30px;margin-left: auto;margin-right: auto;text-align: center;\"><a data-no-instant=\"1\" href=\"https:\/\/przedszkole.halogen.org.pl\/\" rel=\"noopener\" class=\"a2t-link\" target=\"_blank\" aria-label=\"20260402-ANIMATOR-przedszkole_grafika_750x200\"><img loading=\"lazy\" decoding=\"async\" src=\"https:\/\/www.24gliwice.pl\/wiadomosci\/wp-content\/uploads\/2026\/04\/20260402-ANIMATOR-przedszkole_grafika_750x200.webp\" alt=\"\"  srcset=\"https:\/\/www.24gliwice.pl\/wiadomosci\/wp-content\/uploads\/2026\/04\/20260402-ANIMATOR-przedszkole_grafika_750x200.webp 750w, https:\/\/www.24gliwice.pl\/wiadomosci\/wp-content\/uploads\/2026\/04\/20260402-ANIMATOR-przedszkole_grafika_750x200-410x109.webp 410w\" sizes=\"(max-width: 750px) 100vw, 750px\" class=\"no-lazyload\" width=\"750\" height=\"200\"  style=\"display: inline-block; max-width: 100%; height: auto;\" \/><\/a><\/div><\/div><h2>R\u00f3g ul. Grodowej i \u015aredniej od lat jest jednym z najbardziej zawstydzaj\u0105cych miejsc w centrum Gliwic. Wreszcie jest szansa na zmian\u0119 &#8211; kilkana\u015bcie kontener\u00f3w na \u015bmieci wkr\u00f3tce zostanie schowanych za specjalnym ogrodzeniem, a docelowo na dzia\u0142ce ma powsta\u0107 nowy budynek mieszkalny.<\/h2>\n<p><!--more--><\/p>\n<p>Prace nad uporz\u0105dkowaniem tego miejsca prowadzone by\u0142y od kilku miesi\u0119cy w Biurze Urbanisty Miasta. W ostatnich dniach ZBM I TBS sp. z o.o. otrzyma\u0142 stanowisko Wojew\u00f3dzkiego Urz\u0119du Ochrony Zabytk\u00f3w w Katowicach, kt\u00f3ry trzyma piecz\u0119 nad ca\u0142\u0105 star\u00f3wk\u0105.<\/p>\n<blockquote><p>&#8211; Zgodnie z jego tre\u015bci\u0105 zaakceptowane zosta\u0142o wykonanie ogrodzenia panelowego z \u017cywym bluszczem, kt\u00f3re zakryje nieestetyczne kosze. Realizacja ogrodzenia przewidziana jest na prze\u0142omie marca i kwietnia<\/p><\/blockquote>\n<p> &#8211; informuje <strong>Mariusz Kope\u0107<\/strong>, rzecznik prasowy prezydent Gliwic. <\/p><div class=\"gliwi-a3-w-tresci-artykulow gliwi-entity-placement\" id=\"gliwi-630705073\"><div class=\"gliwi-adlabel\"><span style=\"font-size: 9px\">REKLAMA<\/span><\/div><div id=\"gliwi-2539976564\" style=\"margin-bottom: 30px;margin-left: auto;margin-right: auto;text-align: center;\"><a data-no-instant=\"1\" href=\"https:\/\/zlobek.halogen.org.pl\/\" rel=\"noopener\" class=\"a2t-link\" target=\"_blank\" aria-label=\"animator-zlobek_750x200\"><img loading=\"lazy\" decoding=\"async\" src=\"https:\/\/www.24gliwice.pl\/wiadomosci\/wp-content\/uploads\/2026\/02\/animator-zlobek_750x200.webp\" alt=\"\"  srcset=\"https:\/\/www.24gliwice.pl\/wiadomosci\/wp-content\/uploads\/2026\/02\/animator-zlobek_750x200.webp 750w, https:\/\/www.24gliwice.pl\/wiadomosci\/wp-content\/uploads\/2026\/02\/animator-zlobek_750x200-410x109.webp 410w\" sizes=\"(max-width: 750px) 100vw, 750px\" class=\"no-lazyload\" width=\"750\" height=\"200\"  style=\"display: inline-block; max-width: 100%; height: auto;\" \/><\/a><\/div><\/div>\n<p>Ogrodzenie z paneli to rozwi\u0105zanie tymczasowe. R\u00f3wnolegle do prac nad zakryciem kontener\u00f3w przygotowywana jest inwestycja mieszkaniowo-us\u0142ugowa wraz z miejscami parkingowymi dla mieszka\u0144c\u00f3w.<\/p>\n<div id=\"attachment_267575\" style=\"width: 820px\" class=\"wp-caption aligncenter\"><img loading=\"lazy\" decoding=\"async\" aria-describedby=\"caption-attachment-267575\" src=\"https:\/\/www.24gliwice.pl\/wiadomosci\/wp-content\/uploads\/2026\/03\/grodowa-smietniki-2.jpg\" alt=\"\" width=\"810\" height=\"457\" class=\"size-full wp-image-267575\" srcset=\"https:\/\/www.24gliwice.pl\/wiadomosci\/wp-content\/uploads\/2026\/03\/grodowa-smietniki-2.jpg 810w, https:\/\/www.24gliwice.pl\/wiadomosci\/wp-content\/uploads\/2026\/03\/grodowa-smietniki-2-410x232.jpg 410w, https:\/\/www.24gliwice.pl\/wiadomosci\/wp-content\/uploads\/2026\/03\/grodowa-smietniki-2-806x455.jpg 806w, https:\/\/www.24gliwice.pl\/wiadomosci\/wp-content\/uploads\/2026\/03\/grodowa-smietniki-2-768x433.jpg 768w\" sizes=\"auto, (max-width: 810px) 100vw, 810px\" \/><p id=\"caption-attachment-267575\" class=\"wp-caption-text\">\u00a924GLIWICE \/emef<\/p><\/div>\n<p><em>&#8211; Przedsi\u0119wzi\u0119cie pozostaje na etapie planowania i uzgodnie\u0144, a rozwi\u0105zania architektoniczne konsultowane s\u0105 z Biurem Urbanisty Miejskiego. Obszar star\u00f3wki podlega ochronie konserwatorskiej, dlatego wszelkie zamierzenia inwestycyjne wymagaj\u0105 opinii Wojew\u00f3dzkiego Konserwatora Zabytk\u00f3w, co wi\u0105\u017ce si\u0119 z konieczno\u015bci\u0105 szczeg\u00f3\u0142owego doprecyzowania rozwi\u0105za\u0144 architektonicznych<\/em> &#8211; m\u00f3wi Mariusz Kope\u0107.<\/p>\n<p>Za ca\u0142o\u015b\u0107 procesu, zar\u00f3wno na etapie przygotowawczym, jak i realizacyjnym odpowiada ZBM I TBS sp. z o.o. Sp\u00f3\u0142ka po zako\u0144czeniu wszystkich procedur formalnych ma przyst\u0105pi\u0107 do realizacji projektu.<\/p>\n<div id=\"attachment_267576\" style=\"width: 820px\" class=\"wp-caption aligncenter\"><img loading=\"lazy\" decoding=\"async\" aria-describedby=\"caption-attachment-267576\" src=\"https:\/\/www.24gliwice.pl\/wiadomosci\/wp-content\/uploads\/2026\/03\/grodowa-smietniki-3.jpg\" alt=\"\" width=\"810\" height=\"456\" class=\"size-full wp-image-267576\" srcset=\"https:\/\/www.24gliwice.pl\/wiadomosci\/wp-content\/uploads\/2026\/03\/grodowa-smietniki-3.jpg 810w, https:\/\/www.24gliwice.pl\/wiadomosci\/wp-content\/uploads\/2026\/03\/grodowa-smietniki-3-410x232.jpg 410w, https:\/\/www.24gliwice.pl\/wiadomosci\/wp-content\/uploads\/2026\/03\/grodowa-smietniki-3-808x455.jpg 808w, https:\/\/www.24gliwice.pl\/wiadomosci\/wp-content\/uploads\/2026\/03\/grodowa-smietniki-3-768x432.jpg 768w\" sizes=\"auto, (max-width: 810px) 100vw, 810px\" \/><p id=\"caption-attachment-267576\" class=\"wp-caption-text\">\u00a924GLIWICE \/emef<\/p><\/div>\n<p>Zainteresowanie urz\u0119dnik\u00f3w tym zaniedbanym od wielu lat fragmentem star\u00f3wki daje nadziej\u0119 na szersze przyjrzenie si\u0119 estetyce gliwickiego starego miasta. Od kilku lat na star\u00f3wce znajduje si\u0119 kilka &#8220;czarnych punkt\u00f3w wstydu&#8221;. Wydaje si\u0119, \u017ce nikt te\u017c nie zwraca uwag\u0119 na samowolk\u0119 szyld\u00f3w i reklam, kt\u00f3re pojawiaj\u0105 si\u0119 na zabytkowych kamienicach, pomimo sprzeczno\u015bci z zapisami miejscowego planu zagospodarowania przestrzennego.<\/p>\n<div id=\"fb-root\"><\/div>\n<p><script async defer crossorigin=\"anonymous\" src=\"https:\/\/connect.facebook.net\/pl_PL\/sdk.js#xfbml=1&#038;version=v25.0&#038;appId=526665801043948\"><\/script><\/p>\n<div class=\"fb-video\" data-href=\"https:\/\/www.facebook.com\/reel\/1627433478286739\/\" data-width=\"400\" data-show-text=\"false\"><\/div>\n<p>(msz)<\/p>\n<div class=\"gliwi-a5-na-koncu-artykulow gliwi-entity-placement\" id=\"gliwi-3352698929\"><div class=\"gliwi-adlabel\"><span style=\"font-size: 9px\">REKLAMA<\/span><\/div><div id=\"gliwi-3875097624\" style=\"margin-left: auto;margin-right: auto;text-align: center;\"><a data-no-instant=\"1\" href=\"https:\/\/prezeroarenagliwice.pl\/\" rel=\"noopener\" class=\"a2t-link\" target=\"_blank\" aria-label=\"20260309-PREZERO-WIOSNA-D\"><img loading=\"lazy\" decoding=\"async\" src=\"https:\/\/www.24gliwice.pl\/wiadomosci\/wp-content\/uploads\/2026\/03\/20260309-PREZERO-WIOSNA-D.webp\" alt=\"\"  srcset=\"https:\/\/www.24gliwice.pl\/wiadomosci\/wp-content\/uploads\/2026\/03\/20260309-PREZERO-WIOSNA-D.webp 750w, https:\/\/www.24gliwice.pl\/wiadomosci\/wp-content\/uploads\/2026\/03\/20260309-PREZERO-WIOSNA-D-410x109.webp 410w\" sizes=\"(max-width: 750px) 100vw, 750px\" class=\"no-lazyload\" width=\"750\" height=\"200\"  style=\"display: inline-block; max-width: 100%; height: auto;\" \/><\/a><\/div><\/div>","protected":false},"excerpt":{"rendered":"<p>R\u00f3g ul. Grodowej i \u015aredniej od lat jest jednym z najbardziej zawstydzaj\u0105cych miejsc w centrum Gliwic. Wreszcie jest szansa na zmian\u0119 &#8211; kilkana\u015bcie kontener\u00f3w na \u015bmieci wkr\u00f3tce zostanie schowanych za specjalnym ogrodzeniem, a docelowo na dzia\u0142ce ma powsta\u0107 nowy budynek mieszkalny.<\/p>\n","protected":false},"author":12,"featured_media":267578,"comment_status":"open","ping_status":"closed","sticky":false,"template":"","format":"standard","meta":{"_monsterinsights_skip_tracking":false,"_monsterinsights_sitenote_active":false,"_monsterinsights_sitenote_note":"","_monsterinsights_sitenote_category":0,"footnotes":"","_links_to":"","_links_to_target":""},"categories":[3,1,9],"tags":[2388,24834,6565,2382],"class_list":["post-267454","post","type-post","status-publish","format-standard","has-post-thumbnail","hentry","category-gliwice","category-wszystko","category-aktualnosci_lokalne","tag-grodowa","tag-smietniki","tag-srednia","tag-starowka"],"yoast_head":"<!-- This site is optimized with the Yoast SEO plugin v27.5 - https:\/\/yoast.com\/product\/yoast-seo-wordpress\/ -->\n<title>Las \u015bmietnik\u00f3w na star\u00f3wce zostanie zakryty. Wkr\u00f3tce w tym miejscu ma stan\u0105\u0107 nowy budynek - 24GLIWICE - Portal Gliwice | codziennie nowe informacje<\/title>\n<meta name=\"robots\" content=\"index, follow, max-snippet:-1, max-image-preview:large, max-video-preview:-1\" \/>\n<link rel=\"canonical\" href=\"https:\/\/www.24gliwice.pl\/wiadomosci\/las-smietnikow-na-starowce-zostanie-zakryty-wkrotce-w-tym-miejscu-ma-stanac-nowy-budynek\/\" \/>\n<meta property=\"og:locale\" content=\"pl_PL\" \/>\n<meta property=\"og:type\" content=\"article\" \/>\n<meta property=\"og:title\" content=\"Las \u015bmietnik\u00f3w na star\u00f3wce zostanie zakryty. Wkr\u00f3tce w tym miejscu ma stan\u0105\u0107 nowy budynek - 24GLIWICE - Portal Gliwice | codziennie nowe informacje\" \/>\n<meta property=\"og:description\" content=\"R\u00f3g ul. Grodowej i \u015aredniej od lat jest jednym z najbardziej zawstydzaj\u0105cych miejsc w centrum Gliwic. Wreszcie jest szansa na zmian\u0119 &#8211; kilkana\u015bcie kontener\u00f3w na \u015bmieci wkr\u00f3tce zostanie schowanych za specjalnym ogrodzeniem, a docelowo na dzia\u0142ce ma powsta\u0107 nowy budynek mieszkalny.\" \/>\n<meta property=\"og:url\" content=\"https:\/\/www.24gliwice.pl\/wiadomosci\/las-smietnikow-na-starowce-zostanie-zakryty-wkrotce-w-tym-miejscu-ma-stanac-nowy-budynek\/\" \/>\n<meta property=\"og:site_name\" content=\"24GLIWICE - Portal Gliwice | codziennie nowe informacje\" \/>\n<meta property=\"article:publisher\" content=\"https:\/\/www.facebook.com\/24gliwice\" \/>\n<meta property=\"article:published_time\" content=\"2026-03-08T23:54:52+00:00\" \/>\n<meta property=\"og:image\" content=\"https:\/\/www.24gliwice.pl\/wiadomosci\/wp-content\/uploads\/2026\/03\/grodowa-smietniki-5.jpg\" \/>\n\t<meta property=\"og:image:width\" content=\"810\" \/>\n\t<meta property=\"og:image:height\" content=\"456\" \/>\n\t<meta property=\"og:image:type\" content=\"image\/jpeg\" \/>\n<meta name=\"author\" content=\"Micha\u0142 Szewczyk\" \/>\n<meta name=\"twitter:card\" content=\"summary_large_image\" \/>\n<meta name=\"twitter:creator\" content=\"@24gliwice\" \/>\n<meta name=\"twitter:site\" content=\"@24gliwice\" \/>\n<meta name=\"twitter:label1\" content=\"Napisane przez\" \/>\n\t<meta name=\"twitter:data1\" content=\"Micha\u0142 Szewczyk\" \/>\n\t<meta name=\"twitter:label2\" content=\"Szacowany czas czytania\" \/>\n\t<meta name=\"twitter:data2\" content=\"2 minuty\" \/>\n<script type=\"application\/ld+json\" class=\"yoast-schema-graph\">{\"@context\":\"https:\\\/\\\/schema.org\",\"@graph\":[{\"@type\":\"Article\",\"@id\":\"https:\\\/\\\/www.24gliwice.pl\\\/wiadomosci\\\/las-smietnikow-na-starowce-zostanie-zakryty-wkrotce-w-tym-miejscu-ma-stanac-nowy-budynek\\\/#article\",\"isPartOf\":{\"@id\":\"https:\\\/\\\/www.24gliwice.pl\\\/wiadomosci\\\/las-smietnikow-na-starowce-zostanie-zakryty-wkrotce-w-tym-miejscu-ma-stanac-nowy-budynek\\\/\"},\"author\":{\"name\":\"Micha\u0142 Szewczyk\",\"@id\":\"https:\\\/\\\/www.24gliwice.pl\\\/wiadomosci\\\/#\\\/schema\\\/person\\\/940e8f8a097e322de4f463f061ef8d45\"},\"headline\":\"Las \u015bmietnik\u00f3w na star\u00f3wce zostanie zakryty. Wkr\u00f3tce w tym miejscu ma stan\u0105\u0107 nowy budynek\",\"datePublished\":\"2026-03-08T23:54:52+00:00\",\"mainEntityOfPage\":{\"@id\":\"https:\\\/\\\/www.24gliwice.pl\\\/wiadomosci\\\/las-smietnikow-na-starowce-zostanie-zakryty-wkrotce-w-tym-miejscu-ma-stanac-nowy-budynek\\\/\"},\"wordCount\":349,\"commentCount\":22,\"publisher\":{\"@id\":\"https:\\\/\\\/www.24gliwice.pl\\\/wiadomosci\\\/#organization\"},\"image\":{\"@id\":\"https:\\\/\\\/www.24gliwice.pl\\\/wiadomosci\\\/las-smietnikow-na-starowce-zostanie-zakryty-wkrotce-w-tym-miejscu-ma-stanac-nowy-budynek\\\/#primaryimage\"},\"thumbnailUrl\":\"https:\\\/\\\/www.24gliwice.pl\\\/wiadomosci\\\/wp-content\\\/uploads\\\/2026\\\/03\\\/grodowa-smietniki-5.jpg\",\"keywords\":[\"Grodowa\",\"\u015aMIETNIKI\",\"\u015brednia\",\"STAR\u00d3WKA\"],\"articleSection\":[\"Gliwice\",\"Najnowsze wiadomo\u015bci\",\"Portal Gliwice - Wiadomo\u015bci lokalne\"],\"inLanguage\":\"pl-PL\",\"potentialAction\":[{\"@type\":\"CommentAction\",\"name\":\"Comment\",\"target\":[\"https:\\\/\\\/www.24gliwice.pl\\\/wiadomosci\\\/las-smietnikow-na-starowce-zostanie-zakryty-wkrotce-w-tym-miejscu-ma-stanac-nowy-budynek\\\/#respond\"]}]},{\"@type\":\"WebPage\",\"@id\":\"https:\\\/\\\/www.24gliwice.pl\\\/wiadomosci\\\/las-smietnikow-na-starowce-zostanie-zakryty-wkrotce-w-tym-miejscu-ma-stanac-nowy-budynek\\\/\",\"url\":\"https:\\\/\\\/www.24gliwice.pl\\\/wiadomosci\\\/las-smietnikow-na-starowce-zostanie-zakryty-wkrotce-w-tym-miejscu-ma-stanac-nowy-budynek\\\/\",\"name\":\"Las \u015bmietnik\u00f3w na star\u00f3wce zostanie zakryty. Wkr\u00f3tce w tym miejscu ma stan\u0105\u0107 nowy budynek - 24GLIWICE - Portal Gliwice | codziennie nowe informacje\",\"isPartOf\":{\"@id\":\"https:\\\/\\\/www.24gliwice.pl\\\/wiadomosci\\\/#website\"},\"primaryImageOfPage\":{\"@id\":\"https:\\\/\\\/www.24gliwice.pl\\\/wiadomosci\\\/las-smietnikow-na-starowce-zostanie-zakryty-wkrotce-w-tym-miejscu-ma-stanac-nowy-budynek\\\/#primaryimage\"},\"image\":{\"@id\":\"https:\\\/\\\/www.24gliwice.pl\\\/wiadomosci\\\/las-smietnikow-na-starowce-zostanie-zakryty-wkrotce-w-tym-miejscu-ma-stanac-nowy-budynek\\\/#primaryimage\"},\"thumbnailUrl\":\"https:\\\/\\\/www.24gliwice.pl\\\/wiadomosci\\\/wp-content\\\/uploads\\\/2026\\\/03\\\/grodowa-smietniki-5.jpg\",\"datePublished\":\"2026-03-08T23:54:52+00:00\",\"breadcrumb\":{\"@id\":\"https:\\\/\\\/www.24gliwice.pl\\\/wiadomosci\\\/las-smietnikow-na-starowce-zostanie-zakryty-wkrotce-w-tym-miejscu-ma-stanac-nowy-budynek\\\/#breadcrumb\"},\"inLanguage\":\"pl-PL\",\"potentialAction\":[{\"@type\":\"ReadAction\",\"target\":[\"https:\\\/\\\/www.24gliwice.pl\\\/wiadomosci\\\/las-smietnikow-na-starowce-zostanie-zakryty-wkrotce-w-tym-miejscu-ma-stanac-nowy-budynek\\\/\"]}]},{\"@type\":\"ImageObject\",\"inLanguage\":\"pl-PL\",\"@id\":\"https:\\\/\\\/www.24gliwice.pl\\\/wiadomosci\\\/las-smietnikow-na-starowce-zostanie-zakryty-wkrotce-w-tym-miejscu-ma-stanac-nowy-budynek\\\/#primaryimage\",\"url\":\"https:\\\/\\\/www.24gliwice.pl\\\/wiadomosci\\\/wp-content\\\/uploads\\\/2026\\\/03\\\/grodowa-smietniki-5.jpg\",\"contentUrl\":\"https:\\\/\\\/www.24gliwice.pl\\\/wiadomosci\\\/wp-content\\\/uploads\\\/2026\\\/03\\\/grodowa-smietniki-5.jpg\",\"width\":810,\"height\":456,\"caption\":\"\u00a924GLIWICE \\\/emef\"},{\"@type\":\"BreadcrumbList\",\"@id\":\"https:\\\/\\\/www.24gliwice.pl\\\/wiadomosci\\\/las-smietnikow-na-starowce-zostanie-zakryty-wkrotce-w-tym-miejscu-ma-stanac-nowy-budynek\\\/#breadcrumb\",\"itemListElement\":[{\"@type\":\"ListItem\",\"position\":1,\"name\":\"Strona g\u0142\u00f3wna\",\"item\":\"https:\\\/\\\/www.24gliwice.pl\\\/wiadomosci\\\/\"},{\"@type\":\"ListItem\",\"position\":2,\"name\":\"Las \u015bmietnik\u00f3w na star\u00f3wce zostanie zakryty. Wkr\u00f3tce w tym miejscu ma stan\u0105\u0107 nowy budynek\"}]},{\"@type\":\"WebSite\",\"@id\":\"https:\\\/\\\/www.24gliwice.pl\\\/wiadomosci\\\/#website\",\"url\":\"https:\\\/\\\/www.24gliwice.pl\\\/wiadomosci\\\/\",\"name\":\"24GLIWICE - Portal Gliwice | codziennie nowe wiadomo\u015bci\",\"description\":\"Portal Miejski Gliwice\",\"publisher\":{\"@id\":\"https:\\\/\\\/www.24gliwice.pl\\\/wiadomosci\\\/#organization\"},\"potentialAction\":[{\"@type\":\"SearchAction\",\"target\":{\"@type\":\"EntryPoint\",\"urlTemplate\":\"https:\\\/\\\/www.24gliwice.pl\\\/wiadomosci\\\/?s={search_term_string}\"},\"query-input\":{\"@type\":\"PropertyValueSpecification\",\"valueRequired\":true,\"valueName\":\"search_term_string\"}}],\"inLanguage\":\"pl-PL\"},{\"@type\":\"Organization\",\"@id\":\"https:\\\/\\\/www.24gliwice.pl\\\/wiadomosci\\\/#organization\",\"name\":\"24gliwice\",\"url\":\"https:\\\/\\\/www.24gliwice.pl\\\/wiadomosci\\\/\",\"logo\":{\"@type\":\"ImageObject\",\"inLanguage\":\"pl-PL\",\"@id\":\"https:\\\/\\\/www.24gliwice.pl\\\/wiadomosci\\\/#\\\/schema\\\/logo\\\/image\\\/\",\"url\":\"https:\\\/\\\/www.24gliwice.pl\\\/wiadomosci\\\/wp-content\\\/uploads\\\/2024\\\/10\\\/24gliwice-logo-696.jpg\",\"contentUrl\":\"https:\\\/\\\/www.24gliwice.pl\\\/wiadomosci\\\/wp-content\\\/uploads\\\/2024\\\/10\\\/24gliwice-logo-696.jpg\",\"width\":696,\"height\":696,\"caption\":\"24gliwice\"},\"image\":{\"@id\":\"https:\\\/\\\/www.24gliwice.pl\\\/wiadomosci\\\/#\\\/schema\\\/logo\\\/image\\\/\"},\"sameAs\":[\"https:\\\/\\\/www.facebook.com\\\/24gliwice\",\"https:\\\/\\\/x.com\\\/24gliwice\",\"https:\\\/\\\/www.youtube.com\\\/@24gliwice\"]},{\"@type\":\"Person\",\"@id\":\"https:\\\/\\\/www.24gliwice.pl\\\/wiadomosci\\\/#\\\/schema\\\/person\\\/940e8f8a097e322de4f463f061ef8d45\",\"name\":\"Micha\u0142 Szewczyk\",\"image\":{\"@type\":\"ImageObject\",\"inLanguage\":\"pl-PL\",\"@id\":\"https:\\\/\\\/secure.gravatar.com\\\/avatar\\\/771b8b6c74cd8d255e46392d605e01a86133900ef09b6ef3c8d451c9d92288cf?s=96&d=mm&r=g\",\"url\":\"https:\\\/\\\/secure.gravatar.com\\\/avatar\\\/771b8b6c74cd8d255e46392d605e01a86133900ef09b6ef3c8d451c9d92288cf?s=96&d=mm&r=g\",\"contentUrl\":\"https:\\\/\\\/secure.gravatar.com\\\/avatar\\\/771b8b6c74cd8d255e46392d605e01a86133900ef09b6ef3c8d451c9d92288cf?s=96&d=mm&r=g\",\"caption\":\"Micha\u0142 Szewczyk\"},\"sameAs\":[\"http:\\\/\\\/www.gazeta-miejska.pl\"],\"url\":\"https:\\\/\\\/www.24gliwice.pl\\\/wiadomosci\\\/author\\\/michal-szewczyk\\\/\"}]}<\/script>\n<!-- \/ Yoast SEO plugin. -->","yoast_head_json":{"title":"Las \u015bmietnik\u00f3w na star\u00f3wce zostanie zakryty. Wkr\u00f3tce w tym miejscu ma stan\u0105\u0107 nowy budynek - 24GLIWICE - Portal Gliwice | codziennie nowe informacje","robots":{"index":"index","follow":"follow","max-snippet":"max-snippet:-1","max-image-preview":"max-image-preview:large","max-video-preview":"max-video-preview:-1"},"canonical":"https:\/\/www.24gliwice.pl\/wiadomosci\/las-smietnikow-na-starowce-zostanie-zakryty-wkrotce-w-tym-miejscu-ma-stanac-nowy-budynek\/","og_locale":"pl_PL","og_type":"article","og_title":"Las \u015bmietnik\u00f3w na star\u00f3wce zostanie zakryty. Wkr\u00f3tce w tym miejscu ma stan\u0105\u0107 nowy budynek - 24GLIWICE - Portal Gliwice | codziennie nowe informacje","og_description":"R\u00f3g ul. Grodowej i \u015aredniej od lat jest jednym z najbardziej zawstydzaj\u0105cych miejsc w centrum Gliwic. Wreszcie jest szansa na zmian\u0119 &#8211; kilkana\u015bcie kontener\u00f3w na \u015bmieci wkr\u00f3tce zostanie schowanych za specjalnym ogrodzeniem, a docelowo na dzia\u0142ce ma powsta\u0107 nowy budynek mieszkalny.","og_url":"https:\/\/www.24gliwice.pl\/wiadomosci\/las-smietnikow-na-starowce-zostanie-zakryty-wkrotce-w-tym-miejscu-ma-stanac-nowy-budynek\/","og_site_name":"24GLIWICE - Portal Gliwice | codziennie nowe informacje","article_publisher":"https:\/\/www.facebook.com\/24gliwice","article_published_time":"2026-03-08T23:54:52+00:00","og_image":[{"width":810,"height":456,"url":"https:\/\/www.24gliwice.pl\/wiadomosci\/wp-content\/uploads\/2026\/03\/grodowa-smietniki-5.jpg","type":"image\/jpeg"}],"author":"Micha\u0142 Szewczyk","twitter_card":"summary_large_image","twitter_creator":"@24gliwice","twitter_site":"@24gliwice","twitter_misc":{"Napisane przez":"Micha\u0142 Szewczyk","Szacowany czas czytania":"2 minuty"},"schema":{"@context":"https:\/\/schema.org","@graph":[{"@type":"Article","@id":"https:\/\/www.24gliwice.pl\/wiadomosci\/las-smietnikow-na-starowce-zostanie-zakryty-wkrotce-w-tym-miejscu-ma-stanac-nowy-budynek\/#article","isPartOf":{"@id":"https:\/\/www.24gliwice.pl\/wiadomosci\/las-smietnikow-na-starowce-zostanie-zakryty-wkrotce-w-tym-miejscu-ma-stanac-nowy-budynek\/"},"author":{"name":"Micha\u0142 Szewczyk","@id":"https:\/\/www.24gliwice.pl\/wiadomosci\/#\/schema\/person\/940e8f8a097e322de4f463f061ef8d45"},"headline":"Las \u015bmietnik\u00f3w na star\u00f3wce zostanie zakryty. Wkr\u00f3tce w tym miejscu ma stan\u0105\u0107 nowy budynek","datePublished":"2026-03-08T23:54:52+00:00","mainEntityOfPage":{"@id":"https:\/\/www.24gliwice.pl\/wiadomosci\/las-smietnikow-na-starowce-zostanie-zakryty-wkrotce-w-tym-miejscu-ma-stanac-nowy-budynek\/"},"wordCount":349,"commentCount":22,"publisher":{"@id":"https:\/\/www.24gliwice.pl\/wiadomosci\/#organization"},"image":{"@id":"https:\/\/www.24gliwice.pl\/wiadomosci\/las-smietnikow-na-starowce-zostanie-zakryty-wkrotce-w-tym-miejscu-ma-stanac-nowy-budynek\/#primaryimage"},"thumbnailUrl":"https:\/\/www.24gliwice.pl\/wiadomosci\/wp-content\/uploads\/2026\/03\/grodowa-smietniki-5.jpg","keywords":["Grodowa","\u015aMIETNIKI","\u015brednia","STAR\u00d3WKA"],"articleSection":["Gliwice","Najnowsze wiadomo\u015bci","Portal Gliwice - Wiadomo\u015bci lokalne"],"inLanguage":"pl-PL","potentialAction":[{"@type":"CommentAction","name":"Comment","target":["https:\/\/www.24gliwice.pl\/wiadomosci\/las-smietnikow-na-starowce-zostanie-zakryty-wkrotce-w-tym-miejscu-ma-stanac-nowy-budynek\/#respond"]}]},{"@type":"WebPage","@id":"https:\/\/www.24gliwice.pl\/wiadomosci\/las-smietnikow-na-starowce-zostanie-zakryty-wkrotce-w-tym-miejscu-ma-stanac-nowy-budynek\/","url":"https:\/\/www.24gliwice.pl\/wiadomosci\/las-smietnikow-na-starowce-zostanie-zakryty-wkrotce-w-tym-miejscu-ma-stanac-nowy-budynek\/","name":"Las \u015bmietnik\u00f3w na star\u00f3wce zostanie zakryty. Wkr\u00f3tce w tym miejscu ma stan\u0105\u0107 nowy budynek - 24GLIWICE - Portal Gliwice | codziennie nowe informacje","isPartOf":{"@id":"https:\/\/www.24gliwice.pl\/wiadomosci\/#website"},"primaryImageOfPage":{"@id":"https:\/\/www.24gliwice.pl\/wiadomosci\/las-smietnikow-na-starowce-zostanie-zakryty-wkrotce-w-tym-miejscu-ma-stanac-nowy-budynek\/#primaryimage"},"image":{"@id":"https:\/\/www.24gliwice.pl\/wiadomosci\/las-smietnikow-na-starowce-zostanie-zakryty-wkrotce-w-tym-miejscu-ma-stanac-nowy-budynek\/#primaryimage"},"thumbnailUrl":"https:\/\/www.24gliwice.pl\/wiadomosci\/wp-content\/uploads\/2026\/03\/grodowa-smietniki-5.jpg","datePublished":"2026-03-08T23:54:52+00:00","breadcrumb":{"@id":"https:\/\/www.24gliwice.pl\/wiadomosci\/las-smietnikow-na-starowce-zostanie-zakryty-wkrotce-w-tym-miejscu-ma-stanac-nowy-budynek\/#breadcrumb"},"inLanguage":"pl-PL","potentialAction":[{"@type":"ReadAction","target":["https:\/\/www.24gliwice.pl\/wiadomosci\/las-smietnikow-na-starowce-zostanie-zakryty-wkrotce-w-tym-miejscu-ma-stanac-nowy-budynek\/"]}]},{"@type":"ImageObject","inLanguage":"pl-PL","@id":"https:\/\/www.24gliwice.pl\/wiadomosci\/las-smietnikow-na-starowce-zostanie-zakryty-wkrotce-w-tym-miejscu-ma-stanac-nowy-budynek\/#primaryimage","url":"https:\/\/www.24gliwice.pl\/wiadomosci\/wp-content\/uploads\/2026\/03\/grodowa-smietniki-5.jpg","contentUrl":"https:\/\/www.24gliwice.pl\/wiadomosci\/wp-content\/uploads\/2026\/03\/grodowa-smietniki-5.jpg","width":810,"height":456,"caption":"\u00a924GLIWICE \/emef"},{"@type":"BreadcrumbList","@id":"https:\/\/www.24gliwice.pl\/wiadomosci\/las-smietnikow-na-starowce-zostanie-zakryty-wkrotce-w-tym-miejscu-ma-stanac-nowy-budynek\/#breadcrumb","itemListElement":[{"@type":"ListItem","position":1,"name":"Strona g\u0142\u00f3wna","item":"https:\/\/www.24gliwice.pl\/wiadomosci\/"},{"@type":"ListItem","position":2,"name":"Las \u015bmietnik\u00f3w na star\u00f3wce zostanie zakryty. Wkr\u00f3tce w tym miejscu ma stan\u0105\u0107 nowy budynek"}]},{"@type":"WebSite","@id":"https:\/\/www.24gliwice.pl\/wiadomosci\/#website","url":"https:\/\/www.24gliwice.pl\/wiadomosci\/","name":"24GLIWICE - Portal Gliwice | codziennie nowe wiadomo\u015bci","description":"Portal Miejski Gliwice","publisher":{"@id":"https:\/\/www.24gliwice.pl\/wiadomosci\/#organization"},"potentialAction":[{"@type":"SearchAction","target":{"@type":"EntryPoint","urlTemplate":"https:\/\/www.24gliwice.pl\/wiadomosci\/?s={search_term_string}"},"query-input":{"@type":"PropertyValueSpecification","valueRequired":true,"valueName":"search_term_string"}}],"inLanguage":"pl-PL"},{"@type":"Organization","@id":"https:\/\/www.24gliwice.pl\/wiadomosci\/#organization","name":"24gliwice","url":"https:\/\/www.24gliwice.pl\/wiadomosci\/","logo":{"@type":"ImageObject","inLanguage":"pl-PL","@id":"https:\/\/www.24gliwice.pl\/wiadomosci\/#\/schema\/logo\/image\/","url":"https:\/\/www.24gliwice.pl\/wiadomosci\/wp-content\/uploads\/2024\/10\/24gliwice-logo-696.jpg","contentUrl":"https:\/\/www.24gliwice.pl\/wiadomosci\/wp-content\/uploads\/2024\/10\/24gliwice-logo-696.jpg","width":696,"height":696,"caption":"24gliwice"},"image":{"@id":"https:\/\/www.24gliwice.pl\/wiadomosci\/#\/schema\/logo\/image\/"},"sameAs":["https:\/\/www.facebook.com\/24gliwice","https:\/\/x.com\/24gliwice","https:\/\/www.youtube.com\/@24gliwice"]},{"@type":"Person","@id":"https:\/\/www.24gliwice.pl\/wiadomosci\/#\/schema\/person\/940e8f8a097e322de4f463f061ef8d45","name":"Micha\u0142 Szewczyk","image":{"@type":"ImageObject","inLanguage":"pl-PL","@id":"https:\/\/secure.gravatar.com\/avatar\/771b8b6c74cd8d255e46392d605e01a86133900ef09b6ef3c8d451c9d92288cf?s=96&d=mm&r=g","url":"https:\/\/secure.gravatar.com\/avatar\/771b8b6c74cd8d255e46392d605e01a86133900ef09b6ef3c8d451c9d92288cf?s=96&d=mm&r=g","contentUrl":"https:\/\/secure.gravatar.com\/avatar\/771b8b6c74cd8d255e46392d605e01a86133900ef09b6ef3c8d451c9d92288cf?s=96&d=mm&r=g","caption":"Micha\u0142 Szewczyk"},"sameAs":["http:\/\/www.gazeta-miejska.pl"],"url":"https:\/\/www.24gliwice.pl\/wiadomosci\/author\/michal-szewczyk\/"}]}},"_links":{"self":[{"href":"https:\/\/www.24gliwice.pl\/wiadomosci\/wp-json\/wp\/v2\/posts\/267454","targetHints":{"allow":["GET"]}}],"collection":[{"href":"https:\/\/www.24gliwice.pl\/wiadomosci\/wp-json\/wp\/v2\/posts"}],"about":[{"href":"https:\/\/www.24gliwice.pl\/wiadomosci\/wp-json\/wp\/v2\/types\/post"}],"author":[{"embeddable":true,"href":"https:\/\/www.24gliwice.pl\/wiadomosci\/wp-json\/wp\/v2\/users\/12"}],"replies":[{"embeddable":true,"href":"https:\/\/www.24gliwice.pl\/wiadomosci\/wp-json\/wp\/v2\/comments?post=267454"}],"version-history":[{"count":0,"href":"https:\/\/www.24gliwice.pl\/wiadomosci\/wp-json\/wp\/v2\/posts\/267454\/revisions"}],"wp:featuredmedia":[{"embeddable":true,"href":"https:\/\/www.24gliwice.pl\/wiadomosci\/wp-json\/wp\/v2\/media\/267578"}],"wp:attachment":[{"href":"https:\/\/www.24gliwice.pl\/wiadomosci\/wp-json\/wp\/v2\/media?parent=267454"}],"wp:term":[{"taxonomy":"category","embeddable":true,"href":"https:\/\/www.24gliwice.pl\/wiadomosci\/wp-json\/wp\/v2\/categories?post=267454"},{"taxonomy":"post_tag","embeddable":true,"href":"https:\/\/www.24gliwice.pl\/wiadomosci\/wp-json\/wp\/v2\/tags?post=267454"}],"curies":[{"name":"wp","href":"https:\/\/api.w.org\/{rel}","templated":true}]}}