{"id":267478,"date":"2026-03-09T14:52:13","date_gmt":"2026-03-09T13:52:13","guid":{"rendered":"https:\/\/www.24gliwice.pl\/wiadomosci\/?p=267478"},"modified":"2026-03-09T16:06:30","modified_gmt":"2026-03-09T15:06:30","slug":"gielda-bizuterii-mineralow-i-skamienialosci-w-hali-gornych-walow-przed-nami-dwudniowe-wydarzenie","status":"publish","type":"post","link":"https:\/\/www.24gliwice.pl\/wiadomosci\/gielda-bizuterii-mineralow-i-skamienialosci-w-hali-gornych-walow-przed-nami-dwudniowe-wydarzenie\/","title":{"rendered":"Gie\u0142da  Bi\u017cuterii, Minera\u0142\u00f3w i Skamienia\u0142o\u015bci w Hali G\u00f3rnych Wa\u0142\u00f3w. Przed nami dwudniowe wydarzenie"},"content":{"rendered":"<h2>Minera\u0142y, skamienia\u0142o\u015bci, meteoryty i autorska bi\u017cuteria \u2014 wydarzenie, kt\u00f3re od lat cieszy si\u0119 popularno\u015bci\u0105, zn\u00f3w zaprasza kolekcjoner\u00f3w i mi\u0142o\u015bnik\u00f3w unikat\u00f3w. W nadchodz\u0105cy weekend 14-15 marca w gliwickiej Hali G\u00f3rnych Wa\u0142\u00f3w odb\u0119dzie si\u0119  Gie\u0142da Bi\u017cuterii, Minera\u0142\u00f3w i Skamienia\u0142o\u015bci GeoExpo!<\/h2>\n<p><!--more--><\/p>\n<p>Gie\u0142da Bi\u017cuterii, Minera\u0142\u00f3w i Skamienia\u0142o\u015bci GeoExpo to wydarzenie na styku nauki, kolekcjonerstwa i sztuki u\u017cytkowej. Przestrze\u0144, w kt\u00f3rej materia opowiada histori\u0119 d\u0142u\u017csz\u0105 ni\u017c ludzka pami\u0119\u0107 \u2014 zapisan\u0105 w strukturze kamienia, w \u015bladach \u017cycia sprzed milion\u00f3w lat i w formach, kt\u00f3re nie poddaj\u0105 si\u0119 masowej estetyce.<\/p>\n<h5>Na stoiskach mo\u017cna znale\u017a\u0107 minera\u0142y, skamienia\u0142o\u015bci i obiekty o wyj\u0105tkowym pochodzeniu: meteoryty, bursztyny, kamienie szlachetne, a tak\u017ce autentyczne szcz\u0105tki prehistorycznych organizm\u00f3w, w tym ko\u015bci dinozaur\u00f3w. <\/h5>\n<p>To nie s\u0105 eksponaty za szk\u0142em \u2014 to przedmioty, kt\u00f3re mo\u017cna zobaczy\u0107 z bliska, dotkn\u0105\u0107 i zrozumie\u0107 ich genez\u0119.<\/p>\n<p><a href=\"https:\/\/www.24gliwice.pl\/wiadomosci\/wp-content\/uploads\/2026\/03\/geoexpo3.jpg\"><img loading=\"lazy\" decoding=\"async\" src=\"https:\/\/www.24gliwice.pl\/wiadomosci\/wp-content\/uploads\/2026\/03\/geoexpo3.jpg\" alt=\"\" width=\"810\" height=\"424\" class=\"alignnone size-full wp-image-267481\" srcset=\"https:\/\/www.24gliwice.pl\/wiadomosci\/wp-content\/uploads\/2026\/03\/geoexpo3.jpg 810w, https:\/\/www.24gliwice.pl\/wiadomosci\/wp-content\/uploads\/2026\/03\/geoexpo3-410x215.jpg 410w, https:\/\/www.24gliwice.pl\/wiadomosci\/wp-content\/uploads\/2026\/03\/geoexpo3-768x402.jpg 768w, https:\/\/www.24gliwice.pl\/wiadomosci\/wp-content\/uploads\/2026\/03\/geoexpo3-375x195.jpg 375w\" sizes=\"auto, (max-width: 810px) 100vw, 810px\" \/><\/a><\/p>\n<p>Integraln\u0105 cz\u0119\u015bci\u0105 wydarzenia jest autorska bi\u017cuteria \u2014 tworzona z my\u015bl\u0105 o osobach poszukuj\u0105cych form nieoczywistych. Srebro, stal, tytan czy mied\u017a \u0142\u0105czone s\u0105 tu z naturalnymi kamieniami w projektach balansuj\u0105cych pomi\u0119dzy rzemios\u0142em a ma\u0142\u0105 rze\u017ab\u0105. Ka\u017cdy obiekt jest unikatowy i powsta\u0142 poza systemem seryjnej produkcji \u2014 tych form nie znajdziesz w sieciowych sklepach ani katalogach.<\/p>\n<p><a href=\"https:\/\/www.24gliwice.pl\/wiadomosci\/wp-content\/uploads\/2026\/03\/geoexpo4.jpg\"><img loading=\"lazy\" decoding=\"async\" src=\"https:\/\/www.24gliwice.pl\/wiadomosci\/wp-content\/uploads\/2026\/03\/geoexpo4.jpg\" alt=\"\" width=\"810\" height=\"424\" class=\"alignnone size-full wp-image-267482\" srcset=\"https:\/\/www.24gliwice.pl\/wiadomosci\/wp-content\/uploads\/2026\/03\/geoexpo4.jpg 810w, https:\/\/www.24gliwice.pl\/wiadomosci\/wp-content\/uploads\/2026\/03\/geoexpo4-410x215.jpg 410w, https:\/\/www.24gliwice.pl\/wiadomosci\/wp-content\/uploads\/2026\/03\/geoexpo4-768x402.jpg 768w, https:\/\/www.24gliwice.pl\/wiadomosci\/wp-content\/uploads\/2026\/03\/geoexpo4-375x195.jpg 375w\" sizes=\"auto, (max-width: 810px) 100vw, 810px\" \/><\/a><\/p>\n<p>Od 2005 roku GeoExpo gromadzi kolekcjoner\u00f3w, geolog\u00f3w, artyst\u00f3w i pasjonat\u00f3w z Polski i zagranicy. To wydarzenie o charakterze wymiany \u2014 wiedzy, do\u015bwiadcze\u0144 i fascynacji \u015bwiatem natury. Mo\u017cliwo\u015b\u0107 rozmowy ze specjalistami pozwala nie tylko pog\u0142\u0119bi\u0107 w\u0142asne zainteresowania, ale tak\u017ce skonsultowa\u0107 prywatne znaleziska i spojrze\u0107 na nie z naukowej perspektywy.<\/p>\n<h4>GeoExpo ma r\u00f3wnie\u017c wymiar edukacyjny i mi\u0119dzypokoleniowy. To propozycja dla rodzin, kt\u00f3re chc\u0105 sp\u0119dzi\u0107 czas w spos\u00f3b anga\u017cuj\u0105cy i inspiruj\u0105cy.<\/h4>\n<p>Mog\u0105 tam zobaczy\u0107 na \u017cywo obiekty pochodz\u0105ce z kosmosu i prehistorii, zrozumie\u0107 procesy geologiczne i odkry\u0107, \u017ce Ziemia sama w sobie jest najwi\u0119ksz\u0105 kolekcj\u0105 niezwyk\u0142o\u015bci. <\/p>\n<p><a href=\"https:\/\/www.24gliwice.pl\/wiadomosci\/wp-content\/uploads\/2026\/03\/geoexpo6.jpg\"><img loading=\"lazy\" decoding=\"async\" src=\"https:\/\/www.24gliwice.pl\/wiadomosci\/wp-content\/uploads\/2026\/03\/geoexpo6.jpg\" alt=\"\" width=\"810\" height=\"424\" class=\"alignnone size-full wp-image-267484\" srcset=\"https:\/\/www.24gliwice.pl\/wiadomosci\/wp-content\/uploads\/2026\/03\/geoexpo6.jpg 810w, https:\/\/www.24gliwice.pl\/wiadomosci\/wp-content\/uploads\/2026\/03\/geoexpo6-410x215.jpg 410w, https:\/\/www.24gliwice.pl\/wiadomosci\/wp-content\/uploads\/2026\/03\/geoexpo6-768x402.jpg 768w, https:\/\/www.24gliwice.pl\/wiadomosci\/wp-content\/uploads\/2026\/03\/geoexpo6-375x195.jpg 375w\" sizes=\"auto, (max-width: 810px) 100vw, 810px\" \/><\/a><\/p>\n<p>Wi\u0119cej szczeg\u00f3\u0142\u00f3w znajdziesz na stronie wydarzenia: <a href=\"https:\/\/fb.me\/e\/4bbCAg5ZY\" target=\"_blank\">https:\/\/fb.me\/e\/4bbCAg5ZY<\/a> oraz na <a href=\"http:\/\/www.geoexpo.eu\" target=\"_blank\">www.geoexpo.eu<\/a>. Kupuj\u0105c bilet na wydarzenie mo\u017cesz wzi\u0105\u0107 udzia\u0142 w konkursie w kt\u00f3rym do wygrania jest wyj\u0105tkowa nagroda \u2013 Z\u0142ota Moneta!<\/p>\n<p><a href=\"https:\/\/www.24gliwice.pl\/wiadomosci\/wp-content\/uploads\/2026\/03\/geoexpo7.jpg\"><img loading=\"lazy\" decoding=\"async\" src=\"https:\/\/www.24gliwice.pl\/wiadomosci\/wp-content\/uploads\/2026\/03\/geoexpo7.jpg\" alt=\"\" width=\"810\" height=\"424\" class=\"alignnone size-full wp-image-267485\" srcset=\"https:\/\/www.24gliwice.pl\/wiadomosci\/wp-content\/uploads\/2026\/03\/geoexpo7.jpg 810w, https:\/\/www.24gliwice.pl\/wiadomosci\/wp-content\/uploads\/2026\/03\/geoexpo7-410x215.jpg 410w, https:\/\/www.24gliwice.pl\/wiadomosci\/wp-content\/uploads\/2026\/03\/geoexpo7-768x402.jpg 768w, https:\/\/www.24gliwice.pl\/wiadomosci\/wp-content\/uploads\/2026\/03\/geoexpo7-375x195.jpg 375w\" sizes=\"auto, (max-width: 810px) 100vw, 810px\" \/><\/a><\/p>\n<h4>CO, GDZIE, KIEDY?<\/h4>\n<ul>\n<li>14-15 marca (sobota i niedziela);<\/li>\n<li>Hala Sportowa, ul. G\u00f3rnych Wa\u0142\u00f3w 29, Gliwice;<\/li>\n<li>Wst\u0119p w godzinach 10:00 &#8211; 18:00.<\/li>\n<\/ul>\n<p><a href=\"https:\/\/www.24gliwice.pl\/wiadomosci\/wp-content\/uploads\/2026\/03\/geoexpo-banner2.jpg\"><img loading=\"lazy\" decoding=\"async\" src=\"https:\/\/www.24gliwice.pl\/wiadomosci\/wp-content\/uploads\/2026\/03\/geoexpo-banner2.jpg\" alt=\"\" width=\"810\" height=\"424\" class=\"alignnone size-full wp-image-267480\" srcset=\"https:\/\/www.24gliwice.pl\/wiadomosci\/wp-content\/uploads\/2026\/03\/geoexpo-banner2.jpg 810w, https:\/\/www.24gliwice.pl\/wiadomosci\/wp-content\/uploads\/2026\/03\/geoexpo-banner2-410x215.jpg 410w, https:\/\/www.24gliwice.pl\/wiadomosci\/wp-content\/uploads\/2026\/03\/geoexpo-banner2-768x402.jpg 768w, https:\/\/www.24gliwice.pl\/wiadomosci\/wp-content\/uploads\/2026\/03\/geoexpo-banner2-375x195.jpg 375w\" sizes=\"auto, (max-width: 810px) 100vw, 810px\" \/><\/a><\/p>\n<h5>BILETY<\/h5>\n<p>Bilety uprawniaj\u0105 do jednorazowego wst\u0119pu na imprez\u0119 i s\u0105 do kupienia w kasach w dniu wydarzenia lub online za po\u015brednictwem strony: <a href=\"http:\/\/www.geoexpo.eu\" target=\"_blank\">www.geoexpo.eu<\/a>. Ceny:<\/p>\n<ul>\n<li>Normalny &#8211; 20 z\u0142,<\/li>\n<li>Ulgowy &#8211; 15 z\u0142 (emeryci, renci\u015bci, m\u0142odzie\u017c do 18-tego roku \u017cycia oraz osoby z orzeczeniem o niepe\u0142nosprawno\u015bci),<\/li>\n<li>Bezp\u0142atnie &#8211; dzieci do 5 lat.<\/li>\n<\/ul>\n<p><a href=\"https:\/\/www.24gliwice.pl\/wiadomosci\/wp-content\/uploads\/2026\/03\/geoexpo-banner.jpg\"><img loading=\"lazy\" decoding=\"async\" src=\"https:\/\/www.24gliwice.pl\/wiadomosci\/wp-content\/uploads\/2026\/03\/geoexpo-banner.jpg\" alt=\"\" width=\"810\" height=\"424\" class=\"alignnone size-full wp-image-267479\" srcset=\"https:\/\/www.24gliwice.pl\/wiadomosci\/wp-content\/uploads\/2026\/03\/geoexpo-banner.jpg 810w, https:\/\/www.24gliwice.pl\/wiadomosci\/wp-content\/uploads\/2026\/03\/geoexpo-banner-410x215.jpg 410w, https:\/\/www.24gliwice.pl\/wiadomosci\/wp-content\/uploads\/2026\/03\/geoexpo-banner-768x402.jpg 768w, https:\/\/www.24gliwice.pl\/wiadomosci\/wp-content\/uploads\/2026\/03\/geoexpo-banner-375x195.jpg 375w\" sizes=\"auto, (max-width: 810px) 100vw, 810px\" \/><\/a><\/p>\n<p><small>materia\u0142 partnera<\/small><\/p>\n","protected":false},"excerpt":{"rendered":"<p>Minera\u0142y, skamienia\u0142o\u015bci, meteoryty i autorska bi\u017cuteria \u2014 wydarzenie, kt\u00f3re od lat cieszy si\u0119 popularno\u015bci\u0105, zn\u00f3w zaprasza kolekcjoner\u00f3w i mi\u0142o\u015bnik\u00f3w unikat\u00f3w. W nadchodz\u0105cy weekend 14-15 marca w gliwickiej Hali G\u00f3rnych Wa\u0142\u00f3w odb\u0119dzie si\u0119 Gie\u0142da Bi\u017cuterii, Minera\u0142\u00f3w i Skamienia\u0142o\u015bci GeoExpo!<\/p>\n","protected":false},"author":15,"featured_media":267483,"comment_status":"closed","ping_status":"closed","sticky":false,"template":"","format":"standard","meta":{"_monsterinsights_skip_tracking":false,"_monsterinsights_sitenote_active":false,"_monsterinsights_sitenote_note":"","_monsterinsights_sitenote_category":0,"footnotes":"","_links_to":"","_links_to_target":""},"categories":[3,6,1,1129],"tags":[21988,6702],"class_list":["post-267478","post","type-post","status-publish","format-standard","has-post-thumbnail","hentry","category-gliwice","category-kultura","category-wszystko","category-polecamy","tag-geoexpo","tag-gielda-mineralow"],"yoast_head":"<!-- This site is optimized with the Yoast SEO plugin v27.5 - https:\/\/yoast.com\/product\/yoast-seo-wordpress\/ -->\n<title>Gie\u0142da Bi\u017cuterii, Minera\u0142\u00f3w i Skamienia\u0142o\u015bci w Hali G\u00f3rnych Wa\u0142\u00f3w. Przed nami dwudniowe wydarzenie - 24GLIWICE - Portal Gliwice | codziennie nowe informacje<\/title>\n<meta name=\"description\" content=\"W weekend 14 i 15 marca w Hali G\u00f3rnych Wa\u0142\u00f3w odb\u0119dzie si\u0119 Gie\u0142da Minera\u0142\u00f3w i Bi\u017cuterii Geoexpo. To wyj\u0105tkowa okazja do sp\u0119dzenia czasu\" \/>\n<meta name=\"robots\" content=\"index, follow, max-snippet:-1, max-image-preview:large, max-video-preview:-1\" \/>\n<link rel=\"canonical\" href=\"https:\/\/www.24gliwice.pl\/wiadomosci\/gielda-bizuterii-mineralow-i-skamienialosci-w-hali-gornych-walow-przed-nami-dwudniowe-wydarzenie\/\" \/>\n<meta property=\"og:locale\" content=\"pl_PL\" \/>\n<meta property=\"og:type\" content=\"article\" \/>\n<meta property=\"og:title\" content=\"Gie\u0142da Bi\u017cuterii, Minera\u0142\u00f3w i Skamienia\u0142o\u015bci w Hali G\u00f3rnych Wa\u0142\u00f3w. Przed nami dwudniowe wydarzenie - 24GLIWICE - Portal Gliwice | codziennie nowe informacje\" \/>\n<meta property=\"og:description\" content=\"W weekend 14 i 15 marca w Hali G\u00f3rnych Wa\u0142\u00f3w odb\u0119dzie si\u0119 Gie\u0142da Minera\u0142\u00f3w i Bi\u017cuterii Geoexpo. To wyj\u0105tkowa okazja do sp\u0119dzenia czasu\" \/>\n<meta property=\"og:url\" content=\"https:\/\/www.24gliwice.pl\/wiadomosci\/gielda-bizuterii-mineralow-i-skamienialosci-w-hali-gornych-walow-przed-nami-dwudniowe-wydarzenie\/\" \/>\n<meta property=\"og:site_name\" content=\"24GLIWICE - Portal Gliwice | codziennie nowe informacje\" \/>\n<meta property=\"article:publisher\" content=\"https:\/\/www.facebook.com\/24gliwice\" \/>\n<meta property=\"article:published_time\" content=\"2026-03-09T13:52:13+00:00\" \/>\n<meta property=\"article:modified_time\" content=\"2026-03-09T15:06:30+00:00\" \/>\n<meta property=\"og:image\" content=\"https:\/\/www.24gliwice.pl\/wiadomosci\/wp-content\/uploads\/2026\/03\/geoexpo5.jpg\" \/>\n\t<meta property=\"og:image:width\" content=\"810\" \/>\n\t<meta property=\"og:image:height\" content=\"455\" \/>\n\t<meta property=\"og:image:type\" content=\"image\/jpeg\" \/>\n<meta name=\"author\" content=\"\u017baneta Mrozek-Siewierska\" \/>\n<meta name=\"twitter:card\" content=\"summary_large_image\" \/>\n<meta name=\"twitter:creator\" content=\"@24gliwice\" \/>\n<meta name=\"twitter:site\" content=\"@24gliwice\" \/>\n<meta name=\"twitter:label1\" content=\"Napisane przez\" \/>\n\t<meta name=\"twitter:data1\" content=\"\u017baneta Mrozek-Siewierska\" \/>\n\t<meta name=\"twitter:label2\" content=\"Szacowany czas czytania\" \/>\n\t<meta name=\"twitter:data2\" content=\"4 minuty\" \/>\n<script type=\"application\/ld+json\" class=\"yoast-schema-graph\">{\"@context\":\"https:\\\/\\\/schema.org\",\"@graph\":[{\"@type\":\"Article\",\"@id\":\"https:\\\/\\\/www.24gliwice.pl\\\/wiadomosci\\\/gielda-bizuterii-mineralow-i-skamienialosci-w-hali-gornych-walow-przed-nami-dwudniowe-wydarzenie\\\/#article\",\"isPartOf\":{\"@id\":\"https:\\\/\\\/www.24gliwice.pl\\\/wiadomosci\\\/gielda-bizuterii-mineralow-i-skamienialosci-w-hali-gornych-walow-przed-nami-dwudniowe-wydarzenie\\\/\"},\"author\":{\"name\":\"\u017baneta Mrozek-Siewierska\",\"@id\":\"https:\\\/\\\/www.24gliwice.pl\\\/wiadomosci\\\/#\\\/schema\\\/person\\\/e42c650edd7f2fa332be3811fb166b6e\"},\"headline\":\"Gie\u0142da Bi\u017cuterii, Minera\u0142\u00f3w i Skamienia\u0142o\u015bci w Hali G\u00f3rnych Wa\u0142\u00f3w. Przed nami dwudniowe wydarzenie\",\"datePublished\":\"2026-03-09T13:52:13+00:00\",\"dateModified\":\"2026-03-09T15:06:30+00:00\",\"mainEntityOfPage\":{\"@id\":\"https:\\\/\\\/www.24gliwice.pl\\\/wiadomosci\\\/gielda-bizuterii-mineralow-i-skamienialosci-w-hali-gornych-walow-przed-nami-dwudniowe-wydarzenie\\\/\"},\"wordCount\":484,\"publisher\":{\"@id\":\"https:\\\/\\\/www.24gliwice.pl\\\/wiadomosci\\\/#organization\"},\"image\":{\"@id\":\"https:\\\/\\\/www.24gliwice.pl\\\/wiadomosci\\\/gielda-bizuterii-mineralow-i-skamienialosci-w-hali-gornych-walow-przed-nami-dwudniowe-wydarzenie\\\/#primaryimage\"},\"thumbnailUrl\":\"https:\\\/\\\/www.24gliwice.pl\\\/wiadomosci\\\/wp-content\\\/uploads\\\/2026\\\/03\\\/geoexpo5.jpg\",\"keywords\":[\"geoexpo\",\"gie\u0142da minera\u0142\u00f3w\"],\"articleSection\":[\"Gliwice\",\"Kultura, wydarzenia, imprezy\",\"Najnowsze wiadomo\u015bci\",\"Polecamy\"],\"inLanguage\":\"pl-PL\"},{\"@type\":\"WebPage\",\"@id\":\"https:\\\/\\\/www.24gliwice.pl\\\/wiadomosci\\\/gielda-bizuterii-mineralow-i-skamienialosci-w-hali-gornych-walow-przed-nami-dwudniowe-wydarzenie\\\/\",\"url\":\"https:\\\/\\\/www.24gliwice.pl\\\/wiadomosci\\\/gielda-bizuterii-mineralow-i-skamienialosci-w-hali-gornych-walow-przed-nami-dwudniowe-wydarzenie\\\/\",\"name\":\"Gie\u0142da Bi\u017cuterii, Minera\u0142\u00f3w i Skamienia\u0142o\u015bci w Hali G\u00f3rnych Wa\u0142\u00f3w. Przed nami dwudniowe wydarzenie - 24GLIWICE - Portal Gliwice | codziennie nowe informacje\",\"isPartOf\":{\"@id\":\"https:\\\/\\\/www.24gliwice.pl\\\/wiadomosci\\\/#website\"},\"primaryImageOfPage\":{\"@id\":\"https:\\\/\\\/www.24gliwice.pl\\\/wiadomosci\\\/gielda-bizuterii-mineralow-i-skamienialosci-w-hali-gornych-walow-przed-nami-dwudniowe-wydarzenie\\\/#primaryimage\"},\"image\":{\"@id\":\"https:\\\/\\\/www.24gliwice.pl\\\/wiadomosci\\\/gielda-bizuterii-mineralow-i-skamienialosci-w-hali-gornych-walow-przed-nami-dwudniowe-wydarzenie\\\/#primaryimage\"},\"thumbnailUrl\":\"https:\\\/\\\/www.24gliwice.pl\\\/wiadomosci\\\/wp-content\\\/uploads\\\/2026\\\/03\\\/geoexpo5.jpg\",\"datePublished\":\"2026-03-09T13:52:13+00:00\",\"dateModified\":\"2026-03-09T15:06:30+00:00\",\"description\":\"W weekend 14 i 15 marca w Hali G\u00f3rnych Wa\u0142\u00f3w odb\u0119dzie si\u0119 Gie\u0142da Minera\u0142\u00f3w i Bi\u017cuterii Geoexpo. To wyj\u0105tkowa okazja do sp\u0119dzenia czasu\",\"breadcrumb\":{\"@id\":\"https:\\\/\\\/www.24gliwice.pl\\\/wiadomosci\\\/gielda-bizuterii-mineralow-i-skamienialosci-w-hali-gornych-walow-przed-nami-dwudniowe-wydarzenie\\\/#breadcrumb\"},\"inLanguage\":\"pl-PL\",\"potentialAction\":[{\"@type\":\"ReadAction\",\"target\":[\"https:\\\/\\\/www.24gliwice.pl\\\/wiadomosci\\\/gielda-bizuterii-mineralow-i-skamienialosci-w-hali-gornych-walow-przed-nami-dwudniowe-wydarzenie\\\/\"]}]},{\"@type\":\"ImageObject\",\"inLanguage\":\"pl-PL\",\"@id\":\"https:\\\/\\\/www.24gliwice.pl\\\/wiadomosci\\\/gielda-bizuterii-mineralow-i-skamienialosci-w-hali-gornych-walow-przed-nami-dwudniowe-wydarzenie\\\/#primaryimage\",\"url\":\"https:\\\/\\\/www.24gliwice.pl\\\/wiadomosci\\\/wp-content\\\/uploads\\\/2026\\\/03\\\/geoexpo5.jpg\",\"contentUrl\":\"https:\\\/\\\/www.24gliwice.pl\\\/wiadomosci\\\/wp-content\\\/uploads\\\/2026\\\/03\\\/geoexpo5.jpg\",\"width\":810,\"height\":455},{\"@type\":\"BreadcrumbList\",\"@id\":\"https:\\\/\\\/www.24gliwice.pl\\\/wiadomosci\\\/gielda-bizuterii-mineralow-i-skamienialosci-w-hali-gornych-walow-przed-nami-dwudniowe-wydarzenie\\\/#breadcrumb\",\"itemListElement\":[{\"@type\":\"ListItem\",\"position\":1,\"name\":\"Strona g\u0142\u00f3wna\",\"item\":\"https:\\\/\\\/www.24gliwice.pl\\\/wiadomosci\\\/\"},{\"@type\":\"ListItem\",\"position\":2,\"name\":\"Gie\u0142da Bi\u017cuterii, Minera\u0142\u00f3w i Skamienia\u0142o\u015bci w Hali G\u00f3rnych Wa\u0142\u00f3w. Przed nami dwudniowe wydarzenie\"}]},{\"@type\":\"WebSite\",\"@id\":\"https:\\\/\\\/www.24gliwice.pl\\\/wiadomosci\\\/#website\",\"url\":\"https:\\\/\\\/www.24gliwice.pl\\\/wiadomosci\\\/\",\"name\":\"24GLIWICE - Portal Gliwice | codziennie nowe wiadomo\u015bci\",\"description\":\"Portal Miejski Gliwice\",\"publisher\":{\"@id\":\"https:\\\/\\\/www.24gliwice.pl\\\/wiadomosci\\\/#organization\"},\"potentialAction\":[{\"@type\":\"SearchAction\",\"target\":{\"@type\":\"EntryPoint\",\"urlTemplate\":\"https:\\\/\\\/www.24gliwice.pl\\\/wiadomosci\\\/?s={search_term_string}\"},\"query-input\":{\"@type\":\"PropertyValueSpecification\",\"valueRequired\":true,\"valueName\":\"search_term_string\"}}],\"inLanguage\":\"pl-PL\"},{\"@type\":\"Organization\",\"@id\":\"https:\\\/\\\/www.24gliwice.pl\\\/wiadomosci\\\/#organization\",\"name\":\"24gliwice\",\"url\":\"https:\\\/\\\/www.24gliwice.pl\\\/wiadomosci\\\/\",\"logo\":{\"@type\":\"ImageObject\",\"inLanguage\":\"pl-PL\",\"@id\":\"https:\\\/\\\/www.24gliwice.pl\\\/wiadomosci\\\/#\\\/schema\\\/logo\\\/image\\\/\",\"url\":\"https:\\\/\\\/www.24gliwice.pl\\\/wiadomosci\\\/wp-content\\\/uploads\\\/2024\\\/10\\\/24gliwice-logo-696.jpg\",\"contentUrl\":\"https:\\\/\\\/www.24gliwice.pl\\\/wiadomosci\\\/wp-content\\\/uploads\\\/2024\\\/10\\\/24gliwice-logo-696.jpg\",\"width\":696,\"height\":696,\"caption\":\"24gliwice\"},\"image\":{\"@id\":\"https:\\\/\\\/www.24gliwice.pl\\\/wiadomosci\\\/#\\\/schema\\\/logo\\\/image\\\/\"},\"sameAs\":[\"https:\\\/\\\/www.facebook.com\\\/24gliwice\",\"https:\\\/\\\/x.com\\\/24gliwice\",\"https:\\\/\\\/www.youtube.com\\\/@24gliwice\"]},{\"@type\":\"Person\",\"@id\":\"https:\\\/\\\/www.24gliwice.pl\\\/wiadomosci\\\/#\\\/schema\\\/person\\\/e42c650edd7f2fa332be3811fb166b6e\",\"name\":\"\u017baneta Mrozek-Siewierska\",\"image\":{\"@type\":\"ImageObject\",\"inLanguage\":\"pl-PL\",\"@id\":\"https:\\\/\\\/secure.gravatar.com\\\/avatar\\\/1881429e9c64597c77ad7aef2d0a19be69a3253e57534d16aa15bf3a4d34a0a3?s=96&d=mm&r=g\",\"url\":\"https:\\\/\\\/secure.gravatar.com\\\/avatar\\\/1881429e9c64597c77ad7aef2d0a19be69a3253e57534d16aa15bf3a4d34a0a3?s=96&d=mm&r=g\",\"contentUrl\":\"https:\\\/\\\/secure.gravatar.com\\\/avatar\\\/1881429e9c64597c77ad7aef2d0a19be69a3253e57534d16aa15bf3a4d34a0a3?s=96&d=mm&r=g\",\"caption\":\"\u017baneta Mrozek-Siewierska\"},\"url\":\"https:\\\/\\\/www.24gliwice.pl\\\/wiadomosci\\\/author\\\/zms\\\/\"}]}<\/script>\n<!-- \/ Yoast SEO plugin. -->","yoast_head_json":{"title":"Gie\u0142da Bi\u017cuterii, Minera\u0142\u00f3w i Skamienia\u0142o\u015bci w Hali G\u00f3rnych Wa\u0142\u00f3w. Przed nami dwudniowe wydarzenie - 24GLIWICE - Portal Gliwice | codziennie nowe informacje","description":"W weekend 14 i 15 marca w Hali G\u00f3rnych Wa\u0142\u00f3w odb\u0119dzie si\u0119 Gie\u0142da Minera\u0142\u00f3w i Bi\u017cuterii Geoexpo. To wyj\u0105tkowa okazja do sp\u0119dzenia czasu","robots":{"index":"index","follow":"follow","max-snippet":"max-snippet:-1","max-image-preview":"max-image-preview:large","max-video-preview":"max-video-preview:-1"},"canonical":"https:\/\/www.24gliwice.pl\/wiadomosci\/gielda-bizuterii-mineralow-i-skamienialosci-w-hali-gornych-walow-przed-nami-dwudniowe-wydarzenie\/","og_locale":"pl_PL","og_type":"article","og_title":"Gie\u0142da Bi\u017cuterii, Minera\u0142\u00f3w i Skamienia\u0142o\u015bci w Hali G\u00f3rnych Wa\u0142\u00f3w. Przed nami dwudniowe wydarzenie - 24GLIWICE - Portal Gliwice | codziennie nowe informacje","og_description":"W weekend 14 i 15 marca w Hali G\u00f3rnych Wa\u0142\u00f3w odb\u0119dzie si\u0119 Gie\u0142da Minera\u0142\u00f3w i Bi\u017cuterii Geoexpo. To wyj\u0105tkowa okazja do sp\u0119dzenia czasu","og_url":"https:\/\/www.24gliwice.pl\/wiadomosci\/gielda-bizuterii-mineralow-i-skamienialosci-w-hali-gornych-walow-przed-nami-dwudniowe-wydarzenie\/","og_site_name":"24GLIWICE - Portal Gliwice | codziennie nowe informacje","article_publisher":"https:\/\/www.facebook.com\/24gliwice","article_published_time":"2026-03-09T13:52:13+00:00","article_modified_time":"2026-03-09T15:06:30+00:00","og_image":[{"width":810,"height":455,"url":"https:\/\/www.24gliwice.pl\/wiadomosci\/wp-content\/uploads\/2026\/03\/geoexpo5.jpg","type":"image\/jpeg"}],"author":"\u017baneta Mrozek-Siewierska","twitter_card":"summary_large_image","twitter_creator":"@24gliwice","twitter_site":"@24gliwice","twitter_misc":{"Napisane przez":"\u017baneta Mrozek-Siewierska","Szacowany czas czytania":"4 minuty"},"schema":{"@context":"https:\/\/schema.org","@graph":[{"@type":"Article","@id":"https:\/\/www.24gliwice.pl\/wiadomosci\/gielda-bizuterii-mineralow-i-skamienialosci-w-hali-gornych-walow-przed-nami-dwudniowe-wydarzenie\/#article","isPartOf":{"@id":"https:\/\/www.24gliwice.pl\/wiadomosci\/gielda-bizuterii-mineralow-i-skamienialosci-w-hali-gornych-walow-przed-nami-dwudniowe-wydarzenie\/"},"author":{"name":"\u017baneta Mrozek-Siewierska","@id":"https:\/\/www.24gliwice.pl\/wiadomosci\/#\/schema\/person\/e42c650edd7f2fa332be3811fb166b6e"},"headline":"Gie\u0142da Bi\u017cuterii, Minera\u0142\u00f3w i Skamienia\u0142o\u015bci w Hali G\u00f3rnych Wa\u0142\u00f3w. Przed nami dwudniowe wydarzenie","datePublished":"2026-03-09T13:52:13+00:00","dateModified":"2026-03-09T15:06:30+00:00","mainEntityOfPage":{"@id":"https:\/\/www.24gliwice.pl\/wiadomosci\/gielda-bizuterii-mineralow-i-skamienialosci-w-hali-gornych-walow-przed-nami-dwudniowe-wydarzenie\/"},"wordCount":484,"publisher":{"@id":"https:\/\/www.24gliwice.pl\/wiadomosci\/#organization"},"image":{"@id":"https:\/\/www.24gliwice.pl\/wiadomosci\/gielda-bizuterii-mineralow-i-skamienialosci-w-hali-gornych-walow-przed-nami-dwudniowe-wydarzenie\/#primaryimage"},"thumbnailUrl":"https:\/\/www.24gliwice.pl\/wiadomosci\/wp-content\/uploads\/2026\/03\/geoexpo5.jpg","keywords":["geoexpo","gie\u0142da minera\u0142\u00f3w"],"articleSection":["Gliwice","Kultura, wydarzenia, imprezy","Najnowsze wiadomo\u015bci","Polecamy"],"inLanguage":"pl-PL"},{"@type":"WebPage","@id":"https:\/\/www.24gliwice.pl\/wiadomosci\/gielda-bizuterii-mineralow-i-skamienialosci-w-hali-gornych-walow-przed-nami-dwudniowe-wydarzenie\/","url":"https:\/\/www.24gliwice.pl\/wiadomosci\/gielda-bizuterii-mineralow-i-skamienialosci-w-hali-gornych-walow-przed-nami-dwudniowe-wydarzenie\/","name":"Gie\u0142da Bi\u017cuterii, Minera\u0142\u00f3w i Skamienia\u0142o\u015bci w Hali G\u00f3rnych Wa\u0142\u00f3w. Przed nami dwudniowe wydarzenie - 24GLIWICE - Portal Gliwice | codziennie nowe informacje","isPartOf":{"@id":"https:\/\/www.24gliwice.pl\/wiadomosci\/#website"},"primaryImageOfPage":{"@id":"https:\/\/www.24gliwice.pl\/wiadomosci\/gielda-bizuterii-mineralow-i-skamienialosci-w-hali-gornych-walow-przed-nami-dwudniowe-wydarzenie\/#primaryimage"},"image":{"@id":"https:\/\/www.24gliwice.pl\/wiadomosci\/gielda-bizuterii-mineralow-i-skamienialosci-w-hali-gornych-walow-przed-nami-dwudniowe-wydarzenie\/#primaryimage"},"thumbnailUrl":"https:\/\/www.24gliwice.pl\/wiadomosci\/wp-content\/uploads\/2026\/03\/geoexpo5.jpg","datePublished":"2026-03-09T13:52:13+00:00","dateModified":"2026-03-09T15:06:30+00:00","description":"W weekend 14 i 15 marca w Hali G\u00f3rnych Wa\u0142\u00f3w odb\u0119dzie si\u0119 Gie\u0142da Minera\u0142\u00f3w i Bi\u017cuterii Geoexpo. To wyj\u0105tkowa okazja do sp\u0119dzenia czasu","breadcrumb":{"@id":"https:\/\/www.24gliwice.pl\/wiadomosci\/gielda-bizuterii-mineralow-i-skamienialosci-w-hali-gornych-walow-przed-nami-dwudniowe-wydarzenie\/#breadcrumb"},"inLanguage":"pl-PL","potentialAction":[{"@type":"ReadAction","target":["https:\/\/www.24gliwice.pl\/wiadomosci\/gielda-bizuterii-mineralow-i-skamienialosci-w-hali-gornych-walow-przed-nami-dwudniowe-wydarzenie\/"]}]},{"@type":"ImageObject","inLanguage":"pl-PL","@id":"https:\/\/www.24gliwice.pl\/wiadomosci\/gielda-bizuterii-mineralow-i-skamienialosci-w-hali-gornych-walow-przed-nami-dwudniowe-wydarzenie\/#primaryimage","url":"https:\/\/www.24gliwice.pl\/wiadomosci\/wp-content\/uploads\/2026\/03\/geoexpo5.jpg","contentUrl":"https:\/\/www.24gliwice.pl\/wiadomosci\/wp-content\/uploads\/2026\/03\/geoexpo5.jpg","width":810,"height":455},{"@type":"BreadcrumbList","@id":"https:\/\/www.24gliwice.pl\/wiadomosci\/gielda-bizuterii-mineralow-i-skamienialosci-w-hali-gornych-walow-przed-nami-dwudniowe-wydarzenie\/#breadcrumb","itemListElement":[{"@type":"ListItem","position":1,"name":"Strona g\u0142\u00f3wna","item":"https:\/\/www.24gliwice.pl\/wiadomosci\/"},{"@type":"ListItem","position":2,"name":"Gie\u0142da Bi\u017cuterii, Minera\u0142\u00f3w i Skamienia\u0142o\u015bci w Hali G\u00f3rnych Wa\u0142\u00f3w. Przed nami dwudniowe wydarzenie"}]},{"@type":"WebSite","@id":"https:\/\/www.24gliwice.pl\/wiadomosci\/#website","url":"https:\/\/www.24gliwice.pl\/wiadomosci\/","name":"24GLIWICE - Portal Gliwice | codziennie nowe wiadomo\u015bci","description":"Portal Miejski Gliwice","publisher":{"@id":"https:\/\/www.24gliwice.pl\/wiadomosci\/#organization"},"potentialAction":[{"@type":"SearchAction","target":{"@type":"EntryPoint","urlTemplate":"https:\/\/www.24gliwice.pl\/wiadomosci\/?s={search_term_string}"},"query-input":{"@type":"PropertyValueSpecification","valueRequired":true,"valueName":"search_term_string"}}],"inLanguage":"pl-PL"},{"@type":"Organization","@id":"https:\/\/www.24gliwice.pl\/wiadomosci\/#organization","name":"24gliwice","url":"https:\/\/www.24gliwice.pl\/wiadomosci\/","logo":{"@type":"ImageObject","inLanguage":"pl-PL","@id":"https:\/\/www.24gliwice.pl\/wiadomosci\/#\/schema\/logo\/image\/","url":"https:\/\/www.24gliwice.pl\/wiadomosci\/wp-content\/uploads\/2024\/10\/24gliwice-logo-696.jpg","contentUrl":"https:\/\/www.24gliwice.pl\/wiadomosci\/wp-content\/uploads\/2024\/10\/24gliwice-logo-696.jpg","width":696,"height":696,"caption":"24gliwice"},"image":{"@id":"https:\/\/www.24gliwice.pl\/wiadomosci\/#\/schema\/logo\/image\/"},"sameAs":["https:\/\/www.facebook.com\/24gliwice","https:\/\/x.com\/24gliwice","https:\/\/www.youtube.com\/@24gliwice"]},{"@type":"Person","@id":"https:\/\/www.24gliwice.pl\/wiadomosci\/#\/schema\/person\/e42c650edd7f2fa332be3811fb166b6e","name":"\u017baneta Mrozek-Siewierska","image":{"@type":"ImageObject","inLanguage":"pl-PL","@id":"https:\/\/secure.gravatar.com\/avatar\/1881429e9c64597c77ad7aef2d0a19be69a3253e57534d16aa15bf3a4d34a0a3?s=96&d=mm&r=g","url":"https:\/\/secure.gravatar.com\/avatar\/1881429e9c64597c77ad7aef2d0a19be69a3253e57534d16aa15bf3a4d34a0a3?s=96&d=mm&r=g","contentUrl":"https:\/\/secure.gravatar.com\/avatar\/1881429e9c64597c77ad7aef2d0a19be69a3253e57534d16aa15bf3a4d34a0a3?s=96&d=mm&r=g","caption":"\u017baneta Mrozek-Siewierska"},"url":"https:\/\/www.24gliwice.pl\/wiadomosci\/author\/zms\/"}]}},"_links":{"self":[{"href":"https:\/\/www.24gliwice.pl\/wiadomosci\/wp-json\/wp\/v2\/posts\/267478","targetHints":{"allow":["GET"]}}],"collection":[{"href":"https:\/\/www.24gliwice.pl\/wiadomosci\/wp-json\/wp\/v2\/posts"}],"about":[{"href":"https:\/\/www.24gliwice.pl\/wiadomosci\/wp-json\/wp\/v2\/types\/post"}],"author":[{"embeddable":true,"href":"https:\/\/www.24gliwice.pl\/wiadomosci\/wp-json\/wp\/v2\/users\/15"}],"replies":[{"embeddable":true,"href":"https:\/\/www.24gliwice.pl\/wiadomosci\/wp-json\/wp\/v2\/comments?post=267478"}],"version-history":[{"count":0,"href":"https:\/\/www.24gliwice.pl\/wiadomosci\/wp-json\/wp\/v2\/posts\/267478\/revisions"}],"wp:featuredmedia":[{"embeddable":true,"href":"https:\/\/www.24gliwice.pl\/wiadomosci\/wp-json\/wp\/v2\/media\/267483"}],"wp:attachment":[{"href":"https:\/\/www.24gliwice.pl\/wiadomosci\/wp-json\/wp\/v2\/media?parent=267478"}],"wp:term":[{"taxonomy":"category","embeddable":true,"href":"https:\/\/www.24gliwice.pl\/wiadomosci\/wp-json\/wp\/v2\/categories?post=267478"},{"taxonomy":"post_tag","embeddable":true,"href":"https:\/\/www.24gliwice.pl\/wiadomosci\/wp-json\/wp\/v2\/tags?post=267478"}],"curies":[{"name":"wp","href":"https:\/\/api.w.org\/{rel}","templated":true}]}}