{"id":267506,"date":"2026-03-11T04:40:18","date_gmt":"2026-03-11T03:40:18","guid":{"rendered":"https:\/\/www.24gliwice.pl\/wiadomosci\/?p=267506"},"modified":"2026-03-11T20:15:57","modified_gmt":"2026-03-11T19:15:57","slug":"myjnia-samochodowa-i-budynek-mieszkalny-w-trybie-lex-deweloper-dwie-inwestycje-w-sasiedztwie","status":"publish","type":"post","link":"https:\/\/www.24gliwice.pl\/wiadomosci\/myjnia-samochodowa-i-budynek-mieszkalny-w-trybie-lex-deweloper-dwie-inwestycje-w-sasiedztwie\/","title":{"rendered":"Myjnia samochodowa i budynek mieszkalny w trybie lex deweloper. Dwie inwestycje w s\u0105siedztwie"},"content":{"rendered":"<div class=\"gliwi-a6-nad-leadem-artykulow gliwi-entity-placement\" id=\"gliwi-2117576190\"><div class=\"gliwi-adlabel\"><span style=\"font-size: 9px\">REKLAMA<\/span><\/div><div id=\"gliwi-491218521\" style=\"margin-bottom: 25px;margin-left: auto;margin-right: auto;text-align: center;\"><a data-no-instant=\"1\" href=\"https:\/\/dom100.eu\/\" rel=\"noopener\" class=\"a2t-link\" target=\"_blank\" aria-label=\"20260415 DOM100 D\"><img loading=\"lazy\" decoding=\"async\" src=\"https:\/\/www.24gliwice.pl\/wiadomosci\/wp-content\/uploads\/2026\/04\/20260415-DOM100-D.jpg\" alt=\"\"  srcset=\"https:\/\/www.24gliwice.pl\/wiadomosci\/wp-content\/uploads\/2026\/04\/20260415-DOM100-D.jpg 750w, https:\/\/www.24gliwice.pl\/wiadomosci\/wp-content\/uploads\/2026\/04\/20260415-DOM100-D-410x109.jpg 410w\" sizes=\"(max-width: 750px) 100vw, 750px\" class=\"no-lazyload\" width=\"750\" height=\"200\"  style=\"display: inline-block; max-width: 100%; height: auto;\" \/><\/a><\/div><\/div><h2>Mieszka\u0144c\u00f3w zabudowy jednorodzinnej w rejonie ulicy \u0141ab\u0119dzkiej w niedalekim czasie mog\u0105 czeka\u0107 spore zmiany. Na rozpatrzenie czeka wniosek o wydanie pozwolenia na budow\u0119 myjni samochodowej na ty\u0142ach stacji BP, a tu\u017c obok, w oparciu o LEX deweloper maj\u0105 powsta\u0107 budynki mieszkalne.<\/h2>\n<p><!--more--><\/p>\n<p>To inwestycje, kt\u00f3re &#8211; o ile dojd\u0105 do skutku &#8211; b\u0119d\u0105 s\u0105siadowa\u0107 ze sob\u0105 przez drog\u0119. Obecnie grunty, gdzie planowane s\u0105 oba przedsi\u0119wzi\u0119cia, stanowi\u0105 niezagospodarowane tereny. Jeden &#8211; dzia\u0142ka 392 na ty\u0142ach stacji paliw &#8211; mo\u017ce zosta\u0107 przekszta\u0142cony w czynny obszar us\u0142ugowy &#8211; zgodnie zreszt\u0105 z planem miejscowym dla tego terenu, kt\u00f3ry w tym miejscu (sygnatura 3U) przewiduje w\u0142a\u015bnie us\u0142ugi z mo\u017cliwo\u015bci\u0105 uzupe\u0142nienia ich przez mieszkani\u00f3wk\u0119.<\/p>\n<p><a href=\"https:\/\/www.24gliwice.pl\/wiadomosci\/wp-content\/uploads\/2026\/03\/Zrzut-ekranu-2026-03-06-150419.jpg\"><img loading=\"lazy\" decoding=\"async\" class=\"alignnone size-full wp-image-267513\" src=\"https:\/\/www.24gliwice.pl\/wiadomosci\/wp-content\/uploads\/2026\/03\/Zrzut-ekranu-2026-03-06-150419.jpg\" alt=\"\" width=\"1200\" height=\"675\" srcset=\"https:\/\/www.24gliwice.pl\/wiadomosci\/wp-content\/uploads\/2026\/03\/Zrzut-ekranu-2026-03-06-150419.jpg 1200w, https:\/\/www.24gliwice.pl\/wiadomosci\/wp-content\/uploads\/2026\/03\/Zrzut-ekranu-2026-03-06-150419-410x232.jpg 410w, https:\/\/www.24gliwice.pl\/wiadomosci\/wp-content\/uploads\/2026\/03\/Zrzut-ekranu-2026-03-06-150419-810x456.jpg 810w, https:\/\/www.24gliwice.pl\/wiadomosci\/wp-content\/uploads\/2026\/03\/Zrzut-ekranu-2026-03-06-150419-768x432.jpg 768w, https:\/\/www.24gliwice.pl\/wiadomosci\/wp-content\/uploads\/2026\/03\/Zrzut-ekranu-2026-03-06-150419-1140x641.jpg 1140w\" sizes=\"auto, (max-width: 1200px) 100vw, 1200px\" \/><\/a><\/p>\n<p>Wniosek inwestora pn. &#8220;Budowa myjni samochodowej wraz z infrastruktur\u0105 techniczn\u0105&#8221; wp\u0142yn\u0105\u0142 11 lutego br. Na razie oczekuje na rozpatrzenie.<\/p><div class=\"gliwi-a3-w-tresci-artykulow gliwi-entity-placement\" id=\"gliwi-2900400099\"><div class=\"gliwi-adlabel\"><span style=\"font-size: 9px\">REKLAMA<\/span><\/div><div id=\"gliwi-3750232638\" style=\"margin-bottom: 30px;margin-left: auto;margin-right: auto;text-align: center;\"><a data-no-instant=\"1\" href=\"https:\/\/zlobek.halogen.org.pl\/\" rel=\"noopener\" class=\"a2t-link\" target=\"_blank\" aria-label=\"animator-zlobek_750x200\"><img loading=\"lazy\" decoding=\"async\" src=\"https:\/\/www.24gliwice.pl\/wiadomosci\/wp-content\/uploads\/2026\/02\/animator-zlobek_750x200.webp\" alt=\"\"  srcset=\"https:\/\/www.24gliwice.pl\/wiadomosci\/wp-content\/uploads\/2026\/02\/animator-zlobek_750x200.webp 750w, https:\/\/www.24gliwice.pl\/wiadomosci\/wp-content\/uploads\/2026\/02\/animator-zlobek_750x200-410x109.webp 410w\" sizes=\"(max-width: 750px) 100vw, 750px\" class=\"no-lazyload\" width=\"750\" height=\"200\"  style=\"display: inline-block; max-width: 100%; height: auto;\" \/><\/a><\/div><\/div>\n<p><a href=\"https:\/\/www.24gliwice.pl\/wiadomosci\/wp-content\/uploads\/2026\/03\/inwestycja-labedka-dzialka-myjnia4.jpg\"><img loading=\"lazy\" decoding=\"async\" class=\"alignnone size-full wp-image-267583\" src=\"https:\/\/www.24gliwice.pl\/wiadomosci\/wp-content\/uploads\/2026\/03\/inwestycja-labedka-dzialka-myjnia4.jpg\" alt=\"\" width=\"810\" height=\"456\" srcset=\"https:\/\/www.24gliwice.pl\/wiadomosci\/wp-content\/uploads\/2026\/03\/inwestycja-labedka-dzialka-myjnia4.jpg 810w, https:\/\/www.24gliwice.pl\/wiadomosci\/wp-content\/uploads\/2026\/03\/inwestycja-labedka-dzialka-myjnia4-410x232.jpg 410w, https:\/\/www.24gliwice.pl\/wiadomosci\/wp-content\/uploads\/2026\/03\/inwestycja-labedka-dzialka-myjnia4-808x455.jpg 808w, https:\/\/www.24gliwice.pl\/wiadomosci\/wp-content\/uploads\/2026\/03\/inwestycja-labedka-dzialka-myjnia4-768x432.jpg 768w\" sizes=\"auto, (max-width: 810px) 100vw, 810px\" \/><\/a><\/p>\n<h4>Nowe budynki w oparciu o Lex deweloper<\/h4>\n<p>2 marca do Urz\u0119du Miejskiego wp\u0142yn\u0105\u0142 wniosek o ustalenie lokalizacji inwestycji mieszkaniowej na dzia\u0142ce nr 1421, obr\u0119b Stare Gliwice, zlokalizowanej w rejonie ul. \u0141ab\u0119dzkiej. W planie jest budowa budynku mieszkalnego wielorodzinnego o 4 kondygnacjach nadziemnych i podziemnym parkingiem wraz z zagospodarowaniem terenu. Liczba mieszka\u0144 wyniesie od 35 do 50, w kt\u00f3rych zamieszka od 100 do 130 lokator\u00f3w. Przewidywana powierzchnia zabudowy to 1-1,2 tys. m2, a same mieszkania maj\u0105 mie\u0107 od 35 do 120 m2.<\/p>\n<p><a href=\"https:\/\/www.24gliwice.pl\/wiadomosci\/wp-content\/uploads\/2026\/03\/Zrzut-ekranu-2026-03-008.jpg\"><img loading=\"lazy\" decoding=\"async\" class=\"alignnone size-full wp-image-267514\" src=\"https:\/\/www.24gliwice.pl\/wiadomosci\/wp-content\/uploads\/2026\/03\/Zrzut-ekranu-2026-03-008.jpg\" alt=\"\" width=\"1200\" height=\"517\" srcset=\"https:\/\/www.24gliwice.pl\/wiadomosci\/wp-content\/uploads\/2026\/03\/Zrzut-ekranu-2026-03-008.jpg 1200w, https:\/\/www.24gliwice.pl\/wiadomosci\/wp-content\/uploads\/2026\/03\/Zrzut-ekranu-2026-03-008-410x177.jpg 410w, https:\/\/www.24gliwice.pl\/wiadomosci\/wp-content\/uploads\/2026\/03\/Zrzut-ekranu-2026-03-008-810x349.jpg 810w, https:\/\/www.24gliwice.pl\/wiadomosci\/wp-content\/uploads\/2026\/03\/Zrzut-ekranu-2026-03-008-768x331.jpg 768w, https:\/\/www.24gliwice.pl\/wiadomosci\/wp-content\/uploads\/2026\/03\/Zrzut-ekranu-2026-03-008-1140x491.jpg 1140w\" sizes=\"auto, (max-width: 1200px) 100vw, 1200px\" \/><\/a><\/p>\n<p>&#8211; <em>Planuje si\u0119 bry\u0142\u0119 zwart\u0105 budynku na rzucie w kszta\u0142cie litery C z dachem p\u0142askim. W budynku znajduj\u0105 si\u0119 2 klatki schodowe wraz z windami. W cz\u0119\u015bci \u015brodkowej budynek b\u0119dzie posiada\u0142 3 kondygnacje nadziemne. W miejscu tym na dachu budynku wygospodarowano otwart\u0105, rekreacyjn\u0105 przestrze\u0144, dost\u0119pn\u0105 dla wszystkich mieszka\u0144c\u00f3w, zaprojektowan\u0105 jako ogr\u00f3d, tworz\u0105c przyjazn\u0105 dla mieszka\u0144c\u00f3w przestrze\u0144 ciszy i wypoczynku, zapewniaj\u0105ce umo\u017cliwienie tworzenia wi\u0119zi s\u0105siedzkich<\/em> &#8211; czytamy we wniosku inwestora.<\/p>\n<blockquote><p><em>W budynku przewidziano pomieszczenia gospodarcze i techniczne, mieszcz\u0105ce pomieszczenie wentylacji, w\u0119z\u0142a cieplnego oraz pomieszcze\u0144 gospodarczych dost\u0119pnych dla mieszka\u0144c\u00f3w. W przyziemiu wygospodarowano pomieszczenie na odpady bytowe oraz wiat\u0119 rowerow\u0105<\/em><\/p><\/blockquote>\n<p>&#8211; kontynuuje wnioskodawca.<\/p>\n<p>&#8211; <em>Budynek zaprojektowano tak aby w \u015brodku za\u0142o\u017cenia powsta\u0142o atrium z zieleni\u0105, tworz\u0105c przyjazne miejsce rekreacji i wypoczynku, \u0142\u0105cz\u0105ce strefy aktywno\u015bci mieszka\u0144c\u00f3w. W tej przestrzeni zaprojektowano ogr\u00f3d deszczowy, stanowi\u0105cy z jednej strony zbiornik retencyjny dla wody opadowej z dach\u00f3w budynku jak r\u00f3wnie\u017c tworz\u0105c atrakcyjn\u0105 stref\u0119 rekreacyjn\u0105 z wykorzystaniem zieleni<\/em> &#8211; dodano w cz\u0119\u015bci opisowej.<\/p>\n<p><a href=\"https:\/\/www.24gliwice.pl\/wiadomosci\/wp-content\/uploads\/2026\/03\/Zrzut-ekranu-2026-03-06-145841.jpg\"><img loading=\"lazy\" decoding=\"async\" class=\"alignnone wp-image-267511\" src=\"https:\/\/www.24gliwice.pl\/wiadomosci\/wp-content\/uploads\/2026\/03\/Zrzut-ekranu-2026-03-06-145841.jpg\" alt=\"\" width=\"1120\" height=\"632\" srcset=\"https:\/\/www.24gliwice.pl\/wiadomosci\/wp-content\/uploads\/2026\/03\/Zrzut-ekranu-2026-03-06-145841.jpg 725w, https:\/\/www.24gliwice.pl\/wiadomosci\/wp-content\/uploads\/2026\/03\/Zrzut-ekranu-2026-03-06-145841-410x232.jpg 410w\" sizes=\"auto, (max-width: 1120px) 100vw, 1120px\" \/><\/a><\/p>\n<p>Dzia\u0142ka nr 1421, na kt\u00f3rej ma powsta\u0107 zabudowa mieszkaniowa, znajduje si\u0119 na tym samym, co myjnia, obszarze w MPZP oznaczonym jako 3U &#8211; z przeznaczeniem us\u0142ugowym z mo\u017cliwo\u015bci\u0105 uzupe\u0142nienia go o budynki mieszkalne. Planowane przedsi\u0119wzi\u0119cie nie uwzgl\u0119dnia lokalizacji us\u0142ug w budynku, co stanowi pierwsz\u0105 niezgodno\u015b\u0107 z planem miejscowym. Kolejn\u0105 jest wysoko\u015b\u0107 zabudowy &#8211; obiekt, kt\u00f3rego dotyczy wniosek, ma mie\u0107 wysoko\u015b\u0107 14 m, przy dopuszczalnych 9 m. Odst\u0119pstwa wyst\u0119puj\u0105 tak\u017ce w zakresie intensywno\u015bci zabudowy terenu, a tak\u017ce liczby miejsc postojowych.<\/p>\n<p><a href=\"https:\/\/www.24gliwice.pl\/wiadomosci\/wp-content\/uploads\/2026\/03\/Zrzut-ekranu-2026-03-06-150328.jpg\"><img loading=\"lazy\" decoding=\"async\" class=\"alignnone size-full wp-image-267512\" src=\"https:\/\/www.24gliwice.pl\/wiadomosci\/wp-content\/uploads\/2026\/03\/Zrzut-ekranu-2026-03-06-150328.jpg\" alt=\"\" width=\"1200\" height=\"711\" srcset=\"https:\/\/www.24gliwice.pl\/wiadomosci\/wp-content\/uploads\/2026\/03\/Zrzut-ekranu-2026-03-06-150328.jpg 1200w, https:\/\/www.24gliwice.pl\/wiadomosci\/wp-content\/uploads\/2026\/03\/Zrzut-ekranu-2026-03-06-150328-392x232.jpg 392w, https:\/\/www.24gliwice.pl\/wiadomosci\/wp-content\/uploads\/2026\/03\/Zrzut-ekranu-2026-03-06-150328-768x455.jpg 768w, https:\/\/www.24gliwice.pl\/wiadomosci\/wp-content\/uploads\/2026\/03\/Zrzut-ekranu-2026-03-06-150328-810x480.jpg 810w, https:\/\/www.24gliwice.pl\/wiadomosci\/wp-content\/uploads\/2026\/03\/Zrzut-ekranu-2026-03-06-150328-1140x675.jpg 1140w\" sizes=\"auto, (max-width: 1200px) 100vw, 1200px\" \/><\/a><\/p>\n<h4>Jest jeszcze czas na sk\u0142adanie uwag<\/h4>\n<p>Wniosek o ustalenie inwestycji mieszkaniowej przy ulicy \u0141ab\u0119dzkiej mo\u017cna znale\u017a\u0107 w BIP Urz\u0119du Miejskiego w Gliwicach. Zainteresowani spraw\u0105 mieszka\u0144cy mog\u0105 zg\u0142asza\u0107 uwagi do 26 marca br.<a href=\"https:\/\/bip.gliwice.eu\/wniosek-z-2-marca-2026-r-o-ustalenie-lokalizacji-inwestycji-mieszkaniowej-na-dz-nr-1421-obreb-stare-gliwice-zlokalizowanej-w-rejonie-ul-labedzkiej-w-gliwicach\" target=\"_blank\" rel=\"noopener\"> Szczeg\u00f3\u0142owe informacje na ten temat mo\u017cna znale\u017a\u0107 tu. <\/a><\/p>\n<p>(\u017cms)<\/p>\n<p><img loading=\"lazy\" decoding=\"async\" class=\"alignnone size-full wp-image-267584\" src=\"https:\/\/www.24gliwice.pl\/wiadomosci\/wp-content\/uploads\/2026\/03\/inwestycja-labedzka-dzialka-myjnia-plan.jpg\" alt=\"\" width=\"810\" height=\"456\" srcset=\"https:\/\/www.24gliwice.pl\/wiadomosci\/wp-content\/uploads\/2026\/03\/inwestycja-labedzka-dzialka-myjnia-plan.jpg 810w, https:\/\/www.24gliwice.pl\/wiadomosci\/wp-content\/uploads\/2026\/03\/inwestycja-labedzka-dzialka-myjnia-plan-410x232.jpg 410w, https:\/\/www.24gliwice.pl\/wiadomosci\/wp-content\/uploads\/2026\/03\/inwestycja-labedzka-dzialka-myjnia-plan-808x455.jpg 808w, https:\/\/www.24gliwice.pl\/wiadomosci\/wp-content\/uploads\/2026\/03\/inwestycja-labedzka-dzialka-myjnia-plan-768x432.jpg 768w\" sizes=\"auto, (max-width: 810px) 100vw, 810px\" \/><\/a> <\/p>\n<div class=\"gliwi-a5-na-koncu-artykulow gliwi-entity-placement\" id=\"gliwi-3720742410\"><div class=\"gliwi-adlabel\"><span style=\"font-size: 9px\">REKLAMA<\/span><\/div><div id=\"gliwi-2226279750\" style=\"margin-left: auto;margin-right: auto;text-align: center;\"><a data-no-instant=\"1\" href=\"https:\/\/prezeroarenagliwice.pl\/\" rel=\"noopener\" class=\"a2t-link\" target=\"_blank\" aria-label=\"20260309-PREZERO-WIOSNA-D\"><img loading=\"lazy\" decoding=\"async\" src=\"https:\/\/www.24gliwice.pl\/wiadomosci\/wp-content\/uploads\/2026\/03\/20260309-PREZERO-WIOSNA-D.webp\" alt=\"\"  srcset=\"https:\/\/www.24gliwice.pl\/wiadomosci\/wp-content\/uploads\/2026\/03\/20260309-PREZERO-WIOSNA-D.webp 750w, https:\/\/www.24gliwice.pl\/wiadomosci\/wp-content\/uploads\/2026\/03\/20260309-PREZERO-WIOSNA-D-410x109.webp 410w\" sizes=\"(max-width: 750px) 100vw, 750px\" class=\"no-lazyload\" width=\"750\" height=\"200\"  style=\"display: inline-block; max-width: 100%; height: auto;\" \/><\/a><\/div><\/div>","protected":false},"excerpt":{"rendered":"<p>Mieszka\u0144c\u00f3w zabudowy jednorodzinnej w rejonie ulicy \u0141ab\u0119dzkiej w niedalekim czasie mog\u0105 czeka\u0107 spore zmiany. Na rozpatrzenie czeka wniosek o wydanie pozwolenia na budow\u0119 myjni samochodowej na ty\u0142ach stacji BP, a tu\u017c obok, w oparciu o LEX deweloper maj\u0105 powsta\u0107 budynki mieszkalne.<\/p>\n","protected":false},"author":15,"featured_media":267586,"comment_status":"open","ping_status":"closed","sticky":false,"template":"","format":"standard","meta":{"_monsterinsights_skip_tracking":false,"_monsterinsights_sitenote_active":false,"_monsterinsights_sitenote_note":"","_monsterinsights_sitenote_category":0,"footnotes":"","_links_to":"","_links_to_target":""},"categories":[3,1,9],"tags":[19715,24832],"class_list":["post-267506","post","type-post","status-publish","format-standard","has-post-thumbnail","hentry","category-gliwice","category-wszystko","category-aktualnosci_lokalne","tag-lex-deweloper","tag-myjnia"],"yoast_head":"<!-- This site is optimized with the Yoast SEO plugin v27.5 - https:\/\/yoast.com\/product\/yoast-seo-wordpress\/ -->\n<title>Myjnia samochodowa i budynek mieszkalny w trybie lex deweloper. Dwie inwestycje w s\u0105siedztwie - 24GLIWICE - Portal Gliwice | codziennie nowe informacje<\/title>\n<meta name=\"description\" content=\"Przy ulicy \u0141ab\u0119dzkiej planowane s\u0105 dwie nowe inwestycje. Za stacj\u0105 BP ma powsta\u0107 myjnia samochodowa, a obok budynek wielorodzinny\" \/>\n<meta name=\"robots\" content=\"index, follow, max-snippet:-1, max-image-preview:large, max-video-preview:-1\" \/>\n<link rel=\"canonical\" href=\"https:\/\/www.24gliwice.pl\/wiadomosci\/myjnia-samochodowa-i-budynek-mieszkalny-w-trybie-lex-deweloper-dwie-inwestycje-w-sasiedztwie\/\" \/>\n<meta property=\"og:locale\" content=\"pl_PL\" \/>\n<meta property=\"og:type\" content=\"article\" \/>\n<meta property=\"og:title\" content=\"Myjnia samochodowa i budynek mieszkalny w trybie lex deweloper. Dwie inwestycje w s\u0105siedztwie - 24GLIWICE - Portal Gliwice | codziennie nowe informacje\" \/>\n<meta property=\"og:description\" content=\"Przy ulicy \u0141ab\u0119dzkiej planowane s\u0105 dwie nowe inwestycje. Za stacj\u0105 BP ma powsta\u0107 myjnia samochodowa, a obok budynek wielorodzinny\" \/>\n<meta property=\"og:url\" content=\"https:\/\/www.24gliwice.pl\/wiadomosci\/myjnia-samochodowa-i-budynek-mieszkalny-w-trybie-lex-deweloper-dwie-inwestycje-w-sasiedztwie\/\" \/>\n<meta property=\"og:site_name\" content=\"24GLIWICE - Portal Gliwice | codziennie nowe informacje\" \/>\n<meta property=\"article:publisher\" content=\"https:\/\/www.facebook.com\/24gliwice\" \/>\n<meta property=\"article:published_time\" content=\"2026-03-11T03:40:18+00:00\" \/>\n<meta property=\"article:modified_time\" content=\"2026-03-11T19:15:57+00:00\" \/>\n<meta property=\"og:image\" content=\"https:\/\/www.24gliwice.pl\/wiadomosci\/wp-content\/uploads\/2026\/03\/inwestycja-labedzka-wesola.jpg\" \/>\n\t<meta property=\"og:image:width\" content=\"810\" \/>\n\t<meta property=\"og:image:height\" content=\"456\" \/>\n\t<meta property=\"og:image:type\" content=\"image\/jpeg\" \/>\n<meta name=\"author\" content=\"\u017baneta Mrozek-Siewierska\" \/>\n<meta name=\"twitter:card\" content=\"summary_large_image\" \/>\n<meta name=\"twitter:creator\" content=\"@24gliwice\" \/>\n<meta name=\"twitter:site\" content=\"@24gliwice\" \/>\n<meta name=\"twitter:label1\" content=\"Napisane przez\" \/>\n\t<meta name=\"twitter:data1\" content=\"\u017baneta Mrozek-Siewierska\" \/>\n\t<meta name=\"twitter:label2\" content=\"Szacowany czas czytania\" \/>\n\t<meta name=\"twitter:data2\" content=\"5 minut\" \/>\n<script type=\"application\/ld+json\" class=\"yoast-schema-graph\">{\"@context\":\"https:\\\/\\\/schema.org\",\"@graph\":[{\"@type\":\"Article\",\"@id\":\"https:\\\/\\\/www.24gliwice.pl\\\/wiadomosci\\\/myjnia-samochodowa-i-budynek-mieszkalny-w-trybie-lex-deweloper-dwie-inwestycje-w-sasiedztwie\\\/#article\",\"isPartOf\":{\"@id\":\"https:\\\/\\\/www.24gliwice.pl\\\/wiadomosci\\\/myjnia-samochodowa-i-budynek-mieszkalny-w-trybie-lex-deweloper-dwie-inwestycje-w-sasiedztwie\\\/\"},\"author\":{\"name\":\"\u017baneta Mrozek-Siewierska\",\"@id\":\"https:\\\/\\\/www.24gliwice.pl\\\/wiadomosci\\\/#\\\/schema\\\/person\\\/e42c650edd7f2fa332be3811fb166b6e\"},\"headline\":\"Myjnia samochodowa i budynek mieszkalny w trybie lex deweloper. Dwie inwestycje w s\u0105siedztwie\",\"datePublished\":\"2026-03-11T03:40:18+00:00\",\"dateModified\":\"2026-03-11T19:15:57+00:00\",\"mainEntityOfPage\":{\"@id\":\"https:\\\/\\\/www.24gliwice.pl\\\/wiadomosci\\\/myjnia-samochodowa-i-budynek-mieszkalny-w-trybie-lex-deweloper-dwie-inwestycje-w-sasiedztwie\\\/\"},\"wordCount\":567,\"commentCount\":22,\"publisher\":{\"@id\":\"https:\\\/\\\/www.24gliwice.pl\\\/wiadomosci\\\/#organization\"},\"image\":{\"@id\":\"https:\\\/\\\/www.24gliwice.pl\\\/wiadomosci\\\/myjnia-samochodowa-i-budynek-mieszkalny-w-trybie-lex-deweloper-dwie-inwestycje-w-sasiedztwie\\\/#primaryimage\"},\"thumbnailUrl\":\"https:\\\/\\\/www.24gliwice.pl\\\/wiadomosci\\\/wp-content\\\/uploads\\\/2026\\\/03\\\/inwestycja-labedzka-wesola.jpg\",\"keywords\":[\"lex deweloper\",\"MYJNIA\"],\"articleSection\":[\"Gliwice\",\"Najnowsze wiadomo\u015bci\",\"Portal Gliwice - Wiadomo\u015bci lokalne\"],\"inLanguage\":\"pl-PL\",\"potentialAction\":[{\"@type\":\"CommentAction\",\"name\":\"Comment\",\"target\":[\"https:\\\/\\\/www.24gliwice.pl\\\/wiadomosci\\\/myjnia-samochodowa-i-budynek-mieszkalny-w-trybie-lex-deweloper-dwie-inwestycje-w-sasiedztwie\\\/#respond\"]}]},{\"@type\":\"WebPage\",\"@id\":\"https:\\\/\\\/www.24gliwice.pl\\\/wiadomosci\\\/myjnia-samochodowa-i-budynek-mieszkalny-w-trybie-lex-deweloper-dwie-inwestycje-w-sasiedztwie\\\/\",\"url\":\"https:\\\/\\\/www.24gliwice.pl\\\/wiadomosci\\\/myjnia-samochodowa-i-budynek-mieszkalny-w-trybie-lex-deweloper-dwie-inwestycje-w-sasiedztwie\\\/\",\"name\":\"Myjnia samochodowa i budynek mieszkalny w trybie lex deweloper. Dwie inwestycje w s\u0105siedztwie - 24GLIWICE - Portal Gliwice | codziennie nowe informacje\",\"isPartOf\":{\"@id\":\"https:\\\/\\\/www.24gliwice.pl\\\/wiadomosci\\\/#website\"},\"primaryImageOfPage\":{\"@id\":\"https:\\\/\\\/www.24gliwice.pl\\\/wiadomosci\\\/myjnia-samochodowa-i-budynek-mieszkalny-w-trybie-lex-deweloper-dwie-inwestycje-w-sasiedztwie\\\/#primaryimage\"},\"image\":{\"@id\":\"https:\\\/\\\/www.24gliwice.pl\\\/wiadomosci\\\/myjnia-samochodowa-i-budynek-mieszkalny-w-trybie-lex-deweloper-dwie-inwestycje-w-sasiedztwie\\\/#primaryimage\"},\"thumbnailUrl\":\"https:\\\/\\\/www.24gliwice.pl\\\/wiadomosci\\\/wp-content\\\/uploads\\\/2026\\\/03\\\/inwestycja-labedzka-wesola.jpg\",\"datePublished\":\"2026-03-11T03:40:18+00:00\",\"dateModified\":\"2026-03-11T19:15:57+00:00\",\"description\":\"Przy ulicy \u0141ab\u0119dzkiej planowane s\u0105 dwie nowe inwestycje. Za stacj\u0105 BP ma powsta\u0107 myjnia samochodowa, a obok budynek wielorodzinny\",\"breadcrumb\":{\"@id\":\"https:\\\/\\\/www.24gliwice.pl\\\/wiadomosci\\\/myjnia-samochodowa-i-budynek-mieszkalny-w-trybie-lex-deweloper-dwie-inwestycje-w-sasiedztwie\\\/#breadcrumb\"},\"inLanguage\":\"pl-PL\",\"potentialAction\":[{\"@type\":\"ReadAction\",\"target\":[\"https:\\\/\\\/www.24gliwice.pl\\\/wiadomosci\\\/myjnia-samochodowa-i-budynek-mieszkalny-w-trybie-lex-deweloper-dwie-inwestycje-w-sasiedztwie\\\/\"]}]},{\"@type\":\"ImageObject\",\"inLanguage\":\"pl-PL\",\"@id\":\"https:\\\/\\\/www.24gliwice.pl\\\/wiadomosci\\\/myjnia-samochodowa-i-budynek-mieszkalny-w-trybie-lex-deweloper-dwie-inwestycje-w-sasiedztwie\\\/#primaryimage\",\"url\":\"https:\\\/\\\/www.24gliwice.pl\\\/wiadomosci\\\/wp-content\\\/uploads\\\/2026\\\/03\\\/inwestycja-labedzka-wesola.jpg\",\"contentUrl\":\"https:\\\/\\\/www.24gliwice.pl\\\/wiadomosci\\\/wp-content\\\/uploads\\\/2026\\\/03\\\/inwestycja-labedzka-wesola.jpg\",\"width\":810,\"height\":456},{\"@type\":\"BreadcrumbList\",\"@id\":\"https:\\\/\\\/www.24gliwice.pl\\\/wiadomosci\\\/myjnia-samochodowa-i-budynek-mieszkalny-w-trybie-lex-deweloper-dwie-inwestycje-w-sasiedztwie\\\/#breadcrumb\",\"itemListElement\":[{\"@type\":\"ListItem\",\"position\":1,\"name\":\"Strona g\u0142\u00f3wna\",\"item\":\"https:\\\/\\\/www.24gliwice.pl\\\/wiadomosci\\\/\"},{\"@type\":\"ListItem\",\"position\":2,\"name\":\"Myjnia samochodowa i budynek mieszkalny w trybie lex deweloper. Dwie inwestycje w s\u0105siedztwie\"}]},{\"@type\":\"WebSite\",\"@id\":\"https:\\\/\\\/www.24gliwice.pl\\\/wiadomosci\\\/#website\",\"url\":\"https:\\\/\\\/www.24gliwice.pl\\\/wiadomosci\\\/\",\"name\":\"24GLIWICE - Portal Gliwice | codziennie nowe wiadomo\u015bci\",\"description\":\"Portal Miejski Gliwice\",\"publisher\":{\"@id\":\"https:\\\/\\\/www.24gliwice.pl\\\/wiadomosci\\\/#organization\"},\"potentialAction\":[{\"@type\":\"SearchAction\",\"target\":{\"@type\":\"EntryPoint\",\"urlTemplate\":\"https:\\\/\\\/www.24gliwice.pl\\\/wiadomosci\\\/?s={search_term_string}\"},\"query-input\":{\"@type\":\"PropertyValueSpecification\",\"valueRequired\":true,\"valueName\":\"search_term_string\"}}],\"inLanguage\":\"pl-PL\"},{\"@type\":\"Organization\",\"@id\":\"https:\\\/\\\/www.24gliwice.pl\\\/wiadomosci\\\/#organization\",\"name\":\"24gliwice\",\"url\":\"https:\\\/\\\/www.24gliwice.pl\\\/wiadomosci\\\/\",\"logo\":{\"@type\":\"ImageObject\",\"inLanguage\":\"pl-PL\",\"@id\":\"https:\\\/\\\/www.24gliwice.pl\\\/wiadomosci\\\/#\\\/schema\\\/logo\\\/image\\\/\",\"url\":\"https:\\\/\\\/www.24gliwice.pl\\\/wiadomosci\\\/wp-content\\\/uploads\\\/2024\\\/10\\\/24gliwice-logo-696.jpg\",\"contentUrl\":\"https:\\\/\\\/www.24gliwice.pl\\\/wiadomosci\\\/wp-content\\\/uploads\\\/2024\\\/10\\\/24gliwice-logo-696.jpg\",\"width\":696,\"height\":696,\"caption\":\"24gliwice\"},\"image\":{\"@id\":\"https:\\\/\\\/www.24gliwice.pl\\\/wiadomosci\\\/#\\\/schema\\\/logo\\\/image\\\/\"},\"sameAs\":[\"https:\\\/\\\/www.facebook.com\\\/24gliwice\",\"https:\\\/\\\/x.com\\\/24gliwice\",\"https:\\\/\\\/www.youtube.com\\\/@24gliwice\"]},{\"@type\":\"Person\",\"@id\":\"https:\\\/\\\/www.24gliwice.pl\\\/wiadomosci\\\/#\\\/schema\\\/person\\\/e42c650edd7f2fa332be3811fb166b6e\",\"name\":\"\u017baneta Mrozek-Siewierska\",\"image\":{\"@type\":\"ImageObject\",\"inLanguage\":\"pl-PL\",\"@id\":\"https:\\\/\\\/secure.gravatar.com\\\/avatar\\\/1881429e9c64597c77ad7aef2d0a19be69a3253e57534d16aa15bf3a4d34a0a3?s=96&d=mm&r=g\",\"url\":\"https:\\\/\\\/secure.gravatar.com\\\/avatar\\\/1881429e9c64597c77ad7aef2d0a19be69a3253e57534d16aa15bf3a4d34a0a3?s=96&d=mm&r=g\",\"contentUrl\":\"https:\\\/\\\/secure.gravatar.com\\\/avatar\\\/1881429e9c64597c77ad7aef2d0a19be69a3253e57534d16aa15bf3a4d34a0a3?s=96&d=mm&r=g\",\"caption\":\"\u017baneta Mrozek-Siewierska\"},\"url\":\"https:\\\/\\\/www.24gliwice.pl\\\/wiadomosci\\\/author\\\/zms\\\/\"}]}<\/script>\n<!-- \/ Yoast SEO plugin. -->","yoast_head_json":{"title":"Myjnia samochodowa i budynek mieszkalny w trybie lex deweloper. Dwie inwestycje w s\u0105siedztwie - 24GLIWICE - Portal Gliwice | codziennie nowe informacje","description":"Przy ulicy \u0141ab\u0119dzkiej planowane s\u0105 dwie nowe inwestycje. Za stacj\u0105 BP ma powsta\u0107 myjnia samochodowa, a obok budynek wielorodzinny","robots":{"index":"index","follow":"follow","max-snippet":"max-snippet:-1","max-image-preview":"max-image-preview:large","max-video-preview":"max-video-preview:-1"},"canonical":"https:\/\/www.24gliwice.pl\/wiadomosci\/myjnia-samochodowa-i-budynek-mieszkalny-w-trybie-lex-deweloper-dwie-inwestycje-w-sasiedztwie\/","og_locale":"pl_PL","og_type":"article","og_title":"Myjnia samochodowa i budynek mieszkalny w trybie lex deweloper. Dwie inwestycje w s\u0105siedztwie - 24GLIWICE - Portal Gliwice | codziennie nowe informacje","og_description":"Przy ulicy \u0141ab\u0119dzkiej planowane s\u0105 dwie nowe inwestycje. Za stacj\u0105 BP ma powsta\u0107 myjnia samochodowa, a obok budynek wielorodzinny","og_url":"https:\/\/www.24gliwice.pl\/wiadomosci\/myjnia-samochodowa-i-budynek-mieszkalny-w-trybie-lex-deweloper-dwie-inwestycje-w-sasiedztwie\/","og_site_name":"24GLIWICE - Portal Gliwice | codziennie nowe informacje","article_publisher":"https:\/\/www.facebook.com\/24gliwice","article_published_time":"2026-03-11T03:40:18+00:00","article_modified_time":"2026-03-11T19:15:57+00:00","og_image":[{"width":810,"height":456,"url":"https:\/\/www.24gliwice.pl\/wiadomosci\/wp-content\/uploads\/2026\/03\/inwestycja-labedzka-wesola.jpg","type":"image\/jpeg"}],"author":"\u017baneta Mrozek-Siewierska","twitter_card":"summary_large_image","twitter_creator":"@24gliwice","twitter_site":"@24gliwice","twitter_misc":{"Napisane przez":"\u017baneta Mrozek-Siewierska","Szacowany czas czytania":"5 minut"},"schema":{"@context":"https:\/\/schema.org","@graph":[{"@type":"Article","@id":"https:\/\/www.24gliwice.pl\/wiadomosci\/myjnia-samochodowa-i-budynek-mieszkalny-w-trybie-lex-deweloper-dwie-inwestycje-w-sasiedztwie\/#article","isPartOf":{"@id":"https:\/\/www.24gliwice.pl\/wiadomosci\/myjnia-samochodowa-i-budynek-mieszkalny-w-trybie-lex-deweloper-dwie-inwestycje-w-sasiedztwie\/"},"author":{"name":"\u017baneta Mrozek-Siewierska","@id":"https:\/\/www.24gliwice.pl\/wiadomosci\/#\/schema\/person\/e42c650edd7f2fa332be3811fb166b6e"},"headline":"Myjnia samochodowa i budynek mieszkalny w trybie lex deweloper. Dwie inwestycje w s\u0105siedztwie","datePublished":"2026-03-11T03:40:18+00:00","dateModified":"2026-03-11T19:15:57+00:00","mainEntityOfPage":{"@id":"https:\/\/www.24gliwice.pl\/wiadomosci\/myjnia-samochodowa-i-budynek-mieszkalny-w-trybie-lex-deweloper-dwie-inwestycje-w-sasiedztwie\/"},"wordCount":567,"commentCount":22,"publisher":{"@id":"https:\/\/www.24gliwice.pl\/wiadomosci\/#organization"},"image":{"@id":"https:\/\/www.24gliwice.pl\/wiadomosci\/myjnia-samochodowa-i-budynek-mieszkalny-w-trybie-lex-deweloper-dwie-inwestycje-w-sasiedztwie\/#primaryimage"},"thumbnailUrl":"https:\/\/www.24gliwice.pl\/wiadomosci\/wp-content\/uploads\/2026\/03\/inwestycja-labedzka-wesola.jpg","keywords":["lex deweloper","MYJNIA"],"articleSection":["Gliwice","Najnowsze wiadomo\u015bci","Portal Gliwice - Wiadomo\u015bci lokalne"],"inLanguage":"pl-PL","potentialAction":[{"@type":"CommentAction","name":"Comment","target":["https:\/\/www.24gliwice.pl\/wiadomosci\/myjnia-samochodowa-i-budynek-mieszkalny-w-trybie-lex-deweloper-dwie-inwestycje-w-sasiedztwie\/#respond"]}]},{"@type":"WebPage","@id":"https:\/\/www.24gliwice.pl\/wiadomosci\/myjnia-samochodowa-i-budynek-mieszkalny-w-trybie-lex-deweloper-dwie-inwestycje-w-sasiedztwie\/","url":"https:\/\/www.24gliwice.pl\/wiadomosci\/myjnia-samochodowa-i-budynek-mieszkalny-w-trybie-lex-deweloper-dwie-inwestycje-w-sasiedztwie\/","name":"Myjnia samochodowa i budynek mieszkalny w trybie lex deweloper. Dwie inwestycje w s\u0105siedztwie - 24GLIWICE - Portal Gliwice | codziennie nowe informacje","isPartOf":{"@id":"https:\/\/www.24gliwice.pl\/wiadomosci\/#website"},"primaryImageOfPage":{"@id":"https:\/\/www.24gliwice.pl\/wiadomosci\/myjnia-samochodowa-i-budynek-mieszkalny-w-trybie-lex-deweloper-dwie-inwestycje-w-sasiedztwie\/#primaryimage"},"image":{"@id":"https:\/\/www.24gliwice.pl\/wiadomosci\/myjnia-samochodowa-i-budynek-mieszkalny-w-trybie-lex-deweloper-dwie-inwestycje-w-sasiedztwie\/#primaryimage"},"thumbnailUrl":"https:\/\/www.24gliwice.pl\/wiadomosci\/wp-content\/uploads\/2026\/03\/inwestycja-labedzka-wesola.jpg","datePublished":"2026-03-11T03:40:18+00:00","dateModified":"2026-03-11T19:15:57+00:00","description":"Przy ulicy \u0141ab\u0119dzkiej planowane s\u0105 dwie nowe inwestycje. Za stacj\u0105 BP ma powsta\u0107 myjnia samochodowa, a obok budynek wielorodzinny","breadcrumb":{"@id":"https:\/\/www.24gliwice.pl\/wiadomosci\/myjnia-samochodowa-i-budynek-mieszkalny-w-trybie-lex-deweloper-dwie-inwestycje-w-sasiedztwie\/#breadcrumb"},"inLanguage":"pl-PL","potentialAction":[{"@type":"ReadAction","target":["https:\/\/www.24gliwice.pl\/wiadomosci\/myjnia-samochodowa-i-budynek-mieszkalny-w-trybie-lex-deweloper-dwie-inwestycje-w-sasiedztwie\/"]}]},{"@type":"ImageObject","inLanguage":"pl-PL","@id":"https:\/\/www.24gliwice.pl\/wiadomosci\/myjnia-samochodowa-i-budynek-mieszkalny-w-trybie-lex-deweloper-dwie-inwestycje-w-sasiedztwie\/#primaryimage","url":"https:\/\/www.24gliwice.pl\/wiadomosci\/wp-content\/uploads\/2026\/03\/inwestycja-labedzka-wesola.jpg","contentUrl":"https:\/\/www.24gliwice.pl\/wiadomosci\/wp-content\/uploads\/2026\/03\/inwestycja-labedzka-wesola.jpg","width":810,"height":456},{"@type":"BreadcrumbList","@id":"https:\/\/www.24gliwice.pl\/wiadomosci\/myjnia-samochodowa-i-budynek-mieszkalny-w-trybie-lex-deweloper-dwie-inwestycje-w-sasiedztwie\/#breadcrumb","itemListElement":[{"@type":"ListItem","position":1,"name":"Strona g\u0142\u00f3wna","item":"https:\/\/www.24gliwice.pl\/wiadomosci\/"},{"@type":"ListItem","position":2,"name":"Myjnia samochodowa i budynek mieszkalny w trybie lex deweloper. Dwie inwestycje w s\u0105siedztwie"}]},{"@type":"WebSite","@id":"https:\/\/www.24gliwice.pl\/wiadomosci\/#website","url":"https:\/\/www.24gliwice.pl\/wiadomosci\/","name":"24GLIWICE - Portal Gliwice | codziennie nowe wiadomo\u015bci","description":"Portal Miejski Gliwice","publisher":{"@id":"https:\/\/www.24gliwice.pl\/wiadomosci\/#organization"},"potentialAction":[{"@type":"SearchAction","target":{"@type":"EntryPoint","urlTemplate":"https:\/\/www.24gliwice.pl\/wiadomosci\/?s={search_term_string}"},"query-input":{"@type":"PropertyValueSpecification","valueRequired":true,"valueName":"search_term_string"}}],"inLanguage":"pl-PL"},{"@type":"Organization","@id":"https:\/\/www.24gliwice.pl\/wiadomosci\/#organization","name":"24gliwice","url":"https:\/\/www.24gliwice.pl\/wiadomosci\/","logo":{"@type":"ImageObject","inLanguage":"pl-PL","@id":"https:\/\/www.24gliwice.pl\/wiadomosci\/#\/schema\/logo\/image\/","url":"https:\/\/www.24gliwice.pl\/wiadomosci\/wp-content\/uploads\/2024\/10\/24gliwice-logo-696.jpg","contentUrl":"https:\/\/www.24gliwice.pl\/wiadomosci\/wp-content\/uploads\/2024\/10\/24gliwice-logo-696.jpg","width":696,"height":696,"caption":"24gliwice"},"image":{"@id":"https:\/\/www.24gliwice.pl\/wiadomosci\/#\/schema\/logo\/image\/"},"sameAs":["https:\/\/www.facebook.com\/24gliwice","https:\/\/x.com\/24gliwice","https:\/\/www.youtube.com\/@24gliwice"]},{"@type":"Person","@id":"https:\/\/www.24gliwice.pl\/wiadomosci\/#\/schema\/person\/e42c650edd7f2fa332be3811fb166b6e","name":"\u017baneta Mrozek-Siewierska","image":{"@type":"ImageObject","inLanguage":"pl-PL","@id":"https:\/\/secure.gravatar.com\/avatar\/1881429e9c64597c77ad7aef2d0a19be69a3253e57534d16aa15bf3a4d34a0a3?s=96&d=mm&r=g","url":"https:\/\/secure.gravatar.com\/avatar\/1881429e9c64597c77ad7aef2d0a19be69a3253e57534d16aa15bf3a4d34a0a3?s=96&d=mm&r=g","contentUrl":"https:\/\/secure.gravatar.com\/avatar\/1881429e9c64597c77ad7aef2d0a19be69a3253e57534d16aa15bf3a4d34a0a3?s=96&d=mm&r=g","caption":"\u017baneta Mrozek-Siewierska"},"url":"https:\/\/www.24gliwice.pl\/wiadomosci\/author\/zms\/"}]}},"_links":{"self":[{"href":"https:\/\/www.24gliwice.pl\/wiadomosci\/wp-json\/wp\/v2\/posts\/267506","targetHints":{"allow":["GET"]}}],"collection":[{"href":"https:\/\/www.24gliwice.pl\/wiadomosci\/wp-json\/wp\/v2\/posts"}],"about":[{"href":"https:\/\/www.24gliwice.pl\/wiadomosci\/wp-json\/wp\/v2\/types\/post"}],"author":[{"embeddable":true,"href":"https:\/\/www.24gliwice.pl\/wiadomosci\/wp-json\/wp\/v2\/users\/15"}],"replies":[{"embeddable":true,"href":"https:\/\/www.24gliwice.pl\/wiadomosci\/wp-json\/wp\/v2\/comments?post=267506"}],"version-history":[{"count":0,"href":"https:\/\/www.24gliwice.pl\/wiadomosci\/wp-json\/wp\/v2\/posts\/267506\/revisions"}],"wp:featuredmedia":[{"embeddable":true,"href":"https:\/\/www.24gliwice.pl\/wiadomosci\/wp-json\/wp\/v2\/media\/267586"}],"wp:attachment":[{"href":"https:\/\/www.24gliwice.pl\/wiadomosci\/wp-json\/wp\/v2\/media?parent=267506"}],"wp:term":[{"taxonomy":"category","embeddable":true,"href":"https:\/\/www.24gliwice.pl\/wiadomosci\/wp-json\/wp\/v2\/categories?post=267506"},{"taxonomy":"post_tag","embeddable":true,"href":"https:\/\/www.24gliwice.pl\/wiadomosci\/wp-json\/wp\/v2\/tags?post=267506"}],"curies":[{"name":"wp","href":"https:\/\/api.w.org\/{rel}","templated":true}]}}