{"id":267526,"date":"2026-03-06T16:47:25","date_gmt":"2026-03-06T15:47:25","guid":{"rendered":"https:\/\/www.24gliwice.pl\/wiadomosci\/?p=267526"},"modified":"2026-03-06T16:48:44","modified_gmt":"2026-03-06T15:48:44","slug":"dlaczego-termosy-reklamowe-oferuja-dluga-ekspozycje-marki","status":"publish","type":"post","link":"https:\/\/www.24gliwice.pl\/wiadomosci\/dlaczego-termosy-reklamowe-oferuja-dluga-ekspozycje-marki\/","title":{"rendered":"Dlaczego termosy reklamowe oferuj\u0105 d\u0142ug\u0105 ekspozycj\u0119 marki"},"content":{"rendered":"<h4>Termosy reklamowe od kilku lat konsekwentnie przesuwaj\u0105 si\u0119 z roli \u201emi\u0142ego dodatku\u201d do kategorii strategicznych no\u015bnik\u00f3w wizerunku. W \u015bwiecie, w kt\u00f3rym u\u017cytkownik coraz cz\u0119\u015bciej pracuje hybrydowo, podr\u00f3\u017cuje, zmienia przestrzenie i funkcjonuje poza biurem, klasyczny d\u0142ugopis na biurku przestaje wystarcza\u0107. Marka musi wyj\u015b\u0107 z nim z sali konferencyjnej do poci\u0105gu, samochodu, si\u0142owni, w g\u00f3ry i na spotkania po godzinach.<\/h4>\n<p><!--more--><\/p>\n<hr>\n<p>W\u0142a\u015bnie w tym miejscu pojawiaj\u0105 si\u0119 termosy z nadrukiem &#8211; praktyczne, trwa\u0142e i intensywnie u\u017cytkowane gad\u017cety, kt\u00f3re zapewniaj\u0105 marce sta\u0142\u0105, powtarzaln\u0105 ekspozycj\u0119 w realnym \u017cyciu odbiorcy. Dla firm i agencji marketingowych planuj\u0105cych dzia\u0142ania B2B to narz\u0119dzie, kt\u00f3rego nie warto pomija\u0107 w mediaplanie.<\/p>\n<h2>Trend \u201epoza biurem\u201d w \u015bwiecie gad\u017cet\u00f3w reklamowych<\/h2>\n<p>Mobilno\u015b\u0107 u\u017cytkownika przesta\u0142a by\u0107 trendem &#8211; sta\u0142a si\u0119 standardem. Praca zdalna, coworkingi, cz\u0119ste delegacje, tryb \u201eworkation\u201d, aktywny styl \u017cycia po pracy &#8211; to wszystko powoduje, \u017ce punkt\u00f3w kontaktu z mark\u0105 szuka si\u0119 ju\u017c nie tylko na biurku, ale w ca\u0142ym dniu u\u017cytkownika.<\/p>\n<p>Firmowe termosy z logo idealnie wpisuj\u0105 si\u0119 w ten krajobraz. Towarzysz\u0105 u\u017cytkownikowi:<\/p>\n<ul>\n<li>\n<p>w drodze do pracy &#8211; w samochodzie, komunikacji miejskiej czy poci\u0105gu,<\/p>\n<\/li>\n<li>\n<p>w biurze &#8211; jako alternatywa dla jednorazowych kubk\u00f3w,<\/p>\n<\/li>\n<li>\n<p>na spotkaniach z klientami &#8211; buduj\u0105c dyskretny, ale profesjonalny wizerunek,<\/p>\n<\/li>\n<li>\n<p>po pracy &#8211; na si\u0142owni, spacerze, wyje\u017adzie weekendowym czy w g\u00f3rach.<\/p>\n<\/li>\n<\/ul>\n<p>Z perspektywy marketingowej termos staje si\u0119 wi\u0119c mobilnym no\u015bnikiem brandu, kt\u00f3ry \u201epodr\u00f3\u017cuje\u201d razem z u\u017cytkownikiem przez ca\u0142y dzie\u0144. W odr\u00f3\u017cnieniu od wielu gad\u017cet\u00f3w stricte biurowych, nie jest przywi\u0105zany do jednego miejsca. To w\u0142a\u015bnie ta mobilno\u015b\u0107 wzmacnia zasi\u0119g i r\u00f3\u017cnorodno\u015b\u0107 kontekst\u00f3w, w kt\u00f3rych marka jest widoczna.<\/p>\n<p>Co wa\u017cne, ro\u015bnie te\u017c spo\u0142eczna \u015bwiadomo\u015b\u0107 ekologiczna. U\u017cytkownicy coraz cz\u0119\u015bciej rezygnuj\u0105 z jednorazowych kubk\u00f3w i butelek, a termosy reklamowe staj\u0105 si\u0119 naturalnym wyborem dla firm, kt\u00f3re chc\u0105 komunikowa\u0107 odpowiedzialno\u015b\u0107 i nowoczesne podej\u015bcie do \u015brodowiska. Dla dzia\u0142\u00f3w marketingu to dodatkowy, silny aspekt wizerunkowy.<\/p>\n<h2>Dlaczego termosy reklamowe \u201epracuj\u0105\u201d d\u0142u\u017cej ni\u017c inne gad\u017cety<\/h2>\n<p>W odr\u00f3\u017cnieniu od wielu jednorazowych czy szybkich w zu\u017cyciu gad\u017cet\u00f3w, dobrze dobrane termosy z logo funkcjonuj\u0105 w \u017cyciu u\u017cytkownika miesi\u0105cami, a cz\u0119sto latami. To przek\u0142ada si\u0119 na realnie d\u0142ug\u0105 ekspozycj\u0119 marki &#8211; zar\u00f3wno u w\u0142a\u015bciciela termosu, jak i w jego otoczeniu.<\/p>\n<h3>Wysoka u\u017cyteczno\u015b\u0107 = wysoka cz\u0119stotliwo\u015b\u0107 kontaktu<\/h3>\n<p>Je\u015bli gad\u017cet jest praktyczny, u\u017cytkownik sam zadba o to, by mie\u0107 go zawsze przy sobie. Termosy z nadrukiem spe\u0142niaj\u0105 kilka kluczowych funkcji naraz:<\/p>\n<ul>\n<li>\n<p>utrzymuj\u0105 temperatur\u0119 napoju przez wiele godzin,<\/p>\n<\/li>\n<li>\n<p>zast\u0119puj\u0105 kubki jednorazowe i butelki PET,<\/p>\n<\/li>\n<li>\n<p>s\u0105 wygodne w transporcie i odporne na uszkodzenia,<\/p>\n<\/li>\n<li>\n<p>wspieraj\u0105 codzienne nawyki &#8211; picie kawy, herbaty, wody.<\/p>\n<\/li>\n<\/ul>\n<h3>Trwa\u0142o\u015b\u0107 materia\u0142u i nadruku<\/h3>\n<p>Dobrze zaprojektowane termosy reklamowe, wybrane z segmentu gad\u017cet\u00f3w dla firm, s\u0105 projektowane z my\u015bl\u0105 o intensywnym u\u017cytkowaniu. Stal nierdzewna, solidne zamkni\u0119cia, jako\u015b\u0107 izolacji &#8211; to wszystko sprawia, \u017ce produkt nie trafia do szuflady po tygodniu.<\/p>\n<p>Kluczowa jest te\u017c technologia znakowania. Termosy z grawerem laserowym lub trwa\u0142ym nadrukiem:<\/p>\n<ul>\n<li>\n<p>nie \u015bcieraj\u0105 si\u0119 po kilku myciach,<\/p>\n<\/li>\n<li>\n<p>zachowuj\u0105 czytelno\u015b\u0107 logo przez d\u0142ugi czas,<\/p>\n<\/li>\n<li>\n<p>utrzymuj\u0105 estetyczny wygl\u0105d nawet przy cz\u0119stym u\u017cytkowaniu.<\/p>\n<\/li>\n<\/ul>\n<p>Dla marki oznacza to jedno: komunikat na termosie jest widoczny d\u0142ugo po zako\u0144czeniu kampanii, w ramach kt\u00f3rej gad\u017cet zosta\u0142 rozdany. Bud\u017cet jednorazowo zainwestowany w zakup hurtowy pracuje na rozpoznawalno\u015b\u0107 i zapami\u0119tywalno\u015b\u0107 przez d\u0142ugi okres.<\/p>\n<h3>Powtarzalny, naturalny kontakt z mark\u0105<\/h3>\n<p>Ekspozycja na mark\u0119 nie jest tu jednorazowa, jak w przypadku reklamy display czy kampanii mailingowej. U\u017cytkownik si\u0119ga po termos wielokrotnie ka\u017cdego dnia:<\/p>\n<ul>\n<li>\n<p>rano &#8211; nalewaj\u0105c kaw\u0119 lub herbat\u0119,<\/p>\n<\/li>\n<li>\n<p>w ci\u0105gu dnia &#8211; podczas spotka\u0144, rozm\u00f3w, podr\u00f3\u017cy,<\/p>\n<\/li>\n<li>\n<p>wieczorem &#8211; w drodze z pracy lub w czasie aktywno\u015bci po godzinach.<\/p>\n<\/li>\n<\/ul>\n<p>Za ka\u017cdym razem widzi logo firmy. Dodatkowo marka jest widoczna dla otoczenia &#8211; wsp\u00f3\u0142pracownik\u00f3w, wsp\u00f3\u0142pasa\u017cer\u00f3w, os\u00f3b na si\u0142owni czy na szlaku. To powtarzalny kontakt, kt\u00f3ry dzia\u0142a jak subtelne, ale konsekwentne przypominanie: \u201eta marka jest obecna w Twoim \u017cyciu\u201d.<\/p>\n<h2>Jak wykorzysta\u0107 termosy z logo w kampaniach marketingowych<\/h2>\n<p>Dla firm i agencji marketingowych kluczowe jest nie tylko to, \u017ce termosy z logo (kt\u00f3rych ofert\u0119 mo\u017cna znale\u017a\u0107 na stronie <a href=\"https:\/\/www.freshgift.pl\/termosy\/\"><u>https:\/\/www.freshgift.pl\/termosy\/<\/u><\/a>) zapewniaj\u0105 d\u0142ug\u0105 ekspozycj\u0119 marki, ale r\u00f3wnie\u017c to, jak je wple\u015b\u0107 w szersz\u0105 strategi\u0119 komunikacji. Dobrze zaplanowane wykorzystanie tego typu gad\u017cet\u00f3w potrafi znacz\u0105co podnie\u015b\u0107 efektywno\u015b\u0107 dzia\u0142a\u0144.<\/p>\n<h3>Dopasowanie termosu do grupy docelowej<\/h3>\n<p>Inny model sprawdzi si\u0119 dla kadry mened\u017cerskiej, inny dla zespo\u0142\u00f3w sprzeda\u017cowych w terenie, a jeszcze inny dla pracownik\u00f3w produkcji czy logistyki. W praktyce warto zwr\u00f3ci\u0107 uwag\u0119 na:<\/p>\n<ul>\n<li>\n<p><b>pojemno\u015b\u0107:<\/b> mniejszy, kompaktowy termos dla os\u00f3b cz\u0119sto przemieszczaj\u0105cych si\u0119 po mie\u015bcie vs. wi\u0119kszy model dla u\u017cytkownik\u00f3w sp\u0119dzaj\u0105cych d\u0142ugie godziny w terenie,<\/p>\n<\/li>\n<li>\n<p><b>design:<\/b> stonowane, eleganckie wyko\u0144czenie dla segmentu premium vs. bardziej sportowy charakter dla bran\u017c outdoorowych,<\/p>\n<\/li>\n<li>\n<p><b>spos\u00f3b otwierania:<\/b> szybki system \u201eone touch dla kierowc\u00f3w, handlowc\u00f3w i os\u00f3b w ruchu vs. klasyczne zakr\u0119tki dla u\u017cytkownik\u00f3w biurowych czy produkcyjnych,<\/p>\n<\/li>\n<li>\n<p><b>dodatkowe funkcje:<\/b> sitko do herbaty, antypo\u015blizgowe dno, mo\u017cliwo\u015b\u0107 mycia w zmywarce &#8211; wszystko to realnie wp\u0142ywa na to, czy termos b\u0119dzie u\u017cywany na co dzie\u0144, czy wyl\u0105duje w szafce.<\/p>\n<\/li>\n<\/ul>\n<p>Im lepsze dopasowanie do stylu pracy i \u017cycia odbiorcy, tym wi\u0119ksza szansa, \u017ce termos stanie si\u0119 jego \u201epierwszym wyborem\u201d, a tym samym &#8211; \u017ce marka b\u0119dzie stale obecna w jego otoczeniu.<\/p>\n<h3>Wpisanie termos\u00f3w w konkretny scenariusz komunikacji<\/h3>\n<p>Termosy reklamowe najlepiej dzia\u0142aj\u0105 wtedy, gdy nie s\u0105 rozdawane przypadkowo. Sprawdzaj\u0105 si\u0119 jako:<\/p>\n<ul>\n<li>\n<p>element pakiet\u00f3w powitalnych dla nowych klient\u00f3w lub partner\u00f3w,<\/p>\n<\/li>\n<li>\n<p>cz\u0119\u015b\u0107 zestaw\u00f3w onboardingowych dla pracownik\u00f3w,<\/p>\n<\/li>\n<li>\n<p>nagroda w programach lojalno\u015bciowych i incentive,<\/p>\n<\/li>\n<li>\n<p>dodatek do udzia\u0142u w zamkni\u0119tych wydarzeniach, szkoleniach, roadshow.<\/p>\n<\/li>\n<\/ul>\n<p>W ka\u017cdym z tych przypadk\u00f3w termos mo\u017ce nie\u015b\u0107 konkretny komunikat &#8211; o trosce o komfort u\u017cytkownika, o ekologii, o d\u0142ugofalowym partnerstwie. Dobrze dobrany claim lub subtelne has\u0142o na odwrocie logo dodatkowo wzmacnia przekaz.<\/p>\n<h3>Sp\u00f3jno\u015b\u0107 z identyfikacj\u0105 wizualn\u0105 i warto\u015bciami marki<\/h3>\n<p>Projektuj\u0105c termosy z nadrukiem, warto my\u015ble\u0107 o nich jak o przed\u0142u\u017ceniu firmowego brandbooka. Dob\u00f3r kolor\u00f3w, rodzaj wyko\u0144czenia (mat, po\u0142ysk, soft touch), miejsce i technika znakowania powinny by\u0107 sp\u00f3jne z tym, jak marka wygl\u0105da w innych kana\u0142ach. Je\u015bli firma komunikuje zr\u00f3wnowa\u017cony rozw\u00f3j, warto si\u0119gn\u0105\u0107 po modele z elementami z recyklingu lub podkre\u015bli\u0107 aspekt \u201ezero waste\u201d w komunikacji towarzysz\u0105cej dystrybucji gad\u017cetu.<\/p>\n<p>Dzi\u0119ki temu termos nie jest \u201eoderwanym\u201d prezentem, ale logicznym elementem wi\u0119kszej opowie\u015bci o marce.<\/p>\n<div id=\"gliwi-3013853470\"><div class=\"gliwi-adlabel\"><span style=\"font-size: 9px\">REKLAMA<\/span><\/div><small>materia\u0142 partnera | <a href=\"https:\/\/www.24gliwice.pl\/wiadomosci\/material-partnera-warunki\/\" target=\"_blank\" rel=\"noopener\">informacja<\/a><\/small><\/div>\n","protected":false},"excerpt":{"rendered":"<p>Termosy reklamowe od kilku lat konsekwentnie przesuwaj\u0105 si\u0119 z roli \u201emi\u0142ego dodatku\u201d do kategorii strategicznych no\u015bnik\u00f3w wizerunku. W \u015bwiecie, w kt\u00f3rym u\u017cytkownik coraz cz\u0119\u015bciej pracuje hybrydowo, podr\u00f3\u017cuje, zmienia przestrzenie i funkcjonuje poza biurem, klasyczny d\u0142ugopis na biurku przestaje wystarcza\u0107. Marka musi wyj\u015b\u0107 z nim z sali konferencyjnej do poci\u0105gu, samochodu, si\u0142owni, w g\u00f3ry i na [&hellip;]<\/p>\n","protected":false},"author":4,"featured_media":267527,"comment_status":"closed","ping_status":"closed","sticky":false,"template":"","format":"standard","meta":{"_monsterinsights_skip_tracking":false,"_monsterinsights_sitenote_active":false,"_monsterinsights_sitenote_note":"","_monsterinsights_sitenote_category":0,"footnotes":"","_links_to":"","_links_to_target":""},"categories":[22470],"tags":[],"class_list":["post-267526","post","type-post","status-publish","format-standard","has-post-thumbnail","hentry","category-material_p"],"yoast_head":"<!-- This site is optimized with the Yoast SEO plugin v27.5 - https:\/\/yoast.com\/product\/yoast-seo-wordpress\/ -->\n<title>Dlaczego termosy reklamowe oferuj\u0105 d\u0142ug\u0105 ekspozycj\u0119 marki - 24GLIWICE - Portal Gliwice | codziennie nowe informacje<\/title>\n<meta name=\"robots\" content=\"index, follow, max-snippet:-1, max-image-preview:large, max-video-preview:-1\" \/>\n<link rel=\"canonical\" href=\"https:\/\/www.24gliwice.pl\/wiadomosci\/dlaczego-termosy-reklamowe-oferuja-dluga-ekspozycje-marki\/\" \/>\n<meta property=\"og:locale\" content=\"pl_PL\" \/>\n<meta property=\"og:type\" content=\"article\" \/>\n<meta property=\"og:title\" content=\"Dlaczego termosy reklamowe oferuj\u0105 d\u0142ug\u0105 ekspozycj\u0119 marki - 24GLIWICE - Portal Gliwice | codziennie nowe informacje\" \/>\n<meta property=\"og:description\" content=\"Termosy reklamowe od kilku lat konsekwentnie przesuwaj\u0105 si\u0119 z roli \u201emi\u0142ego dodatku\u201d do kategorii strategicznych no\u015bnik\u00f3w wizerunku. W \u015bwiecie, w kt\u00f3rym u\u017cytkownik coraz cz\u0119\u015bciej pracuje hybrydowo, podr\u00f3\u017cuje, zmienia przestrzenie i funkcjonuje poza biurem, klasyczny d\u0142ugopis na biurku przestaje wystarcza\u0107. Marka musi wyj\u015b\u0107 z nim z sali konferencyjnej do poci\u0105gu, samochodu, si\u0142owni, w g\u00f3ry i na [&hellip;]\" \/>\n<meta property=\"og:url\" content=\"https:\/\/www.24gliwice.pl\/wiadomosci\/dlaczego-termosy-reklamowe-oferuja-dluga-ekspozycje-marki\/\" \/>\n<meta property=\"og:site_name\" content=\"24GLIWICE - Portal Gliwice | codziennie nowe informacje\" \/>\n<meta property=\"article:publisher\" content=\"https:\/\/www.facebook.com\/24gliwice\" \/>\n<meta property=\"article:author\" content=\"https:\/\/www.facebook.com\/marcin.fabrykowski\" \/>\n<meta property=\"article:published_time\" content=\"2026-03-06T15:47:25+00:00\" \/>\n<meta property=\"article:modified_time\" content=\"2026-03-06T15:48:44+00:00\" \/>\n<meta property=\"og:image\" content=\"https:\/\/www.24gliwice.pl\/wiadomosci\/wp-content\/uploads\/2026\/03\/traveling-woman-with-hat-backpack-holding-thermos.jpg\" \/>\n\t<meta property=\"og:image:width\" content=\"810\" \/>\n\t<meta property=\"og:image:height\" content=\"540\" \/>\n\t<meta property=\"og:image:type\" content=\"image\/jpeg\" \/>\n<meta name=\"author\" content=\"Marcin Fabrykowski\" \/>\n<meta name=\"twitter:card\" content=\"summary_large_image\" \/>\n<meta name=\"twitter:creator\" content=\"@24gliwice\" \/>\n<meta name=\"twitter:site\" content=\"@24gliwice\" \/>\n<meta name=\"twitter:label1\" content=\"Napisane przez\" \/>\n\t<meta name=\"twitter:data1\" content=\"Marcin Fabrykowski\" \/>\n\t<meta name=\"twitter:label2\" content=\"Szacowany czas czytania\" \/>\n\t<meta name=\"twitter:data2\" content=\"6 minut\" \/>\n<script type=\"application\/ld+json\" class=\"yoast-schema-graph\">{\"@context\":\"https:\\\/\\\/schema.org\",\"@graph\":[{\"@type\":\"Article\",\"@id\":\"https:\\\/\\\/www.24gliwice.pl\\\/wiadomosci\\\/dlaczego-termosy-reklamowe-oferuja-dluga-ekspozycje-marki\\\/#article\",\"isPartOf\":{\"@id\":\"https:\\\/\\\/www.24gliwice.pl\\\/wiadomosci\\\/dlaczego-termosy-reklamowe-oferuja-dluga-ekspozycje-marki\\\/\"},\"author\":{\"name\":\"Marcin Fabrykowski\",\"@id\":\"https:\\\/\\\/www.24gliwice.pl\\\/wiadomosci\\\/#\\\/schema\\\/person\\\/cb5857e4a4d048c15984c1edcc8ef0c0\"},\"headline\":\"Dlaczego termosy reklamowe oferuj\u0105 d\u0142ug\u0105 ekspozycj\u0119 marki\",\"datePublished\":\"2026-03-06T15:47:25+00:00\",\"dateModified\":\"2026-03-06T15:48:44+00:00\",\"mainEntityOfPage\":{\"@id\":\"https:\\\/\\\/www.24gliwice.pl\\\/wiadomosci\\\/dlaczego-termosy-reklamowe-oferuja-dluga-ekspozycje-marki\\\/\"},\"wordCount\":1165,\"publisher\":{\"@id\":\"https:\\\/\\\/www.24gliwice.pl\\\/wiadomosci\\\/#organization\"},\"image\":{\"@id\":\"https:\\\/\\\/www.24gliwice.pl\\\/wiadomosci\\\/dlaczego-termosy-reklamowe-oferuja-dluga-ekspozycje-marki\\\/#primaryimage\"},\"thumbnailUrl\":\"https:\\\/\\\/www.24gliwice.pl\\\/wiadomosci\\\/wp-content\\\/uploads\\\/2026\\\/03\\\/traveling-woman-with-hat-backpack-holding-thermos.jpg\",\"articleSection\":[\"materia\u0142 partnera\"],\"inLanguage\":\"pl-PL\"},{\"@type\":\"WebPage\",\"@id\":\"https:\\\/\\\/www.24gliwice.pl\\\/wiadomosci\\\/dlaczego-termosy-reklamowe-oferuja-dluga-ekspozycje-marki\\\/\",\"url\":\"https:\\\/\\\/www.24gliwice.pl\\\/wiadomosci\\\/dlaczego-termosy-reklamowe-oferuja-dluga-ekspozycje-marki\\\/\",\"name\":\"Dlaczego termosy reklamowe oferuj\u0105 d\u0142ug\u0105 ekspozycj\u0119 marki - 24GLIWICE - Portal Gliwice | codziennie nowe informacje\",\"isPartOf\":{\"@id\":\"https:\\\/\\\/www.24gliwice.pl\\\/wiadomosci\\\/#website\"},\"primaryImageOfPage\":{\"@id\":\"https:\\\/\\\/www.24gliwice.pl\\\/wiadomosci\\\/dlaczego-termosy-reklamowe-oferuja-dluga-ekspozycje-marki\\\/#primaryimage\"},\"image\":{\"@id\":\"https:\\\/\\\/www.24gliwice.pl\\\/wiadomosci\\\/dlaczego-termosy-reklamowe-oferuja-dluga-ekspozycje-marki\\\/#primaryimage\"},\"thumbnailUrl\":\"https:\\\/\\\/www.24gliwice.pl\\\/wiadomosci\\\/wp-content\\\/uploads\\\/2026\\\/03\\\/traveling-woman-with-hat-backpack-holding-thermos.jpg\",\"datePublished\":\"2026-03-06T15:47:25+00:00\",\"dateModified\":\"2026-03-06T15:48:44+00:00\",\"breadcrumb\":{\"@id\":\"https:\\\/\\\/www.24gliwice.pl\\\/wiadomosci\\\/dlaczego-termosy-reklamowe-oferuja-dluga-ekspozycje-marki\\\/#breadcrumb\"},\"inLanguage\":\"pl-PL\",\"potentialAction\":[{\"@type\":\"ReadAction\",\"target\":[\"https:\\\/\\\/www.24gliwice.pl\\\/wiadomosci\\\/dlaczego-termosy-reklamowe-oferuja-dluga-ekspozycje-marki\\\/\"]}]},{\"@type\":\"ImageObject\",\"inLanguage\":\"pl-PL\",\"@id\":\"https:\\\/\\\/www.24gliwice.pl\\\/wiadomosci\\\/dlaczego-termosy-reklamowe-oferuja-dluga-ekspozycje-marki\\\/#primaryimage\",\"url\":\"https:\\\/\\\/www.24gliwice.pl\\\/wiadomosci\\\/wp-content\\\/uploads\\\/2026\\\/03\\\/traveling-woman-with-hat-backpack-holding-thermos.jpg\",\"contentUrl\":\"https:\\\/\\\/www.24gliwice.pl\\\/wiadomosci\\\/wp-content\\\/uploads\\\/2026\\\/03\\\/traveling-woman-with-hat-backpack-holding-thermos.jpg\",\"width\":810,\"height\":540,\"caption\":\"fot. freepik\"},{\"@type\":\"BreadcrumbList\",\"@id\":\"https:\\\/\\\/www.24gliwice.pl\\\/wiadomosci\\\/dlaczego-termosy-reklamowe-oferuja-dluga-ekspozycje-marki\\\/#breadcrumb\",\"itemListElement\":[{\"@type\":\"ListItem\",\"position\":1,\"name\":\"Strona g\u0142\u00f3wna\",\"item\":\"https:\\\/\\\/www.24gliwice.pl\\\/wiadomosci\\\/\"},{\"@type\":\"ListItem\",\"position\":2,\"name\":\"Dlaczego termosy reklamowe oferuj\u0105 d\u0142ug\u0105 ekspozycj\u0119 marki\"}]},{\"@type\":\"WebSite\",\"@id\":\"https:\\\/\\\/www.24gliwice.pl\\\/wiadomosci\\\/#website\",\"url\":\"https:\\\/\\\/www.24gliwice.pl\\\/wiadomosci\\\/\",\"name\":\"24GLIWICE - Portal Gliwice | codziennie nowe wiadomo\u015bci\",\"description\":\"Portal Miejski Gliwice\",\"publisher\":{\"@id\":\"https:\\\/\\\/www.24gliwice.pl\\\/wiadomosci\\\/#organization\"},\"potentialAction\":[{\"@type\":\"SearchAction\",\"target\":{\"@type\":\"EntryPoint\",\"urlTemplate\":\"https:\\\/\\\/www.24gliwice.pl\\\/wiadomosci\\\/?s={search_term_string}\"},\"query-input\":{\"@type\":\"PropertyValueSpecification\",\"valueRequired\":true,\"valueName\":\"search_term_string\"}}],\"inLanguage\":\"pl-PL\"},{\"@type\":\"Organization\",\"@id\":\"https:\\\/\\\/www.24gliwice.pl\\\/wiadomosci\\\/#organization\",\"name\":\"24gliwice\",\"url\":\"https:\\\/\\\/www.24gliwice.pl\\\/wiadomosci\\\/\",\"logo\":{\"@type\":\"ImageObject\",\"inLanguage\":\"pl-PL\",\"@id\":\"https:\\\/\\\/www.24gliwice.pl\\\/wiadomosci\\\/#\\\/schema\\\/logo\\\/image\\\/\",\"url\":\"https:\\\/\\\/www.24gliwice.pl\\\/wiadomosci\\\/wp-content\\\/uploads\\\/2024\\\/10\\\/24gliwice-logo-696.jpg\",\"contentUrl\":\"https:\\\/\\\/www.24gliwice.pl\\\/wiadomosci\\\/wp-content\\\/uploads\\\/2024\\\/10\\\/24gliwice-logo-696.jpg\",\"width\":696,\"height\":696,\"caption\":\"24gliwice\"},\"image\":{\"@id\":\"https:\\\/\\\/www.24gliwice.pl\\\/wiadomosci\\\/#\\\/schema\\\/logo\\\/image\\\/\"},\"sameAs\":[\"https:\\\/\\\/www.facebook.com\\\/24gliwice\",\"https:\\\/\\\/x.com\\\/24gliwice\",\"https:\\\/\\\/www.youtube.com\\\/@24gliwice\"]},{\"@type\":\"Person\",\"@id\":\"https:\\\/\\\/www.24gliwice.pl\\\/wiadomosci\\\/#\\\/schema\\\/person\\\/cb5857e4a4d048c15984c1edcc8ef0c0\",\"name\":\"Marcin Fabrykowski\",\"image\":{\"@type\":\"ImageObject\",\"inLanguage\":\"pl-PL\",\"@id\":\"https:\\\/\\\/www.24gliwice.pl\\\/wiadomosci\\\/wp-content\\\/uploads\\\/2025\\\/11\\\/zdjecie-moje-marcin-300-96x96.jpg\",\"url\":\"https:\\\/\\\/www.24gliwice.pl\\\/wiadomosci\\\/wp-content\\\/uploads\\\/2025\\\/11\\\/zdjecie-moje-marcin-300-96x96.jpg\",\"contentUrl\":\"https:\\\/\\\/www.24gliwice.pl\\\/wiadomosci\\\/wp-content\\\/uploads\\\/2025\\\/11\\\/zdjecie-moje-marcin-300-96x96.jpg\",\"caption\":\"Marcin Fabrykowski\"},\"sameAs\":[\"http:\\\/\\\/24gliwice.pl\",\"https:\\\/\\\/www.facebook.com\\\/marcin.fabrykowski\"],\"url\":\"https:\\\/\\\/www.24gliwice.pl\\\/wiadomosci\\\/author\\\/marcin-fabrykowski\\\/\"}]}<\/script>\n<!-- \/ Yoast SEO plugin. -->","yoast_head_json":{"title":"Dlaczego termosy reklamowe oferuj\u0105 d\u0142ug\u0105 ekspozycj\u0119 marki - 24GLIWICE - Portal Gliwice | codziennie nowe informacje","robots":{"index":"index","follow":"follow","max-snippet":"max-snippet:-1","max-image-preview":"max-image-preview:large","max-video-preview":"max-video-preview:-1"},"canonical":"https:\/\/www.24gliwice.pl\/wiadomosci\/dlaczego-termosy-reklamowe-oferuja-dluga-ekspozycje-marki\/","og_locale":"pl_PL","og_type":"article","og_title":"Dlaczego termosy reklamowe oferuj\u0105 d\u0142ug\u0105 ekspozycj\u0119 marki - 24GLIWICE - Portal Gliwice | codziennie nowe informacje","og_description":"Termosy reklamowe od kilku lat konsekwentnie przesuwaj\u0105 si\u0119 z roli \u201emi\u0142ego dodatku\u201d do kategorii strategicznych no\u015bnik\u00f3w wizerunku. W \u015bwiecie, w kt\u00f3rym u\u017cytkownik coraz cz\u0119\u015bciej pracuje hybrydowo, podr\u00f3\u017cuje, zmienia przestrzenie i funkcjonuje poza biurem, klasyczny d\u0142ugopis na biurku przestaje wystarcza\u0107. Marka musi wyj\u015b\u0107 z nim z sali konferencyjnej do poci\u0105gu, samochodu, si\u0142owni, w g\u00f3ry i na [&hellip;]","og_url":"https:\/\/www.24gliwice.pl\/wiadomosci\/dlaczego-termosy-reklamowe-oferuja-dluga-ekspozycje-marki\/","og_site_name":"24GLIWICE - Portal Gliwice | codziennie nowe informacje","article_publisher":"https:\/\/www.facebook.com\/24gliwice","article_author":"https:\/\/www.facebook.com\/marcin.fabrykowski","article_published_time":"2026-03-06T15:47:25+00:00","article_modified_time":"2026-03-06T15:48:44+00:00","og_image":[{"width":810,"height":540,"url":"https:\/\/www.24gliwice.pl\/wiadomosci\/wp-content\/uploads\/2026\/03\/traveling-woman-with-hat-backpack-holding-thermos.jpg","type":"image\/jpeg"}],"author":"Marcin Fabrykowski","twitter_card":"summary_large_image","twitter_creator":"@24gliwice","twitter_site":"@24gliwice","twitter_misc":{"Napisane przez":"Marcin Fabrykowski","Szacowany czas czytania":"6 minut"},"schema":{"@context":"https:\/\/schema.org","@graph":[{"@type":"Article","@id":"https:\/\/www.24gliwice.pl\/wiadomosci\/dlaczego-termosy-reklamowe-oferuja-dluga-ekspozycje-marki\/#article","isPartOf":{"@id":"https:\/\/www.24gliwice.pl\/wiadomosci\/dlaczego-termosy-reklamowe-oferuja-dluga-ekspozycje-marki\/"},"author":{"name":"Marcin Fabrykowski","@id":"https:\/\/www.24gliwice.pl\/wiadomosci\/#\/schema\/person\/cb5857e4a4d048c15984c1edcc8ef0c0"},"headline":"Dlaczego termosy reklamowe oferuj\u0105 d\u0142ug\u0105 ekspozycj\u0119 marki","datePublished":"2026-03-06T15:47:25+00:00","dateModified":"2026-03-06T15:48:44+00:00","mainEntityOfPage":{"@id":"https:\/\/www.24gliwice.pl\/wiadomosci\/dlaczego-termosy-reklamowe-oferuja-dluga-ekspozycje-marki\/"},"wordCount":1165,"publisher":{"@id":"https:\/\/www.24gliwice.pl\/wiadomosci\/#organization"},"image":{"@id":"https:\/\/www.24gliwice.pl\/wiadomosci\/dlaczego-termosy-reklamowe-oferuja-dluga-ekspozycje-marki\/#primaryimage"},"thumbnailUrl":"https:\/\/www.24gliwice.pl\/wiadomosci\/wp-content\/uploads\/2026\/03\/traveling-woman-with-hat-backpack-holding-thermos.jpg","articleSection":["materia\u0142 partnera"],"inLanguage":"pl-PL"},{"@type":"WebPage","@id":"https:\/\/www.24gliwice.pl\/wiadomosci\/dlaczego-termosy-reklamowe-oferuja-dluga-ekspozycje-marki\/","url":"https:\/\/www.24gliwice.pl\/wiadomosci\/dlaczego-termosy-reklamowe-oferuja-dluga-ekspozycje-marki\/","name":"Dlaczego termosy reklamowe oferuj\u0105 d\u0142ug\u0105 ekspozycj\u0119 marki - 24GLIWICE - Portal Gliwice | codziennie nowe informacje","isPartOf":{"@id":"https:\/\/www.24gliwice.pl\/wiadomosci\/#website"},"primaryImageOfPage":{"@id":"https:\/\/www.24gliwice.pl\/wiadomosci\/dlaczego-termosy-reklamowe-oferuja-dluga-ekspozycje-marki\/#primaryimage"},"image":{"@id":"https:\/\/www.24gliwice.pl\/wiadomosci\/dlaczego-termosy-reklamowe-oferuja-dluga-ekspozycje-marki\/#primaryimage"},"thumbnailUrl":"https:\/\/www.24gliwice.pl\/wiadomosci\/wp-content\/uploads\/2026\/03\/traveling-woman-with-hat-backpack-holding-thermos.jpg","datePublished":"2026-03-06T15:47:25+00:00","dateModified":"2026-03-06T15:48:44+00:00","breadcrumb":{"@id":"https:\/\/www.24gliwice.pl\/wiadomosci\/dlaczego-termosy-reklamowe-oferuja-dluga-ekspozycje-marki\/#breadcrumb"},"inLanguage":"pl-PL","potentialAction":[{"@type":"ReadAction","target":["https:\/\/www.24gliwice.pl\/wiadomosci\/dlaczego-termosy-reklamowe-oferuja-dluga-ekspozycje-marki\/"]}]},{"@type":"ImageObject","inLanguage":"pl-PL","@id":"https:\/\/www.24gliwice.pl\/wiadomosci\/dlaczego-termosy-reklamowe-oferuja-dluga-ekspozycje-marki\/#primaryimage","url":"https:\/\/www.24gliwice.pl\/wiadomosci\/wp-content\/uploads\/2026\/03\/traveling-woman-with-hat-backpack-holding-thermos.jpg","contentUrl":"https:\/\/www.24gliwice.pl\/wiadomosci\/wp-content\/uploads\/2026\/03\/traveling-woman-with-hat-backpack-holding-thermos.jpg","width":810,"height":540,"caption":"fot. freepik"},{"@type":"BreadcrumbList","@id":"https:\/\/www.24gliwice.pl\/wiadomosci\/dlaczego-termosy-reklamowe-oferuja-dluga-ekspozycje-marki\/#breadcrumb","itemListElement":[{"@type":"ListItem","position":1,"name":"Strona g\u0142\u00f3wna","item":"https:\/\/www.24gliwice.pl\/wiadomosci\/"},{"@type":"ListItem","position":2,"name":"Dlaczego termosy reklamowe oferuj\u0105 d\u0142ug\u0105 ekspozycj\u0119 marki"}]},{"@type":"WebSite","@id":"https:\/\/www.24gliwice.pl\/wiadomosci\/#website","url":"https:\/\/www.24gliwice.pl\/wiadomosci\/","name":"24GLIWICE - Portal Gliwice | codziennie nowe wiadomo\u015bci","description":"Portal Miejski Gliwice","publisher":{"@id":"https:\/\/www.24gliwice.pl\/wiadomosci\/#organization"},"potentialAction":[{"@type":"SearchAction","target":{"@type":"EntryPoint","urlTemplate":"https:\/\/www.24gliwice.pl\/wiadomosci\/?s={search_term_string}"},"query-input":{"@type":"PropertyValueSpecification","valueRequired":true,"valueName":"search_term_string"}}],"inLanguage":"pl-PL"},{"@type":"Organization","@id":"https:\/\/www.24gliwice.pl\/wiadomosci\/#organization","name":"24gliwice","url":"https:\/\/www.24gliwice.pl\/wiadomosci\/","logo":{"@type":"ImageObject","inLanguage":"pl-PL","@id":"https:\/\/www.24gliwice.pl\/wiadomosci\/#\/schema\/logo\/image\/","url":"https:\/\/www.24gliwice.pl\/wiadomosci\/wp-content\/uploads\/2024\/10\/24gliwice-logo-696.jpg","contentUrl":"https:\/\/www.24gliwice.pl\/wiadomosci\/wp-content\/uploads\/2024\/10\/24gliwice-logo-696.jpg","width":696,"height":696,"caption":"24gliwice"},"image":{"@id":"https:\/\/www.24gliwice.pl\/wiadomosci\/#\/schema\/logo\/image\/"},"sameAs":["https:\/\/www.facebook.com\/24gliwice","https:\/\/x.com\/24gliwice","https:\/\/www.youtube.com\/@24gliwice"]},{"@type":"Person","@id":"https:\/\/www.24gliwice.pl\/wiadomosci\/#\/schema\/person\/cb5857e4a4d048c15984c1edcc8ef0c0","name":"Marcin Fabrykowski","image":{"@type":"ImageObject","inLanguage":"pl-PL","@id":"https:\/\/www.24gliwice.pl\/wiadomosci\/wp-content\/uploads\/2025\/11\/zdjecie-moje-marcin-300-96x96.jpg","url":"https:\/\/www.24gliwice.pl\/wiadomosci\/wp-content\/uploads\/2025\/11\/zdjecie-moje-marcin-300-96x96.jpg","contentUrl":"https:\/\/www.24gliwice.pl\/wiadomosci\/wp-content\/uploads\/2025\/11\/zdjecie-moje-marcin-300-96x96.jpg","caption":"Marcin Fabrykowski"},"sameAs":["http:\/\/24gliwice.pl","https:\/\/www.facebook.com\/marcin.fabrykowski"],"url":"https:\/\/www.24gliwice.pl\/wiadomosci\/author\/marcin-fabrykowski\/"}]}},"_links":{"self":[{"href":"https:\/\/www.24gliwice.pl\/wiadomosci\/wp-json\/wp\/v2\/posts\/267526","targetHints":{"allow":["GET"]}}],"collection":[{"href":"https:\/\/www.24gliwice.pl\/wiadomosci\/wp-json\/wp\/v2\/posts"}],"about":[{"href":"https:\/\/www.24gliwice.pl\/wiadomosci\/wp-json\/wp\/v2\/types\/post"}],"author":[{"embeddable":true,"href":"https:\/\/www.24gliwice.pl\/wiadomosci\/wp-json\/wp\/v2\/users\/4"}],"replies":[{"embeddable":true,"href":"https:\/\/www.24gliwice.pl\/wiadomosci\/wp-json\/wp\/v2\/comments?post=267526"}],"version-history":[{"count":0,"href":"https:\/\/www.24gliwice.pl\/wiadomosci\/wp-json\/wp\/v2\/posts\/267526\/revisions"}],"wp:featuredmedia":[{"embeddable":true,"href":"https:\/\/www.24gliwice.pl\/wiadomosci\/wp-json\/wp\/v2\/media\/267527"}],"wp:attachment":[{"href":"https:\/\/www.24gliwice.pl\/wiadomosci\/wp-json\/wp\/v2\/media?parent=267526"}],"wp:term":[{"taxonomy":"category","embeddable":true,"href":"https:\/\/www.24gliwice.pl\/wiadomosci\/wp-json\/wp\/v2\/categories?post=267526"},{"taxonomy":"post_tag","embeddable":true,"href":"https:\/\/www.24gliwice.pl\/wiadomosci\/wp-json\/wp\/v2\/tags?post=267526"}],"curies":[{"name":"wp","href":"https:\/\/api.w.org\/{rel}","templated":true}]}}