{"id":267570,"date":"2026-03-08T23:09:30","date_gmt":"2026-03-08T22:09:30","guid":{"rendered":"https:\/\/www.24gliwice.pl\/wiadomosci\/?p=267570"},"modified":"2026-03-09T11:56:20","modified_gmt":"2026-03-09T10:56:20","slug":"tragedia-na-drodze-wojewodzkiej-nie-zyje-rowerzysta-potracony-przez-kierowce-samochodu","status":"publish","type":"post","link":"https:\/\/www.24gliwice.pl\/wiadomosci\/tragedia-na-drodze-wojewodzkiej-nie-zyje-rowerzysta-potracony-przez-kierowce-samochodu\/","title":{"rendered":"Tragedia na drodze wojew\u00f3dzkiej. Nie \u017cyje rowerzysta potr\u0105cony przez kierowc\u0119 samochodu"},"content":{"rendered":"<div class=\"gliwi-a6-nad-leadem-artykulow gliwi-entity-placement\" id=\"gliwi-608942425\"><div class=\"gliwi-adlabel\"><span style=\"font-size: 9px\">REKLAMA<\/span><\/div><div id=\"gliwi-671383220\" style=\"margin-bottom: 30px;margin-left: auto;margin-right: auto;text-align: center;\"><a data-no-instant=\"1\" href=\"https:\/\/przedszkole.halogen.org.pl\/\" rel=\"noopener\" class=\"a2t-link\" target=\"_blank\" aria-label=\"20260402-ANIMATOR-przedszkole_grafika_750x200\"><img loading=\"lazy\" decoding=\"async\" src=\"https:\/\/www.24gliwice.pl\/wiadomosci\/wp-content\/uploads\/2026\/04\/20260402-ANIMATOR-przedszkole_grafika_750x200.webp\" alt=\"\"  srcset=\"https:\/\/www.24gliwice.pl\/wiadomosci\/wp-content\/uploads\/2026\/04\/20260402-ANIMATOR-przedszkole_grafika_750x200.webp 750w, https:\/\/www.24gliwice.pl\/wiadomosci\/wp-content\/uploads\/2026\/04\/20260402-ANIMATOR-przedszkole_grafika_750x200-410x109.webp 410w\" sizes=\"(max-width: 750px) 100vw, 750px\" class=\"no-lazyload\" width=\"750\" height=\"200\"  style=\"display: inline-block; max-width: 100%; height: auto;\" \/><\/a><\/div><\/div><h2>W tragicznym wypadku na drodze wojew\u00f3dzkiej nr 901 w Wielowsi \u015bmier\u0107 poni\u00f3s\u0142 rowerzysta. Droga jest zablokowana, na miejscu trwaj\u0105 policyjne czynno\u015bci.<\/h2>\n<p>Zdarzenie mia\u0142o miejsce na ul. Pozna\u0144skiej w kierunku Pyskowic ok. godziny 19:00.  <\/p>\n<p><a href=\"https:\/\/www.24gliwice.pl\/wiadomosci\/wp-content\/uploads\/2026\/03\/smiertelny-wypadek-rowerzysty2.jpg\"><img loading=\"lazy\" decoding=\"async\" src=\"https:\/\/www.24gliwice.pl\/wiadomosci\/wp-content\/uploads\/2026\/03\/smiertelny-wypadek-rowerzysty2.jpg\" alt=\"\" width=\"903\" height=\"508\" class=\"alignnone size-full wp-image-267606\" srcset=\"https:\/\/www.24gliwice.pl\/wiadomosci\/wp-content\/uploads\/2026\/03\/smiertelny-wypadek-rowerzysty2.jpg 903w, https:\/\/www.24gliwice.pl\/wiadomosci\/wp-content\/uploads\/2026\/03\/smiertelny-wypadek-rowerzysty2-410x232.jpg 410w, https:\/\/www.24gliwice.pl\/wiadomosci\/wp-content\/uploads\/2026\/03\/smiertelny-wypadek-rowerzysty2-810x456.jpg 810w, https:\/\/www.24gliwice.pl\/wiadomosci\/wp-content\/uploads\/2026\/03\/smiertelny-wypadek-rowerzysty2-768x432.jpg 768w\" sizes=\"auto, (max-width: 903px) 100vw, 903px\" \/><\/a><\/p>\n<p>&#8211; <em>Ze wst\u0119pnych ustale\u0144 policjant\u00f3w wynika, \u017ce kieruj\u0105cy samochodem osobowym marki Citroen, najecha\u0142 na poruszaj\u0105cego si\u0119 w tym samym kierunku rowerzyst\u0119. Pomimo prowadzonych dzia\u0142a\u0144 ratowniczych \u017cycia m\u0119\u017cczyzny nie uda\u0142o si\u0119 uratowa\u0107<\/em> &#8211; informuje nadkomisarz <strong>Marzena Szwed<\/strong>, oficer prasowa KMP Gliwice.<\/p><div class=\"gliwi-a3-w-tresci-artykulow gliwi-entity-placement\" id=\"gliwi-763764287\"><div class=\"gliwi-adlabel\"><span style=\"font-size: 9px\">REKLAMA<\/span><\/div><div id=\"gliwi-691077474\" style=\"margin-bottom: 30px;margin-left: auto;margin-right: auto;text-align: center;\"><a data-no-instant=\"1\" href=\"https:\/\/zlobek.halogen.org.pl\/\" rel=\"noopener\" class=\"a2t-link\" target=\"_blank\" aria-label=\"animator-zlobek_750x200\"><img loading=\"lazy\" decoding=\"async\" src=\"https:\/\/www.24gliwice.pl\/wiadomosci\/wp-content\/uploads\/2026\/02\/animator-zlobek_750x200.webp\" alt=\"\"  srcset=\"https:\/\/www.24gliwice.pl\/wiadomosci\/wp-content\/uploads\/2026\/02\/animator-zlobek_750x200.webp 750w, https:\/\/www.24gliwice.pl\/wiadomosci\/wp-content\/uploads\/2026\/02\/animator-zlobek_750x200-410x109.webp 410w\" sizes=\"(max-width: 750px) 100vw, 750px\" class=\"no-lazyload\" width=\"750\" height=\"200\"  style=\"display: inline-block; max-width: 100%; height: auto;\" \/><\/a><\/div><\/div>\n<p>Na miejscu pracuj\u0105 policjanci ruchu drogowego pod nadzorem prokuratora. Droga wojew\u00f3dzka nr 901 w rejonie zdarzenia jest zamkni\u0119ta w obu kierunkach, a policjanci wyznaczyli objazdy drogami lokalnymi. Trwaj\u0105 czynno\u015bci maj\u0105ce na celu ustalenie wszystkich okoliczno\u015bci zdarzenia.<\/p>\n<p><a href=\"https:\/\/www.24gliwice.pl\/wiadomosci\/wp-content\/uploads\/2026\/03\/smiertelny-wypadek-rowerzysty.jpg\"><img loading=\"lazy\" decoding=\"async\" src=\"https:\/\/www.24gliwice.pl\/wiadomosci\/wp-content\/uploads\/2026\/03\/smiertelny-wypadek-rowerzysty.jpg\" alt=\"\" width=\"1198\" height=\"675\" class=\"alignnone size-full wp-image-267605\" srcset=\"https:\/\/www.24gliwice.pl\/wiadomosci\/wp-content\/uploads\/2026\/03\/smiertelny-wypadek-rowerzysty.jpg 1198w, https:\/\/www.24gliwice.pl\/wiadomosci\/wp-content\/uploads\/2026\/03\/smiertelny-wypadek-rowerzysty-410x232.jpg 410w, https:\/\/www.24gliwice.pl\/wiadomosci\/wp-content\/uploads\/2026\/03\/smiertelny-wypadek-rowerzysty-808x455.jpg 808w, https:\/\/www.24gliwice.pl\/wiadomosci\/wp-content\/uploads\/2026\/03\/smiertelny-wypadek-rowerzysty-768x433.jpg 768w, https:\/\/www.24gliwice.pl\/wiadomosci\/wp-content\/uploads\/2026\/03\/smiertelny-wypadek-rowerzysty-810x456.jpg 810w, https:\/\/www.24gliwice.pl\/wiadomosci\/wp-content\/uploads\/2026\/03\/smiertelny-wypadek-rowerzysty-1140x642.jpg 1140w\" sizes=\"auto, (max-width: 1198px) 100vw, 1198px\" \/><\/a><\/p>\n<h5>AKTUALIZACJA<\/h5>\n<p>Policja poda\u0142a wi\u0119cej szczeg\u00f3\u0142\u00f3w niedzielnego wypadku. Rowerzysta, kt\u00f3ry zgin\u0105\u0142 na skutek zdarzenia, mia\u0142 55 lat. Citroenem kierowa\u0142 44-letni mieszkaniec powiatu gliwickiego. M\u0119\u017cczyzna posiada\u0142 uprawnienia do kierowania i by\u0142 trze\u017awy.<\/p>\n<p>To drugi wypadek w tym roku, w kt\u00f3rym \u015bmier\u0107 poni\u00f3s\u0142 u\u017cytkownik jedno\u015bladu. W lutym na ul. Warszawskiej w Gliwicach kieruj\u0105cy samochodem dostawczym \u015bmiertelnie potr\u0105ci\u0142 42-letniego rowerzyst\u0119. <\/p>\n<blockquote class=\"wp-embedded-content\" data-secret=\"9dv2V9jmZ9\"><p><a href=\"https:\/\/www.24gliwice.pl\/wiadomosci\/tragiczny-wypadek-na-ulicy-warszawskiej-nie-zyje-rowerzysta-potracony-przez-samochod\/\">Tragiczny wypadek na ulicy Warszawskiej. Nie \u017cyje rowerzysta potr\u0105cony przez samoch\u00f3d<\/a><\/p><\/blockquote>\n<p><iframe loading=\"lazy\" class=\"wp-embedded-content\" sandbox=\"allow-scripts\" security=\"restricted\" style=\"position: absolute; visibility: hidden;\" title=\"&#8222;Tragiczny wypadek na ulicy Warszawskiej. Nie \u017cyje rowerzysta potr\u0105cony przez samoch\u00f3d&#8221; &#8212; 24GLIWICE - Portal Gliwice | codziennie nowe informacje\" src=\"https:\/\/www.24gliwice.pl\/wiadomosci\/tragiczny-wypadek-na-ulicy-warszawskiej-nie-zyje-rowerzysta-potracony-przez-samochod\/embed\/#?secret=HmYMGtV9yV#?secret=9dv2V9jmZ9\" data-secret=\"9dv2V9jmZ9\" width=\"600\" height=\"338\" frameborder=\"0\" marginwidth=\"0\" marginheight=\"0\" scrolling=\"no\"><\/iframe><\/p>\n<p>(\u017cms)\/KMP Gliwice<br \/>\nFot. Zdj\u0119cie pogl\u0105dowe<\/p>\n<div class=\"gliwi-a5-na-koncu-artykulow gliwi-entity-placement\" id=\"gliwi-1814884369\"><div class=\"gliwi-adlabel\"><span style=\"font-size: 9px\">REKLAMA<\/span><\/div><div id=\"gliwi-3864706682\" style=\"margin-left: auto;margin-right: auto;text-align: center;\"><a data-no-instant=\"1\" href=\"https:\/\/prezeroarenagliwice.pl\/\" rel=\"noopener\" class=\"a2t-link\" target=\"_blank\" aria-label=\"20260309-PREZERO-WIOSNA-D\"><img loading=\"lazy\" decoding=\"async\" src=\"https:\/\/www.24gliwice.pl\/wiadomosci\/wp-content\/uploads\/2026\/03\/20260309-PREZERO-WIOSNA-D.webp\" alt=\"\"  srcset=\"https:\/\/www.24gliwice.pl\/wiadomosci\/wp-content\/uploads\/2026\/03\/20260309-PREZERO-WIOSNA-D.webp 750w, https:\/\/www.24gliwice.pl\/wiadomosci\/wp-content\/uploads\/2026\/03\/20260309-PREZERO-WIOSNA-D-410x109.webp 410w\" sizes=\"(max-width: 750px) 100vw, 750px\" class=\"no-lazyload\" width=\"750\" height=\"200\"  style=\"display: inline-block; max-width: 100%; height: auto;\" \/><\/a><\/div><\/div>","protected":false},"excerpt":{"rendered":"<p>W tragicznym wypadku na drodze wojew\u00f3dzkiej nr 901 w Wielowsi \u015bmier\u0107 poni\u00f3s\u0142 rowerzysta. Droga jest zablokowana, na miejscu trwaj\u0105 policyjne czynno\u015bci. Zdarzenie mia\u0142o miejsce na ul. Pozna\u0144skiej w kierunku Pyskowic ok. godziny 19:00. &#8211; Ze wst\u0119pnych ustale\u0144 policjant\u00f3w wynika, \u017ce kieruj\u0105cy samochodem osobowym marki Citroen, najecha\u0142 na poruszaj\u0105cego si\u0119 w tym samym kierunku rowerzyst\u0119. Pomimo [&hellip;]<\/p>\n","protected":false},"author":15,"featured_media":267607,"comment_status":"closed","ping_status":"closed","sticky":false,"template":"","format":"standard","meta":{"_monsterinsights_skip_tracking":false,"_monsterinsights_sitenote_active":false,"_monsterinsights_sitenote_note":"","_monsterinsights_sitenote_category":0,"footnotes":"","_links_to":"","_links_to_target":""},"categories":[3,1,5],"tags":[22688,8893,9456],"class_list":["post-267570","post","type-post","status-publish","format-standard","has-post-thumbnail","hentry","category-gliwice","category-wszystko","category-kryminalki","tag-nojasek","tag-smiertelny-wypadek","tag-wielowies"],"yoast_head":"<!-- This site is optimized with the Yoast SEO plugin v27.5 - https:\/\/yoast.com\/product\/yoast-seo-wordpress\/ -->\n<title>Tragedia na drodze wojew\u00f3dzkiej. Nie \u017cyje rowerzysta potr\u0105cony przez kierowc\u0119 samochodu - 24GLIWICE - Portal Gliwice | codziennie nowe informacje<\/title>\n<meta name=\"description\" content=\"Na DW901 w Wielowsi dosz\u0142o do tragicznego wypadku. Na skutek potr\u0105cenia \u015bmier\u0107 poni\u00f3s\u0142 rowerzysta. Droga jest zablokowana\" \/>\n<meta name=\"robots\" content=\"index, follow, max-snippet:-1, max-image-preview:large, max-video-preview:-1\" \/>\n<link rel=\"canonical\" href=\"https:\/\/www.24gliwice.pl\/wiadomosci\/tragedia-na-drodze-wojewodzkiej-nie-zyje-rowerzysta-potracony-przez-kierowce-samochodu\/\" \/>\n<meta property=\"og:locale\" content=\"pl_PL\" \/>\n<meta property=\"og:type\" content=\"article\" \/>\n<meta property=\"og:title\" content=\"Tragedia na drodze wojew\u00f3dzkiej. Nie \u017cyje rowerzysta potr\u0105cony przez kierowc\u0119 samochodu - 24GLIWICE - Portal Gliwice | codziennie nowe informacje\" \/>\n<meta property=\"og:description\" content=\"Na DW901 w Wielowsi dosz\u0142o do tragicznego wypadku. Na skutek potr\u0105cenia \u015bmier\u0107 poni\u00f3s\u0142 rowerzysta. Droga jest zablokowana\" \/>\n<meta property=\"og:url\" content=\"https:\/\/www.24gliwice.pl\/wiadomosci\/tragedia-na-drodze-wojewodzkiej-nie-zyje-rowerzysta-potracony-przez-kierowce-samochodu\/\" \/>\n<meta property=\"og:site_name\" content=\"24GLIWICE - Portal Gliwice | codziennie nowe informacje\" \/>\n<meta property=\"article:publisher\" content=\"https:\/\/www.facebook.com\/24gliwice\" \/>\n<meta property=\"article:published_time\" content=\"2026-03-08T22:09:30+00:00\" \/>\n<meta property=\"article:modified_time\" content=\"2026-03-09T10:56:20+00:00\" \/>\n<meta property=\"og:image\" content=\"https:\/\/www.24gliwice.pl\/wiadomosci\/wp-content\/uploads\/2026\/03\/smiertelny-wypadek-rowerzysty3.jpg\" \/>\n\t<meta property=\"og:image:width\" content=\"903\" \/>\n\t<meta property=\"og:image:height\" content=\"508\" \/>\n\t<meta property=\"og:image:type\" content=\"image\/jpeg\" \/>\n<meta name=\"author\" content=\"\u017baneta Mrozek-Siewierska\" \/>\n<meta name=\"twitter:card\" content=\"summary_large_image\" \/>\n<meta name=\"twitter:creator\" content=\"@24gliwice\" \/>\n<meta name=\"twitter:site\" content=\"@24gliwice\" \/>\n<meta name=\"twitter:label1\" content=\"Napisane przez\" \/>\n\t<meta name=\"twitter:data1\" content=\"\u017baneta Mrozek-Siewierska\" \/>\n\t<meta name=\"twitter:label2\" content=\"Szacowany czas czytania\" \/>\n\t<meta name=\"twitter:data2\" content=\"2 minuty\" \/>\n<script type=\"application\/ld+json\" class=\"yoast-schema-graph\">{\"@context\":\"https:\\\/\\\/schema.org\",\"@graph\":[{\"@type\":\"Article\",\"@id\":\"https:\\\/\\\/www.24gliwice.pl\\\/wiadomosci\\\/tragedia-na-drodze-wojewodzkiej-nie-zyje-rowerzysta-potracony-przez-kierowce-samochodu\\\/#article\",\"isPartOf\":{\"@id\":\"https:\\\/\\\/www.24gliwice.pl\\\/wiadomosci\\\/tragedia-na-drodze-wojewodzkiej-nie-zyje-rowerzysta-potracony-przez-kierowce-samochodu\\\/\"},\"author\":{\"name\":\"\u017baneta Mrozek-Siewierska\",\"@id\":\"https:\\\/\\\/www.24gliwice.pl\\\/wiadomosci\\\/#\\\/schema\\\/person\\\/e42c650edd7f2fa332be3811fb166b6e\"},\"headline\":\"Tragedia na drodze wojew\u00f3dzkiej. Nie \u017cyje rowerzysta potr\u0105cony przez kierowc\u0119 samochodu\",\"datePublished\":\"2026-03-08T22:09:30+00:00\",\"dateModified\":\"2026-03-09T10:56:20+00:00\",\"mainEntityOfPage\":{\"@id\":\"https:\\\/\\\/www.24gliwice.pl\\\/wiadomosci\\\/tragedia-na-drodze-wojewodzkiej-nie-zyje-rowerzysta-potracony-przez-kierowce-samochodu\\\/\"},\"wordCount\":217,\"publisher\":{\"@id\":\"https:\\\/\\\/www.24gliwice.pl\\\/wiadomosci\\\/#organization\"},\"image\":{\"@id\":\"https:\\\/\\\/www.24gliwice.pl\\\/wiadomosci\\\/tragedia-na-drodze-wojewodzkiej-nie-zyje-rowerzysta-potracony-przez-kierowce-samochodu\\\/#primaryimage\"},\"thumbnailUrl\":\"https:\\\/\\\/www.24gliwice.pl\\\/wiadomosci\\\/wp-content\\\/uploads\\\/2026\\\/03\\\/smiertelny-wypadek-rowerzysty3.jpg\",\"keywords\":[\"NOJASEK\",\"\u015aMIERTELNY WYPADEK\",\"wielowie\u015b\"],\"articleSection\":[\"Gliwice\",\"Najnowsze wiadomo\u015bci\",\"Prawo\"],\"inLanguage\":\"pl-PL\"},{\"@type\":\"WebPage\",\"@id\":\"https:\\\/\\\/www.24gliwice.pl\\\/wiadomosci\\\/tragedia-na-drodze-wojewodzkiej-nie-zyje-rowerzysta-potracony-przez-kierowce-samochodu\\\/\",\"url\":\"https:\\\/\\\/www.24gliwice.pl\\\/wiadomosci\\\/tragedia-na-drodze-wojewodzkiej-nie-zyje-rowerzysta-potracony-przez-kierowce-samochodu\\\/\",\"name\":\"Tragedia na drodze wojew\u00f3dzkiej. Nie \u017cyje rowerzysta potr\u0105cony przez kierowc\u0119 samochodu - 24GLIWICE - Portal Gliwice | codziennie nowe informacje\",\"isPartOf\":{\"@id\":\"https:\\\/\\\/www.24gliwice.pl\\\/wiadomosci\\\/#website\"},\"primaryImageOfPage\":{\"@id\":\"https:\\\/\\\/www.24gliwice.pl\\\/wiadomosci\\\/tragedia-na-drodze-wojewodzkiej-nie-zyje-rowerzysta-potracony-przez-kierowce-samochodu\\\/#primaryimage\"},\"image\":{\"@id\":\"https:\\\/\\\/www.24gliwice.pl\\\/wiadomosci\\\/tragedia-na-drodze-wojewodzkiej-nie-zyje-rowerzysta-potracony-przez-kierowce-samochodu\\\/#primaryimage\"},\"thumbnailUrl\":\"https:\\\/\\\/www.24gliwice.pl\\\/wiadomosci\\\/wp-content\\\/uploads\\\/2026\\\/03\\\/smiertelny-wypadek-rowerzysty3.jpg\",\"datePublished\":\"2026-03-08T22:09:30+00:00\",\"dateModified\":\"2026-03-09T10:56:20+00:00\",\"description\":\"Na DW901 w Wielowsi dosz\u0142o do tragicznego wypadku. Na skutek potr\u0105cenia \u015bmier\u0107 poni\u00f3s\u0142 rowerzysta. Droga jest zablokowana\",\"breadcrumb\":{\"@id\":\"https:\\\/\\\/www.24gliwice.pl\\\/wiadomosci\\\/tragedia-na-drodze-wojewodzkiej-nie-zyje-rowerzysta-potracony-przez-kierowce-samochodu\\\/#breadcrumb\"},\"inLanguage\":\"pl-PL\",\"potentialAction\":[{\"@type\":\"ReadAction\",\"target\":[\"https:\\\/\\\/www.24gliwice.pl\\\/wiadomosci\\\/tragedia-na-drodze-wojewodzkiej-nie-zyje-rowerzysta-potracony-przez-kierowce-samochodu\\\/\"]}]},{\"@type\":\"ImageObject\",\"inLanguage\":\"pl-PL\",\"@id\":\"https:\\\/\\\/www.24gliwice.pl\\\/wiadomosci\\\/tragedia-na-drodze-wojewodzkiej-nie-zyje-rowerzysta-potracony-przez-kierowce-samochodu\\\/#primaryimage\",\"url\":\"https:\\\/\\\/www.24gliwice.pl\\\/wiadomosci\\\/wp-content\\\/uploads\\\/2026\\\/03\\\/smiertelny-wypadek-rowerzysty3.jpg\",\"contentUrl\":\"https:\\\/\\\/www.24gliwice.pl\\\/wiadomosci\\\/wp-content\\\/uploads\\\/2026\\\/03\\\/smiertelny-wypadek-rowerzysty3.jpg\",\"width\":903,\"height\":508},{\"@type\":\"BreadcrumbList\",\"@id\":\"https:\\\/\\\/www.24gliwice.pl\\\/wiadomosci\\\/tragedia-na-drodze-wojewodzkiej-nie-zyje-rowerzysta-potracony-przez-kierowce-samochodu\\\/#breadcrumb\",\"itemListElement\":[{\"@type\":\"ListItem\",\"position\":1,\"name\":\"Strona g\u0142\u00f3wna\",\"item\":\"https:\\\/\\\/www.24gliwice.pl\\\/wiadomosci\\\/\"},{\"@type\":\"ListItem\",\"position\":2,\"name\":\"Tragedia na drodze wojew\u00f3dzkiej. Nie \u017cyje rowerzysta potr\u0105cony przez kierowc\u0119 samochodu\"}]},{\"@type\":\"WebSite\",\"@id\":\"https:\\\/\\\/www.24gliwice.pl\\\/wiadomosci\\\/#website\",\"url\":\"https:\\\/\\\/www.24gliwice.pl\\\/wiadomosci\\\/\",\"name\":\"24GLIWICE - Portal Gliwice | codziennie nowe wiadomo\u015bci\",\"description\":\"Portal Miejski Gliwice\",\"publisher\":{\"@id\":\"https:\\\/\\\/www.24gliwice.pl\\\/wiadomosci\\\/#organization\"},\"potentialAction\":[{\"@type\":\"SearchAction\",\"target\":{\"@type\":\"EntryPoint\",\"urlTemplate\":\"https:\\\/\\\/www.24gliwice.pl\\\/wiadomosci\\\/?s={search_term_string}\"},\"query-input\":{\"@type\":\"PropertyValueSpecification\",\"valueRequired\":true,\"valueName\":\"search_term_string\"}}],\"inLanguage\":\"pl-PL\"},{\"@type\":\"Organization\",\"@id\":\"https:\\\/\\\/www.24gliwice.pl\\\/wiadomosci\\\/#organization\",\"name\":\"24gliwice\",\"url\":\"https:\\\/\\\/www.24gliwice.pl\\\/wiadomosci\\\/\",\"logo\":{\"@type\":\"ImageObject\",\"inLanguage\":\"pl-PL\",\"@id\":\"https:\\\/\\\/www.24gliwice.pl\\\/wiadomosci\\\/#\\\/schema\\\/logo\\\/image\\\/\",\"url\":\"https:\\\/\\\/www.24gliwice.pl\\\/wiadomosci\\\/wp-content\\\/uploads\\\/2024\\\/10\\\/24gliwice-logo-696.jpg\",\"contentUrl\":\"https:\\\/\\\/www.24gliwice.pl\\\/wiadomosci\\\/wp-content\\\/uploads\\\/2024\\\/10\\\/24gliwice-logo-696.jpg\",\"width\":696,\"height\":696,\"caption\":\"24gliwice\"},\"image\":{\"@id\":\"https:\\\/\\\/www.24gliwice.pl\\\/wiadomosci\\\/#\\\/schema\\\/logo\\\/image\\\/\"},\"sameAs\":[\"https:\\\/\\\/www.facebook.com\\\/24gliwice\",\"https:\\\/\\\/x.com\\\/24gliwice\",\"https:\\\/\\\/www.youtube.com\\\/@24gliwice\"]},{\"@type\":\"Person\",\"@id\":\"https:\\\/\\\/www.24gliwice.pl\\\/wiadomosci\\\/#\\\/schema\\\/person\\\/e42c650edd7f2fa332be3811fb166b6e\",\"name\":\"\u017baneta Mrozek-Siewierska\",\"image\":{\"@type\":\"ImageObject\",\"inLanguage\":\"pl-PL\",\"@id\":\"https:\\\/\\\/secure.gravatar.com\\\/avatar\\\/1881429e9c64597c77ad7aef2d0a19be69a3253e57534d16aa15bf3a4d34a0a3?s=96&d=mm&r=g\",\"url\":\"https:\\\/\\\/secure.gravatar.com\\\/avatar\\\/1881429e9c64597c77ad7aef2d0a19be69a3253e57534d16aa15bf3a4d34a0a3?s=96&d=mm&r=g\",\"contentUrl\":\"https:\\\/\\\/secure.gravatar.com\\\/avatar\\\/1881429e9c64597c77ad7aef2d0a19be69a3253e57534d16aa15bf3a4d34a0a3?s=96&d=mm&r=g\",\"caption\":\"\u017baneta Mrozek-Siewierska\"},\"url\":\"https:\\\/\\\/www.24gliwice.pl\\\/wiadomosci\\\/author\\\/zms\\\/\"}]}<\/script>\n<!-- \/ Yoast SEO plugin. -->","yoast_head_json":{"title":"Tragedia na drodze wojew\u00f3dzkiej. Nie \u017cyje rowerzysta potr\u0105cony przez kierowc\u0119 samochodu - 24GLIWICE - Portal Gliwice | codziennie nowe informacje","description":"Na DW901 w Wielowsi dosz\u0142o do tragicznego wypadku. Na skutek potr\u0105cenia \u015bmier\u0107 poni\u00f3s\u0142 rowerzysta. Droga jest zablokowana","robots":{"index":"index","follow":"follow","max-snippet":"max-snippet:-1","max-image-preview":"max-image-preview:large","max-video-preview":"max-video-preview:-1"},"canonical":"https:\/\/www.24gliwice.pl\/wiadomosci\/tragedia-na-drodze-wojewodzkiej-nie-zyje-rowerzysta-potracony-przez-kierowce-samochodu\/","og_locale":"pl_PL","og_type":"article","og_title":"Tragedia na drodze wojew\u00f3dzkiej. Nie \u017cyje rowerzysta potr\u0105cony przez kierowc\u0119 samochodu - 24GLIWICE - Portal Gliwice | codziennie nowe informacje","og_description":"Na DW901 w Wielowsi dosz\u0142o do tragicznego wypadku. Na skutek potr\u0105cenia \u015bmier\u0107 poni\u00f3s\u0142 rowerzysta. Droga jest zablokowana","og_url":"https:\/\/www.24gliwice.pl\/wiadomosci\/tragedia-na-drodze-wojewodzkiej-nie-zyje-rowerzysta-potracony-przez-kierowce-samochodu\/","og_site_name":"24GLIWICE - Portal Gliwice | codziennie nowe informacje","article_publisher":"https:\/\/www.facebook.com\/24gliwice","article_published_time":"2026-03-08T22:09:30+00:00","article_modified_time":"2026-03-09T10:56:20+00:00","og_image":[{"width":903,"height":508,"url":"https:\/\/www.24gliwice.pl\/wiadomosci\/wp-content\/uploads\/2026\/03\/smiertelny-wypadek-rowerzysty3.jpg","type":"image\/jpeg"}],"author":"\u017baneta Mrozek-Siewierska","twitter_card":"summary_large_image","twitter_creator":"@24gliwice","twitter_site":"@24gliwice","twitter_misc":{"Napisane przez":"\u017baneta Mrozek-Siewierska","Szacowany czas czytania":"2 minuty"},"schema":{"@context":"https:\/\/schema.org","@graph":[{"@type":"Article","@id":"https:\/\/www.24gliwice.pl\/wiadomosci\/tragedia-na-drodze-wojewodzkiej-nie-zyje-rowerzysta-potracony-przez-kierowce-samochodu\/#article","isPartOf":{"@id":"https:\/\/www.24gliwice.pl\/wiadomosci\/tragedia-na-drodze-wojewodzkiej-nie-zyje-rowerzysta-potracony-przez-kierowce-samochodu\/"},"author":{"name":"\u017baneta Mrozek-Siewierska","@id":"https:\/\/www.24gliwice.pl\/wiadomosci\/#\/schema\/person\/e42c650edd7f2fa332be3811fb166b6e"},"headline":"Tragedia na drodze wojew\u00f3dzkiej. Nie \u017cyje rowerzysta potr\u0105cony przez kierowc\u0119 samochodu","datePublished":"2026-03-08T22:09:30+00:00","dateModified":"2026-03-09T10:56:20+00:00","mainEntityOfPage":{"@id":"https:\/\/www.24gliwice.pl\/wiadomosci\/tragedia-na-drodze-wojewodzkiej-nie-zyje-rowerzysta-potracony-przez-kierowce-samochodu\/"},"wordCount":217,"publisher":{"@id":"https:\/\/www.24gliwice.pl\/wiadomosci\/#organization"},"image":{"@id":"https:\/\/www.24gliwice.pl\/wiadomosci\/tragedia-na-drodze-wojewodzkiej-nie-zyje-rowerzysta-potracony-przez-kierowce-samochodu\/#primaryimage"},"thumbnailUrl":"https:\/\/www.24gliwice.pl\/wiadomosci\/wp-content\/uploads\/2026\/03\/smiertelny-wypadek-rowerzysty3.jpg","keywords":["NOJASEK","\u015aMIERTELNY WYPADEK","wielowie\u015b"],"articleSection":["Gliwice","Najnowsze wiadomo\u015bci","Prawo"],"inLanguage":"pl-PL"},{"@type":"WebPage","@id":"https:\/\/www.24gliwice.pl\/wiadomosci\/tragedia-na-drodze-wojewodzkiej-nie-zyje-rowerzysta-potracony-przez-kierowce-samochodu\/","url":"https:\/\/www.24gliwice.pl\/wiadomosci\/tragedia-na-drodze-wojewodzkiej-nie-zyje-rowerzysta-potracony-przez-kierowce-samochodu\/","name":"Tragedia na drodze wojew\u00f3dzkiej. Nie \u017cyje rowerzysta potr\u0105cony przez kierowc\u0119 samochodu - 24GLIWICE - Portal Gliwice | codziennie nowe informacje","isPartOf":{"@id":"https:\/\/www.24gliwice.pl\/wiadomosci\/#website"},"primaryImageOfPage":{"@id":"https:\/\/www.24gliwice.pl\/wiadomosci\/tragedia-na-drodze-wojewodzkiej-nie-zyje-rowerzysta-potracony-przez-kierowce-samochodu\/#primaryimage"},"image":{"@id":"https:\/\/www.24gliwice.pl\/wiadomosci\/tragedia-na-drodze-wojewodzkiej-nie-zyje-rowerzysta-potracony-przez-kierowce-samochodu\/#primaryimage"},"thumbnailUrl":"https:\/\/www.24gliwice.pl\/wiadomosci\/wp-content\/uploads\/2026\/03\/smiertelny-wypadek-rowerzysty3.jpg","datePublished":"2026-03-08T22:09:30+00:00","dateModified":"2026-03-09T10:56:20+00:00","description":"Na DW901 w Wielowsi dosz\u0142o do tragicznego wypadku. Na skutek potr\u0105cenia \u015bmier\u0107 poni\u00f3s\u0142 rowerzysta. Droga jest zablokowana","breadcrumb":{"@id":"https:\/\/www.24gliwice.pl\/wiadomosci\/tragedia-na-drodze-wojewodzkiej-nie-zyje-rowerzysta-potracony-przez-kierowce-samochodu\/#breadcrumb"},"inLanguage":"pl-PL","potentialAction":[{"@type":"ReadAction","target":["https:\/\/www.24gliwice.pl\/wiadomosci\/tragedia-na-drodze-wojewodzkiej-nie-zyje-rowerzysta-potracony-przez-kierowce-samochodu\/"]}]},{"@type":"ImageObject","inLanguage":"pl-PL","@id":"https:\/\/www.24gliwice.pl\/wiadomosci\/tragedia-na-drodze-wojewodzkiej-nie-zyje-rowerzysta-potracony-przez-kierowce-samochodu\/#primaryimage","url":"https:\/\/www.24gliwice.pl\/wiadomosci\/wp-content\/uploads\/2026\/03\/smiertelny-wypadek-rowerzysty3.jpg","contentUrl":"https:\/\/www.24gliwice.pl\/wiadomosci\/wp-content\/uploads\/2026\/03\/smiertelny-wypadek-rowerzysty3.jpg","width":903,"height":508},{"@type":"BreadcrumbList","@id":"https:\/\/www.24gliwice.pl\/wiadomosci\/tragedia-na-drodze-wojewodzkiej-nie-zyje-rowerzysta-potracony-przez-kierowce-samochodu\/#breadcrumb","itemListElement":[{"@type":"ListItem","position":1,"name":"Strona g\u0142\u00f3wna","item":"https:\/\/www.24gliwice.pl\/wiadomosci\/"},{"@type":"ListItem","position":2,"name":"Tragedia na drodze wojew\u00f3dzkiej. Nie \u017cyje rowerzysta potr\u0105cony przez kierowc\u0119 samochodu"}]},{"@type":"WebSite","@id":"https:\/\/www.24gliwice.pl\/wiadomosci\/#website","url":"https:\/\/www.24gliwice.pl\/wiadomosci\/","name":"24GLIWICE - Portal Gliwice | codziennie nowe wiadomo\u015bci","description":"Portal Miejski Gliwice","publisher":{"@id":"https:\/\/www.24gliwice.pl\/wiadomosci\/#organization"},"potentialAction":[{"@type":"SearchAction","target":{"@type":"EntryPoint","urlTemplate":"https:\/\/www.24gliwice.pl\/wiadomosci\/?s={search_term_string}"},"query-input":{"@type":"PropertyValueSpecification","valueRequired":true,"valueName":"search_term_string"}}],"inLanguage":"pl-PL"},{"@type":"Organization","@id":"https:\/\/www.24gliwice.pl\/wiadomosci\/#organization","name":"24gliwice","url":"https:\/\/www.24gliwice.pl\/wiadomosci\/","logo":{"@type":"ImageObject","inLanguage":"pl-PL","@id":"https:\/\/www.24gliwice.pl\/wiadomosci\/#\/schema\/logo\/image\/","url":"https:\/\/www.24gliwice.pl\/wiadomosci\/wp-content\/uploads\/2024\/10\/24gliwice-logo-696.jpg","contentUrl":"https:\/\/www.24gliwice.pl\/wiadomosci\/wp-content\/uploads\/2024\/10\/24gliwice-logo-696.jpg","width":696,"height":696,"caption":"24gliwice"},"image":{"@id":"https:\/\/www.24gliwice.pl\/wiadomosci\/#\/schema\/logo\/image\/"},"sameAs":["https:\/\/www.facebook.com\/24gliwice","https:\/\/x.com\/24gliwice","https:\/\/www.youtube.com\/@24gliwice"]},{"@type":"Person","@id":"https:\/\/www.24gliwice.pl\/wiadomosci\/#\/schema\/person\/e42c650edd7f2fa332be3811fb166b6e","name":"\u017baneta Mrozek-Siewierska","image":{"@type":"ImageObject","inLanguage":"pl-PL","@id":"https:\/\/secure.gravatar.com\/avatar\/1881429e9c64597c77ad7aef2d0a19be69a3253e57534d16aa15bf3a4d34a0a3?s=96&d=mm&r=g","url":"https:\/\/secure.gravatar.com\/avatar\/1881429e9c64597c77ad7aef2d0a19be69a3253e57534d16aa15bf3a4d34a0a3?s=96&d=mm&r=g","contentUrl":"https:\/\/secure.gravatar.com\/avatar\/1881429e9c64597c77ad7aef2d0a19be69a3253e57534d16aa15bf3a4d34a0a3?s=96&d=mm&r=g","caption":"\u017baneta Mrozek-Siewierska"},"url":"https:\/\/www.24gliwice.pl\/wiadomosci\/author\/zms\/"}]}},"_links":{"self":[{"href":"https:\/\/www.24gliwice.pl\/wiadomosci\/wp-json\/wp\/v2\/posts\/267570","targetHints":{"allow":["GET"]}}],"collection":[{"href":"https:\/\/www.24gliwice.pl\/wiadomosci\/wp-json\/wp\/v2\/posts"}],"about":[{"href":"https:\/\/www.24gliwice.pl\/wiadomosci\/wp-json\/wp\/v2\/types\/post"}],"author":[{"embeddable":true,"href":"https:\/\/www.24gliwice.pl\/wiadomosci\/wp-json\/wp\/v2\/users\/15"}],"replies":[{"embeddable":true,"href":"https:\/\/www.24gliwice.pl\/wiadomosci\/wp-json\/wp\/v2\/comments?post=267570"}],"version-history":[{"count":0,"href":"https:\/\/www.24gliwice.pl\/wiadomosci\/wp-json\/wp\/v2\/posts\/267570\/revisions"}],"wp:featuredmedia":[{"embeddable":true,"href":"https:\/\/www.24gliwice.pl\/wiadomosci\/wp-json\/wp\/v2\/media\/267607"}],"wp:attachment":[{"href":"https:\/\/www.24gliwice.pl\/wiadomosci\/wp-json\/wp\/v2\/media?parent=267570"}],"wp:term":[{"taxonomy":"category","embeddable":true,"href":"https:\/\/www.24gliwice.pl\/wiadomosci\/wp-json\/wp\/v2\/categories?post=267570"},{"taxonomy":"post_tag","embeddable":true,"href":"https:\/\/www.24gliwice.pl\/wiadomosci\/wp-json\/wp\/v2\/tags?post=267570"}],"curies":[{"name":"wp","href":"https:\/\/api.w.org\/{rel}","templated":true}]}}