{"id":267628,"date":"2026-03-10T00:38:25","date_gmt":"2026-03-09T23:38:25","guid":{"rendered":"https:\/\/www.24gliwice.pl\/wiadomosci\/?p=267628"},"modified":"2026-03-10T00:38:25","modified_gmt":"2026-03-09T23:38:25","slug":"warsztaty-pokazy-mozliwosc-poznania-oferty-oraz-wykladowcow-dni-otwarte-na-politechnice-slaskiej","status":"publish","type":"post","link":"https:\/\/www.24gliwice.pl\/wiadomosci\/warsztaty-pokazy-mozliwosc-poznania-oferty-oraz-wykladowcow-dni-otwarte-na-politechnice-slaskiej\/","title":{"rendered":"Warsztaty, pokazy, mo\u017cliwo\u015b\u0107 poznania oferty oraz wyk\u0142adowc\u00f3w. Dni Otwarte na Politechnice \u015al\u0105skiej"},"content":{"rendered":"<div class=\"gliwi-a6-nad-leadem-artykulow gliwi-entity-placement\" id=\"gliwi-3600507063\"><div class=\"gliwi-adlabel\"><span style=\"font-size: 9px\">REKLAMA<\/span><\/div><div id=\"gliwi-3545018311\" style=\"margin-bottom: 30px;margin-left: auto;margin-right: auto;text-align: center;\"><a data-no-instant=\"1\" href=\"https:\/\/przedszkole.halogen.org.pl\/\" rel=\"noopener\" class=\"a2t-link\" target=\"_blank\" aria-label=\"20260402-ANIMATOR-przedszkole_grafika_750x200\"><img loading=\"lazy\" decoding=\"async\" src=\"https:\/\/www.24gliwice.pl\/wiadomosci\/wp-content\/uploads\/2026\/04\/20260402-ANIMATOR-przedszkole_grafika_750x200.webp\" alt=\"\"  srcset=\"https:\/\/www.24gliwice.pl\/wiadomosci\/wp-content\/uploads\/2026\/04\/20260402-ANIMATOR-przedszkole_grafika_750x200.webp 750w, https:\/\/www.24gliwice.pl\/wiadomosci\/wp-content\/uploads\/2026\/04\/20260402-ANIMATOR-przedszkole_grafika_750x200-410x109.webp 410w\" sizes=\"(max-width: 750px) 100vw, 750px\" class=\"no-lazyload\" width=\"750\" height=\"200\"  style=\"display: inline-block; max-width: 100%; height: auto;\" \/><\/a><\/div><\/div><h2>Uczniowie szk\u00f3\u0142 ponadpodstawowych, kt\u00f3rzy zastanawiaj\u0105 si\u0119 nad wyborem dalszej drogi kszta\u0142cenia, mog\u0105 zapozna\u0107 si\u0119 z ofert\u0105 studi\u00f3w na Politechnice \u015al\u0105skiej. Dni Otwarte odb\u0119d\u0105 si\u0119 od 10 do 13 marca na kampusach w Gliwicach, Zabrzu, Katowicach i Rybniku.<\/h2>\n<p><!--more--><\/p>\n<p>To wyj\u0105tkowa szansa, aby uczniowie mogli pozna\u0107 kierunki studi\u00f3w, odwiedzi\u0107 laboratoria, porozmawia\u0107 ze studentami i wyk\u0142adowcami, a tak\u017ce wzi\u0105\u0107 udzia\u0142 w warsztatach i pokazach. <\/p>\n<p>&#8211; <em>Zach\u0119camy do udzia\u0142u w Dniach Otwartych zar\u00f3wno grupy zorganizowane, jak i uczni\u00f3w indywidualnych. To wydarzenie dla wszystkich, kt\u00f3rzy chc\u0105 odkry\u0107 \u015bwiat nauki i technologii oraz pozna\u0107 ofert\u0119 edukacyjn\u0105 jednej z najlepszych Uczelni w Polsce<\/em> &#8211; informuje Politechnika \u015al\u0105ska. <\/p><div class=\"gliwi-a3-w-tresci-artykulow gliwi-entity-placement\" id=\"gliwi-1955616675\"><div class=\"gliwi-adlabel\"><span style=\"font-size: 9px\">REKLAMA<\/span><\/div><div id=\"gliwi-3138848579\" style=\"margin-bottom: 30px;margin-left: auto;margin-right: auto;text-align: center;\"><a data-no-instant=\"1\" href=\"https:\/\/zlobek.halogen.org.pl\/\" rel=\"noopener\" class=\"a2t-link\" target=\"_blank\" aria-label=\"animator-zlobek_750x200\"><img loading=\"lazy\" decoding=\"async\" src=\"https:\/\/www.24gliwice.pl\/wiadomosci\/wp-content\/uploads\/2026\/02\/animator-zlobek_750x200.webp\" alt=\"\"  srcset=\"https:\/\/www.24gliwice.pl\/wiadomosci\/wp-content\/uploads\/2026\/02\/animator-zlobek_750x200.webp 750w, https:\/\/www.24gliwice.pl\/wiadomosci\/wp-content\/uploads\/2026\/02\/animator-zlobek_750x200-410x109.webp 410w\" sizes=\"(max-width: 750px) 100vw, 750px\" class=\"no-lazyload\" width=\"750\" height=\"200\"  style=\"display: inline-block; max-width: 100%; height: auto;\" \/><\/a><\/div><\/div>\n<h4>Plan Dni Otwartych<\/h4>\n<p><strong>10 marca, godz. 9.00 \u2013 Gliwice, Centrum Edukacyjno-Kongresowe Politechniki \u015al\u0105skiej (ul. Konarskiego 18B).<\/strong><\/p>\n<p>Na uczni\u00f3w czeka\u0107 b\u0119d\u0105 stoiska prezentuj\u0105ce wszystkie wydzia\u0142y Uczelni. Nie zabraknie te\u017c wyk\u0142ad\u00f3w, prelekcji i rozm\u00f3w ze studentami i wyk\u0142adowcami. Tego dnia b\u0119dzie mo\u017cna te\u017c zajrze\u0107 do sal wyk\u0142adowych i laboratori\u00f3w na terenie ca\u0142ego kampusu.<\/p>\n<p><strong>11 marca, godz. 9.00 \u2013 Katowice (ul. Krasi\u0144skiego 8, Katowice)<\/strong><\/p>\n<p>Podczas tego wydarzenia swoj\u0105 ofert\u0119 zaprezentuj\u0105 dzia\u0142aj\u0105ce na co dzie\u0144 w katowickim kampusie: Wydzia\u0142 In\u017cynierii Materia\u0142owej i Cyfryzacji Przemys\u0142u, Wydzia\u0142 Transportu i In\u017cynierii Lotniczej, Wydzia\u0142 Automatyki, Elektroniki i Informatyki i Wydzia\u0142 Architektury. Jednak podczas Dni Otwartych obecne b\u0119d\u0105 r\u00f3wnie\u017c inne nasze Wydzia\u0142y. Bez wzgl\u0119du na to, jaki kierunek interesuje uczni\u00f3w, warto przyj\u015b\u0107 i zapozna\u0107 si\u0119 z ofert\u0105 kszta\u0142cenia.<\/p>\n<p><strong>12 marca, godz. 9.00 \u2013 Zabrze (ul. Roosevelta 40a, Zabrze)<\/strong><\/p>\n<p>Tego dnia spotkamy si\u0119 w European HealthTech Innovation Center oraz na Wydziale In\u017cynierii Biomedycznej oraz Wydziale Organizacji i Zarz\u0105dzania. Podczas wydarzenia nie zabraknie prezentacji ca\u0142ej bogatej oferty edukacyjnej Politechniki \u015al\u0105skiej.<\/p>\n<p><strong>13 marca, godz. 9.00 \u2013 Rybnik (ul. Ko\u015bciuszki 54, Rybnik)<\/strong><\/p>\n<p>Podczas wydarzenia organizowanego w Filii Politechniki \u015al\u0105skiej w Rybniku obecne b\u0119d\u0105 r\u00f3wnie\u017c stoiska Wydzia\u0142\u00f3w zlokalizowanych w innych miastach, a studenci i wyk\u0142adowcy ch\u0119tnie odpowiedz\u0105 na ka\u017cde pytanie.<\/p>\n<p>Szczeg\u00f3\u0142owe informacje na temat poszczeg\u00f3lnych aktywno\u015bci mo\u017cna znale\u017a\u0107 tu: <a href=\"https:\/\/www.polsl.pl\/ps_aktualnosci\/dni-otwarte-politechniki-slaskiej-3\/\" target=\"_blank\">https:\/\/www.polsl.pl\/ps_aktualnosci\/dni-otwarte-politechniki-slaskiej-3\/<\/a>.<\/p>\n<p>(\u017cms)\/POLSL.PL<\/p>\n<div class=\"gliwi-a5-na-koncu-artykulow gliwi-entity-placement\" id=\"gliwi-345557142\"><div class=\"gliwi-adlabel\"><span style=\"font-size: 9px\">REKLAMA<\/span><\/div><div id=\"gliwi-3046524401\" style=\"margin-left: auto;margin-right: auto;text-align: center;\"><a data-no-instant=\"1\" href=\"https:\/\/www.jasek.pl\/\" rel=\"noopener\" class=\"a2t-link\" target=\"_blank\" aria-label=\"20200401-jasek 600\"><img loading=\"lazy\" decoding=\"async\" src=\"https:\/\/www.24gliwice.pl\/wiadomosci\/wp-content\/uploads\/2020\/04\/20200401-jasek-600.jpg\" alt=\"\"  srcset=\"https:\/\/www.24gliwice.pl\/wiadomosci\/wp-content\/uploads\/2020\/04\/20200401-jasek-600.jpg 600w, https:\/\/www.24gliwice.pl\/wiadomosci\/wp-content\/uploads\/2020\/04\/20200401-jasek-600-410x109.jpg 410w\" sizes=\"(max-width: 600px) 100vw, 600px\" class=\"no-lazyload\" width=\"600\" height=\"160\"  style=\"display: inline-block; max-width: 100%; height: auto;\" \/><\/a><\/div><\/div>","protected":false},"excerpt":{"rendered":"<p>Uczniowie szk\u00f3\u0142 ponadpodstawowych, kt\u00f3rzy zastanawiaj\u0105 si\u0119 nad wyborem dalszej drogi kszta\u0142cenia, mog\u0105 zapozna\u0107 si\u0119 z ofert\u0105 studi\u00f3w na Politechnice \u015al\u0105skiej. Dni Otwarte odb\u0119d\u0105 si\u0119 od 10 do 13 marca na kampusach w Gliwicach, Zabrzu, Katowicach i Rybniku.<\/p>\n","protected":false},"author":15,"featured_media":232734,"comment_status":"open","ping_status":"closed","sticky":false,"template":"","format":"standard","meta":{"_monsterinsights_skip_tracking":false,"_monsterinsights_sitenote_active":false,"_monsterinsights_sitenote_note":"","_monsterinsights_sitenote_category":0,"footnotes":"","_links_to":"","_links_to_target":""},"categories":[3,1],"tags":[8531,9359],"class_list":["post-267628","post","type-post","status-publish","format-standard","has-post-thumbnail","hentry","category-gliwice","category-wszystko","tag-dni-otwarte","tag-politechnika"],"yoast_head":"<!-- This site is optimized with the Yoast SEO plugin v27.5 - https:\/\/yoast.com\/product\/yoast-seo-wordpress\/ -->\n<title>Warsztaty, pokazy, mo\u017cliwo\u015b\u0107 poznania oferty oraz wyk\u0142adowc\u00f3w. Dni Otwarte na Politechnice \u015al\u0105skiej - 24GLIWICE - Portal Gliwice | codziennie nowe informacje<\/title>\n<meta name=\"description\" content=\"Mi\u0119dzy 10 a 13 marca odb\u0119d\u0105 si\u0119 Dni Otwarte Politechniki \u015al\u0105skiej. W poszczeg\u00f3lne dni dla uczni\u00f3w udost\u0119pniane b\u0119d\u0105 kolejne kampusy\" \/>\n<meta name=\"robots\" content=\"index, follow, max-snippet:-1, max-image-preview:large, max-video-preview:-1\" \/>\n<link rel=\"canonical\" href=\"https:\/\/www.24gliwice.pl\/wiadomosci\/warsztaty-pokazy-mozliwosc-poznania-oferty-oraz-wykladowcow-dni-otwarte-na-politechnice-slaskiej\/\" \/>\n<meta property=\"og:locale\" content=\"pl_PL\" \/>\n<meta property=\"og:type\" content=\"article\" \/>\n<meta property=\"og:title\" content=\"Warsztaty, pokazy, mo\u017cliwo\u015b\u0107 poznania oferty oraz wyk\u0142adowc\u00f3w. Dni Otwarte na Politechnice \u015al\u0105skiej - 24GLIWICE - Portal Gliwice | codziennie nowe informacje\" \/>\n<meta property=\"og:description\" content=\"Mi\u0119dzy 10 a 13 marca odb\u0119d\u0105 si\u0119 Dni Otwarte Politechniki \u015al\u0105skiej. W poszczeg\u00f3lne dni dla uczni\u00f3w udost\u0119pniane b\u0119d\u0105 kolejne kampusy\" \/>\n<meta property=\"og:url\" content=\"https:\/\/www.24gliwice.pl\/wiadomosci\/warsztaty-pokazy-mozliwosc-poznania-oferty-oraz-wykladowcow-dni-otwarte-na-politechnice-slaskiej\/\" \/>\n<meta property=\"og:site_name\" content=\"24GLIWICE - Portal Gliwice | codziennie nowe informacje\" \/>\n<meta property=\"article:publisher\" content=\"https:\/\/www.facebook.com\/24gliwice\" \/>\n<meta property=\"article:published_time\" content=\"2026-03-09T23:38:25+00:00\" \/>\n<meta property=\"og:image\" content=\"https:\/\/www.24gliwice.pl\/wiadomosci\/wp-content\/uploads\/2024\/03\/polsl-politechnika-akademicka.jpg\" \/>\n\t<meta property=\"og:image:width\" content=\"769\" \/>\n\t<meta property=\"og:image:height\" content=\"433\" \/>\n\t<meta property=\"og:image:type\" content=\"image\/jpeg\" \/>\n<meta name=\"author\" content=\"\u017baneta Mrozek-Siewierska\" \/>\n<meta name=\"twitter:card\" content=\"summary_large_image\" \/>\n<meta name=\"twitter:creator\" content=\"@24gliwice\" \/>\n<meta name=\"twitter:site\" content=\"@24gliwice\" \/>\n<meta name=\"twitter:label1\" content=\"Napisane przez\" \/>\n\t<meta name=\"twitter:data1\" content=\"\u017baneta Mrozek-Siewierska\" \/>\n\t<meta name=\"twitter:label2\" content=\"Szacowany czas czytania\" \/>\n\t<meta name=\"twitter:data2\" content=\"3 minuty\" \/>\n<script type=\"application\/ld+json\" class=\"yoast-schema-graph\">{\"@context\":\"https:\\\/\\\/schema.org\",\"@graph\":[{\"@type\":\"Article\",\"@id\":\"https:\\\/\\\/www.24gliwice.pl\\\/wiadomosci\\\/warsztaty-pokazy-mozliwosc-poznania-oferty-oraz-wykladowcow-dni-otwarte-na-politechnice-slaskiej\\\/#article\",\"isPartOf\":{\"@id\":\"https:\\\/\\\/www.24gliwice.pl\\\/wiadomosci\\\/warsztaty-pokazy-mozliwosc-poznania-oferty-oraz-wykladowcow-dni-otwarte-na-politechnice-slaskiej\\\/\"},\"author\":{\"name\":\"\u017baneta Mrozek-Siewierska\",\"@id\":\"https:\\\/\\\/www.24gliwice.pl\\\/wiadomosci\\\/#\\\/schema\\\/person\\\/e42c650edd7f2fa332be3811fb166b6e\"},\"headline\":\"Warsztaty, pokazy, mo\u017cliwo\u015b\u0107 poznania oferty oraz wyk\u0142adowc\u00f3w. Dni Otwarte na Politechnice \u015al\u0105skiej\",\"datePublished\":\"2026-03-09T23:38:25+00:00\",\"mainEntityOfPage\":{\"@id\":\"https:\\\/\\\/www.24gliwice.pl\\\/wiadomosci\\\/warsztaty-pokazy-mozliwosc-poznania-oferty-oraz-wykladowcow-dni-otwarte-na-politechnice-slaskiej\\\/\"},\"wordCount\":373,\"commentCount\":1,\"publisher\":{\"@id\":\"https:\\\/\\\/www.24gliwice.pl\\\/wiadomosci\\\/#organization\"},\"image\":{\"@id\":\"https:\\\/\\\/www.24gliwice.pl\\\/wiadomosci\\\/warsztaty-pokazy-mozliwosc-poznania-oferty-oraz-wykladowcow-dni-otwarte-na-politechnice-slaskiej\\\/#primaryimage\"},\"thumbnailUrl\":\"https:\\\/\\\/www.24gliwice.pl\\\/wiadomosci\\\/wp-content\\\/uploads\\\/2024\\\/03\\\/polsl-politechnika-akademicka.jpg\",\"keywords\":[\"dni otwarte\",\"POLITECHNIKA\"],\"articleSection\":[\"Gliwice\",\"Najnowsze wiadomo\u015bci\"],\"inLanguage\":\"pl-PL\",\"potentialAction\":[{\"@type\":\"CommentAction\",\"name\":\"Comment\",\"target\":[\"https:\\\/\\\/www.24gliwice.pl\\\/wiadomosci\\\/warsztaty-pokazy-mozliwosc-poznania-oferty-oraz-wykladowcow-dni-otwarte-na-politechnice-slaskiej\\\/#respond\"]}]},{\"@type\":\"WebPage\",\"@id\":\"https:\\\/\\\/www.24gliwice.pl\\\/wiadomosci\\\/warsztaty-pokazy-mozliwosc-poznania-oferty-oraz-wykladowcow-dni-otwarte-na-politechnice-slaskiej\\\/\",\"url\":\"https:\\\/\\\/www.24gliwice.pl\\\/wiadomosci\\\/warsztaty-pokazy-mozliwosc-poznania-oferty-oraz-wykladowcow-dni-otwarte-na-politechnice-slaskiej\\\/\",\"name\":\"Warsztaty, pokazy, mo\u017cliwo\u015b\u0107 poznania oferty oraz wyk\u0142adowc\u00f3w. Dni Otwarte na Politechnice \u015al\u0105skiej - 24GLIWICE - Portal Gliwice | codziennie nowe informacje\",\"isPartOf\":{\"@id\":\"https:\\\/\\\/www.24gliwice.pl\\\/wiadomosci\\\/#website\"},\"primaryImageOfPage\":{\"@id\":\"https:\\\/\\\/www.24gliwice.pl\\\/wiadomosci\\\/warsztaty-pokazy-mozliwosc-poznania-oferty-oraz-wykladowcow-dni-otwarte-na-politechnice-slaskiej\\\/#primaryimage\"},\"image\":{\"@id\":\"https:\\\/\\\/www.24gliwice.pl\\\/wiadomosci\\\/warsztaty-pokazy-mozliwosc-poznania-oferty-oraz-wykladowcow-dni-otwarte-na-politechnice-slaskiej\\\/#primaryimage\"},\"thumbnailUrl\":\"https:\\\/\\\/www.24gliwice.pl\\\/wiadomosci\\\/wp-content\\\/uploads\\\/2024\\\/03\\\/polsl-politechnika-akademicka.jpg\",\"datePublished\":\"2026-03-09T23:38:25+00:00\",\"description\":\"Mi\u0119dzy 10 a 13 marca odb\u0119d\u0105 si\u0119 Dni Otwarte Politechniki \u015al\u0105skiej. W poszczeg\u00f3lne dni dla uczni\u00f3w udost\u0119pniane b\u0119d\u0105 kolejne kampusy\",\"breadcrumb\":{\"@id\":\"https:\\\/\\\/www.24gliwice.pl\\\/wiadomosci\\\/warsztaty-pokazy-mozliwosc-poznania-oferty-oraz-wykladowcow-dni-otwarte-na-politechnice-slaskiej\\\/#breadcrumb\"},\"inLanguage\":\"pl-PL\",\"potentialAction\":[{\"@type\":\"ReadAction\",\"target\":[\"https:\\\/\\\/www.24gliwice.pl\\\/wiadomosci\\\/warsztaty-pokazy-mozliwosc-poznania-oferty-oraz-wykladowcow-dni-otwarte-na-politechnice-slaskiej\\\/\"]}]},{\"@type\":\"ImageObject\",\"inLanguage\":\"pl-PL\",\"@id\":\"https:\\\/\\\/www.24gliwice.pl\\\/wiadomosci\\\/warsztaty-pokazy-mozliwosc-poznania-oferty-oraz-wykladowcow-dni-otwarte-na-politechnice-slaskiej\\\/#primaryimage\",\"url\":\"https:\\\/\\\/www.24gliwice.pl\\\/wiadomosci\\\/wp-content\\\/uploads\\\/2024\\\/03\\\/polsl-politechnika-akademicka.jpg\",\"contentUrl\":\"https:\\\/\\\/www.24gliwice.pl\\\/wiadomosci\\\/wp-content\\\/uploads\\\/2024\\\/03\\\/polsl-politechnika-akademicka.jpg\",\"width\":769,\"height\":433},{\"@type\":\"BreadcrumbList\",\"@id\":\"https:\\\/\\\/www.24gliwice.pl\\\/wiadomosci\\\/warsztaty-pokazy-mozliwosc-poznania-oferty-oraz-wykladowcow-dni-otwarte-na-politechnice-slaskiej\\\/#breadcrumb\",\"itemListElement\":[{\"@type\":\"ListItem\",\"position\":1,\"name\":\"Strona g\u0142\u00f3wna\",\"item\":\"https:\\\/\\\/www.24gliwice.pl\\\/wiadomosci\\\/\"},{\"@type\":\"ListItem\",\"position\":2,\"name\":\"Warsztaty, pokazy, mo\u017cliwo\u015b\u0107 poznania oferty oraz wyk\u0142adowc\u00f3w. Dni Otwarte na Politechnice \u015al\u0105skiej\"}]},{\"@type\":\"WebSite\",\"@id\":\"https:\\\/\\\/www.24gliwice.pl\\\/wiadomosci\\\/#website\",\"url\":\"https:\\\/\\\/www.24gliwice.pl\\\/wiadomosci\\\/\",\"name\":\"24GLIWICE - Portal Gliwice | codziennie nowe wiadomo\u015bci\",\"description\":\"Portal Miejski Gliwice\",\"publisher\":{\"@id\":\"https:\\\/\\\/www.24gliwice.pl\\\/wiadomosci\\\/#organization\"},\"potentialAction\":[{\"@type\":\"SearchAction\",\"target\":{\"@type\":\"EntryPoint\",\"urlTemplate\":\"https:\\\/\\\/www.24gliwice.pl\\\/wiadomosci\\\/?s={search_term_string}\"},\"query-input\":{\"@type\":\"PropertyValueSpecification\",\"valueRequired\":true,\"valueName\":\"search_term_string\"}}],\"inLanguage\":\"pl-PL\"},{\"@type\":\"Organization\",\"@id\":\"https:\\\/\\\/www.24gliwice.pl\\\/wiadomosci\\\/#organization\",\"name\":\"24gliwice\",\"url\":\"https:\\\/\\\/www.24gliwice.pl\\\/wiadomosci\\\/\",\"logo\":{\"@type\":\"ImageObject\",\"inLanguage\":\"pl-PL\",\"@id\":\"https:\\\/\\\/www.24gliwice.pl\\\/wiadomosci\\\/#\\\/schema\\\/logo\\\/image\\\/\",\"url\":\"https:\\\/\\\/www.24gliwice.pl\\\/wiadomosci\\\/wp-content\\\/uploads\\\/2024\\\/10\\\/24gliwice-logo-696.jpg\",\"contentUrl\":\"https:\\\/\\\/www.24gliwice.pl\\\/wiadomosci\\\/wp-content\\\/uploads\\\/2024\\\/10\\\/24gliwice-logo-696.jpg\",\"width\":696,\"height\":696,\"caption\":\"24gliwice\"},\"image\":{\"@id\":\"https:\\\/\\\/www.24gliwice.pl\\\/wiadomosci\\\/#\\\/schema\\\/logo\\\/image\\\/\"},\"sameAs\":[\"https:\\\/\\\/www.facebook.com\\\/24gliwice\",\"https:\\\/\\\/x.com\\\/24gliwice\",\"https:\\\/\\\/www.youtube.com\\\/@24gliwice\"]},{\"@type\":\"Person\",\"@id\":\"https:\\\/\\\/www.24gliwice.pl\\\/wiadomosci\\\/#\\\/schema\\\/person\\\/e42c650edd7f2fa332be3811fb166b6e\",\"name\":\"\u017baneta Mrozek-Siewierska\",\"image\":{\"@type\":\"ImageObject\",\"inLanguage\":\"pl-PL\",\"@id\":\"https:\\\/\\\/secure.gravatar.com\\\/avatar\\\/1881429e9c64597c77ad7aef2d0a19be69a3253e57534d16aa15bf3a4d34a0a3?s=96&d=mm&r=g\",\"url\":\"https:\\\/\\\/secure.gravatar.com\\\/avatar\\\/1881429e9c64597c77ad7aef2d0a19be69a3253e57534d16aa15bf3a4d34a0a3?s=96&d=mm&r=g\",\"contentUrl\":\"https:\\\/\\\/secure.gravatar.com\\\/avatar\\\/1881429e9c64597c77ad7aef2d0a19be69a3253e57534d16aa15bf3a4d34a0a3?s=96&d=mm&r=g\",\"caption\":\"\u017baneta Mrozek-Siewierska\"},\"url\":\"https:\\\/\\\/www.24gliwice.pl\\\/wiadomosci\\\/author\\\/zms\\\/\"}]}<\/script>\n<!-- \/ Yoast SEO plugin. -->","yoast_head_json":{"title":"Warsztaty, pokazy, mo\u017cliwo\u015b\u0107 poznania oferty oraz wyk\u0142adowc\u00f3w. Dni Otwarte na Politechnice \u015al\u0105skiej - 24GLIWICE - Portal Gliwice | codziennie nowe informacje","description":"Mi\u0119dzy 10 a 13 marca odb\u0119d\u0105 si\u0119 Dni Otwarte Politechniki \u015al\u0105skiej. W poszczeg\u00f3lne dni dla uczni\u00f3w udost\u0119pniane b\u0119d\u0105 kolejne kampusy","robots":{"index":"index","follow":"follow","max-snippet":"max-snippet:-1","max-image-preview":"max-image-preview:large","max-video-preview":"max-video-preview:-1"},"canonical":"https:\/\/www.24gliwice.pl\/wiadomosci\/warsztaty-pokazy-mozliwosc-poznania-oferty-oraz-wykladowcow-dni-otwarte-na-politechnice-slaskiej\/","og_locale":"pl_PL","og_type":"article","og_title":"Warsztaty, pokazy, mo\u017cliwo\u015b\u0107 poznania oferty oraz wyk\u0142adowc\u00f3w. Dni Otwarte na Politechnice \u015al\u0105skiej - 24GLIWICE - Portal Gliwice | codziennie nowe informacje","og_description":"Mi\u0119dzy 10 a 13 marca odb\u0119d\u0105 si\u0119 Dni Otwarte Politechniki \u015al\u0105skiej. W poszczeg\u00f3lne dni dla uczni\u00f3w udost\u0119pniane b\u0119d\u0105 kolejne kampusy","og_url":"https:\/\/www.24gliwice.pl\/wiadomosci\/warsztaty-pokazy-mozliwosc-poznania-oferty-oraz-wykladowcow-dni-otwarte-na-politechnice-slaskiej\/","og_site_name":"24GLIWICE - Portal Gliwice | codziennie nowe informacje","article_publisher":"https:\/\/www.facebook.com\/24gliwice","article_published_time":"2026-03-09T23:38:25+00:00","og_image":[{"width":769,"height":433,"url":"https:\/\/www.24gliwice.pl\/wiadomosci\/wp-content\/uploads\/2024\/03\/polsl-politechnika-akademicka.jpg","type":"image\/jpeg"}],"author":"\u017baneta Mrozek-Siewierska","twitter_card":"summary_large_image","twitter_creator":"@24gliwice","twitter_site":"@24gliwice","twitter_misc":{"Napisane przez":"\u017baneta Mrozek-Siewierska","Szacowany czas czytania":"3 minuty"},"schema":{"@context":"https:\/\/schema.org","@graph":[{"@type":"Article","@id":"https:\/\/www.24gliwice.pl\/wiadomosci\/warsztaty-pokazy-mozliwosc-poznania-oferty-oraz-wykladowcow-dni-otwarte-na-politechnice-slaskiej\/#article","isPartOf":{"@id":"https:\/\/www.24gliwice.pl\/wiadomosci\/warsztaty-pokazy-mozliwosc-poznania-oferty-oraz-wykladowcow-dni-otwarte-na-politechnice-slaskiej\/"},"author":{"name":"\u017baneta Mrozek-Siewierska","@id":"https:\/\/www.24gliwice.pl\/wiadomosci\/#\/schema\/person\/e42c650edd7f2fa332be3811fb166b6e"},"headline":"Warsztaty, pokazy, mo\u017cliwo\u015b\u0107 poznania oferty oraz wyk\u0142adowc\u00f3w. Dni Otwarte na Politechnice \u015al\u0105skiej","datePublished":"2026-03-09T23:38:25+00:00","mainEntityOfPage":{"@id":"https:\/\/www.24gliwice.pl\/wiadomosci\/warsztaty-pokazy-mozliwosc-poznania-oferty-oraz-wykladowcow-dni-otwarte-na-politechnice-slaskiej\/"},"wordCount":373,"commentCount":1,"publisher":{"@id":"https:\/\/www.24gliwice.pl\/wiadomosci\/#organization"},"image":{"@id":"https:\/\/www.24gliwice.pl\/wiadomosci\/warsztaty-pokazy-mozliwosc-poznania-oferty-oraz-wykladowcow-dni-otwarte-na-politechnice-slaskiej\/#primaryimage"},"thumbnailUrl":"https:\/\/www.24gliwice.pl\/wiadomosci\/wp-content\/uploads\/2024\/03\/polsl-politechnika-akademicka.jpg","keywords":["dni otwarte","POLITECHNIKA"],"articleSection":["Gliwice","Najnowsze wiadomo\u015bci"],"inLanguage":"pl-PL","potentialAction":[{"@type":"CommentAction","name":"Comment","target":["https:\/\/www.24gliwice.pl\/wiadomosci\/warsztaty-pokazy-mozliwosc-poznania-oferty-oraz-wykladowcow-dni-otwarte-na-politechnice-slaskiej\/#respond"]}]},{"@type":"WebPage","@id":"https:\/\/www.24gliwice.pl\/wiadomosci\/warsztaty-pokazy-mozliwosc-poznania-oferty-oraz-wykladowcow-dni-otwarte-na-politechnice-slaskiej\/","url":"https:\/\/www.24gliwice.pl\/wiadomosci\/warsztaty-pokazy-mozliwosc-poznania-oferty-oraz-wykladowcow-dni-otwarte-na-politechnice-slaskiej\/","name":"Warsztaty, pokazy, mo\u017cliwo\u015b\u0107 poznania oferty oraz wyk\u0142adowc\u00f3w. Dni Otwarte na Politechnice \u015al\u0105skiej - 24GLIWICE - Portal Gliwice | codziennie nowe informacje","isPartOf":{"@id":"https:\/\/www.24gliwice.pl\/wiadomosci\/#website"},"primaryImageOfPage":{"@id":"https:\/\/www.24gliwice.pl\/wiadomosci\/warsztaty-pokazy-mozliwosc-poznania-oferty-oraz-wykladowcow-dni-otwarte-na-politechnice-slaskiej\/#primaryimage"},"image":{"@id":"https:\/\/www.24gliwice.pl\/wiadomosci\/warsztaty-pokazy-mozliwosc-poznania-oferty-oraz-wykladowcow-dni-otwarte-na-politechnice-slaskiej\/#primaryimage"},"thumbnailUrl":"https:\/\/www.24gliwice.pl\/wiadomosci\/wp-content\/uploads\/2024\/03\/polsl-politechnika-akademicka.jpg","datePublished":"2026-03-09T23:38:25+00:00","description":"Mi\u0119dzy 10 a 13 marca odb\u0119d\u0105 si\u0119 Dni Otwarte Politechniki \u015al\u0105skiej. W poszczeg\u00f3lne dni dla uczni\u00f3w udost\u0119pniane b\u0119d\u0105 kolejne kampusy","breadcrumb":{"@id":"https:\/\/www.24gliwice.pl\/wiadomosci\/warsztaty-pokazy-mozliwosc-poznania-oferty-oraz-wykladowcow-dni-otwarte-na-politechnice-slaskiej\/#breadcrumb"},"inLanguage":"pl-PL","potentialAction":[{"@type":"ReadAction","target":["https:\/\/www.24gliwice.pl\/wiadomosci\/warsztaty-pokazy-mozliwosc-poznania-oferty-oraz-wykladowcow-dni-otwarte-na-politechnice-slaskiej\/"]}]},{"@type":"ImageObject","inLanguage":"pl-PL","@id":"https:\/\/www.24gliwice.pl\/wiadomosci\/warsztaty-pokazy-mozliwosc-poznania-oferty-oraz-wykladowcow-dni-otwarte-na-politechnice-slaskiej\/#primaryimage","url":"https:\/\/www.24gliwice.pl\/wiadomosci\/wp-content\/uploads\/2024\/03\/polsl-politechnika-akademicka.jpg","contentUrl":"https:\/\/www.24gliwice.pl\/wiadomosci\/wp-content\/uploads\/2024\/03\/polsl-politechnika-akademicka.jpg","width":769,"height":433},{"@type":"BreadcrumbList","@id":"https:\/\/www.24gliwice.pl\/wiadomosci\/warsztaty-pokazy-mozliwosc-poznania-oferty-oraz-wykladowcow-dni-otwarte-na-politechnice-slaskiej\/#breadcrumb","itemListElement":[{"@type":"ListItem","position":1,"name":"Strona g\u0142\u00f3wna","item":"https:\/\/www.24gliwice.pl\/wiadomosci\/"},{"@type":"ListItem","position":2,"name":"Warsztaty, pokazy, mo\u017cliwo\u015b\u0107 poznania oferty oraz wyk\u0142adowc\u00f3w. Dni Otwarte na Politechnice \u015al\u0105skiej"}]},{"@type":"WebSite","@id":"https:\/\/www.24gliwice.pl\/wiadomosci\/#website","url":"https:\/\/www.24gliwice.pl\/wiadomosci\/","name":"24GLIWICE - Portal Gliwice | codziennie nowe wiadomo\u015bci","description":"Portal Miejski Gliwice","publisher":{"@id":"https:\/\/www.24gliwice.pl\/wiadomosci\/#organization"},"potentialAction":[{"@type":"SearchAction","target":{"@type":"EntryPoint","urlTemplate":"https:\/\/www.24gliwice.pl\/wiadomosci\/?s={search_term_string}"},"query-input":{"@type":"PropertyValueSpecification","valueRequired":true,"valueName":"search_term_string"}}],"inLanguage":"pl-PL"},{"@type":"Organization","@id":"https:\/\/www.24gliwice.pl\/wiadomosci\/#organization","name":"24gliwice","url":"https:\/\/www.24gliwice.pl\/wiadomosci\/","logo":{"@type":"ImageObject","inLanguage":"pl-PL","@id":"https:\/\/www.24gliwice.pl\/wiadomosci\/#\/schema\/logo\/image\/","url":"https:\/\/www.24gliwice.pl\/wiadomosci\/wp-content\/uploads\/2024\/10\/24gliwice-logo-696.jpg","contentUrl":"https:\/\/www.24gliwice.pl\/wiadomosci\/wp-content\/uploads\/2024\/10\/24gliwice-logo-696.jpg","width":696,"height":696,"caption":"24gliwice"},"image":{"@id":"https:\/\/www.24gliwice.pl\/wiadomosci\/#\/schema\/logo\/image\/"},"sameAs":["https:\/\/www.facebook.com\/24gliwice","https:\/\/x.com\/24gliwice","https:\/\/www.youtube.com\/@24gliwice"]},{"@type":"Person","@id":"https:\/\/www.24gliwice.pl\/wiadomosci\/#\/schema\/person\/e42c650edd7f2fa332be3811fb166b6e","name":"\u017baneta Mrozek-Siewierska","image":{"@type":"ImageObject","inLanguage":"pl-PL","@id":"https:\/\/secure.gravatar.com\/avatar\/1881429e9c64597c77ad7aef2d0a19be69a3253e57534d16aa15bf3a4d34a0a3?s=96&d=mm&r=g","url":"https:\/\/secure.gravatar.com\/avatar\/1881429e9c64597c77ad7aef2d0a19be69a3253e57534d16aa15bf3a4d34a0a3?s=96&d=mm&r=g","contentUrl":"https:\/\/secure.gravatar.com\/avatar\/1881429e9c64597c77ad7aef2d0a19be69a3253e57534d16aa15bf3a4d34a0a3?s=96&d=mm&r=g","caption":"\u017baneta Mrozek-Siewierska"},"url":"https:\/\/www.24gliwice.pl\/wiadomosci\/author\/zms\/"}]}},"_links":{"self":[{"href":"https:\/\/www.24gliwice.pl\/wiadomosci\/wp-json\/wp\/v2\/posts\/267628","targetHints":{"allow":["GET"]}}],"collection":[{"href":"https:\/\/www.24gliwice.pl\/wiadomosci\/wp-json\/wp\/v2\/posts"}],"about":[{"href":"https:\/\/www.24gliwice.pl\/wiadomosci\/wp-json\/wp\/v2\/types\/post"}],"author":[{"embeddable":true,"href":"https:\/\/www.24gliwice.pl\/wiadomosci\/wp-json\/wp\/v2\/users\/15"}],"replies":[{"embeddable":true,"href":"https:\/\/www.24gliwice.pl\/wiadomosci\/wp-json\/wp\/v2\/comments?post=267628"}],"version-history":[{"count":0,"href":"https:\/\/www.24gliwice.pl\/wiadomosci\/wp-json\/wp\/v2\/posts\/267628\/revisions"}],"wp:featuredmedia":[{"embeddable":true,"href":"https:\/\/www.24gliwice.pl\/wiadomosci\/wp-json\/wp\/v2\/media\/232734"}],"wp:attachment":[{"href":"https:\/\/www.24gliwice.pl\/wiadomosci\/wp-json\/wp\/v2\/media?parent=267628"}],"wp:term":[{"taxonomy":"category","embeddable":true,"href":"https:\/\/www.24gliwice.pl\/wiadomosci\/wp-json\/wp\/v2\/categories?post=267628"},{"taxonomy":"post_tag","embeddable":true,"href":"https:\/\/www.24gliwice.pl\/wiadomosci\/wp-json\/wp\/v2\/tags?post=267628"}],"curies":[{"name":"wp","href":"https:\/\/api.w.org\/{rel}","templated":true}]}}