{"id":267632,"date":"2026-03-09T17:02:26","date_gmt":"2026-03-09T16:02:26","guid":{"rendered":"https:\/\/www.24gliwice.pl\/wiadomosci\/?p=267632"},"modified":"2026-03-09T17:02:56","modified_gmt":"2026-03-09T16:02:56","slug":"bmw-z-usa-a-wersja-europejska-jakie-sa-roznice","status":"publish","type":"post","link":"https:\/\/www.24gliwice.pl\/wiadomosci\/bmw-z-usa-a-wersja-europejska-jakie-sa-roznice\/","title":{"rendered":"BMW z USA a wersja europejska &#8211; jakie s\u0105 r\u00f3\u017cnice?"},"content":{"rendered":"<h4>BMW z USA to samoch\u00f3d dostosowany do ameryka\u0144skich norm technicznych, wyposa\u017cenia i homologacji, dlatego przed zakupem warto sprawdzi\u0107 nie tylko cen\u0119, ale te\u017c zgodno\u015b\u0107 auta z wymaganiami rynku europejskiego. To kluczowe zw\u0142aszcza wtedy, gdy liczy si\u0119 bezproblemowa rejestracja, realny koszt napraw i p\u00f3\u017aniejsza warto\u015b\u0107 auta.<\/h4>\n<p><!--more--><\/p>\n<hr>\n<p>Na pierwszy rzut oka r\u00f3\u017cnice mog\u0105 wydawa\u0107 si\u0119 niewielkie. W praktyce dotycz\u0105 jednak o\u015bwietlenia, licznik\u00f3w, wyposa\u017cenia, historii szk\u00f3d, a czasem tak\u017ce specyfikacji silnika czy elektroniki. Dlatego zakup importowanego <strong>BMW z USA<\/strong> powinien opiera\u0107 si\u0119 na danych, a nie wy\u0142\u0105cznie na atrakcyjnej ofercie.<\/p>\n<h2>Czym r\u00f3\u017cni si\u0119 BMW z rynku USA od wersji europejskiej?<\/h2>\n<p>Najpro\u015bciej m\u00f3wi\u0105c: wersja ameryka\u0144ska powstaje pod inne przepisy i oczekiwania u\u017cytkownik\u00f3w. To oznacza, \u017ce <strong><a href=\"https:\/\/amcarsimport.pl\/oferta\/bmw-z-usa\/\">BMW z USA<\/a>\u00a0<\/strong>mo\u017ce mie\u0107 inne lampy, inne oznaczenia na zegarach, inn\u0105 konfiguracj\u0119 multimedi\u00f3w oraz odmienny zakres wyposa\u017cenia seryjnego.<\/p>\n<p>Najcz\u0119stsze r\u00f3\u017cnice obejmuj\u0105:<\/p>\n<ul>\n<li>\n<p>tylne i przednie o\u015bwietlenie zgodne z normami USA,<\/p>\n<\/li>\n<li>\n<p>licznik wyskalowany g\u0142\u00f3wnie w milach,<\/p>\n<\/li>\n<li>\n<p>inne kodowanie system\u00f3w pok\u0142adowych,<\/p>\n<\/li>\n<li>\n<p>wyposa\u017cenie skonfigurowane pod rynek ameryka\u0144ski,<\/p>\n<\/li>\n<li>\n<p>odmienn\u0105 histori\u0119 serwisow\u0105 i ubezpieczeniow\u0105.<\/p>\n<\/li>\n<\/ul>\n<p>Dla kupuj\u0105cego najwa\u017cniejsze jest jedno: auto trzeba oceni\u0107 ca\u0142o\u015bciowo, nie tylko po roczniku i przebiegu.<\/p>\n<h2>BMW z USA &#8211; najwa\u017cniejsze r\u00f3\u017cnice techniczne i formalne<\/h2>\n<h3>O\u015bwietlenie, liczniki i homologacja<\/h3>\n<p>To pierwszy obszar, kt\u00f3ry ma znaczenie przy rejestracji. W wielu egzemplarzach konieczna jest modyfikacja lamp lub ich wymiana na wersj\u0119 dopuszczon\u0105 w Europie. Dochodzi do tego kwestia tylnego \u015bwiat\u0142a przeciwmgielnego oraz oznacze\u0144 homologacyjnych.<\/p>\n<p>Warto te\u017c sprawdzi\u0107:<\/p>\n<ul>\n<li>\n<p>czy licznik pokazuje km\/h w czytelny spos\u00f3b,<\/p>\n<\/li>\n<li>\n<p>czy auto wymaga zmian w sterownikach,<\/p>\n<\/li>\n<li>\n<p>czy dokumentacja importowa jest kompletna.<br \/>\u00a0<\/p>\n<\/li>\n<\/ul>\n<h3>Historia szk\u00f3d i realny stan auta<\/h3>\n<p>Na rynku ameryka\u0144skim wiele pojazd\u00f3w trafia na aukcje po kolizjach, zalaniach albo szkodach ca\u0142kowitych. Nie oznacza to automatycznie z\u0142ego zakupu, ale oznacza konieczno\u015b\u0107 rzetelnej weryfikacji. Profesjonalna firma potrafi odczyta\u0107 histori\u0119 aukcyjn\u0105, zdj\u0119cia sprzed naprawy i zakres uszkodze\u0144. To w\u0142a\u015bnie ten etap najcz\u0119\u015bciej decyduje, czy oszcz\u0119dno\u015b\u0107 jest rzeczywista.<\/p>\n<h2>Kiedy import BMW z USA naprawd\u0119 si\u0119 op\u0142aca?<\/h2>\n<p>Zakup ma sens wtedy, gdy r\u00f3\u017cnica cenowa nie ko\u0144czy si\u0119 na cenie zakupu. Trzeba uwzgl\u0119dni\u0107 transport, c\u0142o, akcyz\u0119, VAT, naprawy, dostosowanie auta do norm UE oraz rejestracj\u0119.<\/p>\n<p>Kr\u00f3tka checklista przed decyzj\u0105:<\/p>\n<ul>\n<li>\n<p>sprawdzenie VIN i historii szk\u00f3d,<\/p>\n<\/li>\n<li>\n<p>analiza koszt\u00f3w importu i napraw,<\/p>\n<\/li>\n<li>\n<p>ocena dost\u0119pno\u015bci cz\u0119\u015bci,<\/p>\n<\/li>\n<li>\n<p>weryfikacja mo\u017cliwo\u015bci homologacji,<\/p>\n<\/li>\n<li>\n<p>por\u00f3wnanie z cen\u0105 europejskiego odpowiednika.<br \/>\u00a0<\/p>\n<\/li>\n<\/ul>\n<p>Dobrze przeprowadzony import daje dost\u0119p do ciekawych konfiguracji i atrakcyjnych cen. \u0179le przeprowadzony generuje koszty, kt\u00f3rych nie wida\u0107 w og\u0142oszeniu.<\/p>\n<h2>Dlaczego wsparcie eksperta ma tu realn\u0105 warto\u015b\u0107?<\/h2>\n<p>W przypadku aut premium do\u015bwiadczenie naprawd\u0119 pracuje na wynik. Specjalista nie tylko oceni stan pojazdu, ale te\u017c wska\u017ce, czy dany egzemplarz ma sens biznesowy i u\u017cytkowy. To wa\u017cne, bo przy BMW liczy si\u0119 nie tylko zakup, lecz tak\u017ce przysz\u0142a eksploatacja, serwis i odsprzeda\u017c. Po\u015brednik, kt\u00f3ra zna si\u0119 na imporcie aut z USA, staje si\u0119 partnerem w decyzji.<\/p>\n<h2>BMW z USA &#8211; \u015awiadomy wyb\u00f3r zamiast kosztownej niespodzianki<\/h2>\n<p><strong>BMW z rynku USA<\/strong> mo\u017ce by\u0107 bardzo dobr\u0105 alternatyw\u0105 dla wersji europejskiej, ale tylko wtedy, gdy r\u00f3\u017cnice techniczne i formalne zosta\u0142y dok\u0142adnie przeanalizowane. Najwi\u0119ksz\u0105 przewag\u0105 kupuj\u0105cego jest dzi\u015b dost\u0119p do danych, historii i eksperckiej weryfikacji. A w\u0142a\u015bnie to pozwala zamieni\u0107 atrakcyjn\u0105 ofert\u0119 w bezpieczny zakup.<\/p>\n<h2>BMW z USA &#8211; AMCars Import<\/h2>\n<p>Adres:<br \/>Otmuchowska 21, 48-300 Nysa<\/p>\n<p>Telefon:<br \/>+48 881 033 715<\/p>\n<p>Strona WWW:<br \/>https:\/\/amcarsimport.pl\/<\/p>\n<div id=\"gliwi-2551658849\"><div class=\"gliwi-adlabel\"><span style=\"font-size: 9px\">REKLAMA<\/span><\/div><small>materia\u0142 partnera | <a href=\"https:\/\/www.24gliwice.pl\/wiadomosci\/material-partnera-warunki\/\" target=\"_blank\" rel=\"noopener\">informacja<\/a><\/small><\/div>\n","protected":false},"excerpt":{"rendered":"<p>BMW z USA to samoch\u00f3d dostosowany do ameryka\u0144skich norm technicznych, wyposa\u017cenia i homologacji, dlatego przed zakupem warto sprawdzi\u0107 nie tylko cen\u0119, ale te\u017c zgodno\u015b\u0107 auta z wymaganiami rynku europejskiego. To kluczowe zw\u0142aszcza wtedy, gdy liczy si\u0119 bezproblemowa rejestracja, realny koszt napraw i p\u00f3\u017aniejsza warto\u015b\u0107 auta.<\/p>\n","protected":false},"author":4,"featured_media":267633,"comment_status":"closed","ping_status":"closed","sticky":false,"template":"","format":"standard","meta":{"_monsterinsights_skip_tracking":false,"_monsterinsights_sitenote_active":false,"_monsterinsights_sitenote_note":"","_monsterinsights_sitenote_category":0,"footnotes":"","_links_to":"","_links_to_target":""},"categories":[22470],"tags":[],"class_list":["post-267632","post","type-post","status-publish","format-standard","has-post-thumbnail","hentry","category-material_p"],"yoast_head":"<!-- This site is optimized with the Yoast SEO plugin v27.5 - https:\/\/yoast.com\/product\/yoast-seo-wordpress\/ -->\n<title>BMW z USA a wersja europejska - jakie s\u0105 r\u00f3\u017cnice? - 24GLIWICE - Portal Gliwice | codziennie nowe informacje<\/title>\n<meta name=\"robots\" content=\"index, follow, max-snippet:-1, max-image-preview:large, max-video-preview:-1\" \/>\n<link rel=\"canonical\" href=\"https:\/\/www.24gliwice.pl\/wiadomosci\/bmw-z-usa-a-wersja-europejska-jakie-sa-roznice\/\" \/>\n<meta property=\"og:locale\" content=\"pl_PL\" \/>\n<meta property=\"og:type\" content=\"article\" \/>\n<meta property=\"og:title\" content=\"BMW z USA a wersja europejska - jakie s\u0105 r\u00f3\u017cnice? - 24GLIWICE - Portal Gliwice | codziennie nowe informacje\" \/>\n<meta property=\"og:description\" content=\"BMW z USA to samoch\u00f3d dostosowany do ameryka\u0144skich norm technicznych, wyposa\u017cenia i homologacji, dlatego przed zakupem warto sprawdzi\u0107 nie tylko cen\u0119, ale te\u017c zgodno\u015b\u0107 auta z wymaganiami rynku europejskiego. To kluczowe zw\u0142aszcza wtedy, gdy liczy si\u0119 bezproblemowa rejestracja, realny koszt napraw i p\u00f3\u017aniejsza warto\u015b\u0107 auta.\" \/>\n<meta property=\"og:url\" content=\"https:\/\/www.24gliwice.pl\/wiadomosci\/bmw-z-usa-a-wersja-europejska-jakie-sa-roznice\/\" \/>\n<meta property=\"og:site_name\" content=\"24GLIWICE - Portal Gliwice | codziennie nowe informacje\" \/>\n<meta property=\"article:publisher\" content=\"https:\/\/www.facebook.com\/24gliwice\" \/>\n<meta property=\"article:author\" content=\"https:\/\/www.facebook.com\/marcin.fabrykowski\" \/>\n<meta property=\"article:published_time\" content=\"2026-03-09T16:02:26+00:00\" \/>\n<meta property=\"article:modified_time\" content=\"2026-03-09T16:02:56+00:00\" \/>\n<meta property=\"og:image\" content=\"https:\/\/www.24gliwice.pl\/wiadomosci\/wp-content\/uploads\/2026\/03\/BMW-z-USA-AMCars-Import.jpg\" \/>\n\t<meta property=\"og:image:width\" content=\"810\" \/>\n\t<meta property=\"og:image:height\" content=\"423\" \/>\n\t<meta property=\"og:image:type\" content=\"image\/jpeg\" \/>\n<meta name=\"author\" content=\"Marcin Fabrykowski\" \/>\n<meta name=\"twitter:card\" content=\"summary_large_image\" \/>\n<meta name=\"twitter:creator\" content=\"@24gliwice\" \/>\n<meta name=\"twitter:site\" content=\"@24gliwice\" \/>\n<meta name=\"twitter:label1\" content=\"Napisane przez\" \/>\n\t<meta name=\"twitter:data1\" content=\"Marcin Fabrykowski\" \/>\n\t<meta name=\"twitter:label2\" content=\"Szacowany czas czytania\" \/>\n\t<meta name=\"twitter:data2\" content=\"1 minuta\" \/>\n<script type=\"application\/ld+json\" class=\"yoast-schema-graph\">{\"@context\":\"https:\\\/\\\/schema.org\",\"@graph\":[{\"@type\":\"Article\",\"@id\":\"https:\\\/\\\/www.24gliwice.pl\\\/wiadomosci\\\/bmw-z-usa-a-wersja-europejska-jakie-sa-roznice\\\/#article\",\"isPartOf\":{\"@id\":\"https:\\\/\\\/www.24gliwice.pl\\\/wiadomosci\\\/bmw-z-usa-a-wersja-europejska-jakie-sa-roznice\\\/\"},\"author\":{\"name\":\"Marcin Fabrykowski\",\"@id\":\"https:\\\/\\\/www.24gliwice.pl\\\/wiadomosci\\\/#\\\/schema\\\/person\\\/cb5857e4a4d048c15984c1edcc8ef0c0\"},\"headline\":\"BMW z USA a wersja europejska &#8211; jakie s\u0105 r\u00f3\u017cnice?\",\"datePublished\":\"2026-03-09T16:02:26+00:00\",\"dateModified\":\"2026-03-09T16:02:56+00:00\",\"mainEntityOfPage\":{\"@id\":\"https:\\\/\\\/www.24gliwice.pl\\\/wiadomosci\\\/bmw-z-usa-a-wersja-europejska-jakie-sa-roznice\\\/\"},\"wordCount\":609,\"publisher\":{\"@id\":\"https:\\\/\\\/www.24gliwice.pl\\\/wiadomosci\\\/#organization\"},\"image\":{\"@id\":\"https:\\\/\\\/www.24gliwice.pl\\\/wiadomosci\\\/bmw-z-usa-a-wersja-europejska-jakie-sa-roznice\\\/#primaryimage\"},\"thumbnailUrl\":\"https:\\\/\\\/www.24gliwice.pl\\\/wiadomosci\\\/wp-content\\\/uploads\\\/2026\\\/03\\\/BMW-z-USA-AMCars-Import.jpg\",\"articleSection\":[\"materia\u0142 partnera\"],\"inLanguage\":\"pl-PL\"},{\"@type\":\"WebPage\",\"@id\":\"https:\\\/\\\/www.24gliwice.pl\\\/wiadomosci\\\/bmw-z-usa-a-wersja-europejska-jakie-sa-roznice\\\/\",\"url\":\"https:\\\/\\\/www.24gliwice.pl\\\/wiadomosci\\\/bmw-z-usa-a-wersja-europejska-jakie-sa-roznice\\\/\",\"name\":\"BMW z USA a wersja europejska - jakie s\u0105 r\u00f3\u017cnice? - 24GLIWICE - Portal Gliwice | codziennie nowe informacje\",\"isPartOf\":{\"@id\":\"https:\\\/\\\/www.24gliwice.pl\\\/wiadomosci\\\/#website\"},\"primaryImageOfPage\":{\"@id\":\"https:\\\/\\\/www.24gliwice.pl\\\/wiadomosci\\\/bmw-z-usa-a-wersja-europejska-jakie-sa-roznice\\\/#primaryimage\"},\"image\":{\"@id\":\"https:\\\/\\\/www.24gliwice.pl\\\/wiadomosci\\\/bmw-z-usa-a-wersja-europejska-jakie-sa-roznice\\\/#primaryimage\"},\"thumbnailUrl\":\"https:\\\/\\\/www.24gliwice.pl\\\/wiadomosci\\\/wp-content\\\/uploads\\\/2026\\\/03\\\/BMW-z-USA-AMCars-Import.jpg\",\"datePublished\":\"2026-03-09T16:02:26+00:00\",\"dateModified\":\"2026-03-09T16:02:56+00:00\",\"breadcrumb\":{\"@id\":\"https:\\\/\\\/www.24gliwice.pl\\\/wiadomosci\\\/bmw-z-usa-a-wersja-europejska-jakie-sa-roznice\\\/#breadcrumb\"},\"inLanguage\":\"pl-PL\",\"potentialAction\":[{\"@type\":\"ReadAction\",\"target\":[\"https:\\\/\\\/www.24gliwice.pl\\\/wiadomosci\\\/bmw-z-usa-a-wersja-europejska-jakie-sa-roznice\\\/\"]}]},{\"@type\":\"ImageObject\",\"inLanguage\":\"pl-PL\",\"@id\":\"https:\\\/\\\/www.24gliwice.pl\\\/wiadomosci\\\/bmw-z-usa-a-wersja-europejska-jakie-sa-roznice\\\/#primaryimage\",\"url\":\"https:\\\/\\\/www.24gliwice.pl\\\/wiadomosci\\\/wp-content\\\/uploads\\\/2026\\\/03\\\/BMW-z-USA-AMCars-Import.jpg\",\"contentUrl\":\"https:\\\/\\\/www.24gliwice.pl\\\/wiadomosci\\\/wp-content\\\/uploads\\\/2026\\\/03\\\/BMW-z-USA-AMCars-Import.jpg\",\"width\":810,\"height\":423,\"caption\":\"BMW z USA - AMCars Import\"},{\"@type\":\"BreadcrumbList\",\"@id\":\"https:\\\/\\\/www.24gliwice.pl\\\/wiadomosci\\\/bmw-z-usa-a-wersja-europejska-jakie-sa-roznice\\\/#breadcrumb\",\"itemListElement\":[{\"@type\":\"ListItem\",\"position\":1,\"name\":\"Strona g\u0142\u00f3wna\",\"item\":\"https:\\\/\\\/www.24gliwice.pl\\\/wiadomosci\\\/\"},{\"@type\":\"ListItem\",\"position\":2,\"name\":\"BMW z USA a wersja europejska &#8211; jakie s\u0105 r\u00f3\u017cnice?\"}]},{\"@type\":\"WebSite\",\"@id\":\"https:\\\/\\\/www.24gliwice.pl\\\/wiadomosci\\\/#website\",\"url\":\"https:\\\/\\\/www.24gliwice.pl\\\/wiadomosci\\\/\",\"name\":\"24GLIWICE - Portal Gliwice | codziennie nowe wiadomo\u015bci\",\"description\":\"Portal Miejski Gliwice\",\"publisher\":{\"@id\":\"https:\\\/\\\/www.24gliwice.pl\\\/wiadomosci\\\/#organization\"},\"potentialAction\":[{\"@type\":\"SearchAction\",\"target\":{\"@type\":\"EntryPoint\",\"urlTemplate\":\"https:\\\/\\\/www.24gliwice.pl\\\/wiadomosci\\\/?s={search_term_string}\"},\"query-input\":{\"@type\":\"PropertyValueSpecification\",\"valueRequired\":true,\"valueName\":\"search_term_string\"}}],\"inLanguage\":\"pl-PL\"},{\"@type\":\"Organization\",\"@id\":\"https:\\\/\\\/www.24gliwice.pl\\\/wiadomosci\\\/#organization\",\"name\":\"24gliwice\",\"url\":\"https:\\\/\\\/www.24gliwice.pl\\\/wiadomosci\\\/\",\"logo\":{\"@type\":\"ImageObject\",\"inLanguage\":\"pl-PL\",\"@id\":\"https:\\\/\\\/www.24gliwice.pl\\\/wiadomosci\\\/#\\\/schema\\\/logo\\\/image\\\/\",\"url\":\"https:\\\/\\\/www.24gliwice.pl\\\/wiadomosci\\\/wp-content\\\/uploads\\\/2024\\\/10\\\/24gliwice-logo-696.jpg\",\"contentUrl\":\"https:\\\/\\\/www.24gliwice.pl\\\/wiadomosci\\\/wp-content\\\/uploads\\\/2024\\\/10\\\/24gliwice-logo-696.jpg\",\"width\":696,\"height\":696,\"caption\":\"24gliwice\"},\"image\":{\"@id\":\"https:\\\/\\\/www.24gliwice.pl\\\/wiadomosci\\\/#\\\/schema\\\/logo\\\/image\\\/\"},\"sameAs\":[\"https:\\\/\\\/www.facebook.com\\\/24gliwice\",\"https:\\\/\\\/x.com\\\/24gliwice\",\"https:\\\/\\\/www.youtube.com\\\/@24gliwice\"]},{\"@type\":\"Person\",\"@id\":\"https:\\\/\\\/www.24gliwice.pl\\\/wiadomosci\\\/#\\\/schema\\\/person\\\/cb5857e4a4d048c15984c1edcc8ef0c0\",\"name\":\"Marcin Fabrykowski\",\"image\":{\"@type\":\"ImageObject\",\"inLanguage\":\"pl-PL\",\"@id\":\"https:\\\/\\\/www.24gliwice.pl\\\/wiadomosci\\\/wp-content\\\/uploads\\\/2025\\\/11\\\/zdjecie-moje-marcin-300-96x96.jpg\",\"url\":\"https:\\\/\\\/www.24gliwice.pl\\\/wiadomosci\\\/wp-content\\\/uploads\\\/2025\\\/11\\\/zdjecie-moje-marcin-300-96x96.jpg\",\"contentUrl\":\"https:\\\/\\\/www.24gliwice.pl\\\/wiadomosci\\\/wp-content\\\/uploads\\\/2025\\\/11\\\/zdjecie-moje-marcin-300-96x96.jpg\",\"caption\":\"Marcin Fabrykowski\"},\"sameAs\":[\"http:\\\/\\\/24gliwice.pl\",\"https:\\\/\\\/www.facebook.com\\\/marcin.fabrykowski\"],\"url\":\"https:\\\/\\\/www.24gliwice.pl\\\/wiadomosci\\\/author\\\/marcin-fabrykowski\\\/\"}]}<\/script>\n<!-- \/ Yoast SEO plugin. -->","yoast_head_json":{"title":"BMW z USA a wersja europejska - jakie s\u0105 r\u00f3\u017cnice? - 24GLIWICE - Portal Gliwice | codziennie nowe informacje","robots":{"index":"index","follow":"follow","max-snippet":"max-snippet:-1","max-image-preview":"max-image-preview:large","max-video-preview":"max-video-preview:-1"},"canonical":"https:\/\/www.24gliwice.pl\/wiadomosci\/bmw-z-usa-a-wersja-europejska-jakie-sa-roznice\/","og_locale":"pl_PL","og_type":"article","og_title":"BMW z USA a wersja europejska - jakie s\u0105 r\u00f3\u017cnice? - 24GLIWICE - Portal Gliwice | codziennie nowe informacje","og_description":"BMW z USA to samoch\u00f3d dostosowany do ameryka\u0144skich norm technicznych, wyposa\u017cenia i homologacji, dlatego przed zakupem warto sprawdzi\u0107 nie tylko cen\u0119, ale te\u017c zgodno\u015b\u0107 auta z wymaganiami rynku europejskiego. To kluczowe zw\u0142aszcza wtedy, gdy liczy si\u0119 bezproblemowa rejestracja, realny koszt napraw i p\u00f3\u017aniejsza warto\u015b\u0107 auta.","og_url":"https:\/\/www.24gliwice.pl\/wiadomosci\/bmw-z-usa-a-wersja-europejska-jakie-sa-roznice\/","og_site_name":"24GLIWICE - Portal Gliwice | codziennie nowe informacje","article_publisher":"https:\/\/www.facebook.com\/24gliwice","article_author":"https:\/\/www.facebook.com\/marcin.fabrykowski","article_published_time":"2026-03-09T16:02:26+00:00","article_modified_time":"2026-03-09T16:02:56+00:00","og_image":[{"width":810,"height":423,"url":"https:\/\/www.24gliwice.pl\/wiadomosci\/wp-content\/uploads\/2026\/03\/BMW-z-USA-AMCars-Import.jpg","type":"image\/jpeg"}],"author":"Marcin Fabrykowski","twitter_card":"summary_large_image","twitter_creator":"@24gliwice","twitter_site":"@24gliwice","twitter_misc":{"Napisane przez":"Marcin Fabrykowski","Szacowany czas czytania":"1 minuta"},"schema":{"@context":"https:\/\/schema.org","@graph":[{"@type":"Article","@id":"https:\/\/www.24gliwice.pl\/wiadomosci\/bmw-z-usa-a-wersja-europejska-jakie-sa-roznice\/#article","isPartOf":{"@id":"https:\/\/www.24gliwice.pl\/wiadomosci\/bmw-z-usa-a-wersja-europejska-jakie-sa-roznice\/"},"author":{"name":"Marcin Fabrykowski","@id":"https:\/\/www.24gliwice.pl\/wiadomosci\/#\/schema\/person\/cb5857e4a4d048c15984c1edcc8ef0c0"},"headline":"BMW z USA a wersja europejska &#8211; jakie s\u0105 r\u00f3\u017cnice?","datePublished":"2026-03-09T16:02:26+00:00","dateModified":"2026-03-09T16:02:56+00:00","mainEntityOfPage":{"@id":"https:\/\/www.24gliwice.pl\/wiadomosci\/bmw-z-usa-a-wersja-europejska-jakie-sa-roznice\/"},"wordCount":609,"publisher":{"@id":"https:\/\/www.24gliwice.pl\/wiadomosci\/#organization"},"image":{"@id":"https:\/\/www.24gliwice.pl\/wiadomosci\/bmw-z-usa-a-wersja-europejska-jakie-sa-roznice\/#primaryimage"},"thumbnailUrl":"https:\/\/www.24gliwice.pl\/wiadomosci\/wp-content\/uploads\/2026\/03\/BMW-z-USA-AMCars-Import.jpg","articleSection":["materia\u0142 partnera"],"inLanguage":"pl-PL"},{"@type":"WebPage","@id":"https:\/\/www.24gliwice.pl\/wiadomosci\/bmw-z-usa-a-wersja-europejska-jakie-sa-roznice\/","url":"https:\/\/www.24gliwice.pl\/wiadomosci\/bmw-z-usa-a-wersja-europejska-jakie-sa-roznice\/","name":"BMW z USA a wersja europejska - jakie s\u0105 r\u00f3\u017cnice? - 24GLIWICE - Portal Gliwice | codziennie nowe informacje","isPartOf":{"@id":"https:\/\/www.24gliwice.pl\/wiadomosci\/#website"},"primaryImageOfPage":{"@id":"https:\/\/www.24gliwice.pl\/wiadomosci\/bmw-z-usa-a-wersja-europejska-jakie-sa-roznice\/#primaryimage"},"image":{"@id":"https:\/\/www.24gliwice.pl\/wiadomosci\/bmw-z-usa-a-wersja-europejska-jakie-sa-roznice\/#primaryimage"},"thumbnailUrl":"https:\/\/www.24gliwice.pl\/wiadomosci\/wp-content\/uploads\/2026\/03\/BMW-z-USA-AMCars-Import.jpg","datePublished":"2026-03-09T16:02:26+00:00","dateModified":"2026-03-09T16:02:56+00:00","breadcrumb":{"@id":"https:\/\/www.24gliwice.pl\/wiadomosci\/bmw-z-usa-a-wersja-europejska-jakie-sa-roznice\/#breadcrumb"},"inLanguage":"pl-PL","potentialAction":[{"@type":"ReadAction","target":["https:\/\/www.24gliwice.pl\/wiadomosci\/bmw-z-usa-a-wersja-europejska-jakie-sa-roznice\/"]}]},{"@type":"ImageObject","inLanguage":"pl-PL","@id":"https:\/\/www.24gliwice.pl\/wiadomosci\/bmw-z-usa-a-wersja-europejska-jakie-sa-roznice\/#primaryimage","url":"https:\/\/www.24gliwice.pl\/wiadomosci\/wp-content\/uploads\/2026\/03\/BMW-z-USA-AMCars-Import.jpg","contentUrl":"https:\/\/www.24gliwice.pl\/wiadomosci\/wp-content\/uploads\/2026\/03\/BMW-z-USA-AMCars-Import.jpg","width":810,"height":423,"caption":"BMW z USA - AMCars Import"},{"@type":"BreadcrumbList","@id":"https:\/\/www.24gliwice.pl\/wiadomosci\/bmw-z-usa-a-wersja-europejska-jakie-sa-roznice\/#breadcrumb","itemListElement":[{"@type":"ListItem","position":1,"name":"Strona g\u0142\u00f3wna","item":"https:\/\/www.24gliwice.pl\/wiadomosci\/"},{"@type":"ListItem","position":2,"name":"BMW z USA a wersja europejska &#8211; jakie s\u0105 r\u00f3\u017cnice?"}]},{"@type":"WebSite","@id":"https:\/\/www.24gliwice.pl\/wiadomosci\/#website","url":"https:\/\/www.24gliwice.pl\/wiadomosci\/","name":"24GLIWICE - Portal Gliwice | codziennie nowe wiadomo\u015bci","description":"Portal Miejski Gliwice","publisher":{"@id":"https:\/\/www.24gliwice.pl\/wiadomosci\/#organization"},"potentialAction":[{"@type":"SearchAction","target":{"@type":"EntryPoint","urlTemplate":"https:\/\/www.24gliwice.pl\/wiadomosci\/?s={search_term_string}"},"query-input":{"@type":"PropertyValueSpecification","valueRequired":true,"valueName":"search_term_string"}}],"inLanguage":"pl-PL"},{"@type":"Organization","@id":"https:\/\/www.24gliwice.pl\/wiadomosci\/#organization","name":"24gliwice","url":"https:\/\/www.24gliwice.pl\/wiadomosci\/","logo":{"@type":"ImageObject","inLanguage":"pl-PL","@id":"https:\/\/www.24gliwice.pl\/wiadomosci\/#\/schema\/logo\/image\/","url":"https:\/\/www.24gliwice.pl\/wiadomosci\/wp-content\/uploads\/2024\/10\/24gliwice-logo-696.jpg","contentUrl":"https:\/\/www.24gliwice.pl\/wiadomosci\/wp-content\/uploads\/2024\/10\/24gliwice-logo-696.jpg","width":696,"height":696,"caption":"24gliwice"},"image":{"@id":"https:\/\/www.24gliwice.pl\/wiadomosci\/#\/schema\/logo\/image\/"},"sameAs":["https:\/\/www.facebook.com\/24gliwice","https:\/\/x.com\/24gliwice","https:\/\/www.youtube.com\/@24gliwice"]},{"@type":"Person","@id":"https:\/\/www.24gliwice.pl\/wiadomosci\/#\/schema\/person\/cb5857e4a4d048c15984c1edcc8ef0c0","name":"Marcin Fabrykowski","image":{"@type":"ImageObject","inLanguage":"pl-PL","@id":"https:\/\/www.24gliwice.pl\/wiadomosci\/wp-content\/uploads\/2025\/11\/zdjecie-moje-marcin-300-96x96.jpg","url":"https:\/\/www.24gliwice.pl\/wiadomosci\/wp-content\/uploads\/2025\/11\/zdjecie-moje-marcin-300-96x96.jpg","contentUrl":"https:\/\/www.24gliwice.pl\/wiadomosci\/wp-content\/uploads\/2025\/11\/zdjecie-moje-marcin-300-96x96.jpg","caption":"Marcin Fabrykowski"},"sameAs":["http:\/\/24gliwice.pl","https:\/\/www.facebook.com\/marcin.fabrykowski"],"url":"https:\/\/www.24gliwice.pl\/wiadomosci\/author\/marcin-fabrykowski\/"}]}},"_links":{"self":[{"href":"https:\/\/www.24gliwice.pl\/wiadomosci\/wp-json\/wp\/v2\/posts\/267632","targetHints":{"allow":["GET"]}}],"collection":[{"href":"https:\/\/www.24gliwice.pl\/wiadomosci\/wp-json\/wp\/v2\/posts"}],"about":[{"href":"https:\/\/www.24gliwice.pl\/wiadomosci\/wp-json\/wp\/v2\/types\/post"}],"author":[{"embeddable":true,"href":"https:\/\/www.24gliwice.pl\/wiadomosci\/wp-json\/wp\/v2\/users\/4"}],"replies":[{"embeddable":true,"href":"https:\/\/www.24gliwice.pl\/wiadomosci\/wp-json\/wp\/v2\/comments?post=267632"}],"version-history":[{"count":0,"href":"https:\/\/www.24gliwice.pl\/wiadomosci\/wp-json\/wp\/v2\/posts\/267632\/revisions"}],"wp:featuredmedia":[{"embeddable":true,"href":"https:\/\/www.24gliwice.pl\/wiadomosci\/wp-json\/wp\/v2\/media\/267633"}],"wp:attachment":[{"href":"https:\/\/www.24gliwice.pl\/wiadomosci\/wp-json\/wp\/v2\/media?parent=267632"}],"wp:term":[{"taxonomy":"category","embeddable":true,"href":"https:\/\/www.24gliwice.pl\/wiadomosci\/wp-json\/wp\/v2\/categories?post=267632"},{"taxonomy":"post_tag","embeddable":true,"href":"https:\/\/www.24gliwice.pl\/wiadomosci\/wp-json\/wp\/v2\/tags?post=267632"}],"curies":[{"name":"wp","href":"https:\/\/api.w.org\/{rel}","templated":true}]}}