{"id":267686,"date":"2026-03-12T00:40:35","date_gmt":"2026-03-11T23:40:35","guid":{"rendered":"https:\/\/www.24gliwice.pl\/wiadomosci\/?p=267686"},"modified":"2026-03-12T00:40:35","modified_gmt":"2026-03-11T23:40:35","slug":"centrum-handlowe-auchan-w-gliwicach-sprzedane-nowym-wlascicielem-zostala-wegierska-spolka","status":"publish","type":"post","link":"https:\/\/www.24gliwice.pl\/wiadomosci\/centrum-handlowe-auchan-w-gliwicach-sprzedane-nowym-wlascicielem-zostala-wegierska-spolka\/","title":{"rendered":"Centrum handlowe Auchan w Gliwicach sprzedane. Nowym w\u0142a\u015bcicielem zosta\u0142a w\u0119gierska sp\u00f3\u0142ka"},"content":{"rendered":"<div class=\"gliwi-a6-nad-leadem-artykulow gliwi-entity-placement\" id=\"gliwi-1020609190\"><div class=\"gliwi-adlabel\"><span style=\"font-size: 9px\">REKLAMA<\/span><\/div><div id=\"gliwi-2709493933\" style=\"margin-bottom: 25px;margin-left: auto;margin-right: auto;text-align: center;\"><a data-no-instant=\"1\" href=\"https:\/\/dom100.eu\/\" rel=\"noopener\" class=\"a2t-link\" target=\"_blank\" aria-label=\"20260415 DOM100 D\"><img loading=\"lazy\" decoding=\"async\" src=\"https:\/\/www.24gliwice.pl\/wiadomosci\/wp-content\/uploads\/2026\/04\/20260415-DOM100-D.jpg\" alt=\"\"  srcset=\"https:\/\/www.24gliwice.pl\/wiadomosci\/wp-content\/uploads\/2026\/04\/20260415-DOM100-D.jpg 750w, https:\/\/www.24gliwice.pl\/wiadomosci\/wp-content\/uploads\/2026\/04\/20260415-DOM100-D-410x109.jpg 410w\" sizes=\"(max-width: 750px) 100vw, 750px\" class=\"no-lazyload\" width=\"750\" height=\"200\"  style=\"display: inline-block; max-width: 100%; height: auto;\" \/><\/a><\/div><\/div><h2>Centrum handlowe Auchan w Gliwicach znalaz\u0142o si\u0119 w grupie 8 obiekt\u00f3w w Polsce, kt\u00f3re zosta\u0142y sprzedane sp\u00f3\u0142ce Shopper Park Plus,  nale\u017c\u0105cej do w\u0119gierskiego funduszu Adventum. Jak zapewnia biuro prasowe Auchan, zmiana w\u0142a\u015bciciela obiektu nie wp\u0142ywa na funkcjonowanie sklepu ani na codzienne zakupy klient\u00f3w.<\/h2>\n<p><!--more--><\/p>\n<p>W grudniu ub. roku Urz\u0105d Ochrony Konkurencji i Konsument\u00f3w wyda\u0142 zgod\u0119 na dokonanie transakcji zakupu nieruchomo\u015bci nale\u017c\u0105cych do Ceetrus i Auchan (wsp\u00f3\u0142w\u0142a\u015bcicieli) przez w\u0119gierski fundusz Adventum Penta Fund SCA SICAV-RAIF. Warto\u015b\u0107 obiekt\u00f3w obj\u0119tych umow\u0105 to blisko 900 mln z\u0142. Jak podkre\u015bla firma Nhood, kt\u00f3ra po\u015bredniczy\u0142a w ca\u0142ym procesie jako doradca i reprezentant firmy Ceertus, sprzedane centra handlowe mia\u0142y charakter niestrategiczny.<\/p>\n<p><em>\u2013 Transakcja jest kamieniem milowym w realizacji naszej strategii w Polsce. Przenosz\u0105c kapita\u0142 do naszych najbardziej strategicznych lokalizacji, wzmacniamy pozycj\u0119 na rynku i otwieramy nowe obszary rozwoju. Zwi\u0119ksza to nasze mo\u017cliwo\u015bci realizacji projekt\u00f3w na du\u017c\u0105 skal\u0119 oraz pozwala rozwija\u0107 t\u0119tni\u0105ce \u017cyciem, zr\u00f3wnowa\u017cone miejsca, kt\u00f3re odpowiadaj\u0105 zmieniaj\u0105cym si\u0119 oczekiwaniom odwiedzaj\u0105cych i lokalnych spo\u0142eczno\u015bci<\/em> \u2013 m\u00f3wi <strong>Raluca Crisan,<\/strong> dyrektor ds. portfela Ceetrus.<\/p><div class=\"gliwi-a3-w-tresci-artykulow gliwi-entity-placement\" id=\"gliwi-721669942\"><div class=\"gliwi-adlabel\"><span style=\"font-size: 9px\">REKLAMA<\/span><\/div><div id=\"gliwi-1833087623\" style=\"margin-bottom: 30px;margin-left: auto;margin-right: auto;text-align: center;\"><a data-no-instant=\"1\" href=\"https:\/\/zlobek.halogen.org.pl\/\" rel=\"noopener\" class=\"a2t-link\" target=\"_blank\" aria-label=\"animator-zlobek_750x200\"><img loading=\"lazy\" decoding=\"async\" src=\"https:\/\/www.24gliwice.pl\/wiadomosci\/wp-content\/uploads\/2026\/02\/animator-zlobek_750x200.webp\" alt=\"\"  srcset=\"https:\/\/www.24gliwice.pl\/wiadomosci\/wp-content\/uploads\/2026\/02\/animator-zlobek_750x200.webp 750w, https:\/\/www.24gliwice.pl\/wiadomosci\/wp-content\/uploads\/2026\/02\/animator-zlobek_750x200-410x109.webp 410w\" sizes=\"(max-width: 750px) 100vw, 750px\" class=\"no-lazyload\" width=\"750\" height=\"200\"  style=\"display: inline-block; max-width: 100%; height: auto;\" \/><\/a><\/div><\/div>\n<h4>Opr\u00f3cz CH Auchan w Gliwicach (przy ul. Rybnickiej 207), w\u0119gierski inwestor przej\u0105\u0142 obiekty w Cz\u0119stochowie, Szczecinie, Legnicy, \u0141omiankach, Bia\u0142ymstoku, Sosnowcu oraz Wa\u0142brzychu.<\/h4>\n<p>&#8211; <em>W ramach transakcji Adventum zawrze z Auchan umowy najmu zwrotnego, na mocy kt\u00f3rych Adventum b\u0119dzie wyst\u0119powa\u0107 jako wynajmuj\u0105cy, a Auchan jako najemca. Auchan b\u0119dzie kontynuowa\u0107 prowadzenie dzia\u0142alno\u015bci detalicznej w najmowanych lokalach. Umowa przewiduje najem d\u0142ugoterminowy na okres 15 lat z gwarantowanymi opcjami dalszego przed\u0142u\u017cenia<\/em> &#8211; podano w komunikacie Urz\u0119du Ochrony Konkurencji i Konsument\u00f3w. <\/p>\n<p><a href=\"https:\/\/www.24gliwice.pl\/wiadomosci\/wp-content\/uploads\/2026\/03\/ch-auchan.jpg\"><img loading=\"lazy\" decoding=\"async\" src=\"https:\/\/www.24gliwice.pl\/wiadomosci\/wp-content\/uploads\/2026\/03\/ch-auchan.jpg\" alt=\"\" width=\"810\" height=\"456\" class=\"alignnone size-full wp-image-267711\" srcset=\"https:\/\/www.24gliwice.pl\/wiadomosci\/wp-content\/uploads\/2026\/03\/ch-auchan.jpg 810w, https:\/\/www.24gliwice.pl\/wiadomosci\/wp-content\/uploads\/2026\/03\/ch-auchan-410x232.jpg 410w, https:\/\/www.24gliwice.pl\/wiadomosci\/wp-content\/uploads\/2026\/03\/ch-auchan-808x455.jpg 808w, https:\/\/www.24gliwice.pl\/wiadomosci\/wp-content\/uploads\/2026\/03\/ch-auchan-768x432.jpg 768w\" sizes=\"auto, (max-width: 810px) 100vw, 810px\" \/><\/a><\/p>\n<p>Sprzedane centra handlowe figuruj\u0105 ju\u017c w portfelu Shopper Park Plus, kt\u00f3ry za po\u015brednictwem swoich sp\u00f3\u0142ek zale\u017cnych posiada 30 nieruchomo\u015bci handlowych w regionie Europy \u015arodkowo-Wschodniej, d\u0105\u017c\u0105c do stania si\u0119 najwi\u0119kszym w\u0142a\u015bcicielem i operatorem park\u00f3w handlowych w regionie. Osiem park\u00f3w handlowych sp\u00f3\u0142ki w Polsce, cztery w Czechach, cztery na S\u0142owacji i 14 na W\u0119grzech, o \u0142\u0105cznej powierzchni najmu brutto ponad 600 tys. m\u00b2, podzielonych na blisko 600 lokali handlowych, stanowi 7% udzia\u0142u w rynku w regionie Europy \u015arodkowo-Wschodniej.<\/p>\n<blockquote><p>Portfel obejmuje nieruchomo\u015bci po\u0142o\u017cone w dobrze rozwini\u0119tych centrach handlowych w ca\u0142ej Polsce, w tym mi\u0119dzy innymi w trzech z dziesi\u0119ciu najwi\u0119kszych miast kraju (&#8230;). \u0141\u0105cznie generuj\u0105 one ponad 17,2 mln odwiedzaj\u0105cych rocznie (2025 r.) i korzystaj\u0105 z silnej regionalnej si\u0142y nabywczej, a tak\u017ce swojej pozycji jako uznanych destynacji handlowych <\/p><\/blockquote>\n<p>&#8211; napisano w komunikacie Shopper Park Plus cytowanym przez PAP. <\/p>\n<p>&#8211; Celem SPP jest uczynienie z przekszta\u0142conych nieruchomo\u015bci, znanych jako Shopland, synonimu wygodnych, codziennych zakup\u00f3w dla mieszka\u0144c\u00f3w okolicy. Te parki handlowe s\u0105 nie tylko \u0142atwo dost\u0119pne i oferuj\u0105 dogodny dojazd oraz parking, ale tak\u017ce oferuj\u0105 wszystkie us\u0142ugi i towary, kt\u00f3rych klienci mog\u0105 potrzebowa\u0107 codziennie lub co tydzie\u0144, w jednym miejscu. Opr\u00f3cz sklep\u00f3w spo\u017cywczych, parki handlowe obejmuj\u0105 r\u00f3wnie\u017c drogerie, sklepy odzie\u017cowe, ksi\u0119garnie, sklepy z artyku\u0142ami gospodarstwa domowego oraz tzw. strefy gastronomiczne z kawiarniami, restauracjami i barami szybkiej obs\u0142ugi &#8211; czytamy na stronie nowego w\u0142a\u015bciciela. <\/p>\n<p>Na razie nie uzyskali\u015bmy informacji, czy po przej\u0119ciu centrum handlowe Auchan w Gliwicach zmieni nazw\u0119 na Shopland. Pod tak\u0105 mark\u0105 obiekty funkcjonuj\u0105 na terenie W\u0119gier &#8211; w pozosta\u0142ych krajach europejskich (Czechy i S\u0142owacja) dzia\u0142aj\u0105 pod innymi szyldami. Z naszych nieoficjalnych ustale\u0144 wynika natomiast, \u017ce nowy w\u0142a\u015bciciel gliwickiego obiektu mo\u017ce w przysz\u0142o\u015bci rozwa\u017ca\u0107 dzia\u0142ania modernizacyjne, w tym wdro\u017cenie rozwi\u0105za\u0144 o charakterze proekologicznym.<\/p>\n<p>(\u017cms)<br \/>\nfot. 24GLIWICE.PL\/EMFAB<\/p>\n<div class=\"gliwi-a5-na-koncu-artykulow gliwi-entity-placement\" id=\"gliwi-3573789163\"><div class=\"gliwi-adlabel\"><span style=\"font-size: 9px\">REKLAMA<\/span><\/div><div id=\"gliwi-2351758600\" style=\"margin-left: auto;margin-right: auto;text-align: center;\"><a data-no-instant=\"1\" href=\"https:\/\/prezeroarenagliwice.pl\/\" rel=\"noopener\" class=\"a2t-link\" target=\"_blank\" aria-label=\"20260309-PREZERO-WIOSNA-D\"><img loading=\"lazy\" decoding=\"async\" src=\"https:\/\/www.24gliwice.pl\/wiadomosci\/wp-content\/uploads\/2026\/03\/20260309-PREZERO-WIOSNA-D.webp\" alt=\"\"  srcset=\"https:\/\/www.24gliwice.pl\/wiadomosci\/wp-content\/uploads\/2026\/03\/20260309-PREZERO-WIOSNA-D.webp 750w, https:\/\/www.24gliwice.pl\/wiadomosci\/wp-content\/uploads\/2026\/03\/20260309-PREZERO-WIOSNA-D-410x109.webp 410w\" sizes=\"(max-width: 750px) 100vw, 750px\" class=\"no-lazyload\" width=\"750\" height=\"200\"  style=\"display: inline-block; max-width: 100%; height: auto;\" \/><\/a><\/div><\/div>","protected":false},"excerpt":{"rendered":"<p>Centrum handlowe Auchan w Gliwicach znalaz\u0142o si\u0119 w grupie 8 obiekt\u00f3w w Polsce, kt\u00f3re zosta\u0142y sprzedane sp\u00f3\u0142ce Shopper Park Plus, nale\u017c\u0105cej do w\u0119gierskiego funduszu Adventum. Jak zapewnia biuro prasowe Auchan, zmiana w\u0142a\u015bciciela obiektu nie wp\u0142ywa na funkcjonowanie sklepu ani na codzienne zakupy klient\u00f3w.<\/p>\n","protected":false},"author":15,"featured_media":267712,"comment_status":"open","ping_status":"closed","sticky":false,"template":"","format":"standard","meta":{"_monsterinsights_skip_tracking":false,"_monsterinsights_sitenote_active":false,"_monsterinsights_sitenote_note":"","_monsterinsights_sitenote_category":0,"footnotes":"","_links_to":"","_links_to_target":""},"categories":[3,1,9],"tags":[24838,24839],"class_list":["post-267686","post","type-post","status-publish","format-standard","has-post-thumbnail","hentry","category-gliwice","category-wszystko","category-aktualnosci_lokalne","tag-ch-auchan","tag-shopper-park-plus"],"yoast_head":"<!-- This site is optimized with the Yoast SEO plugin v27.5 - https:\/\/yoast.com\/product\/yoast-seo-wordpress\/ -->\n<title>Centrum handlowe Auchan w Gliwicach sprzedane. Nowym w\u0142a\u015bcicielem zosta\u0142a w\u0119gierska sp\u00f3\u0142ka - 24GLIWICE - Portal Gliwice | codziennie nowe informacje<\/title>\n<meta name=\"description\" content=\"CH Auchan zmieni\u0142o w\u0142a\u015bciciela - w\u0119gierska sp\u00f3\u0142ka Shopper Park Plus przej\u0119\u0142a 8 centr\u00f3w handlowych w Polsce. Nie oznacza to zmian dla klient\u00f3w\" \/>\n<meta name=\"robots\" content=\"index, follow, max-snippet:-1, max-image-preview:large, max-video-preview:-1\" \/>\n<link rel=\"canonical\" href=\"https:\/\/www.24gliwice.pl\/wiadomosci\/centrum-handlowe-auchan-w-gliwicach-sprzedane-nowym-wlascicielem-zostala-wegierska-spolka\/\" \/>\n<meta property=\"og:locale\" content=\"pl_PL\" \/>\n<meta property=\"og:type\" content=\"article\" \/>\n<meta property=\"og:title\" content=\"Centrum handlowe Auchan w Gliwicach sprzedane. Nowym w\u0142a\u015bcicielem zosta\u0142a w\u0119gierska sp\u00f3\u0142ka - 24GLIWICE - Portal Gliwice | codziennie nowe informacje\" \/>\n<meta property=\"og:description\" content=\"CH Auchan zmieni\u0142o w\u0142a\u015bciciela - w\u0119gierska sp\u00f3\u0142ka Shopper Park Plus przej\u0119\u0142a 8 centr\u00f3w handlowych w Polsce. Nie oznacza to zmian dla klient\u00f3w\" \/>\n<meta property=\"og:url\" content=\"https:\/\/www.24gliwice.pl\/wiadomosci\/centrum-handlowe-auchan-w-gliwicach-sprzedane-nowym-wlascicielem-zostala-wegierska-spolka\/\" \/>\n<meta property=\"og:site_name\" content=\"24GLIWICE - Portal Gliwice | codziennie nowe informacje\" \/>\n<meta property=\"article:publisher\" content=\"https:\/\/www.facebook.com\/24gliwice\" \/>\n<meta property=\"article:published_time\" content=\"2026-03-11T23:40:35+00:00\" \/>\n<meta property=\"og:image\" content=\"https:\/\/www.24gliwice.pl\/wiadomosci\/wp-content\/uploads\/2026\/03\/ch-auchan2.jpg\" \/>\n\t<meta property=\"og:image:width\" content=\"810\" \/>\n\t<meta property=\"og:image:height\" content=\"456\" \/>\n\t<meta property=\"og:image:type\" content=\"image\/jpeg\" \/>\n<meta name=\"author\" content=\"\u017baneta Mrozek-Siewierska\" \/>\n<meta name=\"twitter:card\" content=\"summary_large_image\" \/>\n<meta name=\"twitter:creator\" content=\"@24gliwice\" \/>\n<meta name=\"twitter:site\" content=\"@24gliwice\" \/>\n<meta name=\"twitter:label1\" content=\"Napisane przez\" \/>\n\t<meta name=\"twitter:data1\" content=\"\u017baneta Mrozek-Siewierska\" \/>\n\t<meta name=\"twitter:label2\" content=\"Szacowany czas czytania\" \/>\n\t<meta name=\"twitter:data2\" content=\"4 minuty\" \/>\n<script type=\"application\/ld+json\" class=\"yoast-schema-graph\">{\"@context\":\"https:\\\/\\\/schema.org\",\"@graph\":[{\"@type\":\"Article\",\"@id\":\"https:\\\/\\\/www.24gliwice.pl\\\/wiadomosci\\\/centrum-handlowe-auchan-w-gliwicach-sprzedane-nowym-wlascicielem-zostala-wegierska-spolka\\\/#article\",\"isPartOf\":{\"@id\":\"https:\\\/\\\/www.24gliwice.pl\\\/wiadomosci\\\/centrum-handlowe-auchan-w-gliwicach-sprzedane-nowym-wlascicielem-zostala-wegierska-spolka\\\/\"},\"author\":{\"name\":\"\u017baneta Mrozek-Siewierska\",\"@id\":\"https:\\\/\\\/www.24gliwice.pl\\\/wiadomosci\\\/#\\\/schema\\\/person\\\/e42c650edd7f2fa332be3811fb166b6e\"},\"headline\":\"Centrum handlowe Auchan w Gliwicach sprzedane. Nowym w\u0142a\u015bcicielem zosta\u0142a w\u0119gierska sp\u00f3\u0142ka\",\"datePublished\":\"2026-03-11T23:40:35+00:00\",\"mainEntityOfPage\":{\"@id\":\"https:\\\/\\\/www.24gliwice.pl\\\/wiadomosci\\\/centrum-handlowe-auchan-w-gliwicach-sprzedane-nowym-wlascicielem-zostala-wegierska-spolka\\\/\"},\"wordCount\":644,\"commentCount\":12,\"publisher\":{\"@id\":\"https:\\\/\\\/www.24gliwice.pl\\\/wiadomosci\\\/#organization\"},\"image\":{\"@id\":\"https:\\\/\\\/www.24gliwice.pl\\\/wiadomosci\\\/centrum-handlowe-auchan-w-gliwicach-sprzedane-nowym-wlascicielem-zostala-wegierska-spolka\\\/#primaryimage\"},\"thumbnailUrl\":\"https:\\\/\\\/www.24gliwice.pl\\\/wiadomosci\\\/wp-content\\\/uploads\\\/2026\\\/03\\\/ch-auchan2.jpg\",\"keywords\":[\"CH AUCHAN\",\"SHOPPER PARK PLUS\"],\"articleSection\":[\"Gliwice\",\"Najnowsze wiadomo\u015bci\",\"Portal Gliwice - Wiadomo\u015bci lokalne\"],\"inLanguage\":\"pl-PL\",\"potentialAction\":[{\"@type\":\"CommentAction\",\"name\":\"Comment\",\"target\":[\"https:\\\/\\\/www.24gliwice.pl\\\/wiadomosci\\\/centrum-handlowe-auchan-w-gliwicach-sprzedane-nowym-wlascicielem-zostala-wegierska-spolka\\\/#respond\"]}]},{\"@type\":\"WebPage\",\"@id\":\"https:\\\/\\\/www.24gliwice.pl\\\/wiadomosci\\\/centrum-handlowe-auchan-w-gliwicach-sprzedane-nowym-wlascicielem-zostala-wegierska-spolka\\\/\",\"url\":\"https:\\\/\\\/www.24gliwice.pl\\\/wiadomosci\\\/centrum-handlowe-auchan-w-gliwicach-sprzedane-nowym-wlascicielem-zostala-wegierska-spolka\\\/\",\"name\":\"Centrum handlowe Auchan w Gliwicach sprzedane. Nowym w\u0142a\u015bcicielem zosta\u0142a w\u0119gierska sp\u00f3\u0142ka - 24GLIWICE - Portal Gliwice | codziennie nowe informacje\",\"isPartOf\":{\"@id\":\"https:\\\/\\\/www.24gliwice.pl\\\/wiadomosci\\\/#website\"},\"primaryImageOfPage\":{\"@id\":\"https:\\\/\\\/www.24gliwice.pl\\\/wiadomosci\\\/centrum-handlowe-auchan-w-gliwicach-sprzedane-nowym-wlascicielem-zostala-wegierska-spolka\\\/#primaryimage\"},\"image\":{\"@id\":\"https:\\\/\\\/www.24gliwice.pl\\\/wiadomosci\\\/centrum-handlowe-auchan-w-gliwicach-sprzedane-nowym-wlascicielem-zostala-wegierska-spolka\\\/#primaryimage\"},\"thumbnailUrl\":\"https:\\\/\\\/www.24gliwice.pl\\\/wiadomosci\\\/wp-content\\\/uploads\\\/2026\\\/03\\\/ch-auchan2.jpg\",\"datePublished\":\"2026-03-11T23:40:35+00:00\",\"description\":\"CH Auchan zmieni\u0142o w\u0142a\u015bciciela - w\u0119gierska sp\u00f3\u0142ka Shopper Park Plus przej\u0119\u0142a 8 centr\u00f3w handlowych w Polsce. Nie oznacza to zmian dla klient\u00f3w\",\"breadcrumb\":{\"@id\":\"https:\\\/\\\/www.24gliwice.pl\\\/wiadomosci\\\/centrum-handlowe-auchan-w-gliwicach-sprzedane-nowym-wlascicielem-zostala-wegierska-spolka\\\/#breadcrumb\"},\"inLanguage\":\"pl-PL\",\"potentialAction\":[{\"@type\":\"ReadAction\",\"target\":[\"https:\\\/\\\/www.24gliwice.pl\\\/wiadomosci\\\/centrum-handlowe-auchan-w-gliwicach-sprzedane-nowym-wlascicielem-zostala-wegierska-spolka\\\/\"]}]},{\"@type\":\"ImageObject\",\"inLanguage\":\"pl-PL\",\"@id\":\"https:\\\/\\\/www.24gliwice.pl\\\/wiadomosci\\\/centrum-handlowe-auchan-w-gliwicach-sprzedane-nowym-wlascicielem-zostala-wegierska-spolka\\\/#primaryimage\",\"url\":\"https:\\\/\\\/www.24gliwice.pl\\\/wiadomosci\\\/wp-content\\\/uploads\\\/2026\\\/03\\\/ch-auchan2.jpg\",\"contentUrl\":\"https:\\\/\\\/www.24gliwice.pl\\\/wiadomosci\\\/wp-content\\\/uploads\\\/2026\\\/03\\\/ch-auchan2.jpg\",\"width\":810,\"height\":456},{\"@type\":\"BreadcrumbList\",\"@id\":\"https:\\\/\\\/www.24gliwice.pl\\\/wiadomosci\\\/centrum-handlowe-auchan-w-gliwicach-sprzedane-nowym-wlascicielem-zostala-wegierska-spolka\\\/#breadcrumb\",\"itemListElement\":[{\"@type\":\"ListItem\",\"position\":1,\"name\":\"Strona g\u0142\u00f3wna\",\"item\":\"https:\\\/\\\/www.24gliwice.pl\\\/wiadomosci\\\/\"},{\"@type\":\"ListItem\",\"position\":2,\"name\":\"Centrum handlowe Auchan w Gliwicach sprzedane. Nowym w\u0142a\u015bcicielem zosta\u0142a w\u0119gierska sp\u00f3\u0142ka\"}]},{\"@type\":\"WebSite\",\"@id\":\"https:\\\/\\\/www.24gliwice.pl\\\/wiadomosci\\\/#website\",\"url\":\"https:\\\/\\\/www.24gliwice.pl\\\/wiadomosci\\\/\",\"name\":\"24GLIWICE - Portal Gliwice | codziennie nowe wiadomo\u015bci\",\"description\":\"Portal Miejski Gliwice\",\"publisher\":{\"@id\":\"https:\\\/\\\/www.24gliwice.pl\\\/wiadomosci\\\/#organization\"},\"potentialAction\":[{\"@type\":\"SearchAction\",\"target\":{\"@type\":\"EntryPoint\",\"urlTemplate\":\"https:\\\/\\\/www.24gliwice.pl\\\/wiadomosci\\\/?s={search_term_string}\"},\"query-input\":{\"@type\":\"PropertyValueSpecification\",\"valueRequired\":true,\"valueName\":\"search_term_string\"}}],\"inLanguage\":\"pl-PL\"},{\"@type\":\"Organization\",\"@id\":\"https:\\\/\\\/www.24gliwice.pl\\\/wiadomosci\\\/#organization\",\"name\":\"24gliwice\",\"url\":\"https:\\\/\\\/www.24gliwice.pl\\\/wiadomosci\\\/\",\"logo\":{\"@type\":\"ImageObject\",\"inLanguage\":\"pl-PL\",\"@id\":\"https:\\\/\\\/www.24gliwice.pl\\\/wiadomosci\\\/#\\\/schema\\\/logo\\\/image\\\/\",\"url\":\"https:\\\/\\\/www.24gliwice.pl\\\/wiadomosci\\\/wp-content\\\/uploads\\\/2024\\\/10\\\/24gliwice-logo-696.jpg\",\"contentUrl\":\"https:\\\/\\\/www.24gliwice.pl\\\/wiadomosci\\\/wp-content\\\/uploads\\\/2024\\\/10\\\/24gliwice-logo-696.jpg\",\"width\":696,\"height\":696,\"caption\":\"24gliwice\"},\"image\":{\"@id\":\"https:\\\/\\\/www.24gliwice.pl\\\/wiadomosci\\\/#\\\/schema\\\/logo\\\/image\\\/\"},\"sameAs\":[\"https:\\\/\\\/www.facebook.com\\\/24gliwice\",\"https:\\\/\\\/x.com\\\/24gliwice\",\"https:\\\/\\\/www.youtube.com\\\/@24gliwice\"]},{\"@type\":\"Person\",\"@id\":\"https:\\\/\\\/www.24gliwice.pl\\\/wiadomosci\\\/#\\\/schema\\\/person\\\/e42c650edd7f2fa332be3811fb166b6e\",\"name\":\"\u017baneta Mrozek-Siewierska\",\"image\":{\"@type\":\"ImageObject\",\"inLanguage\":\"pl-PL\",\"@id\":\"https:\\\/\\\/secure.gravatar.com\\\/avatar\\\/1881429e9c64597c77ad7aef2d0a19be69a3253e57534d16aa15bf3a4d34a0a3?s=96&d=mm&r=g\",\"url\":\"https:\\\/\\\/secure.gravatar.com\\\/avatar\\\/1881429e9c64597c77ad7aef2d0a19be69a3253e57534d16aa15bf3a4d34a0a3?s=96&d=mm&r=g\",\"contentUrl\":\"https:\\\/\\\/secure.gravatar.com\\\/avatar\\\/1881429e9c64597c77ad7aef2d0a19be69a3253e57534d16aa15bf3a4d34a0a3?s=96&d=mm&r=g\",\"caption\":\"\u017baneta Mrozek-Siewierska\"},\"url\":\"https:\\\/\\\/www.24gliwice.pl\\\/wiadomosci\\\/author\\\/zms\\\/\"}]}<\/script>\n<!-- \/ Yoast SEO plugin. -->","yoast_head_json":{"title":"Centrum handlowe Auchan w Gliwicach sprzedane. Nowym w\u0142a\u015bcicielem zosta\u0142a w\u0119gierska sp\u00f3\u0142ka - 24GLIWICE - Portal Gliwice | codziennie nowe informacje","description":"CH Auchan zmieni\u0142o w\u0142a\u015bciciela - w\u0119gierska sp\u00f3\u0142ka Shopper Park Plus przej\u0119\u0142a 8 centr\u00f3w handlowych w Polsce. Nie oznacza to zmian dla klient\u00f3w","robots":{"index":"index","follow":"follow","max-snippet":"max-snippet:-1","max-image-preview":"max-image-preview:large","max-video-preview":"max-video-preview:-1"},"canonical":"https:\/\/www.24gliwice.pl\/wiadomosci\/centrum-handlowe-auchan-w-gliwicach-sprzedane-nowym-wlascicielem-zostala-wegierska-spolka\/","og_locale":"pl_PL","og_type":"article","og_title":"Centrum handlowe Auchan w Gliwicach sprzedane. Nowym w\u0142a\u015bcicielem zosta\u0142a w\u0119gierska sp\u00f3\u0142ka - 24GLIWICE - Portal Gliwice | codziennie nowe informacje","og_description":"CH Auchan zmieni\u0142o w\u0142a\u015bciciela - w\u0119gierska sp\u00f3\u0142ka Shopper Park Plus przej\u0119\u0142a 8 centr\u00f3w handlowych w Polsce. Nie oznacza to zmian dla klient\u00f3w","og_url":"https:\/\/www.24gliwice.pl\/wiadomosci\/centrum-handlowe-auchan-w-gliwicach-sprzedane-nowym-wlascicielem-zostala-wegierska-spolka\/","og_site_name":"24GLIWICE - Portal Gliwice | codziennie nowe informacje","article_publisher":"https:\/\/www.facebook.com\/24gliwice","article_published_time":"2026-03-11T23:40:35+00:00","og_image":[{"width":810,"height":456,"url":"https:\/\/www.24gliwice.pl\/wiadomosci\/wp-content\/uploads\/2026\/03\/ch-auchan2.jpg","type":"image\/jpeg"}],"author":"\u017baneta Mrozek-Siewierska","twitter_card":"summary_large_image","twitter_creator":"@24gliwice","twitter_site":"@24gliwice","twitter_misc":{"Napisane przez":"\u017baneta Mrozek-Siewierska","Szacowany czas czytania":"4 minuty"},"schema":{"@context":"https:\/\/schema.org","@graph":[{"@type":"Article","@id":"https:\/\/www.24gliwice.pl\/wiadomosci\/centrum-handlowe-auchan-w-gliwicach-sprzedane-nowym-wlascicielem-zostala-wegierska-spolka\/#article","isPartOf":{"@id":"https:\/\/www.24gliwice.pl\/wiadomosci\/centrum-handlowe-auchan-w-gliwicach-sprzedane-nowym-wlascicielem-zostala-wegierska-spolka\/"},"author":{"name":"\u017baneta Mrozek-Siewierska","@id":"https:\/\/www.24gliwice.pl\/wiadomosci\/#\/schema\/person\/e42c650edd7f2fa332be3811fb166b6e"},"headline":"Centrum handlowe Auchan w Gliwicach sprzedane. Nowym w\u0142a\u015bcicielem zosta\u0142a w\u0119gierska sp\u00f3\u0142ka","datePublished":"2026-03-11T23:40:35+00:00","mainEntityOfPage":{"@id":"https:\/\/www.24gliwice.pl\/wiadomosci\/centrum-handlowe-auchan-w-gliwicach-sprzedane-nowym-wlascicielem-zostala-wegierska-spolka\/"},"wordCount":644,"commentCount":12,"publisher":{"@id":"https:\/\/www.24gliwice.pl\/wiadomosci\/#organization"},"image":{"@id":"https:\/\/www.24gliwice.pl\/wiadomosci\/centrum-handlowe-auchan-w-gliwicach-sprzedane-nowym-wlascicielem-zostala-wegierska-spolka\/#primaryimage"},"thumbnailUrl":"https:\/\/www.24gliwice.pl\/wiadomosci\/wp-content\/uploads\/2026\/03\/ch-auchan2.jpg","keywords":["CH AUCHAN","SHOPPER PARK PLUS"],"articleSection":["Gliwice","Najnowsze wiadomo\u015bci","Portal Gliwice - Wiadomo\u015bci lokalne"],"inLanguage":"pl-PL","potentialAction":[{"@type":"CommentAction","name":"Comment","target":["https:\/\/www.24gliwice.pl\/wiadomosci\/centrum-handlowe-auchan-w-gliwicach-sprzedane-nowym-wlascicielem-zostala-wegierska-spolka\/#respond"]}]},{"@type":"WebPage","@id":"https:\/\/www.24gliwice.pl\/wiadomosci\/centrum-handlowe-auchan-w-gliwicach-sprzedane-nowym-wlascicielem-zostala-wegierska-spolka\/","url":"https:\/\/www.24gliwice.pl\/wiadomosci\/centrum-handlowe-auchan-w-gliwicach-sprzedane-nowym-wlascicielem-zostala-wegierska-spolka\/","name":"Centrum handlowe Auchan w Gliwicach sprzedane. Nowym w\u0142a\u015bcicielem zosta\u0142a w\u0119gierska sp\u00f3\u0142ka - 24GLIWICE - Portal Gliwice | codziennie nowe informacje","isPartOf":{"@id":"https:\/\/www.24gliwice.pl\/wiadomosci\/#website"},"primaryImageOfPage":{"@id":"https:\/\/www.24gliwice.pl\/wiadomosci\/centrum-handlowe-auchan-w-gliwicach-sprzedane-nowym-wlascicielem-zostala-wegierska-spolka\/#primaryimage"},"image":{"@id":"https:\/\/www.24gliwice.pl\/wiadomosci\/centrum-handlowe-auchan-w-gliwicach-sprzedane-nowym-wlascicielem-zostala-wegierska-spolka\/#primaryimage"},"thumbnailUrl":"https:\/\/www.24gliwice.pl\/wiadomosci\/wp-content\/uploads\/2026\/03\/ch-auchan2.jpg","datePublished":"2026-03-11T23:40:35+00:00","description":"CH Auchan zmieni\u0142o w\u0142a\u015bciciela - w\u0119gierska sp\u00f3\u0142ka Shopper Park Plus przej\u0119\u0142a 8 centr\u00f3w handlowych w Polsce. Nie oznacza to zmian dla klient\u00f3w","breadcrumb":{"@id":"https:\/\/www.24gliwice.pl\/wiadomosci\/centrum-handlowe-auchan-w-gliwicach-sprzedane-nowym-wlascicielem-zostala-wegierska-spolka\/#breadcrumb"},"inLanguage":"pl-PL","potentialAction":[{"@type":"ReadAction","target":["https:\/\/www.24gliwice.pl\/wiadomosci\/centrum-handlowe-auchan-w-gliwicach-sprzedane-nowym-wlascicielem-zostala-wegierska-spolka\/"]}]},{"@type":"ImageObject","inLanguage":"pl-PL","@id":"https:\/\/www.24gliwice.pl\/wiadomosci\/centrum-handlowe-auchan-w-gliwicach-sprzedane-nowym-wlascicielem-zostala-wegierska-spolka\/#primaryimage","url":"https:\/\/www.24gliwice.pl\/wiadomosci\/wp-content\/uploads\/2026\/03\/ch-auchan2.jpg","contentUrl":"https:\/\/www.24gliwice.pl\/wiadomosci\/wp-content\/uploads\/2026\/03\/ch-auchan2.jpg","width":810,"height":456},{"@type":"BreadcrumbList","@id":"https:\/\/www.24gliwice.pl\/wiadomosci\/centrum-handlowe-auchan-w-gliwicach-sprzedane-nowym-wlascicielem-zostala-wegierska-spolka\/#breadcrumb","itemListElement":[{"@type":"ListItem","position":1,"name":"Strona g\u0142\u00f3wna","item":"https:\/\/www.24gliwice.pl\/wiadomosci\/"},{"@type":"ListItem","position":2,"name":"Centrum handlowe Auchan w Gliwicach sprzedane. Nowym w\u0142a\u015bcicielem zosta\u0142a w\u0119gierska sp\u00f3\u0142ka"}]},{"@type":"WebSite","@id":"https:\/\/www.24gliwice.pl\/wiadomosci\/#website","url":"https:\/\/www.24gliwice.pl\/wiadomosci\/","name":"24GLIWICE - Portal Gliwice | codziennie nowe wiadomo\u015bci","description":"Portal Miejski Gliwice","publisher":{"@id":"https:\/\/www.24gliwice.pl\/wiadomosci\/#organization"},"potentialAction":[{"@type":"SearchAction","target":{"@type":"EntryPoint","urlTemplate":"https:\/\/www.24gliwice.pl\/wiadomosci\/?s={search_term_string}"},"query-input":{"@type":"PropertyValueSpecification","valueRequired":true,"valueName":"search_term_string"}}],"inLanguage":"pl-PL"},{"@type":"Organization","@id":"https:\/\/www.24gliwice.pl\/wiadomosci\/#organization","name":"24gliwice","url":"https:\/\/www.24gliwice.pl\/wiadomosci\/","logo":{"@type":"ImageObject","inLanguage":"pl-PL","@id":"https:\/\/www.24gliwice.pl\/wiadomosci\/#\/schema\/logo\/image\/","url":"https:\/\/www.24gliwice.pl\/wiadomosci\/wp-content\/uploads\/2024\/10\/24gliwice-logo-696.jpg","contentUrl":"https:\/\/www.24gliwice.pl\/wiadomosci\/wp-content\/uploads\/2024\/10\/24gliwice-logo-696.jpg","width":696,"height":696,"caption":"24gliwice"},"image":{"@id":"https:\/\/www.24gliwice.pl\/wiadomosci\/#\/schema\/logo\/image\/"},"sameAs":["https:\/\/www.facebook.com\/24gliwice","https:\/\/x.com\/24gliwice","https:\/\/www.youtube.com\/@24gliwice"]},{"@type":"Person","@id":"https:\/\/www.24gliwice.pl\/wiadomosci\/#\/schema\/person\/e42c650edd7f2fa332be3811fb166b6e","name":"\u017baneta Mrozek-Siewierska","image":{"@type":"ImageObject","inLanguage":"pl-PL","@id":"https:\/\/secure.gravatar.com\/avatar\/1881429e9c64597c77ad7aef2d0a19be69a3253e57534d16aa15bf3a4d34a0a3?s=96&d=mm&r=g","url":"https:\/\/secure.gravatar.com\/avatar\/1881429e9c64597c77ad7aef2d0a19be69a3253e57534d16aa15bf3a4d34a0a3?s=96&d=mm&r=g","contentUrl":"https:\/\/secure.gravatar.com\/avatar\/1881429e9c64597c77ad7aef2d0a19be69a3253e57534d16aa15bf3a4d34a0a3?s=96&d=mm&r=g","caption":"\u017baneta Mrozek-Siewierska"},"url":"https:\/\/www.24gliwice.pl\/wiadomosci\/author\/zms\/"}]}},"_links":{"self":[{"href":"https:\/\/www.24gliwice.pl\/wiadomosci\/wp-json\/wp\/v2\/posts\/267686","targetHints":{"allow":["GET"]}}],"collection":[{"href":"https:\/\/www.24gliwice.pl\/wiadomosci\/wp-json\/wp\/v2\/posts"}],"about":[{"href":"https:\/\/www.24gliwice.pl\/wiadomosci\/wp-json\/wp\/v2\/types\/post"}],"author":[{"embeddable":true,"href":"https:\/\/www.24gliwice.pl\/wiadomosci\/wp-json\/wp\/v2\/users\/15"}],"replies":[{"embeddable":true,"href":"https:\/\/www.24gliwice.pl\/wiadomosci\/wp-json\/wp\/v2\/comments?post=267686"}],"version-history":[{"count":0,"href":"https:\/\/www.24gliwice.pl\/wiadomosci\/wp-json\/wp\/v2\/posts\/267686\/revisions"}],"wp:featuredmedia":[{"embeddable":true,"href":"https:\/\/www.24gliwice.pl\/wiadomosci\/wp-json\/wp\/v2\/media\/267712"}],"wp:attachment":[{"href":"https:\/\/www.24gliwice.pl\/wiadomosci\/wp-json\/wp\/v2\/media?parent=267686"}],"wp:term":[{"taxonomy":"category","embeddable":true,"href":"https:\/\/www.24gliwice.pl\/wiadomosci\/wp-json\/wp\/v2\/categories?post=267686"},{"taxonomy":"post_tag","embeddable":true,"href":"https:\/\/www.24gliwice.pl\/wiadomosci\/wp-json\/wp\/v2\/tags?post=267686"}],"curies":[{"name":"wp","href":"https:\/\/api.w.org\/{rel}","templated":true}]}}